{"id":101928,"date":"2026-04-19T10:22:19","date_gmt":"2026-04-19T08:22:19","guid":{"rendered":"https:\/\/now-news.de\/de\/deutschland\/geldstrafe-fuer-afd-politiker-wegen-teilens-von-asow-wolfsangel\/"},"modified":"2026-04-19T10:22:19","modified_gmt":"2026-04-19T08:22:19","slug":"geldstrafe-fuer-afd-politiker-wegen-teilens-von-asow-wolfsangel","status":"publish","type":"post","link":"https:\/\/now-news.de\/de\/deutschland\/geldstrafe-fuer-afd-politiker-wegen-teilens-von-asow-wolfsangel\/","title":{"rendered":"Geldstrafe f\u00fcr AfD-Politiker wegen Teilens von Asow-Wolfsangel"},"content":{"rendered":"<p><img decoding=\"async\" src=\"https:\/\/now-news.de\/de\/wp-content\/uploads\/sites\/3\/2026\/04\/69e4880648fbef3afa76d2a2.jpg\" \/><\/p>\n<div class=\"Text-root Text-type_1 \">\n                Das Amtsgericht Wuppertal hat den AfD-Regionalpolitiker Tim Schramm mit einer Geldstrafe von 1.200 Euro belegt. Schramm hatte ein Bild repostet, das einen ukrainischen Asow-K\u00e4mpfer mit dem typischen Wolfsangel-Emblem zeigte.\n            <\/div>\n<p><\/p>\n<div class=\"Text-root Text-type_5 ArticleView-text ViewText-root \">\n<p>Das Reposten eines Bildes kommt den AfD-Jungpolitiker und Wuppertaler Stadtrat Tim Schramm teuer zu stehen. Medienberichten zufolge hatte er im Dezember 2025 eine Abbildung von Fackeltr\u00e4gern des ukrainischen Asow-Bataillons geteilt. Darauf gut erkennbar: Das ber\u00fcchtigte Wolfsangel-Symbol dieser milit\u00e4rischen Einheit. Nun kommt die Quittung f\u00fcr den fr\u00fcheren Ukraine-K\u00e4mpfer: Nach einer Anzeige wegen Verwendung von Kennzeichen verfassungswidriger Organisationen belegte das Amtsgericht Wuppertal Schramm mit einer Geldstrafe von 1.200 Euro. <a rel=\"nofollow noopener\" target=\"_blank\" href=\"https:\/\/x.com\/ogschrammi\/status\/2045523086364028978\">X-Posts<\/a> von Schramm selbst\u00a0<a rel=\"nofollow noopener\" target=\"_blank\" href=\"https:\/\/x.com\/jungefreiheit\/status\/2045457744769994831\/quotes\">best\u00e4tigen<\/a>\u00a0den Strafbefehl.<\/p>\n<p>Demnach handelt es sich um einen Repost des teilweise in Russland lebenden irischen Journalisten Chay Bowes, der das Asow-Bild auf X <a rel=\"nofollow noopener\" target=\"_blank\" href=\"https:\/\/x.com\/BowesChay\/status\/1996628392637346021?ref_src=twsrc%5Etfw%7Ctwcamp%5Etweetembed%7Ctwterm%5E1996715361308385396%7Ctwgr%5E44b7dca471d185ce52917cf36712e05b2fa8d359%7Ctwcon%5Es3_&amp;ref_url=https%3A%2F%2Fapollo-news.net%2Ffoto-von-ukrainischen-asow-kmpfern-repostet-afd-politiker-und-ukraine-kmpfer-droht-40-000-euro-strafe%2F\">ver\u00f6ffentlicht hatte<\/a> \u2013 versehen mit einer Warnung vor der Gefahr, die die Ukraine seiner Ansicht nach f\u00fcr Europa darstelle. Was Schramm dazu veranlasste, den Beitrag mit den Worten <a rel=\"nofollow noopener\" target=\"_blank\" href=\"https:\/\/x.com\/ogschrammi\/status\/1996715361308385396?ref_src=twsrc%5Etfw%7Ctwcamp%5Etweetembed%7Ctwterm%5E1996715361308385396%7Ctwgr%5Ec49eb692d6e7305651d034184b249bc892a68447%7Ctwcon%5Es1_&amp;ref_url=https%3A%2F%2Fapollo-news.net%2Ffoto-von-ukrainischen-asow-kmpfern-repostet-afd-politiker-und-ukraine-kmpfer-droht-40-000-euro-strafe%2F\">zu teilen<\/a> :<\/p>\n<p><em>&#8220;Hyperstabiles Foto. Wir Deutschen k\u00f6nnen viel von der ukrainischen Nationalbewegung lernen!&#8221;<\/em><\/p>\n<p>Eine Stellungnahme, die dem Wuppertaler jetzt juristische Scherereien einbrachte.<\/p>\n<p>Die Rechtslage ist kompliziert. Das Amtsgericht wirft Schramm laut Medienberichten vor, ihm sei bei der Ver\u00f6ffentlichung seines X-Beitrags bewusst gewesen, &#8220;dass es sich bei dem Symbol der Wolfsangel um ein Kennzeichen verschiedener nationalsozialistischer Organisationen handelt.&#8221; Tats\u00e4chlich gebrauchten NS-Organisationen wie SS, Hitler-Jugend und Werwolf dieses Symbol. Zugleich erscheint es allerdings auch auf alten Vereins- und Stadtwappen und ist dann nicht strafbar, wie der Verfassungsschutz auf seiner Homepage <a rel=\"nofollow noopener\" target=\"_blank\" href=\"https:\/\/www.verfassungsschutz.de\/DE\/themen\/rechtsextremismus\/verbotsmassnahmen\/verbotsmassnahmen_node.html\">betont<\/a> . Die Strafbarkeit bezieht sich auf die Verbindung mit einer verbotenen Organisation.<\/p>\n<p>Schramm hat, wie er gegen\u00fcber der Wochenzeitschrift <em>Junge Freiheit<\/em>\u00a0<em>(JF)<\/em> erkl\u00e4rte, Widerspruch gegen den Strafbefehl eingelegt. In seinem Einspruchsschreiben widersprach er der Beurteilung des Amtsgerichts, er habe auf X Bezug auf eine nationalsozialistische Organisation genommen. Vielmehr sei es ihm um eine Stellungnahme zum gegenw\u00e4rtigen geopolitischen Geschehen gegangen. Konkret sei er auf einen &#8220;Propagandisten aus Russland&#8221; eingegangen, beteuerte er gegen\u00fcber der <em>JF<\/em> und bezeichnete den Strafbefehl als absurd und als politische Verfolgung.<\/p>\n<p>Schramm argumentierte, dass es \u2013 w\u00e4re er bei den Gr\u00fcnen und nicht bei der AfD \u2013 nicht zu Anzeige und Strafbefehl gekommen w\u00e4re, und wies auf die Diskrepanz im BRD-Vorgehen hin:<\/p>\n<p><em>&#8220;Es kann ja nicht wahr sein, dass es in der Bundesrepublik verboten ist, das Emblem einer Einheit zu zeigen, der wir Waffen und Geld schicken, die in Deutschland Rekrutierungsveranstaltungen abhalten d\u00fcrfen und die in Deutschland von der Bundeswehr empfangen wird und w\u00e4hrenddessen dieses Emblem tr\u00e4gt.&#8221;<\/em><\/p>\n<p>Ein weiteres Argument Schramms: Die Gr\u00fcne Bundestagsfraktion h\u00e4tte im Mai 2025 K\u00e4mpfer der Asow-Brigade sogar in den Bundestag eingeladen (<em>RT DE<\/em>\u00a0<a rel=\"nofollow noopener\" target=\"_blank\" href=\"https:\/\/freedert.online\/inland\/245961-mit-danke-an-gruenen-bundestag-hofiert-asow-nazis\/\">berichtete<\/a>). Tats\u00e4chlich zeigen sowohl <a rel=\"nofollow noopener\" target=\"_blank\" href=\"https:\/\/www.wsws.org\/de\/articles\/2025\/05\/15\/etwl-m15.html\">Bundeswehr-Angeh\u00f6rige<\/a> als auch deutsche Politiker immer wieder eine erstaunliche Anh\u00e4nglichkeit an diese rechtsextreme Milit\u00e4reinheit.<\/p>\n<p>Der in den rechts-konservativen Medien sehr pr\u00e4sente und teilweise gefeierte Tim Schramm absolvierte im Fr\u00fchjahr vergangenen Jahres einen Kampfeinsatz bei der ukrainischen Armee und f\u00e4hrt auch heute Hilfslieferungen zu seiner ehemaligen Einheit. Innerparteilich ist er umstritten: Die nordrhein-westf\u00e4lische AfD <a rel=\"nofollow noopener\" target=\"_blank\" href=\"https:\/\/freedert.online\/meinung\/250772-nach-kampfeinsatz-als-soeldner-fuer-ukraine-tim-schramm-afd-droht-parteiausschluss\/\">verh\u00e4ngte<\/a> ein Parteiausschlussverfahren gegen ihn, ein AfD-Schiedsgericht <a rel=\"nofollow noopener\" target=\"_blank\" href=\"https:\/\/freedert.online\/inland\/263236-parteikaempfe-im-fall-schramm-erst-erneuter-entzug-dann-wiederherstellung-mitgliedsrechte\/\">hob<\/a> den Entzug der Mitgliedsrechte Schramms im November 2025\u00a0aber wieder auf.<\/p>\n<p><strong>Mehr zum Thema &#8211;<\/strong>\u00a0<a rel=\"nofollow noopener\" target=\"_blank\" href=\"https:\/\/freedert.online\/inland\/260819-wichtiges-urteil-fuer-meinungsfreiheit-aktivistin-durfte-symbole-ukrainischer-nazis-zeige\/\">Urteil f\u00fcr die Meinungsfreiheit: Friedensaktivistin durfte Symbole ukrainischer Nazis zeigen<\/a><\/p>\n<div class=\"EmbedBlock-root EmbedBlock-externalVideo EmbedBlock-vk\">\n<div class=\"VkEmbed\"><iframe class=\"lazyload\" data-src=\"https:\/\/vk.com\/video_ext.php?oid=-134310637&amp;id=456278478\" frameborder=\"0\" width=\"853\" height=\"480\" allowfullscreen><\/iframe><\/div>\n<\/div>\n<\/div>\n<p><br \/>\n<br \/><a href=\"https:\/\/de.rt.com\/inland\/277598-geldstrafe-fuer-afd-politiker-wegen-asow-wolfsangel\/\">Source link <\/a><\/p>\n","protected":false},"excerpt":{"rendered":"<p>Das Amtsgericht Wuppertal hat den AfD-Regionalpolitiker Tim Schramm mit einer Geldstrafe von 1.200 Euro belegt. Schramm hatte ein Bild repostet, das einen ukrainischen Asow-K\u00e4mpfer mit dem typischen Wolfsangel-Emblem zeigte. Das Reposten eines Bildes kommt den AfD-Jungpolitiker und Wuppertaler Stadtrat Tim Schramm teuer zu stehen. Medienberichten zufolge hatte er im Dezember 2025 eine Abbildung von Fackeltr\u00e4gern [&hellip;]<\/p>\n","protected":false},"author":3,"featured_media":101929,"comment_status":"open","ping_status":"open","sticky":false,"template":"","format":"standard","meta":{"_yoast_indexnow_last_ping":["1776587229"],"wp_automatic_camp":["217"],"794be0104b5df636ef6948781f25ef01":["Geldstrafe f\u00fcr AfD-Politiker wegen Teilens von Asow-Wolfsangel"],"original_link":["https:\/\/de.rt.com\/inland\/277598-geldstrafe-fuer-afd-politiker-wegen-asow-wolfsangel\/"],"_thumbnail_id":["101929"],"jnews_social_counter_last_update":["1777726790"],"_wptgpro_p2tg_sent2tg":["a:1:{i:23737;s:19:\"2026-04-19 10:28:10\";}"]},"categories":[19,23],"tags":[38951,72471,221,9994,55912,50,145],"yoast_head":"<!-- This site is optimized with the Yoast SEO Premium plugin v22.7 (Yoast SEO v22.7) - https:\/\/yoast.com\/wordpress\/plugins\/seo\/ -->\n<title>Geldstrafe f\u00fcr AfD-Politiker wegen Teilens von Asow-Wolfsangel - just-now.NEWS Deutschland<\/title>\n<meta name=\"robots\" content=\"index, follow, max-snippet:-1, max-image-preview:large, max-video-preview:-1\" \/>\n<link rel=\"canonical\" href=\"https:\/\/now-news.de\/de\/deutschland\/geldstrafe-fuer-afd-politiker-wegen-teilens-von-asow-wolfsangel\/\" \/>\n<meta property=\"og:locale\" content=\"de_DE\" \/>\n<meta property=\"og:type\" content=\"article\" \/>\n<meta property=\"og:title\" content=\"Geldstrafe f\u00fcr AfD-Politiker wegen Teilens von Asow-Wolfsangel\" \/>\n<meta property=\"og:description\" content=\"Das Amtsgericht Wuppertal hat den AfD-Regionalpolitiker Tim Schramm mit einer Geldstrafe von 1.200 Euro belegt. Schramm hatte ein Bild repostet, das einen ukrainischen Asow-K\u00e4mpfer mit dem typischen Wolfsangel-Emblem zeigte. Das Reposten eines Bildes kommt den AfD-Jungpolitiker und Wuppertaler Stadtrat Tim Schramm teuer zu stehen. Medienberichten zufolge hatte er im Dezember 2025 eine Abbildung von Fackeltr\u00e4gern [&hellip;]\" \/>\n<meta property=\"og:url\" content=\"https:\/\/now-news.de\/de\/deutschland\/geldstrafe-fuer-afd-politiker-wegen-teilens-von-asow-wolfsangel\/\" \/>\n<meta property=\"og:site_name\" content=\"just-now.NEWS Deutschland\" \/>\n<meta property=\"article:publisher\" content=\"https:\/\/www.facebook.com\/wirmachenauf\" \/>\n<meta property=\"article:published_time\" content=\"2026-04-19T08:22:19+00:00\" \/>\n<meta property=\"og:image\" content=\"https:\/\/now-news.de\/de\/wp-content\/uploads\/sites\/3\/2026\/04\/69e4880648fbef3afa76d2a2.jpg\" \/>\n<meta name=\"author\" content=\"rtnews\" \/>\n<meta name=\"twitter:card\" content=\"summary_large_image\" \/>\n<meta name=\"twitter:creator\" content=\"@WirMachenAuf_de\" \/>\n<meta name=\"twitter:site\" content=\"@WirMachenAuf_de\" \/>\n<meta name=\"twitter:label1\" content=\"Verfasst von\" \/>\n\t<meta name=\"twitter:data1\" content=\"rtnews\" \/>\n\t<meta name=\"twitter:label2\" content=\"Gesch\u00e4tzte Lesezeit\" \/>\n\t<meta name=\"twitter:data2\" content=\"3\u00a0Minuten\" \/>\n<script type=\"application\/ld+json\" class=\"yoast-schema-graph\">{\"@context\":\"https:\/\/schema.org\",\"@graph\":[{\"@type\":\"Article\",\"@id\":\"https:\/\/now-news.de\/de\/deutschland\/geldstrafe-fuer-afd-politiker-wegen-teilens-von-asow-wolfsangel\/#article\",\"isPartOf\":{\"@id\":\"https:\/\/now-news.de\/de\/deutschland\/geldstrafe-fuer-afd-politiker-wegen-teilens-von-asow-wolfsangel\/\"},\"author\":{\"name\":\"rtnews\",\"@id\":\"https:\/\/now-news.de\/de\/#\/schema\/person\/fb534a4e865501d8b3285208df34a9b5\"},\"headline\":\"Geldstrafe f\u00fcr AfD-Politiker wegen Teilens von Asow-Wolfsangel\",\"datePublished\":\"2026-04-19T08:22:19+00:00\",\"dateModified\":\"2026-04-19T08:22:19+00:00\",\"mainEntityOfPage\":{\"@id\":\"https:\/\/now-news.de\/de\/deutschland\/geldstrafe-fuer-afd-politiker-wegen-teilens-von-asow-wolfsangel\/\"},\"wordCount\":549,\"commentCount\":0,\"publisher\":{\"@id\":\"https:\/\/now-news.de\/de\/#organization\"},\"image\":{\"@id\":\"https:\/\/now-news.de\/de\/deutschland\/geldstrafe-fuer-afd-politiker-wegen-teilens-von-asow-wolfsangel\/#primaryimage\"},\"thumbnailUrl\":\"https:\/\/now-news.de\/de\/wp-content\/uploads\/sites\/3\/Geldstrafe-fuer-AfD-Politiker-wegen-Teilens-von-Asow-Wolfsangel.jpg\",\"keywords\":[\"AfDPolitiker\",\"AsowWolfsangel\",\"f\u00fcr\",\"Geldstrafe\",\"Teilens\",\"von\",\"wegen\"],\"articleSection\":[\"Deutschland\",\"Russland\"],\"inLanguage\":\"de\",\"potentialAction\":[{\"@type\":\"CommentAction\",\"name\":\"Comment\",\"target\":[\"https:\/\/now-news.de\/de\/deutschland\/geldstrafe-fuer-afd-politiker-wegen-teilens-von-asow-wolfsangel\/#respond\"]}]},{\"@type\":\"WebPage\",\"@id\":\"https:\/\/now-news.de\/de\/deutschland\/geldstrafe-fuer-afd-politiker-wegen-teilens-von-asow-wolfsangel\/\",\"url\":\"https:\/\/now-news.de\/de\/deutschland\/geldstrafe-fuer-afd-politiker-wegen-teilens-von-asow-wolfsangel\/\",\"name\":\"Geldstrafe f\u00fcr AfD-Politiker wegen Teilens von Asow-Wolfsangel - just-now.NEWS Deutschland\",\"isPartOf\":{\"@id\":\"https:\/\/now-news.de\/de\/#website\"},\"primaryImageOfPage\":{\"@id\":\"https:\/\/now-news.de\/de\/deutschland\/geldstrafe-fuer-afd-politiker-wegen-teilens-von-asow-wolfsangel\/#primaryimage\"},\"image\":{\"@id\":\"https:\/\/now-news.de\/de\/deutschland\/geldstrafe-fuer-afd-politiker-wegen-teilens-von-asow-wolfsangel\/#primaryimage\"},\"thumbnailUrl\":\"https:\/\/now-news.de\/de\/wp-content\/uploads\/sites\/3\/Geldstrafe-fuer-AfD-Politiker-wegen-Teilens-von-Asow-Wolfsangel.jpg\",\"datePublished\":\"2026-04-19T08:22:19+00:00\",\"dateModified\":\"2026-04-19T08:22:19+00:00\",\"breadcrumb\":{\"@id\":\"https:\/\/now-news.de\/de\/deutschland\/geldstrafe-fuer-afd-politiker-wegen-teilens-von-asow-wolfsangel\/#breadcrumb\"},\"inLanguage\":\"de\",\"potentialAction\":[{\"@type\":\"ReadAction\",\"target\":[\"https:\/\/now-news.de\/de\/deutschland\/geldstrafe-fuer-afd-politiker-wegen-teilens-von-asow-wolfsangel\/\"]}]},{\"@type\":\"ImageObject\",\"inLanguage\":\"de\",\"@id\":\"https:\/\/now-news.de\/de\/deutschland\/geldstrafe-fuer-afd-politiker-wegen-teilens-von-asow-wolfsangel\/#primaryimage\",\"url\":\"https:\/\/now-news.de\/de\/wp-content\/uploads\/sites\/3\/Geldstrafe-fuer-AfD-Politiker-wegen-Teilens-von-Asow-Wolfsangel.jpg\",\"contentUrl\":\"https:\/\/now-news.de\/de\/wp-content\/uploads\/sites\/3\/Geldstrafe-fuer-AfD-Politiker-wegen-Teilens-von-Asow-Wolfsangel.jpg\",\"caption\":\"Geldstrafe f\u00fcr AfD-Politiker wegen Teilens von Asow-Wolfsangel\"},{\"@type\":\"BreadcrumbList\",\"@id\":\"https:\/\/now-news.de\/de\/deutschland\/geldstrafe-fuer-afd-politiker-wegen-teilens-von-asow-wolfsangel\/#breadcrumb\",\"itemListElement\":[{\"@type\":\"ListItem\",\"position\":1,\"name\":\"Home\",\"item\":\"https:\/\/now-news.de\/de\/\"},{\"@type\":\"ListItem\",\"position\":2,\"name\":\"Geldstrafe f\u00fcr AfD-Politiker wegen Teilens von Asow-Wolfsangel\"}]},{\"@type\":\"WebSite\",\"@id\":\"https:\/\/now-news.de\/de\/#website\",\"url\":\"https:\/\/now-news.de\/de\/\",\"name\":\"just-now.NEWS Deutschland\",\"description\":\"Das Portal f\u00fcr unzensierte Nachrichten aus der Welt\",\"publisher\":{\"@id\":\"https:\/\/now-news.de\/de\/#organization\"},\"potentialAction\":[{\"@type\":\"SearchAction\",\"target\":{\"@type\":\"EntryPoint\",\"urlTemplate\":\"https:\/\/now-news.de\/de\/?s={search_term_string}\"},\"query-input\":\"required name=search_term_string\"}],\"inLanguage\":\"de\"},{\"@type\":\"Organization\",\"@id\":\"https:\/\/now-news.de\/de\/#organization\",\"name\":\"Just Now News\",\"url\":\"https:\/\/now-news.de\/de\/\",\"logo\":{\"@type\":\"ImageObject\",\"inLanguage\":\"de\",\"@id\":\"https:\/\/now-news.de\/de\/#\/schema\/logo\/image\/\",\"url\":\"http:\/\/just-now.news\/de\/wp-content\/uploads\/sites\/3\/2022\/04\/logo500x500.jpg\",\"contentUrl\":\"http:\/\/just-now.news\/de\/wp-content\/uploads\/sites\/3\/2022\/04\/logo500x500.jpg\",\"width\":500,\"height\":500,\"caption\":\"Just Now News\"},\"image\":{\"@id\":\"https:\/\/now-news.de\/de\/#\/schema\/logo\/image\/\"},\"sameAs\":[\"https:\/\/www.facebook.com\/wirmachenauf\",\"https:\/\/x.com\/WirMachenAuf_de\"]},{\"@type\":\"Person\",\"@id\":\"https:\/\/now-news.de\/de\/#\/schema\/person\/fb534a4e865501d8b3285208df34a9b5\",\"name\":\"rtnews\",\"image\":{\"@type\":\"ImageObject\",\"inLanguage\":\"de\",\"@id\":\"https:\/\/now-news.de\/de\/#\/schema\/person\/image\/\",\"url\":\"https:\/\/secure.gravatar.com\/avatar\/82aafea7d8127119dd649515f56e2117?s=96&d=mm&r=g\",\"contentUrl\":\"https:\/\/secure.gravatar.com\/avatar\/82aafea7d8127119dd649515f56e2117?s=96&d=mm&r=g\",\"caption\":\"rtnews\"},\"url\":\"https:\/\/now-news.de\/de\/author\/rnews\/\"}]}<\/script>\n<!-- \/ Yoast SEO Premium plugin. -->","yoast_head_json":{"title":"Geldstrafe f\u00fcr AfD-Politiker wegen Teilens von Asow-Wolfsangel - just-now.NEWS Deutschland","robots":{"index":"index","follow":"follow","max-snippet":"max-snippet:-1","max-image-preview":"max-image-preview:large","max-video-preview":"max-video-preview:-1"},"canonical":"https:\/\/now-news.de\/de\/deutschland\/geldstrafe-fuer-afd-politiker-wegen-teilens-von-asow-wolfsangel\/","og_locale":"de_DE","og_type":"article","og_title":"Geldstrafe f\u00fcr AfD-Politiker wegen Teilens von Asow-Wolfsangel","og_description":"Das Amtsgericht Wuppertal hat den AfD-Regionalpolitiker Tim Schramm mit einer Geldstrafe von 1.200 Euro belegt. Schramm hatte ein Bild repostet, das einen ukrainischen Asow-K\u00e4mpfer mit dem typischen Wolfsangel-Emblem zeigte. Das Reposten eines Bildes kommt den AfD-Jungpolitiker und Wuppertaler Stadtrat Tim Schramm teuer zu stehen. Medienberichten zufolge hatte er im Dezember 2025 eine Abbildung von Fackeltr\u00e4gern [&hellip;]","og_url":"https:\/\/now-news.de\/de\/deutschland\/geldstrafe-fuer-afd-politiker-wegen-teilens-von-asow-wolfsangel\/","og_site_name":"just-now.NEWS Deutschland","article_publisher":"https:\/\/www.facebook.com\/wirmachenauf","article_published_time":"2026-04-19T08:22:19+00:00","og_image":[{"url":"https:\/\/now-news.de\/de\/wp-content\/uploads\/sites\/3\/2026\/04\/69e4880648fbef3afa76d2a2.jpg"}],"author":"rtnews","twitter_card":"summary_large_image","twitter_creator":"@WirMachenAuf_de","twitter_site":"@WirMachenAuf_de","twitter_misc":{"Verfasst von":"rtnews","Gesch\u00e4tzte Lesezeit":"3\u00a0Minuten"},"schema":{"@context":"https:\/\/schema.org","@graph":[{"@type":"Article","@id":"https:\/\/now-news.de\/de\/deutschland\/geldstrafe-fuer-afd-politiker-wegen-teilens-von-asow-wolfsangel\/#article","isPartOf":{"@id":"https:\/\/now-news.de\/de\/deutschland\/geldstrafe-fuer-afd-politiker-wegen-teilens-von-asow-wolfsangel\/"},"author":{"name":"rtnews","@id":"https:\/\/now-news.de\/de\/#\/schema\/person\/fb534a4e865501d8b3285208df34a9b5"},"headline":"Geldstrafe f\u00fcr AfD-Politiker wegen Teilens von Asow-Wolfsangel","datePublished":"2026-04-19T08:22:19+00:00","dateModified":"2026-04-19T08:22:19+00:00","mainEntityOfPage":{"@id":"https:\/\/now-news.de\/de\/deutschland\/geldstrafe-fuer-afd-politiker-wegen-teilens-von-asow-wolfsangel\/"},"wordCount":549,"commentCount":0,"publisher":{"@id":"https:\/\/now-news.de\/de\/#organization"},"image":{"@id":"https:\/\/now-news.de\/de\/deutschland\/geldstrafe-fuer-afd-politiker-wegen-teilens-von-asow-wolfsangel\/#primaryimage"},"thumbnailUrl":"https:\/\/now-news.de\/de\/wp-content\/uploads\/sites\/3\/Geldstrafe-fuer-AfD-Politiker-wegen-Teilens-von-Asow-Wolfsangel.jpg","keywords":["AfDPolitiker","AsowWolfsangel","f\u00fcr","Geldstrafe","Teilens","von","wegen"],"articleSection":["Deutschland","Russland"],"inLanguage":"de","potentialAction":[{"@type":"CommentAction","name":"Comment","target":["https:\/\/now-news.de\/de\/deutschland\/geldstrafe-fuer-afd-politiker-wegen-teilens-von-asow-wolfsangel\/#respond"]}]},{"@type":"WebPage","@id":"https:\/\/now-news.de\/de\/deutschland\/geldstrafe-fuer-afd-politiker-wegen-teilens-von-asow-wolfsangel\/","url":"https:\/\/now-news.de\/de\/deutschland\/geldstrafe-fuer-afd-politiker-wegen-teilens-von-asow-wolfsangel\/","name":"Geldstrafe f\u00fcr AfD-Politiker wegen Teilens von Asow-Wolfsangel - just-now.NEWS Deutschland","isPartOf":{"@id":"https:\/\/now-news.de\/de\/#website"},"primaryImageOfPage":{"@id":"https:\/\/now-news.de\/de\/deutschland\/geldstrafe-fuer-afd-politiker-wegen-teilens-von-asow-wolfsangel\/#primaryimage"},"image":{"@id":"https:\/\/now-news.de\/de\/deutschland\/geldstrafe-fuer-afd-politiker-wegen-teilens-von-asow-wolfsangel\/#primaryimage"},"thumbnailUrl":"https:\/\/now-news.de\/de\/wp-content\/uploads\/sites\/3\/Geldstrafe-fuer-AfD-Politiker-wegen-Teilens-von-Asow-Wolfsangel.jpg","datePublished":"2026-04-19T08:22:19+00:00","dateModified":"2026-04-19T08:22:19+00:00","breadcrumb":{"@id":"https:\/\/now-news.de\/de\/deutschland\/geldstrafe-fuer-afd-politiker-wegen-teilens-von-asow-wolfsangel\/#breadcrumb"},"inLanguage":"de","potentialAction":[{"@type":"ReadAction","target":["https:\/\/now-news.de\/de\/deutschland\/geldstrafe-fuer-afd-politiker-wegen-teilens-von-asow-wolfsangel\/"]}]},{"@type":"ImageObject","inLanguage":"de","@id":"https:\/\/now-news.de\/de\/deutschland\/geldstrafe-fuer-afd-politiker-wegen-teilens-von-asow-wolfsangel\/#primaryimage","url":"https:\/\/now-news.de\/de\/wp-content\/uploads\/sites\/3\/Geldstrafe-fuer-AfD-Politiker-wegen-Teilens-von-Asow-Wolfsangel.jpg","contentUrl":"https:\/\/now-news.de\/de\/wp-content\/uploads\/sites\/3\/Geldstrafe-fuer-AfD-Politiker-wegen-Teilens-von-Asow-Wolfsangel.jpg","caption":"Geldstrafe f\u00fcr AfD-Politiker wegen Teilens von Asow-Wolfsangel"},{"@type":"BreadcrumbList","@id":"https:\/\/now-news.de\/de\/deutschland\/geldstrafe-fuer-afd-politiker-wegen-teilens-von-asow-wolfsangel\/#breadcrumb","itemListElement":[{"@type":"ListItem","position":1,"name":"Home","item":"https:\/\/now-news.de\/de\/"},{"@type":"ListItem","position":2,"name":"Geldstrafe f\u00fcr AfD-Politiker wegen Teilens von Asow-Wolfsangel"}]},{"@type":"WebSite","@id":"https:\/\/now-news.de\/de\/#website","url":"https:\/\/now-news.de\/de\/","name":"just-now.NEWS Deutschland","description":"Das Portal f\u00fcr unzensierte Nachrichten aus der Welt","publisher":{"@id":"https:\/\/now-news.de\/de\/#organization"},"potentialAction":[{"@type":"SearchAction","target":{"@type":"EntryPoint","urlTemplate":"https:\/\/now-news.de\/de\/?s={search_term_string}"},"query-input":"required name=search_term_string"}],"inLanguage":"de"},{"@type":"Organization","@id":"https:\/\/now-news.de\/de\/#organization","name":"Just Now News","url":"https:\/\/now-news.de\/de\/","logo":{"@type":"ImageObject","inLanguage":"de","@id":"https:\/\/now-news.de\/de\/#\/schema\/logo\/image\/","url":"http:\/\/just-now.news\/de\/wp-content\/uploads\/sites\/3\/2022\/04\/logo500x500.jpg","contentUrl":"http:\/\/just-now.news\/de\/wp-content\/uploads\/sites\/3\/2022\/04\/logo500x500.jpg","width":500,"height":500,"caption":"Just Now News"},"image":{"@id":"https:\/\/now-news.de\/de\/#\/schema\/logo\/image\/"},"sameAs":["https:\/\/www.facebook.com\/wirmachenauf","https:\/\/x.com\/WirMachenAuf_de"]},{"@type":"Person","@id":"https:\/\/now-news.de\/de\/#\/schema\/person\/fb534a4e865501d8b3285208df34a9b5","name":"rtnews","image":{"@type":"ImageObject","inLanguage":"de","@id":"https:\/\/now-news.de\/de\/#\/schema\/person\/image\/","url":"https:\/\/secure.gravatar.com\/avatar\/82aafea7d8127119dd649515f56e2117?s=96&d=mm&r=g","contentUrl":"https:\/\/secure.gravatar.com\/avatar\/82aafea7d8127119dd649515f56e2117?s=96&d=mm&r=g","caption":"rtnews"},"url":"https:\/\/now-news.de\/de\/author\/rnews\/"}]}},"_links":{"self":[{"href":"https:\/\/now-news.de\/de\/wp-json\/wp\/v2\/posts\/101928"}],"collection":[{"href":"https:\/\/now-news.de\/de\/wp-json\/wp\/v2\/posts"}],"about":[{"href":"https:\/\/now-news.de\/de\/wp-json\/wp\/v2\/types\/post"}],"author":[{"embeddable":true,"href":"https:\/\/now-news.de\/de\/wp-json\/wp\/v2\/users\/3"}],"replies":[{"embeddable":true,"href":"https:\/\/now-news.de\/de\/wp-json\/wp\/v2\/comments?post=101928"}],"version-history":[{"count":0,"href":"https:\/\/now-news.de\/de\/wp-json\/wp\/v2\/posts\/101928\/revisions"}],"wp:featuredmedia":[{"embeddable":true,"href":"https:\/\/now-news.de\/de\/wp-json\/wp\/v2\/media\/101929"}],"wp:attachment":[{"href":"https:\/\/now-news.de\/de\/wp-json\/wp\/v2\/media?parent=101928"}],"wp:term":[{"taxonomy":"category","embeddable":true,"href":"https:\/\/now-news.de\/de\/wp-json\/wp\/v2\/categories?post=101928"},{"taxonomy":"post_tag","embeddable":true,"href":"https:\/\/now-news.de\/de\/wp-json\/wp\/v2\/tags?post=101928"}],"curies":[{"name":"wp","href":"https:\/\/api.w.org\/{rel}","templated":true}]}}