{"id":101912,"date":"2026-04-18T21:44:00","date_gmt":"2026-04-18T19:44:00","guid":{"rendered":"https:\/\/now-news.de\/de\/deutschland\/us-general-werden-iranische-schiffe-weltweit-ins-visier-nehmen\/"},"modified":"2026-04-18T21:44:00","modified_gmt":"2026-04-18T19:44:00","slug":"us-general-werden-iranische-schiffe-weltweit-ins-visier-nehmen","status":"publish","type":"post","link":"https:\/\/now-news.de\/de\/deutschland\/us-general-werden-iranische-schiffe-weltweit-ins-visier-nehmen\/","title":{"rendered":"US-General: Werden iranische Schiffe weltweit ins Visier nehmen"},"content":{"rendered":"<p><img decoding=\"async\" src=\"https:\/\/now-news.de\/de\/wp-content\/uploads\/sites\/3\/2026\/04\/69e3c2f0b480cc619e44c49b.jpg\" \/><\/p>\n<div class=\"Text-root Text-type_1 \">\n                Teheran warf Washington vor, mit der Bedrohung seines zivilen Handels das V\u00f6lkerrecht zu brechen. Die US Navy warnte, alle Schiffe mit Verbindungen zu Iran k\u00f6nnten geentert und beschlagnahmt werden, wo auch immer man auf sie treffe.\n            <\/div>\n<p><\/p>\n<div class=\"Text-root Text-type_5 ArticleView-text ViewText-root \">\n<p>Die USA haben, sagte der Vorsitzende der Joint Chiefs of Staff (vereinigte Stabschefs) Dan Caine, ihre Blockade der Stra\u00dfe von Hormus ausgeweitet und ihr Milit\u00e4r angewiesen, mit Iran verbundene Schiffe rund um die Welt zu verfolgen.<\/p>\n<p>Washington verk\u00fcndete am Montag, es werde Schiffe am Ansteuern iranischer H\u00e4fen h\u00e4fern, nachdem die Gespr\u00e4che mit den iranischen Vertretern in Pakistan gescheitert waren. Iran schloss die <a rel=\"nofollow noopener\" target=\"_blank\" href=\"https:\/\/www.rt.com\/news\/638457-trump-energy-flows-rewire-luongo\/\">Stra\u00dfe von Hormus<\/a> f\u00fcr die USA und deren Verb\u00fcndete nach dem US-israelischen Angriff auf das Land am 28.\u00a0Februar. Die US-Blockade der bedeutenden Schifffahrtsroute, \u00fcber die etwa 20\u00a0Prozent des international gehandelten Roh\u00f6ls und LNG geliefert werden, versch\u00e4rfte den Druck auf die Weltwirtschaft und lie\u00df die Preise von \u00d6l und Gas explodieren.<\/p>\n<p>US-Truppen, sagte Caine am Freitag zu Journalisten, w\u00fcrden auch au\u00dferhalb des Persischen Golfs &#8220;jedes Schiff unter iranischer Flagge oder jedes Schiff, dass versucht, Iran materielle Unterst\u00fctzung zu liefern, aktiv verfolgen&#8221;.<\/p>\n<p>Der Vorsitzende der Joint Chief of Staff wies besonders auf Eins\u00e4tze im Pazifik hin und sagte laut <em>AP<\/em>, die USA gingen auch gegen Schiffe vor, die die iranischen H\u00e4fen vor Beginn der Blockade verlie\u00dfen.<\/p>\n<p>Am Donnerstag teilte die US Navy in einem Warnhinweis mit, alle Schiffe mit Verbindungen zu Teheran w\u00fcrden &#8220;ungeachtet des Orts aufgesucht, geentert, durchsucht und beschlagnahmt&#8221;.<\/p>\n<p>Sie lieferte eine Liste mit Konterbande, die beschlagnahmt w\u00fcrde, darunter Waffen, Munition, nukleares Material, \u00d6lprodukte, Eisen, Stahl und Aluminium.<\/p>\n<p>Laut dem US Central Command (Centcom) wurden insgesamt seit Verk\u00fcndung der Blockade 14 Schiffe, die Kurs auf die Stra\u00dfe von Hormus hielten, zum Wenden gebracht. Bisher wurde keines der Schiffe geentert.<\/p>\n<p><em>Bloomberg<\/em> berichtete am Freitag, der pakistanische Tanker Shalamar sei das erste Schiff, das seit Montag die Stra\u00dfe von Hormus mit einer Ladung Roh\u00f6l verlassen habe.<\/p>\n<p>Am Donnerstag nannte der iranische UN-Botschafter Amir-Saeid Iravani die US-Blockade einen &#8220;klaren Akt der Aggression&#8221;, und warf Washington vor, das V\u00f6lkerrecht durch die Behinderung rechtm\u00e4\u00dfigen Seehandels zu verletzten.<\/p>\n<p>Am selben Tag warnte Mohsen Rezaei, ein Milit\u00e4rberater des iranischen Obersten F\u00fchrers, Teheran sei bereit, die US-Marine ins Visier zu nehmen, um die Blockade zu brechen. &#8220;Unsere Abschussrampen sind auf die Kriegsschiffe ausgerichtet, und wir versenken sie alle&#8221;, sagte er.<\/p>\n<p><strong>Mehr zum Thema<\/strong>\u00a0\u2014\u00a0<a rel=\"nofollow noopener\" target=\"_blank\" href=\"https:\/\/freedert.online\/der-nahe-osten\/277534-irans-streitkraefte-stellen-militaerkontrolle-ueber\/\">Irans Streitkr\u00e4fte stellen Milit\u00e4rkontrolle \u00fcber Stra\u00dfe von Hormus wieder her <\/a><\/p>\n<div class=\"EmbedBlock-root EmbedBlock-externalVideo EmbedBlock-rumble\">\n<div class=\"VkEmbed\"><iframe class=\"lazyload\" data-src=\"https:\/\/rumble.com\/embed\/v76hh2q\" frameborder=\"0\" width=\"853\" height=\"480\" allowfullscreen><\/iframe><\/div>\n<\/div>\n<\/div>\n<p><br \/>\n<br \/><a href=\"https:\/\/de.rt.com\/der-nahe-osten\/277580-us-general-werden-iranische-schiffe-weltweit-ins-visier-nehmen\/\">Source link <\/a><\/p>\n","protected":false},"excerpt":{"rendered":"<p>Teheran warf Washington vor, mit der Bedrohung seines zivilen Handels das V\u00f6lkerrecht zu brechen. Die US Navy warnte, alle Schiffe mit Verbindungen zu Iran k\u00f6nnten geentert und beschlagnahmt werden, wo auch immer man auf sie treffe. Die USA haben, sagte der Vorsitzende der Joint Chiefs of Staff (vereinigte Stabschefs) Dan Caine, ihre Blockade der Stra\u00dfe [&hellip;]<\/p>\n","protected":false},"author":3,"featured_media":101913,"comment_status":"open","ping_status":"open","sticky":false,"template":"","format":"standard","meta":{"_yoast_indexnow_last_ping":["1776542044"],"wp_automatic_camp":["217"],"79af4d9b42ee0dfbcbb5ae516a3a61a2":["US-General: Werden iranische Schiffe weltweit ins Visier nehmen"],"original_link":["https:\/\/de.rt.com\/der-nahe-osten\/277580-us-general-werden-iranische-schiffe-weltweit-ins-visier-nehmen\/"],"_thumbnail_id":["101913"],"_wptgpro_p2tg_sent2tg":["a:1:{i:23737;s:19:\"2026-04-18 21:55:05\";}"],"jnews_social_counter_last_update":["1777334234"]},"categories":[19,23],"tags":[1678,21348,7299,19901,11767,3523,11625,1040],"yoast_head":"<!-- This site is optimized with the Yoast SEO Premium plugin v22.7 (Yoast SEO v22.7) - https:\/\/yoast.com\/wordpress\/plugins\/seo\/ -->\n<title>US-General: Werden iranische Schiffe weltweit ins Visier nehmen - just-now.NEWS Deutschland<\/title>\n<meta name=\"robots\" content=\"index, follow, max-snippet:-1, max-image-preview:large, max-video-preview:-1\" \/>\n<link rel=\"canonical\" href=\"https:\/\/now-news.de\/de\/deutschland\/us-general-werden-iranische-schiffe-weltweit-ins-visier-nehmen\/\" \/>\n<meta property=\"og:locale\" content=\"de_DE\" \/>\n<meta property=\"og:type\" content=\"article\" \/>\n<meta property=\"og:title\" content=\"US-General: Werden iranische Schiffe weltweit ins Visier nehmen\" \/>\n<meta property=\"og:description\" content=\"Teheran warf Washington vor, mit der Bedrohung seines zivilen Handels das V\u00f6lkerrecht zu brechen. Die US Navy warnte, alle Schiffe mit Verbindungen zu Iran k\u00f6nnten geentert und beschlagnahmt werden, wo auch immer man auf sie treffe. Die USA haben, sagte der Vorsitzende der Joint Chiefs of Staff (vereinigte Stabschefs) Dan Caine, ihre Blockade der Stra\u00dfe [&hellip;]\" \/>\n<meta property=\"og:url\" content=\"https:\/\/now-news.de\/de\/deutschland\/us-general-werden-iranische-schiffe-weltweit-ins-visier-nehmen\/\" \/>\n<meta property=\"og:site_name\" content=\"just-now.NEWS Deutschland\" \/>\n<meta property=\"article:publisher\" content=\"https:\/\/www.facebook.com\/wirmachenauf\" \/>\n<meta property=\"article:published_time\" content=\"2026-04-18T19:44:00+00:00\" \/>\n<meta property=\"og:image\" content=\"https:\/\/now-news.de\/de\/wp-content\/uploads\/sites\/3\/2026\/04\/69e3c2f0b480cc619e44c49b.jpg\" \/>\n<meta name=\"author\" content=\"rtnews\" \/>\n<meta name=\"twitter:card\" content=\"summary_large_image\" \/>\n<meta name=\"twitter:creator\" content=\"@WirMachenAuf_de\" \/>\n<meta name=\"twitter:site\" content=\"@WirMachenAuf_de\" \/>\n<meta name=\"twitter:label1\" content=\"Verfasst von\" \/>\n\t<meta name=\"twitter:data1\" content=\"rtnews\" \/>\n\t<meta name=\"twitter:label2\" content=\"Gesch\u00e4tzte Lesezeit\" \/>\n\t<meta name=\"twitter:data2\" content=\"2\u00a0Minuten\" \/>\n<script type=\"application\/ld+json\" class=\"yoast-schema-graph\">{\"@context\":\"https:\/\/schema.org\",\"@graph\":[{\"@type\":\"Article\",\"@id\":\"https:\/\/now-news.de\/de\/deutschland\/us-general-werden-iranische-schiffe-weltweit-ins-visier-nehmen\/#article\",\"isPartOf\":{\"@id\":\"https:\/\/now-news.de\/de\/deutschland\/us-general-werden-iranische-schiffe-weltweit-ins-visier-nehmen\/\"},\"author\":{\"name\":\"rtnews\",\"@id\":\"https:\/\/now-news.de\/de\/#\/schema\/person\/fb534a4e865501d8b3285208df34a9b5\"},\"headline\":\"US-General: Werden iranische Schiffe weltweit ins Visier nehmen\",\"datePublished\":\"2026-04-18T19:44:00+00:00\",\"dateModified\":\"2026-04-18T19:44:00+00:00\",\"mainEntityOfPage\":{\"@id\":\"https:\/\/now-news.de\/de\/deutschland\/us-general-werden-iranische-schiffe-weltweit-ins-visier-nehmen\/\"},\"wordCount\":435,\"commentCount\":0,\"publisher\":{\"@id\":\"https:\/\/now-news.de\/de\/#organization\"},\"image\":{\"@id\":\"https:\/\/now-news.de\/de\/deutschland\/us-general-werden-iranische-schiffe-weltweit-ins-visier-nehmen\/#primaryimage\"},\"thumbnailUrl\":\"https:\/\/now-news.de\/de\/wp-content\/uploads\/sites\/3\/US-General-Werden-iranische-Schiffe-weltweit-ins-Visier-nehmen.jpg\",\"keywords\":[\"ins\",\"Iranische\",\"nehmen\",\"Schiffe\",\"USGeneral\",\"Visier\",\"weltweit\",\"Werden\"],\"articleSection\":[\"Deutschland\",\"Russland\"],\"inLanguage\":\"de\",\"potentialAction\":[{\"@type\":\"CommentAction\",\"name\":\"Comment\",\"target\":[\"https:\/\/now-news.de\/de\/deutschland\/us-general-werden-iranische-schiffe-weltweit-ins-visier-nehmen\/#respond\"]}]},{\"@type\":\"WebPage\",\"@id\":\"https:\/\/now-news.de\/de\/deutschland\/us-general-werden-iranische-schiffe-weltweit-ins-visier-nehmen\/\",\"url\":\"https:\/\/now-news.de\/de\/deutschland\/us-general-werden-iranische-schiffe-weltweit-ins-visier-nehmen\/\",\"name\":\"US-General: Werden iranische Schiffe weltweit ins Visier nehmen - just-now.NEWS Deutschland\",\"isPartOf\":{\"@id\":\"https:\/\/now-news.de\/de\/#website\"},\"primaryImageOfPage\":{\"@id\":\"https:\/\/now-news.de\/de\/deutschland\/us-general-werden-iranische-schiffe-weltweit-ins-visier-nehmen\/#primaryimage\"},\"image\":{\"@id\":\"https:\/\/now-news.de\/de\/deutschland\/us-general-werden-iranische-schiffe-weltweit-ins-visier-nehmen\/#primaryimage\"},\"thumbnailUrl\":\"https:\/\/now-news.de\/de\/wp-content\/uploads\/sites\/3\/US-General-Werden-iranische-Schiffe-weltweit-ins-Visier-nehmen.jpg\",\"datePublished\":\"2026-04-18T19:44:00+00:00\",\"dateModified\":\"2026-04-18T19:44:00+00:00\",\"breadcrumb\":{\"@id\":\"https:\/\/now-news.de\/de\/deutschland\/us-general-werden-iranische-schiffe-weltweit-ins-visier-nehmen\/#breadcrumb\"},\"inLanguage\":\"de\",\"potentialAction\":[{\"@type\":\"ReadAction\",\"target\":[\"https:\/\/now-news.de\/de\/deutschland\/us-general-werden-iranische-schiffe-weltweit-ins-visier-nehmen\/\"]}]},{\"@type\":\"ImageObject\",\"inLanguage\":\"de\",\"@id\":\"https:\/\/now-news.de\/de\/deutschland\/us-general-werden-iranische-schiffe-weltweit-ins-visier-nehmen\/#primaryimage\",\"url\":\"https:\/\/now-news.de\/de\/wp-content\/uploads\/sites\/3\/US-General-Werden-iranische-Schiffe-weltweit-ins-Visier-nehmen.jpg\",\"contentUrl\":\"https:\/\/now-news.de\/de\/wp-content\/uploads\/sites\/3\/US-General-Werden-iranische-Schiffe-weltweit-ins-Visier-nehmen.jpg\",\"caption\":\"US-General: Werden iranische Schiffe weltweit ins Visier nehmen\"},{\"@type\":\"BreadcrumbList\",\"@id\":\"https:\/\/now-news.de\/de\/deutschland\/us-general-werden-iranische-schiffe-weltweit-ins-visier-nehmen\/#breadcrumb\",\"itemListElement\":[{\"@type\":\"ListItem\",\"position\":1,\"name\":\"Home\",\"item\":\"https:\/\/now-news.de\/de\/\"},{\"@type\":\"ListItem\",\"position\":2,\"name\":\"US-General: Werden iranische Schiffe weltweit ins Visier nehmen\"}]},{\"@type\":\"WebSite\",\"@id\":\"https:\/\/now-news.de\/de\/#website\",\"url\":\"https:\/\/now-news.de\/de\/\",\"name\":\"just-now.NEWS Deutschland\",\"description\":\"Das Portal f\u00fcr unzensierte Nachrichten aus der Welt\",\"publisher\":{\"@id\":\"https:\/\/now-news.de\/de\/#organization\"},\"potentialAction\":[{\"@type\":\"SearchAction\",\"target\":{\"@type\":\"EntryPoint\",\"urlTemplate\":\"https:\/\/now-news.de\/de\/?s={search_term_string}\"},\"query-input\":\"required name=search_term_string\"}],\"inLanguage\":\"de\"},{\"@type\":\"Organization\",\"@id\":\"https:\/\/now-news.de\/de\/#organization\",\"name\":\"Just Now News\",\"url\":\"https:\/\/now-news.de\/de\/\",\"logo\":{\"@type\":\"ImageObject\",\"inLanguage\":\"de\",\"@id\":\"https:\/\/now-news.de\/de\/#\/schema\/logo\/image\/\",\"url\":\"http:\/\/just-now.news\/de\/wp-content\/uploads\/sites\/3\/2022\/04\/logo500x500.jpg\",\"contentUrl\":\"http:\/\/just-now.news\/de\/wp-content\/uploads\/sites\/3\/2022\/04\/logo500x500.jpg\",\"width\":500,\"height\":500,\"caption\":\"Just Now News\"},\"image\":{\"@id\":\"https:\/\/now-news.de\/de\/#\/schema\/logo\/image\/\"},\"sameAs\":[\"https:\/\/www.facebook.com\/wirmachenauf\",\"https:\/\/x.com\/WirMachenAuf_de\"]},{\"@type\":\"Person\",\"@id\":\"https:\/\/now-news.de\/de\/#\/schema\/person\/fb534a4e865501d8b3285208df34a9b5\",\"name\":\"rtnews\",\"image\":{\"@type\":\"ImageObject\",\"inLanguage\":\"de\",\"@id\":\"https:\/\/now-news.de\/de\/#\/schema\/person\/image\/\",\"url\":\"https:\/\/secure.gravatar.com\/avatar\/82aafea7d8127119dd649515f56e2117?s=96&d=mm&r=g\",\"contentUrl\":\"https:\/\/secure.gravatar.com\/avatar\/82aafea7d8127119dd649515f56e2117?s=96&d=mm&r=g\",\"caption\":\"rtnews\"},\"url\":\"https:\/\/now-news.de\/de\/author\/rnews\/\"}]}<\/script>\n<!-- \/ Yoast SEO Premium plugin. -->","yoast_head_json":{"title":"US-General: Werden iranische Schiffe weltweit ins Visier nehmen - just-now.NEWS Deutschland","robots":{"index":"index","follow":"follow","max-snippet":"max-snippet:-1","max-image-preview":"max-image-preview:large","max-video-preview":"max-video-preview:-1"},"canonical":"https:\/\/now-news.de\/de\/deutschland\/us-general-werden-iranische-schiffe-weltweit-ins-visier-nehmen\/","og_locale":"de_DE","og_type":"article","og_title":"US-General: Werden iranische Schiffe weltweit ins Visier nehmen","og_description":"Teheran warf Washington vor, mit der Bedrohung seines zivilen Handels das V\u00f6lkerrecht zu brechen. Die US Navy warnte, alle Schiffe mit Verbindungen zu Iran k\u00f6nnten geentert und beschlagnahmt werden, wo auch immer man auf sie treffe. Die USA haben, sagte der Vorsitzende der Joint Chiefs of Staff (vereinigte Stabschefs) Dan Caine, ihre Blockade der Stra\u00dfe [&hellip;]","og_url":"https:\/\/now-news.de\/de\/deutschland\/us-general-werden-iranische-schiffe-weltweit-ins-visier-nehmen\/","og_site_name":"just-now.NEWS Deutschland","article_publisher":"https:\/\/www.facebook.com\/wirmachenauf","article_published_time":"2026-04-18T19:44:00+00:00","og_image":[{"url":"https:\/\/now-news.de\/de\/wp-content\/uploads\/sites\/3\/2026\/04\/69e3c2f0b480cc619e44c49b.jpg"}],"author":"rtnews","twitter_card":"summary_large_image","twitter_creator":"@WirMachenAuf_de","twitter_site":"@WirMachenAuf_de","twitter_misc":{"Verfasst von":"rtnews","Gesch\u00e4tzte Lesezeit":"2\u00a0Minuten"},"schema":{"@context":"https:\/\/schema.org","@graph":[{"@type":"Article","@id":"https:\/\/now-news.de\/de\/deutschland\/us-general-werden-iranische-schiffe-weltweit-ins-visier-nehmen\/#article","isPartOf":{"@id":"https:\/\/now-news.de\/de\/deutschland\/us-general-werden-iranische-schiffe-weltweit-ins-visier-nehmen\/"},"author":{"name":"rtnews","@id":"https:\/\/now-news.de\/de\/#\/schema\/person\/fb534a4e865501d8b3285208df34a9b5"},"headline":"US-General: Werden iranische Schiffe weltweit ins Visier nehmen","datePublished":"2026-04-18T19:44:00+00:00","dateModified":"2026-04-18T19:44:00+00:00","mainEntityOfPage":{"@id":"https:\/\/now-news.de\/de\/deutschland\/us-general-werden-iranische-schiffe-weltweit-ins-visier-nehmen\/"},"wordCount":435,"commentCount":0,"publisher":{"@id":"https:\/\/now-news.de\/de\/#organization"},"image":{"@id":"https:\/\/now-news.de\/de\/deutschland\/us-general-werden-iranische-schiffe-weltweit-ins-visier-nehmen\/#primaryimage"},"thumbnailUrl":"https:\/\/now-news.de\/de\/wp-content\/uploads\/sites\/3\/US-General-Werden-iranische-Schiffe-weltweit-ins-Visier-nehmen.jpg","keywords":["ins","Iranische","nehmen","Schiffe","USGeneral","Visier","weltweit","Werden"],"articleSection":["Deutschland","Russland"],"inLanguage":"de","potentialAction":[{"@type":"CommentAction","name":"Comment","target":["https:\/\/now-news.de\/de\/deutschland\/us-general-werden-iranische-schiffe-weltweit-ins-visier-nehmen\/#respond"]}]},{"@type":"WebPage","@id":"https:\/\/now-news.de\/de\/deutschland\/us-general-werden-iranische-schiffe-weltweit-ins-visier-nehmen\/","url":"https:\/\/now-news.de\/de\/deutschland\/us-general-werden-iranische-schiffe-weltweit-ins-visier-nehmen\/","name":"US-General: Werden iranische Schiffe weltweit ins Visier nehmen - just-now.NEWS Deutschland","isPartOf":{"@id":"https:\/\/now-news.de\/de\/#website"},"primaryImageOfPage":{"@id":"https:\/\/now-news.de\/de\/deutschland\/us-general-werden-iranische-schiffe-weltweit-ins-visier-nehmen\/#primaryimage"},"image":{"@id":"https:\/\/now-news.de\/de\/deutschland\/us-general-werden-iranische-schiffe-weltweit-ins-visier-nehmen\/#primaryimage"},"thumbnailUrl":"https:\/\/now-news.de\/de\/wp-content\/uploads\/sites\/3\/US-General-Werden-iranische-Schiffe-weltweit-ins-Visier-nehmen.jpg","datePublished":"2026-04-18T19:44:00+00:00","dateModified":"2026-04-18T19:44:00+00:00","breadcrumb":{"@id":"https:\/\/now-news.de\/de\/deutschland\/us-general-werden-iranische-schiffe-weltweit-ins-visier-nehmen\/#breadcrumb"},"inLanguage":"de","potentialAction":[{"@type":"ReadAction","target":["https:\/\/now-news.de\/de\/deutschland\/us-general-werden-iranische-schiffe-weltweit-ins-visier-nehmen\/"]}]},{"@type":"ImageObject","inLanguage":"de","@id":"https:\/\/now-news.de\/de\/deutschland\/us-general-werden-iranische-schiffe-weltweit-ins-visier-nehmen\/#primaryimage","url":"https:\/\/now-news.de\/de\/wp-content\/uploads\/sites\/3\/US-General-Werden-iranische-Schiffe-weltweit-ins-Visier-nehmen.jpg","contentUrl":"https:\/\/now-news.de\/de\/wp-content\/uploads\/sites\/3\/US-General-Werden-iranische-Schiffe-weltweit-ins-Visier-nehmen.jpg","caption":"US-General: Werden iranische Schiffe weltweit ins Visier nehmen"},{"@type":"BreadcrumbList","@id":"https:\/\/now-news.de\/de\/deutschland\/us-general-werden-iranische-schiffe-weltweit-ins-visier-nehmen\/#breadcrumb","itemListElement":[{"@type":"ListItem","position":1,"name":"Home","item":"https:\/\/now-news.de\/de\/"},{"@type":"ListItem","position":2,"name":"US-General: Werden iranische Schiffe weltweit ins Visier nehmen"}]},{"@type":"WebSite","@id":"https:\/\/now-news.de\/de\/#website","url":"https:\/\/now-news.de\/de\/","name":"just-now.NEWS Deutschland","description":"Das Portal f\u00fcr unzensierte Nachrichten aus der Welt","publisher":{"@id":"https:\/\/now-news.de\/de\/#organization"},"potentialAction":[{"@type":"SearchAction","target":{"@type":"EntryPoint","urlTemplate":"https:\/\/now-news.de\/de\/?s={search_term_string}"},"query-input":"required name=search_term_string"}],"inLanguage":"de"},{"@type":"Organization","@id":"https:\/\/now-news.de\/de\/#organization","name":"Just Now News","url":"https:\/\/now-news.de\/de\/","logo":{"@type":"ImageObject","inLanguage":"de","@id":"https:\/\/now-news.de\/de\/#\/schema\/logo\/image\/","url":"http:\/\/just-now.news\/de\/wp-content\/uploads\/sites\/3\/2022\/04\/logo500x500.jpg","contentUrl":"http:\/\/just-now.news\/de\/wp-content\/uploads\/sites\/3\/2022\/04\/logo500x500.jpg","width":500,"height":500,"caption":"Just Now News"},"image":{"@id":"https:\/\/now-news.de\/de\/#\/schema\/logo\/image\/"},"sameAs":["https:\/\/www.facebook.com\/wirmachenauf","https:\/\/x.com\/WirMachenAuf_de"]},{"@type":"Person","@id":"https:\/\/now-news.de\/de\/#\/schema\/person\/fb534a4e865501d8b3285208df34a9b5","name":"rtnews","image":{"@type":"ImageObject","inLanguage":"de","@id":"https:\/\/now-news.de\/de\/#\/schema\/person\/image\/","url":"https:\/\/secure.gravatar.com\/avatar\/82aafea7d8127119dd649515f56e2117?s=96&d=mm&r=g","contentUrl":"https:\/\/secure.gravatar.com\/avatar\/82aafea7d8127119dd649515f56e2117?s=96&d=mm&r=g","caption":"rtnews"},"url":"https:\/\/now-news.de\/de\/author\/rnews\/"}]}},"_links":{"self":[{"href":"https:\/\/now-news.de\/de\/wp-json\/wp\/v2\/posts\/101912"}],"collection":[{"href":"https:\/\/now-news.de\/de\/wp-json\/wp\/v2\/posts"}],"about":[{"href":"https:\/\/now-news.de\/de\/wp-json\/wp\/v2\/types\/post"}],"author":[{"embeddable":true,"href":"https:\/\/now-news.de\/de\/wp-json\/wp\/v2\/users\/3"}],"replies":[{"embeddable":true,"href":"https:\/\/now-news.de\/de\/wp-json\/wp\/v2\/comments?post=101912"}],"version-history":[{"count":0,"href":"https:\/\/now-news.de\/de\/wp-json\/wp\/v2\/posts\/101912\/revisions"}],"wp:featuredmedia":[{"embeddable":true,"href":"https:\/\/now-news.de\/de\/wp-json\/wp\/v2\/media\/101913"}],"wp:attachment":[{"href":"https:\/\/now-news.de\/de\/wp-json\/wp\/v2\/media?parent=101912"}],"wp:term":[{"taxonomy":"category","embeddable":true,"href":"https:\/\/now-news.de\/de\/wp-json\/wp\/v2\/categories?post=101912"},{"taxonomy":"post_tag","embeddable":true,"href":"https:\/\/now-news.de\/de\/wp-json\/wp\/v2\/tags?post=101912"}],"curies":[{"name":"wp","href":"https:\/\/api.w.org\/{rel}","templated":true}]}}