{"id":101902,"date":"2026-04-18T19:30:21","date_gmt":"2026-04-18T17:30:21","guid":{"rendered":"https:\/\/now-news.de\/de\/deutschland\/reaktion-auf-russische-warnung-stadt-hanau-schaltet-verfassungsschutz-ein\/"},"modified":"2026-04-18T19:30:21","modified_gmt":"2026-04-18T17:30:21","slug":"reaktion-auf-russische-warnung-stadt-hanau-schaltet-verfassungsschutz-ein","status":"publish","type":"post","link":"https:\/\/now-news.de\/de\/deutschland\/reaktion-auf-russische-warnung-stadt-hanau-schaltet-verfassungsschutz-ein\/","title":{"rendered":"Reaktion auf russische Warnung: Stadt Hanau schaltet Verfassungsschutz ein"},"content":{"rendered":"<p><img decoding=\"async\" src=\"https:\/\/now-news.de\/de\/wp-content\/uploads\/sites\/3\/2026\/04\/69e3861fb480cc63f13736bc.jpg\" \/><\/p>\n<div class=\"Text-root Text-type_1 \">\n                Vergangenen Mittwoch hatte das russische Verteidigungsministerium eine Liste europ\u00e4ischer Produktionsst\u00e4tten ver\u00f6ffentlicht, die Drohnen-Komponenten an die Ukraine liefern. Nun zieht eine der genannten St\u00e4dte Konsequenzen und alarmiert die Sicherheitsbeh\u00f6rden.\n            <\/div>\n<p><\/p>\n<div class=\"Text-root Text-type_5 ArticleView-text ViewText-root \">\n<p>Laut einer <a rel=\"nofollow noopener\" target=\"_blank\" href=\"https:\/\/www.presse-service.de\/data.aspx\/static\/1214785.html\">Pressemitteilung<\/a> vom heutigen Samstag hat die Stadt Hanau Kontakt zum Bundesverfassungsschutz und weiteren mit der \u00f6ffentlichen Sicherheit betrauten \u00c4mtern aufgenommen. Anlass ist eine am 15. April 2026 vom Verteidigungsministerium der Russischen F\u00f6deration ver\u00f6ffentlichte <a rel=\"nofollow noopener\" target=\"_blank\" href=\"https:\/\/archive.ph\/D8Frg\">Liste<\/a> mit Produzenten aus ganz Europa und der T\u00fcrkei, die die Ukraine mit Drohnen oder Bestandteilen f\u00fcr den Drohnenbau ausstatten. Darunter sind auch drei Produktionsst\u00e4tten in Deutschland, die sich in M\u00fcnchen und Hanau befinden. Das russische Verteidigungsministerium sprach diesbez\u00fcglich von einer Umwandlung Europas &#8220;in ein strategisches Hinterland der Ukraine&#8221; (<em>RT DE<\/em>\u00a0<a rel=\"nofollow noopener\" target=\"_blank\" href=\"https:\/\/freedert.online\/international\/277168-objekte-gefaehrden-ihre-sicherheit-russisches\/\">berichtete<\/a>).<\/p>\n<p>Oberb\u00fcrgermeister Claus Kaminsky (SPD) gab in seiner Stellungnahme an, aus den regionalen und \u00fcberregionalen Medien von der Existenz der Liste und Hanaus Nennung erfahren zu haben. In Abstimmung mit seinen beiden Dezernenten habe er Kontakt zu Staatsschutz, Verfassungsschutz, Polizei und dem Regierungspr\u00e4sidium in Darmstadt aufgenommen. Aus Transparenzgr\u00fcnden wolle er die Hanauer B\u00fcrgerschaft \u00fcber diese Sicherheitsma\u00dfnahme informieren, denn Einsch\u00fcchterung funktioniere &#8220;oft mit Desinformation und fehlender Information&#8221;. Solche Versuche d\u00fcrften in Hanau nicht fruchten.<\/p>\n<p>Offenbar wertet Kaminsky die Stellungnahme des russischen Verteidigungsministeriums als Drohung, denn er schreibt \u2013 wohl unter Bezugnahme auf einen <a rel=\"nofollow noopener\" target=\"_blank\" href=\"https:\/\/x.com\/MedvedevRussiaE\/status\/2044461187115397617\">X-Post<\/a> des Stellvertretenden Sicherheitsratsvorsitzenden Dmitri Medwedew \u2013, russische Politiker h\u00e4tten die betroffenen Unternehmen angeblich als potenzielle milit\u00e4rische Ziele <a rel=\"nofollow noopener\" target=\"_blank\" href=\"https:\/\/freedert.online\/kurzclips\/video\/277346-gute-nacht-europaeische-partner-medwedew\/\">bezeichnet<\/a>. Darunter auch einen Zulieferer aus Hanau. Auch hatten Medien berichtet, dass der deutsche Verfassungsschutz vor einer wachsenden Bedrohung warne und Kontakt mit den genannten Firmen aufgenommen habe.<\/p>\n<p>Von der Stadt M\u00fcnchen ist eine \u00e4hnliche Stellungnahme \u00fcber die Verst\u00e4rkung der Sicherheitsma\u00dfnahmen nicht bekannt. Auch die betroffene Hanauer Firma 3W Professional GmbH, die Motoren f\u00fcr unbemannte Luftfahrzeuge herstellte, hat nichts in dieser Angelegenheit verlautbaren lassen. Ein Motor dieser Firma hat offenbar eine Rolle beim Terroranschlag von Chorly am vergangenen Jahreswechsel gespielt.<\/p>\n<p>Auf Bildern vom Anschlagsort ist eine Komponente mit dem typischen Firmenlogo zu sehen, die in der angreifenden Drohne verbaut sein soll. Zolldaten zeigen, dass die Hanauer Firma in die Ukraine liefert. Damit h\u00e4tte 3W Professional die Ukraine nicht nur in ihrer Kriegsf\u00fchrung gegen Russland unterst\u00fctzt, sondern w\u00e4re auch indirekt an einem terroristischen Akt beteiligt gewesen.<\/p>\n<p>Ob und wenn ja, welche Sicherheitsvorkehrungen in Hanau verst\u00e4rkt worden sind, gab das Rathaus nicht bekannt. Es nahm auch nicht Stellung zu den russischen Vorw\u00fcrfen, die Hanauer Firma r\u00fcste das ukrainische Milit\u00e4r aus. Auf der Facebook-Seite von Oberb\u00fcrgermeister Kaminsky <a rel=\"nofollow noopener\" target=\"_blank\" href=\"https:\/\/www.facebook.com\/claus.kaminsky\/posts\/pfbid0rQ1LU7Kxitk7fMcvSYUduW4BWW6ss7dgcArt7pXjEK4BaiDaDeAWoTUjFDjeBVeyl\">h\u00e4ufen sich<\/a> derweil die Kommentare. Sie reichen von der Zustimmung zur Vorsichtsma\u00dfnahme der Hanauer Stadtoberen bis zu der Aufforderung, die milit\u00e4rische Unterst\u00fctzung der Ukraine zu stoppen.<\/p>\n<p><strong>Mehr zum Thema <\/strong>\u2013\u00a0<a rel=\"nofollow noopener\" target=\"_blank\" href=\"https:\/\/freedert.online\/meinung\/266356-terroranschlag-von-chorly-ausgefuehrt-mit\/\">Terroranschlag<\/a><a rel=\"nofollow noopener\" target=\"_blank\" href=\"https:\/\/freedert.online\/meinung\/266356-terroranschlag-von-chorly-ausgefuehrt-mit\/\">\u00a0von Chorly: Ausgef\u00fchrt mit Bauteilen aus Deutschland?<\/a><\/p>\n<div class=\"EmbedBlock-root EmbedBlock-externalVideo EmbedBlock-rumble\">\n<div class=\"VkEmbed\"><iframe class=\"lazyload\" data-src=\"https:\/\/rumble.com\/embed\/v71k48y\" frameborder=\"0\" width=\"853\" height=\"480\" allowfullscreen><\/iframe><\/div>\n<\/div>\n<\/div>\n<p><br \/>\n<br \/><a href=\"https:\/\/de.rt.com\/international\/277560-reaktion-auf-russische-warnung-stadt-schaltet-verfassungsschutz-ein\/\">Source link <\/a><\/p>\n","protected":false},"excerpt":{"rendered":"<p>Vergangenen Mittwoch hatte das russische Verteidigungsministerium eine Liste europ\u00e4ischer Produktionsst\u00e4tten ver\u00f6ffentlicht, die Drohnen-Komponenten an die Ukraine liefern. Nun zieht eine der genannten St\u00e4dte Konsequenzen und alarmiert die Sicherheitsbeh\u00f6rden. Laut einer Pressemitteilung vom heutigen Samstag hat die Stadt Hanau Kontakt zum Bundesverfassungsschutz und weiteren mit der \u00f6ffentlichen Sicherheit betrauten \u00c4mtern aufgenommen. Anlass ist eine am 15. [&hellip;]<\/p>\n","protected":false},"author":3,"featured_media":101903,"comment_status":"open","ping_status":"open","sticky":false,"template":"","format":"standard","meta":{"_yoast_indexnow_last_ping":["1776534361"],"wp_automatic_camp":["217"],"a157f1aba05c77cb5550572a34c96e76":["Reaktion auf russische Warnung: Stadt Hanau schaltet Verfassungsschutz ein"],"original_link":["https:\/\/de.rt.com\/international\/277560-reaktion-auf-russische-warnung-stadt-schaltet-verfassungsschutz-ein\/"],"_thumbnail_id":["101903"],"jnews_social_counter_last_update":["1777420634"],"_wptgpro_p2tg_sent2tg":["a:1:{i:23737;s:19:\"2026-04-18 19:47:05\";}"]},"categories":[19,23],"tags":[133,357,53678,158,570,21227,9819,1231,2584],"yoast_head":"<!-- This site is optimized with the Yoast SEO Premium plugin v22.7 (Yoast SEO v22.7) - https:\/\/yoast.com\/wordpress\/plugins\/seo\/ -->\n<title>Reaktion auf russische Warnung: Stadt Hanau schaltet Verfassungsschutz ein - just-now.NEWS Deutschland<\/title>\n<meta name=\"robots\" content=\"index, follow, max-snippet:-1, max-image-preview:large, max-video-preview:-1\" \/>\n<link rel=\"canonical\" href=\"https:\/\/now-news.de\/de\/deutschland\/reaktion-auf-russische-warnung-stadt-hanau-schaltet-verfassungsschutz-ein\/\" \/>\n<meta property=\"og:locale\" content=\"de_DE\" \/>\n<meta property=\"og:type\" content=\"article\" \/>\n<meta property=\"og:title\" content=\"Reaktion auf russische Warnung: Stadt Hanau schaltet Verfassungsschutz ein\" \/>\n<meta property=\"og:description\" content=\"Vergangenen Mittwoch hatte das russische Verteidigungsministerium eine Liste europ\u00e4ischer Produktionsst\u00e4tten ver\u00f6ffentlicht, die Drohnen-Komponenten an die Ukraine liefern. Nun zieht eine der genannten St\u00e4dte Konsequenzen und alarmiert die Sicherheitsbeh\u00f6rden. Laut einer Pressemitteilung vom heutigen Samstag hat die Stadt Hanau Kontakt zum Bundesverfassungsschutz und weiteren mit der \u00f6ffentlichen Sicherheit betrauten \u00c4mtern aufgenommen. Anlass ist eine am 15. [&hellip;]\" \/>\n<meta property=\"og:url\" content=\"https:\/\/now-news.de\/de\/deutschland\/reaktion-auf-russische-warnung-stadt-hanau-schaltet-verfassungsschutz-ein\/\" \/>\n<meta property=\"og:site_name\" content=\"just-now.NEWS Deutschland\" \/>\n<meta property=\"article:publisher\" content=\"https:\/\/www.facebook.com\/wirmachenauf\" \/>\n<meta property=\"article:published_time\" content=\"2026-04-18T17:30:21+00:00\" \/>\n<meta property=\"og:image\" content=\"https:\/\/now-news.de\/de\/wp-content\/uploads\/sites\/3\/2026\/04\/69e3861fb480cc63f13736bc.jpg\" \/>\n<meta name=\"author\" content=\"rtnews\" \/>\n<meta name=\"twitter:card\" content=\"summary_large_image\" \/>\n<meta name=\"twitter:creator\" content=\"@WirMachenAuf_de\" \/>\n<meta name=\"twitter:site\" content=\"@WirMachenAuf_de\" \/>\n<meta name=\"twitter:label1\" content=\"Verfasst von\" \/>\n\t<meta name=\"twitter:data1\" content=\"rtnews\" \/>\n\t<meta name=\"twitter:label2\" content=\"Gesch\u00e4tzte Lesezeit\" \/>\n\t<meta name=\"twitter:data2\" content=\"2\u00a0Minuten\" \/>\n<script type=\"application\/ld+json\" class=\"yoast-schema-graph\">{\"@context\":\"https:\/\/schema.org\",\"@graph\":[{\"@type\":\"Article\",\"@id\":\"https:\/\/now-news.de\/de\/deutschland\/reaktion-auf-russische-warnung-stadt-hanau-schaltet-verfassungsschutz-ein\/#article\",\"isPartOf\":{\"@id\":\"https:\/\/now-news.de\/de\/deutschland\/reaktion-auf-russische-warnung-stadt-hanau-schaltet-verfassungsschutz-ein\/\"},\"author\":{\"name\":\"rtnews\",\"@id\":\"https:\/\/now-news.de\/de\/#\/schema\/person\/fb534a4e865501d8b3285208df34a9b5\"},\"headline\":\"Reaktion auf russische Warnung: Stadt Hanau schaltet Verfassungsschutz ein\",\"datePublished\":\"2026-04-18T17:30:21+00:00\",\"dateModified\":\"2026-04-18T17:30:21+00:00\",\"mainEntityOfPage\":{\"@id\":\"https:\/\/now-news.de\/de\/deutschland\/reaktion-auf-russische-warnung-stadt-hanau-schaltet-verfassungsschutz-ein\/\"},\"wordCount\":482,\"commentCount\":0,\"publisher\":{\"@id\":\"https:\/\/now-news.de\/de\/#organization\"},\"image\":{\"@id\":\"https:\/\/now-news.de\/de\/deutschland\/reaktion-auf-russische-warnung-stadt-hanau-schaltet-verfassungsschutz-ein\/#primaryimage\"},\"thumbnailUrl\":\"https:\/\/now-news.de\/de\/wp-content\/uploads\/sites\/3\/Reaktion-auf-russische-Warnung-Stadt-Hanau-schaltet-Verfassungsschutz-ein.jpg\",\"keywords\":[\"AUF\",\"ein\",\"Hanau\",\"reaktion\",\"Russische\",\"schaltet\",\"Stadt\",\"Verfassungsschutz\",\"Warnung\"],\"articleSection\":[\"Deutschland\",\"Russland\"],\"inLanguage\":\"de\",\"potentialAction\":[{\"@type\":\"CommentAction\",\"name\":\"Comment\",\"target\":[\"https:\/\/now-news.de\/de\/deutschland\/reaktion-auf-russische-warnung-stadt-hanau-schaltet-verfassungsschutz-ein\/#respond\"]}]},{\"@type\":\"WebPage\",\"@id\":\"https:\/\/now-news.de\/de\/deutschland\/reaktion-auf-russische-warnung-stadt-hanau-schaltet-verfassungsschutz-ein\/\",\"url\":\"https:\/\/now-news.de\/de\/deutschland\/reaktion-auf-russische-warnung-stadt-hanau-schaltet-verfassungsschutz-ein\/\",\"name\":\"Reaktion auf russische Warnung: Stadt Hanau schaltet Verfassungsschutz ein - just-now.NEWS Deutschland\",\"isPartOf\":{\"@id\":\"https:\/\/now-news.de\/de\/#website\"},\"primaryImageOfPage\":{\"@id\":\"https:\/\/now-news.de\/de\/deutschland\/reaktion-auf-russische-warnung-stadt-hanau-schaltet-verfassungsschutz-ein\/#primaryimage\"},\"image\":{\"@id\":\"https:\/\/now-news.de\/de\/deutschland\/reaktion-auf-russische-warnung-stadt-hanau-schaltet-verfassungsschutz-ein\/#primaryimage\"},\"thumbnailUrl\":\"https:\/\/now-news.de\/de\/wp-content\/uploads\/sites\/3\/Reaktion-auf-russische-Warnung-Stadt-Hanau-schaltet-Verfassungsschutz-ein.jpg\",\"datePublished\":\"2026-04-18T17:30:21+00:00\",\"dateModified\":\"2026-04-18T17:30:21+00:00\",\"breadcrumb\":{\"@id\":\"https:\/\/now-news.de\/de\/deutschland\/reaktion-auf-russische-warnung-stadt-hanau-schaltet-verfassungsschutz-ein\/#breadcrumb\"},\"inLanguage\":\"de\",\"potentialAction\":[{\"@type\":\"ReadAction\",\"target\":[\"https:\/\/now-news.de\/de\/deutschland\/reaktion-auf-russische-warnung-stadt-hanau-schaltet-verfassungsschutz-ein\/\"]}]},{\"@type\":\"ImageObject\",\"inLanguage\":\"de\",\"@id\":\"https:\/\/now-news.de\/de\/deutschland\/reaktion-auf-russische-warnung-stadt-hanau-schaltet-verfassungsschutz-ein\/#primaryimage\",\"url\":\"https:\/\/now-news.de\/de\/wp-content\/uploads\/sites\/3\/Reaktion-auf-russische-Warnung-Stadt-Hanau-schaltet-Verfassungsschutz-ein.jpg\",\"contentUrl\":\"https:\/\/now-news.de\/de\/wp-content\/uploads\/sites\/3\/Reaktion-auf-russische-Warnung-Stadt-Hanau-schaltet-Verfassungsschutz-ein.jpg\",\"caption\":\"Reaktion auf russische Warnung: Stadt Hanau schaltet Verfassungsschutz ein\"},{\"@type\":\"BreadcrumbList\",\"@id\":\"https:\/\/now-news.de\/de\/deutschland\/reaktion-auf-russische-warnung-stadt-hanau-schaltet-verfassungsschutz-ein\/#breadcrumb\",\"itemListElement\":[{\"@type\":\"ListItem\",\"position\":1,\"name\":\"Home\",\"item\":\"https:\/\/now-news.de\/de\/\"},{\"@type\":\"ListItem\",\"position\":2,\"name\":\"Reaktion auf russische Warnung: Stadt Hanau schaltet Verfassungsschutz ein\"}]},{\"@type\":\"WebSite\",\"@id\":\"https:\/\/now-news.de\/de\/#website\",\"url\":\"https:\/\/now-news.de\/de\/\",\"name\":\"just-now.NEWS Deutschland\",\"description\":\"Das Portal f\u00fcr unzensierte Nachrichten aus der Welt\",\"publisher\":{\"@id\":\"https:\/\/now-news.de\/de\/#organization\"},\"potentialAction\":[{\"@type\":\"SearchAction\",\"target\":{\"@type\":\"EntryPoint\",\"urlTemplate\":\"https:\/\/now-news.de\/de\/?s={search_term_string}\"},\"query-input\":\"required name=search_term_string\"}],\"inLanguage\":\"de\"},{\"@type\":\"Organization\",\"@id\":\"https:\/\/now-news.de\/de\/#organization\",\"name\":\"Just Now News\",\"url\":\"https:\/\/now-news.de\/de\/\",\"logo\":{\"@type\":\"ImageObject\",\"inLanguage\":\"de\",\"@id\":\"https:\/\/now-news.de\/de\/#\/schema\/logo\/image\/\",\"url\":\"http:\/\/just-now.news\/de\/wp-content\/uploads\/sites\/3\/2022\/04\/logo500x500.jpg\",\"contentUrl\":\"http:\/\/just-now.news\/de\/wp-content\/uploads\/sites\/3\/2022\/04\/logo500x500.jpg\",\"width\":500,\"height\":500,\"caption\":\"Just Now News\"},\"image\":{\"@id\":\"https:\/\/now-news.de\/de\/#\/schema\/logo\/image\/\"},\"sameAs\":[\"https:\/\/www.facebook.com\/wirmachenauf\",\"https:\/\/x.com\/WirMachenAuf_de\"]},{\"@type\":\"Person\",\"@id\":\"https:\/\/now-news.de\/de\/#\/schema\/person\/fb534a4e865501d8b3285208df34a9b5\",\"name\":\"rtnews\",\"image\":{\"@type\":\"ImageObject\",\"inLanguage\":\"de\",\"@id\":\"https:\/\/now-news.de\/de\/#\/schema\/person\/image\/\",\"url\":\"https:\/\/secure.gravatar.com\/avatar\/82aafea7d8127119dd649515f56e2117?s=96&d=mm&r=g\",\"contentUrl\":\"https:\/\/secure.gravatar.com\/avatar\/82aafea7d8127119dd649515f56e2117?s=96&d=mm&r=g\",\"caption\":\"rtnews\"},\"url\":\"https:\/\/now-news.de\/de\/author\/rnews\/\"}]}<\/script>\n<!-- \/ Yoast SEO Premium plugin. -->","yoast_head_json":{"title":"Reaktion auf russische Warnung: Stadt Hanau schaltet Verfassungsschutz ein - just-now.NEWS Deutschland","robots":{"index":"index","follow":"follow","max-snippet":"max-snippet:-1","max-image-preview":"max-image-preview:large","max-video-preview":"max-video-preview:-1"},"canonical":"https:\/\/now-news.de\/de\/deutschland\/reaktion-auf-russische-warnung-stadt-hanau-schaltet-verfassungsschutz-ein\/","og_locale":"de_DE","og_type":"article","og_title":"Reaktion auf russische Warnung: Stadt Hanau schaltet Verfassungsschutz ein","og_description":"Vergangenen Mittwoch hatte das russische Verteidigungsministerium eine Liste europ\u00e4ischer Produktionsst\u00e4tten ver\u00f6ffentlicht, die Drohnen-Komponenten an die Ukraine liefern. Nun zieht eine der genannten St\u00e4dte Konsequenzen und alarmiert die Sicherheitsbeh\u00f6rden. Laut einer Pressemitteilung vom heutigen Samstag hat die Stadt Hanau Kontakt zum Bundesverfassungsschutz und weiteren mit der \u00f6ffentlichen Sicherheit betrauten \u00c4mtern aufgenommen. Anlass ist eine am 15. [&hellip;]","og_url":"https:\/\/now-news.de\/de\/deutschland\/reaktion-auf-russische-warnung-stadt-hanau-schaltet-verfassungsschutz-ein\/","og_site_name":"just-now.NEWS Deutschland","article_publisher":"https:\/\/www.facebook.com\/wirmachenauf","article_published_time":"2026-04-18T17:30:21+00:00","og_image":[{"url":"https:\/\/now-news.de\/de\/wp-content\/uploads\/sites\/3\/2026\/04\/69e3861fb480cc63f13736bc.jpg"}],"author":"rtnews","twitter_card":"summary_large_image","twitter_creator":"@WirMachenAuf_de","twitter_site":"@WirMachenAuf_de","twitter_misc":{"Verfasst von":"rtnews","Gesch\u00e4tzte Lesezeit":"2\u00a0Minuten"},"schema":{"@context":"https:\/\/schema.org","@graph":[{"@type":"Article","@id":"https:\/\/now-news.de\/de\/deutschland\/reaktion-auf-russische-warnung-stadt-hanau-schaltet-verfassungsschutz-ein\/#article","isPartOf":{"@id":"https:\/\/now-news.de\/de\/deutschland\/reaktion-auf-russische-warnung-stadt-hanau-schaltet-verfassungsschutz-ein\/"},"author":{"name":"rtnews","@id":"https:\/\/now-news.de\/de\/#\/schema\/person\/fb534a4e865501d8b3285208df34a9b5"},"headline":"Reaktion auf russische Warnung: Stadt Hanau schaltet Verfassungsschutz ein","datePublished":"2026-04-18T17:30:21+00:00","dateModified":"2026-04-18T17:30:21+00:00","mainEntityOfPage":{"@id":"https:\/\/now-news.de\/de\/deutschland\/reaktion-auf-russische-warnung-stadt-hanau-schaltet-verfassungsschutz-ein\/"},"wordCount":482,"commentCount":0,"publisher":{"@id":"https:\/\/now-news.de\/de\/#organization"},"image":{"@id":"https:\/\/now-news.de\/de\/deutschland\/reaktion-auf-russische-warnung-stadt-hanau-schaltet-verfassungsschutz-ein\/#primaryimage"},"thumbnailUrl":"https:\/\/now-news.de\/de\/wp-content\/uploads\/sites\/3\/Reaktion-auf-russische-Warnung-Stadt-Hanau-schaltet-Verfassungsschutz-ein.jpg","keywords":["AUF","ein","Hanau","reaktion","Russische","schaltet","Stadt","Verfassungsschutz","Warnung"],"articleSection":["Deutschland","Russland"],"inLanguage":"de","potentialAction":[{"@type":"CommentAction","name":"Comment","target":["https:\/\/now-news.de\/de\/deutschland\/reaktion-auf-russische-warnung-stadt-hanau-schaltet-verfassungsschutz-ein\/#respond"]}]},{"@type":"WebPage","@id":"https:\/\/now-news.de\/de\/deutschland\/reaktion-auf-russische-warnung-stadt-hanau-schaltet-verfassungsschutz-ein\/","url":"https:\/\/now-news.de\/de\/deutschland\/reaktion-auf-russische-warnung-stadt-hanau-schaltet-verfassungsschutz-ein\/","name":"Reaktion auf russische Warnung: Stadt Hanau schaltet Verfassungsschutz ein - just-now.NEWS Deutschland","isPartOf":{"@id":"https:\/\/now-news.de\/de\/#website"},"primaryImageOfPage":{"@id":"https:\/\/now-news.de\/de\/deutschland\/reaktion-auf-russische-warnung-stadt-hanau-schaltet-verfassungsschutz-ein\/#primaryimage"},"image":{"@id":"https:\/\/now-news.de\/de\/deutschland\/reaktion-auf-russische-warnung-stadt-hanau-schaltet-verfassungsschutz-ein\/#primaryimage"},"thumbnailUrl":"https:\/\/now-news.de\/de\/wp-content\/uploads\/sites\/3\/Reaktion-auf-russische-Warnung-Stadt-Hanau-schaltet-Verfassungsschutz-ein.jpg","datePublished":"2026-04-18T17:30:21+00:00","dateModified":"2026-04-18T17:30:21+00:00","breadcrumb":{"@id":"https:\/\/now-news.de\/de\/deutschland\/reaktion-auf-russische-warnung-stadt-hanau-schaltet-verfassungsschutz-ein\/#breadcrumb"},"inLanguage":"de","potentialAction":[{"@type":"ReadAction","target":["https:\/\/now-news.de\/de\/deutschland\/reaktion-auf-russische-warnung-stadt-hanau-schaltet-verfassungsschutz-ein\/"]}]},{"@type":"ImageObject","inLanguage":"de","@id":"https:\/\/now-news.de\/de\/deutschland\/reaktion-auf-russische-warnung-stadt-hanau-schaltet-verfassungsschutz-ein\/#primaryimage","url":"https:\/\/now-news.de\/de\/wp-content\/uploads\/sites\/3\/Reaktion-auf-russische-Warnung-Stadt-Hanau-schaltet-Verfassungsschutz-ein.jpg","contentUrl":"https:\/\/now-news.de\/de\/wp-content\/uploads\/sites\/3\/Reaktion-auf-russische-Warnung-Stadt-Hanau-schaltet-Verfassungsschutz-ein.jpg","caption":"Reaktion auf russische Warnung: Stadt Hanau schaltet Verfassungsschutz ein"},{"@type":"BreadcrumbList","@id":"https:\/\/now-news.de\/de\/deutschland\/reaktion-auf-russische-warnung-stadt-hanau-schaltet-verfassungsschutz-ein\/#breadcrumb","itemListElement":[{"@type":"ListItem","position":1,"name":"Home","item":"https:\/\/now-news.de\/de\/"},{"@type":"ListItem","position":2,"name":"Reaktion auf russische Warnung: Stadt Hanau schaltet Verfassungsschutz ein"}]},{"@type":"WebSite","@id":"https:\/\/now-news.de\/de\/#website","url":"https:\/\/now-news.de\/de\/","name":"just-now.NEWS Deutschland","description":"Das Portal f\u00fcr unzensierte Nachrichten aus der Welt","publisher":{"@id":"https:\/\/now-news.de\/de\/#organization"},"potentialAction":[{"@type":"SearchAction","target":{"@type":"EntryPoint","urlTemplate":"https:\/\/now-news.de\/de\/?s={search_term_string}"},"query-input":"required name=search_term_string"}],"inLanguage":"de"},{"@type":"Organization","@id":"https:\/\/now-news.de\/de\/#organization","name":"Just Now News","url":"https:\/\/now-news.de\/de\/","logo":{"@type":"ImageObject","inLanguage":"de","@id":"https:\/\/now-news.de\/de\/#\/schema\/logo\/image\/","url":"http:\/\/just-now.news\/de\/wp-content\/uploads\/sites\/3\/2022\/04\/logo500x500.jpg","contentUrl":"http:\/\/just-now.news\/de\/wp-content\/uploads\/sites\/3\/2022\/04\/logo500x500.jpg","width":500,"height":500,"caption":"Just Now News"},"image":{"@id":"https:\/\/now-news.de\/de\/#\/schema\/logo\/image\/"},"sameAs":["https:\/\/www.facebook.com\/wirmachenauf","https:\/\/x.com\/WirMachenAuf_de"]},{"@type":"Person","@id":"https:\/\/now-news.de\/de\/#\/schema\/person\/fb534a4e865501d8b3285208df34a9b5","name":"rtnews","image":{"@type":"ImageObject","inLanguage":"de","@id":"https:\/\/now-news.de\/de\/#\/schema\/person\/image\/","url":"https:\/\/secure.gravatar.com\/avatar\/82aafea7d8127119dd649515f56e2117?s=96&d=mm&r=g","contentUrl":"https:\/\/secure.gravatar.com\/avatar\/82aafea7d8127119dd649515f56e2117?s=96&d=mm&r=g","caption":"rtnews"},"url":"https:\/\/now-news.de\/de\/author\/rnews\/"}]}},"_links":{"self":[{"href":"https:\/\/now-news.de\/de\/wp-json\/wp\/v2\/posts\/101902"}],"collection":[{"href":"https:\/\/now-news.de\/de\/wp-json\/wp\/v2\/posts"}],"about":[{"href":"https:\/\/now-news.de\/de\/wp-json\/wp\/v2\/types\/post"}],"author":[{"embeddable":true,"href":"https:\/\/now-news.de\/de\/wp-json\/wp\/v2\/users\/3"}],"replies":[{"embeddable":true,"href":"https:\/\/now-news.de\/de\/wp-json\/wp\/v2\/comments?post=101902"}],"version-history":[{"count":0,"href":"https:\/\/now-news.de\/de\/wp-json\/wp\/v2\/posts\/101902\/revisions"}],"wp:featuredmedia":[{"embeddable":true,"href":"https:\/\/now-news.de\/de\/wp-json\/wp\/v2\/media\/101903"}],"wp:attachment":[{"href":"https:\/\/now-news.de\/de\/wp-json\/wp\/v2\/media?parent=101902"}],"wp:term":[{"taxonomy":"category","embeddable":true,"href":"https:\/\/now-news.de\/de\/wp-json\/wp\/v2\/categories?post=101902"},{"taxonomy":"post_tag","embeddable":true,"href":"https:\/\/now-news.de\/de\/wp-json\/wp\/v2\/tags?post=101902"}],"curies":[{"name":"wp","href":"https:\/\/api.w.org\/{rel}","templated":true}]}}