{"id":101894,"date":"2026-04-18T17:57:03","date_gmt":"2026-04-18T15:57:03","guid":{"rendered":"https:\/\/now-news.de\/de\/deutschland\/franzoesischer-soldat-bei-unifil-mission-im-libanon-getoetet\/"},"modified":"2026-04-18T17:57:03","modified_gmt":"2026-04-18T15:57:03","slug":"franzoesischer-soldat-bei-unifil-mission-im-libanon-getoetet","status":"publish","type":"post","link":"https:\/\/now-news.de\/de\/deutschland\/franzoesischer-soldat-bei-unifil-mission-im-libanon-getoetet\/","title":{"rendered":"Franz\u00f6sischer Soldat bei UNIFIL-Mission im Libanon get\u00f6tet"},"content":{"rendered":"<p><img decoding=\"async\" src=\"https:\/\/now-news.de\/de\/wp-content\/uploads\/sites\/3\/2026\/04\/69e39b93b480cc63f13736cf.jpg\" \/><\/p>\n<div class=\"Text-root Text-type_1 \">\n                Im Nahen Osten ist ein Franzose bei einer UN-Mission ums Leben gekommen. Er geriet mit seinen Kameraden unter Beschuss, als er eine Stra\u00dfe von Kampfmitteln r\u00e4umte. UNIFIL und der franz\u00f6sische Pr\u00e4sident Macron beschuldigen die Hisbollah.\n            <\/div>\n<p><\/p>\n<div class=\"Text-root Text-type_5 ArticleView-text ViewText-root \">\n<p>Wie die UN-Beobachtermission im Libanon in einer Pressemitteilung <a rel=\"nofollow noopener\" target=\"_blank\" href=\"https:\/\/unifil.unmissions.org\/en\/press-releases\/unifil-statement-18-april-2026\">bekannt gab<\/a>, beschossen bisher nicht ermittelte Akteure am Samstagmorgen eine Gruppe von Blauhelmen, als diese eine Stra\u00dfe von Kampfmitteln befreite. Dabei wurden mehrere UN-Soldaten eines franz\u00f6sischen Bataillons verletzt, einer der aus Frankreich entsandten UN-Beobachter erlag seinen Verletzungen.<\/p>\n<p>Der Vorfall ereignete sich in der N\u00e4he des s\u00fcdlibanesischen Dorfes Ghanduriyah. Die S\u00e4uberung der Stra\u00dfe war notwendig geworden, um die Verbindung zwischen isolierten UNIFIL-Stellungen wiederherzustellen.<\/p>\n<p>Die verletzten Blauhelmsoldaten \u2013 darunter zwei Schwerverletzte \u2013 befinden sich mittlerweile in einem Krankenhaus. UNIFIL geht von einem vors\u00e4tzlichen Angriff aus und k\u00fcndigte eine Untersuchung an. Als mutma\u00dflichen Verd\u00e4chtigen f\u00fcr diese Attacke nannte die Leitung der UNIFIL-Mission die militante schiitische Organisation Hisbollah.<\/p>\n<p>Auch der franz\u00f6sische Pr\u00e4sident Emmanuel Macron beschuldigte die Hisbollah des Angriffs. In einer Beileidsbekundung auf der Plattform X <a rel=\"nofollow noopener\" target=\"_blank\" href=\"https:\/\/x.com\/EmmanuelMacron\/status\/2045471921718845802\">ver\u00f6ffentlichte<\/a> er den Namen des franz\u00f6sischen Opfers. Demnach handelt es sich bei dem im Einsatz ums Leben Gekommenen um Hauptfeldwebel Florian Montorio vom 17. Fallschirmj\u00e4ger-Pionierregiment aus Montauban. Alles deute darauf hin, so Macron, dass die Verantwortung f\u00fcr den Angriff bei der Hisbollah liege. Er forderte die libanesischen Beh\u00f6rden auf, die T\u00e4ter unverz\u00fcglich festzunehmen.<\/p>\n<p>Zugleich w\u00fcrdigte Macron das Andenken Montorios. Er schrieb: &#8220;Die Nation verneigt sich in Ehrerbietung und spricht den Familien unserer Soldaten sowie allen unseren im Libanon f\u00fcr den Frieden eingesetzten Soldaten ihre Unterst\u00fctzung aus.&#8221;<\/p>\n<p>Auch der libanesische Premierminister Nawaf Salam <a rel=\"nofollow noopener\" target=\"_blank\" href=\"https:\/\/x.com\/nawafsalam\/status\/2045461922292637711\">verurteilte<\/a> auf X den Angriff. Er habe strenge Anweisungen f\u00fcr eine sofortige Untersuchung erteilt, um die T\u00e4ter zur Rechenschaft zu ziehen. Die Tat habe erheblichen Schaden f\u00fcr den Libanon und seine internationalen Beziehungen angerichtet. Libanon pflegt bis heute enge Beziehungen mit seiner fr\u00fcheren Mandatsmacht Frankreich.<\/p>\n<p>Der libanesische Pr\u00e4sident Joseph Aoun <a rel=\"nofollow noopener\" target=\"_blank\" href=\"https:\/\/www.presidency.gov.lb\/posts\/alreys-awn-ardh-ma-alreys-makrwn-mrhlh-ma-bad-wqf-alnar-waz-ah-bastshhad-askry-frnsy-mn-alywnyfyl-wjrh-rfaq-lh-fy-alghndwryh-3458428975w2158\">sprach<\/a> seinem franz\u00f6sischen Amtskollegen in einem Telefonat sein Beileid aus und dankte Frankreich f\u00fcr sein Engagement. Weder Salam noch Aoun noch die libanesische <a rel=\"nofollow noopener\" target=\"_blank\" href=\"https:\/\/www.nna-leb.gov.lb\/en\/news\/160623\/lebanese-army-condemns-attack-on-unifil-launches-investigation-to-arrest-perpetrators-2\">Armee<\/a> lie\u00dfen sich jedoch dazu hinrei\u00dfen, die Hisbollah des Beschusses zu beschuldigen.<\/p>\n<p>Derzeit herrscht im Libanon eine zehnt\u00e4gige Waffenruhe, gegen die jedoch immer wieder versto\u00dfen wird. UNIFIL ist eine der \u00e4ltesten UN-Missionen und seit 1978 im Libanon t\u00e4tig. Die dort eingesetzten Blauhelmsoldaten geraten jedoch immer mehr zwischen die Fronten. Im vergangenen August hat der UN-Sicherheitsrat das Mandat f\u00fcr die UN-Friedenstruppe im Libanon auslaufen lassen. Die letzten Blauhelmsoldaten sollen bis Ende 2026 abziehen.<\/p>\n<p><strong>Mehr zum Thema<\/strong> &#8211; <a rel=\"nofollow noopener\" target=\"_blank\" href=\"https:\/\/freedert.online\/der-nahe-osten\/275546-russland-fordert-im-un-sicherheitsrat-untersuchung-der-israelischen-attacke-auf-rt-reporter\/\">Russland fordert im UN-Sicherheitsrat Untersuchung der israelischen Attacke auf RT-Reporter<\/a><\/p>\n<div class=\"EmbedBlock-root EmbedBlock-externalVideo EmbedBlock-rumble\">\n<div class=\"VkEmbed\"><iframe class=\"lazyload\" data-src=\"https:\/\/rumble.com\/embed\/v76gd5g\" frameborder=\"0\" width=\"853\" height=\"480\" allowfullscreen><\/iframe><\/div>\n<\/div>\n<\/div>\n<p><br \/>\n<br \/><a href=\"https:\/\/de.rt.com\/der-nahe-osten\/277568-franzoesischer-soldat-bei-unifil-mission\/\">Source link <\/a><\/p>\n","protected":false},"excerpt":{"rendered":"<p>Im Nahen Osten ist ein Franzose bei einer UN-Mission ums Leben gekommen. Er geriet mit seinen Kameraden unter Beschuss, als er eine Stra\u00dfe von Kampfmitteln r\u00e4umte. UNIFIL und der franz\u00f6sische Pr\u00e4sident Macron beschuldigen die Hisbollah. Wie die UN-Beobachtermission im Libanon in einer Pressemitteilung bekannt gab, beschossen bisher nicht ermittelte Akteure am Samstagmorgen eine Gruppe von [&hellip;]<\/p>\n","protected":false},"author":3,"featured_media":101895,"comment_status":"open","ping_status":"open","sticky":false,"template":"","format":"standard","meta":{"_yoast_indexnow_last_ping":["1776528601"],"wp_automatic_camp":["217"],"1720f599feee935dd4f86df14c577a66":["Franz\u00f6sischer Soldat bei UNIFIL-Mission im Libanon get\u00f6tet"],"original_link":["https:\/\/de.rt.com\/der-nahe-osten\/277568-franzoesischer-soldat-bei-unifil-mission\/"],"_thumbnail_id":["101895"],"jnews_social_counter_last_update":["1777306641"],"_wptgpro_p2tg_sent2tg":["a:1:{i:23737;s:19:\"2026-04-18 18:11:06\";}"]},"categories":[19,23],"tags":[363,9154,367,16906,7457,72455],"yoast_head":"<!-- This site is optimized with the Yoast SEO Premium plugin v22.7 (Yoast SEO v22.7) - https:\/\/yoast.com\/wordpress\/plugins\/seo\/ -->\n<title>Franz\u00f6sischer Soldat bei UNIFIL-Mission im Libanon get\u00f6tet - just-now.NEWS Deutschland<\/title>\n<meta name=\"robots\" content=\"index, follow, max-snippet:-1, max-image-preview:large, max-video-preview:-1\" \/>\n<link rel=\"canonical\" href=\"https:\/\/now-news.de\/de\/deutschland\/franzoesischer-soldat-bei-unifil-mission-im-libanon-getoetet\/\" \/>\n<meta property=\"og:locale\" content=\"de_DE\" \/>\n<meta property=\"og:type\" content=\"article\" \/>\n<meta property=\"og:title\" content=\"Franz\u00f6sischer Soldat bei UNIFIL-Mission im Libanon get\u00f6tet\" \/>\n<meta property=\"og:description\" content=\"Im Nahen Osten ist ein Franzose bei einer UN-Mission ums Leben gekommen. Er geriet mit seinen Kameraden unter Beschuss, als er eine Stra\u00dfe von Kampfmitteln r\u00e4umte. UNIFIL und der franz\u00f6sische Pr\u00e4sident Macron beschuldigen die Hisbollah. Wie die UN-Beobachtermission im Libanon in einer Pressemitteilung bekannt gab, beschossen bisher nicht ermittelte Akteure am Samstagmorgen eine Gruppe von [&hellip;]\" \/>\n<meta property=\"og:url\" content=\"https:\/\/now-news.de\/de\/deutschland\/franzoesischer-soldat-bei-unifil-mission-im-libanon-getoetet\/\" \/>\n<meta property=\"og:site_name\" content=\"just-now.NEWS Deutschland\" \/>\n<meta property=\"article:publisher\" content=\"https:\/\/www.facebook.com\/wirmachenauf\" \/>\n<meta property=\"article:published_time\" content=\"2026-04-18T15:57:03+00:00\" \/>\n<meta property=\"og:image\" content=\"https:\/\/now-news.de\/de\/wp-content\/uploads\/sites\/3\/2026\/04\/69e39b93b480cc63f13736cf.jpg\" \/>\n<meta name=\"author\" content=\"rtnews\" \/>\n<meta name=\"twitter:card\" content=\"summary_large_image\" \/>\n<meta name=\"twitter:creator\" content=\"@WirMachenAuf_de\" \/>\n<meta name=\"twitter:site\" content=\"@WirMachenAuf_de\" \/>\n<meta name=\"twitter:label1\" content=\"Verfasst von\" \/>\n\t<meta name=\"twitter:data1\" content=\"rtnews\" \/>\n\t<meta name=\"twitter:label2\" content=\"Gesch\u00e4tzte Lesezeit\" \/>\n\t<meta name=\"twitter:data2\" content=\"2\u00a0Minuten\" \/>\n<script type=\"application\/ld+json\" class=\"yoast-schema-graph\">{\"@context\":\"https:\/\/schema.org\",\"@graph\":[{\"@type\":\"Article\",\"@id\":\"https:\/\/now-news.de\/de\/deutschland\/franzoesischer-soldat-bei-unifil-mission-im-libanon-getoetet\/#article\",\"isPartOf\":{\"@id\":\"https:\/\/now-news.de\/de\/deutschland\/franzoesischer-soldat-bei-unifil-mission-im-libanon-getoetet\/\"},\"author\":{\"name\":\"rtnews\",\"@id\":\"https:\/\/now-news.de\/de\/#\/schema\/person\/fb534a4e865501d8b3285208df34a9b5\"},\"headline\":\"Franz\u00f6sischer Soldat bei UNIFIL-Mission im Libanon get\u00f6tet\",\"datePublished\":\"2026-04-18T15:57:03+00:00\",\"dateModified\":\"2026-04-18T15:57:03+00:00\",\"mainEntityOfPage\":{\"@id\":\"https:\/\/now-news.de\/de\/deutschland\/franzoesischer-soldat-bei-unifil-mission-im-libanon-getoetet\/\"},\"wordCount\":463,\"commentCount\":0,\"publisher\":{\"@id\":\"https:\/\/now-news.de\/de\/#organization\"},\"image\":{\"@id\":\"https:\/\/now-news.de\/de\/deutschland\/franzoesischer-soldat-bei-unifil-mission-im-libanon-getoetet\/#primaryimage\"},\"thumbnailUrl\":\"https:\/\/now-news.de\/de\/wp-content\/uploads\/sites\/3\/Franzoesischer-Soldat-bei-UNIFIL-Mission-im-Libanon-getoetet.jpg\",\"keywords\":[\"bei\",\"franz\u00f6sischer\",\"get\u00f6tet\",\"Libanon\",\"Soldat\",\"UNIFILMission\"],\"articleSection\":[\"Deutschland\",\"Russland\"],\"inLanguage\":\"de\",\"potentialAction\":[{\"@type\":\"CommentAction\",\"name\":\"Comment\",\"target\":[\"https:\/\/now-news.de\/de\/deutschland\/franzoesischer-soldat-bei-unifil-mission-im-libanon-getoetet\/#respond\"]}]},{\"@type\":\"WebPage\",\"@id\":\"https:\/\/now-news.de\/de\/deutschland\/franzoesischer-soldat-bei-unifil-mission-im-libanon-getoetet\/\",\"url\":\"https:\/\/now-news.de\/de\/deutschland\/franzoesischer-soldat-bei-unifil-mission-im-libanon-getoetet\/\",\"name\":\"Franz\u00f6sischer Soldat bei UNIFIL-Mission im Libanon get\u00f6tet - just-now.NEWS Deutschland\",\"isPartOf\":{\"@id\":\"https:\/\/now-news.de\/de\/#website\"},\"primaryImageOfPage\":{\"@id\":\"https:\/\/now-news.de\/de\/deutschland\/franzoesischer-soldat-bei-unifil-mission-im-libanon-getoetet\/#primaryimage\"},\"image\":{\"@id\":\"https:\/\/now-news.de\/de\/deutschland\/franzoesischer-soldat-bei-unifil-mission-im-libanon-getoetet\/#primaryimage\"},\"thumbnailUrl\":\"https:\/\/now-news.de\/de\/wp-content\/uploads\/sites\/3\/Franzoesischer-Soldat-bei-UNIFIL-Mission-im-Libanon-getoetet.jpg\",\"datePublished\":\"2026-04-18T15:57:03+00:00\",\"dateModified\":\"2026-04-18T15:57:03+00:00\",\"breadcrumb\":{\"@id\":\"https:\/\/now-news.de\/de\/deutschland\/franzoesischer-soldat-bei-unifil-mission-im-libanon-getoetet\/#breadcrumb\"},\"inLanguage\":\"de\",\"potentialAction\":[{\"@type\":\"ReadAction\",\"target\":[\"https:\/\/now-news.de\/de\/deutschland\/franzoesischer-soldat-bei-unifil-mission-im-libanon-getoetet\/\"]}]},{\"@type\":\"ImageObject\",\"inLanguage\":\"de\",\"@id\":\"https:\/\/now-news.de\/de\/deutschland\/franzoesischer-soldat-bei-unifil-mission-im-libanon-getoetet\/#primaryimage\",\"url\":\"https:\/\/now-news.de\/de\/wp-content\/uploads\/sites\/3\/Franzoesischer-Soldat-bei-UNIFIL-Mission-im-Libanon-getoetet.jpg\",\"contentUrl\":\"https:\/\/now-news.de\/de\/wp-content\/uploads\/sites\/3\/Franzoesischer-Soldat-bei-UNIFIL-Mission-im-Libanon-getoetet.jpg\",\"caption\":\"Franz\u00f6sischer Soldat bei UNIFIL-Mission im Libanon get\u00f6tet\"},{\"@type\":\"BreadcrumbList\",\"@id\":\"https:\/\/now-news.de\/de\/deutschland\/franzoesischer-soldat-bei-unifil-mission-im-libanon-getoetet\/#breadcrumb\",\"itemListElement\":[{\"@type\":\"ListItem\",\"position\":1,\"name\":\"Home\",\"item\":\"https:\/\/now-news.de\/de\/\"},{\"@type\":\"ListItem\",\"position\":2,\"name\":\"Franz\u00f6sischer Soldat bei UNIFIL-Mission im Libanon get\u00f6tet\"}]},{\"@type\":\"WebSite\",\"@id\":\"https:\/\/now-news.de\/de\/#website\",\"url\":\"https:\/\/now-news.de\/de\/\",\"name\":\"just-now.NEWS Deutschland\",\"description\":\"Das Portal f\u00fcr unzensierte Nachrichten aus der Welt\",\"publisher\":{\"@id\":\"https:\/\/now-news.de\/de\/#organization\"},\"potentialAction\":[{\"@type\":\"SearchAction\",\"target\":{\"@type\":\"EntryPoint\",\"urlTemplate\":\"https:\/\/now-news.de\/de\/?s={search_term_string}\"},\"query-input\":\"required name=search_term_string\"}],\"inLanguage\":\"de\"},{\"@type\":\"Organization\",\"@id\":\"https:\/\/now-news.de\/de\/#organization\",\"name\":\"Just Now News\",\"url\":\"https:\/\/now-news.de\/de\/\",\"logo\":{\"@type\":\"ImageObject\",\"inLanguage\":\"de\",\"@id\":\"https:\/\/now-news.de\/de\/#\/schema\/logo\/image\/\",\"url\":\"http:\/\/just-now.news\/de\/wp-content\/uploads\/sites\/3\/2022\/04\/logo500x500.jpg\",\"contentUrl\":\"http:\/\/just-now.news\/de\/wp-content\/uploads\/sites\/3\/2022\/04\/logo500x500.jpg\",\"width\":500,\"height\":500,\"caption\":\"Just Now News\"},\"image\":{\"@id\":\"https:\/\/now-news.de\/de\/#\/schema\/logo\/image\/\"},\"sameAs\":[\"https:\/\/www.facebook.com\/wirmachenauf\",\"https:\/\/x.com\/WirMachenAuf_de\"]},{\"@type\":\"Person\",\"@id\":\"https:\/\/now-news.de\/de\/#\/schema\/person\/fb534a4e865501d8b3285208df34a9b5\",\"name\":\"rtnews\",\"image\":{\"@type\":\"ImageObject\",\"inLanguage\":\"de\",\"@id\":\"https:\/\/now-news.de\/de\/#\/schema\/person\/image\/\",\"url\":\"https:\/\/secure.gravatar.com\/avatar\/82aafea7d8127119dd649515f56e2117?s=96&d=mm&r=g\",\"contentUrl\":\"https:\/\/secure.gravatar.com\/avatar\/82aafea7d8127119dd649515f56e2117?s=96&d=mm&r=g\",\"caption\":\"rtnews\"},\"url\":\"https:\/\/now-news.de\/de\/author\/rnews\/\"}]}<\/script>\n<!-- \/ Yoast SEO Premium plugin. -->","yoast_head_json":{"title":"Franz\u00f6sischer Soldat bei UNIFIL-Mission im Libanon get\u00f6tet - just-now.NEWS Deutschland","robots":{"index":"index","follow":"follow","max-snippet":"max-snippet:-1","max-image-preview":"max-image-preview:large","max-video-preview":"max-video-preview:-1"},"canonical":"https:\/\/now-news.de\/de\/deutschland\/franzoesischer-soldat-bei-unifil-mission-im-libanon-getoetet\/","og_locale":"de_DE","og_type":"article","og_title":"Franz\u00f6sischer Soldat bei UNIFIL-Mission im Libanon get\u00f6tet","og_description":"Im Nahen Osten ist ein Franzose bei einer UN-Mission ums Leben gekommen. Er geriet mit seinen Kameraden unter Beschuss, als er eine Stra\u00dfe von Kampfmitteln r\u00e4umte. UNIFIL und der franz\u00f6sische Pr\u00e4sident Macron beschuldigen die Hisbollah. Wie die UN-Beobachtermission im Libanon in einer Pressemitteilung bekannt gab, beschossen bisher nicht ermittelte Akteure am Samstagmorgen eine Gruppe von [&hellip;]","og_url":"https:\/\/now-news.de\/de\/deutschland\/franzoesischer-soldat-bei-unifil-mission-im-libanon-getoetet\/","og_site_name":"just-now.NEWS Deutschland","article_publisher":"https:\/\/www.facebook.com\/wirmachenauf","article_published_time":"2026-04-18T15:57:03+00:00","og_image":[{"url":"https:\/\/now-news.de\/de\/wp-content\/uploads\/sites\/3\/2026\/04\/69e39b93b480cc63f13736cf.jpg"}],"author":"rtnews","twitter_card":"summary_large_image","twitter_creator":"@WirMachenAuf_de","twitter_site":"@WirMachenAuf_de","twitter_misc":{"Verfasst von":"rtnews","Gesch\u00e4tzte Lesezeit":"2\u00a0Minuten"},"schema":{"@context":"https:\/\/schema.org","@graph":[{"@type":"Article","@id":"https:\/\/now-news.de\/de\/deutschland\/franzoesischer-soldat-bei-unifil-mission-im-libanon-getoetet\/#article","isPartOf":{"@id":"https:\/\/now-news.de\/de\/deutschland\/franzoesischer-soldat-bei-unifil-mission-im-libanon-getoetet\/"},"author":{"name":"rtnews","@id":"https:\/\/now-news.de\/de\/#\/schema\/person\/fb534a4e865501d8b3285208df34a9b5"},"headline":"Franz\u00f6sischer Soldat bei UNIFIL-Mission im Libanon get\u00f6tet","datePublished":"2026-04-18T15:57:03+00:00","dateModified":"2026-04-18T15:57:03+00:00","mainEntityOfPage":{"@id":"https:\/\/now-news.de\/de\/deutschland\/franzoesischer-soldat-bei-unifil-mission-im-libanon-getoetet\/"},"wordCount":463,"commentCount":0,"publisher":{"@id":"https:\/\/now-news.de\/de\/#organization"},"image":{"@id":"https:\/\/now-news.de\/de\/deutschland\/franzoesischer-soldat-bei-unifil-mission-im-libanon-getoetet\/#primaryimage"},"thumbnailUrl":"https:\/\/now-news.de\/de\/wp-content\/uploads\/sites\/3\/Franzoesischer-Soldat-bei-UNIFIL-Mission-im-Libanon-getoetet.jpg","keywords":["bei","franz\u00f6sischer","get\u00f6tet","Libanon","Soldat","UNIFILMission"],"articleSection":["Deutschland","Russland"],"inLanguage":"de","potentialAction":[{"@type":"CommentAction","name":"Comment","target":["https:\/\/now-news.de\/de\/deutschland\/franzoesischer-soldat-bei-unifil-mission-im-libanon-getoetet\/#respond"]}]},{"@type":"WebPage","@id":"https:\/\/now-news.de\/de\/deutschland\/franzoesischer-soldat-bei-unifil-mission-im-libanon-getoetet\/","url":"https:\/\/now-news.de\/de\/deutschland\/franzoesischer-soldat-bei-unifil-mission-im-libanon-getoetet\/","name":"Franz\u00f6sischer Soldat bei UNIFIL-Mission im Libanon get\u00f6tet - just-now.NEWS Deutschland","isPartOf":{"@id":"https:\/\/now-news.de\/de\/#website"},"primaryImageOfPage":{"@id":"https:\/\/now-news.de\/de\/deutschland\/franzoesischer-soldat-bei-unifil-mission-im-libanon-getoetet\/#primaryimage"},"image":{"@id":"https:\/\/now-news.de\/de\/deutschland\/franzoesischer-soldat-bei-unifil-mission-im-libanon-getoetet\/#primaryimage"},"thumbnailUrl":"https:\/\/now-news.de\/de\/wp-content\/uploads\/sites\/3\/Franzoesischer-Soldat-bei-UNIFIL-Mission-im-Libanon-getoetet.jpg","datePublished":"2026-04-18T15:57:03+00:00","dateModified":"2026-04-18T15:57:03+00:00","breadcrumb":{"@id":"https:\/\/now-news.de\/de\/deutschland\/franzoesischer-soldat-bei-unifil-mission-im-libanon-getoetet\/#breadcrumb"},"inLanguage":"de","potentialAction":[{"@type":"ReadAction","target":["https:\/\/now-news.de\/de\/deutschland\/franzoesischer-soldat-bei-unifil-mission-im-libanon-getoetet\/"]}]},{"@type":"ImageObject","inLanguage":"de","@id":"https:\/\/now-news.de\/de\/deutschland\/franzoesischer-soldat-bei-unifil-mission-im-libanon-getoetet\/#primaryimage","url":"https:\/\/now-news.de\/de\/wp-content\/uploads\/sites\/3\/Franzoesischer-Soldat-bei-UNIFIL-Mission-im-Libanon-getoetet.jpg","contentUrl":"https:\/\/now-news.de\/de\/wp-content\/uploads\/sites\/3\/Franzoesischer-Soldat-bei-UNIFIL-Mission-im-Libanon-getoetet.jpg","caption":"Franz\u00f6sischer Soldat bei UNIFIL-Mission im Libanon get\u00f6tet"},{"@type":"BreadcrumbList","@id":"https:\/\/now-news.de\/de\/deutschland\/franzoesischer-soldat-bei-unifil-mission-im-libanon-getoetet\/#breadcrumb","itemListElement":[{"@type":"ListItem","position":1,"name":"Home","item":"https:\/\/now-news.de\/de\/"},{"@type":"ListItem","position":2,"name":"Franz\u00f6sischer Soldat bei UNIFIL-Mission im Libanon get\u00f6tet"}]},{"@type":"WebSite","@id":"https:\/\/now-news.de\/de\/#website","url":"https:\/\/now-news.de\/de\/","name":"just-now.NEWS Deutschland","description":"Das Portal f\u00fcr unzensierte Nachrichten aus der Welt","publisher":{"@id":"https:\/\/now-news.de\/de\/#organization"},"potentialAction":[{"@type":"SearchAction","target":{"@type":"EntryPoint","urlTemplate":"https:\/\/now-news.de\/de\/?s={search_term_string}"},"query-input":"required name=search_term_string"}],"inLanguage":"de"},{"@type":"Organization","@id":"https:\/\/now-news.de\/de\/#organization","name":"Just Now News","url":"https:\/\/now-news.de\/de\/","logo":{"@type":"ImageObject","inLanguage":"de","@id":"https:\/\/now-news.de\/de\/#\/schema\/logo\/image\/","url":"http:\/\/just-now.news\/de\/wp-content\/uploads\/sites\/3\/2022\/04\/logo500x500.jpg","contentUrl":"http:\/\/just-now.news\/de\/wp-content\/uploads\/sites\/3\/2022\/04\/logo500x500.jpg","width":500,"height":500,"caption":"Just Now News"},"image":{"@id":"https:\/\/now-news.de\/de\/#\/schema\/logo\/image\/"},"sameAs":["https:\/\/www.facebook.com\/wirmachenauf","https:\/\/x.com\/WirMachenAuf_de"]},{"@type":"Person","@id":"https:\/\/now-news.de\/de\/#\/schema\/person\/fb534a4e865501d8b3285208df34a9b5","name":"rtnews","image":{"@type":"ImageObject","inLanguage":"de","@id":"https:\/\/now-news.de\/de\/#\/schema\/person\/image\/","url":"https:\/\/secure.gravatar.com\/avatar\/82aafea7d8127119dd649515f56e2117?s=96&d=mm&r=g","contentUrl":"https:\/\/secure.gravatar.com\/avatar\/82aafea7d8127119dd649515f56e2117?s=96&d=mm&r=g","caption":"rtnews"},"url":"https:\/\/now-news.de\/de\/author\/rnews\/"}]}},"_links":{"self":[{"href":"https:\/\/now-news.de\/de\/wp-json\/wp\/v2\/posts\/101894"}],"collection":[{"href":"https:\/\/now-news.de\/de\/wp-json\/wp\/v2\/posts"}],"about":[{"href":"https:\/\/now-news.de\/de\/wp-json\/wp\/v2\/types\/post"}],"author":[{"embeddable":true,"href":"https:\/\/now-news.de\/de\/wp-json\/wp\/v2\/users\/3"}],"replies":[{"embeddable":true,"href":"https:\/\/now-news.de\/de\/wp-json\/wp\/v2\/comments?post=101894"}],"version-history":[{"count":0,"href":"https:\/\/now-news.de\/de\/wp-json\/wp\/v2\/posts\/101894\/revisions"}],"wp:featuredmedia":[{"embeddable":true,"href":"https:\/\/now-news.de\/de\/wp-json\/wp\/v2\/media\/101895"}],"wp:attachment":[{"href":"https:\/\/now-news.de\/de\/wp-json\/wp\/v2\/media?parent=101894"}],"wp:term":[{"taxonomy":"category","embeddable":true,"href":"https:\/\/now-news.de\/de\/wp-json\/wp\/v2\/categories?post=101894"},{"taxonomy":"post_tag","embeddable":true,"href":"https:\/\/now-news.de\/de\/wp-json\/wp\/v2\/tags?post=101894"}],"curies":[{"name":"wp","href":"https:\/\/api.w.org\/{rel}","templated":true}]}}