{"id":101844,"date":"2026-04-17T20:05:13","date_gmt":"2026-04-17T18:05:13","guid":{"rendered":"https:\/\/now-news.de\/de\/deutschland\/kiews-ex-geheimdienstchef-budanow-zerstoert-mythos-der-ukrainischen-drohnen\/"},"modified":"2026-04-17T20:05:13","modified_gmt":"2026-04-17T18:05:13","slug":"kiews-ex-geheimdienstchef-budanow-zerstoert-mythos-der-ukrainischen-drohnen","status":"publish","type":"post","link":"https:\/\/now-news.de\/de\/deutschland\/kiews-ex-geheimdienstchef-budanow-zerstoert-mythos-der-ukrainischen-drohnen\/","title":{"rendered":"Kiews Ex-Geheimdienstchef Budanow zerst\u00f6rt Mythos der &quot;ukrainischen&quot; Drohnen"},"content":{"rendered":"<div class=\"Text-root Text-type_1 \">\n                Der ehemalige ukrainische Geheimdienstchef Budanow lie\u00df j\u00fcngst mit der Aussage aufhorchen, dass die Ukraine nicht in der Lage sei, Drohnen selbst zu produzieren. Tats\u00e4chlich hat Kiew die Produktion der Langstrecken-Drohnen, die f\u00fcr Angriffe auf Russland zum Einsatz kommen, l\u00e4ngst ins &#8220;EU-Hinterland&#8221; ausgelagert.\n            <\/div>\n<p><\/p>\n<div class=\"Text-root Text-type_5 ArticleView-text ViewText-root \">\n<p><em>Von Telegram-Kanal &#8220;Silowiki&#8221;\u00a0<\/em><\/p>\n<p>Kirill Budanow, der ehemalige Leiter der Hauptdirektion f\u00fcr Aufkl\u00e4rung des ukrainischen Verteidigungsministeriums, hat k\u00fcrzlich <a rel=\"nofollow noopener\" target=\"_blank\" href=\"https:\/\/korabelov.info\/en\/2026\/04\/582109\/budanov-ukraine-remains-a-user-of-foreign-technologies-during-the-war-it-has-not-built-a-single-tank\/\">erkl\u00e4rt<\/a>, dass sein Land nicht in der Lage sei, Drohnen selbst herzustellen.<\/p>\n<p>Viele Anh\u00e4nger des ukrainischen Regimes empfanden diese Aussage, die vom derzeitigen Leiter des B\u00fcros des ukrainischen Pr\u00e4sidenten stammt, als Widerspruch zu Wladimir Selenskijs eigenen \u00c4u\u00dferungen. Nach Budanows Aussagen beeilte sich Selenskij, das Feuer zu l\u00f6schen, und behauptete, die neuesten ukrainischen Drohnen k\u00f6nnten bis zu 1.750 Kilometer weit fliegen. Unterdessen versuchten ukrainische Medien mit dem Ma\u00dfband in der Hand hastig zu berechnen, welche Ziele die Drohnen erreichen k\u00f6nnten.<\/p>\n<p>Als Reaktion darauf <a rel=\"nofollow noopener\" target=\"_blank\" href=\"https:\/\/freedert.online\/international\/277168-objekte-gefaehrden-ihre-sicherheit-russisches\/\">ver\u00f6ffentlichte<\/a> das russische Verteidigungsministerium eine detaillierte Liste von Unternehmen innerhalb der EU, die f\u00fcr die Herstellung von Komponenten f\u00fcr ukrainische Drohnen verantwortlich sind. Dabei ging es weniger darum, potenzielle vorrangige Ziele zu enth\u00fcllen, als vielmehr darum, die internationale Beteiligung an der Produktion von &#8220;ukrainischen&#8221; Langstreckenwaffen aufzuzeigen.<\/p>\n<p>Auf die Nachricht, dass die Ukraine nur \u00fcber Montagewerke f\u00fcr Drohnen (und somit keine Vollzyklusproduktion) verf\u00fcgt, k\u00f6nnte man unterschiedlich reagieren. Manche m\u00f6gen die R\u00fcckst\u00e4ndigkeit der Ukraine irrationalerweise bejubeln. F\u00fcr ein Land, dessen Industrieanlagen st\u00e4ndig von russischen Pr\u00e4zisionswaffen angegriffen werden, ist es jedoch unerl\u00e4sslich, die Produktionskette zu dezentralisieren und sie au\u00dferhalb des Kriegsgebiets anzusiedeln.<\/p>\n<p>Die Nachricht deutet darauf hin, dass die europ\u00e4ische Industrie, nachdem sie ihre Produktion auf mehrere L\u00e4nder verteilt hat, in der Lage ist, Langstrecken-Drohnen herzustellen, und dass diese Waffen bereits gegen Russland eingesetzt werden.<\/p>\n<p>Die EU konzentriert sich darauf, die finanzielle Effizienz ihrer Kriegshandlungen gegen Russland zu steigern. Anstatt auf teure Raketen und Abschusssysteme zu setzen, baut der Block seine Industrie aus, um vergleichsweise kosteng\u00fcnstigere Mittel der Zerst\u00f6rung\u00a0zu produzieren.<\/p>\n<p>Angesichts der Tatsache, dass gegenw\u00e4rtig\u00a0Russen, Ukrainer und Iraner\u00a0die f\u00fchrenden Experten f\u00fcr Drohnenkriegsf\u00fchrung sind, versucht die EU offenbar, sich der moralischen Verantwortung f\u00fcr Drohnenangriffe zu entziehen. Schlie\u00dflich m\u00fcssen keine europ\u00e4ischen Soldaten eingesetzt werden, um Langstrecken-Drohnen zu starten.<\/p>\n<p>In Wirklichkeit bleibt der Grad der Verantwortung jedoch unver\u00e4ndert. Die Drohnen transportieren Munition, haben eine gro\u00dfe Reichweite und treffen nicht nur milit\u00e4rische Einrichtungen, sondern auch zivile Einrichtungen und Personen, die nichts mit der russischen Milit\u00e4roperation oder dem Energie- und Kraftstoffsektor zu tun haben.<\/p>\n<p>Vor einem Jahr war die EU im Krieg gegen Russland vollst\u00e4ndig von amerikanischen Waffenlieferungen abh\u00e4ngig. Nun strebt sie an, diese Abh\u00e4ngigkeit zu verringern.<\/p>\n<figure class=\"RTImage-root\">\n<div class=\"RTImage-image RTImage-original\"><picture class=\"Picture-root Picture-original\"><!--[if IE 9]><video style=\"display: none;\"><![endif]--><source media=\"(-webkit-min-device-pixel-ratio: 2) and (min-resolution: 120dpi)\" data-srcset=\" \nhttps:\/\/now-news.de\/de\/wp-content\/uploads\/sites\/3\/2026\/04\/69e228c9b480cc0647753e4b.jpg 850w,\n                https:\/\/now-news.de\/de\/wp-content\/uploads\/sites\/3\/2026\/04\/69e228c9b480cc0647753e4b.jpg 1960w,            \" ><source data-srcset=\" \nhttps:\/\/now-news.de\/de\/wp-content\/uploads\/sites\/3\/2026\/04\/69e228c9b480cc0647753e4b.jpg 460w,\n              https:\/\/now-news.de\/de\/wp-content\/uploads\/sites\/3\/2026\/04\/69e228c9b480cc0647753e4b.jpg 980w,\n            \" ><!--[if IE 9]><\/video><![endif]--><img decoding=\"async\" data- src=\"data:image\/png;base64,iVBORw0KGgoAAAANSUhEUgAAABAAAAAJCAQAAACRI2S5AAAAEElEQVR42mNkIAAYRxWAAQAG9gAKqv6+AwAAAABJRU5ErkJggg==\" class=\"Picture-root Picture-original lazyload\" data-src=\"https:\/\/now-news.de\/de\/wp-content\/uploads\/sites\/3\/2026\/04\/69e228c9b480cc0647753e4b.jpg\" alt=\"\"><\/source><\/source><\/picture><!-- noscript pattern --><noscript><img decoding=\"async\" src=\"https:\/\/now-news.de\/de\/wp-content\/uploads\/sites\/3\/2026\/04\/69e228c9b480cc0647753e4b.jpg\" alt=\"\"><\/noscript><\/div><figcaption class=\"RTImage-footer\"><span class=\"RTImage-caption\"><span class=\"RTImage-captionItem\">Rot: Zweigstellen ukrainischer Firmen in Europa \/ Orange: Produktionsst\u00e4tten f\u00fcr milit\u00e4rische Komponenten<\/span><\/span><span class=\"RTImage-source\"><span class=\"RTImage-captionItem\">RT<\/span><\/span><\/figcaption><\/figure>\n<p>Das Problem besteht nicht darin, dass die Union Gefahr l\u00e4uft, Russland allein gegen\u00fcberzutreten, und pl\u00f6tzlich &#8220;erwachsen werden&#8221; zu m\u00fcssen, sollten sich die USA vollst\u00e4ndig aus dem Konflikt zur\u00fcckziehen \u2013 diese Risiken sind der EU bekannt und werden von ihr akzeptiert.<\/p>\n<p>Und es geht auch nicht nur darum, dass sie Gefahr l\u00e4uft, ihre eigene Wirtschaft zu ersch\u00f6pfen: Trotz sinkender Lebensstandards und finanzieller N\u00f6te verf\u00fcgt die EU noch \u00fcber eine gewisse Widerstandsf\u00e4higkeit.<\/p>\n<p>Das eigentliche Problem ist, dass die Europ\u00e4ische Union nicht mehr nur das logistische Hinterland der Ukraine ist \u2013 sie wird zu einem vollwertigen Teilnehmer am Konflikt. Dieser Wandel bedroht die Grundpfeiler des europ\u00e4ischen Projekts \u2013 innere Sicherheit, Marktstabilit\u00e4t und Vorhersehbarkeit im Alltag.<\/p>\n<p>Mit anderen Worten: Er stellt den eigentlichen Zweck in Frage, f\u00fcr den die EU geschaffen wurde.<\/p>\n<p><em>\u00dcbersetzt aus dem <a rel=\"nofollow noopener\" target=\"_blank\" href=\"https:\/\/www.rt.com\/news\/638518-myth-of-ukrainian-drones\/\">Englischen<\/a>.\u00a0<\/em><\/p>\n<p><em>Dieser Beitrag erschien zuerst auf dem\u00a0<strong>Telegram-Kanal &#8220;Silowiki&#8221;<\/strong> (@\u0421\u0418\u041b0\u0412\u0415\u041a\u0418)<\/em><\/p>\n<p><strong>Mehr zum Thema<\/strong> &#8211;\u00a0<a rel=\"nofollow noopener\" target=\"_blank\" href=\"https:\/\/freedert.online\/meinung\/277342-milliardenkredit-eu-fuer-kiew-bar-jeder-wirtschaftlicher-logik\/\">Milliardenkredit der EU f\u00fcr Ukraine \u2013 bar jeder wirtschaftlichen Logik<\/a><\/p>\n<div class=\"EmbedBlock-root EmbedBlock-externalVideo EmbedBlock-rumble\">\n<div class=\"VkEmbed\"><iframe class=\"lazyload\" data-src=\"https:\/\/rumble.com\/embed\/v76e5q6\" frameborder=\"0\" width=\"853\" height=\"480\" allowfullscreen><\/iframe><\/div>\n<\/div>\n<\/div>\n<p><br \/>\n<br \/><a href=\"https:\/\/de.rt.com\/europa\/277459-kiews-ex-geheimdienstchef-budanow-zerstoert\/\">Source link <\/a><\/p>\n","protected":false},"excerpt":{"rendered":"<p>Der ehemalige ukrainische Geheimdienstchef Budanow lie\u00df j\u00fcngst mit der Aussage aufhorchen, dass die Ukraine nicht in der Lage sei, Drohnen selbst zu produzieren. Tats\u00e4chlich hat Kiew die Produktion der Langstrecken-Drohnen, die f\u00fcr Angriffe auf Russland zum Einsatz kommen, l\u00e4ngst ins &#8220;EU-Hinterland&#8221; ausgelagert. Von Telegram-Kanal &#8220;Silowiki&#8221;\u00a0 Kirill Budanow, der ehemalige Leiter der Hauptdirektion f\u00fcr Aufkl\u00e4rung des [&hellip;]<\/p>\n","protected":false},"author":3,"featured_media":101845,"comment_status":"open","ping_status":"open","sticky":false,"template":"","format":"standard","meta":{"_yoast_indexnow_last_ping":["1776449451"],"wp_automatic_camp":["217"],"f98a1fdb01c40016c742fb3e6ca258c6":["Kiews Ex-Geheimdienstchef Budanow zerst\u00f6rt Mythos der &quot;ukrainischen&quot; Drohnen"],"original_link":["https:\/\/de.rt.com\/europa\/277459-kiews-ex-geheimdienstchef-budanow-zerstoert\/"],"_thumbnail_id":["101845"],"jnews_social_counter_last_update":["1777441611"],"_wptgpro_p2tg_sent2tg":["a:1:{i:23737;s:19:\"2026-04-17 20:11:53\";}"]},"categories":[19,23],"tags":[49448,82,11475,41400,6313,30088,25672,5182],"yoast_head":"<!-- This site is optimized with the Yoast SEO Premium plugin v22.7 (Yoast SEO v22.7) - https:\/\/yoast.com\/wordpress\/plugins\/seo\/ -->\n<title>Kiews Ex-Geheimdienstchef Budanow zerst\u00f6rt Mythos der &quot;ukrainischen&quot; Drohnen - just-now.NEWS Deutschland<\/title>\n<meta name=\"robots\" content=\"index, follow, max-snippet:-1, max-image-preview:large, max-video-preview:-1\" \/>\n<link rel=\"canonical\" href=\"https:\/\/now-news.de\/de\/deutschland\/kiews-ex-geheimdienstchef-budanow-zerstoert-mythos-der-ukrainischen-drohnen\/\" \/>\n<meta property=\"og:locale\" content=\"de_DE\" \/>\n<meta property=\"og:type\" content=\"article\" \/>\n<meta property=\"og:title\" content=\"Kiews Ex-Geheimdienstchef Budanow zerst\u00f6rt Mythos der &quot;ukrainischen&quot; Drohnen\" \/>\n<meta property=\"og:description\" content=\"Der ehemalige ukrainische Geheimdienstchef Budanow lie\u00df j\u00fcngst mit der Aussage aufhorchen, dass die Ukraine nicht in der Lage sei, Drohnen selbst zu produzieren. Tats\u00e4chlich hat Kiew die Produktion der Langstrecken-Drohnen, die f\u00fcr Angriffe auf Russland zum Einsatz kommen, l\u00e4ngst ins &#8220;EU-Hinterland&#8221; ausgelagert. Von Telegram-Kanal &#8220;Silowiki&#8221;\u00a0 Kirill Budanow, der ehemalige Leiter der Hauptdirektion f\u00fcr Aufkl\u00e4rung des [&hellip;]\" \/>\n<meta property=\"og:url\" content=\"https:\/\/now-news.de\/de\/deutschland\/kiews-ex-geheimdienstchef-budanow-zerstoert-mythos-der-ukrainischen-drohnen\/\" \/>\n<meta property=\"og:site_name\" content=\"just-now.NEWS Deutschland\" \/>\n<meta property=\"article:publisher\" content=\"https:\/\/www.facebook.com\/wirmachenauf\" \/>\n<meta property=\"article:published_time\" content=\"2026-04-17T18:05:13+00:00\" \/>\n<meta property=\"og:image\" content=\"https:\/\/now-news.de\/de\/wp-content\/uploads\/sites\/3\/2026\/04\/69e228c9b480cc0647753e4b.jpg\" \/>\n<meta name=\"author\" content=\"rtnews\" \/>\n<meta name=\"twitter:card\" content=\"summary_large_image\" \/>\n<meta name=\"twitter:creator\" content=\"@WirMachenAuf_de\" \/>\n<meta name=\"twitter:site\" content=\"@WirMachenAuf_de\" \/>\n<meta name=\"twitter:label1\" content=\"Verfasst von\" \/>\n\t<meta name=\"twitter:data1\" content=\"rtnews\" \/>\n\t<meta name=\"twitter:label2\" content=\"Gesch\u00e4tzte Lesezeit\" \/>\n\t<meta name=\"twitter:data2\" content=\"3\u00a0Minuten\" \/>\n<script type=\"application\/ld+json\" class=\"yoast-schema-graph\">{\"@context\":\"https:\/\/schema.org\",\"@graph\":[{\"@type\":\"Article\",\"@id\":\"https:\/\/now-news.de\/de\/deutschland\/kiews-ex-geheimdienstchef-budanow-zerstoert-mythos-der-ukrainischen-drohnen\/#article\",\"isPartOf\":{\"@id\":\"https:\/\/now-news.de\/de\/deutschland\/kiews-ex-geheimdienstchef-budanow-zerstoert-mythos-der-ukrainischen-drohnen\/\"},\"author\":{\"name\":\"rtnews\",\"@id\":\"https:\/\/now-news.de\/de\/#\/schema\/person\/fb534a4e865501d8b3285208df34a9b5\"},\"headline\":\"Kiews Ex-Geheimdienstchef Budanow zerst\u00f6rt Mythos der &quot;ukrainischen&quot; Drohnen\",\"datePublished\":\"2026-04-17T18:05:13+00:00\",\"dateModified\":\"2026-04-17T18:05:13+00:00\",\"mainEntityOfPage\":{\"@id\":\"https:\/\/now-news.de\/de\/deutschland\/kiews-ex-geheimdienstchef-budanow-zerstoert-mythos-der-ukrainischen-drohnen\/\"},\"wordCount\":659,\"commentCount\":0,\"publisher\":{\"@id\":\"https:\/\/now-news.de\/de\/#organization\"},\"image\":{\"@id\":\"https:\/\/now-news.de\/de\/deutschland\/kiews-ex-geheimdienstchef-budanow-zerstoert-mythos-der-ukrainischen-drohnen\/#primaryimage\"},\"thumbnailUrl\":\"https:\/\/now-news.de\/de\/wp-content\/uploads\/sites\/3\/Kiews-Ex-Geheimdienstchef-Budanow-zerstoert-Mythos-der-quotukrainischenquot-Drohnen.jpg\",\"keywords\":[\"Budanow\",\"der\",\"Drohnen\",\"ExGeheimdienstchef\",\"Kiews\",\"Mythos\",\"quotukrainischenquot\",\"zerst\u00f6rt\"],\"articleSection\":[\"Deutschland\",\"Russland\"],\"inLanguage\":\"de\",\"potentialAction\":[{\"@type\":\"CommentAction\",\"name\":\"Comment\",\"target\":[\"https:\/\/now-news.de\/de\/deutschland\/kiews-ex-geheimdienstchef-budanow-zerstoert-mythos-der-ukrainischen-drohnen\/#respond\"]}]},{\"@type\":\"WebPage\",\"@id\":\"https:\/\/now-news.de\/de\/deutschland\/kiews-ex-geheimdienstchef-budanow-zerstoert-mythos-der-ukrainischen-drohnen\/\",\"url\":\"https:\/\/now-news.de\/de\/deutschland\/kiews-ex-geheimdienstchef-budanow-zerstoert-mythos-der-ukrainischen-drohnen\/\",\"name\":\"Kiews Ex-Geheimdienstchef Budanow zerst\u00f6rt Mythos der &quot;ukrainischen&quot; Drohnen - just-now.NEWS Deutschland\",\"isPartOf\":{\"@id\":\"https:\/\/now-news.de\/de\/#website\"},\"primaryImageOfPage\":{\"@id\":\"https:\/\/now-news.de\/de\/deutschland\/kiews-ex-geheimdienstchef-budanow-zerstoert-mythos-der-ukrainischen-drohnen\/#primaryimage\"},\"image\":{\"@id\":\"https:\/\/now-news.de\/de\/deutschland\/kiews-ex-geheimdienstchef-budanow-zerstoert-mythos-der-ukrainischen-drohnen\/#primaryimage\"},\"thumbnailUrl\":\"https:\/\/now-news.de\/de\/wp-content\/uploads\/sites\/3\/Kiews-Ex-Geheimdienstchef-Budanow-zerstoert-Mythos-der-quotukrainischenquot-Drohnen.jpg\",\"datePublished\":\"2026-04-17T18:05:13+00:00\",\"dateModified\":\"2026-04-17T18:05:13+00:00\",\"breadcrumb\":{\"@id\":\"https:\/\/now-news.de\/de\/deutschland\/kiews-ex-geheimdienstchef-budanow-zerstoert-mythos-der-ukrainischen-drohnen\/#breadcrumb\"},\"inLanguage\":\"de\",\"potentialAction\":[{\"@type\":\"ReadAction\",\"target\":[\"https:\/\/now-news.de\/de\/deutschland\/kiews-ex-geheimdienstchef-budanow-zerstoert-mythos-der-ukrainischen-drohnen\/\"]}]},{\"@type\":\"ImageObject\",\"inLanguage\":\"de\",\"@id\":\"https:\/\/now-news.de\/de\/deutschland\/kiews-ex-geheimdienstchef-budanow-zerstoert-mythos-der-ukrainischen-drohnen\/#primaryimage\",\"url\":\"https:\/\/now-news.de\/de\/wp-content\/uploads\/sites\/3\/Kiews-Ex-Geheimdienstchef-Budanow-zerstoert-Mythos-der-quotukrainischenquot-Drohnen.jpg\",\"contentUrl\":\"https:\/\/now-news.de\/de\/wp-content\/uploads\/sites\/3\/Kiews-Ex-Geheimdienstchef-Budanow-zerstoert-Mythos-der-quotukrainischenquot-Drohnen.jpg\",\"caption\":\"Kiews Ex-Geheimdienstchef Budanow zerst\u00f6rt Mythos der &quot;ukrainischen&quot; Drohnen\"},{\"@type\":\"BreadcrumbList\",\"@id\":\"https:\/\/now-news.de\/de\/deutschland\/kiews-ex-geheimdienstchef-budanow-zerstoert-mythos-der-ukrainischen-drohnen\/#breadcrumb\",\"itemListElement\":[{\"@type\":\"ListItem\",\"position\":1,\"name\":\"Home\",\"item\":\"https:\/\/now-news.de\/de\/\"},{\"@type\":\"ListItem\",\"position\":2,\"name\":\"Kiews Ex-Geheimdienstchef Budanow zerst\u00f6rt Mythos der &quot;ukrainischen&quot; Drohnen\"}]},{\"@type\":\"WebSite\",\"@id\":\"https:\/\/now-news.de\/de\/#website\",\"url\":\"https:\/\/now-news.de\/de\/\",\"name\":\"just-now.NEWS Deutschland\",\"description\":\"Das Portal f\u00fcr unzensierte Nachrichten aus der Welt\",\"publisher\":{\"@id\":\"https:\/\/now-news.de\/de\/#organization\"},\"potentialAction\":[{\"@type\":\"SearchAction\",\"target\":{\"@type\":\"EntryPoint\",\"urlTemplate\":\"https:\/\/now-news.de\/de\/?s={search_term_string}\"},\"query-input\":\"required name=search_term_string\"}],\"inLanguage\":\"de\"},{\"@type\":\"Organization\",\"@id\":\"https:\/\/now-news.de\/de\/#organization\",\"name\":\"Just Now News\",\"url\":\"https:\/\/now-news.de\/de\/\",\"logo\":{\"@type\":\"ImageObject\",\"inLanguage\":\"de\",\"@id\":\"https:\/\/now-news.de\/de\/#\/schema\/logo\/image\/\",\"url\":\"http:\/\/just-now.news\/de\/wp-content\/uploads\/sites\/3\/2022\/04\/logo500x500.jpg\",\"contentUrl\":\"http:\/\/just-now.news\/de\/wp-content\/uploads\/sites\/3\/2022\/04\/logo500x500.jpg\",\"width\":500,\"height\":500,\"caption\":\"Just Now News\"},\"image\":{\"@id\":\"https:\/\/now-news.de\/de\/#\/schema\/logo\/image\/\"},\"sameAs\":[\"https:\/\/www.facebook.com\/wirmachenauf\",\"https:\/\/x.com\/WirMachenAuf_de\"]},{\"@type\":\"Person\",\"@id\":\"https:\/\/now-news.de\/de\/#\/schema\/person\/fb534a4e865501d8b3285208df34a9b5\",\"name\":\"rtnews\",\"image\":{\"@type\":\"ImageObject\",\"inLanguage\":\"de\",\"@id\":\"https:\/\/now-news.de\/de\/#\/schema\/person\/image\/\",\"url\":\"https:\/\/secure.gravatar.com\/avatar\/82aafea7d8127119dd649515f56e2117?s=96&d=mm&r=g\",\"contentUrl\":\"https:\/\/secure.gravatar.com\/avatar\/82aafea7d8127119dd649515f56e2117?s=96&d=mm&r=g\",\"caption\":\"rtnews\"},\"url\":\"https:\/\/now-news.de\/de\/author\/rnews\/\"}]}<\/script>\n<!-- \/ Yoast SEO Premium plugin. -->","yoast_head_json":{"title":"Kiews Ex-Geheimdienstchef Budanow zerst\u00f6rt Mythos der &quot;ukrainischen&quot; Drohnen - just-now.NEWS Deutschland","robots":{"index":"index","follow":"follow","max-snippet":"max-snippet:-1","max-image-preview":"max-image-preview:large","max-video-preview":"max-video-preview:-1"},"canonical":"https:\/\/now-news.de\/de\/deutschland\/kiews-ex-geheimdienstchef-budanow-zerstoert-mythos-der-ukrainischen-drohnen\/","og_locale":"de_DE","og_type":"article","og_title":"Kiews Ex-Geheimdienstchef Budanow zerst\u00f6rt Mythos der &quot;ukrainischen&quot; Drohnen","og_description":"Der ehemalige ukrainische Geheimdienstchef Budanow lie\u00df j\u00fcngst mit der Aussage aufhorchen, dass die Ukraine nicht in der Lage sei, Drohnen selbst zu produzieren. Tats\u00e4chlich hat Kiew die Produktion der Langstrecken-Drohnen, die f\u00fcr Angriffe auf Russland zum Einsatz kommen, l\u00e4ngst ins &#8220;EU-Hinterland&#8221; ausgelagert. Von Telegram-Kanal &#8220;Silowiki&#8221;\u00a0 Kirill Budanow, der ehemalige Leiter der Hauptdirektion f\u00fcr Aufkl\u00e4rung des [&hellip;]","og_url":"https:\/\/now-news.de\/de\/deutschland\/kiews-ex-geheimdienstchef-budanow-zerstoert-mythos-der-ukrainischen-drohnen\/","og_site_name":"just-now.NEWS Deutschland","article_publisher":"https:\/\/www.facebook.com\/wirmachenauf","article_published_time":"2026-04-17T18:05:13+00:00","og_image":[{"url":"https:\/\/now-news.de\/de\/wp-content\/uploads\/sites\/3\/2026\/04\/69e228c9b480cc0647753e4b.jpg"}],"author":"rtnews","twitter_card":"summary_large_image","twitter_creator":"@WirMachenAuf_de","twitter_site":"@WirMachenAuf_de","twitter_misc":{"Verfasst von":"rtnews","Gesch\u00e4tzte Lesezeit":"3\u00a0Minuten"},"schema":{"@context":"https:\/\/schema.org","@graph":[{"@type":"Article","@id":"https:\/\/now-news.de\/de\/deutschland\/kiews-ex-geheimdienstchef-budanow-zerstoert-mythos-der-ukrainischen-drohnen\/#article","isPartOf":{"@id":"https:\/\/now-news.de\/de\/deutschland\/kiews-ex-geheimdienstchef-budanow-zerstoert-mythos-der-ukrainischen-drohnen\/"},"author":{"name":"rtnews","@id":"https:\/\/now-news.de\/de\/#\/schema\/person\/fb534a4e865501d8b3285208df34a9b5"},"headline":"Kiews Ex-Geheimdienstchef Budanow zerst\u00f6rt Mythos der &quot;ukrainischen&quot; Drohnen","datePublished":"2026-04-17T18:05:13+00:00","dateModified":"2026-04-17T18:05:13+00:00","mainEntityOfPage":{"@id":"https:\/\/now-news.de\/de\/deutschland\/kiews-ex-geheimdienstchef-budanow-zerstoert-mythos-der-ukrainischen-drohnen\/"},"wordCount":659,"commentCount":0,"publisher":{"@id":"https:\/\/now-news.de\/de\/#organization"},"image":{"@id":"https:\/\/now-news.de\/de\/deutschland\/kiews-ex-geheimdienstchef-budanow-zerstoert-mythos-der-ukrainischen-drohnen\/#primaryimage"},"thumbnailUrl":"https:\/\/now-news.de\/de\/wp-content\/uploads\/sites\/3\/Kiews-Ex-Geheimdienstchef-Budanow-zerstoert-Mythos-der-quotukrainischenquot-Drohnen.jpg","keywords":["Budanow","der","Drohnen","ExGeheimdienstchef","Kiews","Mythos","quotukrainischenquot","zerst\u00f6rt"],"articleSection":["Deutschland","Russland"],"inLanguage":"de","potentialAction":[{"@type":"CommentAction","name":"Comment","target":["https:\/\/now-news.de\/de\/deutschland\/kiews-ex-geheimdienstchef-budanow-zerstoert-mythos-der-ukrainischen-drohnen\/#respond"]}]},{"@type":"WebPage","@id":"https:\/\/now-news.de\/de\/deutschland\/kiews-ex-geheimdienstchef-budanow-zerstoert-mythos-der-ukrainischen-drohnen\/","url":"https:\/\/now-news.de\/de\/deutschland\/kiews-ex-geheimdienstchef-budanow-zerstoert-mythos-der-ukrainischen-drohnen\/","name":"Kiews Ex-Geheimdienstchef Budanow zerst\u00f6rt Mythos der &quot;ukrainischen&quot; Drohnen - just-now.NEWS Deutschland","isPartOf":{"@id":"https:\/\/now-news.de\/de\/#website"},"primaryImageOfPage":{"@id":"https:\/\/now-news.de\/de\/deutschland\/kiews-ex-geheimdienstchef-budanow-zerstoert-mythos-der-ukrainischen-drohnen\/#primaryimage"},"image":{"@id":"https:\/\/now-news.de\/de\/deutschland\/kiews-ex-geheimdienstchef-budanow-zerstoert-mythos-der-ukrainischen-drohnen\/#primaryimage"},"thumbnailUrl":"https:\/\/now-news.de\/de\/wp-content\/uploads\/sites\/3\/Kiews-Ex-Geheimdienstchef-Budanow-zerstoert-Mythos-der-quotukrainischenquot-Drohnen.jpg","datePublished":"2026-04-17T18:05:13+00:00","dateModified":"2026-04-17T18:05:13+00:00","breadcrumb":{"@id":"https:\/\/now-news.de\/de\/deutschland\/kiews-ex-geheimdienstchef-budanow-zerstoert-mythos-der-ukrainischen-drohnen\/#breadcrumb"},"inLanguage":"de","potentialAction":[{"@type":"ReadAction","target":["https:\/\/now-news.de\/de\/deutschland\/kiews-ex-geheimdienstchef-budanow-zerstoert-mythos-der-ukrainischen-drohnen\/"]}]},{"@type":"ImageObject","inLanguage":"de","@id":"https:\/\/now-news.de\/de\/deutschland\/kiews-ex-geheimdienstchef-budanow-zerstoert-mythos-der-ukrainischen-drohnen\/#primaryimage","url":"https:\/\/now-news.de\/de\/wp-content\/uploads\/sites\/3\/Kiews-Ex-Geheimdienstchef-Budanow-zerstoert-Mythos-der-quotukrainischenquot-Drohnen.jpg","contentUrl":"https:\/\/now-news.de\/de\/wp-content\/uploads\/sites\/3\/Kiews-Ex-Geheimdienstchef-Budanow-zerstoert-Mythos-der-quotukrainischenquot-Drohnen.jpg","caption":"Kiews Ex-Geheimdienstchef Budanow zerst\u00f6rt Mythos der &quot;ukrainischen&quot; Drohnen"},{"@type":"BreadcrumbList","@id":"https:\/\/now-news.de\/de\/deutschland\/kiews-ex-geheimdienstchef-budanow-zerstoert-mythos-der-ukrainischen-drohnen\/#breadcrumb","itemListElement":[{"@type":"ListItem","position":1,"name":"Home","item":"https:\/\/now-news.de\/de\/"},{"@type":"ListItem","position":2,"name":"Kiews Ex-Geheimdienstchef Budanow zerst\u00f6rt Mythos der &quot;ukrainischen&quot; Drohnen"}]},{"@type":"WebSite","@id":"https:\/\/now-news.de\/de\/#website","url":"https:\/\/now-news.de\/de\/","name":"just-now.NEWS Deutschland","description":"Das Portal f\u00fcr unzensierte Nachrichten aus der Welt","publisher":{"@id":"https:\/\/now-news.de\/de\/#organization"},"potentialAction":[{"@type":"SearchAction","target":{"@type":"EntryPoint","urlTemplate":"https:\/\/now-news.de\/de\/?s={search_term_string}"},"query-input":"required name=search_term_string"}],"inLanguage":"de"},{"@type":"Organization","@id":"https:\/\/now-news.de\/de\/#organization","name":"Just Now News","url":"https:\/\/now-news.de\/de\/","logo":{"@type":"ImageObject","inLanguage":"de","@id":"https:\/\/now-news.de\/de\/#\/schema\/logo\/image\/","url":"http:\/\/just-now.news\/de\/wp-content\/uploads\/sites\/3\/2022\/04\/logo500x500.jpg","contentUrl":"http:\/\/just-now.news\/de\/wp-content\/uploads\/sites\/3\/2022\/04\/logo500x500.jpg","width":500,"height":500,"caption":"Just Now News"},"image":{"@id":"https:\/\/now-news.de\/de\/#\/schema\/logo\/image\/"},"sameAs":["https:\/\/www.facebook.com\/wirmachenauf","https:\/\/x.com\/WirMachenAuf_de"]},{"@type":"Person","@id":"https:\/\/now-news.de\/de\/#\/schema\/person\/fb534a4e865501d8b3285208df34a9b5","name":"rtnews","image":{"@type":"ImageObject","inLanguage":"de","@id":"https:\/\/now-news.de\/de\/#\/schema\/person\/image\/","url":"https:\/\/secure.gravatar.com\/avatar\/82aafea7d8127119dd649515f56e2117?s=96&d=mm&r=g","contentUrl":"https:\/\/secure.gravatar.com\/avatar\/82aafea7d8127119dd649515f56e2117?s=96&d=mm&r=g","caption":"rtnews"},"url":"https:\/\/now-news.de\/de\/author\/rnews\/"}]}},"_links":{"self":[{"href":"https:\/\/now-news.de\/de\/wp-json\/wp\/v2\/posts\/101844"}],"collection":[{"href":"https:\/\/now-news.de\/de\/wp-json\/wp\/v2\/posts"}],"about":[{"href":"https:\/\/now-news.de\/de\/wp-json\/wp\/v2\/types\/post"}],"author":[{"embeddable":true,"href":"https:\/\/now-news.de\/de\/wp-json\/wp\/v2\/users\/3"}],"replies":[{"embeddable":true,"href":"https:\/\/now-news.de\/de\/wp-json\/wp\/v2\/comments?post=101844"}],"version-history":[{"count":0,"href":"https:\/\/now-news.de\/de\/wp-json\/wp\/v2\/posts\/101844\/revisions"}],"wp:featuredmedia":[{"embeddable":true,"href":"https:\/\/now-news.de\/de\/wp-json\/wp\/v2\/media\/101845"}],"wp:attachment":[{"href":"https:\/\/now-news.de\/de\/wp-json\/wp\/v2\/media?parent=101844"}],"wp:term":[{"taxonomy":"category","embeddable":true,"href":"https:\/\/now-news.de\/de\/wp-json\/wp\/v2\/categories?post=101844"},{"taxonomy":"post_tag","embeddable":true,"href":"https:\/\/now-news.de\/de\/wp-json\/wp\/v2\/tags?post=101844"}],"curies":[{"name":"wp","href":"https:\/\/api.w.org\/{rel}","templated":true}]}}