{"id":101830,"date":"2026-04-17T17:28:37","date_gmt":"2026-04-17T15:28:37","guid":{"rendered":"https:\/\/now-news.de\/de\/deutschland\/podoljaka-fruehjahrsoffensive-hat-begonnen-front-wird-gezielt-ausgedehnt\/"},"modified":"2026-04-17T17:28:37","modified_gmt":"2026-04-17T15:28:37","slug":"podoljaka-fruehjahrsoffensive-hat-begonnen-front-wird-gezielt-ausgedehnt","status":"publish","type":"post","link":"https:\/\/now-news.de\/de\/deutschland\/podoljaka-fruehjahrsoffensive-hat-begonnen-front-wird-gezielt-ausgedehnt\/","title":{"rendered":"Podoljaka: Fr\u00fchjahrsoffensive hat begonnen \u2013 Front wird gezielt ausgedehnt"},"content":{"rendered":"<p><img decoding=\"async\" src=\"https:\/\/now-news.de\/de\/wp-content\/uploads\/sites\/3\/2026\/04\/69e24cedb480cc02c76616cc.png\" \/><\/p>\n<div class=\"Text-root Text-type_1 \">\n                Juri Podoljaka berichtet in seinem j\u00fcngsten Frontbericht, dass die russische Fr\u00fchjahrsoffensive begonnen hat. Der ukrainisch-russische Milit\u00e4ranalyst betont die wachsende Bedeutung der  der Frontlinie als zentrale Strategie im Ukraine-Krieg.\n            <\/div>\n<p><\/p>\n<div class=\"Text-root Text-type_5 ArticleView-text ViewText-root \">\n<p>Ziel ist es, die begrenzten Reserven des Gegners zu \u00fcberfordern und ihn zu zwingen, Kr\u00e4fte entlang der gesamten Front zu verteilen. Besonders im Norden, im Raum Charkow und Sumy, nutzen die russischen Truppen ihre zahlenm\u00e4\u00dfige \u00dcberlegenheit, um Druck aufzubauen und den Gegner zu Verlegungen zu zwingen.<\/p>\n<p>Juri Podoljaka ist ein ukrainischer und russischer politischer Blogger und Journalist aus Sumy, dessen Einsichten im Zeitraum um den Beginn der Intervention in den russischen Medien immer gefragter wurden. Seine Analysen beinhalten nur wenige Zahlenangaben, daf\u00fcr vermittelt Podoljaka anhand von Karten ein gutes Verst\u00e4ndnis vom r\u00e4umlichen Umfang der jeweiligen Entwicklungen und bietet von Zeit zu Zeit kurzfristige Prognosen.<\/p>\n<p>Podoljaka st\u00fctzt sich dazu einerseits auf offen zug\u00e4ngliche Daten. Dies sind Meldungen von Augenzeugen in den sozialen Medien sowie Meldungen des russischen, aber auch des ukrainischen Verteidigungsministeriums. Andererseits analysiert er Insiderquellen. Neben Quellen in den Volksmilizen und Sicherheitsorganen der russischen Volksrepubliken Donezk und Lugansk seien dies auch solche in den ukrainischen Sicherheits- und Regierungsbeh\u00f6rden, zu denen er aufgrund alter Beziehungen aus seiner Zeit als ukrainischer Journalist noch in Kontakt steht. Um es im Jargon der Aufkl\u00e4rungsdienste auszudr\u00fccken: Juri Podoljaka ist vornehmlich ein OSINT-Analyst.<\/p>\n<p><strong>Mehr zum Thema<\/strong>\u00a0\u2013 <a rel=\"nofollow noopener\" target=\"_blank\" href=\"https:\/\/freedert.online\/meinung\/277421-kanonenfutter-fuer-ukraine-frage-fairness\/\">Kanonenfutter f\u00fcr die Ukraine \u2012 Eine Frage der &#8220;Fairness&#8221;?<\/a><\/p>\n<div class=\"EmbedBlock-root EmbedBlock-externalVideo EmbedBlock-vk\">\n<div class=\"VkEmbed\"><iframe class=\"lazyload\" data-src=\"https:\/\/vk.com\/video_ext.php?oid=-134310637&amp;id=456290938\" frameborder=\"0\" width=\"853\" height=\"480\" allowfullscreen><\/iframe><\/div>\n<\/div>\n<\/div>\n<p><br \/>\n<br \/><a href=\"https:\/\/de.rt.com\/meinung\/277489-podoljaka-fruehjahrsoffensive-hat-begonnen-front\/\">Source link <\/a><\/p>\n","protected":false},"excerpt":{"rendered":"<p>Juri Podoljaka berichtet in seinem j\u00fcngsten Frontbericht, dass die russische Fr\u00fchjahrsoffensive begonnen hat. Der ukrainisch-russische Milit\u00e4ranalyst betont die wachsende Bedeutung der der Frontlinie als zentrale Strategie im Ukraine-Krieg. Ziel ist es, die begrenzten Reserven des Gegners zu \u00fcberfordern und ihn zu zwingen, Kr\u00e4fte entlang der gesamten Front zu verteilen. Besonders im Norden, im Raum Charkow [&hellip;]<\/p>\n","protected":false},"author":3,"featured_media":101831,"comment_status":"open","ping_status":"open","sticky":false,"template":"","format":"standard","meta":{"_yoast_indexnow_last_ping":["1776439852"],"wp_automatic_camp":["217"],"98fbe71b65f88b9824a71840326b2e17":["Podoljaka: Fr\u00fchjahrsoffensive hat begonnen \u2013 Front wird gezielt ausgedehnt"],"original_link":["https:\/\/de.rt.com\/meinung\/277489-podoljaka-fruehjahrsoffensive-hat-begonnen-front\/"],"_thumbnail_id":["101831"],"jnews_social_counter_last_update":["1777107033"],"_wptgpro_p2tg_sent2tg":["a:1:{i:23737;s:19:\"2026-04-17 17:31:52\";}"]},"categories":[19,23],"tags":[72438,3473,10227,42194,39292,423,34692,374],"yoast_head":"<!-- This site is optimized with the Yoast SEO Premium plugin v22.7 (Yoast SEO v22.7) - https:\/\/yoast.com\/wordpress\/plugins\/seo\/ -->\n<title>Podoljaka: Fr\u00fchjahrsoffensive hat begonnen \u2013 Front wird gezielt ausgedehnt - just-now.NEWS Deutschland<\/title>\n<meta name=\"robots\" content=\"index, follow, max-snippet:-1, max-image-preview:large, max-video-preview:-1\" \/>\n<link rel=\"canonical\" href=\"https:\/\/now-news.de\/de\/deutschland\/podoljaka-fruehjahrsoffensive-hat-begonnen-front-wird-gezielt-ausgedehnt\/\" \/>\n<meta property=\"og:locale\" content=\"de_DE\" \/>\n<meta property=\"og:type\" content=\"article\" \/>\n<meta property=\"og:title\" content=\"Podoljaka: Fr\u00fchjahrsoffensive hat begonnen \u2013 Front wird gezielt ausgedehnt\" \/>\n<meta property=\"og:description\" content=\"Juri Podoljaka berichtet in seinem j\u00fcngsten Frontbericht, dass die russische Fr\u00fchjahrsoffensive begonnen hat. Der ukrainisch-russische Milit\u00e4ranalyst betont die wachsende Bedeutung der der Frontlinie als zentrale Strategie im Ukraine-Krieg. Ziel ist es, die begrenzten Reserven des Gegners zu \u00fcberfordern und ihn zu zwingen, Kr\u00e4fte entlang der gesamten Front zu verteilen. Besonders im Norden, im Raum Charkow [&hellip;]\" \/>\n<meta property=\"og:url\" content=\"https:\/\/now-news.de\/de\/deutschland\/podoljaka-fruehjahrsoffensive-hat-begonnen-front-wird-gezielt-ausgedehnt\/\" \/>\n<meta property=\"og:site_name\" content=\"just-now.NEWS Deutschland\" \/>\n<meta property=\"article:publisher\" content=\"https:\/\/www.facebook.com\/wirmachenauf\" \/>\n<meta property=\"article:published_time\" content=\"2026-04-17T15:28:37+00:00\" \/>\n<meta property=\"og:image\" content=\"https:\/\/now-news.de\/de\/wp-content\/uploads\/sites\/3\/2026\/04\/69e24cedb480cc02c76616cc.png\" \/>\n<meta name=\"author\" content=\"rtnews\" \/>\n<meta name=\"twitter:card\" content=\"summary_large_image\" \/>\n<meta name=\"twitter:creator\" content=\"@WirMachenAuf_de\" \/>\n<meta name=\"twitter:site\" content=\"@WirMachenAuf_de\" \/>\n<meta name=\"twitter:label1\" content=\"Verfasst von\" \/>\n\t<meta name=\"twitter:data1\" content=\"rtnews\" \/>\n\t<meta name=\"twitter:label2\" content=\"Gesch\u00e4tzte Lesezeit\" \/>\n\t<meta name=\"twitter:data2\" content=\"1\u00a0Minute\" \/>\n<script type=\"application\/ld+json\" class=\"yoast-schema-graph\">{\"@context\":\"https:\/\/schema.org\",\"@graph\":[{\"@type\":\"Article\",\"@id\":\"https:\/\/now-news.de\/de\/deutschland\/podoljaka-fruehjahrsoffensive-hat-begonnen-front-wird-gezielt-ausgedehnt\/#article\",\"isPartOf\":{\"@id\":\"https:\/\/now-news.de\/de\/deutschland\/podoljaka-fruehjahrsoffensive-hat-begonnen-front-wird-gezielt-ausgedehnt\/\"},\"author\":{\"name\":\"rtnews\",\"@id\":\"https:\/\/now-news.de\/de\/#\/schema\/person\/fb534a4e865501d8b3285208df34a9b5\"},\"headline\":\"Podoljaka: Fr\u00fchjahrsoffensive hat begonnen \u2013 Front wird gezielt ausgedehnt\",\"datePublished\":\"2026-04-17T15:28:37+00:00\",\"dateModified\":\"2026-04-17T15:28:37+00:00\",\"mainEntityOfPage\":{\"@id\":\"https:\/\/now-news.de\/de\/deutschland\/podoljaka-fruehjahrsoffensive-hat-begonnen-front-wird-gezielt-ausgedehnt\/\"},\"wordCount\":252,\"commentCount\":0,\"publisher\":{\"@id\":\"https:\/\/now-news.de\/de\/#organization\"},\"image\":{\"@id\":\"https:\/\/now-news.de\/de\/deutschland\/podoljaka-fruehjahrsoffensive-hat-begonnen-front-wird-gezielt-ausgedehnt\/#primaryimage\"},\"thumbnailUrl\":\"https:\/\/now-news.de\/de\/wp-content\/uploads\/sites\/3\/Podoljaka-Fruehjahrsoffensive-hat-begonnen-\u2013-Front-wird-gezielt-ausgedehnt.png\",\"keywords\":[\"ausgedehnt\",\"begonnen\",\"Front\",\"Fr\u00fchjahrsoffensive\",\"gezielt\",\"hat\",\"Podoljaka\",\"wird\"],\"articleSection\":[\"Deutschland\",\"Russland\"],\"inLanguage\":\"de\",\"potentialAction\":[{\"@type\":\"CommentAction\",\"name\":\"Comment\",\"target\":[\"https:\/\/now-news.de\/de\/deutschland\/podoljaka-fruehjahrsoffensive-hat-begonnen-front-wird-gezielt-ausgedehnt\/#respond\"]}]},{\"@type\":\"WebPage\",\"@id\":\"https:\/\/now-news.de\/de\/deutschland\/podoljaka-fruehjahrsoffensive-hat-begonnen-front-wird-gezielt-ausgedehnt\/\",\"url\":\"https:\/\/now-news.de\/de\/deutschland\/podoljaka-fruehjahrsoffensive-hat-begonnen-front-wird-gezielt-ausgedehnt\/\",\"name\":\"Podoljaka: Fr\u00fchjahrsoffensive hat begonnen \u2013 Front wird gezielt ausgedehnt - just-now.NEWS Deutschland\",\"isPartOf\":{\"@id\":\"https:\/\/now-news.de\/de\/#website\"},\"primaryImageOfPage\":{\"@id\":\"https:\/\/now-news.de\/de\/deutschland\/podoljaka-fruehjahrsoffensive-hat-begonnen-front-wird-gezielt-ausgedehnt\/#primaryimage\"},\"image\":{\"@id\":\"https:\/\/now-news.de\/de\/deutschland\/podoljaka-fruehjahrsoffensive-hat-begonnen-front-wird-gezielt-ausgedehnt\/#primaryimage\"},\"thumbnailUrl\":\"https:\/\/now-news.de\/de\/wp-content\/uploads\/sites\/3\/Podoljaka-Fruehjahrsoffensive-hat-begonnen-\u2013-Front-wird-gezielt-ausgedehnt.png\",\"datePublished\":\"2026-04-17T15:28:37+00:00\",\"dateModified\":\"2026-04-17T15:28:37+00:00\",\"breadcrumb\":{\"@id\":\"https:\/\/now-news.de\/de\/deutschland\/podoljaka-fruehjahrsoffensive-hat-begonnen-front-wird-gezielt-ausgedehnt\/#breadcrumb\"},\"inLanguage\":\"de\",\"potentialAction\":[{\"@type\":\"ReadAction\",\"target\":[\"https:\/\/now-news.de\/de\/deutschland\/podoljaka-fruehjahrsoffensive-hat-begonnen-front-wird-gezielt-ausgedehnt\/\"]}]},{\"@type\":\"ImageObject\",\"inLanguage\":\"de\",\"@id\":\"https:\/\/now-news.de\/de\/deutschland\/podoljaka-fruehjahrsoffensive-hat-begonnen-front-wird-gezielt-ausgedehnt\/#primaryimage\",\"url\":\"https:\/\/now-news.de\/de\/wp-content\/uploads\/sites\/3\/Podoljaka-Fruehjahrsoffensive-hat-begonnen-\u2013-Front-wird-gezielt-ausgedehnt.png\",\"contentUrl\":\"https:\/\/now-news.de\/de\/wp-content\/uploads\/sites\/3\/Podoljaka-Fruehjahrsoffensive-hat-begonnen-\u2013-Front-wird-gezielt-ausgedehnt.png\",\"caption\":\"Podoljaka: Fr\u00fchjahrsoffensive hat begonnen \u2013 Front wird gezielt ausgedehnt\"},{\"@type\":\"BreadcrumbList\",\"@id\":\"https:\/\/now-news.de\/de\/deutschland\/podoljaka-fruehjahrsoffensive-hat-begonnen-front-wird-gezielt-ausgedehnt\/#breadcrumb\",\"itemListElement\":[{\"@type\":\"ListItem\",\"position\":1,\"name\":\"Home\",\"item\":\"https:\/\/now-news.de\/de\/\"},{\"@type\":\"ListItem\",\"position\":2,\"name\":\"Podoljaka: Fr\u00fchjahrsoffensive hat begonnen \u2013 Front wird gezielt ausgedehnt\"}]},{\"@type\":\"WebSite\",\"@id\":\"https:\/\/now-news.de\/de\/#website\",\"url\":\"https:\/\/now-news.de\/de\/\",\"name\":\"just-now.NEWS Deutschland\",\"description\":\"Das Portal f\u00fcr unzensierte Nachrichten aus der Welt\",\"publisher\":{\"@id\":\"https:\/\/now-news.de\/de\/#organization\"},\"potentialAction\":[{\"@type\":\"SearchAction\",\"target\":{\"@type\":\"EntryPoint\",\"urlTemplate\":\"https:\/\/now-news.de\/de\/?s={search_term_string}\"},\"query-input\":\"required name=search_term_string\"}],\"inLanguage\":\"de\"},{\"@type\":\"Organization\",\"@id\":\"https:\/\/now-news.de\/de\/#organization\",\"name\":\"Just Now News\",\"url\":\"https:\/\/now-news.de\/de\/\",\"logo\":{\"@type\":\"ImageObject\",\"inLanguage\":\"de\",\"@id\":\"https:\/\/now-news.de\/de\/#\/schema\/logo\/image\/\",\"url\":\"http:\/\/just-now.news\/de\/wp-content\/uploads\/sites\/3\/2022\/04\/logo500x500.jpg\",\"contentUrl\":\"http:\/\/just-now.news\/de\/wp-content\/uploads\/sites\/3\/2022\/04\/logo500x500.jpg\",\"width\":500,\"height\":500,\"caption\":\"Just Now News\"},\"image\":{\"@id\":\"https:\/\/now-news.de\/de\/#\/schema\/logo\/image\/\"},\"sameAs\":[\"https:\/\/www.facebook.com\/wirmachenauf\",\"https:\/\/x.com\/WirMachenAuf_de\"]},{\"@type\":\"Person\",\"@id\":\"https:\/\/now-news.de\/de\/#\/schema\/person\/fb534a4e865501d8b3285208df34a9b5\",\"name\":\"rtnews\",\"image\":{\"@type\":\"ImageObject\",\"inLanguage\":\"de\",\"@id\":\"https:\/\/now-news.de\/de\/#\/schema\/person\/image\/\",\"url\":\"https:\/\/secure.gravatar.com\/avatar\/82aafea7d8127119dd649515f56e2117?s=96&d=mm&r=g\",\"contentUrl\":\"https:\/\/secure.gravatar.com\/avatar\/82aafea7d8127119dd649515f56e2117?s=96&d=mm&r=g\",\"caption\":\"rtnews\"},\"url\":\"https:\/\/now-news.de\/de\/author\/rnews\/\"}]}<\/script>\n<!-- \/ Yoast SEO Premium plugin. -->","yoast_head_json":{"title":"Podoljaka: Fr\u00fchjahrsoffensive hat begonnen \u2013 Front wird gezielt ausgedehnt - just-now.NEWS Deutschland","robots":{"index":"index","follow":"follow","max-snippet":"max-snippet:-1","max-image-preview":"max-image-preview:large","max-video-preview":"max-video-preview:-1"},"canonical":"https:\/\/now-news.de\/de\/deutschland\/podoljaka-fruehjahrsoffensive-hat-begonnen-front-wird-gezielt-ausgedehnt\/","og_locale":"de_DE","og_type":"article","og_title":"Podoljaka: Fr\u00fchjahrsoffensive hat begonnen \u2013 Front wird gezielt ausgedehnt","og_description":"Juri Podoljaka berichtet in seinem j\u00fcngsten Frontbericht, dass die russische Fr\u00fchjahrsoffensive begonnen hat. Der ukrainisch-russische Milit\u00e4ranalyst betont die wachsende Bedeutung der der Frontlinie als zentrale Strategie im Ukraine-Krieg. Ziel ist es, die begrenzten Reserven des Gegners zu \u00fcberfordern und ihn zu zwingen, Kr\u00e4fte entlang der gesamten Front zu verteilen. Besonders im Norden, im Raum Charkow [&hellip;]","og_url":"https:\/\/now-news.de\/de\/deutschland\/podoljaka-fruehjahrsoffensive-hat-begonnen-front-wird-gezielt-ausgedehnt\/","og_site_name":"just-now.NEWS Deutschland","article_publisher":"https:\/\/www.facebook.com\/wirmachenauf","article_published_time":"2026-04-17T15:28:37+00:00","og_image":[{"url":"https:\/\/now-news.de\/de\/wp-content\/uploads\/sites\/3\/2026\/04\/69e24cedb480cc02c76616cc.png"}],"author":"rtnews","twitter_card":"summary_large_image","twitter_creator":"@WirMachenAuf_de","twitter_site":"@WirMachenAuf_de","twitter_misc":{"Verfasst von":"rtnews","Gesch\u00e4tzte Lesezeit":"1\u00a0Minute"},"schema":{"@context":"https:\/\/schema.org","@graph":[{"@type":"Article","@id":"https:\/\/now-news.de\/de\/deutschland\/podoljaka-fruehjahrsoffensive-hat-begonnen-front-wird-gezielt-ausgedehnt\/#article","isPartOf":{"@id":"https:\/\/now-news.de\/de\/deutschland\/podoljaka-fruehjahrsoffensive-hat-begonnen-front-wird-gezielt-ausgedehnt\/"},"author":{"name":"rtnews","@id":"https:\/\/now-news.de\/de\/#\/schema\/person\/fb534a4e865501d8b3285208df34a9b5"},"headline":"Podoljaka: Fr\u00fchjahrsoffensive hat begonnen \u2013 Front wird gezielt ausgedehnt","datePublished":"2026-04-17T15:28:37+00:00","dateModified":"2026-04-17T15:28:37+00:00","mainEntityOfPage":{"@id":"https:\/\/now-news.de\/de\/deutschland\/podoljaka-fruehjahrsoffensive-hat-begonnen-front-wird-gezielt-ausgedehnt\/"},"wordCount":252,"commentCount":0,"publisher":{"@id":"https:\/\/now-news.de\/de\/#organization"},"image":{"@id":"https:\/\/now-news.de\/de\/deutschland\/podoljaka-fruehjahrsoffensive-hat-begonnen-front-wird-gezielt-ausgedehnt\/#primaryimage"},"thumbnailUrl":"https:\/\/now-news.de\/de\/wp-content\/uploads\/sites\/3\/Podoljaka-Fruehjahrsoffensive-hat-begonnen-\u2013-Front-wird-gezielt-ausgedehnt.png","keywords":["ausgedehnt","begonnen","Front","Fr\u00fchjahrsoffensive","gezielt","hat","Podoljaka","wird"],"articleSection":["Deutschland","Russland"],"inLanguage":"de","potentialAction":[{"@type":"CommentAction","name":"Comment","target":["https:\/\/now-news.de\/de\/deutschland\/podoljaka-fruehjahrsoffensive-hat-begonnen-front-wird-gezielt-ausgedehnt\/#respond"]}]},{"@type":"WebPage","@id":"https:\/\/now-news.de\/de\/deutschland\/podoljaka-fruehjahrsoffensive-hat-begonnen-front-wird-gezielt-ausgedehnt\/","url":"https:\/\/now-news.de\/de\/deutschland\/podoljaka-fruehjahrsoffensive-hat-begonnen-front-wird-gezielt-ausgedehnt\/","name":"Podoljaka: Fr\u00fchjahrsoffensive hat begonnen \u2013 Front wird gezielt ausgedehnt - just-now.NEWS Deutschland","isPartOf":{"@id":"https:\/\/now-news.de\/de\/#website"},"primaryImageOfPage":{"@id":"https:\/\/now-news.de\/de\/deutschland\/podoljaka-fruehjahrsoffensive-hat-begonnen-front-wird-gezielt-ausgedehnt\/#primaryimage"},"image":{"@id":"https:\/\/now-news.de\/de\/deutschland\/podoljaka-fruehjahrsoffensive-hat-begonnen-front-wird-gezielt-ausgedehnt\/#primaryimage"},"thumbnailUrl":"https:\/\/now-news.de\/de\/wp-content\/uploads\/sites\/3\/Podoljaka-Fruehjahrsoffensive-hat-begonnen-\u2013-Front-wird-gezielt-ausgedehnt.png","datePublished":"2026-04-17T15:28:37+00:00","dateModified":"2026-04-17T15:28:37+00:00","breadcrumb":{"@id":"https:\/\/now-news.de\/de\/deutschland\/podoljaka-fruehjahrsoffensive-hat-begonnen-front-wird-gezielt-ausgedehnt\/#breadcrumb"},"inLanguage":"de","potentialAction":[{"@type":"ReadAction","target":["https:\/\/now-news.de\/de\/deutschland\/podoljaka-fruehjahrsoffensive-hat-begonnen-front-wird-gezielt-ausgedehnt\/"]}]},{"@type":"ImageObject","inLanguage":"de","@id":"https:\/\/now-news.de\/de\/deutschland\/podoljaka-fruehjahrsoffensive-hat-begonnen-front-wird-gezielt-ausgedehnt\/#primaryimage","url":"https:\/\/now-news.de\/de\/wp-content\/uploads\/sites\/3\/Podoljaka-Fruehjahrsoffensive-hat-begonnen-\u2013-Front-wird-gezielt-ausgedehnt.png","contentUrl":"https:\/\/now-news.de\/de\/wp-content\/uploads\/sites\/3\/Podoljaka-Fruehjahrsoffensive-hat-begonnen-\u2013-Front-wird-gezielt-ausgedehnt.png","caption":"Podoljaka: Fr\u00fchjahrsoffensive hat begonnen \u2013 Front wird gezielt ausgedehnt"},{"@type":"BreadcrumbList","@id":"https:\/\/now-news.de\/de\/deutschland\/podoljaka-fruehjahrsoffensive-hat-begonnen-front-wird-gezielt-ausgedehnt\/#breadcrumb","itemListElement":[{"@type":"ListItem","position":1,"name":"Home","item":"https:\/\/now-news.de\/de\/"},{"@type":"ListItem","position":2,"name":"Podoljaka: Fr\u00fchjahrsoffensive hat begonnen \u2013 Front wird gezielt ausgedehnt"}]},{"@type":"WebSite","@id":"https:\/\/now-news.de\/de\/#website","url":"https:\/\/now-news.de\/de\/","name":"just-now.NEWS Deutschland","description":"Das Portal f\u00fcr unzensierte Nachrichten aus der Welt","publisher":{"@id":"https:\/\/now-news.de\/de\/#organization"},"potentialAction":[{"@type":"SearchAction","target":{"@type":"EntryPoint","urlTemplate":"https:\/\/now-news.de\/de\/?s={search_term_string}"},"query-input":"required name=search_term_string"}],"inLanguage":"de"},{"@type":"Organization","@id":"https:\/\/now-news.de\/de\/#organization","name":"Just Now News","url":"https:\/\/now-news.de\/de\/","logo":{"@type":"ImageObject","inLanguage":"de","@id":"https:\/\/now-news.de\/de\/#\/schema\/logo\/image\/","url":"http:\/\/just-now.news\/de\/wp-content\/uploads\/sites\/3\/2022\/04\/logo500x500.jpg","contentUrl":"http:\/\/just-now.news\/de\/wp-content\/uploads\/sites\/3\/2022\/04\/logo500x500.jpg","width":500,"height":500,"caption":"Just Now News"},"image":{"@id":"https:\/\/now-news.de\/de\/#\/schema\/logo\/image\/"},"sameAs":["https:\/\/www.facebook.com\/wirmachenauf","https:\/\/x.com\/WirMachenAuf_de"]},{"@type":"Person","@id":"https:\/\/now-news.de\/de\/#\/schema\/person\/fb534a4e865501d8b3285208df34a9b5","name":"rtnews","image":{"@type":"ImageObject","inLanguage":"de","@id":"https:\/\/now-news.de\/de\/#\/schema\/person\/image\/","url":"https:\/\/secure.gravatar.com\/avatar\/82aafea7d8127119dd649515f56e2117?s=96&d=mm&r=g","contentUrl":"https:\/\/secure.gravatar.com\/avatar\/82aafea7d8127119dd649515f56e2117?s=96&d=mm&r=g","caption":"rtnews"},"url":"https:\/\/now-news.de\/de\/author\/rnews\/"}]}},"_links":{"self":[{"href":"https:\/\/now-news.de\/de\/wp-json\/wp\/v2\/posts\/101830"}],"collection":[{"href":"https:\/\/now-news.de\/de\/wp-json\/wp\/v2\/posts"}],"about":[{"href":"https:\/\/now-news.de\/de\/wp-json\/wp\/v2\/types\/post"}],"author":[{"embeddable":true,"href":"https:\/\/now-news.de\/de\/wp-json\/wp\/v2\/users\/3"}],"replies":[{"embeddable":true,"href":"https:\/\/now-news.de\/de\/wp-json\/wp\/v2\/comments?post=101830"}],"version-history":[{"count":0,"href":"https:\/\/now-news.de\/de\/wp-json\/wp\/v2\/posts\/101830\/revisions"}],"wp:featuredmedia":[{"embeddable":true,"href":"https:\/\/now-news.de\/de\/wp-json\/wp\/v2\/media\/101831"}],"wp:attachment":[{"href":"https:\/\/now-news.de\/de\/wp-json\/wp\/v2\/media?parent=101830"}],"wp:term":[{"taxonomy":"category","embeddable":true,"href":"https:\/\/now-news.de\/de\/wp-json\/wp\/v2\/categories?post=101830"},{"taxonomy":"post_tag","embeddable":true,"href":"https:\/\/now-news.de\/de\/wp-json\/wp\/v2\/tags?post=101830"}],"curies":[{"name":"wp","href":"https:\/\/api.w.org\/{rel}","templated":true}]}}