{"id":10181,"date":"2022-06-08T11:44:52","date_gmt":"2022-06-08T09:44:52","guid":{"rendered":"http:\/\/just-now.news\/de\/deutschland\/bauernverbandspraesident-preise-fuer-verbraucher-werden-weiter-steigen\/"},"modified":"2022-06-08T11:44:52","modified_gmt":"2022-06-08T09:44:52","slug":"bauernverbandspraesident-preise-fuer-verbraucher-werden-weiter-steigen","status":"publish","type":"post","link":"https:\/\/now-news.de\/de\/deutschland\/bauernverbandspraesident-preise-fuer-verbraucher-werden-weiter-steigen\/","title":{"rendered":"Bauernverbandspr\u00e4sident: &quot;Preise f\u00fcr Verbraucher werden weiter steigen&quot;"},"content":{"rendered":"<p><img decoding=\"async\" src=\"http:\/\/just-now.news\/de\/wp-content\/uploads\/sites\/3\/2022\/06\/62a066af48fbef640f5cb9fc.jpg\" \/><\/p>\n<div class=\"Text-root Text-type_1 \">\n                Die Verbraucher in Deutschland m\u00fcssen mit weiter steigenden Preisen f\u00fcr Lebensmittel rechnen. Wenigstens die Versorgungssicherheit sei f\u00fcr dieses Jahr wohl noch gegeben. F\u00fcr 2023 ist man beim Deutschen Bauernverband jedoch weniger optimistisch.\n            <\/div>\n<p><\/p>\n<div class=\"Text-root Text-type_5 ArticleView-text ViewText-root \">\n<p>Laut dem Pr\u00e4sidenten des Deutschen Bauernverbands Joachim Rukwied habe der Ukraine-Krieg &#8220;massive Auswirkungen auf die deutsche Landwirtschaft&#8221;, vor allem im Hinblick auf die Kosten f\u00fcr Betriebsmittel. Das habe auch Folgen f\u00fcr die Verbraucher, sagte Rukwied in einem am Mittwoch ver\u00f6ffentlichten <a rel=\"nofollow noopener\" target=\"_blank\" href=\"https:\/\/www.pnp.de\/nachrichten\/politik\/Bauernpraesident-Die-Preise-fuer-die-Verbraucher-werden-weiter-steigen-4339116.html\">Interview<\/a> der <em>Passauer Neuen Presse<\/em>.<\/p>\n<blockquote>\n<p><em>&#8220;Die Energiepreise haben sich verdoppelt, der Preis f\u00fcr D\u00fcngemittel, insbesondere Stickstoffd\u00fcnger, hat sich im Schnitt vervierfacht, Futter kostet mehr&#8221;<\/em>,<\/p>\n<\/blockquote>\n<p>erkl\u00e4rte er. Die h\u00f6heren Kosten auf der Erzeugerseite seien aber noch gar &#8220;nicht alle eingepreist&#8221;. Man sch\u00e4tze im Verband ein, dass die Preise f\u00fcr die Verbraucher weiter steigen werden.<\/p>\n<blockquote><\/blockquote>\n<p>Im Falle einer drohenden Verknappung von Erdgas sei es zudem wichtig, die Land- und Ern\u00e4hrungswirtschaft bei der Versorgung mit Gas zu priorisieren.<\/p>\n<blockquote>\n<p><em>&#8220;Wir brauchen Gas im D\u00fcngemittel-Bereich, um Stickstoff herstellen zu k\u00f6nnen. Wenn wir daf\u00fcr kein Gas bekommen, w\u00fcrden die Ertr\u00e4ge je nach Kulturen kurzfristig um 30 bis 40 Prozent einbrechen&#8221;<\/em>, sagte Rukwied.<\/p>\n<\/blockquote>\n<p>Die Versorgung mit Lebensmitteln sei vorerst noch gesichert. Man gehe davon aus, dass die Versorgungssicherheit mit Lebensmitteln bis zum ersten Quartal des n\u00e4chsten Jahres gegeben sei. Der Bauernverbandspr\u00e4sident warnte aber zugleich:<\/p>\n<blockquote>\n<p><em>&#8220;Dar\u00fcber hinaus kann ich keine Prognose wagen \u2013 dazu gibt es in vielen Bereichen zu viel offene Fragen, die zum Teil nur die Politik beantworten kann.&#8221;<\/em><\/p>\n<\/blockquote>\n<p>Zugleich rechnet der Bauernverband noch f\u00fcr l\u00e4ngere Zeit mit angespannten M\u00e4rkten f\u00fcr Getreidesorten. Man gehe laut Rukwied aber &#8220;auch unabh\u00e4ngig von der Entwicklung in der Ukraine davon aus, dass das Preisniveau relativ hoch bleiben&#8221; werde. Die Reaktionsm\u00f6glichkeiten darauf seien im Moment begrenzt.\u00a0<\/p>\n<p>Rukwied erl\u00e4uterte auf Anfrage der <em>dpa<\/em>, die Weizenpreise auf dem Weltmarkt h\u00e4tten sich infolge des russischen Krieges gegen die Ukraine auf relativ hohem Niveau eingependelt, schwankten aber auch stark. So f\u00fchrten Meldungen zur Entwicklung in der Ukraine oder zu Ernteaussichten in Nordamerika zu sp\u00fcrbaren Preisausschl\u00e4gen. Zuletzt h\u00e4tten Landwirte nur f\u00fcr etwa 380 Euro pro Tonne Weizen Vorvertr\u00e4ge schlie\u00dfen k\u00f6nnen \u2013 mehrere Tage zuvor sei das noch f\u00fcr 405\u00a0Euro m\u00f6glich gewesen.<\/p>\n<p>Auf den Feldern stehen Getreide und Raps in den n\u00e4chsten Wochen in der Kornbildung, also in einer ganz entscheidenden Phase f\u00fcr den Ertrag. Dabei mache den Bauern nach wie vor in manchen Regionen die Trockenheit zu schaffen. In anderen Gebieten, die vor einigen Wochen noch sehr trocken waren, sei inzwischen Regen gefallen.\u00a0<\/p>\n<p>F\u00fcr eine Einsch\u00e4tzung der Ernte sei es laut Rukwied &#8220;noch ein bisschen zu fr\u00fch&#8221;. Aus heutiger Sicht w\u00fcrden sich insgesamt wohl keine gewaltigen Ausschl\u00e4ge nach oben oder unten von einem Durchschnittsergebnis abzeichnen.<\/p>\n<p><strong>Mehr zum Thema<\/strong> &#8211; <a rel=\"nofollow noopener\" target=\"_blank\" href=\"https:\/\/de.rt.com\/wirtschaft\/139927-bauernverband-fordert-hohere-lebensmittelpreise-mussen\/\">Bauernverband fordert h\u00f6here Lebensmittelpreise: M\u00fcssen Kosten an die Verbraucher weitergeben<\/a><\/p>\n<p><em>(rt de\/dpa)<\/em>\u00a0<\/p>\n<\/div>\n<p><br \/>\n<br \/><a href=\"https:\/\/de.rt.com\/inland\/140503-bauernprasident-preise-fur-verbraucher-werden-steigen\/\">Source link <\/a><\/p>\n","protected":false},"excerpt":{"rendered":"<p>Die Verbraucher in Deutschland m\u00fcssen mit weiter steigenden Preisen f\u00fcr Lebensmittel rechnen. Wenigstens die Versorgungssicherheit sei f\u00fcr dieses Jahr wohl noch gegeben. F\u00fcr 2023 ist man beim Deutschen Bauernverband jedoch weniger optimistisch. Laut dem Pr\u00e4sidenten des Deutschen Bauernverbands Joachim Rukwied habe der Ukraine-Krieg &#8220;massive Auswirkungen auf die deutsche Landwirtschaft&#8221;, vor allem im Hinblick auf die [&hellip;]<\/p>\n","protected":false},"author":3,"featured_media":10182,"comment_status":"open","ping_status":"open","sticky":false,"template":"","format":"standard","meta":{"wp_automatic_camp":["217"],"65b92c07e012f5579b5d8b28898c7eae":["Bauernverbandspr\u00e4sident: &quot;Preise f\u00fcr Verbraucher werden weiter steigen&quot;"],"original_link":["https:\/\/de.rt.com\/inland\/140503-bauernprasident-preise-fur-verbraucher-werden-steigen\/"],"_thumbnail_id":["10182"],"_wptg_p2tg_sent2tg":["2022-06-08 11:52:19"],"jnews_social_counter_last_update":["1777327269"]},"categories":[19,23],"tags":[23579,221,23580,23581,19865,601,1040],"yoast_head":"<!-- This site is optimized with the Yoast SEO Premium plugin v22.7 (Yoast SEO v22.7) - https:\/\/yoast.com\/wordpress\/plugins\/seo\/ -->\n<title>Bauernverbandspr\u00e4sident: &quot;Preise f\u00fcr Verbraucher werden weiter steigen&quot; - just-now.NEWS Deutschland<\/title>\n<meta name=\"robots\" content=\"index, follow, max-snippet:-1, max-image-preview:large, max-video-preview:-1\" \/>\n<link rel=\"canonical\" href=\"https:\/\/now-news.de\/de\/deutschland\/bauernverbandspraesident-preise-fuer-verbraucher-werden-weiter-steigen\/\" \/>\n<meta property=\"og:locale\" content=\"de_DE\" \/>\n<meta property=\"og:type\" content=\"article\" \/>\n<meta property=\"og:title\" content=\"Bauernverbandspr\u00e4sident: &quot;Preise f\u00fcr Verbraucher werden weiter steigen&quot;\" \/>\n<meta property=\"og:description\" content=\"Die Verbraucher in Deutschland m\u00fcssen mit weiter steigenden Preisen f\u00fcr Lebensmittel rechnen. Wenigstens die Versorgungssicherheit sei f\u00fcr dieses Jahr wohl noch gegeben. F\u00fcr 2023 ist man beim Deutschen Bauernverband jedoch weniger optimistisch. Laut dem Pr\u00e4sidenten des Deutschen Bauernverbands Joachim Rukwied habe der Ukraine-Krieg &#8220;massive Auswirkungen auf die deutsche Landwirtschaft&#8221;, vor allem im Hinblick auf die [&hellip;]\" \/>\n<meta property=\"og:url\" content=\"https:\/\/now-news.de\/de\/deutschland\/bauernverbandspraesident-preise-fuer-verbraucher-werden-weiter-steigen\/\" \/>\n<meta property=\"og:site_name\" content=\"just-now.NEWS Deutschland\" \/>\n<meta property=\"article:publisher\" content=\"https:\/\/www.facebook.com\/wirmachenauf\" \/>\n<meta property=\"article:published_time\" content=\"2022-06-08T09:44:52+00:00\" \/>\n<meta property=\"og:image\" content=\"https:\/\/now-news.de\/de\/wp-content\/uploads\/sites\/3\/2022\/06\/Bauernverbandspraesident-quotPreise-fuer-Verbraucher-werden-weiter-steigenquot.jpg\" \/>\n\t<meta property=\"og:image:width\" content=\"460\" \/>\n\t<meta property=\"og:image:height\" content=\"259\" \/>\n\t<meta property=\"og:image:type\" content=\"image\/jpeg\" \/>\n<meta name=\"author\" content=\"rtnews\" \/>\n<meta name=\"twitter:card\" content=\"summary_large_image\" \/>\n<meta name=\"twitter:creator\" content=\"@WirMachenAuf_de\" \/>\n<meta name=\"twitter:site\" content=\"@WirMachenAuf_de\" \/>\n<meta name=\"twitter:label1\" content=\"Verfasst von\" \/>\n\t<meta name=\"twitter:data1\" content=\"rtnews\" \/>\n\t<meta name=\"twitter:label2\" content=\"Gesch\u00e4tzte Lesezeit\" \/>\n\t<meta name=\"twitter:data2\" content=\"2\u00a0Minuten\" \/>\n<script type=\"application\/ld+json\" class=\"yoast-schema-graph\">{\"@context\":\"https:\/\/schema.org\",\"@graph\":[{\"@type\":\"Article\",\"@id\":\"https:\/\/now-news.de\/de\/deutschland\/bauernverbandspraesident-preise-fuer-verbraucher-werden-weiter-steigen\/#article\",\"isPartOf\":{\"@id\":\"https:\/\/now-news.de\/de\/deutschland\/bauernverbandspraesident-preise-fuer-verbraucher-werden-weiter-steigen\/\"},\"author\":{\"name\":\"rtnews\",\"@id\":\"https:\/\/now-news.de\/de\/#\/schema\/person\/fb534a4e865501d8b3285208df34a9b5\"},\"headline\":\"Bauernverbandspr\u00e4sident: &quot;Preise f\u00fcr Verbraucher werden weiter steigen&quot;\",\"datePublished\":\"2022-06-08T09:44:52+00:00\",\"dateModified\":\"2022-06-08T09:44:52+00:00\",\"mainEntityOfPage\":{\"@id\":\"https:\/\/now-news.de\/de\/deutschland\/bauernverbandspraesident-preise-fuer-verbraucher-werden-weiter-steigen\/\"},\"wordCount\":507,\"commentCount\":0,\"publisher\":{\"@id\":\"https:\/\/now-news.de\/de\/#organization\"},\"image\":{\"@id\":\"https:\/\/now-news.de\/de\/deutschland\/bauernverbandspraesident-preise-fuer-verbraucher-werden-weiter-steigen\/#primaryimage\"},\"thumbnailUrl\":\"https:\/\/now-news.de\/de\/wp-content\/uploads\/sites\/3\/2022\/06\/Bauernverbandspraesident-quotPreise-fuer-Verbraucher-werden-weiter-steigenquot.jpg\",\"keywords\":[\"Bauernverbandspr\u00e4sident\",\"f\u00fcr\",\"quotPreise\",\"steigenquot\",\"Verbraucher\",\"weiter\",\"Werden\"],\"articleSection\":[\"Deutschland\",\"Russland\"],\"inLanguage\":\"de\",\"potentialAction\":[{\"@type\":\"CommentAction\",\"name\":\"Comment\",\"target\":[\"https:\/\/now-news.de\/de\/deutschland\/bauernverbandspraesident-preise-fuer-verbraucher-werden-weiter-steigen\/#respond\"]}]},{\"@type\":\"WebPage\",\"@id\":\"https:\/\/now-news.de\/de\/deutschland\/bauernverbandspraesident-preise-fuer-verbraucher-werden-weiter-steigen\/\",\"url\":\"https:\/\/now-news.de\/de\/deutschland\/bauernverbandspraesident-preise-fuer-verbraucher-werden-weiter-steigen\/\",\"name\":\"Bauernverbandspr\u00e4sident: &quot;Preise f\u00fcr Verbraucher werden weiter steigen&quot; - just-now.NEWS Deutschland\",\"isPartOf\":{\"@id\":\"https:\/\/now-news.de\/de\/#website\"},\"primaryImageOfPage\":{\"@id\":\"https:\/\/now-news.de\/de\/deutschland\/bauernverbandspraesident-preise-fuer-verbraucher-werden-weiter-steigen\/#primaryimage\"},\"image\":{\"@id\":\"https:\/\/now-news.de\/de\/deutschland\/bauernverbandspraesident-preise-fuer-verbraucher-werden-weiter-steigen\/#primaryimage\"},\"thumbnailUrl\":\"https:\/\/now-news.de\/de\/wp-content\/uploads\/sites\/3\/2022\/06\/Bauernverbandspraesident-quotPreise-fuer-Verbraucher-werden-weiter-steigenquot.jpg\",\"datePublished\":\"2022-06-08T09:44:52+00:00\",\"dateModified\":\"2022-06-08T09:44:52+00:00\",\"breadcrumb\":{\"@id\":\"https:\/\/now-news.de\/de\/deutschland\/bauernverbandspraesident-preise-fuer-verbraucher-werden-weiter-steigen\/#breadcrumb\"},\"inLanguage\":\"de\",\"potentialAction\":[{\"@type\":\"ReadAction\",\"target\":[\"https:\/\/now-news.de\/de\/deutschland\/bauernverbandspraesident-preise-fuer-verbraucher-werden-weiter-steigen\/\"]}]},{\"@type\":\"ImageObject\",\"inLanguage\":\"de\",\"@id\":\"https:\/\/now-news.de\/de\/deutschland\/bauernverbandspraesident-preise-fuer-verbraucher-werden-weiter-steigen\/#primaryimage\",\"url\":\"https:\/\/now-news.de\/de\/wp-content\/uploads\/sites\/3\/2022\/06\/Bauernverbandspraesident-quotPreise-fuer-Verbraucher-werden-weiter-steigenquot.jpg\",\"contentUrl\":\"https:\/\/now-news.de\/de\/wp-content\/uploads\/sites\/3\/2022\/06\/Bauernverbandspraesident-quotPreise-fuer-Verbraucher-werden-weiter-steigenquot.jpg\",\"width\":460,\"height\":259,\"caption\":\"Bauernverbandspr\u00e4sident: &quot;Preise f\u00fcr Verbraucher werden weiter steigen&quot;\"},{\"@type\":\"BreadcrumbList\",\"@id\":\"https:\/\/now-news.de\/de\/deutschland\/bauernverbandspraesident-preise-fuer-verbraucher-werden-weiter-steigen\/#breadcrumb\",\"itemListElement\":[{\"@type\":\"ListItem\",\"position\":1,\"name\":\"Home\",\"item\":\"https:\/\/now-news.de\/de\/\"},{\"@type\":\"ListItem\",\"position\":2,\"name\":\"Bauernverbandspr\u00e4sident: &quot;Preise f\u00fcr Verbraucher werden weiter steigen&quot;\"}]},{\"@type\":\"WebSite\",\"@id\":\"https:\/\/now-news.de\/de\/#website\",\"url\":\"https:\/\/now-news.de\/de\/\",\"name\":\"just-now.NEWS Deutschland\",\"description\":\"Das Portal f\u00fcr unzensierte Nachrichten aus der Welt\",\"publisher\":{\"@id\":\"https:\/\/now-news.de\/de\/#organization\"},\"potentialAction\":[{\"@type\":\"SearchAction\",\"target\":{\"@type\":\"EntryPoint\",\"urlTemplate\":\"https:\/\/now-news.de\/de\/?s={search_term_string}\"},\"query-input\":\"required name=search_term_string\"}],\"inLanguage\":\"de\"},{\"@type\":\"Organization\",\"@id\":\"https:\/\/now-news.de\/de\/#organization\",\"name\":\"Just Now News\",\"url\":\"https:\/\/now-news.de\/de\/\",\"logo\":{\"@type\":\"ImageObject\",\"inLanguage\":\"de\",\"@id\":\"https:\/\/now-news.de\/de\/#\/schema\/logo\/image\/\",\"url\":\"http:\/\/just-now.news\/de\/wp-content\/uploads\/sites\/3\/2022\/04\/logo500x500.jpg\",\"contentUrl\":\"http:\/\/just-now.news\/de\/wp-content\/uploads\/sites\/3\/2022\/04\/logo500x500.jpg\",\"width\":500,\"height\":500,\"caption\":\"Just Now News\"},\"image\":{\"@id\":\"https:\/\/now-news.de\/de\/#\/schema\/logo\/image\/\"},\"sameAs\":[\"https:\/\/www.facebook.com\/wirmachenauf\",\"https:\/\/x.com\/WirMachenAuf_de\"]},{\"@type\":\"Person\",\"@id\":\"https:\/\/now-news.de\/de\/#\/schema\/person\/fb534a4e865501d8b3285208df34a9b5\",\"name\":\"rtnews\",\"image\":{\"@type\":\"ImageObject\",\"inLanguage\":\"de\",\"@id\":\"https:\/\/now-news.de\/de\/#\/schema\/person\/image\/\",\"url\":\"https:\/\/secure.gravatar.com\/avatar\/82aafea7d8127119dd649515f56e2117?s=96&d=mm&r=g\",\"contentUrl\":\"https:\/\/secure.gravatar.com\/avatar\/82aafea7d8127119dd649515f56e2117?s=96&d=mm&r=g\",\"caption\":\"rtnews\"},\"url\":\"https:\/\/now-news.de\/de\/author\/rnews\/\"}]}<\/script>\n<!-- \/ Yoast SEO Premium plugin. -->","yoast_head_json":{"title":"Bauernverbandspr\u00e4sident: &quot;Preise f\u00fcr Verbraucher werden weiter steigen&quot; - just-now.NEWS Deutschland","robots":{"index":"index","follow":"follow","max-snippet":"max-snippet:-1","max-image-preview":"max-image-preview:large","max-video-preview":"max-video-preview:-1"},"canonical":"https:\/\/now-news.de\/de\/deutschland\/bauernverbandspraesident-preise-fuer-verbraucher-werden-weiter-steigen\/","og_locale":"de_DE","og_type":"article","og_title":"Bauernverbandspr\u00e4sident: &quot;Preise f\u00fcr Verbraucher werden weiter steigen&quot;","og_description":"Die Verbraucher in Deutschland m\u00fcssen mit weiter steigenden Preisen f\u00fcr Lebensmittel rechnen. Wenigstens die Versorgungssicherheit sei f\u00fcr dieses Jahr wohl noch gegeben. F\u00fcr 2023 ist man beim Deutschen Bauernverband jedoch weniger optimistisch. Laut dem Pr\u00e4sidenten des Deutschen Bauernverbands Joachim Rukwied habe der Ukraine-Krieg &#8220;massive Auswirkungen auf die deutsche Landwirtschaft&#8221;, vor allem im Hinblick auf die [&hellip;]","og_url":"https:\/\/now-news.de\/de\/deutschland\/bauernverbandspraesident-preise-fuer-verbraucher-werden-weiter-steigen\/","og_site_name":"just-now.NEWS Deutschland","article_publisher":"https:\/\/www.facebook.com\/wirmachenauf","article_published_time":"2022-06-08T09:44:52+00:00","og_image":[{"width":460,"height":259,"url":"https:\/\/now-news.de\/de\/wp-content\/uploads\/sites\/3\/2022\/06\/Bauernverbandspraesident-quotPreise-fuer-Verbraucher-werden-weiter-steigenquot.jpg","type":"image\/jpeg"}],"author":"rtnews","twitter_card":"summary_large_image","twitter_creator":"@WirMachenAuf_de","twitter_site":"@WirMachenAuf_de","twitter_misc":{"Verfasst von":"rtnews","Gesch\u00e4tzte Lesezeit":"2\u00a0Minuten"},"schema":{"@context":"https:\/\/schema.org","@graph":[{"@type":"Article","@id":"https:\/\/now-news.de\/de\/deutschland\/bauernverbandspraesident-preise-fuer-verbraucher-werden-weiter-steigen\/#article","isPartOf":{"@id":"https:\/\/now-news.de\/de\/deutschland\/bauernverbandspraesident-preise-fuer-verbraucher-werden-weiter-steigen\/"},"author":{"name":"rtnews","@id":"https:\/\/now-news.de\/de\/#\/schema\/person\/fb534a4e865501d8b3285208df34a9b5"},"headline":"Bauernverbandspr\u00e4sident: &quot;Preise f\u00fcr Verbraucher werden weiter steigen&quot;","datePublished":"2022-06-08T09:44:52+00:00","dateModified":"2022-06-08T09:44:52+00:00","mainEntityOfPage":{"@id":"https:\/\/now-news.de\/de\/deutschland\/bauernverbandspraesident-preise-fuer-verbraucher-werden-weiter-steigen\/"},"wordCount":507,"commentCount":0,"publisher":{"@id":"https:\/\/now-news.de\/de\/#organization"},"image":{"@id":"https:\/\/now-news.de\/de\/deutschland\/bauernverbandspraesident-preise-fuer-verbraucher-werden-weiter-steigen\/#primaryimage"},"thumbnailUrl":"https:\/\/now-news.de\/de\/wp-content\/uploads\/sites\/3\/2022\/06\/Bauernverbandspraesident-quotPreise-fuer-Verbraucher-werden-weiter-steigenquot.jpg","keywords":["Bauernverbandspr\u00e4sident","f\u00fcr","quotPreise","steigenquot","Verbraucher","weiter","Werden"],"articleSection":["Deutschland","Russland"],"inLanguage":"de","potentialAction":[{"@type":"CommentAction","name":"Comment","target":["https:\/\/now-news.de\/de\/deutschland\/bauernverbandspraesident-preise-fuer-verbraucher-werden-weiter-steigen\/#respond"]}]},{"@type":"WebPage","@id":"https:\/\/now-news.de\/de\/deutschland\/bauernverbandspraesident-preise-fuer-verbraucher-werden-weiter-steigen\/","url":"https:\/\/now-news.de\/de\/deutschland\/bauernverbandspraesident-preise-fuer-verbraucher-werden-weiter-steigen\/","name":"Bauernverbandspr\u00e4sident: &quot;Preise f\u00fcr Verbraucher werden weiter steigen&quot; - just-now.NEWS Deutschland","isPartOf":{"@id":"https:\/\/now-news.de\/de\/#website"},"primaryImageOfPage":{"@id":"https:\/\/now-news.de\/de\/deutschland\/bauernverbandspraesident-preise-fuer-verbraucher-werden-weiter-steigen\/#primaryimage"},"image":{"@id":"https:\/\/now-news.de\/de\/deutschland\/bauernverbandspraesident-preise-fuer-verbraucher-werden-weiter-steigen\/#primaryimage"},"thumbnailUrl":"https:\/\/now-news.de\/de\/wp-content\/uploads\/sites\/3\/2022\/06\/Bauernverbandspraesident-quotPreise-fuer-Verbraucher-werden-weiter-steigenquot.jpg","datePublished":"2022-06-08T09:44:52+00:00","dateModified":"2022-06-08T09:44:52+00:00","breadcrumb":{"@id":"https:\/\/now-news.de\/de\/deutschland\/bauernverbandspraesident-preise-fuer-verbraucher-werden-weiter-steigen\/#breadcrumb"},"inLanguage":"de","potentialAction":[{"@type":"ReadAction","target":["https:\/\/now-news.de\/de\/deutschland\/bauernverbandspraesident-preise-fuer-verbraucher-werden-weiter-steigen\/"]}]},{"@type":"ImageObject","inLanguage":"de","@id":"https:\/\/now-news.de\/de\/deutschland\/bauernverbandspraesident-preise-fuer-verbraucher-werden-weiter-steigen\/#primaryimage","url":"https:\/\/now-news.de\/de\/wp-content\/uploads\/sites\/3\/2022\/06\/Bauernverbandspraesident-quotPreise-fuer-Verbraucher-werden-weiter-steigenquot.jpg","contentUrl":"https:\/\/now-news.de\/de\/wp-content\/uploads\/sites\/3\/2022\/06\/Bauernverbandspraesident-quotPreise-fuer-Verbraucher-werden-weiter-steigenquot.jpg","width":460,"height":259,"caption":"Bauernverbandspr\u00e4sident: &quot;Preise f\u00fcr Verbraucher werden weiter steigen&quot;"},{"@type":"BreadcrumbList","@id":"https:\/\/now-news.de\/de\/deutschland\/bauernverbandspraesident-preise-fuer-verbraucher-werden-weiter-steigen\/#breadcrumb","itemListElement":[{"@type":"ListItem","position":1,"name":"Home","item":"https:\/\/now-news.de\/de\/"},{"@type":"ListItem","position":2,"name":"Bauernverbandspr\u00e4sident: &quot;Preise f\u00fcr Verbraucher werden weiter steigen&quot;"}]},{"@type":"WebSite","@id":"https:\/\/now-news.de\/de\/#website","url":"https:\/\/now-news.de\/de\/","name":"just-now.NEWS Deutschland","description":"Das Portal f\u00fcr unzensierte Nachrichten aus der Welt","publisher":{"@id":"https:\/\/now-news.de\/de\/#organization"},"potentialAction":[{"@type":"SearchAction","target":{"@type":"EntryPoint","urlTemplate":"https:\/\/now-news.de\/de\/?s={search_term_string}"},"query-input":"required name=search_term_string"}],"inLanguage":"de"},{"@type":"Organization","@id":"https:\/\/now-news.de\/de\/#organization","name":"Just Now News","url":"https:\/\/now-news.de\/de\/","logo":{"@type":"ImageObject","inLanguage":"de","@id":"https:\/\/now-news.de\/de\/#\/schema\/logo\/image\/","url":"http:\/\/just-now.news\/de\/wp-content\/uploads\/sites\/3\/2022\/04\/logo500x500.jpg","contentUrl":"http:\/\/just-now.news\/de\/wp-content\/uploads\/sites\/3\/2022\/04\/logo500x500.jpg","width":500,"height":500,"caption":"Just Now News"},"image":{"@id":"https:\/\/now-news.de\/de\/#\/schema\/logo\/image\/"},"sameAs":["https:\/\/www.facebook.com\/wirmachenauf","https:\/\/x.com\/WirMachenAuf_de"]},{"@type":"Person","@id":"https:\/\/now-news.de\/de\/#\/schema\/person\/fb534a4e865501d8b3285208df34a9b5","name":"rtnews","image":{"@type":"ImageObject","inLanguage":"de","@id":"https:\/\/now-news.de\/de\/#\/schema\/person\/image\/","url":"https:\/\/secure.gravatar.com\/avatar\/82aafea7d8127119dd649515f56e2117?s=96&d=mm&r=g","contentUrl":"https:\/\/secure.gravatar.com\/avatar\/82aafea7d8127119dd649515f56e2117?s=96&d=mm&r=g","caption":"rtnews"},"url":"https:\/\/now-news.de\/de\/author\/rnews\/"}]}},"_links":{"self":[{"href":"https:\/\/now-news.de\/de\/wp-json\/wp\/v2\/posts\/10181"}],"collection":[{"href":"https:\/\/now-news.de\/de\/wp-json\/wp\/v2\/posts"}],"about":[{"href":"https:\/\/now-news.de\/de\/wp-json\/wp\/v2\/types\/post"}],"author":[{"embeddable":true,"href":"https:\/\/now-news.de\/de\/wp-json\/wp\/v2\/users\/3"}],"replies":[{"embeddable":true,"href":"https:\/\/now-news.de\/de\/wp-json\/wp\/v2\/comments?post=10181"}],"version-history":[{"count":0,"href":"https:\/\/now-news.de\/de\/wp-json\/wp\/v2\/posts\/10181\/revisions"}],"wp:featuredmedia":[{"embeddable":true,"href":"https:\/\/now-news.de\/de\/wp-json\/wp\/v2\/media\/10182"}],"wp:attachment":[{"href":"https:\/\/now-news.de\/de\/wp-json\/wp\/v2\/media?parent=10181"}],"wp:term":[{"taxonomy":"category","embeddable":true,"href":"https:\/\/now-news.de\/de\/wp-json\/wp\/v2\/categories?post=10181"},{"taxonomy":"post_tag","embeddable":true,"href":"https:\/\/now-news.de\/de\/wp-json\/wp\/v2\/tags?post=10181"}],"curies":[{"name":"wp","href":"https:\/\/api.w.org\/{rel}","templated":true}]}}