{"id":101742,"date":"2026-04-16T12:48:24","date_gmt":"2026-04-16T10:48:24","guid":{"rendered":"https:\/\/now-news.de\/de\/deutschland\/magyar-vergleicht-ungarische-staatsmedien-mit-goebbels-propaganda-schliessung-angekuendigt\/"},"modified":"2026-04-16T12:48:24","modified_gmt":"2026-04-16T10:48:24","slug":"magyar-vergleicht-ungarische-staatsmedien-mit-goebbels-propaganda-schliessung-angekuendigt","status":"publish","type":"post","link":"https:\/\/now-news.de\/de\/deutschland\/magyar-vergleicht-ungarische-staatsmedien-mit-goebbels-propaganda-schliessung-angekuendigt\/","title":{"rendered":"Magyar vergleicht ungarische Staatsmedien mit Goebbels-Propaganda \u2013 Schlie\u00dfung angek\u00fcndigt"},"content":{"rendered":"<p><img decoding=\"async\" src=\"https:\/\/now-news.de\/de\/wp-content\/uploads\/sites\/3\/2026\/04\/69e0b4bcb480cc75a721faad.jpg\" \/><\/p>\n<div class=\"Text-root Text-type_1 \">\n                Ungarische Staatsmedien werden vorerst geschlossen und Subventionen komplett abgeschafft. Magyar k\u00fcndigt Pressefreiheit an und erkl\u00e4rt:  &#8220;Was hier seit 2010 geschieht, ist etwas, das Goebbels oder die nordkoreanische F\u00fchrung bewundern w\u00fcrden \u2013 kein einziges wahres Wort wird gesprochen.&#8221;\n            <\/div>\n<p><\/p>\n<div class=\"Text-root Text-type_5 ArticleView-text ViewText-root \">\n<p>Am Mittwoch k\u00fcndigte der neue ungarische Ministerpr\u00e4sident P\u00e9ter Magyar die vor\u00fcbergehende Schlie\u00dfung des ungarischen staatlichen Fernsehsenders <em>MTVA<\/em> an. In einem Interview bezeichnete er das \u00f6ffentliche Fernsehen als Propagandamaschine, vergleichbar mit nordkoreanischen Medien und Goebbels. \u00dcber seinen X-Account <a rel=\"nofollow noopener\" target=\"_blank\" href=\"https:\/\/x.com\/magyarpeterMP\/status\/2044313699725222274\">teilte<\/a> er mit:<\/p>\n<p><em>&#8220;Nach anderthalb Jahren bin ich wieder im &#8216;\u00f6ffentlichen&#8217; Fernsehstudio. Wir haben gerade die letzten Tage einer Propagandamaschine miterlebt. Nach der Bildung der TISZA-Regierung werden wir die Nachrichtensendungen der &#8216;\u00f6ffentlichen&#8217; Medien aussetzen, bis ihr \u00f6ffentlich-rechtlicher Charakter wiederhergestellt ist.&#8221;<\/em><\/p>\n<p>In einem <a rel=\"nofollow noopener\" target=\"_blank\" href=\"https:\/\/x.com\/magyarpeterMP\">weiteren Post<\/a> schrieb er, die Mitarbeiter in den \u00f6ffentlichen Medien h\u00e4tten unter permanenter Einsch\u00fcchterung und politischem Druck gearbeitet. Mehrere Mitarbeiter h\u00e4tten ihm am Mittwoch mitgeteilt, der Sieg der TISZA-Partei sei f\u00fcr sie eine Befreiung. Infolgedessen w\u00fcrden die Verantwortlichen und die Nachrichtensendungen der \u00f6ffentlichen Medien abgesetzt, &#8220;bis alle Voraussetzungen f\u00fcr einen unparteiischen und objektiven Journalismus vollst\u00e4ndig wiederhergestellt sind.&#8221;<\/p>\n<div class=\"EmbedBlock-root EmbedBlock-twitter\">\n<div class=\"TwitterEmbed\">\n<blockquote class=\"twitter-tweet lazyload\" data-twitter=\"twitter-tweet\">\n<p lang=\"en\" dir=\"ltr\">The employees of the so-called &#8220;public&#8221; media propaganda machine have been working under constant intimidation and political pressure. After my interview this morning, several of them told me they see TISZA\u2019s victory on April 12 as a form of liberation.Thank you for the warm\u2026 <a rel=\"nofollow noopener\" target=\"_blank\" href=\"https:\/\/t.co\/6GxDuwd4km\">https:\/\/t.co\/6GxDuwd4km<\/a><\/p>\n<p>\u2014 Magyar P\u00e9ter (Ne f\u00e9ljetek) (@magyarpeterMP) <a rel=\"nofollow noopener\" target=\"_blank\" href=\"https:\/\/twitter.com\/magyarpeterMP\/status\/2044562156427821476?ref_src=twsrc%5Etfw\">April 15, 2026<\/a><\/p><\/blockquote>\n<\/div>\n<\/div>\n<p>Magyar versprach, in Zukunft die Freiheit der Presse zu gew\u00e4hrleisten. Insbesondere um das zu garantieren, werde er auch die staatlichen Gelder f\u00fcr den \u00f6ffentlichen Rundfunk streichen:\u00a0<\/p>\n<p><em>&#8220;Die TISZA-Regierung wird die Pressefreiheit gew\u00e4hrleisten, die Zensur abschaffen und verbotene staatliche Subventionen beseitigen.&#8221;<\/em><\/p>\n<p>Anl\u00e4sslich seines Besuches bei <em>MTVA<\/em> gab Magyar den staatlichen Medien zwei Interviews,\u00a0<a rel=\"nofollow noopener\" target=\"_blank\" href=\"https:\/\/www.euronews.com\/my-europe\/2026\/04\/15\/magyar-vows-to-shut-down-hungarian-state-tv-accusing-it-of-north-korean-propaganda\">berichtete<\/a>\u00a0<em>Euronews<\/em> am Mittwoch. W\u00e4hrend seines Wahlkampfs habe er Einladungen der staatlichen Medien abgelehnt, denen er Voreingenommenheit vorwarf. In den Interviews \u2013 zuerst im \u00f6ffentlich-rechtlichen Radio, dann im Fernsehen \u2013 habe der neue ungarische Premier die \u00f6ffentlichen Medien mit aller Sch\u00e4rfe angegriffen. Gegen\u00fcber einem <em>MTVA-<\/em>Moderator habe er die Zukunft des Senders wie folgt erkl\u00e4rt:\u00a0<\/p>\n<p><em>&#8220;Ein Punkt unseres Programms ist, dass diese L\u00fcgenfabrik ein Ende finden wird, sobald eine Tisza-Regierung gebildet ist. [&#8230;] Die hier verbreiteten Fake News m\u00fcssen aufh\u00f6ren, und wir werden unabh\u00e4ngige, objektive und unparteiische Bedingungen schaffen, um dieser Propaganda ein Ende zu setzen.&#8221;<\/em><\/p>\n<p>Dem Sender habe er vorgeworfen, w\u00e4hrend des Wahlkampfs falsche Informationen \u00fcber ihn verbreitet und seine Familie beleidigt zu haben. Dem habe der <em>MTVA-<\/em>Moderator widersprochen:<\/p>\n<p><em>&#8220;Ich m\u00f6chte im Namen aller meiner Kollegen die Behauptungen zur\u00fcckweisen, dass wir Ihre Familie beleidigt h\u00e4tten.&#8221;<\/em><\/p>\n<p>Schlie\u00dflich habe Magyar den ungarischen Staatsrundfunk mit nordkoreanischen Staatsmedien und mit dem Propagandaminister der Nazis, Josef Goebbels verglichen:\u00a0\u00a0<\/p>\n<p><em>&#8220;Was hier seit 2010 geschieht, ist etwas, das Goebbels oder die nordkoreanische F\u00fchrung bewundern w\u00fcrden \u2013 kein einziges wahres Wort wird gesprochen. Das darf so nicht weitergehen.&#8221;<\/em><\/p>\n<p><em>Euronews<\/em>\u00a0<a rel=\"nofollow noopener\" target=\"_blank\" href=\"https:\/\/www.euronews.com\/my-europe\/2026\/04\/15\/magyar-vows-to-shut-down-hungarian-state-tv-accusing-it-of-north-korean-propaganda\">kommentierte<\/a> die Ansagen des neuen ungarischen Premiers mit den Worten:<\/p>\n<p><em>&#8220;Magyars Vorgehen entspricht dem seines politischen Verb\u00fcndeten, des polnischen Ministerpr\u00e4sidenten Donald Tusk, der nach seinem Amtsantritt im Jahr 2023 drastische Ma\u00dfnahmen gegen den staatlichen Rundfunk Polens ergriff. Nachdem die polnische Regierung versprochen hatte, ihn in einen unabh\u00e4ngigen \u00f6ffentlich-rechtlichen Sender umzuwandeln, unterbrach sie die Fernsehsignale und entlie\u00df die Gesch\u00e4ftsf\u00fchrung.&#8221;<\/em><\/p>\n<p><strong>Mehr zum Thema &#8211;<\/strong>\u00a0<a rel=\"nofollow noopener\" target=\"_blank\" href=\"https:\/\/dert.online\/europa\/277171-der-schluessel-zur-festung-welchen-weg-wird-ungarn-unter-peter-magyar-einschlagen\/\">Der Schl\u00fcssel zur Festung: Welchen Weg wird Ungarn unter P\u00e9ter Magyar einschlagen?<\/a><\/p>\n<\/p>\n<\/div>\n<p><script async src=\"https:\/\/platform.twitter.com\/widgets.js\" charset=\"utf-8\"><\/script><br \/>\n<br \/><br \/>\n<br \/><a href=\"https:\/\/de.rt.com\/europa\/277325-magyar-wirft-ungarischen-staatsmedien-goebbels\/\">Source link <\/a><\/p>\n","protected":false},"excerpt":{"rendered":"<p>Ungarische Staatsmedien werden vorerst geschlossen und Subventionen komplett abgeschafft. Magyar k\u00fcndigt Pressefreiheit an und erkl\u00e4rt: &#8220;Was hier seit 2010 geschieht, ist etwas, das Goebbels oder die nordkoreanische F\u00fchrung bewundern w\u00fcrden \u2013 kein einziges wahres Wort wird gesprochen.&#8221; Am Mittwoch k\u00fcndigte der neue ungarische Ministerpr\u00e4sident P\u00e9ter Magyar die vor\u00fcbergehende Schlie\u00dfung des ungarischen staatlichen Fernsehsenders MTVA an. [&hellip;]<\/p>\n","protected":false},"author":3,"featured_media":101743,"comment_status":"open","ping_status":"open","sticky":false,"template":"","format":"standard","meta":{"_yoast_indexnow_last_ping":["1776336651"],"wp_automatic_camp":["217"],"b077293a4a16d027785e36cd47ddee0e":["Magyar vergleicht ungarische Staatsmedien mit Goebbels-Propaganda \u2013 Schlie\u00dfung angek\u00fcndigt"],"original_link":["https:\/\/de.rt.com\/europa\/277325-magyar-wirft-ungarischen-staatsmedien-goebbels\/"],"_thumbnail_id":["101743"],"jnews_social_counter_last_update":["1777463572"],"_wptgpro_p2tg_sent2tg":["a:1:{i:23737;s:19:\"2026-04-16 12:51:55\";}"]},"categories":[19,23],"tags":[21078,72391,72327,419,10395,29704,39649,6796],"yoast_head":"<!-- This site is optimized with the Yoast SEO Premium plugin v22.7 (Yoast SEO v22.7) - https:\/\/yoast.com\/wordpress\/plugins\/seo\/ -->\n<title>Magyar vergleicht ungarische Staatsmedien mit Goebbels-Propaganda \u2013 Schlie\u00dfung angek\u00fcndigt - just-now.NEWS Deutschland<\/title>\n<meta name=\"robots\" content=\"index, follow, max-snippet:-1, max-image-preview:large, max-video-preview:-1\" \/>\n<link rel=\"canonical\" href=\"https:\/\/now-news.de\/de\/deutschland\/magyar-vergleicht-ungarische-staatsmedien-mit-goebbels-propaganda-schliessung-angekuendigt\/\" \/>\n<meta property=\"og:locale\" content=\"de_DE\" \/>\n<meta property=\"og:type\" content=\"article\" \/>\n<meta property=\"og:title\" content=\"Magyar vergleicht ungarische Staatsmedien mit Goebbels-Propaganda \u2013 Schlie\u00dfung angek\u00fcndigt\" \/>\n<meta property=\"og:description\" content=\"Ungarische Staatsmedien werden vorerst geschlossen und Subventionen komplett abgeschafft. Magyar k\u00fcndigt Pressefreiheit an und erkl\u00e4rt: &#8220;Was hier seit 2010 geschieht, ist etwas, das Goebbels oder die nordkoreanische F\u00fchrung bewundern w\u00fcrden \u2013 kein einziges wahres Wort wird gesprochen.&#8221; Am Mittwoch k\u00fcndigte der neue ungarische Ministerpr\u00e4sident P\u00e9ter Magyar die vor\u00fcbergehende Schlie\u00dfung des ungarischen staatlichen Fernsehsenders MTVA an. [&hellip;]\" \/>\n<meta property=\"og:url\" content=\"https:\/\/now-news.de\/de\/deutschland\/magyar-vergleicht-ungarische-staatsmedien-mit-goebbels-propaganda-schliessung-angekuendigt\/\" \/>\n<meta property=\"og:site_name\" content=\"just-now.NEWS Deutschland\" \/>\n<meta property=\"article:publisher\" content=\"https:\/\/www.facebook.com\/wirmachenauf\" \/>\n<meta property=\"article:published_time\" content=\"2026-04-16T10:48:24+00:00\" \/>\n<meta property=\"og:image\" content=\"https:\/\/now-news.de\/de\/wp-content\/uploads\/sites\/3\/2026\/04\/69e0b4bcb480cc75a721faad.jpg\" \/>\n<meta name=\"author\" content=\"rtnews\" \/>\n<meta name=\"twitter:card\" content=\"summary_large_image\" \/>\n<meta name=\"twitter:creator\" content=\"@WirMachenAuf_de\" \/>\n<meta name=\"twitter:site\" content=\"@WirMachenAuf_de\" \/>\n<meta name=\"twitter:label1\" content=\"Verfasst von\" \/>\n\t<meta name=\"twitter:data1\" content=\"rtnews\" \/>\n\t<meta name=\"twitter:label2\" content=\"Gesch\u00e4tzte Lesezeit\" \/>\n\t<meta name=\"twitter:data2\" content=\"3\u00a0Minuten\" \/>\n<script type=\"application\/ld+json\" class=\"yoast-schema-graph\">{\"@context\":\"https:\/\/schema.org\",\"@graph\":[{\"@type\":\"Article\",\"@id\":\"https:\/\/now-news.de\/de\/deutschland\/magyar-vergleicht-ungarische-staatsmedien-mit-goebbels-propaganda-schliessung-angekuendigt\/#article\",\"isPartOf\":{\"@id\":\"https:\/\/now-news.de\/de\/deutschland\/magyar-vergleicht-ungarische-staatsmedien-mit-goebbels-propaganda-schliessung-angekuendigt\/\"},\"author\":{\"name\":\"rtnews\",\"@id\":\"https:\/\/now-news.de\/de\/#\/schema\/person\/fb534a4e865501d8b3285208df34a9b5\"},\"headline\":\"Magyar vergleicht ungarische Staatsmedien mit Goebbels-Propaganda \u2013 Schlie\u00dfung angek\u00fcndigt\",\"datePublished\":\"2026-04-16T10:48:24+00:00\",\"dateModified\":\"2026-04-16T10:48:24+00:00\",\"mainEntityOfPage\":{\"@id\":\"https:\/\/now-news.de\/de\/deutschland\/magyar-vergleicht-ungarische-staatsmedien-mit-goebbels-propaganda-schliessung-angekuendigt\/\"},\"wordCount\":586,\"commentCount\":0,\"publisher\":{\"@id\":\"https:\/\/now-news.de\/de\/#organization\"},\"image\":{\"@id\":\"https:\/\/now-news.de\/de\/deutschland\/magyar-vergleicht-ungarische-staatsmedien-mit-goebbels-propaganda-schliessung-angekuendigt\/#primaryimage\"},\"thumbnailUrl\":\"https:\/\/now-news.de\/de\/wp-content\/uploads\/sites\/3\/Magyar-vergleicht-ungarische-Staatsmedien-mit-Goebbels-Propaganda-\u2013-Schliessung-angekuendigt.jpg\",\"keywords\":[\"angek\u00fcndigt\",\"GoebbelsPropaganda\",\"Magyar\",\"mit\",\"Schlie\u00dfung\",\"Staatsmedien\",\"ungarische\",\"vergleicht\"],\"articleSection\":[\"Deutschland\",\"Russland\"],\"inLanguage\":\"de\",\"potentialAction\":[{\"@type\":\"CommentAction\",\"name\":\"Comment\",\"target\":[\"https:\/\/now-news.de\/de\/deutschland\/magyar-vergleicht-ungarische-staatsmedien-mit-goebbels-propaganda-schliessung-angekuendigt\/#respond\"]}]},{\"@type\":\"WebPage\",\"@id\":\"https:\/\/now-news.de\/de\/deutschland\/magyar-vergleicht-ungarische-staatsmedien-mit-goebbels-propaganda-schliessung-angekuendigt\/\",\"url\":\"https:\/\/now-news.de\/de\/deutschland\/magyar-vergleicht-ungarische-staatsmedien-mit-goebbels-propaganda-schliessung-angekuendigt\/\",\"name\":\"Magyar vergleicht ungarische Staatsmedien mit Goebbels-Propaganda \u2013 Schlie\u00dfung angek\u00fcndigt - just-now.NEWS Deutschland\",\"isPartOf\":{\"@id\":\"https:\/\/now-news.de\/de\/#website\"},\"primaryImageOfPage\":{\"@id\":\"https:\/\/now-news.de\/de\/deutschland\/magyar-vergleicht-ungarische-staatsmedien-mit-goebbels-propaganda-schliessung-angekuendigt\/#primaryimage\"},\"image\":{\"@id\":\"https:\/\/now-news.de\/de\/deutschland\/magyar-vergleicht-ungarische-staatsmedien-mit-goebbels-propaganda-schliessung-angekuendigt\/#primaryimage\"},\"thumbnailUrl\":\"https:\/\/now-news.de\/de\/wp-content\/uploads\/sites\/3\/Magyar-vergleicht-ungarische-Staatsmedien-mit-Goebbels-Propaganda-\u2013-Schliessung-angekuendigt.jpg\",\"datePublished\":\"2026-04-16T10:48:24+00:00\",\"dateModified\":\"2026-04-16T10:48:24+00:00\",\"breadcrumb\":{\"@id\":\"https:\/\/now-news.de\/de\/deutschland\/magyar-vergleicht-ungarische-staatsmedien-mit-goebbels-propaganda-schliessung-angekuendigt\/#breadcrumb\"},\"inLanguage\":\"de\",\"potentialAction\":[{\"@type\":\"ReadAction\",\"target\":[\"https:\/\/now-news.de\/de\/deutschland\/magyar-vergleicht-ungarische-staatsmedien-mit-goebbels-propaganda-schliessung-angekuendigt\/\"]}]},{\"@type\":\"ImageObject\",\"inLanguage\":\"de\",\"@id\":\"https:\/\/now-news.de\/de\/deutschland\/magyar-vergleicht-ungarische-staatsmedien-mit-goebbels-propaganda-schliessung-angekuendigt\/#primaryimage\",\"url\":\"https:\/\/now-news.de\/de\/wp-content\/uploads\/sites\/3\/Magyar-vergleicht-ungarische-Staatsmedien-mit-Goebbels-Propaganda-\u2013-Schliessung-angekuendigt.jpg\",\"contentUrl\":\"https:\/\/now-news.de\/de\/wp-content\/uploads\/sites\/3\/Magyar-vergleicht-ungarische-Staatsmedien-mit-Goebbels-Propaganda-\u2013-Schliessung-angekuendigt.jpg\",\"caption\":\"Magyar vergleicht ungarische Staatsmedien mit Goebbels-Propaganda \u2013 Schlie\u00dfung angek\u00fcndigt\"},{\"@type\":\"BreadcrumbList\",\"@id\":\"https:\/\/now-news.de\/de\/deutschland\/magyar-vergleicht-ungarische-staatsmedien-mit-goebbels-propaganda-schliessung-angekuendigt\/#breadcrumb\",\"itemListElement\":[{\"@type\":\"ListItem\",\"position\":1,\"name\":\"Home\",\"item\":\"https:\/\/now-news.de\/de\/\"},{\"@type\":\"ListItem\",\"position\":2,\"name\":\"Magyar vergleicht ungarische Staatsmedien mit Goebbels-Propaganda \u2013 Schlie\u00dfung angek\u00fcndigt\"}]},{\"@type\":\"WebSite\",\"@id\":\"https:\/\/now-news.de\/de\/#website\",\"url\":\"https:\/\/now-news.de\/de\/\",\"name\":\"just-now.NEWS Deutschland\",\"description\":\"Das Portal f\u00fcr unzensierte Nachrichten aus der Welt\",\"publisher\":{\"@id\":\"https:\/\/now-news.de\/de\/#organization\"},\"potentialAction\":[{\"@type\":\"SearchAction\",\"target\":{\"@type\":\"EntryPoint\",\"urlTemplate\":\"https:\/\/now-news.de\/de\/?s={search_term_string}\"},\"query-input\":\"required name=search_term_string\"}],\"inLanguage\":\"de\"},{\"@type\":\"Organization\",\"@id\":\"https:\/\/now-news.de\/de\/#organization\",\"name\":\"Just Now News\",\"url\":\"https:\/\/now-news.de\/de\/\",\"logo\":{\"@type\":\"ImageObject\",\"inLanguage\":\"de\",\"@id\":\"https:\/\/now-news.de\/de\/#\/schema\/logo\/image\/\",\"url\":\"http:\/\/just-now.news\/de\/wp-content\/uploads\/sites\/3\/2022\/04\/logo500x500.jpg\",\"contentUrl\":\"http:\/\/just-now.news\/de\/wp-content\/uploads\/sites\/3\/2022\/04\/logo500x500.jpg\",\"width\":500,\"height\":500,\"caption\":\"Just Now News\"},\"image\":{\"@id\":\"https:\/\/now-news.de\/de\/#\/schema\/logo\/image\/\"},\"sameAs\":[\"https:\/\/www.facebook.com\/wirmachenauf\",\"https:\/\/x.com\/WirMachenAuf_de\"]},{\"@type\":\"Person\",\"@id\":\"https:\/\/now-news.de\/de\/#\/schema\/person\/fb534a4e865501d8b3285208df34a9b5\",\"name\":\"rtnews\",\"image\":{\"@type\":\"ImageObject\",\"inLanguage\":\"de\",\"@id\":\"https:\/\/now-news.de\/de\/#\/schema\/person\/image\/\",\"url\":\"https:\/\/secure.gravatar.com\/avatar\/82aafea7d8127119dd649515f56e2117?s=96&d=mm&r=g\",\"contentUrl\":\"https:\/\/secure.gravatar.com\/avatar\/82aafea7d8127119dd649515f56e2117?s=96&d=mm&r=g\",\"caption\":\"rtnews\"},\"url\":\"https:\/\/now-news.de\/de\/author\/rnews\/\"}]}<\/script>\n<!-- \/ Yoast SEO Premium plugin. -->","yoast_head_json":{"title":"Magyar vergleicht ungarische Staatsmedien mit Goebbels-Propaganda \u2013 Schlie\u00dfung angek\u00fcndigt - just-now.NEWS Deutschland","robots":{"index":"index","follow":"follow","max-snippet":"max-snippet:-1","max-image-preview":"max-image-preview:large","max-video-preview":"max-video-preview:-1"},"canonical":"https:\/\/now-news.de\/de\/deutschland\/magyar-vergleicht-ungarische-staatsmedien-mit-goebbels-propaganda-schliessung-angekuendigt\/","og_locale":"de_DE","og_type":"article","og_title":"Magyar vergleicht ungarische Staatsmedien mit Goebbels-Propaganda \u2013 Schlie\u00dfung angek\u00fcndigt","og_description":"Ungarische Staatsmedien werden vorerst geschlossen und Subventionen komplett abgeschafft. Magyar k\u00fcndigt Pressefreiheit an und erkl\u00e4rt: &#8220;Was hier seit 2010 geschieht, ist etwas, das Goebbels oder die nordkoreanische F\u00fchrung bewundern w\u00fcrden \u2013 kein einziges wahres Wort wird gesprochen.&#8221; Am Mittwoch k\u00fcndigte der neue ungarische Ministerpr\u00e4sident P\u00e9ter Magyar die vor\u00fcbergehende Schlie\u00dfung des ungarischen staatlichen Fernsehsenders MTVA an. [&hellip;]","og_url":"https:\/\/now-news.de\/de\/deutschland\/magyar-vergleicht-ungarische-staatsmedien-mit-goebbels-propaganda-schliessung-angekuendigt\/","og_site_name":"just-now.NEWS Deutschland","article_publisher":"https:\/\/www.facebook.com\/wirmachenauf","article_published_time":"2026-04-16T10:48:24+00:00","og_image":[{"url":"https:\/\/now-news.de\/de\/wp-content\/uploads\/sites\/3\/2026\/04\/69e0b4bcb480cc75a721faad.jpg"}],"author":"rtnews","twitter_card":"summary_large_image","twitter_creator":"@WirMachenAuf_de","twitter_site":"@WirMachenAuf_de","twitter_misc":{"Verfasst von":"rtnews","Gesch\u00e4tzte Lesezeit":"3\u00a0Minuten"},"schema":{"@context":"https:\/\/schema.org","@graph":[{"@type":"Article","@id":"https:\/\/now-news.de\/de\/deutschland\/magyar-vergleicht-ungarische-staatsmedien-mit-goebbels-propaganda-schliessung-angekuendigt\/#article","isPartOf":{"@id":"https:\/\/now-news.de\/de\/deutschland\/magyar-vergleicht-ungarische-staatsmedien-mit-goebbels-propaganda-schliessung-angekuendigt\/"},"author":{"name":"rtnews","@id":"https:\/\/now-news.de\/de\/#\/schema\/person\/fb534a4e865501d8b3285208df34a9b5"},"headline":"Magyar vergleicht ungarische Staatsmedien mit Goebbels-Propaganda \u2013 Schlie\u00dfung angek\u00fcndigt","datePublished":"2026-04-16T10:48:24+00:00","dateModified":"2026-04-16T10:48:24+00:00","mainEntityOfPage":{"@id":"https:\/\/now-news.de\/de\/deutschland\/magyar-vergleicht-ungarische-staatsmedien-mit-goebbels-propaganda-schliessung-angekuendigt\/"},"wordCount":586,"commentCount":0,"publisher":{"@id":"https:\/\/now-news.de\/de\/#organization"},"image":{"@id":"https:\/\/now-news.de\/de\/deutschland\/magyar-vergleicht-ungarische-staatsmedien-mit-goebbels-propaganda-schliessung-angekuendigt\/#primaryimage"},"thumbnailUrl":"https:\/\/now-news.de\/de\/wp-content\/uploads\/sites\/3\/Magyar-vergleicht-ungarische-Staatsmedien-mit-Goebbels-Propaganda-\u2013-Schliessung-angekuendigt.jpg","keywords":["angek\u00fcndigt","GoebbelsPropaganda","Magyar","mit","Schlie\u00dfung","Staatsmedien","ungarische","vergleicht"],"articleSection":["Deutschland","Russland"],"inLanguage":"de","potentialAction":[{"@type":"CommentAction","name":"Comment","target":["https:\/\/now-news.de\/de\/deutschland\/magyar-vergleicht-ungarische-staatsmedien-mit-goebbels-propaganda-schliessung-angekuendigt\/#respond"]}]},{"@type":"WebPage","@id":"https:\/\/now-news.de\/de\/deutschland\/magyar-vergleicht-ungarische-staatsmedien-mit-goebbels-propaganda-schliessung-angekuendigt\/","url":"https:\/\/now-news.de\/de\/deutschland\/magyar-vergleicht-ungarische-staatsmedien-mit-goebbels-propaganda-schliessung-angekuendigt\/","name":"Magyar vergleicht ungarische Staatsmedien mit Goebbels-Propaganda \u2013 Schlie\u00dfung angek\u00fcndigt - just-now.NEWS Deutschland","isPartOf":{"@id":"https:\/\/now-news.de\/de\/#website"},"primaryImageOfPage":{"@id":"https:\/\/now-news.de\/de\/deutschland\/magyar-vergleicht-ungarische-staatsmedien-mit-goebbels-propaganda-schliessung-angekuendigt\/#primaryimage"},"image":{"@id":"https:\/\/now-news.de\/de\/deutschland\/magyar-vergleicht-ungarische-staatsmedien-mit-goebbels-propaganda-schliessung-angekuendigt\/#primaryimage"},"thumbnailUrl":"https:\/\/now-news.de\/de\/wp-content\/uploads\/sites\/3\/Magyar-vergleicht-ungarische-Staatsmedien-mit-Goebbels-Propaganda-\u2013-Schliessung-angekuendigt.jpg","datePublished":"2026-04-16T10:48:24+00:00","dateModified":"2026-04-16T10:48:24+00:00","breadcrumb":{"@id":"https:\/\/now-news.de\/de\/deutschland\/magyar-vergleicht-ungarische-staatsmedien-mit-goebbels-propaganda-schliessung-angekuendigt\/#breadcrumb"},"inLanguage":"de","potentialAction":[{"@type":"ReadAction","target":["https:\/\/now-news.de\/de\/deutschland\/magyar-vergleicht-ungarische-staatsmedien-mit-goebbels-propaganda-schliessung-angekuendigt\/"]}]},{"@type":"ImageObject","inLanguage":"de","@id":"https:\/\/now-news.de\/de\/deutschland\/magyar-vergleicht-ungarische-staatsmedien-mit-goebbels-propaganda-schliessung-angekuendigt\/#primaryimage","url":"https:\/\/now-news.de\/de\/wp-content\/uploads\/sites\/3\/Magyar-vergleicht-ungarische-Staatsmedien-mit-Goebbels-Propaganda-\u2013-Schliessung-angekuendigt.jpg","contentUrl":"https:\/\/now-news.de\/de\/wp-content\/uploads\/sites\/3\/Magyar-vergleicht-ungarische-Staatsmedien-mit-Goebbels-Propaganda-\u2013-Schliessung-angekuendigt.jpg","caption":"Magyar vergleicht ungarische Staatsmedien mit Goebbels-Propaganda \u2013 Schlie\u00dfung angek\u00fcndigt"},{"@type":"BreadcrumbList","@id":"https:\/\/now-news.de\/de\/deutschland\/magyar-vergleicht-ungarische-staatsmedien-mit-goebbels-propaganda-schliessung-angekuendigt\/#breadcrumb","itemListElement":[{"@type":"ListItem","position":1,"name":"Home","item":"https:\/\/now-news.de\/de\/"},{"@type":"ListItem","position":2,"name":"Magyar vergleicht ungarische Staatsmedien mit Goebbels-Propaganda \u2013 Schlie\u00dfung angek\u00fcndigt"}]},{"@type":"WebSite","@id":"https:\/\/now-news.de\/de\/#website","url":"https:\/\/now-news.de\/de\/","name":"just-now.NEWS Deutschland","description":"Das Portal f\u00fcr unzensierte Nachrichten aus der Welt","publisher":{"@id":"https:\/\/now-news.de\/de\/#organization"},"potentialAction":[{"@type":"SearchAction","target":{"@type":"EntryPoint","urlTemplate":"https:\/\/now-news.de\/de\/?s={search_term_string}"},"query-input":"required name=search_term_string"}],"inLanguage":"de"},{"@type":"Organization","@id":"https:\/\/now-news.de\/de\/#organization","name":"Just Now News","url":"https:\/\/now-news.de\/de\/","logo":{"@type":"ImageObject","inLanguage":"de","@id":"https:\/\/now-news.de\/de\/#\/schema\/logo\/image\/","url":"http:\/\/just-now.news\/de\/wp-content\/uploads\/sites\/3\/2022\/04\/logo500x500.jpg","contentUrl":"http:\/\/just-now.news\/de\/wp-content\/uploads\/sites\/3\/2022\/04\/logo500x500.jpg","width":500,"height":500,"caption":"Just Now News"},"image":{"@id":"https:\/\/now-news.de\/de\/#\/schema\/logo\/image\/"},"sameAs":["https:\/\/www.facebook.com\/wirmachenauf","https:\/\/x.com\/WirMachenAuf_de"]},{"@type":"Person","@id":"https:\/\/now-news.de\/de\/#\/schema\/person\/fb534a4e865501d8b3285208df34a9b5","name":"rtnews","image":{"@type":"ImageObject","inLanguage":"de","@id":"https:\/\/now-news.de\/de\/#\/schema\/person\/image\/","url":"https:\/\/secure.gravatar.com\/avatar\/82aafea7d8127119dd649515f56e2117?s=96&d=mm&r=g","contentUrl":"https:\/\/secure.gravatar.com\/avatar\/82aafea7d8127119dd649515f56e2117?s=96&d=mm&r=g","caption":"rtnews"},"url":"https:\/\/now-news.de\/de\/author\/rnews\/"}]}},"_links":{"self":[{"href":"https:\/\/now-news.de\/de\/wp-json\/wp\/v2\/posts\/101742"}],"collection":[{"href":"https:\/\/now-news.de\/de\/wp-json\/wp\/v2\/posts"}],"about":[{"href":"https:\/\/now-news.de\/de\/wp-json\/wp\/v2\/types\/post"}],"author":[{"embeddable":true,"href":"https:\/\/now-news.de\/de\/wp-json\/wp\/v2\/users\/3"}],"replies":[{"embeddable":true,"href":"https:\/\/now-news.de\/de\/wp-json\/wp\/v2\/comments?post=101742"}],"version-history":[{"count":0,"href":"https:\/\/now-news.de\/de\/wp-json\/wp\/v2\/posts\/101742\/revisions"}],"wp:featuredmedia":[{"embeddable":true,"href":"https:\/\/now-news.de\/de\/wp-json\/wp\/v2\/media\/101743"}],"wp:attachment":[{"href":"https:\/\/now-news.de\/de\/wp-json\/wp\/v2\/media?parent=101742"}],"wp:term":[{"taxonomy":"category","embeddable":true,"href":"https:\/\/now-news.de\/de\/wp-json\/wp\/v2\/categories?post=101742"},{"taxonomy":"post_tag","embeddable":true,"href":"https:\/\/now-news.de\/de\/wp-json\/wp\/v2\/tags?post=101742"}],"curies":[{"name":"wp","href":"https:\/\/api.w.org\/{rel}","templated":true}]}}