{"id":101581,"date":"2026-04-13T15:13:44","date_gmt":"2026-04-13T13:13:44","guid":{"rendered":"https:\/\/now-news.de\/de\/deutschland\/indien-und-usbekistan-beginnen-mit-jaehrlichen-militaeruebungen\/"},"modified":"2026-04-13T15:13:44","modified_gmt":"2026-04-13T13:13:44","slug":"indien-und-usbekistan-beginnen-mit-jaehrlichen-militaeruebungen","status":"publish","type":"post","link":"https:\/\/now-news.de\/de\/deutschland\/indien-und-usbekistan-beginnen-mit-jaehrlichen-militaeruebungen\/","title":{"rendered":"Indien und Usbekistan beginnen mit j\u00e4hrlichen Milit\u00e4r\u00fcbungen"},"content":{"rendered":"<p><img decoding=\"async\" src=\"https:\/\/now-news.de\/de\/wp-content\/uploads\/sites\/3\/2026\/04\/69dceb2448fbef6b61448e2a.jpg\" \/><\/p>\n<div class=\"Text-root Text-type_1 \">\n                Im usbekischen Namangan haben gemeinsame Milit\u00e4rman\u00f6ver des Landes mit Vertretern der indischen Streitkr\u00e4fte begonnen. Ziel sei es die Durchf\u00fchrung gemeinsamer Spezialeins\u00e4tze sowie die Koordinierung der Terrorismusbek\u00e4mpfung zu \u00fcben.\n            <\/div>\n<p><\/p>\n<div class=\"Text-root Text-type_5 ArticleView-text ViewText-root \">\n<p>Indien und Usbekistan haben die siebte Runde ihrer j\u00e4hrlichen gemeinsamen Milit\u00e4r\u00fcbungen gestartet. Die \u00dcbungen wurden erstmals im Jahr 2019 durchgef\u00fchrt und finden jedes Jahr abwechselnd in Indien und Usbekistan statt.<\/p>\n<p>Die diesj\u00e4hrigen \u00dcbungen unter dem Namen &#8220;Dustlik 2026&#8221; begannen am Sonntag auf dem Truppen\u00fcbungsplatz Gurumsaray in Namangan, Usbekistan.<\/p>\n<p>Der Schwerpunkt des Man\u00f6vers liegt laut einer Erkl\u00e4rung der indischen Armee darauf, die Bereitschaft f\u00fcr die Planung und Durchf\u00fchrung gemeinsamer Spezialeins\u00e4tze sowie die Koordinierung der Terrorismusbek\u00e4mpfung gegen illegale bewaffnete Gruppen zu verbessern.<\/p>\n<p>Das indische Kontingent umfasst 60 Soldaten, darunter 15 Angeh\u00f6rige der indischen Luftwaffe (IAF) und 45 Soldaten eines Infanterieregiments. Das usbekische Kontingent setzt sich ebenfalls aus Angeh\u00f6rigen der Armee und der Luftwaffe zusammen.<\/p>\n<p>Von den indischen Soldaten wird zudem erwartet, dass sie sich mit den Einsatzabl\u00e4ufen und \u00dcbungen der usbekischen Streitkr\u00e4fte vertraut machen.<\/p>\n<p>Auf dem Programm steht auch eine 48-st\u00fcndige Validierungsphase, in der gemeinsame taktische \u00dcbungen getestet werden sollen.<\/p>\n<p>Die letzte gemeinsame Milit\u00e4r\u00fcbung dieser Art fand im April 2025 im Foreign Training Node in Pune, Indien, statt.<\/p>\n<p>Indien, das eine weitreichende Zusammenarbeit mit Usbekistan unterh\u00e4lt, hat im Jahr 2019 eine gemeinsame Arbeitsgruppe f\u00fcr Verteidigungsfragen mit dem zentralasiatischen Land eingerichtet.<\/p>\n<p><strong>Mehr zum Thema<\/strong> \u2013\u00a0<a rel=\"nofollow noopener\" target=\"_blank\" href=\"https:\/\/freedert.online\/international\/276200-indien-und-aserbaidschan-nehmen-bilaterale\/\">Indien und Aserbaidschan nehmen bilaterale Beziehungen wieder auf <\/a><\/p>\n<div class=\"EmbedBlock-root EmbedBlock-externalVideo EmbedBlock-rumble\">\n<div class=\"VkEmbed\"><iframe class=\"lazyload\" data-src=\"https:\/\/rumble.com\/embed\/v75yc7m\" frameborder=\"0\" width=\"853\" height=\"480\" allowfullscreen><\/iframe><\/div>\n<\/div>\n<\/div>\n<p><br \/>\n<br \/><a href=\"https:\/\/de.rt.com\/asien\/277028-indien-und-usbekistan-beginnen-mit-manoever\/\">Source link <\/a><\/p>\n","protected":false},"excerpt":{"rendered":"<p>Im usbekischen Namangan haben gemeinsame Milit\u00e4rman\u00f6ver des Landes mit Vertretern der indischen Streitkr\u00e4fte begonnen. Ziel sei es die Durchf\u00fchrung gemeinsamer Spezialeins\u00e4tze sowie die Koordinierung der Terrorismusbek\u00e4mpfung zu \u00fcben. Indien und Usbekistan haben die siebte Runde ihrer j\u00e4hrlichen gemeinsamen Milit\u00e4r\u00fcbungen gestartet. Die \u00dcbungen wurden erstmals im Jahr 2019 durchgef\u00fchrt und finden jedes Jahr abwechselnd in Indien [&hellip;]<\/p>\n","protected":false},"author":3,"featured_media":101582,"comment_status":"open","ping_status":"open","sticky":false,"template":"","format":"standard","meta":{"_yoast_indexnow_last_ping":["1776212380"],"wp_automatic_camp":["217"],"a69fb8dbd6e32b064cf9381341aa7d8e":["Indien und Usbekistan beginnen mit j\u00e4hrlichen Milit\u00e4r\u00fcbungen"],"original_link":["https:\/\/de.rt.com\/asien\/277028-indien-und-usbekistan-beginnen-mit-manoever\/"],"_thumbnail_id":["101582"],"jnews_social_counter_last_update":["1777198105"],"_wptgpro_p2tg_sent2tg":["a:0:{}"]},"categories":[19,23],"tags":[13260,356,22506,3529,419,140,26796],"yoast_head":"<!-- This site is optimized with the Yoast SEO Premium plugin v22.7 (Yoast SEO v22.7) - https:\/\/yoast.com\/wordpress\/plugins\/seo\/ -->\n<title>Indien und Usbekistan beginnen mit j\u00e4hrlichen Milit\u00e4r\u00fcbungen - just-now.NEWS Deutschland<\/title>\n<meta name=\"robots\" content=\"index, follow, max-snippet:-1, max-image-preview:large, max-video-preview:-1\" \/>\n<link rel=\"canonical\" href=\"https:\/\/now-news.de\/de\/deutschland\/indien-und-usbekistan-beginnen-mit-jaehrlichen-militaeruebungen\/\" \/>\n<meta property=\"og:locale\" content=\"de_DE\" \/>\n<meta property=\"og:type\" content=\"article\" \/>\n<meta property=\"og:title\" content=\"Indien und Usbekistan beginnen mit j\u00e4hrlichen Milit\u00e4r\u00fcbungen\" \/>\n<meta property=\"og:description\" content=\"Im usbekischen Namangan haben gemeinsame Milit\u00e4rman\u00f6ver des Landes mit Vertretern der indischen Streitkr\u00e4fte begonnen. Ziel sei es die Durchf\u00fchrung gemeinsamer Spezialeins\u00e4tze sowie die Koordinierung der Terrorismusbek\u00e4mpfung zu \u00fcben. Indien und Usbekistan haben die siebte Runde ihrer j\u00e4hrlichen gemeinsamen Milit\u00e4r\u00fcbungen gestartet. Die \u00dcbungen wurden erstmals im Jahr 2019 durchgef\u00fchrt und finden jedes Jahr abwechselnd in Indien [&hellip;]\" \/>\n<meta property=\"og:url\" content=\"https:\/\/now-news.de\/de\/deutschland\/indien-und-usbekistan-beginnen-mit-jaehrlichen-militaeruebungen\/\" \/>\n<meta property=\"og:site_name\" content=\"just-now.NEWS Deutschland\" \/>\n<meta property=\"article:publisher\" content=\"https:\/\/www.facebook.com\/wirmachenauf\" \/>\n<meta property=\"article:published_time\" content=\"2026-04-13T13:13:44+00:00\" \/>\n<meta property=\"og:image\" content=\"https:\/\/now-news.de\/de\/wp-content\/uploads\/sites\/3\/2026\/04\/69dceb2448fbef6b61448e2a.jpg\" \/>\n<meta name=\"author\" content=\"rtnews\" \/>\n<meta name=\"twitter:card\" content=\"summary_large_image\" \/>\n<meta name=\"twitter:creator\" content=\"@WirMachenAuf_de\" \/>\n<meta name=\"twitter:site\" content=\"@WirMachenAuf_de\" \/>\n<meta name=\"twitter:label1\" content=\"Verfasst von\" \/>\n\t<meta name=\"twitter:data1\" content=\"rtnews\" \/>\n\t<meta name=\"twitter:label2\" content=\"Gesch\u00e4tzte Lesezeit\" \/>\n\t<meta name=\"twitter:data2\" content=\"1\u00a0Minute\" \/>\n<script type=\"application\/ld+json\" class=\"yoast-schema-graph\">{\"@context\":\"https:\/\/schema.org\",\"@graph\":[{\"@type\":\"Article\",\"@id\":\"https:\/\/now-news.de\/de\/deutschland\/indien-und-usbekistan-beginnen-mit-jaehrlichen-militaeruebungen\/#article\",\"isPartOf\":{\"@id\":\"https:\/\/now-news.de\/de\/deutschland\/indien-und-usbekistan-beginnen-mit-jaehrlichen-militaeruebungen\/\"},\"author\":{\"name\":\"rtnews\",\"@id\":\"https:\/\/now-news.de\/de\/#\/schema\/person\/fb534a4e865501d8b3285208df34a9b5\"},\"headline\":\"Indien und Usbekistan beginnen mit j\u00e4hrlichen Milit\u00e4r\u00fcbungen\",\"datePublished\":\"2026-04-13T13:13:44+00:00\",\"dateModified\":\"2026-04-13T13:13:44+00:00\",\"mainEntityOfPage\":{\"@id\":\"https:\/\/now-news.de\/de\/deutschland\/indien-und-usbekistan-beginnen-mit-jaehrlichen-militaeruebungen\/\"},\"wordCount\":260,\"commentCount\":0,\"publisher\":{\"@id\":\"https:\/\/now-news.de\/de\/#organization\"},\"image\":{\"@id\":\"https:\/\/now-news.de\/de\/deutschland\/indien-und-usbekistan-beginnen-mit-jaehrlichen-militaeruebungen\/#primaryimage\"},\"thumbnailUrl\":\"https:\/\/now-news.de\/de\/wp-content\/uploads\/sites\/3\/Indien-und-Usbekistan-beginnen-mit-jaehrlichen-Militaeruebungen.jpg\",\"keywords\":[\"beginnen\",\"Indien\",\"j\u00e4hrlichen\",\"Milit\u00e4r\u00fcbungen\",\"mit\",\"und\",\"Usbekistan\"],\"articleSection\":[\"Deutschland\",\"Russland\"],\"inLanguage\":\"de\",\"potentialAction\":[{\"@type\":\"CommentAction\",\"name\":\"Comment\",\"target\":[\"https:\/\/now-news.de\/de\/deutschland\/indien-und-usbekistan-beginnen-mit-jaehrlichen-militaeruebungen\/#respond\"]}]},{\"@type\":\"WebPage\",\"@id\":\"https:\/\/now-news.de\/de\/deutschland\/indien-und-usbekistan-beginnen-mit-jaehrlichen-militaeruebungen\/\",\"url\":\"https:\/\/now-news.de\/de\/deutschland\/indien-und-usbekistan-beginnen-mit-jaehrlichen-militaeruebungen\/\",\"name\":\"Indien und Usbekistan beginnen mit j\u00e4hrlichen Milit\u00e4r\u00fcbungen - just-now.NEWS Deutschland\",\"isPartOf\":{\"@id\":\"https:\/\/now-news.de\/de\/#website\"},\"primaryImageOfPage\":{\"@id\":\"https:\/\/now-news.de\/de\/deutschland\/indien-und-usbekistan-beginnen-mit-jaehrlichen-militaeruebungen\/#primaryimage\"},\"image\":{\"@id\":\"https:\/\/now-news.de\/de\/deutschland\/indien-und-usbekistan-beginnen-mit-jaehrlichen-militaeruebungen\/#primaryimage\"},\"thumbnailUrl\":\"https:\/\/now-news.de\/de\/wp-content\/uploads\/sites\/3\/Indien-und-Usbekistan-beginnen-mit-jaehrlichen-Militaeruebungen.jpg\",\"datePublished\":\"2026-04-13T13:13:44+00:00\",\"dateModified\":\"2026-04-13T13:13:44+00:00\",\"breadcrumb\":{\"@id\":\"https:\/\/now-news.de\/de\/deutschland\/indien-und-usbekistan-beginnen-mit-jaehrlichen-militaeruebungen\/#breadcrumb\"},\"inLanguage\":\"de\",\"potentialAction\":[{\"@type\":\"ReadAction\",\"target\":[\"https:\/\/now-news.de\/de\/deutschland\/indien-und-usbekistan-beginnen-mit-jaehrlichen-militaeruebungen\/\"]}]},{\"@type\":\"ImageObject\",\"inLanguage\":\"de\",\"@id\":\"https:\/\/now-news.de\/de\/deutschland\/indien-und-usbekistan-beginnen-mit-jaehrlichen-militaeruebungen\/#primaryimage\",\"url\":\"https:\/\/now-news.de\/de\/wp-content\/uploads\/sites\/3\/Indien-und-Usbekistan-beginnen-mit-jaehrlichen-Militaeruebungen.jpg\",\"contentUrl\":\"https:\/\/now-news.de\/de\/wp-content\/uploads\/sites\/3\/Indien-und-Usbekistan-beginnen-mit-jaehrlichen-Militaeruebungen.jpg\",\"caption\":\"Indien und Usbekistan beginnen mit j\u00e4hrlichen Milit\u00e4r\u00fcbungen\"},{\"@type\":\"BreadcrumbList\",\"@id\":\"https:\/\/now-news.de\/de\/deutschland\/indien-und-usbekistan-beginnen-mit-jaehrlichen-militaeruebungen\/#breadcrumb\",\"itemListElement\":[{\"@type\":\"ListItem\",\"position\":1,\"name\":\"Home\",\"item\":\"https:\/\/now-news.de\/de\/\"},{\"@type\":\"ListItem\",\"position\":2,\"name\":\"Indien und Usbekistan beginnen mit j\u00e4hrlichen Milit\u00e4r\u00fcbungen\"}]},{\"@type\":\"WebSite\",\"@id\":\"https:\/\/now-news.de\/de\/#website\",\"url\":\"https:\/\/now-news.de\/de\/\",\"name\":\"just-now.NEWS Deutschland\",\"description\":\"Das Portal f\u00fcr unzensierte Nachrichten aus der Welt\",\"publisher\":{\"@id\":\"https:\/\/now-news.de\/de\/#organization\"},\"potentialAction\":[{\"@type\":\"SearchAction\",\"target\":{\"@type\":\"EntryPoint\",\"urlTemplate\":\"https:\/\/now-news.de\/de\/?s={search_term_string}\"},\"query-input\":\"required name=search_term_string\"}],\"inLanguage\":\"de\"},{\"@type\":\"Organization\",\"@id\":\"https:\/\/now-news.de\/de\/#organization\",\"name\":\"Just Now News\",\"url\":\"https:\/\/now-news.de\/de\/\",\"logo\":{\"@type\":\"ImageObject\",\"inLanguage\":\"de\",\"@id\":\"https:\/\/now-news.de\/de\/#\/schema\/logo\/image\/\",\"url\":\"http:\/\/just-now.news\/de\/wp-content\/uploads\/sites\/3\/2022\/04\/logo500x500.jpg\",\"contentUrl\":\"http:\/\/just-now.news\/de\/wp-content\/uploads\/sites\/3\/2022\/04\/logo500x500.jpg\",\"width\":500,\"height\":500,\"caption\":\"Just Now News\"},\"image\":{\"@id\":\"https:\/\/now-news.de\/de\/#\/schema\/logo\/image\/\"},\"sameAs\":[\"https:\/\/www.facebook.com\/wirmachenauf\",\"https:\/\/x.com\/WirMachenAuf_de\"]},{\"@type\":\"Person\",\"@id\":\"https:\/\/now-news.de\/de\/#\/schema\/person\/fb534a4e865501d8b3285208df34a9b5\",\"name\":\"rtnews\",\"image\":{\"@type\":\"ImageObject\",\"inLanguage\":\"de\",\"@id\":\"https:\/\/now-news.de\/de\/#\/schema\/person\/image\/\",\"url\":\"https:\/\/secure.gravatar.com\/avatar\/82aafea7d8127119dd649515f56e2117?s=96&d=mm&r=g\",\"contentUrl\":\"https:\/\/secure.gravatar.com\/avatar\/82aafea7d8127119dd649515f56e2117?s=96&d=mm&r=g\",\"caption\":\"rtnews\"},\"url\":\"https:\/\/now-news.de\/de\/author\/rnews\/\"}]}<\/script>\n<!-- \/ Yoast SEO Premium plugin. -->","yoast_head_json":{"title":"Indien und Usbekistan beginnen mit j\u00e4hrlichen Milit\u00e4r\u00fcbungen - just-now.NEWS Deutschland","robots":{"index":"index","follow":"follow","max-snippet":"max-snippet:-1","max-image-preview":"max-image-preview:large","max-video-preview":"max-video-preview:-1"},"canonical":"https:\/\/now-news.de\/de\/deutschland\/indien-und-usbekistan-beginnen-mit-jaehrlichen-militaeruebungen\/","og_locale":"de_DE","og_type":"article","og_title":"Indien und Usbekistan beginnen mit j\u00e4hrlichen Milit\u00e4r\u00fcbungen","og_description":"Im usbekischen Namangan haben gemeinsame Milit\u00e4rman\u00f6ver des Landes mit Vertretern der indischen Streitkr\u00e4fte begonnen. Ziel sei es die Durchf\u00fchrung gemeinsamer Spezialeins\u00e4tze sowie die Koordinierung der Terrorismusbek\u00e4mpfung zu \u00fcben. Indien und Usbekistan haben die siebte Runde ihrer j\u00e4hrlichen gemeinsamen Milit\u00e4r\u00fcbungen gestartet. Die \u00dcbungen wurden erstmals im Jahr 2019 durchgef\u00fchrt und finden jedes Jahr abwechselnd in Indien [&hellip;]","og_url":"https:\/\/now-news.de\/de\/deutschland\/indien-und-usbekistan-beginnen-mit-jaehrlichen-militaeruebungen\/","og_site_name":"just-now.NEWS Deutschland","article_publisher":"https:\/\/www.facebook.com\/wirmachenauf","article_published_time":"2026-04-13T13:13:44+00:00","og_image":[{"url":"https:\/\/now-news.de\/de\/wp-content\/uploads\/sites\/3\/2026\/04\/69dceb2448fbef6b61448e2a.jpg"}],"author":"rtnews","twitter_card":"summary_large_image","twitter_creator":"@WirMachenAuf_de","twitter_site":"@WirMachenAuf_de","twitter_misc":{"Verfasst von":"rtnews","Gesch\u00e4tzte Lesezeit":"1\u00a0Minute"},"schema":{"@context":"https:\/\/schema.org","@graph":[{"@type":"Article","@id":"https:\/\/now-news.de\/de\/deutschland\/indien-und-usbekistan-beginnen-mit-jaehrlichen-militaeruebungen\/#article","isPartOf":{"@id":"https:\/\/now-news.de\/de\/deutschland\/indien-und-usbekistan-beginnen-mit-jaehrlichen-militaeruebungen\/"},"author":{"name":"rtnews","@id":"https:\/\/now-news.de\/de\/#\/schema\/person\/fb534a4e865501d8b3285208df34a9b5"},"headline":"Indien und Usbekistan beginnen mit j\u00e4hrlichen Milit\u00e4r\u00fcbungen","datePublished":"2026-04-13T13:13:44+00:00","dateModified":"2026-04-13T13:13:44+00:00","mainEntityOfPage":{"@id":"https:\/\/now-news.de\/de\/deutschland\/indien-und-usbekistan-beginnen-mit-jaehrlichen-militaeruebungen\/"},"wordCount":260,"commentCount":0,"publisher":{"@id":"https:\/\/now-news.de\/de\/#organization"},"image":{"@id":"https:\/\/now-news.de\/de\/deutschland\/indien-und-usbekistan-beginnen-mit-jaehrlichen-militaeruebungen\/#primaryimage"},"thumbnailUrl":"https:\/\/now-news.de\/de\/wp-content\/uploads\/sites\/3\/Indien-und-Usbekistan-beginnen-mit-jaehrlichen-Militaeruebungen.jpg","keywords":["beginnen","Indien","j\u00e4hrlichen","Milit\u00e4r\u00fcbungen","mit","und","Usbekistan"],"articleSection":["Deutschland","Russland"],"inLanguage":"de","potentialAction":[{"@type":"CommentAction","name":"Comment","target":["https:\/\/now-news.de\/de\/deutschland\/indien-und-usbekistan-beginnen-mit-jaehrlichen-militaeruebungen\/#respond"]}]},{"@type":"WebPage","@id":"https:\/\/now-news.de\/de\/deutschland\/indien-und-usbekistan-beginnen-mit-jaehrlichen-militaeruebungen\/","url":"https:\/\/now-news.de\/de\/deutschland\/indien-und-usbekistan-beginnen-mit-jaehrlichen-militaeruebungen\/","name":"Indien und Usbekistan beginnen mit j\u00e4hrlichen Milit\u00e4r\u00fcbungen - just-now.NEWS Deutschland","isPartOf":{"@id":"https:\/\/now-news.de\/de\/#website"},"primaryImageOfPage":{"@id":"https:\/\/now-news.de\/de\/deutschland\/indien-und-usbekistan-beginnen-mit-jaehrlichen-militaeruebungen\/#primaryimage"},"image":{"@id":"https:\/\/now-news.de\/de\/deutschland\/indien-und-usbekistan-beginnen-mit-jaehrlichen-militaeruebungen\/#primaryimage"},"thumbnailUrl":"https:\/\/now-news.de\/de\/wp-content\/uploads\/sites\/3\/Indien-und-Usbekistan-beginnen-mit-jaehrlichen-Militaeruebungen.jpg","datePublished":"2026-04-13T13:13:44+00:00","dateModified":"2026-04-13T13:13:44+00:00","breadcrumb":{"@id":"https:\/\/now-news.de\/de\/deutschland\/indien-und-usbekistan-beginnen-mit-jaehrlichen-militaeruebungen\/#breadcrumb"},"inLanguage":"de","potentialAction":[{"@type":"ReadAction","target":["https:\/\/now-news.de\/de\/deutschland\/indien-und-usbekistan-beginnen-mit-jaehrlichen-militaeruebungen\/"]}]},{"@type":"ImageObject","inLanguage":"de","@id":"https:\/\/now-news.de\/de\/deutschland\/indien-und-usbekistan-beginnen-mit-jaehrlichen-militaeruebungen\/#primaryimage","url":"https:\/\/now-news.de\/de\/wp-content\/uploads\/sites\/3\/Indien-und-Usbekistan-beginnen-mit-jaehrlichen-Militaeruebungen.jpg","contentUrl":"https:\/\/now-news.de\/de\/wp-content\/uploads\/sites\/3\/Indien-und-Usbekistan-beginnen-mit-jaehrlichen-Militaeruebungen.jpg","caption":"Indien und Usbekistan beginnen mit j\u00e4hrlichen Milit\u00e4r\u00fcbungen"},{"@type":"BreadcrumbList","@id":"https:\/\/now-news.de\/de\/deutschland\/indien-und-usbekistan-beginnen-mit-jaehrlichen-militaeruebungen\/#breadcrumb","itemListElement":[{"@type":"ListItem","position":1,"name":"Home","item":"https:\/\/now-news.de\/de\/"},{"@type":"ListItem","position":2,"name":"Indien und Usbekistan beginnen mit j\u00e4hrlichen Milit\u00e4r\u00fcbungen"}]},{"@type":"WebSite","@id":"https:\/\/now-news.de\/de\/#website","url":"https:\/\/now-news.de\/de\/","name":"just-now.NEWS Deutschland","description":"Das Portal f\u00fcr unzensierte Nachrichten aus der Welt","publisher":{"@id":"https:\/\/now-news.de\/de\/#organization"},"potentialAction":[{"@type":"SearchAction","target":{"@type":"EntryPoint","urlTemplate":"https:\/\/now-news.de\/de\/?s={search_term_string}"},"query-input":"required name=search_term_string"}],"inLanguage":"de"},{"@type":"Organization","@id":"https:\/\/now-news.de\/de\/#organization","name":"Just Now News","url":"https:\/\/now-news.de\/de\/","logo":{"@type":"ImageObject","inLanguage":"de","@id":"https:\/\/now-news.de\/de\/#\/schema\/logo\/image\/","url":"http:\/\/just-now.news\/de\/wp-content\/uploads\/sites\/3\/2022\/04\/logo500x500.jpg","contentUrl":"http:\/\/just-now.news\/de\/wp-content\/uploads\/sites\/3\/2022\/04\/logo500x500.jpg","width":500,"height":500,"caption":"Just Now News"},"image":{"@id":"https:\/\/now-news.de\/de\/#\/schema\/logo\/image\/"},"sameAs":["https:\/\/www.facebook.com\/wirmachenauf","https:\/\/x.com\/WirMachenAuf_de"]},{"@type":"Person","@id":"https:\/\/now-news.de\/de\/#\/schema\/person\/fb534a4e865501d8b3285208df34a9b5","name":"rtnews","image":{"@type":"ImageObject","inLanguage":"de","@id":"https:\/\/now-news.de\/de\/#\/schema\/person\/image\/","url":"https:\/\/secure.gravatar.com\/avatar\/82aafea7d8127119dd649515f56e2117?s=96&d=mm&r=g","contentUrl":"https:\/\/secure.gravatar.com\/avatar\/82aafea7d8127119dd649515f56e2117?s=96&d=mm&r=g","caption":"rtnews"},"url":"https:\/\/now-news.de\/de\/author\/rnews\/"}]}},"_links":{"self":[{"href":"https:\/\/now-news.de\/de\/wp-json\/wp\/v2\/posts\/101581"}],"collection":[{"href":"https:\/\/now-news.de\/de\/wp-json\/wp\/v2\/posts"}],"about":[{"href":"https:\/\/now-news.de\/de\/wp-json\/wp\/v2\/types\/post"}],"author":[{"embeddable":true,"href":"https:\/\/now-news.de\/de\/wp-json\/wp\/v2\/users\/3"}],"replies":[{"embeddable":true,"href":"https:\/\/now-news.de\/de\/wp-json\/wp\/v2\/comments?post=101581"}],"version-history":[{"count":0,"href":"https:\/\/now-news.de\/de\/wp-json\/wp\/v2\/posts\/101581\/revisions"}],"wp:featuredmedia":[{"embeddable":true,"href":"https:\/\/now-news.de\/de\/wp-json\/wp\/v2\/media\/101582"}],"wp:attachment":[{"href":"https:\/\/now-news.de\/de\/wp-json\/wp\/v2\/media?parent=101581"}],"wp:term":[{"taxonomy":"category","embeddable":true,"href":"https:\/\/now-news.de\/de\/wp-json\/wp\/v2\/categories?post=101581"},{"taxonomy":"post_tag","embeddable":true,"href":"https:\/\/now-news.de\/de\/wp-json\/wp\/v2\/tags?post=101581"}],"curies":[{"name":"wp","href":"https:\/\/api.w.org\/{rel}","templated":true}]}}