{"id":10153,"date":"2022-06-08T06:15:00","date_gmt":"2022-06-08T04:15:00","guid":{"rendered":"http:\/\/just-now.news\/de\/deutschland\/corona-warum-will-das-lauterbach-ministerium-keine-repraesentative-studie-zum-antikoerper-status\/"},"modified":"2022-06-08T06:15:00","modified_gmt":"2022-06-08T04:15:00","slug":"corona-warum-will-das-lauterbach-ministerium-keine-repraesentative-studie-zum-antikoerper-status","status":"publish","type":"post","link":"https:\/\/now-news.de\/de\/deutschland\/corona-warum-will-das-lauterbach-ministerium-keine-repraesentative-studie-zum-antikoerper-status\/","title":{"rendered":"Corona: Warum will das Lauterbach-Ministerium keine repr\u00e4sentative Studie zum Antik\u00f6rper-Status?"},"content":{"rendered":"<p><img decoding=\"async\" src=\"http:\/\/just-now.news\/de\/wp-content\/uploads\/sites\/3\/2022\/06\/629ef348b480cc14801be366.jpg\" \/><\/p>\n<div class=\"Text-root Text-type_1 \">\n                Der FDP-Bundestagsabgeordnete Wolfgang Kubicki wollte vom Bundesgesundheitsministerium erfahren, ob zeitnah &#8220;eine eigene, repr\u00e4sentative Untersuchung zur SARS-CoV-2-Seropr\u00e4valenz in der Gesamtbev\u00f6lkerung&#8221; stattfinden wird. Dem Ministerium ist die Notwendigkeit und Bedeutung einer solchen Untersuchung &#8220;nicht eindeutig&#8221;.\n            <\/div>\n<p><\/p>\n<div class=\"Text-root Text-type_5 ArticleView-text ViewText-root \">\n<p>Eine aktuelle Beantwortung der\u00a0Bundestagsanfrage des FDP-Bundestagsabgeordneten Wolfgang Kubicki an das von Karl Lauterbach (SPD) geleitete\u00a0Bundesgesundheitsministerium (BMG) offenbart den anhaltenden Unwillen der Bundesregierung, valide Zahlen zu erheben, um etwaige Ma\u00dfnahmen-Korrekturen in der Coronakrise durchzuf\u00fchren. Die Fragestellung von Kubicki lautete:<\/p>\n<blockquote>\n<p><em>&#8220;Plant die Bundesregierung vor dem Herbst eine eigene, repr\u00e4sentative Untersuchung zur SARS-CoV-2-Seropr\u00e4valenz in der Gesamtbev\u00f6lkerung, ohne auf bestehende regionale oder \u00e4ltere Untersuchungen zur\u00fcckzugreifen, und wenn nein, warum nicht?&#8221;<\/em><\/p>\n<\/blockquote>\n<p>Als\u00a0Seropr\u00e4valenz <a rel=\"nofollow noopener\" target=\"_blank\" href=\"https:\/\/www.dzif.de\/de\/glossar\/seropraevalenz#:~:text=Als%20Seropr%C3%A4valenz%20bezeichnet%20man%20die,bestehende%20oder%20durchgemachte%20Infektionskrankheit%20hinweisen.\">bezeichnet<\/a> man die H\u00e4ufigkeit spezifischer Antik\u00f6rper im Blutserum, die auf eine bestehende oder durchgemachte Infektionskrankheit hinweisen. Das BMG weist in seiner Antwort an Kubicki darauf hin, dass &#8220;bez\u00fcglich der Notwendigkeit, vor dem Herbst, weitere gro\u00dfangelegte (&#8230;) Studien durchzuf\u00fchren&#8221;, anzumerken sei, dass bereits &#8220;mehrere laufende, beziehungsweise (&#8230;) abgeschlossene Studien&#8221; existieren w\u00fcrden. Die Springer-Zeitung <em>Welt\u00a0<\/em>ver\u00f6ffentlichte \u00fcber ihren Twitter-Account das vollst\u00e4ndige Original-Schreiben:<\/p>\n<div class=\"EmbedBlock-root EmbedBlock-twitter\">\n<div class=\"TwitterEmbed\">\n<blockquote class=\"twitter-tweet lazyload\" data-twitter=\"twitter-tweet\">\n<p lang=\"de\" dir=\"ltr\">Nachtrag. So kann sich jeder selbst ein Bild machen. \/\/ <a rel=\"nofollow noopener\" target=\"_blank\" href=\"https:\/\/twitter.com\/welt?ref_src=twsrc%5Etfw\">@welt<\/a><a rel=\"nofollow noopener\" target=\"_blank\" href=\"https:\/\/twitter.com\/EBodderas?ref_src=twsrc%5Etfw\">@EBodderas<\/a><a rel=\"nofollow noopener\" target=\"_blank\" href=\"https:\/\/t.co\/DZRqmIxO9w\">https:\/\/t.co\/DZRqmIxO9w<\/a><a rel=\"nofollow noopener\" target=\"_blank\" href=\"https:\/\/t.co\/Xvg1ps2Y2P\">pic.twitter.com\/Xvg1ps2Y2P<\/a><\/p>\n<p>\u2014 Tim R\u00f6hn (@Tim_Roehn) <a rel=\"nofollow noopener\" target=\"_blank\" href=\"https:\/\/twitter.com\/Tim_Roehn\/status\/1533823108649472001?ref_src=twsrc%5Etfw\">June 6, 2022<\/a><\/p><\/blockquote>\n<\/div>\n<\/div>\n<p>Die Erw\u00e4hnung vorhandener Studien bezieht sich jedoch nicht auf verwertbare Zahlen aus Deutschland, sondern auf Ergebnisse aus dem Ausland. In Gro\u00dfbritannien wurde zum Beispiel eine dementsprechende\u00a0repr\u00e4sentative Blutuntersuchung auf den Weg gebracht und gibt nun den politischen Verantwortlichen, wie B\u00fcrgern seit April diesen Jahres eine verwertbare Gewissheit. Die <em>Welt <a rel=\"nofollow noopener\" target=\"_blank\" href=\"https:\/\/www.welt.de\/debatte\/kommentare\/plus239205083\/Corona-Antikoerper-Was-die-Bundesregierung-gar-nicht-genau-wissen-will.html\">erg\u00e4nzt<\/a><\/em>\u00a0zu diesem Vorgang in einem Artikel:<\/p>\n<blockquote>\n<p><em>&#8220;99 Prozent der britischen Bev\u00f6lkerung haben Antik\u00f6rper im Blut, entweder durch eine Impfung oder Infektion. Somit ist klar: Es ist geschafft. Die Briten sind durch, sie haben ihr Leben zur\u00fcck.&#8221;<\/em><\/p>\n<\/blockquote>\n<p>Auf das Fehlen und die mangelnde Erhebung aussagekr\u00e4ftiger Zahlen in Deutschland wies schon im <a rel=\"nofollow noopener\" target=\"_blank\" href=\"https:\/\/www.ndr.de\/nachrichten\/info\/68-Coronavirus-Update-Harter-Lockdown-jetzt,podcastcoronavirus272.html#Dunkelziffer\">Dezember 2020<\/a> der\u00a0Charit\u00e9-Virologe Christian Drosten hin:<\/p>\n<blockquote>\n<p><em>&#8220;In England wird systematisch wissenschaftliche Kooperation zwischen dem \u00f6ffentlichen Gesundheitsdienst und der akademischen Wissenschaft, damit meine ich jetzt nicht das Gesundheitsamt oder im \u00fcbertragenen Sinne auch das RKI, also die beh\u00f6rdliche Seite, sondern Universit\u00e4ten, akademische Forschung, das wird in England seit einigen Jahren systematisch. Das machen wir in Deutschland nicht. Da m\u00fcssen wir unbedingt hinkommen.&#8221;<\/em><\/p>\n<\/blockquote>\n<p>Anstatt Folgestrategien f\u00fcr kommende Corona-Ma\u00dfnahmen an belastbaren Zahlen auszurichten, wird weiterhin seitens des verantwortlichen BMG unter Lauterbach rein spekulativ vorgearbeitet. Zum Beispiel \u00fcber den Vorgang immenser Impfstoff-Vorbestellungen existierender, wie auch in Planung befindlicher Wirkstoffe. So teilte Lauterbach am 2. Juni auf einer <a rel=\"nofollow noopener\" target=\"_blank\" href=\"https:\/\/de.rt.com\/meinung\/140320-gesundheitminister-lauterbach-prognostiziert-vulnerable-gruppen-erneut-vulnerabel\/\">Veranstaltung<\/a> seine anscheinende Unwissenheit mit:<\/p>\n<blockquote>\n<p><em>&#8220;Wir h\u00f6ren von Impfstoffen, angepassten Impfstoffen, wie stark sind diese Impfstoffe? Werden die also die bestehenden Impfstoffe ersetzen k\u00f6nnen, erg\u00e4nzen k\u00f6nnen? (&#8230;) Wo geht&#8217;s eigentlich hin? Haben wir es wirklich schon im Griff?&#8221;<\/em><\/p>\n<\/blockquote>\n<p>Das Antwortschreiben des BMG verr\u00e4t das irritierende Desinteresse der Politik an aussagekr\u00e4ftigen und damit hilfreichen Daten und Zahlen. So hei\u00dft es in der Beantwortung:<\/p>\n<blockquote>\n<p><em>&#8220;W\u00e4hrend\u00a0seroepidemiologische Studien zu Beginn der Pandemie von gro\u00dfem Interesse waren, ist die Notwendigkeit, weitere\u00a0seroepidemiologische Studien zu initiieren, nicht eindeutig (&#8230;) Zudem hat der reine Nachweis des Antik\u00f6rperstatus keine Aussagekraft bez\u00fcglich der Auspr\u00e4gung des Immunschutzes.&#8221;<\/em><\/p>\n<\/blockquote>\n<p>Der Virologe und\u00a0Epidemiologe Klaus St\u00f6hr, seit Kurzem neues Mitglied im Sachverst\u00e4ndigenrat der Bundesregierung, kommentierte laut dem <em>Welt<\/em>-Artikel zur Evaluierung der\u00a0Auswirkungen und der bisherigen Wirksamkeit der politisch verordneten Corona-Ma\u00dfnahmen in Deutschland, dass das BMG offenbar schwerpunktm\u00e4\u00dfig plant, &#8220;im Herbst, egal welche Risikogruppe, einen Impfstoff der Wahl anzubieten&#8221;. Am 27. Mai antwortete St\u00f6hr zum Thema der Notwendigkeit einer\u00a0seroepidemiologischen Studie kontr\u00e4r der j\u00fcngsten Einsch\u00e4tzung des BMG:<\/p>\n<blockquote>\n<p><em>&#8220;Ja, die Immunit\u00e4tsstudie wird es geben: entweder finanziert aus der \u00f6ffentlichen Hand (z. B. Bundesministerium f\u00fcr Wissenschaft und Forschung) oder durch meine Gruppe. Das wird sich in der n\u00e4chsten Woche, sp\u00e4testens nach Pfingsten, entscheiden.&#8221;<\/em><\/p>\n<\/blockquote>\n<div class=\"EmbedBlock-root EmbedBlock-twitter\">\n<div class=\"TwitterEmbed\">\n<blockquote class=\"twitter-tweet lazyload\" data-twitter=\"twitter-tweet\">\n<p lang=\"de\" dir=\"ltr\">Ja, die Immunit\u00e4tsstudie wird es geben: entweder finanziert aus der \u00f6ffentlichen Hand (z.B. BmWF) oder durch meine Gruppe.Das wird sich in der n\u00e4chsten Woche, sp\u00e4testens nach Pfingsten entscheiden. <a rel=\"nofollow noopener\" target=\"_blank\" href=\"https:\/\/t.co\/82E5nrup8F\">https:\/\/t.co\/82E5nrup8F<\/a><\/p>\n<p>\u2014 Klaus St\u00f6hr (@stohr_klaus) <a rel=\"nofollow noopener\" target=\"_blank\" href=\"https:\/\/twitter.com\/stohr_klaus\/status\/1530283925137940483?ref_src=twsrc%5Etfw\">May 27, 2022<\/a><\/p><\/blockquote>\n<\/div>\n<\/div>\n<p>Dazu konnte der <em>Welt<\/em>-Artikel vermerken, dass St\u00f6hr &#8220;eine Studie nach britischem Muster&#8221; vorschwebt, &#8220;sogar Geld daf\u00fcr gesammelt&#8221; h\u00e4tte.\u00a0Die geplante Studie sei &#8220;unentbehrlich, um Immunit\u00e4tsl\u00fccken festzustellen, etwa &#8220;bei den wirklich Vulnerablen in den h\u00f6heren Altersgruppen&#8221;. Nur entsprechende Studienergebnisse k\u00f6nnten\u00a0&#8220;eine gezielte, ressourcensparende Impfkampagne&#8221; rechtfertigen. Genaue Zahlen seien gut, die &#8220;Angstlast&#8221; der Besorgten zu senken, so der <em>Welt<\/em>-Artikel, der St\u00f6hr zitierte.\u00a0<\/p>\n<p>Der\u00a0Charit\u00e9-Immunologe Andreas Radbruch formulierte in dem Artikel noch forcierter m\u00f6gliche Gr\u00fcnde des BMG, Immunit\u00e4tsstudien nicht durchf\u00fchren zu wollen:<\/p>\n<blockquote>\n<p><em>&#8220;Warum ist das Bundesgesundheitsministerium gegen eine Feststellung der Immunit\u00e4t in Deutschland? Weil das wom\u00f6glich das Ende des Narrativs der Impfl\u00fccke ist.&#8221;<\/em><\/p>\n<\/blockquote>\n<div class=\"EmbedBlock-root EmbedBlock-twitter\">\n<div class=\"TwitterEmbed\">\n<blockquote class=\"twitter-tweet lazyload\" data-twitter=\"twitter-tweet\">\n<p lang=\"de\" dir=\"ltr\">Warum ist das BMG, laut Antwort auf parlamentarische Anfrage, gegen eine Feststellung der Serumpr\u00e4valenz in Deutschland ? Dann w\u00fcrde klar, wieviele B\u00fcrger tats\u00e4chlich geimpft ( anti-S) oder infiziert (anti-S und -N). In UK 99%, und hier? Ende des Narrativs der \u201eImpfl\u00fccke\u201c?<\/p>\n<p>\u2014 Andreas Radbruch (@Radbruch_lab) <a rel=\"nofollow noopener\" target=\"_blank\" href=\"https:\/\/twitter.com\/Radbruch_lab\/status\/1532102454724243462?ref_src=twsrc%5Etfw\">June 1, 2022<\/a><\/p><\/blockquote>\n<\/div>\n<\/div>\n<p>Die Situation einer vermeintlich bedenklichen Impfl\u00fccke in Deutschland war eines der Hauptargumente von Lauterbach im Rahmen der Diskussion einer verpflichtenden Impfpflicht:<\/p>\n<div class=\"EmbedBlock-root EmbedBlock-twitter\">\n<div class=\"TwitterEmbed\">\n<blockquote class=\"twitter-tweet lazyload\" data-twitter=\"twitter-tweet\">\n<p lang=\"de\" dir=\"ltr\">Im Bundestag k\u00e4mpfen wir gerade f\u00fcr die Einf\u00fchrung einer Impfpflicht. 90% der Corona Todesf\u00e4lle sind \u00fcber 60 J alt. Daher ist die Impfl\u00fccke in dieser Gruppe besonders wichtig. Der Gesetzesantrag zur Impfpflicht beginnt mit der Impfpflicht f\u00fcr diese Altersgruppe. Ein wichtiger Tag<\/p>\n<p>\u2014 Prof. Karl Lauterbach (@Karl_Lauterbach) <a rel=\"nofollow noopener\" target=\"_blank\" href=\"https:\/\/twitter.com\/Karl_Lauterbach\/status\/1511980746688376832?ref_src=twsrc%5Etfw\">April 7, 2022<\/a><\/p><\/blockquote>\n<\/div>\n<\/div>\n<p>Radbruch ist laut dem <em>Welt<\/em>-Artikel aktuell der Ansicht, dass\u00a0Deutschland im Herbst keine \u00dcberlastung des Gesundheitssystems drohe. &#8220;Die vierte Impfung im Herbst, von Gesundheitsminister Lauterbach eher verlangt als empfohlen, h\u00e4lt er zu diesem fr\u00fchen Zeitpunkt f\u00fcr fragw\u00fcrdig&#8221;, so Radbruch laut der<em> Welt<\/em>. Das Antwortschreiben des BMG endet mit der Feststellung, dass &#8220;die Aussagekraft von repr\u00e4sentativen Untersuchungen (&#8230;) in der Gesamtbev\u00f6lkerung zu einem sp\u00e4ten Zeitpunkt des Pandemieverlaufs nur bedingt aussagekr\u00e4ftig&#8221; sei.<\/p>\n<p><strong>Mehr zum Thema <\/strong>&#8211;\u00a0<a rel=\"nofollow noopener\" target=\"_blank\" href=\"https:\/\/de.rt.com\/inland\/140120-ugur-sahin-dampft-erwartungen-entwicklung\/\">U\u011fur \u015eahin d\u00e4mpft Erwartungen: Entwicklung des Omikron-Impfstoffs von BioNTech dauert noch an<\/a><\/p>\n<\/div>\n<p><script async src=\"https:\/\/platform.twitter.com\/widgets.js\" charset=\"utf-8\"><\/script><br \/>\n<br \/><br \/>\n<br \/><a href=\"https:\/\/de.rt.com\/inland\/140396-bmg-sieht-weiterhin-keinen-bedarf\/\">Source link <\/a><\/p>\n","protected":false},"excerpt":{"rendered":"<p>Der FDP-Bundestagsabgeordnete Wolfgang Kubicki wollte vom Bundesgesundheitsministerium erfahren, ob zeitnah &#8220;eine eigene, repr\u00e4sentative Untersuchung zur SARS-CoV-2-Seropr\u00e4valenz in der Gesamtbev\u00f6lkerung&#8221; stattfinden wird. Dem Ministerium ist die Notwendigkeit und Bedeutung einer solchen Untersuchung &#8220;nicht eindeutig&#8221;. Eine aktuelle Beantwortung der\u00a0Bundestagsanfrage des FDP-Bundestagsabgeordneten Wolfgang Kubicki an das von Karl Lauterbach (SPD) geleitete\u00a0Bundesgesundheitsministerium (BMG) offenbart den anhaltenden Unwillen der Bundesregierung, [&hellip;]<\/p>\n","protected":false},"author":3,"featured_media":10154,"comment_status":"open","ping_status":"open","sticky":false,"template":"","format":"standard","meta":{"wp_automatic_camp":["217"],"2262c0d343dd40c8ef61c4e42beb82dc":["Corona: Warum will das Lauterbach-Ministerium keine repr\u00e4sentative Studie zum Antik\u00f6rper-Status?"],"original_link":["https:\/\/de.rt.com\/inland\/140396-bmg-sieht-weiterhin-keinen-bedarf\/"],"_thumbnail_id":["10154"],"_wptg_p2tg_sent2tg":["2022-06-08 06:25:29"],"jnews_social_counter_last_update":["1777706071"]},"categories":[19,23],"tags":[23550,124,427,375,23548,23549,10038,1289,565],"yoast_head":"<!-- This site is optimized with the Yoast SEO Premium plugin v22.7 (Yoast SEO v22.7) - https:\/\/yoast.com\/wordpress\/plugins\/seo\/ -->\n<title>Corona: Warum will das Lauterbach-Ministerium keine repr\u00e4sentative Studie zum Antik\u00f6rper-Status? - just-now.NEWS Deutschland<\/title>\n<meta name=\"robots\" content=\"index, follow, max-snippet:-1, max-image-preview:large, max-video-preview:-1\" \/>\n<link rel=\"canonical\" href=\"https:\/\/now-news.de\/de\/deutschland\/corona-warum-will-das-lauterbach-ministerium-keine-repraesentative-studie-zum-antikoerper-status\/\" \/>\n<meta property=\"og:locale\" content=\"de_DE\" \/>\n<meta property=\"og:type\" content=\"article\" \/>\n<meta property=\"og:title\" content=\"Corona: Warum will das Lauterbach-Ministerium keine repr\u00e4sentative Studie zum Antik\u00f6rper-Status?\" \/>\n<meta property=\"og:description\" content=\"Der FDP-Bundestagsabgeordnete Wolfgang Kubicki wollte vom Bundesgesundheitsministerium erfahren, ob zeitnah &#8220;eine eigene, repr\u00e4sentative Untersuchung zur SARS-CoV-2-Seropr\u00e4valenz in der Gesamtbev\u00f6lkerung&#8221; stattfinden wird. Dem Ministerium ist die Notwendigkeit und Bedeutung einer solchen Untersuchung &#8220;nicht eindeutig&#8221;. Eine aktuelle Beantwortung der\u00a0Bundestagsanfrage des FDP-Bundestagsabgeordneten Wolfgang Kubicki an das von Karl Lauterbach (SPD) geleitete\u00a0Bundesgesundheitsministerium (BMG) offenbart den anhaltenden Unwillen der Bundesregierung, [&hellip;]\" \/>\n<meta property=\"og:url\" content=\"https:\/\/now-news.de\/de\/deutschland\/corona-warum-will-das-lauterbach-ministerium-keine-repraesentative-studie-zum-antikoerper-status\/\" \/>\n<meta property=\"og:site_name\" content=\"just-now.NEWS Deutschland\" \/>\n<meta property=\"article:publisher\" content=\"https:\/\/www.facebook.com\/wirmachenauf\" \/>\n<meta property=\"article:published_time\" content=\"2022-06-08T04:15:00+00:00\" \/>\n<meta property=\"og:image\" content=\"https:\/\/now-news.de\/de\/wp-content\/uploads\/sites\/3\/2022\/06\/Corona-Warum-will-das-Lauterbach-Ministerium-keine-repraesentative-Studie-zum-Antikoerper-Status.jpg\" \/>\n\t<meta property=\"og:image:width\" content=\"460\" \/>\n\t<meta property=\"og:image:height\" content=\"259\" \/>\n\t<meta property=\"og:image:type\" content=\"image\/jpeg\" \/>\n<meta name=\"author\" content=\"rtnews\" \/>\n<meta name=\"twitter:card\" content=\"summary_large_image\" \/>\n<meta name=\"twitter:creator\" content=\"@WirMachenAuf_de\" \/>\n<meta name=\"twitter:site\" content=\"@WirMachenAuf_de\" \/>\n<meta name=\"twitter:label1\" content=\"Verfasst von\" \/>\n\t<meta name=\"twitter:data1\" content=\"rtnews\" \/>\n\t<meta name=\"twitter:label2\" content=\"Gesch\u00e4tzte Lesezeit\" \/>\n\t<meta name=\"twitter:data2\" content=\"5\u00a0Minuten\" \/>\n<script type=\"application\/ld+json\" class=\"yoast-schema-graph\">{\"@context\":\"https:\/\/schema.org\",\"@graph\":[{\"@type\":\"Article\",\"@id\":\"https:\/\/now-news.de\/de\/deutschland\/corona-warum-will-das-lauterbach-ministerium-keine-repraesentative-studie-zum-antikoerper-status\/#article\",\"isPartOf\":{\"@id\":\"https:\/\/now-news.de\/de\/deutschland\/corona-warum-will-das-lauterbach-ministerium-keine-repraesentative-studie-zum-antikoerper-status\/\"},\"author\":{\"name\":\"rtnews\",\"@id\":\"https:\/\/now-news.de\/de\/#\/schema\/person\/fb534a4e865501d8b3285208df34a9b5\"},\"headline\":\"Corona: Warum will das Lauterbach-Ministerium keine repr\u00e4sentative Studie zum Antik\u00f6rper-Status?\",\"datePublished\":\"2022-06-08T04:15:00+00:00\",\"dateModified\":\"2022-06-08T04:15:00+00:00\",\"mainEntityOfPage\":{\"@id\":\"https:\/\/now-news.de\/de\/deutschland\/corona-warum-will-das-lauterbach-ministerium-keine-repraesentative-studie-zum-antikoerper-status\/\"},\"wordCount\":1039,\"commentCount\":0,\"publisher\":{\"@id\":\"https:\/\/now-news.de\/de\/#organization\"},\"image\":{\"@id\":\"https:\/\/now-news.de\/de\/deutschland\/corona-warum-will-das-lauterbach-ministerium-keine-repraesentative-studie-zum-antikoerper-status\/#primaryimage\"},\"thumbnailUrl\":\"https:\/\/now-news.de\/de\/wp-content\/uploads\/sites\/3\/2022\/06\/Corona-Warum-will-das-Lauterbach-Ministerium-keine-repraesentative-Studie-zum-Antikoerper-Status.jpg\",\"keywords\":[\"Antik\u00f6rperStatus\",\"corona\",\"das\",\"keine\",\"LauterbachMinisterium\",\"repr\u00e4sentative\",\"STUDIE\",\"Warum\",\"zum\"],\"articleSection\":[\"Deutschland\",\"Russland\"],\"inLanguage\":\"de\",\"potentialAction\":[{\"@type\":\"CommentAction\",\"name\":\"Comment\",\"target\":[\"https:\/\/now-news.de\/de\/deutschland\/corona-warum-will-das-lauterbach-ministerium-keine-repraesentative-studie-zum-antikoerper-status\/#respond\"]}]},{\"@type\":\"WebPage\",\"@id\":\"https:\/\/now-news.de\/de\/deutschland\/corona-warum-will-das-lauterbach-ministerium-keine-repraesentative-studie-zum-antikoerper-status\/\",\"url\":\"https:\/\/now-news.de\/de\/deutschland\/corona-warum-will-das-lauterbach-ministerium-keine-repraesentative-studie-zum-antikoerper-status\/\",\"name\":\"Corona: Warum will das Lauterbach-Ministerium keine repr\u00e4sentative Studie zum Antik\u00f6rper-Status? - just-now.NEWS Deutschland\",\"isPartOf\":{\"@id\":\"https:\/\/now-news.de\/de\/#website\"},\"primaryImageOfPage\":{\"@id\":\"https:\/\/now-news.de\/de\/deutschland\/corona-warum-will-das-lauterbach-ministerium-keine-repraesentative-studie-zum-antikoerper-status\/#primaryimage\"},\"image\":{\"@id\":\"https:\/\/now-news.de\/de\/deutschland\/corona-warum-will-das-lauterbach-ministerium-keine-repraesentative-studie-zum-antikoerper-status\/#primaryimage\"},\"thumbnailUrl\":\"https:\/\/now-news.de\/de\/wp-content\/uploads\/sites\/3\/2022\/06\/Corona-Warum-will-das-Lauterbach-Ministerium-keine-repraesentative-Studie-zum-Antikoerper-Status.jpg\",\"datePublished\":\"2022-06-08T04:15:00+00:00\",\"dateModified\":\"2022-06-08T04:15:00+00:00\",\"breadcrumb\":{\"@id\":\"https:\/\/now-news.de\/de\/deutschland\/corona-warum-will-das-lauterbach-ministerium-keine-repraesentative-studie-zum-antikoerper-status\/#breadcrumb\"},\"inLanguage\":\"de\",\"potentialAction\":[{\"@type\":\"ReadAction\",\"target\":[\"https:\/\/now-news.de\/de\/deutschland\/corona-warum-will-das-lauterbach-ministerium-keine-repraesentative-studie-zum-antikoerper-status\/\"]}]},{\"@type\":\"ImageObject\",\"inLanguage\":\"de\",\"@id\":\"https:\/\/now-news.de\/de\/deutschland\/corona-warum-will-das-lauterbach-ministerium-keine-repraesentative-studie-zum-antikoerper-status\/#primaryimage\",\"url\":\"https:\/\/now-news.de\/de\/wp-content\/uploads\/sites\/3\/2022\/06\/Corona-Warum-will-das-Lauterbach-Ministerium-keine-repraesentative-Studie-zum-Antikoerper-Status.jpg\",\"contentUrl\":\"https:\/\/now-news.de\/de\/wp-content\/uploads\/sites\/3\/2022\/06\/Corona-Warum-will-das-Lauterbach-Ministerium-keine-repraesentative-Studie-zum-Antikoerper-Status.jpg\",\"width\":460,\"height\":259,\"caption\":\"Corona: Warum will das Lauterbach-Ministerium keine repr\u00e4sentative Studie zum Antik\u00f6rper-Status?\"},{\"@type\":\"BreadcrumbList\",\"@id\":\"https:\/\/now-news.de\/de\/deutschland\/corona-warum-will-das-lauterbach-ministerium-keine-repraesentative-studie-zum-antikoerper-status\/#breadcrumb\",\"itemListElement\":[{\"@type\":\"ListItem\",\"position\":1,\"name\":\"Home\",\"item\":\"https:\/\/now-news.de\/de\/\"},{\"@type\":\"ListItem\",\"position\":2,\"name\":\"Corona: Warum will das Lauterbach-Ministerium keine repr\u00e4sentative Studie zum Antik\u00f6rper-Status?\"}]},{\"@type\":\"WebSite\",\"@id\":\"https:\/\/now-news.de\/de\/#website\",\"url\":\"https:\/\/now-news.de\/de\/\",\"name\":\"just-now.NEWS Deutschland\",\"description\":\"Das Portal f\u00fcr unzensierte Nachrichten aus der Welt\",\"publisher\":{\"@id\":\"https:\/\/now-news.de\/de\/#organization\"},\"potentialAction\":[{\"@type\":\"SearchAction\",\"target\":{\"@type\":\"EntryPoint\",\"urlTemplate\":\"https:\/\/now-news.de\/de\/?s={search_term_string}\"},\"query-input\":\"required name=search_term_string\"}],\"inLanguage\":\"de\"},{\"@type\":\"Organization\",\"@id\":\"https:\/\/now-news.de\/de\/#organization\",\"name\":\"Just Now News\",\"url\":\"https:\/\/now-news.de\/de\/\",\"logo\":{\"@type\":\"ImageObject\",\"inLanguage\":\"de\",\"@id\":\"https:\/\/now-news.de\/de\/#\/schema\/logo\/image\/\",\"url\":\"http:\/\/just-now.news\/de\/wp-content\/uploads\/sites\/3\/2022\/04\/logo500x500.jpg\",\"contentUrl\":\"http:\/\/just-now.news\/de\/wp-content\/uploads\/sites\/3\/2022\/04\/logo500x500.jpg\",\"width\":500,\"height\":500,\"caption\":\"Just Now News\"},\"image\":{\"@id\":\"https:\/\/now-news.de\/de\/#\/schema\/logo\/image\/\"},\"sameAs\":[\"https:\/\/www.facebook.com\/wirmachenauf\",\"https:\/\/x.com\/WirMachenAuf_de\"]},{\"@type\":\"Person\",\"@id\":\"https:\/\/now-news.de\/de\/#\/schema\/person\/fb534a4e865501d8b3285208df34a9b5\",\"name\":\"rtnews\",\"image\":{\"@type\":\"ImageObject\",\"inLanguage\":\"de\",\"@id\":\"https:\/\/now-news.de\/de\/#\/schema\/person\/image\/\",\"url\":\"https:\/\/secure.gravatar.com\/avatar\/82aafea7d8127119dd649515f56e2117?s=96&d=mm&r=g\",\"contentUrl\":\"https:\/\/secure.gravatar.com\/avatar\/82aafea7d8127119dd649515f56e2117?s=96&d=mm&r=g\",\"caption\":\"rtnews\"},\"url\":\"https:\/\/now-news.de\/de\/author\/rnews\/\"}]}<\/script>\n<!-- \/ Yoast SEO Premium plugin. -->","yoast_head_json":{"title":"Corona: Warum will das Lauterbach-Ministerium keine repr\u00e4sentative Studie zum Antik\u00f6rper-Status? - just-now.NEWS Deutschland","robots":{"index":"index","follow":"follow","max-snippet":"max-snippet:-1","max-image-preview":"max-image-preview:large","max-video-preview":"max-video-preview:-1"},"canonical":"https:\/\/now-news.de\/de\/deutschland\/corona-warum-will-das-lauterbach-ministerium-keine-repraesentative-studie-zum-antikoerper-status\/","og_locale":"de_DE","og_type":"article","og_title":"Corona: Warum will das Lauterbach-Ministerium keine repr\u00e4sentative Studie zum Antik\u00f6rper-Status?","og_description":"Der FDP-Bundestagsabgeordnete Wolfgang Kubicki wollte vom Bundesgesundheitsministerium erfahren, ob zeitnah &#8220;eine eigene, repr\u00e4sentative Untersuchung zur SARS-CoV-2-Seropr\u00e4valenz in der Gesamtbev\u00f6lkerung&#8221; stattfinden wird. Dem Ministerium ist die Notwendigkeit und Bedeutung einer solchen Untersuchung &#8220;nicht eindeutig&#8221;. Eine aktuelle Beantwortung der\u00a0Bundestagsanfrage des FDP-Bundestagsabgeordneten Wolfgang Kubicki an das von Karl Lauterbach (SPD) geleitete\u00a0Bundesgesundheitsministerium (BMG) offenbart den anhaltenden Unwillen der Bundesregierung, [&hellip;]","og_url":"https:\/\/now-news.de\/de\/deutschland\/corona-warum-will-das-lauterbach-ministerium-keine-repraesentative-studie-zum-antikoerper-status\/","og_site_name":"just-now.NEWS Deutschland","article_publisher":"https:\/\/www.facebook.com\/wirmachenauf","article_published_time":"2022-06-08T04:15:00+00:00","og_image":[{"width":460,"height":259,"url":"https:\/\/now-news.de\/de\/wp-content\/uploads\/sites\/3\/2022\/06\/Corona-Warum-will-das-Lauterbach-Ministerium-keine-repraesentative-Studie-zum-Antikoerper-Status.jpg","type":"image\/jpeg"}],"author":"rtnews","twitter_card":"summary_large_image","twitter_creator":"@WirMachenAuf_de","twitter_site":"@WirMachenAuf_de","twitter_misc":{"Verfasst von":"rtnews","Gesch\u00e4tzte Lesezeit":"5\u00a0Minuten"},"schema":{"@context":"https:\/\/schema.org","@graph":[{"@type":"Article","@id":"https:\/\/now-news.de\/de\/deutschland\/corona-warum-will-das-lauterbach-ministerium-keine-repraesentative-studie-zum-antikoerper-status\/#article","isPartOf":{"@id":"https:\/\/now-news.de\/de\/deutschland\/corona-warum-will-das-lauterbach-ministerium-keine-repraesentative-studie-zum-antikoerper-status\/"},"author":{"name":"rtnews","@id":"https:\/\/now-news.de\/de\/#\/schema\/person\/fb534a4e865501d8b3285208df34a9b5"},"headline":"Corona: Warum will das Lauterbach-Ministerium keine repr\u00e4sentative Studie zum Antik\u00f6rper-Status?","datePublished":"2022-06-08T04:15:00+00:00","dateModified":"2022-06-08T04:15:00+00:00","mainEntityOfPage":{"@id":"https:\/\/now-news.de\/de\/deutschland\/corona-warum-will-das-lauterbach-ministerium-keine-repraesentative-studie-zum-antikoerper-status\/"},"wordCount":1039,"commentCount":0,"publisher":{"@id":"https:\/\/now-news.de\/de\/#organization"},"image":{"@id":"https:\/\/now-news.de\/de\/deutschland\/corona-warum-will-das-lauterbach-ministerium-keine-repraesentative-studie-zum-antikoerper-status\/#primaryimage"},"thumbnailUrl":"https:\/\/now-news.de\/de\/wp-content\/uploads\/sites\/3\/2022\/06\/Corona-Warum-will-das-Lauterbach-Ministerium-keine-repraesentative-Studie-zum-Antikoerper-Status.jpg","keywords":["Antik\u00f6rperStatus","corona","das","keine","LauterbachMinisterium","repr\u00e4sentative","STUDIE","Warum","zum"],"articleSection":["Deutschland","Russland"],"inLanguage":"de","potentialAction":[{"@type":"CommentAction","name":"Comment","target":["https:\/\/now-news.de\/de\/deutschland\/corona-warum-will-das-lauterbach-ministerium-keine-repraesentative-studie-zum-antikoerper-status\/#respond"]}]},{"@type":"WebPage","@id":"https:\/\/now-news.de\/de\/deutschland\/corona-warum-will-das-lauterbach-ministerium-keine-repraesentative-studie-zum-antikoerper-status\/","url":"https:\/\/now-news.de\/de\/deutschland\/corona-warum-will-das-lauterbach-ministerium-keine-repraesentative-studie-zum-antikoerper-status\/","name":"Corona: Warum will das Lauterbach-Ministerium keine repr\u00e4sentative Studie zum Antik\u00f6rper-Status? - just-now.NEWS Deutschland","isPartOf":{"@id":"https:\/\/now-news.de\/de\/#website"},"primaryImageOfPage":{"@id":"https:\/\/now-news.de\/de\/deutschland\/corona-warum-will-das-lauterbach-ministerium-keine-repraesentative-studie-zum-antikoerper-status\/#primaryimage"},"image":{"@id":"https:\/\/now-news.de\/de\/deutschland\/corona-warum-will-das-lauterbach-ministerium-keine-repraesentative-studie-zum-antikoerper-status\/#primaryimage"},"thumbnailUrl":"https:\/\/now-news.de\/de\/wp-content\/uploads\/sites\/3\/2022\/06\/Corona-Warum-will-das-Lauterbach-Ministerium-keine-repraesentative-Studie-zum-Antikoerper-Status.jpg","datePublished":"2022-06-08T04:15:00+00:00","dateModified":"2022-06-08T04:15:00+00:00","breadcrumb":{"@id":"https:\/\/now-news.de\/de\/deutschland\/corona-warum-will-das-lauterbach-ministerium-keine-repraesentative-studie-zum-antikoerper-status\/#breadcrumb"},"inLanguage":"de","potentialAction":[{"@type":"ReadAction","target":["https:\/\/now-news.de\/de\/deutschland\/corona-warum-will-das-lauterbach-ministerium-keine-repraesentative-studie-zum-antikoerper-status\/"]}]},{"@type":"ImageObject","inLanguage":"de","@id":"https:\/\/now-news.de\/de\/deutschland\/corona-warum-will-das-lauterbach-ministerium-keine-repraesentative-studie-zum-antikoerper-status\/#primaryimage","url":"https:\/\/now-news.de\/de\/wp-content\/uploads\/sites\/3\/2022\/06\/Corona-Warum-will-das-Lauterbach-Ministerium-keine-repraesentative-Studie-zum-Antikoerper-Status.jpg","contentUrl":"https:\/\/now-news.de\/de\/wp-content\/uploads\/sites\/3\/2022\/06\/Corona-Warum-will-das-Lauterbach-Ministerium-keine-repraesentative-Studie-zum-Antikoerper-Status.jpg","width":460,"height":259,"caption":"Corona: Warum will das Lauterbach-Ministerium keine repr\u00e4sentative Studie zum Antik\u00f6rper-Status?"},{"@type":"BreadcrumbList","@id":"https:\/\/now-news.de\/de\/deutschland\/corona-warum-will-das-lauterbach-ministerium-keine-repraesentative-studie-zum-antikoerper-status\/#breadcrumb","itemListElement":[{"@type":"ListItem","position":1,"name":"Home","item":"https:\/\/now-news.de\/de\/"},{"@type":"ListItem","position":2,"name":"Corona: Warum will das Lauterbach-Ministerium keine repr\u00e4sentative Studie zum Antik\u00f6rper-Status?"}]},{"@type":"WebSite","@id":"https:\/\/now-news.de\/de\/#website","url":"https:\/\/now-news.de\/de\/","name":"just-now.NEWS Deutschland","description":"Das Portal f\u00fcr unzensierte Nachrichten aus der Welt","publisher":{"@id":"https:\/\/now-news.de\/de\/#organization"},"potentialAction":[{"@type":"SearchAction","target":{"@type":"EntryPoint","urlTemplate":"https:\/\/now-news.de\/de\/?s={search_term_string}"},"query-input":"required name=search_term_string"}],"inLanguage":"de"},{"@type":"Organization","@id":"https:\/\/now-news.de\/de\/#organization","name":"Just Now News","url":"https:\/\/now-news.de\/de\/","logo":{"@type":"ImageObject","inLanguage":"de","@id":"https:\/\/now-news.de\/de\/#\/schema\/logo\/image\/","url":"http:\/\/just-now.news\/de\/wp-content\/uploads\/sites\/3\/2022\/04\/logo500x500.jpg","contentUrl":"http:\/\/just-now.news\/de\/wp-content\/uploads\/sites\/3\/2022\/04\/logo500x500.jpg","width":500,"height":500,"caption":"Just Now News"},"image":{"@id":"https:\/\/now-news.de\/de\/#\/schema\/logo\/image\/"},"sameAs":["https:\/\/www.facebook.com\/wirmachenauf","https:\/\/x.com\/WirMachenAuf_de"]},{"@type":"Person","@id":"https:\/\/now-news.de\/de\/#\/schema\/person\/fb534a4e865501d8b3285208df34a9b5","name":"rtnews","image":{"@type":"ImageObject","inLanguage":"de","@id":"https:\/\/now-news.de\/de\/#\/schema\/person\/image\/","url":"https:\/\/secure.gravatar.com\/avatar\/82aafea7d8127119dd649515f56e2117?s=96&d=mm&r=g","contentUrl":"https:\/\/secure.gravatar.com\/avatar\/82aafea7d8127119dd649515f56e2117?s=96&d=mm&r=g","caption":"rtnews"},"url":"https:\/\/now-news.de\/de\/author\/rnews\/"}]}},"_links":{"self":[{"href":"https:\/\/now-news.de\/de\/wp-json\/wp\/v2\/posts\/10153"}],"collection":[{"href":"https:\/\/now-news.de\/de\/wp-json\/wp\/v2\/posts"}],"about":[{"href":"https:\/\/now-news.de\/de\/wp-json\/wp\/v2\/types\/post"}],"author":[{"embeddable":true,"href":"https:\/\/now-news.de\/de\/wp-json\/wp\/v2\/users\/3"}],"replies":[{"embeddable":true,"href":"https:\/\/now-news.de\/de\/wp-json\/wp\/v2\/comments?post=10153"}],"version-history":[{"count":0,"href":"https:\/\/now-news.de\/de\/wp-json\/wp\/v2\/posts\/10153\/revisions"}],"wp:featuredmedia":[{"embeddable":true,"href":"https:\/\/now-news.de\/de\/wp-json\/wp\/v2\/media\/10154"}],"wp:attachment":[{"href":"https:\/\/now-news.de\/de\/wp-json\/wp\/v2\/media?parent=10153"}],"wp:term":[{"taxonomy":"category","embeddable":true,"href":"https:\/\/now-news.de\/de\/wp-json\/wp\/v2\/categories?post=10153"},{"taxonomy":"post_tag","embeddable":true,"href":"https:\/\/now-news.de\/de\/wp-json\/wp\/v2\/tags?post=10153"}],"curies":[{"name":"wp","href":"https:\/\/api.w.org\/{rel}","templated":true}]}}