{"id":10138,"date":"2022-06-07T22:55:00","date_gmt":"2022-06-07T20:55:00","guid":{"rendered":"http:\/\/just-now.news\/de\/usa\/extrem-linke-pro-abtreibungs-terroristen-zuenden-das-pro-life-schwangerschaftszentrum-in-buffalo-an\/"},"modified":"2022-06-07T22:55:00","modified_gmt":"2022-06-07T20:55:00","slug":"extrem-linke-pro-abtreibungs-terroristen-zuenden-das-pro-life-schwangerschaftszentrum-in-buffalo-an","status":"publish","type":"post","link":"https:\/\/now-news.de\/de\/usa\/extrem-linke-pro-abtreibungs-terroristen-zuenden-das-pro-life-schwangerschaftszentrum-in-buffalo-an\/","title":{"rendered":"Extrem linke Pro-Abtreibungs-Terroristen z\u00fcnden das Pro-Life-Schwangerschaftszentrum in Buffalo an"},"content":{"rendered":"<div class=\"entry-content\">\n<p><\/p>\n<p>Linksextreme Abtreibungsbef\u00fcrworter haben am Dienstagmorgen ein Pro-Life-Schwangerschaftszentrum in Buffalo, New York, in Brand gesteckt. <\/p>\n<p>Die Polizei von Amherst untersucht den Brand bei CompassCare in Eggertsville als Brandstiftung.<\/p>\n<div id=\"IC1-ad\" class=\"sponsor IC1\">\n<p class=\"ad-notice flipboard-remove\" fl:fl-noexcerpt=\"true\">Werbung \u2013 die Geschichte geht unten weiter<\/p>\n<div id=\"IC1\">\n<script>\n\t\t\t\t\tif( FFADS.units.IC1 && FFADS.units.IC1.ad_type == 'custom' && FFADS.units.IC1.custom_ads && ! getCookie( 'ff_subbed' ) ) {\n\t\t\t\t\t\tdocument.getElementById( 'IC1' ).innerHTML = FFADS.units.IC1.custom_ads[0].code;\n\t\t\t\t\t\tif( ! FFADS.units.IC1.lazy_load ) eval( FFADS.units.IC1.custom_ads[0].rendering_script );\n\t\t\t\t\t}\n\t\t\t\t\telse if( FFADS.units.IC1 && ! getCookie( 'ff_subbed' ) ) {\n\t\t\t\t\t\tif( 'IC' != 'SB' && 'IC' != 'SA' && FFADS.use_fixed_containers ) {\n\t\t\t\t\t\t\tlet max_wh = firefly_size_list_to_max_wh( FFADS.units.IC1.sizes );\n\t\t\t\t\t\t\tlet el = document.querySelector( '#IC1' );\n\t\t\t\t\t\t\tif( 'IC' != 'SA' && FFADS.slide_pixels ) {\n\t\t\t\t\t\t\t\tmax_wh[1] += parseInt( FFADS.slide_pixels );\n\t\t\t\t\t\t\t\tel.classList.add( 'sliding' );\n\t\t\t\t\t\t\t}\n\t\t\t\t\t\t\tel.style.width = max_wh[0] + 'px';\n\t\t\t\t\t\t\tel.style.height = max_wh[1] + 'px';\n\t\t\t\t\t\t\tel.classList.add( 'fixed-size' );\n\t\t\t\t\t\t}\n\t\t\t\t\t\tgoogletag.cmd.push( function() {\n\t\t\t\t\t\t\tFFADS.debug( 'googletag.displaying IC1' );\n\t\t\t\t\t\t\tgoogletag.display( 'IC1' );\n\t\t\t\t\t\t} );\n\t\t\t\t\t}\n\t\t\t\t\telse {\n\t\t\t\t\t\tdocument.querySelector( '#IC1-ad' ).style.display = 'none';}\n\t\t\t\t<\/script><\/div>\n<\/div>\n<p>Feuerwehrleute sagen, dass der Brandanschlag Sch\u00e4den im Wert von mindestens 150.000 US-Dollar an der Struktur verursacht hat, berichtete Buffalo News.<\/p>\n<p>\u201eHeute fr\u00fch haben Polizei und Feuerwehr auf Rauch im B\u00fcro von CompassCare in Buffalo reagiert.  Das Geb\u00e4ude wurde mit Brandbomben bombardiert.  Die Fenster im Empfangsraum und im B\u00fcro der Krankenschwestern wurden zerbrochen und Feuer entz\u00fcndet.  Graffiti auf dem Geb\u00e4ude, das die Brandstifter hinterlassen haben, beziehen sich auf die Abtreibungsterroristengruppe Jane&#8217;s Revenge mit der Aufschrift &#8220;Jane Was Here&#8221;.<\/p>\n<p><script>\n\t\t\t\t\tif( ! getCookie( 'ff_subbed' ) ) if( typeof FFADS.replace_ict != 'undefined' ) if( FFADS.replace_ict ) eval( FFADS.replace_ict );\n\t\t\t\t<\/script><\/p>\n<p>\u201eDas ist die \u201aKristallnacht\u2018 f\u00fcr Abtreibungen.  Aufgrund dieser Gewalttat werden die Bed\u00fcrfnisse von Frauen, die mit einer ungeplanten Schwangerschaft konfrontiert sind, nicht erf\u00fcllt und Babys werden sterben.  Ich frage mich, ob Gouverneur Hochul sein Veto gegen das Untersuchungsgesetz des Schwangerschaftszentrums einlegen wird?  Ich frage mich, ob Generalstaatsanw\u00e4ltin Letitia James gegen diese feigen Kriminellen ermitteln wird?  CompassCare wird neu aufbauen, weil Frauen etwas Besseres verdienen.  CompassCare wird nicht aufh\u00f6ren zu dienen, weil vorgeborene Jungen und M\u00e4dchen Schutz verdienen\u201c, sagte Jim Harden, CEO von CompassCare.<\/p>\n<p><iframe loading=\"lazy\" data-src=\"https:\/\/www.facebook.com\/plugins\/post.php?href=https%3A%2F%2Fwww.facebook.com%2Fcompasscarebuffalo%2Fposts%2F2059303497575045&amp;show_text=true&amp;width=500\" width=\"500\" height=\"800\" style=\"border:none;overflow:hidden\" scrolling=\"no\" frameborder=\"0\" allowfullscreen=\"true\" allow=\"autoplay; clipboard-write; encrypted-media; picture-in-picture; web-share\"><\/iframe><\/p>\n<div id=\"IC2-ad\" class=\"sponsor IC2\">\n<p class=\"ad-notice flipboard-remove\" fl:fl-noexcerpt=\"true\">Werbung \u2013 die Geschichte geht unten weiter<\/p>\n<div id=\"IC2\">\n<script>\n\t\t\t\t\tif( FFADS.units.IC2 && FFADS.units.IC2.ad_type == 'custom' && FFADS.units.IC2.custom_ads && ! getCookie( 'ff_subbed' ) ) {\n\t\t\t\t\t\tdocument.getElementById( 'IC2' ).innerHTML = FFADS.units.IC2.custom_ads[0].code;\n\t\t\t\t\t\tif( ! FFADS.units.IC2.lazy_load ) eval( FFADS.units.IC2.custom_ads[0].rendering_script );\n\t\t\t\t\t}\n\t\t\t\t\telse if( FFADS.units.IC2 && ! getCookie( 'ff_subbed' ) ) {\n\t\t\t\t\t\tif( 'IC' != 'SB' && 'IC' != 'SA' && FFADS.use_fixed_containers ) {\n\t\t\t\t\t\t\tlet max_wh = firefly_size_list_to_max_wh( FFADS.units.IC2.sizes );\n\t\t\t\t\t\t\tlet el = document.querySelector( '#IC2' );\n\t\t\t\t\t\t\tif( 'IC' != 'SA' && FFADS.slide_pixels ) {\n\t\t\t\t\t\t\t\tmax_wh[1] += parseInt( FFADS.slide_pixels );\n\t\t\t\t\t\t\t\tel.classList.add( 'sliding' );\n\t\t\t\t\t\t\t}\n\t\t\t\t\t\t\tel.style.width = max_wh[0] + 'px';\n\t\t\t\t\t\t\tel.style.height = max_wh[1] + 'px';\n\t\t\t\t\t\t\tel.classList.add( 'fixed-size' );\n\t\t\t\t\t\t}\n\t\t\t\t\t\tgoogletag.cmd.push( function() {\n\t\t\t\t\t\t\tFFADS.debug( 'googletag.displaying IC2' );\n\t\t\t\t\t\t\tgoogletag.display( 'IC2' );\n\t\t\t\t\t\t} );\n\t\t\t\t\t}\n\t\t\t\t\telse {\n\t\t\t\t\t\tdocument.querySelector( '#IC2-ad' ).style.display = 'none';}\n\t\t\t\t<\/script><\/div>\n<\/div>\n<p>Jane&#8217;s Revenge \u00fcbernahm k\u00fcrzlich die Verantwortung f\u00fcr die Zerst\u00f6rung eines Schwangerschaftszentrums in DC.<\/p>\n<blockquote class=\"twitter-tweet\">\n<p lang=\"en\" dir=\"ltr\">BREAKING: Ein Krisenschwangerschaftszentrum in Washington, DC, wurde verw\u00fcstet, wobei rote Farbe auf die T\u00fcr des Zentrums spritzte.  \u201eJane Says Revenge\u201c wurde auf das Geb\u00e4ude gespr\u00fcht.  https:\/\/t.co\/GwCZGXIAZA<\/p>\n<p>\u2014 Douglas Blair (@DouglasKBlair) <a rel=\"nofollow noopener\" target=\"_blank\" href=\"https:\/\/twitter.com\/DouglasKBlair\/status\/1532777689144336386\">3. Juni 2022<\/a><\/p>\n<\/blockquote>\n<p> <script async src=\"https:\/\/platform.twitter.com\/widgets.js\" charset=\"utf-8\"><\/script><\/p>\n<p class=\"article-ask\"><span class=\"ask\"><script>\n  if( getParameterByName( \"utm_source\" ) == \"testpage\" ) {\n    !function(e,t,a,n,g){e[n]=e[n]||[],e[n].push({\"gtm.start\":(new Date).getTime(),event:\"gtm.js\"});var m=t.getElementsByTagName(a)[0],r=t.createElement(a);r.async=!0,r.src=\"https:\/\/www.googletagmanager.com\/gtm.js?id=GTM-PL4PD49\",m.parentNode.insertBefore(r,m)}(window.parent,window.parent.document,\"script\",\"dataLayer\");\n    var iframe=window.parent.document.createElement(\"iframe\");iframe.src=\"https:\/\/www.googletagmanager.com\/ns.html?id=GTM-PL4PD49\";iframe.height=\"0\";iframe.width=\"0\";iframe.style=\"display:none;visibility:hidden\";window.parent.document.body.appendChild(iframe);\n    window.parent[\"$$mm-analytics\"] = window.parent[\"$$mm-analytics\"] || {};if (typeof window.parent[\"$$mm-analytics\"].firstEmbed === \"undefined\") {window.parent[\"$$mm-analytics\"].firstEmbed = Date.now();}\n    let as1 = document.createElement( \"script\" );\n    as1.src = \"https:\/\/bucket1.mm-syringe.com\/prod\/configs\/ee2300c8-43d2-7f0b-dac0-40aaf31c9d3d.js\";\n    document.body.appendChild( as1 );\n    let as2 = document.createElement( \"script\" );\n    as2.src = \"https:\/\/bucket1.mm-syringe.com\/prod\/injector\/injector.1.5.3.js\";\n    document.body.appendChild( as2 );\n  }\n<\/script><\/p>\n<div class=\"apester-media\" data-token=\"5f10a39f94902bc81d3d59a7\" data-context=\"true\" data-tags=\"\" data-fallback=\"true\" height=\"350\"><\/div>\n<p><script id=\"apester_script\" src=\"https:\/\/static.apester.com\/js\/sdk\/latest\/apester-sdk.js\" async><\/script><script async src=\"https:\/\/www.googletagmanager.com\/gtag\/js?id=G-EFE91RJVSQ\"><\/script><script>\n  window.dataLayer = window.dataLayer || [];\n  function gtag(){dataLayer.push(arguments);}\n  gtag(\\'js\\', new Date());\n  gtag(\\'config\\', \\'G-EFE91RJVSQ\\');\n<\/script><\/span><\/p>\n<\/div>\n<p><br \/>\n<br \/><a href=\"https:\/\/www.thegatewaypundit.com\/2022\/06\/far-left-pro-abortion-terrorists-firebomb-pro-life-pregnancy-center-buffalo\/\">Source link <\/a><\/p>\n","protected":false},"excerpt":{"rendered":"<p>Linksextreme Abtreibungsbef\u00fcrworter haben am Dienstagmorgen ein Pro-Life-Schwangerschaftszentrum in Buffalo, New York, in Brand gesteckt. Die Polizei von Amherst untersucht den Brand bei CompassCare in Eggertsville als Brandstiftung. Werbung \u2013 die Geschichte geht unten weiter Feuerwehrleute sagen, dass der Brandanschlag Sch\u00e4den im Wert von mindestens 150.000 US-Dollar an der Struktur verursacht hat, berichtete Buffalo News. \u201eHeute [&hellip;]<\/p>\n","protected":false},"author":5,"featured_media":10139,"comment_status":"open","ping_status":"open","sticky":false,"template":"","format":"standard","meta":{"wp_automatic_camp":["1161"],"0ddd089c163cfbedb39584fd885347e0":["Extrem linke Pro-Abtreibungs-Terroristen z\u00fcnden das Pro-Life-Schwangerschaftszentrum in Buffalo an\n"],"original_link":["https:\/\/www.thegatewaypundit.com\/2022\/06\/far-left-pro-abortion-terrorists-firebomb-pro-life-pregnancy-center-buffalo\/"],"_thumbnail_id":["10139"],"wp_automatic_remove_first_image":["yes"],"jnews_social_counter_last_update":["1777340296"]},"categories":[25],"tags":[20178,427,23517,1301,23518,23519,603],"yoast_head":"<!-- This site is optimized with the Yoast SEO Premium plugin v22.7 (Yoast SEO v22.7) - https:\/\/yoast.com\/wordpress\/plugins\/seo\/ -->\n<title>Extrem linke Pro-Abtreibungs-Terroristen z\u00fcnden das Pro-Life-Schwangerschaftszentrum in Buffalo an - just-now.NEWS Deutschland<\/title>\n<meta name=\"robots\" content=\"index, follow, max-snippet:-1, max-image-preview:large, max-video-preview:-1\" \/>\n<link rel=\"canonical\" href=\"https:\/\/now-news.de\/de\/usa\/extrem-linke-pro-abtreibungs-terroristen-zuenden-das-pro-life-schwangerschaftszentrum-in-buffalo-an\/\" \/>\n<meta property=\"og:locale\" content=\"de_DE\" \/>\n<meta property=\"og:type\" content=\"article\" \/>\n<meta property=\"og:title\" content=\"Extrem linke Pro-Abtreibungs-Terroristen z\u00fcnden das Pro-Life-Schwangerschaftszentrum in Buffalo an\" \/>\n<meta property=\"og:description\" content=\"Linksextreme Abtreibungsbef\u00fcrworter haben am Dienstagmorgen ein Pro-Life-Schwangerschaftszentrum in Buffalo, New York, in Brand gesteckt. Die Polizei von Amherst untersucht den Brand bei CompassCare in Eggertsville als Brandstiftung. Werbung \u2013 die Geschichte geht unten weiter Feuerwehrleute sagen, dass der Brandanschlag Sch\u00e4den im Wert von mindestens 150.000 US-Dollar an der Struktur verursacht hat, berichtete Buffalo News. \u201eHeute [&hellip;]\" \/>\n<meta property=\"og:url\" content=\"https:\/\/now-news.de\/de\/usa\/extrem-linke-pro-abtreibungs-terroristen-zuenden-das-pro-life-schwangerschaftszentrum-in-buffalo-an\/\" \/>\n<meta property=\"og:site_name\" content=\"just-now.NEWS Deutschland\" \/>\n<meta property=\"article:publisher\" content=\"https:\/\/www.facebook.com\/wirmachenauf\" \/>\n<meta property=\"article:published_time\" content=\"2022-06-07T20:55:00+00:00\" \/>\n<meta property=\"og:image\" content=\"https:\/\/now-news.de\/de\/wp-content\/uploads\/sites\/3\/2022\/06\/Extrem-linke-Pro-Abtreibungs-Terroristen-zuenden-das-Pro-Life-Schwangerschaftszentrum-in-Buffalo-an.jpg\" \/>\n\t<meta property=\"og:image:width\" content=\"1169\" \/>\n\t<meta property=\"og:image:height\" content=\"823\" \/>\n\t<meta property=\"og:image:type\" content=\"image\/jpeg\" \/>\n<meta name=\"author\" content=\"greatreset\" \/>\n<meta name=\"twitter:card\" content=\"summary_large_image\" \/>\n<meta name=\"twitter:creator\" content=\"@WirMachenAuf_de\" \/>\n<meta name=\"twitter:site\" content=\"@WirMachenAuf_de\" \/>\n<meta name=\"twitter:label1\" content=\"Verfasst von\" \/>\n\t<meta name=\"twitter:data1\" content=\"greatreset\" \/>\n\t<meta name=\"twitter:label2\" content=\"Gesch\u00e4tzte Lesezeit\" \/>\n\t<meta name=\"twitter:data2\" content=\"1\u00a0Minute\" \/>\n<script type=\"application\/ld+json\" class=\"yoast-schema-graph\">{\"@context\":\"https:\/\/schema.org\",\"@graph\":[{\"@type\":\"Article\",\"@id\":\"https:\/\/now-news.de\/de\/usa\/extrem-linke-pro-abtreibungs-terroristen-zuenden-das-pro-life-schwangerschaftszentrum-in-buffalo-an\/#article\",\"isPartOf\":{\"@id\":\"https:\/\/now-news.de\/de\/usa\/extrem-linke-pro-abtreibungs-terroristen-zuenden-das-pro-life-schwangerschaftszentrum-in-buffalo-an\/\"},\"author\":{\"name\":\"greatreset\",\"@id\":\"https:\/\/now-news.de\/de\/#\/schema\/person\/8afb4cd92b68572db7902c13a349ffcb\"},\"headline\":\"Extrem linke Pro-Abtreibungs-Terroristen z\u00fcnden das Pro-Life-Schwangerschaftszentrum in Buffalo an\",\"datePublished\":\"2022-06-07T20:55:00+00:00\",\"dateModified\":\"2022-06-07T20:55:00+00:00\",\"mainEntityOfPage\":{\"@id\":\"https:\/\/now-news.de\/de\/usa\/extrem-linke-pro-abtreibungs-terroristen-zuenden-das-pro-life-schwangerschaftszentrum-in-buffalo-an\/\"},\"wordCount\":280,\"commentCount\":0,\"publisher\":{\"@id\":\"https:\/\/now-news.de\/de\/#organization\"},\"image\":{\"@id\":\"https:\/\/now-news.de\/de\/usa\/extrem-linke-pro-abtreibungs-terroristen-zuenden-das-pro-life-schwangerschaftszentrum-in-buffalo-an\/#primaryimage\"},\"thumbnailUrl\":\"https:\/\/now-news.de\/de\/wp-content\/uploads\/sites\/3\/2022\/06\/Extrem-linke-Pro-Abtreibungs-Terroristen-zuenden-das-Pro-Life-Schwangerschaftszentrum-in-Buffalo-an.jpg\",\"keywords\":[\"Buffalo\",\"das\",\"Extrem\",\"Linke\",\"ProAbtreibungsTerroristen\",\"ProLifeSchwangerschaftszentrum\",\"z\u00fcnden\"],\"articleSection\":[\"USA\"],\"inLanguage\":\"de\",\"potentialAction\":[{\"@type\":\"CommentAction\",\"name\":\"Comment\",\"target\":[\"https:\/\/now-news.de\/de\/usa\/extrem-linke-pro-abtreibungs-terroristen-zuenden-das-pro-life-schwangerschaftszentrum-in-buffalo-an\/#respond\"]}]},{\"@type\":\"WebPage\",\"@id\":\"https:\/\/now-news.de\/de\/usa\/extrem-linke-pro-abtreibungs-terroristen-zuenden-das-pro-life-schwangerschaftszentrum-in-buffalo-an\/\",\"url\":\"https:\/\/now-news.de\/de\/usa\/extrem-linke-pro-abtreibungs-terroristen-zuenden-das-pro-life-schwangerschaftszentrum-in-buffalo-an\/\",\"name\":\"Extrem linke Pro-Abtreibungs-Terroristen z\u00fcnden das Pro-Life-Schwangerschaftszentrum in Buffalo an - just-now.NEWS Deutschland\",\"isPartOf\":{\"@id\":\"https:\/\/now-news.de\/de\/#website\"},\"primaryImageOfPage\":{\"@id\":\"https:\/\/now-news.de\/de\/usa\/extrem-linke-pro-abtreibungs-terroristen-zuenden-das-pro-life-schwangerschaftszentrum-in-buffalo-an\/#primaryimage\"},\"image\":{\"@id\":\"https:\/\/now-news.de\/de\/usa\/extrem-linke-pro-abtreibungs-terroristen-zuenden-das-pro-life-schwangerschaftszentrum-in-buffalo-an\/#primaryimage\"},\"thumbnailUrl\":\"https:\/\/now-news.de\/de\/wp-content\/uploads\/sites\/3\/2022\/06\/Extrem-linke-Pro-Abtreibungs-Terroristen-zuenden-das-Pro-Life-Schwangerschaftszentrum-in-Buffalo-an.jpg\",\"datePublished\":\"2022-06-07T20:55:00+00:00\",\"dateModified\":\"2022-06-07T20:55:00+00:00\",\"breadcrumb\":{\"@id\":\"https:\/\/now-news.de\/de\/usa\/extrem-linke-pro-abtreibungs-terroristen-zuenden-das-pro-life-schwangerschaftszentrum-in-buffalo-an\/#breadcrumb\"},\"inLanguage\":\"de\",\"potentialAction\":[{\"@type\":\"ReadAction\",\"target\":[\"https:\/\/now-news.de\/de\/usa\/extrem-linke-pro-abtreibungs-terroristen-zuenden-das-pro-life-schwangerschaftszentrum-in-buffalo-an\/\"]}]},{\"@type\":\"ImageObject\",\"inLanguage\":\"de\",\"@id\":\"https:\/\/now-news.de\/de\/usa\/extrem-linke-pro-abtreibungs-terroristen-zuenden-das-pro-life-schwangerschaftszentrum-in-buffalo-an\/#primaryimage\",\"url\":\"https:\/\/now-news.de\/de\/wp-content\/uploads\/sites\/3\/2022\/06\/Extrem-linke-Pro-Abtreibungs-Terroristen-zuenden-das-Pro-Life-Schwangerschaftszentrum-in-Buffalo-an.jpg\",\"contentUrl\":\"https:\/\/now-news.de\/de\/wp-content\/uploads\/sites\/3\/2022\/06\/Extrem-linke-Pro-Abtreibungs-Terroristen-zuenden-das-Pro-Life-Schwangerschaftszentrum-in-Buffalo-an.jpg\",\"width\":1169,\"height\":823},{\"@type\":\"BreadcrumbList\",\"@id\":\"https:\/\/now-news.de\/de\/usa\/extrem-linke-pro-abtreibungs-terroristen-zuenden-das-pro-life-schwangerschaftszentrum-in-buffalo-an\/#breadcrumb\",\"itemListElement\":[{\"@type\":\"ListItem\",\"position\":1,\"name\":\"Home\",\"item\":\"https:\/\/now-news.de\/de\/\"},{\"@type\":\"ListItem\",\"position\":2,\"name\":\"Extrem linke Pro-Abtreibungs-Terroristen z\u00fcnden das Pro-Life-Schwangerschaftszentrum in Buffalo an\"}]},{\"@type\":\"WebSite\",\"@id\":\"https:\/\/now-news.de\/de\/#website\",\"url\":\"https:\/\/now-news.de\/de\/\",\"name\":\"just-now.NEWS Deutschland\",\"description\":\"Das Portal f\u00fcr unzensierte Nachrichten aus der Welt\",\"publisher\":{\"@id\":\"https:\/\/now-news.de\/de\/#organization\"},\"potentialAction\":[{\"@type\":\"SearchAction\",\"target\":{\"@type\":\"EntryPoint\",\"urlTemplate\":\"https:\/\/now-news.de\/de\/?s={search_term_string}\"},\"query-input\":\"required name=search_term_string\"}],\"inLanguage\":\"de\"},{\"@type\":\"Organization\",\"@id\":\"https:\/\/now-news.de\/de\/#organization\",\"name\":\"Just Now News\",\"url\":\"https:\/\/now-news.de\/de\/\",\"logo\":{\"@type\":\"ImageObject\",\"inLanguage\":\"de\",\"@id\":\"https:\/\/now-news.de\/de\/#\/schema\/logo\/image\/\",\"url\":\"http:\/\/just-now.news\/de\/wp-content\/uploads\/sites\/3\/2022\/04\/logo500x500.jpg\",\"contentUrl\":\"http:\/\/just-now.news\/de\/wp-content\/uploads\/sites\/3\/2022\/04\/logo500x500.jpg\",\"width\":500,\"height\":500,\"caption\":\"Just Now News\"},\"image\":{\"@id\":\"https:\/\/now-news.de\/de\/#\/schema\/logo\/image\/\"},\"sameAs\":[\"https:\/\/www.facebook.com\/wirmachenauf\",\"https:\/\/x.com\/WirMachenAuf_de\"]},{\"@type\":\"Person\",\"@id\":\"https:\/\/now-news.de\/de\/#\/schema\/person\/8afb4cd92b68572db7902c13a349ffcb\",\"name\":\"greatreset\",\"image\":{\"@type\":\"ImageObject\",\"inLanguage\":\"de\",\"@id\":\"https:\/\/now-news.de\/de\/#\/schema\/person\/image\/\",\"url\":\"https:\/\/secure.gravatar.com\/avatar\/a088df625d49991c090e78c8b9542592?s=96&d=mm&r=g\",\"contentUrl\":\"https:\/\/secure.gravatar.com\/avatar\/a088df625d49991c090e78c8b9542592?s=96&d=mm&r=g\",\"caption\":\"greatreset\"},\"url\":\"https:\/\/now-news.de\/de\/author\/greatreset\/\"}]}<\/script>\n<!-- \/ Yoast SEO Premium plugin. -->","yoast_head_json":{"title":"Extrem linke Pro-Abtreibungs-Terroristen z\u00fcnden das Pro-Life-Schwangerschaftszentrum in Buffalo an - just-now.NEWS Deutschland","robots":{"index":"index","follow":"follow","max-snippet":"max-snippet:-1","max-image-preview":"max-image-preview:large","max-video-preview":"max-video-preview:-1"},"canonical":"https:\/\/now-news.de\/de\/usa\/extrem-linke-pro-abtreibungs-terroristen-zuenden-das-pro-life-schwangerschaftszentrum-in-buffalo-an\/","og_locale":"de_DE","og_type":"article","og_title":"Extrem linke Pro-Abtreibungs-Terroristen z\u00fcnden das Pro-Life-Schwangerschaftszentrum in Buffalo an","og_description":"Linksextreme Abtreibungsbef\u00fcrworter haben am Dienstagmorgen ein Pro-Life-Schwangerschaftszentrum in Buffalo, New York, in Brand gesteckt. Die Polizei von Amherst untersucht den Brand bei CompassCare in Eggertsville als Brandstiftung. Werbung \u2013 die Geschichte geht unten weiter Feuerwehrleute sagen, dass der Brandanschlag Sch\u00e4den im Wert von mindestens 150.000 US-Dollar an der Struktur verursacht hat, berichtete Buffalo News. \u201eHeute [&hellip;]","og_url":"https:\/\/now-news.de\/de\/usa\/extrem-linke-pro-abtreibungs-terroristen-zuenden-das-pro-life-schwangerschaftszentrum-in-buffalo-an\/","og_site_name":"just-now.NEWS Deutschland","article_publisher":"https:\/\/www.facebook.com\/wirmachenauf","article_published_time":"2022-06-07T20:55:00+00:00","og_image":[{"width":1169,"height":823,"url":"https:\/\/now-news.de\/de\/wp-content\/uploads\/sites\/3\/2022\/06\/Extrem-linke-Pro-Abtreibungs-Terroristen-zuenden-das-Pro-Life-Schwangerschaftszentrum-in-Buffalo-an.jpg","type":"image\/jpeg"}],"author":"greatreset","twitter_card":"summary_large_image","twitter_creator":"@WirMachenAuf_de","twitter_site":"@WirMachenAuf_de","twitter_misc":{"Verfasst von":"greatreset","Gesch\u00e4tzte Lesezeit":"1\u00a0Minute"},"schema":{"@context":"https:\/\/schema.org","@graph":[{"@type":"Article","@id":"https:\/\/now-news.de\/de\/usa\/extrem-linke-pro-abtreibungs-terroristen-zuenden-das-pro-life-schwangerschaftszentrum-in-buffalo-an\/#article","isPartOf":{"@id":"https:\/\/now-news.de\/de\/usa\/extrem-linke-pro-abtreibungs-terroristen-zuenden-das-pro-life-schwangerschaftszentrum-in-buffalo-an\/"},"author":{"name":"greatreset","@id":"https:\/\/now-news.de\/de\/#\/schema\/person\/8afb4cd92b68572db7902c13a349ffcb"},"headline":"Extrem linke Pro-Abtreibungs-Terroristen z\u00fcnden das Pro-Life-Schwangerschaftszentrum in Buffalo an","datePublished":"2022-06-07T20:55:00+00:00","dateModified":"2022-06-07T20:55:00+00:00","mainEntityOfPage":{"@id":"https:\/\/now-news.de\/de\/usa\/extrem-linke-pro-abtreibungs-terroristen-zuenden-das-pro-life-schwangerschaftszentrum-in-buffalo-an\/"},"wordCount":280,"commentCount":0,"publisher":{"@id":"https:\/\/now-news.de\/de\/#organization"},"image":{"@id":"https:\/\/now-news.de\/de\/usa\/extrem-linke-pro-abtreibungs-terroristen-zuenden-das-pro-life-schwangerschaftszentrum-in-buffalo-an\/#primaryimage"},"thumbnailUrl":"https:\/\/now-news.de\/de\/wp-content\/uploads\/sites\/3\/2022\/06\/Extrem-linke-Pro-Abtreibungs-Terroristen-zuenden-das-Pro-Life-Schwangerschaftszentrum-in-Buffalo-an.jpg","keywords":["Buffalo","das","Extrem","Linke","ProAbtreibungsTerroristen","ProLifeSchwangerschaftszentrum","z\u00fcnden"],"articleSection":["USA"],"inLanguage":"de","potentialAction":[{"@type":"CommentAction","name":"Comment","target":["https:\/\/now-news.de\/de\/usa\/extrem-linke-pro-abtreibungs-terroristen-zuenden-das-pro-life-schwangerschaftszentrum-in-buffalo-an\/#respond"]}]},{"@type":"WebPage","@id":"https:\/\/now-news.de\/de\/usa\/extrem-linke-pro-abtreibungs-terroristen-zuenden-das-pro-life-schwangerschaftszentrum-in-buffalo-an\/","url":"https:\/\/now-news.de\/de\/usa\/extrem-linke-pro-abtreibungs-terroristen-zuenden-das-pro-life-schwangerschaftszentrum-in-buffalo-an\/","name":"Extrem linke Pro-Abtreibungs-Terroristen z\u00fcnden das Pro-Life-Schwangerschaftszentrum in Buffalo an - just-now.NEWS Deutschland","isPartOf":{"@id":"https:\/\/now-news.de\/de\/#website"},"primaryImageOfPage":{"@id":"https:\/\/now-news.de\/de\/usa\/extrem-linke-pro-abtreibungs-terroristen-zuenden-das-pro-life-schwangerschaftszentrum-in-buffalo-an\/#primaryimage"},"image":{"@id":"https:\/\/now-news.de\/de\/usa\/extrem-linke-pro-abtreibungs-terroristen-zuenden-das-pro-life-schwangerschaftszentrum-in-buffalo-an\/#primaryimage"},"thumbnailUrl":"https:\/\/now-news.de\/de\/wp-content\/uploads\/sites\/3\/2022\/06\/Extrem-linke-Pro-Abtreibungs-Terroristen-zuenden-das-Pro-Life-Schwangerschaftszentrum-in-Buffalo-an.jpg","datePublished":"2022-06-07T20:55:00+00:00","dateModified":"2022-06-07T20:55:00+00:00","breadcrumb":{"@id":"https:\/\/now-news.de\/de\/usa\/extrem-linke-pro-abtreibungs-terroristen-zuenden-das-pro-life-schwangerschaftszentrum-in-buffalo-an\/#breadcrumb"},"inLanguage":"de","potentialAction":[{"@type":"ReadAction","target":["https:\/\/now-news.de\/de\/usa\/extrem-linke-pro-abtreibungs-terroristen-zuenden-das-pro-life-schwangerschaftszentrum-in-buffalo-an\/"]}]},{"@type":"ImageObject","inLanguage":"de","@id":"https:\/\/now-news.de\/de\/usa\/extrem-linke-pro-abtreibungs-terroristen-zuenden-das-pro-life-schwangerschaftszentrum-in-buffalo-an\/#primaryimage","url":"https:\/\/now-news.de\/de\/wp-content\/uploads\/sites\/3\/2022\/06\/Extrem-linke-Pro-Abtreibungs-Terroristen-zuenden-das-Pro-Life-Schwangerschaftszentrum-in-Buffalo-an.jpg","contentUrl":"https:\/\/now-news.de\/de\/wp-content\/uploads\/sites\/3\/2022\/06\/Extrem-linke-Pro-Abtreibungs-Terroristen-zuenden-das-Pro-Life-Schwangerschaftszentrum-in-Buffalo-an.jpg","width":1169,"height":823},{"@type":"BreadcrumbList","@id":"https:\/\/now-news.de\/de\/usa\/extrem-linke-pro-abtreibungs-terroristen-zuenden-das-pro-life-schwangerschaftszentrum-in-buffalo-an\/#breadcrumb","itemListElement":[{"@type":"ListItem","position":1,"name":"Home","item":"https:\/\/now-news.de\/de\/"},{"@type":"ListItem","position":2,"name":"Extrem linke Pro-Abtreibungs-Terroristen z\u00fcnden das Pro-Life-Schwangerschaftszentrum in Buffalo an"}]},{"@type":"WebSite","@id":"https:\/\/now-news.de\/de\/#website","url":"https:\/\/now-news.de\/de\/","name":"just-now.NEWS Deutschland","description":"Das Portal f\u00fcr unzensierte Nachrichten aus der Welt","publisher":{"@id":"https:\/\/now-news.de\/de\/#organization"},"potentialAction":[{"@type":"SearchAction","target":{"@type":"EntryPoint","urlTemplate":"https:\/\/now-news.de\/de\/?s={search_term_string}"},"query-input":"required name=search_term_string"}],"inLanguage":"de"},{"@type":"Organization","@id":"https:\/\/now-news.de\/de\/#organization","name":"Just Now News","url":"https:\/\/now-news.de\/de\/","logo":{"@type":"ImageObject","inLanguage":"de","@id":"https:\/\/now-news.de\/de\/#\/schema\/logo\/image\/","url":"http:\/\/just-now.news\/de\/wp-content\/uploads\/sites\/3\/2022\/04\/logo500x500.jpg","contentUrl":"http:\/\/just-now.news\/de\/wp-content\/uploads\/sites\/3\/2022\/04\/logo500x500.jpg","width":500,"height":500,"caption":"Just Now News"},"image":{"@id":"https:\/\/now-news.de\/de\/#\/schema\/logo\/image\/"},"sameAs":["https:\/\/www.facebook.com\/wirmachenauf","https:\/\/x.com\/WirMachenAuf_de"]},{"@type":"Person","@id":"https:\/\/now-news.de\/de\/#\/schema\/person\/8afb4cd92b68572db7902c13a349ffcb","name":"greatreset","image":{"@type":"ImageObject","inLanguage":"de","@id":"https:\/\/now-news.de\/de\/#\/schema\/person\/image\/","url":"https:\/\/secure.gravatar.com\/avatar\/a088df625d49991c090e78c8b9542592?s=96&d=mm&r=g","contentUrl":"https:\/\/secure.gravatar.com\/avatar\/a088df625d49991c090e78c8b9542592?s=96&d=mm&r=g","caption":"greatreset"},"url":"https:\/\/now-news.de\/de\/author\/greatreset\/"}]}},"_links":{"self":[{"href":"https:\/\/now-news.de\/de\/wp-json\/wp\/v2\/posts\/10138"}],"collection":[{"href":"https:\/\/now-news.de\/de\/wp-json\/wp\/v2\/posts"}],"about":[{"href":"https:\/\/now-news.de\/de\/wp-json\/wp\/v2\/types\/post"}],"author":[{"embeddable":true,"href":"https:\/\/now-news.de\/de\/wp-json\/wp\/v2\/users\/5"}],"replies":[{"embeddable":true,"href":"https:\/\/now-news.de\/de\/wp-json\/wp\/v2\/comments?post=10138"}],"version-history":[{"count":0,"href":"https:\/\/now-news.de\/de\/wp-json\/wp\/v2\/posts\/10138\/revisions"}],"wp:featuredmedia":[{"embeddable":true,"href":"https:\/\/now-news.de\/de\/wp-json\/wp\/v2\/media\/10139"}],"wp:attachment":[{"href":"https:\/\/now-news.de\/de\/wp-json\/wp\/v2\/media?parent=10138"}],"wp:term":[{"taxonomy":"category","embeddable":true,"href":"https:\/\/now-news.de\/de\/wp-json\/wp\/v2\/categories?post=10138"},{"taxonomy":"post_tag","embeddable":true,"href":"https:\/\/now-news.de\/de\/wp-json\/wp\/v2\/tags?post=10138"}],"curies":[{"name":"wp","href":"https:\/\/api.w.org\/{rel}","templated":true}]}}