{"id":101365,"date":"2026-04-06T20:51:36","date_gmt":"2026-04-06T18:51:36","guid":{"rendered":"https:\/\/now-news.de\/de\/deutschland\/medien-angehoerige-vermisster-soldaten-protestieren-auf-dem-maidan\/"},"modified":"2026-04-06T20:51:36","modified_gmt":"2026-04-06T18:51:36","slug":"medien-angehoerige-vermisster-soldaten-protestieren-auf-dem-maidan","status":"publish","type":"post","link":"https:\/\/now-news.de\/de\/deutschland\/medien-angehoerige-vermisster-soldaten-protestieren-auf-dem-maidan\/","title":{"rendered":"Medien: Angeh\u00f6rige vermisster Soldaten protestieren auf dem Maidan"},"content":{"rendered":"<p><img decoding=\"async\" src=\"https:\/\/now-news.de\/de\/wp-content\/uploads\/sites\/3\/2026\/04\/69d3e4f1b480cc395617b045.jpg\" \/><\/p>\n<div class=\"Text-root Text-type_1 \">\n                Auf dem Maidan in Kiew demonstrieren Angeh\u00f6rige vermisster Soldaten. Sie fordern die Suche zu intensivieren, Transparenz \u00fcber das Schicksal der Vermissten und deren Gleichstellung mit Gefallenen. Zudem sollen verantwortliche Kommandeure f\u00fcr hohe Verluste zur Rechenschaft gezogen werden.\n            <\/div>\n<p><\/p>\n<div class=\"Text-root Text-type_5 ArticleView-text ViewText-root \">\n<p>In der ukrainischen Hauptstadt Kiew sind Angeh\u00f6rige vermisster Soldaten der Streitkr\u00e4fte erneut auf die Stra\u00dfe gegangen. Die Kundgebung fand auf dem Maidan im Stadtzentrum statt.<\/p>\n<p>Nach Angaben der Nachrichtenagentur<em> Ukrinform<\/em> sowie der Abgeordneten Anna Skorochod <a rel=\"nofollow\" target=\"_blank\" href=\"https:\/\/t.me\/ukrinform_news\/161482\" target=\"_blank\" rel=\"noopener noreferrer\">beteiligten<\/a> sich mehrere Dutzend bis \u00fcber hundert Menschen an der Aktion. Auf Fotos und Videos sind \u00fcberwiegend Frauen und Kinder zu sehen, die Bilder ihrer vermissten Angeh\u00f6rigen tragen und sich in die ukrainischen Nationalfarben geh\u00fcllt haben.<\/p>\n<p>In ihrem Telegram-Beitrag schrieb Skorochod:<\/p>\n<p><em>&#8220;Derzeit findet auf dem Unabh\u00e4ngigkeitsplatz eine Aktion zur Unterst\u00fctzung der Familien von Vermissten aus verschiedenen Brigaden statt \u2026 Wir sehen, wie viele Menschen sich heute hier versammelt haben. Wie viel Schmerz sie haben und wie viele Fragen weiterhin unbeantwortet bleiben.&#8221;<\/em><\/p>\n<p>Die Demonstranten fordern unter anderem, vermisste Soldaten bei Entsch\u00e4digungszahlungen rechtlich den Gefallenen gleichzustellen. Zudem verlangen sie mehr Transparenz \u00fcber das Schicksal ihrer Angeh\u00f6rigen sowie eine Intensivierung der Suchma\u00dfnahmen und die Bergung gefallener Soldaten vom Schlachtfeld.<\/p>\n<p>Auf Videoaufnahmen ist au\u00dferdem zu h\u00f6ren, wie Teilnehmer dazu aufrufen, Kommandeure der Streitkr\u00e4fte der Ukraine zur Verantwortung zu ziehen, die f\u00fcr die hohen Verluste verantwortlich gemacht werden. Nach Angaben von Skorochod ist insbesondere das 225. separate Sturm-Bataillon von schweren Verlusten betroffen.<\/p>\n<p>\u00c4hnliche Kundgebungen von Angeh\u00f6rigen vermisster oder gefangener Soldaten finden in der Ukraine regelm\u00e4\u00dfig statt. Bereits Ende Oktober des vergangenen Jahres kam es zu einer vergleichbaren Aktion in Kiew.<\/p>\n<p>In ukrainischen Medien wird zudem gelegentlich berichtet, dass f\u00fcr die Aufnahme in Austauschlisten von den Familien der Soldaten nicht selten Bestechungsgelder verlangt werden. Den Berichten zufolge seien die Beh\u00f6rden in erster Linie an der R\u00fcckkehr besonders &#8220;medienwirksamer&#8221; Personen interessiert, w\u00e4hrend das Schicksal anderer B\u00fcrger weniger Beachtung finde.<\/p>\n<p>Zugleich wird kritisiert, dass die Beh\u00f6rden den Tod von Soldaten oft nicht zeitnah best\u00e4tigen. Ukrainische und internationale Analysten haben wiederholt darauf hingewiesen, dass die offiziell von Kiew genannten Verluste vermutlich deutlich niedriger angesetzt sind. Einige Experten gehen zudem davon aus, dass die Identifizierung gefallener Soldaten bewusst verz\u00f6gert werden k\u00f6nnte, um Entsch\u00e4digungszahlungen hinauszuz\u00f6gern.<\/p>\n<p><strong>Mehr zum Thema<\/strong> \u2013 <a rel=\"nofollow\" target=\"_blank\" href=\"https:\/\/freedert.online\/europa\/246393-vermisstenzahlen-roten-kreuzes-lassen-auf\/\" target=\"_blank\" rel=\"noopener noreferrer\">Vermisstenzahlen des Roten Kreuzes lassen auf hohe ukrainische Verluste schlie\u00dfen<\/a><\/p>\n<div class=\"EmbedBlock-root EmbedBlock-externalVideo EmbedBlock-rumble\">\n<div class=\"VkEmbed\"><iframe class=\"lazyload\" data-src=\"https:\/\/rumble.com\/embed\/v6u3ta4\" frameborder=\"0\" width=\"853\" height=\"480\" allowfullscreen><\/iframe><\/div>\n<\/div>\n<\/div>\n<p><br \/>\n<br \/><a href=\"https:\/\/de.rt.com\/europa\/276230-medien-angehoerige-vermisster-soldaten-protestieren-kiew\/\">Source link <\/a><\/p>\n","protected":false},"excerpt":{"rendered":"<p>Auf dem Maidan in Kiew demonstrieren Angeh\u00f6rige vermisster Soldaten. Sie fordern die Suche zu intensivieren, Transparenz \u00fcber das Schicksal der Vermissten und deren Gleichstellung mit Gefallenen. Zudem sollen verantwortliche Kommandeure f\u00fcr hohe Verluste zur Rechenschaft gezogen werden. In der ukrainischen Hauptstadt Kiew sind Angeh\u00f6rige vermisster Soldaten der Streitkr\u00e4fte erneut auf die Stra\u00dfe gegangen. Die Kundgebung [&hellip;]<\/p>\n","protected":false},"author":3,"featured_media":101366,"comment_status":"open","ping_status":"open","sticky":false,"template":"","format":"standard","meta":{"_yoast_indexnow_last_ping":["1775502167"],"wp_automatic_camp":["217"],"20bdf4f2ee6e764491dd97749dbeaac2":["Medien: Angeh\u00f6rige vermisster Soldaten protestieren auf dem Maidan"],"original_link":["https:\/\/de.rt.com\/europa\/276230-medien-angehoerige-vermisster-soldaten-protestieren-kiew\/"],"_thumbnail_id":["101366"],"jnews_social_counter_last_update":["1777646353"],"_wptgpro_p2tg_sent2tg":["a:1:{i:23737;s:19:\"2026-04-06 21:03:51\";}"]},"categories":[19,23],"tags":[14894,133,134,36558,580,16257,2333,41436],"yoast_head":"<!-- This site is optimized with the Yoast SEO Premium plugin v22.7 (Yoast SEO v22.7) - https:\/\/yoast.com\/wordpress\/plugins\/seo\/ -->\n<title>Medien: Angeh\u00f6rige vermisster Soldaten protestieren auf dem Maidan - just-now.NEWS Deutschland<\/title>\n<meta name=\"robots\" content=\"index, follow, max-snippet:-1, max-image-preview:large, max-video-preview:-1\" \/>\n<link rel=\"canonical\" href=\"https:\/\/now-news.de\/de\/deutschland\/medien-angehoerige-vermisster-soldaten-protestieren-auf-dem-maidan\/\" \/>\n<meta property=\"og:locale\" content=\"de_DE\" \/>\n<meta property=\"og:type\" content=\"article\" \/>\n<meta property=\"og:title\" content=\"Medien: Angeh\u00f6rige vermisster Soldaten protestieren auf dem Maidan\" \/>\n<meta property=\"og:description\" content=\"Auf dem Maidan in Kiew demonstrieren Angeh\u00f6rige vermisster Soldaten. Sie fordern die Suche zu intensivieren, Transparenz \u00fcber das Schicksal der Vermissten und deren Gleichstellung mit Gefallenen. Zudem sollen verantwortliche Kommandeure f\u00fcr hohe Verluste zur Rechenschaft gezogen werden. In der ukrainischen Hauptstadt Kiew sind Angeh\u00f6rige vermisster Soldaten der Streitkr\u00e4fte erneut auf die Stra\u00dfe gegangen. Die Kundgebung [&hellip;]\" \/>\n<meta property=\"og:url\" content=\"https:\/\/now-news.de\/de\/deutschland\/medien-angehoerige-vermisster-soldaten-protestieren-auf-dem-maidan\/\" \/>\n<meta property=\"og:site_name\" content=\"just-now.NEWS Deutschland\" \/>\n<meta property=\"article:publisher\" content=\"https:\/\/www.facebook.com\/wirmachenauf\" \/>\n<meta property=\"article:published_time\" content=\"2026-04-06T18:51:36+00:00\" \/>\n<meta property=\"og:image\" content=\"https:\/\/now-news.de\/de\/wp-content\/uploads\/sites\/3\/2026\/04\/69d3e4f1b480cc395617b045.jpg\" \/>\n<meta name=\"author\" content=\"rtnews\" \/>\n<meta name=\"twitter:card\" content=\"summary_large_image\" \/>\n<meta name=\"twitter:creator\" content=\"@WirMachenAuf_de\" \/>\n<meta name=\"twitter:site\" content=\"@WirMachenAuf_de\" \/>\n<meta name=\"twitter:label1\" content=\"Verfasst von\" \/>\n\t<meta name=\"twitter:data1\" content=\"rtnews\" \/>\n\t<meta name=\"twitter:label2\" content=\"Gesch\u00e4tzte Lesezeit\" \/>\n\t<meta name=\"twitter:data2\" content=\"2\u00a0Minuten\" \/>\n<script type=\"application\/ld+json\" class=\"yoast-schema-graph\">{\"@context\":\"https:\/\/schema.org\",\"@graph\":[{\"@type\":\"Article\",\"@id\":\"https:\/\/now-news.de\/de\/deutschland\/medien-angehoerige-vermisster-soldaten-protestieren-auf-dem-maidan\/#article\",\"isPartOf\":{\"@id\":\"https:\/\/now-news.de\/de\/deutschland\/medien-angehoerige-vermisster-soldaten-protestieren-auf-dem-maidan\/\"},\"author\":{\"name\":\"rtnews\",\"@id\":\"https:\/\/now-news.de\/de\/#\/schema\/person\/fb534a4e865501d8b3285208df34a9b5\"},\"headline\":\"Medien: Angeh\u00f6rige vermisster Soldaten protestieren auf dem Maidan\",\"datePublished\":\"2026-04-06T18:51:36+00:00\",\"dateModified\":\"2026-04-06T18:51:36+00:00\",\"mainEntityOfPage\":{\"@id\":\"https:\/\/now-news.de\/de\/deutschland\/medien-angehoerige-vermisster-soldaten-protestieren-auf-dem-maidan\/\"},\"wordCount\":409,\"commentCount\":0,\"publisher\":{\"@id\":\"https:\/\/now-news.de\/de\/#organization\"},\"image\":{\"@id\":\"https:\/\/now-news.de\/de\/deutschland\/medien-angehoerige-vermisster-soldaten-protestieren-auf-dem-maidan\/#primaryimage\"},\"thumbnailUrl\":\"https:\/\/now-news.de\/de\/wp-content\/uploads\/sites\/3\/2026\/04\/Medien-Angehoerige-vermisster-Soldaten-protestieren-auf-dem-Maidan.jpg\",\"keywords\":[\"Angeh\u00f6rige\",\"AUF\",\"DEM\",\"Maidan\",\"Medien\",\"protestieren\",\"Soldaten\",\"vermisster\"],\"articleSection\":[\"Deutschland\",\"Russland\"],\"inLanguage\":\"de\",\"potentialAction\":[{\"@type\":\"CommentAction\",\"name\":\"Comment\",\"target\":[\"https:\/\/now-news.de\/de\/deutschland\/medien-angehoerige-vermisster-soldaten-protestieren-auf-dem-maidan\/#respond\"]}]},{\"@type\":\"WebPage\",\"@id\":\"https:\/\/now-news.de\/de\/deutschland\/medien-angehoerige-vermisster-soldaten-protestieren-auf-dem-maidan\/\",\"url\":\"https:\/\/now-news.de\/de\/deutschland\/medien-angehoerige-vermisster-soldaten-protestieren-auf-dem-maidan\/\",\"name\":\"Medien: Angeh\u00f6rige vermisster Soldaten protestieren auf dem Maidan - just-now.NEWS Deutschland\",\"isPartOf\":{\"@id\":\"https:\/\/now-news.de\/de\/#website\"},\"primaryImageOfPage\":{\"@id\":\"https:\/\/now-news.de\/de\/deutschland\/medien-angehoerige-vermisster-soldaten-protestieren-auf-dem-maidan\/#primaryimage\"},\"image\":{\"@id\":\"https:\/\/now-news.de\/de\/deutschland\/medien-angehoerige-vermisster-soldaten-protestieren-auf-dem-maidan\/#primaryimage\"},\"thumbnailUrl\":\"https:\/\/now-news.de\/de\/wp-content\/uploads\/sites\/3\/2026\/04\/Medien-Angehoerige-vermisster-Soldaten-protestieren-auf-dem-Maidan.jpg\",\"datePublished\":\"2026-04-06T18:51:36+00:00\",\"dateModified\":\"2026-04-06T18:51:36+00:00\",\"breadcrumb\":{\"@id\":\"https:\/\/now-news.de\/de\/deutschland\/medien-angehoerige-vermisster-soldaten-protestieren-auf-dem-maidan\/#breadcrumb\"},\"inLanguage\":\"de\",\"potentialAction\":[{\"@type\":\"ReadAction\",\"target\":[\"https:\/\/now-news.de\/de\/deutschland\/medien-angehoerige-vermisster-soldaten-protestieren-auf-dem-maidan\/\"]}]},{\"@type\":\"ImageObject\",\"inLanguage\":\"de\",\"@id\":\"https:\/\/now-news.de\/de\/deutschland\/medien-angehoerige-vermisster-soldaten-protestieren-auf-dem-maidan\/#primaryimage\",\"url\":\"https:\/\/now-news.de\/de\/wp-content\/uploads\/sites\/3\/2026\/04\/Medien-Angehoerige-vermisster-Soldaten-protestieren-auf-dem-Maidan.jpg\",\"contentUrl\":\"https:\/\/now-news.de\/de\/wp-content\/uploads\/sites\/3\/2026\/04\/Medien-Angehoerige-vermisster-Soldaten-protestieren-auf-dem-Maidan.jpg\",\"width\":460,\"height\":259,\"caption\":\"Medien: Angeh\u00f6rige vermisster Soldaten protestieren auf dem Maidan\"},{\"@type\":\"BreadcrumbList\",\"@id\":\"https:\/\/now-news.de\/de\/deutschland\/medien-angehoerige-vermisster-soldaten-protestieren-auf-dem-maidan\/#breadcrumb\",\"itemListElement\":[{\"@type\":\"ListItem\",\"position\":1,\"name\":\"Home\",\"item\":\"https:\/\/now-news.de\/de\/\"},{\"@type\":\"ListItem\",\"position\":2,\"name\":\"Medien: Angeh\u00f6rige vermisster Soldaten protestieren auf dem Maidan\"}]},{\"@type\":\"WebSite\",\"@id\":\"https:\/\/now-news.de\/de\/#website\",\"url\":\"https:\/\/now-news.de\/de\/\",\"name\":\"just-now.NEWS Deutschland\",\"description\":\"Das Portal f\u00fcr unzensierte Nachrichten aus der Welt\",\"publisher\":{\"@id\":\"https:\/\/now-news.de\/de\/#organization\"},\"potentialAction\":[{\"@type\":\"SearchAction\",\"target\":{\"@type\":\"EntryPoint\",\"urlTemplate\":\"https:\/\/now-news.de\/de\/?s={search_term_string}\"},\"query-input\":\"required name=search_term_string\"}],\"inLanguage\":\"de\"},{\"@type\":\"Organization\",\"@id\":\"https:\/\/now-news.de\/de\/#organization\",\"name\":\"Just Now News\",\"url\":\"https:\/\/now-news.de\/de\/\",\"logo\":{\"@type\":\"ImageObject\",\"inLanguage\":\"de\",\"@id\":\"https:\/\/now-news.de\/de\/#\/schema\/logo\/image\/\",\"url\":\"http:\/\/just-now.news\/de\/wp-content\/uploads\/sites\/3\/2022\/04\/logo500x500.jpg\",\"contentUrl\":\"http:\/\/just-now.news\/de\/wp-content\/uploads\/sites\/3\/2022\/04\/logo500x500.jpg\",\"width\":500,\"height\":500,\"caption\":\"Just Now News\"},\"image\":{\"@id\":\"https:\/\/now-news.de\/de\/#\/schema\/logo\/image\/\"},\"sameAs\":[\"https:\/\/www.facebook.com\/wirmachenauf\",\"https:\/\/x.com\/WirMachenAuf_de\"]},{\"@type\":\"Person\",\"@id\":\"https:\/\/now-news.de\/de\/#\/schema\/person\/fb534a4e865501d8b3285208df34a9b5\",\"name\":\"rtnews\",\"image\":{\"@type\":\"ImageObject\",\"inLanguage\":\"de\",\"@id\":\"https:\/\/now-news.de\/de\/#\/schema\/person\/image\/\",\"url\":\"https:\/\/secure.gravatar.com\/avatar\/82aafea7d8127119dd649515f56e2117?s=96&d=mm&r=g\",\"contentUrl\":\"https:\/\/secure.gravatar.com\/avatar\/82aafea7d8127119dd649515f56e2117?s=96&d=mm&r=g\",\"caption\":\"rtnews\"},\"url\":\"https:\/\/now-news.de\/de\/author\/rnews\/\"}]}<\/script>\n<!-- \/ Yoast SEO Premium plugin. -->","yoast_head_json":{"title":"Medien: Angeh\u00f6rige vermisster Soldaten protestieren auf dem Maidan - just-now.NEWS Deutschland","robots":{"index":"index","follow":"follow","max-snippet":"max-snippet:-1","max-image-preview":"max-image-preview:large","max-video-preview":"max-video-preview:-1"},"canonical":"https:\/\/now-news.de\/de\/deutschland\/medien-angehoerige-vermisster-soldaten-protestieren-auf-dem-maidan\/","og_locale":"de_DE","og_type":"article","og_title":"Medien: Angeh\u00f6rige vermisster Soldaten protestieren auf dem Maidan","og_description":"Auf dem Maidan in Kiew demonstrieren Angeh\u00f6rige vermisster Soldaten. Sie fordern die Suche zu intensivieren, Transparenz \u00fcber das Schicksal der Vermissten und deren Gleichstellung mit Gefallenen. Zudem sollen verantwortliche Kommandeure f\u00fcr hohe Verluste zur Rechenschaft gezogen werden. In der ukrainischen Hauptstadt Kiew sind Angeh\u00f6rige vermisster Soldaten der Streitkr\u00e4fte erneut auf die Stra\u00dfe gegangen. Die Kundgebung [&hellip;]","og_url":"https:\/\/now-news.de\/de\/deutschland\/medien-angehoerige-vermisster-soldaten-protestieren-auf-dem-maidan\/","og_site_name":"just-now.NEWS Deutschland","article_publisher":"https:\/\/www.facebook.com\/wirmachenauf","article_published_time":"2026-04-06T18:51:36+00:00","og_image":[{"url":"https:\/\/now-news.de\/de\/wp-content\/uploads\/sites\/3\/2026\/04\/69d3e4f1b480cc395617b045.jpg"}],"author":"rtnews","twitter_card":"summary_large_image","twitter_creator":"@WirMachenAuf_de","twitter_site":"@WirMachenAuf_de","twitter_misc":{"Verfasst von":"rtnews","Gesch\u00e4tzte Lesezeit":"2\u00a0Minuten"},"schema":{"@context":"https:\/\/schema.org","@graph":[{"@type":"Article","@id":"https:\/\/now-news.de\/de\/deutschland\/medien-angehoerige-vermisster-soldaten-protestieren-auf-dem-maidan\/#article","isPartOf":{"@id":"https:\/\/now-news.de\/de\/deutschland\/medien-angehoerige-vermisster-soldaten-protestieren-auf-dem-maidan\/"},"author":{"name":"rtnews","@id":"https:\/\/now-news.de\/de\/#\/schema\/person\/fb534a4e865501d8b3285208df34a9b5"},"headline":"Medien: Angeh\u00f6rige vermisster Soldaten protestieren auf dem Maidan","datePublished":"2026-04-06T18:51:36+00:00","dateModified":"2026-04-06T18:51:36+00:00","mainEntityOfPage":{"@id":"https:\/\/now-news.de\/de\/deutschland\/medien-angehoerige-vermisster-soldaten-protestieren-auf-dem-maidan\/"},"wordCount":409,"commentCount":0,"publisher":{"@id":"https:\/\/now-news.de\/de\/#organization"},"image":{"@id":"https:\/\/now-news.de\/de\/deutschland\/medien-angehoerige-vermisster-soldaten-protestieren-auf-dem-maidan\/#primaryimage"},"thumbnailUrl":"https:\/\/now-news.de\/de\/wp-content\/uploads\/sites\/3\/2026\/04\/Medien-Angehoerige-vermisster-Soldaten-protestieren-auf-dem-Maidan.jpg","keywords":["Angeh\u00f6rige","AUF","DEM","Maidan","Medien","protestieren","Soldaten","vermisster"],"articleSection":["Deutschland","Russland"],"inLanguage":"de","potentialAction":[{"@type":"CommentAction","name":"Comment","target":["https:\/\/now-news.de\/de\/deutschland\/medien-angehoerige-vermisster-soldaten-protestieren-auf-dem-maidan\/#respond"]}]},{"@type":"WebPage","@id":"https:\/\/now-news.de\/de\/deutschland\/medien-angehoerige-vermisster-soldaten-protestieren-auf-dem-maidan\/","url":"https:\/\/now-news.de\/de\/deutschland\/medien-angehoerige-vermisster-soldaten-protestieren-auf-dem-maidan\/","name":"Medien: Angeh\u00f6rige vermisster Soldaten protestieren auf dem Maidan - just-now.NEWS Deutschland","isPartOf":{"@id":"https:\/\/now-news.de\/de\/#website"},"primaryImageOfPage":{"@id":"https:\/\/now-news.de\/de\/deutschland\/medien-angehoerige-vermisster-soldaten-protestieren-auf-dem-maidan\/#primaryimage"},"image":{"@id":"https:\/\/now-news.de\/de\/deutschland\/medien-angehoerige-vermisster-soldaten-protestieren-auf-dem-maidan\/#primaryimage"},"thumbnailUrl":"https:\/\/now-news.de\/de\/wp-content\/uploads\/sites\/3\/2026\/04\/Medien-Angehoerige-vermisster-Soldaten-protestieren-auf-dem-Maidan.jpg","datePublished":"2026-04-06T18:51:36+00:00","dateModified":"2026-04-06T18:51:36+00:00","breadcrumb":{"@id":"https:\/\/now-news.de\/de\/deutschland\/medien-angehoerige-vermisster-soldaten-protestieren-auf-dem-maidan\/#breadcrumb"},"inLanguage":"de","potentialAction":[{"@type":"ReadAction","target":["https:\/\/now-news.de\/de\/deutschland\/medien-angehoerige-vermisster-soldaten-protestieren-auf-dem-maidan\/"]}]},{"@type":"ImageObject","inLanguage":"de","@id":"https:\/\/now-news.de\/de\/deutschland\/medien-angehoerige-vermisster-soldaten-protestieren-auf-dem-maidan\/#primaryimage","url":"https:\/\/now-news.de\/de\/wp-content\/uploads\/sites\/3\/2026\/04\/Medien-Angehoerige-vermisster-Soldaten-protestieren-auf-dem-Maidan.jpg","contentUrl":"https:\/\/now-news.de\/de\/wp-content\/uploads\/sites\/3\/2026\/04\/Medien-Angehoerige-vermisster-Soldaten-protestieren-auf-dem-Maidan.jpg","width":460,"height":259,"caption":"Medien: Angeh\u00f6rige vermisster Soldaten protestieren auf dem Maidan"},{"@type":"BreadcrumbList","@id":"https:\/\/now-news.de\/de\/deutschland\/medien-angehoerige-vermisster-soldaten-protestieren-auf-dem-maidan\/#breadcrumb","itemListElement":[{"@type":"ListItem","position":1,"name":"Home","item":"https:\/\/now-news.de\/de\/"},{"@type":"ListItem","position":2,"name":"Medien: Angeh\u00f6rige vermisster Soldaten protestieren auf dem Maidan"}]},{"@type":"WebSite","@id":"https:\/\/now-news.de\/de\/#website","url":"https:\/\/now-news.de\/de\/","name":"just-now.NEWS Deutschland","description":"Das Portal f\u00fcr unzensierte Nachrichten aus der Welt","publisher":{"@id":"https:\/\/now-news.de\/de\/#organization"},"potentialAction":[{"@type":"SearchAction","target":{"@type":"EntryPoint","urlTemplate":"https:\/\/now-news.de\/de\/?s={search_term_string}"},"query-input":"required name=search_term_string"}],"inLanguage":"de"},{"@type":"Organization","@id":"https:\/\/now-news.de\/de\/#organization","name":"Just Now News","url":"https:\/\/now-news.de\/de\/","logo":{"@type":"ImageObject","inLanguage":"de","@id":"https:\/\/now-news.de\/de\/#\/schema\/logo\/image\/","url":"http:\/\/just-now.news\/de\/wp-content\/uploads\/sites\/3\/2022\/04\/logo500x500.jpg","contentUrl":"http:\/\/just-now.news\/de\/wp-content\/uploads\/sites\/3\/2022\/04\/logo500x500.jpg","width":500,"height":500,"caption":"Just Now News"},"image":{"@id":"https:\/\/now-news.de\/de\/#\/schema\/logo\/image\/"},"sameAs":["https:\/\/www.facebook.com\/wirmachenauf","https:\/\/x.com\/WirMachenAuf_de"]},{"@type":"Person","@id":"https:\/\/now-news.de\/de\/#\/schema\/person\/fb534a4e865501d8b3285208df34a9b5","name":"rtnews","image":{"@type":"ImageObject","inLanguage":"de","@id":"https:\/\/now-news.de\/de\/#\/schema\/person\/image\/","url":"https:\/\/secure.gravatar.com\/avatar\/82aafea7d8127119dd649515f56e2117?s=96&d=mm&r=g","contentUrl":"https:\/\/secure.gravatar.com\/avatar\/82aafea7d8127119dd649515f56e2117?s=96&d=mm&r=g","caption":"rtnews"},"url":"https:\/\/now-news.de\/de\/author\/rnews\/"}]}},"_links":{"self":[{"href":"https:\/\/now-news.de\/de\/wp-json\/wp\/v2\/posts\/101365"}],"collection":[{"href":"https:\/\/now-news.de\/de\/wp-json\/wp\/v2\/posts"}],"about":[{"href":"https:\/\/now-news.de\/de\/wp-json\/wp\/v2\/types\/post"}],"author":[{"embeddable":true,"href":"https:\/\/now-news.de\/de\/wp-json\/wp\/v2\/users\/3"}],"replies":[{"embeddable":true,"href":"https:\/\/now-news.de\/de\/wp-json\/wp\/v2\/comments?post=101365"}],"version-history":[{"count":0,"href":"https:\/\/now-news.de\/de\/wp-json\/wp\/v2\/posts\/101365\/revisions"}],"wp:featuredmedia":[{"embeddable":true,"href":"https:\/\/now-news.de\/de\/wp-json\/wp\/v2\/media\/101366"}],"wp:attachment":[{"href":"https:\/\/now-news.de\/de\/wp-json\/wp\/v2\/media?parent=101365"}],"wp:term":[{"taxonomy":"category","embeddable":true,"href":"https:\/\/now-news.de\/de\/wp-json\/wp\/v2\/categories?post=101365"},{"taxonomy":"post_tag","embeddable":true,"href":"https:\/\/now-news.de\/de\/wp-json\/wp\/v2\/tags?post=101365"}],"curies":[{"name":"wp","href":"https:\/\/api.w.org\/{rel}","templated":true}]}}