{"id":101271,"date":"2026-04-04T14:47:46","date_gmt":"2026-04-04T12:47:46","guid":{"rendered":"https:\/\/now-news.de\/de\/deutschland\/warum-feuerte-hegseth-mitten-im-krieg-top-generaele\/"},"modified":"2026-04-04T14:47:46","modified_gmt":"2026-04-04T12:47:46","slug":"warum-feuerte-hegseth-mitten-im-krieg-top-generaele","status":"publish","type":"post","link":"https:\/\/now-news.de\/de\/deutschland\/warum-feuerte-hegseth-mitten-im-krieg-top-generaele\/","title":{"rendered":"Warum feuerte Hegseth mitten im Krieg Top-Gener\u00e4le?"},"content":{"rendered":"<p><img decoding=\"async\" src=\"https:\/\/now-news.de\/de\/wp-content\/uploads\/sites\/3\/2026\/04\/69d0ff6db480cc362f6000c6.jpg\" \/><\/p>\n<div class=\"Text-root Text-type_1 \">\n                Die drei in dieser Woche gefeuerten hochrangigen Gener\u00e4le der US-Army waren in Positionen, aus denen die mangelhafte Vorbereitung auf eine Bodenoffensive im Iran am deutlichsten wird. Auch wenn die internen Debatten im Pentagon so schnell nicht \u00f6ffentlich werden, l\u00e4sst die Entlassung Arges vermuten.\n            <\/div>\n<p><\/p>\n<div class=\"Text-root Text-type_5 ArticleView-text ViewText-root \">\n<p><em>Von Ilja Kramnik<\/em><\/p>\n<p>Die <a rel=\"nofollow\" target=\"_blank\" href=\"https:\/\/freedert.online\/nordamerika\/275866-us-kriegsminister-hegseth-entlaesst-generalstabschef\/\" target=\"_blank\" rel=\"noopener noreferrer\">Entlassung<\/a> des Stabschefs der US-Armee, Randy George, sowie zweier weiterer hochrangiger Funktion\u00e4re des US-Kriegsministeriums \u2013 des Leiters des Kommandos f\u00fcr Transformation und Ausbildung der US-Armee, General David Hodne, und des Leiters des Korps der Armeeseelsorger, Generalmajor William Green \u2013 steht nat\u00fcrlich in direktem Zusammenhang mit dem Krieg der USA und Israels gegen Iran. Genauer gesagt mit der Vorbereitung einer Bodenoffensive, die Donald Trump einerseits braucht, um den Schiffsverkehr durch die Stra\u00dfe von Hormus und die Lieferungen von iranischem \u00d6l unter seine Kontrolle zu bringen, die andererseits aber sowohl f\u00fcr ihn als auch f\u00fcr die USA insgesamt \u00e4u\u00dferst riskant ist.<\/p>\n<p>Diese Bodenoffensive muss vorbereitet werden, und hier entsteht sofort ein Konfliktfeld zwischen der US-Armee und der politischen F\u00fchrung, das umso gravierender ist, je weniger die Armee auf den Einsatz vorbereitet ist.<\/p>\n<p>Die Armee war so gut wie \u00fcberhaupt nicht an den Vorbereitungen f\u00fcr den Krieg beteiligt, der am 28. Februar 2026 begann. Die Hauptrolle spielten die Marine und die Luftwaffe. Doch sobald klar wurde, dass Raketen- und Bombenangriffe weder f\u00fcr einen Regimewechsel in Iran noch f\u00fcr die Beendigung der iranischen Angriffe auf die \u00d6linfrastruktur am Persischen Golf ausreichten, begann man, \u00fcber &#8220;Bodentruppen&#8221; zu diskutieren. Um es offen zu sagen: Das ist sp\u00e4t \u2013 die Vorbereitung einer solchen Operation dauert gew\u00f6hnlich viele Monate. So begannen die tats\u00e4chlichen Vorbereitungen f\u00fcr die Invasion im Irak im M\u00e4rz 2003 bereits im November 2002. Auch die Bodenphase des Golfkriegs von 1991 wurde lange vor ihrem Beginn vorbereitet \u2013 die Truppenverlegung startete im August 1990.<\/p>\n<p>Im Fall des aktuellen Krieges gab es keine Anzeichen f\u00fcr eine solche Verlegung, und zum Zeitpunkt des Kriegsbeginns am 28. Februar wurde die Frage nach der Aufstellung eines Landkontingents offenbar nicht ernsthaft in Betracht gezogen. Jetzt findet die Verlegung doch statt, aber Trump ist nicht bereit, seinem Milit\u00e4r ein halbes Jahr Zeit f\u00fcr die Vorbereitung zu geben: Er selbst steht angesichts der im November anstehenden Wahlen unter Zeitdruck. Das l\u00e4sst viele Experten vermuten, dass die Bodenoperation vor Mitte April, sp\u00e4testens jedoch Anfang Mai, mit der Landung eines Kontingents der Marineinfanterie und der 82. Luftlandedivision beginnen wird, die sp\u00e4ter Verst\u00e4rkung erhalten k\u00f6nnten.<\/p>\n<p>Angesichts der Tatsache, dass die NATO-Verb\u00fcndeten der USA sich weigern, an diesem Abenteuer teilzunehmen, muss die US-Armee die gesamte Kampfbelastung zu 100 Prozent \u00fcbernehmen (mit etwas Hilfe von der Marineinfanterie). Dies musste zwangsl\u00e4ufig Widerstand innerhalb der Armee hervorrufen: Derzeit sind die amerikanischen Landstreitkr\u00e4fte nicht bereit f\u00fcr einen gro\u00dfangelegten Krieg gegen ein gro\u00dfes Land mit einer zahlenm\u00e4\u00dfig starken Armee. Die mangelhafte Vorbereitung betrifft viele Aspekte, angefangen bei der Anzahl der Reservisten und der Best\u00fcckung der Arsenale bis hin zum Mangel an F\u00e4higkeiten, unter den Bedingungen eines wahrscheinlichen massiven Einsatzes von Drohnen durch den Gegner zu agieren.<\/p>\n<p>Alle Details der Diskussionen innerhalb des Pentagons zu diesem Thema werden wohl kaum bald \u00f6ffentlich werden, aber auf jeden Fall scheinen der Stabschef der Armee, der Leiter der Abteilung f\u00fcr Transformation und Ausbildung sowie der Leiter der Milit\u00e4rseelsorger eine Gruppe von Offizieren zu bilden, die der obersten F\u00fchrung der Streitkr\u00e4fte tats\u00e4chlich etwas entgegenzusetzen hatten, als diese forderte, &#8220;die Invasion Irans unverz\u00fcglich vorzubereiten&#8221;. Der erste hat den \u00dcberblick \u00fcber die Gesamtsituation, der zweite kennt den Bereitschaftsgrad der Truppen, aktuellen Bedrohungen zu begegnen, und der dritte \u2013 deren politisch-moralischen Zustand. In allen drei Punkten gibt es f\u00fcr die Amerikaner Grund zum Nachdenken.<\/p>\n<p><em>\u00dcbersetzt aus dem <a rel=\"nofollow\" target=\"_blank\" href=\"https:\/\/t.me\/special_authors\/9016\" target=\"_blank\" rel=\"noopener noreferrer\">Russischen<\/a>. Der Artikel wurde f\u00fcr den Telegram-Kanal &#8220;Exklusiv f\u00fcr RT&#8221; verfasst.<\/em><\/p>\n<p><em><strong>Ilja Kramnik<\/strong>\u00a0ist wissenschaftlicher Mitarbeiter am Zentrum f\u00fcr strategische Planung der Russischen Akademie der Wissenschaften, Autor des Kanals @kramnikcat.<\/em><\/p>\n<p><strong>Mehr zum Thema<\/strong> \u2013 <a rel=\"nofollow\" target=\"_blank\" href=\"https:\/\/freedert.online\/nordamerika\/275866-us-kriegsminister-hegseth-entlaesst-generalstabschef\/\" target=\"_blank\" rel=\"noopener noreferrer\">US-Kriegsminister Hegseth entl\u00e4sst Generalstabschef der Armee und feuert zwei weitere Gener\u00e4le<\/a><\/p>\n<div class=\"EmbedBlock-root EmbedBlock-externalVideo EmbedBlock-rumble\">\n<div class=\"VkEmbed\"><iframe class=\"lazyload\" data-src=\"https:\/\/rumble.com\/embed\/v75oyi6\" frameborder=\"0\" width=\"853\" height=\"480\" allowfullscreen><\/iframe><\/div>\n<\/div>\n<\/div>\n<p><br \/>\n<br \/><a href=\"https:\/\/de.rt.com\/der-nahe-osten\/276004-warum-feuerte-hegseth-mitten-im\/\">Source link <\/a><\/p>\n","protected":false},"excerpt":{"rendered":"<p>Die drei in dieser Woche gefeuerten hochrangigen Gener\u00e4le der US-Army waren in Positionen, aus denen die mangelhafte Vorbereitung auf eine Bodenoffensive im Iran am deutlichsten wird. Auch wenn die internen Debatten im Pentagon so schnell nicht \u00f6ffentlich werden, l\u00e4sst die Entlassung Arges vermuten. Von Ilja Kramnik Die Entlassung des Stabschefs der US-Armee, Randy George, sowie [&hellip;]<\/p>\n","protected":false},"author":3,"featured_media":101272,"comment_status":"open","ping_status":"open","sticky":false,"template":"","format":"standard","meta":{"_yoast_indexnow_last_ping":["1775318021"],"wp_automatic_camp":["217"],"c41dc68d981c188ba6ee7a2a323e85be":["Warum feuerte Hegseth mitten im Krieg Top-Gener\u00e4le?"],"original_link":["https:\/\/de.rt.com\/der-nahe-osten\/276004-warum-feuerte-hegseth-mitten-im\/"],"_thumbnail_id":["101272"],"jnews_social_counter_last_update":["1777604958"],"_wptgpro_p2tg_sent2tg":["a:1:{i:23737;s:19:\"2026-04-04 17:54:40\";}"]},"categories":[19,23],"tags":[29435,62736,130,5387,72179,1289],"yoast_head":"<!-- This site is optimized with the Yoast SEO Premium plugin v22.7 (Yoast SEO v22.7) - https:\/\/yoast.com\/wordpress\/plugins\/seo\/ -->\n<title>Warum feuerte Hegseth mitten im Krieg Top-Gener\u00e4le? - just-now.NEWS Deutschland<\/title>\n<meta name=\"robots\" content=\"index, follow, max-snippet:-1, max-image-preview:large, max-video-preview:-1\" \/>\n<link rel=\"canonical\" href=\"https:\/\/now-news.de\/de\/deutschland\/warum-feuerte-hegseth-mitten-im-krieg-top-generaele\/\" \/>\n<meta property=\"og:locale\" content=\"de_DE\" \/>\n<meta property=\"og:type\" content=\"article\" \/>\n<meta property=\"og:title\" content=\"Warum feuerte Hegseth mitten im Krieg Top-Gener\u00e4le?\" \/>\n<meta property=\"og:description\" content=\"Die drei in dieser Woche gefeuerten hochrangigen Gener\u00e4le der US-Army waren in Positionen, aus denen die mangelhafte Vorbereitung auf eine Bodenoffensive im Iran am deutlichsten wird. Auch wenn die internen Debatten im Pentagon so schnell nicht \u00f6ffentlich werden, l\u00e4sst die Entlassung Arges vermuten. Von Ilja Kramnik Die Entlassung des Stabschefs der US-Armee, Randy George, sowie [&hellip;]\" \/>\n<meta property=\"og:url\" content=\"https:\/\/now-news.de\/de\/deutschland\/warum-feuerte-hegseth-mitten-im-krieg-top-generaele\/\" \/>\n<meta property=\"og:site_name\" content=\"just-now.NEWS Deutschland\" \/>\n<meta property=\"article:publisher\" content=\"https:\/\/www.facebook.com\/wirmachenauf\" \/>\n<meta property=\"article:published_time\" content=\"2026-04-04T12:47:46+00:00\" \/>\n<meta property=\"og:image\" content=\"https:\/\/now-news.de\/de\/wp-content\/uploads\/sites\/3\/2026\/04\/69d0ff6db480cc362f6000c6.jpg\" \/>\n<meta name=\"author\" content=\"rtnews\" \/>\n<meta name=\"twitter:card\" content=\"summary_large_image\" \/>\n<meta name=\"twitter:creator\" content=\"@WirMachenAuf_de\" \/>\n<meta name=\"twitter:site\" content=\"@WirMachenAuf_de\" \/>\n<meta name=\"twitter:label1\" content=\"Verfasst von\" \/>\n\t<meta name=\"twitter:data1\" content=\"rtnews\" \/>\n\t<meta name=\"twitter:label2\" content=\"Gesch\u00e4tzte Lesezeit\" \/>\n\t<meta name=\"twitter:data2\" content=\"3\u00a0Minuten\" \/>\n<script type=\"application\/ld+json\" class=\"yoast-schema-graph\">{\"@context\":\"https:\/\/schema.org\",\"@graph\":[{\"@type\":\"Article\",\"@id\":\"https:\/\/now-news.de\/de\/deutschland\/warum-feuerte-hegseth-mitten-im-krieg-top-generaele\/#article\",\"isPartOf\":{\"@id\":\"https:\/\/now-news.de\/de\/deutschland\/warum-feuerte-hegseth-mitten-im-krieg-top-generaele\/\"},\"author\":{\"name\":\"rtnews\",\"@id\":\"https:\/\/now-news.de\/de\/#\/schema\/person\/fb534a4e865501d8b3285208df34a9b5\"},\"headline\":\"Warum feuerte Hegseth mitten im Krieg Top-Gener\u00e4le?\",\"datePublished\":\"2026-04-04T12:47:46+00:00\",\"dateModified\":\"2026-04-04T12:47:46+00:00\",\"mainEntityOfPage\":{\"@id\":\"https:\/\/now-news.de\/de\/deutschland\/warum-feuerte-hegseth-mitten-im-krieg-top-generaele\/\"},\"wordCount\":682,\"commentCount\":0,\"publisher\":{\"@id\":\"https:\/\/now-news.de\/de\/#organization\"},\"image\":{\"@id\":\"https:\/\/now-news.de\/de\/deutschland\/warum-feuerte-hegseth-mitten-im-krieg-top-generaele\/#primaryimage\"},\"thumbnailUrl\":\"https:\/\/now-news.de\/de\/wp-content\/uploads\/sites\/3\/2026\/04\/Warum-feuerte-Hegseth-mitten-im-Krieg-Top-Generaele.jpg\",\"keywords\":[\"feuerte\",\"Hegseth\",\"krieg\",\"mitten\",\"TopGener\u00e4le\",\"Warum\"],\"articleSection\":[\"Deutschland\",\"Russland\"],\"inLanguage\":\"de\",\"potentialAction\":[{\"@type\":\"CommentAction\",\"name\":\"Comment\",\"target\":[\"https:\/\/now-news.de\/de\/deutschland\/warum-feuerte-hegseth-mitten-im-krieg-top-generaele\/#respond\"]}]},{\"@type\":\"WebPage\",\"@id\":\"https:\/\/now-news.de\/de\/deutschland\/warum-feuerte-hegseth-mitten-im-krieg-top-generaele\/\",\"url\":\"https:\/\/now-news.de\/de\/deutschland\/warum-feuerte-hegseth-mitten-im-krieg-top-generaele\/\",\"name\":\"Warum feuerte Hegseth mitten im Krieg Top-Gener\u00e4le? - just-now.NEWS Deutschland\",\"isPartOf\":{\"@id\":\"https:\/\/now-news.de\/de\/#website\"},\"primaryImageOfPage\":{\"@id\":\"https:\/\/now-news.de\/de\/deutschland\/warum-feuerte-hegseth-mitten-im-krieg-top-generaele\/#primaryimage\"},\"image\":{\"@id\":\"https:\/\/now-news.de\/de\/deutschland\/warum-feuerte-hegseth-mitten-im-krieg-top-generaele\/#primaryimage\"},\"thumbnailUrl\":\"https:\/\/now-news.de\/de\/wp-content\/uploads\/sites\/3\/2026\/04\/Warum-feuerte-Hegseth-mitten-im-Krieg-Top-Generaele.jpg\",\"datePublished\":\"2026-04-04T12:47:46+00:00\",\"dateModified\":\"2026-04-04T12:47:46+00:00\",\"breadcrumb\":{\"@id\":\"https:\/\/now-news.de\/de\/deutschland\/warum-feuerte-hegseth-mitten-im-krieg-top-generaele\/#breadcrumb\"},\"inLanguage\":\"de\",\"potentialAction\":[{\"@type\":\"ReadAction\",\"target\":[\"https:\/\/now-news.de\/de\/deutschland\/warum-feuerte-hegseth-mitten-im-krieg-top-generaele\/\"]}]},{\"@type\":\"ImageObject\",\"inLanguage\":\"de\",\"@id\":\"https:\/\/now-news.de\/de\/deutschland\/warum-feuerte-hegseth-mitten-im-krieg-top-generaele\/#primaryimage\",\"url\":\"https:\/\/now-news.de\/de\/wp-content\/uploads\/sites\/3\/2026\/04\/Warum-feuerte-Hegseth-mitten-im-Krieg-Top-Generaele.jpg\",\"contentUrl\":\"https:\/\/now-news.de\/de\/wp-content\/uploads\/sites\/3\/2026\/04\/Warum-feuerte-Hegseth-mitten-im-Krieg-Top-Generaele.jpg\",\"width\":460,\"height\":259,\"caption\":\"Warum feuerte Hegseth mitten im Krieg Top-Gener\u00e4le?\"},{\"@type\":\"BreadcrumbList\",\"@id\":\"https:\/\/now-news.de\/de\/deutschland\/warum-feuerte-hegseth-mitten-im-krieg-top-generaele\/#breadcrumb\",\"itemListElement\":[{\"@type\":\"ListItem\",\"position\":1,\"name\":\"Home\",\"item\":\"https:\/\/now-news.de\/de\/\"},{\"@type\":\"ListItem\",\"position\":2,\"name\":\"Warum feuerte Hegseth mitten im Krieg Top-Gener\u00e4le?\"}]},{\"@type\":\"WebSite\",\"@id\":\"https:\/\/now-news.de\/de\/#website\",\"url\":\"https:\/\/now-news.de\/de\/\",\"name\":\"just-now.NEWS Deutschland\",\"description\":\"Das Portal f\u00fcr unzensierte Nachrichten aus der Welt\",\"publisher\":{\"@id\":\"https:\/\/now-news.de\/de\/#organization\"},\"potentialAction\":[{\"@type\":\"SearchAction\",\"target\":{\"@type\":\"EntryPoint\",\"urlTemplate\":\"https:\/\/now-news.de\/de\/?s={search_term_string}\"},\"query-input\":\"required name=search_term_string\"}],\"inLanguage\":\"de\"},{\"@type\":\"Organization\",\"@id\":\"https:\/\/now-news.de\/de\/#organization\",\"name\":\"Just Now News\",\"url\":\"https:\/\/now-news.de\/de\/\",\"logo\":{\"@type\":\"ImageObject\",\"inLanguage\":\"de\",\"@id\":\"https:\/\/now-news.de\/de\/#\/schema\/logo\/image\/\",\"url\":\"http:\/\/just-now.news\/de\/wp-content\/uploads\/sites\/3\/2022\/04\/logo500x500.jpg\",\"contentUrl\":\"http:\/\/just-now.news\/de\/wp-content\/uploads\/sites\/3\/2022\/04\/logo500x500.jpg\",\"width\":500,\"height\":500,\"caption\":\"Just Now News\"},\"image\":{\"@id\":\"https:\/\/now-news.de\/de\/#\/schema\/logo\/image\/\"},\"sameAs\":[\"https:\/\/www.facebook.com\/wirmachenauf\",\"https:\/\/x.com\/WirMachenAuf_de\"]},{\"@type\":\"Person\",\"@id\":\"https:\/\/now-news.de\/de\/#\/schema\/person\/fb534a4e865501d8b3285208df34a9b5\",\"name\":\"rtnews\",\"image\":{\"@type\":\"ImageObject\",\"inLanguage\":\"de\",\"@id\":\"https:\/\/now-news.de\/de\/#\/schema\/person\/image\/\",\"url\":\"https:\/\/secure.gravatar.com\/avatar\/82aafea7d8127119dd649515f56e2117?s=96&d=mm&r=g\",\"contentUrl\":\"https:\/\/secure.gravatar.com\/avatar\/82aafea7d8127119dd649515f56e2117?s=96&d=mm&r=g\",\"caption\":\"rtnews\"},\"url\":\"https:\/\/now-news.de\/de\/author\/rnews\/\"}]}<\/script>\n<!-- \/ Yoast SEO Premium plugin. -->","yoast_head_json":{"title":"Warum feuerte Hegseth mitten im Krieg Top-Gener\u00e4le? - just-now.NEWS Deutschland","robots":{"index":"index","follow":"follow","max-snippet":"max-snippet:-1","max-image-preview":"max-image-preview:large","max-video-preview":"max-video-preview:-1"},"canonical":"https:\/\/now-news.de\/de\/deutschland\/warum-feuerte-hegseth-mitten-im-krieg-top-generaele\/","og_locale":"de_DE","og_type":"article","og_title":"Warum feuerte Hegseth mitten im Krieg Top-Gener\u00e4le?","og_description":"Die drei in dieser Woche gefeuerten hochrangigen Gener\u00e4le der US-Army waren in Positionen, aus denen die mangelhafte Vorbereitung auf eine Bodenoffensive im Iran am deutlichsten wird. Auch wenn die internen Debatten im Pentagon so schnell nicht \u00f6ffentlich werden, l\u00e4sst die Entlassung Arges vermuten. Von Ilja Kramnik Die Entlassung des Stabschefs der US-Armee, Randy George, sowie [&hellip;]","og_url":"https:\/\/now-news.de\/de\/deutschland\/warum-feuerte-hegseth-mitten-im-krieg-top-generaele\/","og_site_name":"just-now.NEWS Deutschland","article_publisher":"https:\/\/www.facebook.com\/wirmachenauf","article_published_time":"2026-04-04T12:47:46+00:00","og_image":[{"url":"https:\/\/now-news.de\/de\/wp-content\/uploads\/sites\/3\/2026\/04\/69d0ff6db480cc362f6000c6.jpg"}],"author":"rtnews","twitter_card":"summary_large_image","twitter_creator":"@WirMachenAuf_de","twitter_site":"@WirMachenAuf_de","twitter_misc":{"Verfasst von":"rtnews","Gesch\u00e4tzte Lesezeit":"3\u00a0Minuten"},"schema":{"@context":"https:\/\/schema.org","@graph":[{"@type":"Article","@id":"https:\/\/now-news.de\/de\/deutschland\/warum-feuerte-hegseth-mitten-im-krieg-top-generaele\/#article","isPartOf":{"@id":"https:\/\/now-news.de\/de\/deutschland\/warum-feuerte-hegseth-mitten-im-krieg-top-generaele\/"},"author":{"name":"rtnews","@id":"https:\/\/now-news.de\/de\/#\/schema\/person\/fb534a4e865501d8b3285208df34a9b5"},"headline":"Warum feuerte Hegseth mitten im Krieg Top-Gener\u00e4le?","datePublished":"2026-04-04T12:47:46+00:00","dateModified":"2026-04-04T12:47:46+00:00","mainEntityOfPage":{"@id":"https:\/\/now-news.de\/de\/deutschland\/warum-feuerte-hegseth-mitten-im-krieg-top-generaele\/"},"wordCount":682,"commentCount":0,"publisher":{"@id":"https:\/\/now-news.de\/de\/#organization"},"image":{"@id":"https:\/\/now-news.de\/de\/deutschland\/warum-feuerte-hegseth-mitten-im-krieg-top-generaele\/#primaryimage"},"thumbnailUrl":"https:\/\/now-news.de\/de\/wp-content\/uploads\/sites\/3\/2026\/04\/Warum-feuerte-Hegseth-mitten-im-Krieg-Top-Generaele.jpg","keywords":["feuerte","Hegseth","krieg","mitten","TopGener\u00e4le","Warum"],"articleSection":["Deutschland","Russland"],"inLanguage":"de","potentialAction":[{"@type":"CommentAction","name":"Comment","target":["https:\/\/now-news.de\/de\/deutschland\/warum-feuerte-hegseth-mitten-im-krieg-top-generaele\/#respond"]}]},{"@type":"WebPage","@id":"https:\/\/now-news.de\/de\/deutschland\/warum-feuerte-hegseth-mitten-im-krieg-top-generaele\/","url":"https:\/\/now-news.de\/de\/deutschland\/warum-feuerte-hegseth-mitten-im-krieg-top-generaele\/","name":"Warum feuerte Hegseth mitten im Krieg Top-Gener\u00e4le? - just-now.NEWS Deutschland","isPartOf":{"@id":"https:\/\/now-news.de\/de\/#website"},"primaryImageOfPage":{"@id":"https:\/\/now-news.de\/de\/deutschland\/warum-feuerte-hegseth-mitten-im-krieg-top-generaele\/#primaryimage"},"image":{"@id":"https:\/\/now-news.de\/de\/deutschland\/warum-feuerte-hegseth-mitten-im-krieg-top-generaele\/#primaryimage"},"thumbnailUrl":"https:\/\/now-news.de\/de\/wp-content\/uploads\/sites\/3\/2026\/04\/Warum-feuerte-Hegseth-mitten-im-Krieg-Top-Generaele.jpg","datePublished":"2026-04-04T12:47:46+00:00","dateModified":"2026-04-04T12:47:46+00:00","breadcrumb":{"@id":"https:\/\/now-news.de\/de\/deutschland\/warum-feuerte-hegseth-mitten-im-krieg-top-generaele\/#breadcrumb"},"inLanguage":"de","potentialAction":[{"@type":"ReadAction","target":["https:\/\/now-news.de\/de\/deutschland\/warum-feuerte-hegseth-mitten-im-krieg-top-generaele\/"]}]},{"@type":"ImageObject","inLanguage":"de","@id":"https:\/\/now-news.de\/de\/deutschland\/warum-feuerte-hegseth-mitten-im-krieg-top-generaele\/#primaryimage","url":"https:\/\/now-news.de\/de\/wp-content\/uploads\/sites\/3\/2026\/04\/Warum-feuerte-Hegseth-mitten-im-Krieg-Top-Generaele.jpg","contentUrl":"https:\/\/now-news.de\/de\/wp-content\/uploads\/sites\/3\/2026\/04\/Warum-feuerte-Hegseth-mitten-im-Krieg-Top-Generaele.jpg","width":460,"height":259,"caption":"Warum feuerte Hegseth mitten im Krieg Top-Gener\u00e4le?"},{"@type":"BreadcrumbList","@id":"https:\/\/now-news.de\/de\/deutschland\/warum-feuerte-hegseth-mitten-im-krieg-top-generaele\/#breadcrumb","itemListElement":[{"@type":"ListItem","position":1,"name":"Home","item":"https:\/\/now-news.de\/de\/"},{"@type":"ListItem","position":2,"name":"Warum feuerte Hegseth mitten im Krieg Top-Gener\u00e4le?"}]},{"@type":"WebSite","@id":"https:\/\/now-news.de\/de\/#website","url":"https:\/\/now-news.de\/de\/","name":"just-now.NEWS Deutschland","description":"Das Portal f\u00fcr unzensierte Nachrichten aus der Welt","publisher":{"@id":"https:\/\/now-news.de\/de\/#organization"},"potentialAction":[{"@type":"SearchAction","target":{"@type":"EntryPoint","urlTemplate":"https:\/\/now-news.de\/de\/?s={search_term_string}"},"query-input":"required name=search_term_string"}],"inLanguage":"de"},{"@type":"Organization","@id":"https:\/\/now-news.de\/de\/#organization","name":"Just Now News","url":"https:\/\/now-news.de\/de\/","logo":{"@type":"ImageObject","inLanguage":"de","@id":"https:\/\/now-news.de\/de\/#\/schema\/logo\/image\/","url":"http:\/\/just-now.news\/de\/wp-content\/uploads\/sites\/3\/2022\/04\/logo500x500.jpg","contentUrl":"http:\/\/just-now.news\/de\/wp-content\/uploads\/sites\/3\/2022\/04\/logo500x500.jpg","width":500,"height":500,"caption":"Just Now News"},"image":{"@id":"https:\/\/now-news.de\/de\/#\/schema\/logo\/image\/"},"sameAs":["https:\/\/www.facebook.com\/wirmachenauf","https:\/\/x.com\/WirMachenAuf_de"]},{"@type":"Person","@id":"https:\/\/now-news.de\/de\/#\/schema\/person\/fb534a4e865501d8b3285208df34a9b5","name":"rtnews","image":{"@type":"ImageObject","inLanguage":"de","@id":"https:\/\/now-news.de\/de\/#\/schema\/person\/image\/","url":"https:\/\/secure.gravatar.com\/avatar\/82aafea7d8127119dd649515f56e2117?s=96&d=mm&r=g","contentUrl":"https:\/\/secure.gravatar.com\/avatar\/82aafea7d8127119dd649515f56e2117?s=96&d=mm&r=g","caption":"rtnews"},"url":"https:\/\/now-news.de\/de\/author\/rnews\/"}]}},"_links":{"self":[{"href":"https:\/\/now-news.de\/de\/wp-json\/wp\/v2\/posts\/101271"}],"collection":[{"href":"https:\/\/now-news.de\/de\/wp-json\/wp\/v2\/posts"}],"about":[{"href":"https:\/\/now-news.de\/de\/wp-json\/wp\/v2\/types\/post"}],"author":[{"embeddable":true,"href":"https:\/\/now-news.de\/de\/wp-json\/wp\/v2\/users\/3"}],"replies":[{"embeddable":true,"href":"https:\/\/now-news.de\/de\/wp-json\/wp\/v2\/comments?post=101271"}],"version-history":[{"count":0,"href":"https:\/\/now-news.de\/de\/wp-json\/wp\/v2\/posts\/101271\/revisions"}],"wp:featuredmedia":[{"embeddable":true,"href":"https:\/\/now-news.de\/de\/wp-json\/wp\/v2\/media\/101272"}],"wp:attachment":[{"href":"https:\/\/now-news.de\/de\/wp-json\/wp\/v2\/media?parent=101271"}],"wp:term":[{"taxonomy":"category","embeddable":true,"href":"https:\/\/now-news.de\/de\/wp-json\/wp\/v2\/categories?post=101271"},{"taxonomy":"post_tag","embeddable":true,"href":"https:\/\/now-news.de\/de\/wp-json\/wp\/v2\/tags?post=101271"}],"curies":[{"name":"wp","href":"https:\/\/api.w.org\/{rel}","templated":true}]}}