{"id":101227,"date":"2026-04-03T14:24:01","date_gmt":"2026-04-03T12:24:01","guid":{"rendered":"https:\/\/now-news.de\/de\/deutschland\/us-kriegsminister-hegseth-entlaesst-generalstabschef-der-armee-und-feuert-zwei-weitere-generaele\/"},"modified":"2026-04-03T14:24:01","modified_gmt":"2026-04-03T12:24:01","slug":"us-kriegsminister-hegseth-entlaesst-generalstabschef-der-armee-und-feuert-zwei-weitere-generaele","status":"publish","type":"post","link":"https:\/\/now-news.de\/de\/deutschland\/us-kriegsminister-hegseth-entlaesst-generalstabschef-der-armee-und-feuert-zwei-weitere-generaele\/","title":{"rendered":"US-Kriegsminister Hegseth entl\u00e4sst Generalstabschef der Armee und feuert zwei weitere Gener\u00e4le"},"content":{"rendered":"<p><img decoding=\"async\" src=\"https:\/\/now-news.de\/de\/wp-content\/uploads\/sites\/3\/2026\/04\/69cfa0fc48fbef1e91551db9.jpg\" \/><\/p>\n<div class=\"Text-root Text-type_1 \">\n                Inmitten des Irankriegs hat Pete Hegseth den Heereschef Randy George entlassen. Angaben zu den Gr\u00fcnden machte das Pentagon nicht. Zudem hat der US-Kriegsminister laut Medienberichten zwei weitere Gener\u00e4le gefeuert, darunter den Chef der Milit\u00e4rseelsorge.\n            <\/div>\n<p><\/p>\n<div class=\"Text-root Text-type_5 ArticleView-text ViewText-root \">\n<p>US-Kriegsminister Pete Hegseth hat den Generalstabschef der Armee\u00a0Randy George am sp\u00e4ten Donnerstag (Ortszeit) entlassen.\u00a0Dies ist die j\u00fcngste S\u00e4uberungsaktion in den h\u00f6chsten R\u00e4ngen des Pentagon. Die Entlassung eines Generals in Kriegszeiten gilt als nahezu beispiellos.<\/p>\n<p>Das Pentagon best\u00e4tigte, dass George, dessen Amtszeit noch \u00fcber ein Jahr gedauert h\u00e4tte, &#8220;mit sofortiger Wirkung von seinem Amt als 41. Stabschef der US-Armee zur\u00fccktritt&#8221;.\u00a0In einer Erkl\u00e4rung bedankte sich das Pentagon f\u00fcr Georges jahrzehntelange Dienste. &#8220;Wir w\u00fcnschen ihm alles Gute f\u00fcr seinen Ruhestand&#8221;, hie\u00df es.<\/p>\n<div class=\"EmbedBlock-root EmbedBlock-twitter\">\n<div class=\"TwitterEmbed\">\n<blockquote class=\"twitter-tweet lazyload\" data-twitter=\"twitter-tweet\">\n<p lang=\"en\" dir=\"ltr\">STATEMENT: General Randy A. George will be retiring from his position as the 41st Chief of Staff of the Army effective immediately. The Department of War is grateful for General George\u2019s decades of service to our nation. We wish him well in his retirement.<\/p>\n<p>\u2014 Sean Parnell (@SeanParnellASW) <a rel=\"nofollow\" target=\"_blank\" href=\"https:\/\/twitter.com\/SeanParnellASW\/status\/2039812664902271107?ref_src=twsrc%5Etfw\">April 2, 2026<\/a><\/p><\/blockquote>\n<\/div>\n<\/div>\n<p>Das Ministerium nannte keinen Grund f\u00fcr Georges Ausscheiden. \u00dcber die Entlassung des Generals hatte zuerst der US-Sender <em>CBS<\/em> unter Berufung auf Pentagon-Beamte berichtet.\u00a0Einem der Beamten zufolge wird Hegseths ehemaliger Milit\u00e4rberater und stellvertretender Stabschef der Armee, General Christopher LaNeve, Georges Rolle kommissarisch \u00fcbernehmen.<\/p>\n<p><em>CBS<\/em> zitierte eine Quelle mit der Aussage, Hegseth habe diesen Schritt unternommen, weil er jemanden auf diesem Posten wolle, der seine und Pr\u00e4sident Donald Trumps Vision f\u00fcr die Armee umsetze.<\/p>\n<p>George, ein Infanterieoffizier, der in Irak und Afghanistan gedient hatte, wurde 2023 zum Generalstabschef der US-Armee ernannt. Die Amtszeit betr\u00e4gt in der Regel vier Jahre.\u00a0Vor seiner Ernennung zum Generalstabschef war George stellvertretender Generalstabschef der US-Armee und davor hochrangiger Milit\u00e4rberater des damaligen Verteidigungsministers Lloyd Austin.<\/p>\n<p>Laut einem Bericht der<em> New York Times<\/em> stand die Entlassung im Zusammenhang mit Auseinandersetzungen zwischen George und Hegseth \u00fcber Hegseths Entscheidung, vier Offiziere auf einer Liste von 29 Personen von der Bef\u00f6rderung auszuschlie\u00dfen. Die meisten Offiziere auf der Liste sind wei\u00dfe M\u00e4nner, w\u00e4hrend zwei von Hegseth blockierte Offiziere schwarz und die anderen beiden Frauen sind, berichtete die Zeitung unter Berufung auf ungenannte Milit\u00e4rbeamte.<\/p>\n<p>Hegseths Entscheidung veranlasste hochrangige Milit\u00e4rs, zu hinterfragen, ob rassistische oder geschlechtsspezifische Vorurteile eine Rolle spielten. Als George den Minister jedoch vor zwei Wochen um ein Treffen bat, um die Angelegenheit zu besprechen, lehnte Hegseth dies laut Berichten ab.<\/p>\n<p><strong><\/strong><strong>Zwei weitere Gener\u00e4le entlassen<\/strong><\/p>\n<p>Wie US-Medien, darunter\u00a0die Milit\u00e4rzeitschrift <em>Stars and Stripes,<\/em> berichteten, hat der ehemalige <em>Fox News<\/em>-Moderator Hegseth am Donnerstag zwei weitere Gener\u00e4le entlassen. Demnach wurde\u00a0General David M. Hodne, Chef des f\u00fcr die Modernisierung der Armee zust\u00e4ndigen Transformations- und Ausbildungskommandos, seines Postens enthoben. Auch der seit 2023 amtierende Chef der Milit\u00e4rseelsorge,\u00a0Generalmajor William Green Jr., wurde laut den Berichten aus seinem Amt bef\u00f6rdert.\u00a0Das Pentagon hat diese beiden Entlassungen noch nicht best\u00e4tigt.<\/p>\n<p>Die Entlassung des Chefs der\u00a0Milit\u00e4rseelsorge erfolgt vor dem Hintergrund, dass\u00a0US-amerikanische und israelische Offizielle seit Beginn des Irankriegs angedeutet haben, dass es sich bei dem Konflikt um ein religi\u00f6ses Unterfangen handle.<\/p>\n<p>Die Military Religious Freedom Foundation (MRFF), eine US-amerikanische Organisation, die die Religionsfreiheit der Armee \u00fcberwacht, erkl\u00e4rte im M\u00e4rz, per E-Mail Beschwerden erhalten zu haben, wonach US-Soldaten von hochrangigen Kommandeuren mitgeteilt wurde, der Krieg gegen Iran solle &#8220;Armageddon&#8221; oder das biblische &#8220;Ende der Zeit&#8221; herbeif\u00fchren.<\/p>\n<p>Wie <em>RT DE<\/em> bereits <a rel=\"nofollow\" target=\"_blank\" href=\"https:\/\/freedert.online\/der-nahe-osten\/272930-usa-fuehren-krieg-gegen-iran\/\" target=\"_blank\" rel=\"noopener noreferrer\">berichtete<\/a>, kursieren unter den US-Truppen Behauptungen, wonach Pr\u00e4sident Trump von Jesus gesalbt worden sei, das Signalfeuer in Iran zu entfachen, das zum Armageddon f\u00fchren und die R\u00fcckkehr Christi auf die Erde kennzeichnen werde. Trump selbst hatte im Oval Office zwei Dutzend Priester versammelt, die ihm die Hand auflegen und f\u00fcr seinen Sieg beten sollten.<\/p>\n<p><strong>Mehr zum Thema<\/strong>\u00a0\u2013 <a rel=\"nofollow\" target=\"_blank\" href=\"https:\/\/freedert.online\/international\/273585-anstachelung-zu-kriegsverbrechen-hegseths-umstrittener\/\" target=\"_blank\" rel=\"noopener noreferrer\">Anstachelung zu Kriegsverbrechen? \u2013 Hegseths umstrittener Aufruf, Iranern &#8220;keine Gnade&#8221; zu gew\u00e4hren<\/a><\/p>\n<div class=\"EmbedBlock-root EmbedBlock-externalVideo EmbedBlock-rumble\">\n<div class=\"VkEmbed\"><iframe class=\"lazyload\" data-src=\"https:\/\/rumble.com\/embed\/v755j94\" frameborder=\"0\" width=\"853\" height=\"480\" allowfullscreen><\/iframe><\/div>\n<\/div>\n<\/div>\n<p><script async src=\"https:\/\/platform.twitter.com\/widgets.js\" charset=\"utf-8\"><\/script><br \/>\n<br \/><br \/>\n<br \/><a href=\"https:\/\/de.rt.com\/nordamerika\/275866-us-kriegsminister-hegseth-entlaesst-generalstabschef\/\">Source link <\/a><\/p>\n","protected":false},"excerpt":{"rendered":"<p>Inmitten des Irankriegs hat Pete Hegseth den Heereschef Randy George entlassen. Angaben zu den Gr\u00fcnden machte das Pentagon nicht. Zudem hat der US-Kriegsminister laut Medienberichten zwei weitere Gener\u00e4le gefeuert, darunter den Chef der Milit\u00e4rseelsorge. US-Kriegsminister Pete Hegseth hat den Generalstabschef der Armee\u00a0Randy George am sp\u00e4ten Donnerstag (Ortszeit) entlassen.\u00a0Dies ist die j\u00fcngste S\u00e4uberungsaktion in den h\u00f6chsten [&hellip;]<\/p>\n","protected":false},"author":3,"featured_media":101228,"comment_status":"open","ping_status":"open","sticky":false,"template":"","format":"standard","meta":{"_yoast_indexnow_last_ping":["1775219438"],"wp_automatic_camp":["217"],"0b1355e76f60c9663886a3a9d3b317b0":["US-Kriegsminister Hegseth entl\u00e4sst Generalstabschef der Armee und feuert zwei weitere Gener\u00e4le"],"original_link":["https:\/\/de.rt.com\/nordamerika\/275866-us-kriegsminister-hegseth-entlaesst-generalstabschef\/"],"_thumbnail_id":["101228"],"jnews_social_counter_last_update":["1777267360"],"_wptgpro_p2tg_sent2tg":["a:1:{i:23737;s:19:\"2026-04-03 14:31:41\";}"]},"categories":[19,23],"tags":[2398,82,22666,23174,18751,10049,62736,140,68454,823,1003],"yoast_head":"<!-- This site is optimized with the Yoast SEO Premium plugin v22.7 (Yoast SEO v22.7) - https:\/\/yoast.com\/wordpress\/plugins\/seo\/ -->\n<title>US-Kriegsminister Hegseth entl\u00e4sst Generalstabschef der Armee und feuert zwei weitere Gener\u00e4le - just-now.NEWS Deutschland<\/title>\n<meta name=\"robots\" content=\"index, follow, max-snippet:-1, max-image-preview:large, max-video-preview:-1\" \/>\n<link rel=\"canonical\" href=\"https:\/\/now-news.de\/de\/deutschland\/us-kriegsminister-hegseth-entlaesst-generalstabschef-der-armee-und-feuert-zwei-weitere-generaele\/\" \/>\n<meta property=\"og:locale\" content=\"de_DE\" \/>\n<meta property=\"og:type\" content=\"article\" \/>\n<meta property=\"og:title\" content=\"US-Kriegsminister Hegseth entl\u00e4sst Generalstabschef der Armee und feuert zwei weitere Gener\u00e4le\" \/>\n<meta property=\"og:description\" content=\"Inmitten des Irankriegs hat Pete Hegseth den Heereschef Randy George entlassen. Angaben zu den Gr\u00fcnden machte das Pentagon nicht. Zudem hat der US-Kriegsminister laut Medienberichten zwei weitere Gener\u00e4le gefeuert, darunter den Chef der Milit\u00e4rseelsorge. US-Kriegsminister Pete Hegseth hat den Generalstabschef der Armee\u00a0Randy George am sp\u00e4ten Donnerstag (Ortszeit) entlassen.\u00a0Dies ist die j\u00fcngste S\u00e4uberungsaktion in den h\u00f6chsten [&hellip;]\" \/>\n<meta property=\"og:url\" content=\"https:\/\/now-news.de\/de\/deutschland\/us-kriegsminister-hegseth-entlaesst-generalstabschef-der-armee-und-feuert-zwei-weitere-generaele\/\" \/>\n<meta property=\"og:site_name\" content=\"just-now.NEWS Deutschland\" \/>\n<meta property=\"article:publisher\" content=\"https:\/\/www.facebook.com\/wirmachenauf\" \/>\n<meta property=\"article:published_time\" content=\"2026-04-03T12:24:01+00:00\" \/>\n<meta property=\"og:image\" content=\"https:\/\/now-news.de\/de\/wp-content\/uploads\/sites\/3\/2026\/04\/69cfa0fc48fbef1e91551db9.jpg\" \/>\n<meta name=\"author\" content=\"rtnews\" \/>\n<meta name=\"twitter:card\" content=\"summary_large_image\" \/>\n<meta name=\"twitter:creator\" content=\"@WirMachenAuf_de\" \/>\n<meta name=\"twitter:site\" content=\"@WirMachenAuf_de\" \/>\n<meta name=\"twitter:label1\" content=\"Verfasst von\" \/>\n\t<meta name=\"twitter:data1\" content=\"rtnews\" \/>\n\t<meta name=\"twitter:label2\" content=\"Gesch\u00e4tzte Lesezeit\" \/>\n\t<meta name=\"twitter:data2\" content=\"3\u00a0Minuten\" \/>\n<script type=\"application\/ld+json\" class=\"yoast-schema-graph\">{\"@context\":\"https:\/\/schema.org\",\"@graph\":[{\"@type\":\"Article\",\"@id\":\"https:\/\/now-news.de\/de\/deutschland\/us-kriegsminister-hegseth-entlaesst-generalstabschef-der-armee-und-feuert-zwei-weitere-generaele\/#article\",\"isPartOf\":{\"@id\":\"https:\/\/now-news.de\/de\/deutschland\/us-kriegsminister-hegseth-entlaesst-generalstabschef-der-armee-und-feuert-zwei-weitere-generaele\/\"},\"author\":{\"name\":\"rtnews\",\"@id\":\"https:\/\/now-news.de\/de\/#\/schema\/person\/fb534a4e865501d8b3285208df34a9b5\"},\"headline\":\"US-Kriegsminister Hegseth entl\u00e4sst Generalstabschef der Armee und feuert zwei weitere Gener\u00e4le\",\"datePublished\":\"2026-04-03T12:24:01+00:00\",\"dateModified\":\"2026-04-03T12:24:01+00:00\",\"mainEntityOfPage\":{\"@id\":\"https:\/\/now-news.de\/de\/deutschland\/us-kriegsminister-hegseth-entlaesst-generalstabschef-der-armee-und-feuert-zwei-weitere-generaele\/\"},\"wordCount\":664,\"commentCount\":0,\"publisher\":{\"@id\":\"https:\/\/now-news.de\/de\/#organization\"},\"image\":{\"@id\":\"https:\/\/now-news.de\/de\/deutschland\/us-kriegsminister-hegseth-entlaesst-generalstabschef-der-armee-und-feuert-zwei-weitere-generaele\/#primaryimage\"},\"thumbnailUrl\":\"https:\/\/now-news.de\/de\/wp-content\/uploads\/sites\/3\/2026\/04\/US-Kriegsminister-Hegseth-entlaesst-Generalstabschef-der-Armee-und-feuert-zwei-weitere.jpg\",\"keywords\":[\"Armee\",\"der\",\"entl\u00e4sst\",\"feuert\",\"Gener\u00e4le\",\"Generalstabschef\",\"Hegseth\",\"und\",\"USKriegsminister\",\"weitere\",\"zwei\"],\"articleSection\":[\"Deutschland\",\"Russland\"],\"inLanguage\":\"de\",\"potentialAction\":[{\"@type\":\"CommentAction\",\"name\":\"Comment\",\"target\":[\"https:\/\/now-news.de\/de\/deutschland\/us-kriegsminister-hegseth-entlaesst-generalstabschef-der-armee-und-feuert-zwei-weitere-generaele\/#respond\"]}]},{\"@type\":\"WebPage\",\"@id\":\"https:\/\/now-news.de\/de\/deutschland\/us-kriegsminister-hegseth-entlaesst-generalstabschef-der-armee-und-feuert-zwei-weitere-generaele\/\",\"url\":\"https:\/\/now-news.de\/de\/deutschland\/us-kriegsminister-hegseth-entlaesst-generalstabschef-der-armee-und-feuert-zwei-weitere-generaele\/\",\"name\":\"US-Kriegsminister Hegseth entl\u00e4sst Generalstabschef der Armee und feuert zwei weitere Gener\u00e4le - just-now.NEWS Deutschland\",\"isPartOf\":{\"@id\":\"https:\/\/now-news.de\/de\/#website\"},\"primaryImageOfPage\":{\"@id\":\"https:\/\/now-news.de\/de\/deutschland\/us-kriegsminister-hegseth-entlaesst-generalstabschef-der-armee-und-feuert-zwei-weitere-generaele\/#primaryimage\"},\"image\":{\"@id\":\"https:\/\/now-news.de\/de\/deutschland\/us-kriegsminister-hegseth-entlaesst-generalstabschef-der-armee-und-feuert-zwei-weitere-generaele\/#primaryimage\"},\"thumbnailUrl\":\"https:\/\/now-news.de\/de\/wp-content\/uploads\/sites\/3\/2026\/04\/US-Kriegsminister-Hegseth-entlaesst-Generalstabschef-der-Armee-und-feuert-zwei-weitere.jpg\",\"datePublished\":\"2026-04-03T12:24:01+00:00\",\"dateModified\":\"2026-04-03T12:24:01+00:00\",\"breadcrumb\":{\"@id\":\"https:\/\/now-news.de\/de\/deutschland\/us-kriegsminister-hegseth-entlaesst-generalstabschef-der-armee-und-feuert-zwei-weitere-generaele\/#breadcrumb\"},\"inLanguage\":\"de\",\"potentialAction\":[{\"@type\":\"ReadAction\",\"target\":[\"https:\/\/now-news.de\/de\/deutschland\/us-kriegsminister-hegseth-entlaesst-generalstabschef-der-armee-und-feuert-zwei-weitere-generaele\/\"]}]},{\"@type\":\"ImageObject\",\"inLanguage\":\"de\",\"@id\":\"https:\/\/now-news.de\/de\/deutschland\/us-kriegsminister-hegseth-entlaesst-generalstabschef-der-armee-und-feuert-zwei-weitere-generaele\/#primaryimage\",\"url\":\"https:\/\/now-news.de\/de\/wp-content\/uploads\/sites\/3\/2026\/04\/US-Kriegsminister-Hegseth-entlaesst-Generalstabschef-der-Armee-und-feuert-zwei-weitere.jpg\",\"contentUrl\":\"https:\/\/now-news.de\/de\/wp-content\/uploads\/sites\/3\/2026\/04\/US-Kriegsminister-Hegseth-entlaesst-Generalstabschef-der-Armee-und-feuert-zwei-weitere.jpg\",\"width\":460,\"height\":259,\"caption\":\"US-Kriegsminister Hegseth entl\u00e4sst Generalstabschef der Armee und feuert zwei weitere Gener\u00e4le\"},{\"@type\":\"BreadcrumbList\",\"@id\":\"https:\/\/now-news.de\/de\/deutschland\/us-kriegsminister-hegseth-entlaesst-generalstabschef-der-armee-und-feuert-zwei-weitere-generaele\/#breadcrumb\",\"itemListElement\":[{\"@type\":\"ListItem\",\"position\":1,\"name\":\"Home\",\"item\":\"https:\/\/now-news.de\/de\/\"},{\"@type\":\"ListItem\",\"position\":2,\"name\":\"US-Kriegsminister Hegseth entl\u00e4sst Generalstabschef der Armee und feuert zwei weitere Gener\u00e4le\"}]},{\"@type\":\"WebSite\",\"@id\":\"https:\/\/now-news.de\/de\/#website\",\"url\":\"https:\/\/now-news.de\/de\/\",\"name\":\"just-now.NEWS Deutschland\",\"description\":\"Das Portal f\u00fcr unzensierte Nachrichten aus der Welt\",\"publisher\":{\"@id\":\"https:\/\/now-news.de\/de\/#organization\"},\"potentialAction\":[{\"@type\":\"SearchAction\",\"target\":{\"@type\":\"EntryPoint\",\"urlTemplate\":\"https:\/\/now-news.de\/de\/?s={search_term_string}\"},\"query-input\":\"required name=search_term_string\"}],\"inLanguage\":\"de\"},{\"@type\":\"Organization\",\"@id\":\"https:\/\/now-news.de\/de\/#organization\",\"name\":\"Just Now News\",\"url\":\"https:\/\/now-news.de\/de\/\",\"logo\":{\"@type\":\"ImageObject\",\"inLanguage\":\"de\",\"@id\":\"https:\/\/now-news.de\/de\/#\/schema\/logo\/image\/\",\"url\":\"http:\/\/just-now.news\/de\/wp-content\/uploads\/sites\/3\/2022\/04\/logo500x500.jpg\",\"contentUrl\":\"http:\/\/just-now.news\/de\/wp-content\/uploads\/sites\/3\/2022\/04\/logo500x500.jpg\",\"width\":500,\"height\":500,\"caption\":\"Just Now News\"},\"image\":{\"@id\":\"https:\/\/now-news.de\/de\/#\/schema\/logo\/image\/\"},\"sameAs\":[\"https:\/\/www.facebook.com\/wirmachenauf\",\"https:\/\/x.com\/WirMachenAuf_de\"]},{\"@type\":\"Person\",\"@id\":\"https:\/\/now-news.de\/de\/#\/schema\/person\/fb534a4e865501d8b3285208df34a9b5\",\"name\":\"rtnews\",\"image\":{\"@type\":\"ImageObject\",\"inLanguage\":\"de\",\"@id\":\"https:\/\/now-news.de\/de\/#\/schema\/person\/image\/\",\"url\":\"https:\/\/secure.gravatar.com\/avatar\/82aafea7d8127119dd649515f56e2117?s=96&d=mm&r=g\",\"contentUrl\":\"https:\/\/secure.gravatar.com\/avatar\/82aafea7d8127119dd649515f56e2117?s=96&d=mm&r=g\",\"caption\":\"rtnews\"},\"url\":\"https:\/\/now-news.de\/de\/author\/rnews\/\"}]}<\/script>\n<!-- \/ Yoast SEO Premium plugin. -->","yoast_head_json":{"title":"US-Kriegsminister Hegseth entl\u00e4sst Generalstabschef der Armee und feuert zwei weitere Gener\u00e4le - just-now.NEWS Deutschland","robots":{"index":"index","follow":"follow","max-snippet":"max-snippet:-1","max-image-preview":"max-image-preview:large","max-video-preview":"max-video-preview:-1"},"canonical":"https:\/\/now-news.de\/de\/deutschland\/us-kriegsminister-hegseth-entlaesst-generalstabschef-der-armee-und-feuert-zwei-weitere-generaele\/","og_locale":"de_DE","og_type":"article","og_title":"US-Kriegsminister Hegseth entl\u00e4sst Generalstabschef der Armee und feuert zwei weitere Gener\u00e4le","og_description":"Inmitten des Irankriegs hat Pete Hegseth den Heereschef Randy George entlassen. Angaben zu den Gr\u00fcnden machte das Pentagon nicht. Zudem hat der US-Kriegsminister laut Medienberichten zwei weitere Gener\u00e4le gefeuert, darunter den Chef der Milit\u00e4rseelsorge. US-Kriegsminister Pete Hegseth hat den Generalstabschef der Armee\u00a0Randy George am sp\u00e4ten Donnerstag (Ortszeit) entlassen.\u00a0Dies ist die j\u00fcngste S\u00e4uberungsaktion in den h\u00f6chsten [&hellip;]","og_url":"https:\/\/now-news.de\/de\/deutschland\/us-kriegsminister-hegseth-entlaesst-generalstabschef-der-armee-und-feuert-zwei-weitere-generaele\/","og_site_name":"just-now.NEWS Deutschland","article_publisher":"https:\/\/www.facebook.com\/wirmachenauf","article_published_time":"2026-04-03T12:24:01+00:00","og_image":[{"url":"https:\/\/now-news.de\/de\/wp-content\/uploads\/sites\/3\/2026\/04\/69cfa0fc48fbef1e91551db9.jpg"}],"author":"rtnews","twitter_card":"summary_large_image","twitter_creator":"@WirMachenAuf_de","twitter_site":"@WirMachenAuf_de","twitter_misc":{"Verfasst von":"rtnews","Gesch\u00e4tzte Lesezeit":"3\u00a0Minuten"},"schema":{"@context":"https:\/\/schema.org","@graph":[{"@type":"Article","@id":"https:\/\/now-news.de\/de\/deutschland\/us-kriegsminister-hegseth-entlaesst-generalstabschef-der-armee-und-feuert-zwei-weitere-generaele\/#article","isPartOf":{"@id":"https:\/\/now-news.de\/de\/deutschland\/us-kriegsminister-hegseth-entlaesst-generalstabschef-der-armee-und-feuert-zwei-weitere-generaele\/"},"author":{"name":"rtnews","@id":"https:\/\/now-news.de\/de\/#\/schema\/person\/fb534a4e865501d8b3285208df34a9b5"},"headline":"US-Kriegsminister Hegseth entl\u00e4sst Generalstabschef der Armee und feuert zwei weitere Gener\u00e4le","datePublished":"2026-04-03T12:24:01+00:00","dateModified":"2026-04-03T12:24:01+00:00","mainEntityOfPage":{"@id":"https:\/\/now-news.de\/de\/deutschland\/us-kriegsminister-hegseth-entlaesst-generalstabschef-der-armee-und-feuert-zwei-weitere-generaele\/"},"wordCount":664,"commentCount":0,"publisher":{"@id":"https:\/\/now-news.de\/de\/#organization"},"image":{"@id":"https:\/\/now-news.de\/de\/deutschland\/us-kriegsminister-hegseth-entlaesst-generalstabschef-der-armee-und-feuert-zwei-weitere-generaele\/#primaryimage"},"thumbnailUrl":"https:\/\/now-news.de\/de\/wp-content\/uploads\/sites\/3\/2026\/04\/US-Kriegsminister-Hegseth-entlaesst-Generalstabschef-der-Armee-und-feuert-zwei-weitere.jpg","keywords":["Armee","der","entl\u00e4sst","feuert","Gener\u00e4le","Generalstabschef","Hegseth","und","USKriegsminister","weitere","zwei"],"articleSection":["Deutschland","Russland"],"inLanguage":"de","potentialAction":[{"@type":"CommentAction","name":"Comment","target":["https:\/\/now-news.de\/de\/deutschland\/us-kriegsminister-hegseth-entlaesst-generalstabschef-der-armee-und-feuert-zwei-weitere-generaele\/#respond"]}]},{"@type":"WebPage","@id":"https:\/\/now-news.de\/de\/deutschland\/us-kriegsminister-hegseth-entlaesst-generalstabschef-der-armee-und-feuert-zwei-weitere-generaele\/","url":"https:\/\/now-news.de\/de\/deutschland\/us-kriegsminister-hegseth-entlaesst-generalstabschef-der-armee-und-feuert-zwei-weitere-generaele\/","name":"US-Kriegsminister Hegseth entl\u00e4sst Generalstabschef der Armee und feuert zwei weitere Gener\u00e4le - just-now.NEWS Deutschland","isPartOf":{"@id":"https:\/\/now-news.de\/de\/#website"},"primaryImageOfPage":{"@id":"https:\/\/now-news.de\/de\/deutschland\/us-kriegsminister-hegseth-entlaesst-generalstabschef-der-armee-und-feuert-zwei-weitere-generaele\/#primaryimage"},"image":{"@id":"https:\/\/now-news.de\/de\/deutschland\/us-kriegsminister-hegseth-entlaesst-generalstabschef-der-armee-und-feuert-zwei-weitere-generaele\/#primaryimage"},"thumbnailUrl":"https:\/\/now-news.de\/de\/wp-content\/uploads\/sites\/3\/2026\/04\/US-Kriegsminister-Hegseth-entlaesst-Generalstabschef-der-Armee-und-feuert-zwei-weitere.jpg","datePublished":"2026-04-03T12:24:01+00:00","dateModified":"2026-04-03T12:24:01+00:00","breadcrumb":{"@id":"https:\/\/now-news.de\/de\/deutschland\/us-kriegsminister-hegseth-entlaesst-generalstabschef-der-armee-und-feuert-zwei-weitere-generaele\/#breadcrumb"},"inLanguage":"de","potentialAction":[{"@type":"ReadAction","target":["https:\/\/now-news.de\/de\/deutschland\/us-kriegsminister-hegseth-entlaesst-generalstabschef-der-armee-und-feuert-zwei-weitere-generaele\/"]}]},{"@type":"ImageObject","inLanguage":"de","@id":"https:\/\/now-news.de\/de\/deutschland\/us-kriegsminister-hegseth-entlaesst-generalstabschef-der-armee-und-feuert-zwei-weitere-generaele\/#primaryimage","url":"https:\/\/now-news.de\/de\/wp-content\/uploads\/sites\/3\/2026\/04\/US-Kriegsminister-Hegseth-entlaesst-Generalstabschef-der-Armee-und-feuert-zwei-weitere.jpg","contentUrl":"https:\/\/now-news.de\/de\/wp-content\/uploads\/sites\/3\/2026\/04\/US-Kriegsminister-Hegseth-entlaesst-Generalstabschef-der-Armee-und-feuert-zwei-weitere.jpg","width":460,"height":259,"caption":"US-Kriegsminister Hegseth entl\u00e4sst Generalstabschef der Armee und feuert zwei weitere Gener\u00e4le"},{"@type":"BreadcrumbList","@id":"https:\/\/now-news.de\/de\/deutschland\/us-kriegsminister-hegseth-entlaesst-generalstabschef-der-armee-und-feuert-zwei-weitere-generaele\/#breadcrumb","itemListElement":[{"@type":"ListItem","position":1,"name":"Home","item":"https:\/\/now-news.de\/de\/"},{"@type":"ListItem","position":2,"name":"US-Kriegsminister Hegseth entl\u00e4sst Generalstabschef der Armee und feuert zwei weitere Gener\u00e4le"}]},{"@type":"WebSite","@id":"https:\/\/now-news.de\/de\/#website","url":"https:\/\/now-news.de\/de\/","name":"just-now.NEWS Deutschland","description":"Das Portal f\u00fcr unzensierte Nachrichten aus der Welt","publisher":{"@id":"https:\/\/now-news.de\/de\/#organization"},"potentialAction":[{"@type":"SearchAction","target":{"@type":"EntryPoint","urlTemplate":"https:\/\/now-news.de\/de\/?s={search_term_string}"},"query-input":"required name=search_term_string"}],"inLanguage":"de"},{"@type":"Organization","@id":"https:\/\/now-news.de\/de\/#organization","name":"Just Now News","url":"https:\/\/now-news.de\/de\/","logo":{"@type":"ImageObject","inLanguage":"de","@id":"https:\/\/now-news.de\/de\/#\/schema\/logo\/image\/","url":"http:\/\/just-now.news\/de\/wp-content\/uploads\/sites\/3\/2022\/04\/logo500x500.jpg","contentUrl":"http:\/\/just-now.news\/de\/wp-content\/uploads\/sites\/3\/2022\/04\/logo500x500.jpg","width":500,"height":500,"caption":"Just Now News"},"image":{"@id":"https:\/\/now-news.de\/de\/#\/schema\/logo\/image\/"},"sameAs":["https:\/\/www.facebook.com\/wirmachenauf","https:\/\/x.com\/WirMachenAuf_de"]},{"@type":"Person","@id":"https:\/\/now-news.de\/de\/#\/schema\/person\/fb534a4e865501d8b3285208df34a9b5","name":"rtnews","image":{"@type":"ImageObject","inLanguage":"de","@id":"https:\/\/now-news.de\/de\/#\/schema\/person\/image\/","url":"https:\/\/secure.gravatar.com\/avatar\/82aafea7d8127119dd649515f56e2117?s=96&d=mm&r=g","contentUrl":"https:\/\/secure.gravatar.com\/avatar\/82aafea7d8127119dd649515f56e2117?s=96&d=mm&r=g","caption":"rtnews"},"url":"https:\/\/now-news.de\/de\/author\/rnews\/"}]}},"_links":{"self":[{"href":"https:\/\/now-news.de\/de\/wp-json\/wp\/v2\/posts\/101227"}],"collection":[{"href":"https:\/\/now-news.de\/de\/wp-json\/wp\/v2\/posts"}],"about":[{"href":"https:\/\/now-news.de\/de\/wp-json\/wp\/v2\/types\/post"}],"author":[{"embeddable":true,"href":"https:\/\/now-news.de\/de\/wp-json\/wp\/v2\/users\/3"}],"replies":[{"embeddable":true,"href":"https:\/\/now-news.de\/de\/wp-json\/wp\/v2\/comments?post=101227"}],"version-history":[{"count":0,"href":"https:\/\/now-news.de\/de\/wp-json\/wp\/v2\/posts\/101227\/revisions"}],"wp:featuredmedia":[{"embeddable":true,"href":"https:\/\/now-news.de\/de\/wp-json\/wp\/v2\/media\/101228"}],"wp:attachment":[{"href":"https:\/\/now-news.de\/de\/wp-json\/wp\/v2\/media?parent=101227"}],"wp:term":[{"taxonomy":"category","embeddable":true,"href":"https:\/\/now-news.de\/de\/wp-json\/wp\/v2\/categories?post=101227"},{"taxonomy":"post_tag","embeddable":true,"href":"https:\/\/now-news.de\/de\/wp-json\/wp\/v2\/tags?post=101227"}],"curies":[{"name":"wp","href":"https:\/\/api.w.org\/{rel}","templated":true}]}}