{"id":101141,"date":"2026-04-01T19:34:44","date_gmt":"2026-04-01T17:34:44","guid":{"rendered":"https:\/\/now-news.de\/de\/deutschland\/russlands-vize-aussenminister-werden-kuba-nicht-im-stich-lassen\/"},"modified":"2026-04-01T19:34:44","modified_gmt":"2026-04-01T17:34:44","slug":"russlands-vize-aussenminister-werden-kuba-nicht-im-stich-lassen","status":"publish","type":"post","link":"https:\/\/now-news.de\/de\/deutschland\/russlands-vize-aussenminister-werden-kuba-nicht-im-stich-lassen\/","title":{"rendered":"Russlands Vize-Au\u00dfenminister: Werden Kuba nicht im Stich lassen"},"content":{"rendered":"<p><img decoding=\"async\" src=\"https:\/\/now-news.de\/de\/wp-content\/uploads\/sites\/3\/2026\/04\/69cd067eb480cc79561ea2e4.jpg\" \/><\/p>\n<div class=\"Text-root Text-type_1 \">\n                Sergei Rjabkow, Russlands stellvertretender Au\u00dfenminister, bezeichnet die Wiederaufnahme der \u00d6llieferungen an die Insel als einen &#8220;Sieg des gesunden Menschenverstands&#8221;. Der Diplomat betont, dass Kuba Moskaus wichtigster Partner in der Karibik bleibe und nicht im Stich gelassen werde.\n            <\/div>\n<p><\/p>\n<div class=\"Text-root Text-type_5 ArticleView-text ViewText-root \">\n<p>Kuba bleibt Russlands wichtigster Partner in der Karibik und wird von Moskau auch weiterhin Unterst\u00fctzung erhalten, sagte Russlands stellvertretender Au\u00dfenminister Sergei Rjabkow am 1. April. In einem Kommentar gegen\u00fcber der Nachrichtenagentur\u00a0<em>TASS<\/em> in Bezug auf die Ankunft eines russischen \u00d6ltankers auf der Insel erkl\u00e4rte er:<\/p>\n<p><em>&#8220;Das ist ein Sieg des gesunden Menschenverstands. \u201eJahrzehntelang, w\u00e4hrend die USA das br\u00fcderliche Kuba zunehmend unter Druck setzten, haben wir prinzipiell keinen Hehl daraus gemacht, dass wir Schulter an Schulter mit Havanna stehen und sie unterst\u00fctzen werden.&#8221;<\/em><\/p>\n<p>Rjabkow hob hervor, dass die \u00d6llieferung an Kuba sowohl einen humanit\u00e4ren, als auch einen pragmatischen Aspekt habe, da die Insel Russlands wichtigster Partner in der Region bleibe:<\/p>\n<p><em>&#8220;Kuba ist unser n\u00e4chster Partner, der zuverl\u00e4ssigste Partner in der Karibik-Region, und wir haben schlicht kein Recht, sie im Stich zu lassen.&#8221;<\/em><\/p>\n<p>Abschlie\u00dfend betonte der Diplomat:<\/p>\n<blockquote>\n<p><em>&#8220;Die Hilfe an Kuba wird fortgesetzt.&#8221;<\/em><\/p>\n<\/blockquote>\n<p><em><\/em>Zuvor hatte die US-Administration nach der Entf\u00fchrung des venezolanischen Pr\u00e4sidenten Nicol\u00e1s Maduro den Druck auf Kuba verst\u00e4rkt und die ohnehin drakonischen Sanktionen gegen den Karibikstaat durch die Verh\u00e4ngung eines Verbots von Brennstofflieferungen weiter zugespitzt. Russlands Botschafter in Havanna, Viktor Koronelli, erkl\u00e4rte dazu, dass Washington faktisch eine Energieblockade der Insel betreibe. Die Energieversorgungslage der Insel bleibt prek\u00e4r, im M\u00e4rz kam es zu mehreren totalen Blackouts.<\/p>\n<p>Am 30. M\u00e4rz lief der russische Tanker Anatoli Kolodkin mit einer Ladung von 100.000 Tonnen Roh\u00f6l im Rahmen einer humanit\u00e4ren Mission in den kubanischen Hafen Matanzas ein.<\/p>\n<p><strong>Mehr zum Thema\u00a0<\/strong>\u2013\u00a0<a rel=\"nofollow\" target=\"_blank\" href=\"https:\/\/freedert.online\/amerika\/275437-russland-bekraeftigt-seine-unterstuetzung-fuer-kuba\/\" target=\"_blank\" rel=\"noopener noreferrer\">Russland bekr\u00e4ftigt seine Unterst\u00fctzung f\u00fcr Kuba: Kontakte gehen nach Erd\u00f6llieferung weiter<\/a><\/p>\n<div class=\"EmbedBlock-root EmbedBlock-externalVideo EmbedBlock-rumble\">\n<div class=\"VkEmbed\"><iframe class=\"lazyload\" data-src=\"https:\/\/rumble.com\/embed\/v75q45k\" frameborder=\"0\" width=\"853\" height=\"480\" allowfullscreen><\/iframe><\/div>\n<\/div>\n<\/div>\n<p><br \/>\n<br \/><a href=\"https:\/\/de.rt.com\/international\/275570-russlands-vize-aussenminister-werden-kuba\/\">Source link <\/a><\/p>\n","protected":false},"excerpt":{"rendered":"<p>Sergei Rjabkow, Russlands stellvertretender Au\u00dfenminister, bezeichnet die Wiederaufnahme der \u00d6llieferungen an die Insel als einen &#8220;Sieg des gesunden Menschenverstands&#8221;. Der Diplomat betont, dass Kuba Moskaus wichtigster Partner in der Karibik bleibe und nicht im Stich gelassen werde. Kuba bleibt Russlands wichtigster Partner in der Karibik und wird von Moskau auch weiterhin Unterst\u00fctzung erhalten, sagte Russlands [&hellip;]<\/p>\n","protected":false},"author":3,"featured_media":101142,"comment_status":"open","ping_status":"open","sticky":false,"template":"","format":"standard","meta":{"_yoast_indexnow_last_ping":["1775065051"],"wp_automatic_camp":["217"],"d6963793ad69290dda143045d2b4074b":["Russlands Vize-Au\u00dfenminister: Werden Kuba nicht im Stich lassen"],"original_link":["https:\/\/de.rt.com\/international\/275570-russlands-vize-aussenminister-werden-kuba\/"],"_thumbnail_id":["101142"],"jnews_social_counter_last_update":["1777530009"],"_wptgpro_p2tg_sent2tg":["a:1:{i:23737;s:19:\"2026-04-01 19:39:33\";}","a:1:{i:23737;s:19:\"2026-04-01 19:39:33\";}"]},"categories":[19,23],"tags":[6958,3340,800,142,56387,36085,1040],"yoast_head":"<!-- This site is optimized with the Yoast SEO Premium plugin v22.7 (Yoast SEO v22.7) - https:\/\/yoast.com\/wordpress\/plugins\/seo\/ -->\n<title>Russlands Vize-Au\u00dfenminister: Werden Kuba nicht im Stich lassen - just-now.NEWS Deutschland<\/title>\n<meta name=\"robots\" content=\"index, follow, max-snippet:-1, max-image-preview:large, max-video-preview:-1\" \/>\n<link rel=\"canonical\" href=\"https:\/\/now-news.de\/de\/deutschland\/russlands-vize-aussenminister-werden-kuba-nicht-im-stich-lassen\/\" \/>\n<meta property=\"og:locale\" content=\"de_DE\" \/>\n<meta property=\"og:type\" content=\"article\" \/>\n<meta property=\"og:title\" content=\"Russlands Vize-Au\u00dfenminister: Werden Kuba nicht im Stich lassen\" \/>\n<meta property=\"og:description\" content=\"Sergei Rjabkow, Russlands stellvertretender Au\u00dfenminister, bezeichnet die Wiederaufnahme der \u00d6llieferungen an die Insel als einen &#8220;Sieg des gesunden Menschenverstands&#8221;. Der Diplomat betont, dass Kuba Moskaus wichtigster Partner in der Karibik bleibe und nicht im Stich gelassen werde. Kuba bleibt Russlands wichtigster Partner in der Karibik und wird von Moskau auch weiterhin Unterst\u00fctzung erhalten, sagte Russlands [&hellip;]\" \/>\n<meta property=\"og:url\" content=\"https:\/\/now-news.de\/de\/deutschland\/russlands-vize-aussenminister-werden-kuba-nicht-im-stich-lassen\/\" \/>\n<meta property=\"og:site_name\" content=\"just-now.NEWS Deutschland\" \/>\n<meta property=\"article:publisher\" content=\"https:\/\/www.facebook.com\/wirmachenauf\" \/>\n<meta property=\"article:published_time\" content=\"2026-04-01T17:34:44+00:00\" \/>\n<meta property=\"og:image\" content=\"https:\/\/now-news.de\/de\/wp-content\/uploads\/sites\/3\/2026\/04\/69cd067eb480cc79561ea2e4.jpg\" \/>\n<meta name=\"author\" content=\"rtnews\" \/>\n<meta name=\"twitter:card\" content=\"summary_large_image\" \/>\n<meta name=\"twitter:creator\" content=\"@WirMachenAuf_de\" \/>\n<meta name=\"twitter:site\" content=\"@WirMachenAuf_de\" \/>\n<meta name=\"twitter:label1\" content=\"Verfasst von\" \/>\n\t<meta name=\"twitter:data1\" content=\"rtnews\" \/>\n\t<meta name=\"twitter:label2\" content=\"Gesch\u00e4tzte Lesezeit\" \/>\n\t<meta name=\"twitter:data2\" content=\"2\u00a0Minuten\" \/>\n<script type=\"application\/ld+json\" class=\"yoast-schema-graph\">{\"@context\":\"https:\/\/schema.org\",\"@graph\":[{\"@type\":\"Article\",\"@id\":\"https:\/\/now-news.de\/de\/deutschland\/russlands-vize-aussenminister-werden-kuba-nicht-im-stich-lassen\/#article\",\"isPartOf\":{\"@id\":\"https:\/\/now-news.de\/de\/deutschland\/russlands-vize-aussenminister-werden-kuba-nicht-im-stich-lassen\/\"},\"author\":{\"name\":\"rtnews\",\"@id\":\"https:\/\/now-news.de\/de\/#\/schema\/person\/fb534a4e865501d8b3285208df34a9b5\"},\"headline\":\"Russlands Vize-Au\u00dfenminister: Werden Kuba nicht im Stich lassen\",\"datePublished\":\"2026-04-01T17:34:44+00:00\",\"dateModified\":\"2026-04-01T17:34:44+00:00\",\"mainEntityOfPage\":{\"@id\":\"https:\/\/now-news.de\/de\/deutschland\/russlands-vize-aussenminister-werden-kuba-nicht-im-stich-lassen\/\"},\"wordCount\":319,\"commentCount\":0,\"publisher\":{\"@id\":\"https:\/\/now-news.de\/de\/#organization\"},\"image\":{\"@id\":\"https:\/\/now-news.de\/de\/deutschland\/russlands-vize-aussenminister-werden-kuba-nicht-im-stich-lassen\/#primaryimage\"},\"thumbnailUrl\":\"https:\/\/now-news.de\/de\/wp-content\/uploads\/sites\/3\/2026\/04\/Russlands-Vize-Aussenminister-Werden-Kuba-nicht-im-Stich-lassen.jpg\",\"keywords\":[\"Kuba\",\"lassen\",\"nicht\",\"Russlands\",\"Stich\",\"Vizeau\u00dfenminister\",\"Werden\"],\"articleSection\":[\"Deutschland\",\"Russland\"],\"inLanguage\":\"de\",\"potentialAction\":[{\"@type\":\"CommentAction\",\"name\":\"Comment\",\"target\":[\"https:\/\/now-news.de\/de\/deutschland\/russlands-vize-aussenminister-werden-kuba-nicht-im-stich-lassen\/#respond\"]}]},{\"@type\":\"WebPage\",\"@id\":\"https:\/\/now-news.de\/de\/deutschland\/russlands-vize-aussenminister-werden-kuba-nicht-im-stich-lassen\/\",\"url\":\"https:\/\/now-news.de\/de\/deutschland\/russlands-vize-aussenminister-werden-kuba-nicht-im-stich-lassen\/\",\"name\":\"Russlands Vize-Au\u00dfenminister: Werden Kuba nicht im Stich lassen - just-now.NEWS Deutschland\",\"isPartOf\":{\"@id\":\"https:\/\/now-news.de\/de\/#website\"},\"primaryImageOfPage\":{\"@id\":\"https:\/\/now-news.de\/de\/deutschland\/russlands-vize-aussenminister-werden-kuba-nicht-im-stich-lassen\/#primaryimage\"},\"image\":{\"@id\":\"https:\/\/now-news.de\/de\/deutschland\/russlands-vize-aussenminister-werden-kuba-nicht-im-stich-lassen\/#primaryimage\"},\"thumbnailUrl\":\"https:\/\/now-news.de\/de\/wp-content\/uploads\/sites\/3\/2026\/04\/Russlands-Vize-Aussenminister-Werden-Kuba-nicht-im-Stich-lassen.jpg\",\"datePublished\":\"2026-04-01T17:34:44+00:00\",\"dateModified\":\"2026-04-01T17:34:44+00:00\",\"breadcrumb\":{\"@id\":\"https:\/\/now-news.de\/de\/deutschland\/russlands-vize-aussenminister-werden-kuba-nicht-im-stich-lassen\/#breadcrumb\"},\"inLanguage\":\"de\",\"potentialAction\":[{\"@type\":\"ReadAction\",\"target\":[\"https:\/\/now-news.de\/de\/deutschland\/russlands-vize-aussenminister-werden-kuba-nicht-im-stich-lassen\/\"]}]},{\"@type\":\"ImageObject\",\"inLanguage\":\"de\",\"@id\":\"https:\/\/now-news.de\/de\/deutschland\/russlands-vize-aussenminister-werden-kuba-nicht-im-stich-lassen\/#primaryimage\",\"url\":\"https:\/\/now-news.de\/de\/wp-content\/uploads\/sites\/3\/2026\/04\/Russlands-Vize-Aussenminister-Werden-Kuba-nicht-im-Stich-lassen.jpg\",\"contentUrl\":\"https:\/\/now-news.de\/de\/wp-content\/uploads\/sites\/3\/2026\/04\/Russlands-Vize-Aussenminister-Werden-Kuba-nicht-im-Stich-lassen.jpg\",\"width\":460,\"height\":259,\"caption\":\"Russlands Vize-Au\u00dfenminister: Werden Kuba nicht im Stich lassen\"},{\"@type\":\"BreadcrumbList\",\"@id\":\"https:\/\/now-news.de\/de\/deutschland\/russlands-vize-aussenminister-werden-kuba-nicht-im-stich-lassen\/#breadcrumb\",\"itemListElement\":[{\"@type\":\"ListItem\",\"position\":1,\"name\":\"Home\",\"item\":\"https:\/\/now-news.de\/de\/\"},{\"@type\":\"ListItem\",\"position\":2,\"name\":\"Russlands Vize-Au\u00dfenminister: Werden Kuba nicht im Stich lassen\"}]},{\"@type\":\"WebSite\",\"@id\":\"https:\/\/now-news.de\/de\/#website\",\"url\":\"https:\/\/now-news.de\/de\/\",\"name\":\"just-now.NEWS Deutschland\",\"description\":\"Das Portal f\u00fcr unzensierte Nachrichten aus der Welt\",\"publisher\":{\"@id\":\"https:\/\/now-news.de\/de\/#organization\"},\"potentialAction\":[{\"@type\":\"SearchAction\",\"target\":{\"@type\":\"EntryPoint\",\"urlTemplate\":\"https:\/\/now-news.de\/de\/?s={search_term_string}\"},\"query-input\":\"required name=search_term_string\"}],\"inLanguage\":\"de\"},{\"@type\":\"Organization\",\"@id\":\"https:\/\/now-news.de\/de\/#organization\",\"name\":\"Just Now News\",\"url\":\"https:\/\/now-news.de\/de\/\",\"logo\":{\"@type\":\"ImageObject\",\"inLanguage\":\"de\",\"@id\":\"https:\/\/now-news.de\/de\/#\/schema\/logo\/image\/\",\"url\":\"http:\/\/just-now.news\/de\/wp-content\/uploads\/sites\/3\/2022\/04\/logo500x500.jpg\",\"contentUrl\":\"http:\/\/just-now.news\/de\/wp-content\/uploads\/sites\/3\/2022\/04\/logo500x500.jpg\",\"width\":500,\"height\":500,\"caption\":\"Just Now News\"},\"image\":{\"@id\":\"https:\/\/now-news.de\/de\/#\/schema\/logo\/image\/\"},\"sameAs\":[\"https:\/\/www.facebook.com\/wirmachenauf\",\"https:\/\/x.com\/WirMachenAuf_de\"]},{\"@type\":\"Person\",\"@id\":\"https:\/\/now-news.de\/de\/#\/schema\/person\/fb534a4e865501d8b3285208df34a9b5\",\"name\":\"rtnews\",\"image\":{\"@type\":\"ImageObject\",\"inLanguage\":\"de\",\"@id\":\"https:\/\/now-news.de\/de\/#\/schema\/person\/image\/\",\"url\":\"https:\/\/secure.gravatar.com\/avatar\/82aafea7d8127119dd649515f56e2117?s=96&d=mm&r=g\",\"contentUrl\":\"https:\/\/secure.gravatar.com\/avatar\/82aafea7d8127119dd649515f56e2117?s=96&d=mm&r=g\",\"caption\":\"rtnews\"},\"url\":\"https:\/\/now-news.de\/de\/author\/rnews\/\"}]}<\/script>\n<!-- \/ Yoast SEO Premium plugin. -->","yoast_head_json":{"title":"Russlands Vize-Au\u00dfenminister: Werden Kuba nicht im Stich lassen - just-now.NEWS Deutschland","robots":{"index":"index","follow":"follow","max-snippet":"max-snippet:-1","max-image-preview":"max-image-preview:large","max-video-preview":"max-video-preview:-1"},"canonical":"https:\/\/now-news.de\/de\/deutschland\/russlands-vize-aussenminister-werden-kuba-nicht-im-stich-lassen\/","og_locale":"de_DE","og_type":"article","og_title":"Russlands Vize-Au\u00dfenminister: Werden Kuba nicht im Stich lassen","og_description":"Sergei Rjabkow, Russlands stellvertretender Au\u00dfenminister, bezeichnet die Wiederaufnahme der \u00d6llieferungen an die Insel als einen &#8220;Sieg des gesunden Menschenverstands&#8221;. Der Diplomat betont, dass Kuba Moskaus wichtigster Partner in der Karibik bleibe und nicht im Stich gelassen werde. Kuba bleibt Russlands wichtigster Partner in der Karibik und wird von Moskau auch weiterhin Unterst\u00fctzung erhalten, sagte Russlands [&hellip;]","og_url":"https:\/\/now-news.de\/de\/deutschland\/russlands-vize-aussenminister-werden-kuba-nicht-im-stich-lassen\/","og_site_name":"just-now.NEWS Deutschland","article_publisher":"https:\/\/www.facebook.com\/wirmachenauf","article_published_time":"2026-04-01T17:34:44+00:00","og_image":[{"url":"https:\/\/now-news.de\/de\/wp-content\/uploads\/sites\/3\/2026\/04\/69cd067eb480cc79561ea2e4.jpg"}],"author":"rtnews","twitter_card":"summary_large_image","twitter_creator":"@WirMachenAuf_de","twitter_site":"@WirMachenAuf_de","twitter_misc":{"Verfasst von":"rtnews","Gesch\u00e4tzte Lesezeit":"2\u00a0Minuten"},"schema":{"@context":"https:\/\/schema.org","@graph":[{"@type":"Article","@id":"https:\/\/now-news.de\/de\/deutschland\/russlands-vize-aussenminister-werden-kuba-nicht-im-stich-lassen\/#article","isPartOf":{"@id":"https:\/\/now-news.de\/de\/deutschland\/russlands-vize-aussenminister-werden-kuba-nicht-im-stich-lassen\/"},"author":{"name":"rtnews","@id":"https:\/\/now-news.de\/de\/#\/schema\/person\/fb534a4e865501d8b3285208df34a9b5"},"headline":"Russlands Vize-Au\u00dfenminister: Werden Kuba nicht im Stich lassen","datePublished":"2026-04-01T17:34:44+00:00","dateModified":"2026-04-01T17:34:44+00:00","mainEntityOfPage":{"@id":"https:\/\/now-news.de\/de\/deutschland\/russlands-vize-aussenminister-werden-kuba-nicht-im-stich-lassen\/"},"wordCount":319,"commentCount":0,"publisher":{"@id":"https:\/\/now-news.de\/de\/#organization"},"image":{"@id":"https:\/\/now-news.de\/de\/deutschland\/russlands-vize-aussenminister-werden-kuba-nicht-im-stich-lassen\/#primaryimage"},"thumbnailUrl":"https:\/\/now-news.de\/de\/wp-content\/uploads\/sites\/3\/2026\/04\/Russlands-Vize-Aussenminister-Werden-Kuba-nicht-im-Stich-lassen.jpg","keywords":["Kuba","lassen","nicht","Russlands","Stich","Vizeau\u00dfenminister","Werden"],"articleSection":["Deutschland","Russland"],"inLanguage":"de","potentialAction":[{"@type":"CommentAction","name":"Comment","target":["https:\/\/now-news.de\/de\/deutschland\/russlands-vize-aussenminister-werden-kuba-nicht-im-stich-lassen\/#respond"]}]},{"@type":"WebPage","@id":"https:\/\/now-news.de\/de\/deutschland\/russlands-vize-aussenminister-werden-kuba-nicht-im-stich-lassen\/","url":"https:\/\/now-news.de\/de\/deutschland\/russlands-vize-aussenminister-werden-kuba-nicht-im-stich-lassen\/","name":"Russlands Vize-Au\u00dfenminister: Werden Kuba nicht im Stich lassen - just-now.NEWS Deutschland","isPartOf":{"@id":"https:\/\/now-news.de\/de\/#website"},"primaryImageOfPage":{"@id":"https:\/\/now-news.de\/de\/deutschland\/russlands-vize-aussenminister-werden-kuba-nicht-im-stich-lassen\/#primaryimage"},"image":{"@id":"https:\/\/now-news.de\/de\/deutschland\/russlands-vize-aussenminister-werden-kuba-nicht-im-stich-lassen\/#primaryimage"},"thumbnailUrl":"https:\/\/now-news.de\/de\/wp-content\/uploads\/sites\/3\/2026\/04\/Russlands-Vize-Aussenminister-Werden-Kuba-nicht-im-Stich-lassen.jpg","datePublished":"2026-04-01T17:34:44+00:00","dateModified":"2026-04-01T17:34:44+00:00","breadcrumb":{"@id":"https:\/\/now-news.de\/de\/deutschland\/russlands-vize-aussenminister-werden-kuba-nicht-im-stich-lassen\/#breadcrumb"},"inLanguage":"de","potentialAction":[{"@type":"ReadAction","target":["https:\/\/now-news.de\/de\/deutschland\/russlands-vize-aussenminister-werden-kuba-nicht-im-stich-lassen\/"]}]},{"@type":"ImageObject","inLanguage":"de","@id":"https:\/\/now-news.de\/de\/deutschland\/russlands-vize-aussenminister-werden-kuba-nicht-im-stich-lassen\/#primaryimage","url":"https:\/\/now-news.de\/de\/wp-content\/uploads\/sites\/3\/2026\/04\/Russlands-Vize-Aussenminister-Werden-Kuba-nicht-im-Stich-lassen.jpg","contentUrl":"https:\/\/now-news.de\/de\/wp-content\/uploads\/sites\/3\/2026\/04\/Russlands-Vize-Aussenminister-Werden-Kuba-nicht-im-Stich-lassen.jpg","width":460,"height":259,"caption":"Russlands Vize-Au\u00dfenminister: Werden Kuba nicht im Stich lassen"},{"@type":"BreadcrumbList","@id":"https:\/\/now-news.de\/de\/deutschland\/russlands-vize-aussenminister-werden-kuba-nicht-im-stich-lassen\/#breadcrumb","itemListElement":[{"@type":"ListItem","position":1,"name":"Home","item":"https:\/\/now-news.de\/de\/"},{"@type":"ListItem","position":2,"name":"Russlands Vize-Au\u00dfenminister: Werden Kuba nicht im Stich lassen"}]},{"@type":"WebSite","@id":"https:\/\/now-news.de\/de\/#website","url":"https:\/\/now-news.de\/de\/","name":"just-now.NEWS Deutschland","description":"Das Portal f\u00fcr unzensierte Nachrichten aus der Welt","publisher":{"@id":"https:\/\/now-news.de\/de\/#organization"},"potentialAction":[{"@type":"SearchAction","target":{"@type":"EntryPoint","urlTemplate":"https:\/\/now-news.de\/de\/?s={search_term_string}"},"query-input":"required name=search_term_string"}],"inLanguage":"de"},{"@type":"Organization","@id":"https:\/\/now-news.de\/de\/#organization","name":"Just Now News","url":"https:\/\/now-news.de\/de\/","logo":{"@type":"ImageObject","inLanguage":"de","@id":"https:\/\/now-news.de\/de\/#\/schema\/logo\/image\/","url":"http:\/\/just-now.news\/de\/wp-content\/uploads\/sites\/3\/2022\/04\/logo500x500.jpg","contentUrl":"http:\/\/just-now.news\/de\/wp-content\/uploads\/sites\/3\/2022\/04\/logo500x500.jpg","width":500,"height":500,"caption":"Just Now News"},"image":{"@id":"https:\/\/now-news.de\/de\/#\/schema\/logo\/image\/"},"sameAs":["https:\/\/www.facebook.com\/wirmachenauf","https:\/\/x.com\/WirMachenAuf_de"]},{"@type":"Person","@id":"https:\/\/now-news.de\/de\/#\/schema\/person\/fb534a4e865501d8b3285208df34a9b5","name":"rtnews","image":{"@type":"ImageObject","inLanguage":"de","@id":"https:\/\/now-news.de\/de\/#\/schema\/person\/image\/","url":"https:\/\/secure.gravatar.com\/avatar\/82aafea7d8127119dd649515f56e2117?s=96&d=mm&r=g","contentUrl":"https:\/\/secure.gravatar.com\/avatar\/82aafea7d8127119dd649515f56e2117?s=96&d=mm&r=g","caption":"rtnews"},"url":"https:\/\/now-news.de\/de\/author\/rnews\/"}]}},"_links":{"self":[{"href":"https:\/\/now-news.de\/de\/wp-json\/wp\/v2\/posts\/101141"}],"collection":[{"href":"https:\/\/now-news.de\/de\/wp-json\/wp\/v2\/posts"}],"about":[{"href":"https:\/\/now-news.de\/de\/wp-json\/wp\/v2\/types\/post"}],"author":[{"embeddable":true,"href":"https:\/\/now-news.de\/de\/wp-json\/wp\/v2\/users\/3"}],"replies":[{"embeddable":true,"href":"https:\/\/now-news.de\/de\/wp-json\/wp\/v2\/comments?post=101141"}],"version-history":[{"count":0,"href":"https:\/\/now-news.de\/de\/wp-json\/wp\/v2\/posts\/101141\/revisions"}],"wp:featuredmedia":[{"embeddable":true,"href":"https:\/\/now-news.de\/de\/wp-json\/wp\/v2\/media\/101142"}],"wp:attachment":[{"href":"https:\/\/now-news.de\/de\/wp-json\/wp\/v2\/media?parent=101141"}],"wp:term":[{"taxonomy":"category","embeddable":true,"href":"https:\/\/now-news.de\/de\/wp-json\/wp\/v2\/categories?post=101141"},{"taxonomy":"post_tag","embeddable":true,"href":"https:\/\/now-news.de\/de\/wp-json\/wp\/v2\/tags?post=101141"}],"curies":[{"name":"wp","href":"https:\/\/api.w.org\/{rel}","templated":true}]}}