{"id":101138,"date":"2026-04-01T18:44:59","date_gmt":"2026-04-01T16:44:59","guid":{"rendered":"https:\/\/now-news.de\/de\/deutschland\/ungarn-orbans-partei-fidesz-faellt-in-umfragen-weiter-zurueck\/"},"modified":"2026-04-01T18:44:59","modified_gmt":"2026-04-01T16:44:59","slug":"ungarn-orbans-partei-fidesz-faellt-in-umfragen-weiter-zurueck","status":"publish","type":"post","link":"https:\/\/now-news.de\/de\/deutschland\/ungarn-orbans-partei-fidesz-faellt-in-umfragen-weiter-zurueck\/","title":{"rendered":"Ungarn: Orb\u00e1ns Partei Fidesz f\u00e4llt in Umfragen weiter zur\u00fcck"},"content":{"rendered":"<p><img decoding=\"async\" src=\"https:\/\/now-news.de\/de\/wp-content\/uploads\/sites\/3\/2026\/04\/69ccf72c48fbef76cc2be2cf.jpg\" \/><\/p>\n<div class=\"Text-root Text-type_1 \">\n                J\u00fcngste Umfrageergebnisse in Ungarn sollen belegen, dass die B\u00fcrger aktuell dem Oppositionsf\u00fchrer P\u00e9ter Magyar einen offensichtlichen Vorsprung verschaffen. Die Partei von Ministerpr\u00e4sident Viktor Orb\u00e1n verliert demgegen\u00fcber leicht an Zustimmung.\n            <\/div>\n<p><\/p>\n<div class=\"Text-root Text-type_5 ArticleView-text ViewText-root \">\n<p>Rund\u00a0zwei Wochen vor der Parlamentswahl in Ungarn baut die oppositionelle Partei Tisza unter F\u00fchrung von Oppositionsf\u00fchrer P\u00e9ter Magyar laut Agenturmeldungen ihren Vorsprung vor der Regierungspartei Fidesz von Ministerpr\u00e4sident Viktor Orb\u00e1n aus, so <a rel=\"nofollow\" target=\"_blank\" href=\"https:\/\/archive.ph\/TLLjn#selection-1203.0-1214.0\" target=\"_blank\" rel=\"noopener noreferrer\">Ergebnisse<\/a> der j\u00fcngsten Umfrage. Demnach k\u00f6nnte\u00a0Orb\u00e1n haupts\u00e4chlich zum Thema seines internationalen Agierens und der EU-Kritik bei der Bev\u00f6lkerung punkten.<\/p>\n<p>Am 12. April werden die B\u00fcrger Ungarns an die Wahlurne gerufen.\u00a0Eine am Mittwoch ver\u00f6ffentlichte Umfrage ergab laut Agenturmeldungen, dass die Mitte-Rechts-Oppositionspartei Tisza &#8220;im M\u00e4rz ihren Vorsprung gegen\u00fcber der Fidesz-Partei von Ministerpr\u00e4sident Viktor Orb\u00e1n ausgebaut hat&#8221;. Zitiert werden hierbei Umfrageergebnisse des &#8220;21 Research Centre&#8221; mit Sitz in Budapest.\u00a0<\/p>\n<p>Das Institut gibt dabei selbst an, dass es\u00a0<a rel=\"nofollow\" target=\"_blank\" href=\"https:\/\/www.21kutatokozpont.hu\/grants.html?utm_source\" target=\"_blank\" rel=\"noopener noreferrer\">F\u00f6rdermittel<\/a>\u00a0aus EU-Programmen erh\u00e4lt,\u00a0so unter anderem Gelder aus dem Fond f\u00fcr sogenannte &#8220;<a rel=\"nofollow\" target=\"_blank\" href=\"https:\/\/www.kontaktstelle-cerv.de\/cerv-programm\" target=\"_blank\" rel=\"noopener noreferrer\">CERV-Projekte<\/a>&#8221; sowie Kooperationen mit der Friedrich-Naumann-Stiftung in Deutschland unterh\u00e4lt. Die dem Springer-Verlag zugeh\u00f6rige\u00a0<em>Welt<\/em>-Zeitung\u00a0<a rel=\"nofollow\" target=\"_blank\" href=\"https:\/\/www.welt.de\/politik\/ausland\/article69ccdd12a1f688284ddfb843\/ungarn-orbans-partei-faellt-in-umfrage-weiter-zurueck-oppositionsfuehrer-legt-deutlich-zu.html\" target=\"_blank\" rel=\"noopener noreferrer\">informiert<\/a>\u00a0w\u00f6rtlich, dass &#8220;die Institute 21 Research Centre und Zavecz Research als \u200cpolitisch \u200cunabh\u00e4ngig gelten&#8221;.<\/p>\n<p>Zu den Ergebnissen hei\u00dft es, dass die\u00a0Tisza-Partei demnach\u00a0auf 56 Prozent Zustimmung bei den Befragten kommt, drei Prozentpunkte mehr als Anfang M\u00e4rz. Die Fidesz-Partei des seit 16 Jahren regierenden Orban verliert dagegen zwei Punkte und liegt bei 37 Prozent.\u00a0Der lautstarke Br\u00fcssel-Kritiker ist dabei mit deutlichem Abstand der dienst\u00e4lteste Regierungschef der EU.\u00a0<\/p>\n<p>Laut einem vom Nachrichtenportal 24.hu ver\u00f6ffentlichten Umfrageergebnis seien jedoch 26 Prozent der Befragten &#8220;noch unentschlossen&#8221;. Eine dritte am Dienstag ver\u00f6ffentlichte Umfrage des Instituts Zavecz Research best\u00e4tigt diesen Trend. Hier verbessert sich die Tisza-Partei von Oppositionsf\u00fchrer P\u00e9ter Magyar um einen Punkt auf 51 Prozent, Fidesz bleibt unver\u00e4ndert bei 38 Prozent. Ein Anteil von 20 Prozent der Befragten gab an, sich bez\u00fcglich ihrer finalen Wahlentscheidung noch nicht abschlie\u00dfend festgelegt zu haben.<\/p>\n<p><em>Der Spiegel<\/em>\u00a0kommentiert zum laufenden Wahlkampf in Ungarn (Bezahlschranke):<\/p>\n<p><em>&#8220;Es herrscht Aufbruchstimmung. Ist das schon Endzeitstimmung in Orb\u00e1nistan, einem &#8216;postkommunistischen Mafiastaat&#8217;, der vom Clan des Premierministers regiert wird, so das vernichtende Urteil des Soziologen und fr\u00fcheren Bildungsministers B\u00e1lint Magyar? Droht dem erfolgsgewissen Machtmenschen Orb\u00e1n ein historischer Schiffbruch? Ihm, der sich bisher alle vier Jahre erfolgreich an der Wahlurne das Oberkommando \u00fcber eine zunehmend ausgeh\u00f6hlte Demokratie absegnen lie\u00df? Es herrscht jedenfalls Aufbruchstimmung im Land wie seit Langem nicht mehr \u2013 obwohl der Wahlausgang weiter unklar ist.&#8221;<\/em><\/p>\n<p>Die\u00a0<em>ARD<\/em>-Tagesschau\u00a0<a rel=\"nofollow\" target=\"_blank\" href=\"https:\/\/www.tagesschau.de\/ausland\/europa\/ungarn-parlamentswahl-proteste-100.html\" target=\"_blank\" rel=\"noopener noreferrer\">berichtete<\/a>\u00a0Mitte M\u00e4rz nach zwei Gro\u00dfdemonstrationen in Budapest, jeweils veranstaltet von den beiden f\u00fchrenden Parteien, sowie zu den Wahrnehmungen der politischen Kontrahenten :<\/p>\n<p><em>&#8220;Orb\u00e1n versuchte wiederholt, seinen Konkurrenten als &#8216;Marionette&#8217; Br\u00fcssels und Selenskijs darzustellen, und warf Magyar vor, er wolle Ungarn in den Krieg mit Russland hineinziehen. Magyar wiederum warf Orb\u00e1n vor, sich mithilfe des russischen Pr\u00e4sidenten Wladimir Putin an der Macht halten zu wollen. Zudem beschuldigt er die Regierung, Milliarden Euro veruntreut zu haben und zivile Freiheiten zu beschneiden.&#8221;<\/em><\/p>\n<p>Orb\u00e1n gestaltet seinen Wahlkampf prim\u00e4r mit einer Fokussierung\u00a0auf internationale Themenfelder, wohingegen der Oppositionskandidat sich der Bek\u00e4mpfung der Korruption innerhalb des Landes, der Freisetzung blockierter EU-Gelder in Milliardenh\u00f6he sowie der festen Verankerung Ungarns in der EU und der NATO verschreibt.<\/p>\n<p data-start=\"307\" data-end=\"392\"><strong>Mehr zum Thema &#8211;<\/strong>\u00a0<a rel=\"nofollow\" target=\"_blank\" href=\"https:\/\/freedert.online\/europa\/274968-kampf-um-ungarn-ukraine-conncetion\/\" target=\"_blank\" rel=\"noopener noreferrer\">Kampf um Ungarn: Die Ukraine-Connection <\/a><\/p>\n<div class=\"EmbedBlock-root EmbedBlock-externalVideo EmbedBlock-rumble\">\n<div class=\"VkEmbed\"><iframe class=\"lazyload\" data-src=\"https:\/\/rumble.com\/embed\/v75om14\" frameborder=\"0\" width=\"853\" height=\"480\" allowfullscreen><\/iframe><\/div>\n<\/div>\n<\/div>\n<p><br \/>\n<br \/><a href=\"https:\/\/de.rt.com\/europa\/275564-ungarn-aktuelle-umfrage-bescheinigt-orban\/\">Source link <\/a><\/p>\n","protected":false},"excerpt":{"rendered":"<p>J\u00fcngste Umfrageergebnisse in Ungarn sollen belegen, dass die B\u00fcrger aktuell dem Oppositionsf\u00fchrer P\u00e9ter Magyar einen offensichtlichen Vorsprung verschaffen. Die Partei von Ministerpr\u00e4sident Viktor Orb\u00e1n verliert demgegen\u00fcber leicht an Zustimmung. Rund\u00a0zwei Wochen vor der Parlamentswahl in Ungarn baut die oppositionelle Partei Tisza unter F\u00fchrung von Oppositionsf\u00fchrer P\u00e9ter Magyar laut Agenturmeldungen ihren Vorsprung vor der Regierungspartei Fidesz [&hellip;]<\/p>\n","protected":false},"author":3,"featured_media":101139,"comment_status":"open","ping_status":"open","sticky":false,"template":"","format":"standard","meta":{"_yoast_indexnow_last_ping":["1775062067"],"wp_automatic_camp":["217"],"2739f0b2008edcf49f1e2114308c972a":["Ungarn: Orb\u00e1ns Partei Fidesz f\u00e4llt in Umfragen weiter zur\u00fcck"],"original_link":["https:\/\/de.rt.com\/europa\/275564-ungarn-aktuelle-umfrage-bescheinigt-orban\/"],"_thumbnail_id":["101139"],"jnews_social_counter_last_update":["1777153435"],"_wptgpro_p2tg_sent2tg":["a:1:{i:23737;s:19:\"2026-04-01 18:48:52\";}"]},"categories":[19,23],"tags":[1939,72125,36291,2504,20169,11664,601,3337],"yoast_head":"<!-- This site is optimized with the Yoast SEO Premium plugin v22.7 (Yoast SEO v22.7) - https:\/\/yoast.com\/wordpress\/plugins\/seo\/ -->\n<title>Ungarn: Orb\u00e1ns Partei Fidesz f\u00e4llt in Umfragen weiter zur\u00fcck - just-now.NEWS Deutschland<\/title>\n<meta name=\"robots\" content=\"index, follow, max-snippet:-1, max-image-preview:large, max-video-preview:-1\" \/>\n<link rel=\"canonical\" href=\"https:\/\/now-news.de\/de\/deutschland\/ungarn-orbans-partei-fidesz-faellt-in-umfragen-weiter-zurueck\/\" \/>\n<meta property=\"og:locale\" content=\"de_DE\" \/>\n<meta property=\"og:type\" content=\"article\" \/>\n<meta property=\"og:title\" content=\"Ungarn: Orb\u00e1ns Partei Fidesz f\u00e4llt in Umfragen weiter zur\u00fcck\" \/>\n<meta property=\"og:description\" content=\"J\u00fcngste Umfrageergebnisse in Ungarn sollen belegen, dass die B\u00fcrger aktuell dem Oppositionsf\u00fchrer P\u00e9ter Magyar einen offensichtlichen Vorsprung verschaffen. Die Partei von Ministerpr\u00e4sident Viktor Orb\u00e1n verliert demgegen\u00fcber leicht an Zustimmung. Rund\u00a0zwei Wochen vor der Parlamentswahl in Ungarn baut die oppositionelle Partei Tisza unter F\u00fchrung von Oppositionsf\u00fchrer P\u00e9ter Magyar laut Agenturmeldungen ihren Vorsprung vor der Regierungspartei Fidesz [&hellip;]\" \/>\n<meta property=\"og:url\" content=\"https:\/\/now-news.de\/de\/deutschland\/ungarn-orbans-partei-fidesz-faellt-in-umfragen-weiter-zurueck\/\" \/>\n<meta property=\"og:site_name\" content=\"just-now.NEWS Deutschland\" \/>\n<meta property=\"article:publisher\" content=\"https:\/\/www.facebook.com\/wirmachenauf\" \/>\n<meta property=\"article:published_time\" content=\"2026-04-01T16:44:59+00:00\" \/>\n<meta property=\"og:image\" content=\"https:\/\/now-news.de\/de\/wp-content\/uploads\/sites\/3\/2026\/04\/69ccf72c48fbef76cc2be2cf.jpg\" \/>\n<meta name=\"author\" content=\"rtnews\" \/>\n<meta name=\"twitter:card\" content=\"summary_large_image\" \/>\n<meta name=\"twitter:creator\" content=\"@WirMachenAuf_de\" \/>\n<meta name=\"twitter:site\" content=\"@WirMachenAuf_de\" \/>\n<meta name=\"twitter:label1\" content=\"Verfasst von\" \/>\n\t<meta name=\"twitter:data1\" content=\"rtnews\" \/>\n\t<meta name=\"twitter:label2\" content=\"Gesch\u00e4tzte Lesezeit\" \/>\n\t<meta name=\"twitter:data2\" content=\"3\u00a0Minuten\" \/>\n<script type=\"application\/ld+json\" class=\"yoast-schema-graph\">{\"@context\":\"https:\/\/schema.org\",\"@graph\":[{\"@type\":\"Article\",\"@id\":\"https:\/\/now-news.de\/de\/deutschland\/ungarn-orbans-partei-fidesz-faellt-in-umfragen-weiter-zurueck\/#article\",\"isPartOf\":{\"@id\":\"https:\/\/now-news.de\/de\/deutschland\/ungarn-orbans-partei-fidesz-faellt-in-umfragen-weiter-zurueck\/\"},\"author\":{\"name\":\"rtnews\",\"@id\":\"https:\/\/now-news.de\/de\/#\/schema\/person\/fb534a4e865501d8b3285208df34a9b5\"},\"headline\":\"Ungarn: Orb\u00e1ns Partei Fidesz f\u00e4llt in Umfragen weiter zur\u00fcck\",\"datePublished\":\"2026-04-01T16:44:59+00:00\",\"dateModified\":\"2026-04-01T16:44:59+00:00\",\"mainEntityOfPage\":{\"@id\":\"https:\/\/now-news.de\/de\/deutschland\/ungarn-orbans-partei-fidesz-faellt-in-umfragen-weiter-zurueck\/\"},\"wordCount\":579,\"commentCount\":0,\"publisher\":{\"@id\":\"https:\/\/now-news.de\/de\/#organization\"},\"image\":{\"@id\":\"https:\/\/now-news.de\/de\/deutschland\/ungarn-orbans-partei-fidesz-faellt-in-umfragen-weiter-zurueck\/#primaryimage\"},\"thumbnailUrl\":\"https:\/\/now-news.de\/de\/wp-content\/uploads\/sites\/3\/2026\/04\/Ungarn-Orbans-Partei-Fidesz-faellt-in-Umfragen-weiter-zurueck.jpg\",\"keywords\":[\"f\u00e4llt\",\"Fidesz\",\"Orb\u00e1ns\",\"Partei\",\"Umfragen\",\"Ungarn\",\"weiter\",\"zur\u00fcck\"],\"articleSection\":[\"Deutschland\",\"Russland\"],\"inLanguage\":\"de\",\"potentialAction\":[{\"@type\":\"CommentAction\",\"name\":\"Comment\",\"target\":[\"https:\/\/now-news.de\/de\/deutschland\/ungarn-orbans-partei-fidesz-faellt-in-umfragen-weiter-zurueck\/#respond\"]}]},{\"@type\":\"WebPage\",\"@id\":\"https:\/\/now-news.de\/de\/deutschland\/ungarn-orbans-partei-fidesz-faellt-in-umfragen-weiter-zurueck\/\",\"url\":\"https:\/\/now-news.de\/de\/deutschland\/ungarn-orbans-partei-fidesz-faellt-in-umfragen-weiter-zurueck\/\",\"name\":\"Ungarn: Orb\u00e1ns Partei Fidesz f\u00e4llt in Umfragen weiter zur\u00fcck - just-now.NEWS Deutschland\",\"isPartOf\":{\"@id\":\"https:\/\/now-news.de\/de\/#website\"},\"primaryImageOfPage\":{\"@id\":\"https:\/\/now-news.de\/de\/deutschland\/ungarn-orbans-partei-fidesz-faellt-in-umfragen-weiter-zurueck\/#primaryimage\"},\"image\":{\"@id\":\"https:\/\/now-news.de\/de\/deutschland\/ungarn-orbans-partei-fidesz-faellt-in-umfragen-weiter-zurueck\/#primaryimage\"},\"thumbnailUrl\":\"https:\/\/now-news.de\/de\/wp-content\/uploads\/sites\/3\/2026\/04\/Ungarn-Orbans-Partei-Fidesz-faellt-in-Umfragen-weiter-zurueck.jpg\",\"datePublished\":\"2026-04-01T16:44:59+00:00\",\"dateModified\":\"2026-04-01T16:44:59+00:00\",\"breadcrumb\":{\"@id\":\"https:\/\/now-news.de\/de\/deutschland\/ungarn-orbans-partei-fidesz-faellt-in-umfragen-weiter-zurueck\/#breadcrumb\"},\"inLanguage\":\"de\",\"potentialAction\":[{\"@type\":\"ReadAction\",\"target\":[\"https:\/\/now-news.de\/de\/deutschland\/ungarn-orbans-partei-fidesz-faellt-in-umfragen-weiter-zurueck\/\"]}]},{\"@type\":\"ImageObject\",\"inLanguage\":\"de\",\"@id\":\"https:\/\/now-news.de\/de\/deutschland\/ungarn-orbans-partei-fidesz-faellt-in-umfragen-weiter-zurueck\/#primaryimage\",\"url\":\"https:\/\/now-news.de\/de\/wp-content\/uploads\/sites\/3\/2026\/04\/Ungarn-Orbans-Partei-Fidesz-faellt-in-Umfragen-weiter-zurueck.jpg\",\"contentUrl\":\"https:\/\/now-news.de\/de\/wp-content\/uploads\/sites\/3\/2026\/04\/Ungarn-Orbans-Partei-Fidesz-faellt-in-Umfragen-weiter-zurueck.jpg\",\"width\":460,\"height\":259,\"caption\":\"Ungarn: Orb\u00e1ns Partei Fidesz f\u00e4llt in Umfragen weiter zur\u00fcck\"},{\"@type\":\"BreadcrumbList\",\"@id\":\"https:\/\/now-news.de\/de\/deutschland\/ungarn-orbans-partei-fidesz-faellt-in-umfragen-weiter-zurueck\/#breadcrumb\",\"itemListElement\":[{\"@type\":\"ListItem\",\"position\":1,\"name\":\"Home\",\"item\":\"https:\/\/now-news.de\/de\/\"},{\"@type\":\"ListItem\",\"position\":2,\"name\":\"Ungarn: Orb\u00e1ns Partei Fidesz f\u00e4llt in Umfragen weiter zur\u00fcck\"}]},{\"@type\":\"WebSite\",\"@id\":\"https:\/\/now-news.de\/de\/#website\",\"url\":\"https:\/\/now-news.de\/de\/\",\"name\":\"just-now.NEWS Deutschland\",\"description\":\"Das Portal f\u00fcr unzensierte Nachrichten aus der Welt\",\"publisher\":{\"@id\":\"https:\/\/now-news.de\/de\/#organization\"},\"potentialAction\":[{\"@type\":\"SearchAction\",\"target\":{\"@type\":\"EntryPoint\",\"urlTemplate\":\"https:\/\/now-news.de\/de\/?s={search_term_string}\"},\"query-input\":\"required name=search_term_string\"}],\"inLanguage\":\"de\"},{\"@type\":\"Organization\",\"@id\":\"https:\/\/now-news.de\/de\/#organization\",\"name\":\"Just Now News\",\"url\":\"https:\/\/now-news.de\/de\/\",\"logo\":{\"@type\":\"ImageObject\",\"inLanguage\":\"de\",\"@id\":\"https:\/\/now-news.de\/de\/#\/schema\/logo\/image\/\",\"url\":\"http:\/\/just-now.news\/de\/wp-content\/uploads\/sites\/3\/2022\/04\/logo500x500.jpg\",\"contentUrl\":\"http:\/\/just-now.news\/de\/wp-content\/uploads\/sites\/3\/2022\/04\/logo500x500.jpg\",\"width\":500,\"height\":500,\"caption\":\"Just Now News\"},\"image\":{\"@id\":\"https:\/\/now-news.de\/de\/#\/schema\/logo\/image\/\"},\"sameAs\":[\"https:\/\/www.facebook.com\/wirmachenauf\",\"https:\/\/x.com\/WirMachenAuf_de\"]},{\"@type\":\"Person\",\"@id\":\"https:\/\/now-news.de\/de\/#\/schema\/person\/fb534a4e865501d8b3285208df34a9b5\",\"name\":\"rtnews\",\"image\":{\"@type\":\"ImageObject\",\"inLanguage\":\"de\",\"@id\":\"https:\/\/now-news.de\/de\/#\/schema\/person\/image\/\",\"url\":\"https:\/\/secure.gravatar.com\/avatar\/82aafea7d8127119dd649515f56e2117?s=96&d=mm&r=g\",\"contentUrl\":\"https:\/\/secure.gravatar.com\/avatar\/82aafea7d8127119dd649515f56e2117?s=96&d=mm&r=g\",\"caption\":\"rtnews\"},\"url\":\"https:\/\/now-news.de\/de\/author\/rnews\/\"}]}<\/script>\n<!-- \/ Yoast SEO Premium plugin. -->","yoast_head_json":{"title":"Ungarn: Orb\u00e1ns Partei Fidesz f\u00e4llt in Umfragen weiter zur\u00fcck - just-now.NEWS Deutschland","robots":{"index":"index","follow":"follow","max-snippet":"max-snippet:-1","max-image-preview":"max-image-preview:large","max-video-preview":"max-video-preview:-1"},"canonical":"https:\/\/now-news.de\/de\/deutschland\/ungarn-orbans-partei-fidesz-faellt-in-umfragen-weiter-zurueck\/","og_locale":"de_DE","og_type":"article","og_title":"Ungarn: Orb\u00e1ns Partei Fidesz f\u00e4llt in Umfragen weiter zur\u00fcck","og_description":"J\u00fcngste Umfrageergebnisse in Ungarn sollen belegen, dass die B\u00fcrger aktuell dem Oppositionsf\u00fchrer P\u00e9ter Magyar einen offensichtlichen Vorsprung verschaffen. Die Partei von Ministerpr\u00e4sident Viktor Orb\u00e1n verliert demgegen\u00fcber leicht an Zustimmung. Rund\u00a0zwei Wochen vor der Parlamentswahl in Ungarn baut die oppositionelle Partei Tisza unter F\u00fchrung von Oppositionsf\u00fchrer P\u00e9ter Magyar laut Agenturmeldungen ihren Vorsprung vor der Regierungspartei Fidesz [&hellip;]","og_url":"https:\/\/now-news.de\/de\/deutschland\/ungarn-orbans-partei-fidesz-faellt-in-umfragen-weiter-zurueck\/","og_site_name":"just-now.NEWS Deutschland","article_publisher":"https:\/\/www.facebook.com\/wirmachenauf","article_published_time":"2026-04-01T16:44:59+00:00","og_image":[{"url":"https:\/\/now-news.de\/de\/wp-content\/uploads\/sites\/3\/2026\/04\/69ccf72c48fbef76cc2be2cf.jpg"}],"author":"rtnews","twitter_card":"summary_large_image","twitter_creator":"@WirMachenAuf_de","twitter_site":"@WirMachenAuf_de","twitter_misc":{"Verfasst von":"rtnews","Gesch\u00e4tzte Lesezeit":"3\u00a0Minuten"},"schema":{"@context":"https:\/\/schema.org","@graph":[{"@type":"Article","@id":"https:\/\/now-news.de\/de\/deutschland\/ungarn-orbans-partei-fidesz-faellt-in-umfragen-weiter-zurueck\/#article","isPartOf":{"@id":"https:\/\/now-news.de\/de\/deutschland\/ungarn-orbans-partei-fidesz-faellt-in-umfragen-weiter-zurueck\/"},"author":{"name":"rtnews","@id":"https:\/\/now-news.de\/de\/#\/schema\/person\/fb534a4e865501d8b3285208df34a9b5"},"headline":"Ungarn: Orb\u00e1ns Partei Fidesz f\u00e4llt in Umfragen weiter zur\u00fcck","datePublished":"2026-04-01T16:44:59+00:00","dateModified":"2026-04-01T16:44:59+00:00","mainEntityOfPage":{"@id":"https:\/\/now-news.de\/de\/deutschland\/ungarn-orbans-partei-fidesz-faellt-in-umfragen-weiter-zurueck\/"},"wordCount":579,"commentCount":0,"publisher":{"@id":"https:\/\/now-news.de\/de\/#organization"},"image":{"@id":"https:\/\/now-news.de\/de\/deutschland\/ungarn-orbans-partei-fidesz-faellt-in-umfragen-weiter-zurueck\/#primaryimage"},"thumbnailUrl":"https:\/\/now-news.de\/de\/wp-content\/uploads\/sites\/3\/2026\/04\/Ungarn-Orbans-Partei-Fidesz-faellt-in-Umfragen-weiter-zurueck.jpg","keywords":["f\u00e4llt","Fidesz","Orb\u00e1ns","Partei","Umfragen","Ungarn","weiter","zur\u00fcck"],"articleSection":["Deutschland","Russland"],"inLanguage":"de","potentialAction":[{"@type":"CommentAction","name":"Comment","target":["https:\/\/now-news.de\/de\/deutschland\/ungarn-orbans-partei-fidesz-faellt-in-umfragen-weiter-zurueck\/#respond"]}]},{"@type":"WebPage","@id":"https:\/\/now-news.de\/de\/deutschland\/ungarn-orbans-partei-fidesz-faellt-in-umfragen-weiter-zurueck\/","url":"https:\/\/now-news.de\/de\/deutschland\/ungarn-orbans-partei-fidesz-faellt-in-umfragen-weiter-zurueck\/","name":"Ungarn: Orb\u00e1ns Partei Fidesz f\u00e4llt in Umfragen weiter zur\u00fcck - just-now.NEWS Deutschland","isPartOf":{"@id":"https:\/\/now-news.de\/de\/#website"},"primaryImageOfPage":{"@id":"https:\/\/now-news.de\/de\/deutschland\/ungarn-orbans-partei-fidesz-faellt-in-umfragen-weiter-zurueck\/#primaryimage"},"image":{"@id":"https:\/\/now-news.de\/de\/deutschland\/ungarn-orbans-partei-fidesz-faellt-in-umfragen-weiter-zurueck\/#primaryimage"},"thumbnailUrl":"https:\/\/now-news.de\/de\/wp-content\/uploads\/sites\/3\/2026\/04\/Ungarn-Orbans-Partei-Fidesz-faellt-in-Umfragen-weiter-zurueck.jpg","datePublished":"2026-04-01T16:44:59+00:00","dateModified":"2026-04-01T16:44:59+00:00","breadcrumb":{"@id":"https:\/\/now-news.de\/de\/deutschland\/ungarn-orbans-partei-fidesz-faellt-in-umfragen-weiter-zurueck\/#breadcrumb"},"inLanguage":"de","potentialAction":[{"@type":"ReadAction","target":["https:\/\/now-news.de\/de\/deutschland\/ungarn-orbans-partei-fidesz-faellt-in-umfragen-weiter-zurueck\/"]}]},{"@type":"ImageObject","inLanguage":"de","@id":"https:\/\/now-news.de\/de\/deutschland\/ungarn-orbans-partei-fidesz-faellt-in-umfragen-weiter-zurueck\/#primaryimage","url":"https:\/\/now-news.de\/de\/wp-content\/uploads\/sites\/3\/2026\/04\/Ungarn-Orbans-Partei-Fidesz-faellt-in-Umfragen-weiter-zurueck.jpg","contentUrl":"https:\/\/now-news.de\/de\/wp-content\/uploads\/sites\/3\/2026\/04\/Ungarn-Orbans-Partei-Fidesz-faellt-in-Umfragen-weiter-zurueck.jpg","width":460,"height":259,"caption":"Ungarn: Orb\u00e1ns Partei Fidesz f\u00e4llt in Umfragen weiter zur\u00fcck"},{"@type":"BreadcrumbList","@id":"https:\/\/now-news.de\/de\/deutschland\/ungarn-orbans-partei-fidesz-faellt-in-umfragen-weiter-zurueck\/#breadcrumb","itemListElement":[{"@type":"ListItem","position":1,"name":"Home","item":"https:\/\/now-news.de\/de\/"},{"@type":"ListItem","position":2,"name":"Ungarn: Orb\u00e1ns Partei Fidesz f\u00e4llt in Umfragen weiter zur\u00fcck"}]},{"@type":"WebSite","@id":"https:\/\/now-news.de\/de\/#website","url":"https:\/\/now-news.de\/de\/","name":"just-now.NEWS Deutschland","description":"Das Portal f\u00fcr unzensierte Nachrichten aus der Welt","publisher":{"@id":"https:\/\/now-news.de\/de\/#organization"},"potentialAction":[{"@type":"SearchAction","target":{"@type":"EntryPoint","urlTemplate":"https:\/\/now-news.de\/de\/?s={search_term_string}"},"query-input":"required name=search_term_string"}],"inLanguage":"de"},{"@type":"Organization","@id":"https:\/\/now-news.de\/de\/#organization","name":"Just Now News","url":"https:\/\/now-news.de\/de\/","logo":{"@type":"ImageObject","inLanguage":"de","@id":"https:\/\/now-news.de\/de\/#\/schema\/logo\/image\/","url":"http:\/\/just-now.news\/de\/wp-content\/uploads\/sites\/3\/2022\/04\/logo500x500.jpg","contentUrl":"http:\/\/just-now.news\/de\/wp-content\/uploads\/sites\/3\/2022\/04\/logo500x500.jpg","width":500,"height":500,"caption":"Just Now News"},"image":{"@id":"https:\/\/now-news.de\/de\/#\/schema\/logo\/image\/"},"sameAs":["https:\/\/www.facebook.com\/wirmachenauf","https:\/\/x.com\/WirMachenAuf_de"]},{"@type":"Person","@id":"https:\/\/now-news.de\/de\/#\/schema\/person\/fb534a4e865501d8b3285208df34a9b5","name":"rtnews","image":{"@type":"ImageObject","inLanguage":"de","@id":"https:\/\/now-news.de\/de\/#\/schema\/person\/image\/","url":"https:\/\/secure.gravatar.com\/avatar\/82aafea7d8127119dd649515f56e2117?s=96&d=mm&r=g","contentUrl":"https:\/\/secure.gravatar.com\/avatar\/82aafea7d8127119dd649515f56e2117?s=96&d=mm&r=g","caption":"rtnews"},"url":"https:\/\/now-news.de\/de\/author\/rnews\/"}]}},"_links":{"self":[{"href":"https:\/\/now-news.de\/de\/wp-json\/wp\/v2\/posts\/101138"}],"collection":[{"href":"https:\/\/now-news.de\/de\/wp-json\/wp\/v2\/posts"}],"about":[{"href":"https:\/\/now-news.de\/de\/wp-json\/wp\/v2\/types\/post"}],"author":[{"embeddable":true,"href":"https:\/\/now-news.de\/de\/wp-json\/wp\/v2\/users\/3"}],"replies":[{"embeddable":true,"href":"https:\/\/now-news.de\/de\/wp-json\/wp\/v2\/comments?post=101138"}],"version-history":[{"count":0,"href":"https:\/\/now-news.de\/de\/wp-json\/wp\/v2\/posts\/101138\/revisions"}],"wp:featuredmedia":[{"embeddable":true,"href":"https:\/\/now-news.de\/de\/wp-json\/wp\/v2\/media\/101139"}],"wp:attachment":[{"href":"https:\/\/now-news.de\/de\/wp-json\/wp\/v2\/media?parent=101138"}],"wp:term":[{"taxonomy":"category","embeddable":true,"href":"https:\/\/now-news.de\/de\/wp-json\/wp\/v2\/categories?post=101138"},{"taxonomy":"post_tag","embeddable":true,"href":"https:\/\/now-news.de\/de\/wp-json\/wp\/v2\/tags?post=101138"}],"curies":[{"name":"wp","href":"https:\/\/api.w.org\/{rel}","templated":true}]}}