{"id":101114,"date":"2026-04-01T12:13:59","date_gmt":"2026-04-01T10:13:59","guid":{"rendered":"https:\/\/now-news.de\/de\/deutschland\/finnland-meldet-erneut-abgestuerzte-drohne-vermutlich-ukrainisch\/"},"modified":"2026-04-01T12:13:59","modified_gmt":"2026-04-01T10:13:59","slug":"finnland-meldet-erneut-abgestuerzte-drohne-vermutlich-ukrainisch","status":"publish","type":"post","link":"https:\/\/now-news.de\/de\/deutschland\/finnland-meldet-erneut-abgestuerzte-drohne-vermutlich-ukrainisch\/","title":{"rendered":"Finnland meldet erneut abgest\u00fcrzte Drohne \u2013 vermutlich ukrainisch"},"content":{"rendered":"<p><img decoding=\"async\" src=\"https:\/\/now-news.de\/de\/wp-content\/uploads\/sites\/3\/2026\/04\/69cce7cdb480cc7f673a9eb3.jpg\" \/><\/p>\n<div class=\"Text-root Text-type_1 \">\n                Am Dienstag haben die finnischen Beh\u00f6rden eine Drohne auf dem Eis eines Sees im Osten des Landes entdeckt. Laut Medienberichten geht es um einen ukrainischen Flugk\u00f6rper mit einer Sprengladung. Angaben \u00fcber Verletzte gibt es keine.\n            <\/div>\n<p><\/p>\n<div class=\"Text-root Text-type_5 ArticleView-text ViewText-root \">\n<p>Auf finnischem Boden ist erneut eine Drohne aufgetaucht. Wie die Nachrichtenagentur <em>ERR <\/em>mit Verweis auf den Grenzschutz berichtete, befand sich der Flugk\u00f6rper auf dem Eis des Pyh\u00e4j\u00e4rvi-Sees in Parikkala an der Ostgrenze des Landes. Der Gegenstand wurde am Dienstagmorgen entdeckt. Berichte \u00fcber Verletzte gibt es nicht.<\/p>\n<p>Laut dem Rundfunksender <em>Yle <\/em>gingen die finnischen Beh\u00f6rden davon aus, dass die Drohne,\u00a0best\u00fcckt mit einer Sprengladung, aus der Ukraine stammt. Das Flugger\u00e4t werde derzeit von Experten untersucht. Das Gebiet, in dem die Drohne abgest\u00fcrzt sei, werde abgesperrt, es gelte ein Flugverbot. Die Polizei habe ein Ermittlungsverfahren eingeleitet.<\/p>\n<p>Am vergangenen Wochenende st\u00fcrzten zwei Drohnen im S\u00fcdosten Finnlands ab. Die Luftstreitkr\u00e4fte des Landes gaben bekannt, dass eine der Drohnen als ukrainisch identifiziert wurde. Die Ukraine entschuldigte sich f\u00fcr den Drohnenvorfall.<\/p>\n<p>Au\u00dfer Finnland meldeten auch andere L\u00e4nder der Region den \u00dcberflug und Absturz von Drohnen. Das estnische Milit\u00e4r berichtete \u00fcber mehrere Drohnen, die in der Nacht zum Dienstag\u00a0in den Luftraum des Landes eindrangen. Es handele sich wohl um ukrainische Flugger\u00e4te, die bei Angriffen auf Russland vom Kurs abkamen. Luftalarm wurde ausgel\u00f6st, die Streitkr\u00e4fte schossen aber keine Ziele ab.<\/p>\n<p><strong>Mehr zum Thema<\/strong> \u2013 <a rel=\"nofollow\" target=\"_blank\" href=\"https:\/\/freedert.online\/europa\/275417-naechtlicher-alarm-ukrainische-drohnen-erreichen-estnischen-luftraum\/\" target=\"_blank\" rel=\"noopener noreferrer\">N\u00e4chtlicher Alarm: Ukrainische Drohnen erreichen estnischen Luftraum<\/a><\/p>\n<div class=\"EmbedBlock-root EmbedBlock-externalVideo EmbedBlock-rumble\">\n<div class=\"VkEmbed\"><iframe class=\"lazyload\" data-src=\"https:\/\/rumble.com\/embed\/v72hya4\" frameborder=\"0\" width=\"853\" height=\"480\" allowfullscreen><\/iframe><\/div>\n<\/div>\n<\/div>\n<p><br \/>\n<br \/><a href=\"https:\/\/de.rt.com\/europa\/275553-finnland-meldet-erneut-abgestuerzte-drohne\/\">Source link <\/a><\/p>\n","protected":false},"excerpt":{"rendered":"<p>Am Dienstag haben die finnischen Beh\u00f6rden eine Drohne auf dem Eis eines Sees im Osten des Landes entdeckt. Laut Medienberichten geht es um einen ukrainischen Flugk\u00f6rper mit einer Sprengladung. Angaben \u00fcber Verletzte gibt es keine. Auf finnischem Boden ist erneut eine Drohne aufgetaucht. Wie die Nachrichtenagentur ERR mit Verweis auf den Grenzschutz berichtete, befand sich [&hellip;]<\/p>\n","protected":false},"author":3,"featured_media":101115,"comment_status":"open","ping_status":"open","sticky":false,"template":"","format":"standard","meta":{"_yoast_indexnow_last_ping":["1775038959"],"wp_automatic_camp":["217"],"a514e3aad1bb72fa76d75b5e6a280148":["Finnland meldet erneut abgest\u00fcrzte Drohne \u2013 vermutlich ukrainisch"],"original_link":["https:\/\/de.rt.com\/europa\/275553-finnland-meldet-erneut-abgestuerzte-drohne\/"],"_thumbnail_id":["101115"],"jnews_social_counter_last_update":["1777326385"],"_wptgpro_p2tg_sent2tg":["a:1:{i:23737;s:19:\"2026-04-01 12:23:39\";}"]},"categories":[19,23],"tags":[42256,26825,781,1906,272,10704,36544],"yoast_head":"<!-- This site is optimized with the Yoast SEO Premium plugin v22.7 (Yoast SEO v22.7) - https:\/\/yoast.com\/wordpress\/plugins\/seo\/ -->\n<title>Finnland meldet erneut abgest\u00fcrzte Drohne \u2013 vermutlich ukrainisch - just-now.NEWS Deutschland<\/title>\n<meta name=\"robots\" content=\"index, follow, max-snippet:-1, max-image-preview:large, max-video-preview:-1\" \/>\n<link rel=\"canonical\" href=\"https:\/\/now-news.de\/de\/deutschland\/finnland-meldet-erneut-abgestuerzte-drohne-vermutlich-ukrainisch\/\" \/>\n<meta property=\"og:locale\" content=\"de_DE\" \/>\n<meta property=\"og:type\" content=\"article\" \/>\n<meta property=\"og:title\" content=\"Finnland meldet erneut abgest\u00fcrzte Drohne \u2013 vermutlich ukrainisch\" \/>\n<meta property=\"og:description\" content=\"Am Dienstag haben die finnischen Beh\u00f6rden eine Drohne auf dem Eis eines Sees im Osten des Landes entdeckt. Laut Medienberichten geht es um einen ukrainischen Flugk\u00f6rper mit einer Sprengladung. Angaben \u00fcber Verletzte gibt es keine. Auf finnischem Boden ist erneut eine Drohne aufgetaucht. Wie die Nachrichtenagentur ERR mit Verweis auf den Grenzschutz berichtete, befand sich [&hellip;]\" \/>\n<meta property=\"og:url\" content=\"https:\/\/now-news.de\/de\/deutschland\/finnland-meldet-erneut-abgestuerzte-drohne-vermutlich-ukrainisch\/\" \/>\n<meta property=\"og:site_name\" content=\"just-now.NEWS Deutschland\" \/>\n<meta property=\"article:publisher\" content=\"https:\/\/www.facebook.com\/wirmachenauf\" \/>\n<meta property=\"article:published_time\" content=\"2026-04-01T10:13:59+00:00\" \/>\n<meta property=\"og:image\" content=\"https:\/\/now-news.de\/de\/wp-content\/uploads\/sites\/3\/2026\/04\/69cce7cdb480cc7f673a9eb3.jpg\" \/>\n<meta name=\"author\" content=\"rtnews\" \/>\n<meta name=\"twitter:card\" content=\"summary_large_image\" \/>\n<meta name=\"twitter:creator\" content=\"@WirMachenAuf_de\" \/>\n<meta name=\"twitter:site\" content=\"@WirMachenAuf_de\" \/>\n<meta name=\"twitter:label1\" content=\"Verfasst von\" \/>\n\t<meta name=\"twitter:data1\" content=\"rtnews\" \/>\n\t<meta name=\"twitter:label2\" content=\"Gesch\u00e4tzte Lesezeit\" \/>\n\t<meta name=\"twitter:data2\" content=\"1\u00a0Minute\" \/>\n<script type=\"application\/ld+json\" class=\"yoast-schema-graph\">{\"@context\":\"https:\/\/schema.org\",\"@graph\":[{\"@type\":\"Article\",\"@id\":\"https:\/\/now-news.de\/de\/deutschland\/finnland-meldet-erneut-abgestuerzte-drohne-vermutlich-ukrainisch\/#article\",\"isPartOf\":{\"@id\":\"https:\/\/now-news.de\/de\/deutschland\/finnland-meldet-erneut-abgestuerzte-drohne-vermutlich-ukrainisch\/\"},\"author\":{\"name\":\"rtnews\",\"@id\":\"https:\/\/now-news.de\/de\/#\/schema\/person\/fb534a4e865501d8b3285208df34a9b5\"},\"headline\":\"Finnland meldet erneut abgest\u00fcrzte Drohne \u2013 vermutlich ukrainisch\",\"datePublished\":\"2026-04-01T10:13:59+00:00\",\"dateModified\":\"2026-04-01T10:13:59+00:00\",\"mainEntityOfPage\":{\"@id\":\"https:\/\/now-news.de\/de\/deutschland\/finnland-meldet-erneut-abgestuerzte-drohne-vermutlich-ukrainisch\/\"},\"wordCount\":259,\"commentCount\":0,\"publisher\":{\"@id\":\"https:\/\/now-news.de\/de\/#organization\"},\"image\":{\"@id\":\"https:\/\/now-news.de\/de\/deutschland\/finnland-meldet-erneut-abgestuerzte-drohne-vermutlich-ukrainisch\/#primaryimage\"},\"thumbnailUrl\":\"https:\/\/now-news.de\/de\/wp-content\/uploads\/sites\/3\/2026\/04\/Finnland-meldet-erneut-abgestuerzte-Drohne-\u2013-vermutlich-ukrainisch.jpg\",\"keywords\":[\"Abgest\u00fcrzte\",\"Drohne\",\"erneut\",\"Finnland\",\"meldet\",\"Ukrainisch\",\"vermutlich\"],\"articleSection\":[\"Deutschland\",\"Russland\"],\"inLanguage\":\"de\",\"potentialAction\":[{\"@type\":\"CommentAction\",\"name\":\"Comment\",\"target\":[\"https:\/\/now-news.de\/de\/deutschland\/finnland-meldet-erneut-abgestuerzte-drohne-vermutlich-ukrainisch\/#respond\"]}]},{\"@type\":\"WebPage\",\"@id\":\"https:\/\/now-news.de\/de\/deutschland\/finnland-meldet-erneut-abgestuerzte-drohne-vermutlich-ukrainisch\/\",\"url\":\"https:\/\/now-news.de\/de\/deutschland\/finnland-meldet-erneut-abgestuerzte-drohne-vermutlich-ukrainisch\/\",\"name\":\"Finnland meldet erneut abgest\u00fcrzte Drohne \u2013 vermutlich ukrainisch - just-now.NEWS Deutschland\",\"isPartOf\":{\"@id\":\"https:\/\/now-news.de\/de\/#website\"},\"primaryImageOfPage\":{\"@id\":\"https:\/\/now-news.de\/de\/deutschland\/finnland-meldet-erneut-abgestuerzte-drohne-vermutlich-ukrainisch\/#primaryimage\"},\"image\":{\"@id\":\"https:\/\/now-news.de\/de\/deutschland\/finnland-meldet-erneut-abgestuerzte-drohne-vermutlich-ukrainisch\/#primaryimage\"},\"thumbnailUrl\":\"https:\/\/now-news.de\/de\/wp-content\/uploads\/sites\/3\/2026\/04\/Finnland-meldet-erneut-abgestuerzte-Drohne-\u2013-vermutlich-ukrainisch.jpg\",\"datePublished\":\"2026-04-01T10:13:59+00:00\",\"dateModified\":\"2026-04-01T10:13:59+00:00\",\"breadcrumb\":{\"@id\":\"https:\/\/now-news.de\/de\/deutschland\/finnland-meldet-erneut-abgestuerzte-drohne-vermutlich-ukrainisch\/#breadcrumb\"},\"inLanguage\":\"de\",\"potentialAction\":[{\"@type\":\"ReadAction\",\"target\":[\"https:\/\/now-news.de\/de\/deutschland\/finnland-meldet-erneut-abgestuerzte-drohne-vermutlich-ukrainisch\/\"]}]},{\"@type\":\"ImageObject\",\"inLanguage\":\"de\",\"@id\":\"https:\/\/now-news.de\/de\/deutschland\/finnland-meldet-erneut-abgestuerzte-drohne-vermutlich-ukrainisch\/#primaryimage\",\"url\":\"https:\/\/now-news.de\/de\/wp-content\/uploads\/sites\/3\/2026\/04\/Finnland-meldet-erneut-abgestuerzte-Drohne-\u2013-vermutlich-ukrainisch.jpg\",\"contentUrl\":\"https:\/\/now-news.de\/de\/wp-content\/uploads\/sites\/3\/2026\/04\/Finnland-meldet-erneut-abgestuerzte-Drohne-\u2013-vermutlich-ukrainisch.jpg\",\"width\":460,\"height\":259,\"caption\":\"Finnland meldet erneut abgest\u00fcrzte Drohne \u2013 vermutlich ukrainisch\"},{\"@type\":\"BreadcrumbList\",\"@id\":\"https:\/\/now-news.de\/de\/deutschland\/finnland-meldet-erneut-abgestuerzte-drohne-vermutlich-ukrainisch\/#breadcrumb\",\"itemListElement\":[{\"@type\":\"ListItem\",\"position\":1,\"name\":\"Home\",\"item\":\"https:\/\/now-news.de\/de\/\"},{\"@type\":\"ListItem\",\"position\":2,\"name\":\"Finnland meldet erneut abgest\u00fcrzte Drohne \u2013 vermutlich ukrainisch\"}]},{\"@type\":\"WebSite\",\"@id\":\"https:\/\/now-news.de\/de\/#website\",\"url\":\"https:\/\/now-news.de\/de\/\",\"name\":\"just-now.NEWS Deutschland\",\"description\":\"Das Portal f\u00fcr unzensierte Nachrichten aus der Welt\",\"publisher\":{\"@id\":\"https:\/\/now-news.de\/de\/#organization\"},\"potentialAction\":[{\"@type\":\"SearchAction\",\"target\":{\"@type\":\"EntryPoint\",\"urlTemplate\":\"https:\/\/now-news.de\/de\/?s={search_term_string}\"},\"query-input\":\"required name=search_term_string\"}],\"inLanguage\":\"de\"},{\"@type\":\"Organization\",\"@id\":\"https:\/\/now-news.de\/de\/#organization\",\"name\":\"Just Now News\",\"url\":\"https:\/\/now-news.de\/de\/\",\"logo\":{\"@type\":\"ImageObject\",\"inLanguage\":\"de\",\"@id\":\"https:\/\/now-news.de\/de\/#\/schema\/logo\/image\/\",\"url\":\"http:\/\/just-now.news\/de\/wp-content\/uploads\/sites\/3\/2022\/04\/logo500x500.jpg\",\"contentUrl\":\"http:\/\/just-now.news\/de\/wp-content\/uploads\/sites\/3\/2022\/04\/logo500x500.jpg\",\"width\":500,\"height\":500,\"caption\":\"Just Now News\"},\"image\":{\"@id\":\"https:\/\/now-news.de\/de\/#\/schema\/logo\/image\/\"},\"sameAs\":[\"https:\/\/www.facebook.com\/wirmachenauf\",\"https:\/\/x.com\/WirMachenAuf_de\"]},{\"@type\":\"Person\",\"@id\":\"https:\/\/now-news.de\/de\/#\/schema\/person\/fb534a4e865501d8b3285208df34a9b5\",\"name\":\"rtnews\",\"image\":{\"@type\":\"ImageObject\",\"inLanguage\":\"de\",\"@id\":\"https:\/\/now-news.de\/de\/#\/schema\/person\/image\/\",\"url\":\"https:\/\/secure.gravatar.com\/avatar\/82aafea7d8127119dd649515f56e2117?s=96&d=mm&r=g\",\"contentUrl\":\"https:\/\/secure.gravatar.com\/avatar\/82aafea7d8127119dd649515f56e2117?s=96&d=mm&r=g\",\"caption\":\"rtnews\"},\"url\":\"https:\/\/now-news.de\/de\/author\/rnews\/\"}]}<\/script>\n<!-- \/ Yoast SEO Premium plugin. -->","yoast_head_json":{"title":"Finnland meldet erneut abgest\u00fcrzte Drohne \u2013 vermutlich ukrainisch - just-now.NEWS Deutschland","robots":{"index":"index","follow":"follow","max-snippet":"max-snippet:-1","max-image-preview":"max-image-preview:large","max-video-preview":"max-video-preview:-1"},"canonical":"https:\/\/now-news.de\/de\/deutschland\/finnland-meldet-erneut-abgestuerzte-drohne-vermutlich-ukrainisch\/","og_locale":"de_DE","og_type":"article","og_title":"Finnland meldet erneut abgest\u00fcrzte Drohne \u2013 vermutlich ukrainisch","og_description":"Am Dienstag haben die finnischen Beh\u00f6rden eine Drohne auf dem Eis eines Sees im Osten des Landes entdeckt. Laut Medienberichten geht es um einen ukrainischen Flugk\u00f6rper mit einer Sprengladung. Angaben \u00fcber Verletzte gibt es keine. Auf finnischem Boden ist erneut eine Drohne aufgetaucht. Wie die Nachrichtenagentur ERR mit Verweis auf den Grenzschutz berichtete, befand sich [&hellip;]","og_url":"https:\/\/now-news.de\/de\/deutschland\/finnland-meldet-erneut-abgestuerzte-drohne-vermutlich-ukrainisch\/","og_site_name":"just-now.NEWS Deutschland","article_publisher":"https:\/\/www.facebook.com\/wirmachenauf","article_published_time":"2026-04-01T10:13:59+00:00","og_image":[{"url":"https:\/\/now-news.de\/de\/wp-content\/uploads\/sites\/3\/2026\/04\/69cce7cdb480cc7f673a9eb3.jpg"}],"author":"rtnews","twitter_card":"summary_large_image","twitter_creator":"@WirMachenAuf_de","twitter_site":"@WirMachenAuf_de","twitter_misc":{"Verfasst von":"rtnews","Gesch\u00e4tzte Lesezeit":"1\u00a0Minute"},"schema":{"@context":"https:\/\/schema.org","@graph":[{"@type":"Article","@id":"https:\/\/now-news.de\/de\/deutschland\/finnland-meldet-erneut-abgestuerzte-drohne-vermutlich-ukrainisch\/#article","isPartOf":{"@id":"https:\/\/now-news.de\/de\/deutschland\/finnland-meldet-erneut-abgestuerzte-drohne-vermutlich-ukrainisch\/"},"author":{"name":"rtnews","@id":"https:\/\/now-news.de\/de\/#\/schema\/person\/fb534a4e865501d8b3285208df34a9b5"},"headline":"Finnland meldet erneut abgest\u00fcrzte Drohne \u2013 vermutlich ukrainisch","datePublished":"2026-04-01T10:13:59+00:00","dateModified":"2026-04-01T10:13:59+00:00","mainEntityOfPage":{"@id":"https:\/\/now-news.de\/de\/deutschland\/finnland-meldet-erneut-abgestuerzte-drohne-vermutlich-ukrainisch\/"},"wordCount":259,"commentCount":0,"publisher":{"@id":"https:\/\/now-news.de\/de\/#organization"},"image":{"@id":"https:\/\/now-news.de\/de\/deutschland\/finnland-meldet-erneut-abgestuerzte-drohne-vermutlich-ukrainisch\/#primaryimage"},"thumbnailUrl":"https:\/\/now-news.de\/de\/wp-content\/uploads\/sites\/3\/2026\/04\/Finnland-meldet-erneut-abgestuerzte-Drohne-\u2013-vermutlich-ukrainisch.jpg","keywords":["Abgest\u00fcrzte","Drohne","erneut","Finnland","meldet","Ukrainisch","vermutlich"],"articleSection":["Deutschland","Russland"],"inLanguage":"de","potentialAction":[{"@type":"CommentAction","name":"Comment","target":["https:\/\/now-news.de\/de\/deutschland\/finnland-meldet-erneut-abgestuerzte-drohne-vermutlich-ukrainisch\/#respond"]}]},{"@type":"WebPage","@id":"https:\/\/now-news.de\/de\/deutschland\/finnland-meldet-erneut-abgestuerzte-drohne-vermutlich-ukrainisch\/","url":"https:\/\/now-news.de\/de\/deutschland\/finnland-meldet-erneut-abgestuerzte-drohne-vermutlich-ukrainisch\/","name":"Finnland meldet erneut abgest\u00fcrzte Drohne \u2013 vermutlich ukrainisch - just-now.NEWS Deutschland","isPartOf":{"@id":"https:\/\/now-news.de\/de\/#website"},"primaryImageOfPage":{"@id":"https:\/\/now-news.de\/de\/deutschland\/finnland-meldet-erneut-abgestuerzte-drohne-vermutlich-ukrainisch\/#primaryimage"},"image":{"@id":"https:\/\/now-news.de\/de\/deutschland\/finnland-meldet-erneut-abgestuerzte-drohne-vermutlich-ukrainisch\/#primaryimage"},"thumbnailUrl":"https:\/\/now-news.de\/de\/wp-content\/uploads\/sites\/3\/2026\/04\/Finnland-meldet-erneut-abgestuerzte-Drohne-\u2013-vermutlich-ukrainisch.jpg","datePublished":"2026-04-01T10:13:59+00:00","dateModified":"2026-04-01T10:13:59+00:00","breadcrumb":{"@id":"https:\/\/now-news.de\/de\/deutschland\/finnland-meldet-erneut-abgestuerzte-drohne-vermutlich-ukrainisch\/#breadcrumb"},"inLanguage":"de","potentialAction":[{"@type":"ReadAction","target":["https:\/\/now-news.de\/de\/deutschland\/finnland-meldet-erneut-abgestuerzte-drohne-vermutlich-ukrainisch\/"]}]},{"@type":"ImageObject","inLanguage":"de","@id":"https:\/\/now-news.de\/de\/deutschland\/finnland-meldet-erneut-abgestuerzte-drohne-vermutlich-ukrainisch\/#primaryimage","url":"https:\/\/now-news.de\/de\/wp-content\/uploads\/sites\/3\/2026\/04\/Finnland-meldet-erneut-abgestuerzte-Drohne-\u2013-vermutlich-ukrainisch.jpg","contentUrl":"https:\/\/now-news.de\/de\/wp-content\/uploads\/sites\/3\/2026\/04\/Finnland-meldet-erneut-abgestuerzte-Drohne-\u2013-vermutlich-ukrainisch.jpg","width":460,"height":259,"caption":"Finnland meldet erneut abgest\u00fcrzte Drohne \u2013 vermutlich ukrainisch"},{"@type":"BreadcrumbList","@id":"https:\/\/now-news.de\/de\/deutschland\/finnland-meldet-erneut-abgestuerzte-drohne-vermutlich-ukrainisch\/#breadcrumb","itemListElement":[{"@type":"ListItem","position":1,"name":"Home","item":"https:\/\/now-news.de\/de\/"},{"@type":"ListItem","position":2,"name":"Finnland meldet erneut abgest\u00fcrzte Drohne \u2013 vermutlich ukrainisch"}]},{"@type":"WebSite","@id":"https:\/\/now-news.de\/de\/#website","url":"https:\/\/now-news.de\/de\/","name":"just-now.NEWS Deutschland","description":"Das Portal f\u00fcr unzensierte Nachrichten aus der Welt","publisher":{"@id":"https:\/\/now-news.de\/de\/#organization"},"potentialAction":[{"@type":"SearchAction","target":{"@type":"EntryPoint","urlTemplate":"https:\/\/now-news.de\/de\/?s={search_term_string}"},"query-input":"required name=search_term_string"}],"inLanguage":"de"},{"@type":"Organization","@id":"https:\/\/now-news.de\/de\/#organization","name":"Just Now News","url":"https:\/\/now-news.de\/de\/","logo":{"@type":"ImageObject","inLanguage":"de","@id":"https:\/\/now-news.de\/de\/#\/schema\/logo\/image\/","url":"http:\/\/just-now.news\/de\/wp-content\/uploads\/sites\/3\/2022\/04\/logo500x500.jpg","contentUrl":"http:\/\/just-now.news\/de\/wp-content\/uploads\/sites\/3\/2022\/04\/logo500x500.jpg","width":500,"height":500,"caption":"Just Now News"},"image":{"@id":"https:\/\/now-news.de\/de\/#\/schema\/logo\/image\/"},"sameAs":["https:\/\/www.facebook.com\/wirmachenauf","https:\/\/x.com\/WirMachenAuf_de"]},{"@type":"Person","@id":"https:\/\/now-news.de\/de\/#\/schema\/person\/fb534a4e865501d8b3285208df34a9b5","name":"rtnews","image":{"@type":"ImageObject","inLanguage":"de","@id":"https:\/\/now-news.de\/de\/#\/schema\/person\/image\/","url":"https:\/\/secure.gravatar.com\/avatar\/82aafea7d8127119dd649515f56e2117?s=96&d=mm&r=g","contentUrl":"https:\/\/secure.gravatar.com\/avatar\/82aafea7d8127119dd649515f56e2117?s=96&d=mm&r=g","caption":"rtnews"},"url":"https:\/\/now-news.de\/de\/author\/rnews\/"}]}},"_links":{"self":[{"href":"https:\/\/now-news.de\/de\/wp-json\/wp\/v2\/posts\/101114"}],"collection":[{"href":"https:\/\/now-news.de\/de\/wp-json\/wp\/v2\/posts"}],"about":[{"href":"https:\/\/now-news.de\/de\/wp-json\/wp\/v2\/types\/post"}],"author":[{"embeddable":true,"href":"https:\/\/now-news.de\/de\/wp-json\/wp\/v2\/users\/3"}],"replies":[{"embeddable":true,"href":"https:\/\/now-news.de\/de\/wp-json\/wp\/v2\/comments?post=101114"}],"version-history":[{"count":0,"href":"https:\/\/now-news.de\/de\/wp-json\/wp\/v2\/posts\/101114\/revisions"}],"wp:featuredmedia":[{"embeddable":true,"href":"https:\/\/now-news.de\/de\/wp-json\/wp\/v2\/media\/101115"}],"wp:attachment":[{"href":"https:\/\/now-news.de\/de\/wp-json\/wp\/v2\/media?parent=101114"}],"wp:term":[{"taxonomy":"category","embeddable":true,"href":"https:\/\/now-news.de\/de\/wp-json\/wp\/v2\/categories?post=101114"},{"taxonomy":"post_tag","embeddable":true,"href":"https:\/\/now-news.de\/de\/wp-json\/wp\/v2\/tags?post=101114"}],"curies":[{"name":"wp","href":"https:\/\/api.w.org\/{rel}","templated":true}]}}