{"id":101011,"date":"2026-03-30T17:01:42","date_gmt":"2026-03-30T15:01:42","guid":{"rendered":"https:\/\/now-news.de\/de\/deutschland\/berliner-hamas-prozess-der-terror-war-der-prozess-teil-2\/"},"modified":"2026-03-30T17:01:42","modified_gmt":"2026-03-30T15:01:42","slug":"berliner-hamas-prozess-der-terror-war-der-prozess-teil-2","status":"publish","type":"post","link":"https:\/\/now-news.de\/de\/deutschland\/berliner-hamas-prozess-der-terror-war-der-prozess-teil-2\/","title":{"rendered":"Berliner Hamas-Prozess: Der Terror war der Prozess (Teil 2)"},"content":{"rendered":"<p><img decoding=\"async\" src=\"https:\/\/now-news.de\/de\/wp-content\/uploads\/sites\/3\/2026\/03\/69c6db1cb480cc3b5034fae9.jpg\" \/><\/p>\n<div class=\"Text-root Text-type_1 \">\n                \u00dcber ein Jahr lang standen vier M\u00e4nner in Berlin vor Gericht, die im Dezember 2023 als angebliche Hamas-Mitglieder verhaftet worden waren. Die Leitmedien tun so, als sei dieses Verfahren ordentlich verlaufen. In Wirklichkeit sprach es jeder Rechtsstaatlichkeit Hohn.\n            <\/div>\n<p><\/p>\n<div class=\"Text-root Text-type_5 ArticleView-text ViewText-root \">\n<p><em>Zu <a rel=\"nofollow\" target=\"_blank\" href=\"https:\/\/freedert.online\/meinung\/275046-berliner-hamas-prozess-farce-mit\/\" target=\"_blank\" rel=\"noopener noreferrer\">Teil 1<\/a><\/em><\/p>\n<p><em>Von Dagmar Henn<\/em><\/p>\n<p>Seit 2022 soll der Verfassungsschutz bereits Erkenntnisse zu den sp\u00e4teren Angeklagten besessen haben. Wenn man allerdings an die Aussagen des Verfassungsschutzes denkt, die \u00f6ffentlich wurden, wie beispielsweise das AfD-Gutachten, legen diese doch starke Zweifel an der Qualit\u00e4t der Arbeit dieser Beh\u00f6rde nahe, die in ihrer Argumentation jeden Ansatz einer wirklichen Bewertung der gesammelten Informationen vermissen l\u00e4sst.<\/p>\n<p>Sollte man, kann man davon ausgehen, dass die Qualit\u00e4t im Referat Islamismus besser ist? Dass die Vortragende auch nur wei\u00df, wie man Quellen kritisch bewertet? Sofern der Mossad Quelle der Informationen war, und vieles spricht daf\u00fcr, m\u00fcsste das Eigeninteresse dieses Dienstes und der Regierung, f\u00fcr die er t\u00e4tig ist, bei der Bewertung ber\u00fccksichtigt werden.<\/p>\n<p>Hat die israelische Regierung ein Interesse daran, dass die Hamas in Deutschland zur Terrororganisation erkl\u00e4rt wird? Sogar ein sehr ausgepr\u00e4gtes. Nicht, weil die vier Angeklagten eine Gefahr darstellten. Aber weil dieser Schritt es erm\u00f6glicht, Sympathiebekundungen gegen\u00fcber den Pal\u00e4stinensern sehr weitgehend zu unterdr\u00fccken, was beim zweitgr\u00f6\u00dften Waffenlieferanten Israels durchaus im israelischen Interesse liegt.<\/p>\n<p>Bei der Bewertung einer Information ist das m\u00f6gliche Eigeninteresse der Quelle ein entscheidender Faktor, wenn man die Verl\u00e4sslichkeit bewerten will. Ein zu hohes Eigeninteresse macht eine Fehlinformation wesentlich wahrscheinlicher. Nickt die Vertreterin des BfV jede Information, die von einem &#8220;Partnerdienst&#8221; stammt, einfach so ab? Eine Frage, die ihr nicht gestellt wurde.<\/p>\n<p>Immerhin, Frau Regierungsdirektorin unterscheidet zumindestens noch zwischen den Organisationsstrukturen: &#8220;Die Hamas ist eine politische Organisation, verf\u00fcgt jedoch \u00fcber einen milit\u00e4risch bewaffneten Arm. Der Partnerdienst nennt die Angeklagten milit\u00e4rische Operateure.&#8221;<\/p>\n<p>\u00dcbrigens, jemand, der sich mit den in diesem Zusammenhang t\u00e4tigen Diensten auskennt (ich leider nicht), k\u00f6nnte allein an dem Begriff &#8220;milit\u00e4rischer Operateur&#8221; erkennen, welcher davon die Quelle sein muss. Die Formulierung spricht jedenfalls eher gegen den BND.<\/p>\n<p>In der Befragung erkl\u00e4rt die Dame dann, das BfV h\u00e4tte eigene Informationen, dass die Angeklagten zur Hamas geh\u00f6rten, aber die Mitgliedschaft im milit\u00e4rischen Arm sei eine &#8220;Fremdinfo&#8221;. Einer der Anw\u00e4lte weist darauf hin, dass \u2013 ausgerechnet \u2013 der israelische Ministerpr\u00e4sident Benjamin Netanjahu eine Woche nach dem 7.\u00a0Oktober 2023 erkl\u00e4rt hat, er habe Deutschland und Europa \u00fcber einen Strategiewechsel der Hamas hin zu Anschl\u00e4gen in Europa und Deutschland informiert; der Beamtin ist das nicht bekannt.<\/p>\n<p>Katrin Wohlgemuth ist es zu verdanken, auch noch einen <a rel=\"nofollow\" target=\"_blank\" href=\"https:\/\/www.jpost.com\/international\/islamic-terrorism\/article-782053\" target=\"_blank\" rel=\"noopener noreferrer\">Artikel<\/a> aus der <em>Jerusalem Post<\/em> vom 13.\u00a0Januar 2024 aufgetan zu haben, in dem unter anderem die Festnahmen in Deutschland erw\u00e4hnt werden. Allerdings hei\u00dft es dort: &#8220;Die Hamas arbeitete mit kriminellen Elementen, um Drohnen f\u00fcr geplante Angriffe in Europa und dem Nahen Osten zu beschaffen, wie das von der F\u00fchrung der Hamas befohlen wurde.&#8221;<\/p>\n<p>Wohlgemuth sucht andere Prozesse auf, um zu \u00fcberpr\u00fcfen, ob \u00fcberall so verfahren wird, in den Befragungen nicht zwischen Wissen und Mutma\u00dfung unterschieden, die Wahrheitsfindung missachtet wird. Sie stellt fest, dass dem nicht so ist\u00a0\u2013 und fragt sich, &#8220;ob ich tats\u00e4chlich in einer Welt lebe, in der die Justizbeh\u00f6rden derma\u00dfen agieren, dass sie Unschuldige mit allen ihnen zur Verf\u00fcgung stehenden Mitteln der Ermittlung sowie Manipulation und T\u00e4uschung in der Darstellung verfolgen und sich bem\u00fchen, ihnen etwas nachzuweisen, das sie nicht getan haben. (&#8230;) Mein Geist m\u00f6chte das nicht wahrhaben&#8221;.<\/p>\n<p>Es gibt noch einen Gutachter, den das Gericht befragt:\u00a0Guido Steinberg von der Stiftung Wissenschaft und Politik (SWP), der vor seiner T\u00e4tigkeit f\u00fcr die SWP von 2002 bis 2005 als &#8220;Referent im Referat Internationaler Terrorismus&#8221; im Bundeskanzleramt t\u00e4tig war. Dabei sollte man daran denken, dass das Bundeskanzleramt die Beh\u00f6rde \u00fcber dem BND ist und die SWP eine BND-Stiftung. Es gibt sicher auch neutrale Gutachter zum Thema Hamas; Steinberg ist jedenfalls keiner.<\/p>\n<p>Wohlgemuth vermerkt, Steinberg habe als Beleg f\u00fcr den behaupteten Strategiewechsel der Hamas die Verhaftungen in D\u00e4nemark, den Niederlanden und Deutschland angef\u00fchrt. Also gerade die Festnahme der Angeklagten, die auf Grundlage dieses angenommenen Strategiewechsels verd\u00e4chtigt werden, im Zirkelschluss zum Beleg ihrer Schuld gemacht.<\/p>\n<p>Jeder Versuch der Verteidigung, eine andere Sicht auf den Gesamtzusammenhang Israel-Pal\u00e4stina herzustellen, wird zur\u00fcckgewiesen. Francesca Albanese vorzuladen, die Sonderbeauftragte der UNO f\u00fcr Pal\u00e4stina, wird abgelehnt. Sie w\u00fcrde nur Schlussfolgerungen und Meinungen vortragen und keine Tatsachen. Ohnehin seien die Angeklagten doch gar keine Pal\u00e4stinenser, da sie im Libanon geboren worden waren. Ein weiterer Antrag zielt auf eine Vernehmung von Bassem Naim, den Sprecher f\u00fcr politische und internationale Beziehungen im Politb\u00fcro der Hamas, also gewisserma\u00dfen ihren Au\u00dfenminister. Naim sollte per Videoschaltung aussagen; vor allem, weil er Zugriff auf die Mitgliederdaten der Hamas hat und dazu etwas sagen k\u00f6nnte.<\/p>\n<p>Die Befragung Naims wird abgelehnt, da eine &#8220;rechtssichere Identifizierung und Ladung nicht m\u00f6glich&#8221; sei. Naim ist durch eine Funktion ein sehr sichtbarer Vertreter der Hamas, seine Identifikation w\u00e4re \u00fcber biometrische Daten jederzeit m\u00f6glich. Es gibt Interviews der <em>BBC<\/em> oder auch des <em>Stern<\/em> mit ihm. Auch hatte Katar, wo Naim sich befindet, zugesagt, die Vernehmung zu unterst\u00fctzen. Aber das Gericht erkl\u00e4rt, es gebe ja nur eine Postadresse bei der Hamas und keine Wohnadresse. Wobei selbst eine deutsche Richterin begreifen k\u00f6nnte, dass eine echte Wohnadresse nur eine Einladung f\u00fcr einen israelischen Mordanschlag w\u00e4re.<\/p>\n<p>Mit weiteren Antr\u00e4gen versuchte die Verteidigung, zu kl\u00e4ren, ob die Behauptung eines Strategiewechsels der Hamas wom\u00f6glich das Ergebnis einer Aussage unter Folter war. Zu diesem Zweck sollte unter anderem der israelische Botschafter sowie ein Vertreter des Shin Bet geladen werden. Auch diese wurden abgelehnt. Ebenso wie der Antrag, einen israelischen Freund eines der Angeklagten als Leumundszeugen zu vernehmen. Kurz gesagt, alle Versuche der Verteidigung, eine wirkliche Wahrheitsfindung zu erm\u00f6glichen, endeten im Nichts.<\/p>\n<p>Die Verteidigung gab sich M\u00fche. Aber es wurden alle M\u00f6glichkeiten ausgereizt, die ein Gericht hat, sobald ein Verfahren nach \u00a7\u00a0129\u00a0b StGB gef\u00fchrt wird. Angeklagte und Anw\u00e4lte konnten sich nur mit einer Trennscheibe unterhalten. Jedes Dokument, das an die Angeklagten weitergegeben werden sollte, hatte zuvor von einem Leserichter begutachtet werden m\u00fcssen. Eine ungeheure Erschwernis, wenn noch dazu kommt, dass einige f\u00fcr die Kommunikation einen Dolmetscher ben\u00f6tigten, und wenn die Akten des Verfahrens 130 Aktenordner umfassen. 130 Aktenordner mit nichts; daf\u00fcr gab es aber keine eigenen Dolmetscher f\u00fcr die Gespr\u00e4che zwischen Anwalt und Mandant, sondern nur jene, die auch w\u00e4hrend der Verhandlung \u00fcbersetzten. Was eigentlich Vertraulichkeit bei diesen Gespr\u00e4chen bereits ad absurdum f\u00fchrte.<\/p>\n<p>Alles Hindernisse, die rund um den RAF-Prozess entwickelt wurden. Die damals ein Verfahren betrafen, bei dem t\u00e4glich Dutzende Berichterstatter im Saal sa\u00dfen, die Angeklagten dem ganzen Verfahren in ihrer eigenen Sprache folgen konnten und au\u00dferdem auch in der \u00d6ffentlichkeit das Interesse an dem Prozess enorm war. Dieselben Ma\u00dfnahmen wirken noch deutlich sch\u00e4rfer, wenn es um einen Prozess geht, der fast im Verborgenen stattfindet, bei dem die Angeklagten zum Teil durch die fremde Sprache allein gar nicht nachvollziehen k\u00f6nnen, was in den Unterlagen steht, und die Justiz, genau genommen der Senat, der den Fall behandelt, nicht die mindesten Hemmungen hat, unter v\u00f6lliger Missachtung jeden Zweifels am Ende ein schon zu Beginn feststehendes Urteil zu sprechen.<\/p>\n<p>Man schl\u00e4gt den Sack und meint den Esel. Um ein Urteil zu erreichen, mit dem man endlich behaupten kann, es stehe nun fest, geradezu in Stein gemei\u00dfelt, dass die Hamas eine Terrororganisation sei, werden vier Unschuldige zu jahrelangen Haftstrafen verurteilt. Dabei wurde teils verfahren, wie man es von Denunziationsartikeln mittlerweile gewohnt ist \u2013 einer der Angeklagten, der aus den Niederlanden ausgeliefert worden war, hatte jahrelang eine humanit\u00e4re Stiftung in Rotterdam betrieben und Hilfskonvois in den Gazastreifen organisiert. Bei einem dieser Anl\u00e4sse war auch Ismail Haniyya anwesend, damals Ministerpr\u00e4sident\u00a0des Gazastreifens. Auch das wurde als Beleg gesehen, dass der Angeklagte damals Mitglied der Hamas geworden sei. In seiner Abschlussstellungnahme erkl\u00e4rte er, jeder wisse, dass bei solchen Hilfskonvois auch Mitarbeiter verschiedenster Geheimdienste dabei seien; es sei einfacher, eine Atombombe zu bauen, als bei einem solchen Anlass der Hamas beizutreten. Aber dieses Gericht hielt ein gemeinsames Foto schon f\u00fcr einen Beweis.<\/p>\n<p>Die Richterin erkl\u00e4rte, die Hamas sei eine &#8220;hochgef\u00e4hrliche terroristische Organisation&#8221;, die den Staat Israel vernichten wolle. Dazu geh\u00f6rten auch Anschl\u00e4ge auf israelische und j\u00fcdische Einrichtungen. Die Vorw\u00fcrfe der Bundesanwaltschaft h\u00e4tten sich &#8220;zur sicheren \u00dcberzeugung des Senats&#8221; best\u00e4tigt.<\/p>\n<p>Das Fazit unserer Prozessbeobachterin Wohlgemuth:<br \/> &#8220;Er\u00f6ffnet dieses Verfahren bei einer Verurteilung die Verfolgung eines jeden, der mit Pal\u00e4stina sympathisiert oder Israel kritisiert? Kann dann jeder, der dies wagt, verhaftet werden ohne weitere Untersuchung, wie es mir in diesem Verfahren gewesen zu sein scheint? Kann man dann die elektronischen Ger\u00e4te beschlagnahmen, sich dort das aussuchen, was zur Untermalung der ausgedachten Geschichte taugen k\u00f6nnte, alles andere aus den Akten raushalten und so jeden einfach wie man m\u00f6chte f\u00fcr bis zu zehn Jahre hinter Gitter bringen?&#8221;<\/p>\n<p>Es sieht genau so aus. Die Angeklagten im Rollatorputschprozess hatten zumindest noch \u00fcber irgendwelche Umsturzfantasien gesprochen, und es befand sich eine echte Waffe in ihrem Besitz\u00a0\u2013 l\u00e4cherlich genug, eine Absurdit\u00e4t wie dieses ganze Verfahren, das ebenfalls unter den Antiterrorvorgaben durchgezogen wird. Aber der einzige wirkliche Vorwurf, dem man einen der vier angeblichen Hamas-Mitglieder machen kann, ist, nicht funktionsf\u00e4hige Waffen ausgegraben, angesehen und wieder eingegraben zu haben. Da ist auch der Vorwurf eines Versto\u00dfes gegen das Kriegswaffenkontrollgesetz absurd. Die \u00fcbrigen? Hat irgendjemand, der Mossad oder der Verfassungsschutz, wer auch immer, auf eine Liste gesetzt und dann geraunt, sie seien Mitglieder der Hamas. Weil es so praktisch und hilfreich ist, um dann ganz andere verfolgen zu k\u00f6nnen, musste dann diese Farce eines Prozesses durchgezogen werden.<\/p>\n<p>Die Anw\u00e4lte werden vermutlich Rechtsmittel einlegen. Dass der Bundesgerichtshof mehr Interesse an der Wahrheitsfindung hat als das Berliner Kammergericht unter dem Vorsitz von Richterin Doris Husch, wagt man schon fast nicht mehr zu hoffen.<\/p>\n<p><strong>Mehr zum Thema<\/strong>\u00a0\u2013 <a rel=\"nofollow\" target=\"_blank\" href=\"https:\/\/freedert.online\/meinung\/263134-berliner-gericht-stuft-verbot-von-palaestina-kongress-als-rechtswidrig-ein\/\">Politische Repression: Berliner Gericht stuft Verbot von Pal\u00e4stina-Kongress als rechtswidrig ein<\/a><\/p>\n<div class=\"EmbedBlock-root EmbedBlock-externalVideo EmbedBlock-rumble\">\n<div class=\"VkEmbed\"><iframe class=\"lazyload\" data-src=\"https:\/\/rumble.com\/embed\/v735o8e\" frameborder=\"0\" width=\"853\" height=\"480\" allowfullscreen><\/iframe><\/div>\n<\/div>\n<\/div>\n<p><br \/>\n<br \/><a href=\"https:\/\/de.rt.com\/meinung\/275052-berliner-hamas-prozess-der-terror-war-der-prozess\/\">Source link <\/a><\/p>\n","protected":false},"excerpt":{"rendered":"<p>\u00dcber ein Jahr lang standen vier M\u00e4nner in Berlin vor Gericht, die im Dezember 2023 als angebliche Hamas-Mitglieder verhaftet worden waren. Die Leitmedien tun so, als sei dieses Verfahren ordentlich verlaufen. In Wirklichkeit sprach es jeder Rechtsstaatlichkeit Hohn. Zu Teil 1 Von Dagmar Henn Seit 2022 soll der Verfassungsschutz bereits Erkenntnisse zu den sp\u00e4teren Angeklagten [&hellip;]<\/p>\n","protected":false},"author":3,"featured_media":101012,"comment_status":"open","ping_status":"open","sticky":false,"template":"","format":"standard","meta":{"_yoast_indexnow_last_ping":["1774883664"],"wp_automatic_camp":["217"],"9ceaa69340612ebb346b9fac9ccd250d":["Berliner Hamas-Prozess: Der Terror war der Prozess (Teil 2)"],"original_link":["https:\/\/de.rt.com\/meinung\/275052-berliner-hamas-prozess-der-terror-war-der-prozess\/"],"_thumbnail_id":["101012"],"jnews_social_counter_last_update":["1777223195"],"_wptgpro_p2tg_sent2tg":["a:1:{i:23737;s:19:\"2026-03-30 17:15:23\";}"]},"categories":[19,23],"tags":[9101,82,72062,19590,3240,8903,2223],"yoast_head":"<!-- This site is optimized with the Yoast SEO Premium plugin v22.7 (Yoast SEO v22.7) - https:\/\/yoast.com\/wordpress\/plugins\/seo\/ -->\n<title>Berliner Hamas-Prozess: Der Terror war der Prozess (Teil 2) - just-now.NEWS Deutschland<\/title>\n<meta name=\"robots\" content=\"index, follow, max-snippet:-1, max-image-preview:large, max-video-preview:-1\" \/>\n<link rel=\"canonical\" href=\"https:\/\/now-news.de\/de\/deutschland\/berliner-hamas-prozess-der-terror-war-der-prozess-teil-2\/\" \/>\n<meta property=\"og:locale\" content=\"de_DE\" \/>\n<meta property=\"og:type\" content=\"article\" \/>\n<meta property=\"og:title\" content=\"Berliner Hamas-Prozess: Der Terror war der Prozess (Teil 2)\" \/>\n<meta property=\"og:description\" content=\"\u00dcber ein Jahr lang standen vier M\u00e4nner in Berlin vor Gericht, die im Dezember 2023 als angebliche Hamas-Mitglieder verhaftet worden waren. Die Leitmedien tun so, als sei dieses Verfahren ordentlich verlaufen. In Wirklichkeit sprach es jeder Rechtsstaatlichkeit Hohn. Zu Teil 1 Von Dagmar Henn Seit 2022 soll der Verfassungsschutz bereits Erkenntnisse zu den sp\u00e4teren Angeklagten [&hellip;]\" \/>\n<meta property=\"og:url\" content=\"https:\/\/now-news.de\/de\/deutschland\/berliner-hamas-prozess-der-terror-war-der-prozess-teil-2\/\" \/>\n<meta property=\"og:site_name\" content=\"just-now.NEWS Deutschland\" \/>\n<meta property=\"article:publisher\" content=\"https:\/\/www.facebook.com\/wirmachenauf\" \/>\n<meta property=\"article:published_time\" content=\"2026-03-30T15:01:42+00:00\" \/>\n<meta property=\"og:image\" content=\"https:\/\/now-news.de\/de\/wp-content\/uploads\/sites\/3\/2026\/03\/69c6db1cb480cc3b5034fae9.jpg\" \/>\n<meta name=\"author\" content=\"rtnews\" \/>\n<meta name=\"twitter:card\" content=\"summary_large_image\" \/>\n<meta name=\"twitter:creator\" content=\"@WirMachenAuf_de\" \/>\n<meta name=\"twitter:site\" content=\"@WirMachenAuf_de\" \/>\n<meta name=\"twitter:label1\" content=\"Verfasst von\" \/>\n\t<meta name=\"twitter:data1\" content=\"rtnews\" \/>\n\t<meta name=\"twitter:label2\" content=\"Gesch\u00e4tzte Lesezeit\" \/>\n\t<meta name=\"twitter:data2\" content=\"8\u00a0Minuten\" \/>\n<script type=\"application\/ld+json\" class=\"yoast-schema-graph\">{\"@context\":\"https:\/\/schema.org\",\"@graph\":[{\"@type\":\"Article\",\"@id\":\"https:\/\/now-news.de\/de\/deutschland\/berliner-hamas-prozess-der-terror-war-der-prozess-teil-2\/#article\",\"isPartOf\":{\"@id\":\"https:\/\/now-news.de\/de\/deutschland\/berliner-hamas-prozess-der-terror-war-der-prozess-teil-2\/\"},\"author\":{\"name\":\"rtnews\",\"@id\":\"https:\/\/now-news.de\/de\/#\/schema\/person\/fb534a4e865501d8b3285208df34a9b5\"},\"headline\":\"Berliner Hamas-Prozess: Der Terror war der Prozess (Teil 2)\",\"datePublished\":\"2026-03-30T15:01:42+00:00\",\"dateModified\":\"2026-03-30T15:01:42+00:00\",\"mainEntityOfPage\":{\"@id\":\"https:\/\/now-news.de\/de\/deutschland\/berliner-hamas-prozess-der-terror-war-der-prozess-teil-2\/\"},\"wordCount\":1707,\"commentCount\":0,\"publisher\":{\"@id\":\"https:\/\/now-news.de\/de\/#organization\"},\"image\":{\"@id\":\"https:\/\/now-news.de\/de\/deutschland\/berliner-hamas-prozess-der-terror-war-der-prozess-teil-2\/#primaryimage\"},\"thumbnailUrl\":\"https:\/\/now-news.de\/de\/wp-content\/uploads\/sites\/3\/2026\/03\/Berliner-Hamas-Prozess-Der-Terror-war-der-Prozess-Teil-2.jpg\",\"keywords\":[\"Berliner\",\"der\",\"HamasProzess\",\"Prozess\",\"Teil\",\"terror\",\"War\"],\"articleSection\":[\"Deutschland\",\"Russland\"],\"inLanguage\":\"de\",\"potentialAction\":[{\"@type\":\"CommentAction\",\"name\":\"Comment\",\"target\":[\"https:\/\/now-news.de\/de\/deutschland\/berliner-hamas-prozess-der-terror-war-der-prozess-teil-2\/#respond\"]}]},{\"@type\":\"WebPage\",\"@id\":\"https:\/\/now-news.de\/de\/deutschland\/berliner-hamas-prozess-der-terror-war-der-prozess-teil-2\/\",\"url\":\"https:\/\/now-news.de\/de\/deutschland\/berliner-hamas-prozess-der-terror-war-der-prozess-teil-2\/\",\"name\":\"Berliner Hamas-Prozess: Der Terror war der Prozess (Teil 2) - just-now.NEWS Deutschland\",\"isPartOf\":{\"@id\":\"https:\/\/now-news.de\/de\/#website\"},\"primaryImageOfPage\":{\"@id\":\"https:\/\/now-news.de\/de\/deutschland\/berliner-hamas-prozess-der-terror-war-der-prozess-teil-2\/#primaryimage\"},\"image\":{\"@id\":\"https:\/\/now-news.de\/de\/deutschland\/berliner-hamas-prozess-der-terror-war-der-prozess-teil-2\/#primaryimage\"},\"thumbnailUrl\":\"https:\/\/now-news.de\/de\/wp-content\/uploads\/sites\/3\/2026\/03\/Berliner-Hamas-Prozess-Der-Terror-war-der-Prozess-Teil-2.jpg\",\"datePublished\":\"2026-03-30T15:01:42+00:00\",\"dateModified\":\"2026-03-30T15:01:42+00:00\",\"breadcrumb\":{\"@id\":\"https:\/\/now-news.de\/de\/deutschland\/berliner-hamas-prozess-der-terror-war-der-prozess-teil-2\/#breadcrumb\"},\"inLanguage\":\"de\",\"potentialAction\":[{\"@type\":\"ReadAction\",\"target\":[\"https:\/\/now-news.de\/de\/deutschland\/berliner-hamas-prozess-der-terror-war-der-prozess-teil-2\/\"]}]},{\"@type\":\"ImageObject\",\"inLanguage\":\"de\",\"@id\":\"https:\/\/now-news.de\/de\/deutschland\/berliner-hamas-prozess-der-terror-war-der-prozess-teil-2\/#primaryimage\",\"url\":\"https:\/\/now-news.de\/de\/wp-content\/uploads\/sites\/3\/2026\/03\/Berliner-Hamas-Prozess-Der-Terror-war-der-Prozess-Teil-2.jpg\",\"contentUrl\":\"https:\/\/now-news.de\/de\/wp-content\/uploads\/sites\/3\/2026\/03\/Berliner-Hamas-Prozess-Der-Terror-war-der-Prozess-Teil-2.jpg\",\"width\":460,\"height\":259,\"caption\":\"Berliner Hamas-Prozess: Der Terror war der Prozess (Teil 2)\"},{\"@type\":\"BreadcrumbList\",\"@id\":\"https:\/\/now-news.de\/de\/deutschland\/berliner-hamas-prozess-der-terror-war-der-prozess-teil-2\/#breadcrumb\",\"itemListElement\":[{\"@type\":\"ListItem\",\"position\":1,\"name\":\"Home\",\"item\":\"https:\/\/now-news.de\/de\/\"},{\"@type\":\"ListItem\",\"position\":2,\"name\":\"Berliner Hamas-Prozess: Der Terror war der Prozess (Teil 2)\"}]},{\"@type\":\"WebSite\",\"@id\":\"https:\/\/now-news.de\/de\/#website\",\"url\":\"https:\/\/now-news.de\/de\/\",\"name\":\"just-now.NEWS Deutschland\",\"description\":\"Das Portal f\u00fcr unzensierte Nachrichten aus der Welt\",\"publisher\":{\"@id\":\"https:\/\/now-news.de\/de\/#organization\"},\"potentialAction\":[{\"@type\":\"SearchAction\",\"target\":{\"@type\":\"EntryPoint\",\"urlTemplate\":\"https:\/\/now-news.de\/de\/?s={search_term_string}\"},\"query-input\":\"required name=search_term_string\"}],\"inLanguage\":\"de\"},{\"@type\":\"Organization\",\"@id\":\"https:\/\/now-news.de\/de\/#organization\",\"name\":\"Just Now News\",\"url\":\"https:\/\/now-news.de\/de\/\",\"logo\":{\"@type\":\"ImageObject\",\"inLanguage\":\"de\",\"@id\":\"https:\/\/now-news.de\/de\/#\/schema\/logo\/image\/\",\"url\":\"http:\/\/just-now.news\/de\/wp-content\/uploads\/sites\/3\/2022\/04\/logo500x500.jpg\",\"contentUrl\":\"http:\/\/just-now.news\/de\/wp-content\/uploads\/sites\/3\/2022\/04\/logo500x500.jpg\",\"width\":500,\"height\":500,\"caption\":\"Just Now News\"},\"image\":{\"@id\":\"https:\/\/now-news.de\/de\/#\/schema\/logo\/image\/\"},\"sameAs\":[\"https:\/\/www.facebook.com\/wirmachenauf\",\"https:\/\/x.com\/WirMachenAuf_de\"]},{\"@type\":\"Person\",\"@id\":\"https:\/\/now-news.de\/de\/#\/schema\/person\/fb534a4e865501d8b3285208df34a9b5\",\"name\":\"rtnews\",\"image\":{\"@type\":\"ImageObject\",\"inLanguage\":\"de\",\"@id\":\"https:\/\/now-news.de\/de\/#\/schema\/person\/image\/\",\"url\":\"https:\/\/secure.gravatar.com\/avatar\/82aafea7d8127119dd649515f56e2117?s=96&d=mm&r=g\",\"contentUrl\":\"https:\/\/secure.gravatar.com\/avatar\/82aafea7d8127119dd649515f56e2117?s=96&d=mm&r=g\",\"caption\":\"rtnews\"},\"url\":\"https:\/\/now-news.de\/de\/author\/rnews\/\"}]}<\/script>\n<!-- \/ Yoast SEO Premium plugin. -->","yoast_head_json":{"title":"Berliner Hamas-Prozess: Der Terror war der Prozess (Teil 2) - just-now.NEWS Deutschland","robots":{"index":"index","follow":"follow","max-snippet":"max-snippet:-1","max-image-preview":"max-image-preview:large","max-video-preview":"max-video-preview:-1"},"canonical":"https:\/\/now-news.de\/de\/deutschland\/berliner-hamas-prozess-der-terror-war-der-prozess-teil-2\/","og_locale":"de_DE","og_type":"article","og_title":"Berliner Hamas-Prozess: Der Terror war der Prozess (Teil 2)","og_description":"\u00dcber ein Jahr lang standen vier M\u00e4nner in Berlin vor Gericht, die im Dezember 2023 als angebliche Hamas-Mitglieder verhaftet worden waren. Die Leitmedien tun so, als sei dieses Verfahren ordentlich verlaufen. In Wirklichkeit sprach es jeder Rechtsstaatlichkeit Hohn. Zu Teil 1 Von Dagmar Henn Seit 2022 soll der Verfassungsschutz bereits Erkenntnisse zu den sp\u00e4teren Angeklagten [&hellip;]","og_url":"https:\/\/now-news.de\/de\/deutschland\/berliner-hamas-prozess-der-terror-war-der-prozess-teil-2\/","og_site_name":"just-now.NEWS Deutschland","article_publisher":"https:\/\/www.facebook.com\/wirmachenauf","article_published_time":"2026-03-30T15:01:42+00:00","og_image":[{"url":"https:\/\/now-news.de\/de\/wp-content\/uploads\/sites\/3\/2026\/03\/69c6db1cb480cc3b5034fae9.jpg"}],"author":"rtnews","twitter_card":"summary_large_image","twitter_creator":"@WirMachenAuf_de","twitter_site":"@WirMachenAuf_de","twitter_misc":{"Verfasst von":"rtnews","Gesch\u00e4tzte Lesezeit":"8\u00a0Minuten"},"schema":{"@context":"https:\/\/schema.org","@graph":[{"@type":"Article","@id":"https:\/\/now-news.de\/de\/deutschland\/berliner-hamas-prozess-der-terror-war-der-prozess-teil-2\/#article","isPartOf":{"@id":"https:\/\/now-news.de\/de\/deutschland\/berliner-hamas-prozess-der-terror-war-der-prozess-teil-2\/"},"author":{"name":"rtnews","@id":"https:\/\/now-news.de\/de\/#\/schema\/person\/fb534a4e865501d8b3285208df34a9b5"},"headline":"Berliner Hamas-Prozess: Der Terror war der Prozess (Teil 2)","datePublished":"2026-03-30T15:01:42+00:00","dateModified":"2026-03-30T15:01:42+00:00","mainEntityOfPage":{"@id":"https:\/\/now-news.de\/de\/deutschland\/berliner-hamas-prozess-der-terror-war-der-prozess-teil-2\/"},"wordCount":1707,"commentCount":0,"publisher":{"@id":"https:\/\/now-news.de\/de\/#organization"},"image":{"@id":"https:\/\/now-news.de\/de\/deutschland\/berliner-hamas-prozess-der-terror-war-der-prozess-teil-2\/#primaryimage"},"thumbnailUrl":"https:\/\/now-news.de\/de\/wp-content\/uploads\/sites\/3\/2026\/03\/Berliner-Hamas-Prozess-Der-Terror-war-der-Prozess-Teil-2.jpg","keywords":["Berliner","der","HamasProzess","Prozess","Teil","terror","War"],"articleSection":["Deutschland","Russland"],"inLanguage":"de","potentialAction":[{"@type":"CommentAction","name":"Comment","target":["https:\/\/now-news.de\/de\/deutschland\/berliner-hamas-prozess-der-terror-war-der-prozess-teil-2\/#respond"]}]},{"@type":"WebPage","@id":"https:\/\/now-news.de\/de\/deutschland\/berliner-hamas-prozess-der-terror-war-der-prozess-teil-2\/","url":"https:\/\/now-news.de\/de\/deutschland\/berliner-hamas-prozess-der-terror-war-der-prozess-teil-2\/","name":"Berliner Hamas-Prozess: Der Terror war der Prozess (Teil 2) - just-now.NEWS Deutschland","isPartOf":{"@id":"https:\/\/now-news.de\/de\/#website"},"primaryImageOfPage":{"@id":"https:\/\/now-news.de\/de\/deutschland\/berliner-hamas-prozess-der-terror-war-der-prozess-teil-2\/#primaryimage"},"image":{"@id":"https:\/\/now-news.de\/de\/deutschland\/berliner-hamas-prozess-der-terror-war-der-prozess-teil-2\/#primaryimage"},"thumbnailUrl":"https:\/\/now-news.de\/de\/wp-content\/uploads\/sites\/3\/2026\/03\/Berliner-Hamas-Prozess-Der-Terror-war-der-Prozess-Teil-2.jpg","datePublished":"2026-03-30T15:01:42+00:00","dateModified":"2026-03-30T15:01:42+00:00","breadcrumb":{"@id":"https:\/\/now-news.de\/de\/deutschland\/berliner-hamas-prozess-der-terror-war-der-prozess-teil-2\/#breadcrumb"},"inLanguage":"de","potentialAction":[{"@type":"ReadAction","target":["https:\/\/now-news.de\/de\/deutschland\/berliner-hamas-prozess-der-terror-war-der-prozess-teil-2\/"]}]},{"@type":"ImageObject","inLanguage":"de","@id":"https:\/\/now-news.de\/de\/deutschland\/berliner-hamas-prozess-der-terror-war-der-prozess-teil-2\/#primaryimage","url":"https:\/\/now-news.de\/de\/wp-content\/uploads\/sites\/3\/2026\/03\/Berliner-Hamas-Prozess-Der-Terror-war-der-Prozess-Teil-2.jpg","contentUrl":"https:\/\/now-news.de\/de\/wp-content\/uploads\/sites\/3\/2026\/03\/Berliner-Hamas-Prozess-Der-Terror-war-der-Prozess-Teil-2.jpg","width":460,"height":259,"caption":"Berliner Hamas-Prozess: Der Terror war der Prozess (Teil 2)"},{"@type":"BreadcrumbList","@id":"https:\/\/now-news.de\/de\/deutschland\/berliner-hamas-prozess-der-terror-war-der-prozess-teil-2\/#breadcrumb","itemListElement":[{"@type":"ListItem","position":1,"name":"Home","item":"https:\/\/now-news.de\/de\/"},{"@type":"ListItem","position":2,"name":"Berliner Hamas-Prozess: Der Terror war der Prozess (Teil 2)"}]},{"@type":"WebSite","@id":"https:\/\/now-news.de\/de\/#website","url":"https:\/\/now-news.de\/de\/","name":"just-now.NEWS Deutschland","description":"Das Portal f\u00fcr unzensierte Nachrichten aus der Welt","publisher":{"@id":"https:\/\/now-news.de\/de\/#organization"},"potentialAction":[{"@type":"SearchAction","target":{"@type":"EntryPoint","urlTemplate":"https:\/\/now-news.de\/de\/?s={search_term_string}"},"query-input":"required name=search_term_string"}],"inLanguage":"de"},{"@type":"Organization","@id":"https:\/\/now-news.de\/de\/#organization","name":"Just Now News","url":"https:\/\/now-news.de\/de\/","logo":{"@type":"ImageObject","inLanguage":"de","@id":"https:\/\/now-news.de\/de\/#\/schema\/logo\/image\/","url":"http:\/\/just-now.news\/de\/wp-content\/uploads\/sites\/3\/2022\/04\/logo500x500.jpg","contentUrl":"http:\/\/just-now.news\/de\/wp-content\/uploads\/sites\/3\/2022\/04\/logo500x500.jpg","width":500,"height":500,"caption":"Just Now News"},"image":{"@id":"https:\/\/now-news.de\/de\/#\/schema\/logo\/image\/"},"sameAs":["https:\/\/www.facebook.com\/wirmachenauf","https:\/\/x.com\/WirMachenAuf_de"]},{"@type":"Person","@id":"https:\/\/now-news.de\/de\/#\/schema\/person\/fb534a4e865501d8b3285208df34a9b5","name":"rtnews","image":{"@type":"ImageObject","inLanguage":"de","@id":"https:\/\/now-news.de\/de\/#\/schema\/person\/image\/","url":"https:\/\/secure.gravatar.com\/avatar\/82aafea7d8127119dd649515f56e2117?s=96&d=mm&r=g","contentUrl":"https:\/\/secure.gravatar.com\/avatar\/82aafea7d8127119dd649515f56e2117?s=96&d=mm&r=g","caption":"rtnews"},"url":"https:\/\/now-news.de\/de\/author\/rnews\/"}]}},"_links":{"self":[{"href":"https:\/\/now-news.de\/de\/wp-json\/wp\/v2\/posts\/101011"}],"collection":[{"href":"https:\/\/now-news.de\/de\/wp-json\/wp\/v2\/posts"}],"about":[{"href":"https:\/\/now-news.de\/de\/wp-json\/wp\/v2\/types\/post"}],"author":[{"embeddable":true,"href":"https:\/\/now-news.de\/de\/wp-json\/wp\/v2\/users\/3"}],"replies":[{"embeddable":true,"href":"https:\/\/now-news.de\/de\/wp-json\/wp\/v2\/comments?post=101011"}],"version-history":[{"count":0,"href":"https:\/\/now-news.de\/de\/wp-json\/wp\/v2\/posts\/101011\/revisions"}],"wp:featuredmedia":[{"embeddable":true,"href":"https:\/\/now-news.de\/de\/wp-json\/wp\/v2\/media\/101012"}],"wp:attachment":[{"href":"https:\/\/now-news.de\/de\/wp-json\/wp\/v2\/media?parent=101011"}],"wp:term":[{"taxonomy":"category","embeddable":true,"href":"https:\/\/now-news.de\/de\/wp-json\/wp\/v2\/categories?post=101011"},{"taxonomy":"post_tag","embeddable":true,"href":"https:\/\/now-news.de\/de\/wp-json\/wp\/v2\/tags?post=101011"}],"curies":[{"name":"wp","href":"https:\/\/api.w.org\/{rel}","templated":true}]}}