{"id":101003,"date":"2026-03-30T14:56:20","date_gmt":"2026-03-30T12:56:20","guid":{"rendered":"https:\/\/now-news.de\/de\/deutschland\/afd-mitglied-zuendet-eigenes-auto-an-und-faelscht-antifa-bekennerbrief-parteiausschluss-beantragt\/"},"modified":"2026-03-30T14:56:20","modified_gmt":"2026-03-30T12:56:20","slug":"afd-mitglied-zuendet-eigenes-auto-an-und-faelscht-antifa-bekennerbrief-parteiausschluss-beantragt","status":"publish","type":"post","link":"https:\/\/now-news.de\/de\/deutschland\/afd-mitglied-zuendet-eigenes-auto-an-und-faelscht-antifa-bekennerbrief-parteiausschluss-beantragt\/","title":{"rendered":"AfD-Mitglied z\u00fcndet eigenes Auto an und f\u00e4lscht Antifa-Bekennerbrief \u2013 Parteiausschluss beantragt"},"content":{"rendered":"<p><img decoding=\"async\" src=\"https:\/\/now-news.de\/de\/wp-content\/uploads\/sites\/3\/2026\/03\/69ca53fab480cc333e1c76a5.jpg\" \/><\/p>\n<div class=\"Text-root Text-type_1 \">\n                Ein AfD-Mitglied aus Mittelfranken hat gestanden, sein Auto selbst angez\u00fcndet und anschlie\u00dfend ein Bekennerschreiben der Antifa gef\u00e4lscht zu haben. Die AfD zeigt sich &#8220;entsetzt&#8221; \u00fcber das Ergebnis der Ermittlungen und hat einen Parteiausschluss beantragt.\n            <\/div>\n<p><\/p>\n<div class=\"Text-root Text-type_5 ArticleView-text ViewText-root \">\n<p>Laut einem Bericht des Polizeipr\u00e4sidiums Mittelfranken hat ein AfD-Mitglied in Uffenheim sein eigenes Auto angez\u00fcndet und versucht, die Schuld daf\u00fcr politisch linksgerichteten Gruppierungen in die Schuhe zu schieben. Der Mann habe gestanden, den Brand gelegt und einen angeblichen Drohbrief der Antifa gef\u00e4lscht zu haben, teilte die Polizei in N\u00fcrnberg mit. Auch eine angeblich gegen ihn gerichtete Graffiti-Schmiererei hatte er demnach selbst angefertigt.<\/p>\n<p>Der AfD-Bezirksvorstand Mittelfranken hat nun den Parteiausschluss des Mitglieds beschlossen, teilte der Bezirksverbands-Vorsitzende Andreas Haas mit. Ein entsprechender Antrag werde an das Landesschiedsgericht der Partei gerichtet, das die Entscheidung endg\u00fcltig treffen m\u00fcsse.<\/p>\n<p>&#8220;Wir sind entsetzt \u00fcber das Ergebnis der Ermittlungen und stellen fest, dass es gut war, unser Vertrauen in die objektiven Ermittlungen der Staatsanwaltschaft zu setzen&#8221;, hei\u00dft es in einer Stellungnahme des\u00a0AfD-Ortsverbands Neustadt\/Aisch. In einer Pressemitteilung vom Februar hatte die AfD noch von einem &#8220;feigen Anschlag&#8221; gegen ein Parteimitglied gesprochen. Das Mitglied habe Parteimitglieder get\u00e4uscht sowie einen Ansehensverlust und Schaden f\u00fcr die Partei verursacht, hei\u00dft es nun.<\/p>\n<p>Auch der Staatsschutz\u00a0ging zun\u00e4chst von einer politisch motivierten Straftat aus, weshalb er die Ermittlungen \u00fcbernommen hatte.\u00a0Die Ermittlungen liefen jedoch ins Leere, weshalb zunehmend der Eigent\u00fcmer des Autos ins Visier der Polizei geraten war. Schlie\u00dflich seien bei der Analyse des angeblichen Antifa-Drohbriefs auff\u00e4llige \u00dcbereinstimmungen mit der Handschrift des Mannes festgestellt worden.<\/p>\n<p data-forward-id=\"dp19tvy7m6r\">In der Vergangenheit war es immer wieder zu Anschl\u00e4gen auf Fahrzeuge von AfD-Politikern gekommen. So wurde im November im Hamburg das Auto des Ersten Parlamentarischen Gesch\u00e4ftsf\u00fchrers der AfD-Bundestagsfraktion, Bernd Baumann, Ziel eines Brandanschlags.\u00a0Das Landeskriminalamt bewertete die Tat als politisch motivierte Brandstiftung. Auch das Fahrzeug des AfD-Bundessprechers\u00a0Tino Chrupalla war 2020 auf seinem Grundst\u00fcck angez\u00fcndet worden.<\/p>\n<p><strong>Mehr zum Thema &#8211;<\/strong>\u00a0<a rel=\"nofollow\" target=\"_blank\" href=\"https:\/\/freeassange.tech\/inland\/261685-nach-brandschlag-auf-afd-politiker\/\" target=\"_blank\" rel=\"noopener noreferrer\">Nach Brandschlag auf AfD-Politiker: Gr\u00fcne sprechen sich gegen Solidarit\u00e4t aus<\/a><\/p>\n<div class=\"EmbedBlock-root EmbedBlock-externalVideo EmbedBlock-rumble\">\n<div class=\"VkEmbed\"><iframe class=\"lazyload\" data-src=\"https:\/\/rumble.com\/embed\/v6z0xz4\" frameborder=\"0\" width=\"853\" height=\"480\" allowfullscreen><\/iframe><\/div>\n<\/div>\n<\/div>\n<p><br \/>\n<br \/><a href=\"https:\/\/de.rt.com\/inland\/275297-afd-mitglied-zuendet-eigenes-auto\/\">Source link <\/a><\/p>\n","protected":false},"excerpt":{"rendered":"<p>Ein AfD-Mitglied aus Mittelfranken hat gestanden, sein Auto selbst angez\u00fcndet und anschlie\u00dfend ein Bekennerschreiben der Antifa gef\u00e4lscht zu haben. Die AfD zeigt sich &#8220;entsetzt&#8221; \u00fcber das Ergebnis der Ermittlungen und hat einen Parteiausschluss beantragt. Laut einem Bericht des Polizeipr\u00e4sidiums Mittelfranken hat ein AfD-Mitglied in Uffenheim sein eigenes Auto angez\u00fcndet und versucht, die Schuld daf\u00fcr politisch [&hellip;]<\/p>\n","protected":false},"author":3,"featured_media":101004,"comment_status":"open","ping_status":"open","sticky":false,"template":"","format":"standard","meta":{"_yoast_indexnow_last_ping":["1774876882"],"wp_automatic_camp":["217"],"e5bf3e88930dae4beba8fa84fb7ca701":["AfD-Mitglied z\u00fcndet eigenes Auto an und f\u00e4lscht Antifa-Bekennerbrief \u2013 Parteiausschluss beantragt"],"original_link":["https:\/\/de.rt.com\/inland\/275297-afd-mitglied-zuendet-eigenes-auto\/"],"_thumbnail_id":["101004"],"jnews_social_counter_last_update":["1777275863"],"_wptgpro_p2tg_sent2tg":["a:1:{i:23737;s:19:\"2026-03-30 15:22:21\";}"]},"categories":[19,23],"tags":[48796,72076,4109,12779,21691,72075,20703,140,8043],"yoast_head":"<!-- This site is optimized with the Yoast SEO Premium plugin v22.7 (Yoast SEO v22.7) - https:\/\/yoast.com\/wordpress\/plugins\/seo\/ -->\n<title>AfD-Mitglied z\u00fcndet eigenes Auto an und f\u00e4lscht Antifa-Bekennerbrief \u2013 Parteiausschluss beantragt - just-now.NEWS Deutschland<\/title>\n<meta name=\"robots\" content=\"index, follow, max-snippet:-1, max-image-preview:large, max-video-preview:-1\" \/>\n<link rel=\"canonical\" href=\"https:\/\/now-news.de\/de\/deutschland\/afd-mitglied-zuendet-eigenes-auto-an-und-faelscht-antifa-bekennerbrief-parteiausschluss-beantragt\/\" \/>\n<meta property=\"og:locale\" content=\"de_DE\" \/>\n<meta property=\"og:type\" content=\"article\" \/>\n<meta property=\"og:title\" content=\"AfD-Mitglied z\u00fcndet eigenes Auto an und f\u00e4lscht Antifa-Bekennerbrief \u2013 Parteiausschluss beantragt\" \/>\n<meta property=\"og:description\" content=\"Ein AfD-Mitglied aus Mittelfranken hat gestanden, sein Auto selbst angez\u00fcndet und anschlie\u00dfend ein Bekennerschreiben der Antifa gef\u00e4lscht zu haben. Die AfD zeigt sich &#8220;entsetzt&#8221; \u00fcber das Ergebnis der Ermittlungen und hat einen Parteiausschluss beantragt. Laut einem Bericht des Polizeipr\u00e4sidiums Mittelfranken hat ein AfD-Mitglied in Uffenheim sein eigenes Auto angez\u00fcndet und versucht, die Schuld daf\u00fcr politisch [&hellip;]\" \/>\n<meta property=\"og:url\" content=\"https:\/\/now-news.de\/de\/deutschland\/afd-mitglied-zuendet-eigenes-auto-an-und-faelscht-antifa-bekennerbrief-parteiausschluss-beantragt\/\" \/>\n<meta property=\"og:site_name\" content=\"just-now.NEWS Deutschland\" \/>\n<meta property=\"article:publisher\" content=\"https:\/\/www.facebook.com\/wirmachenauf\" \/>\n<meta property=\"article:published_time\" content=\"2026-03-30T12:56:20+00:00\" \/>\n<meta property=\"og:image\" content=\"https:\/\/now-news.de\/de\/wp-content\/uploads\/sites\/3\/2026\/03\/69ca53fab480cc333e1c76a5.jpg\" \/>\n<meta name=\"author\" content=\"rtnews\" \/>\n<meta name=\"twitter:card\" content=\"summary_large_image\" \/>\n<meta name=\"twitter:creator\" content=\"@WirMachenAuf_de\" \/>\n<meta name=\"twitter:site\" content=\"@WirMachenAuf_de\" \/>\n<meta name=\"twitter:label1\" content=\"Verfasst von\" \/>\n\t<meta name=\"twitter:data1\" content=\"rtnews\" \/>\n\t<meta name=\"twitter:label2\" content=\"Gesch\u00e4tzte Lesezeit\" \/>\n\t<meta name=\"twitter:data2\" content=\"2\u00a0Minuten\" \/>\n<script type=\"application\/ld+json\" class=\"yoast-schema-graph\">{\"@context\":\"https:\/\/schema.org\",\"@graph\":[{\"@type\":\"Article\",\"@id\":\"https:\/\/now-news.de\/de\/deutschland\/afd-mitglied-zuendet-eigenes-auto-an-und-faelscht-antifa-bekennerbrief-parteiausschluss-beantragt\/#article\",\"isPartOf\":{\"@id\":\"https:\/\/now-news.de\/de\/deutschland\/afd-mitglied-zuendet-eigenes-auto-an-und-faelscht-antifa-bekennerbrief-parteiausschluss-beantragt\/\"},\"author\":{\"name\":\"rtnews\",\"@id\":\"https:\/\/now-news.de\/de\/#\/schema\/person\/fb534a4e865501d8b3285208df34a9b5\"},\"headline\":\"AfD-Mitglied z\u00fcndet eigenes Auto an und f\u00e4lscht Antifa-Bekennerbrief \u2013 Parteiausschluss beantragt\",\"datePublished\":\"2026-03-30T12:56:20+00:00\",\"dateModified\":\"2026-03-30T12:56:20+00:00\",\"mainEntityOfPage\":{\"@id\":\"https:\/\/now-news.de\/de\/deutschland\/afd-mitglied-zuendet-eigenes-auto-an-und-faelscht-antifa-bekennerbrief-parteiausschluss-beantragt\/\"},\"wordCount\":357,\"commentCount\":0,\"publisher\":{\"@id\":\"https:\/\/now-news.de\/de\/#organization\"},\"image\":{\"@id\":\"https:\/\/now-news.de\/de\/deutschland\/afd-mitglied-zuendet-eigenes-auto-an-und-faelscht-antifa-bekennerbrief-parteiausschluss-beantragt\/#primaryimage\"},\"thumbnailUrl\":\"https:\/\/now-news.de\/de\/wp-content\/uploads\/sites\/3\/2026\/03\/AfD-Mitglied-zuendet-eigenes-Auto-an-und-faelscht-Antifa-Bekennerbrief-\u2013-Parteiausschluss.jpg\",\"keywords\":[\"AfDMitglied\",\"AntifaBekennerbrief\",\"Auto\",\"beantragt\",\"Eigenes\",\"f\u00e4lscht\",\"Parteiausschluss\",\"und\",\"z\u00fcndet\"],\"articleSection\":[\"Deutschland\",\"Russland\"],\"inLanguage\":\"de\",\"potentialAction\":[{\"@type\":\"CommentAction\",\"name\":\"Comment\",\"target\":[\"https:\/\/now-news.de\/de\/deutschland\/afd-mitglied-zuendet-eigenes-auto-an-und-faelscht-antifa-bekennerbrief-parteiausschluss-beantragt\/#respond\"]}]},{\"@type\":\"WebPage\",\"@id\":\"https:\/\/now-news.de\/de\/deutschland\/afd-mitglied-zuendet-eigenes-auto-an-und-faelscht-antifa-bekennerbrief-parteiausschluss-beantragt\/\",\"url\":\"https:\/\/now-news.de\/de\/deutschland\/afd-mitglied-zuendet-eigenes-auto-an-und-faelscht-antifa-bekennerbrief-parteiausschluss-beantragt\/\",\"name\":\"AfD-Mitglied z\u00fcndet eigenes Auto an und f\u00e4lscht Antifa-Bekennerbrief \u2013 Parteiausschluss beantragt - just-now.NEWS Deutschland\",\"isPartOf\":{\"@id\":\"https:\/\/now-news.de\/de\/#website\"},\"primaryImageOfPage\":{\"@id\":\"https:\/\/now-news.de\/de\/deutschland\/afd-mitglied-zuendet-eigenes-auto-an-und-faelscht-antifa-bekennerbrief-parteiausschluss-beantragt\/#primaryimage\"},\"image\":{\"@id\":\"https:\/\/now-news.de\/de\/deutschland\/afd-mitglied-zuendet-eigenes-auto-an-und-faelscht-antifa-bekennerbrief-parteiausschluss-beantragt\/#primaryimage\"},\"thumbnailUrl\":\"https:\/\/now-news.de\/de\/wp-content\/uploads\/sites\/3\/2026\/03\/AfD-Mitglied-zuendet-eigenes-Auto-an-und-faelscht-Antifa-Bekennerbrief-\u2013-Parteiausschluss.jpg\",\"datePublished\":\"2026-03-30T12:56:20+00:00\",\"dateModified\":\"2026-03-30T12:56:20+00:00\",\"breadcrumb\":{\"@id\":\"https:\/\/now-news.de\/de\/deutschland\/afd-mitglied-zuendet-eigenes-auto-an-und-faelscht-antifa-bekennerbrief-parteiausschluss-beantragt\/#breadcrumb\"},\"inLanguage\":\"de\",\"potentialAction\":[{\"@type\":\"ReadAction\",\"target\":[\"https:\/\/now-news.de\/de\/deutschland\/afd-mitglied-zuendet-eigenes-auto-an-und-faelscht-antifa-bekennerbrief-parteiausschluss-beantragt\/\"]}]},{\"@type\":\"ImageObject\",\"inLanguage\":\"de\",\"@id\":\"https:\/\/now-news.de\/de\/deutschland\/afd-mitglied-zuendet-eigenes-auto-an-und-faelscht-antifa-bekennerbrief-parteiausschluss-beantragt\/#primaryimage\",\"url\":\"https:\/\/now-news.de\/de\/wp-content\/uploads\/sites\/3\/2026\/03\/AfD-Mitglied-zuendet-eigenes-Auto-an-und-faelscht-Antifa-Bekennerbrief-\u2013-Parteiausschluss.jpg\",\"contentUrl\":\"https:\/\/now-news.de\/de\/wp-content\/uploads\/sites\/3\/2026\/03\/AfD-Mitglied-zuendet-eigenes-Auto-an-und-faelscht-Antifa-Bekennerbrief-\u2013-Parteiausschluss.jpg\",\"width\":460,\"height\":259,\"caption\":\"AfD-Mitglied z\u00fcndet eigenes Auto an und f\u00e4lscht Antifa-Bekennerbrief \u2013 Parteiausschluss beantragt\"},{\"@type\":\"BreadcrumbList\",\"@id\":\"https:\/\/now-news.de\/de\/deutschland\/afd-mitglied-zuendet-eigenes-auto-an-und-faelscht-antifa-bekennerbrief-parteiausschluss-beantragt\/#breadcrumb\",\"itemListElement\":[{\"@type\":\"ListItem\",\"position\":1,\"name\":\"Home\",\"item\":\"https:\/\/now-news.de\/de\/\"},{\"@type\":\"ListItem\",\"position\":2,\"name\":\"AfD-Mitglied z\u00fcndet eigenes Auto an und f\u00e4lscht Antifa-Bekennerbrief \u2013 Parteiausschluss beantragt\"}]},{\"@type\":\"WebSite\",\"@id\":\"https:\/\/now-news.de\/de\/#website\",\"url\":\"https:\/\/now-news.de\/de\/\",\"name\":\"just-now.NEWS Deutschland\",\"description\":\"Das Portal f\u00fcr unzensierte Nachrichten aus der Welt\",\"publisher\":{\"@id\":\"https:\/\/now-news.de\/de\/#organization\"},\"potentialAction\":[{\"@type\":\"SearchAction\",\"target\":{\"@type\":\"EntryPoint\",\"urlTemplate\":\"https:\/\/now-news.de\/de\/?s={search_term_string}\"},\"query-input\":\"required name=search_term_string\"}],\"inLanguage\":\"de\"},{\"@type\":\"Organization\",\"@id\":\"https:\/\/now-news.de\/de\/#organization\",\"name\":\"Just Now News\",\"url\":\"https:\/\/now-news.de\/de\/\",\"logo\":{\"@type\":\"ImageObject\",\"inLanguage\":\"de\",\"@id\":\"https:\/\/now-news.de\/de\/#\/schema\/logo\/image\/\",\"url\":\"http:\/\/just-now.news\/de\/wp-content\/uploads\/sites\/3\/2022\/04\/logo500x500.jpg\",\"contentUrl\":\"http:\/\/just-now.news\/de\/wp-content\/uploads\/sites\/3\/2022\/04\/logo500x500.jpg\",\"width\":500,\"height\":500,\"caption\":\"Just Now News\"},\"image\":{\"@id\":\"https:\/\/now-news.de\/de\/#\/schema\/logo\/image\/\"},\"sameAs\":[\"https:\/\/www.facebook.com\/wirmachenauf\",\"https:\/\/x.com\/WirMachenAuf_de\"]},{\"@type\":\"Person\",\"@id\":\"https:\/\/now-news.de\/de\/#\/schema\/person\/fb534a4e865501d8b3285208df34a9b5\",\"name\":\"rtnews\",\"image\":{\"@type\":\"ImageObject\",\"inLanguage\":\"de\",\"@id\":\"https:\/\/now-news.de\/de\/#\/schema\/person\/image\/\",\"url\":\"https:\/\/secure.gravatar.com\/avatar\/82aafea7d8127119dd649515f56e2117?s=96&d=mm&r=g\",\"contentUrl\":\"https:\/\/secure.gravatar.com\/avatar\/82aafea7d8127119dd649515f56e2117?s=96&d=mm&r=g\",\"caption\":\"rtnews\"},\"url\":\"https:\/\/now-news.de\/de\/author\/rnews\/\"}]}<\/script>\n<!-- \/ Yoast SEO Premium plugin. -->","yoast_head_json":{"title":"AfD-Mitglied z\u00fcndet eigenes Auto an und f\u00e4lscht Antifa-Bekennerbrief \u2013 Parteiausschluss beantragt - just-now.NEWS Deutschland","robots":{"index":"index","follow":"follow","max-snippet":"max-snippet:-1","max-image-preview":"max-image-preview:large","max-video-preview":"max-video-preview:-1"},"canonical":"https:\/\/now-news.de\/de\/deutschland\/afd-mitglied-zuendet-eigenes-auto-an-und-faelscht-antifa-bekennerbrief-parteiausschluss-beantragt\/","og_locale":"de_DE","og_type":"article","og_title":"AfD-Mitglied z\u00fcndet eigenes Auto an und f\u00e4lscht Antifa-Bekennerbrief \u2013 Parteiausschluss beantragt","og_description":"Ein AfD-Mitglied aus Mittelfranken hat gestanden, sein Auto selbst angez\u00fcndet und anschlie\u00dfend ein Bekennerschreiben der Antifa gef\u00e4lscht zu haben. Die AfD zeigt sich &#8220;entsetzt&#8221; \u00fcber das Ergebnis der Ermittlungen und hat einen Parteiausschluss beantragt. Laut einem Bericht des Polizeipr\u00e4sidiums Mittelfranken hat ein AfD-Mitglied in Uffenheim sein eigenes Auto angez\u00fcndet und versucht, die Schuld daf\u00fcr politisch [&hellip;]","og_url":"https:\/\/now-news.de\/de\/deutschland\/afd-mitglied-zuendet-eigenes-auto-an-und-faelscht-antifa-bekennerbrief-parteiausschluss-beantragt\/","og_site_name":"just-now.NEWS Deutschland","article_publisher":"https:\/\/www.facebook.com\/wirmachenauf","article_published_time":"2026-03-30T12:56:20+00:00","og_image":[{"url":"https:\/\/now-news.de\/de\/wp-content\/uploads\/sites\/3\/2026\/03\/69ca53fab480cc333e1c76a5.jpg"}],"author":"rtnews","twitter_card":"summary_large_image","twitter_creator":"@WirMachenAuf_de","twitter_site":"@WirMachenAuf_de","twitter_misc":{"Verfasst von":"rtnews","Gesch\u00e4tzte Lesezeit":"2\u00a0Minuten"},"schema":{"@context":"https:\/\/schema.org","@graph":[{"@type":"Article","@id":"https:\/\/now-news.de\/de\/deutschland\/afd-mitglied-zuendet-eigenes-auto-an-und-faelscht-antifa-bekennerbrief-parteiausschluss-beantragt\/#article","isPartOf":{"@id":"https:\/\/now-news.de\/de\/deutschland\/afd-mitglied-zuendet-eigenes-auto-an-und-faelscht-antifa-bekennerbrief-parteiausschluss-beantragt\/"},"author":{"name":"rtnews","@id":"https:\/\/now-news.de\/de\/#\/schema\/person\/fb534a4e865501d8b3285208df34a9b5"},"headline":"AfD-Mitglied z\u00fcndet eigenes Auto an und f\u00e4lscht Antifa-Bekennerbrief \u2013 Parteiausschluss beantragt","datePublished":"2026-03-30T12:56:20+00:00","dateModified":"2026-03-30T12:56:20+00:00","mainEntityOfPage":{"@id":"https:\/\/now-news.de\/de\/deutschland\/afd-mitglied-zuendet-eigenes-auto-an-und-faelscht-antifa-bekennerbrief-parteiausschluss-beantragt\/"},"wordCount":357,"commentCount":0,"publisher":{"@id":"https:\/\/now-news.de\/de\/#organization"},"image":{"@id":"https:\/\/now-news.de\/de\/deutschland\/afd-mitglied-zuendet-eigenes-auto-an-und-faelscht-antifa-bekennerbrief-parteiausschluss-beantragt\/#primaryimage"},"thumbnailUrl":"https:\/\/now-news.de\/de\/wp-content\/uploads\/sites\/3\/2026\/03\/AfD-Mitglied-zuendet-eigenes-Auto-an-und-faelscht-Antifa-Bekennerbrief-\u2013-Parteiausschluss.jpg","keywords":["AfDMitglied","AntifaBekennerbrief","Auto","beantragt","Eigenes","f\u00e4lscht","Parteiausschluss","und","z\u00fcndet"],"articleSection":["Deutschland","Russland"],"inLanguage":"de","potentialAction":[{"@type":"CommentAction","name":"Comment","target":["https:\/\/now-news.de\/de\/deutschland\/afd-mitglied-zuendet-eigenes-auto-an-und-faelscht-antifa-bekennerbrief-parteiausschluss-beantragt\/#respond"]}]},{"@type":"WebPage","@id":"https:\/\/now-news.de\/de\/deutschland\/afd-mitglied-zuendet-eigenes-auto-an-und-faelscht-antifa-bekennerbrief-parteiausschluss-beantragt\/","url":"https:\/\/now-news.de\/de\/deutschland\/afd-mitglied-zuendet-eigenes-auto-an-und-faelscht-antifa-bekennerbrief-parteiausschluss-beantragt\/","name":"AfD-Mitglied z\u00fcndet eigenes Auto an und f\u00e4lscht Antifa-Bekennerbrief \u2013 Parteiausschluss beantragt - just-now.NEWS Deutschland","isPartOf":{"@id":"https:\/\/now-news.de\/de\/#website"},"primaryImageOfPage":{"@id":"https:\/\/now-news.de\/de\/deutschland\/afd-mitglied-zuendet-eigenes-auto-an-und-faelscht-antifa-bekennerbrief-parteiausschluss-beantragt\/#primaryimage"},"image":{"@id":"https:\/\/now-news.de\/de\/deutschland\/afd-mitglied-zuendet-eigenes-auto-an-und-faelscht-antifa-bekennerbrief-parteiausschluss-beantragt\/#primaryimage"},"thumbnailUrl":"https:\/\/now-news.de\/de\/wp-content\/uploads\/sites\/3\/2026\/03\/AfD-Mitglied-zuendet-eigenes-Auto-an-und-faelscht-Antifa-Bekennerbrief-\u2013-Parteiausschluss.jpg","datePublished":"2026-03-30T12:56:20+00:00","dateModified":"2026-03-30T12:56:20+00:00","breadcrumb":{"@id":"https:\/\/now-news.de\/de\/deutschland\/afd-mitglied-zuendet-eigenes-auto-an-und-faelscht-antifa-bekennerbrief-parteiausschluss-beantragt\/#breadcrumb"},"inLanguage":"de","potentialAction":[{"@type":"ReadAction","target":["https:\/\/now-news.de\/de\/deutschland\/afd-mitglied-zuendet-eigenes-auto-an-und-faelscht-antifa-bekennerbrief-parteiausschluss-beantragt\/"]}]},{"@type":"ImageObject","inLanguage":"de","@id":"https:\/\/now-news.de\/de\/deutschland\/afd-mitglied-zuendet-eigenes-auto-an-und-faelscht-antifa-bekennerbrief-parteiausschluss-beantragt\/#primaryimage","url":"https:\/\/now-news.de\/de\/wp-content\/uploads\/sites\/3\/2026\/03\/AfD-Mitglied-zuendet-eigenes-Auto-an-und-faelscht-Antifa-Bekennerbrief-\u2013-Parteiausschluss.jpg","contentUrl":"https:\/\/now-news.de\/de\/wp-content\/uploads\/sites\/3\/2026\/03\/AfD-Mitglied-zuendet-eigenes-Auto-an-und-faelscht-Antifa-Bekennerbrief-\u2013-Parteiausschluss.jpg","width":460,"height":259,"caption":"AfD-Mitglied z\u00fcndet eigenes Auto an und f\u00e4lscht Antifa-Bekennerbrief \u2013 Parteiausschluss beantragt"},{"@type":"BreadcrumbList","@id":"https:\/\/now-news.de\/de\/deutschland\/afd-mitglied-zuendet-eigenes-auto-an-und-faelscht-antifa-bekennerbrief-parteiausschluss-beantragt\/#breadcrumb","itemListElement":[{"@type":"ListItem","position":1,"name":"Home","item":"https:\/\/now-news.de\/de\/"},{"@type":"ListItem","position":2,"name":"AfD-Mitglied z\u00fcndet eigenes Auto an und f\u00e4lscht Antifa-Bekennerbrief \u2013 Parteiausschluss beantragt"}]},{"@type":"WebSite","@id":"https:\/\/now-news.de\/de\/#website","url":"https:\/\/now-news.de\/de\/","name":"just-now.NEWS Deutschland","description":"Das Portal f\u00fcr unzensierte Nachrichten aus der Welt","publisher":{"@id":"https:\/\/now-news.de\/de\/#organization"},"potentialAction":[{"@type":"SearchAction","target":{"@type":"EntryPoint","urlTemplate":"https:\/\/now-news.de\/de\/?s={search_term_string}"},"query-input":"required name=search_term_string"}],"inLanguage":"de"},{"@type":"Organization","@id":"https:\/\/now-news.de\/de\/#organization","name":"Just Now News","url":"https:\/\/now-news.de\/de\/","logo":{"@type":"ImageObject","inLanguage":"de","@id":"https:\/\/now-news.de\/de\/#\/schema\/logo\/image\/","url":"http:\/\/just-now.news\/de\/wp-content\/uploads\/sites\/3\/2022\/04\/logo500x500.jpg","contentUrl":"http:\/\/just-now.news\/de\/wp-content\/uploads\/sites\/3\/2022\/04\/logo500x500.jpg","width":500,"height":500,"caption":"Just Now News"},"image":{"@id":"https:\/\/now-news.de\/de\/#\/schema\/logo\/image\/"},"sameAs":["https:\/\/www.facebook.com\/wirmachenauf","https:\/\/x.com\/WirMachenAuf_de"]},{"@type":"Person","@id":"https:\/\/now-news.de\/de\/#\/schema\/person\/fb534a4e865501d8b3285208df34a9b5","name":"rtnews","image":{"@type":"ImageObject","inLanguage":"de","@id":"https:\/\/now-news.de\/de\/#\/schema\/person\/image\/","url":"https:\/\/secure.gravatar.com\/avatar\/82aafea7d8127119dd649515f56e2117?s=96&d=mm&r=g","contentUrl":"https:\/\/secure.gravatar.com\/avatar\/82aafea7d8127119dd649515f56e2117?s=96&d=mm&r=g","caption":"rtnews"},"url":"https:\/\/now-news.de\/de\/author\/rnews\/"}]}},"_links":{"self":[{"href":"https:\/\/now-news.de\/de\/wp-json\/wp\/v2\/posts\/101003"}],"collection":[{"href":"https:\/\/now-news.de\/de\/wp-json\/wp\/v2\/posts"}],"about":[{"href":"https:\/\/now-news.de\/de\/wp-json\/wp\/v2\/types\/post"}],"author":[{"embeddable":true,"href":"https:\/\/now-news.de\/de\/wp-json\/wp\/v2\/users\/3"}],"replies":[{"embeddable":true,"href":"https:\/\/now-news.de\/de\/wp-json\/wp\/v2\/comments?post=101003"}],"version-history":[{"count":0,"href":"https:\/\/now-news.de\/de\/wp-json\/wp\/v2\/posts\/101003\/revisions"}],"wp:featuredmedia":[{"embeddable":true,"href":"https:\/\/now-news.de\/de\/wp-json\/wp\/v2\/media\/101004"}],"wp:attachment":[{"href":"https:\/\/now-news.de\/de\/wp-json\/wp\/v2\/media?parent=101003"}],"wp:term":[{"taxonomy":"category","embeddable":true,"href":"https:\/\/now-news.de\/de\/wp-json\/wp\/v2\/categories?post=101003"},{"taxonomy":"post_tag","embeddable":true,"href":"https:\/\/now-news.de\/de\/wp-json\/wp\/v2\/tags?post=101003"}],"curies":[{"name":"wp","href":"https:\/\/api.w.org\/{rel}","templated":true}]}}