{"id":100993,"date":"2026-03-30T13:54:09","date_gmt":"2026-03-30T11:54:09","guid":{"rendered":"https:\/\/now-news.de\/de\/deutschland\/steinmeier-empfaengt-al-scharaa-anhaenger-rufen-allahu-akbar\/"},"modified":"2026-03-30T13:54:09","modified_gmt":"2026-03-30T11:54:09","slug":"steinmeier-empfaengt-al-scharaa-anhaenger-rufen-allahu-akbar","status":"publish","type":"post","link":"https:\/\/now-news.de\/de\/deutschland\/steinmeier-empfaengt-al-scharaa-anhaenger-rufen-allahu-akbar\/","title":{"rendered":"Steinmeier empf\u00e4ngt al-Scharaa: Anh\u00e4nger rufen &quot;Allahu Akbar&quot;"},"content":{"rendered":"<p><img decoding=\"async\" src=\"https:\/\/now-news.de\/de\/wp-content\/uploads\/sites\/3\/2026\/03\/69ca59b4b480cc318418fdf2.png\" \/><\/p>\n<div class=\"Text-root Text-type_1 \">\n                Der Besuch des syrischen \u00dcbergangspr\u00e4sidenten Ahmed al-Scharaa in Berlin wird f\u00fcr Verkehrsteilnehmer am Montag zur Geduldsprobe. Die Polizei ist f\u00fcr einen Gro\u00dfeinsatz gewappnet \u2013 Proteste werden erwartet. Au\u00dfenminister Johann Wadephul verspricht dem Gast eine &#8220;starke Rolle&#8221; Deutschlands beim Wiederaufbau Syriens.\n            <\/div>\n<p><\/p>\n<div class=\"Text-root Text-type_5 ArticleView-text ViewText-root \">\n<p>Seit Sonntag weilt der syrische \u00dcbergangspr\u00e4sident Ahmed al-Scharaa in Berlin. Am Montag hat Bundesau\u00dfenminister Johann Wadephul (CDU) dem ehemaligen Top-Terroristen die Unterst\u00fctzung Deutschlands beim Wiederaufbau des Landes nach 14 Jahren B\u00fcrgerkrieg zugesichert. Wadephul sagte:<\/p>\n<blockquote>\n<p><em>&#8220;Wir stehen an der Seite Syriens [\u2026] Die Syrer verdienen eine Chance, und wir m\u00f6chten helfen, dass diese Chance gut genutzt wird.&#8221;<\/em><\/p>\n<\/blockquote>\n<p>Deutschland k\u00f6nne weiterhin eine &#8220;starke Rolle&#8221; beim wirtschaftlichen Wiederaufbau des Landes spielen, erg\u00e4nzte der deutsche Au\u00dfenminister Wadephul, wie die <em>Welt<\/em> berichtet. Bundeswirtschaftsministerin Katherina Reiche (CDU) sprach von &#8220;Gesch\u00e4ftschancen&#8221; in Syrien f\u00fcr deutsche Unternehmen. Sie hoffe auf einen &#8220;florierenden Handel&#8221; mit dem weitgehend zerst\u00f6rten Land. Der fr\u00fchere Dschihadistenf\u00fchrer al-Scharaa warb f\u00fcr sein Land als Wirtschaftspartner: Syrien sei ein &#8220;sicherer Hafen f\u00fcr Lieferketten&#8221; und eine &#8220;gro\u00dfe Investitionschance im Bereich der Infrastruktur&#8221;. So baue das Land seine Energieinfrastruktur wieder auf. Syrien sei auch als Touristenziel &#8220;attraktiv&#8221;, versicherte der 43-J\u00e4hrige. Auch eine m\u00f6gliche R\u00fcckf\u00fchrung syrischer Fl\u00fcchtlinge in Deutschland wird diskutiert.<\/p>\n<p>Zuvor war al-Scharaa am Montag zum Auftakt seines Antrittsbesuchs in Berlin von Bundespr\u00e4sident Frank-Walter Steinmeier empfangen worden und trifft\u00a0am Montag\u00a0auch noch auf Kanzler Friedrich Merz. Der Termin, der urspr\u00fcnglich bereits im Januar geplant war, wird von Protesten begleitet: In der Hauptstadt sind mehrere Demonstrationen f\u00fcr und gegen al-Scharaa mit insgesamt rund 5.000 Teilnehmern angemeldet. Bei einem Treffen mit der syrischen Community im Ritz-Carlton-Hotel in Berlin bejubelten zahlreiche in Deutschland ans\u00e4ssige Anh\u00e4nger al-Scharaa und skandierten &#8220;Allahu Akbar&#8221;. Das berichtet der <em>Spiegel<\/em>. Auch in anderen Berliner Stadtteilen gab es begeisterte Kundgebungen f\u00fcr das umstrittene syrische Staatsoberhaupt, wie Videos auf der Plattform X zeigen.<\/p>\n<div class=\"EmbedBlock-root EmbedBlock-twitter\">\n<div class=\"TwitterEmbed\">\n<blockquote class=\"twitter-tweet lazyload\" data-twitter=\"twitter-tweet\" data-media-max-width=\"560\">\n<p lang=\"en\" dir=\"ltr\">Syrians are welcoming their leader Jolani in Berlin, while their fellow Muslims are attacking Christians in Syria.Syria has been under total jihadi rule for over a year now, like they always wanted. So why don\u2019t they leave Germany and go back home?<a rel=\"nofollow\" target=\"_blank\" href=\"https:\/\/t.co\/74wBsUoLQp\">pic.twitter.com\/74wBsUoLQp<\/a><\/p>\n<p>\u2014 Dr. Maalouf \u200f (@realMaalouf) <a rel=\"nofollow\" target=\"_blank\" href=\"https:\/\/twitter.com\/realMaalouf\/status\/2038380784910815485?ref_src=twsrc%5Etfw\">March 29, 2026<\/a><\/p><\/blockquote>\n<\/div>\n<\/div>\n<div class=\"EmbedBlock-root EmbedBlock-twitter\">\n<div class=\"TwitterEmbed\">\n<blockquote class=\"twitter-tweet lazyload\" data-twitter=\"twitter-tweet\" data-media-max-width=\"560\">\n<p lang=\"en\" dir=\"ltr\">Their President\u2019s invading army.<a rel=\"nofollow\" target=\"_blank\" href=\"https:\/\/t.co\/Qvgw5ZKvR5\">pic.twitter.com\/Qvgw5ZKvR5<\/a><\/p>\n<p>\u2014 Defend the West (@real_DefendWest) <a rel=\"nofollow\" target=\"_blank\" href=\"https:\/\/twitter.com\/real_DefendWest\/status\/2038382565111873599?ref_src=twsrc%5Etfw\">March 29, 2026<\/a><\/p><\/blockquote>\n<\/div>\n<\/div>\n<p>Der Regierung in Damaskus wird vorgeworfen, Minderheiten nicht ausreichend zu sch\u00fctzen oder Gewalt zu dulden. Zudem wurden bei einer Offensive in Nord- und Nordostsyrien kurdische Kr\u00e4fte aus Gebieten verdr\u00e4ngt, die zuvor unter ihrer Kontrolle standen. &#8220;Das Treffen von Merz mit al-Sharaa ist kein diplomatischer Schritt, sondern ein moralischer Bankrott&#8221;, erkl\u00e4rte die Linken-Abgeordnete Cansu \u00d6zdemir, wie <em>ntv<\/em> schreibt. Merz normalisiere Islamisten, &#8220;die unliebsame ethnische und religi\u00f6se Bev\u00f6lkerungsgruppen wie Christen, Alawiten, Drusen und Kurden massakrieren&#8221;, erg\u00e4nzte die Genossin.\u00a0\u00a0<\/p>\n<p>Die Kurdische Gemeinde Deutschland (KGD) wirft al-Scharaa Menschenrechtsverletzungen, Kriegsverbrechen und Verbrechen gegen die Menschlichkeit vor. &#8220;Al-Scharaa geh\u00f6rt vor ein Gericht und nicht ins Kanzleramt&#8221;, sagte der KGD-Bundesvorsitzende Ali Ertan Toprak.\u00a0<\/p>\n<p>F\u00fcr weiteren Z\u00fcndstoff sorgte vor kurzem eine Aussage von Joe Kent, Donalds Trumps ehemaliger Anti-Terror-Chef, der aus Protest gegen den Iran-Krieg zur\u00fcckgetreten ist. Er <a rel=\"nofollow\" target=\"_blank\" href=\"https:\/\/freedert.online\/der-nahe-osten\/275205-ex-trump-mitarbeiter-usa-haben\/\">erkl\u00e4rte<\/a>, dass die Vereinigten Staaten im Auftrag Israels direkt mit Terroristen von Al-Qaida und dem Islamischen Staat zusammengearbeitet h\u00e4tten. Das\u00a0erkl\u00e4rte\u00a0Ziel: der Sturz des syrischen Pr\u00e4sidenten Baschar al-Assad.<\/p>\n<p>F\u00fcr die Berliner ist derweil der Besuch nicht nur politisch pikant, sondern auch mit organisatorischen Einschr\u00e4nkungen verbunden: So sind gro\u00dfe Teile von Berlin-Mitte gesperrt, und Autofahrer werden gebeten, das Gebiet gro\u00dffl\u00e4chig zu umfahren. Al-Scharaa sei laut einem Polizeisprecher eine Person mit hoher Gef\u00e4hrdungsstufe. Eine solche Lage lasse sich &#8220;nicht mal eben mit ein, zwei\u00a0Einsatzhundertschaften bew\u00e4ltigen&#8221; und bringe die Hauptstadtpolizei an die Belastungsgrenze.<\/p>\n<p><strong>Mehr zum Thema<\/strong>\u00a0\u2013\u00a0<a rel=\"nofollow\" target=\"_blank\" href=\"https:\/\/freedert.online\/der-nahe-osten\/270919-is-reklamiert-zwei-angriffe-auf\/\" target=\"_blank\" rel=\"noopener noreferrer\">Syrien: IS bekennt sich zu Angriffen und k\u00fcndigt neue Angriffsphase an<\/a><\/p>\n<\/p>\n<\/div>\n<p><script async src=\"https:\/\/platform.twitter.com\/widgets.js\" charset=\"utf-8\"><\/script><br \/>\n<br \/><br \/>\n<br \/><a href=\"https:\/\/de.rt.com\/inland\/275301-steinmeier-empfaengt-syrischen-uebergangspraesident-al\/\">Source link <\/a><\/p>\n","protected":false},"excerpt":{"rendered":"<p>Der Besuch des syrischen \u00dcbergangspr\u00e4sidenten Ahmed al-Scharaa in Berlin wird f\u00fcr Verkehrsteilnehmer am Montag zur Geduldsprobe. Die Polizei ist f\u00fcr einen Gro\u00dfeinsatz gewappnet \u2013 Proteste werden erwartet. Au\u00dfenminister Johann Wadephul verspricht dem Gast eine &#8220;starke Rolle&#8221; Deutschlands beim Wiederaufbau Syriens. Seit Sonntag weilt der syrische \u00dcbergangspr\u00e4sident Ahmed al-Scharaa in Berlin. Am Montag hat Bundesau\u00dfenminister Johann [&hellip;]<\/p>\n","protected":false},"author":3,"featured_media":100994,"comment_status":"open","ping_status":"open","sticky":false,"template":"","format":"standard","meta":{"_yoast_indexnow_last_ping":["1774872094"],"wp_automatic_camp":["217"],"1138d4ec53532e9d3443043846448004":["Steinmeier empf\u00e4ngt al-Scharaa: Anh\u00e4nger rufen &quot;Allahu Akbar&quot;"],"original_link":["https:\/\/de.rt.com\/inland\/275301-steinmeier-empfaengt-syrischen-uebergangspraesident-al\/"],"_thumbnail_id":["100994"],"jnews_social_counter_last_update":["1777169199"],"_wptgpro_p2tg_sent2tg":["a:1:{i:23737;s:19:\"2026-03-30 14:02:37\";}"]},"categories":[19,23],"tags":[46894,68868,20588,10363,32577,18724,1723],"yoast_head":"<!-- This site is optimized with the Yoast SEO Premium plugin v22.7 (Yoast SEO v22.7) - https:\/\/yoast.com\/wordpress\/plugins\/seo\/ -->\n<title>Steinmeier empf\u00e4ngt al-Scharaa: Anh\u00e4nger rufen &quot;Allahu Akbar&quot; - just-now.NEWS Deutschland<\/title>\n<meta name=\"robots\" content=\"index, follow, max-snippet:-1, max-image-preview:large, max-video-preview:-1\" \/>\n<link rel=\"canonical\" href=\"https:\/\/now-news.de\/de\/deutschland\/steinmeier-empfaengt-al-scharaa-anhaenger-rufen-allahu-akbar\/\" \/>\n<meta property=\"og:locale\" content=\"de_DE\" \/>\n<meta property=\"og:type\" content=\"article\" \/>\n<meta property=\"og:title\" content=\"Steinmeier empf\u00e4ngt al-Scharaa: Anh\u00e4nger rufen &quot;Allahu Akbar&quot;\" \/>\n<meta property=\"og:description\" content=\"Der Besuch des syrischen \u00dcbergangspr\u00e4sidenten Ahmed al-Scharaa in Berlin wird f\u00fcr Verkehrsteilnehmer am Montag zur Geduldsprobe. Die Polizei ist f\u00fcr einen Gro\u00dfeinsatz gewappnet \u2013 Proteste werden erwartet. Au\u00dfenminister Johann Wadephul verspricht dem Gast eine &#8220;starke Rolle&#8221; Deutschlands beim Wiederaufbau Syriens. Seit Sonntag weilt der syrische \u00dcbergangspr\u00e4sident Ahmed al-Scharaa in Berlin. Am Montag hat Bundesau\u00dfenminister Johann [&hellip;]\" \/>\n<meta property=\"og:url\" content=\"https:\/\/now-news.de\/de\/deutschland\/steinmeier-empfaengt-al-scharaa-anhaenger-rufen-allahu-akbar\/\" \/>\n<meta property=\"og:site_name\" content=\"just-now.NEWS Deutschland\" \/>\n<meta property=\"article:publisher\" content=\"https:\/\/www.facebook.com\/wirmachenauf\" \/>\n<meta property=\"article:published_time\" content=\"2026-03-30T11:54:09+00:00\" \/>\n<meta property=\"og:image\" content=\"https:\/\/now-news.de\/de\/wp-content\/uploads\/sites\/3\/2026\/03\/69ca59b4b480cc318418fdf2.png\" \/>\n<meta name=\"author\" content=\"rtnews\" \/>\n<meta name=\"twitter:card\" content=\"summary_large_image\" \/>\n<meta name=\"twitter:creator\" content=\"@WirMachenAuf_de\" \/>\n<meta name=\"twitter:site\" content=\"@WirMachenAuf_de\" \/>\n<meta name=\"twitter:label1\" content=\"Verfasst von\" \/>\n\t<meta name=\"twitter:data1\" content=\"rtnews\" \/>\n\t<meta name=\"twitter:label2\" content=\"Gesch\u00e4tzte Lesezeit\" \/>\n\t<meta name=\"twitter:data2\" content=\"3\u00a0Minuten\" \/>\n<script type=\"application\/ld+json\" class=\"yoast-schema-graph\">{\"@context\":\"https:\/\/schema.org\",\"@graph\":[{\"@type\":\"Article\",\"@id\":\"https:\/\/now-news.de\/de\/deutschland\/steinmeier-empfaengt-al-scharaa-anhaenger-rufen-allahu-akbar\/#article\",\"isPartOf\":{\"@id\":\"https:\/\/now-news.de\/de\/deutschland\/steinmeier-empfaengt-al-scharaa-anhaenger-rufen-allahu-akbar\/\"},\"author\":{\"name\":\"rtnews\",\"@id\":\"https:\/\/now-news.de\/de\/#\/schema\/person\/fb534a4e865501d8b3285208df34a9b5\"},\"headline\":\"Steinmeier empf\u00e4ngt al-Scharaa: Anh\u00e4nger rufen &quot;Allahu Akbar&quot;\",\"datePublished\":\"2026-03-30T11:54:09+00:00\",\"dateModified\":\"2026-03-30T11:54:09+00:00\",\"mainEntityOfPage\":{\"@id\":\"https:\/\/now-news.de\/de\/deutschland\/steinmeier-empfaengt-al-scharaa-anhaenger-rufen-allahu-akbar\/\"},\"wordCount\":664,\"commentCount\":0,\"publisher\":{\"@id\":\"https:\/\/now-news.de\/de\/#organization\"},\"image\":{\"@id\":\"https:\/\/now-news.de\/de\/deutschland\/steinmeier-empfaengt-al-scharaa-anhaenger-rufen-allahu-akbar\/#primaryimage\"},\"thumbnailUrl\":\"https:\/\/now-news.de\/de\/wp-content\/uploads\/sites\/3\/2026\/03\/Steinmeier-empfaengt-al-Scharaa-Anhaenger-rufen-quotAllahu-Akbarquot.png\",\"keywords\":[\"Akbarquot\",\"alScharaa\",\"Anh\u00e4nger\",\"empf\u00e4ngt\",\"quotAllahu\",\"rufen\",\"Steinmeier\"],\"articleSection\":[\"Deutschland\",\"Russland\"],\"inLanguage\":\"de\",\"potentialAction\":[{\"@type\":\"CommentAction\",\"name\":\"Comment\",\"target\":[\"https:\/\/now-news.de\/de\/deutschland\/steinmeier-empfaengt-al-scharaa-anhaenger-rufen-allahu-akbar\/#respond\"]}]},{\"@type\":\"WebPage\",\"@id\":\"https:\/\/now-news.de\/de\/deutschland\/steinmeier-empfaengt-al-scharaa-anhaenger-rufen-allahu-akbar\/\",\"url\":\"https:\/\/now-news.de\/de\/deutschland\/steinmeier-empfaengt-al-scharaa-anhaenger-rufen-allahu-akbar\/\",\"name\":\"Steinmeier empf\u00e4ngt al-Scharaa: Anh\u00e4nger rufen &quot;Allahu Akbar&quot; - just-now.NEWS Deutschland\",\"isPartOf\":{\"@id\":\"https:\/\/now-news.de\/de\/#website\"},\"primaryImageOfPage\":{\"@id\":\"https:\/\/now-news.de\/de\/deutschland\/steinmeier-empfaengt-al-scharaa-anhaenger-rufen-allahu-akbar\/#primaryimage\"},\"image\":{\"@id\":\"https:\/\/now-news.de\/de\/deutschland\/steinmeier-empfaengt-al-scharaa-anhaenger-rufen-allahu-akbar\/#primaryimage\"},\"thumbnailUrl\":\"https:\/\/now-news.de\/de\/wp-content\/uploads\/sites\/3\/2026\/03\/Steinmeier-empfaengt-al-Scharaa-Anhaenger-rufen-quotAllahu-Akbarquot.png\",\"datePublished\":\"2026-03-30T11:54:09+00:00\",\"dateModified\":\"2026-03-30T11:54:09+00:00\",\"breadcrumb\":{\"@id\":\"https:\/\/now-news.de\/de\/deutschland\/steinmeier-empfaengt-al-scharaa-anhaenger-rufen-allahu-akbar\/#breadcrumb\"},\"inLanguage\":\"de\",\"potentialAction\":[{\"@type\":\"ReadAction\",\"target\":[\"https:\/\/now-news.de\/de\/deutschland\/steinmeier-empfaengt-al-scharaa-anhaenger-rufen-allahu-akbar\/\"]}]},{\"@type\":\"ImageObject\",\"inLanguage\":\"de\",\"@id\":\"https:\/\/now-news.de\/de\/deutschland\/steinmeier-empfaengt-al-scharaa-anhaenger-rufen-allahu-akbar\/#primaryimage\",\"url\":\"https:\/\/now-news.de\/de\/wp-content\/uploads\/sites\/3\/2026\/03\/Steinmeier-empfaengt-al-Scharaa-Anhaenger-rufen-quotAllahu-Akbarquot.png\",\"contentUrl\":\"https:\/\/now-news.de\/de\/wp-content\/uploads\/sites\/3\/2026\/03\/Steinmeier-empfaengt-al-Scharaa-Anhaenger-rufen-quotAllahu-Akbarquot.png\",\"width\":460,\"height\":259,\"caption\":\"Steinmeier empf\u00e4ngt al-Scharaa: Anh\u00e4nger rufen &quot;Allahu Akbar&quot;\"},{\"@type\":\"BreadcrumbList\",\"@id\":\"https:\/\/now-news.de\/de\/deutschland\/steinmeier-empfaengt-al-scharaa-anhaenger-rufen-allahu-akbar\/#breadcrumb\",\"itemListElement\":[{\"@type\":\"ListItem\",\"position\":1,\"name\":\"Home\",\"item\":\"https:\/\/now-news.de\/de\/\"},{\"@type\":\"ListItem\",\"position\":2,\"name\":\"Steinmeier empf\u00e4ngt al-Scharaa: Anh\u00e4nger rufen &quot;Allahu Akbar&quot;\"}]},{\"@type\":\"WebSite\",\"@id\":\"https:\/\/now-news.de\/de\/#website\",\"url\":\"https:\/\/now-news.de\/de\/\",\"name\":\"just-now.NEWS Deutschland\",\"description\":\"Das Portal f\u00fcr unzensierte Nachrichten aus der Welt\",\"publisher\":{\"@id\":\"https:\/\/now-news.de\/de\/#organization\"},\"potentialAction\":[{\"@type\":\"SearchAction\",\"target\":{\"@type\":\"EntryPoint\",\"urlTemplate\":\"https:\/\/now-news.de\/de\/?s={search_term_string}\"},\"query-input\":\"required name=search_term_string\"}],\"inLanguage\":\"de\"},{\"@type\":\"Organization\",\"@id\":\"https:\/\/now-news.de\/de\/#organization\",\"name\":\"Just Now News\",\"url\":\"https:\/\/now-news.de\/de\/\",\"logo\":{\"@type\":\"ImageObject\",\"inLanguage\":\"de\",\"@id\":\"https:\/\/now-news.de\/de\/#\/schema\/logo\/image\/\",\"url\":\"http:\/\/just-now.news\/de\/wp-content\/uploads\/sites\/3\/2022\/04\/logo500x500.jpg\",\"contentUrl\":\"http:\/\/just-now.news\/de\/wp-content\/uploads\/sites\/3\/2022\/04\/logo500x500.jpg\",\"width\":500,\"height\":500,\"caption\":\"Just Now News\"},\"image\":{\"@id\":\"https:\/\/now-news.de\/de\/#\/schema\/logo\/image\/\"},\"sameAs\":[\"https:\/\/www.facebook.com\/wirmachenauf\",\"https:\/\/x.com\/WirMachenAuf_de\"]},{\"@type\":\"Person\",\"@id\":\"https:\/\/now-news.de\/de\/#\/schema\/person\/fb534a4e865501d8b3285208df34a9b5\",\"name\":\"rtnews\",\"image\":{\"@type\":\"ImageObject\",\"inLanguage\":\"de\",\"@id\":\"https:\/\/now-news.de\/de\/#\/schema\/person\/image\/\",\"url\":\"https:\/\/secure.gravatar.com\/avatar\/82aafea7d8127119dd649515f56e2117?s=96&d=mm&r=g\",\"contentUrl\":\"https:\/\/secure.gravatar.com\/avatar\/82aafea7d8127119dd649515f56e2117?s=96&d=mm&r=g\",\"caption\":\"rtnews\"},\"url\":\"https:\/\/now-news.de\/de\/author\/rnews\/\"}]}<\/script>\n<!-- \/ Yoast SEO Premium plugin. -->","yoast_head_json":{"title":"Steinmeier empf\u00e4ngt al-Scharaa: Anh\u00e4nger rufen &quot;Allahu Akbar&quot; - just-now.NEWS Deutschland","robots":{"index":"index","follow":"follow","max-snippet":"max-snippet:-1","max-image-preview":"max-image-preview:large","max-video-preview":"max-video-preview:-1"},"canonical":"https:\/\/now-news.de\/de\/deutschland\/steinmeier-empfaengt-al-scharaa-anhaenger-rufen-allahu-akbar\/","og_locale":"de_DE","og_type":"article","og_title":"Steinmeier empf\u00e4ngt al-Scharaa: Anh\u00e4nger rufen &quot;Allahu Akbar&quot;","og_description":"Der Besuch des syrischen \u00dcbergangspr\u00e4sidenten Ahmed al-Scharaa in Berlin wird f\u00fcr Verkehrsteilnehmer am Montag zur Geduldsprobe. Die Polizei ist f\u00fcr einen Gro\u00dfeinsatz gewappnet \u2013 Proteste werden erwartet. Au\u00dfenminister Johann Wadephul verspricht dem Gast eine &#8220;starke Rolle&#8221; Deutschlands beim Wiederaufbau Syriens. Seit Sonntag weilt der syrische \u00dcbergangspr\u00e4sident Ahmed al-Scharaa in Berlin. Am Montag hat Bundesau\u00dfenminister Johann [&hellip;]","og_url":"https:\/\/now-news.de\/de\/deutschland\/steinmeier-empfaengt-al-scharaa-anhaenger-rufen-allahu-akbar\/","og_site_name":"just-now.NEWS Deutschland","article_publisher":"https:\/\/www.facebook.com\/wirmachenauf","article_published_time":"2026-03-30T11:54:09+00:00","og_image":[{"url":"https:\/\/now-news.de\/de\/wp-content\/uploads\/sites\/3\/2026\/03\/69ca59b4b480cc318418fdf2.png"}],"author":"rtnews","twitter_card":"summary_large_image","twitter_creator":"@WirMachenAuf_de","twitter_site":"@WirMachenAuf_de","twitter_misc":{"Verfasst von":"rtnews","Gesch\u00e4tzte Lesezeit":"3\u00a0Minuten"},"schema":{"@context":"https:\/\/schema.org","@graph":[{"@type":"Article","@id":"https:\/\/now-news.de\/de\/deutschland\/steinmeier-empfaengt-al-scharaa-anhaenger-rufen-allahu-akbar\/#article","isPartOf":{"@id":"https:\/\/now-news.de\/de\/deutschland\/steinmeier-empfaengt-al-scharaa-anhaenger-rufen-allahu-akbar\/"},"author":{"name":"rtnews","@id":"https:\/\/now-news.de\/de\/#\/schema\/person\/fb534a4e865501d8b3285208df34a9b5"},"headline":"Steinmeier empf\u00e4ngt al-Scharaa: Anh\u00e4nger rufen &quot;Allahu Akbar&quot;","datePublished":"2026-03-30T11:54:09+00:00","dateModified":"2026-03-30T11:54:09+00:00","mainEntityOfPage":{"@id":"https:\/\/now-news.de\/de\/deutschland\/steinmeier-empfaengt-al-scharaa-anhaenger-rufen-allahu-akbar\/"},"wordCount":664,"commentCount":0,"publisher":{"@id":"https:\/\/now-news.de\/de\/#organization"},"image":{"@id":"https:\/\/now-news.de\/de\/deutschland\/steinmeier-empfaengt-al-scharaa-anhaenger-rufen-allahu-akbar\/#primaryimage"},"thumbnailUrl":"https:\/\/now-news.de\/de\/wp-content\/uploads\/sites\/3\/2026\/03\/Steinmeier-empfaengt-al-Scharaa-Anhaenger-rufen-quotAllahu-Akbarquot.png","keywords":["Akbarquot","alScharaa","Anh\u00e4nger","empf\u00e4ngt","quotAllahu","rufen","Steinmeier"],"articleSection":["Deutschland","Russland"],"inLanguage":"de","potentialAction":[{"@type":"CommentAction","name":"Comment","target":["https:\/\/now-news.de\/de\/deutschland\/steinmeier-empfaengt-al-scharaa-anhaenger-rufen-allahu-akbar\/#respond"]}]},{"@type":"WebPage","@id":"https:\/\/now-news.de\/de\/deutschland\/steinmeier-empfaengt-al-scharaa-anhaenger-rufen-allahu-akbar\/","url":"https:\/\/now-news.de\/de\/deutschland\/steinmeier-empfaengt-al-scharaa-anhaenger-rufen-allahu-akbar\/","name":"Steinmeier empf\u00e4ngt al-Scharaa: Anh\u00e4nger rufen &quot;Allahu Akbar&quot; - just-now.NEWS Deutschland","isPartOf":{"@id":"https:\/\/now-news.de\/de\/#website"},"primaryImageOfPage":{"@id":"https:\/\/now-news.de\/de\/deutschland\/steinmeier-empfaengt-al-scharaa-anhaenger-rufen-allahu-akbar\/#primaryimage"},"image":{"@id":"https:\/\/now-news.de\/de\/deutschland\/steinmeier-empfaengt-al-scharaa-anhaenger-rufen-allahu-akbar\/#primaryimage"},"thumbnailUrl":"https:\/\/now-news.de\/de\/wp-content\/uploads\/sites\/3\/2026\/03\/Steinmeier-empfaengt-al-Scharaa-Anhaenger-rufen-quotAllahu-Akbarquot.png","datePublished":"2026-03-30T11:54:09+00:00","dateModified":"2026-03-30T11:54:09+00:00","breadcrumb":{"@id":"https:\/\/now-news.de\/de\/deutschland\/steinmeier-empfaengt-al-scharaa-anhaenger-rufen-allahu-akbar\/#breadcrumb"},"inLanguage":"de","potentialAction":[{"@type":"ReadAction","target":["https:\/\/now-news.de\/de\/deutschland\/steinmeier-empfaengt-al-scharaa-anhaenger-rufen-allahu-akbar\/"]}]},{"@type":"ImageObject","inLanguage":"de","@id":"https:\/\/now-news.de\/de\/deutschland\/steinmeier-empfaengt-al-scharaa-anhaenger-rufen-allahu-akbar\/#primaryimage","url":"https:\/\/now-news.de\/de\/wp-content\/uploads\/sites\/3\/2026\/03\/Steinmeier-empfaengt-al-Scharaa-Anhaenger-rufen-quotAllahu-Akbarquot.png","contentUrl":"https:\/\/now-news.de\/de\/wp-content\/uploads\/sites\/3\/2026\/03\/Steinmeier-empfaengt-al-Scharaa-Anhaenger-rufen-quotAllahu-Akbarquot.png","width":460,"height":259,"caption":"Steinmeier empf\u00e4ngt al-Scharaa: Anh\u00e4nger rufen &quot;Allahu Akbar&quot;"},{"@type":"BreadcrumbList","@id":"https:\/\/now-news.de\/de\/deutschland\/steinmeier-empfaengt-al-scharaa-anhaenger-rufen-allahu-akbar\/#breadcrumb","itemListElement":[{"@type":"ListItem","position":1,"name":"Home","item":"https:\/\/now-news.de\/de\/"},{"@type":"ListItem","position":2,"name":"Steinmeier empf\u00e4ngt al-Scharaa: Anh\u00e4nger rufen &quot;Allahu Akbar&quot;"}]},{"@type":"WebSite","@id":"https:\/\/now-news.de\/de\/#website","url":"https:\/\/now-news.de\/de\/","name":"just-now.NEWS Deutschland","description":"Das Portal f\u00fcr unzensierte Nachrichten aus der Welt","publisher":{"@id":"https:\/\/now-news.de\/de\/#organization"},"potentialAction":[{"@type":"SearchAction","target":{"@type":"EntryPoint","urlTemplate":"https:\/\/now-news.de\/de\/?s={search_term_string}"},"query-input":"required name=search_term_string"}],"inLanguage":"de"},{"@type":"Organization","@id":"https:\/\/now-news.de\/de\/#organization","name":"Just Now News","url":"https:\/\/now-news.de\/de\/","logo":{"@type":"ImageObject","inLanguage":"de","@id":"https:\/\/now-news.de\/de\/#\/schema\/logo\/image\/","url":"http:\/\/just-now.news\/de\/wp-content\/uploads\/sites\/3\/2022\/04\/logo500x500.jpg","contentUrl":"http:\/\/just-now.news\/de\/wp-content\/uploads\/sites\/3\/2022\/04\/logo500x500.jpg","width":500,"height":500,"caption":"Just Now News"},"image":{"@id":"https:\/\/now-news.de\/de\/#\/schema\/logo\/image\/"},"sameAs":["https:\/\/www.facebook.com\/wirmachenauf","https:\/\/x.com\/WirMachenAuf_de"]},{"@type":"Person","@id":"https:\/\/now-news.de\/de\/#\/schema\/person\/fb534a4e865501d8b3285208df34a9b5","name":"rtnews","image":{"@type":"ImageObject","inLanguage":"de","@id":"https:\/\/now-news.de\/de\/#\/schema\/person\/image\/","url":"https:\/\/secure.gravatar.com\/avatar\/82aafea7d8127119dd649515f56e2117?s=96&d=mm&r=g","contentUrl":"https:\/\/secure.gravatar.com\/avatar\/82aafea7d8127119dd649515f56e2117?s=96&d=mm&r=g","caption":"rtnews"},"url":"https:\/\/now-news.de\/de\/author\/rnews\/"}]}},"_links":{"self":[{"href":"https:\/\/now-news.de\/de\/wp-json\/wp\/v2\/posts\/100993"}],"collection":[{"href":"https:\/\/now-news.de\/de\/wp-json\/wp\/v2\/posts"}],"about":[{"href":"https:\/\/now-news.de\/de\/wp-json\/wp\/v2\/types\/post"}],"author":[{"embeddable":true,"href":"https:\/\/now-news.de\/de\/wp-json\/wp\/v2\/users\/3"}],"replies":[{"embeddable":true,"href":"https:\/\/now-news.de\/de\/wp-json\/wp\/v2\/comments?post=100993"}],"version-history":[{"count":0,"href":"https:\/\/now-news.de\/de\/wp-json\/wp\/v2\/posts\/100993\/revisions"}],"wp:featuredmedia":[{"embeddable":true,"href":"https:\/\/now-news.de\/de\/wp-json\/wp\/v2\/media\/100994"}],"wp:attachment":[{"href":"https:\/\/now-news.de\/de\/wp-json\/wp\/v2\/media?parent=100993"}],"wp:term":[{"taxonomy":"category","embeddable":true,"href":"https:\/\/now-news.de\/de\/wp-json\/wp\/v2\/categories?post=100993"},{"taxonomy":"post_tag","embeddable":true,"href":"https:\/\/now-news.de\/de\/wp-json\/wp\/v2\/tags?post=100993"}],"curies":[{"name":"wp","href":"https:\/\/api.w.org\/{rel}","templated":true}]}}