{"id":10098,"date":"2022-06-07T17:38:22","date_gmt":"2022-06-07T15:38:22","guid":{"rendered":"http:\/\/just-now.news\/de\/deutschland\/internationale-eislauf-union-erhoeht-mindestalter-fuer-sportler-auf-17-jahre\/"},"modified":"2022-06-07T17:38:22","modified_gmt":"2022-06-07T15:38:22","slug":"internationale-eislauf-union-erhoeht-mindestalter-fuer-sportler-auf-17-jahre","status":"publish","type":"post","link":"https:\/\/now-news.de\/de\/deutschland\/internationale-eislauf-union-erhoeht-mindestalter-fuer-sportler-auf-17-jahre\/","title":{"rendered":"Internationale Eislauf-Union erh\u00f6ht Mindestalter f\u00fcr Sportler auf 17 Jahre"},"content":{"rendered":"<p><img decoding=\"async\" src=\"http:\/\/just-now.news\/de\/wp-content\/uploads\/sites\/3\/2022\/06\/629f1c3ab480cc7f260819d4.jpg\" \/><\/p>\n<div class=\"Text-root Text-type_1 \">\n                Nach l\u00e4ngeren Debatten hat sich die Internationale Eislauf-Union geeinigt: Das Mindestalter im Eiskunstlauf, Shorttrack und Eisschnelllauf wird stufenweise auf 17 Jahre erh\u00f6ht. Der Verband begr\u00fcndet die \u00c4nderung mit der Sorge um die Gesundheit der Athleten.\n            <\/div>\n<p><\/p>\n<div class=\"Text-root Text-type_5 ArticleView-text ViewText-root \">\n<p>Bislang betrug das Mindestalter\u00a0der Athleten, die an Erwachsenenwettbewerben teilnehmen, 15 Jahre. Am Dienstag hat die Internationale Eislauf-Union (ISU) bei einer Sitzung in Thailand beschlossen, das Mindestalter schrittweise auf 17 Jahre\u00a0anzuheben. Von den Kongressteilnehmern stimmten 100 daf\u00fcr, 16 dagegen. Der niederl\u00e4ndische\u00a0ISU-Pr\u00e4sident Jan Dijkema sagte:<\/p>\n<blockquote>\n<p><em>&#8220;Dies ist eine sehr wichtige Entscheidung. Ich w\u00fcrde sagen, eine sehr historische Entscheidung.&#8221;<\/em><\/p>\n<\/blockquote>\n<p>Laut Beschluss bleibt die Altersgrenze in dieser Saison unver\u00e4ndert. In der Saison 2023\/24 wird sie bei 16 Jahren liegen, ab der Saison 2024\/25 bei 17 Jahren. Dieselben Vorschriften werden auch im Shorttrack und Eisschnelllauf eingef\u00fchrt. Die ISU begr\u00fcndete den Schritt mit der Sorge um die k\u00f6rperliche und mentale Gesundheit der Athleten.<\/p>\n<p>In Russland wurde die Initiative, das Mindestalter anzuheben, mit dem Erfolg mehrerer Sportlerinnen in Verbindung gebracht. So haben\u00a0noch ziemlich junge Athletinnen der Trainerin Eteri\u00a0Tutberidse bei den vergangenen Olympischen Spielen mehrere Goldmedaillen geholt. Einige Sportfunktion\u00e4re in Russland bezeichneten das Vorhaben als politisch motiviert.<\/p>\n<p>Die ISU\u00a0hat bei ihrer Sitzung au\u00dferdem die Suspendierung der\u00a0russischen Sportler\u00a0von der Teilnahme an Wettk\u00e4mpfen unter der Schirmherrschaft der Organisation bis auf weiteres verl\u00e4ngert.\u00a0<\/p>\n<p>Nach dem Skandal um den Dopingtest der russischen Eiskunstl\u00e4uferin Kamila Walijewa bei den Olympischen Spielen in Peking hatte der Chef des Internationalen Olympischen Komitees (IOC), Thomas Bach, gesagt, es sei notwendig, das Mindestalter bei gro\u00dfen internationalen Wettbewerben zu diskutieren. Die damals 15-J\u00e4hrige war durch eine positive Dopingprobe unter Druck geraten. Bekannt wurde das Ergebnis erst nach dem Sieg der Russen mit Walijewa im Teamwettbewerb. Aus diesem Grund weigerte sich das IOC, eine Siegerehrung f\u00fcr die Gewinner des Teamwettbewerbs abzuhalten. Danach durfte Walijewa dennoch im Einzel starten. Sie hielt dem massiven \u00f6ffentlichen Druck jedoch nicht stand und verpasste als Vierte eine Medaille im K\u00fcr-Einzel.<\/p>\n<p><strong>Mehr zum Thema<\/strong> &#8211; <a rel=\"nofollow noopener\" target=\"_blank\" href=\"https:\/\/deutsch.rt.com\/international\/137598-uefa-sperrt-russland-fast-komplett-aus-auch-russische-em-bewerbung-unzulaessig\/\">UEFA sperrt Russlands Fu\u00dfball komplett aus \u2013 Auch eine EM-Bewerbung unzul\u00e4ssig<\/a><\/p>\n<\/div>\n<p><br \/>\n<br \/><a href=\"https:\/\/de.rt.com\/gesellschaft\/140413-internationale-eislauf-union-erhoht-mindestalter\/\">Source link <\/a><\/p>\n","protected":false},"excerpt":{"rendered":"<p>Nach l\u00e4ngeren Debatten hat sich die Internationale Eislauf-Union geeinigt: Das Mindestalter im Eiskunstlauf, Shorttrack und Eisschnelllauf wird stufenweise auf 17 Jahre erh\u00f6ht. Der Verband begr\u00fcndet die \u00c4nderung mit der Sorge um die Gesundheit der Athleten. Bislang betrug das Mindestalter\u00a0der Athleten, die an Erwachsenenwettbewerben teilnehmen, 15 Jahre. Am Dienstag hat die Internationale Eislauf-Union (ISU) bei einer [&hellip;]<\/p>\n","protected":false},"author":3,"featured_media":10099,"comment_status":"open","ping_status":"open","sticky":false,"template":"","format":"standard","meta":{"wp_automatic_camp":["217"],"d832dd6e98700c624c4f30d06536f9dd":["Internationale Eislauf-Union erh\u00f6ht Mindestalter f\u00fcr Sportler auf 17 Jahre"],"original_link":["https:\/\/de.rt.com\/gesellschaft\/140413-internationale-eislauf-union-erhoht-mindestalter\/"],"_thumbnail_id":["10099"],"_wptg_p2tg_sent2tg":["2022-06-07 17:47:54"],"jnews_social_counter_last_update":["1777169073"]},"categories":[19,23],"tags":[133,23470,3073,221,1736,7530,23471,5915],"yoast_head":"<!-- This site is optimized with the Yoast SEO Premium plugin v22.7 (Yoast SEO v22.7) - https:\/\/yoast.com\/wordpress\/plugins\/seo\/ -->\n<title>Internationale Eislauf-Union erh\u00f6ht Mindestalter f\u00fcr Sportler auf 17 Jahre - just-now.NEWS Deutschland<\/title>\n<meta name=\"robots\" content=\"index, follow, max-snippet:-1, max-image-preview:large, max-video-preview:-1\" \/>\n<link rel=\"canonical\" href=\"https:\/\/now-news.de\/de\/deutschland\/internationale-eislauf-union-erhoeht-mindestalter-fuer-sportler-auf-17-jahre\/\" \/>\n<meta property=\"og:locale\" content=\"de_DE\" \/>\n<meta property=\"og:type\" content=\"article\" \/>\n<meta property=\"og:title\" content=\"Internationale Eislauf-Union erh\u00f6ht Mindestalter f\u00fcr Sportler auf 17 Jahre\" \/>\n<meta property=\"og:description\" content=\"Nach l\u00e4ngeren Debatten hat sich die Internationale Eislauf-Union geeinigt: Das Mindestalter im Eiskunstlauf, Shorttrack und Eisschnelllauf wird stufenweise auf 17 Jahre erh\u00f6ht. Der Verband begr\u00fcndet die \u00c4nderung mit der Sorge um die Gesundheit der Athleten. Bislang betrug das Mindestalter\u00a0der Athleten, die an Erwachsenenwettbewerben teilnehmen, 15 Jahre. Am Dienstag hat die Internationale Eislauf-Union (ISU) bei einer [&hellip;]\" \/>\n<meta property=\"og:url\" content=\"https:\/\/now-news.de\/de\/deutschland\/internationale-eislauf-union-erhoeht-mindestalter-fuer-sportler-auf-17-jahre\/\" \/>\n<meta property=\"og:site_name\" content=\"just-now.NEWS Deutschland\" \/>\n<meta property=\"article:publisher\" content=\"https:\/\/www.facebook.com\/wirmachenauf\" \/>\n<meta property=\"article:published_time\" content=\"2022-06-07T15:38:22+00:00\" \/>\n<meta property=\"og:image\" content=\"https:\/\/now-news.de\/de\/wp-content\/uploads\/sites\/3\/2022\/06\/Internationale-Eislauf-Union-erhoeht-Mindestalter-fuer-Sportler-auf-17-Jahre.jpg\" \/>\n\t<meta property=\"og:image:width\" content=\"460\" \/>\n\t<meta property=\"og:image:height\" content=\"259\" \/>\n\t<meta property=\"og:image:type\" content=\"image\/jpeg\" \/>\n<meta name=\"author\" content=\"rtnews\" \/>\n<meta name=\"twitter:card\" content=\"summary_large_image\" \/>\n<meta name=\"twitter:creator\" content=\"@WirMachenAuf_de\" \/>\n<meta name=\"twitter:site\" content=\"@WirMachenAuf_de\" \/>\n<meta name=\"twitter:label1\" content=\"Verfasst von\" \/>\n\t<meta name=\"twitter:data1\" content=\"rtnews\" \/>\n\t<meta name=\"twitter:label2\" content=\"Gesch\u00e4tzte Lesezeit\" \/>\n\t<meta name=\"twitter:data2\" content=\"2\u00a0Minuten\" \/>\n<script type=\"application\/ld+json\" class=\"yoast-schema-graph\">{\"@context\":\"https:\/\/schema.org\",\"@graph\":[{\"@type\":\"Article\",\"@id\":\"https:\/\/now-news.de\/de\/deutschland\/internationale-eislauf-union-erhoeht-mindestalter-fuer-sportler-auf-17-jahre\/#article\",\"isPartOf\":{\"@id\":\"https:\/\/now-news.de\/de\/deutschland\/internationale-eislauf-union-erhoeht-mindestalter-fuer-sportler-auf-17-jahre\/\"},\"author\":{\"name\":\"rtnews\",\"@id\":\"https:\/\/now-news.de\/de\/#\/schema\/person\/fb534a4e865501d8b3285208df34a9b5\"},\"headline\":\"Internationale Eislauf-Union erh\u00f6ht Mindestalter f\u00fcr Sportler auf 17 Jahre\",\"datePublished\":\"2022-06-07T15:38:22+00:00\",\"dateModified\":\"2022-06-07T15:38:22+00:00\",\"mainEntityOfPage\":{\"@id\":\"https:\/\/now-news.de\/de\/deutschland\/internationale-eislauf-union-erhoeht-mindestalter-fuer-sportler-auf-17-jahre\/\"},\"wordCount\":358,\"commentCount\":0,\"publisher\":{\"@id\":\"https:\/\/now-news.de\/de\/#organization\"},\"image\":{\"@id\":\"https:\/\/now-news.de\/de\/deutschland\/internationale-eislauf-union-erhoeht-mindestalter-fuer-sportler-auf-17-jahre\/#primaryimage\"},\"thumbnailUrl\":\"https:\/\/now-news.de\/de\/wp-content\/uploads\/sites\/3\/2022\/06\/Internationale-Eislauf-Union-erhoeht-Mindestalter-fuer-Sportler-auf-17-Jahre.jpg\",\"keywords\":[\"AUF\",\"EislaufUnion\",\"erh\u00f6ht\",\"f\u00fcr\",\"Internationale\",\"Jahre\",\"Mindestalter\",\"Sportler\"],\"articleSection\":[\"Deutschland\",\"Russland\"],\"inLanguage\":\"de\",\"potentialAction\":[{\"@type\":\"CommentAction\",\"name\":\"Comment\",\"target\":[\"https:\/\/now-news.de\/de\/deutschland\/internationale-eislauf-union-erhoeht-mindestalter-fuer-sportler-auf-17-jahre\/#respond\"]}]},{\"@type\":\"WebPage\",\"@id\":\"https:\/\/now-news.de\/de\/deutschland\/internationale-eislauf-union-erhoeht-mindestalter-fuer-sportler-auf-17-jahre\/\",\"url\":\"https:\/\/now-news.de\/de\/deutschland\/internationale-eislauf-union-erhoeht-mindestalter-fuer-sportler-auf-17-jahre\/\",\"name\":\"Internationale Eislauf-Union erh\u00f6ht Mindestalter f\u00fcr Sportler auf 17 Jahre - just-now.NEWS Deutschland\",\"isPartOf\":{\"@id\":\"https:\/\/now-news.de\/de\/#website\"},\"primaryImageOfPage\":{\"@id\":\"https:\/\/now-news.de\/de\/deutschland\/internationale-eislauf-union-erhoeht-mindestalter-fuer-sportler-auf-17-jahre\/#primaryimage\"},\"image\":{\"@id\":\"https:\/\/now-news.de\/de\/deutschland\/internationale-eislauf-union-erhoeht-mindestalter-fuer-sportler-auf-17-jahre\/#primaryimage\"},\"thumbnailUrl\":\"https:\/\/now-news.de\/de\/wp-content\/uploads\/sites\/3\/2022\/06\/Internationale-Eislauf-Union-erhoeht-Mindestalter-fuer-Sportler-auf-17-Jahre.jpg\",\"datePublished\":\"2022-06-07T15:38:22+00:00\",\"dateModified\":\"2022-06-07T15:38:22+00:00\",\"breadcrumb\":{\"@id\":\"https:\/\/now-news.de\/de\/deutschland\/internationale-eislauf-union-erhoeht-mindestalter-fuer-sportler-auf-17-jahre\/#breadcrumb\"},\"inLanguage\":\"de\",\"potentialAction\":[{\"@type\":\"ReadAction\",\"target\":[\"https:\/\/now-news.de\/de\/deutschland\/internationale-eislauf-union-erhoeht-mindestalter-fuer-sportler-auf-17-jahre\/\"]}]},{\"@type\":\"ImageObject\",\"inLanguage\":\"de\",\"@id\":\"https:\/\/now-news.de\/de\/deutschland\/internationale-eislauf-union-erhoeht-mindestalter-fuer-sportler-auf-17-jahre\/#primaryimage\",\"url\":\"https:\/\/now-news.de\/de\/wp-content\/uploads\/sites\/3\/2022\/06\/Internationale-Eislauf-Union-erhoeht-Mindestalter-fuer-Sportler-auf-17-Jahre.jpg\",\"contentUrl\":\"https:\/\/now-news.de\/de\/wp-content\/uploads\/sites\/3\/2022\/06\/Internationale-Eislauf-Union-erhoeht-Mindestalter-fuer-Sportler-auf-17-Jahre.jpg\",\"width\":460,\"height\":259,\"caption\":\"Internationale Eislauf-Union erh\u00f6ht Mindestalter f\u00fcr Sportler auf 17 Jahre\"},{\"@type\":\"BreadcrumbList\",\"@id\":\"https:\/\/now-news.de\/de\/deutschland\/internationale-eislauf-union-erhoeht-mindestalter-fuer-sportler-auf-17-jahre\/#breadcrumb\",\"itemListElement\":[{\"@type\":\"ListItem\",\"position\":1,\"name\":\"Home\",\"item\":\"https:\/\/now-news.de\/de\/\"},{\"@type\":\"ListItem\",\"position\":2,\"name\":\"Internationale Eislauf-Union erh\u00f6ht Mindestalter f\u00fcr Sportler auf 17 Jahre\"}]},{\"@type\":\"WebSite\",\"@id\":\"https:\/\/now-news.de\/de\/#website\",\"url\":\"https:\/\/now-news.de\/de\/\",\"name\":\"just-now.NEWS Deutschland\",\"description\":\"Das Portal f\u00fcr unzensierte Nachrichten aus der Welt\",\"publisher\":{\"@id\":\"https:\/\/now-news.de\/de\/#organization\"},\"potentialAction\":[{\"@type\":\"SearchAction\",\"target\":{\"@type\":\"EntryPoint\",\"urlTemplate\":\"https:\/\/now-news.de\/de\/?s={search_term_string}\"},\"query-input\":\"required name=search_term_string\"}],\"inLanguage\":\"de\"},{\"@type\":\"Organization\",\"@id\":\"https:\/\/now-news.de\/de\/#organization\",\"name\":\"Just Now News\",\"url\":\"https:\/\/now-news.de\/de\/\",\"logo\":{\"@type\":\"ImageObject\",\"inLanguage\":\"de\",\"@id\":\"https:\/\/now-news.de\/de\/#\/schema\/logo\/image\/\",\"url\":\"http:\/\/just-now.news\/de\/wp-content\/uploads\/sites\/3\/2022\/04\/logo500x500.jpg\",\"contentUrl\":\"http:\/\/just-now.news\/de\/wp-content\/uploads\/sites\/3\/2022\/04\/logo500x500.jpg\",\"width\":500,\"height\":500,\"caption\":\"Just Now News\"},\"image\":{\"@id\":\"https:\/\/now-news.de\/de\/#\/schema\/logo\/image\/\"},\"sameAs\":[\"https:\/\/www.facebook.com\/wirmachenauf\",\"https:\/\/x.com\/WirMachenAuf_de\"]},{\"@type\":\"Person\",\"@id\":\"https:\/\/now-news.de\/de\/#\/schema\/person\/fb534a4e865501d8b3285208df34a9b5\",\"name\":\"rtnews\",\"image\":{\"@type\":\"ImageObject\",\"inLanguage\":\"de\",\"@id\":\"https:\/\/now-news.de\/de\/#\/schema\/person\/image\/\",\"url\":\"https:\/\/secure.gravatar.com\/avatar\/82aafea7d8127119dd649515f56e2117?s=96&d=mm&r=g\",\"contentUrl\":\"https:\/\/secure.gravatar.com\/avatar\/82aafea7d8127119dd649515f56e2117?s=96&d=mm&r=g\",\"caption\":\"rtnews\"},\"url\":\"https:\/\/now-news.de\/de\/author\/rnews\/\"}]}<\/script>\n<!-- \/ Yoast SEO Premium plugin. -->","yoast_head_json":{"title":"Internationale Eislauf-Union erh\u00f6ht Mindestalter f\u00fcr Sportler auf 17 Jahre - just-now.NEWS Deutschland","robots":{"index":"index","follow":"follow","max-snippet":"max-snippet:-1","max-image-preview":"max-image-preview:large","max-video-preview":"max-video-preview:-1"},"canonical":"https:\/\/now-news.de\/de\/deutschland\/internationale-eislauf-union-erhoeht-mindestalter-fuer-sportler-auf-17-jahre\/","og_locale":"de_DE","og_type":"article","og_title":"Internationale Eislauf-Union erh\u00f6ht Mindestalter f\u00fcr Sportler auf 17 Jahre","og_description":"Nach l\u00e4ngeren Debatten hat sich die Internationale Eislauf-Union geeinigt: Das Mindestalter im Eiskunstlauf, Shorttrack und Eisschnelllauf wird stufenweise auf 17 Jahre erh\u00f6ht. Der Verband begr\u00fcndet die \u00c4nderung mit der Sorge um die Gesundheit der Athleten. Bislang betrug das Mindestalter\u00a0der Athleten, die an Erwachsenenwettbewerben teilnehmen, 15 Jahre. Am Dienstag hat die Internationale Eislauf-Union (ISU) bei einer [&hellip;]","og_url":"https:\/\/now-news.de\/de\/deutschland\/internationale-eislauf-union-erhoeht-mindestalter-fuer-sportler-auf-17-jahre\/","og_site_name":"just-now.NEWS Deutschland","article_publisher":"https:\/\/www.facebook.com\/wirmachenauf","article_published_time":"2022-06-07T15:38:22+00:00","og_image":[{"width":460,"height":259,"url":"https:\/\/now-news.de\/de\/wp-content\/uploads\/sites\/3\/2022\/06\/Internationale-Eislauf-Union-erhoeht-Mindestalter-fuer-Sportler-auf-17-Jahre.jpg","type":"image\/jpeg"}],"author":"rtnews","twitter_card":"summary_large_image","twitter_creator":"@WirMachenAuf_de","twitter_site":"@WirMachenAuf_de","twitter_misc":{"Verfasst von":"rtnews","Gesch\u00e4tzte Lesezeit":"2\u00a0Minuten"},"schema":{"@context":"https:\/\/schema.org","@graph":[{"@type":"Article","@id":"https:\/\/now-news.de\/de\/deutschland\/internationale-eislauf-union-erhoeht-mindestalter-fuer-sportler-auf-17-jahre\/#article","isPartOf":{"@id":"https:\/\/now-news.de\/de\/deutschland\/internationale-eislauf-union-erhoeht-mindestalter-fuer-sportler-auf-17-jahre\/"},"author":{"name":"rtnews","@id":"https:\/\/now-news.de\/de\/#\/schema\/person\/fb534a4e865501d8b3285208df34a9b5"},"headline":"Internationale Eislauf-Union erh\u00f6ht Mindestalter f\u00fcr Sportler auf 17 Jahre","datePublished":"2022-06-07T15:38:22+00:00","dateModified":"2022-06-07T15:38:22+00:00","mainEntityOfPage":{"@id":"https:\/\/now-news.de\/de\/deutschland\/internationale-eislauf-union-erhoeht-mindestalter-fuer-sportler-auf-17-jahre\/"},"wordCount":358,"commentCount":0,"publisher":{"@id":"https:\/\/now-news.de\/de\/#organization"},"image":{"@id":"https:\/\/now-news.de\/de\/deutschland\/internationale-eislauf-union-erhoeht-mindestalter-fuer-sportler-auf-17-jahre\/#primaryimage"},"thumbnailUrl":"https:\/\/now-news.de\/de\/wp-content\/uploads\/sites\/3\/2022\/06\/Internationale-Eislauf-Union-erhoeht-Mindestalter-fuer-Sportler-auf-17-Jahre.jpg","keywords":["AUF","EislaufUnion","erh\u00f6ht","f\u00fcr","Internationale","Jahre","Mindestalter","Sportler"],"articleSection":["Deutschland","Russland"],"inLanguage":"de","potentialAction":[{"@type":"CommentAction","name":"Comment","target":["https:\/\/now-news.de\/de\/deutschland\/internationale-eislauf-union-erhoeht-mindestalter-fuer-sportler-auf-17-jahre\/#respond"]}]},{"@type":"WebPage","@id":"https:\/\/now-news.de\/de\/deutschland\/internationale-eislauf-union-erhoeht-mindestalter-fuer-sportler-auf-17-jahre\/","url":"https:\/\/now-news.de\/de\/deutschland\/internationale-eislauf-union-erhoeht-mindestalter-fuer-sportler-auf-17-jahre\/","name":"Internationale Eislauf-Union erh\u00f6ht Mindestalter f\u00fcr Sportler auf 17 Jahre - just-now.NEWS Deutschland","isPartOf":{"@id":"https:\/\/now-news.de\/de\/#website"},"primaryImageOfPage":{"@id":"https:\/\/now-news.de\/de\/deutschland\/internationale-eislauf-union-erhoeht-mindestalter-fuer-sportler-auf-17-jahre\/#primaryimage"},"image":{"@id":"https:\/\/now-news.de\/de\/deutschland\/internationale-eislauf-union-erhoeht-mindestalter-fuer-sportler-auf-17-jahre\/#primaryimage"},"thumbnailUrl":"https:\/\/now-news.de\/de\/wp-content\/uploads\/sites\/3\/2022\/06\/Internationale-Eislauf-Union-erhoeht-Mindestalter-fuer-Sportler-auf-17-Jahre.jpg","datePublished":"2022-06-07T15:38:22+00:00","dateModified":"2022-06-07T15:38:22+00:00","breadcrumb":{"@id":"https:\/\/now-news.de\/de\/deutschland\/internationale-eislauf-union-erhoeht-mindestalter-fuer-sportler-auf-17-jahre\/#breadcrumb"},"inLanguage":"de","potentialAction":[{"@type":"ReadAction","target":["https:\/\/now-news.de\/de\/deutschland\/internationale-eislauf-union-erhoeht-mindestalter-fuer-sportler-auf-17-jahre\/"]}]},{"@type":"ImageObject","inLanguage":"de","@id":"https:\/\/now-news.de\/de\/deutschland\/internationale-eislauf-union-erhoeht-mindestalter-fuer-sportler-auf-17-jahre\/#primaryimage","url":"https:\/\/now-news.de\/de\/wp-content\/uploads\/sites\/3\/2022\/06\/Internationale-Eislauf-Union-erhoeht-Mindestalter-fuer-Sportler-auf-17-Jahre.jpg","contentUrl":"https:\/\/now-news.de\/de\/wp-content\/uploads\/sites\/3\/2022\/06\/Internationale-Eislauf-Union-erhoeht-Mindestalter-fuer-Sportler-auf-17-Jahre.jpg","width":460,"height":259,"caption":"Internationale Eislauf-Union erh\u00f6ht Mindestalter f\u00fcr Sportler auf 17 Jahre"},{"@type":"BreadcrumbList","@id":"https:\/\/now-news.de\/de\/deutschland\/internationale-eislauf-union-erhoeht-mindestalter-fuer-sportler-auf-17-jahre\/#breadcrumb","itemListElement":[{"@type":"ListItem","position":1,"name":"Home","item":"https:\/\/now-news.de\/de\/"},{"@type":"ListItem","position":2,"name":"Internationale Eislauf-Union erh\u00f6ht Mindestalter f\u00fcr Sportler auf 17 Jahre"}]},{"@type":"WebSite","@id":"https:\/\/now-news.de\/de\/#website","url":"https:\/\/now-news.de\/de\/","name":"just-now.NEWS Deutschland","description":"Das Portal f\u00fcr unzensierte Nachrichten aus der Welt","publisher":{"@id":"https:\/\/now-news.de\/de\/#organization"},"potentialAction":[{"@type":"SearchAction","target":{"@type":"EntryPoint","urlTemplate":"https:\/\/now-news.de\/de\/?s={search_term_string}"},"query-input":"required name=search_term_string"}],"inLanguage":"de"},{"@type":"Organization","@id":"https:\/\/now-news.de\/de\/#organization","name":"Just Now News","url":"https:\/\/now-news.de\/de\/","logo":{"@type":"ImageObject","inLanguage":"de","@id":"https:\/\/now-news.de\/de\/#\/schema\/logo\/image\/","url":"http:\/\/just-now.news\/de\/wp-content\/uploads\/sites\/3\/2022\/04\/logo500x500.jpg","contentUrl":"http:\/\/just-now.news\/de\/wp-content\/uploads\/sites\/3\/2022\/04\/logo500x500.jpg","width":500,"height":500,"caption":"Just Now News"},"image":{"@id":"https:\/\/now-news.de\/de\/#\/schema\/logo\/image\/"},"sameAs":["https:\/\/www.facebook.com\/wirmachenauf","https:\/\/x.com\/WirMachenAuf_de"]},{"@type":"Person","@id":"https:\/\/now-news.de\/de\/#\/schema\/person\/fb534a4e865501d8b3285208df34a9b5","name":"rtnews","image":{"@type":"ImageObject","inLanguage":"de","@id":"https:\/\/now-news.de\/de\/#\/schema\/person\/image\/","url":"https:\/\/secure.gravatar.com\/avatar\/82aafea7d8127119dd649515f56e2117?s=96&d=mm&r=g","contentUrl":"https:\/\/secure.gravatar.com\/avatar\/82aafea7d8127119dd649515f56e2117?s=96&d=mm&r=g","caption":"rtnews"},"url":"https:\/\/now-news.de\/de\/author\/rnews\/"}]}},"_links":{"self":[{"href":"https:\/\/now-news.de\/de\/wp-json\/wp\/v2\/posts\/10098"}],"collection":[{"href":"https:\/\/now-news.de\/de\/wp-json\/wp\/v2\/posts"}],"about":[{"href":"https:\/\/now-news.de\/de\/wp-json\/wp\/v2\/types\/post"}],"author":[{"embeddable":true,"href":"https:\/\/now-news.de\/de\/wp-json\/wp\/v2\/users\/3"}],"replies":[{"embeddable":true,"href":"https:\/\/now-news.de\/de\/wp-json\/wp\/v2\/comments?post=10098"}],"version-history":[{"count":0,"href":"https:\/\/now-news.de\/de\/wp-json\/wp\/v2\/posts\/10098\/revisions"}],"wp:featuredmedia":[{"embeddable":true,"href":"https:\/\/now-news.de\/de\/wp-json\/wp\/v2\/media\/10099"}],"wp:attachment":[{"href":"https:\/\/now-news.de\/de\/wp-json\/wp\/v2\/media?parent=10098"}],"wp:term":[{"taxonomy":"category","embeddable":true,"href":"https:\/\/now-news.de\/de\/wp-json\/wp\/v2\/categories?post=10098"},{"taxonomy":"post_tag","embeddable":true,"href":"https:\/\/now-news.de\/de\/wp-json\/wp\/v2\/tags?post=10098"}],"curies":[{"name":"wp","href":"https:\/\/api.w.org\/{rel}","templated":true}]}}