{"id":100975,"date":"2026-03-30T07:00:00","date_gmt":"2026-03-30T05:00:00","guid":{"rendered":"https:\/\/now-news.de\/de\/deutschland\/was-brachte-der-iran-krieg-fuer-selenskij\/"},"modified":"2026-03-30T07:00:00","modified_gmt":"2026-03-30T05:00:00","slug":"was-brachte-der-iran-krieg-fuer-selenskij","status":"publish","type":"post","link":"https:\/\/now-news.de\/de\/deutschland\/was-brachte-der-iran-krieg-fuer-selenskij\/","title":{"rendered":"Was brachte der Iran-Krieg f\u00fcr Selenskij?"},"content":{"rendered":"<p><img decoding=\"async\" src=\"https:\/\/now-news.de\/de\/wp-content\/uploads\/sites\/3\/2026\/03\/69c69d76b480cc014c48578f.jpg\" \/><\/p>\n<div class=\"Text-root Text-type_1 \">\n                Vor dem Hintergrund der Misserfolge im Iran ben\u00f6tigt US-Pr\u00e4sident Donald Trump einen gro\u00df angelegten diplomatischen Erfolg in Form eines durch die USA vermittelten Friedensabkommens zwischen Russland und der Ukraine. Dabei steht aber Selenskij im Weg, was Trump \u00e4u\u00dferst ver\u00e4rgert, und er macht keinen Hehl aus seinem Unmut gegen\u00fcber dem ukrainischen Staatschef.\n            <\/div>\n<p><\/p>\n<div class=\"Text-root Text-type_5 ArticleView-text ViewText-root \">\n<p><em>Von Sergei Mirkin<\/em><\/p>\n<p>Der Chef des Maidan-Regimes, Wladimir Selenskij, sagte in einem Interview gegen\u00fcber britischen Journalisten, er habe angesichts des Iran-Kriegs sehr schlechte Vorahnungen hinsichtlich der Zukunft der Ukraine. Und das, obwohl er noch k\u00fcrzlich einer der lautst\u00e4rksten Bef\u00fcrworter des Krieges gegen Iran war und dies sogar \u00f6ffentlich zum Ausdruck brachte. Und als Iran von den USA mit ersten Raketenangriffen getroffen wurde, war Selenskij begeistert und kommentierte das Geschehen emotional gegen\u00fcber westlichen Journalisten. Man k\u00f6nnte meinen: Was geht Selenskij Iran an?<\/p>\n<p>Einige meinen, er habe sich an Iran r\u00e4chen wollen, weil dieser Russland Technologien zur Herstellung von Kampfdrohnen zur Verf\u00fcgung gestellt habe. Meiner Ansicht nach geht es jedoch um weitaus komplexere Zusammenh\u00e4nge. Selenskij war von einem schnellen Sieg der USA \u00fcberzeugt und ging, wie viele andere auch, davon aus, dass die iranische Regierung innerhalb weniger Tage st\u00fcrzen w\u00fcrde. Darin sah er einen direkten Vorteil f\u00fcr sich selbst. Die Logik war einfach: Durch den Sieg der USA in Iran k\u00f6nnten die &#8220;Falken&#8221; im Wei\u00dfen Haus an Einfluss gewinnen \u2013 sie w\u00fcrden Trump davon \u00fcberzeugen, keine Abkommen mit Russland zu schlie\u00dfen, sondern im Gegenteil den Druck zu verst\u00e4rken. Und davon k\u00f6nnte die Ukraine nur profitieren.<\/p>\n<p>Nach der Entf\u00fchrung des venezolanischen Pr\u00e4sidenten Nicol\u00e1s Maduro und dem schnellen Sieg in Iran k\u00f6nnte Trump zu der \u00dcberzeugung gelangt sein, er sei ein politisches und milit\u00e4risches Genie, das mit allen Staaten der Welt ausschlie\u00dflich aus einer Position der St\u00e4rke heraus verhandeln d\u00fcrfe. W\u00e4re das iranische \u00d6l unter die Kontrolle der USA geraten, w\u00e4re dies ein weiterer Druckfaktor auf Russland und die \u00f6lproduzierenden Golfstaaten gewesen, was letztlich zum Zerfall des OPEC+-Formats h\u00e4tte f\u00fchren k\u00f6nnen. Dar\u00fcber hinaus hoffte Selenskij, dass die Niederlage des Iran die Position der USA in den Verhandlungen mit China st\u00e4rken w\u00fcrde und Washington Peking dazu zwingen k\u00f6nnte, Druck auf Moskau auszu\u00fcben.<\/p>\n<p>Selenskij rechnete damit, dass ein schneller Sieg der USA \u00fcber Iran ihm erlauben w\u00fcrde, Verhandlungen mit Russland abzulehnen, und sich dadurch die Position der USA gegen\u00fcber Russland st\u00e4rken w\u00fcrde, sodass Moskau Zugest\u00e4ndnisse machen m\u00fcsste, die f\u00fcr das Maidan-Regime von Vorteil w\u00e4ren.<\/p>\n<p>Vorsicht mit Ihren W\u00fcnschen, denn sie k\u00f6nnten in Erf\u00fcllung gehen: Der von Selenskij so sehr erhoffte Krieg brach aus, doch dann verlief alles nicht so, wie man es sich im Wei\u00dfen Haus \u2013 und gleichzeitig auch in der &#8220;Bankowa&#8221; [Stra\u00dfe, in der sich das Pr\u00e4sidialamt der Ukraine befindet] \u2013 vorgestellt hatte. Die Islamische Republik war in der Lage, eine ad\u00e4quate Antwort darauf zu geben, was weltweit zu einem Anstieg der Energiepreise f\u00fchrte. Nun ben\u00f6tigen die USA, Israel und die Golfstaaten selbst die Raketen f\u00fcr Luftabwehrsysteme, auf die man in der Ukraine so sehr gehofft hatte \u2013 die Ukraine steht also in dieser Warteschlange ganz hinten.<\/p>\n<\/p>\n<p>Und wie reagierte Selenskij in dieser Situation? Als ihm klar wurde, dass sich der Krieg im Nahen Osten in die L\u00e4nge zieht, begann er, westlichen Journalisten gegen\u00fcber zu betonen, dass er bef\u00fcrchte, die Ukraine k\u00f6nnte vor dem Hintergrund der aktuellen Ereignisse in Vergessenheit geraten. Dabei versuchte Selenskij, Trump und den Regierungen der Golfstaaten seine N\u00fctzlichkeit zu demonstrieren, indem er vorschlug, die besten Spezialisten der ukrainischen Streitkr\u00e4fte f\u00fcr die Bek\u00e4mpfung von Drohnen in den Nahen Osten zu entsenden. Im Gegenzug verlangte er von den Vereinigten Arabischen Emiraten, Saudi-Arabien und Katar, dass sie Russland zu einem einmonatigen Waffenstillstand in der Ukraine bewegen.<\/p>\n<p>Nat\u00fcrlich wurde ein solches Angebot von niemandem angenommen.<\/p>\n<p>Anschlie\u00dfend prahlte Selenskij damit, man verhandle \u00fcber die Lieferung ukrainischer Drohnen f\u00fcr die US-Armee im Austausch gegen amerikanische Waffen. Doch diese Prahlerei endete f\u00fcr ihn mit einer gro\u00dfen Dem\u00fctigung. Trump erkl\u00e4rte: &#8220;Der Letzte, dessen Hilfe wir brauchen, ist Selenskij&#8221;. Und w\u00e4hrenddessen wiederholte Trump mehrmals, dass Selenskij keine Tr\u00fcmpfe in der Hand habe, und forderte ihn auf, einen Deal mit Russland abzuschlie\u00dfen.<\/p>\n<p>Doch Trump braucht keine ukrainischen Drohnen. Vor dem Hintergrund der Misserfolge in Iran ben\u00f6tigt der US-Pr\u00e4sident einen gro\u00df angelegten diplomatischen Erfolg und den Abschluss eines Friedensabkommens zwischen Russland und der Ukraine unter Vermittlung der USA. Selenskij steht dem im Wege, was Trump derzeit in Rage versetzt, und er macht keinen Hehl aus seiner Ver\u00e4rgerung \u00fcber den Maidan-F\u00fchrer. Es ist nicht auszuschlie\u00dfen, dass dieser Unmut bald in neuen Strafverfahren des mit dem FBI verbundenen Nationalen Antikorruptionsb\u00fcros der Ukraine gegen Personen zum Ausdruck kommt, die Selenskij nahestehen. Zum Beispiel gegen Andrei Jermak, der zwar nicht mehr Leiter des Pr\u00e4sidialamtes ist, aber weiterhin als &#8220;grauer Kardinal&#8221; der ukrainischen Politik fungiert.<\/p>\n<p>Und was hat der Iran-Krieg Selenskij letztlich gebracht? Das Maidan-Regime wird in absehbarer Zukunft keine Patriot-Luftabwehrraketen bekommen. Als \u00d6limporteur leidet die Ukraine unter den hohen \u00d6lpreisen. Die Situation wird noch zus\u00e4tzlich durch das Verhalten von Selenskij gegen\u00fcber Ungarn und der Slowakei erschwert: Er ver\u00e4rgerte diese L\u00e4nder, indem er den Transit von russischem \u00d6l \u00fcber die &#8220;Druschba&#8221;-Pipeline dorthin blockiert. Infolgedessen stellten sie den Export von Erd\u00f6lprodukten in die Ukraine ein, wobei die Slowakei zus\u00e4tzlich noch die Stromlieferungen stoppte.<\/p>\n<p>Trump macht keinen Hehl aus seiner Unzufriedenheit mit Selenskij, und dessen Versuche, sich als &#8220;n\u00fctzlich&#8221; zu erweisen, sind gescheitert.<\/p>\n<p>Kurz gesagt: &#8220;Siege&#8221; an allen Fronten.<\/p>\n<p>Wie so oft in solchen F\u00e4llen kommt es vor, dass die Zuschauer eines Streits weitaus mehr davon betroffen sind als dessen Ausl\u00f6ser.<\/p>\n<p><em>\u00dcbersetzt aus dem <a rel=\"nofollow\" target=\"_blank\" href=\"https:\/\/vz.ru\/opinions\/2026\/3\/27\/1405068.html\" target=\"_blank\" rel=\"noopener noreferrer\">Russischen<\/a>. Der Artikel ist am 27. M\u00e4rz 2026 zuerst auf der Homepage der Zeitung &#8220;Wsgljad&#8221; erschienen.<\/em><\/p>\n<p><em><strong>Sergei Mirkin<\/strong><\/em><em>\u00a0ist ein Journalist aus Donezk.<\/em><\/p>\n<p><strong>Mehr zum Thema<\/strong> &#8211; <a rel=\"nofollow\" target=\"_blank\" href=\"https:\/\/freedert.online\/international\/274882-bericht-usa-erwaegen-umleitung-von\/\" target=\"_blank\" rel=\"noopener noreferrer\">Bericht: USA erw\u00e4gen Umleitung von Waffen f\u00fcr die Ukraine zugunsten des Iran-Kriegs<\/a><\/p>\n<div class=\"EmbedBlock-root EmbedBlock-externalVideo EmbedBlock-rumble\">\n<div class=\"VkEmbed\"><iframe class=\"lazyload\" data-src=\"https:\/\/rumble.com\/embed\/v75i2va\" frameborder=\"0\" width=\"853\" height=\"480\" allowfullscreen><\/iframe><\/div>\n<\/div>\n<\/div>\n<p><br \/>\n<br \/><a href=\"https:\/\/de.rt.com\/meinung\/274969-was-brachte-iran-krieg-fuer\/\">Source link <\/a><\/p>\n","protected":false},"excerpt":{"rendered":"<p>Vor dem Hintergrund der Misserfolge im Iran ben\u00f6tigt US-Pr\u00e4sident Donald Trump einen gro\u00df angelegten diplomatischen Erfolg in Form eines durch die USA vermittelten Friedensabkommens zwischen Russland und der Ukraine. Dabei steht aber Selenskij im Weg, was Trump \u00e4u\u00dferst ver\u00e4rgert, und er macht keinen Hehl aus seinem Unmut gegen\u00fcber dem ukrainischen Staatschef. Von Sergei Mirkin Der [&hellip;]<\/p>\n","protected":false},"author":3,"featured_media":100976,"comment_status":"open","ping_status":"open","sticky":false,"template":"","format":"standard","meta":{"_yoast_indexnow_last_ping":["1774847373"],"wp_automatic_camp":["217"],"c251c85b7b9efa626a5c4172b86d1841":["Was brachte der Iran-Krieg f\u00fcr Selenskij?"],"original_link":["https:\/\/de.rt.com\/meinung\/274969-was-brachte-iran-krieg-fuer\/"],"_thumbnail_id":["100976"],"jnews_social_counter_last_update":["1788474994"],"_wptgpro_p2tg_sent2tg":["a:1:{i:23737;s:19:\"2026-03-30 07:10:33\";}"]},"categories":[19,23],"tags":[30069,82,221,52995,6158],"class_list":["post-100975","post","type-post","status-publish","format-standard","has-post-thumbnail","hentry","category-deutschland","category-russland","tag-brachte","tag-der","tag-fuer","tag-irankrieg","tag-selenskij"],"yoast_head":"<!-- This site is optimized with the Yoast SEO Premium plugin v22.7 (Yoast SEO v28.2) - https:\/\/yoast.com\/product\/yoast-seo-premium-wordpress\/ -->\n<title>Was brachte der Iran-Krieg f\u00fcr Selenskij? - just-now.NEWS Deutschland<\/title>\n<meta name=\"robots\" content=\"index, follow, max-snippet:-1, max-image-preview:large, max-video-preview:-1\" \/>\n<link rel=\"canonical\" href=\"https:\/\/now-news.de\/de\/deutschland\/was-brachte-der-iran-krieg-fuer-selenskij\/\" \/>\n<meta property=\"og:locale\" content=\"de_DE\" \/>\n<meta property=\"og:type\" content=\"article\" \/>\n<meta property=\"og:title\" content=\"Was brachte der Iran-Krieg f\u00fcr Selenskij?\" \/>\n<meta property=\"og:description\" content=\"Vor dem Hintergrund der Misserfolge im Iran ben\u00f6tigt US-Pr\u00e4sident Donald Trump einen gro\u00df angelegten diplomatischen Erfolg in Form eines durch die USA vermittelten Friedensabkommens zwischen Russland und der Ukraine. Dabei steht aber Selenskij im Weg, was Trump \u00e4u\u00dferst ver\u00e4rgert, und er macht keinen Hehl aus seinem Unmut gegen\u00fcber dem ukrainischen Staatschef. Von Sergei Mirkin Der [&hellip;]\" \/>\n<meta property=\"og:url\" content=\"https:\/\/now-news.de\/de\/deutschland\/was-brachte-der-iran-krieg-fuer-selenskij\/\" \/>\n<meta property=\"og:site_name\" content=\"just-now.NEWS Deutschland\" \/>\n<meta property=\"article:publisher\" content=\"https:\/\/www.facebook.com\/wirmachenauf\" \/>\n<meta property=\"article:published_time\" content=\"2026-03-30T05:00:00+00:00\" \/>\n<meta property=\"og:image\" content=\"https:\/\/now-news.de\/de\/wp-content\/uploads\/sites\/3\/2026\/03\/69c69d76b480cc014c48578f.jpg\" \/>\n<meta name=\"author\" content=\"rtnews\" \/>\n<meta name=\"twitter:card\" content=\"summary_large_image\" \/>\n<meta name=\"twitter:creator\" content=\"@WirMachenAuf_de\" \/>\n<meta name=\"twitter:site\" content=\"@WirMachenAuf_de\" \/>\n<meta name=\"twitter:label1\" content=\"Verfasst von\" \/>\n\t<meta name=\"twitter:data1\" content=\"rtnews\" \/>\n\t<meta name=\"twitter:label2\" content=\"Gesch\u00e4tzte Lesezeit\" \/>\n\t<meta name=\"twitter:data2\" content=\"5\u00a0Minuten\" \/>\n<script type=\"application\/ld+json\" class=\"yoast-schema-graph\">{\"@context\":\"https:\\\/\\\/schema.org\",\"@graph\":[{\"@type\":\"Article\",\"@id\":\"https:\\\/\\\/now-news.de\\\/de\\\/deutschland\\\/was-brachte-der-iran-krieg-fuer-selenskij\\\/#article\",\"isPartOf\":{\"@id\":\"https:\\\/\\\/now-news.de\\\/de\\\/deutschland\\\/was-brachte-der-iran-krieg-fuer-selenskij\\\/\"},\"author\":{\"name\":\"rtnews\",\"@id\":\"https:\\\/\\\/now-news.de\\\/de\\\/#\\\/schema\\\/person\\\/fb534a4e865501d8b3285208df34a9b5\"},\"headline\":\"Was brachte der Iran-Krieg f\u00fcr Selenskij?\",\"datePublished\":\"2026-03-30T05:00:00+00:00\",\"mainEntityOfPage\":{\"@id\":\"https:\\\/\\\/now-news.de\\\/de\\\/deutschland\\\/was-brachte-der-iran-krieg-fuer-selenskij\\\/\"},\"wordCount\":1038,\"commentCount\":0,\"publisher\":{\"@id\":\"https:\\\/\\\/now-news.de\\\/de\\\/#organization\"},\"image\":{\"@id\":\"https:\\\/\\\/now-news.de\\\/de\\\/deutschland\\\/was-brachte-der-iran-krieg-fuer-selenskij\\\/#primaryimage\"},\"thumbnailUrl\":\"https:\\\/\\\/now-news.de\\\/de\\\/wp-content\\\/uploads\\\/sites\\\/3\\\/2026\\\/03\\\/Was-brachte-der-Iran-Krieg-fuer-Selenskij.jpg\",\"keywords\":[\"brachte\",\"der\",\"f\u00fcr\",\"Irankrieg\",\"Selenskij\"],\"articleSection\":[\"Deutschland\",\"Russland\"],\"inLanguage\":\"de\",\"potentialAction\":[{\"@type\":\"CommentAction\",\"name\":\"Comment\",\"target\":[\"https:\\\/\\\/now-news.de\\\/de\\\/deutschland\\\/was-brachte-der-iran-krieg-fuer-selenskij\\\/#respond\"]}]},{\"@type\":\"WebPage\",\"@id\":\"https:\\\/\\\/now-news.de\\\/de\\\/deutschland\\\/was-brachte-der-iran-krieg-fuer-selenskij\\\/\",\"url\":\"https:\\\/\\\/now-news.de\\\/de\\\/deutschland\\\/was-brachte-der-iran-krieg-fuer-selenskij\\\/\",\"name\":\"Was brachte der Iran-Krieg f\u00fcr Selenskij? - just-now.NEWS Deutschland\",\"isPartOf\":{\"@id\":\"https:\\\/\\\/now-news.de\\\/de\\\/#website\"},\"primaryImageOfPage\":{\"@id\":\"https:\\\/\\\/now-news.de\\\/de\\\/deutschland\\\/was-brachte-der-iran-krieg-fuer-selenskij\\\/#primaryimage\"},\"image\":{\"@id\":\"https:\\\/\\\/now-news.de\\\/de\\\/deutschland\\\/was-brachte-der-iran-krieg-fuer-selenskij\\\/#primaryimage\"},\"thumbnailUrl\":\"https:\\\/\\\/now-news.de\\\/de\\\/wp-content\\\/uploads\\\/sites\\\/3\\\/2026\\\/03\\\/Was-brachte-der-Iran-Krieg-fuer-Selenskij.jpg\",\"datePublished\":\"2026-03-30T05:00:00+00:00\",\"breadcrumb\":{\"@id\":\"https:\\\/\\\/now-news.de\\\/de\\\/deutschland\\\/was-brachte-der-iran-krieg-fuer-selenskij\\\/#breadcrumb\"},\"inLanguage\":\"de\",\"potentialAction\":[{\"@type\":\"ReadAction\",\"target\":[\"https:\\\/\\\/now-news.de\\\/de\\\/deutschland\\\/was-brachte-der-iran-krieg-fuer-selenskij\\\/\"]}]},{\"@type\":\"ImageObject\",\"inLanguage\":\"de\",\"@id\":\"https:\\\/\\\/now-news.de\\\/de\\\/deutschland\\\/was-brachte-der-iran-krieg-fuer-selenskij\\\/#primaryimage\",\"url\":\"https:\\\/\\\/now-news.de\\\/de\\\/wp-content\\\/uploads\\\/sites\\\/3\\\/2026\\\/03\\\/Was-brachte-der-Iran-Krieg-fuer-Selenskij.jpg\",\"contentUrl\":\"https:\\\/\\\/now-news.de\\\/de\\\/wp-content\\\/uploads\\\/sites\\\/3\\\/2026\\\/03\\\/Was-brachte-der-Iran-Krieg-fuer-Selenskij.jpg\",\"width\":460,\"height\":259,\"caption\":\"Was brachte der Iran-Krieg f\u00fcr Selenskij?\"},{\"@type\":\"BreadcrumbList\",\"@id\":\"https:\\\/\\\/now-news.de\\\/de\\\/deutschland\\\/was-brachte-der-iran-krieg-fuer-selenskij\\\/#breadcrumb\",\"itemListElement\":[{\"@type\":\"ListItem\",\"position\":1,\"name\":\"Home\",\"item\":\"https:\\\/\\\/now-news.de\\\/de\\\/\"},{\"@type\":\"ListItem\",\"position\":2,\"name\":\"Was brachte der Iran-Krieg f\u00fcr Selenskij?\"}]},{\"@type\":\"WebSite\",\"@id\":\"https:\\\/\\\/now-news.de\\\/de\\\/#website\",\"url\":\"https:\\\/\\\/now-news.de\\\/de\\\/\",\"name\":\"just-now.NEWS Deutschland\",\"description\":\"Das Portal f\u00fcr unzensierte Nachrichten aus der Welt\",\"publisher\":{\"@id\":\"https:\\\/\\\/now-news.de\\\/de\\\/#organization\"},\"potentialAction\":[{\"@type\":\"SearchAction\",\"target\":{\"@type\":\"EntryPoint\",\"urlTemplate\":\"https:\\\/\\\/now-news.de\\\/de\\\/?s={search_term_string}\"},\"query-input\":{\"@type\":\"PropertyValueSpecification\",\"valueRequired\":true,\"valueName\":\"search_term_string\"}}],\"inLanguage\":\"de\"},{\"@type\":\"Organization\",\"@id\":\"https:\\\/\\\/now-news.de\\\/de\\\/#organization\",\"name\":\"Just Now News\",\"url\":\"https:\\\/\\\/now-news.de\\\/de\\\/\",\"logo\":{\"@type\":\"ImageObject\",\"inLanguage\":\"de\",\"@id\":\"https:\\\/\\\/now-news.de\\\/de\\\/#\\\/schema\\\/logo\\\/image\\\/\",\"url\":\"http:\\\/\\\/just-now.news\\\/de\\\/wp-content\\\/uploads\\\/sites\\\/3\\\/2022\\\/04\\\/logo500x500.jpg\",\"contentUrl\":\"http:\\\/\\\/just-now.news\\\/de\\\/wp-content\\\/uploads\\\/sites\\\/3\\\/2022\\\/04\\\/logo500x500.jpg\",\"width\":500,\"height\":500,\"caption\":\"Just Now News\"},\"image\":{\"@id\":\"https:\\\/\\\/now-news.de\\\/de\\\/#\\\/schema\\\/logo\\\/image\\\/\"},\"sameAs\":[\"https:\\\/\\\/www.facebook.com\\\/wirmachenauf\",\"https:\\\/\\\/x.com\\\/WirMachenAuf_de\"]},{\"@type\":\"Person\",\"@id\":\"https:\\\/\\\/now-news.de\\\/de\\\/#\\\/schema\\\/person\\\/fb534a4e865501d8b3285208df34a9b5\",\"name\":\"rtnews\",\"image\":{\"@type\":\"ImageObject\",\"inLanguage\":\"de\",\"@id\":\"https:\\\/\\\/secure.gravatar.com\\\/avatar\\\/358fe31b3ab5769fea05376e1953329834cd9912cf9daf607e2af3076a1b982b?s=96&d=mm&r=g\",\"url\":\"https:\\\/\\\/secure.gravatar.com\\\/avatar\\\/358fe31b3ab5769fea05376e1953329834cd9912cf9daf607e2af3076a1b982b?s=96&d=mm&r=g\",\"contentUrl\":\"https:\\\/\\\/secure.gravatar.com\\\/avatar\\\/358fe31b3ab5769fea05376e1953329834cd9912cf9daf607e2af3076a1b982b?s=96&d=mm&r=g\",\"caption\":\"rtnews\"},\"url\":\"https:\\\/\\\/now-news.de\\\/de\\\/author\\\/rnews\\\/\"}]}<\/script>\n<!-- \/ Yoast SEO Premium plugin. -->","yoast_head_json":{"title":"Was brachte der Iran-Krieg f\u00fcr Selenskij? - just-now.NEWS Deutschland","robots":{"index":"index","follow":"follow","max-snippet":"max-snippet:-1","max-image-preview":"max-image-preview:large","max-video-preview":"max-video-preview:-1"},"canonical":"https:\/\/now-news.de\/de\/deutschland\/was-brachte-der-iran-krieg-fuer-selenskij\/","og_locale":"de_DE","og_type":"article","og_title":"Was brachte der Iran-Krieg f\u00fcr Selenskij?","og_description":"Vor dem Hintergrund der Misserfolge im Iran ben\u00f6tigt US-Pr\u00e4sident Donald Trump einen gro\u00df angelegten diplomatischen Erfolg in Form eines durch die USA vermittelten Friedensabkommens zwischen Russland und der Ukraine. Dabei steht aber Selenskij im Weg, was Trump \u00e4u\u00dferst ver\u00e4rgert, und er macht keinen Hehl aus seinem Unmut gegen\u00fcber dem ukrainischen Staatschef. Von Sergei Mirkin Der [&hellip;]","og_url":"https:\/\/now-news.de\/de\/deutschland\/was-brachte-der-iran-krieg-fuer-selenskij\/","og_site_name":"just-now.NEWS Deutschland","article_publisher":"https:\/\/www.facebook.com\/wirmachenauf","article_published_time":"2026-03-30T05:00:00+00:00","og_image":[{"url":"https:\/\/now-news.de\/de\/wp-content\/uploads\/sites\/3\/2026\/03\/69c69d76b480cc014c48578f.jpg","type":"","width":"","height":""}],"author":"rtnews","twitter_card":"summary_large_image","twitter_creator":"@WirMachenAuf_de","twitter_site":"@WirMachenAuf_de","twitter_misc":{"Verfasst von":"rtnews","Gesch\u00e4tzte Lesezeit":"5\u00a0Minuten"},"schema":{"@context":"https:\/\/schema.org","@graph":[{"@type":"Article","@id":"https:\/\/now-news.de\/de\/deutschland\/was-brachte-der-iran-krieg-fuer-selenskij\/#article","isPartOf":{"@id":"https:\/\/now-news.de\/de\/deutschland\/was-brachte-der-iran-krieg-fuer-selenskij\/"},"author":{"name":"rtnews","@id":"https:\/\/now-news.de\/de\/#\/schema\/person\/fb534a4e865501d8b3285208df34a9b5"},"headline":"Was brachte der Iran-Krieg f\u00fcr Selenskij?","datePublished":"2026-03-30T05:00:00+00:00","mainEntityOfPage":{"@id":"https:\/\/now-news.de\/de\/deutschland\/was-brachte-der-iran-krieg-fuer-selenskij\/"},"wordCount":1038,"commentCount":0,"publisher":{"@id":"https:\/\/now-news.de\/de\/#organization"},"image":{"@id":"https:\/\/now-news.de\/de\/deutschland\/was-brachte-der-iran-krieg-fuer-selenskij\/#primaryimage"},"thumbnailUrl":"https:\/\/now-news.de\/de\/wp-content\/uploads\/sites\/3\/2026\/03\/Was-brachte-der-Iran-Krieg-fuer-Selenskij.jpg","keywords":["brachte","der","f\u00fcr","Irankrieg","Selenskij"],"articleSection":["Deutschland","Russland"],"inLanguage":"de","potentialAction":[{"@type":"CommentAction","name":"Comment","target":["https:\/\/now-news.de\/de\/deutschland\/was-brachte-der-iran-krieg-fuer-selenskij\/#respond"]}]},{"@type":"WebPage","@id":"https:\/\/now-news.de\/de\/deutschland\/was-brachte-der-iran-krieg-fuer-selenskij\/","url":"https:\/\/now-news.de\/de\/deutschland\/was-brachte-der-iran-krieg-fuer-selenskij\/","name":"Was brachte der Iran-Krieg f\u00fcr Selenskij? - just-now.NEWS Deutschland","isPartOf":{"@id":"https:\/\/now-news.de\/de\/#website"},"primaryImageOfPage":{"@id":"https:\/\/now-news.de\/de\/deutschland\/was-brachte-der-iran-krieg-fuer-selenskij\/#primaryimage"},"image":{"@id":"https:\/\/now-news.de\/de\/deutschland\/was-brachte-der-iran-krieg-fuer-selenskij\/#primaryimage"},"thumbnailUrl":"https:\/\/now-news.de\/de\/wp-content\/uploads\/sites\/3\/2026\/03\/Was-brachte-der-Iran-Krieg-fuer-Selenskij.jpg","datePublished":"2026-03-30T05:00:00+00:00","breadcrumb":{"@id":"https:\/\/now-news.de\/de\/deutschland\/was-brachte-der-iran-krieg-fuer-selenskij\/#breadcrumb"},"inLanguage":"de","potentialAction":[{"@type":"ReadAction","target":["https:\/\/now-news.de\/de\/deutschland\/was-brachte-der-iran-krieg-fuer-selenskij\/"]}]},{"@type":"ImageObject","inLanguage":"de","@id":"https:\/\/now-news.de\/de\/deutschland\/was-brachte-der-iran-krieg-fuer-selenskij\/#primaryimage","url":"https:\/\/now-news.de\/de\/wp-content\/uploads\/sites\/3\/2026\/03\/Was-brachte-der-Iran-Krieg-fuer-Selenskij.jpg","contentUrl":"https:\/\/now-news.de\/de\/wp-content\/uploads\/sites\/3\/2026\/03\/Was-brachte-der-Iran-Krieg-fuer-Selenskij.jpg","width":460,"height":259,"caption":"Was brachte der Iran-Krieg f\u00fcr Selenskij?"},{"@type":"BreadcrumbList","@id":"https:\/\/now-news.de\/de\/deutschland\/was-brachte-der-iran-krieg-fuer-selenskij\/#breadcrumb","itemListElement":[{"@type":"ListItem","position":1,"name":"Home","item":"https:\/\/now-news.de\/de\/"},{"@type":"ListItem","position":2,"name":"Was brachte der Iran-Krieg f\u00fcr Selenskij?"}]},{"@type":"WebSite","@id":"https:\/\/now-news.de\/de\/#website","url":"https:\/\/now-news.de\/de\/","name":"just-now.NEWS Deutschland","description":"Das Portal f\u00fcr unzensierte Nachrichten aus der Welt","publisher":{"@id":"https:\/\/now-news.de\/de\/#organization"},"potentialAction":[{"@type":"SearchAction","target":{"@type":"EntryPoint","urlTemplate":"https:\/\/now-news.de\/de\/?s={search_term_string}"},"query-input":{"@type":"PropertyValueSpecification","valueRequired":true,"valueName":"search_term_string"}}],"inLanguage":"de"},{"@type":"Organization","@id":"https:\/\/now-news.de\/de\/#organization","name":"Just Now News","url":"https:\/\/now-news.de\/de\/","logo":{"@type":"ImageObject","inLanguage":"de","@id":"https:\/\/now-news.de\/de\/#\/schema\/logo\/image\/","url":"http:\/\/just-now.news\/de\/wp-content\/uploads\/sites\/3\/2022\/04\/logo500x500.jpg","contentUrl":"http:\/\/just-now.news\/de\/wp-content\/uploads\/sites\/3\/2022\/04\/logo500x500.jpg","width":500,"height":500,"caption":"Just Now News"},"image":{"@id":"https:\/\/now-news.de\/de\/#\/schema\/logo\/image\/"},"sameAs":["https:\/\/www.facebook.com\/wirmachenauf","https:\/\/x.com\/WirMachenAuf_de"]},{"@type":"Person","@id":"https:\/\/now-news.de\/de\/#\/schema\/person\/fb534a4e865501d8b3285208df34a9b5","name":"rtnews","image":{"@type":"ImageObject","inLanguage":"de","@id":"https:\/\/secure.gravatar.com\/avatar\/358fe31b3ab5769fea05376e1953329834cd9912cf9daf607e2af3076a1b982b?s=96&d=mm&r=g","url":"https:\/\/secure.gravatar.com\/avatar\/358fe31b3ab5769fea05376e1953329834cd9912cf9daf607e2af3076a1b982b?s=96&d=mm&r=g","contentUrl":"https:\/\/secure.gravatar.com\/avatar\/358fe31b3ab5769fea05376e1953329834cd9912cf9daf607e2af3076a1b982b?s=96&d=mm&r=g","caption":"rtnews"},"url":"https:\/\/now-news.de\/de\/author\/rnews\/"}]}},"_links":{"self":[{"href":"https:\/\/now-news.de\/de\/wp-json\/wp\/v2\/posts\/100975","targetHints":{"allow":["GET"]}}],"collection":[{"href":"https:\/\/now-news.de\/de\/wp-json\/wp\/v2\/posts"}],"about":[{"href":"https:\/\/now-news.de\/de\/wp-json\/wp\/v2\/types\/post"}],"author":[{"embeddable":true,"href":"https:\/\/now-news.de\/de\/wp-json\/wp\/v2\/users\/3"}],"replies":[{"embeddable":true,"href":"https:\/\/now-news.de\/de\/wp-json\/wp\/v2\/comments?post=100975"}],"version-history":[{"count":0,"href":"https:\/\/now-news.de\/de\/wp-json\/wp\/v2\/posts\/100975\/revisions"}],"wp:featuredmedia":[{"embeddable":true,"href":"https:\/\/now-news.de\/de\/wp-json\/wp\/v2\/media\/100976"}],"wp:attachment":[{"href":"https:\/\/now-news.de\/de\/wp-json\/wp\/v2\/media?parent=100975"}],"wp:term":[{"taxonomy":"category","embeddable":true,"href":"https:\/\/now-news.de\/de\/wp-json\/wp\/v2\/categories?post=100975"},{"taxonomy":"post_tag","embeddable":true,"href":"https:\/\/now-news.de\/de\/wp-json\/wp\/v2\/tags?post=100975"}],"curies":[{"name":"wp","href":"https:\/\/api.w.org\/{rel}","templated":true}]}}