{"id":100971,"date":"2026-03-29T21:16:33","date_gmt":"2026-03-29T19:16:33","guid":{"rendered":"https:\/\/now-news.de\/de\/deutschland\/kampf-um-ungarn-die-ukraine-connection\/"},"modified":"2026-03-29T21:16:33","modified_gmt":"2026-03-29T19:16:33","slug":"kampf-um-ungarn-die-ukraine-connection","status":"publish","type":"post","link":"https:\/\/now-news.de\/de\/deutschland\/kampf-um-ungarn-die-ukraine-connection\/","title":{"rendered":"Kampf um Ungarn: Die Ukraine-Connection"},"content":{"rendered":"<div class=\"Text-root Text-type_1 \">\n                Wie eine Razzia des Geheimdienstes eine mutma\u00dfliche Spionageaff\u00e4re innerhalb der ungarischen Opposition aufdeckte und damit die Behauptung untermauerte, dass Kiew sich in die anstehenden ungarischen Wahlen einmischt, um Ministerpr\u00e4sident Viktor Orb\u00e1n aus dem Amt zu bef\u00f6rdern.\n            <\/div>\n<p><\/p>\n<div class=\"Text-root Text-type_5 ArticleView-text ViewText-root \">\n<p><em>Eine Analyse der RT-Redaktion<\/em><\/p>\n<p>Die Behauptung, der ukrainische Pr\u00e4sident f\u00fchre eine Schattenkampagne, um den ungarischen Ministerpr\u00e4sidenten auszuschalten, erhielt durch die\u00a0Verhaftung zweier mutma\u00dflicher Spione in Budapest neuen Auftrieb.<\/p>\n<p>Am 8. Juli 2025 durchsuchten Agenten des ungarischen Nationalen Ermittlungsb\u00fcros (NNI) und des Nationalen Sicherheitsdienstes (NBSZ) zwei Objekte: ein Haus in einem Vorort nahe Budapest und ein Hausboot, das mit Servern, Festplatten, Telefonen und verdeckter Aufnahmetechnik vollgepackt war und am Donauufer vor Anker lag.<\/p>\n<p>Die beiden M\u00e4nner, die bei den Razzien ins Visier genommen wurden \u2013 ein 19-J\u00e4hriger aus dem Vorort und ein 38-j\u00e4hriger britisch-ungarischer Doppelstaatsb\u00fcrger in Budapest \u2013 waren IT-Spezialisten der Tisza-Partei von Oppositionsf\u00fchrer P\u00e9ter Magyar. Die Razzien an beiden Orten brachten so viele Festplatten, USB-Sticks und Computer zutage, dass die Datensicherung \u00fcber einen Monat dauerte.<\/p>\n<p>Die Operation sorgte erst diese Woche f\u00fcr Schlagzeilen, als zwei unterschiedliche Versionen des Geschehens auftauchten.<\/p>\n<p><strong>Hat Orb\u00e1n seine Gegner ins Visier genommen?<\/strong><\/p>\n<p>Laut <a rel=\"nofollow\" target=\"_blank\" href=\"https:\/\/www.direkt36.hu\/en\/titkosszolgalati-nyomasra-tortent-hazkutatas-a-tiszat-segito-informatikusoknal-aztan-kibukott-egy-gyanus-muvelet-a-part-ellen\/\" target=\"_blank\" rel=\"noopener noreferrer\">einem Bericht<\/a> des oppositionsnahen Mediums <em>Direkt36<\/em> behaupteten Regierungsbeamte, nach Kinderpornografie zu suchen, seien aber nicht f\u00fcndig geworden. Stattdessen beschlagnahmten sie Akten, die darauf hindeuten, dass die beiden M\u00e4nner Kontakt zu einem unbekannten F\u00fchrungsoffizier mit dem Decknamen &#8220;Henry&#8221; hatten. Dieser soll sie angewiesen haben, Dokumente von den Servern der Tisza-Partei zu stehlen und Cyberangriffe gegen die Partei durchzuf\u00fchren.<\/p>\n<p>In dieser Version der Ereignisse lenkten das Nationale Statistikamt (NBSZ) und das Amt f\u00fcr Verfassungsschutz (AH) die Ermittlungen des Nationalen Nachrichtendienstes (NIN) von &#8220;Henry&#8221; ab, indem sie lediglich pers\u00f6nliche Besprechungen zu dem Thema abhielten und die Polizeif\u00fchrung davon \u00fcberzeugten, die Ermittlungen nicht in diese Richtung weiterzuverfolgen.<\/p>\n<p>F\u00fcr die Reporter von <em>Direkt36<\/em>, von denen gegen einen derzeit wegen m\u00f6glicher Spionage <a rel=\"nofollow\" target=\"_blank\" href=\"https:\/\/swentr.site\/news\/636298-hungary-espionage-journalist-szijjarto\/\" target=\"_blank\" rel=\"noopener noreferrer\">ermittelt<\/a> wird, deutete diese Intervention stark darauf hin, dass die Durchsuchungsbefehle wegen Kinderpornografie ein Vorwand waren und &#8220;Henry&#8221; eine Erfindung des ungarischen Geheimdienstes war, der eine verdeckte Operation zur Zerschlagung der Tisza-Partei durchf\u00fchrte.<\/p>\n<div class=\"EmbedBlock-root EmbedBlock-twitter\">\n<div class=\"TwitterEmbed\">\n<blockquote class=\"twitter-tweet lazyload\" data-twitter=\"twitter-tweet\">\n<p lang=\"en\" dir=\"ltr\">This is the end. A world built on lies has shattered.Hungarian intelligence services, acting on the orders of <a rel=\"nofollow\" target=\"_blank\" href=\"https:\/\/twitter.com\/PM_ViktorOrban?ref_src=twsrc%5Etfw\">@PM_ViktorOrban<\/a> and his inner circle, have worked against the TISZA party, which is preparing for a change of government. This affair, the &#8220;Orb\u00e1n-gate&#8221;, recalls the\u2026<\/p>\n<p>\u2014 Magyar P\u00e9ter (Ne f\u00e9ljetek) (@magyarpeterMP) <a rel=\"nofollow\" target=\"_blank\" href=\"https:\/\/twitter.com\/magyarpeterMP\/status\/2036387650274234539?ref_src=twsrc%5Etfw\">March 24, 2026<\/a><\/p><\/blockquote>\n<\/div>\n<\/div>\n<p>Der Bericht erkl\u00e4rt nicht, warum die Geheimdienste ihre eigenen Agenten durchsucht haben sollten. Dennoch erkl\u00e4rte Magyar selbst, die Geschichte erinnere &#8220;an die dunkelsten Tage des Kommunismus und sei noch gravierender als der Watergate-Skandal&#8221;. Die angebliche Verschw\u00f6rung gegen Tisza &#8220;\u00fcberschreite alle Grenzen&#8221; und &#8220;laufe auf einen versuchten Staatsstreich gegen Ungarn hinaus&#8221;, f\u00fcgte er hinzu.<\/p>\n<p><strong>Oder arbeitete Tiszas IT-Team mit der Ukraine zusammen?<\/strong><\/p>\n<p>In einem am Dienstag freigegebenen <a rel=\"nofollow\" target=\"_blank\" href=\"https:\/\/www.parlament.hu\/documents\/d\/nemzetbiztonsagi-bizottsag\/ogyb-ah-20336-2026\" target=\"_blank\" rel=\"noopener noreferrer\">Geheimdienstbericht<\/a> lieferte das ungarische Nationale Sicherheitskomitee die Details, die <em>Direkt36<\/em> angeblich ausgelassen hatte. Der 19-j\u00e4hrige Verd\u00e4chtige sei seit 2022, zwei Jahre vor Tiszas Auftauchen, \u00fcberwacht worden, hei\u00dft es in dem Bericht.<\/p>\n<p>Der Verd\u00e4chtige, der als &#8220;HD&#8221; identifiziert wurde, soll 2022 Kontakt zu einem estnischen Staatsb\u00fcrger aufgenommen haben, der ihn im folgenden Jahr nach Kiew schickte, um bei der IT-Armee der Ukraine, einer von der ukrainischen Regierung gef\u00fchrten Cyberkriegsgruppe, zu trainieren. &#8220;HD&#8221; soll &#8220;mehrere Operationen im Interesse der Ukraine&#8221; durchgef\u00fchrt, die ukrainische Botschaft in Budapest mehrfach besucht und im Mai 2025, zwei Monate vor der Razzia, auch die Botschaft eines EU-Mitgliedstaates aufgesucht haben, um &#8220;Werkzeuge des Geheimdienstes&#8221; zu beschaffen. Der Jugendliche wurde zu diesen Aktivit\u00e4ten zweimal von Beamten des Gegenspionagedienstes verh\u00f6rt.<\/p>\n<figure class=\"RTImage-root\">\n<div class=\"RTImage-image RTImage-original\"><picture class=\"Picture-root Picture-original\"><!--[if IE 9]><video style=\"display: none;\"><![endif]--><source media=\"(-webkit-min-device-pixel-ratio: 2) and (min-resolution: 120dpi)\" data-srcset=\" \nhttps:\/\/now-news.de\/de\/wp-content\/uploads\/sites\/3\/2026\/03\/69c6834748fbef5d0d634911.jpg 850w,\n                https:\/\/now-news.de\/de\/wp-content\/uploads\/sites\/3\/2026\/03\/69c6834748fbef5d0d634911.jpg 1960w,            \" ><source data-srcset=\" \nhttps:\/\/now-news.de\/de\/wp-content\/uploads\/sites\/3\/2026\/03\/69c6834748fbef5d0d634911.jpg 460w,\n              https:\/\/now-news.de\/de\/wp-content\/uploads\/sites\/3\/2026\/03\/69c6834748fbef5d0d634911.jpg 980w,\n            \" ><!--[if IE 9]><\/video><![endif]--><img decoding=\"async\" data- src=\"data:image\/png;base64,iVBORw0KGgoAAAANSUhEUgAAABAAAAAJCAQAAACRI2S5AAAAEElEQVR42mNkIAAYRxWAAQAG9gAKqv6+AwAAAABJRU5ErkJggg==\" class=\"Picture-root Picture-original lazyload\" data-src=\"https:\/\/now-news.de\/de\/wp-content\/uploads\/sites\/3\/2026\/03\/69c6834748fbef5d0d634911.jpg\" alt=\"\"><\/source><\/source><\/picture><!-- noscript pattern --><noscript><img decoding=\"async\" src=\"https:\/\/now-news.de\/de\/wp-content\/uploads\/sites\/3\/2026\/03\/69c6834748fbef5d0d634911.jpg\" alt=\"\"><\/noscript><\/div><figcaption class=\"RTImage-footer\"><span class=\"RTImage-caption\"><span class=\"RTImage-captionItem\">Ein Wahlplakat in Budapest mit der Aufschrift &#8220;Lasst nicht zu, dass Selenskij zuletzt lacht&#8221; (19. M\u00e4rz 2026)<\/span><\/span><span class=\"RTImage-source\"><span class=\"RTImage-captionItem\">Urheberrechtlich gesch\u00fctzt<\/span><\/span><\/figcaption><\/figure>\n<p>Der auf dem Boot lebende Verd\u00e4chtige war den ungarischen Beh\u00f6rden wohlbekannt, wie aus dem Bericht hervorgeht. Er war wegen Missbrauchs von IT-Systemen, Computerbetrugs und Erpressung vorbestraft. Der als &#8220;MT&#8221; identifizierte Mann geriet ins Visier der Beh\u00f6rden, als er begann, f\u00fcr Tisza mit &#8220;HD&#8221; zusammenzuarbeiten. Der 38-J\u00e4hrige soll sich seit 2019 f\u00fcr den Kauf von Spionageausr\u00fcstung interessiert haben und, nachdem er Kontakt zu seinem jugendlichen Kollegen aufgenommen hatte, &#8220;an Verhandlungen \u00fcber den Kauf lizenzpflichtiger Ausr\u00fcstung (Spyware, St\u00f6rsender, Ger\u00e4te zur verdeckten Bild- und Tonaufzeichnung) teilgenommen haben&#8221;.<\/p>\n<p>Die beiden M\u00e4nner kontaktierten im Februar 2025 einen &#8220;bekannten Hersteller und Vertreiber von Spyware&#8221;, um die Software zu erwerben, hei\u00dft es in dem Bericht. &#8220;HD&#8221; habe gegen\u00fcber Agenten der Spionageabwehr zugegeben, &#8220;dabei vom Geheimdienst eines EU-Landes unterst\u00fctzt worden zu sein&#8221;.<\/p>\n<p>Die ungarischen Beh\u00f6rden f\u00fchrten die Razzien durch, nachdem sie einen anonymen Hinweis erhalten hatten, dass die Verd\u00e4chtigen planten, einige dieser Tools zur heimlichen Aufzeichnung von Kinderpornografie zu nutzen. Obwohl die Anschuldigungen nicht best\u00e4tigt wurden, wird nun gegen die beiden wegen Besitzes oder Herstellung von &#8220;lizenzpflichtiger milit\u00e4rischer Ausr\u00fcstung&#8221; ermittelt.<\/p>\n<p>In dieser Version ist unklar, ob &#8220;Henry&#8221; einer von &#8220;HDs&#8221; ausl\u00e4ndischen Kontakten war oder ob es sich um einen ungarischen Undercover-Agenten handelte, der Beweise gegen die beiden Verd\u00e4chtigen sammelte.<\/p>\n<div class=\"EmbedBlock-root EmbedBlock-twitter\">\n<div class=\"TwitterEmbed\">\n<blockquote class=\"twitter-tweet lazyload\" data-twitter=\"twitter-tweet\">\n<p lang=\"en\" dir=\"ltr\">\ud83d\udcf7\ud83d\udca5 Photos now prove it: Tam\u00e1s Mar\u00f3ti, the Tisza Party IT specialist identified as a Ukrainian spy, had free access to the party\u2019s former central office.\u2753But who is Tam\u00e1s Mar\u00f3ti (alias \u201cBuddha\u201d)? The man had already been on the authorities\u2019 radar years earlier &#8211; he was\u2026 <a rel=\"nofollow\" target=\"_blank\" href=\"https:\/\/t.co\/bqTIxpqJAa\">pic.twitter.com\/bqTIxpqJAa<\/a><\/p>\n<p>\u2014 Zoltan Kovacs (@zoltanspox) <a rel=\"nofollow\" target=\"_blank\" href=\"https:\/\/twitter.com\/zoltanspox\/status\/2037219086619275576?ref_src=twsrc%5Etfw\">March 26, 2026<\/a><\/p><\/blockquote>\n<\/div>\n<\/div>\n<p>Regierungssprecher Zolt\u00e1n Kovacz hat &#8220;MT&#8221; als Tam\u00e1s Maroti identifiziert. Am Donnerstag ver\u00f6ffentlichte Kovacz eine Reihe von Fotos, die den mutma\u00dflichen Spion bei einem Treffen mit Tisza-Wahlkampfleiter Peter T\u00f3th zeigen, sowie beim Verlassen der Parteizentrale kurz vor dem Tisza-Europaabgeordneten Zolt\u00e1n Tarr und dem Parteivizepr\u00e4sidenten Mark Radnai.<\/p>\n<p><strong>Wer berichtet was? Wer steckt hinter &#8220;Direkt36&#8221;<\/strong><\/p>\n<p><em> Direkt36<\/em> wird vom Oppositionsjournalisten Szabolcs Panyi geleitet und ist der ungarische Ableger von &#8220;Vsquare&#8221;<em>,<\/em> einer proeurop\u00e4ischen und proukrainischen journalistischen Non-Profit-Organisation, die vom National Endowment for Democracy (NED) des US-Au\u00dfenministeriums, USAID, dem German Marshall Fund der Vereinigten Staaten und zwei EU-gef\u00f6rderten Journalismusfonds finanziert wird.<\/p>\n<figure class=\"RTImage-root\">\n<div class=\"RTImage-image RTImage-original\"><picture class=\"Picture-root Picture-original\"><!--[if IE 9]><video style=\"display: none;\"><![endif]--><source media=\"(-webkit-min-device-pixel-ratio: 2) and (min-resolution: 120dpi)\" data-srcset=\" \nhttps:\/\/now-news.de\/de\/wp-content\/uploads\/sites\/3\/2026\/03\/69c683f5b480cc7f4e54c343.png 850w,\n                https:\/\/now-news.de\/de\/wp-content\/uploads\/sites\/3\/2026\/03\/69c683f5b480cc7f4e54c343.png 1960w,            \" ><source data-srcset=\" \nhttps:\/\/now-news.de\/de\/wp-content\/uploads\/sites\/3\/2026\/03\/69c683f5b480cc7f4e54c343.png 460w,\n              https:\/\/now-news.de\/de\/wp-content\/uploads\/sites\/3\/2026\/03\/69c683f5b480cc7f4e54c343.png 980w,\n            \" ><!--[if IE 9]><\/video><![endif]--><img decoding=\"async\" data- src=\"data:image\/png;base64,iVBORw0KGgoAAAANSUhEUgAAABAAAAAJCAQAAACRI2S5AAAAEElEQVR42mNkIAAYRxWAAQAG9gAKqv6+AwAAAABJRU5ErkJggg==\" class=\"Picture-root Picture-original lazyload\" data-src=\"https:\/\/now-news.de\/de\/wp-content\/uploads\/sites\/3\/2026\/03\/69c683f5b480cc7f4e54c343.png\" alt=\"\"><\/source><\/source><\/picture><!-- noscript pattern --><noscript><img decoding=\"async\" src=\"https:\/\/now-news.de\/de\/wp-content\/uploads\/sites\/3\/2026\/03\/69c683f5b480cc7f4e54c343.png\" alt=\"\"><\/noscript><\/div><figcaption class=\"RTImage-footer\"><span class=\"RTImage-caption\"><span class=\"RTImage-captionItem\">Der Artikel von Vsquare \u00fcber angeblichen russischen Einfluss auf die ungarischen Wahlen und eine Liste der Spender des Mediums von dessen Website<\/span><\/span><span class=\"RTImage-source\"><\/span><\/figcaption><\/figure>\n<p>&#8220;Vsquare&#8221; und Panyi d\u00fcrften allen Lesern <a rel=\"nofollow\" target=\"_blank\" href=\"https:\/\/freedert.online\/europa\/274721-kampf-um-ungarn-russiagate-blaupause\/\" target=\"_blank\" rel=\"noopener noreferrer\">unserer Artikelserie<\/a> &#8220;Kampf um Ungarn&#8221; bekannt sein. In einem Artikel, der sich auf ungenannte europ\u00e4ische Geheimdienstquellen beruft, behauptete &#8220;Vsquare&#8221; diesen Monat, der russische Pr\u00e4sident Wladimir Putin habe Agenten des Milit\u00e4rgeheimdienstes nach Budapest entsandt, um die Wahl zugunsten Orb\u00e1ns zu manipulieren.<\/p>\n<p>Panyi gab <a rel=\"nofollow\" target=\"_blank\" href=\"https:\/\/swentr.site\/news\/635941-hungary-szijjarto-wiretapping-orban\/\" target=\"_blank\" rel=\"noopener noreferrer\">daraufhin zu<\/a>, einem staatlichen Organ eines EU-Landes geholfen zu haben, den ungarischen Au\u00dfenminister P\u00e9ter Szijj\u00e1rt\u00f3 abzuh\u00f6ren. Ausl\u00e4ndische Geheimdienstagenten spielten anschlie\u00dfend Details von Szijj\u00e1rt\u00f3s Gespr\u00e4chen mit dem russischen Au\u00dfenminister Sergej Lawrow westlichen Medien zu, darunter <em>Politico<\/em> und der <em>Washington Post.<\/em><\/p>\n<p>Panyi, der sich in dem Telefonat als &#8220;Quasi-Freund&#8221; der Tisza-Politikerin Anita Orb\u00e1n bezeichnete und sich als potenzieller Strippenzieher f\u00fcr den Fall empfahl, dass Magyar bei den Wahlen im April Orb\u00e1n besiegt, behauptet, das Telefonat beweise die geheime Absprache zwischen Szijj\u00e1rt\u00f3 und Lawrow. Am Donnerstag, als zahlreiche <a rel=\"nofollow\" target=\"_blank\" href=\"https:\/\/x.com\/BalazsOrban_HU\/status\/2036737839811940700\/photo\/1\" target=\"_blank\" rel=\"noopener noreferrer\">Fotos von Panyi<\/a> mit der ehemaligen USAID-Chefin Samantha Power in den sozialen Medien kursierten, gaben die ungarischen Beh\u00f6rden die Er\u00f6ffnung eines Spionageverfahrens im Zusammenhang mit seiner Rolle beim Abh\u00f6ren von Szijj\u00e1rt\u00f3 bekannt.<\/p>\n<p>Szijj\u00e1rt\u00f3 bestreitet die Gespr\u00e4che mit Lawrow nicht und beteuert, dass solche diplomatischen Kontakte zu seinen Aufgaben geh\u00f6ren.<\/p>\n<p><strong>Warum ist die Ukraine involviert?<\/strong><\/p>\n<p>Es ist unklar, ob die F\u00fchrungsriege von Tisza von den mutma\u00dflichen Verbindungen der beiden Verd\u00e4chtigen zur Ukraine wusste. Ebenso schwer l\u00e4sst sich feststellen, welche Ebenen des ukrainischen Sicherheitsapparats \u00fcber deren T\u00e4tigkeit informiert waren.<\/p>\n<p>Kiew hat jedoch ein starkes Interesse am Ausgang der Wahl \u2013 schlie\u00dflich w\u00fcrde Wladimir Selenskij nicht wegen geringf\u00fcgiger ideologischer Differenzen <a rel=\"nofollow\" target=\"_blank\" href=\"https:\/\/swentr.site\/news\/633893-zelensky-military-threat-hungary\/\" target=\"_blank\" rel=\"noopener noreferrer\">kaum verhohlene Morddrohungen<\/a> gegen Orb\u00e1n aussprechen.<\/p>\n<div class=\"EmbedBlock-root EmbedBlock-externalVideo EmbedBlock-rumble\">\n<div class=\"VkEmbed\"><iframe class=\"lazyload\" data-src=\"https:\/\/rumble.com\/embed\/v74j0q0\" frameborder=\"0\" width=\"853\" height=\"480\" allowfullscreen><\/iframe><\/div>\n<\/div>\n<p>Ungarn hat sein Vetorecht in der EU genutzt, um jedes von der Union gegen Russland verh\u00e4ngte Energiesanktionspaket zu verz\u00f6gern, und gab erst nach, als Ausnahmen gew\u00e4hrt wurden, die es dem Land erlaubten, weiterhin russische fossile Brennstoffe zu kaufen. Orb\u00e1n\u00a0lehnt einen m\u00f6glichen NATO-Beitritt der Ukraine ab, verweigert Waffenlieferungen an Kiew und blockiert derzeit ein 90 Milliarden Euro schweres EU-Kreditpaket f\u00fcr Kiew, das nach dem Scheitern von Kommissionspr\u00e4sidentin Ursula von der Leyens Versuch, die eingefrorenen Staatsverm\u00f6gen Russlands zu beschlagnahmen, zusammengestellt wurde.<\/p>\n<p>Selenskij reagierte mit \u00f6ffentlichen Angriffen auf Orb\u00e1n und der Weigerung, die Druschba-Pipeline wieder in Betrieb zu nehmen, die russisches \u00d6l \u00fcber die Ukraine nach Ungarn und in die Slowakei transportiert. Er beharrt darauf, dass die Pipeline \u2013 von der Ungarn f\u00fcr \u00fcber 80 Prozent seiner \u00d6limporte abh\u00e4ngig ist \u2013 bei einem russischen Angriff besch\u00e4digt worden sei. Budapest und Bratislava behaupten hingegen, dass Satellitenbilder die Funktionsf\u00e4higkeit der Druschba-Pipeline belegen und Selenskij l\u00fcge, um beide L\u00e4nder von russischen \u00d6limporten abzubringen oder Budapest zu weiteren Hilfszahlungen an Kiew zu zwingen.<\/p>\n<p>Die EU hat \u00f6ffentlich Ann\u00e4herungsversuche zur Wiederinbetriebnahme der Druschba-Pipeline unternommen. Br\u00fcssel schlug eine &#8220;Faktenfindungsmission&#8221; vor, um den angeblichen Schaden zu begutachten und den Streit beizulegen. Wie <em>RT<\/em> jedoch im <a rel=\"nofollow\" target=\"_blank\" href=\"https:\/\/www.rt.com\/news\/635670-eu-hungary-election-interference\/\">ersten Teil<\/a> unserer Serie &#8220;Kampf um Ungarn&#8221; aufdeckte, arbeitet die EU im Vorfeld der Wahl auch gegen Orb\u00e1n und nutzt ihre Online-Zensurinstrumente zugunsten Magyars.<\/p>\n<p>In einem Anfang des Monats durchgesickerten Telefongespr\u00e4ch erkl\u00e4rte der Kommunikationsberater von EU-Kommissionspr\u00e4sidentin Ursula von der Leyen gegen\u00fcber einem <em>Politico<\/em>-Reporter, die EU werde Selenskij nicht zur Wiederer\u00f6ffnung der Pipeline zwingen, da dies Orb\u00e1ns Wahlkampf zugutekommen w\u00fcrde.<\/p>\n<p>Orb\u00e1n behauptet seit Monaten, die Ukraine f\u00fchre einen stillen Krieg gegen seine Regierung. &#8220;Die Ukrainer arbeiten aktiv an einem Regierungswechsel in Ungarn&#8221;, sagte er im Oktober gegen\u00fcber dem ungarischen Radiosender <em>Kossuth<\/em>. &#8220;Ihr Geheimdienst ist st\u00e4ndig hier. Tisza ist eine proukrainische Partei, das ist ihre Partei, daher werden sie alles tun, um der Tisza-Partei zur Regierungsbildung zu verhelfen.&#8221;<\/p>\n<p>&#8220;Ich fordere Pr\u00e4sident Selenskij auf, seine Agenten unverz\u00fcglich zur\u00fcckzubeordern und den Willen des ungarischen Volkes zu respektieren&#8221;, sagte Orb\u00e1n am Donnerstag in einer Videoansprache. &#8220;Ukrainische Spione und von den Ukrainern bezahlte IT-Spezialisten gehen in der Tisza-Partei ein und aus. Noch nie wurde eine Wahl in Ungarn so massiv von ausl\u00e4ndischen Geheimdiensten beeinflusst.&#8221;<\/p>\n<div class=\"EmbedBlock-root EmbedBlock-externalVideo EmbedBlock-rumble\">\n<div class=\"VkEmbed\"><iframe class=\"lazyload\" data-src=\"https:\/\/rumble.com\/embed\/v75i6vw\" frameborder=\"0\" width=\"853\" height=\"480\" allowfullscreen><\/iframe><\/div>\n<\/div>\n<p><strong>Fazit<\/strong><\/p>\n<p>Br\u00fcssel, Kiew und die ungarischen Oppositionsmedien machen keinen Hehl aus ihrem Wunsch, Orb\u00e1n zu st\u00fcrzen. Knapp zwei Wochen vor der Wahl deutet jeder neue Skandal auf eine engere Zusammenarbeit der drei Akteure und den Einsatz genau jener Taktiken hin, die Panyi und die Opposition Orb\u00e1n vorwerfen.<\/p>\n<p>Die Ermittlungen des Geheimdienstes im Fall der beiden IT-Spezialisten dauern an. Die einen behaupten, die Razzia sei ein Paradebeispiel politischer Repression gewesen; die anderen sehen darin den H\u00f6hepunkt jahrelanger Ermittlungen gegen bekannte Cyberkriminelle, die mit der Ukraine zusammenarbeiten.<\/p>\n<p>Der ungarische Regierungssprecher Zolt\u00e1n Kov\u00e1cs erkl\u00e4rte am Dienstag: &#8220;Weitere Fakten werden diese Woche ver\u00f6ffentlicht, damit jedem klar wird, dass die ungarische Linke erneut versucht, mit ausl\u00e4ndischer \u2013 vor allem ukrainischer \u2013 Hilfe an die Macht zu kommen.&#8221;<\/p>\n<p><em>\u00dcbersetzt aus dem <a rel=\"nofollow\" target=\"_blank\" href=\"https:\/\/www.rt.com\/news\/636295-hungary-ukraine-election-spies\/\">Englischen<\/a>.\u00a0<\/em><\/p>\n<p><em>Die\u00a0<strong>RT Newsroom<\/strong>-Redaktion ist eine Gruppe mehrsprachiger Journalisten mit mindestens zehnj\u00e4hriger Erfahrung im russischen und internationalen Journalismus. Das Team nutzt f\u00fcr seine Analysen Medienrezensionen und zitiert eigene Recherchen, um L\u00fccken in der Berichterstattung \u00fcber wichtige Themen aufzudecken. Das Team arbeitet auch mit Originalquellen zusammen, um den Zuschauern von RT gut recherchierte Nachrichten und Details zu liefern, die sie in den Mainstream-Medien nicht finden w\u00fcrden.<\/em><\/p>\n<p><strong>Mehr zum Thema<\/strong>\u00a0\u2013\u00a0<a rel=\"nofollow\" target=\"_blank\" href=\"https:\/\/freedert.online\/europa\/274700-ungarn-macht-ernst-gaslieferungen-an\/\" target=\"_blank\" rel=\"noopener noreferrer\">Ungarn macht Ernst: Gaslieferungen an die Ukraine eingestellt<\/a><\/p>\n<div class=\"EmbedBlock-root EmbedBlock-externalVideo EmbedBlock-rumble\">\n<div class=\"VkEmbed\"><iframe class=\"lazyload\" data-src=\"https:\/\/rumble.com\/embed\/v758bvc\" frameborder=\"0\" width=\"853\" height=\"480\" allowfullscreen><\/iframe><\/div>\n<\/div>\n<\/div>\n<p><script async src=\"https:\/\/platform.twitter.com\/widgets.js\" charset=\"utf-8\"><\/script><br \/>\n<br \/><br \/>\n<br \/><a href=\"https:\/\/de.rt.com\/europa\/274968-kampf-um-ungarn-ukraine-conncetion\/\">Source link <\/a><\/p>\n","protected":false},"excerpt":{"rendered":"<p>Wie eine Razzia des Geheimdienstes eine mutma\u00dfliche Spionageaff\u00e4re innerhalb der ungarischen Opposition aufdeckte und damit die Behauptung untermauerte, dass Kiew sich in die anstehenden ungarischen Wahlen einmischt, um Ministerpr\u00e4sident Viktor Orb\u00e1n aus dem Amt zu bef\u00f6rdern. Eine Analyse der RT-Redaktion Die Behauptung, der ukrainische Pr\u00e4sident f\u00fchre eine Schattenkampagne, um den ungarischen Ministerpr\u00e4sidenten auszuschalten, erhielt durch [&hellip;]<\/p>\n","protected":false},"author":3,"featured_media":100972,"comment_status":"open","ping_status":"open","sticky":false,"template":"","format":"standard","meta":{"_yoast_indexnow_last_ping":["1774812499"],"wp_automatic_camp":["217"],"82f12297817b5c0f391f7577ba12853f":["Kampf um Ungarn: Die Ukraine-Connection"],"original_link":["https:\/\/de.rt.com\/europa\/274968-kampf-um-ungarn-ukraine-conncetion\/"],"_thumbnail_id":["100972"],"jnews_social_counter_last_update":["1777649019"],"_wptgpro_p2tg_sent2tg":["a:1:{i:23737;s:19:\"2026-03-29 21:29:31\";}"]},"categories":[19,23],"tags":[45,5522,72064,11664],"yoast_head":"<!-- This site is optimized with the Yoast SEO Premium plugin v22.7 (Yoast SEO v22.7) - https:\/\/yoast.com\/wordpress\/plugins\/seo\/ -->\n<title>Kampf um Ungarn: Die Ukraine-Connection - just-now.NEWS Deutschland<\/title>\n<meta name=\"robots\" content=\"index, follow, max-snippet:-1, max-image-preview:large, max-video-preview:-1\" \/>\n<link rel=\"canonical\" href=\"https:\/\/now-news.de\/de\/deutschland\/kampf-um-ungarn-die-ukraine-connection\/\" \/>\n<meta property=\"og:locale\" content=\"de_DE\" \/>\n<meta property=\"og:type\" content=\"article\" \/>\n<meta property=\"og:title\" content=\"Kampf um Ungarn: Die Ukraine-Connection\" \/>\n<meta property=\"og:description\" content=\"Wie eine Razzia des Geheimdienstes eine mutma\u00dfliche Spionageaff\u00e4re innerhalb der ungarischen Opposition aufdeckte und damit die Behauptung untermauerte, dass Kiew sich in die anstehenden ungarischen Wahlen einmischt, um Ministerpr\u00e4sident Viktor Orb\u00e1n aus dem Amt zu bef\u00f6rdern. Eine Analyse der RT-Redaktion Die Behauptung, der ukrainische Pr\u00e4sident f\u00fchre eine Schattenkampagne, um den ungarischen Ministerpr\u00e4sidenten auszuschalten, erhielt durch [&hellip;]\" \/>\n<meta property=\"og:url\" content=\"https:\/\/now-news.de\/de\/deutschland\/kampf-um-ungarn-die-ukraine-connection\/\" \/>\n<meta property=\"og:site_name\" content=\"just-now.NEWS Deutschland\" \/>\n<meta property=\"article:publisher\" content=\"https:\/\/www.facebook.com\/wirmachenauf\" \/>\n<meta property=\"article:published_time\" content=\"2026-03-29T19:16:33+00:00\" \/>\n<meta property=\"og:image\" content=\"https:\/\/now-news.de\/de\/wp-content\/uploads\/sites\/3\/2026\/03\/69c6834748fbef5d0d634911.jpg\" \/>\n<meta name=\"author\" content=\"rtnews\" \/>\n<meta name=\"twitter:card\" content=\"summary_large_image\" \/>\n<meta name=\"twitter:creator\" content=\"@WirMachenAuf_de\" \/>\n<meta name=\"twitter:site\" content=\"@WirMachenAuf_de\" \/>\n<meta name=\"twitter:label1\" content=\"Verfasst von\" \/>\n\t<meta name=\"twitter:data1\" content=\"rtnews\" \/>\n\t<meta name=\"twitter:label2\" content=\"Gesch\u00e4tzte Lesezeit\" \/>\n\t<meta name=\"twitter:data2\" content=\"10\u00a0Minuten\" \/>\n<script type=\"application\/ld+json\" class=\"yoast-schema-graph\">{\"@context\":\"https:\/\/schema.org\",\"@graph\":[{\"@type\":\"Article\",\"@id\":\"https:\/\/now-news.de\/de\/deutschland\/kampf-um-ungarn-die-ukraine-connection\/#article\",\"isPartOf\":{\"@id\":\"https:\/\/now-news.de\/de\/deutschland\/kampf-um-ungarn-die-ukraine-connection\/\"},\"author\":{\"name\":\"rtnews\",\"@id\":\"https:\/\/now-news.de\/de\/#\/schema\/person\/fb534a4e865501d8b3285208df34a9b5\"},\"headline\":\"Kampf um Ungarn: Die Ukraine-Connection\",\"datePublished\":\"2026-03-29T19:16:33+00:00\",\"dateModified\":\"2026-03-29T19:16:33+00:00\",\"mainEntityOfPage\":{\"@id\":\"https:\/\/now-news.de\/de\/deutschland\/kampf-um-ungarn-die-ukraine-connection\/\"},\"wordCount\":1928,\"commentCount\":0,\"publisher\":{\"@id\":\"https:\/\/now-news.de\/de\/#organization\"},\"image\":{\"@id\":\"https:\/\/now-news.de\/de\/deutschland\/kampf-um-ungarn-die-ukraine-connection\/#primaryimage\"},\"thumbnailUrl\":\"https:\/\/now-news.de\/de\/wp-content\/uploads\/sites\/3\/2026\/03\/Kampf-um-Ungarn-Die-Ukraine-Connection.jpg\",\"keywords\":[\"die\",\"Kampf\",\"UkraineConnection\",\"Ungarn\"],\"articleSection\":[\"Deutschland\",\"Russland\"],\"inLanguage\":\"de\",\"potentialAction\":[{\"@type\":\"CommentAction\",\"name\":\"Comment\",\"target\":[\"https:\/\/now-news.de\/de\/deutschland\/kampf-um-ungarn-die-ukraine-connection\/#respond\"]}]},{\"@type\":\"WebPage\",\"@id\":\"https:\/\/now-news.de\/de\/deutschland\/kampf-um-ungarn-die-ukraine-connection\/\",\"url\":\"https:\/\/now-news.de\/de\/deutschland\/kampf-um-ungarn-die-ukraine-connection\/\",\"name\":\"Kampf um Ungarn: Die Ukraine-Connection - just-now.NEWS Deutschland\",\"isPartOf\":{\"@id\":\"https:\/\/now-news.de\/de\/#website\"},\"primaryImageOfPage\":{\"@id\":\"https:\/\/now-news.de\/de\/deutschland\/kampf-um-ungarn-die-ukraine-connection\/#primaryimage\"},\"image\":{\"@id\":\"https:\/\/now-news.de\/de\/deutschland\/kampf-um-ungarn-die-ukraine-connection\/#primaryimage\"},\"thumbnailUrl\":\"https:\/\/now-news.de\/de\/wp-content\/uploads\/sites\/3\/2026\/03\/Kampf-um-Ungarn-Die-Ukraine-Connection.jpg\",\"datePublished\":\"2026-03-29T19:16:33+00:00\",\"dateModified\":\"2026-03-29T19:16:33+00:00\",\"breadcrumb\":{\"@id\":\"https:\/\/now-news.de\/de\/deutschland\/kampf-um-ungarn-die-ukraine-connection\/#breadcrumb\"},\"inLanguage\":\"de\",\"potentialAction\":[{\"@type\":\"ReadAction\",\"target\":[\"https:\/\/now-news.de\/de\/deutschland\/kampf-um-ungarn-die-ukraine-connection\/\"]}]},{\"@type\":\"ImageObject\",\"inLanguage\":\"de\",\"@id\":\"https:\/\/now-news.de\/de\/deutschland\/kampf-um-ungarn-die-ukraine-connection\/#primaryimage\",\"url\":\"https:\/\/now-news.de\/de\/wp-content\/uploads\/sites\/3\/2026\/03\/Kampf-um-Ungarn-Die-Ukraine-Connection.jpg\",\"contentUrl\":\"https:\/\/now-news.de\/de\/wp-content\/uploads\/sites\/3\/2026\/03\/Kampf-um-Ungarn-Die-Ukraine-Connection.jpg\",\"width\":1024,\"height\":683,\"caption\":\"Kampf um Ungarn: Die Ukraine-Connection\"},{\"@type\":\"BreadcrumbList\",\"@id\":\"https:\/\/now-news.de\/de\/deutschland\/kampf-um-ungarn-die-ukraine-connection\/#breadcrumb\",\"itemListElement\":[{\"@type\":\"ListItem\",\"position\":1,\"name\":\"Home\",\"item\":\"https:\/\/now-news.de\/de\/\"},{\"@type\":\"ListItem\",\"position\":2,\"name\":\"Kampf um Ungarn: Die Ukraine-Connection\"}]},{\"@type\":\"WebSite\",\"@id\":\"https:\/\/now-news.de\/de\/#website\",\"url\":\"https:\/\/now-news.de\/de\/\",\"name\":\"just-now.NEWS Deutschland\",\"description\":\"Das Portal f\u00fcr unzensierte Nachrichten aus der Welt\",\"publisher\":{\"@id\":\"https:\/\/now-news.de\/de\/#organization\"},\"potentialAction\":[{\"@type\":\"SearchAction\",\"target\":{\"@type\":\"EntryPoint\",\"urlTemplate\":\"https:\/\/now-news.de\/de\/?s={search_term_string}\"},\"query-input\":\"required name=search_term_string\"}],\"inLanguage\":\"de\"},{\"@type\":\"Organization\",\"@id\":\"https:\/\/now-news.de\/de\/#organization\",\"name\":\"Just Now News\",\"url\":\"https:\/\/now-news.de\/de\/\",\"logo\":{\"@type\":\"ImageObject\",\"inLanguage\":\"de\",\"@id\":\"https:\/\/now-news.de\/de\/#\/schema\/logo\/image\/\",\"url\":\"http:\/\/just-now.news\/de\/wp-content\/uploads\/sites\/3\/2022\/04\/logo500x500.jpg\",\"contentUrl\":\"http:\/\/just-now.news\/de\/wp-content\/uploads\/sites\/3\/2022\/04\/logo500x500.jpg\",\"width\":500,\"height\":500,\"caption\":\"Just Now News\"},\"image\":{\"@id\":\"https:\/\/now-news.de\/de\/#\/schema\/logo\/image\/\"},\"sameAs\":[\"https:\/\/www.facebook.com\/wirmachenauf\",\"https:\/\/x.com\/WirMachenAuf_de\"]},{\"@type\":\"Person\",\"@id\":\"https:\/\/now-news.de\/de\/#\/schema\/person\/fb534a4e865501d8b3285208df34a9b5\",\"name\":\"rtnews\",\"image\":{\"@type\":\"ImageObject\",\"inLanguage\":\"de\",\"@id\":\"https:\/\/now-news.de\/de\/#\/schema\/person\/image\/\",\"url\":\"https:\/\/secure.gravatar.com\/avatar\/82aafea7d8127119dd649515f56e2117?s=96&d=mm&r=g\",\"contentUrl\":\"https:\/\/secure.gravatar.com\/avatar\/82aafea7d8127119dd649515f56e2117?s=96&d=mm&r=g\",\"caption\":\"rtnews\"},\"url\":\"https:\/\/now-news.de\/de\/author\/rnews\/\"}]}<\/script>\n<!-- \/ Yoast SEO Premium plugin. -->","yoast_head_json":{"title":"Kampf um Ungarn: Die Ukraine-Connection - just-now.NEWS Deutschland","robots":{"index":"index","follow":"follow","max-snippet":"max-snippet:-1","max-image-preview":"max-image-preview:large","max-video-preview":"max-video-preview:-1"},"canonical":"https:\/\/now-news.de\/de\/deutschland\/kampf-um-ungarn-die-ukraine-connection\/","og_locale":"de_DE","og_type":"article","og_title":"Kampf um Ungarn: Die Ukraine-Connection","og_description":"Wie eine Razzia des Geheimdienstes eine mutma\u00dfliche Spionageaff\u00e4re innerhalb der ungarischen Opposition aufdeckte und damit die Behauptung untermauerte, dass Kiew sich in die anstehenden ungarischen Wahlen einmischt, um Ministerpr\u00e4sident Viktor Orb\u00e1n aus dem Amt zu bef\u00f6rdern. Eine Analyse der RT-Redaktion Die Behauptung, der ukrainische Pr\u00e4sident f\u00fchre eine Schattenkampagne, um den ungarischen Ministerpr\u00e4sidenten auszuschalten, erhielt durch [&hellip;]","og_url":"https:\/\/now-news.de\/de\/deutschland\/kampf-um-ungarn-die-ukraine-connection\/","og_site_name":"just-now.NEWS Deutschland","article_publisher":"https:\/\/www.facebook.com\/wirmachenauf","article_published_time":"2026-03-29T19:16:33+00:00","og_image":[{"url":"https:\/\/now-news.de\/de\/wp-content\/uploads\/sites\/3\/2026\/03\/69c6834748fbef5d0d634911.jpg"}],"author":"rtnews","twitter_card":"summary_large_image","twitter_creator":"@WirMachenAuf_de","twitter_site":"@WirMachenAuf_de","twitter_misc":{"Verfasst von":"rtnews","Gesch\u00e4tzte Lesezeit":"10\u00a0Minuten"},"schema":{"@context":"https:\/\/schema.org","@graph":[{"@type":"Article","@id":"https:\/\/now-news.de\/de\/deutschland\/kampf-um-ungarn-die-ukraine-connection\/#article","isPartOf":{"@id":"https:\/\/now-news.de\/de\/deutschland\/kampf-um-ungarn-die-ukraine-connection\/"},"author":{"name":"rtnews","@id":"https:\/\/now-news.de\/de\/#\/schema\/person\/fb534a4e865501d8b3285208df34a9b5"},"headline":"Kampf um Ungarn: Die Ukraine-Connection","datePublished":"2026-03-29T19:16:33+00:00","dateModified":"2026-03-29T19:16:33+00:00","mainEntityOfPage":{"@id":"https:\/\/now-news.de\/de\/deutschland\/kampf-um-ungarn-die-ukraine-connection\/"},"wordCount":1928,"commentCount":0,"publisher":{"@id":"https:\/\/now-news.de\/de\/#organization"},"image":{"@id":"https:\/\/now-news.de\/de\/deutschland\/kampf-um-ungarn-die-ukraine-connection\/#primaryimage"},"thumbnailUrl":"https:\/\/now-news.de\/de\/wp-content\/uploads\/sites\/3\/2026\/03\/Kampf-um-Ungarn-Die-Ukraine-Connection.jpg","keywords":["die","Kampf","UkraineConnection","Ungarn"],"articleSection":["Deutschland","Russland"],"inLanguage":"de","potentialAction":[{"@type":"CommentAction","name":"Comment","target":["https:\/\/now-news.de\/de\/deutschland\/kampf-um-ungarn-die-ukraine-connection\/#respond"]}]},{"@type":"WebPage","@id":"https:\/\/now-news.de\/de\/deutschland\/kampf-um-ungarn-die-ukraine-connection\/","url":"https:\/\/now-news.de\/de\/deutschland\/kampf-um-ungarn-die-ukraine-connection\/","name":"Kampf um Ungarn: Die Ukraine-Connection - just-now.NEWS Deutschland","isPartOf":{"@id":"https:\/\/now-news.de\/de\/#website"},"primaryImageOfPage":{"@id":"https:\/\/now-news.de\/de\/deutschland\/kampf-um-ungarn-die-ukraine-connection\/#primaryimage"},"image":{"@id":"https:\/\/now-news.de\/de\/deutschland\/kampf-um-ungarn-die-ukraine-connection\/#primaryimage"},"thumbnailUrl":"https:\/\/now-news.de\/de\/wp-content\/uploads\/sites\/3\/2026\/03\/Kampf-um-Ungarn-Die-Ukraine-Connection.jpg","datePublished":"2026-03-29T19:16:33+00:00","dateModified":"2026-03-29T19:16:33+00:00","breadcrumb":{"@id":"https:\/\/now-news.de\/de\/deutschland\/kampf-um-ungarn-die-ukraine-connection\/#breadcrumb"},"inLanguage":"de","potentialAction":[{"@type":"ReadAction","target":["https:\/\/now-news.de\/de\/deutschland\/kampf-um-ungarn-die-ukraine-connection\/"]}]},{"@type":"ImageObject","inLanguage":"de","@id":"https:\/\/now-news.de\/de\/deutschland\/kampf-um-ungarn-die-ukraine-connection\/#primaryimage","url":"https:\/\/now-news.de\/de\/wp-content\/uploads\/sites\/3\/2026\/03\/Kampf-um-Ungarn-Die-Ukraine-Connection.jpg","contentUrl":"https:\/\/now-news.de\/de\/wp-content\/uploads\/sites\/3\/2026\/03\/Kampf-um-Ungarn-Die-Ukraine-Connection.jpg","width":1024,"height":683,"caption":"Kampf um Ungarn: Die Ukraine-Connection"},{"@type":"BreadcrumbList","@id":"https:\/\/now-news.de\/de\/deutschland\/kampf-um-ungarn-die-ukraine-connection\/#breadcrumb","itemListElement":[{"@type":"ListItem","position":1,"name":"Home","item":"https:\/\/now-news.de\/de\/"},{"@type":"ListItem","position":2,"name":"Kampf um Ungarn: Die Ukraine-Connection"}]},{"@type":"WebSite","@id":"https:\/\/now-news.de\/de\/#website","url":"https:\/\/now-news.de\/de\/","name":"just-now.NEWS Deutschland","description":"Das Portal f\u00fcr unzensierte Nachrichten aus der Welt","publisher":{"@id":"https:\/\/now-news.de\/de\/#organization"},"potentialAction":[{"@type":"SearchAction","target":{"@type":"EntryPoint","urlTemplate":"https:\/\/now-news.de\/de\/?s={search_term_string}"},"query-input":"required name=search_term_string"}],"inLanguage":"de"},{"@type":"Organization","@id":"https:\/\/now-news.de\/de\/#organization","name":"Just Now News","url":"https:\/\/now-news.de\/de\/","logo":{"@type":"ImageObject","inLanguage":"de","@id":"https:\/\/now-news.de\/de\/#\/schema\/logo\/image\/","url":"http:\/\/just-now.news\/de\/wp-content\/uploads\/sites\/3\/2022\/04\/logo500x500.jpg","contentUrl":"http:\/\/just-now.news\/de\/wp-content\/uploads\/sites\/3\/2022\/04\/logo500x500.jpg","width":500,"height":500,"caption":"Just Now News"},"image":{"@id":"https:\/\/now-news.de\/de\/#\/schema\/logo\/image\/"},"sameAs":["https:\/\/www.facebook.com\/wirmachenauf","https:\/\/x.com\/WirMachenAuf_de"]},{"@type":"Person","@id":"https:\/\/now-news.de\/de\/#\/schema\/person\/fb534a4e865501d8b3285208df34a9b5","name":"rtnews","image":{"@type":"ImageObject","inLanguage":"de","@id":"https:\/\/now-news.de\/de\/#\/schema\/person\/image\/","url":"https:\/\/secure.gravatar.com\/avatar\/82aafea7d8127119dd649515f56e2117?s=96&d=mm&r=g","contentUrl":"https:\/\/secure.gravatar.com\/avatar\/82aafea7d8127119dd649515f56e2117?s=96&d=mm&r=g","caption":"rtnews"},"url":"https:\/\/now-news.de\/de\/author\/rnews\/"}]}},"_links":{"self":[{"href":"https:\/\/now-news.de\/de\/wp-json\/wp\/v2\/posts\/100971"}],"collection":[{"href":"https:\/\/now-news.de\/de\/wp-json\/wp\/v2\/posts"}],"about":[{"href":"https:\/\/now-news.de\/de\/wp-json\/wp\/v2\/types\/post"}],"author":[{"embeddable":true,"href":"https:\/\/now-news.de\/de\/wp-json\/wp\/v2\/users\/3"}],"replies":[{"embeddable":true,"href":"https:\/\/now-news.de\/de\/wp-json\/wp\/v2\/comments?post=100971"}],"version-history":[{"count":0,"href":"https:\/\/now-news.de\/de\/wp-json\/wp\/v2\/posts\/100971\/revisions"}],"wp:featuredmedia":[{"embeddable":true,"href":"https:\/\/now-news.de\/de\/wp-json\/wp\/v2\/media\/100972"}],"wp:attachment":[{"href":"https:\/\/now-news.de\/de\/wp-json\/wp\/v2\/media?parent=100971"}],"wp:term":[{"taxonomy":"category","embeddable":true,"href":"https:\/\/now-news.de\/de\/wp-json\/wp\/v2\/categories?post=100971"},{"taxonomy":"post_tag","embeddable":true,"href":"https:\/\/now-news.de\/de\/wp-json\/wp\/v2\/tags?post=100971"}],"curies":[{"name":"wp","href":"https:\/\/api.w.org\/{rel}","templated":true}]}}