{"id":100969,"date":"2026-03-29T19:45:25","date_gmt":"2026-03-29T17:45:25","guid":{"rendered":"https:\/\/now-news.de\/de\/deutschland\/berliner-hamas-prozess-eine-farce-mit-wunschurteil-teil-1\/"},"modified":"2026-03-29T19:45:25","modified_gmt":"2026-03-29T17:45:25","slug":"berliner-hamas-prozess-eine-farce-mit-wunschurteil-teil-1","status":"publish","type":"post","link":"https:\/\/now-news.de\/de\/deutschland\/berliner-hamas-prozess-eine-farce-mit-wunschurteil-teil-1\/","title":{"rendered":"Berliner Hamas-Prozess: Eine Farce mit Wunschurteil (Teil 1)"},"content":{"rendered":"<p><img decoding=\"async\" src=\"https:\/\/now-news.de\/de\/wp-content\/uploads\/sites\/3\/2026\/03\/69c6d5d6b480cc39f6221222.jpg\" \/><\/p>\n<div class=\"Text-root Text-type_1 \">\n                \u00dcber ein Jahr lang standen vier M\u00e4nner in Berlin vor Gericht, die im Dezember 2023 als angebliche Hamas-Mitglieder verhaftet wurden. Die Leitmedien tun so, als sei dieses Verfahren ordentlich verlaufen. In Wirklichkeit sprach es jeder Rechtsstaatlichkeit Hohn.\n            <\/div>\n<p><\/p>\n<div class=\"Text-root Text-type_5 ArticleView-text ViewText-root \">\n<p><em>Von Dagmar Henn<\/em><\/p>\n<p>Inzwischen liegt der gro\u00dfe RAF-Prozess in Stuttgart-Stammheim beinahe 50 Jahre zur\u00fcck; da kann man den heutigen Juristen und Medienvertretern kaum mehr einen Vorwurf machen, dass sie davon nichts mehr wissen. Dass ihnen nicht mehr bewusst ist, wie sehr damals bereits die Einf\u00fchrung des Straftatbestands &#8220;Mitgliedschaft in einer terroristischen Organisation&#8221; als Bruch wahrgenommen wurde. Oder mit wie viel Aufmerksamkeit der Prozess damals begleitet wurde, Tag f\u00fcr Tag.<\/p>\n<p>Zwei der Anw\u00e4lte, Otto Schily und Hans-Christian Str\u00f6bele, machten anschlie\u00dfend politische Karriere. Filme und B\u00fccher berichten von dem Verfahren, das damals die ganze Republik in Bann hielt. Und jede juristische Auseinandersetzung wurde mit h\u00f6chster Aufmerksamkeit verfolgt.<\/p>\n<p>Davon kann beim eben beendeten Hamas-Prozess am Berliner Kammergericht nicht die Rede sein. Dank der ausf\u00fchrlichen Aufzeichnungen der Prozessbeobachterin Katrin Wohlgemuth ist belegt, dass das Interesse der Presse nur den ersten und den letzten Tag der Verhandlungen betraf. Dem Prozess selbst zu folgen oder gar eine kritische Sicht auf die Vorhaltungen zu entwickeln, war anscheinend nicht so wichtig.<\/p>\n<p>Katrin Wohlgemuth hat \u00fcbrigens bis auf einen alle 50 Verhandlungstage verfolgt; ihr Protokoll verzeichnet nicht nur den Ablauf, sondern auch, wie diese Erfahrung mit ihren Erwartungen an Rechtsprechung und Wahrheitsfindung kollidierte, und was diese Kollision in ihr ausl\u00f6ste. N\u00fcchtern beobachtet, nicht gef\u00fchlig; aber mit einem feinen Gesp\u00fcr daf\u00fcr, was dieses Vorgehen eigentlich f\u00fcr die Gesellschaft und ihre Menschlichkeit bedeutet. Es w\u00e4re sehr zu hoffen, dass diese Aufzeichnungen auch im heutigen Deutschland noch einen Verlag finden.<\/p>\n<p>Aber fassen wir erst einmal die Rohdaten zusammen. Im Dezember 2023 wurden vier M\u00e4nner festgenommen, drei in Deutschland, einer in den Niederlanden, wegen des Vorwurfs, Mitglieder der Hamas zu sein, die vermeintlich Terroranschl\u00e4ge in Europa plante. Im Januar 2025 begann der Prozess; am 25. M\u00e4rz wurden die Urteile gesprochen \u2013 zwischen f\u00fcnf und sieben Jahren Haft hatte die Staatsanwaltschaft gefordert, zwischen vier und sechs Jahren lagen am Ende die Urteile. Die wahre Beute war aber wohl, dass nun ein deutsches Gericht Angeklagte als vermeintliche Hamas-Mitglieder wegen Mitgliedschaft in einer terroristischen Vereinigung verurteilt hat. Das wird erst einmal all die anderen Verfahren erleichtern, wie all jene wegen der Parole &#8220;From the River to the Sea&#8221;.<\/p>\n<p>&#8220;Die Hamas ist unzweifelhaft eine Terrororganisation&#8221;, wird die vorsitzende Richterin quer durch die Medien zitiert. Wenn man allerdings den Ablauf des Verfahrens betrachtet, zweifelt man nicht nur an der Einstufung der Hamas oder der Schuld der Angeklagten, man zweifelt mindestens ebenso sehr an der Qualifikation der beteiligten Richter.<\/p>\n<p>Selbst wenn man die ganze Anklage mit viel gutem Willen betrachtet, war sie bestenfalls l\u00f6chrig. Das ganze Verfahren beruhte auf einer Reihe von Behauptungen. Die erste davon, dass die Hamas beschlossen habe, Terrorakte in Europa zu begehen, hat, so legen es die Aussagen im Verfahren nahe, ihren Ursprung wohl in den Reihen des israelischen Geheimdienstes Mossad.<\/p>\n<p>Selbst wenn man ausblendet, dass der Mossad nicht notwendigerweise die Wahrheit erz\u00e4hlt, weil er ebenso sehr politisches Instrument ist wie Nachrichtendienst, und in seinem Vorgehen selbst eher einer Terrororganisation gleicht (man denke an die Pageranschl\u00e4ge im Libanon, die Kinder und andere Unbeteiligte verst\u00fcmmelten und t\u00f6teten)\u00a0\u2013 das Urteil wurde immerhin \u00fcber zwei Jahre nach der Festnahme gesprochen; in diesem Zeitraum haben die Fakten eigentlich l\u00e4ngst belegt, ob diese Behauptung zutraf oder nicht. Nachdem es in Europa keine Welle von Terroranschl\u00e4gen gab, zu denen sich die Hamas bekannt hat, oder die ihr auch nur zugeschrieben wurden, sollte man davon ausgehen, dass vernunftbegabte Menschen diesen Punkt als widerlegt zu den Akten nehmen. Mitnichten. Das Urteil behandelt diese Behauptung so, als sei sie nach wie vor valide.<\/p>\n<p>Die n\u00e4chste Behauptung bezieht sich auf einen Mann im Libanon, Khalil Al Kharraz, mit dem alle Angeklagten mehr oder weniger verwandt waren. Die Anklage behauptet, er sei ein hochrangiger Kommandeur der Kassam-Brigaden gewesen, also des milit\u00e4rischen Arms der Hamas. Belege daf\u00fcr? Eigentlich nur die Tatsache, dass bei seiner Beerdigung eine Reihe von M\u00e4nnern mit gr\u00fcnen Baseballm\u00fctzen den Sarg getragen hat. Die allerdings nicht so aussehen wie M\u00e4nner auf anderen Begr\u00e4bnissen, bei denen es um bekannte Kommandeure ging \u2013 die sind n\u00e4mlich \u00fcblicherweise vermummt. Eine Best\u00e4tigung durch die Hamas, dass Al Kharraz, der in einem pal\u00e4stinensischen Fl\u00fcchtlingslager im Libanon lebte, einen Rang in ihrem milit\u00e4rischen Arm hatte, gibt es nicht. Was verwundert, denn es ist in dieser Umgebung keine Schande, ganz im Gegenteil, und wird gerade bei jenen, die durch israelische Angriffe umkommen, stolz verk\u00fcndet, wenn auch manchmal mit Verz\u00f6gerung.<\/p>\n<p>Die Anwesenheit eines der Angeklagten bei dieser Beerdigung dient als Beleg daf\u00fcr, dass Al Kharraz den vier M\u00e4nnern Anweisungen erteilt haben soll, Anschl\u00e4ge vorzubereiten. Obwohl bei allen vier Handys und Rechner beschlagnahmt und sie teilweise schon vor der Festnahme abgeh\u00f6rt wurden, wurde kein Beweis daf\u00fcr vorgelegt. Es gibt keine Anschlagspl\u00e4ne, die irgendwo verzeichnet wurden; das H\u00f6chste der Gef\u00fchle sind Geodaten aus Polen oder aus Malm\u00f6 und von der israelischen Botschaft, die auch nur belegen, dass sich jemand das mal angesehen hat.<\/p>\n<p>Was die vier mit Terror in Verbindung bringen soll, sind vermeintliche Waffendepots, von denen genau eines tats\u00e4chlich existierte \u2013 in Bulgarien. Dieses wurde von einem der Verd\u00e4chtigen aufgesucht; im Verfahren beschreibt ein BKA-Zeuge: &#8220;Die gefundene Munition passte nicht alles zu den gefundenen Waffen und war zum Teil auch unbrauchbar. Der Schalld\u00e4mpfer passte ebenfalls zu keiner der Waffen.&#8221; Sie h\u00e4tten die Waffen zu einem H\u00e4ndler zur\u00fcckverfolgt, der sie zuvor \u2013 protokolliert \u2013 in Anwesenheit eines Polizisten durch einen Waffenmeister hatte unbrauchbar machen lassen. Genauere Angaben zu dieser Deaktivierung konnte er nicht machen.<\/p>\n<p>Diese Waffen hat also einer der Angeklagten ausgegraben, fotografiert und wieder eingegraben. Die Anklage bestand zwar darauf, man habe zumindest einen Teil dieser Waffen wieder brauchbar machen k\u00f6nnen; das allerdings sind F\u00e4higkeiten, f\u00fcr die man genauere Kenntnisse ben\u00f6tigt, und es wurde im Verfahren nicht nur nicht nachgewiesen, sondern nicht einmal danach gefragt, ob einer der vier diese Kenntnisse\u00a0\u00fcberhaupt\u00a0besitze.<\/p>\n<p>Die \u00fcbrigen angeblichen Waffenlager in einem Wald in Polen und in D\u00e4nemark wurden nie gefunden. Nicht von den Angeklagten, die angeblich mehrmals nach Polen gefahren sein sollen, um sie zu suchen, noch von den Ermittlern. Dennoch wird weiterhin vorausgesetzt, dass es sie gibt und dass die Fahrten, die aus Handydaten und \u00dcberwachungskameras rekonstruiert wurden, der Suche nach diesen Waffenlagern dienen mussten.<\/p>\n<p>Die Frage der Waffenlager hat \u00fcbrigens einer der Anw\u00e4lte in seinem Schlusspl\u00e4doyer sehr treffend beantwortet (zitiert nach den Aufzeichnungen Wohlgemuths): &#8220;Laut ihm ist es bekannt, dass auf der Sonnenallee Waffen einfach zu kaufen sind und die dann nicht verrostet sind und weder eine weite Anreise noch Buddeln n\u00f6tig w\u00e4ren.&#8221;<\/p>\n<p>Nebenbei: Unter den in Berlin bekannten kriminellen Clans finden sich auch Pal\u00e4stinenser, wie der Abou-Chaker-Clan. Allzu kompliziert w\u00e4re es f\u00fcr die Angeklagten nicht gewesen, in Berlin selbst an Waffen zu kommen, ganz zu schweigen davon, dass der Zustrom aus der Ukraine das sicher noch erleichtert hat. Und das, was sich im bulgarischen Depot befand, ging nicht \u00fcber eine \u2013 nicht einsatzf\u00e4hige \u2013 Kalaschnikow hinaus. Keine Rede von M\u00f6rsern oder Panzerf\u00e4usten. Oder von Sprengstoffen. Die man vermutlich auch leichter finden k\u00f6nnte, wenn man mit einem Metalldetektor durch das Oderbruch spaziert.<\/p>\n<p>Der wirklich einzige Grund, warum eine fiktive Auslandszelle der Kassam-Brigaden Altwaffen im Wald ausbuddeln muss, statt sie auf dem Markt zu kaufen, ob auf der Sonnenstra\u00dfe oder andernorts, w\u00e4re, dass ihr das erforderliche Geld fehlt. Ergibt das Sinn, dass die Kassam-Brigaden die Strategie beschlie\u00dfen, Anschl\u00e4ge in Europa zu ver\u00fcben, sogar eine Gruppe von M\u00e4nnern damit beauftragen, aber deren Bewaffnung und damit die Umsetzbarkeit geplanter Anschl\u00e4ge von dem Zufall abh\u00e4ngig machen, ob sie ein vermeintliches Waffenlager in einem polnischen Wald ausfindig machen? Und warum \u00fcberhaupt\u00a0h\u00e4tte die Hamas oder vielmehr ihr milit\u00e4rischer Arm diese Lager zuvor anlegen sollen?<\/p>\n<p>Das war alles kein Thema im Prozess. Genauso wenig wie das Problem, dass rein digitale Daten eigentlich sehr kritisch betrachtet werden m\u00fcssen, da sie nun einmal grunds\u00e4tzlich ver\u00e4nderbar sind. Auch da ist nicht klar, wer die Verd\u00e4chtigen vor der Festnahme observiert und abgeh\u00f6rt hat. War es bereits das BKA? War es der Verfassungsschutz? Und wie wurde, wenn diese Daten weitergereicht wurden, sichergestellt, dass es sich um die Originaldaten handelt?<\/p>\n<p>An einem dieser f\u00fcnfzig Tage wird eine Regierungsdirektorin vom Bundesamt f\u00fcr Verfassungsschutz befragt, mit Dienstsitz Berlin. Die Referatsgruppenleiterin f\u00fcr Islamismus. Sie vertritt die These der in Europa geplanten Anschl\u00e4ge. Das habe man aus mehreren Quellen. Wie vielen? Wei\u00df sie nicht. Die Zugeh\u00f6rigkeit der Angeklagten zur Hamas komme von mehreren Quellen anderer Dienste. Von welchen?<\/p>\n<p>Sie kann es nicht sagen oder sie wei\u00df es nicht. Die zentrale Behauptung der Anklage, die eine Verurteilung nach dem Paragrafen 129b Strafgesetzbuch \u00fcberhaupt erst erm\u00f6glicht, beruht auf einer unscharfen Aussage einer Verfassungssch\u00fctzerin, die nicht \u00fcberpr\u00fcft werden darf, weil der eigentliche Ursprung der Information geheim ist. Die Behauptung, dass Al Kharraz zu den Kassam-Brigaden geh\u00f6rte, stammt von einer ausl\u00e4ndischen Quelle: &#8220;Diese Infos wurden an das BfV herangetragen.&#8221; Sie redet immer nur von einem &#8220;Partnerdienst&#8221;, einer &#8220;Fremdquelle&#8221;.<\/p>\n<p>Der Trick bei den beiden Paragrafen\u00a0129a und 129b\u00a0zur &#8220;terroristischen Vereinigung&#8221; ist, dass eine individuelle Beteiligung an einer konkreten Straftat nicht mehr nachgewiesen werden muss. Es gen\u00fcgt die Mitgliedschaft in einer Gruppe. Allerdings: Ist eine Aussage einer Beamtin des Verfassungsschutzes, die sich auf noch weiter entfernte Quellen beruft, die \u00fcberwiegend nicht einmal ihre eigenen, sondern die eines weiteren, ungenannten Dienstes sind, die allesamt nicht von der Verteidigung ins Kreuzverh\u00f6r genommen werden k\u00f6nnen, deren Aussagen nicht auf ihre Stichhaltigkeit und auf m\u00f6gliche Widerspr\u00fcche \u00fcberpr\u00fcft werden k\u00f6nnen, ausreichend, um den Angeklagten eine mehrj\u00e4hrige Haftstrafe wegen &#8220;Mitgliedschaft in einer terroristischen Vereinigung&#8221; zu verpassen?<\/p>\n<p><em>Zu Teil 2<\/em><\/p>\n<p>Mehr zum Thema &#8211;\u00a0<a rel=\"nofollow\" target=\"_blank\" href=\"https:\/\/freedert.online\/inland\/269849-from-the-river-to-the\/\">&#8220;From the River to the Sea&#8221; \u2013 zwei Oberlandesgerichte bewerten die Losung<\/a><\/p>\n<div class=\"EmbedBlock-root EmbedBlock-externalVideo EmbedBlock-rumble\">\n<div class=\"VkEmbed\"><iframe class=\"lazyload\" data-src=\"https:\/\/rumble.com\/embed\/v74tync\" frameborder=\"0\" width=\"853\" height=\"480\" allowfullscreen><\/iframe><\/div>\n<\/div>\n<\/div>\n<p><br \/>\n<br \/><a href=\"https:\/\/de.rt.com\/meinung\/275046-berliner-hamas-prozess-farce-mit\/\">Source link <\/a><\/p>\n","protected":false},"excerpt":{"rendered":"<p>\u00dcber ein Jahr lang standen vier M\u00e4nner in Berlin vor Gericht, die im Dezember 2023 als angebliche Hamas-Mitglieder verhaftet wurden. Die Leitmedien tun so, als sei dieses Verfahren ordentlich verlaufen. In Wirklichkeit sprach es jeder Rechtsstaatlichkeit Hohn. Von Dagmar Henn Inzwischen liegt der gro\u00dfe RAF-Prozess in Stuttgart-Stammheim beinahe 50 Jahre zur\u00fcck; da kann man den [&hellip;]<\/p>\n","protected":false},"author":3,"featured_media":100970,"comment_status":"open","ping_status":"open","sticky":false,"template":"","format":"standard","meta":{"_yoast_indexnow_last_ping":["1774806733"],"wp_automatic_camp":["217"],"02e66cb95fcd200ecde8dc410613e57b":["Berliner Hamas-Prozess: Eine Farce mit Wunschurteil (Teil 1)"],"original_link":["https:\/\/de.rt.com\/meinung\/275046-berliner-hamas-prozess-farce-mit\/"],"_thumbnail_id":["100970"],"jnews_social_counter_last_update":["1777312672"],"_wptgpro_p2tg_sent2tg":["a:1:{i:23737;s:19:\"2026-03-29 19:53:22\";}"]},"categories":[19,23],"tags":[9101,275,27494,72062,419,3240,72063],"yoast_head":"<!-- This site is optimized with the Yoast SEO Premium plugin v22.7 (Yoast SEO v22.7) - https:\/\/yoast.com\/wordpress\/plugins\/seo\/ -->\n<title>Berliner Hamas-Prozess: Eine Farce mit Wunschurteil (Teil 1) - just-now.NEWS Deutschland<\/title>\n<meta name=\"robots\" content=\"index, follow, max-snippet:-1, max-image-preview:large, max-video-preview:-1\" \/>\n<link rel=\"canonical\" href=\"https:\/\/now-news.de\/de\/deutschland\/berliner-hamas-prozess-eine-farce-mit-wunschurteil-teil-1\/\" \/>\n<meta property=\"og:locale\" content=\"de_DE\" \/>\n<meta property=\"og:type\" content=\"article\" \/>\n<meta property=\"og:title\" content=\"Berliner Hamas-Prozess: Eine Farce mit Wunschurteil (Teil 1)\" \/>\n<meta property=\"og:description\" content=\"\u00dcber ein Jahr lang standen vier M\u00e4nner in Berlin vor Gericht, die im Dezember 2023 als angebliche Hamas-Mitglieder verhaftet wurden. Die Leitmedien tun so, als sei dieses Verfahren ordentlich verlaufen. In Wirklichkeit sprach es jeder Rechtsstaatlichkeit Hohn. Von Dagmar Henn Inzwischen liegt der gro\u00dfe RAF-Prozess in Stuttgart-Stammheim beinahe 50 Jahre zur\u00fcck; da kann man den [&hellip;]\" \/>\n<meta property=\"og:url\" content=\"https:\/\/now-news.de\/de\/deutschland\/berliner-hamas-prozess-eine-farce-mit-wunschurteil-teil-1\/\" \/>\n<meta property=\"og:site_name\" content=\"just-now.NEWS Deutschland\" \/>\n<meta property=\"article:publisher\" content=\"https:\/\/www.facebook.com\/wirmachenauf\" \/>\n<meta property=\"article:published_time\" content=\"2026-03-29T17:45:25+00:00\" \/>\n<meta property=\"og:image\" content=\"https:\/\/now-news.de\/de\/wp-content\/uploads\/sites\/3\/2026\/03\/69c6d5d6b480cc39f6221222.jpg\" \/>\n<meta name=\"author\" content=\"rtnews\" \/>\n<meta name=\"twitter:card\" content=\"summary_large_image\" \/>\n<meta name=\"twitter:creator\" content=\"@WirMachenAuf_de\" \/>\n<meta name=\"twitter:site\" content=\"@WirMachenAuf_de\" \/>\n<meta name=\"twitter:label1\" content=\"Verfasst von\" \/>\n\t<meta name=\"twitter:data1\" content=\"rtnews\" \/>\n\t<meta name=\"twitter:label2\" content=\"Gesch\u00e4tzte Lesezeit\" \/>\n\t<meta name=\"twitter:data2\" content=\"8\u00a0Minuten\" \/>\n<script type=\"application\/ld+json\" class=\"yoast-schema-graph\">{\"@context\":\"https:\/\/schema.org\",\"@graph\":[{\"@type\":\"Article\",\"@id\":\"https:\/\/now-news.de\/de\/deutschland\/berliner-hamas-prozess-eine-farce-mit-wunschurteil-teil-1\/#article\",\"isPartOf\":{\"@id\":\"https:\/\/now-news.de\/de\/deutschland\/berliner-hamas-prozess-eine-farce-mit-wunschurteil-teil-1\/\"},\"author\":{\"name\":\"rtnews\",\"@id\":\"https:\/\/now-news.de\/de\/#\/schema\/person\/fb534a4e865501d8b3285208df34a9b5\"},\"headline\":\"Berliner Hamas-Prozess: Eine Farce mit Wunschurteil (Teil 1)\",\"datePublished\":\"2026-03-29T17:45:25+00:00\",\"dateModified\":\"2026-03-29T17:45:25+00:00\",\"mainEntityOfPage\":{\"@id\":\"https:\/\/now-news.de\/de\/deutschland\/berliner-hamas-prozess-eine-farce-mit-wunschurteil-teil-1\/\"},\"wordCount\":1704,\"commentCount\":0,\"publisher\":{\"@id\":\"https:\/\/now-news.de\/de\/#organization\"},\"image\":{\"@id\":\"https:\/\/now-news.de\/de\/deutschland\/berliner-hamas-prozess-eine-farce-mit-wunschurteil-teil-1\/#primaryimage\"},\"thumbnailUrl\":\"https:\/\/now-news.de\/de\/wp-content\/uploads\/sites\/3\/2026\/03\/Berliner-Hamas-Prozess-Eine-Farce-mit-Wunschurteil-Teil-1.jpg\",\"keywords\":[\"Berliner\",\"eine\",\"Farce\",\"HamasProzess\",\"mit\",\"Teil\",\"Wunschurteil\"],\"articleSection\":[\"Deutschland\",\"Russland\"],\"inLanguage\":\"de\",\"potentialAction\":[{\"@type\":\"CommentAction\",\"name\":\"Comment\",\"target\":[\"https:\/\/now-news.de\/de\/deutschland\/berliner-hamas-prozess-eine-farce-mit-wunschurteil-teil-1\/#respond\"]}]},{\"@type\":\"WebPage\",\"@id\":\"https:\/\/now-news.de\/de\/deutschland\/berliner-hamas-prozess-eine-farce-mit-wunschurteil-teil-1\/\",\"url\":\"https:\/\/now-news.de\/de\/deutschland\/berliner-hamas-prozess-eine-farce-mit-wunschurteil-teil-1\/\",\"name\":\"Berliner Hamas-Prozess: Eine Farce mit Wunschurteil (Teil 1) - just-now.NEWS Deutschland\",\"isPartOf\":{\"@id\":\"https:\/\/now-news.de\/de\/#website\"},\"primaryImageOfPage\":{\"@id\":\"https:\/\/now-news.de\/de\/deutschland\/berliner-hamas-prozess-eine-farce-mit-wunschurteil-teil-1\/#primaryimage\"},\"image\":{\"@id\":\"https:\/\/now-news.de\/de\/deutschland\/berliner-hamas-prozess-eine-farce-mit-wunschurteil-teil-1\/#primaryimage\"},\"thumbnailUrl\":\"https:\/\/now-news.de\/de\/wp-content\/uploads\/sites\/3\/2026\/03\/Berliner-Hamas-Prozess-Eine-Farce-mit-Wunschurteil-Teil-1.jpg\",\"datePublished\":\"2026-03-29T17:45:25+00:00\",\"dateModified\":\"2026-03-29T17:45:25+00:00\",\"breadcrumb\":{\"@id\":\"https:\/\/now-news.de\/de\/deutschland\/berliner-hamas-prozess-eine-farce-mit-wunschurteil-teil-1\/#breadcrumb\"},\"inLanguage\":\"de\",\"potentialAction\":[{\"@type\":\"ReadAction\",\"target\":[\"https:\/\/now-news.de\/de\/deutschland\/berliner-hamas-prozess-eine-farce-mit-wunschurteil-teil-1\/\"]}]},{\"@type\":\"ImageObject\",\"inLanguage\":\"de\",\"@id\":\"https:\/\/now-news.de\/de\/deutschland\/berliner-hamas-prozess-eine-farce-mit-wunschurteil-teil-1\/#primaryimage\",\"url\":\"https:\/\/now-news.de\/de\/wp-content\/uploads\/sites\/3\/2026\/03\/Berliner-Hamas-Prozess-Eine-Farce-mit-Wunschurteil-Teil-1.jpg\",\"contentUrl\":\"https:\/\/now-news.de\/de\/wp-content\/uploads\/sites\/3\/2026\/03\/Berliner-Hamas-Prozess-Eine-Farce-mit-Wunschurteil-Teil-1.jpg\",\"width\":460,\"height\":259,\"caption\":\"Berliner Hamas-Prozess: Eine Farce mit Wunschurteil (Teil 1)\"},{\"@type\":\"BreadcrumbList\",\"@id\":\"https:\/\/now-news.de\/de\/deutschland\/berliner-hamas-prozess-eine-farce-mit-wunschurteil-teil-1\/#breadcrumb\",\"itemListElement\":[{\"@type\":\"ListItem\",\"position\":1,\"name\":\"Home\",\"item\":\"https:\/\/now-news.de\/de\/\"},{\"@type\":\"ListItem\",\"position\":2,\"name\":\"Berliner Hamas-Prozess: Eine Farce mit Wunschurteil (Teil 1)\"}]},{\"@type\":\"WebSite\",\"@id\":\"https:\/\/now-news.de\/de\/#website\",\"url\":\"https:\/\/now-news.de\/de\/\",\"name\":\"just-now.NEWS Deutschland\",\"description\":\"Das Portal f\u00fcr unzensierte Nachrichten aus der Welt\",\"publisher\":{\"@id\":\"https:\/\/now-news.de\/de\/#organization\"},\"potentialAction\":[{\"@type\":\"SearchAction\",\"target\":{\"@type\":\"EntryPoint\",\"urlTemplate\":\"https:\/\/now-news.de\/de\/?s={search_term_string}\"},\"query-input\":\"required name=search_term_string\"}],\"inLanguage\":\"de\"},{\"@type\":\"Organization\",\"@id\":\"https:\/\/now-news.de\/de\/#organization\",\"name\":\"Just Now News\",\"url\":\"https:\/\/now-news.de\/de\/\",\"logo\":{\"@type\":\"ImageObject\",\"inLanguage\":\"de\",\"@id\":\"https:\/\/now-news.de\/de\/#\/schema\/logo\/image\/\",\"url\":\"http:\/\/just-now.news\/de\/wp-content\/uploads\/sites\/3\/2022\/04\/logo500x500.jpg\",\"contentUrl\":\"http:\/\/just-now.news\/de\/wp-content\/uploads\/sites\/3\/2022\/04\/logo500x500.jpg\",\"width\":500,\"height\":500,\"caption\":\"Just Now News\"},\"image\":{\"@id\":\"https:\/\/now-news.de\/de\/#\/schema\/logo\/image\/\"},\"sameAs\":[\"https:\/\/www.facebook.com\/wirmachenauf\",\"https:\/\/x.com\/WirMachenAuf_de\"]},{\"@type\":\"Person\",\"@id\":\"https:\/\/now-news.de\/de\/#\/schema\/person\/fb534a4e865501d8b3285208df34a9b5\",\"name\":\"rtnews\",\"image\":{\"@type\":\"ImageObject\",\"inLanguage\":\"de\",\"@id\":\"https:\/\/now-news.de\/de\/#\/schema\/person\/image\/\",\"url\":\"https:\/\/secure.gravatar.com\/avatar\/82aafea7d8127119dd649515f56e2117?s=96&d=mm&r=g\",\"contentUrl\":\"https:\/\/secure.gravatar.com\/avatar\/82aafea7d8127119dd649515f56e2117?s=96&d=mm&r=g\",\"caption\":\"rtnews\"},\"url\":\"https:\/\/now-news.de\/de\/author\/rnews\/\"}]}<\/script>\n<!-- \/ Yoast SEO Premium plugin. -->","yoast_head_json":{"title":"Berliner Hamas-Prozess: Eine Farce mit Wunschurteil (Teil 1) - just-now.NEWS Deutschland","robots":{"index":"index","follow":"follow","max-snippet":"max-snippet:-1","max-image-preview":"max-image-preview:large","max-video-preview":"max-video-preview:-1"},"canonical":"https:\/\/now-news.de\/de\/deutschland\/berliner-hamas-prozess-eine-farce-mit-wunschurteil-teil-1\/","og_locale":"de_DE","og_type":"article","og_title":"Berliner Hamas-Prozess: Eine Farce mit Wunschurteil (Teil 1)","og_description":"\u00dcber ein Jahr lang standen vier M\u00e4nner in Berlin vor Gericht, die im Dezember 2023 als angebliche Hamas-Mitglieder verhaftet wurden. Die Leitmedien tun so, als sei dieses Verfahren ordentlich verlaufen. In Wirklichkeit sprach es jeder Rechtsstaatlichkeit Hohn. Von Dagmar Henn Inzwischen liegt der gro\u00dfe RAF-Prozess in Stuttgart-Stammheim beinahe 50 Jahre zur\u00fcck; da kann man den [&hellip;]","og_url":"https:\/\/now-news.de\/de\/deutschland\/berliner-hamas-prozess-eine-farce-mit-wunschurteil-teil-1\/","og_site_name":"just-now.NEWS Deutschland","article_publisher":"https:\/\/www.facebook.com\/wirmachenauf","article_published_time":"2026-03-29T17:45:25+00:00","og_image":[{"url":"https:\/\/now-news.de\/de\/wp-content\/uploads\/sites\/3\/2026\/03\/69c6d5d6b480cc39f6221222.jpg"}],"author":"rtnews","twitter_card":"summary_large_image","twitter_creator":"@WirMachenAuf_de","twitter_site":"@WirMachenAuf_de","twitter_misc":{"Verfasst von":"rtnews","Gesch\u00e4tzte Lesezeit":"8\u00a0Minuten"},"schema":{"@context":"https:\/\/schema.org","@graph":[{"@type":"Article","@id":"https:\/\/now-news.de\/de\/deutschland\/berliner-hamas-prozess-eine-farce-mit-wunschurteil-teil-1\/#article","isPartOf":{"@id":"https:\/\/now-news.de\/de\/deutschland\/berliner-hamas-prozess-eine-farce-mit-wunschurteil-teil-1\/"},"author":{"name":"rtnews","@id":"https:\/\/now-news.de\/de\/#\/schema\/person\/fb534a4e865501d8b3285208df34a9b5"},"headline":"Berliner Hamas-Prozess: Eine Farce mit Wunschurteil (Teil 1)","datePublished":"2026-03-29T17:45:25+00:00","dateModified":"2026-03-29T17:45:25+00:00","mainEntityOfPage":{"@id":"https:\/\/now-news.de\/de\/deutschland\/berliner-hamas-prozess-eine-farce-mit-wunschurteil-teil-1\/"},"wordCount":1704,"commentCount":0,"publisher":{"@id":"https:\/\/now-news.de\/de\/#organization"},"image":{"@id":"https:\/\/now-news.de\/de\/deutschland\/berliner-hamas-prozess-eine-farce-mit-wunschurteil-teil-1\/#primaryimage"},"thumbnailUrl":"https:\/\/now-news.de\/de\/wp-content\/uploads\/sites\/3\/2026\/03\/Berliner-Hamas-Prozess-Eine-Farce-mit-Wunschurteil-Teil-1.jpg","keywords":["Berliner","eine","Farce","HamasProzess","mit","Teil","Wunschurteil"],"articleSection":["Deutschland","Russland"],"inLanguage":"de","potentialAction":[{"@type":"CommentAction","name":"Comment","target":["https:\/\/now-news.de\/de\/deutschland\/berliner-hamas-prozess-eine-farce-mit-wunschurteil-teil-1\/#respond"]}]},{"@type":"WebPage","@id":"https:\/\/now-news.de\/de\/deutschland\/berliner-hamas-prozess-eine-farce-mit-wunschurteil-teil-1\/","url":"https:\/\/now-news.de\/de\/deutschland\/berliner-hamas-prozess-eine-farce-mit-wunschurteil-teil-1\/","name":"Berliner Hamas-Prozess: Eine Farce mit Wunschurteil (Teil 1) - just-now.NEWS Deutschland","isPartOf":{"@id":"https:\/\/now-news.de\/de\/#website"},"primaryImageOfPage":{"@id":"https:\/\/now-news.de\/de\/deutschland\/berliner-hamas-prozess-eine-farce-mit-wunschurteil-teil-1\/#primaryimage"},"image":{"@id":"https:\/\/now-news.de\/de\/deutschland\/berliner-hamas-prozess-eine-farce-mit-wunschurteil-teil-1\/#primaryimage"},"thumbnailUrl":"https:\/\/now-news.de\/de\/wp-content\/uploads\/sites\/3\/2026\/03\/Berliner-Hamas-Prozess-Eine-Farce-mit-Wunschurteil-Teil-1.jpg","datePublished":"2026-03-29T17:45:25+00:00","dateModified":"2026-03-29T17:45:25+00:00","breadcrumb":{"@id":"https:\/\/now-news.de\/de\/deutschland\/berliner-hamas-prozess-eine-farce-mit-wunschurteil-teil-1\/#breadcrumb"},"inLanguage":"de","potentialAction":[{"@type":"ReadAction","target":["https:\/\/now-news.de\/de\/deutschland\/berliner-hamas-prozess-eine-farce-mit-wunschurteil-teil-1\/"]}]},{"@type":"ImageObject","inLanguage":"de","@id":"https:\/\/now-news.de\/de\/deutschland\/berliner-hamas-prozess-eine-farce-mit-wunschurteil-teil-1\/#primaryimage","url":"https:\/\/now-news.de\/de\/wp-content\/uploads\/sites\/3\/2026\/03\/Berliner-Hamas-Prozess-Eine-Farce-mit-Wunschurteil-Teil-1.jpg","contentUrl":"https:\/\/now-news.de\/de\/wp-content\/uploads\/sites\/3\/2026\/03\/Berliner-Hamas-Prozess-Eine-Farce-mit-Wunschurteil-Teil-1.jpg","width":460,"height":259,"caption":"Berliner Hamas-Prozess: Eine Farce mit Wunschurteil (Teil 1)"},{"@type":"BreadcrumbList","@id":"https:\/\/now-news.de\/de\/deutschland\/berliner-hamas-prozess-eine-farce-mit-wunschurteil-teil-1\/#breadcrumb","itemListElement":[{"@type":"ListItem","position":1,"name":"Home","item":"https:\/\/now-news.de\/de\/"},{"@type":"ListItem","position":2,"name":"Berliner Hamas-Prozess: Eine Farce mit Wunschurteil (Teil 1)"}]},{"@type":"WebSite","@id":"https:\/\/now-news.de\/de\/#website","url":"https:\/\/now-news.de\/de\/","name":"just-now.NEWS Deutschland","description":"Das Portal f\u00fcr unzensierte Nachrichten aus der Welt","publisher":{"@id":"https:\/\/now-news.de\/de\/#organization"},"potentialAction":[{"@type":"SearchAction","target":{"@type":"EntryPoint","urlTemplate":"https:\/\/now-news.de\/de\/?s={search_term_string}"},"query-input":"required name=search_term_string"}],"inLanguage":"de"},{"@type":"Organization","@id":"https:\/\/now-news.de\/de\/#organization","name":"Just Now News","url":"https:\/\/now-news.de\/de\/","logo":{"@type":"ImageObject","inLanguage":"de","@id":"https:\/\/now-news.de\/de\/#\/schema\/logo\/image\/","url":"http:\/\/just-now.news\/de\/wp-content\/uploads\/sites\/3\/2022\/04\/logo500x500.jpg","contentUrl":"http:\/\/just-now.news\/de\/wp-content\/uploads\/sites\/3\/2022\/04\/logo500x500.jpg","width":500,"height":500,"caption":"Just Now News"},"image":{"@id":"https:\/\/now-news.de\/de\/#\/schema\/logo\/image\/"},"sameAs":["https:\/\/www.facebook.com\/wirmachenauf","https:\/\/x.com\/WirMachenAuf_de"]},{"@type":"Person","@id":"https:\/\/now-news.de\/de\/#\/schema\/person\/fb534a4e865501d8b3285208df34a9b5","name":"rtnews","image":{"@type":"ImageObject","inLanguage":"de","@id":"https:\/\/now-news.de\/de\/#\/schema\/person\/image\/","url":"https:\/\/secure.gravatar.com\/avatar\/82aafea7d8127119dd649515f56e2117?s=96&d=mm&r=g","contentUrl":"https:\/\/secure.gravatar.com\/avatar\/82aafea7d8127119dd649515f56e2117?s=96&d=mm&r=g","caption":"rtnews"},"url":"https:\/\/now-news.de\/de\/author\/rnews\/"}]}},"_links":{"self":[{"href":"https:\/\/now-news.de\/de\/wp-json\/wp\/v2\/posts\/100969"}],"collection":[{"href":"https:\/\/now-news.de\/de\/wp-json\/wp\/v2\/posts"}],"about":[{"href":"https:\/\/now-news.de\/de\/wp-json\/wp\/v2\/types\/post"}],"author":[{"embeddable":true,"href":"https:\/\/now-news.de\/de\/wp-json\/wp\/v2\/users\/3"}],"replies":[{"embeddable":true,"href":"https:\/\/now-news.de\/de\/wp-json\/wp\/v2\/comments?post=100969"}],"version-history":[{"count":0,"href":"https:\/\/now-news.de\/de\/wp-json\/wp\/v2\/posts\/100969\/revisions"}],"wp:featuredmedia":[{"embeddable":true,"href":"https:\/\/now-news.de\/de\/wp-json\/wp\/v2\/media\/100970"}],"wp:attachment":[{"href":"https:\/\/now-news.de\/de\/wp-json\/wp\/v2\/media?parent=100969"}],"wp:term":[{"taxonomy":"category","embeddable":true,"href":"https:\/\/now-news.de\/de\/wp-json\/wp\/v2\/categories?post=100969"},{"taxonomy":"post_tag","embeddable":true,"href":"https:\/\/now-news.de\/de\/wp-json\/wp\/v2\/tags?post=100969"}],"curies":[{"name":"wp","href":"https:\/\/api.w.org\/{rel}","templated":true}]}}