{"id":100961,"date":"2026-03-29T17:02:36","date_gmt":"2026-03-29T15:02:36","guid":{"rendered":"https:\/\/now-news.de\/de\/deutschland\/us-praesident-trump-droht-kuba-naechstes-ziel-eines-militaerschlags\/"},"modified":"2026-03-29T17:02:36","modified_gmt":"2026-03-29T15:02:36","slug":"us-praesident-trump-droht-kuba-naechstes-ziel-eines-militaerschlags","status":"publish","type":"post","link":"https:\/\/now-news.de\/de\/deutschland\/us-praesident-trump-droht-kuba-naechstes-ziel-eines-militaerschlags\/","title":{"rendered":"US-Pr\u00e4sident Trump droht: Kuba n\u00e4chstes Ziel eines Milit\u00e4rschlags"},"content":{"rendered":"<p><img decoding=\"async\" src=\"https:\/\/now-news.de\/de\/wp-content\/uploads\/sites\/3\/2026\/03\/69c91bb4b480cc4b11611030.jpg\" \/><\/p>\n<div class=\"Text-root Text-type_1 \">\n                Der von Donald Trump zusammen mit seinem israelischen Verb\u00fcndeten angezettelte Iran-Krieg ist noch nicht beendet, da macht der Pr\u00e4sident der Vereinigten Staaten ein neues Ziel aus. Als n\u00e4chstes Land soll demnach Kuba einem US-amerikanischen Milit\u00e4reinsatz unterliegen.\n            <\/div>\n<p><\/p>\n<div class=\"Text-root Text-type_5 ArticleView-text ViewText-root \">\n<p>W\u00e4hrend der Iran-Krieg noch in vollem Gange ist, wendet sich US-Pr\u00e4sident Donald Trump wieder Lateinamerika und der Karibik zu. Am vergangenen Freitag k\u00fcndigte er an, dass Kuba nach Iran und Venezuela als N\u00e4chstes an der Reihe sein werde. Zugleich pries Trump den Erfolg seiner Milit\u00e4roperationen in Iran und Venezuela.<\/p>\n<p>Diese Drohungen erfolgten zu einem Zeitpunkt,\u00a0an dem Washington Havanna weiterhin mittels einer\u00a0\u00d6lblockade unter Druck setzt. Trump \u00e4u\u00dferte seine Kampfansage trotz der Zustimmung Havannas zu Gespr\u00e4chen mit Washington, um &#8220;durch Dialog L\u00f6sungen f\u00fcr die bilateralen Differenzen zwischen unseren beiden Nationen zu finden&#8221;, so der kubanische Pr\u00e4sident Miguel D\u00edaz-Canel.<\/p>\n<p><a><\/a>Die \u00c4u\u00dferungen Trumps <a rel=\"nofollow\" target=\"_blank\" href=\"https:\/\/www.youtube.com\/watch?v=vEuuPpq_AMQ\">fielen<\/a> anl\u00e4sslich eines saudischen Investorenforums in Miami, Florida. Auf der Konferenz des vom wichtigsten Staatsfonds Saudi-Arabiens finanzierten Future Investment Initiative Institute (FII Institute) erkl\u00e4rte der US-Pr\u00e4sident, seine Politik des &#8220;Friedens durch St\u00e4rke&#8221;\u00a0sei &#8220;sehr, sehr erfolgreich&#8221; gewesen.<\/p>\n<p>In dieser angeblich erfolgreichen Politik schloss Trump auch die <a rel=\"nofollow\" target=\"_blank\" href=\"https:\/\/freedert.online\/international\/266452-trump-wir-werden-venezuela-bis-geordneten-machtwechsel-regieren\/\">Entf\u00fchrung<\/a> des venezolanischen Pr\u00e4sidenten Nicol\u00e1s Maduro Anfang Januar 2026 mit ein sowie die Entscheidung, inmitten laufender Atomgespr\u00e4che im vergangenen Monat einen Krieg gegen Iran zu beginnen.<\/p>\n<p>&#8220;Ich habe dieses Milit\u00e4r gro\u00dfartig aufgebaut. Ich sagte, ihr werdet es nie einsetzen m\u00fcssen. Aber manchmal muss man es eben einsetzen. Und Kuba ist \u00fcbrigens als N\u00e4chstes dran&#8221;, sagte er zu den versammelten Investoren im Publikum und <a rel=\"nofollow\" target=\"_blank\" href=\"https:\/\/www.aljazeera.com\/video\/newsfeed\/2026\/3\/28\/trump-says-cuba-is-next-target-of-us-military#flips-6391915417112:0\">f\u00fcgte<\/a> hinzu:<\/p>\n<blockquote>\n<p><em>&#8220;Aber tun Sie bitte so, als h\u00e4tte ich das nicht gesagt. Bitte tun Sie so, als h\u00e4tte ich es nicht gesagt. Bitte, bitte, bitte, liebe Medien, ignorieren Sie diese Aussage. Vielen Dank. Kuba ist als N\u00e4chstes dran.&#8221;<\/em><\/p>\n<\/blockquote>\n<p>Trump hatte damit wiederholt gedroht, es werde ihm eine gro\u00dfe Ehre sein, Kuba &#8220;in irgendeiner Form&#8221; zu &#8220;\u00fcbernehmen&#8221;. Zugleich warnte er vor einer &#8220;totalen \u00d6lblockade&#8221; und vor Z\u00f6llen auf L\u00e4nder, die die Insel weiterhin mit Treibstoff beliefern. Bereits vor zw\u00f6lf Tagen hatte der US-amerikanische Pr\u00e4sident get\u00f6nt: &#8220;Ich kann mit Kuba alles machen, was ich will.&#8221;<\/p>\n<p>Kuba sah sich in den letzten Monaten mit schweren Treibstoffengp\u00e4ssen und Stromausf\u00e4llen konfrontiert, nachdem Caracas, einst Havannas engster Verb\u00fcndeter, auf Druck aus Washington die \u00d6llieferungen eingestellt hatte.<\/p>\n<p>Eine Reaktion aus Havanna lie\u00df nicht auf sich warten: Am Samstag verurteilte der kubanische Au\u00dfenminister Bruno Rodr\u00edguez Parrilla die &#8220;grausame Blockade&#8221; der Treibstofflieferungen durch Washington und nannte sie einen &#8220;brutalen Angriff&#8221; auf das Wirtschaftssystem des Landes.<\/p>\n<p>&#8220;Seit mehr als 67 Jahren f\u00fchren die USA einen Wirtschaftskrieg gegen Kuba mit der Absicht, der Wirtschaft zu schaden und den Zugang zu M\u00e4rkten und Technologie zu verweigern&#8221;, sagte er in einer Erkl\u00e4rung auf der Social-Media-Plattform X und <a rel=\"nofollow\" target=\"_blank\" href=\"https:\/\/x.com\/BrunoRguezP\/status\/2037918248969142486\">argumentierte<\/a>, dass eine solche &#8220;r\u00fccksichtslose Aggression&#8221; gegen die angeblich inkompetente kubanische Regierung nur die eigene Schw\u00e4che Washingtons zeige.<\/p>\n<p>Kuba hat unterdessen landesweite zivil-milit\u00e4rische \u00dcbungen mit Reservisten und lokalen Einheiten als Teil seiner Verteidigungsdoktrin des &#8220;Krieges des gesamten Volkes&#8221; gestartet. Der kubanische Pr\u00e4sident Miguel D\u00edaz-Canel Berm\u00fadez <a rel=\"nofollow\" target=\"_blank\" href=\"https:\/\/x.com\/DiazCanelB\/status\/2037691486569943122\">postete<\/a> am Samstag auf X Fotos, die ihn am &#8220;Nationalen Verteidigungstag&#8221; zusammen mit Milit\u00e4rs in Ost-Havanna bei einer territorialen \u00dcbung zeigten.<\/p>\n<p>Schon vor der Energieblockade war der Alltag der meisten Kubaner von Mangel gepr\u00e4gt. Das Durchschnittsgehalt betr\u00e4gt etwa 6.830 kubanische Pesos im Monat, was auf dem informellen Devisenmarkt lediglich 30 US-Dollar entspricht.\u00a0<\/p>\n<p>Familien sind seit langem auf Geld\u00fcberweisungen von Verwandten im Ausland angewiesen. In den zwei Jahren vor der aktuellen Krise \u00fcberstieg die Nettoauswanderung von der Karibikinsel 500.000 Menschen.<\/p>\n<p><strong>Mehr zum Thema<\/strong> \u2013 <a rel=\"nofollow\" target=\"_blank\" href=\"https:\/\/freedert.online\/amerika\/274406-havanna-reagiert-auf-trump-kuba\/\" target=\"_blank\" rel=\"noopener noreferrer\">Havanna zu Trump: Kuba auf m\u00f6gliche US-Invasion vorbereitet<\/a><\/p>\n<div class=\"EmbedBlock-root EmbedBlock-externalVideo EmbedBlock-rumble\">\n<div class=\"VkEmbed\"><iframe class=\"lazyload\" data-src=\"https:\/\/rumble.com\/embed\/v75acka\" frameborder=\"0\" width=\"853\" height=\"480\" allowfullscreen><\/iframe><\/div>\n<\/div>\n<\/div>\n<p><br \/>\n<br \/><a href=\"https:\/\/de.rt.com\/amerika\/275218-us-praesident-trump-droht-kuba-n%C3%A4chstes-ziel\/\">Source link <\/a><\/p>\n","protected":false},"excerpt":{"rendered":"<p>Der von Donald Trump zusammen mit seinem israelischen Verb\u00fcndeten angezettelte Iran-Krieg ist noch nicht beendet, da macht der Pr\u00e4sident der Vereinigten Staaten ein neues Ziel aus. Als n\u00e4chstes Land soll demnach Kuba einem US-amerikanischen Milit\u00e4reinsatz unterliegen. W\u00e4hrend der Iran-Krieg noch in vollem Gange ist, wendet sich US-Pr\u00e4sident Donald Trump wieder Lateinamerika und der Karibik zu. [&hellip;]<\/p>\n","protected":false},"author":3,"featured_media":100962,"comment_status":"open","ping_status":"open","sticky":false,"template":"","format":"standard","meta":{"_yoast_indexnow_last_ping":["1774797017"],"wp_automatic_camp":["217"],"f61b68f8d50c813841f122dafd51528d":["US-Pr\u00e4sident Trump droht: Kuba n\u00e4chstes Ziel eines Milit\u00e4rschlags"],"original_link":["https:\/\/de.rt.com\/amerika\/275218-us-praesident-trump-droht-kuba-n%C3%A4chstes-ziel\/"],"_thumbnail_id":["100962"],"jnews_social_counter_last_update":["1777369214"],"_wptgpro_p2tg_sent2tg":["a:1:{i:23737;s:19:\"2026-03-29 17:11:18\";}"]},"categories":[19,23],"tags":[44,2111,6958,72059,4459,1639,2021,10558],"yoast_head":"<!-- This site is optimized with the Yoast SEO Premium plugin v22.7 (Yoast SEO v22.7) - https:\/\/yoast.com\/wordpress\/plugins\/seo\/ -->\n<title>US-Pr\u00e4sident Trump droht: Kuba n\u00e4chstes Ziel eines Milit\u00e4rschlags - just-now.NEWS Deutschland<\/title>\n<meta name=\"robots\" content=\"index, follow, max-snippet:-1, max-image-preview:large, max-video-preview:-1\" \/>\n<link rel=\"canonical\" href=\"https:\/\/now-news.de\/de\/deutschland\/us-praesident-trump-droht-kuba-naechstes-ziel-eines-militaerschlags\/\" \/>\n<meta property=\"og:locale\" content=\"de_DE\" \/>\n<meta property=\"og:type\" content=\"article\" \/>\n<meta property=\"og:title\" content=\"US-Pr\u00e4sident Trump droht: Kuba n\u00e4chstes Ziel eines Milit\u00e4rschlags\" \/>\n<meta property=\"og:description\" content=\"Der von Donald Trump zusammen mit seinem israelischen Verb\u00fcndeten angezettelte Iran-Krieg ist noch nicht beendet, da macht der Pr\u00e4sident der Vereinigten Staaten ein neues Ziel aus. Als n\u00e4chstes Land soll demnach Kuba einem US-amerikanischen Milit\u00e4reinsatz unterliegen. W\u00e4hrend der Iran-Krieg noch in vollem Gange ist, wendet sich US-Pr\u00e4sident Donald Trump wieder Lateinamerika und der Karibik zu. [&hellip;]\" \/>\n<meta property=\"og:url\" content=\"https:\/\/now-news.de\/de\/deutschland\/us-praesident-trump-droht-kuba-naechstes-ziel-eines-militaerschlags\/\" \/>\n<meta property=\"og:site_name\" content=\"just-now.NEWS Deutschland\" \/>\n<meta property=\"article:publisher\" content=\"https:\/\/www.facebook.com\/wirmachenauf\" \/>\n<meta property=\"article:published_time\" content=\"2026-03-29T15:02:36+00:00\" \/>\n<meta property=\"og:image\" content=\"https:\/\/now-news.de\/de\/wp-content\/uploads\/sites\/3\/2026\/03\/69c91bb4b480cc4b11611030.jpg\" \/>\n<meta name=\"author\" content=\"rtnews\" \/>\n<meta name=\"twitter:card\" content=\"summary_large_image\" \/>\n<meta name=\"twitter:creator\" content=\"@WirMachenAuf_de\" \/>\n<meta name=\"twitter:site\" content=\"@WirMachenAuf_de\" \/>\n<meta name=\"twitter:label1\" content=\"Verfasst von\" \/>\n\t<meta name=\"twitter:data1\" content=\"rtnews\" \/>\n\t<meta name=\"twitter:label2\" content=\"Gesch\u00e4tzte Lesezeit\" \/>\n\t<meta name=\"twitter:data2\" content=\"3\u00a0Minuten\" \/>\n<script type=\"application\/ld+json\" class=\"yoast-schema-graph\">{\"@context\":\"https:\/\/schema.org\",\"@graph\":[{\"@type\":\"Article\",\"@id\":\"https:\/\/now-news.de\/de\/deutschland\/us-praesident-trump-droht-kuba-naechstes-ziel-eines-militaerschlags\/#article\",\"isPartOf\":{\"@id\":\"https:\/\/now-news.de\/de\/deutschland\/us-praesident-trump-droht-kuba-naechstes-ziel-eines-militaerschlags\/\"},\"author\":{\"name\":\"rtnews\",\"@id\":\"https:\/\/now-news.de\/de\/#\/schema\/person\/fb534a4e865501d8b3285208df34a9b5\"},\"headline\":\"US-Pr\u00e4sident Trump droht: Kuba n\u00e4chstes Ziel eines Milit\u00e4rschlags\",\"datePublished\":\"2026-03-29T15:02:36+00:00\",\"dateModified\":\"2026-03-29T15:02:36+00:00\",\"mainEntityOfPage\":{\"@id\":\"https:\/\/now-news.de\/de\/deutschland\/us-praesident-trump-droht-kuba-naechstes-ziel-eines-militaerschlags\/\"},\"wordCount\":642,\"commentCount\":0,\"publisher\":{\"@id\":\"https:\/\/now-news.de\/de\/#organization\"},\"image\":{\"@id\":\"https:\/\/now-news.de\/de\/deutschland\/us-praesident-trump-droht-kuba-naechstes-ziel-eines-militaerschlags\/#primaryimage\"},\"thumbnailUrl\":\"https:\/\/now-news.de\/de\/wp-content\/uploads\/sites\/3\/2026\/03\/US-Praesident-Trump-droht-Kuba-naechstes-Ziel-eines-Militaerschlags.jpg\",\"keywords\":[\"droht\",\"eines\",\"Kuba\",\"Milit\u00e4rschlags\",\"n\u00e4chstes\",\"trump\",\"USPr\u00e4sident\",\"Ziel\"],\"articleSection\":[\"Deutschland\",\"Russland\"],\"inLanguage\":\"de\",\"potentialAction\":[{\"@type\":\"CommentAction\",\"name\":\"Comment\",\"target\":[\"https:\/\/now-news.de\/de\/deutschland\/us-praesident-trump-droht-kuba-naechstes-ziel-eines-militaerschlags\/#respond\"]}]},{\"@type\":\"WebPage\",\"@id\":\"https:\/\/now-news.de\/de\/deutschland\/us-praesident-trump-droht-kuba-naechstes-ziel-eines-militaerschlags\/\",\"url\":\"https:\/\/now-news.de\/de\/deutschland\/us-praesident-trump-droht-kuba-naechstes-ziel-eines-militaerschlags\/\",\"name\":\"US-Pr\u00e4sident Trump droht: Kuba n\u00e4chstes Ziel eines Milit\u00e4rschlags - just-now.NEWS Deutschland\",\"isPartOf\":{\"@id\":\"https:\/\/now-news.de\/de\/#website\"},\"primaryImageOfPage\":{\"@id\":\"https:\/\/now-news.de\/de\/deutschland\/us-praesident-trump-droht-kuba-naechstes-ziel-eines-militaerschlags\/#primaryimage\"},\"image\":{\"@id\":\"https:\/\/now-news.de\/de\/deutschland\/us-praesident-trump-droht-kuba-naechstes-ziel-eines-militaerschlags\/#primaryimage\"},\"thumbnailUrl\":\"https:\/\/now-news.de\/de\/wp-content\/uploads\/sites\/3\/2026\/03\/US-Praesident-Trump-droht-Kuba-naechstes-Ziel-eines-Militaerschlags.jpg\",\"datePublished\":\"2026-03-29T15:02:36+00:00\",\"dateModified\":\"2026-03-29T15:02:36+00:00\",\"breadcrumb\":{\"@id\":\"https:\/\/now-news.de\/de\/deutschland\/us-praesident-trump-droht-kuba-naechstes-ziel-eines-militaerschlags\/#breadcrumb\"},\"inLanguage\":\"de\",\"potentialAction\":[{\"@type\":\"ReadAction\",\"target\":[\"https:\/\/now-news.de\/de\/deutschland\/us-praesident-trump-droht-kuba-naechstes-ziel-eines-militaerschlags\/\"]}]},{\"@type\":\"ImageObject\",\"inLanguage\":\"de\",\"@id\":\"https:\/\/now-news.de\/de\/deutschland\/us-praesident-trump-droht-kuba-naechstes-ziel-eines-militaerschlags\/#primaryimage\",\"url\":\"https:\/\/now-news.de\/de\/wp-content\/uploads\/sites\/3\/2026\/03\/US-Praesident-Trump-droht-Kuba-naechstes-Ziel-eines-Militaerschlags.jpg\",\"contentUrl\":\"https:\/\/now-news.de\/de\/wp-content\/uploads\/sites\/3\/2026\/03\/US-Praesident-Trump-droht-Kuba-naechstes-Ziel-eines-Militaerschlags.jpg\",\"width\":460,\"height\":259,\"caption\":\"US-Pr\u00e4sident Trump droht: Kuba n\u00e4chstes Ziel eines Milit\u00e4rschlags\"},{\"@type\":\"BreadcrumbList\",\"@id\":\"https:\/\/now-news.de\/de\/deutschland\/us-praesident-trump-droht-kuba-naechstes-ziel-eines-militaerschlags\/#breadcrumb\",\"itemListElement\":[{\"@type\":\"ListItem\",\"position\":1,\"name\":\"Home\",\"item\":\"https:\/\/now-news.de\/de\/\"},{\"@type\":\"ListItem\",\"position\":2,\"name\":\"US-Pr\u00e4sident Trump droht: Kuba n\u00e4chstes Ziel eines Milit\u00e4rschlags\"}]},{\"@type\":\"WebSite\",\"@id\":\"https:\/\/now-news.de\/de\/#website\",\"url\":\"https:\/\/now-news.de\/de\/\",\"name\":\"just-now.NEWS Deutschland\",\"description\":\"Das Portal f\u00fcr unzensierte Nachrichten aus der Welt\",\"publisher\":{\"@id\":\"https:\/\/now-news.de\/de\/#organization\"},\"potentialAction\":[{\"@type\":\"SearchAction\",\"target\":{\"@type\":\"EntryPoint\",\"urlTemplate\":\"https:\/\/now-news.de\/de\/?s={search_term_string}\"},\"query-input\":\"required name=search_term_string\"}],\"inLanguage\":\"de\"},{\"@type\":\"Organization\",\"@id\":\"https:\/\/now-news.de\/de\/#organization\",\"name\":\"Just Now News\",\"url\":\"https:\/\/now-news.de\/de\/\",\"logo\":{\"@type\":\"ImageObject\",\"inLanguage\":\"de\",\"@id\":\"https:\/\/now-news.de\/de\/#\/schema\/logo\/image\/\",\"url\":\"http:\/\/just-now.news\/de\/wp-content\/uploads\/sites\/3\/2022\/04\/logo500x500.jpg\",\"contentUrl\":\"http:\/\/just-now.news\/de\/wp-content\/uploads\/sites\/3\/2022\/04\/logo500x500.jpg\",\"width\":500,\"height\":500,\"caption\":\"Just Now News\"},\"image\":{\"@id\":\"https:\/\/now-news.de\/de\/#\/schema\/logo\/image\/\"},\"sameAs\":[\"https:\/\/www.facebook.com\/wirmachenauf\",\"https:\/\/x.com\/WirMachenAuf_de\"]},{\"@type\":\"Person\",\"@id\":\"https:\/\/now-news.de\/de\/#\/schema\/person\/fb534a4e865501d8b3285208df34a9b5\",\"name\":\"rtnews\",\"image\":{\"@type\":\"ImageObject\",\"inLanguage\":\"de\",\"@id\":\"https:\/\/now-news.de\/de\/#\/schema\/person\/image\/\",\"url\":\"https:\/\/secure.gravatar.com\/avatar\/82aafea7d8127119dd649515f56e2117?s=96&d=mm&r=g\",\"contentUrl\":\"https:\/\/secure.gravatar.com\/avatar\/82aafea7d8127119dd649515f56e2117?s=96&d=mm&r=g\",\"caption\":\"rtnews\"},\"url\":\"https:\/\/now-news.de\/de\/author\/rnews\/\"}]}<\/script>\n<!-- \/ Yoast SEO Premium plugin. -->","yoast_head_json":{"title":"US-Pr\u00e4sident Trump droht: Kuba n\u00e4chstes Ziel eines Milit\u00e4rschlags - just-now.NEWS Deutschland","robots":{"index":"index","follow":"follow","max-snippet":"max-snippet:-1","max-image-preview":"max-image-preview:large","max-video-preview":"max-video-preview:-1"},"canonical":"https:\/\/now-news.de\/de\/deutschland\/us-praesident-trump-droht-kuba-naechstes-ziel-eines-militaerschlags\/","og_locale":"de_DE","og_type":"article","og_title":"US-Pr\u00e4sident Trump droht: Kuba n\u00e4chstes Ziel eines Milit\u00e4rschlags","og_description":"Der von Donald Trump zusammen mit seinem israelischen Verb\u00fcndeten angezettelte Iran-Krieg ist noch nicht beendet, da macht der Pr\u00e4sident der Vereinigten Staaten ein neues Ziel aus. Als n\u00e4chstes Land soll demnach Kuba einem US-amerikanischen Milit\u00e4reinsatz unterliegen. W\u00e4hrend der Iran-Krieg noch in vollem Gange ist, wendet sich US-Pr\u00e4sident Donald Trump wieder Lateinamerika und der Karibik zu. [&hellip;]","og_url":"https:\/\/now-news.de\/de\/deutschland\/us-praesident-trump-droht-kuba-naechstes-ziel-eines-militaerschlags\/","og_site_name":"just-now.NEWS Deutschland","article_publisher":"https:\/\/www.facebook.com\/wirmachenauf","article_published_time":"2026-03-29T15:02:36+00:00","og_image":[{"url":"https:\/\/now-news.de\/de\/wp-content\/uploads\/sites\/3\/2026\/03\/69c91bb4b480cc4b11611030.jpg"}],"author":"rtnews","twitter_card":"summary_large_image","twitter_creator":"@WirMachenAuf_de","twitter_site":"@WirMachenAuf_de","twitter_misc":{"Verfasst von":"rtnews","Gesch\u00e4tzte Lesezeit":"3\u00a0Minuten"},"schema":{"@context":"https:\/\/schema.org","@graph":[{"@type":"Article","@id":"https:\/\/now-news.de\/de\/deutschland\/us-praesident-trump-droht-kuba-naechstes-ziel-eines-militaerschlags\/#article","isPartOf":{"@id":"https:\/\/now-news.de\/de\/deutschland\/us-praesident-trump-droht-kuba-naechstes-ziel-eines-militaerschlags\/"},"author":{"name":"rtnews","@id":"https:\/\/now-news.de\/de\/#\/schema\/person\/fb534a4e865501d8b3285208df34a9b5"},"headline":"US-Pr\u00e4sident Trump droht: Kuba n\u00e4chstes Ziel eines Milit\u00e4rschlags","datePublished":"2026-03-29T15:02:36+00:00","dateModified":"2026-03-29T15:02:36+00:00","mainEntityOfPage":{"@id":"https:\/\/now-news.de\/de\/deutschland\/us-praesident-trump-droht-kuba-naechstes-ziel-eines-militaerschlags\/"},"wordCount":642,"commentCount":0,"publisher":{"@id":"https:\/\/now-news.de\/de\/#organization"},"image":{"@id":"https:\/\/now-news.de\/de\/deutschland\/us-praesident-trump-droht-kuba-naechstes-ziel-eines-militaerschlags\/#primaryimage"},"thumbnailUrl":"https:\/\/now-news.de\/de\/wp-content\/uploads\/sites\/3\/2026\/03\/US-Praesident-Trump-droht-Kuba-naechstes-Ziel-eines-Militaerschlags.jpg","keywords":["droht","eines","Kuba","Milit\u00e4rschlags","n\u00e4chstes","trump","USPr\u00e4sident","Ziel"],"articleSection":["Deutschland","Russland"],"inLanguage":"de","potentialAction":[{"@type":"CommentAction","name":"Comment","target":["https:\/\/now-news.de\/de\/deutschland\/us-praesident-trump-droht-kuba-naechstes-ziel-eines-militaerschlags\/#respond"]}]},{"@type":"WebPage","@id":"https:\/\/now-news.de\/de\/deutschland\/us-praesident-trump-droht-kuba-naechstes-ziel-eines-militaerschlags\/","url":"https:\/\/now-news.de\/de\/deutschland\/us-praesident-trump-droht-kuba-naechstes-ziel-eines-militaerschlags\/","name":"US-Pr\u00e4sident Trump droht: Kuba n\u00e4chstes Ziel eines Milit\u00e4rschlags - just-now.NEWS Deutschland","isPartOf":{"@id":"https:\/\/now-news.de\/de\/#website"},"primaryImageOfPage":{"@id":"https:\/\/now-news.de\/de\/deutschland\/us-praesident-trump-droht-kuba-naechstes-ziel-eines-militaerschlags\/#primaryimage"},"image":{"@id":"https:\/\/now-news.de\/de\/deutschland\/us-praesident-trump-droht-kuba-naechstes-ziel-eines-militaerschlags\/#primaryimage"},"thumbnailUrl":"https:\/\/now-news.de\/de\/wp-content\/uploads\/sites\/3\/2026\/03\/US-Praesident-Trump-droht-Kuba-naechstes-Ziel-eines-Militaerschlags.jpg","datePublished":"2026-03-29T15:02:36+00:00","dateModified":"2026-03-29T15:02:36+00:00","breadcrumb":{"@id":"https:\/\/now-news.de\/de\/deutschland\/us-praesident-trump-droht-kuba-naechstes-ziel-eines-militaerschlags\/#breadcrumb"},"inLanguage":"de","potentialAction":[{"@type":"ReadAction","target":["https:\/\/now-news.de\/de\/deutschland\/us-praesident-trump-droht-kuba-naechstes-ziel-eines-militaerschlags\/"]}]},{"@type":"ImageObject","inLanguage":"de","@id":"https:\/\/now-news.de\/de\/deutschland\/us-praesident-trump-droht-kuba-naechstes-ziel-eines-militaerschlags\/#primaryimage","url":"https:\/\/now-news.de\/de\/wp-content\/uploads\/sites\/3\/2026\/03\/US-Praesident-Trump-droht-Kuba-naechstes-Ziel-eines-Militaerschlags.jpg","contentUrl":"https:\/\/now-news.de\/de\/wp-content\/uploads\/sites\/3\/2026\/03\/US-Praesident-Trump-droht-Kuba-naechstes-Ziel-eines-Militaerschlags.jpg","width":460,"height":259,"caption":"US-Pr\u00e4sident Trump droht: Kuba n\u00e4chstes Ziel eines Milit\u00e4rschlags"},{"@type":"BreadcrumbList","@id":"https:\/\/now-news.de\/de\/deutschland\/us-praesident-trump-droht-kuba-naechstes-ziel-eines-militaerschlags\/#breadcrumb","itemListElement":[{"@type":"ListItem","position":1,"name":"Home","item":"https:\/\/now-news.de\/de\/"},{"@type":"ListItem","position":2,"name":"US-Pr\u00e4sident Trump droht: Kuba n\u00e4chstes Ziel eines Milit\u00e4rschlags"}]},{"@type":"WebSite","@id":"https:\/\/now-news.de\/de\/#website","url":"https:\/\/now-news.de\/de\/","name":"just-now.NEWS Deutschland","description":"Das Portal f\u00fcr unzensierte Nachrichten aus der Welt","publisher":{"@id":"https:\/\/now-news.de\/de\/#organization"},"potentialAction":[{"@type":"SearchAction","target":{"@type":"EntryPoint","urlTemplate":"https:\/\/now-news.de\/de\/?s={search_term_string}"},"query-input":"required name=search_term_string"}],"inLanguage":"de"},{"@type":"Organization","@id":"https:\/\/now-news.de\/de\/#organization","name":"Just Now News","url":"https:\/\/now-news.de\/de\/","logo":{"@type":"ImageObject","inLanguage":"de","@id":"https:\/\/now-news.de\/de\/#\/schema\/logo\/image\/","url":"http:\/\/just-now.news\/de\/wp-content\/uploads\/sites\/3\/2022\/04\/logo500x500.jpg","contentUrl":"http:\/\/just-now.news\/de\/wp-content\/uploads\/sites\/3\/2022\/04\/logo500x500.jpg","width":500,"height":500,"caption":"Just Now News"},"image":{"@id":"https:\/\/now-news.de\/de\/#\/schema\/logo\/image\/"},"sameAs":["https:\/\/www.facebook.com\/wirmachenauf","https:\/\/x.com\/WirMachenAuf_de"]},{"@type":"Person","@id":"https:\/\/now-news.de\/de\/#\/schema\/person\/fb534a4e865501d8b3285208df34a9b5","name":"rtnews","image":{"@type":"ImageObject","inLanguage":"de","@id":"https:\/\/now-news.de\/de\/#\/schema\/person\/image\/","url":"https:\/\/secure.gravatar.com\/avatar\/82aafea7d8127119dd649515f56e2117?s=96&d=mm&r=g","contentUrl":"https:\/\/secure.gravatar.com\/avatar\/82aafea7d8127119dd649515f56e2117?s=96&d=mm&r=g","caption":"rtnews"},"url":"https:\/\/now-news.de\/de\/author\/rnews\/"}]}},"_links":{"self":[{"href":"https:\/\/now-news.de\/de\/wp-json\/wp\/v2\/posts\/100961"}],"collection":[{"href":"https:\/\/now-news.de\/de\/wp-json\/wp\/v2\/posts"}],"about":[{"href":"https:\/\/now-news.de\/de\/wp-json\/wp\/v2\/types\/post"}],"author":[{"embeddable":true,"href":"https:\/\/now-news.de\/de\/wp-json\/wp\/v2\/users\/3"}],"replies":[{"embeddable":true,"href":"https:\/\/now-news.de\/de\/wp-json\/wp\/v2\/comments?post=100961"}],"version-history":[{"count":0,"href":"https:\/\/now-news.de\/de\/wp-json\/wp\/v2\/posts\/100961\/revisions"}],"wp:featuredmedia":[{"embeddable":true,"href":"https:\/\/now-news.de\/de\/wp-json\/wp\/v2\/media\/100962"}],"wp:attachment":[{"href":"https:\/\/now-news.de\/de\/wp-json\/wp\/v2\/media?parent=100961"}],"wp:term":[{"taxonomy":"category","embeddable":true,"href":"https:\/\/now-news.de\/de\/wp-json\/wp\/v2\/categories?post=100961"},{"taxonomy":"post_tag","embeddable":true,"href":"https:\/\/now-news.de\/de\/wp-json\/wp\/v2\/tags?post=100961"}],"curies":[{"name":"wp","href":"https:\/\/api.w.org\/{rel}","templated":true}]}}