{"id":100939,"date":"2026-03-29T00:22:27","date_gmt":"2026-03-28T22:22:27","guid":{"rendered":"https:\/\/now-news.de\/de\/deutschland\/replik-auf-trumps-verbalattacke-merz-kritisiert-vorgehen-der-usa-im-iran-krieg\/"},"modified":"2026-03-29T00:22:27","modified_gmt":"2026-03-28T22:22:27","slug":"replik-auf-trumps-verbalattacke-merz-kritisiert-vorgehen-der-usa-im-iran-krieg","status":"publish","type":"post","link":"https:\/\/now-news.de\/de\/deutschland\/replik-auf-trumps-verbalattacke-merz-kritisiert-vorgehen-der-usa-im-iran-krieg\/","title":{"rendered":"Replik auf Trumps Verbalattacke: Merz kritisiert Vorgehen der USA im Iran-Krieg"},"content":{"rendered":"<p><img decoding=\"async\" src=\"https:\/\/now-news.de\/de\/wp-content\/uploads\/sites\/3\/2026\/03\/69c7bb1948fbef42c346d8d8.jpg\" \/><\/p>\n<div class=\"Text-root Text-type_1 \">\n                Nachdem US-Pr\u00e4sident Donald Trump den deutschen Regierungschef wegen der Nichtbeteiligung Deutschlands am Iran-Krieg kritisiert hatte, konterte nun Friedrich Merz. Auf einem Kongress \u00fcbte er deutliche Kritik am Vorgehen des US-Pr\u00e4sidenten.\n            <\/div>\n<p><\/p>\n<div class=\"Text-root Text-type_5 ArticleView-text ViewText-root \">\n<p>Bei einer Kabinettssitzung am vergangenen Donnerstag hatte Donald Trump Bezug auf eine \u00c4u\u00dferung aus bundesdeutschen Regierungskreisen &#8220;Dies ist nicht unser Krieg&#8221; Bezug genommen und sie Bundeskanzler Friedrich Merz zugeschrieben (<em>RT DE <\/em><a rel=\"nofollow\" target=\"_blank\" href=\"https:\/\/freedert.online\/kurzclips\/video\/274947-trump-attackiert-merz-ukraine-war\/\" target=\"_blank\" rel=\"noopener noreferrer\">berichtete<\/a>). Tats\u00e4chlich war es Verteidigungsminister Boris Pistorius gewesen, der den Satz ge\u00e4u\u00dfert hatte. Trump nannte die Aussage eine sehr unangebrachte \u00c4u\u00dferung, die Merz nun nicht mehr zur\u00fccknehmen k\u00f6nne.<\/p>\n<p>Tags darauf \u00fcbte Merz auf einem Kongress der <em>Frankfurter Allgemeinen Zeitung<\/em>\u00a0(<em>FAZ<\/em>) wiederum Kritik an den Handlungen des US-amerikanischen Pr\u00e4sidenten. Diese kritische Bewertung erfolgte nur knapp drei Wochen, nachdem Merz bei seinem <a rel=\"nofollow\" target=\"_blank\" href=\"https:\/\/freedert.online\/meinung\/271972-merz-bei-trump-erinnert-an-scholz-bei-biden\/\">Washington-Besuch<\/a> Trumps harte Kritik an Spanien <a rel=\"nofollow\" target=\"_blank\" href=\"https:\/\/freedert.online\/kurzclips\/video\/272116-treffen-mit-trump-merz-auftritt\/\" target=\"_blank\" rel=\"noopener noreferrer\">unwidersprochen<\/a> gelassen hatte. Spanien hatte sich damals geweigert, die USA spanische Milit\u00e4rflugh\u00e4fen f\u00fcr Angriffe auf den Iran nutzen zu lassen. Mittlerweile steht auch die deutsche Bundesregierung im Zentrum der Kritik Trumps.<\/p>\n<p><a rel=\"nofollow\" target=\"_blank\" href=\"https:\/\/www.youtube.com\/watch?v=ycKOQRhIeh8\" target=\"_blank\" rel=\"noopener noreferrer\">Im Gespr\u00e4ch<\/a> mit <em>FAZ<\/em>-Herausgeber Berthold Kohler ging Merz nun auf Konfrontation: Was Trump da im Augenblick mache, sei nicht Deeskalation und der Versuch, eine friedliche L\u00f6sung hinzubekommen, sondern eine massive Eskalation mit offenem Ausgang. Zuvor hatte Merz die Ermordung iranischer F\u00fchrungspers\u00f6nlichkeiten und die Frage der V\u00f6lkerrechtswidrigkeit des von Israel und den USA begonnenen Krieges angesprochen: &#8220;Das sind Eskalationen, die schon bedrohlich sind. Nicht nur f\u00fcr die Betroffenen, sondern f\u00fcr uns alle.&#8221;<\/p>\n<p>Auch das von den USA und Israel erkl\u00e4rte Kriegsziel eines Regime-Change in Iran zweifelte Merz an: &#8220;Wenn es das Ziel ist, glaube ich nicht, dass sie das erreichen werden.&#8221; Er sei nicht der Ansicht, dass das, was Israel und die USA gerade machten, wirklich zum Erfolg f\u00fchren k\u00f6nnte. Die Ursache f\u00fcr den Ausbruch des Konflikts verortete der Bundeskanzler weiterhin beim &#8220;Terrorregime in Teheran&#8221;, das eine Destabilisierung eigentlich einer ganzen Region zu verantworten habe. Eine v\u00f6lkerrechtliche Bewertung des Krieges vermied der Kanzler.<\/p>\n<p>Ebenso kritisierte Merz den Kommunikationsstil des US-Pr\u00e4sidenten. In einem seiner Telefonate mit Trump habe er diese moniert:<\/p>\n<blockquote>\n<p><em>&#8220;Ich habe ihm gesagt, wenn du willst, dass wir helfen, dann frag uns bitte vorher, upfront, und nicht \u00fcber die Zeitungen hinterher.&#8221;<\/em><\/p>\n<\/blockquote>\n<p>Merz nannte Trumps bisheriges Gespr\u00e4chsverhalten ein inakzeptables Vorgehen, das die Bundesregierung auch in Zukunft nicht akzeptieren werde.<\/p>\n<p>Das transatlantische B\u00fcndnis m\u00f6chte Merz jedoch noch nicht als rettungslos verloren geben: Er lege Wert auf die Feststellung, &#8220;dass wir dieses transatlantische B\u00fcndnis nicht ohne Not von unserer Seite aus gef\u00e4hrden&#8221;. Man wei\u00df ja nicht, was nach Trump kommt. Nach einem Regierungswechsel in den USA musste sich das transatlantische Verh\u00e4ltnis nicht zwangsl\u00e4ufig sofort wieder verbessern. Es k\u00f6nnte jedoch sein, dass sich in den USA auch ein Politiker findet, &#8220;der den Wert des transatlantischen B\u00fcndnisses wieder anders beurteilt&#8221;. Deshalb wolle er das B\u00fcndnis nicht gef\u00e4hrden und versucht im Augenblick eine Gratwanderung.<\/p>\n<p>Nicht nur Trump, auch Frankreichs Pr\u00e4sident Emmanuel Macron bekam Merz&#8217; Kritik zu sp\u00fcren. Gefragt nach Frankreichs Einsatz zum Schutz der nah\u00f6stlichen Seewege, \u00e4u\u00dferte Merz: &#8220;Na ja, also Frankreich plant ja, es h\u00f6rt sich immer etwas gro\u00dfartiger an, als es dann tats\u00e4chlich ist.&#8221;\u00a0Frankreich besitze einen Flugzeugtr\u00e4ger, der &#8220;weitgehend funktionst\u00fcchtig&#8221;\u00a0sei, und habe diesen ins Mittelmeer geschickt. Die Absicherung des Friedens in Nahost konnte nur gemeinsam gelingen.<\/p>\n<p>Ein deutscher Marine-Einsatz zur Minenr\u00e4umung h\u00e4lt Merz nach der Beendigung des Krieges f\u00fcr m\u00f6glich. Allerdings ist dies eine rein theoretische Frage, da die Stra\u00dfe von Hormus bisher nicht vermint worden sei.<\/p>\n<p><strong>Mehr zum Thema \u2013 <\/strong>\u00a0<a rel=\"nofollow\" target=\"_blank\" href=\"https:\/\/freedert.online\/kurzclips\/video\/274947-trump-attackiert-merz-ukraine-war\/\" target=\"_blank\" rel=\"noopener noreferrer\">Trump attackiert Merz: \u201eDie Ukraine war auch nicht unser Krieg\u201c<\/a><\/p>\n<div class=\"EmbedBlock-root EmbedBlock-externalVideo EmbedBlock-rumble\">\n<div class=\"VkEmbed\"><iframe class=\"lazyload\" data-src=\"https:\/\/rumble.com\/embed\/v75i2va\" frameborder=\"0\" width=\"853\" height=\"480\" allowfullscreen><\/iframe><\/div>\n<\/div>\n<\/div>\n<p><br \/>\n<br \/><a href=\"https:\/\/de.rt.com\/der-nahe-osten\/275101-replik-auf-trumps-verbalattacke-merz-kritisiert-vorgehen-der-usa-im-iran-krieg\/\">Source link <\/a><\/p>\n","protected":false},"excerpt":{"rendered":"<p>Nachdem US-Pr\u00e4sident Donald Trump den deutschen Regierungschef wegen der Nichtbeteiligung Deutschlands am Iran-Krieg kritisiert hatte, konterte nun Friedrich Merz. Auf einem Kongress \u00fcbte er deutliche Kritik am Vorgehen des US-Pr\u00e4sidenten. Bei einer Kabinettssitzung am vergangenen Donnerstag hatte Donald Trump Bezug auf eine \u00c4u\u00dferung aus bundesdeutschen Regierungskreisen &#8220;Dies ist nicht unser Krieg&#8221; Bezug genommen und sie [&hellip;]<\/p>\n","protected":false},"author":3,"featured_media":100940,"comment_status":"open","ping_status":"open","sticky":false,"template":"","format":"standard","meta":{"_yoast_indexnow_last_ping":["1774737127"],"wp_automatic_camp":["217"],"72bfcfb3decea5a7def6a14347ba8a24":["Replik auf Trumps Verbalattacke: Merz kritisiert Vorgehen der USA im Iran-Krieg"],"original_link":["https:\/\/de.rt.com\/der-nahe-osten\/275101-replik-auf-trumps-verbalattacke-merz-kritisiert-vorgehen-der-usa-im-iran-krieg\/"],"_thumbnail_id":["100940"],"jnews_social_counter_last_update":["1777195470"],"_wptgpro_p2tg_sent2tg":["a:1:{i:23737;s:19:\"2026-03-29 00:33:11\";}"]},"categories":[19,23],"tags":[133,82,52995,739,18728,46391,317,193,54486,359],"yoast_head":"<!-- This site is optimized with the Yoast SEO Premium plugin v22.7 (Yoast SEO v22.7) - https:\/\/yoast.com\/wordpress\/plugins\/seo\/ -->\n<title>Replik auf Trumps Verbalattacke: Merz kritisiert Vorgehen der USA im Iran-Krieg - just-now.NEWS Deutschland<\/title>\n<meta name=\"robots\" content=\"index, follow, max-snippet:-1, max-image-preview:large, max-video-preview:-1\" \/>\n<link rel=\"canonical\" href=\"https:\/\/now-news.de\/de\/deutschland\/replik-auf-trumps-verbalattacke-merz-kritisiert-vorgehen-der-usa-im-iran-krieg\/\" \/>\n<meta property=\"og:locale\" content=\"de_DE\" \/>\n<meta property=\"og:type\" content=\"article\" \/>\n<meta property=\"og:title\" content=\"Replik auf Trumps Verbalattacke: Merz kritisiert Vorgehen der USA im Iran-Krieg\" \/>\n<meta property=\"og:description\" content=\"Nachdem US-Pr\u00e4sident Donald Trump den deutschen Regierungschef wegen der Nichtbeteiligung Deutschlands am Iran-Krieg kritisiert hatte, konterte nun Friedrich Merz. Auf einem Kongress \u00fcbte er deutliche Kritik am Vorgehen des US-Pr\u00e4sidenten. Bei einer Kabinettssitzung am vergangenen Donnerstag hatte Donald Trump Bezug auf eine \u00c4u\u00dferung aus bundesdeutschen Regierungskreisen &#8220;Dies ist nicht unser Krieg&#8221; Bezug genommen und sie [&hellip;]\" \/>\n<meta property=\"og:url\" content=\"https:\/\/now-news.de\/de\/deutschland\/replik-auf-trumps-verbalattacke-merz-kritisiert-vorgehen-der-usa-im-iran-krieg\/\" \/>\n<meta property=\"og:site_name\" content=\"just-now.NEWS Deutschland\" \/>\n<meta property=\"article:publisher\" content=\"https:\/\/www.facebook.com\/wirmachenauf\" \/>\n<meta property=\"article:published_time\" content=\"2026-03-28T22:22:27+00:00\" \/>\n<meta property=\"og:image\" content=\"https:\/\/now-news.de\/de\/wp-content\/uploads\/sites\/3\/2026\/03\/69c7bb1948fbef42c346d8d8.jpg\" \/>\n<meta name=\"author\" content=\"rtnews\" \/>\n<meta name=\"twitter:card\" content=\"summary_large_image\" \/>\n<meta name=\"twitter:creator\" content=\"@WirMachenAuf_de\" \/>\n<meta name=\"twitter:site\" content=\"@WirMachenAuf_de\" \/>\n<meta name=\"twitter:label1\" content=\"Verfasst von\" \/>\n\t<meta name=\"twitter:data1\" content=\"rtnews\" \/>\n\t<meta name=\"twitter:label2\" content=\"Gesch\u00e4tzte Lesezeit\" \/>\n\t<meta name=\"twitter:data2\" content=\"3\u00a0Minuten\" \/>\n<script type=\"application\/ld+json\" class=\"yoast-schema-graph\">{\"@context\":\"https:\/\/schema.org\",\"@graph\":[{\"@type\":\"Article\",\"@id\":\"https:\/\/now-news.de\/de\/deutschland\/replik-auf-trumps-verbalattacke-merz-kritisiert-vorgehen-der-usa-im-iran-krieg\/#article\",\"isPartOf\":{\"@id\":\"https:\/\/now-news.de\/de\/deutschland\/replik-auf-trumps-verbalattacke-merz-kritisiert-vorgehen-der-usa-im-iran-krieg\/\"},\"author\":{\"name\":\"rtnews\",\"@id\":\"https:\/\/now-news.de\/de\/#\/schema\/person\/fb534a4e865501d8b3285208df34a9b5\"},\"headline\":\"Replik auf Trumps Verbalattacke: Merz kritisiert Vorgehen der USA im Iran-Krieg\",\"datePublished\":\"2026-03-28T22:22:27+00:00\",\"dateModified\":\"2026-03-28T22:22:27+00:00\",\"mainEntityOfPage\":{\"@id\":\"https:\/\/now-news.de\/de\/deutschland\/replik-auf-trumps-verbalattacke-merz-kritisiert-vorgehen-der-usa-im-iran-krieg\/\"},\"wordCount\":631,\"commentCount\":0,\"publisher\":{\"@id\":\"https:\/\/now-news.de\/de\/#organization\"},\"image\":{\"@id\":\"https:\/\/now-news.de\/de\/deutschland\/replik-auf-trumps-verbalattacke-merz-kritisiert-vorgehen-der-usa-im-iran-krieg\/#primaryimage\"},\"thumbnailUrl\":\"https:\/\/now-news.de\/de\/wp-content\/uploads\/sites\/3\/2026\/03\/Replik-auf-Trumps-Verbalattacke-Merz-kritisiert-Vorgehen-der-USA-im.jpg\",\"keywords\":[\"AUF\",\"der\",\"Irankrieg\",\"kritisiert\",\"Merz\",\"Replik\",\"Trumps\",\"USA\",\"Verbalattacke\",\"Vorgehen\"],\"articleSection\":[\"Deutschland\",\"Russland\"],\"inLanguage\":\"de\",\"potentialAction\":[{\"@type\":\"CommentAction\",\"name\":\"Comment\",\"target\":[\"https:\/\/now-news.de\/de\/deutschland\/replik-auf-trumps-verbalattacke-merz-kritisiert-vorgehen-der-usa-im-iran-krieg\/#respond\"]}]},{\"@type\":\"WebPage\",\"@id\":\"https:\/\/now-news.de\/de\/deutschland\/replik-auf-trumps-verbalattacke-merz-kritisiert-vorgehen-der-usa-im-iran-krieg\/\",\"url\":\"https:\/\/now-news.de\/de\/deutschland\/replik-auf-trumps-verbalattacke-merz-kritisiert-vorgehen-der-usa-im-iran-krieg\/\",\"name\":\"Replik auf Trumps Verbalattacke: Merz kritisiert Vorgehen der USA im Iran-Krieg - just-now.NEWS Deutschland\",\"isPartOf\":{\"@id\":\"https:\/\/now-news.de\/de\/#website\"},\"primaryImageOfPage\":{\"@id\":\"https:\/\/now-news.de\/de\/deutschland\/replik-auf-trumps-verbalattacke-merz-kritisiert-vorgehen-der-usa-im-iran-krieg\/#primaryimage\"},\"image\":{\"@id\":\"https:\/\/now-news.de\/de\/deutschland\/replik-auf-trumps-verbalattacke-merz-kritisiert-vorgehen-der-usa-im-iran-krieg\/#primaryimage\"},\"thumbnailUrl\":\"https:\/\/now-news.de\/de\/wp-content\/uploads\/sites\/3\/2026\/03\/Replik-auf-Trumps-Verbalattacke-Merz-kritisiert-Vorgehen-der-USA-im.jpg\",\"datePublished\":\"2026-03-28T22:22:27+00:00\",\"dateModified\":\"2026-03-28T22:22:27+00:00\",\"breadcrumb\":{\"@id\":\"https:\/\/now-news.de\/de\/deutschland\/replik-auf-trumps-verbalattacke-merz-kritisiert-vorgehen-der-usa-im-iran-krieg\/#breadcrumb\"},\"inLanguage\":\"de\",\"potentialAction\":[{\"@type\":\"ReadAction\",\"target\":[\"https:\/\/now-news.de\/de\/deutschland\/replik-auf-trumps-verbalattacke-merz-kritisiert-vorgehen-der-usa-im-iran-krieg\/\"]}]},{\"@type\":\"ImageObject\",\"inLanguage\":\"de\",\"@id\":\"https:\/\/now-news.de\/de\/deutschland\/replik-auf-trumps-verbalattacke-merz-kritisiert-vorgehen-der-usa-im-iran-krieg\/#primaryimage\",\"url\":\"https:\/\/now-news.de\/de\/wp-content\/uploads\/sites\/3\/2026\/03\/Replik-auf-Trumps-Verbalattacke-Merz-kritisiert-Vorgehen-der-USA-im.jpg\",\"contentUrl\":\"https:\/\/now-news.de\/de\/wp-content\/uploads\/sites\/3\/2026\/03\/Replik-auf-Trumps-Verbalattacke-Merz-kritisiert-Vorgehen-der-USA-im.jpg\",\"width\":460,\"height\":259,\"caption\":\"Replik auf Trumps Verbalattacke: Merz kritisiert Vorgehen der USA im Iran-Krieg\"},{\"@type\":\"BreadcrumbList\",\"@id\":\"https:\/\/now-news.de\/de\/deutschland\/replik-auf-trumps-verbalattacke-merz-kritisiert-vorgehen-der-usa-im-iran-krieg\/#breadcrumb\",\"itemListElement\":[{\"@type\":\"ListItem\",\"position\":1,\"name\":\"Home\",\"item\":\"https:\/\/now-news.de\/de\/\"},{\"@type\":\"ListItem\",\"position\":2,\"name\":\"Replik auf Trumps Verbalattacke: Merz kritisiert Vorgehen der USA im Iran-Krieg\"}]},{\"@type\":\"WebSite\",\"@id\":\"https:\/\/now-news.de\/de\/#website\",\"url\":\"https:\/\/now-news.de\/de\/\",\"name\":\"just-now.NEWS Deutschland\",\"description\":\"Das Portal f\u00fcr unzensierte Nachrichten aus der Welt\",\"publisher\":{\"@id\":\"https:\/\/now-news.de\/de\/#organization\"},\"potentialAction\":[{\"@type\":\"SearchAction\",\"target\":{\"@type\":\"EntryPoint\",\"urlTemplate\":\"https:\/\/now-news.de\/de\/?s={search_term_string}\"},\"query-input\":\"required name=search_term_string\"}],\"inLanguage\":\"de\"},{\"@type\":\"Organization\",\"@id\":\"https:\/\/now-news.de\/de\/#organization\",\"name\":\"Just Now News\",\"url\":\"https:\/\/now-news.de\/de\/\",\"logo\":{\"@type\":\"ImageObject\",\"inLanguage\":\"de\",\"@id\":\"https:\/\/now-news.de\/de\/#\/schema\/logo\/image\/\",\"url\":\"http:\/\/just-now.news\/de\/wp-content\/uploads\/sites\/3\/2022\/04\/logo500x500.jpg\",\"contentUrl\":\"http:\/\/just-now.news\/de\/wp-content\/uploads\/sites\/3\/2022\/04\/logo500x500.jpg\",\"width\":500,\"height\":500,\"caption\":\"Just Now News\"},\"image\":{\"@id\":\"https:\/\/now-news.de\/de\/#\/schema\/logo\/image\/\"},\"sameAs\":[\"https:\/\/www.facebook.com\/wirmachenauf\",\"https:\/\/x.com\/WirMachenAuf_de\"]},{\"@type\":\"Person\",\"@id\":\"https:\/\/now-news.de\/de\/#\/schema\/person\/fb534a4e865501d8b3285208df34a9b5\",\"name\":\"rtnews\",\"image\":{\"@type\":\"ImageObject\",\"inLanguage\":\"de\",\"@id\":\"https:\/\/now-news.de\/de\/#\/schema\/person\/image\/\",\"url\":\"https:\/\/secure.gravatar.com\/avatar\/82aafea7d8127119dd649515f56e2117?s=96&d=mm&r=g\",\"contentUrl\":\"https:\/\/secure.gravatar.com\/avatar\/82aafea7d8127119dd649515f56e2117?s=96&d=mm&r=g\",\"caption\":\"rtnews\"},\"url\":\"https:\/\/now-news.de\/de\/author\/rnews\/\"}]}<\/script>\n<!-- \/ Yoast SEO Premium plugin. -->","yoast_head_json":{"title":"Replik auf Trumps Verbalattacke: Merz kritisiert Vorgehen der USA im Iran-Krieg - just-now.NEWS Deutschland","robots":{"index":"index","follow":"follow","max-snippet":"max-snippet:-1","max-image-preview":"max-image-preview:large","max-video-preview":"max-video-preview:-1"},"canonical":"https:\/\/now-news.de\/de\/deutschland\/replik-auf-trumps-verbalattacke-merz-kritisiert-vorgehen-der-usa-im-iran-krieg\/","og_locale":"de_DE","og_type":"article","og_title":"Replik auf Trumps Verbalattacke: Merz kritisiert Vorgehen der USA im Iran-Krieg","og_description":"Nachdem US-Pr\u00e4sident Donald Trump den deutschen Regierungschef wegen der Nichtbeteiligung Deutschlands am Iran-Krieg kritisiert hatte, konterte nun Friedrich Merz. Auf einem Kongress \u00fcbte er deutliche Kritik am Vorgehen des US-Pr\u00e4sidenten. Bei einer Kabinettssitzung am vergangenen Donnerstag hatte Donald Trump Bezug auf eine \u00c4u\u00dferung aus bundesdeutschen Regierungskreisen &#8220;Dies ist nicht unser Krieg&#8221; Bezug genommen und sie [&hellip;]","og_url":"https:\/\/now-news.de\/de\/deutschland\/replik-auf-trumps-verbalattacke-merz-kritisiert-vorgehen-der-usa-im-iran-krieg\/","og_site_name":"just-now.NEWS Deutschland","article_publisher":"https:\/\/www.facebook.com\/wirmachenauf","article_published_time":"2026-03-28T22:22:27+00:00","og_image":[{"url":"https:\/\/now-news.de\/de\/wp-content\/uploads\/sites\/3\/2026\/03\/69c7bb1948fbef42c346d8d8.jpg"}],"author":"rtnews","twitter_card":"summary_large_image","twitter_creator":"@WirMachenAuf_de","twitter_site":"@WirMachenAuf_de","twitter_misc":{"Verfasst von":"rtnews","Gesch\u00e4tzte Lesezeit":"3\u00a0Minuten"},"schema":{"@context":"https:\/\/schema.org","@graph":[{"@type":"Article","@id":"https:\/\/now-news.de\/de\/deutschland\/replik-auf-trumps-verbalattacke-merz-kritisiert-vorgehen-der-usa-im-iran-krieg\/#article","isPartOf":{"@id":"https:\/\/now-news.de\/de\/deutschland\/replik-auf-trumps-verbalattacke-merz-kritisiert-vorgehen-der-usa-im-iran-krieg\/"},"author":{"name":"rtnews","@id":"https:\/\/now-news.de\/de\/#\/schema\/person\/fb534a4e865501d8b3285208df34a9b5"},"headline":"Replik auf Trumps Verbalattacke: Merz kritisiert Vorgehen der USA im Iran-Krieg","datePublished":"2026-03-28T22:22:27+00:00","dateModified":"2026-03-28T22:22:27+00:00","mainEntityOfPage":{"@id":"https:\/\/now-news.de\/de\/deutschland\/replik-auf-trumps-verbalattacke-merz-kritisiert-vorgehen-der-usa-im-iran-krieg\/"},"wordCount":631,"commentCount":0,"publisher":{"@id":"https:\/\/now-news.de\/de\/#organization"},"image":{"@id":"https:\/\/now-news.de\/de\/deutschland\/replik-auf-trumps-verbalattacke-merz-kritisiert-vorgehen-der-usa-im-iran-krieg\/#primaryimage"},"thumbnailUrl":"https:\/\/now-news.de\/de\/wp-content\/uploads\/sites\/3\/2026\/03\/Replik-auf-Trumps-Verbalattacke-Merz-kritisiert-Vorgehen-der-USA-im.jpg","keywords":["AUF","der","Irankrieg","kritisiert","Merz","Replik","Trumps","USA","Verbalattacke","Vorgehen"],"articleSection":["Deutschland","Russland"],"inLanguage":"de","potentialAction":[{"@type":"CommentAction","name":"Comment","target":["https:\/\/now-news.de\/de\/deutschland\/replik-auf-trumps-verbalattacke-merz-kritisiert-vorgehen-der-usa-im-iran-krieg\/#respond"]}]},{"@type":"WebPage","@id":"https:\/\/now-news.de\/de\/deutschland\/replik-auf-trumps-verbalattacke-merz-kritisiert-vorgehen-der-usa-im-iran-krieg\/","url":"https:\/\/now-news.de\/de\/deutschland\/replik-auf-trumps-verbalattacke-merz-kritisiert-vorgehen-der-usa-im-iran-krieg\/","name":"Replik auf Trumps Verbalattacke: Merz kritisiert Vorgehen der USA im Iran-Krieg - just-now.NEWS Deutschland","isPartOf":{"@id":"https:\/\/now-news.de\/de\/#website"},"primaryImageOfPage":{"@id":"https:\/\/now-news.de\/de\/deutschland\/replik-auf-trumps-verbalattacke-merz-kritisiert-vorgehen-der-usa-im-iran-krieg\/#primaryimage"},"image":{"@id":"https:\/\/now-news.de\/de\/deutschland\/replik-auf-trumps-verbalattacke-merz-kritisiert-vorgehen-der-usa-im-iran-krieg\/#primaryimage"},"thumbnailUrl":"https:\/\/now-news.de\/de\/wp-content\/uploads\/sites\/3\/2026\/03\/Replik-auf-Trumps-Verbalattacke-Merz-kritisiert-Vorgehen-der-USA-im.jpg","datePublished":"2026-03-28T22:22:27+00:00","dateModified":"2026-03-28T22:22:27+00:00","breadcrumb":{"@id":"https:\/\/now-news.de\/de\/deutschland\/replik-auf-trumps-verbalattacke-merz-kritisiert-vorgehen-der-usa-im-iran-krieg\/#breadcrumb"},"inLanguage":"de","potentialAction":[{"@type":"ReadAction","target":["https:\/\/now-news.de\/de\/deutschland\/replik-auf-trumps-verbalattacke-merz-kritisiert-vorgehen-der-usa-im-iran-krieg\/"]}]},{"@type":"ImageObject","inLanguage":"de","@id":"https:\/\/now-news.de\/de\/deutschland\/replik-auf-trumps-verbalattacke-merz-kritisiert-vorgehen-der-usa-im-iran-krieg\/#primaryimage","url":"https:\/\/now-news.de\/de\/wp-content\/uploads\/sites\/3\/2026\/03\/Replik-auf-Trumps-Verbalattacke-Merz-kritisiert-Vorgehen-der-USA-im.jpg","contentUrl":"https:\/\/now-news.de\/de\/wp-content\/uploads\/sites\/3\/2026\/03\/Replik-auf-Trumps-Verbalattacke-Merz-kritisiert-Vorgehen-der-USA-im.jpg","width":460,"height":259,"caption":"Replik auf Trumps Verbalattacke: Merz kritisiert Vorgehen der USA im Iran-Krieg"},{"@type":"BreadcrumbList","@id":"https:\/\/now-news.de\/de\/deutschland\/replik-auf-trumps-verbalattacke-merz-kritisiert-vorgehen-der-usa-im-iran-krieg\/#breadcrumb","itemListElement":[{"@type":"ListItem","position":1,"name":"Home","item":"https:\/\/now-news.de\/de\/"},{"@type":"ListItem","position":2,"name":"Replik auf Trumps Verbalattacke: Merz kritisiert Vorgehen der USA im Iran-Krieg"}]},{"@type":"WebSite","@id":"https:\/\/now-news.de\/de\/#website","url":"https:\/\/now-news.de\/de\/","name":"just-now.NEWS Deutschland","description":"Das Portal f\u00fcr unzensierte Nachrichten aus der Welt","publisher":{"@id":"https:\/\/now-news.de\/de\/#organization"},"potentialAction":[{"@type":"SearchAction","target":{"@type":"EntryPoint","urlTemplate":"https:\/\/now-news.de\/de\/?s={search_term_string}"},"query-input":"required name=search_term_string"}],"inLanguage":"de"},{"@type":"Organization","@id":"https:\/\/now-news.de\/de\/#organization","name":"Just Now News","url":"https:\/\/now-news.de\/de\/","logo":{"@type":"ImageObject","inLanguage":"de","@id":"https:\/\/now-news.de\/de\/#\/schema\/logo\/image\/","url":"http:\/\/just-now.news\/de\/wp-content\/uploads\/sites\/3\/2022\/04\/logo500x500.jpg","contentUrl":"http:\/\/just-now.news\/de\/wp-content\/uploads\/sites\/3\/2022\/04\/logo500x500.jpg","width":500,"height":500,"caption":"Just Now News"},"image":{"@id":"https:\/\/now-news.de\/de\/#\/schema\/logo\/image\/"},"sameAs":["https:\/\/www.facebook.com\/wirmachenauf","https:\/\/x.com\/WirMachenAuf_de"]},{"@type":"Person","@id":"https:\/\/now-news.de\/de\/#\/schema\/person\/fb534a4e865501d8b3285208df34a9b5","name":"rtnews","image":{"@type":"ImageObject","inLanguage":"de","@id":"https:\/\/now-news.de\/de\/#\/schema\/person\/image\/","url":"https:\/\/secure.gravatar.com\/avatar\/82aafea7d8127119dd649515f56e2117?s=96&d=mm&r=g","contentUrl":"https:\/\/secure.gravatar.com\/avatar\/82aafea7d8127119dd649515f56e2117?s=96&d=mm&r=g","caption":"rtnews"},"url":"https:\/\/now-news.de\/de\/author\/rnews\/"}]}},"_links":{"self":[{"href":"https:\/\/now-news.de\/de\/wp-json\/wp\/v2\/posts\/100939"}],"collection":[{"href":"https:\/\/now-news.de\/de\/wp-json\/wp\/v2\/posts"}],"about":[{"href":"https:\/\/now-news.de\/de\/wp-json\/wp\/v2\/types\/post"}],"author":[{"embeddable":true,"href":"https:\/\/now-news.de\/de\/wp-json\/wp\/v2\/users\/3"}],"replies":[{"embeddable":true,"href":"https:\/\/now-news.de\/de\/wp-json\/wp\/v2\/comments?post=100939"}],"version-history":[{"count":0,"href":"https:\/\/now-news.de\/de\/wp-json\/wp\/v2\/posts\/100939\/revisions"}],"wp:featuredmedia":[{"embeddable":true,"href":"https:\/\/now-news.de\/de\/wp-json\/wp\/v2\/media\/100940"}],"wp:attachment":[{"href":"https:\/\/now-news.de\/de\/wp-json\/wp\/v2\/media?parent=100939"}],"wp:term":[{"taxonomy":"category","embeddable":true,"href":"https:\/\/now-news.de\/de\/wp-json\/wp\/v2\/categories?post=100939"},{"taxonomy":"post_tag","embeddable":true,"href":"https:\/\/now-news.de\/de\/wp-json\/wp\/v2\/tags?post=100939"}],"curies":[{"name":"wp","href":"https:\/\/api.w.org\/{rel}","templated":true}]}}