{"id":100937,"date":"2026-03-28T21:43:11","date_gmt":"2026-03-28T19:43:11","guid":{"rendered":"https:\/\/now-news.de\/de\/deutschland\/mediale-vergewaltigung-wie-der-fall-collien-fernandes-fuer-ein-ki-gesetz-inszeniert-wird\/"},"modified":"2026-03-28T21:43:11","modified_gmt":"2026-03-28T19:43:11","slug":"mediale-vergewaltigung-wie-der-fall-collien-fernandes-fuer-ein-ki-gesetz-inszeniert-wird","status":"publish","type":"post","link":"https:\/\/now-news.de\/de\/deutschland\/mediale-vergewaltigung-wie-der-fall-collien-fernandes-fuer-ein-ki-gesetz-inszeniert-wird\/","title":{"rendered":"Mediale Vergewaltigung: Wie der Fall Collien Fernandes f\u00fcr ein KI-Gesetz inszeniert wird"},"content":{"rendered":"<div class=\"Text-root Text-type_1 \">\n                Aus einem Promi-Ehekrach bastelten deutsche Medien ein Narrativ \u00fcber &#8220;virtuelle Vergewaltigung&#8221;. Ulmen dementiert: Es wurden keine Deepfakes erstellt. Dennoch trieb der Fall die Debatte um KI-Regulierung voran. \u00dcbertreibung, Wortklauberei und politische Instrumentalisierung pr\u00e4gen den Diskurs \u2013 Fakten spielen kaum eine Rolle.\n            <\/div>\n<p><\/p>\n<div class=\"Text-root Text-type_5 ArticleView-text ViewText-root \">\n<p><em>Von Hans-Ueli L\u00e4ppli<\/em><\/p>\n<p>Der Fall Collien Fernandes gegen ihren Ex-Mann Christian Ulmen ist ein Lehrst\u00fcck daf\u00fcr, wie Boulevard und Politik Hand in Hand agieren.<\/p>\n<p>Was der <em>Spiegel<\/em> Mitte M\u00e4rz 2026 als \u00fcber Jahre betriebene &#8220;virtuelle Vergewaltigung&#8221; inszenierte \u2013 Deepfake-Pornos, Fake-Profile, angeblicher Identit\u00e4tsdiebstahl durch den eigenen Ehemann \u2013, zerf\u00e4llt bei genauer Betrachtung zu \u00dcbertreibung, Wortklauberei und politischer Instrumentalisierung.<\/p>\n<figure class=\"RTImage-root\">\n<div class=\"RTImage-image RTImage-original\"><picture class=\"Picture-root Picture-original\"><!--[if IE 9]><video style=\"display: none;\"><![endif]--><source media=\"(-webkit-min-device-pixel-ratio: 2) and (min-resolution: 120dpi)\" data-srcset=\" \nhttps:\/\/now-news.de\/de\/wp-content\/uploads\/sites\/3\/2026\/03\/69c78637b480cc6b8029e6fc.jpg 850w,\n                https:\/\/now-news.de\/de\/wp-content\/uploads\/sites\/3\/2026\/03\/69c78637b480cc6b8029e6fc.jpg 1960w,            \" ><source data-srcset=\" \nhttps:\/\/now-news.de\/de\/wp-content\/uploads\/sites\/3\/2026\/03\/69c78637b480cc6b8029e6fc.jpg 460w,\n              https:\/\/now-news.de\/de\/wp-content\/uploads\/sites\/3\/2026\/03\/69c78637b480cc6b8029e6fc.jpg 980w,\n            \" ><!--[if IE 9]><\/video><![endif]--><img decoding=\"async\" data- src=\"data:image\/png;base64,iVBORw0KGgoAAAANSUhEUgAAABAAAAAJCAQAAACRI2S5AAAAEElEQVR42mNkIAAYRxWAAQAG9gAKqv6+AwAAAABJRU5ErkJggg==\" class=\"Picture-root Picture-original lazyload\" data-src=\"https:\/\/now-news.de\/de\/wp-content\/uploads\/sites\/3\/2026\/03\/69c78637b480cc6b8029e6fc.jpg\" alt=\"\"><\/source><\/source><\/picture><!-- noscript pattern --><noscript><img decoding=\"async\" src=\"https:\/\/now-news.de\/de\/wp-content\/uploads\/sites\/3\/2026\/03\/69c78637b480cc6b8029e6fc.jpg\" alt=\"\"><\/noscript><\/div><figcaption class=\"RTImage-footer\"><span class=\"RTImage-caption\"><span class=\"RTImage-captionItem\">Medien inszenieren Skandal: Collien Fernandes und die Instrumentalisierung f\u00fcr KI-Gesetze<\/span><\/span><span class=\"RTImage-source\"><span class=\"RTImage-captionItem\">Stefan Trappe<\/span><span class=\"RTImage-captionItem\"> \/ Legion-media.ru<\/span><\/span><\/figcaption><\/figure>\n<p>Fernandes warf Ulmen vor, \u00fcber ein Jahrzehnt (!) Fake-Profile in ihrem Namen betrieben, M\u00e4nner aus ihrem Umfeld kontaktiert und sexuelle Chats gef\u00fchrt zu haben. Nochmals: zehn Jahre!<\/p>\n<p>Schnell war von &#8220;virtueller Vergewaltigung&#8221; die Rede. Tausende demonstrierten am 22. M\u00e4rz 2026 in Berlin am Brandenburger Tor &#8220;gegen sexualisierte digitale Gewalt&#8221;, mit Luisa Neubauer als Star-Rednerin. Aktivistinnen forderten sch\u00e4rfere Gesetze gegen Deepfakes. Die Emp\u00f6rungsmaschine lief auf Hochtouren.<\/p>\n<p>Dann kam die Wende.<\/p>\n<p>Ulmens Anw\u00e4lte, darunter Christian Schertz, stellten klar: Ihr Mandant habe zu keinem Zeitpunkt Deepfake-Videos hergestellt oder verbreitet. Die Darstellungen seien falsch und st\u00fcnden in keinem Zusammenhang mit Debatten um Strafbarkeitsl\u00fccken bei Deepfake-Pornografie.<\/p>\n<p>Zum Mallorca-Zwischenfall 2023 hie\u00df es: Keine einseitige Gewalt, beide wurden vor\u00fcbergehend festgenommen; die Polizei sprach von &#8220;beidseitigen Verfehlungen&#8221;. Fernandes selbst hatte Ulmen einen Kratzer am Hals zugef\u00fcgt.<\/p>\n<p>In einem Interview relativierte Fernandes: Es gebe Deepnudes von ihr, aber die pornografischen Videos unter ihrer Identit\u00e4t seien &#8220;ein Deepfake, eine Montage, ein was auch immer&#8221;. KI-generierte Videos von Ulmen existierten nicht. Zum Gl\u00fcck.<\/p>\n<p>Pl\u00f6tzlich war der zentrale Skandal \u2013 der Ehemann als Deepfake-Produzent \u2013 keiner mehr. Der <em>Spiegel<\/em> hatte die Story mit Schlagzeilen wie &#8220;Du hast mich virtuell vergewaltigt&#8221; inszeniert. Die Berichterstattung wirkt nun wie klassischer Verdachtsjournalismus, mit Korrektur im Kleingedruckten.<\/p>\n<p><strong>Warum der Fall stinkt<\/strong><\/p>\n<ol>\n<li>\n<p>Wortklauberei und \u00dcbertreibung: Aus Fake-Profilen und verschickten Inhalten wurde ein &#8220;Deepfake-Skandal&#8221;, perfekt getimt f\u00fcr die KI-Gesetzesdebatte. Pl\u00f6tzlich stand ein prominentes Opfer bereit, emotional aufgeladen, kurz vor oder mit fertiger Gesetzesinitiative.<\/p>\n<\/li>\n<li>\n<p>Unglaubw\u00fcrdige Langzeitstory: Zehn Jahre lang unentdeckt sexuelle Chats im Namen des Opfers? Technisch vor 2016 kaum plausibel. Wo sind die Beweise? Warum blieb sie angeblich so lange bei ihm?<\/p>\n<\/li>\n<li>\n<p>Selektive Emp\u00f6rung: Tausende demonstrierten f\u00fcr Fernandes, w\u00e4hrend reale Sexualdelikte in Problemvierteln medial kaum Beachtung finden. Solidarit\u00e4t wird zunehmend zur Simulation \u2013 f\u00fcr diejenigen, die ins richtige Milieu passen.<\/p>\n<\/li>\n<li>\n<p>Politische Instrumentalisierung: NGOs wie <em>HateAid<\/em> und gr\u00fcne Politikerinnen nutzten den Fall sofort f\u00fcr Forderungen nach mehr Netz-Zensur.\u00a0<\/p>\n<\/li>\n<\/ol>\n<p>Identit\u00e4tsdiebstahl, Fake-Profile und pornografische Inhalte unter fremdem Namen sind abscheulich und strafbar. Betroffene verdienen Schutz \u2013 nicht nur prominente.<\/p>\n<p>Doch hier wurde eine private Auseinandersetzung zu einem bundesweiten Skandal hochgejazzt, um eine politische Agenda zu bedienen. Das ist keine seri\u00f6se Berichterstattung.<\/p>\n<figure class=\"RTImage-root\">\n<div class=\"RTImage-image RTImage-original\"><picture class=\"Picture-root Picture-original\"><!--[if IE 9]><video style=\"display: none;\"><![endif]--><source media=\"(-webkit-min-device-pixel-ratio: 2) and (min-resolution: 120dpi)\" data-srcset=\" \nhttps:\/\/now-news.de\/de\/wp-content\/uploads\/sites\/3\/2026\/03\/69c7885648fbef39cb297d1d.jpg 850w,\n                https:\/\/now-news.de\/de\/wp-content\/uploads\/sites\/3\/2026\/03\/69c7885648fbef39cb297d1d.jpg 1960w,            \" ><source data-srcset=\" \nhttps:\/\/now-news.de\/de\/wp-content\/uploads\/sites\/3\/2026\/03\/69c7885648fbef39cb297d1d.jpg 460w,\n              https:\/\/now-news.de\/de\/wp-content\/uploads\/sites\/3\/2026\/03\/69c7885648fbef39cb297d1d.jpg 980w,\n            \" ><!--[if IE 9]><\/video><![endif]--><img decoding=\"async\" data- src=\"data:image\/png;base64,iVBORw0KGgoAAAANSUhEUgAAABAAAAAJCAQAAACRI2S5AAAAEElEQVR42mNkIAAYRxWAAQAG9gAKqv6+AwAAAABJRU5ErkJggg==\" class=\"Picture-root Picture-original lazyload\" data-src=\"https:\/\/now-news.de\/de\/wp-content\/uploads\/sites\/3\/2026\/03\/69c7885648fbef39cb297d1d.jpg\" alt=\"\"><\/source><\/source><\/picture><!-- noscript pattern --><noscript><img decoding=\"async\" src=\"https:\/\/now-news.de\/de\/wp-content\/uploads\/sites\/3\/2026\/03\/69c7885648fbef39cb297d1d.jpg\" alt=\"\"><\/noscript><\/div><figcaption class=\"RTImage-footer\"><span class=\"RTImage-caption\"><span class=\"RTImage-captionItem\">Wie NGOs den Collien-Fernandes-Fall politisch instrumentalisieren<\/span><\/span><span class=\"RTImage-source\"><span class=\"RTImage-captionItem\">Bernd Elmenthaler<\/span><span class=\"RTImage-captionItem\"> \/ Legion-media.ru<\/span><\/span><\/figcaption><\/figure>\n<p>Das ist mediale Vergewaltigung: Der Ruf eines Menschen wird zerfetzt, bevor die Fakten auf dem Tisch liegen.<\/p>\n<p>Der Fall Fernandes zeigt exemplarisch, wie aus Verdacht Gewissheit, aus Ehe-Drama ein gesellschaftspolitisches Kampfmittel und aus Nuancen eine Kampagne wird.<\/p>\n<p>Harte Beweise statt &#8220;ihrer Version&#8221; \u2013 das sollte selbstverst\u00e4ndlich sein. Stattdessen dominiert das Narrativ.<\/p>\n<p>Kein Wunder, dass das Vertrauen in die etablierten Medien sinkt.<\/p>\n<p>Und zum Schluss.<\/p>\n<p data-start=\"60\" data-end=\"542\">Die polizeilich erfassten Vergewaltigungen, sexuellen N\u00f6tigungen und besonders schweren sexuellen \u00dcbergriffe in Deutschland sind seit 2014 f\u00f6rmlich explodiert.<\/p>\n<figure class=\"RTImage-root\">\n<div class=\"RTImage-image RTImage-original\"><picture class=\"Picture-root Picture-original\"><!--[if IE 9]><video style=\"display: none;\"><![endif]--><source media=\"(-webkit-min-device-pixel-ratio: 2) and (min-resolution: 120dpi)\" data-srcset=\" \nhttps:\/\/now-news.de\/de\/wp-content\/uploads\/sites\/3\/2026\/03\/69c78a81b480cc6c2f2f7f84.png 850w,\n                https:\/\/now-news.de\/de\/wp-content\/uploads\/sites\/3\/2026\/03\/69c78a81b480cc6c2f2f7f84.png 1960w,            \" ><source data-srcset=\" \nhttps:\/\/now-news.de\/de\/wp-content\/uploads\/sites\/3\/2026\/03\/69c78a81b480cc6c2f2f7f84.png 460w,\n              https:\/\/now-news.de\/de\/wp-content\/uploads\/sites\/3\/2026\/03\/69c78a81b480cc6c2f2f7f84.png 980w,\n            \" ><!--[if IE 9]><\/video><![endif]--><img decoding=\"async\" data- src=\"data:image\/png;base64,iVBORw0KGgoAAAANSUhEUgAAABAAAAAJCAQAAACRI2S5AAAAEElEQVR42mNkIAAYRxWAAQAG9gAKqv6+AwAAAABJRU5ErkJggg==\" class=\"Picture-root Picture-original lazyload\" data-src=\"https:\/\/now-news.de\/de\/wp-content\/uploads\/sites\/3\/2026\/03\/69c78a81b480cc6c2f2f7f84.png\" alt=\"\"><\/source><\/source><\/picture><!-- noscript pattern --><noscript><img decoding=\"async\" src=\"https:\/\/now-news.de\/de\/wp-content\/uploads\/sites\/3\/2026\/03\/69c78a81b480cc6c2f2f7f84.png\" alt=\"\"><\/noscript><\/div><figcaption class=\"RTImage-footer\"><span class=\"RTImage-caption\"><span class=\"RTImage-captionItem\">Medienl\u00fcge kontra Realit\u00e4t: Wer k\u00e4mpft f\u00fcr die echten Opfer?<\/span><\/span><span class=\"RTImage-source\"><a rel=\"nofollow\" target=\"_blank\" class=\"RTImage-captionItem Link-root\" target=\"_blank\" rel=\"noopener noreferrer\" href=\"https:\/\/de.statista.com\/statistik\/daten\/studie\/200877\/umfrage\/vergewaltigung-und-sexuelle-noetigung\/\">Printscreen Statist<\/a><\/span><\/figcaption><\/figure>\n<p data-start=\"60\" data-end=\"542\">Im Jahr 2024 wurden rund 13.300 F\u00e4lle registriert \u2013 das sechste Jahr in Folge mit steigenden Zahlen und ein neuer H\u00f6chststand. Viele Delikte bleiben unerfasst.<\/p>\n<p data-start=\"60\" data-end=\"542\">Wo bleiben die Demonstrationen f\u00fcr diese Opfer? Und alle wissen, wer die T\u00e4ter meist sind \u2013 trotzdem herrscht erstaunliche mediale und \u00f6ffentliche Selektivit\u00e4t.<\/p>\n<p><strong>Mehr zum Thema<\/strong>\u00a0&#8211;\u00a0<a rel=\"nofollow\" target=\"_blank\" href=\"https:\/\/freedert.online\/meinung\/266185-zehn-jahre-koelner-silvesternacht\/\">Zehn Jahre K\u00f6lner Silvesternacht &#8211; Ein Muster, das weiter wirkt<\/a><\/p>\n<div class=\"EmbedBlock-root EmbedBlock-externalVideo EmbedBlock-rumble\">\n<div class=\"VkEmbed\"><iframe class=\"lazyload\" data-src=\"https:\/\/rumble.com\/embed\/v6yszai\" frameborder=\"0\" width=\"853\" height=\"480\" allowfullscreen><\/iframe><\/div>\n<\/div>\n<\/div>\n<p><br \/>\n<br \/><a href=\"https:\/\/de.rt.com\/meinung\/275084-mediale-vergewaltigung-wie-fall-collien\/\">Source link <\/a><\/p>\n","protected":false},"excerpt":{"rendered":"<p>Aus einem Promi-Ehekrach bastelten deutsche Medien ein Narrativ \u00fcber &#8220;virtuelle Vergewaltigung&#8221;. Ulmen dementiert: Es wurden keine Deepfakes erstellt. Dennoch trieb der Fall die Debatte um KI-Regulierung voran. \u00dcbertreibung, Wortklauberei und politische Instrumentalisierung pr\u00e4gen den Diskurs \u2013 Fakten spielen kaum eine Rolle. Von Hans-Ueli L\u00e4ppli Der Fall Collien Fernandes gegen ihren Ex-Mann Christian Ulmen ist ein [&hellip;]<\/p>\n","protected":false},"author":3,"featured_media":100938,"comment_status":"open","ping_status":"open","sticky":false,"template":"","format":"standard","meta":{"_yoast_indexnow_last_ping":["1774728411"],"wp_automatic_camp":["217"],"6d4f87f7416c7d1c1fb6484523e9777b":["Mediale Vergewaltigung: Wie der Fall Collien Fernandes f\u00fcr ein KI-Gesetz inszeniert wird"],"original_link":["https:\/\/de.rt.com\/meinung\/275084-mediale-vergewaltigung-wie-fall-collien\/"],"_thumbnail_id":["100938"],"jnews_social_counter_last_update":["1777215020"],"_wptgpro_p2tg_sent2tg":["a:1:{i:23737;s:19:\"2026-03-28 22:07:45\";}"]},"categories":[19,23],"tags":[72041,82,357,1657,72042,221,56632,72043,15323,20075,579,374],"yoast_head":"<!-- This site is optimized with the Yoast SEO Premium plugin v22.7 (Yoast SEO v22.7) - https:\/\/yoast.com\/wordpress\/plugins\/seo\/ -->\n<title>Mediale Vergewaltigung: Wie der Fall Collien Fernandes f\u00fcr ein KI-Gesetz inszeniert wird - just-now.NEWS Deutschland<\/title>\n<meta name=\"robots\" content=\"index, follow, max-snippet:-1, max-image-preview:large, max-video-preview:-1\" \/>\n<link rel=\"canonical\" href=\"https:\/\/now-news.de\/de\/deutschland\/mediale-vergewaltigung-wie-der-fall-collien-fernandes-fuer-ein-ki-gesetz-inszeniert-wird\/\" \/>\n<meta property=\"og:locale\" content=\"de_DE\" \/>\n<meta property=\"og:type\" content=\"article\" \/>\n<meta property=\"og:title\" content=\"Mediale Vergewaltigung: Wie der Fall Collien Fernandes f\u00fcr ein KI-Gesetz inszeniert wird\" \/>\n<meta property=\"og:description\" content=\"Aus einem Promi-Ehekrach bastelten deutsche Medien ein Narrativ \u00fcber &#8220;virtuelle Vergewaltigung&#8221;. Ulmen dementiert: Es wurden keine Deepfakes erstellt. Dennoch trieb der Fall die Debatte um KI-Regulierung voran. \u00dcbertreibung, Wortklauberei und politische Instrumentalisierung pr\u00e4gen den Diskurs \u2013 Fakten spielen kaum eine Rolle. Von Hans-Ueli L\u00e4ppli Der Fall Collien Fernandes gegen ihren Ex-Mann Christian Ulmen ist ein [&hellip;]\" \/>\n<meta property=\"og:url\" content=\"https:\/\/now-news.de\/de\/deutschland\/mediale-vergewaltigung-wie-der-fall-collien-fernandes-fuer-ein-ki-gesetz-inszeniert-wird\/\" \/>\n<meta property=\"og:site_name\" content=\"just-now.NEWS Deutschland\" \/>\n<meta property=\"article:publisher\" content=\"https:\/\/www.facebook.com\/wirmachenauf\" \/>\n<meta property=\"article:published_time\" content=\"2026-03-28T19:43:11+00:00\" \/>\n<meta property=\"og:image\" content=\"https:\/\/now-news.de\/de\/wp-content\/uploads\/sites\/3\/2026\/03\/69c78637b480cc6b8029e6fc.jpg\" \/>\n<meta name=\"author\" content=\"rtnews\" \/>\n<meta name=\"twitter:card\" content=\"summary_large_image\" \/>\n<meta name=\"twitter:creator\" content=\"@WirMachenAuf_de\" \/>\n<meta name=\"twitter:site\" content=\"@WirMachenAuf_de\" \/>\n<meta name=\"twitter:label1\" content=\"Verfasst von\" \/>\n\t<meta name=\"twitter:data1\" content=\"rtnews\" \/>\n\t<meta name=\"twitter:label2\" content=\"Gesch\u00e4tzte Lesezeit\" \/>\n\t<meta name=\"twitter:data2\" content=\"3\u00a0Minuten\" \/>\n<script type=\"application\/ld+json\" class=\"yoast-schema-graph\">{\"@context\":\"https:\/\/schema.org\",\"@graph\":[{\"@type\":\"Article\",\"@id\":\"https:\/\/now-news.de\/de\/deutschland\/mediale-vergewaltigung-wie-der-fall-collien-fernandes-fuer-ein-ki-gesetz-inszeniert-wird\/#article\",\"isPartOf\":{\"@id\":\"https:\/\/now-news.de\/de\/deutschland\/mediale-vergewaltigung-wie-der-fall-collien-fernandes-fuer-ein-ki-gesetz-inszeniert-wird\/\"},\"author\":{\"name\":\"rtnews\",\"@id\":\"https:\/\/now-news.de\/de\/#\/schema\/person\/fb534a4e865501d8b3285208df34a9b5\"},\"headline\":\"Mediale Vergewaltigung: Wie der Fall Collien Fernandes f\u00fcr ein KI-Gesetz inszeniert wird\",\"datePublished\":\"2026-03-28T19:43:11+00:00\",\"dateModified\":\"2026-03-28T19:43:11+00:00\",\"mainEntityOfPage\":{\"@id\":\"https:\/\/now-news.de\/de\/deutschland\/mediale-vergewaltigung-wie-der-fall-collien-fernandes-fuer-ein-ki-gesetz-inszeniert-wird\/\"},\"wordCount\":669,\"commentCount\":0,\"publisher\":{\"@id\":\"https:\/\/now-news.de\/de\/#organization\"},\"image\":{\"@id\":\"https:\/\/now-news.de\/de\/deutschland\/mediale-vergewaltigung-wie-der-fall-collien-fernandes-fuer-ein-ki-gesetz-inszeniert-wird\/#primaryimage\"},\"thumbnailUrl\":\"https:\/\/now-news.de\/de\/wp-content\/uploads\/sites\/3\/2026\/03\/Mediale-Vergewaltigung-Wie-der-Fall-Collien-Fernandes-fuer-ein-KI-Gesetz.jpg\",\"keywords\":[\"Collien\",\"der\",\"ein\",\"fall\",\"Fernandes\",\"f\u00fcr\",\"inszeniert\",\"KIGesetz\",\"Mediale\",\"Vergewaltigung\",\"Wie\",\"wird\"],\"articleSection\":[\"Deutschland\",\"Russland\"],\"inLanguage\":\"de\",\"potentialAction\":[{\"@type\":\"CommentAction\",\"name\":\"Comment\",\"target\":[\"https:\/\/now-news.de\/de\/deutschland\/mediale-vergewaltigung-wie-der-fall-collien-fernandes-fuer-ein-ki-gesetz-inszeniert-wird\/#respond\"]}]},{\"@type\":\"WebPage\",\"@id\":\"https:\/\/now-news.de\/de\/deutschland\/mediale-vergewaltigung-wie-der-fall-collien-fernandes-fuer-ein-ki-gesetz-inszeniert-wird\/\",\"url\":\"https:\/\/now-news.de\/de\/deutschland\/mediale-vergewaltigung-wie-der-fall-collien-fernandes-fuer-ein-ki-gesetz-inszeniert-wird\/\",\"name\":\"Mediale Vergewaltigung: Wie der Fall Collien Fernandes f\u00fcr ein KI-Gesetz inszeniert wird - just-now.NEWS Deutschland\",\"isPartOf\":{\"@id\":\"https:\/\/now-news.de\/de\/#website\"},\"primaryImageOfPage\":{\"@id\":\"https:\/\/now-news.de\/de\/deutschland\/mediale-vergewaltigung-wie-der-fall-collien-fernandes-fuer-ein-ki-gesetz-inszeniert-wird\/#primaryimage\"},\"image\":{\"@id\":\"https:\/\/now-news.de\/de\/deutschland\/mediale-vergewaltigung-wie-der-fall-collien-fernandes-fuer-ein-ki-gesetz-inszeniert-wird\/#primaryimage\"},\"thumbnailUrl\":\"https:\/\/now-news.de\/de\/wp-content\/uploads\/sites\/3\/2026\/03\/Mediale-Vergewaltigung-Wie-der-Fall-Collien-Fernandes-fuer-ein-KI-Gesetz.jpg\",\"datePublished\":\"2026-03-28T19:43:11+00:00\",\"dateModified\":\"2026-03-28T19:43:11+00:00\",\"breadcrumb\":{\"@id\":\"https:\/\/now-news.de\/de\/deutschland\/mediale-vergewaltigung-wie-der-fall-collien-fernandes-fuer-ein-ki-gesetz-inszeniert-wird\/#breadcrumb\"},\"inLanguage\":\"de\",\"potentialAction\":[{\"@type\":\"ReadAction\",\"target\":[\"https:\/\/now-news.de\/de\/deutschland\/mediale-vergewaltigung-wie-der-fall-collien-fernandes-fuer-ein-ki-gesetz-inszeniert-wird\/\"]}]},{\"@type\":\"ImageObject\",\"inLanguage\":\"de\",\"@id\":\"https:\/\/now-news.de\/de\/deutschland\/mediale-vergewaltigung-wie-der-fall-collien-fernandes-fuer-ein-ki-gesetz-inszeniert-wird\/#primaryimage\",\"url\":\"https:\/\/now-news.de\/de\/wp-content\/uploads\/sites\/3\/2026\/03\/Mediale-Vergewaltigung-Wie-der-Fall-Collien-Fernandes-fuer-ein-KI-Gesetz.jpg\",\"contentUrl\":\"https:\/\/now-news.de\/de\/wp-content\/uploads\/sites\/3\/2026\/03\/Mediale-Vergewaltigung-Wie-der-Fall-Collien-Fernandes-fuer-ein-KI-Gesetz.jpg\",\"width\":1619,\"height\":1080,\"caption\":\"Mediale Vergewaltigung: Wie der Fall Collien Fernandes f\u00fcr ein KI-Gesetz inszeniert wird\"},{\"@type\":\"BreadcrumbList\",\"@id\":\"https:\/\/now-news.de\/de\/deutschland\/mediale-vergewaltigung-wie-der-fall-collien-fernandes-fuer-ein-ki-gesetz-inszeniert-wird\/#breadcrumb\",\"itemListElement\":[{\"@type\":\"ListItem\",\"position\":1,\"name\":\"Home\",\"item\":\"https:\/\/now-news.de\/de\/\"},{\"@type\":\"ListItem\",\"position\":2,\"name\":\"Mediale Vergewaltigung: Wie der Fall Collien Fernandes f\u00fcr ein KI-Gesetz inszeniert wird\"}]},{\"@type\":\"WebSite\",\"@id\":\"https:\/\/now-news.de\/de\/#website\",\"url\":\"https:\/\/now-news.de\/de\/\",\"name\":\"just-now.NEWS Deutschland\",\"description\":\"Das Portal f\u00fcr unzensierte Nachrichten aus der Welt\",\"publisher\":{\"@id\":\"https:\/\/now-news.de\/de\/#organization\"},\"potentialAction\":[{\"@type\":\"SearchAction\",\"target\":{\"@type\":\"EntryPoint\",\"urlTemplate\":\"https:\/\/now-news.de\/de\/?s={search_term_string}\"},\"query-input\":\"required name=search_term_string\"}],\"inLanguage\":\"de\"},{\"@type\":\"Organization\",\"@id\":\"https:\/\/now-news.de\/de\/#organization\",\"name\":\"Just Now News\",\"url\":\"https:\/\/now-news.de\/de\/\",\"logo\":{\"@type\":\"ImageObject\",\"inLanguage\":\"de\",\"@id\":\"https:\/\/now-news.de\/de\/#\/schema\/logo\/image\/\",\"url\":\"http:\/\/just-now.news\/de\/wp-content\/uploads\/sites\/3\/2022\/04\/logo500x500.jpg\",\"contentUrl\":\"http:\/\/just-now.news\/de\/wp-content\/uploads\/sites\/3\/2022\/04\/logo500x500.jpg\",\"width\":500,\"height\":500,\"caption\":\"Just Now News\"},\"image\":{\"@id\":\"https:\/\/now-news.de\/de\/#\/schema\/logo\/image\/\"},\"sameAs\":[\"https:\/\/www.facebook.com\/wirmachenauf\",\"https:\/\/x.com\/WirMachenAuf_de\"]},{\"@type\":\"Person\",\"@id\":\"https:\/\/now-news.de\/de\/#\/schema\/person\/fb534a4e865501d8b3285208df34a9b5\",\"name\":\"rtnews\",\"image\":{\"@type\":\"ImageObject\",\"inLanguage\":\"de\",\"@id\":\"https:\/\/now-news.de\/de\/#\/schema\/person\/image\/\",\"url\":\"https:\/\/secure.gravatar.com\/avatar\/82aafea7d8127119dd649515f56e2117?s=96&d=mm&r=g\",\"contentUrl\":\"https:\/\/secure.gravatar.com\/avatar\/82aafea7d8127119dd649515f56e2117?s=96&d=mm&r=g\",\"caption\":\"rtnews\"},\"url\":\"https:\/\/now-news.de\/de\/author\/rnews\/\"}]}<\/script>\n<!-- \/ Yoast SEO Premium plugin. -->","yoast_head_json":{"title":"Mediale Vergewaltigung: Wie der Fall Collien Fernandes f\u00fcr ein KI-Gesetz inszeniert wird - just-now.NEWS Deutschland","robots":{"index":"index","follow":"follow","max-snippet":"max-snippet:-1","max-image-preview":"max-image-preview:large","max-video-preview":"max-video-preview:-1"},"canonical":"https:\/\/now-news.de\/de\/deutschland\/mediale-vergewaltigung-wie-der-fall-collien-fernandes-fuer-ein-ki-gesetz-inszeniert-wird\/","og_locale":"de_DE","og_type":"article","og_title":"Mediale Vergewaltigung: Wie der Fall Collien Fernandes f\u00fcr ein KI-Gesetz inszeniert wird","og_description":"Aus einem Promi-Ehekrach bastelten deutsche Medien ein Narrativ \u00fcber &#8220;virtuelle Vergewaltigung&#8221;. Ulmen dementiert: Es wurden keine Deepfakes erstellt. Dennoch trieb der Fall die Debatte um KI-Regulierung voran. \u00dcbertreibung, Wortklauberei und politische Instrumentalisierung pr\u00e4gen den Diskurs \u2013 Fakten spielen kaum eine Rolle. Von Hans-Ueli L\u00e4ppli Der Fall Collien Fernandes gegen ihren Ex-Mann Christian Ulmen ist ein [&hellip;]","og_url":"https:\/\/now-news.de\/de\/deutschland\/mediale-vergewaltigung-wie-der-fall-collien-fernandes-fuer-ein-ki-gesetz-inszeniert-wird\/","og_site_name":"just-now.NEWS Deutschland","article_publisher":"https:\/\/www.facebook.com\/wirmachenauf","article_published_time":"2026-03-28T19:43:11+00:00","og_image":[{"url":"https:\/\/now-news.de\/de\/wp-content\/uploads\/sites\/3\/2026\/03\/69c78637b480cc6b8029e6fc.jpg"}],"author":"rtnews","twitter_card":"summary_large_image","twitter_creator":"@WirMachenAuf_de","twitter_site":"@WirMachenAuf_de","twitter_misc":{"Verfasst von":"rtnews","Gesch\u00e4tzte Lesezeit":"3\u00a0Minuten"},"schema":{"@context":"https:\/\/schema.org","@graph":[{"@type":"Article","@id":"https:\/\/now-news.de\/de\/deutschland\/mediale-vergewaltigung-wie-der-fall-collien-fernandes-fuer-ein-ki-gesetz-inszeniert-wird\/#article","isPartOf":{"@id":"https:\/\/now-news.de\/de\/deutschland\/mediale-vergewaltigung-wie-der-fall-collien-fernandes-fuer-ein-ki-gesetz-inszeniert-wird\/"},"author":{"name":"rtnews","@id":"https:\/\/now-news.de\/de\/#\/schema\/person\/fb534a4e865501d8b3285208df34a9b5"},"headline":"Mediale Vergewaltigung: Wie der Fall Collien Fernandes f\u00fcr ein KI-Gesetz inszeniert wird","datePublished":"2026-03-28T19:43:11+00:00","dateModified":"2026-03-28T19:43:11+00:00","mainEntityOfPage":{"@id":"https:\/\/now-news.de\/de\/deutschland\/mediale-vergewaltigung-wie-der-fall-collien-fernandes-fuer-ein-ki-gesetz-inszeniert-wird\/"},"wordCount":669,"commentCount":0,"publisher":{"@id":"https:\/\/now-news.de\/de\/#organization"},"image":{"@id":"https:\/\/now-news.de\/de\/deutschland\/mediale-vergewaltigung-wie-der-fall-collien-fernandes-fuer-ein-ki-gesetz-inszeniert-wird\/#primaryimage"},"thumbnailUrl":"https:\/\/now-news.de\/de\/wp-content\/uploads\/sites\/3\/2026\/03\/Mediale-Vergewaltigung-Wie-der-Fall-Collien-Fernandes-fuer-ein-KI-Gesetz.jpg","keywords":["Collien","der","ein","fall","Fernandes","f\u00fcr","inszeniert","KIGesetz","Mediale","Vergewaltigung","Wie","wird"],"articleSection":["Deutschland","Russland"],"inLanguage":"de","potentialAction":[{"@type":"CommentAction","name":"Comment","target":["https:\/\/now-news.de\/de\/deutschland\/mediale-vergewaltigung-wie-der-fall-collien-fernandes-fuer-ein-ki-gesetz-inszeniert-wird\/#respond"]}]},{"@type":"WebPage","@id":"https:\/\/now-news.de\/de\/deutschland\/mediale-vergewaltigung-wie-der-fall-collien-fernandes-fuer-ein-ki-gesetz-inszeniert-wird\/","url":"https:\/\/now-news.de\/de\/deutschland\/mediale-vergewaltigung-wie-der-fall-collien-fernandes-fuer-ein-ki-gesetz-inszeniert-wird\/","name":"Mediale Vergewaltigung: Wie der Fall Collien Fernandes f\u00fcr ein KI-Gesetz inszeniert wird - just-now.NEWS Deutschland","isPartOf":{"@id":"https:\/\/now-news.de\/de\/#website"},"primaryImageOfPage":{"@id":"https:\/\/now-news.de\/de\/deutschland\/mediale-vergewaltigung-wie-der-fall-collien-fernandes-fuer-ein-ki-gesetz-inszeniert-wird\/#primaryimage"},"image":{"@id":"https:\/\/now-news.de\/de\/deutschland\/mediale-vergewaltigung-wie-der-fall-collien-fernandes-fuer-ein-ki-gesetz-inszeniert-wird\/#primaryimage"},"thumbnailUrl":"https:\/\/now-news.de\/de\/wp-content\/uploads\/sites\/3\/2026\/03\/Mediale-Vergewaltigung-Wie-der-Fall-Collien-Fernandes-fuer-ein-KI-Gesetz.jpg","datePublished":"2026-03-28T19:43:11+00:00","dateModified":"2026-03-28T19:43:11+00:00","breadcrumb":{"@id":"https:\/\/now-news.de\/de\/deutschland\/mediale-vergewaltigung-wie-der-fall-collien-fernandes-fuer-ein-ki-gesetz-inszeniert-wird\/#breadcrumb"},"inLanguage":"de","potentialAction":[{"@type":"ReadAction","target":["https:\/\/now-news.de\/de\/deutschland\/mediale-vergewaltigung-wie-der-fall-collien-fernandes-fuer-ein-ki-gesetz-inszeniert-wird\/"]}]},{"@type":"ImageObject","inLanguage":"de","@id":"https:\/\/now-news.de\/de\/deutschland\/mediale-vergewaltigung-wie-der-fall-collien-fernandes-fuer-ein-ki-gesetz-inszeniert-wird\/#primaryimage","url":"https:\/\/now-news.de\/de\/wp-content\/uploads\/sites\/3\/2026\/03\/Mediale-Vergewaltigung-Wie-der-Fall-Collien-Fernandes-fuer-ein-KI-Gesetz.jpg","contentUrl":"https:\/\/now-news.de\/de\/wp-content\/uploads\/sites\/3\/2026\/03\/Mediale-Vergewaltigung-Wie-der-Fall-Collien-Fernandes-fuer-ein-KI-Gesetz.jpg","width":1619,"height":1080,"caption":"Mediale Vergewaltigung: Wie der Fall Collien Fernandes f\u00fcr ein KI-Gesetz inszeniert wird"},{"@type":"BreadcrumbList","@id":"https:\/\/now-news.de\/de\/deutschland\/mediale-vergewaltigung-wie-der-fall-collien-fernandes-fuer-ein-ki-gesetz-inszeniert-wird\/#breadcrumb","itemListElement":[{"@type":"ListItem","position":1,"name":"Home","item":"https:\/\/now-news.de\/de\/"},{"@type":"ListItem","position":2,"name":"Mediale Vergewaltigung: Wie der Fall Collien Fernandes f\u00fcr ein KI-Gesetz inszeniert wird"}]},{"@type":"WebSite","@id":"https:\/\/now-news.de\/de\/#website","url":"https:\/\/now-news.de\/de\/","name":"just-now.NEWS Deutschland","description":"Das Portal f\u00fcr unzensierte Nachrichten aus der Welt","publisher":{"@id":"https:\/\/now-news.de\/de\/#organization"},"potentialAction":[{"@type":"SearchAction","target":{"@type":"EntryPoint","urlTemplate":"https:\/\/now-news.de\/de\/?s={search_term_string}"},"query-input":"required name=search_term_string"}],"inLanguage":"de"},{"@type":"Organization","@id":"https:\/\/now-news.de\/de\/#organization","name":"Just Now News","url":"https:\/\/now-news.de\/de\/","logo":{"@type":"ImageObject","inLanguage":"de","@id":"https:\/\/now-news.de\/de\/#\/schema\/logo\/image\/","url":"http:\/\/just-now.news\/de\/wp-content\/uploads\/sites\/3\/2022\/04\/logo500x500.jpg","contentUrl":"http:\/\/just-now.news\/de\/wp-content\/uploads\/sites\/3\/2022\/04\/logo500x500.jpg","width":500,"height":500,"caption":"Just Now News"},"image":{"@id":"https:\/\/now-news.de\/de\/#\/schema\/logo\/image\/"},"sameAs":["https:\/\/www.facebook.com\/wirmachenauf","https:\/\/x.com\/WirMachenAuf_de"]},{"@type":"Person","@id":"https:\/\/now-news.de\/de\/#\/schema\/person\/fb534a4e865501d8b3285208df34a9b5","name":"rtnews","image":{"@type":"ImageObject","inLanguage":"de","@id":"https:\/\/now-news.de\/de\/#\/schema\/person\/image\/","url":"https:\/\/secure.gravatar.com\/avatar\/82aafea7d8127119dd649515f56e2117?s=96&d=mm&r=g","contentUrl":"https:\/\/secure.gravatar.com\/avatar\/82aafea7d8127119dd649515f56e2117?s=96&d=mm&r=g","caption":"rtnews"},"url":"https:\/\/now-news.de\/de\/author\/rnews\/"}]}},"_links":{"self":[{"href":"https:\/\/now-news.de\/de\/wp-json\/wp\/v2\/posts\/100937"}],"collection":[{"href":"https:\/\/now-news.de\/de\/wp-json\/wp\/v2\/posts"}],"about":[{"href":"https:\/\/now-news.de\/de\/wp-json\/wp\/v2\/types\/post"}],"author":[{"embeddable":true,"href":"https:\/\/now-news.de\/de\/wp-json\/wp\/v2\/users\/3"}],"replies":[{"embeddable":true,"href":"https:\/\/now-news.de\/de\/wp-json\/wp\/v2\/comments?post=100937"}],"version-history":[{"count":0,"href":"https:\/\/now-news.de\/de\/wp-json\/wp\/v2\/posts\/100937\/revisions"}],"wp:featuredmedia":[{"embeddable":true,"href":"https:\/\/now-news.de\/de\/wp-json\/wp\/v2\/media\/100938"}],"wp:attachment":[{"href":"https:\/\/now-news.de\/de\/wp-json\/wp\/v2\/media?parent=100937"}],"wp:term":[{"taxonomy":"category","embeddable":true,"href":"https:\/\/now-news.de\/de\/wp-json\/wp\/v2\/categories?post=100937"},{"taxonomy":"post_tag","embeddable":true,"href":"https:\/\/now-news.de\/de\/wp-json\/wp\/v2\/tags?post=100937"}],"curies":[{"name":"wp","href":"https:\/\/api.w.org\/{rel}","templated":true}]}}