{"id":100898,"date":"2026-03-27T17:22:57","date_gmt":"2026-03-27T15:22:57","guid":{"rendered":"https:\/\/now-news.de\/de\/deutschland\/wackelt-die-groko-spd-stuerzt-auf-rekordtief-afd-zieht-mit-union-gleich\/"},"modified":"2026-03-27T17:22:57","modified_gmt":"2026-03-27T15:22:57","slug":"wackelt-die-groko-spd-stuerzt-auf-rekordtief-afd-zieht-mit-union-gleich","status":"publish","type":"post","link":"https:\/\/now-news.de\/de\/deutschland\/wackelt-die-groko-spd-stuerzt-auf-rekordtief-afd-zieht-mit-union-gleich\/","title":{"rendered":"Wackelt die GroKo? SPD st\u00fcrzt auf Rekordtief, AfD zieht mit Union gleich"},"content":{"rendered":"<p><img decoding=\"async\" src=\"https:\/\/now-news.de\/de\/wp-content\/uploads\/sites\/3\/2026\/03\/69c69c0eb480cc036808b864.PNG\" \/><\/p>\n<div class=\"Text-root Text-type_1 \">\n                Die SPD befindet sich in einer existenziellen Krise: W\u00e4re am Sonntag Bundestagswahl, w\u00fcrde die Partei mit 13 Prozent auf einen Tiefstwert rutschen, w\u00e4hrend der Aufstieg der AfD munter weitergeht. Viele B\u00fcrger rechnen in einer weiteren Umfrage mit einem Bruch der schwarz-roten &#8220;GroKo&#8221; in Berlin.\n            <\/div>\n<p><\/p>\n<div class=\"Text-root Text-type_5 ArticleView-text ViewText-root \">\n<p>W\u00e4re am kommenden Sonntag Bundestagswahl, w\u00fcrde die SPD nur noch 13\u00a0Prozent (minus 2 Prozent) erreichen \u2013 der schlechteste Wert seit Anfang 2024. Einen niedrigeren Wert verzeichneten die Sozialdemokraten noch nie im &#8220;Politbarometer&#8221; der Mannheimer Forschungsgruppe Wahlen f\u00fcr das <em>zdf<\/em>.<\/p>\n<p>CDU\/CSU und AfD l\u00e4gen mit jeweils 26\u00a0Prozent gleichauf (keine Ver\u00e4nderung bei der Union, plus zwei Prozent bei der AfD). Die Gr\u00fcnen k\u00e4men \u00fcberraschend auf 15 Prozent (plus drei Prozent), die Linke auf zehn Prozent (minus ein Prozent). BSW und FDP (jeweils drei Prozent) sind deutlich unter der F\u00fcnfprozenth\u00fcrde gelandet.<\/p>\n<p><strong>Die Umfragewerte im \u00dcberblick:<\/strong><\/p>\n<ul>\n<li>Union: 26\u00a0Prozent (unver\u00e4ndert)<\/li>\n<li>AfD: 26\u00a0Prozent (plus 2)<\/li>\n<li>Gr\u00fcne: 15\u00a0Prozent (plus 3)<\/li>\n<li>SPD: 13\u00a0Prozent (minus 2)<\/li>\n<li>Linke: 10\u00a0Prozent (minus 1)<\/li>\n<li>Sonstige (FDP, BSW, etc.): 10\u00a0Prozent (minus 2)<\/li>\n<\/ul>\n<p>Auch f\u00fcr die beiden SPD-Vorsitzenden gibt es schlechte Umfragewerte: Eine Mehrheit der Deutschen und der SPD-Anh\u00e4nger traut Lars Klingbeil und B\u00e4rbel Bas nicht zu, die SPD aus der Krise zu f\u00fchren. Angesichts der schlechten Ergebnisse der Partei bei den Landtagswahlen in Rheinland-Pfalz und Baden-W\u00fcrttemberg gaben 75\u00a0Prozent der Befragten an, Klingbeil und Bas seien nicht dazu in der Lage, die Partei wieder auf Kurs zu bringen.<\/p>\n<p>Auch die schwarz-rote Koalition steht zunehmend unter Zugzwang: Viele B\u00fcrger f\u00fcrchten bzw. hoffen, dass die Bundesregierung vorzeitig platzt. Das geht aus einer INSA-Umfrage im Auftrag von <em>Bild<\/em> hervor. Demnach glauben 41 Prozent der Befragten, dass die Koalition aus CDU\/CSU und SPD unter Bundeskanzler Friedrich Merz (CDU) noch vor der regul\u00e4r n\u00e4chsten Bundestagswahl 2029 zerbricht. 38\u00a0Prozent sagen hingegen: Das B\u00fcndnis h\u00e4lt. 18\u00a0Prozent haben die Frage nicht beantwortet.<\/p>\n<p><strong>Mehr zum Thema \u2013<\/strong>\u00a0<a rel=\"nofollow\" target=\"_blank\" href=\"https:\/\/freedert.online\/meinung\/274588-spd-niedergang-der-krug-geht-zum-brunnen-bis-er-bricht\/\" target=\"_blank\" rel=\"noopener noreferrer\">SPD-Niedergang: Der Krug geht zum Brunnen, bis er bricht<\/a><\/p>\n<\/div>\n<p><br \/>\n<br \/><a href=\"https:\/\/de.rt.com\/inland\/274986-wackelt-die-groko-spd-stuerzt-auf-rekordtief\/\">Source link <\/a><\/p>\n","protected":false},"excerpt":{"rendered":"<p>Die SPD befindet sich in einer existenziellen Krise: W\u00e4re am Sonntag Bundestagswahl, w\u00fcrde die Partei mit 13 Prozent auf einen Tiefstwert rutschen, w\u00e4hrend der Aufstieg der AfD munter weitergeht. Viele B\u00fcrger rechnen in einer weiteren Umfrage mit einem Bruch der schwarz-roten &#8220;GroKo&#8221; in Berlin. W\u00e4re am kommenden Sonntag Bundestagswahl, w\u00fcrde die SPD nur noch 13\u00a0Prozent [&hellip;]<\/p>\n","protected":false},"author":3,"featured_media":100899,"comment_status":"open","ping_status":"open","sticky":false,"template":"","format":"standard","meta":{"_yoast_indexnow_last_ping":["1774625294"],"wp_automatic_camp":["217"],"64e378d1571c12aff71ceef3865c2001":["Wackelt die GroKo? SPD st\u00fcrzt auf Rekordtief, AfD zieht mit Union gleich"],"original_link":["https:\/\/de.rt.com\/inland\/274986-wackelt-die-groko-spd-stuerzt-auf-rekordtief\/"],"_thumbnail_id":["100899"],"jnews_social_counter_last_update":["1777373858"],"_wptgpro_p2tg_sent2tg":["a:1:{i:23737;s:19:\"2026-03-27 17:29:13\";}"]},"categories":[19,23],"tags":[3815,133,45,21108,63064,419,27536,3814,24847,6716,24030,20511],"yoast_head":"<!-- This site is optimized with the Yoast SEO Premium plugin v22.7 (Yoast SEO v22.7) - https:\/\/yoast.com\/wordpress\/plugins\/seo\/ -->\n<title>Wackelt die GroKo? SPD st\u00fcrzt auf Rekordtief, AfD zieht mit Union gleich - just-now.NEWS Deutschland<\/title>\n<meta name=\"robots\" content=\"index, follow, max-snippet:-1, max-image-preview:large, max-video-preview:-1\" \/>\n<link rel=\"canonical\" href=\"https:\/\/now-news.de\/de\/deutschland\/wackelt-die-groko-spd-stuerzt-auf-rekordtief-afd-zieht-mit-union-gleich\/\" \/>\n<meta property=\"og:locale\" content=\"de_DE\" \/>\n<meta property=\"og:type\" content=\"article\" \/>\n<meta property=\"og:title\" content=\"Wackelt die GroKo? SPD st\u00fcrzt auf Rekordtief, AfD zieht mit Union gleich\" \/>\n<meta property=\"og:description\" content=\"Die SPD befindet sich in einer existenziellen Krise: W\u00e4re am Sonntag Bundestagswahl, w\u00fcrde die Partei mit 13 Prozent auf einen Tiefstwert rutschen, w\u00e4hrend der Aufstieg der AfD munter weitergeht. Viele B\u00fcrger rechnen in einer weiteren Umfrage mit einem Bruch der schwarz-roten &#8220;GroKo&#8221; in Berlin. W\u00e4re am kommenden Sonntag Bundestagswahl, w\u00fcrde die SPD nur noch 13\u00a0Prozent [&hellip;]\" \/>\n<meta property=\"og:url\" content=\"https:\/\/now-news.de\/de\/deutschland\/wackelt-die-groko-spd-stuerzt-auf-rekordtief-afd-zieht-mit-union-gleich\/\" \/>\n<meta property=\"og:site_name\" content=\"just-now.NEWS Deutschland\" \/>\n<meta property=\"article:publisher\" content=\"https:\/\/www.facebook.com\/wirmachenauf\" \/>\n<meta property=\"article:published_time\" content=\"2026-03-27T15:22:57+00:00\" \/>\n<meta property=\"og:image\" content=\"https:\/\/now-news.de\/de\/wp-content\/uploads\/sites\/3\/2026\/03\/69c69c0eb480cc036808b864.PNG\" \/>\n<meta name=\"author\" content=\"rtnews\" \/>\n<meta name=\"twitter:card\" content=\"summary_large_image\" \/>\n<meta name=\"twitter:creator\" content=\"@WirMachenAuf_de\" \/>\n<meta name=\"twitter:site\" content=\"@WirMachenAuf_de\" \/>\n<meta name=\"twitter:label1\" content=\"Verfasst von\" \/>\n\t<meta name=\"twitter:data1\" content=\"rtnews\" \/>\n\t<meta name=\"twitter:label2\" content=\"Gesch\u00e4tzte Lesezeit\" \/>\n\t<meta name=\"twitter:data2\" content=\"2\u00a0Minuten\" \/>\n<script type=\"application\/ld+json\" class=\"yoast-schema-graph\">{\"@context\":\"https:\/\/schema.org\",\"@graph\":[{\"@type\":\"Article\",\"@id\":\"https:\/\/now-news.de\/de\/deutschland\/wackelt-die-groko-spd-stuerzt-auf-rekordtief-afd-zieht-mit-union-gleich\/#article\",\"isPartOf\":{\"@id\":\"https:\/\/now-news.de\/de\/deutschland\/wackelt-die-groko-spd-stuerzt-auf-rekordtief-afd-zieht-mit-union-gleich\/\"},\"author\":{\"name\":\"rtnews\",\"@id\":\"https:\/\/now-news.de\/de\/#\/schema\/person\/fb534a4e865501d8b3285208df34a9b5\"},\"headline\":\"Wackelt die GroKo? SPD st\u00fcrzt auf Rekordtief, AfD zieht mit Union gleich\",\"datePublished\":\"2026-03-27T15:22:57+00:00\",\"dateModified\":\"2026-03-27T15:22:57+00:00\",\"mainEntityOfPage\":{\"@id\":\"https:\/\/now-news.de\/de\/deutschland\/wackelt-die-groko-spd-stuerzt-auf-rekordtief-afd-zieht-mit-union-gleich\/\"},\"wordCount\":337,\"commentCount\":0,\"publisher\":{\"@id\":\"https:\/\/now-news.de\/de\/#organization\"},\"image\":{\"@id\":\"https:\/\/now-news.de\/de\/deutschland\/wackelt-die-groko-spd-stuerzt-auf-rekordtief-afd-zieht-mit-union-gleich\/#primaryimage\"},\"thumbnailUrl\":\"https:\/\/now-news.de\/de\/wp-content\/uploads\/sites\/3\/2026\/03\/Wackelt-die-GroKo-SPD-stuerzt-auf-Rekordtief-AfD-zieht-mit.PNG\",\"keywords\":[\"AfD\",\"AUF\",\"die\",\"gleich\",\"GroKo\",\"mit\",\"Rekordtief\",\"SPD\",\"st\u00fcrzt\",\"Union\",\"wackelt\",\"zieht\"],\"articleSection\":[\"Deutschland\",\"Russland\"],\"inLanguage\":\"de\",\"potentialAction\":[{\"@type\":\"CommentAction\",\"name\":\"Comment\",\"target\":[\"https:\/\/now-news.de\/de\/deutschland\/wackelt-die-groko-spd-stuerzt-auf-rekordtief-afd-zieht-mit-union-gleich\/#respond\"]}]},{\"@type\":\"WebPage\",\"@id\":\"https:\/\/now-news.de\/de\/deutschland\/wackelt-die-groko-spd-stuerzt-auf-rekordtief-afd-zieht-mit-union-gleich\/\",\"url\":\"https:\/\/now-news.de\/de\/deutschland\/wackelt-die-groko-spd-stuerzt-auf-rekordtief-afd-zieht-mit-union-gleich\/\",\"name\":\"Wackelt die GroKo? SPD st\u00fcrzt auf Rekordtief, AfD zieht mit Union gleich - just-now.NEWS Deutschland\",\"isPartOf\":{\"@id\":\"https:\/\/now-news.de\/de\/#website\"},\"primaryImageOfPage\":{\"@id\":\"https:\/\/now-news.de\/de\/deutschland\/wackelt-die-groko-spd-stuerzt-auf-rekordtief-afd-zieht-mit-union-gleich\/#primaryimage\"},\"image\":{\"@id\":\"https:\/\/now-news.de\/de\/deutschland\/wackelt-die-groko-spd-stuerzt-auf-rekordtief-afd-zieht-mit-union-gleich\/#primaryimage\"},\"thumbnailUrl\":\"https:\/\/now-news.de\/de\/wp-content\/uploads\/sites\/3\/2026\/03\/Wackelt-die-GroKo-SPD-stuerzt-auf-Rekordtief-AfD-zieht-mit.PNG\",\"datePublished\":\"2026-03-27T15:22:57+00:00\",\"dateModified\":\"2026-03-27T15:22:57+00:00\",\"breadcrumb\":{\"@id\":\"https:\/\/now-news.de\/de\/deutschland\/wackelt-die-groko-spd-stuerzt-auf-rekordtief-afd-zieht-mit-union-gleich\/#breadcrumb\"},\"inLanguage\":\"de\",\"potentialAction\":[{\"@type\":\"ReadAction\",\"target\":[\"https:\/\/now-news.de\/de\/deutschland\/wackelt-die-groko-spd-stuerzt-auf-rekordtief-afd-zieht-mit-union-gleich\/\"]}]},{\"@type\":\"ImageObject\",\"inLanguage\":\"de\",\"@id\":\"https:\/\/now-news.de\/de\/deutschland\/wackelt-die-groko-spd-stuerzt-auf-rekordtief-afd-zieht-mit-union-gleich\/#primaryimage\",\"url\":\"https:\/\/now-news.de\/de\/wp-content\/uploads\/sites\/3\/2026\/03\/Wackelt-die-GroKo-SPD-stuerzt-auf-Rekordtief-AfD-zieht-mit.PNG\",\"contentUrl\":\"https:\/\/now-news.de\/de\/wp-content\/uploads\/sites\/3\/2026\/03\/Wackelt-die-GroKo-SPD-stuerzt-auf-Rekordtief-AfD-zieht-mit.PNG\",\"width\":460,\"height\":259,\"caption\":\"Wackelt die GroKo? SPD st\u00fcrzt auf Rekordtief, AfD zieht mit Union gleich\"},{\"@type\":\"BreadcrumbList\",\"@id\":\"https:\/\/now-news.de\/de\/deutschland\/wackelt-die-groko-spd-stuerzt-auf-rekordtief-afd-zieht-mit-union-gleich\/#breadcrumb\",\"itemListElement\":[{\"@type\":\"ListItem\",\"position\":1,\"name\":\"Home\",\"item\":\"https:\/\/now-news.de\/de\/\"},{\"@type\":\"ListItem\",\"position\":2,\"name\":\"Wackelt die GroKo? SPD st\u00fcrzt auf Rekordtief, AfD zieht mit Union gleich\"}]},{\"@type\":\"WebSite\",\"@id\":\"https:\/\/now-news.de\/de\/#website\",\"url\":\"https:\/\/now-news.de\/de\/\",\"name\":\"just-now.NEWS Deutschland\",\"description\":\"Das Portal f\u00fcr unzensierte Nachrichten aus der Welt\",\"publisher\":{\"@id\":\"https:\/\/now-news.de\/de\/#organization\"},\"potentialAction\":[{\"@type\":\"SearchAction\",\"target\":{\"@type\":\"EntryPoint\",\"urlTemplate\":\"https:\/\/now-news.de\/de\/?s={search_term_string}\"},\"query-input\":\"required name=search_term_string\"}],\"inLanguage\":\"de\"},{\"@type\":\"Organization\",\"@id\":\"https:\/\/now-news.de\/de\/#organization\",\"name\":\"Just Now News\",\"url\":\"https:\/\/now-news.de\/de\/\",\"logo\":{\"@type\":\"ImageObject\",\"inLanguage\":\"de\",\"@id\":\"https:\/\/now-news.de\/de\/#\/schema\/logo\/image\/\",\"url\":\"http:\/\/just-now.news\/de\/wp-content\/uploads\/sites\/3\/2022\/04\/logo500x500.jpg\",\"contentUrl\":\"http:\/\/just-now.news\/de\/wp-content\/uploads\/sites\/3\/2022\/04\/logo500x500.jpg\",\"width\":500,\"height\":500,\"caption\":\"Just Now News\"},\"image\":{\"@id\":\"https:\/\/now-news.de\/de\/#\/schema\/logo\/image\/\"},\"sameAs\":[\"https:\/\/www.facebook.com\/wirmachenauf\",\"https:\/\/x.com\/WirMachenAuf_de\"]},{\"@type\":\"Person\",\"@id\":\"https:\/\/now-news.de\/de\/#\/schema\/person\/fb534a4e865501d8b3285208df34a9b5\",\"name\":\"rtnews\",\"image\":{\"@type\":\"ImageObject\",\"inLanguage\":\"de\",\"@id\":\"https:\/\/now-news.de\/de\/#\/schema\/person\/image\/\",\"url\":\"https:\/\/secure.gravatar.com\/avatar\/82aafea7d8127119dd649515f56e2117?s=96&d=mm&r=g\",\"contentUrl\":\"https:\/\/secure.gravatar.com\/avatar\/82aafea7d8127119dd649515f56e2117?s=96&d=mm&r=g\",\"caption\":\"rtnews\"},\"url\":\"https:\/\/now-news.de\/de\/author\/rnews\/\"}]}<\/script>\n<!-- \/ Yoast SEO Premium plugin. -->","yoast_head_json":{"title":"Wackelt die GroKo? SPD st\u00fcrzt auf Rekordtief, AfD zieht mit Union gleich - just-now.NEWS Deutschland","robots":{"index":"index","follow":"follow","max-snippet":"max-snippet:-1","max-image-preview":"max-image-preview:large","max-video-preview":"max-video-preview:-1"},"canonical":"https:\/\/now-news.de\/de\/deutschland\/wackelt-die-groko-spd-stuerzt-auf-rekordtief-afd-zieht-mit-union-gleich\/","og_locale":"de_DE","og_type":"article","og_title":"Wackelt die GroKo? SPD st\u00fcrzt auf Rekordtief, AfD zieht mit Union gleich","og_description":"Die SPD befindet sich in einer existenziellen Krise: W\u00e4re am Sonntag Bundestagswahl, w\u00fcrde die Partei mit 13 Prozent auf einen Tiefstwert rutschen, w\u00e4hrend der Aufstieg der AfD munter weitergeht. Viele B\u00fcrger rechnen in einer weiteren Umfrage mit einem Bruch der schwarz-roten &#8220;GroKo&#8221; in Berlin. W\u00e4re am kommenden Sonntag Bundestagswahl, w\u00fcrde die SPD nur noch 13\u00a0Prozent [&hellip;]","og_url":"https:\/\/now-news.de\/de\/deutschland\/wackelt-die-groko-spd-stuerzt-auf-rekordtief-afd-zieht-mit-union-gleich\/","og_site_name":"just-now.NEWS Deutschland","article_publisher":"https:\/\/www.facebook.com\/wirmachenauf","article_published_time":"2026-03-27T15:22:57+00:00","og_image":[{"url":"https:\/\/now-news.de\/de\/wp-content\/uploads\/sites\/3\/2026\/03\/69c69c0eb480cc036808b864.PNG"}],"author":"rtnews","twitter_card":"summary_large_image","twitter_creator":"@WirMachenAuf_de","twitter_site":"@WirMachenAuf_de","twitter_misc":{"Verfasst von":"rtnews","Gesch\u00e4tzte Lesezeit":"2\u00a0Minuten"},"schema":{"@context":"https:\/\/schema.org","@graph":[{"@type":"Article","@id":"https:\/\/now-news.de\/de\/deutschland\/wackelt-die-groko-spd-stuerzt-auf-rekordtief-afd-zieht-mit-union-gleich\/#article","isPartOf":{"@id":"https:\/\/now-news.de\/de\/deutschland\/wackelt-die-groko-spd-stuerzt-auf-rekordtief-afd-zieht-mit-union-gleich\/"},"author":{"name":"rtnews","@id":"https:\/\/now-news.de\/de\/#\/schema\/person\/fb534a4e865501d8b3285208df34a9b5"},"headline":"Wackelt die GroKo? SPD st\u00fcrzt auf Rekordtief, AfD zieht mit Union gleich","datePublished":"2026-03-27T15:22:57+00:00","dateModified":"2026-03-27T15:22:57+00:00","mainEntityOfPage":{"@id":"https:\/\/now-news.de\/de\/deutschland\/wackelt-die-groko-spd-stuerzt-auf-rekordtief-afd-zieht-mit-union-gleich\/"},"wordCount":337,"commentCount":0,"publisher":{"@id":"https:\/\/now-news.de\/de\/#organization"},"image":{"@id":"https:\/\/now-news.de\/de\/deutschland\/wackelt-die-groko-spd-stuerzt-auf-rekordtief-afd-zieht-mit-union-gleich\/#primaryimage"},"thumbnailUrl":"https:\/\/now-news.de\/de\/wp-content\/uploads\/sites\/3\/2026\/03\/Wackelt-die-GroKo-SPD-stuerzt-auf-Rekordtief-AfD-zieht-mit.PNG","keywords":["AfD","AUF","die","gleich","GroKo","mit","Rekordtief","SPD","st\u00fcrzt","Union","wackelt","zieht"],"articleSection":["Deutschland","Russland"],"inLanguage":"de","potentialAction":[{"@type":"CommentAction","name":"Comment","target":["https:\/\/now-news.de\/de\/deutschland\/wackelt-die-groko-spd-stuerzt-auf-rekordtief-afd-zieht-mit-union-gleich\/#respond"]}]},{"@type":"WebPage","@id":"https:\/\/now-news.de\/de\/deutschland\/wackelt-die-groko-spd-stuerzt-auf-rekordtief-afd-zieht-mit-union-gleich\/","url":"https:\/\/now-news.de\/de\/deutschland\/wackelt-die-groko-spd-stuerzt-auf-rekordtief-afd-zieht-mit-union-gleich\/","name":"Wackelt die GroKo? SPD st\u00fcrzt auf Rekordtief, AfD zieht mit Union gleich - just-now.NEWS Deutschland","isPartOf":{"@id":"https:\/\/now-news.de\/de\/#website"},"primaryImageOfPage":{"@id":"https:\/\/now-news.de\/de\/deutschland\/wackelt-die-groko-spd-stuerzt-auf-rekordtief-afd-zieht-mit-union-gleich\/#primaryimage"},"image":{"@id":"https:\/\/now-news.de\/de\/deutschland\/wackelt-die-groko-spd-stuerzt-auf-rekordtief-afd-zieht-mit-union-gleich\/#primaryimage"},"thumbnailUrl":"https:\/\/now-news.de\/de\/wp-content\/uploads\/sites\/3\/2026\/03\/Wackelt-die-GroKo-SPD-stuerzt-auf-Rekordtief-AfD-zieht-mit.PNG","datePublished":"2026-03-27T15:22:57+00:00","dateModified":"2026-03-27T15:22:57+00:00","breadcrumb":{"@id":"https:\/\/now-news.de\/de\/deutschland\/wackelt-die-groko-spd-stuerzt-auf-rekordtief-afd-zieht-mit-union-gleich\/#breadcrumb"},"inLanguage":"de","potentialAction":[{"@type":"ReadAction","target":["https:\/\/now-news.de\/de\/deutschland\/wackelt-die-groko-spd-stuerzt-auf-rekordtief-afd-zieht-mit-union-gleich\/"]}]},{"@type":"ImageObject","inLanguage":"de","@id":"https:\/\/now-news.de\/de\/deutschland\/wackelt-die-groko-spd-stuerzt-auf-rekordtief-afd-zieht-mit-union-gleich\/#primaryimage","url":"https:\/\/now-news.de\/de\/wp-content\/uploads\/sites\/3\/2026\/03\/Wackelt-die-GroKo-SPD-stuerzt-auf-Rekordtief-AfD-zieht-mit.PNG","contentUrl":"https:\/\/now-news.de\/de\/wp-content\/uploads\/sites\/3\/2026\/03\/Wackelt-die-GroKo-SPD-stuerzt-auf-Rekordtief-AfD-zieht-mit.PNG","width":460,"height":259,"caption":"Wackelt die GroKo? SPD st\u00fcrzt auf Rekordtief, AfD zieht mit Union gleich"},{"@type":"BreadcrumbList","@id":"https:\/\/now-news.de\/de\/deutschland\/wackelt-die-groko-spd-stuerzt-auf-rekordtief-afd-zieht-mit-union-gleich\/#breadcrumb","itemListElement":[{"@type":"ListItem","position":1,"name":"Home","item":"https:\/\/now-news.de\/de\/"},{"@type":"ListItem","position":2,"name":"Wackelt die GroKo? SPD st\u00fcrzt auf Rekordtief, AfD zieht mit Union gleich"}]},{"@type":"WebSite","@id":"https:\/\/now-news.de\/de\/#website","url":"https:\/\/now-news.de\/de\/","name":"just-now.NEWS Deutschland","description":"Das Portal f\u00fcr unzensierte Nachrichten aus der Welt","publisher":{"@id":"https:\/\/now-news.de\/de\/#organization"},"potentialAction":[{"@type":"SearchAction","target":{"@type":"EntryPoint","urlTemplate":"https:\/\/now-news.de\/de\/?s={search_term_string}"},"query-input":"required name=search_term_string"}],"inLanguage":"de"},{"@type":"Organization","@id":"https:\/\/now-news.de\/de\/#organization","name":"Just Now News","url":"https:\/\/now-news.de\/de\/","logo":{"@type":"ImageObject","inLanguage":"de","@id":"https:\/\/now-news.de\/de\/#\/schema\/logo\/image\/","url":"http:\/\/just-now.news\/de\/wp-content\/uploads\/sites\/3\/2022\/04\/logo500x500.jpg","contentUrl":"http:\/\/just-now.news\/de\/wp-content\/uploads\/sites\/3\/2022\/04\/logo500x500.jpg","width":500,"height":500,"caption":"Just Now News"},"image":{"@id":"https:\/\/now-news.de\/de\/#\/schema\/logo\/image\/"},"sameAs":["https:\/\/www.facebook.com\/wirmachenauf","https:\/\/x.com\/WirMachenAuf_de"]},{"@type":"Person","@id":"https:\/\/now-news.de\/de\/#\/schema\/person\/fb534a4e865501d8b3285208df34a9b5","name":"rtnews","image":{"@type":"ImageObject","inLanguage":"de","@id":"https:\/\/now-news.de\/de\/#\/schema\/person\/image\/","url":"https:\/\/secure.gravatar.com\/avatar\/82aafea7d8127119dd649515f56e2117?s=96&d=mm&r=g","contentUrl":"https:\/\/secure.gravatar.com\/avatar\/82aafea7d8127119dd649515f56e2117?s=96&d=mm&r=g","caption":"rtnews"},"url":"https:\/\/now-news.de\/de\/author\/rnews\/"}]}},"_links":{"self":[{"href":"https:\/\/now-news.de\/de\/wp-json\/wp\/v2\/posts\/100898"}],"collection":[{"href":"https:\/\/now-news.de\/de\/wp-json\/wp\/v2\/posts"}],"about":[{"href":"https:\/\/now-news.de\/de\/wp-json\/wp\/v2\/types\/post"}],"author":[{"embeddable":true,"href":"https:\/\/now-news.de\/de\/wp-json\/wp\/v2\/users\/3"}],"replies":[{"embeddable":true,"href":"https:\/\/now-news.de\/de\/wp-json\/wp\/v2\/comments?post=100898"}],"version-history":[{"count":0,"href":"https:\/\/now-news.de\/de\/wp-json\/wp\/v2\/posts\/100898\/revisions"}],"wp:featuredmedia":[{"embeddable":true,"href":"https:\/\/now-news.de\/de\/wp-json\/wp\/v2\/media\/100899"}],"wp:attachment":[{"href":"https:\/\/now-news.de\/de\/wp-json\/wp\/v2\/media?parent=100898"}],"wp:term":[{"taxonomy":"category","embeddable":true,"href":"https:\/\/now-news.de\/de\/wp-json\/wp\/v2\/categories?post=100898"},{"taxonomy":"post_tag","embeddable":true,"href":"https:\/\/now-news.de\/de\/wp-json\/wp\/v2\/tags?post=100898"}],"curies":[{"name":"wp","href":"https:\/\/api.w.org\/{rel}","templated":true}]}}