{"id":100882,"date":"2026-03-27T09:48:56","date_gmt":"2026-03-27T07:48:56","guid":{"rendered":"https:\/\/now-news.de\/de\/deutschland\/rasende-zerstoerung-%e2%80%92-perspektiven-auf-die-kriegsvorbereitung\/"},"modified":"2026-03-27T09:48:56","modified_gmt":"2026-03-27T07:48:56","slug":"rasende-zerstoerung-%e2%80%92-perspektiven-auf-die-kriegsvorbereitung","status":"publish","type":"post","link":"https:\/\/now-news.de\/de\/deutschland\/rasende-zerstoerung-%e2%80%92-perspektiven-auf-die-kriegsvorbereitung\/","title":{"rendered":"Rasende Zerst\u00f6rung \u2012 Perspektiven auf die Kriegsvorbereitung"},"content":{"rendered":"<div class=\"Text-root Text-type_1 \">\n                Beim diesj\u00e4hrigen Kongress der Neuen Gesellschaft f\u00fcr Psychologie werden unterschiedliche Perspektiven auf die Kriegsvorbereitung der Gesellschaft pr\u00e4sentiert. Kurz vor der Konferenz entzog die Evangelische Kirche der NGfP die Tagungsst\u00e4tte: Die Themen widerspr\u00e4chen kirchlichen \u00dcberzeugungen.\n            <\/div>\n<p><\/p>\n<div class=\"Text-root Text-type_5 ArticleView-text ViewText-root \">\n<p><em>Von Felicitas Rabe<\/em><\/p>\n<p>Am Donnerstag begann in Berlin der diesj\u00e4hrige Jahreskongress der <a rel=\"nofollow\" target=\"_blank\" href=\"https:\/\/www.ngfp.de\/\" target=\"_blank\" rel=\"noopener noreferrer\">Neuen Gesellschaft f\u00fcr Psychologie<\/a> (NGfP) zum Thema &#8220;Rasende Zerst\u00f6rung \u2013 Ursachen und politische, \u00f6konomische und psychosoziale Folgen der Kriegsvorbereitung&#8221;. F\u00fcnf Wochen vor der Konferenz hatte die evangelische Kirche der NGfP die vereinbarte AKD-Tagungsst\u00e4tte in Berlin abgesagt. In der Begr\u00fcndung hie\u00df es, dass man den Infos \u00fcber die geplanten Vortr\u00e4ge entnehme, &#8220;dass w\u00e4hrend der Veranstaltung Positionen vertreten w\u00fcrden, die den Grund\u00fcberzeugungen der Kirche widersprechen k\u00f6nnten&#8221;, erkl\u00e4rte der NGfP-Vorsitzende Benjamin Lemke bei seiner Begr\u00fc\u00dfungsrede.<\/p>\n<p>Dem Organisationsteam gelang es gl\u00fccklicherweise in kurzer Zeit, einen Ersatztagungsort im Xelor-Kesselhaus in Berlin-Neuk\u00f6lln zu finden. So kann der schon ausgebuchte Kongress wie geplant stattfinden. Noch nie sei das Interesse am NGfP-Jahreskongress so gro\u00df gewesen wie in diesem Jahr, berichtete der Vorsitzende gegen\u00fcber der Autorin. Seien es zuvor immer etwa 80 Teilnehmer gewesen, komme man in diesem Jahr mit Referenten auf insgesamt rund 150 Personen.<\/p>\n<p><strong>Die Botschaft der Bergpredigt<\/strong><\/p>\n<p>Zur Er\u00f6ffnung sprach am Donnerstag der Theologe und Psychoanalytiker Professor Eugen Drewermann in einem bewegenden Vortrag \u00fcber die Botschaft der <a rel=\"nofollow\" target=\"_blank\" href=\"https:\/\/www.bibleserver.com\/EU\/Matth%C3%A4us5\" target=\"_blank\" rel=\"noopener noreferrer\">Bergpredigt<\/a>: &#8220;Leistet dem B\u00f6sen keinen Widerstand.&#8221; Die Bergpredigt hielt Jesus gem\u00e4\u00df dem Matth\u00e4us-Evangelium auf einem Berg am See Genezareth im heutigen Israel. Drewermann erl\u00e4uterte die Bedeutung ihrer ma\u00dfgeblichen Botschaft in verschiedenen Kontexten, sei es in der Erziehung von Kindern, sei es im Umgang mit sogenannten D\u00e4monen im psychotherapeutischen Kontext oder zuletzt auch im Umgang mit politischen Konflikten.\u00a0Das angebliche oder tats\u00e4chliche B\u00f6se k\u00f6nne man nicht mit noch B\u00f6serem bek\u00e4mpfen, laute die Botschaft von Jesus. \u00dcbersetzt f\u00fcr pers\u00f6nliche und politische Konflikte hei\u00dfe das:<\/p>\n<p>&#8220;Wir kommen nur zum Frieden, indem wir versuchen, die Probleme des anderen zu begreifen.&#8221;<\/p>\n<p>Scharf kritisiere Jesus in der Bergpredigt das F\u00fchren von Kriegen und deren Motive\u00a0\u2012 im Gegensatz zu den Positionen der christlichen Kirchen heute. Jesus habe dazu erkl\u00e4rt: &#8220;Entweder dient Ihr Gott oder dem Mammon.&#8221; Im kapitalistischen Wirtschaftssystem werde allerdings der Mammon verehrt, so Drewermann. Und dieses Wirtschaftssystem k\u00f6nne ohne permanente Ausweitung und ohne Mord und Krieg \u00fcberhaupt nicht existieren.\u00a0<\/p>\n<figure class=\"RTImage-root\">\n<div class=\"RTImage-image RTImage-original\"><picture class=\"Picture-root Picture-original\"><!--[if IE 9]><video style=\"display: none;\"><![endif]--><source media=\"(-webkit-min-device-pixel-ratio: 2) and (min-resolution: 120dpi)\" data-srcset=\" \nhttps:\/\/now-news.de\/de\/wp-content\/uploads\/sites\/3\/2026\/03\/69c58187b480cc51373ea664.jpg 850w,\n                https:\/\/now-news.de\/de\/wp-content\/uploads\/sites\/3\/2026\/03\/69c58187b480cc51373ea664.jpg 1960w,            \" ><source data-srcset=\" \nhttps:\/\/now-news.de\/de\/wp-content\/uploads\/sites\/3\/2026\/03\/69c58187b480cc51373ea664.jpg 460w,\n              https:\/\/now-news.de\/de\/wp-content\/uploads\/sites\/3\/2026\/03\/69c58187b480cc51373ea664.jpg 980w,\n            \" ><!--[if IE 9]><\/video><![endif]--><img decoding=\"async\" data- src=\"data:image\/png;base64,iVBORw0KGgoAAAANSUhEUgAAABAAAAAJCAQAAACRI2S5AAAAEElEQVR42mNkIAAYRxWAAQAG9gAKqv6+AwAAAABJRU5ErkJggg==\" class=\"Picture-root Picture-original lazyload\" data-src=\"https:\/\/now-news.de\/de\/wp-content\/uploads\/sites\/3\/2026\/03\/69c58187b480cc51373ea664.jpg\" alt=\"\"><\/source><\/source><\/picture><!-- noscript pattern --><noscript><img decoding=\"async\" src=\"https:\/\/now-news.de\/de\/wp-content\/uploads\/sites\/3\/2026\/03\/69c58187b480cc51373ea664.jpg\" alt=\"\"><\/noscript><\/div><figcaption class=\"RTImage-footer\"><span class=\"RTImage-caption\"><span class=\"RTImage-captionItem\">Professor Eugen Drewermann auf dem Kongress der Neuen Gesellschaft f\u00fcr Psychologie in Berlin, 26. M\u00e4rz 2026<\/span><\/span><span class=\"RTImage-source\"><span class=\"RTImage-captionItem\">Felicitas Rabe<\/span><\/span><\/figcaption><\/figure>\n<p>Zwar hei\u00dfe es im b\u00fcrgerlichen Gesetz: Du sollst nicht t\u00f6ten, nicht stehlen und nicht l\u00fcgen &#8211; aber Soldaten w\u00fcrden schizophrenerweise genau diese Befehle erteilt: Du sollst t\u00f6ten, Du sollst rauben und Du sollst l\u00fcgen. Die Institution der christlichen Kirche habe sich bereits im Jahr 312 unter Konstantin dem Gro\u00dfen von der Friedensbotschaft der Bergpredigt verabschiedet.<\/p>\n<p>Der Mitbegr\u00fcnder der NGfP, Psychologie-Professor Klaus-J\u00fcrgen Bruder, hielt als N\u00e4chstes einen Vortrag zum Thema &#8220;Strategien der Entpolitisierung&#8221;. Er analysiert das Ph\u00e4nomen eines R\u00fcckzugs ins Private von zuvor engagierten B\u00fcrgern, die auf ihre Entt\u00e4uschung \u00fcber das Scheitern ihres Engagements mit der Abwendung von der Politik reagieren. Potenziell sei dieser R\u00fcckzug bei manchen auch initiiert durch Ausschluss vom politischen Diskurs \u2013 und potenziell auch politisch gewollt und gef\u00f6rdert vonseiten des Staates.<\/p>\n<p>Wie jedes Jahr erwartet die Kongressteilnehmer am kommenden Wochenende wieder ein fachlich hochkar\u00e4tiges Programm, bei dem 19 Referenten aus unterschiedlichen Perspektiven die politische, \u00f6konomische und sozialpsychologische Situation der Gesellschaft in Zeiten der Kriegsvorbereitung analysieren. Im Rahmen dieses Berichts werden vier Beispiele des umfangreichen Programms kurz pr\u00e4sentiert.<\/p>\n<p><strong>Indoktrinierung zur Einstimmung in den Krieg<\/strong><\/p>\n<p>Der Publizist Dr. Wolfgang Bittner wird zum Thema &#8220;Wie die Bev\u00f6lkerung indoktriniert und auf einen Krieg eingestimmt wird&#8221; vortragen. Aus seiner Perspektive wurde die Gesellschaft seitens der Regierung schon seit Jahren darauf vorbereitet, autorit\u00e4re politische Ma\u00dfnahmen zu akzeptieren. In seiner Zusammenfassung f\u00fchrte er dazu aus: Die Verh\u00e4ltnisse in Deutschland haben sich in den vergangenen Jahren \u2013 politisch gesteuert \u2013 grundlegend ver\u00e4ndert:<\/p>\n<p>&#8220;Lebensunsicherheit und Angst grassieren, Egoismus statt Empathie [\u2026] Das macht es den Regierenden leicht, mit der Bev\u00f6lkerung nach Belieben umzugehen.&#8221; Angst erweise sich als probates Mittel zur Durchsetzung autorit\u00e4rer politischer Ma\u00dfnahmen, sowohl bei willf\u00e4hrigen Befehlsempf\u00e4ngern als auch bei einer indoktrinierten passiven Bev\u00f6lkerung. Deutschland befinde sich bereits auf dem Weg in den Totalitarismus.<\/p>\n<p><strong>Die Gefahren beim potenziellen Untergang des westlichen Imperiums<\/strong><\/p>\n<p>Einen Blick \u00fcber den deutschen Tellerrand wird der interventionistische Philosoph Dr. Werner R\u00fcgemer werfen. In seinem Vortrag &#8220;Broken America: Das gef\u00e4hrliche Endspiel des US-gef\u00fchrten Kapitalismus \u2013 und die globale Alternative&#8221; stellt R\u00fcgemer die Gefahren beim Niedergang des kapitalistischen Westens dar: W\u00e4hrend superreiche Profiteure dieses Wirtschafts- und Ausbeutungssystems mittels Kriegen gegen dessen Untergang k\u00e4mpften, engagierten sich gleichzeitig Vertreter alternativer Wirtschaftsmodelle und Allianzen f\u00fcr eine gerechtere Weltwirtschaftsordnung.\u00a0<\/p>\n<p><strong>Willk\u00fcrherrschaft zur Bek\u00e4mpfung von Widerstand und Andersdenkenden<\/strong><\/p>\n<p>In seinem Beitrag &#8220;Aller Rechte beraubt. Mit au\u00dfergerichtlichen EU-Sanktionen zum autorit\u00e4ren Staat&#8221; wird der \u00f6sterreichische Historiker und Verleger Dr. Hannes Hofbauer die Funktion von EU-Sanktionen gegen engagierte B\u00fcrger analysieren und beleuchten, wie die Sanktionen bei der Etablierung eines autorit\u00e4ren Staates eingesetzt werden. Durch ohne jegliches juristisches Verfahren verh\u00e4ngte Sanktionen werden Personen und Organisationen ihre b\u00fcrgerlichen Rechte entzogen. Dazu formuliert Hofbauer: &#8220;Die neue Sanktionspolitik erinnert an vormoderne Strafregime wie die Verbannung, die Reichsacht oder die Ausb\u00fcrgerung. Dadurch kehrten au\u00dfergerichtliche Ma\u00dfnahmen als herrschaftliche Repressionsinstrumente zur\u00fcck.&#8221;<\/p>\n<p><strong>Unterwerfung und Gehorsam als wichtigste Instrumente bei der Kriegsvorbereitung<\/strong><\/p>\n<p>Der Rolle der Medien bei der Vorbereitung der deutschen Gesellschaft auf einen Krieg widmet sich der Journalist Patrik Baab in seinem Vortrag: &#8220;Propaganda-Presse. Wie uns Medien und Lohnschreiber in Kriege treiben.&#8221; Ihm zufolge sind die aktuellen westlichen Mainstream-Medien &#8220;ideologische Apparate, die postfaktischen Journalismus produzieren&#8221;. Den Hintergrund und die Funktion dieses postfaktischen Journalismus und strategischen Framings im Rahmen der Kriegsvorbereitung erl\u00e4utert Baab auf dem Kongress.<\/p>\n<p>Beim Betrachten des Konferenzprogramms und den vielf\u00e4ltigen Beitr\u00e4gen zur Kriegsvorbereitung einer Gesellschaft bekommt man den Eindruck, die wichtigste Komponente bei der Vorbereitung auf einen Krieg besteht nicht nur in der \u00dcberzeugung der Gesellschaft von dessen angeblicher Notwendigkeit. Vielmehr scheint die Etablierung eines autorit\u00e4ren Staates, der Andersdenkende willk\u00fcrlich ihrer b\u00fcrgerlichen Rechte berauben kann, mit zu den wichtigsten Elementen zu geh\u00f6ren.<\/p>\n<p>Die Verbreitung von Angst und die Erzwingung von Gehorsam unter einem Willk\u00fcrregime geh\u00f6rt offenbar vorrangig zu den Kriegsvorbereitungen \u2013 neben der Aufsetzung eines Propaganda-Apparats, der kritischen Diskurs verdammt. Dass solche Einsichten und viele Einzelaspekte in Zeiten wachsender Zensur noch transportiert werden, verdanken wir auch der Arbeit der Neuen Gesellschaft f\u00fcr Psychologie.<\/p>\n<p><strong>Mehr zum Thema<\/strong>\u00a0\u2012 <a rel=\"nofollow\" target=\"_blank\" href=\"https:\/\/dert.online\/inland\/272216-schulstreiker-leben-in-frieden-kann\/\" target=\"_blank\" rel=\"noopener noreferrer\">Schulstreiker: &#8220;Leben in Frieden kann nur gegen die Bundesregierung durchgesetzt werden!&#8221;<\/a><\/p>\n<div class=\"EmbedBlock-root EmbedBlock-externalVideo EmbedBlock-rumble\">\n<div class=\"VkEmbed\"><iframe class=\"lazyload\" data-src=\"https:\/\/rumble.com\/embed\/v75gmtm\" frameborder=\"0\" width=\"853\" height=\"480\" allowfullscreen><\/iframe><\/div>\n<\/div>\n<p>\u00a0<\/p>\n<p>\u00a0<\/p>\n<\/div>\n<p><br \/>\n<br \/><a href=\"https:\/\/de.rt.com\/inland\/274893-rasende-zerstoerung-perspektiven-auf-kriegsvorbereitung\/\">Source link <\/a><\/p>\n","protected":false},"excerpt":{"rendered":"<p>Beim diesj\u00e4hrigen Kongress der Neuen Gesellschaft f\u00fcr Psychologie werden unterschiedliche Perspektiven auf die Kriegsvorbereitung der Gesellschaft pr\u00e4sentiert. Kurz vor der Konferenz entzog die Evangelische Kirche der NGfP die Tagungsst\u00e4tte: Die Themen widerspr\u00e4chen kirchlichen \u00dcberzeugungen. Von Felicitas Rabe Am Donnerstag begann in Berlin der diesj\u00e4hrige Jahreskongress der Neuen Gesellschaft f\u00fcr Psychologie (NGfP) zum Thema &#8220;Rasende Zerst\u00f6rung [&hellip;]<\/p>\n","protected":false},"author":3,"featured_media":100883,"comment_status":"open","ping_status":"open","sticky":false,"template":"","format":"standard","meta":{"_yoast_indexnow_last_ping":["1774598082"],"wp_automatic_camp":["217"],"aa86fb8dd6041c7c7b9c7e6b5856634b":["Rasende Zerst\u00f6rung \u2012 Perspektiven auf die Kriegsvorbereitung"],"original_link":["https:\/\/de.rt.com\/inland\/274893-rasende-zerstoerung-perspektiven-auf-kriegsvorbereitung\/"],"_thumbnail_id":["100883"],"jnews_social_counter_last_update":["1777277448"],"_wptgpro_p2tg_sent2tg":["a:1:{i:23737;s:19:\"2026-03-27 09:55:48\";}"]},"categories":[19,23],"tags":[133,45,33197,29874,72020,8331],"yoast_head":"<!-- This site is optimized with the Yoast SEO Premium plugin v22.7 (Yoast SEO v22.7) - https:\/\/yoast.com\/wordpress\/plugins\/seo\/ -->\n<title>Rasende Zerst\u00f6rung \u2012 Perspektiven auf die Kriegsvorbereitung - just-now.NEWS Deutschland<\/title>\n<meta name=\"robots\" content=\"index, follow, max-snippet:-1, max-image-preview:large, max-video-preview:-1\" \/>\n<link rel=\"canonical\" href=\"https:\/\/now-news.de\/de\/deutschland\/rasende-zerstoerung-\u2012-perspektiven-auf-die-kriegsvorbereitung\/\" \/>\n<meta property=\"og:locale\" content=\"de_DE\" \/>\n<meta property=\"og:type\" content=\"article\" \/>\n<meta property=\"og:title\" content=\"Rasende Zerst\u00f6rung \u2012 Perspektiven auf die Kriegsvorbereitung\" \/>\n<meta property=\"og:description\" content=\"Beim diesj\u00e4hrigen Kongress der Neuen Gesellschaft f\u00fcr Psychologie werden unterschiedliche Perspektiven auf die Kriegsvorbereitung der Gesellschaft pr\u00e4sentiert. Kurz vor der Konferenz entzog die Evangelische Kirche der NGfP die Tagungsst\u00e4tte: Die Themen widerspr\u00e4chen kirchlichen \u00dcberzeugungen. Von Felicitas Rabe Am Donnerstag begann in Berlin der diesj\u00e4hrige Jahreskongress der Neuen Gesellschaft f\u00fcr Psychologie (NGfP) zum Thema &#8220;Rasende Zerst\u00f6rung [&hellip;]\" \/>\n<meta property=\"og:url\" content=\"https:\/\/now-news.de\/de\/deutschland\/rasende-zerstoerung-\u2012-perspektiven-auf-die-kriegsvorbereitung\/\" \/>\n<meta property=\"og:site_name\" content=\"just-now.NEWS Deutschland\" \/>\n<meta property=\"article:publisher\" content=\"https:\/\/www.facebook.com\/wirmachenauf\" \/>\n<meta property=\"article:published_time\" content=\"2026-03-27T07:48:56+00:00\" \/>\n<meta property=\"og:image\" content=\"https:\/\/now-news.de\/de\/wp-content\/uploads\/sites\/3\/2026\/03\/69c58187b480cc51373ea664.jpg\" \/>\n<meta name=\"author\" content=\"rtnews\" \/>\n<meta name=\"twitter:card\" content=\"summary_large_image\" \/>\n<meta name=\"twitter:creator\" content=\"@WirMachenAuf_de\" \/>\n<meta name=\"twitter:site\" content=\"@WirMachenAuf_de\" \/>\n<meta name=\"twitter:label1\" content=\"Verfasst von\" \/>\n\t<meta name=\"twitter:data1\" content=\"rtnews\" \/>\n\t<meta name=\"twitter:label2\" content=\"Gesch\u00e4tzte Lesezeit\" \/>\n\t<meta name=\"twitter:data2\" content=\"6\u00a0Minuten\" \/>\n<script type=\"application\/ld+json\" class=\"yoast-schema-graph\">{\"@context\":\"https:\/\/schema.org\",\"@graph\":[{\"@type\":\"Article\",\"@id\":\"https:\/\/now-news.de\/de\/deutschland\/rasende-zerstoerung-%e2%80%92-perspektiven-auf-die-kriegsvorbereitung\/#article\",\"isPartOf\":{\"@id\":\"https:\/\/now-news.de\/de\/deutschland\/rasende-zerstoerung-%e2%80%92-perspektiven-auf-die-kriegsvorbereitung\/\"},\"author\":{\"name\":\"rtnews\",\"@id\":\"https:\/\/now-news.de\/de\/#\/schema\/person\/fb534a4e865501d8b3285208df34a9b5\"},\"headline\":\"Rasende Zerst\u00f6rung \u2012 Perspektiven auf die Kriegsvorbereitung\",\"datePublished\":\"2026-03-27T07:48:56+00:00\",\"dateModified\":\"2026-03-27T07:48:56+00:00\",\"mainEntityOfPage\":{\"@id\":\"https:\/\/now-news.de\/de\/deutschland\/rasende-zerstoerung-%e2%80%92-perspektiven-auf-die-kriegsvorbereitung\/\"},\"wordCount\":1125,\"commentCount\":0,\"publisher\":{\"@id\":\"https:\/\/now-news.de\/de\/#organization\"},\"image\":{\"@id\":\"https:\/\/now-news.de\/de\/deutschland\/rasende-zerstoerung-%e2%80%92-perspektiven-auf-die-kriegsvorbereitung\/#primaryimage\"},\"thumbnailUrl\":\"https:\/\/now-news.de\/de\/wp-content\/uploads\/sites\/3\/2026\/03\/Rasende-Zerstoerung-\u2012-Perspektiven-auf-die-Kriegsvorbereitung.jpg\",\"keywords\":[\"AUF\",\"die\",\"Kriegsvorbereitung\",\"Perspektiven\",\"Rasende\",\"Zerst\u00f6rung\"],\"articleSection\":[\"Deutschland\",\"Russland\"],\"inLanguage\":\"de\",\"potentialAction\":[{\"@type\":\"CommentAction\",\"name\":\"Comment\",\"target\":[\"https:\/\/now-news.de\/de\/deutschland\/rasende-zerstoerung-%e2%80%92-perspektiven-auf-die-kriegsvorbereitung\/#respond\"]}]},{\"@type\":\"WebPage\",\"@id\":\"https:\/\/now-news.de\/de\/deutschland\/rasende-zerstoerung-%e2%80%92-perspektiven-auf-die-kriegsvorbereitung\/\",\"url\":\"https:\/\/now-news.de\/de\/deutschland\/rasende-zerstoerung-%e2%80%92-perspektiven-auf-die-kriegsvorbereitung\/\",\"name\":\"Rasende Zerst\u00f6rung \u2012 Perspektiven auf die Kriegsvorbereitung - just-now.NEWS Deutschland\",\"isPartOf\":{\"@id\":\"https:\/\/now-news.de\/de\/#website\"},\"primaryImageOfPage\":{\"@id\":\"https:\/\/now-news.de\/de\/deutschland\/rasende-zerstoerung-%e2%80%92-perspektiven-auf-die-kriegsvorbereitung\/#primaryimage\"},\"image\":{\"@id\":\"https:\/\/now-news.de\/de\/deutschland\/rasende-zerstoerung-%e2%80%92-perspektiven-auf-die-kriegsvorbereitung\/#primaryimage\"},\"thumbnailUrl\":\"https:\/\/now-news.de\/de\/wp-content\/uploads\/sites\/3\/2026\/03\/Rasende-Zerstoerung-\u2012-Perspektiven-auf-die-Kriegsvorbereitung.jpg\",\"datePublished\":\"2026-03-27T07:48:56+00:00\",\"dateModified\":\"2026-03-27T07:48:56+00:00\",\"breadcrumb\":{\"@id\":\"https:\/\/now-news.de\/de\/deutschland\/rasende-zerstoerung-%e2%80%92-perspektiven-auf-die-kriegsvorbereitung\/#breadcrumb\"},\"inLanguage\":\"de\",\"potentialAction\":[{\"@type\":\"ReadAction\",\"target\":[\"https:\/\/now-news.de\/de\/deutschland\/rasende-zerstoerung-%e2%80%92-perspektiven-auf-die-kriegsvorbereitung\/\"]}]},{\"@type\":\"ImageObject\",\"inLanguage\":\"de\",\"@id\":\"https:\/\/now-news.de\/de\/deutschland\/rasende-zerstoerung-%e2%80%92-perspektiven-auf-die-kriegsvorbereitung\/#primaryimage\",\"url\":\"https:\/\/now-news.de\/de\/wp-content\/uploads\/sites\/3\/2026\/03\/Rasende-Zerstoerung-\u2012-Perspektiven-auf-die-Kriegsvorbereitung.jpg\",\"contentUrl\":\"https:\/\/now-news.de\/de\/wp-content\/uploads\/sites\/3\/2026\/03\/Rasende-Zerstoerung-\u2012-Perspektiven-auf-die-Kriegsvorbereitung.jpg\",\"width\":1280,\"height\":960,\"caption\":\"Rasende Zerst\u00f6rung \u2012 Perspektiven auf die Kriegsvorbereitung\"},{\"@type\":\"BreadcrumbList\",\"@id\":\"https:\/\/now-news.de\/de\/deutschland\/rasende-zerstoerung-%e2%80%92-perspektiven-auf-die-kriegsvorbereitung\/#breadcrumb\",\"itemListElement\":[{\"@type\":\"ListItem\",\"position\":1,\"name\":\"Home\",\"item\":\"https:\/\/now-news.de\/de\/\"},{\"@type\":\"ListItem\",\"position\":2,\"name\":\"Rasende Zerst\u00f6rung \u2012 Perspektiven auf die Kriegsvorbereitung\"}]},{\"@type\":\"WebSite\",\"@id\":\"https:\/\/now-news.de\/de\/#website\",\"url\":\"https:\/\/now-news.de\/de\/\",\"name\":\"just-now.NEWS Deutschland\",\"description\":\"Das Portal f\u00fcr unzensierte Nachrichten aus der Welt\",\"publisher\":{\"@id\":\"https:\/\/now-news.de\/de\/#organization\"},\"potentialAction\":[{\"@type\":\"SearchAction\",\"target\":{\"@type\":\"EntryPoint\",\"urlTemplate\":\"https:\/\/now-news.de\/de\/?s={search_term_string}\"},\"query-input\":\"required name=search_term_string\"}],\"inLanguage\":\"de\"},{\"@type\":\"Organization\",\"@id\":\"https:\/\/now-news.de\/de\/#organization\",\"name\":\"Just Now News\",\"url\":\"https:\/\/now-news.de\/de\/\",\"logo\":{\"@type\":\"ImageObject\",\"inLanguage\":\"de\",\"@id\":\"https:\/\/now-news.de\/de\/#\/schema\/logo\/image\/\",\"url\":\"http:\/\/just-now.news\/de\/wp-content\/uploads\/sites\/3\/2022\/04\/logo500x500.jpg\",\"contentUrl\":\"http:\/\/just-now.news\/de\/wp-content\/uploads\/sites\/3\/2022\/04\/logo500x500.jpg\",\"width\":500,\"height\":500,\"caption\":\"Just Now News\"},\"image\":{\"@id\":\"https:\/\/now-news.de\/de\/#\/schema\/logo\/image\/\"},\"sameAs\":[\"https:\/\/www.facebook.com\/wirmachenauf\",\"https:\/\/x.com\/WirMachenAuf_de\"]},{\"@type\":\"Person\",\"@id\":\"https:\/\/now-news.de\/de\/#\/schema\/person\/fb534a4e865501d8b3285208df34a9b5\",\"name\":\"rtnews\",\"image\":{\"@type\":\"ImageObject\",\"inLanguage\":\"de\",\"@id\":\"https:\/\/now-news.de\/de\/#\/schema\/person\/image\/\",\"url\":\"https:\/\/secure.gravatar.com\/avatar\/82aafea7d8127119dd649515f56e2117?s=96&d=mm&r=g\",\"contentUrl\":\"https:\/\/secure.gravatar.com\/avatar\/82aafea7d8127119dd649515f56e2117?s=96&d=mm&r=g\",\"caption\":\"rtnews\"},\"url\":\"https:\/\/now-news.de\/de\/author\/rnews\/\"}]}<\/script>\n<!-- \/ Yoast SEO Premium plugin. -->","yoast_head_json":{"title":"Rasende Zerst\u00f6rung \u2012 Perspektiven auf die Kriegsvorbereitung - just-now.NEWS Deutschland","robots":{"index":"index","follow":"follow","max-snippet":"max-snippet:-1","max-image-preview":"max-image-preview:large","max-video-preview":"max-video-preview:-1"},"canonical":"https:\/\/now-news.de\/de\/deutschland\/rasende-zerstoerung-\u2012-perspektiven-auf-die-kriegsvorbereitung\/","og_locale":"de_DE","og_type":"article","og_title":"Rasende Zerst\u00f6rung \u2012 Perspektiven auf die Kriegsvorbereitung","og_description":"Beim diesj\u00e4hrigen Kongress der Neuen Gesellschaft f\u00fcr Psychologie werden unterschiedliche Perspektiven auf die Kriegsvorbereitung der Gesellschaft pr\u00e4sentiert. Kurz vor der Konferenz entzog die Evangelische Kirche der NGfP die Tagungsst\u00e4tte: Die Themen widerspr\u00e4chen kirchlichen \u00dcberzeugungen. Von Felicitas Rabe Am Donnerstag begann in Berlin der diesj\u00e4hrige Jahreskongress der Neuen Gesellschaft f\u00fcr Psychologie (NGfP) zum Thema &#8220;Rasende Zerst\u00f6rung [&hellip;]","og_url":"https:\/\/now-news.de\/de\/deutschland\/rasende-zerstoerung-\u2012-perspektiven-auf-die-kriegsvorbereitung\/","og_site_name":"just-now.NEWS Deutschland","article_publisher":"https:\/\/www.facebook.com\/wirmachenauf","article_published_time":"2026-03-27T07:48:56+00:00","og_image":[{"url":"https:\/\/now-news.de\/de\/wp-content\/uploads\/sites\/3\/2026\/03\/69c58187b480cc51373ea664.jpg"}],"author":"rtnews","twitter_card":"summary_large_image","twitter_creator":"@WirMachenAuf_de","twitter_site":"@WirMachenAuf_de","twitter_misc":{"Verfasst von":"rtnews","Gesch\u00e4tzte Lesezeit":"6\u00a0Minuten"},"schema":{"@context":"https:\/\/schema.org","@graph":[{"@type":"Article","@id":"https:\/\/now-news.de\/de\/deutschland\/rasende-zerstoerung-%e2%80%92-perspektiven-auf-die-kriegsvorbereitung\/#article","isPartOf":{"@id":"https:\/\/now-news.de\/de\/deutschland\/rasende-zerstoerung-%e2%80%92-perspektiven-auf-die-kriegsvorbereitung\/"},"author":{"name":"rtnews","@id":"https:\/\/now-news.de\/de\/#\/schema\/person\/fb534a4e865501d8b3285208df34a9b5"},"headline":"Rasende Zerst\u00f6rung \u2012 Perspektiven auf die Kriegsvorbereitung","datePublished":"2026-03-27T07:48:56+00:00","dateModified":"2026-03-27T07:48:56+00:00","mainEntityOfPage":{"@id":"https:\/\/now-news.de\/de\/deutschland\/rasende-zerstoerung-%e2%80%92-perspektiven-auf-die-kriegsvorbereitung\/"},"wordCount":1125,"commentCount":0,"publisher":{"@id":"https:\/\/now-news.de\/de\/#organization"},"image":{"@id":"https:\/\/now-news.de\/de\/deutschland\/rasende-zerstoerung-%e2%80%92-perspektiven-auf-die-kriegsvorbereitung\/#primaryimage"},"thumbnailUrl":"https:\/\/now-news.de\/de\/wp-content\/uploads\/sites\/3\/2026\/03\/Rasende-Zerstoerung-\u2012-Perspektiven-auf-die-Kriegsvorbereitung.jpg","keywords":["AUF","die","Kriegsvorbereitung","Perspektiven","Rasende","Zerst\u00f6rung"],"articleSection":["Deutschland","Russland"],"inLanguage":"de","potentialAction":[{"@type":"CommentAction","name":"Comment","target":["https:\/\/now-news.de\/de\/deutschland\/rasende-zerstoerung-%e2%80%92-perspektiven-auf-die-kriegsvorbereitung\/#respond"]}]},{"@type":"WebPage","@id":"https:\/\/now-news.de\/de\/deutschland\/rasende-zerstoerung-%e2%80%92-perspektiven-auf-die-kriegsvorbereitung\/","url":"https:\/\/now-news.de\/de\/deutschland\/rasende-zerstoerung-%e2%80%92-perspektiven-auf-die-kriegsvorbereitung\/","name":"Rasende Zerst\u00f6rung \u2012 Perspektiven auf die Kriegsvorbereitung - just-now.NEWS Deutschland","isPartOf":{"@id":"https:\/\/now-news.de\/de\/#website"},"primaryImageOfPage":{"@id":"https:\/\/now-news.de\/de\/deutschland\/rasende-zerstoerung-%e2%80%92-perspektiven-auf-die-kriegsvorbereitung\/#primaryimage"},"image":{"@id":"https:\/\/now-news.de\/de\/deutschland\/rasende-zerstoerung-%e2%80%92-perspektiven-auf-die-kriegsvorbereitung\/#primaryimage"},"thumbnailUrl":"https:\/\/now-news.de\/de\/wp-content\/uploads\/sites\/3\/2026\/03\/Rasende-Zerstoerung-\u2012-Perspektiven-auf-die-Kriegsvorbereitung.jpg","datePublished":"2026-03-27T07:48:56+00:00","dateModified":"2026-03-27T07:48:56+00:00","breadcrumb":{"@id":"https:\/\/now-news.de\/de\/deutschland\/rasende-zerstoerung-%e2%80%92-perspektiven-auf-die-kriegsvorbereitung\/#breadcrumb"},"inLanguage":"de","potentialAction":[{"@type":"ReadAction","target":["https:\/\/now-news.de\/de\/deutschland\/rasende-zerstoerung-%e2%80%92-perspektiven-auf-die-kriegsvorbereitung\/"]}]},{"@type":"ImageObject","inLanguage":"de","@id":"https:\/\/now-news.de\/de\/deutschland\/rasende-zerstoerung-%e2%80%92-perspektiven-auf-die-kriegsvorbereitung\/#primaryimage","url":"https:\/\/now-news.de\/de\/wp-content\/uploads\/sites\/3\/2026\/03\/Rasende-Zerstoerung-\u2012-Perspektiven-auf-die-Kriegsvorbereitung.jpg","contentUrl":"https:\/\/now-news.de\/de\/wp-content\/uploads\/sites\/3\/2026\/03\/Rasende-Zerstoerung-\u2012-Perspektiven-auf-die-Kriegsvorbereitung.jpg","width":1280,"height":960,"caption":"Rasende Zerst\u00f6rung \u2012 Perspektiven auf die Kriegsvorbereitung"},{"@type":"BreadcrumbList","@id":"https:\/\/now-news.de\/de\/deutschland\/rasende-zerstoerung-%e2%80%92-perspektiven-auf-die-kriegsvorbereitung\/#breadcrumb","itemListElement":[{"@type":"ListItem","position":1,"name":"Home","item":"https:\/\/now-news.de\/de\/"},{"@type":"ListItem","position":2,"name":"Rasende Zerst\u00f6rung \u2012 Perspektiven auf die Kriegsvorbereitung"}]},{"@type":"WebSite","@id":"https:\/\/now-news.de\/de\/#website","url":"https:\/\/now-news.de\/de\/","name":"just-now.NEWS Deutschland","description":"Das Portal f\u00fcr unzensierte Nachrichten aus der Welt","publisher":{"@id":"https:\/\/now-news.de\/de\/#organization"},"potentialAction":[{"@type":"SearchAction","target":{"@type":"EntryPoint","urlTemplate":"https:\/\/now-news.de\/de\/?s={search_term_string}"},"query-input":"required name=search_term_string"}],"inLanguage":"de"},{"@type":"Organization","@id":"https:\/\/now-news.de\/de\/#organization","name":"Just Now News","url":"https:\/\/now-news.de\/de\/","logo":{"@type":"ImageObject","inLanguage":"de","@id":"https:\/\/now-news.de\/de\/#\/schema\/logo\/image\/","url":"http:\/\/just-now.news\/de\/wp-content\/uploads\/sites\/3\/2022\/04\/logo500x500.jpg","contentUrl":"http:\/\/just-now.news\/de\/wp-content\/uploads\/sites\/3\/2022\/04\/logo500x500.jpg","width":500,"height":500,"caption":"Just Now News"},"image":{"@id":"https:\/\/now-news.de\/de\/#\/schema\/logo\/image\/"},"sameAs":["https:\/\/www.facebook.com\/wirmachenauf","https:\/\/x.com\/WirMachenAuf_de"]},{"@type":"Person","@id":"https:\/\/now-news.de\/de\/#\/schema\/person\/fb534a4e865501d8b3285208df34a9b5","name":"rtnews","image":{"@type":"ImageObject","inLanguage":"de","@id":"https:\/\/now-news.de\/de\/#\/schema\/person\/image\/","url":"https:\/\/secure.gravatar.com\/avatar\/82aafea7d8127119dd649515f56e2117?s=96&d=mm&r=g","contentUrl":"https:\/\/secure.gravatar.com\/avatar\/82aafea7d8127119dd649515f56e2117?s=96&d=mm&r=g","caption":"rtnews"},"url":"https:\/\/now-news.de\/de\/author\/rnews\/"}]}},"_links":{"self":[{"href":"https:\/\/now-news.de\/de\/wp-json\/wp\/v2\/posts\/100882"}],"collection":[{"href":"https:\/\/now-news.de\/de\/wp-json\/wp\/v2\/posts"}],"about":[{"href":"https:\/\/now-news.de\/de\/wp-json\/wp\/v2\/types\/post"}],"author":[{"embeddable":true,"href":"https:\/\/now-news.de\/de\/wp-json\/wp\/v2\/users\/3"}],"replies":[{"embeddable":true,"href":"https:\/\/now-news.de\/de\/wp-json\/wp\/v2\/comments?post=100882"}],"version-history":[{"count":0,"href":"https:\/\/now-news.de\/de\/wp-json\/wp\/v2\/posts\/100882\/revisions"}],"wp:featuredmedia":[{"embeddable":true,"href":"https:\/\/now-news.de\/de\/wp-json\/wp\/v2\/media\/100883"}],"wp:attachment":[{"href":"https:\/\/now-news.de\/de\/wp-json\/wp\/v2\/media?parent=100882"}],"wp:term":[{"taxonomy":"category","embeddable":true,"href":"https:\/\/now-news.de\/de\/wp-json\/wp\/v2\/categories?post=100882"},{"taxonomy":"post_tag","embeddable":true,"href":"https:\/\/now-news.de\/de\/wp-json\/wp\/v2\/tags?post=100882"}],"curies":[{"name":"wp","href":"https:\/\/api.w.org\/{rel}","templated":true}]}}