{"id":100852,"date":"2026-03-26T17:58:09","date_gmt":"2026-03-26T15:58:09","guid":{"rendered":"https:\/\/now-news.de\/de\/deutschland\/ukrainische-drohnen-machen-das-baltikum-zur-zielscheibe\/"},"modified":"2026-03-26T17:58:09","modified_gmt":"2026-03-26T15:58:09","slug":"ukrainische-drohnen-machen-das-baltikum-zur-zielscheibe","status":"publish","type":"post","link":"https:\/\/now-news.de\/de\/deutschland\/ukrainische-drohnen-machen-das-baltikum-zur-zielscheibe\/","title":{"rendered":"Ukrainische Drohnen machen das Baltikum zur Zielscheibe"},"content":{"rendered":"<div class=\"Text-root Text-type_1 \">\n                Die ukrainischen Streitkr\u00e4fte griffen mit Drohnen Einrichtungen im Gebiet Leningrad an. Daraufhin wurde in den baltischen Staaten der Absturz von ukrainischen Drohnen auf ihren Territorien registriert. Gaben die baltischen Staaten ihren Luftraum f\u00fcr Angriffe gegen Russland frei? Wie k\u00f6nnte Moskaus reagieren?\n            <\/div>\n<p><\/p>\n<div class=\"Text-root Text-type_5 ArticleView-text ViewText-root \">\n<p><em>Von Andrei Restschikow<\/em><\/p>\n<p>Im Laufe dieser Woche gab es mehrere Drohnenattacken der Ukraine auf Einrichtungen im Gebiet Leningrad. Angaben des Gouverneurs Alexander Drozdenko zufolge wurden in den Nachtstunden 56 Drohnen \u00fcber dem Gebiet abgeschossen. Vor allem versuchten die ukrainischen Streitkr\u00e4fte, Ust-Luga, Kronstadt und Primorsk anzugreifen. Das Ziel des Gegners war es, die Energie- und Hafeninfrastruktur sowie Werften zu besch\u00e4digen.<\/p>\n<p>Sp\u00e4ter meldete das russische Verteidigungsministerium den Abschuss von insgesamt 389 Drohnen \u00fcber 13 bis 14 Gebieten des Landes in der Nacht zum 25. M\u00e4rz, was eine Rekordzahl f\u00fcr einen einzigen Angriff darstellt. W\u00e4hrend dieser Angriffe flogen ukrainische Drohnen in den Luftraum der baltischen Staaten ein.<\/p>\n<p>Am Dienstag teilte der litauische Verteidigungsminister Robertas Kaunas mit, dass die Drohne, die im Bezirk Var\u0117na abgest\u00fcrzt sei, h\u00f6chstwahrscheinlich den ukrainischen Streitkr\u00e4ften geh\u00f6rt habe. Laut lokalen Medienberichten ist die Drohne in das Hoheitsgebiet der Republik eingeflogen und nach dem Absturz explodiert. Die litauischen Luftabwehrkr\u00e4fte h\u00e4tten sie nicht entdeckt, da sie in einer H\u00f6he von weniger als 300 Metern geflogen sei.<\/p>\n<p>In Estland kollidierte eine Drohne mit dem Schornstein eines Kraftwerks in Auvere. Die \u00f6rtliche Polizei erkl\u00e4rte, dass &#8220;die Fragmente der Drohne darauf hindeuten, dass es sich um eine ukrainische Drohne handelte&#8221;. Nach Angaben der Polizei ist die Drohne im russischen Luftraum technisch gest\u00f6rt worden, was zu einer Kursabweichung und zum Absturz auf estnischem Hoheitsgebiet gef\u00fchrt habe.<\/p>\n<p>Eine weitere Drohne durchquerte den lettischen Luftraum und st\u00fcrzte im Kreis Kr\u0101slava \u2013 an der Grenze zu Wei\u00dfrussland \u2013 ab. Die lettische Regierungschefin Evika Sili\u0146a best\u00e4tigte, dass es sich um eine ukrainische Drohne handelte. Der litauische Verteidigungsminister Robertas Kaunas gab jedoch nicht den ukrainischen Streitkr\u00e4ften die Verantwortung f\u00fcr den Vorfall, sondern der russischen Sonderoperation in der Ukraine.<\/p>\n<p>Nach Ansicht von Experten geht die Situation in den baltischen Staaten \u00fcber gew\u00f6hnliche milit\u00e4rische Zwischenf\u00e4lle hinaus: De facto wurde der Luftraum Estlands, Lettlands und Litauens f\u00fcr Angriffe auf russisches Hoheitsgebiet zur Verf\u00fcgung gestellt.<\/p>\n<figure class=\"RTImage-root\">\n<div class=\"RTImage-image RTImage-original\"><picture class=\"Picture-root Picture-original\"><!--[if IE 9]><video style=\"display: none;\"><![endif]--><source media=\"(-webkit-min-device-pixel-ratio: 2) and (min-resolution: 120dpi)\" data-srcset=\" \nhttps:\/\/now-news.de\/de\/wp-content\/uploads\/sites\/3\/2026\/03\/69c53338b480cc19d97e5a32.jpg 850w,\n                https:\/\/now-news.de\/de\/wp-content\/uploads\/sites\/3\/2026\/03\/69c53338b480cc19d97e5a32.jpg 1960w,            \" ><source data-srcset=\" \nhttps:\/\/now-news.de\/de\/wp-content\/uploads\/sites\/3\/2026\/03\/69c53338b480cc19d97e5a32.jpg 460w,\n              https:\/\/now-news.de\/de\/wp-content\/uploads\/sites\/3\/2026\/03\/69c53338b480cc19d97e5a32.jpg 980w,\n            \" ><!--[if IE 9]><\/video><![endif]--><img decoding=\"async\" data- src=\"data:image\/png;base64,iVBORw0KGgoAAAANSUhEUgAAABAAAAAJCAQAAACRI2S5AAAAEElEQVR42mNkIAAYRxWAAQAG9gAKqv6+AwAAAABJRU5ErkJggg==\" class=\"Picture-root Picture-original lazyload\" data-src=\"https:\/\/now-news.de\/de\/wp-content\/uploads\/sites\/3\/2026\/03\/69c53338b480cc19d97e5a32.jpg\" alt=\"\"><\/source><\/source><\/picture><!-- noscript pattern --><noscript><img decoding=\"async\" src=\"https:\/\/now-news.de\/de\/wp-content\/uploads\/sites\/3\/2026\/03\/69c53338b480cc19d97e5a32.jpg\" alt=\"\"><\/noscript><\/div><figcaption class=\"RTImage-footer\"><span class=\"RTImage-caption\"><span class=\"RTImage-captionItem\">Flugverlauf der im Baltikum abgest\u00fcrzten ukrainischen Drohnen<\/span><\/span><span class=\"RTImage-source\"><span class=\"RTImage-captionItem\">Telegram-Kanal Verum Regnum|\u041d\u0430\u0448 Regnum<\/span><\/span><\/figcaption><\/figure>\n<p>Wie bereits in der Februar-Ausgabe der von der Zeitung <em>Wsgljad<\/em> erstellten Rangliste der unfreundlichen Regierungen festgestellt wurde, nehmen die antirussischen Aktionen der baltischen Staaten zu. In der Praxis manifestiert sich dies nicht nur in milit\u00e4rischen Aktivit\u00e4ten, sondern in einer systematischen Militarisierung dieser Region, die auch den Ausbau der NATO-Infrastruktur und die Schaffung von Risiken f\u00fcr den normalen Betrieb der H\u00e4fen in den Gebieten Leningrad und Kaliningrad umfasst.<\/p>\n<p>Der Milit\u00e4rexperte Juri Knutow sagt dazu:<\/p>\n<p><em>&#8220;Die von unfreundlichen L\u00e4ndern an den nordwestlichen Grenzen Russlands durchgef\u00fchrten Aktionen schaffen alle Voraussetzungen, um nicht nur diplomatische, sondern auch ernsthaftere Ma\u00dfnahmen gegen die baltischen Staaten zu ergreifen.<\/em><\/p>\n<p><em>Wenn man bedenkt, dass die NATO die Ostsee de facto zu ihrer Kontrollzone erkl\u00e4rt hat und zudem vermehrt F\u00e4lle von piraten\u00e4hnlichen Aktionen des B\u00fcndnisses gegen russische Schiffe zu verzeichnen sind, kommt man zu der berechtigten Annahme, dass ein Teil der Drohnen nicht vom Territorium der Ukraine aus, sondern von europ\u00e4ischen Containerschiffen aus eingesetzt wird. Ziel solcher Angriffe sind Sankt Petersburg, Kronstadt und Kaliningrad. Die endg\u00fcltige Antwort auf die Frage nach dem Drohnenstartpunkt kann nat\u00fcrlich nur eine Analyse der Elektronik der abgeschossenen Flugger\u00e4te liefern, doch der Eskalationsvektor liegt auf der Hand.&#8221;<\/em><\/p>\n<p>Der Milit\u00e4rexperte und Dozent an der Finanzuniversit\u00e4t der Regierung der Russischen F\u00f6deration, Wladimir Jeranosjan, ist der Ansicht:<\/p>\n<p><em>&#8220;Was den Zugang zum Luft- oder Hoheitsgebiet f\u00fcr den Einsatz ukrainischer Drohnen gegen Russland angeht, handelt es sich um einen Casus Belli. Wenn Russland es f\u00fcr notwendig erachtet, k\u00f6nnte es sich so verhalten wie der Iran gegen\u00fcber den arabischen Monarchien: Wer Truppen des Angreifers auf seinem Territorium stationiert und die Infrastruktur zur Verf\u00fcgung stellt, macht sich zu einem legitimen Milit\u00e4rziel.&#8221;<\/em><\/p>\n<p>Dem Milit\u00e4rexperten Wiktor Litowkin zufolge l\u00e4sst sich derzeit noch nicht mit Sicherheit sagen, dass Litauen, Lettland oder Estland ihren Luftraum bewusst ge\u00f6ffnet haben.\u00a0Er sagt:<\/p>\n<p><em>&#8220;Wir wissen nicht, ob die Ukraine deren Erlaubnis einholt oder einfach ihren Luftraum und dabei die Souver\u00e4nit\u00e4t dieser L\u00e4nder missachtet. Zweifellos hat kein baltischer Staat ein Interesse daran, dass eine Drohne auf ihre Wohnh\u00e4user oder Infrastruktureinrichtungen abst\u00fcrzt und Sch\u00e4den oder gar menschliche Opfer verursacht.&#8221;<\/em><\/p>\n<p>Dennoch, meint er, t\u00e4ten die Regierungen dieser L\u00e4nder so, als ob nichts Schlimmes passiere, und daf\u00fcr gebe es mindestens zwei Gr\u00fcnde. Er erl\u00e4utert:<\/p>\n<p><em>&#8220;Der erste Grund ist das Fehlen eines leistungsf\u00e4higen und wirksamen Luftabwehrsystems in den baltischen Staaten, das solche \u00dcberfl\u00fcge kontrollieren k\u00f6nnte. Au\u00dferdem w\u00fcrde eine politische Reaktion diesen L\u00e4ndern keinerlei Vorteile bringen. F\u00fcr sie w\u00e4re es derzeit politisch nicht korrekt, gegen die Ukraine zu protestieren. Dies w\u00fcrde das offizielle Narrativ der NATO untergraben, die trotz ihrer &#8216;uneingeschr\u00e4nkten Unterst\u00fctzung&#8217; f\u00fcr Kiew die Ukraine faktisch als Schlachtfeld im Kampf gegen Russland nutzt.&#8221;<\/em><\/p>\n<p>Die baltischen Politiker, so der Experte, seien der Meinung, dass Russland ihr Hoheitsgebiet wegen \u00fcberfliegender Drohnen nicht angreifen werde, solange sie selbst nicht zu direkten aggressiven Handlungen \u00fcbergingen. Sie seien zudem von der Wirkungskraft von Artikel 5 der NATO-Charta \u00fcberzeugt.<\/p>\n<p>Eine andere Sichtweise vertritt Wladimir Jeranosjan. Seiner Meinung nach gelinge es den Balten nicht, sich ihrer Verantwortung zu entziehen. Er argumentiert wie folgt:<\/p>\n<p><em>&#8220;Faktisch sind hier ukrainische Spezialeinheiten und milit\u00e4rische Nachrichtendienste stationiert, was es ihnen erm\u00f6glicht, die Anflugzeit von Drohnen zu verk\u00fcrzen und die Navigation zu vereinfachen, um unsere Luftabwehrsysteme in die Irre zu f\u00fchren. Es ist nicht auszuschlie\u00dfen, dass die Flugauftr\u00e4ge f\u00fcr die Drohnenpiloten sogar im estnischen NATO-Cyberzentrum vorbereitet werden.&#8221;<\/em><\/p>\n<p>Knutow seinerseits wies auf die Doppelmoral im Handeln des Westens hin. Er sagt:<\/p>\n<p><em>&#8220;H\u00e4tte Russland unter Nutzung des Luftraums der baltischen Staaten oder Polens Angriffe auf Milit\u00e4rziele in der Ukraine durchgef\u00fchrt, h\u00e4tte dies sofort die Anwendung von Artikel 4 der NATO-Charta (Konsultationen) und die Gefahr einer direkten Konfrontation zur Folge gehabt. Heutzutage jedoch ignoriert das B\u00fcndnis die Tatsache, dass sein Territorium und seine Infrastruktur f\u00fcr Angriffe auf unsere St\u00e4dte genutzt werden.&#8221;<\/em><\/p>\n<p>Wiktor Litowkin stimmt dem ebenfalls zu: W\u00e4ren russische Raketen und Drohnen auf einer Transitroute von Kaliningrad \u00fcber Polen oder das Baltikum nach Lwow geflogen, h\u00e4tte dies dort zu einem &#8220;unglaublichen Aufruhr gef\u00fchrt, wobei alle diplomatischen Kan\u00e4le aktiviert, Dringlichkeitssitzungen des NATO-Rates einberufen und wir der Verletzung des Lufthoheitsraums und eines Aggressionsakts beschuldigt worden w\u00e4ren&#8221;. Der Experte betont:<\/p>\n<p><em>&#8220;Wenn jedoch ukrainische Drohnen dieselbe Route nehmen, demonstrieren sie eine eklatante Blindheit. Das liegt nicht daran, dass sie diese Ziele nicht abschie\u00dfen oder nicht entdecken k\u00f6nnen, sondern daran, dass sie bewusst nicht reagieren wollen. Es passt nicht in ihr Konzept. Das ist kein technisches Problem, sondern eine Frage des politischen Willens und der Doppelmoral.&#8221;<\/em><\/p>\n<p><em>\u00dcbersetzt aus dem <a rel=\"nofollow\" target=\"_blank\" href=\"https:\/\/vz.ru\/politics\/2026\/3\/25\/1405228.html\" target=\"_blank\" rel=\"noopener noreferrer\">Russischen<\/a>. Der Artikel ist am 25. M\u00e4rz 2026 zuerst auf der Homepage der Zeitung &#8220;Wsgljad&#8221; erschienen.<\/em><\/p>\n<p><strong>Mehr zum Thema<\/strong>\u00a0\u2013\u00a0<a rel=\"nofollow\" target=\"_blank\" href=\"https:\/\/freeassange.tech\/europa\/274250-millionen-entziehen-sich-wehrdienst-kiew\/\" target=\"_blank\" rel=\"noopener noreferrer\">Millionen entziehen sich dem Wehrdienst: Kiew sucht nach neuen Methoden<\/a><\/p>\n<div class=\"EmbedBlock-root EmbedBlock-externalVideo EmbedBlock-rumble\">\n<div class=\"VkEmbed\"><iframe class=\"lazyload\" data-src=\"https:\/\/rumble.com\/embed\/v75ggm0\" frameborder=\"0\" width=\"853\" height=\"480\" allowfullscreen><\/iframe><\/div>\n<\/div>\n<\/div>\n<p><br \/>\n<br \/><a href=\"https:\/\/de.rt.com\/europa\/274851-ukrainische-drohnen-machen-baltikum-zur\/\">Source link <\/a><\/p>\n","protected":false},"excerpt":{"rendered":"<p>Die ukrainischen Streitkr\u00e4fte griffen mit Drohnen Einrichtungen im Gebiet Leningrad an. Daraufhin wurde in den baltischen Staaten der Absturz von ukrainischen Drohnen auf ihren Territorien registriert. Gaben die baltischen Staaten ihren Luftraum f\u00fcr Angriffe gegen Russland frei? Wie k\u00f6nnte Moskaus reagieren? Von Andrei Restschikow Im Laufe dieser Woche gab es mehrere Drohnenattacken der Ukraine auf [&hellip;]<\/p>\n","protected":false},"author":3,"featured_media":100853,"comment_status":"open","ping_status":"open","sticky":false,"template":"","format":"standard","meta":{"_yoast_indexnow_last_ping":["1774540969"],"wp_automatic_camp":["217"],"6612eccbd0a35b5bbfab7e19368c85f3":["Ukrainische Drohnen machen das Baltikum zur Zielscheibe"],"original_link":["https:\/\/de.rt.com\/europa\/274851-ukrainische-drohnen-machen-baltikum-zur\/"],"_thumbnail_id":["100853"],"jnews_social_counter_last_update":["1777281749"],"_wptgpro_p2tg_sent2tg":["a:1:{i:23737;s:19:\"2026-03-26 18:03:49\";}"]},"categories":[19,23],"tags":[35179,427,11475,3570,905,43620,581],"yoast_head":"<!-- This site is optimized with the Yoast SEO Premium plugin v22.7 (Yoast SEO v22.7) - https:\/\/yoast.com\/wordpress\/plugins\/seo\/ -->\n<title>Ukrainische Drohnen machen das Baltikum zur Zielscheibe - just-now.NEWS Deutschland<\/title>\n<meta name=\"robots\" content=\"index, follow, max-snippet:-1, max-image-preview:large, max-video-preview:-1\" \/>\n<link rel=\"canonical\" href=\"https:\/\/now-news.de\/de\/deutschland\/ukrainische-drohnen-machen-das-baltikum-zur-zielscheibe\/\" \/>\n<meta property=\"og:locale\" content=\"de_DE\" \/>\n<meta property=\"og:type\" content=\"article\" \/>\n<meta property=\"og:title\" content=\"Ukrainische Drohnen machen das Baltikum zur Zielscheibe\" \/>\n<meta property=\"og:description\" content=\"Die ukrainischen Streitkr\u00e4fte griffen mit Drohnen Einrichtungen im Gebiet Leningrad an. Daraufhin wurde in den baltischen Staaten der Absturz von ukrainischen Drohnen auf ihren Territorien registriert. Gaben die baltischen Staaten ihren Luftraum f\u00fcr Angriffe gegen Russland frei? Wie k\u00f6nnte Moskaus reagieren? Von Andrei Restschikow Im Laufe dieser Woche gab es mehrere Drohnenattacken der Ukraine auf [&hellip;]\" \/>\n<meta property=\"og:url\" content=\"https:\/\/now-news.de\/de\/deutschland\/ukrainische-drohnen-machen-das-baltikum-zur-zielscheibe\/\" \/>\n<meta property=\"og:site_name\" content=\"just-now.NEWS Deutschland\" \/>\n<meta property=\"article:publisher\" content=\"https:\/\/www.facebook.com\/wirmachenauf\" \/>\n<meta property=\"article:published_time\" content=\"2026-03-26T15:58:09+00:00\" \/>\n<meta property=\"og:image\" content=\"https:\/\/now-news.de\/de\/wp-content\/uploads\/sites\/3\/2026\/03\/69c53338b480cc19d97e5a32.jpg\" \/>\n<meta name=\"author\" content=\"rtnews\" \/>\n<meta name=\"twitter:card\" content=\"summary_large_image\" \/>\n<meta name=\"twitter:creator\" content=\"@WirMachenAuf_de\" \/>\n<meta name=\"twitter:site\" content=\"@WirMachenAuf_de\" \/>\n<meta name=\"twitter:label1\" content=\"Verfasst von\" \/>\n\t<meta name=\"twitter:data1\" content=\"rtnews\" \/>\n\t<meta name=\"twitter:label2\" content=\"Gesch\u00e4tzte Lesezeit\" \/>\n\t<meta name=\"twitter:data2\" content=\"6\u00a0Minuten\" \/>\n<script type=\"application\/ld+json\" class=\"yoast-schema-graph\">{\"@context\":\"https:\/\/schema.org\",\"@graph\":[{\"@type\":\"Article\",\"@id\":\"https:\/\/now-news.de\/de\/deutschland\/ukrainische-drohnen-machen-das-baltikum-zur-zielscheibe\/#article\",\"isPartOf\":{\"@id\":\"https:\/\/now-news.de\/de\/deutschland\/ukrainische-drohnen-machen-das-baltikum-zur-zielscheibe\/\"},\"author\":{\"name\":\"rtnews\",\"@id\":\"https:\/\/now-news.de\/de\/#\/schema\/person\/fb534a4e865501d8b3285208df34a9b5\"},\"headline\":\"Ukrainische Drohnen machen das Baltikum zur Zielscheibe\",\"datePublished\":\"2026-03-26T15:58:09+00:00\",\"dateModified\":\"2026-03-26T15:58:09+00:00\",\"mainEntityOfPage\":{\"@id\":\"https:\/\/now-news.de\/de\/deutschland\/ukrainische-drohnen-machen-das-baltikum-zur-zielscheibe\/\"},\"wordCount\":1219,\"commentCount\":0,\"publisher\":{\"@id\":\"https:\/\/now-news.de\/de\/#organization\"},\"image\":{\"@id\":\"https:\/\/now-news.de\/de\/deutschland\/ukrainische-drohnen-machen-das-baltikum-zur-zielscheibe\/#primaryimage\"},\"thumbnailUrl\":\"https:\/\/now-news.de\/de\/wp-content\/uploads\/sites\/3\/2026\/03\/Ukrainische-Drohnen-machen-das-Baltikum-zur-Zielscheibe.jpg\",\"keywords\":[\"Baltikum\",\"das\",\"Drohnen\",\"machen\",\"Ukrainische\",\"Zielscheibe\",\"zur\"],\"articleSection\":[\"Deutschland\",\"Russland\"],\"inLanguage\":\"de\",\"potentialAction\":[{\"@type\":\"CommentAction\",\"name\":\"Comment\",\"target\":[\"https:\/\/now-news.de\/de\/deutschland\/ukrainische-drohnen-machen-das-baltikum-zur-zielscheibe\/#respond\"]}]},{\"@type\":\"WebPage\",\"@id\":\"https:\/\/now-news.de\/de\/deutschland\/ukrainische-drohnen-machen-das-baltikum-zur-zielscheibe\/\",\"url\":\"https:\/\/now-news.de\/de\/deutschland\/ukrainische-drohnen-machen-das-baltikum-zur-zielscheibe\/\",\"name\":\"Ukrainische Drohnen machen das Baltikum zur Zielscheibe - just-now.NEWS Deutschland\",\"isPartOf\":{\"@id\":\"https:\/\/now-news.de\/de\/#website\"},\"primaryImageOfPage\":{\"@id\":\"https:\/\/now-news.de\/de\/deutschland\/ukrainische-drohnen-machen-das-baltikum-zur-zielscheibe\/#primaryimage\"},\"image\":{\"@id\":\"https:\/\/now-news.de\/de\/deutschland\/ukrainische-drohnen-machen-das-baltikum-zur-zielscheibe\/#primaryimage\"},\"thumbnailUrl\":\"https:\/\/now-news.de\/de\/wp-content\/uploads\/sites\/3\/2026\/03\/Ukrainische-Drohnen-machen-das-Baltikum-zur-Zielscheibe.jpg\",\"datePublished\":\"2026-03-26T15:58:09+00:00\",\"dateModified\":\"2026-03-26T15:58:09+00:00\",\"breadcrumb\":{\"@id\":\"https:\/\/now-news.de\/de\/deutschland\/ukrainische-drohnen-machen-das-baltikum-zur-zielscheibe\/#breadcrumb\"},\"inLanguage\":\"de\",\"potentialAction\":[{\"@type\":\"ReadAction\",\"target\":[\"https:\/\/now-news.de\/de\/deutschland\/ukrainische-drohnen-machen-das-baltikum-zur-zielscheibe\/\"]}]},{\"@type\":\"ImageObject\",\"inLanguage\":\"de\",\"@id\":\"https:\/\/now-news.de\/de\/deutschland\/ukrainische-drohnen-machen-das-baltikum-zur-zielscheibe\/#primaryimage\",\"url\":\"https:\/\/now-news.de\/de\/wp-content\/uploads\/sites\/3\/2026\/03\/Ukrainische-Drohnen-machen-das-Baltikum-zur-Zielscheibe.jpg\",\"contentUrl\":\"https:\/\/now-news.de\/de\/wp-content\/uploads\/sites\/3\/2026\/03\/Ukrainische-Drohnen-machen-das-Baltikum-zur-Zielscheibe.jpg\",\"width\":1230,\"height\":823,\"caption\":\"Ukrainische Drohnen machen das Baltikum zur Zielscheibe\"},{\"@type\":\"BreadcrumbList\",\"@id\":\"https:\/\/now-news.de\/de\/deutschland\/ukrainische-drohnen-machen-das-baltikum-zur-zielscheibe\/#breadcrumb\",\"itemListElement\":[{\"@type\":\"ListItem\",\"position\":1,\"name\":\"Home\",\"item\":\"https:\/\/now-news.de\/de\/\"},{\"@type\":\"ListItem\",\"position\":2,\"name\":\"Ukrainische Drohnen machen das Baltikum zur Zielscheibe\"}]},{\"@type\":\"WebSite\",\"@id\":\"https:\/\/now-news.de\/de\/#website\",\"url\":\"https:\/\/now-news.de\/de\/\",\"name\":\"just-now.NEWS Deutschland\",\"description\":\"Das Portal f\u00fcr unzensierte Nachrichten aus der Welt\",\"publisher\":{\"@id\":\"https:\/\/now-news.de\/de\/#organization\"},\"potentialAction\":[{\"@type\":\"SearchAction\",\"target\":{\"@type\":\"EntryPoint\",\"urlTemplate\":\"https:\/\/now-news.de\/de\/?s={search_term_string}\"},\"query-input\":\"required name=search_term_string\"}],\"inLanguage\":\"de\"},{\"@type\":\"Organization\",\"@id\":\"https:\/\/now-news.de\/de\/#organization\",\"name\":\"Just Now News\",\"url\":\"https:\/\/now-news.de\/de\/\",\"logo\":{\"@type\":\"ImageObject\",\"inLanguage\":\"de\",\"@id\":\"https:\/\/now-news.de\/de\/#\/schema\/logo\/image\/\",\"url\":\"http:\/\/just-now.news\/de\/wp-content\/uploads\/sites\/3\/2022\/04\/logo500x500.jpg\",\"contentUrl\":\"http:\/\/just-now.news\/de\/wp-content\/uploads\/sites\/3\/2022\/04\/logo500x500.jpg\",\"width\":500,\"height\":500,\"caption\":\"Just Now News\"},\"image\":{\"@id\":\"https:\/\/now-news.de\/de\/#\/schema\/logo\/image\/\"},\"sameAs\":[\"https:\/\/www.facebook.com\/wirmachenauf\",\"https:\/\/x.com\/WirMachenAuf_de\"]},{\"@type\":\"Person\",\"@id\":\"https:\/\/now-news.de\/de\/#\/schema\/person\/fb534a4e865501d8b3285208df34a9b5\",\"name\":\"rtnews\",\"image\":{\"@type\":\"ImageObject\",\"inLanguage\":\"de\",\"@id\":\"https:\/\/now-news.de\/de\/#\/schema\/person\/image\/\",\"url\":\"https:\/\/secure.gravatar.com\/avatar\/82aafea7d8127119dd649515f56e2117?s=96&d=mm&r=g\",\"contentUrl\":\"https:\/\/secure.gravatar.com\/avatar\/82aafea7d8127119dd649515f56e2117?s=96&d=mm&r=g\",\"caption\":\"rtnews\"},\"url\":\"https:\/\/now-news.de\/de\/author\/rnews\/\"}]}<\/script>\n<!-- \/ Yoast SEO Premium plugin. -->","yoast_head_json":{"title":"Ukrainische Drohnen machen das Baltikum zur Zielscheibe - just-now.NEWS Deutschland","robots":{"index":"index","follow":"follow","max-snippet":"max-snippet:-1","max-image-preview":"max-image-preview:large","max-video-preview":"max-video-preview:-1"},"canonical":"https:\/\/now-news.de\/de\/deutschland\/ukrainische-drohnen-machen-das-baltikum-zur-zielscheibe\/","og_locale":"de_DE","og_type":"article","og_title":"Ukrainische Drohnen machen das Baltikum zur Zielscheibe","og_description":"Die ukrainischen Streitkr\u00e4fte griffen mit Drohnen Einrichtungen im Gebiet Leningrad an. Daraufhin wurde in den baltischen Staaten der Absturz von ukrainischen Drohnen auf ihren Territorien registriert. Gaben die baltischen Staaten ihren Luftraum f\u00fcr Angriffe gegen Russland frei? Wie k\u00f6nnte Moskaus reagieren? Von Andrei Restschikow Im Laufe dieser Woche gab es mehrere Drohnenattacken der Ukraine auf [&hellip;]","og_url":"https:\/\/now-news.de\/de\/deutschland\/ukrainische-drohnen-machen-das-baltikum-zur-zielscheibe\/","og_site_name":"just-now.NEWS Deutschland","article_publisher":"https:\/\/www.facebook.com\/wirmachenauf","article_published_time":"2026-03-26T15:58:09+00:00","og_image":[{"url":"https:\/\/now-news.de\/de\/wp-content\/uploads\/sites\/3\/2026\/03\/69c53338b480cc19d97e5a32.jpg"}],"author":"rtnews","twitter_card":"summary_large_image","twitter_creator":"@WirMachenAuf_de","twitter_site":"@WirMachenAuf_de","twitter_misc":{"Verfasst von":"rtnews","Gesch\u00e4tzte Lesezeit":"6\u00a0Minuten"},"schema":{"@context":"https:\/\/schema.org","@graph":[{"@type":"Article","@id":"https:\/\/now-news.de\/de\/deutschland\/ukrainische-drohnen-machen-das-baltikum-zur-zielscheibe\/#article","isPartOf":{"@id":"https:\/\/now-news.de\/de\/deutschland\/ukrainische-drohnen-machen-das-baltikum-zur-zielscheibe\/"},"author":{"name":"rtnews","@id":"https:\/\/now-news.de\/de\/#\/schema\/person\/fb534a4e865501d8b3285208df34a9b5"},"headline":"Ukrainische Drohnen machen das Baltikum zur Zielscheibe","datePublished":"2026-03-26T15:58:09+00:00","dateModified":"2026-03-26T15:58:09+00:00","mainEntityOfPage":{"@id":"https:\/\/now-news.de\/de\/deutschland\/ukrainische-drohnen-machen-das-baltikum-zur-zielscheibe\/"},"wordCount":1219,"commentCount":0,"publisher":{"@id":"https:\/\/now-news.de\/de\/#organization"},"image":{"@id":"https:\/\/now-news.de\/de\/deutschland\/ukrainische-drohnen-machen-das-baltikum-zur-zielscheibe\/#primaryimage"},"thumbnailUrl":"https:\/\/now-news.de\/de\/wp-content\/uploads\/sites\/3\/2026\/03\/Ukrainische-Drohnen-machen-das-Baltikum-zur-Zielscheibe.jpg","keywords":["Baltikum","das","Drohnen","machen","Ukrainische","Zielscheibe","zur"],"articleSection":["Deutschland","Russland"],"inLanguage":"de","potentialAction":[{"@type":"CommentAction","name":"Comment","target":["https:\/\/now-news.de\/de\/deutschland\/ukrainische-drohnen-machen-das-baltikum-zur-zielscheibe\/#respond"]}]},{"@type":"WebPage","@id":"https:\/\/now-news.de\/de\/deutschland\/ukrainische-drohnen-machen-das-baltikum-zur-zielscheibe\/","url":"https:\/\/now-news.de\/de\/deutschland\/ukrainische-drohnen-machen-das-baltikum-zur-zielscheibe\/","name":"Ukrainische Drohnen machen das Baltikum zur Zielscheibe - just-now.NEWS Deutschland","isPartOf":{"@id":"https:\/\/now-news.de\/de\/#website"},"primaryImageOfPage":{"@id":"https:\/\/now-news.de\/de\/deutschland\/ukrainische-drohnen-machen-das-baltikum-zur-zielscheibe\/#primaryimage"},"image":{"@id":"https:\/\/now-news.de\/de\/deutschland\/ukrainische-drohnen-machen-das-baltikum-zur-zielscheibe\/#primaryimage"},"thumbnailUrl":"https:\/\/now-news.de\/de\/wp-content\/uploads\/sites\/3\/2026\/03\/Ukrainische-Drohnen-machen-das-Baltikum-zur-Zielscheibe.jpg","datePublished":"2026-03-26T15:58:09+00:00","dateModified":"2026-03-26T15:58:09+00:00","breadcrumb":{"@id":"https:\/\/now-news.de\/de\/deutschland\/ukrainische-drohnen-machen-das-baltikum-zur-zielscheibe\/#breadcrumb"},"inLanguage":"de","potentialAction":[{"@type":"ReadAction","target":["https:\/\/now-news.de\/de\/deutschland\/ukrainische-drohnen-machen-das-baltikum-zur-zielscheibe\/"]}]},{"@type":"ImageObject","inLanguage":"de","@id":"https:\/\/now-news.de\/de\/deutschland\/ukrainische-drohnen-machen-das-baltikum-zur-zielscheibe\/#primaryimage","url":"https:\/\/now-news.de\/de\/wp-content\/uploads\/sites\/3\/2026\/03\/Ukrainische-Drohnen-machen-das-Baltikum-zur-Zielscheibe.jpg","contentUrl":"https:\/\/now-news.de\/de\/wp-content\/uploads\/sites\/3\/2026\/03\/Ukrainische-Drohnen-machen-das-Baltikum-zur-Zielscheibe.jpg","width":1230,"height":823,"caption":"Ukrainische Drohnen machen das Baltikum zur Zielscheibe"},{"@type":"BreadcrumbList","@id":"https:\/\/now-news.de\/de\/deutschland\/ukrainische-drohnen-machen-das-baltikum-zur-zielscheibe\/#breadcrumb","itemListElement":[{"@type":"ListItem","position":1,"name":"Home","item":"https:\/\/now-news.de\/de\/"},{"@type":"ListItem","position":2,"name":"Ukrainische Drohnen machen das Baltikum zur Zielscheibe"}]},{"@type":"WebSite","@id":"https:\/\/now-news.de\/de\/#website","url":"https:\/\/now-news.de\/de\/","name":"just-now.NEWS Deutschland","description":"Das Portal f\u00fcr unzensierte Nachrichten aus der Welt","publisher":{"@id":"https:\/\/now-news.de\/de\/#organization"},"potentialAction":[{"@type":"SearchAction","target":{"@type":"EntryPoint","urlTemplate":"https:\/\/now-news.de\/de\/?s={search_term_string}"},"query-input":"required name=search_term_string"}],"inLanguage":"de"},{"@type":"Organization","@id":"https:\/\/now-news.de\/de\/#organization","name":"Just Now News","url":"https:\/\/now-news.de\/de\/","logo":{"@type":"ImageObject","inLanguage":"de","@id":"https:\/\/now-news.de\/de\/#\/schema\/logo\/image\/","url":"http:\/\/just-now.news\/de\/wp-content\/uploads\/sites\/3\/2022\/04\/logo500x500.jpg","contentUrl":"http:\/\/just-now.news\/de\/wp-content\/uploads\/sites\/3\/2022\/04\/logo500x500.jpg","width":500,"height":500,"caption":"Just Now News"},"image":{"@id":"https:\/\/now-news.de\/de\/#\/schema\/logo\/image\/"},"sameAs":["https:\/\/www.facebook.com\/wirmachenauf","https:\/\/x.com\/WirMachenAuf_de"]},{"@type":"Person","@id":"https:\/\/now-news.de\/de\/#\/schema\/person\/fb534a4e865501d8b3285208df34a9b5","name":"rtnews","image":{"@type":"ImageObject","inLanguage":"de","@id":"https:\/\/now-news.de\/de\/#\/schema\/person\/image\/","url":"https:\/\/secure.gravatar.com\/avatar\/82aafea7d8127119dd649515f56e2117?s=96&d=mm&r=g","contentUrl":"https:\/\/secure.gravatar.com\/avatar\/82aafea7d8127119dd649515f56e2117?s=96&d=mm&r=g","caption":"rtnews"},"url":"https:\/\/now-news.de\/de\/author\/rnews\/"}]}},"_links":{"self":[{"href":"https:\/\/now-news.de\/de\/wp-json\/wp\/v2\/posts\/100852"}],"collection":[{"href":"https:\/\/now-news.de\/de\/wp-json\/wp\/v2\/posts"}],"about":[{"href":"https:\/\/now-news.de\/de\/wp-json\/wp\/v2\/types\/post"}],"author":[{"embeddable":true,"href":"https:\/\/now-news.de\/de\/wp-json\/wp\/v2\/users\/3"}],"replies":[{"embeddable":true,"href":"https:\/\/now-news.de\/de\/wp-json\/wp\/v2\/comments?post=100852"}],"version-history":[{"count":0,"href":"https:\/\/now-news.de\/de\/wp-json\/wp\/v2\/posts\/100852\/revisions"}],"wp:featuredmedia":[{"embeddable":true,"href":"https:\/\/now-news.de\/de\/wp-json\/wp\/v2\/media\/100853"}],"wp:attachment":[{"href":"https:\/\/now-news.de\/de\/wp-json\/wp\/v2\/media?parent=100852"}],"wp:term":[{"taxonomy":"category","embeddable":true,"href":"https:\/\/now-news.de\/de\/wp-json\/wp\/v2\/categories?post=100852"},{"taxonomy":"post_tag","embeddable":true,"href":"https:\/\/now-news.de\/de\/wp-json\/wp\/v2\/tags?post=100852"}],"curies":[{"name":"wp","href":"https:\/\/api.w.org\/{rel}","templated":true}]}}