{"id":100833,"date":"2026-03-26T10:41:46","date_gmt":"2026-03-26T08:41:46","guid":{"rendered":"https:\/\/now-news.de\/de\/deutschland\/meinl-reisinger-klagt-gegen-fpoe-wegen-ukraine-geldkoffer\/"},"modified":"2026-03-26T10:41:46","modified_gmt":"2026-03-26T08:41:46","slug":"meinl-reisinger-klagt-gegen-fpoe-wegen-ukraine-geldkoffer","status":"publish","type":"post","link":"https:\/\/now-news.de\/de\/deutschland\/meinl-reisinger-klagt-gegen-fpoe-wegen-ukraine-geldkoffer\/","title":{"rendered":"Meinl-Reisinger klagt gegen FP\u00d6 wegen &quot;Ukraine-Geldkoffer&quot;"},"content":{"rendered":"<p><img decoding=\"async\" src=\"https:\/\/now-news.de\/de\/wp-content\/uploads\/sites\/3\/2026\/03\/69c4e252b480cc16d26e8a23.png\" \/><\/p>\n<div class=\"Text-root Text-type_1 \">\n                Au\u00dfenministerin Beate Meinl-Reisinger geht juristisch gegen die FP\u00d6 vor. Anlass sind aus ihrer Sicht falsche Behauptungen \u00fcber angebliche &#8220;Geldkoffer&#8221;-Transporte in die Ukraine. Sie fordert die L\u00f6schung der Inhalte, eine Entsch\u00e4digung sowie eine \u00f6ffentliche Gegendarstellung.\n            <\/div>\n<p><\/p>\n<div class=\"Text-root Text-type_5 ArticleView-text ViewText-root \">\n<p data-start=\"217\" data-end=\"458\">Au\u00dfenministerin und NEOS-Vorsitzende Beate Meinl-Reisinger hat rechtliche Schritte gegen die FP\u00d6 eingeleitet.<\/p>\n<p data-start=\"217\" data-end=\"458\">Ausl\u00f6ser sind Behauptungen \u00fcber angebliche &#8220;Geldkoffer&#8221;-Transporte in die Ukraine, die sie als &#8220;nachweislich falsch&#8221; zur\u00fcckweist.<\/p>\n<p data-start=\"460\" data-end=\"926\">Die Vorw\u00fcrfe beziehen sich auf Inhalte auf einer FP\u00d6-Webseite und auf <em>FP\u00d6 TV<\/em>, wonach Meinl-Reisinger Bargeld in die Ukraine gebracht haben soll.<\/p>\n<p data-start=\"460\" data-end=\"926\">Das Au\u00dfenministerium betont, dass staatliche Unterst\u00fctzungsleistungen f\u00fcr die Ukraine ausschlie\u00dflich \u00fcber offizielle Kan\u00e4le wie die Austrian Development Agency abgewickelt werden und strengen Kontrollen unterliegen.<\/p>\n<p data-start=\"460\" data-end=\"926\">Meinl-Reisinger gilt als gro\u00dfe Unterst\u00fctzerin der Ukraine und setzt sich \u00f6ffentlich f\u00fcr das Land ein.<\/p>\n<p data-start=\"928\" data-end=\"1270\">Bereits zuvor war ein Antrag nach dem Mediengesetz wegen \u00fcbler Nachrede eingebracht worden. Nun folgt zus\u00e4tzlich eine Klage wegen Rufsch\u00e4digung beim Handelsgericht.<\/p>\n<p data-start=\"928\" data-end=\"1270\">In der Klage fordert Meinl-Reisinger unter anderem die L\u00f6schung der entsprechenden Inhalte, Kostenersatz, eine Entsch\u00e4digung sowie die Ver\u00f6ffentlichung einer Gegendarstellung.<\/p>\n<blockquote>\n<p data-start=\"1272\" data-end=\"1457\"><em>&#8220;Die FP\u00d6 darf nicht ungestraft L\u00fcgen verbreiten&#8221;,<\/em><\/p>\n<\/blockquote>\n<p data-start=\"1272\" data-end=\"1457\">so Meinl-Reisinger.<\/p>\n<p data-start=\"1272\" data-end=\"1457\">Sie kritisiert, dass gezielt Ger\u00fcchte gestreut werden, um die \u00f6ffentliche Meinung zu beeinflussen.<\/p>\n<p data-start=\"137\" data-end=\"739\">Die aktuellen Berichte erscheinen parallel zu Meldungen, wonach ukrainische Bankmitarbeiter laut ungarischen Angaben in den vergangenen Monaten erhebliche Mengen Bargeld und Gold von der Raiffeisen Bank in Wien \u00fcber Ungarn in die Ukraine transportiert haben sollen.<\/p>\n<p data-start=\"137\" data-end=\"739\">P\u00e9ter Szijj\u00e1rt\u00f3, ungarischer Au\u00dfen- und Handelsminister, sprach von insgesamt 900 Millionen US-Dollar, 420 Millionen Euro und 146 Kilogramm Goldbarren.<\/p>\n<p data-start=\"137\" data-end=\"739\">Die ungarischen Beh\u00f6rden vermuten, dass die Gelder der sogenannten &#8220;Milit\u00e4rmafia&#8221; in der Ukraine zuzurechnen sind, und fordern von Kiew eine umgehende Aufkl\u00e4rung \u00fcber deren Herkunft.<\/p>\n<p data-start=\"741\" data-end=\"983\">Die betroffenen Ukrainer, die am 5. M\u00e4rz festgenommen wurden, wiesen die Vorw\u00fcrfe zur\u00fcck. Der ukrainische Au\u00dfenminister Andrei Sibiga bezeichnete sie als regul\u00e4re Bankangestellte der Oschadbank und kritisierte die Festnahme als Geiselnahme.<\/p>\n<p data-start=\"985\" data-end=\"1321\">Der Vorfall f\u00e4llt in eine Phase zunehmender Spannungen zwischen Budapest und Kiew. Ministerpr\u00e4sident Viktor Orb\u00e1n k\u00fcndigte an, sein Land werde politische und finanzielle Mittel einsetzen, um Kiew unter Druck zu setzen, den Betrieb der Druschba-\u00d6lpipeline wieder aufzunehmen.<\/p>\n<p data-start=\"1272\" data-end=\"1457\"><strong>Mehr zum Thema<\/strong>\u00a0<strong>\u2012<\/strong>\u00a0<a rel=\"nofollow\" target=\"_blank\" href=\"https:\/\/freedert.online\/oesterreich\/256005-fpoe-kritisiert-meinl-reisinger-business\/\">FP\u00d6 attackiert Meinl-Reisinger wegen Flugausgaben: 261.000 Euro in drei Monaten<\/a><\/p>\n<div class=\"EmbedBlock-root EmbedBlock-externalVideo EmbedBlock-rumble\">\n<div class=\"VkEmbed\"><iframe class=\"lazyload\" data-src=\"https:\/\/rumble.com\/embed\/v75fgha\" frameborder=\"0\" width=\"853\" height=\"480\" allowfullscreen><\/iframe><\/div>\n<\/div>\n<\/div>\n<p><br \/>\n<br \/><a href=\"https:\/\/de.rt.com\/oesterreich\/274814-oesterreichs-aussenministerin-meinl-reisinger-zieht\/\">Source link <\/a><\/p>\n","protected":false},"excerpt":{"rendered":"<p>Au\u00dfenministerin Beate Meinl-Reisinger geht juristisch gegen die FP\u00d6 vor. Anlass sind aus ihrer Sicht falsche Behauptungen \u00fcber angebliche &#8220;Geldkoffer&#8221;-Transporte in die Ukraine. Sie fordert die L\u00f6schung der Inhalte, eine Entsch\u00e4digung sowie eine \u00f6ffentliche Gegendarstellung. Au\u00dfenministerin und NEOS-Vorsitzende Beate Meinl-Reisinger hat rechtliche Schritte gegen die FP\u00d6 eingeleitet. Ausl\u00f6ser sind Behauptungen \u00fcber angebliche &#8220;Geldkoffer&#8221;-Transporte in die Ukraine, [&hellip;]<\/p>\n","protected":false},"author":3,"featured_media":100834,"comment_status":"open","ping_status":"open","sticky":false,"template":"","format":"standard","meta":{"_yoast_indexnow_last_ping":["1774514772"],"wp_automatic_camp":["217"],"f087e413b5d49aeb419905b57f47c61a":["Meinl-Reisinger klagt gegen FP\u00d6 wegen &quot;Ukraine-Geldkoffer&quot;"],"original_link":["https:\/\/de.rt.com\/oesterreich\/274814-oesterreichs-aussenministerin-meinl-reisinger-zieht\/"],"_thumbnail_id":["100834"],"_wptgpro_p2tg_sent2tg":["a:1:{i:23737;s:19:\"2026-03-26 10:47:26\";}"],"jnews_social_counter_last_update":["1777192390"]},"categories":[19,23],"tags":[30964,278,19654,65759,72011,145],"yoast_head":"<!-- This site is optimized with the Yoast SEO Premium plugin v22.7 (Yoast SEO v22.7) - https:\/\/yoast.com\/wordpress\/plugins\/seo\/ -->\n<title>Meinl-Reisinger klagt gegen FP\u00d6 wegen &quot;Ukraine-Geldkoffer&quot; - just-now.NEWS Deutschland<\/title>\n<meta name=\"robots\" content=\"index, follow, max-snippet:-1, max-image-preview:large, max-video-preview:-1\" \/>\n<link rel=\"canonical\" href=\"https:\/\/now-news.de\/de\/deutschland\/meinl-reisinger-klagt-gegen-fpoe-wegen-ukraine-geldkoffer\/\" \/>\n<meta property=\"og:locale\" content=\"de_DE\" \/>\n<meta property=\"og:type\" content=\"article\" \/>\n<meta property=\"og:title\" content=\"Meinl-Reisinger klagt gegen FP\u00d6 wegen &quot;Ukraine-Geldkoffer&quot;\" \/>\n<meta property=\"og:description\" content=\"Au\u00dfenministerin Beate Meinl-Reisinger geht juristisch gegen die FP\u00d6 vor. Anlass sind aus ihrer Sicht falsche Behauptungen \u00fcber angebliche &#8220;Geldkoffer&#8221;-Transporte in die Ukraine. Sie fordert die L\u00f6schung der Inhalte, eine Entsch\u00e4digung sowie eine \u00f6ffentliche Gegendarstellung. Au\u00dfenministerin und NEOS-Vorsitzende Beate Meinl-Reisinger hat rechtliche Schritte gegen die FP\u00d6 eingeleitet. Ausl\u00f6ser sind Behauptungen \u00fcber angebliche &#8220;Geldkoffer&#8221;-Transporte in die Ukraine, [&hellip;]\" \/>\n<meta property=\"og:url\" content=\"https:\/\/now-news.de\/de\/deutschland\/meinl-reisinger-klagt-gegen-fpoe-wegen-ukraine-geldkoffer\/\" \/>\n<meta property=\"og:site_name\" content=\"just-now.NEWS Deutschland\" \/>\n<meta property=\"article:publisher\" content=\"https:\/\/www.facebook.com\/wirmachenauf\" \/>\n<meta property=\"article:published_time\" content=\"2026-03-26T08:41:46+00:00\" \/>\n<meta property=\"og:image\" content=\"https:\/\/now-news.de\/de\/wp-content\/uploads\/sites\/3\/2026\/03\/69c4e252b480cc16d26e8a23.png\" \/>\n<meta name=\"author\" content=\"rtnews\" \/>\n<meta name=\"twitter:card\" content=\"summary_large_image\" \/>\n<meta name=\"twitter:creator\" content=\"@WirMachenAuf_de\" \/>\n<meta name=\"twitter:site\" content=\"@WirMachenAuf_de\" \/>\n<meta name=\"twitter:label1\" content=\"Verfasst von\" \/>\n\t<meta name=\"twitter:data1\" content=\"rtnews\" \/>\n\t<meta name=\"twitter:label2\" content=\"Gesch\u00e4tzte Lesezeit\" \/>\n\t<meta name=\"twitter:data2\" content=\"2\u00a0Minuten\" \/>\n<script type=\"application\/ld+json\" class=\"yoast-schema-graph\">{\"@context\":\"https:\/\/schema.org\",\"@graph\":[{\"@type\":\"Article\",\"@id\":\"https:\/\/now-news.de\/de\/deutschland\/meinl-reisinger-klagt-gegen-fpoe-wegen-ukraine-geldkoffer\/#article\",\"isPartOf\":{\"@id\":\"https:\/\/now-news.de\/de\/deutschland\/meinl-reisinger-klagt-gegen-fpoe-wegen-ukraine-geldkoffer\/\"},\"author\":{\"name\":\"rtnews\",\"@id\":\"https:\/\/now-news.de\/de\/#\/schema\/person\/fb534a4e865501d8b3285208df34a9b5\"},\"headline\":\"Meinl-Reisinger klagt gegen FP\u00d6 wegen &quot;Ukraine-Geldkoffer&quot;\",\"datePublished\":\"2026-03-26T08:41:46+00:00\",\"dateModified\":\"2026-03-26T08:41:46+00:00\",\"mainEntityOfPage\":{\"@id\":\"https:\/\/now-news.de\/de\/deutschland\/meinl-reisinger-klagt-gegen-fpoe-wegen-ukraine-geldkoffer\/\"},\"wordCount\":394,\"commentCount\":0,\"publisher\":{\"@id\":\"https:\/\/now-news.de\/de\/#organization\"},\"image\":{\"@id\":\"https:\/\/now-news.de\/de\/deutschland\/meinl-reisinger-klagt-gegen-fpoe-wegen-ukraine-geldkoffer\/#primaryimage\"},\"thumbnailUrl\":\"https:\/\/now-news.de\/de\/wp-content\/uploads\/sites\/3\/2026\/03\/Meinl-Reisinger-klagt-gegen-FPOe-wegen-quotUkraine-Geldkofferquot.png\",\"keywords\":[\"FP\u00d6\",\"gegen\",\"klagt\",\"MeinlReisinger\",\"quotUkraineGeldkofferquot\",\"wegen\"],\"articleSection\":[\"Deutschland\",\"Russland\"],\"inLanguage\":\"de\",\"potentialAction\":[{\"@type\":\"CommentAction\",\"name\":\"Comment\",\"target\":[\"https:\/\/now-news.de\/de\/deutschland\/meinl-reisinger-klagt-gegen-fpoe-wegen-ukraine-geldkoffer\/#respond\"]}]},{\"@type\":\"WebPage\",\"@id\":\"https:\/\/now-news.de\/de\/deutschland\/meinl-reisinger-klagt-gegen-fpoe-wegen-ukraine-geldkoffer\/\",\"url\":\"https:\/\/now-news.de\/de\/deutschland\/meinl-reisinger-klagt-gegen-fpoe-wegen-ukraine-geldkoffer\/\",\"name\":\"Meinl-Reisinger klagt gegen FP\u00d6 wegen &quot;Ukraine-Geldkoffer&quot; - just-now.NEWS Deutschland\",\"isPartOf\":{\"@id\":\"https:\/\/now-news.de\/de\/#website\"},\"primaryImageOfPage\":{\"@id\":\"https:\/\/now-news.de\/de\/deutschland\/meinl-reisinger-klagt-gegen-fpoe-wegen-ukraine-geldkoffer\/#primaryimage\"},\"image\":{\"@id\":\"https:\/\/now-news.de\/de\/deutschland\/meinl-reisinger-klagt-gegen-fpoe-wegen-ukraine-geldkoffer\/#primaryimage\"},\"thumbnailUrl\":\"https:\/\/now-news.de\/de\/wp-content\/uploads\/sites\/3\/2026\/03\/Meinl-Reisinger-klagt-gegen-FPOe-wegen-quotUkraine-Geldkofferquot.png\",\"datePublished\":\"2026-03-26T08:41:46+00:00\",\"dateModified\":\"2026-03-26T08:41:46+00:00\",\"breadcrumb\":{\"@id\":\"https:\/\/now-news.de\/de\/deutschland\/meinl-reisinger-klagt-gegen-fpoe-wegen-ukraine-geldkoffer\/#breadcrumb\"},\"inLanguage\":\"de\",\"potentialAction\":[{\"@type\":\"ReadAction\",\"target\":[\"https:\/\/now-news.de\/de\/deutschland\/meinl-reisinger-klagt-gegen-fpoe-wegen-ukraine-geldkoffer\/\"]}]},{\"@type\":\"ImageObject\",\"inLanguage\":\"de\",\"@id\":\"https:\/\/now-news.de\/de\/deutschland\/meinl-reisinger-klagt-gegen-fpoe-wegen-ukraine-geldkoffer\/#primaryimage\",\"url\":\"https:\/\/now-news.de\/de\/wp-content\/uploads\/sites\/3\/2026\/03\/Meinl-Reisinger-klagt-gegen-FPOe-wegen-quotUkraine-Geldkofferquot.png\",\"contentUrl\":\"https:\/\/now-news.de\/de\/wp-content\/uploads\/sites\/3\/2026\/03\/Meinl-Reisinger-klagt-gegen-FPOe-wegen-quotUkraine-Geldkofferquot.png\",\"width\":460,\"height\":259,\"caption\":\"Meinl-Reisinger klagt gegen FP\u00d6 wegen &quot;Ukraine-Geldkoffer&quot;\"},{\"@type\":\"BreadcrumbList\",\"@id\":\"https:\/\/now-news.de\/de\/deutschland\/meinl-reisinger-klagt-gegen-fpoe-wegen-ukraine-geldkoffer\/#breadcrumb\",\"itemListElement\":[{\"@type\":\"ListItem\",\"position\":1,\"name\":\"Home\",\"item\":\"https:\/\/now-news.de\/de\/\"},{\"@type\":\"ListItem\",\"position\":2,\"name\":\"Meinl-Reisinger klagt gegen FP\u00d6 wegen &quot;Ukraine-Geldkoffer&quot;\"}]},{\"@type\":\"WebSite\",\"@id\":\"https:\/\/now-news.de\/de\/#website\",\"url\":\"https:\/\/now-news.de\/de\/\",\"name\":\"just-now.NEWS Deutschland\",\"description\":\"Das Portal f\u00fcr unzensierte Nachrichten aus der Welt\",\"publisher\":{\"@id\":\"https:\/\/now-news.de\/de\/#organization\"},\"potentialAction\":[{\"@type\":\"SearchAction\",\"target\":{\"@type\":\"EntryPoint\",\"urlTemplate\":\"https:\/\/now-news.de\/de\/?s={search_term_string}\"},\"query-input\":\"required name=search_term_string\"}],\"inLanguage\":\"de\"},{\"@type\":\"Organization\",\"@id\":\"https:\/\/now-news.de\/de\/#organization\",\"name\":\"Just Now News\",\"url\":\"https:\/\/now-news.de\/de\/\",\"logo\":{\"@type\":\"ImageObject\",\"inLanguage\":\"de\",\"@id\":\"https:\/\/now-news.de\/de\/#\/schema\/logo\/image\/\",\"url\":\"http:\/\/just-now.news\/de\/wp-content\/uploads\/sites\/3\/2022\/04\/logo500x500.jpg\",\"contentUrl\":\"http:\/\/just-now.news\/de\/wp-content\/uploads\/sites\/3\/2022\/04\/logo500x500.jpg\",\"width\":500,\"height\":500,\"caption\":\"Just Now News\"},\"image\":{\"@id\":\"https:\/\/now-news.de\/de\/#\/schema\/logo\/image\/\"},\"sameAs\":[\"https:\/\/www.facebook.com\/wirmachenauf\",\"https:\/\/x.com\/WirMachenAuf_de\"]},{\"@type\":\"Person\",\"@id\":\"https:\/\/now-news.de\/de\/#\/schema\/person\/fb534a4e865501d8b3285208df34a9b5\",\"name\":\"rtnews\",\"image\":{\"@type\":\"ImageObject\",\"inLanguage\":\"de\",\"@id\":\"https:\/\/now-news.de\/de\/#\/schema\/person\/image\/\",\"url\":\"https:\/\/secure.gravatar.com\/avatar\/82aafea7d8127119dd649515f56e2117?s=96&d=mm&r=g\",\"contentUrl\":\"https:\/\/secure.gravatar.com\/avatar\/82aafea7d8127119dd649515f56e2117?s=96&d=mm&r=g\",\"caption\":\"rtnews\"},\"url\":\"https:\/\/now-news.de\/de\/author\/rnews\/\"}]}<\/script>\n<!-- \/ Yoast SEO Premium plugin. -->","yoast_head_json":{"title":"Meinl-Reisinger klagt gegen FP\u00d6 wegen &quot;Ukraine-Geldkoffer&quot; - just-now.NEWS Deutschland","robots":{"index":"index","follow":"follow","max-snippet":"max-snippet:-1","max-image-preview":"max-image-preview:large","max-video-preview":"max-video-preview:-1"},"canonical":"https:\/\/now-news.de\/de\/deutschland\/meinl-reisinger-klagt-gegen-fpoe-wegen-ukraine-geldkoffer\/","og_locale":"de_DE","og_type":"article","og_title":"Meinl-Reisinger klagt gegen FP\u00d6 wegen &quot;Ukraine-Geldkoffer&quot;","og_description":"Au\u00dfenministerin Beate Meinl-Reisinger geht juristisch gegen die FP\u00d6 vor. Anlass sind aus ihrer Sicht falsche Behauptungen \u00fcber angebliche &#8220;Geldkoffer&#8221;-Transporte in die Ukraine. Sie fordert die L\u00f6schung der Inhalte, eine Entsch\u00e4digung sowie eine \u00f6ffentliche Gegendarstellung. Au\u00dfenministerin und NEOS-Vorsitzende Beate Meinl-Reisinger hat rechtliche Schritte gegen die FP\u00d6 eingeleitet. Ausl\u00f6ser sind Behauptungen \u00fcber angebliche &#8220;Geldkoffer&#8221;-Transporte in die Ukraine, [&hellip;]","og_url":"https:\/\/now-news.de\/de\/deutschland\/meinl-reisinger-klagt-gegen-fpoe-wegen-ukraine-geldkoffer\/","og_site_name":"just-now.NEWS Deutschland","article_publisher":"https:\/\/www.facebook.com\/wirmachenauf","article_published_time":"2026-03-26T08:41:46+00:00","og_image":[{"url":"https:\/\/now-news.de\/de\/wp-content\/uploads\/sites\/3\/2026\/03\/69c4e252b480cc16d26e8a23.png"}],"author":"rtnews","twitter_card":"summary_large_image","twitter_creator":"@WirMachenAuf_de","twitter_site":"@WirMachenAuf_de","twitter_misc":{"Verfasst von":"rtnews","Gesch\u00e4tzte Lesezeit":"2\u00a0Minuten"},"schema":{"@context":"https:\/\/schema.org","@graph":[{"@type":"Article","@id":"https:\/\/now-news.de\/de\/deutschland\/meinl-reisinger-klagt-gegen-fpoe-wegen-ukraine-geldkoffer\/#article","isPartOf":{"@id":"https:\/\/now-news.de\/de\/deutschland\/meinl-reisinger-klagt-gegen-fpoe-wegen-ukraine-geldkoffer\/"},"author":{"name":"rtnews","@id":"https:\/\/now-news.de\/de\/#\/schema\/person\/fb534a4e865501d8b3285208df34a9b5"},"headline":"Meinl-Reisinger klagt gegen FP\u00d6 wegen &quot;Ukraine-Geldkoffer&quot;","datePublished":"2026-03-26T08:41:46+00:00","dateModified":"2026-03-26T08:41:46+00:00","mainEntityOfPage":{"@id":"https:\/\/now-news.de\/de\/deutschland\/meinl-reisinger-klagt-gegen-fpoe-wegen-ukraine-geldkoffer\/"},"wordCount":394,"commentCount":0,"publisher":{"@id":"https:\/\/now-news.de\/de\/#organization"},"image":{"@id":"https:\/\/now-news.de\/de\/deutschland\/meinl-reisinger-klagt-gegen-fpoe-wegen-ukraine-geldkoffer\/#primaryimage"},"thumbnailUrl":"https:\/\/now-news.de\/de\/wp-content\/uploads\/sites\/3\/2026\/03\/Meinl-Reisinger-klagt-gegen-FPOe-wegen-quotUkraine-Geldkofferquot.png","keywords":["FP\u00d6","gegen","klagt","MeinlReisinger","quotUkraineGeldkofferquot","wegen"],"articleSection":["Deutschland","Russland"],"inLanguage":"de","potentialAction":[{"@type":"CommentAction","name":"Comment","target":["https:\/\/now-news.de\/de\/deutschland\/meinl-reisinger-klagt-gegen-fpoe-wegen-ukraine-geldkoffer\/#respond"]}]},{"@type":"WebPage","@id":"https:\/\/now-news.de\/de\/deutschland\/meinl-reisinger-klagt-gegen-fpoe-wegen-ukraine-geldkoffer\/","url":"https:\/\/now-news.de\/de\/deutschland\/meinl-reisinger-klagt-gegen-fpoe-wegen-ukraine-geldkoffer\/","name":"Meinl-Reisinger klagt gegen FP\u00d6 wegen &quot;Ukraine-Geldkoffer&quot; - just-now.NEWS Deutschland","isPartOf":{"@id":"https:\/\/now-news.de\/de\/#website"},"primaryImageOfPage":{"@id":"https:\/\/now-news.de\/de\/deutschland\/meinl-reisinger-klagt-gegen-fpoe-wegen-ukraine-geldkoffer\/#primaryimage"},"image":{"@id":"https:\/\/now-news.de\/de\/deutschland\/meinl-reisinger-klagt-gegen-fpoe-wegen-ukraine-geldkoffer\/#primaryimage"},"thumbnailUrl":"https:\/\/now-news.de\/de\/wp-content\/uploads\/sites\/3\/2026\/03\/Meinl-Reisinger-klagt-gegen-FPOe-wegen-quotUkraine-Geldkofferquot.png","datePublished":"2026-03-26T08:41:46+00:00","dateModified":"2026-03-26T08:41:46+00:00","breadcrumb":{"@id":"https:\/\/now-news.de\/de\/deutschland\/meinl-reisinger-klagt-gegen-fpoe-wegen-ukraine-geldkoffer\/#breadcrumb"},"inLanguage":"de","potentialAction":[{"@type":"ReadAction","target":["https:\/\/now-news.de\/de\/deutschland\/meinl-reisinger-klagt-gegen-fpoe-wegen-ukraine-geldkoffer\/"]}]},{"@type":"ImageObject","inLanguage":"de","@id":"https:\/\/now-news.de\/de\/deutschland\/meinl-reisinger-klagt-gegen-fpoe-wegen-ukraine-geldkoffer\/#primaryimage","url":"https:\/\/now-news.de\/de\/wp-content\/uploads\/sites\/3\/2026\/03\/Meinl-Reisinger-klagt-gegen-FPOe-wegen-quotUkraine-Geldkofferquot.png","contentUrl":"https:\/\/now-news.de\/de\/wp-content\/uploads\/sites\/3\/2026\/03\/Meinl-Reisinger-klagt-gegen-FPOe-wegen-quotUkraine-Geldkofferquot.png","width":460,"height":259,"caption":"Meinl-Reisinger klagt gegen FP\u00d6 wegen &quot;Ukraine-Geldkoffer&quot;"},{"@type":"BreadcrumbList","@id":"https:\/\/now-news.de\/de\/deutschland\/meinl-reisinger-klagt-gegen-fpoe-wegen-ukraine-geldkoffer\/#breadcrumb","itemListElement":[{"@type":"ListItem","position":1,"name":"Home","item":"https:\/\/now-news.de\/de\/"},{"@type":"ListItem","position":2,"name":"Meinl-Reisinger klagt gegen FP\u00d6 wegen &quot;Ukraine-Geldkoffer&quot;"}]},{"@type":"WebSite","@id":"https:\/\/now-news.de\/de\/#website","url":"https:\/\/now-news.de\/de\/","name":"just-now.NEWS Deutschland","description":"Das Portal f\u00fcr unzensierte Nachrichten aus der Welt","publisher":{"@id":"https:\/\/now-news.de\/de\/#organization"},"potentialAction":[{"@type":"SearchAction","target":{"@type":"EntryPoint","urlTemplate":"https:\/\/now-news.de\/de\/?s={search_term_string}"},"query-input":"required name=search_term_string"}],"inLanguage":"de"},{"@type":"Organization","@id":"https:\/\/now-news.de\/de\/#organization","name":"Just Now News","url":"https:\/\/now-news.de\/de\/","logo":{"@type":"ImageObject","inLanguage":"de","@id":"https:\/\/now-news.de\/de\/#\/schema\/logo\/image\/","url":"http:\/\/just-now.news\/de\/wp-content\/uploads\/sites\/3\/2022\/04\/logo500x500.jpg","contentUrl":"http:\/\/just-now.news\/de\/wp-content\/uploads\/sites\/3\/2022\/04\/logo500x500.jpg","width":500,"height":500,"caption":"Just Now News"},"image":{"@id":"https:\/\/now-news.de\/de\/#\/schema\/logo\/image\/"},"sameAs":["https:\/\/www.facebook.com\/wirmachenauf","https:\/\/x.com\/WirMachenAuf_de"]},{"@type":"Person","@id":"https:\/\/now-news.de\/de\/#\/schema\/person\/fb534a4e865501d8b3285208df34a9b5","name":"rtnews","image":{"@type":"ImageObject","inLanguage":"de","@id":"https:\/\/now-news.de\/de\/#\/schema\/person\/image\/","url":"https:\/\/secure.gravatar.com\/avatar\/82aafea7d8127119dd649515f56e2117?s=96&d=mm&r=g","contentUrl":"https:\/\/secure.gravatar.com\/avatar\/82aafea7d8127119dd649515f56e2117?s=96&d=mm&r=g","caption":"rtnews"},"url":"https:\/\/now-news.de\/de\/author\/rnews\/"}]}},"_links":{"self":[{"href":"https:\/\/now-news.de\/de\/wp-json\/wp\/v2\/posts\/100833"}],"collection":[{"href":"https:\/\/now-news.de\/de\/wp-json\/wp\/v2\/posts"}],"about":[{"href":"https:\/\/now-news.de\/de\/wp-json\/wp\/v2\/types\/post"}],"author":[{"embeddable":true,"href":"https:\/\/now-news.de\/de\/wp-json\/wp\/v2\/users\/3"}],"replies":[{"embeddable":true,"href":"https:\/\/now-news.de\/de\/wp-json\/wp\/v2\/comments?post=100833"}],"version-history":[{"count":0,"href":"https:\/\/now-news.de\/de\/wp-json\/wp\/v2\/posts\/100833\/revisions"}],"wp:featuredmedia":[{"embeddable":true,"href":"https:\/\/now-news.de\/de\/wp-json\/wp\/v2\/media\/100834"}],"wp:attachment":[{"href":"https:\/\/now-news.de\/de\/wp-json\/wp\/v2\/media?parent=100833"}],"wp:term":[{"taxonomy":"category","embeddable":true,"href":"https:\/\/now-news.de\/de\/wp-json\/wp\/v2\/categories?post=100833"},{"taxonomy":"post_tag","embeddable":true,"href":"https:\/\/now-news.de\/de\/wp-json\/wp\/v2\/tags?post=100833"}],"curies":[{"name":"wp","href":"https:\/\/api.w.org\/{rel}","templated":true}]}}