{"id":100831,"date":"2026-03-26T08:52:40","date_gmt":"2026-03-26T06:52:40","guid":{"rendered":"https:\/\/now-news.de\/de\/deutschland\/geopolitisches-schreckgespenst-europas-neue-grosse-troika-bahnt-sich-an\/"},"modified":"2026-03-26T08:52:40","modified_gmt":"2026-03-26T06:52:40","slug":"geopolitisches-schreckgespenst-europas-neue-grosse-troika-bahnt-sich-an","status":"publish","type":"post","link":"https:\/\/now-news.de\/de\/deutschland\/geopolitisches-schreckgespenst-europas-neue-grosse-troika-bahnt-sich-an\/","title":{"rendered":"Geopolitisches Schreckgespenst Europas \u2013 neue gro\u00dfe Troika bahnt sich an"},"content":{"rendered":"<p><img decoding=\"async\" src=\"https:\/\/now-news.de\/de\/wp-content\/uploads\/sites\/3\/2026\/03\/69c3eeacb480cc5ee45a1940.png\" \/><\/p>\n<div class=\"Text-root Text-type_1 \">\n                Dass die Weltordnung seinerzeit in Jalta und Potsdam von der Sowjetunion, den USA und Gro\u00dfbritannien festgelegt wurde, war f\u00fcr Resteuropa nicht gerade schmeichelhaft, aber akzeptabel. J\u00fcngste Entwicklungen deuten indes eine neue &#8220;Gro\u00dfe Troika&#8221; an, bei der Gro\u00dfbritannien durch China ersetzt und Europa endg\u00fcltig an den geopolitischen Stra\u00dfenrand abgedr\u00e4ngt wird.\n            <\/div>\n<p><\/p>\n<div class=\"Text-root Text-type_5 ArticleView-text ViewText-root \">\n<p><strong><\/strong><em>Von Alexander Jakowenko<\/em><\/p>\n<p>Die j\u00fcngste, \u00fcberreife Krise im Nahen Osten \u00fcberschneidet sich mit der Ukraine-Krise. Gleichzeitig hat sie sich zu einem Katalysator f\u00fcr die Entfremdung in den transatlantischen Beziehungen entwickelt: W\u00e4hrend bez\u00fcglich der Ukraine-Krise europ\u00e4ische NATO-Verb\u00fcndete und \u00fcberhaupt die EU versucht haben, Donald Trump davon zu \u00fcberzeugen, die Ukraine nicht im Stich zu lassen, wies diesmal insbesondere Bundeskanzler Friedrich Merz Washingtons Forderung nach einer Beteiligung an einer gewaltsamen &#8220;Wieder\u00f6ffnung&#8221; der Stra\u00dfe von Hormus scharf zur\u00fcck. Donald Trump versprach im Gegenzug, dies nicht zu vergessen und bezeichnete die NATO als &#8220;Papiertiger&#8221;. Alles deutet darauf hin, dass die n\u00e4chsten zwei bis drei Wochen entscheidend f\u00fcr den milit\u00e4rischen \u00dcberfall der USA und Israels\u00a0auf\u00a0Iran sein werden \u2013 sie werden die weitere Entwicklung und die Tragweite der vielschichtigen Folgen bestimmen.<\/p>\n<p><strong><\/strong><\/p>\n<p><strong>Krise in den transatlantischen Beziehungen<\/strong><\/p>\n<p>Die transatlantischen Beziehungen befinden sich bekannterma\u00dfen in einer akuten Krise \u2013 diesmal allerdings mit \u00e4u\u00dferst ungewissem Ausgang. Man kann die Europ\u00e4er verstehen: Wenn schon die USA mit all ihrer milit\u00e4rischen Macht, auf die die Europ\u00e4er auch selber eigentlich oder angeblich angewiesen sind, die Stra\u00dfe von Hormus nicht \u00f6ffnen k\u00f6nnen \u2013 dann k\u00f6nnen die Europ\u00e4er ihrerseits erst recht nicht ihre Truppen riskieren, die deutlich geringeren Erfolgsaussichten zus\u00e4tzlich mitgedacht. Schon dies sieht wie ein Todesurteil aus.<\/p>\n<div class=\"EmbedBlock-root EmbedBlock-externalVideo EmbedBlock-rumble\">\n<div class=\"VkEmbed\"><iframe class=\"lazyload\" data-src=\"https:\/\/rumble.com\/embed\/v753fv4\" frameborder=\"0\" width=\"853\" height=\"480\" allowfullscreen><\/iframe><\/div>\n<\/div>\n<p>Doch noch etwas anderes ist ebenfalls wichtig. Die Meinungsverschiedenheiten \u00fcber die Ukraine best\u00e4rken die europ\u00e4ischen Eliten in ihrem Wunsch nach\u00a0einer Niederlage Trumps, die ein Schl\u00fcsselfaktor f\u00fcr einen Sieg der Demokraten bei den Zwischenwahlen am 3. November werden k\u00f6nnte. Dann k\u00f6nnte Washington Trumps &#8220;Sonderweg&#8221; verlassen, und die transatlantischen Beziehungen w\u00fcrden zu ihrem fr\u00fcheren Kurs der westlichen\u00a0Einheit auf der Grundlage einer starken antirussischen Haltung zur\u00fcckkehren.\u00a0<\/p>\n<p>Ebenso viel Besorgnis erregt in Europas Hauptst\u00e4dten eine weitere Folge von Trumps Scheitern im Iran-Konflikt \u2013 und seine europ\u00e4ischen Verb\u00fcndeten sind hier tats\u00e4chlich nicht in der Lage, ihm zu helfen. Allenfalls k\u00f6nnte Washington ihnen diese Niederlage anlasten, wie es bereits im Ukraine-Konflikt geschah \u2013 eine Absicht, die sich bereits in den Ans\u00e4tzen der Biden-Regierung abzeichnete, die sich als ebenso unvorbereitet auf eine langwierige Konfrontation mit Russland erwiesen hat. Es geht hierbei um Folgendes: Eine Niederlage im Iran-Konflikt beraubt die Vereinigten Staaten jeder M\u00f6glichkeit, mit Peking aus einer Position der St\u00e4rke heraus zu verhandeln. Der erste Fehltritt ereignete sich letztes Jahr, als China Exportkontrollen f\u00fcr Seltene Erden als Verteidigungs- und Vergeltungsma\u00dfnahme gegen Trumps aggressive Z\u00f6lle verh\u00e4ngte.<\/p>\n<p>Nun aber geht auch die Rechnung nicht auf, die US-Kontrolle \u00fcber die iranischen Erd\u00f6l- und Erdgasressourcen herzustellen. Dar\u00fcber hinaus hat Teheran durch die Kontrolle \u00fcber die Stra\u00dfe von Hormus (wie von US-Geheimdiensten vorhergesagt) die Gefahr einer wirtschaftlichen Destabilisierung der USA selbst geschaffen \u2013 ganz zu schweigen von der Gefahr einer globalen Rezession, die auch die US-Aktienm\u00e4rkte zum Einsturz bringen w\u00fcrde. Letzteres zu verhindern, ist ein Schl\u00fcsselelement der Wahlkampfstrategie der Republikaner.<\/p>\n<div class=\"EmbedBlock-root EmbedBlock-externalVideo EmbedBlock-rumble\">\n<div class=\"VkEmbed\"><iframe class=\"lazyload\" data-src=\"https:\/\/rumble.com\/embed\/v75erom\" frameborder=\"0\" width=\"853\" height=\"480\" allowfullscreen><\/iframe><\/div>\n<\/div>\n<p>Und es w\u00e4re ja eine Sache, wenn der Zusammenbruch auf nat\u00fcrliche Weise erfolgte (die M\u00e4rkte sind bei einer Marktkapitalisierung von 500 Prozent l\u00e4ngst \u00fcberf\u00e4llig f\u00fcr eine traditionelle Korrektur) \u2013 aber etwas ganz anderes ist es, wenn Trump mit seinem Iran-Abenteuer dazu beigetragen hat. Obendrein trifft die Energiekrise ausgerechnet die Hightech-Unternehmen im Bereich der k\u00fcnstlichen Intelligenz, die in letzter Zeit das Wachstum der B\u00f6rsenindikatoren getragen haben.<\/p>\n<p><strong><\/strong><\/p>\n<p><strong>Schreckgespenst einer neuen &#8220;Gro\u00dfen Troika&#8221;<\/strong><\/p>\n<p>Europa sieht sich somit der Aussicht auf eine neue &#8220;Gro\u00dfe Troika&#8221;\u00a0gegen\u00fcber, diesmal bestehend aus den Vereinigten Staaten, China und Russland \u2013 drei wahrhaft globale Superm\u00e4chte, die ihren Status in der Praxis beweisen und als solche keine andere Wahl haben, als untereinander zu verhandeln. Dies erinnert an den Pr\u00e4zedenzfall des Zweiten Weltkriegs und das System von Jalta und Potsdam in Europa: Winston Churchills Platz w\u00fcrde eben vom chinesischen Staatschef eingenommen werden, und es entst\u00fcnde ein globales Triumvirat, diesmal ohne die Beteiligung des &#8220;alten&#8221; Europas, das sich somit am Rande der Weltpolitik wiederf\u00e4nde.<\/p>\n<div class=\"EmbedBlock-root EmbedBlock-externalVideo EmbedBlock-rumble\">\n<div class=\"VkEmbed\"><iframe class=\"lazyload\" data-src=\"https:\/\/rumble.com\/embed\/v6eyj1m\" frameborder=\"0\" width=\"853\" height=\"480\" allowfullscreen><\/iframe><\/div>\n<\/div>\n<p>Dies w\u00e4re auch das Ende von 200 Jahren westlicher Eind\u00e4mmungspolitik gegen\u00fcber Russland, die \u2013 was der Ukraine-Konflikt beschleunigte \u2013 ihr Potenzial inzwischen ausgesch\u00f6pft hat.<\/p>\n<p>Russlands Beteiligung an dieser Konstellation wird unter anderem durch die Notwendigkeit bedingt sein, das Scheitern der westlichen Eind\u00e4mmungsstrategie gegen\u00fcber China zu kaschieren (unabh\u00e4ngige US-amerikanische Beobachter schreiben bereits, Washington habe Peking schlichtweg &#8220;die Vorfahrt \u00fcberlassen&#8221;). Moskau k\u00f6nnte zum Vermittler in den US-amerikanisch-chinesischen Beziehungen werden \u2013 einschlie\u00dflich der Beteiligung an trilateralen Kontakten zu Fragen der strategischen Stabilit\u00e4t. Der Zeitpunkt f\u00fcr diese wird fr\u00fcher oder sp\u00e4ter kommen, sobald Peking sein nukleares Raketenpotenzial auf das Niveau der USA und Russlands ausbaut (vermutlich bis zum Jahr 2030). Vor diesem Hintergrund erscheint Moskaus Vorschlag, einen Gipfel der f\u00fcnf st\u00e4ndigen Mitglieder des UN-Sicherheitsrates einzuberufen, angesichts der Unvermeidbarkeit\u00a0einer &#8220;Dreiecksdiplomatie&#8221;\u00a0\u00e0 la Kissinger wie ein Segen \u2013 und eine Art Trostpflaster f\u00fcr London und Paris.<\/p>\n<p>Berlin allerdings ist ein anderer Fall.<\/p>\n<p><strong><\/strong><\/p>\n<p><strong>&#8220;Deutsche Frage&#8221; \u2013 nach wie vor aktuell<\/strong><\/p>\n<p>Ungeachtet der pers\u00f6nlicher Pr\u00e4ferenzen Trumps werden die USA ihre Milit\u00e4rpr\u00e4senz in Europa im Zuge einer Normalisierung der bilateralen Beziehungen zu Moskau reduzieren m\u00fcssen. Eine solche Normalisierung kann, nach den Erfahrungen mit der Ukraine, nur auf gegenseitigem Vertrauen und der Ber\u00fccksichtigung der jeweiligen Interessen der Seiten beruhen. Doch dann taucht ein weiteres Gespenst auf, das die europ\u00e4ische Politik heimsucht: die R\u00fcckkehr zur Vorkriegszeit \u2013 mit entsprechenden Vorkehrungen, die aus der Notwendigkeit resultieren, ein vereintes Deutschland einzud\u00e4mmen. Bislang wurde diese Aufgabe im Rahmen der NATO, unter Beteiligung der Vereinigten Staaten, und im Rahmen der Europ\u00e4ischen Union erf\u00fcllt. Die starke D-Mark etwa wurde zur Grundlage des Euro. Und aktuellen wirtschaftlichen Problemen zum Trotz verf\u00fcgt Deutschland weiterhin \u00fcber das gr\u00f6\u00dfte wirtschaftliche Potenzial in der EU. London und Paris versuchen ganz offensichtlich, ihren Vorteil gegen\u00fcber Berlin als Atomm\u00e4chte auszunutzen \u2013 was auf die Erfahrungen der Entente verweist.<\/p>\n<p>Auch im deutsch-franz\u00f6sischen Motor der europ\u00e4ischen Integration ist etwas ins Stocken geraten \u2013 die Partnerschaft befindet sich in einer schwierigen Phase.\u00a0Es ist zudem schwer vorherzusagen, wie\u00a0Washington Deutschlands Status als eines von\u00a0den USA besetzten Landes ausspielen werden. Unter diesen Umst\u00e4nden steht Berlin vor der Wahl: Entweder erneut zum Instrument antirussischer Politik westlicher Eliten zu werden wie schon in den beiden Weltkriegen \u2013 oder aber positive Beziehungen zu Russland aufzubauen, die nicht nur den Frieden in Europa sichern, sondern auch Deutschland selber einen w\u00fcrdigen Platz in der Weltpolitik garantieren w\u00fcrden.<\/p>\n<p>Westliche Experten fordern unterdessen, die Re-Nationalisierung der Verteidigung in Europa zu verhindern. Insbesondere Liana Fix empfiehlt in der aktuellen Ausgabe von <em>Foreign Affairs<\/em> eine gemeinsame Finanzierung der europ\u00e4ischen Aufr\u00fcstung \u2013 auf dass Berlin f\u00fcr seine &#8220;kleineren Br\u00fcder&#8221; aufkomme und vor allem\u00a0 sie auch milit\u00e4risch nicht \u00fcberrunde. Es scheint sogar einen Pr\u00e4zedenzfall hierf\u00fcr zu geben \u2013 die Entscheidung der EU vom vergangenen M\u00e4rz, 800 Milliarden Euro f\u00fcr die Aufr\u00fcstung bereitzustellen, wovon die einzelnen Staaten jeweils im Alleingang 650 Milliarden Euro aufbringen sollen. Um dies zu erreichen, werden derzeit die Vorgaben des Stabilit\u00e4ts- und Wachstumspakts hinsichtlich der Haushaltsdefizite und Staatsverschuldung gelockert. Die Deutschen \u00fcbertreffen jedenfalls in Bezug auf ihren Verteidigungshaushalt alle anderen EU-Mitglieder deutlich.<\/p>\n<p>Dies ist mit der Sinn\u00a0des 90-Milliarden-Euro-Kredits an die Ukraine, den Br\u00fcssel bisher nicht umsetzen konnte: Von separaten bilateralen Krediten an Kiew hin zu nationalen Aufr\u00fcstungsprogrammen ist es eigentlich nur ein Schritt.<\/p>\n<p>Aber auch die Polen\u00a0und die\u00a0Franzosen kommen nicht umhin, die <a rel=\"nofollow\" target=\"_blank\" href=\"https:\/\/freedert.online\/inland\/273845-regierungserklaerung-von-friedrich-merz-deutschland\/\" target=\"_blank\" rel=\"noopener noreferrer\">revanchistischen Untert\u00f6ne in Merz\u2019 j\u00fcngsten \u00c4u\u00dferungen<\/a> wahrzunehmen. Unter anderem Berlins Umgang mit Griechenland vor zehn Jahren, als es die griechischen Banken auf Kosten der wachsenden Schuldenlast Athens rettete, ist ihnen noch gut in Erinnerung.<\/p>\n<p>Wie dem auch sei, die europ\u00e4ische Politik tritt in eine \u00e4u\u00dferst gef\u00e4hrliche Phase ein, die das Potenzial f\u00fcr historische Konsequenzen birgt (welche sich wiederum mit unangenehmen geschichtlichen Entwicklungen der Vergangenheit reimen werden). Europas passive au\u00dfenpolitische Linie, die darauf abzielt, Trumps Amtszeit auszusitzen, gepaart mit Teherans Absicht, weder Trump noch Netanjahu ungeschoren davonkommen zu lassen und die Neuordnung des Nahen Ostens, einschlie\u00dflich der Stra\u00dfe von Hormus, zu verhindern \u2013 dies alles d\u00fcrfte kaum ausreichen, um Europa in einem grundlegend neuen geopolitischen Umfeld, das auch von Trumps transaktionaler Diplomatie gepr\u00e4gt ist, in die hohe Politik einzuf\u00fchren. Die europ\u00e4ischen Hauptst\u00e4dte selbst sind sich keineswegs im Klaren dar\u00fcber, was sie zu dieser Politik beitragen k\u00f6nnen, wenn all ihre Tr\u00fcmpfe \u2013 milit\u00e4rische und wirtschaftliche St\u00e4rke, die gr\u00fcne Agenda und die F\u00f6rderung von &#8220;Freiheit und Demokratie&#8221; \u2013 entweder wirkungslos geworden sind oder gar nur noch Relikte vergangener Zeiten darstellen.<\/p>\n<p>Die Zeit fordert von Europa eine Abkehr von historisch angeh\u00e4uften Illusionen und Vorurteilen und den \u00dcbergang zu einer kreativen Au\u00dfenpolitik \u2013 und beides ist ohne den Aufstieg national orientierter Eliten unwahrscheinlich.<\/p>\n<p><em>\u00dcbersetzt aus dem\u00a0<\/em><a rel=\"nofollow\" target=\"_blank\" href=\"https:\/\/ria.ru\/20260322\/evropa-2082178197.html\" target=\"_blank\" rel=\"noopener noreferrer\"><em>Russischen<\/em><\/a><em>.\u00a0Zuerst erschienen bei &#8220;RIA Nowosti&#8221; am 22. M\u00e4rz 2026.<\/em><\/p>\n<p><em><strong>Alexander Jakowenko<\/strong><\/em><em>\u00a0ist ein russischer Diplomat (au\u00dferordentlicher und bevollm\u00e4chtigter Botschafter Russlands) und Rektor der Diplomatischen Akademie beim Au\u00dfenministerium der Russischen F\u00f6deration. Er war au\u00dferordentlicher und bevollm\u00e4chtigter Botschafter Russlands in Gro\u00dfbritannien, stellvertretender Au\u00dfenminister sowie Mitglied des Diplomatischen Kollegiums des russischen Au\u00dfenministeriums.<\/em><\/p>\n<p><strong>Mehr zum Thema &#8211;<\/strong>\u00a0<a rel=\"nofollow\" target=\"_blank\" href=\"https:\/\/freedert.online\/international\/274430-krieg-gegen-iran-versetzt-resten\/\" target=\"_blank\" rel=\"noopener noreferrer\">Britisches Empire: Krieg gegen Iran versetzt den Resten den Todessto\u00df<\/a><\/p>\n<div class=\"EmbedBlock-root EmbedBlock-externalVideo EmbedBlock-rumble\">\n<div class=\"VkEmbed\"><iframe class=\"lazyload\" data-src=\"https:\/\/rumble.com\/embed\/v759rf2\" frameborder=\"0\" width=\"853\" height=\"480\" allowfullscreen><\/iframe><\/div>\n<\/div>\n<\/div>\n<p><br \/>\n<br \/><a href=\"https:\/\/de.rt.com\/meinung\/274722-geopolitisches-schreckgespenst-europas-neue-grosse-troika\/\">Source link <\/a><\/p>\n","protected":false},"excerpt":{"rendered":"<p>Dass die Weltordnung seinerzeit in Jalta und Potsdam von der Sowjetunion, den USA und Gro\u00dfbritannien festgelegt wurde, war f\u00fcr Resteuropa nicht gerade schmeichelhaft, aber akzeptabel. J\u00fcngste Entwicklungen deuten indes eine neue &#8220;Gro\u00dfe Troika&#8221; an, bei der Gro\u00dfbritannien durch China ersetzt und Europa endg\u00fcltig an den geopolitischen Stra\u00dfenrand abgedr\u00e4ngt wird. Von Alexander Jakowenko Die j\u00fcngste, \u00fcberreife [&hellip;]<\/p>\n","protected":false},"author":3,"featured_media":100832,"comment_status":"open","ping_status":"open","sticky":false,"template":"","format":"standard","meta":{"_yoast_indexnow_last_ping":["1774508042"],"wp_automatic_camp":["217"],"136b7f0e3053da77106e0cd7cce50e10":["Geopolitisches Schreckgespenst Europas \u2013 neue gro\u00dfe Troika bahnt sich an"],"original_link":["https:\/\/de.rt.com\/meinung\/274722-geopolitisches-schreckgespenst-europas-neue-grosse-troika\/"],"_thumbnail_id":["100832"],"jnews_social_counter_last_update":["1777473164"],"_wptgpro_p2tg_sent2tg":["a:1:{i:23737;s:19:\"2026-03-26 08:55:07\";}"]},"categories":[19,23],"tags":[33938,1293,47249,2830,1227,48136,434,72010],"yoast_head":"<!-- This site is optimized with the Yoast SEO Premium plugin v22.7 (Yoast SEO v22.7) - https:\/\/yoast.com\/wordpress\/plugins\/seo\/ -->\n<title>Geopolitisches Schreckgespenst Europas \u2013 neue gro\u00dfe Troika bahnt sich an - just-now.NEWS Deutschland<\/title>\n<meta name=\"robots\" content=\"index, follow, max-snippet:-1, max-image-preview:large, max-video-preview:-1\" \/>\n<link rel=\"canonical\" href=\"https:\/\/now-news.de\/de\/deutschland\/geopolitisches-schreckgespenst-europas-neue-grosse-troika-bahnt-sich-an\/\" \/>\n<meta property=\"og:locale\" content=\"de_DE\" \/>\n<meta property=\"og:type\" content=\"article\" \/>\n<meta property=\"og:title\" content=\"Geopolitisches Schreckgespenst Europas \u2013 neue gro\u00dfe Troika bahnt sich an\" \/>\n<meta property=\"og:description\" content=\"Dass die Weltordnung seinerzeit in Jalta und Potsdam von der Sowjetunion, den USA und Gro\u00dfbritannien festgelegt wurde, war f\u00fcr Resteuropa nicht gerade schmeichelhaft, aber akzeptabel. J\u00fcngste Entwicklungen deuten indes eine neue &#8220;Gro\u00dfe Troika&#8221; an, bei der Gro\u00dfbritannien durch China ersetzt und Europa endg\u00fcltig an den geopolitischen Stra\u00dfenrand abgedr\u00e4ngt wird. Von Alexander Jakowenko Die j\u00fcngste, \u00fcberreife [&hellip;]\" \/>\n<meta property=\"og:url\" content=\"https:\/\/now-news.de\/de\/deutschland\/geopolitisches-schreckgespenst-europas-neue-grosse-troika-bahnt-sich-an\/\" \/>\n<meta property=\"og:site_name\" content=\"just-now.NEWS Deutschland\" \/>\n<meta property=\"article:publisher\" content=\"https:\/\/www.facebook.com\/wirmachenauf\" \/>\n<meta property=\"article:published_time\" content=\"2026-03-26T06:52:40+00:00\" \/>\n<meta property=\"og:image\" content=\"https:\/\/now-news.de\/de\/wp-content\/uploads\/sites\/3\/2026\/03\/69c3eeacb480cc5ee45a1940.png\" \/>\n<meta name=\"author\" content=\"rtnews\" \/>\n<meta name=\"twitter:card\" content=\"summary_large_image\" \/>\n<meta name=\"twitter:creator\" content=\"@WirMachenAuf_de\" \/>\n<meta name=\"twitter:site\" content=\"@WirMachenAuf_de\" \/>\n<meta name=\"twitter:label1\" content=\"Verfasst von\" \/>\n\t<meta name=\"twitter:data1\" content=\"rtnews\" \/>\n\t<meta name=\"twitter:label2\" content=\"Gesch\u00e4tzte Lesezeit\" \/>\n\t<meta name=\"twitter:data2\" content=\"8\u00a0Minuten\" \/>\n<script type=\"application\/ld+json\" class=\"yoast-schema-graph\">{\"@context\":\"https:\/\/schema.org\",\"@graph\":[{\"@type\":\"Article\",\"@id\":\"https:\/\/now-news.de\/de\/deutschland\/geopolitisches-schreckgespenst-europas-neue-grosse-troika-bahnt-sich-an\/#article\",\"isPartOf\":{\"@id\":\"https:\/\/now-news.de\/de\/deutschland\/geopolitisches-schreckgespenst-europas-neue-grosse-troika-bahnt-sich-an\/\"},\"author\":{\"name\":\"rtnews\",\"@id\":\"https:\/\/now-news.de\/de\/#\/schema\/person\/fb534a4e865501d8b3285208df34a9b5\"},\"headline\":\"Geopolitisches Schreckgespenst Europas \u2013 neue gro\u00dfe Troika bahnt sich an\",\"datePublished\":\"2026-03-26T06:52:40+00:00\",\"dateModified\":\"2026-03-26T06:52:40+00:00\",\"mainEntityOfPage\":{\"@id\":\"https:\/\/now-news.de\/de\/deutschland\/geopolitisches-schreckgespenst-europas-neue-grosse-troika-bahnt-sich-an\/\"},\"wordCount\":1621,\"commentCount\":0,\"publisher\":{\"@id\":\"https:\/\/now-news.de\/de\/#organization\"},\"image\":{\"@id\":\"https:\/\/now-news.de\/de\/deutschland\/geopolitisches-schreckgespenst-europas-neue-grosse-troika-bahnt-sich-an\/#primaryimage\"},\"thumbnailUrl\":\"https:\/\/now-news.de\/de\/wp-content\/uploads\/sites\/3\/2026\/03\/Geopolitisches-Schreckgespenst-Europas-\u2013-neue-grosse-Troika-bahnt-sich-an.png\",\"keywords\":[\"bahnt\",\"Europas\",\"Geopolitisches\",\"Gro\u00dfe\",\"NEUE\",\"Schreckgespenst\",\"sich\",\"Troika\"],\"articleSection\":[\"Deutschland\",\"Russland\"],\"inLanguage\":\"de\",\"potentialAction\":[{\"@type\":\"CommentAction\",\"name\":\"Comment\",\"target\":[\"https:\/\/now-news.de\/de\/deutschland\/geopolitisches-schreckgespenst-europas-neue-grosse-troika-bahnt-sich-an\/#respond\"]}]},{\"@type\":\"WebPage\",\"@id\":\"https:\/\/now-news.de\/de\/deutschland\/geopolitisches-schreckgespenst-europas-neue-grosse-troika-bahnt-sich-an\/\",\"url\":\"https:\/\/now-news.de\/de\/deutschland\/geopolitisches-schreckgespenst-europas-neue-grosse-troika-bahnt-sich-an\/\",\"name\":\"Geopolitisches Schreckgespenst Europas \u2013 neue gro\u00dfe Troika bahnt sich an - just-now.NEWS Deutschland\",\"isPartOf\":{\"@id\":\"https:\/\/now-news.de\/de\/#website\"},\"primaryImageOfPage\":{\"@id\":\"https:\/\/now-news.de\/de\/deutschland\/geopolitisches-schreckgespenst-europas-neue-grosse-troika-bahnt-sich-an\/#primaryimage\"},\"image\":{\"@id\":\"https:\/\/now-news.de\/de\/deutschland\/geopolitisches-schreckgespenst-europas-neue-grosse-troika-bahnt-sich-an\/#primaryimage\"},\"thumbnailUrl\":\"https:\/\/now-news.de\/de\/wp-content\/uploads\/sites\/3\/2026\/03\/Geopolitisches-Schreckgespenst-Europas-\u2013-neue-grosse-Troika-bahnt-sich-an.png\",\"datePublished\":\"2026-03-26T06:52:40+00:00\",\"dateModified\":\"2026-03-26T06:52:40+00:00\",\"breadcrumb\":{\"@id\":\"https:\/\/now-news.de\/de\/deutschland\/geopolitisches-schreckgespenst-europas-neue-grosse-troika-bahnt-sich-an\/#breadcrumb\"},\"inLanguage\":\"de\",\"potentialAction\":[{\"@type\":\"ReadAction\",\"target\":[\"https:\/\/now-news.de\/de\/deutschland\/geopolitisches-schreckgespenst-europas-neue-grosse-troika-bahnt-sich-an\/\"]}]},{\"@type\":\"ImageObject\",\"inLanguage\":\"de\",\"@id\":\"https:\/\/now-news.de\/de\/deutschland\/geopolitisches-schreckgespenst-europas-neue-grosse-troika-bahnt-sich-an\/#primaryimage\",\"url\":\"https:\/\/now-news.de\/de\/wp-content\/uploads\/sites\/3\/2026\/03\/Geopolitisches-Schreckgespenst-Europas-\u2013-neue-grosse-Troika-bahnt-sich-an.png\",\"contentUrl\":\"https:\/\/now-news.de\/de\/wp-content\/uploads\/sites\/3\/2026\/03\/Geopolitisches-Schreckgespenst-Europas-\u2013-neue-grosse-Troika-bahnt-sich-an.png\",\"width\":460,\"height\":259,\"caption\":\"Geopolitisches Schreckgespenst Europas \u2013 neue gro\u00dfe Troika bahnt sich an\"},{\"@type\":\"BreadcrumbList\",\"@id\":\"https:\/\/now-news.de\/de\/deutschland\/geopolitisches-schreckgespenst-europas-neue-grosse-troika-bahnt-sich-an\/#breadcrumb\",\"itemListElement\":[{\"@type\":\"ListItem\",\"position\":1,\"name\":\"Home\",\"item\":\"https:\/\/now-news.de\/de\/\"},{\"@type\":\"ListItem\",\"position\":2,\"name\":\"Geopolitisches Schreckgespenst Europas \u2013 neue gro\u00dfe Troika bahnt sich an\"}]},{\"@type\":\"WebSite\",\"@id\":\"https:\/\/now-news.de\/de\/#website\",\"url\":\"https:\/\/now-news.de\/de\/\",\"name\":\"just-now.NEWS Deutschland\",\"description\":\"Das Portal f\u00fcr unzensierte Nachrichten aus der Welt\",\"publisher\":{\"@id\":\"https:\/\/now-news.de\/de\/#organization\"},\"potentialAction\":[{\"@type\":\"SearchAction\",\"target\":{\"@type\":\"EntryPoint\",\"urlTemplate\":\"https:\/\/now-news.de\/de\/?s={search_term_string}\"},\"query-input\":\"required name=search_term_string\"}],\"inLanguage\":\"de\"},{\"@type\":\"Organization\",\"@id\":\"https:\/\/now-news.de\/de\/#organization\",\"name\":\"Just Now News\",\"url\":\"https:\/\/now-news.de\/de\/\",\"logo\":{\"@type\":\"ImageObject\",\"inLanguage\":\"de\",\"@id\":\"https:\/\/now-news.de\/de\/#\/schema\/logo\/image\/\",\"url\":\"http:\/\/just-now.news\/de\/wp-content\/uploads\/sites\/3\/2022\/04\/logo500x500.jpg\",\"contentUrl\":\"http:\/\/just-now.news\/de\/wp-content\/uploads\/sites\/3\/2022\/04\/logo500x500.jpg\",\"width\":500,\"height\":500,\"caption\":\"Just Now News\"},\"image\":{\"@id\":\"https:\/\/now-news.de\/de\/#\/schema\/logo\/image\/\"},\"sameAs\":[\"https:\/\/www.facebook.com\/wirmachenauf\",\"https:\/\/x.com\/WirMachenAuf_de\"]},{\"@type\":\"Person\",\"@id\":\"https:\/\/now-news.de\/de\/#\/schema\/person\/fb534a4e865501d8b3285208df34a9b5\",\"name\":\"rtnews\",\"image\":{\"@type\":\"ImageObject\",\"inLanguage\":\"de\",\"@id\":\"https:\/\/now-news.de\/de\/#\/schema\/person\/image\/\",\"url\":\"https:\/\/secure.gravatar.com\/avatar\/82aafea7d8127119dd649515f56e2117?s=96&d=mm&r=g\",\"contentUrl\":\"https:\/\/secure.gravatar.com\/avatar\/82aafea7d8127119dd649515f56e2117?s=96&d=mm&r=g\",\"caption\":\"rtnews\"},\"url\":\"https:\/\/now-news.de\/de\/author\/rnews\/\"}]}<\/script>\n<!-- \/ Yoast SEO Premium plugin. -->","yoast_head_json":{"title":"Geopolitisches Schreckgespenst Europas \u2013 neue gro\u00dfe Troika bahnt sich an - just-now.NEWS Deutschland","robots":{"index":"index","follow":"follow","max-snippet":"max-snippet:-1","max-image-preview":"max-image-preview:large","max-video-preview":"max-video-preview:-1"},"canonical":"https:\/\/now-news.de\/de\/deutschland\/geopolitisches-schreckgespenst-europas-neue-grosse-troika-bahnt-sich-an\/","og_locale":"de_DE","og_type":"article","og_title":"Geopolitisches Schreckgespenst Europas \u2013 neue gro\u00dfe Troika bahnt sich an","og_description":"Dass die Weltordnung seinerzeit in Jalta und Potsdam von der Sowjetunion, den USA und Gro\u00dfbritannien festgelegt wurde, war f\u00fcr Resteuropa nicht gerade schmeichelhaft, aber akzeptabel. J\u00fcngste Entwicklungen deuten indes eine neue &#8220;Gro\u00dfe Troika&#8221; an, bei der Gro\u00dfbritannien durch China ersetzt und Europa endg\u00fcltig an den geopolitischen Stra\u00dfenrand abgedr\u00e4ngt wird. Von Alexander Jakowenko Die j\u00fcngste, \u00fcberreife [&hellip;]","og_url":"https:\/\/now-news.de\/de\/deutschland\/geopolitisches-schreckgespenst-europas-neue-grosse-troika-bahnt-sich-an\/","og_site_name":"just-now.NEWS Deutschland","article_publisher":"https:\/\/www.facebook.com\/wirmachenauf","article_published_time":"2026-03-26T06:52:40+00:00","og_image":[{"url":"https:\/\/now-news.de\/de\/wp-content\/uploads\/sites\/3\/2026\/03\/69c3eeacb480cc5ee45a1940.png"}],"author":"rtnews","twitter_card":"summary_large_image","twitter_creator":"@WirMachenAuf_de","twitter_site":"@WirMachenAuf_de","twitter_misc":{"Verfasst von":"rtnews","Gesch\u00e4tzte Lesezeit":"8\u00a0Minuten"},"schema":{"@context":"https:\/\/schema.org","@graph":[{"@type":"Article","@id":"https:\/\/now-news.de\/de\/deutschland\/geopolitisches-schreckgespenst-europas-neue-grosse-troika-bahnt-sich-an\/#article","isPartOf":{"@id":"https:\/\/now-news.de\/de\/deutschland\/geopolitisches-schreckgespenst-europas-neue-grosse-troika-bahnt-sich-an\/"},"author":{"name":"rtnews","@id":"https:\/\/now-news.de\/de\/#\/schema\/person\/fb534a4e865501d8b3285208df34a9b5"},"headline":"Geopolitisches Schreckgespenst Europas \u2013 neue gro\u00dfe Troika bahnt sich an","datePublished":"2026-03-26T06:52:40+00:00","dateModified":"2026-03-26T06:52:40+00:00","mainEntityOfPage":{"@id":"https:\/\/now-news.de\/de\/deutschland\/geopolitisches-schreckgespenst-europas-neue-grosse-troika-bahnt-sich-an\/"},"wordCount":1621,"commentCount":0,"publisher":{"@id":"https:\/\/now-news.de\/de\/#organization"},"image":{"@id":"https:\/\/now-news.de\/de\/deutschland\/geopolitisches-schreckgespenst-europas-neue-grosse-troika-bahnt-sich-an\/#primaryimage"},"thumbnailUrl":"https:\/\/now-news.de\/de\/wp-content\/uploads\/sites\/3\/2026\/03\/Geopolitisches-Schreckgespenst-Europas-\u2013-neue-grosse-Troika-bahnt-sich-an.png","keywords":["bahnt","Europas","Geopolitisches","Gro\u00dfe","NEUE","Schreckgespenst","sich","Troika"],"articleSection":["Deutschland","Russland"],"inLanguage":"de","potentialAction":[{"@type":"CommentAction","name":"Comment","target":["https:\/\/now-news.de\/de\/deutschland\/geopolitisches-schreckgespenst-europas-neue-grosse-troika-bahnt-sich-an\/#respond"]}]},{"@type":"WebPage","@id":"https:\/\/now-news.de\/de\/deutschland\/geopolitisches-schreckgespenst-europas-neue-grosse-troika-bahnt-sich-an\/","url":"https:\/\/now-news.de\/de\/deutschland\/geopolitisches-schreckgespenst-europas-neue-grosse-troika-bahnt-sich-an\/","name":"Geopolitisches Schreckgespenst Europas \u2013 neue gro\u00dfe Troika bahnt sich an - just-now.NEWS Deutschland","isPartOf":{"@id":"https:\/\/now-news.de\/de\/#website"},"primaryImageOfPage":{"@id":"https:\/\/now-news.de\/de\/deutschland\/geopolitisches-schreckgespenst-europas-neue-grosse-troika-bahnt-sich-an\/#primaryimage"},"image":{"@id":"https:\/\/now-news.de\/de\/deutschland\/geopolitisches-schreckgespenst-europas-neue-grosse-troika-bahnt-sich-an\/#primaryimage"},"thumbnailUrl":"https:\/\/now-news.de\/de\/wp-content\/uploads\/sites\/3\/2026\/03\/Geopolitisches-Schreckgespenst-Europas-\u2013-neue-grosse-Troika-bahnt-sich-an.png","datePublished":"2026-03-26T06:52:40+00:00","dateModified":"2026-03-26T06:52:40+00:00","breadcrumb":{"@id":"https:\/\/now-news.de\/de\/deutschland\/geopolitisches-schreckgespenst-europas-neue-grosse-troika-bahnt-sich-an\/#breadcrumb"},"inLanguage":"de","potentialAction":[{"@type":"ReadAction","target":["https:\/\/now-news.de\/de\/deutschland\/geopolitisches-schreckgespenst-europas-neue-grosse-troika-bahnt-sich-an\/"]}]},{"@type":"ImageObject","inLanguage":"de","@id":"https:\/\/now-news.de\/de\/deutschland\/geopolitisches-schreckgespenst-europas-neue-grosse-troika-bahnt-sich-an\/#primaryimage","url":"https:\/\/now-news.de\/de\/wp-content\/uploads\/sites\/3\/2026\/03\/Geopolitisches-Schreckgespenst-Europas-\u2013-neue-grosse-Troika-bahnt-sich-an.png","contentUrl":"https:\/\/now-news.de\/de\/wp-content\/uploads\/sites\/3\/2026\/03\/Geopolitisches-Schreckgespenst-Europas-\u2013-neue-grosse-Troika-bahnt-sich-an.png","width":460,"height":259,"caption":"Geopolitisches Schreckgespenst Europas \u2013 neue gro\u00dfe Troika bahnt sich an"},{"@type":"BreadcrumbList","@id":"https:\/\/now-news.de\/de\/deutschland\/geopolitisches-schreckgespenst-europas-neue-grosse-troika-bahnt-sich-an\/#breadcrumb","itemListElement":[{"@type":"ListItem","position":1,"name":"Home","item":"https:\/\/now-news.de\/de\/"},{"@type":"ListItem","position":2,"name":"Geopolitisches Schreckgespenst Europas \u2013 neue gro\u00dfe Troika bahnt sich an"}]},{"@type":"WebSite","@id":"https:\/\/now-news.de\/de\/#website","url":"https:\/\/now-news.de\/de\/","name":"just-now.NEWS Deutschland","description":"Das Portal f\u00fcr unzensierte Nachrichten aus der Welt","publisher":{"@id":"https:\/\/now-news.de\/de\/#organization"},"potentialAction":[{"@type":"SearchAction","target":{"@type":"EntryPoint","urlTemplate":"https:\/\/now-news.de\/de\/?s={search_term_string}"},"query-input":"required name=search_term_string"}],"inLanguage":"de"},{"@type":"Organization","@id":"https:\/\/now-news.de\/de\/#organization","name":"Just Now News","url":"https:\/\/now-news.de\/de\/","logo":{"@type":"ImageObject","inLanguage":"de","@id":"https:\/\/now-news.de\/de\/#\/schema\/logo\/image\/","url":"http:\/\/just-now.news\/de\/wp-content\/uploads\/sites\/3\/2022\/04\/logo500x500.jpg","contentUrl":"http:\/\/just-now.news\/de\/wp-content\/uploads\/sites\/3\/2022\/04\/logo500x500.jpg","width":500,"height":500,"caption":"Just Now News"},"image":{"@id":"https:\/\/now-news.de\/de\/#\/schema\/logo\/image\/"},"sameAs":["https:\/\/www.facebook.com\/wirmachenauf","https:\/\/x.com\/WirMachenAuf_de"]},{"@type":"Person","@id":"https:\/\/now-news.de\/de\/#\/schema\/person\/fb534a4e865501d8b3285208df34a9b5","name":"rtnews","image":{"@type":"ImageObject","inLanguage":"de","@id":"https:\/\/now-news.de\/de\/#\/schema\/person\/image\/","url":"https:\/\/secure.gravatar.com\/avatar\/82aafea7d8127119dd649515f56e2117?s=96&d=mm&r=g","contentUrl":"https:\/\/secure.gravatar.com\/avatar\/82aafea7d8127119dd649515f56e2117?s=96&d=mm&r=g","caption":"rtnews"},"url":"https:\/\/now-news.de\/de\/author\/rnews\/"}]}},"_links":{"self":[{"href":"https:\/\/now-news.de\/de\/wp-json\/wp\/v2\/posts\/100831"}],"collection":[{"href":"https:\/\/now-news.de\/de\/wp-json\/wp\/v2\/posts"}],"about":[{"href":"https:\/\/now-news.de\/de\/wp-json\/wp\/v2\/types\/post"}],"author":[{"embeddable":true,"href":"https:\/\/now-news.de\/de\/wp-json\/wp\/v2\/users\/3"}],"replies":[{"embeddable":true,"href":"https:\/\/now-news.de\/de\/wp-json\/wp\/v2\/comments?post=100831"}],"version-history":[{"count":0,"href":"https:\/\/now-news.de\/de\/wp-json\/wp\/v2\/posts\/100831\/revisions"}],"wp:featuredmedia":[{"embeddable":true,"href":"https:\/\/now-news.de\/de\/wp-json\/wp\/v2\/media\/100832"}],"wp:attachment":[{"href":"https:\/\/now-news.de\/de\/wp-json\/wp\/v2\/media?parent=100831"}],"wp:term":[{"taxonomy":"category","embeddable":true,"href":"https:\/\/now-news.de\/de\/wp-json\/wp\/v2\/categories?post=100831"},{"taxonomy":"post_tag","embeddable":true,"href":"https:\/\/now-news.de\/de\/wp-json\/wp\/v2\/tags?post=100831"}],"curies":[{"name":"wp","href":"https:\/\/api.w.org\/{rel}","templated":true}]}}