{"id":100817,"date":"2026-03-25T21:47:40","date_gmt":"2026-03-25T19:47:40","guid":{"rendered":"https:\/\/now-news.de\/de\/deutschland\/erste-konsequenzen-aus-der-vergewaltigung-in-neukoellner-jugendzentrum\/"},"modified":"2026-03-25T21:47:40","modified_gmt":"2026-03-25T19:47:40","slug":"erste-konsequenzen-aus-der-vergewaltigung-in-neukoellner-jugendzentrum","status":"publish","type":"post","link":"https:\/\/now-news.de\/de\/deutschland\/erste-konsequenzen-aus-der-vergewaltigung-in-neukoellner-jugendzentrum\/","title":{"rendered":"Erste Konsequenzen aus der Vergewaltigung in Neuk\u00f6llner Jugendzentrum"},"content":{"rendered":"<p><img decoding=\"async\" src=\"https:\/\/now-news.de\/de\/wp-content\/uploads\/sites\/3\/2026\/03\/69c3e71148fbef19aa436cb1.jpg\" \/><\/p>\n<div class=\"Text-root Text-type_1 \">\n                Eine Anzeige wird verschleppt, um die T\u00e4ter zu sch\u00fctzen, die Jugendamtsleitung reagiert nicht, als sie davon erf\u00e4hrt, und die zust\u00e4ndige Jugendstadtr\u00e4tin h\u00e4lt das erst f\u00fcr einen Vorfall, als die Presse dar\u00fcber berichtet. Da ist etwas faul im Bezirk Neuk\u00f6lln.\n            <\/div>\n<p><\/p>\n<div class=\"Text-root Text-type_5 ArticleView-text ViewText-root \">\n<p>Inzwischen sind Belege daf\u00fcr aufgetaucht, dass und von wem die Polizei nicht \u00fcber die Vorf\u00e4lle im Jugendzentrum Wutzkyallee informiert wurde. Das Jugendzentrum teilt sich ein Geb\u00e4ude mit einem M\u00e4dchenzentrum namens MaDonna; dessen Mitarbeiterinnen haben eine eidesstattliche Versicherung dar\u00fcber abgelegt, dass sie die Kollegen des Jugendzentrums gedr\u00e4ngt h\u00e4tten, Anzeige zu erstatten.<\/p>\n<p>In der Erkl\u00e4rung hei\u00dft es weiter: &#8220;Die Sozialraumkoordinatorin sah von dieser ab, da sie eine Marginalisierung der T\u00e4tergruppe bef\u00fcrchtete. Sinngem\u00e4\u00df \u00e4u\u00dferte sie, dass die muslimischen Jungs bereits genug im Visier der Polizei seien und sie einen Generalverdacht verhindern m\u00f6chte.&#8221;<\/p>\n<p>Diese Aussage widerspricht deutlich dem, was die zust\u00e4ndige Jugendstadtr\u00e4tin Sarah Nagel behauptet hatte: &#8220;Es gab keinerlei Versuch, die Vorw\u00fcrfe zu vertuschen. Der Hintergrund der T\u00e4ter spielte zu keinem Zeitpunkt eine Rolle f\u00fcr den Umgang mit den Vorf\u00e4llen.&#8221;<\/p>\n<p>Das Jugendamt Neuk\u00f6lln ist kein eigenst\u00e4ndiges Amt, sondern Teil der Bezirksverwaltung. Die Jugendstadtr\u00e4tin \u00fcbt \u00fcber die Mitarbeiter die Dienst- und Fachaufsicht aus. Diese Fachaufsicht wurde, das zeigen die Vorf\u00e4lle, nicht ordnungsgem\u00e4\u00df ausge\u00fcbt\u00a0\u2013 zwischen dem Zeitpunkt, an dem Nagel von den Vorf\u00e4llen erfuhr, und einer Reaktion vergingen drei Wochen.<\/p>\n<p>Inzwischen wurde bekannt, dass eine Mitarbeiterin des Jugendamts versetzt wurde. Es d\u00fcrfte sich dabei wohl um die erw\u00e4hnte Sozialraumkoordinatorin handeln, die selbst beim Jugendzentrum Wutzkyallee angesiedelt ist, was nicht unproblematisch ist, wenn es um Fragen fachlicher Aufsicht geht. Dazu kommt, dass auch das Jugendzentrum nicht von einem freien Tr\u00e4ger, sondern ebenfalls von der Bezirksverwaltung Neuk\u00f6lln betrieben wird, was bedeutet, dass alle Mitarbeiter dieses Jugendzentrums st\u00e4dtische Angestellte sind. In diesem Fall hat die enge Verbindung der unterschiedlichen Teile miteinander das Problem sichtbar versch\u00e4rft.<\/p>\n<p>Das Jugendzentrum ist derzeit geschlossen. Nagel erkl\u00e4rte, das bleibe vermutlich bis zu den Sommerferien so. &#8220;Eine Wiederer\u00f6ffnung wird nur unter anderen Bedingungen und mit ver\u00e4ndertem p\u00e4dagogischem Konzept m\u00f6glich sein.&#8221;<\/p>\n<p>Gegen\u00fcber dem Neuk\u00f6llner Jugendausschuss hatte Nagel noch in der vergangenen Woche die Probleme heruntergespielt. Sie best\u00e4tigte zwar, dass die Vorgaben der Berliner Ausf\u00fchrungsvorschriften zum Kinderschutzverfahren nicht eingehalten und die Vorg\u00e4nge auch nicht vollst\u00e4ndig dokumentiert wurden, meinte aber, man k\u00f6nne &#8220;multiperspektivisch&#8221; auf den Aufkl\u00e4rungsprozess blicken. Es sollen Mitarbeiterschulungen zum Thema Kinderschutz stattfinden.<\/p>\n<p>Aber auch wenn inzwischen Disziplinarverfahren laufen und die Staatsanwaltschaft nicht nur zur Vergewaltigung, sondern auch zu den Vorg\u00e4ngen im Jugendamt ermittelt (es d\u00fcrfte zum Beispiel um Strafvereitelung im Amt gehen), ist ziemlich deutlich, dass Nagel selbst ebenfalls nicht so auf den Vorfall reagiert hat, wie sie als politisch Verantwortliche h\u00e4tte reagieren m\u00fcssen, wenn sie noch Wochen nach der ersten Information selbst nicht sagen kann, wo das Versagen in diesem Fall lag. Sie musste erst durch die Medien\u00f6ffentlichkeit zum Jagen getragen werden, obwohl sie als Dienstaufsicht sofort h\u00e4tte reagieren m\u00fcssen.<\/p>\n<p>Das Neuk\u00f6llner Bezirksparlament behandelt nun einen Abwahl-Antrag der CDU gegen Nagel; er wird aber erst im April zur Abstimmung kommen, und das auch nur, wenn SPD und Gr\u00fcne mit der CDU stimmen. Dass Frau Nagel die Konsequenz zieht, selbst zur\u00fcckzutreten, ist nach wie vor unwahrscheinlich.<\/p>\n<p><strong>Mehr zum Thema<\/strong>\u00a0\u2013\u00a0<a rel=\"nofollow\" target=\"_blank\" href=\"https:\/\/freedert.online\/meinung\/274461-virtuelle-vergewaltigung-und-stehn-im\/\">&#8220;Virtuelle Vergewaltigung&#8221;: Und die einen stehn im Dunkeln, und die andern stehn im Licht &#8230;<\/a><\/p>\n<div class=\"EmbedBlock-root EmbedBlock-externalVideo EmbedBlock-rumble\">\n<div class=\"VkEmbed\"><iframe class=\"lazyload\" data-src=\"https:\/\/rumble.com\/embed\/v7465v8\" frameborder=\"0\" width=\"853\" height=\"480\" allowfullscreen><\/iframe><\/div>\n<\/div>\n<\/div>\n<p><br \/>\n<br \/><a href=\"https:\/\/de.rt.com\/inland\/274736-neukoelln-erste-konsequenzen-aus-vergewaltigung\/\">Source link <\/a><\/p>\n","protected":false},"excerpt":{"rendered":"<p>Eine Anzeige wird verschleppt, um die T\u00e4ter zu sch\u00fctzen, die Jugendamtsleitung reagiert nicht, als sie davon erf\u00e4hrt, und die zust\u00e4ndige Jugendstadtr\u00e4tin h\u00e4lt das erst f\u00fcr einen Vorfall, als die Presse dar\u00fcber berichtet. Da ist etwas faul im Bezirk Neuk\u00f6lln. Inzwischen sind Belege daf\u00fcr aufgetaucht, dass und von wem die Polizei nicht \u00fcber die Vorf\u00e4lle im [&hellip;]<\/p>\n","protected":false},"author":3,"featured_media":100818,"comment_status":"open","ping_status":"open","sticky":false,"template":"","format":"standard","meta":{"_yoast_indexnow_last_ping":["1774468515"],"wp_automatic_camp":["217"],"b5363cf7e329372b268089addfb12379":["Erste Konsequenzen aus der Vergewaltigung in Neuk\u00f6llner Jugendzentrum"],"original_link":["https:\/\/de.rt.com\/inland\/274736-neukoelln-erste-konsequenzen-aus-vergewaltigung\/"],"_thumbnail_id":["100818"],"jnews_social_counter_last_update":["1777192918"],"_wptgpro_p2tg_sent2tg":["a:1:{i:23737;s:19:\"2026-03-25 21:56:05\";}"]},"categories":[19,23],"tags":[679,82,274,71749,11246,38545,20075],"yoast_head":"<!-- This site is optimized with the Yoast SEO Premium plugin v22.7 (Yoast SEO v22.7) - https:\/\/yoast.com\/wordpress\/plugins\/seo\/ -->\n<title>Erste Konsequenzen aus der Vergewaltigung in Neuk\u00f6llner Jugendzentrum - just-now.NEWS Deutschland<\/title>\n<meta name=\"robots\" content=\"index, follow, max-snippet:-1, max-image-preview:large, max-video-preview:-1\" \/>\n<link rel=\"canonical\" href=\"https:\/\/now-news.de\/de\/deutschland\/erste-konsequenzen-aus-der-vergewaltigung-in-neukoellner-jugendzentrum\/\" \/>\n<meta property=\"og:locale\" content=\"de_DE\" \/>\n<meta property=\"og:type\" content=\"article\" \/>\n<meta property=\"og:title\" content=\"Erste Konsequenzen aus der Vergewaltigung in Neuk\u00f6llner Jugendzentrum\" \/>\n<meta property=\"og:description\" content=\"Eine Anzeige wird verschleppt, um die T\u00e4ter zu sch\u00fctzen, die Jugendamtsleitung reagiert nicht, als sie davon erf\u00e4hrt, und die zust\u00e4ndige Jugendstadtr\u00e4tin h\u00e4lt das erst f\u00fcr einen Vorfall, als die Presse dar\u00fcber berichtet. Da ist etwas faul im Bezirk Neuk\u00f6lln. Inzwischen sind Belege daf\u00fcr aufgetaucht, dass und von wem die Polizei nicht \u00fcber die Vorf\u00e4lle im [&hellip;]\" \/>\n<meta property=\"og:url\" content=\"https:\/\/now-news.de\/de\/deutschland\/erste-konsequenzen-aus-der-vergewaltigung-in-neukoellner-jugendzentrum\/\" \/>\n<meta property=\"og:site_name\" content=\"just-now.NEWS Deutschland\" \/>\n<meta property=\"article:publisher\" content=\"https:\/\/www.facebook.com\/wirmachenauf\" \/>\n<meta property=\"article:published_time\" content=\"2026-03-25T19:47:40+00:00\" \/>\n<meta property=\"og:image\" content=\"https:\/\/now-news.de\/de\/wp-content\/uploads\/sites\/3\/2026\/03\/69c3e71148fbef19aa436cb1.jpg\" \/>\n<meta name=\"author\" content=\"rtnews\" \/>\n<meta name=\"twitter:card\" content=\"summary_large_image\" \/>\n<meta name=\"twitter:creator\" content=\"@WirMachenAuf_de\" \/>\n<meta name=\"twitter:site\" content=\"@WirMachenAuf_de\" \/>\n<meta name=\"twitter:label1\" content=\"Verfasst von\" \/>\n\t<meta name=\"twitter:data1\" content=\"rtnews\" \/>\n\t<meta name=\"twitter:label2\" content=\"Gesch\u00e4tzte Lesezeit\" \/>\n\t<meta name=\"twitter:data2\" content=\"3\u00a0Minuten\" \/>\n<script type=\"application\/ld+json\" class=\"yoast-schema-graph\">{\"@context\":\"https:\/\/schema.org\",\"@graph\":[{\"@type\":\"Article\",\"@id\":\"https:\/\/now-news.de\/de\/deutschland\/erste-konsequenzen-aus-der-vergewaltigung-in-neukoellner-jugendzentrum\/#article\",\"isPartOf\":{\"@id\":\"https:\/\/now-news.de\/de\/deutschland\/erste-konsequenzen-aus-der-vergewaltigung-in-neukoellner-jugendzentrum\/\"},\"author\":{\"name\":\"rtnews\",\"@id\":\"https:\/\/now-news.de\/de\/#\/schema\/person\/fb534a4e865501d8b3285208df34a9b5\"},\"headline\":\"Erste Konsequenzen aus der Vergewaltigung in Neuk\u00f6llner Jugendzentrum\",\"datePublished\":\"2026-03-25T19:47:40+00:00\",\"dateModified\":\"2026-03-25T19:47:40+00:00\",\"mainEntityOfPage\":{\"@id\":\"https:\/\/now-news.de\/de\/deutschland\/erste-konsequenzen-aus-der-vergewaltigung-in-neukoellner-jugendzentrum\/\"},\"wordCount\":601,\"commentCount\":0,\"publisher\":{\"@id\":\"https:\/\/now-news.de\/de\/#organization\"},\"image\":{\"@id\":\"https:\/\/now-news.de\/de\/deutschland\/erste-konsequenzen-aus-der-vergewaltigung-in-neukoellner-jugendzentrum\/#primaryimage\"},\"thumbnailUrl\":\"https:\/\/now-news.de\/de\/wp-content\/uploads\/sites\/3\/2026\/03\/Erste-Konsequenzen-aus-der-Vergewaltigung-in-Neukoellner-Jugendzentrum.jpg\",\"keywords\":[\"aus\",\"der\",\"Erste\",\"Jugendzentrum\",\"Konsequenzen\",\"Neuk\u00f6llner\",\"Vergewaltigung\"],\"articleSection\":[\"Deutschland\",\"Russland\"],\"inLanguage\":\"de\",\"potentialAction\":[{\"@type\":\"CommentAction\",\"name\":\"Comment\",\"target\":[\"https:\/\/now-news.de\/de\/deutschland\/erste-konsequenzen-aus-der-vergewaltigung-in-neukoellner-jugendzentrum\/#respond\"]}]},{\"@type\":\"WebPage\",\"@id\":\"https:\/\/now-news.de\/de\/deutschland\/erste-konsequenzen-aus-der-vergewaltigung-in-neukoellner-jugendzentrum\/\",\"url\":\"https:\/\/now-news.de\/de\/deutschland\/erste-konsequenzen-aus-der-vergewaltigung-in-neukoellner-jugendzentrum\/\",\"name\":\"Erste Konsequenzen aus der Vergewaltigung in Neuk\u00f6llner Jugendzentrum - just-now.NEWS Deutschland\",\"isPartOf\":{\"@id\":\"https:\/\/now-news.de\/de\/#website\"},\"primaryImageOfPage\":{\"@id\":\"https:\/\/now-news.de\/de\/deutschland\/erste-konsequenzen-aus-der-vergewaltigung-in-neukoellner-jugendzentrum\/#primaryimage\"},\"image\":{\"@id\":\"https:\/\/now-news.de\/de\/deutschland\/erste-konsequenzen-aus-der-vergewaltigung-in-neukoellner-jugendzentrum\/#primaryimage\"},\"thumbnailUrl\":\"https:\/\/now-news.de\/de\/wp-content\/uploads\/sites\/3\/2026\/03\/Erste-Konsequenzen-aus-der-Vergewaltigung-in-Neukoellner-Jugendzentrum.jpg\",\"datePublished\":\"2026-03-25T19:47:40+00:00\",\"dateModified\":\"2026-03-25T19:47:40+00:00\",\"breadcrumb\":{\"@id\":\"https:\/\/now-news.de\/de\/deutschland\/erste-konsequenzen-aus-der-vergewaltigung-in-neukoellner-jugendzentrum\/#breadcrumb\"},\"inLanguage\":\"de\",\"potentialAction\":[{\"@type\":\"ReadAction\",\"target\":[\"https:\/\/now-news.de\/de\/deutschland\/erste-konsequenzen-aus-der-vergewaltigung-in-neukoellner-jugendzentrum\/\"]}]},{\"@type\":\"ImageObject\",\"inLanguage\":\"de\",\"@id\":\"https:\/\/now-news.de\/de\/deutschland\/erste-konsequenzen-aus-der-vergewaltigung-in-neukoellner-jugendzentrum\/#primaryimage\",\"url\":\"https:\/\/now-news.de\/de\/wp-content\/uploads\/sites\/3\/2026\/03\/Erste-Konsequenzen-aus-der-Vergewaltigung-in-Neukoellner-Jugendzentrum.jpg\",\"contentUrl\":\"https:\/\/now-news.de\/de\/wp-content\/uploads\/sites\/3\/2026\/03\/Erste-Konsequenzen-aus-der-Vergewaltigung-in-Neukoellner-Jugendzentrum.jpg\",\"width\":460,\"height\":259,\"caption\":\"Erste Konsequenzen aus der Vergewaltigung in Neuk\u00f6llner Jugendzentrum\"},{\"@type\":\"BreadcrumbList\",\"@id\":\"https:\/\/now-news.de\/de\/deutschland\/erste-konsequenzen-aus-der-vergewaltigung-in-neukoellner-jugendzentrum\/#breadcrumb\",\"itemListElement\":[{\"@type\":\"ListItem\",\"position\":1,\"name\":\"Home\",\"item\":\"https:\/\/now-news.de\/de\/\"},{\"@type\":\"ListItem\",\"position\":2,\"name\":\"Erste Konsequenzen aus der Vergewaltigung in Neuk\u00f6llner Jugendzentrum\"}]},{\"@type\":\"WebSite\",\"@id\":\"https:\/\/now-news.de\/de\/#website\",\"url\":\"https:\/\/now-news.de\/de\/\",\"name\":\"just-now.NEWS Deutschland\",\"description\":\"Das Portal f\u00fcr unzensierte Nachrichten aus der Welt\",\"publisher\":{\"@id\":\"https:\/\/now-news.de\/de\/#organization\"},\"potentialAction\":[{\"@type\":\"SearchAction\",\"target\":{\"@type\":\"EntryPoint\",\"urlTemplate\":\"https:\/\/now-news.de\/de\/?s={search_term_string}\"},\"query-input\":\"required name=search_term_string\"}],\"inLanguage\":\"de\"},{\"@type\":\"Organization\",\"@id\":\"https:\/\/now-news.de\/de\/#organization\",\"name\":\"Just Now News\",\"url\":\"https:\/\/now-news.de\/de\/\",\"logo\":{\"@type\":\"ImageObject\",\"inLanguage\":\"de\",\"@id\":\"https:\/\/now-news.de\/de\/#\/schema\/logo\/image\/\",\"url\":\"http:\/\/just-now.news\/de\/wp-content\/uploads\/sites\/3\/2022\/04\/logo500x500.jpg\",\"contentUrl\":\"http:\/\/just-now.news\/de\/wp-content\/uploads\/sites\/3\/2022\/04\/logo500x500.jpg\",\"width\":500,\"height\":500,\"caption\":\"Just Now News\"},\"image\":{\"@id\":\"https:\/\/now-news.de\/de\/#\/schema\/logo\/image\/\"},\"sameAs\":[\"https:\/\/www.facebook.com\/wirmachenauf\",\"https:\/\/x.com\/WirMachenAuf_de\"]},{\"@type\":\"Person\",\"@id\":\"https:\/\/now-news.de\/de\/#\/schema\/person\/fb534a4e865501d8b3285208df34a9b5\",\"name\":\"rtnews\",\"image\":{\"@type\":\"ImageObject\",\"inLanguage\":\"de\",\"@id\":\"https:\/\/now-news.de\/de\/#\/schema\/person\/image\/\",\"url\":\"https:\/\/secure.gravatar.com\/avatar\/82aafea7d8127119dd649515f56e2117?s=96&d=mm&r=g\",\"contentUrl\":\"https:\/\/secure.gravatar.com\/avatar\/82aafea7d8127119dd649515f56e2117?s=96&d=mm&r=g\",\"caption\":\"rtnews\"},\"url\":\"https:\/\/now-news.de\/de\/author\/rnews\/\"}]}<\/script>\n<!-- \/ Yoast SEO Premium plugin. -->","yoast_head_json":{"title":"Erste Konsequenzen aus der Vergewaltigung in Neuk\u00f6llner Jugendzentrum - just-now.NEWS Deutschland","robots":{"index":"index","follow":"follow","max-snippet":"max-snippet:-1","max-image-preview":"max-image-preview:large","max-video-preview":"max-video-preview:-1"},"canonical":"https:\/\/now-news.de\/de\/deutschland\/erste-konsequenzen-aus-der-vergewaltigung-in-neukoellner-jugendzentrum\/","og_locale":"de_DE","og_type":"article","og_title":"Erste Konsequenzen aus der Vergewaltigung in Neuk\u00f6llner Jugendzentrum","og_description":"Eine Anzeige wird verschleppt, um die T\u00e4ter zu sch\u00fctzen, die Jugendamtsleitung reagiert nicht, als sie davon erf\u00e4hrt, und die zust\u00e4ndige Jugendstadtr\u00e4tin h\u00e4lt das erst f\u00fcr einen Vorfall, als die Presse dar\u00fcber berichtet. Da ist etwas faul im Bezirk Neuk\u00f6lln. Inzwischen sind Belege daf\u00fcr aufgetaucht, dass und von wem die Polizei nicht \u00fcber die Vorf\u00e4lle im [&hellip;]","og_url":"https:\/\/now-news.de\/de\/deutschland\/erste-konsequenzen-aus-der-vergewaltigung-in-neukoellner-jugendzentrum\/","og_site_name":"just-now.NEWS Deutschland","article_publisher":"https:\/\/www.facebook.com\/wirmachenauf","article_published_time":"2026-03-25T19:47:40+00:00","og_image":[{"url":"https:\/\/now-news.de\/de\/wp-content\/uploads\/sites\/3\/2026\/03\/69c3e71148fbef19aa436cb1.jpg"}],"author":"rtnews","twitter_card":"summary_large_image","twitter_creator":"@WirMachenAuf_de","twitter_site":"@WirMachenAuf_de","twitter_misc":{"Verfasst von":"rtnews","Gesch\u00e4tzte Lesezeit":"3\u00a0Minuten"},"schema":{"@context":"https:\/\/schema.org","@graph":[{"@type":"Article","@id":"https:\/\/now-news.de\/de\/deutschland\/erste-konsequenzen-aus-der-vergewaltigung-in-neukoellner-jugendzentrum\/#article","isPartOf":{"@id":"https:\/\/now-news.de\/de\/deutschland\/erste-konsequenzen-aus-der-vergewaltigung-in-neukoellner-jugendzentrum\/"},"author":{"name":"rtnews","@id":"https:\/\/now-news.de\/de\/#\/schema\/person\/fb534a4e865501d8b3285208df34a9b5"},"headline":"Erste Konsequenzen aus der Vergewaltigung in Neuk\u00f6llner Jugendzentrum","datePublished":"2026-03-25T19:47:40+00:00","dateModified":"2026-03-25T19:47:40+00:00","mainEntityOfPage":{"@id":"https:\/\/now-news.de\/de\/deutschland\/erste-konsequenzen-aus-der-vergewaltigung-in-neukoellner-jugendzentrum\/"},"wordCount":601,"commentCount":0,"publisher":{"@id":"https:\/\/now-news.de\/de\/#organization"},"image":{"@id":"https:\/\/now-news.de\/de\/deutschland\/erste-konsequenzen-aus-der-vergewaltigung-in-neukoellner-jugendzentrum\/#primaryimage"},"thumbnailUrl":"https:\/\/now-news.de\/de\/wp-content\/uploads\/sites\/3\/2026\/03\/Erste-Konsequenzen-aus-der-Vergewaltigung-in-Neukoellner-Jugendzentrum.jpg","keywords":["aus","der","Erste","Jugendzentrum","Konsequenzen","Neuk\u00f6llner","Vergewaltigung"],"articleSection":["Deutschland","Russland"],"inLanguage":"de","potentialAction":[{"@type":"CommentAction","name":"Comment","target":["https:\/\/now-news.de\/de\/deutschland\/erste-konsequenzen-aus-der-vergewaltigung-in-neukoellner-jugendzentrum\/#respond"]}]},{"@type":"WebPage","@id":"https:\/\/now-news.de\/de\/deutschland\/erste-konsequenzen-aus-der-vergewaltigung-in-neukoellner-jugendzentrum\/","url":"https:\/\/now-news.de\/de\/deutschland\/erste-konsequenzen-aus-der-vergewaltigung-in-neukoellner-jugendzentrum\/","name":"Erste Konsequenzen aus der Vergewaltigung in Neuk\u00f6llner Jugendzentrum - just-now.NEWS Deutschland","isPartOf":{"@id":"https:\/\/now-news.de\/de\/#website"},"primaryImageOfPage":{"@id":"https:\/\/now-news.de\/de\/deutschland\/erste-konsequenzen-aus-der-vergewaltigung-in-neukoellner-jugendzentrum\/#primaryimage"},"image":{"@id":"https:\/\/now-news.de\/de\/deutschland\/erste-konsequenzen-aus-der-vergewaltigung-in-neukoellner-jugendzentrum\/#primaryimage"},"thumbnailUrl":"https:\/\/now-news.de\/de\/wp-content\/uploads\/sites\/3\/2026\/03\/Erste-Konsequenzen-aus-der-Vergewaltigung-in-Neukoellner-Jugendzentrum.jpg","datePublished":"2026-03-25T19:47:40+00:00","dateModified":"2026-03-25T19:47:40+00:00","breadcrumb":{"@id":"https:\/\/now-news.de\/de\/deutschland\/erste-konsequenzen-aus-der-vergewaltigung-in-neukoellner-jugendzentrum\/#breadcrumb"},"inLanguage":"de","potentialAction":[{"@type":"ReadAction","target":["https:\/\/now-news.de\/de\/deutschland\/erste-konsequenzen-aus-der-vergewaltigung-in-neukoellner-jugendzentrum\/"]}]},{"@type":"ImageObject","inLanguage":"de","@id":"https:\/\/now-news.de\/de\/deutschland\/erste-konsequenzen-aus-der-vergewaltigung-in-neukoellner-jugendzentrum\/#primaryimage","url":"https:\/\/now-news.de\/de\/wp-content\/uploads\/sites\/3\/2026\/03\/Erste-Konsequenzen-aus-der-Vergewaltigung-in-Neukoellner-Jugendzentrum.jpg","contentUrl":"https:\/\/now-news.de\/de\/wp-content\/uploads\/sites\/3\/2026\/03\/Erste-Konsequenzen-aus-der-Vergewaltigung-in-Neukoellner-Jugendzentrum.jpg","width":460,"height":259,"caption":"Erste Konsequenzen aus der Vergewaltigung in Neuk\u00f6llner Jugendzentrum"},{"@type":"BreadcrumbList","@id":"https:\/\/now-news.de\/de\/deutschland\/erste-konsequenzen-aus-der-vergewaltigung-in-neukoellner-jugendzentrum\/#breadcrumb","itemListElement":[{"@type":"ListItem","position":1,"name":"Home","item":"https:\/\/now-news.de\/de\/"},{"@type":"ListItem","position":2,"name":"Erste Konsequenzen aus der Vergewaltigung in Neuk\u00f6llner Jugendzentrum"}]},{"@type":"WebSite","@id":"https:\/\/now-news.de\/de\/#website","url":"https:\/\/now-news.de\/de\/","name":"just-now.NEWS Deutschland","description":"Das Portal f\u00fcr unzensierte Nachrichten aus der Welt","publisher":{"@id":"https:\/\/now-news.de\/de\/#organization"},"potentialAction":[{"@type":"SearchAction","target":{"@type":"EntryPoint","urlTemplate":"https:\/\/now-news.de\/de\/?s={search_term_string}"},"query-input":"required name=search_term_string"}],"inLanguage":"de"},{"@type":"Organization","@id":"https:\/\/now-news.de\/de\/#organization","name":"Just Now News","url":"https:\/\/now-news.de\/de\/","logo":{"@type":"ImageObject","inLanguage":"de","@id":"https:\/\/now-news.de\/de\/#\/schema\/logo\/image\/","url":"http:\/\/just-now.news\/de\/wp-content\/uploads\/sites\/3\/2022\/04\/logo500x500.jpg","contentUrl":"http:\/\/just-now.news\/de\/wp-content\/uploads\/sites\/3\/2022\/04\/logo500x500.jpg","width":500,"height":500,"caption":"Just Now News"},"image":{"@id":"https:\/\/now-news.de\/de\/#\/schema\/logo\/image\/"},"sameAs":["https:\/\/www.facebook.com\/wirmachenauf","https:\/\/x.com\/WirMachenAuf_de"]},{"@type":"Person","@id":"https:\/\/now-news.de\/de\/#\/schema\/person\/fb534a4e865501d8b3285208df34a9b5","name":"rtnews","image":{"@type":"ImageObject","inLanguage":"de","@id":"https:\/\/now-news.de\/de\/#\/schema\/person\/image\/","url":"https:\/\/secure.gravatar.com\/avatar\/82aafea7d8127119dd649515f56e2117?s=96&d=mm&r=g","contentUrl":"https:\/\/secure.gravatar.com\/avatar\/82aafea7d8127119dd649515f56e2117?s=96&d=mm&r=g","caption":"rtnews"},"url":"https:\/\/now-news.de\/de\/author\/rnews\/"}]}},"_links":{"self":[{"href":"https:\/\/now-news.de\/de\/wp-json\/wp\/v2\/posts\/100817"}],"collection":[{"href":"https:\/\/now-news.de\/de\/wp-json\/wp\/v2\/posts"}],"about":[{"href":"https:\/\/now-news.de\/de\/wp-json\/wp\/v2\/types\/post"}],"author":[{"embeddable":true,"href":"https:\/\/now-news.de\/de\/wp-json\/wp\/v2\/users\/3"}],"replies":[{"embeddable":true,"href":"https:\/\/now-news.de\/de\/wp-json\/wp\/v2\/comments?post=100817"}],"version-history":[{"count":0,"href":"https:\/\/now-news.de\/de\/wp-json\/wp\/v2\/posts\/100817\/revisions"}],"wp:featuredmedia":[{"embeddable":true,"href":"https:\/\/now-news.de\/de\/wp-json\/wp\/v2\/media\/100818"}],"wp:attachment":[{"href":"https:\/\/now-news.de\/de\/wp-json\/wp\/v2\/media?parent=100817"}],"wp:term":[{"taxonomy":"category","embeddable":true,"href":"https:\/\/now-news.de\/de\/wp-json\/wp\/v2\/categories?post=100817"},{"taxonomy":"post_tag","embeddable":true,"href":"https:\/\/now-news.de\/de\/wp-json\/wp\/v2\/tags?post=100817"}],"curies":[{"name":"wp","href":"https:\/\/api.w.org\/{rel}","templated":true}]}}