{"id":100813,"date":"2026-03-25T20:45:53","date_gmt":"2026-03-25T18:45:53","guid":{"rendered":"https:\/\/now-news.de\/de\/deutschland\/spd-neustart-klingbeil-will-steuerreform-und-ende-des-ehegattensplittings\/"},"modified":"2026-03-25T20:45:53","modified_gmt":"2026-03-25T18:45:53","slug":"spd-neustart-klingbeil-will-steuerreform-und-ende-des-ehegattensplittings","status":"publish","type":"post","link":"https:\/\/now-news.de\/de\/deutschland\/spd-neustart-klingbeil-will-steuerreform-und-ende-des-ehegattensplittings\/","title":{"rendered":"SPD-Neustart: Klingbeil will Steuerreform und Ende des Ehegattensplittings"},"content":{"rendered":"<p><img decoding=\"async\" src=\"https:\/\/now-news.de\/de\/wp-content\/uploads\/sites\/3\/2026\/03\/69c40518b480cc64770d328b.jpg\" \/><\/p>\n<div class=\"Text-root Text-type_1 \">\n                Politologen erwarteten als Reaktion auf die Landtagswahl in Rheinland-Pfalz, die als Schlappe f\u00fcr die SPD gesehen wird, von Lars Klingbeil in seiner Doppelfunktion als SPD-Vorsitzender und Bundesfinanzminister einen &#8220;gro\u00dfen Wurf&#8221;. Am Mittwoch hat er seine Politikvorstellungen in einer Rede vor der Bertelsmann-Stiftung vorgestellt.\n            <\/div>\n<p><\/p>\n<div class=\"Text-root Text-type_5 ArticleView-text ViewText-root \">\n<p>In einer Rede bei der Bertelsmann-Stiftung am Mittwoch in Berlin hat\u00a0der SPD-Vorsitzende, Bundesfinanzminister und Vizekanzler Lars Klingbeil zahlreiche Reformvorhaben im deutschen Steuer- und Sozialsystem gefordert.<\/p>\n<p>Die Reformen will er in einer &#8220;Allianz f\u00fcr Arbeit und Innovation&#8221; gemeinsam mit den Gewerkschaften, Arbeitgebern und der Wissenschaft voranbringen. Leitidee der Reformen laut Klingbeil:<\/p>\n<p><em>&#8220;Wir werden als Gesellschaft insgesamt mehr arbeiten m\u00fcssen.&#8221;<\/em><\/p>\n<p>Diejenigen, &#8220;die wirklich was leisten&#8221;, wolle man zugleich steuerlich entlasten. Er wolle ein System schaffen, &#8220;in dem sich Leistungsbereitschaft auszahlt, in dem es sich lohnt, mehr zu arbeiten&#8221;, sagte Klingbeil. &#8220;Fehlanreize bei den Sozialleistungen&#8221; m\u00fcssten weg, es brauche deshalb die Reform der Transferentzugsraten.<\/p>\n<p>Im Steuersystem k\u00fcndigte Klingbeil eine Reform der Einkommenssteuer an mit dem Ziel, &#8220;95 Prozent der Besch\u00e4ftigten zu entlasten&#8221;. Pro Jahr sollen dadurch &#8220;einige hundert Euro&#8221; bei jedem mehr verbleiben als bislang.\u00a0Hohe Einkommen sollen hingegen mehr leisten m\u00fcssen.<\/p>\n<p>Das Ehegattensplitting in seiner heutigen Form bezeichnete Klingbeil als &#8220;Fehlanreiz und Teilzeitfalle f\u00fcr Ehefrauen&#8221;, er will es f\u00fcr zuk\u00fcnftige Ehen abschaffen. Eine Reform k\u00f6nne zur Besetzung von zehntausenden Vollzeitstellen f\u00fchren, meint er.<\/p>\n<p>In diesem Zusammenhang zeigt sich der SPD-Chef\u00a0offen f\u00fcr einen umstrittenen Vorschlag von Gesundheitsministerin Nina Warken (CDU), die beitragsfreie Mitversicherung von Ehepartnern abzuschaffen. &#8220;Das werden wir uns ganz genau anschauen&#8221;, so Klingbeil dazu.<\/p>\n<p>Sp\u00e4ter in seiner Rede forderte Klingbeil zudem eine Reform der Erbschaftssteuer, um gro\u00dfe Erbschaften st\u00e4rker zu belasten, und die Einf\u00fchrung einer Digitalsteuer. Auf Ger\u00fcchte \u00fcber eine angeblich geplante Mehrwertsteuererh\u00f6hung ging der Finanzminister hingegen nicht ein.<\/p>\n<p>Bei der Rente fordert der SPD-Vorsitzende, &#8220;sich viel st\u00e4rker an den Beitragsjahren zu orientieren&#8221;.\u00a0Er k\u00fcndigt eine Reform der privaten Altersvorsorge und eine Fr\u00fchstartrente an. Au\u00dferdem wirbt er f\u00fcr die Einf\u00fchrung einer &#8220;verpflichtenden, kapitalgedeckten Betriebsrente, f\u00fcr die Arbeitgeber und Arbeitnehmer ihren Beitrag leisten.&#8221; Auf deutschen Sparkonten w\u00fcrden 3.600 Milliarden Euro liegen, die f\u00fcr die Altersvorsorge &#8220;mobilisiert&#8221; werden m\u00fcssten.<\/p>\n<p>Von der Wirtschaft w\u00fcnscht Klingbeil sich &#8220;Standortpatriotismus&#8221;:<\/p>\n<p><em>&#8220;Ich w\u00fcrde mir w\u00fcnschen, dass in den Vorst\u00e4nden wieder mehr an Heimat und Mitarbeiterinnen, als an Marge gedacht wird.&#8221;<\/em><\/p>\n<p>Mit gezielten Z\u00f6llen will er die Wettbewerbsf\u00e4higkeit der heimischen Wirtschaft sch\u00fctzen und &#8220;mehr China wagen.&#8221; Insbesondere im Energiebereich soll der Staat h\u00e4ufiger als Investor auftreten und fordert einen &#8220;klaren Kurs in der Energiepolitik&#8221;:<\/p>\n<p><em>&#8220;Mehr Wind und Solar, der Aufbau von Stromspeichern, die Modernisierung unserer Netze.&#8221;<\/em><\/p>\n<p>Als Reaktion auf den Iran-Krieg und die steigenden Spritpreise k\u00fcndigt der Finanzminister drei Ma\u00dfnahmen an:<\/p>\n<p><em>&#8220;Erstens sollten wir die\u00a0\u00dcbergewinne der Energiekonzerne absch\u00f6pfen.\u00a0Zweitens werbe ich f\u00fcr\u00a0verbindliche Preisgrenzen, die vorgegeben werden. Unsere Nachbarl\u00e4nder, zum Beispiel Luxemburg, machen vor, wie das geht. Drittens will ich\u00a0gezielt abgesch\u00f6pfte Gewinne an die B\u00fcrgerinnen und B\u00fcrger zur\u00fcckgeben\u00a0\u2013 etwa durch Entlastungen bei den Mobilit\u00e4tskosten oder durch eine\u00a0befristete Senkung der Energiesteuer.&#8221;<\/em><\/p>\n<p>Zum Abschluss der Rede ging Klingbeil auf die steigenden Mietkosten ein.\u00a0Er schlage zuerst die &#8220;Gr\u00fcndung einer staatlichen Wohnungsbaugesellschaft&#8221; vor. In gro\u00dfen St\u00e4dten brauche es &#8220;eine Sch\u00e4rfung des Mietrechts und eine wirksame Begrenzung der Mietpreise&#8221;, womit ein Ausbau der Mietpreisbremse gemeint sein d\u00fcrfte.<\/p>\n<p>Politologen erwarteten als Reaktion auf die Landtagswahl in Rheinland-Pfalz, die als Schlappe f\u00fcr die SPD gesehen wird, von Lars Klingbeil in seiner Doppelfunktion als SPD-Vorsitzender und Bundesfinanzminister einen &#8220;gro\u00dfen Wurf&#8221; und eine &#8220;Flucht nach vorn&#8221;. Ob es ihm mit der Rede bei der Bertelsmann-Stiftung gelungen ist, den hohen Erwartungen gerecht zu werden und sozialdemokratische W\u00e4hler zu \u00fcberzeugen, bleibt abzuwarten. Ebenso, ob es Klingbeil gelingen wird, seine Forderungen in der Regierungskoalition mit CDU und CSU umzusetzen.<\/p>\n<p><strong>Mehr zum Thema &#8211;<\/strong>\u00a0<a rel=\"nofollow\" target=\"_blank\" href=\"https:\/\/freedert.online\/meinung\/274588-spd-niedergang-der-krug-geht-zum-brunnen-bis-er-bricht\/\" target=\"_blank\" rel=\"noopener noreferrer\">SPD-Niedergang: Der Krug geht zum Brunnen, bis er bricht<\/a><\/p>\n<div class=\"EmbedBlock-root EmbedBlock-externalVideo EmbedBlock-rumble\">\n<div class=\"VkEmbed\"><iframe class=\"lazyload\" data-src=\"https:\/\/rumble.com\/embed\/v75dz94\" frameborder=\"0\" width=\"853\" height=\"480\" allowfullscreen><\/iframe><\/div>\n<\/div>\n<\/div>\n<p><br \/>\n<br \/><a href=\"https:\/\/de.rt.com\/inland\/274748-klingbeil-will-steuerreform-und-ende\/\">Source link <\/a><\/p>\n","protected":false},"excerpt":{"rendered":"<p>Politologen erwarteten als Reaktion auf die Landtagswahl in Rheinland-Pfalz, die als Schlappe f\u00fcr die SPD gesehen wird, von Lars Klingbeil in seiner Doppelfunktion als SPD-Vorsitzender und Bundesfinanzminister einen &#8220;gro\u00dfen Wurf&#8221;. Am Mittwoch hat er seine Politikvorstellungen in einer Rede vor der Bertelsmann-Stiftung vorgestellt. In einer Rede bei der Bertelsmann-Stiftung am Mittwoch in Berlin hat\u00a0der SPD-Vorsitzende, [&hellip;]<\/p>\n","protected":false},"author":3,"featured_media":100814,"comment_status":"open","ping_status":"open","sticky":false,"template":"","format":"standard","meta":{"_yoast_indexnow_last_ping":["1774464667"],"wp_automatic_camp":["217"],"ad6ddebcc7ab6b8ca949af30e97025aa":["SPD-Neustart: Klingbeil will Steuerreform und Ende des Ehegattensplittings"],"original_link":["https:\/\/de.rt.com\/inland\/274748-klingbeil-will-steuerreform-und-ende\/"],"_thumbnail_id":["100814"],"jnews_social_counter_last_update":["1777442175"],"_wptgpro_p2tg_sent2tg":["a:1:{i:23737;s:19:\"2026-03-25 20:52:04\";}"]},"categories":[19,23],"tags":[583,72003,5375,18061,72002,55291,140],"yoast_head":"<!-- This site is optimized with the Yoast SEO Premium plugin v22.7 (Yoast SEO v22.7) - https:\/\/yoast.com\/wordpress\/plugins\/seo\/ -->\n<title>SPD-Neustart: Klingbeil will Steuerreform und Ende des Ehegattensplittings - just-now.NEWS Deutschland<\/title>\n<meta name=\"robots\" content=\"index, follow, max-snippet:-1, max-image-preview:large, max-video-preview:-1\" \/>\n<link rel=\"canonical\" href=\"https:\/\/now-news.de\/de\/deutschland\/spd-neustart-klingbeil-will-steuerreform-und-ende-des-ehegattensplittings\/\" \/>\n<meta property=\"og:locale\" content=\"de_DE\" \/>\n<meta property=\"og:type\" content=\"article\" \/>\n<meta property=\"og:title\" content=\"SPD-Neustart: Klingbeil will Steuerreform und Ende des Ehegattensplittings\" \/>\n<meta property=\"og:description\" content=\"Politologen erwarteten als Reaktion auf die Landtagswahl in Rheinland-Pfalz, die als Schlappe f\u00fcr die SPD gesehen wird, von Lars Klingbeil in seiner Doppelfunktion als SPD-Vorsitzender und Bundesfinanzminister einen &#8220;gro\u00dfen Wurf&#8221;. Am Mittwoch hat er seine Politikvorstellungen in einer Rede vor der Bertelsmann-Stiftung vorgestellt. In einer Rede bei der Bertelsmann-Stiftung am Mittwoch in Berlin hat\u00a0der SPD-Vorsitzende, [&hellip;]\" \/>\n<meta property=\"og:url\" content=\"https:\/\/now-news.de\/de\/deutschland\/spd-neustart-klingbeil-will-steuerreform-und-ende-des-ehegattensplittings\/\" \/>\n<meta property=\"og:site_name\" content=\"just-now.NEWS Deutschland\" \/>\n<meta property=\"article:publisher\" content=\"https:\/\/www.facebook.com\/wirmachenauf\" \/>\n<meta property=\"article:published_time\" content=\"2026-03-25T18:45:53+00:00\" \/>\n<meta property=\"og:image\" content=\"https:\/\/now-news.de\/de\/wp-content\/uploads\/sites\/3\/2026\/03\/69c40518b480cc64770d328b.jpg\" \/>\n<meta name=\"author\" content=\"rtnews\" \/>\n<meta name=\"twitter:card\" content=\"summary_large_image\" \/>\n<meta name=\"twitter:creator\" content=\"@WirMachenAuf_de\" \/>\n<meta name=\"twitter:site\" content=\"@WirMachenAuf_de\" \/>\n<meta name=\"twitter:label1\" content=\"Verfasst von\" \/>\n\t<meta name=\"twitter:data1\" content=\"rtnews\" \/>\n\t<meta name=\"twitter:label2\" content=\"Gesch\u00e4tzte Lesezeit\" \/>\n\t<meta name=\"twitter:data2\" content=\"3\u00a0Minuten\" \/>\n<script type=\"application\/ld+json\" class=\"yoast-schema-graph\">{\"@context\":\"https:\/\/schema.org\",\"@graph\":[{\"@type\":\"Article\",\"@id\":\"https:\/\/now-news.de\/de\/deutschland\/spd-neustart-klingbeil-will-steuerreform-und-ende-des-ehegattensplittings\/#article\",\"isPartOf\":{\"@id\":\"https:\/\/now-news.de\/de\/deutschland\/spd-neustart-klingbeil-will-steuerreform-und-ende-des-ehegattensplittings\/\"},\"author\":{\"name\":\"rtnews\",\"@id\":\"https:\/\/now-news.de\/de\/#\/schema\/person\/fb534a4e865501d8b3285208df34a9b5\"},\"headline\":\"SPD-Neustart: Klingbeil will Steuerreform und Ende des Ehegattensplittings\",\"datePublished\":\"2026-03-25T18:45:53+00:00\",\"dateModified\":\"2026-03-25T18:45:53+00:00\",\"mainEntityOfPage\":{\"@id\":\"https:\/\/now-news.de\/de\/deutschland\/spd-neustart-klingbeil-will-steuerreform-und-ende-des-ehegattensplittings\/\"},\"wordCount\":675,\"commentCount\":0,\"publisher\":{\"@id\":\"https:\/\/now-news.de\/de\/#organization\"},\"image\":{\"@id\":\"https:\/\/now-news.de\/de\/deutschland\/spd-neustart-klingbeil-will-steuerreform-und-ende-des-ehegattensplittings\/#primaryimage\"},\"thumbnailUrl\":\"https:\/\/now-news.de\/de\/wp-content\/uploads\/sites\/3\/2026\/03\/SPD-Neustart-Klingbeil-will-Steuerreform-und-Ende-des-Ehegattensplittings.jpg\",\"keywords\":[\"des\",\"Ehegattensplittings\",\"Ende\",\"Klingbeil\",\"SPDNeustart\",\"Steuerreform\",\"und\"],\"articleSection\":[\"Deutschland\",\"Russland\"],\"inLanguage\":\"de\",\"potentialAction\":[{\"@type\":\"CommentAction\",\"name\":\"Comment\",\"target\":[\"https:\/\/now-news.de\/de\/deutschland\/spd-neustart-klingbeil-will-steuerreform-und-ende-des-ehegattensplittings\/#respond\"]}]},{\"@type\":\"WebPage\",\"@id\":\"https:\/\/now-news.de\/de\/deutschland\/spd-neustart-klingbeil-will-steuerreform-und-ende-des-ehegattensplittings\/\",\"url\":\"https:\/\/now-news.de\/de\/deutschland\/spd-neustart-klingbeil-will-steuerreform-und-ende-des-ehegattensplittings\/\",\"name\":\"SPD-Neustart: Klingbeil will Steuerreform und Ende des Ehegattensplittings - just-now.NEWS Deutschland\",\"isPartOf\":{\"@id\":\"https:\/\/now-news.de\/de\/#website\"},\"primaryImageOfPage\":{\"@id\":\"https:\/\/now-news.de\/de\/deutschland\/spd-neustart-klingbeil-will-steuerreform-und-ende-des-ehegattensplittings\/#primaryimage\"},\"image\":{\"@id\":\"https:\/\/now-news.de\/de\/deutschland\/spd-neustart-klingbeil-will-steuerreform-und-ende-des-ehegattensplittings\/#primaryimage\"},\"thumbnailUrl\":\"https:\/\/now-news.de\/de\/wp-content\/uploads\/sites\/3\/2026\/03\/SPD-Neustart-Klingbeil-will-Steuerreform-und-Ende-des-Ehegattensplittings.jpg\",\"datePublished\":\"2026-03-25T18:45:53+00:00\",\"dateModified\":\"2026-03-25T18:45:53+00:00\",\"breadcrumb\":{\"@id\":\"https:\/\/now-news.de\/de\/deutschland\/spd-neustart-klingbeil-will-steuerreform-und-ende-des-ehegattensplittings\/#breadcrumb\"},\"inLanguage\":\"de\",\"potentialAction\":[{\"@type\":\"ReadAction\",\"target\":[\"https:\/\/now-news.de\/de\/deutschland\/spd-neustart-klingbeil-will-steuerreform-und-ende-des-ehegattensplittings\/\"]}]},{\"@type\":\"ImageObject\",\"inLanguage\":\"de\",\"@id\":\"https:\/\/now-news.de\/de\/deutschland\/spd-neustart-klingbeil-will-steuerreform-und-ende-des-ehegattensplittings\/#primaryimage\",\"url\":\"https:\/\/now-news.de\/de\/wp-content\/uploads\/sites\/3\/2026\/03\/SPD-Neustart-Klingbeil-will-Steuerreform-und-Ende-des-Ehegattensplittings.jpg\",\"contentUrl\":\"https:\/\/now-news.de\/de\/wp-content\/uploads\/sites\/3\/2026\/03\/SPD-Neustart-Klingbeil-will-Steuerreform-und-Ende-des-Ehegattensplittings.jpg\",\"width\":460,\"height\":259,\"caption\":\"SPD-Neustart: Klingbeil will Steuerreform und Ende des Ehegattensplittings\"},{\"@type\":\"BreadcrumbList\",\"@id\":\"https:\/\/now-news.de\/de\/deutschland\/spd-neustart-klingbeil-will-steuerreform-und-ende-des-ehegattensplittings\/#breadcrumb\",\"itemListElement\":[{\"@type\":\"ListItem\",\"position\":1,\"name\":\"Home\",\"item\":\"https:\/\/now-news.de\/de\/\"},{\"@type\":\"ListItem\",\"position\":2,\"name\":\"SPD-Neustart: Klingbeil will Steuerreform und Ende des Ehegattensplittings\"}]},{\"@type\":\"WebSite\",\"@id\":\"https:\/\/now-news.de\/de\/#website\",\"url\":\"https:\/\/now-news.de\/de\/\",\"name\":\"just-now.NEWS Deutschland\",\"description\":\"Das Portal f\u00fcr unzensierte Nachrichten aus der Welt\",\"publisher\":{\"@id\":\"https:\/\/now-news.de\/de\/#organization\"},\"potentialAction\":[{\"@type\":\"SearchAction\",\"target\":{\"@type\":\"EntryPoint\",\"urlTemplate\":\"https:\/\/now-news.de\/de\/?s={search_term_string}\"},\"query-input\":\"required name=search_term_string\"}],\"inLanguage\":\"de\"},{\"@type\":\"Organization\",\"@id\":\"https:\/\/now-news.de\/de\/#organization\",\"name\":\"Just Now News\",\"url\":\"https:\/\/now-news.de\/de\/\",\"logo\":{\"@type\":\"ImageObject\",\"inLanguage\":\"de\",\"@id\":\"https:\/\/now-news.de\/de\/#\/schema\/logo\/image\/\",\"url\":\"http:\/\/just-now.news\/de\/wp-content\/uploads\/sites\/3\/2022\/04\/logo500x500.jpg\",\"contentUrl\":\"http:\/\/just-now.news\/de\/wp-content\/uploads\/sites\/3\/2022\/04\/logo500x500.jpg\",\"width\":500,\"height\":500,\"caption\":\"Just Now News\"},\"image\":{\"@id\":\"https:\/\/now-news.de\/de\/#\/schema\/logo\/image\/\"},\"sameAs\":[\"https:\/\/www.facebook.com\/wirmachenauf\",\"https:\/\/x.com\/WirMachenAuf_de\"]},{\"@type\":\"Person\",\"@id\":\"https:\/\/now-news.de\/de\/#\/schema\/person\/fb534a4e865501d8b3285208df34a9b5\",\"name\":\"rtnews\",\"image\":{\"@type\":\"ImageObject\",\"inLanguage\":\"de\",\"@id\":\"https:\/\/now-news.de\/de\/#\/schema\/person\/image\/\",\"url\":\"https:\/\/secure.gravatar.com\/avatar\/82aafea7d8127119dd649515f56e2117?s=96&d=mm&r=g\",\"contentUrl\":\"https:\/\/secure.gravatar.com\/avatar\/82aafea7d8127119dd649515f56e2117?s=96&d=mm&r=g\",\"caption\":\"rtnews\"},\"url\":\"https:\/\/now-news.de\/de\/author\/rnews\/\"}]}<\/script>\n<!-- \/ Yoast SEO Premium plugin. -->","yoast_head_json":{"title":"SPD-Neustart: Klingbeil will Steuerreform und Ende des Ehegattensplittings - just-now.NEWS Deutschland","robots":{"index":"index","follow":"follow","max-snippet":"max-snippet:-1","max-image-preview":"max-image-preview:large","max-video-preview":"max-video-preview:-1"},"canonical":"https:\/\/now-news.de\/de\/deutschland\/spd-neustart-klingbeil-will-steuerreform-und-ende-des-ehegattensplittings\/","og_locale":"de_DE","og_type":"article","og_title":"SPD-Neustart: Klingbeil will Steuerreform und Ende des Ehegattensplittings","og_description":"Politologen erwarteten als Reaktion auf die Landtagswahl in Rheinland-Pfalz, die als Schlappe f\u00fcr die SPD gesehen wird, von Lars Klingbeil in seiner Doppelfunktion als SPD-Vorsitzender und Bundesfinanzminister einen &#8220;gro\u00dfen Wurf&#8221;. Am Mittwoch hat er seine Politikvorstellungen in einer Rede vor der Bertelsmann-Stiftung vorgestellt. In einer Rede bei der Bertelsmann-Stiftung am Mittwoch in Berlin hat\u00a0der SPD-Vorsitzende, [&hellip;]","og_url":"https:\/\/now-news.de\/de\/deutschland\/spd-neustart-klingbeil-will-steuerreform-und-ende-des-ehegattensplittings\/","og_site_name":"just-now.NEWS Deutschland","article_publisher":"https:\/\/www.facebook.com\/wirmachenauf","article_published_time":"2026-03-25T18:45:53+00:00","og_image":[{"url":"https:\/\/now-news.de\/de\/wp-content\/uploads\/sites\/3\/2026\/03\/69c40518b480cc64770d328b.jpg"}],"author":"rtnews","twitter_card":"summary_large_image","twitter_creator":"@WirMachenAuf_de","twitter_site":"@WirMachenAuf_de","twitter_misc":{"Verfasst von":"rtnews","Gesch\u00e4tzte Lesezeit":"3\u00a0Minuten"},"schema":{"@context":"https:\/\/schema.org","@graph":[{"@type":"Article","@id":"https:\/\/now-news.de\/de\/deutschland\/spd-neustart-klingbeil-will-steuerreform-und-ende-des-ehegattensplittings\/#article","isPartOf":{"@id":"https:\/\/now-news.de\/de\/deutschland\/spd-neustart-klingbeil-will-steuerreform-und-ende-des-ehegattensplittings\/"},"author":{"name":"rtnews","@id":"https:\/\/now-news.de\/de\/#\/schema\/person\/fb534a4e865501d8b3285208df34a9b5"},"headline":"SPD-Neustart: Klingbeil will Steuerreform und Ende des Ehegattensplittings","datePublished":"2026-03-25T18:45:53+00:00","dateModified":"2026-03-25T18:45:53+00:00","mainEntityOfPage":{"@id":"https:\/\/now-news.de\/de\/deutschland\/spd-neustart-klingbeil-will-steuerreform-und-ende-des-ehegattensplittings\/"},"wordCount":675,"commentCount":0,"publisher":{"@id":"https:\/\/now-news.de\/de\/#organization"},"image":{"@id":"https:\/\/now-news.de\/de\/deutschland\/spd-neustart-klingbeil-will-steuerreform-und-ende-des-ehegattensplittings\/#primaryimage"},"thumbnailUrl":"https:\/\/now-news.de\/de\/wp-content\/uploads\/sites\/3\/2026\/03\/SPD-Neustart-Klingbeil-will-Steuerreform-und-Ende-des-Ehegattensplittings.jpg","keywords":["des","Ehegattensplittings","Ende","Klingbeil","SPDNeustart","Steuerreform","und"],"articleSection":["Deutschland","Russland"],"inLanguage":"de","potentialAction":[{"@type":"CommentAction","name":"Comment","target":["https:\/\/now-news.de\/de\/deutschland\/spd-neustart-klingbeil-will-steuerreform-und-ende-des-ehegattensplittings\/#respond"]}]},{"@type":"WebPage","@id":"https:\/\/now-news.de\/de\/deutschland\/spd-neustart-klingbeil-will-steuerreform-und-ende-des-ehegattensplittings\/","url":"https:\/\/now-news.de\/de\/deutschland\/spd-neustart-klingbeil-will-steuerreform-und-ende-des-ehegattensplittings\/","name":"SPD-Neustart: Klingbeil will Steuerreform und Ende des Ehegattensplittings - just-now.NEWS Deutschland","isPartOf":{"@id":"https:\/\/now-news.de\/de\/#website"},"primaryImageOfPage":{"@id":"https:\/\/now-news.de\/de\/deutschland\/spd-neustart-klingbeil-will-steuerreform-und-ende-des-ehegattensplittings\/#primaryimage"},"image":{"@id":"https:\/\/now-news.de\/de\/deutschland\/spd-neustart-klingbeil-will-steuerreform-und-ende-des-ehegattensplittings\/#primaryimage"},"thumbnailUrl":"https:\/\/now-news.de\/de\/wp-content\/uploads\/sites\/3\/2026\/03\/SPD-Neustart-Klingbeil-will-Steuerreform-und-Ende-des-Ehegattensplittings.jpg","datePublished":"2026-03-25T18:45:53+00:00","dateModified":"2026-03-25T18:45:53+00:00","breadcrumb":{"@id":"https:\/\/now-news.de\/de\/deutschland\/spd-neustart-klingbeil-will-steuerreform-und-ende-des-ehegattensplittings\/#breadcrumb"},"inLanguage":"de","potentialAction":[{"@type":"ReadAction","target":["https:\/\/now-news.de\/de\/deutschland\/spd-neustart-klingbeil-will-steuerreform-und-ende-des-ehegattensplittings\/"]}]},{"@type":"ImageObject","inLanguage":"de","@id":"https:\/\/now-news.de\/de\/deutschland\/spd-neustart-klingbeil-will-steuerreform-und-ende-des-ehegattensplittings\/#primaryimage","url":"https:\/\/now-news.de\/de\/wp-content\/uploads\/sites\/3\/2026\/03\/SPD-Neustart-Klingbeil-will-Steuerreform-und-Ende-des-Ehegattensplittings.jpg","contentUrl":"https:\/\/now-news.de\/de\/wp-content\/uploads\/sites\/3\/2026\/03\/SPD-Neustart-Klingbeil-will-Steuerreform-und-Ende-des-Ehegattensplittings.jpg","width":460,"height":259,"caption":"SPD-Neustart: Klingbeil will Steuerreform und Ende des Ehegattensplittings"},{"@type":"BreadcrumbList","@id":"https:\/\/now-news.de\/de\/deutschland\/spd-neustart-klingbeil-will-steuerreform-und-ende-des-ehegattensplittings\/#breadcrumb","itemListElement":[{"@type":"ListItem","position":1,"name":"Home","item":"https:\/\/now-news.de\/de\/"},{"@type":"ListItem","position":2,"name":"SPD-Neustart: Klingbeil will Steuerreform und Ende des Ehegattensplittings"}]},{"@type":"WebSite","@id":"https:\/\/now-news.de\/de\/#website","url":"https:\/\/now-news.de\/de\/","name":"just-now.NEWS Deutschland","description":"Das Portal f\u00fcr unzensierte Nachrichten aus der Welt","publisher":{"@id":"https:\/\/now-news.de\/de\/#organization"},"potentialAction":[{"@type":"SearchAction","target":{"@type":"EntryPoint","urlTemplate":"https:\/\/now-news.de\/de\/?s={search_term_string}"},"query-input":"required name=search_term_string"}],"inLanguage":"de"},{"@type":"Organization","@id":"https:\/\/now-news.de\/de\/#organization","name":"Just Now News","url":"https:\/\/now-news.de\/de\/","logo":{"@type":"ImageObject","inLanguage":"de","@id":"https:\/\/now-news.de\/de\/#\/schema\/logo\/image\/","url":"http:\/\/just-now.news\/de\/wp-content\/uploads\/sites\/3\/2022\/04\/logo500x500.jpg","contentUrl":"http:\/\/just-now.news\/de\/wp-content\/uploads\/sites\/3\/2022\/04\/logo500x500.jpg","width":500,"height":500,"caption":"Just Now News"},"image":{"@id":"https:\/\/now-news.de\/de\/#\/schema\/logo\/image\/"},"sameAs":["https:\/\/www.facebook.com\/wirmachenauf","https:\/\/x.com\/WirMachenAuf_de"]},{"@type":"Person","@id":"https:\/\/now-news.de\/de\/#\/schema\/person\/fb534a4e865501d8b3285208df34a9b5","name":"rtnews","image":{"@type":"ImageObject","inLanguage":"de","@id":"https:\/\/now-news.de\/de\/#\/schema\/person\/image\/","url":"https:\/\/secure.gravatar.com\/avatar\/82aafea7d8127119dd649515f56e2117?s=96&d=mm&r=g","contentUrl":"https:\/\/secure.gravatar.com\/avatar\/82aafea7d8127119dd649515f56e2117?s=96&d=mm&r=g","caption":"rtnews"},"url":"https:\/\/now-news.de\/de\/author\/rnews\/"}]}},"_links":{"self":[{"href":"https:\/\/now-news.de\/de\/wp-json\/wp\/v2\/posts\/100813"}],"collection":[{"href":"https:\/\/now-news.de\/de\/wp-json\/wp\/v2\/posts"}],"about":[{"href":"https:\/\/now-news.de\/de\/wp-json\/wp\/v2\/types\/post"}],"author":[{"embeddable":true,"href":"https:\/\/now-news.de\/de\/wp-json\/wp\/v2\/users\/3"}],"replies":[{"embeddable":true,"href":"https:\/\/now-news.de\/de\/wp-json\/wp\/v2\/comments?post=100813"}],"version-history":[{"count":0,"href":"https:\/\/now-news.de\/de\/wp-json\/wp\/v2\/posts\/100813\/revisions"}],"wp:featuredmedia":[{"embeddable":true,"href":"https:\/\/now-news.de\/de\/wp-json\/wp\/v2\/media\/100814"}],"wp:attachment":[{"href":"https:\/\/now-news.de\/de\/wp-json\/wp\/v2\/media?parent=100813"}],"wp:term":[{"taxonomy":"category","embeddable":true,"href":"https:\/\/now-news.de\/de\/wp-json\/wp\/v2\/categories?post=100813"},{"taxonomy":"post_tag","embeddable":true,"href":"https:\/\/now-news.de\/de\/wp-json\/wp\/v2\/tags?post=100813"}],"curies":[{"name":"wp","href":"https:\/\/api.w.org\/{rel}","templated":true}]}}