{"id":100799,"date":"2026-03-25T17:04:48","date_gmt":"2026-03-25T15:04:48","guid":{"rendered":"https:\/\/now-news.de\/de\/deutschland\/energiewende-ohne-plan-schweiz-ringt-um-versorgungssicherheit\/"},"modified":"2026-03-25T17:04:48","modified_gmt":"2026-03-25T15:04:48","slug":"energiewende-ohne-plan-schweiz-ringt-um-versorgungssicherheit","status":"publish","type":"post","link":"https:\/\/now-news.de\/de\/deutschland\/energiewende-ohne-plan-schweiz-ringt-um-versorgungssicherheit\/","title":{"rendered":"Energiewende ohne Plan: Schweiz ringt um Versorgungssicherheit"},"content":{"rendered":"<div class=\"Text-root Text-type_1 \">\n                W\u00e4hrend die Schweiz alte Kernkraftwerke stilllegt und erneuerbare Kapazit\u00e4ten noch wachsen m\u00fcssen, ist Europa durch den Verzicht auf russisches Gas verwundbarer geworden. Der Iran-Krieg treibt \u00d6l- und Gaspreise weltweit nach oben und belastet die Energiem\u00e4rkte \u2013 mit Folgen auch f\u00fcr Schweizer Strom- und Importkosten.\n            <\/div>\n<p><\/p>\n<div class=\"Text-root Text-type_5 ArticleView-text ViewText-root \">\n<p>Die Schweiz verf\u00fcgt \u00fcber eines der zuverl\u00e4ssigsten und zugleich CO\u2082-\u00e4rmsten Stromsysteme Europas. Wasserkraft bildet das R\u00fcckgrat, erg\u00e4nzt durch Kernenergie sowie einen dynamisch wachsenden Anteil erneuerbarer Energien.<\/p>\n<p>Eine aktuelle Analyse des Energiekonzerns Axpo zeigt jedoch, dass diese Erfolgsgeschichte zunehmend unter Druck ger\u00e4t, insbesondere mit Blick auf die k\u00fcnftige Winterversorgung und die Rolle der Kernenergie.<\/p>\n<p>Im Jahr 2024 erreichte die inl\u00e4ndische Stromproduktion mit 75,7 Terawattstunden einen H\u00f6chststand. Rund 60 Prozent stammen aus Wasserkraft, weitere knapp 30 Prozent aus Kernkraftwerken. Photovoltaik und andere erneuerbare Quellen gewinnen an Bedeutung, machen aber erst gut ein Zehntel der Produktion aus.<\/p>\n<p>Trotz dieser komfortablen Jahresbilanz bleibt die Schweiz strukturell auf Stromimporte angewiesen. W\u00e4hrend im Sommer \u00dcbersch\u00fcsse exportiert werden, entsteht im Winter eine Versorgungsl\u00fccke.<\/p>\n<p>Geringere Wasserzufl\u00fcsse und eine schw\u00e4chere Solarproduktion treffen dann auf eine erh\u00f6hte Nachfrage. Diese sogenannte Winterl\u00fccke gilt seit Jahren als zentrale Schwachstelle des Systems.<\/p>\n<p>Der Strombedarf d\u00fcrfte in den kommenden Jahren weiter steigen. Treiber sind die Elektrifizierung des Verkehrs, der Ausbau von Rechenzentren sowie das Bev\u00f6lkerungswachstum.<\/p>\n<p>Gleichzeitig stehen bedeutende Produktionskapazit\u00e4ten vor dem Aus: Die Kernkraftwerke Beznau I und II sollen 2032 und 2033 vom Netz gehen.<\/p>\n<p>Vor diesem Hintergrund hat Axpo zwei Versorgungsszenarien entwickelt. Beide gehen davon aus, dass die Schweiz weiterhin in den europ\u00e4ischen Strommarkt eingebunden bleibt und auf Importe zur\u00fcckgreifen kann.<\/p>\n<figure class=\"RTImage-root\">\n<div class=\"RTImage-image RTImage-original\"><picture class=\"Picture-root Picture-original\"><!--[if IE 9]><video style=\"display: none;\"><![endif]--><source media=\"(-webkit-min-device-pixel-ratio: 2) and (min-resolution: 120dpi)\" data-srcset=\" \nhttps:\/\/now-news.de\/de\/wp-content\/uploads\/sites\/3\/2026\/03\/69c254efb480cc41ed293ef2.jpg 850w,\n                https:\/\/now-news.de\/de\/wp-content\/uploads\/sites\/3\/2026\/03\/69c254efb480cc41ed293ef2.jpg 1960w,            \" ><source data-srcset=\" \nhttps:\/\/now-news.de\/de\/wp-content\/uploads\/sites\/3\/2026\/03\/69c254efb480cc41ed293ef2.jpg 460w,\n              https:\/\/now-news.de\/de\/wp-content\/uploads\/sites\/3\/2026\/03\/69c254efb480cc41ed293ef2.jpg 980w,\n            \" ><!--[if IE 9]><\/video><![endif]--><img decoding=\"async\" data- src=\"data:image\/png;base64,iVBORw0KGgoAAAANSUhEUgAAABAAAAAJCAQAAACRI2S5AAAAEElEQVR42mNkIAAYRxWAAQAG9gAKqv6+AwAAAABJRU5ErkJggg==\" class=\"Picture-root Picture-original lazyload\" data-src=\"https:\/\/now-news.de\/de\/wp-content\/uploads\/sites\/3\/2026\/03\/69c254efb480cc41ed293ef2.jpg\" alt=\"\"><\/source><\/source><\/picture><!-- noscript pattern --><noscript><img decoding=\"async\" src=\"https:\/\/now-news.de\/de\/wp-content\/uploads\/sites\/3\/2026\/03\/69c254efb480cc41ed293ef2.jpg\" alt=\"\"><\/noscript><\/div><figcaption class=\"RTImage-footer\"><span class=\"RTImage-caption\"><span class=\"RTImage-captionItem\">Zwei Szenarien, keine einfache L\u00f6sung<\/span><\/span><span class=\"RTImage-source\"><span class=\"RTImage-captionItem\">dieBildmanufaktur\/Andreas Haas<\/span><span class=\"RTImage-captionItem\"> \/ Legion-media.ru<\/span><\/span><\/figcaption><\/figure>\n<p>Im ersten Szenario w\u00fcrden neue Gaskraftwerke die entstehende L\u00fccke schlie\u00dfen. Diese k\u00f6nnten flexibel eingesetzt werden, insbesondere in Spitzenzeiten im Winter. Im zweiten Szenario setzt Axpo auf den Bau neuer Kernkraftwerke.<\/p>\n<p>Eine klare Pr\u00e4ferenz spricht der Konzern jedoch nicht aus. Zwar bezeichnet Axpo neue Kernkraftwerke als pr\u00fcfenswert, verweist jedoch auf erhebliche Unsicherheiten. Dazu z\u00e4hlen hohe Investitionskosten, lange Planungs- und Bauzeiten sowie politische und regulatorische H\u00fcrden.<\/p>\n<p>Als realistischer gilt ein dritter, pragmatischer Ansatz: der Ausbau der Solarenergie und der Wasserkraft in Kombination mit einem verl\u00e4ngerten Betrieb der bestehenden Kernkraftwerke G\u00f6sgen und Leibstadt. Erg\u00e4nzend sollen Reservekapazit\u00e4ten in Form von Gaskraftwerken geschaffen werden, um kurzfristige Engp\u00e4sse abzufedern.<\/p>\n<p><strong>Kernenergie bleibt politisch umstritten<\/strong><\/p>\n<p>Der Bau neuer Kernkraftwerke ist in der Schweiz derzeit gesetzlich untersagt. Mit der sogenannten &#8220;Blackout-Initiative&#8221; sowie einem Gegenvorschlag des Bundesrates steht dieses Verbot jedoch zur Diskussion. Eine Volksabstimmung d\u00fcrfte dar\u00fcber entscheiden, ob die Kernenergie langfristig wieder eine Option wird.<\/p>\n<p>Technologisch sieht Axpo vor allem Reaktoren der Generation III+ als realistische Option. Kleinere modulare Reaktoren (SMR), die international h\u00e4ufig als Zukunftsl\u00f6sung gehandelt werden, befinden sich laut der Studie noch in einem fr\u00fchen Entwicklungsstadium und spielen f\u00fcr die Schweiz derzeit keine Rolle.<\/p>\n<p>Selbst unter optimistischen Annahmen k\u00f6nnte ein neues Kernkraftwerk fr\u00fchestens um 2050 in Betrieb gehen. Die finanziellen Dimensionen sind erheblich: Die Baukosten werden auf mindestens 7 bis 10 Milliarden Franken gesch\u00e4tzt, die Gesamtkosten \u00fcber die Lebensdauer k\u00f6nnten sich auf bis zu 150 Milliarden Franken belaufen. Ohne staatliche Unterst\u00fctzung erscheint ein wirtschaftlicher Betrieb kaum realistisch.<\/p>\n<p data-start=\"0\" data-end=\"418\" data-is-last-node=\"\" data-is-only-node=\"\">Die Axpo-Analyse bietet konkrete Einsch\u00e4tzungen zu Machbarkeit, Kosten und Risiken verschiedener Energieoptionen. Die Schweizer Stromversorgung bleibt zwar stabil und CO\u2082-arm, doch steigender Bedarf, die Abschaltung alter Kernkraftwerke und die Winterl\u00fccke stellen wachsende Herausforderungen dar. Ohne gezielte Investitionen und politische Entscheidungen l\u00e4sst sich die Versorgungssicherheit kaum langfristig sichern.<\/p>\n<p data-start=\"0\" data-end=\"418\" data-is-last-node=\"\" data-is-only-node=\"\"><strong>Mehr zum Thema<\/strong>\u00a0\u2013\u00a0<a rel=\"nofollow\" target=\"_blank\" href=\"https:\/\/freedert.online\/kurzclips\/video\/269442-ungarn-setzt-auf-atomkraft-neuer\/\" target=\"_blank\" rel=\"noopener noreferrer\">Ungarn setzt auf Atomkraft: Neuer Reaktorblock mit russischer Beteiligung<\/a><\/p>\n<div class=\"EmbedBlock-root EmbedBlock-externalVideo EmbedBlock-rumble\">\n<div class=\"VkEmbed\"><iframe class=\"lazyload\" data-src=\"https:\/\/rumble.com\/embed\/v74sns6\" frameborder=\"0\" width=\"853\" height=\"480\" allowfullscreen><\/iframe><\/div>\n<\/div>\n<\/div>\n<p><br \/>\n<br \/><a href=\"https:\/\/de.rt.com\/schweiz\/274525-energiewende-ohne-plan-schweiz-ringt\/\">Source link <\/a><\/p>\n","protected":false},"excerpt":{"rendered":"<p>W\u00e4hrend die Schweiz alte Kernkraftwerke stilllegt und erneuerbare Kapazit\u00e4ten noch wachsen m\u00fcssen, ist Europa durch den Verzicht auf russisches Gas verwundbarer geworden. Der Iran-Krieg treibt \u00d6l- und Gaspreise weltweit nach oben und belastet die Energiem\u00e4rkte \u2013 mit Folgen auch f\u00fcr Schweizer Strom- und Importkosten. Die Schweiz verf\u00fcgt \u00fcber eines der zuverl\u00e4ssigsten und zugleich CO\u2082-\u00e4rmsten Stromsysteme [&hellip;]<\/p>\n","protected":false},"author":3,"featured_media":100800,"comment_status":"open","ping_status":"open","sticky":false,"template":"","format":"standard","meta":{"_yoast_indexnow_last_ping":["1774451166"],"wp_automatic_camp":["217"],"881495771b7043bf6b49920dba50f6b8":["Energiewende ohne Plan: Schweiz ringt um Versorgungssicherheit"],"original_link":["https:\/\/de.rt.com\/schweiz\/274525-energiewende-ohne-plan-schweiz-ringt\/"],"_thumbnail_id":["100800"],"jnews_social_counter_last_update":["1777388258"],"_wptgpro_p2tg_sent2tg":["a:1:{i:23737;s:19:\"2026-03-25 17:07:05\";}"]},"categories":[19,23],"tags":[8250,779,2746,36138,4207,45265],"yoast_head":"<!-- This site is optimized with the Yoast SEO Premium plugin v22.7 (Yoast SEO v22.7) - https:\/\/yoast.com\/wordpress\/plugins\/seo\/ -->\n<title>Energiewende ohne Plan: Schweiz ringt um Versorgungssicherheit - just-now.NEWS Deutschland<\/title>\n<meta name=\"robots\" content=\"index, follow, max-snippet:-1, max-image-preview:large, max-video-preview:-1\" \/>\n<link rel=\"canonical\" href=\"https:\/\/now-news.de\/de\/deutschland\/energiewende-ohne-plan-schweiz-ringt-um-versorgungssicherheit\/\" \/>\n<meta property=\"og:locale\" content=\"de_DE\" \/>\n<meta property=\"og:type\" content=\"article\" \/>\n<meta property=\"og:title\" content=\"Energiewende ohne Plan: Schweiz ringt um Versorgungssicherheit\" \/>\n<meta property=\"og:description\" content=\"W\u00e4hrend die Schweiz alte Kernkraftwerke stilllegt und erneuerbare Kapazit\u00e4ten noch wachsen m\u00fcssen, ist Europa durch den Verzicht auf russisches Gas verwundbarer geworden. Der Iran-Krieg treibt \u00d6l- und Gaspreise weltweit nach oben und belastet die Energiem\u00e4rkte \u2013 mit Folgen auch f\u00fcr Schweizer Strom- und Importkosten. Die Schweiz verf\u00fcgt \u00fcber eines der zuverl\u00e4ssigsten und zugleich CO\u2082-\u00e4rmsten Stromsysteme [&hellip;]\" \/>\n<meta property=\"og:url\" content=\"https:\/\/now-news.de\/de\/deutschland\/energiewende-ohne-plan-schweiz-ringt-um-versorgungssicherheit\/\" \/>\n<meta property=\"og:site_name\" content=\"just-now.NEWS Deutschland\" \/>\n<meta property=\"article:publisher\" content=\"https:\/\/www.facebook.com\/wirmachenauf\" \/>\n<meta property=\"article:published_time\" content=\"2026-03-25T15:04:48+00:00\" \/>\n<meta property=\"og:image\" content=\"https:\/\/now-news.de\/de\/wp-content\/uploads\/sites\/3\/2026\/03\/69c254efb480cc41ed293ef2.jpg\" \/>\n<meta name=\"author\" content=\"rtnews\" \/>\n<meta name=\"twitter:card\" content=\"summary_large_image\" \/>\n<meta name=\"twitter:creator\" content=\"@WirMachenAuf_de\" \/>\n<meta name=\"twitter:site\" content=\"@WirMachenAuf_de\" \/>\n<meta name=\"twitter:label1\" content=\"Verfasst von\" \/>\n\t<meta name=\"twitter:data1\" content=\"rtnews\" \/>\n\t<meta name=\"twitter:label2\" content=\"Gesch\u00e4tzte Lesezeit\" \/>\n\t<meta name=\"twitter:data2\" content=\"3\u00a0Minuten\" \/>\n<script type=\"application\/ld+json\" class=\"yoast-schema-graph\">{\"@context\":\"https:\/\/schema.org\",\"@graph\":[{\"@type\":\"Article\",\"@id\":\"https:\/\/now-news.de\/de\/deutschland\/energiewende-ohne-plan-schweiz-ringt-um-versorgungssicherheit\/#article\",\"isPartOf\":{\"@id\":\"https:\/\/now-news.de\/de\/deutschland\/energiewende-ohne-plan-schweiz-ringt-um-versorgungssicherheit\/\"},\"author\":{\"name\":\"rtnews\",\"@id\":\"https:\/\/now-news.de\/de\/#\/schema\/person\/fb534a4e865501d8b3285208df34a9b5\"},\"headline\":\"Energiewende ohne Plan: Schweiz ringt um Versorgungssicherheit\",\"datePublished\":\"2026-03-25T15:04:48+00:00\",\"dateModified\":\"2026-03-25T15:04:48+00:00\",\"mainEntityOfPage\":{\"@id\":\"https:\/\/now-news.de\/de\/deutschland\/energiewende-ohne-plan-schweiz-ringt-um-versorgungssicherheit\/\"},\"wordCount\":616,\"commentCount\":0,\"publisher\":{\"@id\":\"https:\/\/now-news.de\/de\/#organization\"},\"image\":{\"@id\":\"https:\/\/now-news.de\/de\/deutschland\/energiewende-ohne-plan-schweiz-ringt-um-versorgungssicherheit\/#primaryimage\"},\"thumbnailUrl\":\"https:\/\/now-news.de\/de\/wp-content\/uploads\/sites\/3\/2026\/03\/Energiewende-ohne-Plan-Schweiz-ringt-um-Versorgungssicherheit.jpg\",\"keywords\":[\"Energiewende\",\"ohne\",\"Plan\",\"ringt\",\"schweiz\",\"Versorgungssicherheit\"],\"articleSection\":[\"Deutschland\",\"Russland\"],\"inLanguage\":\"de\",\"potentialAction\":[{\"@type\":\"CommentAction\",\"name\":\"Comment\",\"target\":[\"https:\/\/now-news.de\/de\/deutschland\/energiewende-ohne-plan-schweiz-ringt-um-versorgungssicherheit\/#respond\"]}]},{\"@type\":\"WebPage\",\"@id\":\"https:\/\/now-news.de\/de\/deutschland\/energiewende-ohne-plan-schweiz-ringt-um-versorgungssicherheit\/\",\"url\":\"https:\/\/now-news.de\/de\/deutschland\/energiewende-ohne-plan-schweiz-ringt-um-versorgungssicherheit\/\",\"name\":\"Energiewende ohne Plan: Schweiz ringt um Versorgungssicherheit - just-now.NEWS Deutschland\",\"isPartOf\":{\"@id\":\"https:\/\/now-news.de\/de\/#website\"},\"primaryImageOfPage\":{\"@id\":\"https:\/\/now-news.de\/de\/deutschland\/energiewende-ohne-plan-schweiz-ringt-um-versorgungssicherheit\/#primaryimage\"},\"image\":{\"@id\":\"https:\/\/now-news.de\/de\/deutschland\/energiewende-ohne-plan-schweiz-ringt-um-versorgungssicherheit\/#primaryimage\"},\"thumbnailUrl\":\"https:\/\/now-news.de\/de\/wp-content\/uploads\/sites\/3\/2026\/03\/Energiewende-ohne-Plan-Schweiz-ringt-um-Versorgungssicherheit.jpg\",\"datePublished\":\"2026-03-25T15:04:48+00:00\",\"dateModified\":\"2026-03-25T15:04:48+00:00\",\"breadcrumb\":{\"@id\":\"https:\/\/now-news.de\/de\/deutschland\/energiewende-ohne-plan-schweiz-ringt-um-versorgungssicherheit\/#breadcrumb\"},\"inLanguage\":\"de\",\"potentialAction\":[{\"@type\":\"ReadAction\",\"target\":[\"https:\/\/now-news.de\/de\/deutschland\/energiewende-ohne-plan-schweiz-ringt-um-versorgungssicherheit\/\"]}]},{\"@type\":\"ImageObject\",\"inLanguage\":\"de\",\"@id\":\"https:\/\/now-news.de\/de\/deutschland\/energiewende-ohne-plan-schweiz-ringt-um-versorgungssicherheit\/#primaryimage\",\"url\":\"https:\/\/now-news.de\/de\/wp-content\/uploads\/sites\/3\/2026\/03\/Energiewende-ohne-Plan-Schweiz-ringt-um-Versorgungssicherheit.jpg\",\"contentUrl\":\"https:\/\/now-news.de\/de\/wp-content\/uploads\/sites\/3\/2026\/03\/Energiewende-ohne-Plan-Schweiz-ringt-um-Versorgungssicherheit.jpg\",\"width\":1747,\"height\":1080,\"caption\":\"Energiewende ohne Plan: Schweiz ringt um Versorgungssicherheit\"},{\"@type\":\"BreadcrumbList\",\"@id\":\"https:\/\/now-news.de\/de\/deutschland\/energiewende-ohne-plan-schweiz-ringt-um-versorgungssicherheit\/#breadcrumb\",\"itemListElement\":[{\"@type\":\"ListItem\",\"position\":1,\"name\":\"Home\",\"item\":\"https:\/\/now-news.de\/de\/\"},{\"@type\":\"ListItem\",\"position\":2,\"name\":\"Energiewende ohne Plan: Schweiz ringt um Versorgungssicherheit\"}]},{\"@type\":\"WebSite\",\"@id\":\"https:\/\/now-news.de\/de\/#website\",\"url\":\"https:\/\/now-news.de\/de\/\",\"name\":\"just-now.NEWS Deutschland\",\"description\":\"Das Portal f\u00fcr unzensierte Nachrichten aus der Welt\",\"publisher\":{\"@id\":\"https:\/\/now-news.de\/de\/#organization\"},\"potentialAction\":[{\"@type\":\"SearchAction\",\"target\":{\"@type\":\"EntryPoint\",\"urlTemplate\":\"https:\/\/now-news.de\/de\/?s={search_term_string}\"},\"query-input\":\"required name=search_term_string\"}],\"inLanguage\":\"de\"},{\"@type\":\"Organization\",\"@id\":\"https:\/\/now-news.de\/de\/#organization\",\"name\":\"Just Now News\",\"url\":\"https:\/\/now-news.de\/de\/\",\"logo\":{\"@type\":\"ImageObject\",\"inLanguage\":\"de\",\"@id\":\"https:\/\/now-news.de\/de\/#\/schema\/logo\/image\/\",\"url\":\"http:\/\/just-now.news\/de\/wp-content\/uploads\/sites\/3\/2022\/04\/logo500x500.jpg\",\"contentUrl\":\"http:\/\/just-now.news\/de\/wp-content\/uploads\/sites\/3\/2022\/04\/logo500x500.jpg\",\"width\":500,\"height\":500,\"caption\":\"Just Now News\"},\"image\":{\"@id\":\"https:\/\/now-news.de\/de\/#\/schema\/logo\/image\/\"},\"sameAs\":[\"https:\/\/www.facebook.com\/wirmachenauf\",\"https:\/\/x.com\/WirMachenAuf_de\"]},{\"@type\":\"Person\",\"@id\":\"https:\/\/now-news.de\/de\/#\/schema\/person\/fb534a4e865501d8b3285208df34a9b5\",\"name\":\"rtnews\",\"image\":{\"@type\":\"ImageObject\",\"inLanguage\":\"de\",\"@id\":\"https:\/\/now-news.de\/de\/#\/schema\/person\/image\/\",\"url\":\"https:\/\/secure.gravatar.com\/avatar\/82aafea7d8127119dd649515f56e2117?s=96&d=mm&r=g\",\"contentUrl\":\"https:\/\/secure.gravatar.com\/avatar\/82aafea7d8127119dd649515f56e2117?s=96&d=mm&r=g\",\"caption\":\"rtnews\"},\"url\":\"https:\/\/now-news.de\/de\/author\/rnews\/\"}]}<\/script>\n<!-- \/ Yoast SEO Premium plugin. -->","yoast_head_json":{"title":"Energiewende ohne Plan: Schweiz ringt um Versorgungssicherheit - just-now.NEWS Deutschland","robots":{"index":"index","follow":"follow","max-snippet":"max-snippet:-1","max-image-preview":"max-image-preview:large","max-video-preview":"max-video-preview:-1"},"canonical":"https:\/\/now-news.de\/de\/deutschland\/energiewende-ohne-plan-schweiz-ringt-um-versorgungssicherheit\/","og_locale":"de_DE","og_type":"article","og_title":"Energiewende ohne Plan: Schweiz ringt um Versorgungssicherheit","og_description":"W\u00e4hrend die Schweiz alte Kernkraftwerke stilllegt und erneuerbare Kapazit\u00e4ten noch wachsen m\u00fcssen, ist Europa durch den Verzicht auf russisches Gas verwundbarer geworden. Der Iran-Krieg treibt \u00d6l- und Gaspreise weltweit nach oben und belastet die Energiem\u00e4rkte \u2013 mit Folgen auch f\u00fcr Schweizer Strom- und Importkosten. Die Schweiz verf\u00fcgt \u00fcber eines der zuverl\u00e4ssigsten und zugleich CO\u2082-\u00e4rmsten Stromsysteme [&hellip;]","og_url":"https:\/\/now-news.de\/de\/deutschland\/energiewende-ohne-plan-schweiz-ringt-um-versorgungssicherheit\/","og_site_name":"just-now.NEWS Deutschland","article_publisher":"https:\/\/www.facebook.com\/wirmachenauf","article_published_time":"2026-03-25T15:04:48+00:00","og_image":[{"url":"https:\/\/now-news.de\/de\/wp-content\/uploads\/sites\/3\/2026\/03\/69c254efb480cc41ed293ef2.jpg"}],"author":"rtnews","twitter_card":"summary_large_image","twitter_creator":"@WirMachenAuf_de","twitter_site":"@WirMachenAuf_de","twitter_misc":{"Verfasst von":"rtnews","Gesch\u00e4tzte Lesezeit":"3\u00a0Minuten"},"schema":{"@context":"https:\/\/schema.org","@graph":[{"@type":"Article","@id":"https:\/\/now-news.de\/de\/deutschland\/energiewende-ohne-plan-schweiz-ringt-um-versorgungssicherheit\/#article","isPartOf":{"@id":"https:\/\/now-news.de\/de\/deutschland\/energiewende-ohne-plan-schweiz-ringt-um-versorgungssicherheit\/"},"author":{"name":"rtnews","@id":"https:\/\/now-news.de\/de\/#\/schema\/person\/fb534a4e865501d8b3285208df34a9b5"},"headline":"Energiewende ohne Plan: Schweiz ringt um Versorgungssicherheit","datePublished":"2026-03-25T15:04:48+00:00","dateModified":"2026-03-25T15:04:48+00:00","mainEntityOfPage":{"@id":"https:\/\/now-news.de\/de\/deutschland\/energiewende-ohne-plan-schweiz-ringt-um-versorgungssicherheit\/"},"wordCount":616,"commentCount":0,"publisher":{"@id":"https:\/\/now-news.de\/de\/#organization"},"image":{"@id":"https:\/\/now-news.de\/de\/deutschland\/energiewende-ohne-plan-schweiz-ringt-um-versorgungssicherheit\/#primaryimage"},"thumbnailUrl":"https:\/\/now-news.de\/de\/wp-content\/uploads\/sites\/3\/2026\/03\/Energiewende-ohne-Plan-Schweiz-ringt-um-Versorgungssicherheit.jpg","keywords":["Energiewende","ohne","Plan","ringt","schweiz","Versorgungssicherheit"],"articleSection":["Deutschland","Russland"],"inLanguage":"de","potentialAction":[{"@type":"CommentAction","name":"Comment","target":["https:\/\/now-news.de\/de\/deutschland\/energiewende-ohne-plan-schweiz-ringt-um-versorgungssicherheit\/#respond"]}]},{"@type":"WebPage","@id":"https:\/\/now-news.de\/de\/deutschland\/energiewende-ohne-plan-schweiz-ringt-um-versorgungssicherheit\/","url":"https:\/\/now-news.de\/de\/deutschland\/energiewende-ohne-plan-schweiz-ringt-um-versorgungssicherheit\/","name":"Energiewende ohne Plan: Schweiz ringt um Versorgungssicherheit - just-now.NEWS Deutschland","isPartOf":{"@id":"https:\/\/now-news.de\/de\/#website"},"primaryImageOfPage":{"@id":"https:\/\/now-news.de\/de\/deutschland\/energiewende-ohne-plan-schweiz-ringt-um-versorgungssicherheit\/#primaryimage"},"image":{"@id":"https:\/\/now-news.de\/de\/deutschland\/energiewende-ohne-plan-schweiz-ringt-um-versorgungssicherheit\/#primaryimage"},"thumbnailUrl":"https:\/\/now-news.de\/de\/wp-content\/uploads\/sites\/3\/2026\/03\/Energiewende-ohne-Plan-Schweiz-ringt-um-Versorgungssicherheit.jpg","datePublished":"2026-03-25T15:04:48+00:00","dateModified":"2026-03-25T15:04:48+00:00","breadcrumb":{"@id":"https:\/\/now-news.de\/de\/deutschland\/energiewende-ohne-plan-schweiz-ringt-um-versorgungssicherheit\/#breadcrumb"},"inLanguage":"de","potentialAction":[{"@type":"ReadAction","target":["https:\/\/now-news.de\/de\/deutschland\/energiewende-ohne-plan-schweiz-ringt-um-versorgungssicherheit\/"]}]},{"@type":"ImageObject","inLanguage":"de","@id":"https:\/\/now-news.de\/de\/deutschland\/energiewende-ohne-plan-schweiz-ringt-um-versorgungssicherheit\/#primaryimage","url":"https:\/\/now-news.de\/de\/wp-content\/uploads\/sites\/3\/2026\/03\/Energiewende-ohne-Plan-Schweiz-ringt-um-Versorgungssicherheit.jpg","contentUrl":"https:\/\/now-news.de\/de\/wp-content\/uploads\/sites\/3\/2026\/03\/Energiewende-ohne-Plan-Schweiz-ringt-um-Versorgungssicherheit.jpg","width":1747,"height":1080,"caption":"Energiewende ohne Plan: Schweiz ringt um Versorgungssicherheit"},{"@type":"BreadcrumbList","@id":"https:\/\/now-news.de\/de\/deutschland\/energiewende-ohne-plan-schweiz-ringt-um-versorgungssicherheit\/#breadcrumb","itemListElement":[{"@type":"ListItem","position":1,"name":"Home","item":"https:\/\/now-news.de\/de\/"},{"@type":"ListItem","position":2,"name":"Energiewende ohne Plan: Schweiz ringt um Versorgungssicherheit"}]},{"@type":"WebSite","@id":"https:\/\/now-news.de\/de\/#website","url":"https:\/\/now-news.de\/de\/","name":"just-now.NEWS Deutschland","description":"Das Portal f\u00fcr unzensierte Nachrichten aus der Welt","publisher":{"@id":"https:\/\/now-news.de\/de\/#organization"},"potentialAction":[{"@type":"SearchAction","target":{"@type":"EntryPoint","urlTemplate":"https:\/\/now-news.de\/de\/?s={search_term_string}"},"query-input":"required name=search_term_string"}],"inLanguage":"de"},{"@type":"Organization","@id":"https:\/\/now-news.de\/de\/#organization","name":"Just Now News","url":"https:\/\/now-news.de\/de\/","logo":{"@type":"ImageObject","inLanguage":"de","@id":"https:\/\/now-news.de\/de\/#\/schema\/logo\/image\/","url":"http:\/\/just-now.news\/de\/wp-content\/uploads\/sites\/3\/2022\/04\/logo500x500.jpg","contentUrl":"http:\/\/just-now.news\/de\/wp-content\/uploads\/sites\/3\/2022\/04\/logo500x500.jpg","width":500,"height":500,"caption":"Just Now News"},"image":{"@id":"https:\/\/now-news.de\/de\/#\/schema\/logo\/image\/"},"sameAs":["https:\/\/www.facebook.com\/wirmachenauf","https:\/\/x.com\/WirMachenAuf_de"]},{"@type":"Person","@id":"https:\/\/now-news.de\/de\/#\/schema\/person\/fb534a4e865501d8b3285208df34a9b5","name":"rtnews","image":{"@type":"ImageObject","inLanguage":"de","@id":"https:\/\/now-news.de\/de\/#\/schema\/person\/image\/","url":"https:\/\/secure.gravatar.com\/avatar\/82aafea7d8127119dd649515f56e2117?s=96&d=mm&r=g","contentUrl":"https:\/\/secure.gravatar.com\/avatar\/82aafea7d8127119dd649515f56e2117?s=96&d=mm&r=g","caption":"rtnews"},"url":"https:\/\/now-news.de\/de\/author\/rnews\/"}]}},"_links":{"self":[{"href":"https:\/\/now-news.de\/de\/wp-json\/wp\/v2\/posts\/100799"}],"collection":[{"href":"https:\/\/now-news.de\/de\/wp-json\/wp\/v2\/posts"}],"about":[{"href":"https:\/\/now-news.de\/de\/wp-json\/wp\/v2\/types\/post"}],"author":[{"embeddable":true,"href":"https:\/\/now-news.de\/de\/wp-json\/wp\/v2\/users\/3"}],"replies":[{"embeddable":true,"href":"https:\/\/now-news.de\/de\/wp-json\/wp\/v2\/comments?post=100799"}],"version-history":[{"count":0,"href":"https:\/\/now-news.de\/de\/wp-json\/wp\/v2\/posts\/100799\/revisions"}],"wp:featuredmedia":[{"embeddable":true,"href":"https:\/\/now-news.de\/de\/wp-json\/wp\/v2\/media\/100800"}],"wp:attachment":[{"href":"https:\/\/now-news.de\/de\/wp-json\/wp\/v2\/media?parent=100799"}],"wp:term":[{"taxonomy":"category","embeddable":true,"href":"https:\/\/now-news.de\/de\/wp-json\/wp\/v2\/categories?post=100799"},{"taxonomy":"post_tag","embeddable":true,"href":"https:\/\/now-news.de\/de\/wp-json\/wp\/v2\/tags?post=100799"}],"curies":[{"name":"wp","href":"https:\/\/api.w.org\/{rel}","templated":true}]}}