{"id":100795,"date":"2026-03-25T14:29:18","date_gmt":"2026-03-25T12:29:18","guid":{"rendered":"https:\/\/now-news.de\/de\/deutschland\/berlin-eu-sanktioniertem-journalist-dogru-droht-nach-gerichtsurteil-die-obdachlosigkeit\/"},"modified":"2026-03-25T14:29:18","modified_gmt":"2026-03-25T12:29:18","slug":"berlin-eu-sanktioniertem-journalist-dogru-droht-nach-gerichtsurteil-die-obdachlosigkeit","status":"publish","type":"post","link":"https:\/\/now-news.de\/de\/deutschland\/berlin-eu-sanktioniertem-journalist-dogru-droht-nach-gerichtsurteil-die-obdachlosigkeit\/","title":{"rendered":"Berlin: EU-sanktioniertem Journalist Do\u011fru droht nach Gerichtsurteil die Obdachlosigkeit"},"content":{"rendered":"<p><img decoding=\"async\" src=\"https:\/\/now-news.de\/de\/wp-content\/uploads\/sites\/3\/2026\/03\/69c3af2748fbef088940c2d1.jpg\" \/><\/p>\n<div class=\"Text-root Text-type_1 \">\n                Im Mai 2025 wurde der in Berlin lebende t\u00fcrkisch-kurdischst\u00e4mmige deutsche Staatsb\u00fcrger H\u00fcseyin Do\u011fru seitens der EU sanktioniert. Die Folge waren unter anderem Kontosperrungen, gegen die der Journalist klagte. Das Amtsgericht Frankfurt am Main urteilte nun zuungunsten Do\u011frus, der zudem noch die Prozesskosten zahlen muss.\n            <\/div>\n<p><\/p>\n<div class=\"Text-root Text-type_5 ArticleView-text ViewText-root \">\n<p>Der\u00a0deutsche Staatsb\u00fcrger H\u00fcseyin Do\u011fru, Journalist und Gr\u00fcnder der Medienplattform Red Media, durchlebt seit Mai 2025 in Berlin kafkaeske Momente seines Daseins, dies ausgehend von der Br\u00fcsseler Mitteilung im Mai des Vorjahres, dass die EU ihn willk\u00fcrlich auf eine Sanktionsliste gesetzt hatte (<em>RT DE<\/em>\u00a0<a rel=\"nofollow\" target=\"_blank\" href=\"https:\/\/freedert.online\/podcast\/249852-eu-sanktionsliste-gegen-russland-zerstoert-leben-red-journalist\/\" target=\"_blank\" rel=\"noopener noreferrer\">berichtete<\/a>). Aufgrund der Folgedynamiken hat er seitdem weder vollen Zugriff auf sein Konto, noch eine Reiseerlaubnis. Laut Informationen der\u00a0<em>Berliner Zeitung\u00a0<\/em>hat das Amtsgericht Frankfurt am Main aktuell nun einen Eilantrag von Do\u011fru abgewiesen, der gegen das lebenseinschr\u00e4nkende Agieren seiner Bank klagte.\u00a0<\/p>\n<p>Der Albtraum des Journalisten\u00a0H\u00fcseyin Do\u011fru setzt sich weiter fort. Do\u011fru war Chefredakteur des Portals\u00a0<em>Red<\/em>, das inhaltlich auf antikoloniale Perspektiven spezialisiert war.\u00a0<em>Red<\/em>\u00a0hat mittlerweile aufgrund der EU-Sanktionen den Betrieb einstellen m\u00fcssen. Laut\u00a0<a rel=\"nofollow\" target=\"_blank\" href=\"https:\/\/www.jungewelt.de\/artikel\/516200.eu-wahrheitsregime-wie-gehen-sie-juristisch-gegen-die-sanktionen-vor.html\" target=\"_blank\" rel=\"noopener noreferrer\">Informationen<\/a>\u00a0seines Anwalts wurde seitens der Comdirect-Bank,\u00a0die Teil der Commerzbank AG ist, nach der Sanktionierung im Mai des Vorjahres &#8220;die freie Verf\u00fcgung \u00fcber seine Gelder und seine Konten&#8221; untersagt.<\/p>\n<p>Demgegen\u00fcber wurde, so der Stand zu Jahresbeginn, die &#8220;Zusicherung des existenzsichernden Zugangs auf 506 Euro im Monat&#8221; mitgeteilt. Es folgte die Klage des betroffenen Journalisten gegen das inhumane Agieren des Unternehmens. Dazu\u00a0<a rel=\"nofollow\" target=\"_blank\" href=\"https:\/\/www.berliner-zeitung.de\/politik-gesellschaft\/geopolitik\/gericht-bestaetigt-kontosperre-journalist-hueseyin-dogru-li.10026526\" target=\"_blank\" rel=\"noopener noreferrer\">berichtet<\/a>\u00a0die\u00a0<em>Berliner Zeitung<\/em>\u00a0zu den Hintergr\u00fcnden:<\/p>\n<p><em>&#8220;Das Amtsgericht Frankfurt am Main hat einen Eilantrag des von der\u00a0EU\u00a0sanktionierten Journalisten zur\u00fcckgewiesen. Do\u011fru wollte erreichen, dass seine Bank \u00dcberweisungen wieder zul\u00e4sst und die Nutzung seines Kontos weniger stark eingeschr\u00e4nkt wird. Das Gericht stellte sich jedoch auf die Seite des Kreditinstituts. Dogru muss zudem die Kosten des Verfahrens tragen.&#8221;<\/em><\/p>\n<p>Die Gesamtsituation ist dabei nicht nur f\u00fcr Do\u011fru mehr als belastend und lebenseinschr\u00e4nkend, sondern auch f\u00fcr\u00a0seine Frau und drei kleine Kinder. In dem juristisch eingeforderten Verfahren\u00a0ging es laut\u00a0<em>BlZ<\/em>-Artikel um die Frage, ob der Betroffene &#8220;trotz der gegen ihn verh\u00e4ngten EU-Sanktionen Anspruch auf eine weitergehende Nutzung seines Kontos&#8221; habe. Zu dem nun erfolgten Beschluss hei\u00dft es darlegend:<\/p>\n<p><em>&#8220;Das Gericht verneinte dies. Ein sogenannter Anordnungsanspruch liege nicht vor, hei\u00dft es in dem Gerichtsbeschluss, der der Berliner Zeitung vorliegt. Damit fehle bereits die Voraussetzung f\u00fcr ein Eingreifen im Eilverfahren: Dogru habe keinen durchsetzbaren Anspruch darauf, dass die Bank die von ihm verlangten \u00dcberweisungen freigibt.&#8221;<\/em><\/p>\n<p>Zu den skandal\u00f6sen Ausgangsgr\u00fcnden der verfahrenden Situation, der EU-Sanktionierung, erkl\u00e4rte sein Anwalt im Januar dieses Jahres:<\/p>\n<p><em>&#8220;Auf EU-Ebene ist das ein Verfahren, gegen das man sich nur im Nachhinein wehren kann. Es gab keine vorherige Anh\u00f6rung. Die zugrunde liegende Akte der EU ist den Namen &#8216;Akte&#8217; im Grunde nicht wert. Das sind lediglich Screenshots von der Social-Media-Aktivit\u00e4t von H\u00fcseyin, die alle von der Meinungsfreiheit gedeckt sind. Wir haben es hier mit einem au\u00dferrechtlichen Verfahren zu tun.&#8221;<\/em><\/p>\n<p>Die Bundesregierung erkl\u00e4rte dazu w\u00f6rtlich im Rahmen\u00a0einer ausf\u00fchrlichen\u00a0<a rel=\"nofollow\" target=\"_blank\" href=\"https:\/\/www.auswaertiges-amt.de\/de\/newsroom\/regierungspressekonferenz-2725706\" target=\"_blank\" rel=\"noopener noreferrer\">Mitteilung<\/a>\u00a0des Ausw\u00e4rtigen Amts in der Regierungspressekonferenz im Juli 2025:<\/p>\n<p><em>&#8220;Wir k\u00f6nnen heute verbindlich sagen, dass &#8216;red.&#8217; von Russland gezielt zur Informationsmanipulation eingesetzt wird. Dies konnten wir im Rahmen eines nationalen Attribuierungsverfahrens feststellen. Grundlage daf\u00fcr ist eine umfassende Analyse der deutschen Sicherheitsbeh\u00f6rden. Das Ziel solcher Kampagnen ist klar: Russland nutzt Plattformen wie &#8216;red.&#8217;, um den gesellschaftlichen Zusammenhalt in Deutschland und Europa zu schw\u00e4chen, indem Debatten manipuliert und durch Falschinformationen k\u00fcnstlich angeheizt werden, indem Misstrauen in Fakten, in Medien und in demokratische Strukturen gesch\u00fcrt wird und indem staatliche Strukturen diskreditiert oder als nicht handlungsf\u00e4hig dargestellt werden.&#8221;<\/em><\/p>\n<p>Bezugnehmend auf die aktuelle Wahrnehmung des Frankfurter Amtsgerichts, wurde Do\u011fru belehrt, dass seine Bank\u00a0dem Journalisten zwar erlaubt habe, monatlich &#8220;506 Euro f\u00fcr grundlegende Bed\u00fcrfnisse zu verwenden&#8221;, jedoch, so die\u00a0<em>Berliner Zeitung<\/em>\u00a0zitierend, &#8220;noch dar\u00fcber hinausgehende Zahlungen nicht gedeckt seien&#8221;.\u00a0<\/p>\n<p>Die Richterin unterstellte dem Journalisten final, er habe &#8220;nicht glaubhaft gemacht, dass die von ihm geplanten \u00dcberweisungen \u2013 etwa an Dienstleister und Inkassounternehmen \u2013 der &#8216;Befriedigung von Grundbed\u00fcrfnissen&#8217; dienen&#8221;.<\/p>\n<p>Zudem, so\u00a0das Gericht argumentierend, sei das Bankunternehmen &#8220;an das EU-Sanktionsrecht gebunden&#8221;. Die entsprechenden Verordnungen g\u00e4lten damit unmittelbar in den Mitgliedstaaten &#8220;und verpflichteten Kreditinstitute, eingefrorene Gelder nicht freizugeben&#8221;, so die\u00a0<em>Berliner Zeitung<\/em>\u00a0aus dem Gerichtsbeschluss zitierend.<\/p>\n<p>Die damit verbundenen Folgen f\u00fcr\u00a0Do\u011fru sind fatal und massiv lebenseinschr\u00e4nkend, zum Thema eines geregelten Daseins einer Familie, so der Journalist. Dazu f\u00fchrt er aus:<\/p>\n<p><em>&#8220;Ich habe laufende Vertr\u00e4ge, die lange vor den Sanktionen abgeschlossen wurden \u2013 Telekommunikation, Versicherungen und andere ganz normale, allt\u00e4gliche Verpflichtungen. Doch\u00a0meine Bank, die Comdirect, verweigert mir jede \u00dcberweisung. Rechnungen zu bezahlen ist mir faktisch unm\u00f6glich.&#8221;<\/em>\u00a0<\/p>\n<p>Die bereits existierenden und drohenden Folgen sind &#8220;Mahnungen, Inkassoverfahren und steigende Kosten&#8221; bis hin zur Gefahr des zeitnahen Besuchs eines Gerichtsvollziehers.\u00a0<\/p>\n<p>Do\u011fru berichtet von\u00a0einer Gesamtsituation, die sich als massive Belastung f\u00fcr ihn und seine Familie herauskristallisiert. Die Entwicklungen &#8220;f\u00fchlten sich &#8216;wie eine systematische Kriminalisierung&#8217; an&#8221;, zitiert die\u00a0<em>BlZ<\/em>\u00a0den Betroffenen.\u00a0<\/p>\n<p>Mit den nun final realen 506 Euro monatlich sei es dabei unm\u00f6glich, eine f\u00fcnfk\u00f6pfige Familie zu versorgen. Weiter hei\u00dft es abschlie\u00dfend:<\/p>\n<p><em>&#8220;Die Situation k\u00f6nne existenzbedrohend werden. Es bestehe die reale Gefahr, die Miete nicht mehr zahlen zu k\u00f6nnen. Als sanktionierte Person habe er faktisch keine Chance, einen neuen Mietvertrag abzuschlie\u00dfen.&#8221;<\/em><\/p>\n<p>&#8220;Das Risiko, mit drei Kindern auf der Stra\u00dfe zu landen, ist l\u00e4ngst keine abstrakte Bef\u00fcrchtung mehr, sondern eine konkrete Bedrohung&#8221;, fasst H\u00fcseyin Do\u011fru die besorgniserregende Gegenwart zusammen.<\/p>\n<p><strong>Mehr zum Thema &#8211;<\/strong>\u00a0<a rel=\"nofollow\" target=\"_blank\" href=\"https:\/\/freedert.online\/meinung\/274522-staatsraesonkonform-linke-spitze-kuscht\/\" target=\"_blank\" rel=\"noopener noreferrer\">Staatsr\u00e4sonkonform: Linke-Spitze kuscht vor Hetzkampagne der Hasbara-Front <\/a><\/p>\n<div class=\"EmbedBlock-root EmbedBlock-externalVideo EmbedBlock-rumble\">\n<div class=\"VkEmbed\"><iframe class=\"lazyload\" data-src=\"https:\/\/rumble.com\/embed\/v73qlws\" frameborder=\"0\" width=\"853\" height=\"480\" allowfullscreen><\/iframe><\/div>\n<\/div>\n<\/div>\n<p><br \/>\n<br \/><a href=\"https:\/\/de.rt.com\/inland\/274701-berlin-eu-sanktioniertem-journalist-dogru\/\">Source link <\/a><\/p>\n","protected":false},"excerpt":{"rendered":"<p>Im Mai 2025 wurde der in Berlin lebende t\u00fcrkisch-kurdischst\u00e4mmige deutsche Staatsb\u00fcrger H\u00fcseyin Do\u011fru seitens der EU sanktioniert. Die Folge waren unter anderem Kontosperrungen, gegen die der Journalist klagte. Das Amtsgericht Frankfurt am Main urteilte nun zuungunsten Do\u011frus, der zudem noch die Prozesskosten zahlen muss. Der\u00a0deutsche Staatsb\u00fcrger H\u00fcseyin Do\u011fru, Journalist und Gr\u00fcnder der Medienplattform Red Media, [&hellip;]<\/p>\n","protected":false},"author":3,"featured_media":100796,"comment_status":"open","ping_status":"open","sticky":false,"template":"","format":"standard","meta":{"_yoast_indexnow_last_ping":["1774443505"],"wp_automatic_camp":["217"],"b7f10a7ec8da32c3c29ee2e621de4e8b":["Berlin: EU-sanktioniertem Journalist Do\u011fru droht nach Gerichtsurteil die Obdachlosigkeit"],"original_link":["https:\/\/de.rt.com\/inland\/274701-berlin-eu-sanktioniertem-journalist-dogru\/"],"_thumbnail_id":["100796"],"jnews_social_counter_last_update":["1777300600"],"_wptgpro_p2tg_sent2tg":["a:1:{i:23737;s:19:\"2026-03-25 14:59:19\";}"]},"categories":[19,23],"tags":[943,45,66064,44,71997,23399,6710,979,32700],"yoast_head":"<!-- This site is optimized with the Yoast SEO Premium plugin v22.7 (Yoast SEO v22.7) - https:\/\/yoast.com\/wordpress\/plugins\/seo\/ -->\n<title>Berlin: EU-sanktioniertem Journalist Do\u011fru droht nach Gerichtsurteil die Obdachlosigkeit - just-now.NEWS Deutschland<\/title>\n<meta name=\"robots\" content=\"index, follow, max-snippet:-1, max-image-preview:large, max-video-preview:-1\" \/>\n<link rel=\"canonical\" href=\"https:\/\/now-news.de\/de\/deutschland\/berlin-eu-sanktioniertem-journalist-dogru-droht-nach-gerichtsurteil-die-obdachlosigkeit\/\" \/>\n<meta property=\"og:locale\" content=\"de_DE\" \/>\n<meta property=\"og:type\" content=\"article\" \/>\n<meta property=\"og:title\" content=\"Berlin: EU-sanktioniertem Journalist Do\u011fru droht nach Gerichtsurteil die Obdachlosigkeit\" \/>\n<meta property=\"og:description\" content=\"Im Mai 2025 wurde der in Berlin lebende t\u00fcrkisch-kurdischst\u00e4mmige deutsche Staatsb\u00fcrger H\u00fcseyin Do\u011fru seitens der EU sanktioniert. Die Folge waren unter anderem Kontosperrungen, gegen die der Journalist klagte. Das Amtsgericht Frankfurt am Main urteilte nun zuungunsten Do\u011frus, der zudem noch die Prozesskosten zahlen muss. Der\u00a0deutsche Staatsb\u00fcrger H\u00fcseyin Do\u011fru, Journalist und Gr\u00fcnder der Medienplattform Red Media, [&hellip;]\" \/>\n<meta property=\"og:url\" content=\"https:\/\/now-news.de\/de\/deutschland\/berlin-eu-sanktioniertem-journalist-dogru-droht-nach-gerichtsurteil-die-obdachlosigkeit\/\" \/>\n<meta property=\"og:site_name\" content=\"just-now.NEWS Deutschland\" \/>\n<meta property=\"article:publisher\" content=\"https:\/\/www.facebook.com\/wirmachenauf\" \/>\n<meta property=\"article:published_time\" content=\"2026-03-25T12:29:18+00:00\" \/>\n<meta property=\"og:image\" content=\"https:\/\/now-news.de\/de\/wp-content\/uploads\/sites\/3\/2026\/03\/69c3af2748fbef088940c2d1.jpg\" \/>\n<meta name=\"author\" content=\"rtnews\" \/>\n<meta name=\"twitter:card\" content=\"summary_large_image\" \/>\n<meta name=\"twitter:creator\" content=\"@WirMachenAuf_de\" \/>\n<meta name=\"twitter:site\" content=\"@WirMachenAuf_de\" \/>\n<meta name=\"twitter:label1\" content=\"Verfasst von\" \/>\n\t<meta name=\"twitter:data1\" content=\"rtnews\" \/>\n\t<meta name=\"twitter:label2\" content=\"Gesch\u00e4tzte Lesezeit\" \/>\n\t<meta name=\"twitter:data2\" content=\"5\u00a0Minuten\" \/>\n<script type=\"application\/ld+json\" class=\"yoast-schema-graph\">{\"@context\":\"https:\/\/schema.org\",\"@graph\":[{\"@type\":\"Article\",\"@id\":\"https:\/\/now-news.de\/de\/deutschland\/berlin-eu-sanktioniertem-journalist-dogru-droht-nach-gerichtsurteil-die-obdachlosigkeit\/#article\",\"isPartOf\":{\"@id\":\"https:\/\/now-news.de\/de\/deutschland\/berlin-eu-sanktioniertem-journalist-dogru-droht-nach-gerichtsurteil-die-obdachlosigkeit\/\"},\"author\":{\"name\":\"rtnews\",\"@id\":\"https:\/\/now-news.de\/de\/#\/schema\/person\/fb534a4e865501d8b3285208df34a9b5\"},\"headline\":\"Berlin: EU-sanktioniertem Journalist Do\u011fru droht nach Gerichtsurteil die Obdachlosigkeit\",\"datePublished\":\"2026-03-25T12:29:18+00:00\",\"dateModified\":\"2026-03-25T12:29:18+00:00\",\"mainEntityOfPage\":{\"@id\":\"https:\/\/now-news.de\/de\/deutschland\/berlin-eu-sanktioniertem-journalist-dogru-droht-nach-gerichtsurteil-die-obdachlosigkeit\/\"},\"wordCount\":958,\"commentCount\":0,\"publisher\":{\"@id\":\"https:\/\/now-news.de\/de\/#organization\"},\"image\":{\"@id\":\"https:\/\/now-news.de\/de\/deutschland\/berlin-eu-sanktioniertem-journalist-dogru-droht-nach-gerichtsurteil-die-obdachlosigkeit\/#primaryimage\"},\"thumbnailUrl\":\"https:\/\/now-news.de\/de\/wp-content\/uploads\/sites\/3\/2026\/03\/Berlin-EU-sanktioniertem-Journalist-Dogru-droht-nach-Gerichtsurteil-die-Obdachlosigkeit.jpg\",\"keywords\":[\"Berlin\",\"die\",\"Do\u011fru\",\"droht\",\"EUsanktioniertem\",\"Gerichtsurteil\",\"Journalist\",\"nach\",\"Obdachlosigkeit\"],\"articleSection\":[\"Deutschland\",\"Russland\"],\"inLanguage\":\"de\",\"potentialAction\":[{\"@type\":\"CommentAction\",\"name\":\"Comment\",\"target\":[\"https:\/\/now-news.de\/de\/deutschland\/berlin-eu-sanktioniertem-journalist-dogru-droht-nach-gerichtsurteil-die-obdachlosigkeit\/#respond\"]}]},{\"@type\":\"WebPage\",\"@id\":\"https:\/\/now-news.de\/de\/deutschland\/berlin-eu-sanktioniertem-journalist-dogru-droht-nach-gerichtsurteil-die-obdachlosigkeit\/\",\"url\":\"https:\/\/now-news.de\/de\/deutschland\/berlin-eu-sanktioniertem-journalist-dogru-droht-nach-gerichtsurteil-die-obdachlosigkeit\/\",\"name\":\"Berlin: EU-sanktioniertem Journalist Do\u011fru droht nach Gerichtsurteil die Obdachlosigkeit - just-now.NEWS Deutschland\",\"isPartOf\":{\"@id\":\"https:\/\/now-news.de\/de\/#website\"},\"primaryImageOfPage\":{\"@id\":\"https:\/\/now-news.de\/de\/deutschland\/berlin-eu-sanktioniertem-journalist-dogru-droht-nach-gerichtsurteil-die-obdachlosigkeit\/#primaryimage\"},\"image\":{\"@id\":\"https:\/\/now-news.de\/de\/deutschland\/berlin-eu-sanktioniertem-journalist-dogru-droht-nach-gerichtsurteil-die-obdachlosigkeit\/#primaryimage\"},\"thumbnailUrl\":\"https:\/\/now-news.de\/de\/wp-content\/uploads\/sites\/3\/2026\/03\/Berlin-EU-sanktioniertem-Journalist-Dogru-droht-nach-Gerichtsurteil-die-Obdachlosigkeit.jpg\",\"datePublished\":\"2026-03-25T12:29:18+00:00\",\"dateModified\":\"2026-03-25T12:29:18+00:00\",\"breadcrumb\":{\"@id\":\"https:\/\/now-news.de\/de\/deutschland\/berlin-eu-sanktioniertem-journalist-dogru-droht-nach-gerichtsurteil-die-obdachlosigkeit\/#breadcrumb\"},\"inLanguage\":\"de\",\"potentialAction\":[{\"@type\":\"ReadAction\",\"target\":[\"https:\/\/now-news.de\/de\/deutschland\/berlin-eu-sanktioniertem-journalist-dogru-droht-nach-gerichtsurteil-die-obdachlosigkeit\/\"]}]},{\"@type\":\"ImageObject\",\"inLanguage\":\"de\",\"@id\":\"https:\/\/now-news.de\/de\/deutschland\/berlin-eu-sanktioniertem-journalist-dogru-droht-nach-gerichtsurteil-die-obdachlosigkeit\/#primaryimage\",\"url\":\"https:\/\/now-news.de\/de\/wp-content\/uploads\/sites\/3\/2026\/03\/Berlin-EU-sanktioniertem-Journalist-Dogru-droht-nach-Gerichtsurteil-die-Obdachlosigkeit.jpg\",\"contentUrl\":\"https:\/\/now-news.de\/de\/wp-content\/uploads\/sites\/3\/2026\/03\/Berlin-EU-sanktioniertem-Journalist-Dogru-droht-nach-Gerichtsurteil-die-Obdachlosigkeit.jpg\",\"width\":460,\"height\":259,\"caption\":\"Berlin: EU-sanktioniertem Journalist Do\u011fru droht nach Gerichtsurteil die Obdachlosigkeit\"},{\"@type\":\"BreadcrumbList\",\"@id\":\"https:\/\/now-news.de\/de\/deutschland\/berlin-eu-sanktioniertem-journalist-dogru-droht-nach-gerichtsurteil-die-obdachlosigkeit\/#breadcrumb\",\"itemListElement\":[{\"@type\":\"ListItem\",\"position\":1,\"name\":\"Home\",\"item\":\"https:\/\/now-news.de\/de\/\"},{\"@type\":\"ListItem\",\"position\":2,\"name\":\"Berlin: EU-sanktioniertem Journalist Do\u011fru droht nach Gerichtsurteil die Obdachlosigkeit\"}]},{\"@type\":\"WebSite\",\"@id\":\"https:\/\/now-news.de\/de\/#website\",\"url\":\"https:\/\/now-news.de\/de\/\",\"name\":\"just-now.NEWS Deutschland\",\"description\":\"Das Portal f\u00fcr unzensierte Nachrichten aus der Welt\",\"publisher\":{\"@id\":\"https:\/\/now-news.de\/de\/#organization\"},\"potentialAction\":[{\"@type\":\"SearchAction\",\"target\":{\"@type\":\"EntryPoint\",\"urlTemplate\":\"https:\/\/now-news.de\/de\/?s={search_term_string}\"},\"query-input\":\"required name=search_term_string\"}],\"inLanguage\":\"de\"},{\"@type\":\"Organization\",\"@id\":\"https:\/\/now-news.de\/de\/#organization\",\"name\":\"Just Now News\",\"url\":\"https:\/\/now-news.de\/de\/\",\"logo\":{\"@type\":\"ImageObject\",\"inLanguage\":\"de\",\"@id\":\"https:\/\/now-news.de\/de\/#\/schema\/logo\/image\/\",\"url\":\"http:\/\/just-now.news\/de\/wp-content\/uploads\/sites\/3\/2022\/04\/logo500x500.jpg\",\"contentUrl\":\"http:\/\/just-now.news\/de\/wp-content\/uploads\/sites\/3\/2022\/04\/logo500x500.jpg\",\"width\":500,\"height\":500,\"caption\":\"Just Now News\"},\"image\":{\"@id\":\"https:\/\/now-news.de\/de\/#\/schema\/logo\/image\/\"},\"sameAs\":[\"https:\/\/www.facebook.com\/wirmachenauf\",\"https:\/\/x.com\/WirMachenAuf_de\"]},{\"@type\":\"Person\",\"@id\":\"https:\/\/now-news.de\/de\/#\/schema\/person\/fb534a4e865501d8b3285208df34a9b5\",\"name\":\"rtnews\",\"image\":{\"@type\":\"ImageObject\",\"inLanguage\":\"de\",\"@id\":\"https:\/\/now-news.de\/de\/#\/schema\/person\/image\/\",\"url\":\"https:\/\/secure.gravatar.com\/avatar\/82aafea7d8127119dd649515f56e2117?s=96&d=mm&r=g\",\"contentUrl\":\"https:\/\/secure.gravatar.com\/avatar\/82aafea7d8127119dd649515f56e2117?s=96&d=mm&r=g\",\"caption\":\"rtnews\"},\"url\":\"https:\/\/now-news.de\/de\/author\/rnews\/\"}]}<\/script>\n<!-- \/ Yoast SEO Premium plugin. -->","yoast_head_json":{"title":"Berlin: EU-sanktioniertem Journalist Do\u011fru droht nach Gerichtsurteil die Obdachlosigkeit - just-now.NEWS Deutschland","robots":{"index":"index","follow":"follow","max-snippet":"max-snippet:-1","max-image-preview":"max-image-preview:large","max-video-preview":"max-video-preview:-1"},"canonical":"https:\/\/now-news.de\/de\/deutschland\/berlin-eu-sanktioniertem-journalist-dogru-droht-nach-gerichtsurteil-die-obdachlosigkeit\/","og_locale":"de_DE","og_type":"article","og_title":"Berlin: EU-sanktioniertem Journalist Do\u011fru droht nach Gerichtsurteil die Obdachlosigkeit","og_description":"Im Mai 2025 wurde der in Berlin lebende t\u00fcrkisch-kurdischst\u00e4mmige deutsche Staatsb\u00fcrger H\u00fcseyin Do\u011fru seitens der EU sanktioniert. Die Folge waren unter anderem Kontosperrungen, gegen die der Journalist klagte. Das Amtsgericht Frankfurt am Main urteilte nun zuungunsten Do\u011frus, der zudem noch die Prozesskosten zahlen muss. Der\u00a0deutsche Staatsb\u00fcrger H\u00fcseyin Do\u011fru, Journalist und Gr\u00fcnder der Medienplattform Red Media, [&hellip;]","og_url":"https:\/\/now-news.de\/de\/deutschland\/berlin-eu-sanktioniertem-journalist-dogru-droht-nach-gerichtsurteil-die-obdachlosigkeit\/","og_site_name":"just-now.NEWS Deutschland","article_publisher":"https:\/\/www.facebook.com\/wirmachenauf","article_published_time":"2026-03-25T12:29:18+00:00","og_image":[{"url":"https:\/\/now-news.de\/de\/wp-content\/uploads\/sites\/3\/2026\/03\/69c3af2748fbef088940c2d1.jpg"}],"author":"rtnews","twitter_card":"summary_large_image","twitter_creator":"@WirMachenAuf_de","twitter_site":"@WirMachenAuf_de","twitter_misc":{"Verfasst von":"rtnews","Gesch\u00e4tzte Lesezeit":"5\u00a0Minuten"},"schema":{"@context":"https:\/\/schema.org","@graph":[{"@type":"Article","@id":"https:\/\/now-news.de\/de\/deutschland\/berlin-eu-sanktioniertem-journalist-dogru-droht-nach-gerichtsurteil-die-obdachlosigkeit\/#article","isPartOf":{"@id":"https:\/\/now-news.de\/de\/deutschland\/berlin-eu-sanktioniertem-journalist-dogru-droht-nach-gerichtsurteil-die-obdachlosigkeit\/"},"author":{"name":"rtnews","@id":"https:\/\/now-news.de\/de\/#\/schema\/person\/fb534a4e865501d8b3285208df34a9b5"},"headline":"Berlin: EU-sanktioniertem Journalist Do\u011fru droht nach Gerichtsurteil die Obdachlosigkeit","datePublished":"2026-03-25T12:29:18+00:00","dateModified":"2026-03-25T12:29:18+00:00","mainEntityOfPage":{"@id":"https:\/\/now-news.de\/de\/deutschland\/berlin-eu-sanktioniertem-journalist-dogru-droht-nach-gerichtsurteil-die-obdachlosigkeit\/"},"wordCount":958,"commentCount":0,"publisher":{"@id":"https:\/\/now-news.de\/de\/#organization"},"image":{"@id":"https:\/\/now-news.de\/de\/deutschland\/berlin-eu-sanktioniertem-journalist-dogru-droht-nach-gerichtsurteil-die-obdachlosigkeit\/#primaryimage"},"thumbnailUrl":"https:\/\/now-news.de\/de\/wp-content\/uploads\/sites\/3\/2026\/03\/Berlin-EU-sanktioniertem-Journalist-Dogru-droht-nach-Gerichtsurteil-die-Obdachlosigkeit.jpg","keywords":["Berlin","die","Do\u011fru","droht","EUsanktioniertem","Gerichtsurteil","Journalist","nach","Obdachlosigkeit"],"articleSection":["Deutschland","Russland"],"inLanguage":"de","potentialAction":[{"@type":"CommentAction","name":"Comment","target":["https:\/\/now-news.de\/de\/deutschland\/berlin-eu-sanktioniertem-journalist-dogru-droht-nach-gerichtsurteil-die-obdachlosigkeit\/#respond"]}]},{"@type":"WebPage","@id":"https:\/\/now-news.de\/de\/deutschland\/berlin-eu-sanktioniertem-journalist-dogru-droht-nach-gerichtsurteil-die-obdachlosigkeit\/","url":"https:\/\/now-news.de\/de\/deutschland\/berlin-eu-sanktioniertem-journalist-dogru-droht-nach-gerichtsurteil-die-obdachlosigkeit\/","name":"Berlin: EU-sanktioniertem Journalist Do\u011fru droht nach Gerichtsurteil die Obdachlosigkeit - just-now.NEWS Deutschland","isPartOf":{"@id":"https:\/\/now-news.de\/de\/#website"},"primaryImageOfPage":{"@id":"https:\/\/now-news.de\/de\/deutschland\/berlin-eu-sanktioniertem-journalist-dogru-droht-nach-gerichtsurteil-die-obdachlosigkeit\/#primaryimage"},"image":{"@id":"https:\/\/now-news.de\/de\/deutschland\/berlin-eu-sanktioniertem-journalist-dogru-droht-nach-gerichtsurteil-die-obdachlosigkeit\/#primaryimage"},"thumbnailUrl":"https:\/\/now-news.de\/de\/wp-content\/uploads\/sites\/3\/2026\/03\/Berlin-EU-sanktioniertem-Journalist-Dogru-droht-nach-Gerichtsurteil-die-Obdachlosigkeit.jpg","datePublished":"2026-03-25T12:29:18+00:00","dateModified":"2026-03-25T12:29:18+00:00","breadcrumb":{"@id":"https:\/\/now-news.de\/de\/deutschland\/berlin-eu-sanktioniertem-journalist-dogru-droht-nach-gerichtsurteil-die-obdachlosigkeit\/#breadcrumb"},"inLanguage":"de","potentialAction":[{"@type":"ReadAction","target":["https:\/\/now-news.de\/de\/deutschland\/berlin-eu-sanktioniertem-journalist-dogru-droht-nach-gerichtsurteil-die-obdachlosigkeit\/"]}]},{"@type":"ImageObject","inLanguage":"de","@id":"https:\/\/now-news.de\/de\/deutschland\/berlin-eu-sanktioniertem-journalist-dogru-droht-nach-gerichtsurteil-die-obdachlosigkeit\/#primaryimage","url":"https:\/\/now-news.de\/de\/wp-content\/uploads\/sites\/3\/2026\/03\/Berlin-EU-sanktioniertem-Journalist-Dogru-droht-nach-Gerichtsurteil-die-Obdachlosigkeit.jpg","contentUrl":"https:\/\/now-news.de\/de\/wp-content\/uploads\/sites\/3\/2026\/03\/Berlin-EU-sanktioniertem-Journalist-Dogru-droht-nach-Gerichtsurteil-die-Obdachlosigkeit.jpg","width":460,"height":259,"caption":"Berlin: EU-sanktioniertem Journalist Do\u011fru droht nach Gerichtsurteil die Obdachlosigkeit"},{"@type":"BreadcrumbList","@id":"https:\/\/now-news.de\/de\/deutschland\/berlin-eu-sanktioniertem-journalist-dogru-droht-nach-gerichtsurteil-die-obdachlosigkeit\/#breadcrumb","itemListElement":[{"@type":"ListItem","position":1,"name":"Home","item":"https:\/\/now-news.de\/de\/"},{"@type":"ListItem","position":2,"name":"Berlin: EU-sanktioniertem Journalist Do\u011fru droht nach Gerichtsurteil die Obdachlosigkeit"}]},{"@type":"WebSite","@id":"https:\/\/now-news.de\/de\/#website","url":"https:\/\/now-news.de\/de\/","name":"just-now.NEWS Deutschland","description":"Das Portal f\u00fcr unzensierte Nachrichten aus der Welt","publisher":{"@id":"https:\/\/now-news.de\/de\/#organization"},"potentialAction":[{"@type":"SearchAction","target":{"@type":"EntryPoint","urlTemplate":"https:\/\/now-news.de\/de\/?s={search_term_string}"},"query-input":"required name=search_term_string"}],"inLanguage":"de"},{"@type":"Organization","@id":"https:\/\/now-news.de\/de\/#organization","name":"Just Now News","url":"https:\/\/now-news.de\/de\/","logo":{"@type":"ImageObject","inLanguage":"de","@id":"https:\/\/now-news.de\/de\/#\/schema\/logo\/image\/","url":"http:\/\/just-now.news\/de\/wp-content\/uploads\/sites\/3\/2022\/04\/logo500x500.jpg","contentUrl":"http:\/\/just-now.news\/de\/wp-content\/uploads\/sites\/3\/2022\/04\/logo500x500.jpg","width":500,"height":500,"caption":"Just Now News"},"image":{"@id":"https:\/\/now-news.de\/de\/#\/schema\/logo\/image\/"},"sameAs":["https:\/\/www.facebook.com\/wirmachenauf","https:\/\/x.com\/WirMachenAuf_de"]},{"@type":"Person","@id":"https:\/\/now-news.de\/de\/#\/schema\/person\/fb534a4e865501d8b3285208df34a9b5","name":"rtnews","image":{"@type":"ImageObject","inLanguage":"de","@id":"https:\/\/now-news.de\/de\/#\/schema\/person\/image\/","url":"https:\/\/secure.gravatar.com\/avatar\/82aafea7d8127119dd649515f56e2117?s=96&d=mm&r=g","contentUrl":"https:\/\/secure.gravatar.com\/avatar\/82aafea7d8127119dd649515f56e2117?s=96&d=mm&r=g","caption":"rtnews"},"url":"https:\/\/now-news.de\/de\/author\/rnews\/"}]}},"_links":{"self":[{"href":"https:\/\/now-news.de\/de\/wp-json\/wp\/v2\/posts\/100795"}],"collection":[{"href":"https:\/\/now-news.de\/de\/wp-json\/wp\/v2\/posts"}],"about":[{"href":"https:\/\/now-news.de\/de\/wp-json\/wp\/v2\/types\/post"}],"author":[{"embeddable":true,"href":"https:\/\/now-news.de\/de\/wp-json\/wp\/v2\/users\/3"}],"replies":[{"embeddable":true,"href":"https:\/\/now-news.de\/de\/wp-json\/wp\/v2\/comments?post=100795"}],"version-history":[{"count":0,"href":"https:\/\/now-news.de\/de\/wp-json\/wp\/v2\/posts\/100795\/revisions"}],"wp:featuredmedia":[{"embeddable":true,"href":"https:\/\/now-news.de\/de\/wp-json\/wp\/v2\/media\/100796"}],"wp:attachment":[{"href":"https:\/\/now-news.de\/de\/wp-json\/wp\/v2\/media?parent=100795"}],"wp:term":[{"taxonomy":"category","embeddable":true,"href":"https:\/\/now-news.de\/de\/wp-json\/wp\/v2\/categories?post=100795"},{"taxonomy":"post_tag","embeddable":true,"href":"https:\/\/now-news.de\/de\/wp-json\/wp\/v2\/tags?post=100795"}],"curies":[{"name":"wp","href":"https:\/\/api.w.org\/{rel}","templated":true}]}}