{"id":100793,"date":"2026-03-25T14:31:26","date_gmt":"2026-03-25T12:31:26","guid":{"rendered":"https:\/\/now-news.de\/de\/deutschland\/russophobie-stader-journalist-fordert-ausgrenzung-russischsprachiger-bei-stadtfuehrung\/"},"modified":"2026-03-25T14:31:26","modified_gmt":"2026-03-25T12:31:26","slug":"russophobie-stader-journalist-fordert-ausgrenzung-russischsprachiger-bei-stadtfuehrung","status":"publish","type":"post","link":"https:\/\/now-news.de\/de\/deutschland\/russophobie-stader-journalist-fordert-ausgrenzung-russischsprachiger-bei-stadtfuehrung\/","title":{"rendered":"Russophobie: Stader Journalist fordert Ausgrenzung Russischsprachiger bei Stadtf\u00fchrung"},"content":{"rendered":"<p><img decoding=\"async\" src=\"https:\/\/now-news.de\/de\/wp-content\/uploads\/sites\/3\/2026\/03\/69c3c33e48fbef06f0505941.jpg\" \/><\/p>\n<div class=\"Text-root Text-type_1 \">\n                Antirussischer Rassismus hat viele Gesichter. Besonders sch\u00e4big ist es, wenn die Presse ihre Reichweite benutzt, um Russen auszugrenzen. In der Hansestadt Stade meint die Lokalpresse, gegen eine auf Russisch gef\u00fchrte Stadtf\u00fchrung anzuschreiben zu m\u00fcssen.\n            <\/div>\n<p><\/p>\n<div class=\"Text-root Text-type_5 ArticleView-text ViewText-root \">\n<p><em>Von Astrid Sigena<\/em><\/p>\n<p>Wenn es um die Verbreitung von Russophobie geht, fallen einem meist Politiker ein. Wer erinnert sich nicht an Merzens russische Barbarei, Wadephuls ewige Feinderkl\u00e4rung gegen Russland oder \u2013 erst k\u00fcrzlich \u2013 Steinmeiers Behauptung, Europa m\u00fcsse seine Sicherheit gegen Russland und nicht mit Russland organisieren, und auch nach dem Ende des Ukraine-Krieges werde es keinen Frieden geben. Auch Talkshow-G\u00e4ste wie Florence Gaub tun ihr M\u00f6glichstes, um Russen als &#8220;die Anderen&#8221; zu stigmatisieren: Russen seien keine Europ\u00e4er, auch wenn sie so auss\u00e4hen, und h\u00e4tten einen anderen Zugang zu Gewalt, Leben und Tod, t\u00f6nte die NATO-Forschungsdirektorin im Jahr 2022.<\/p>\n<p>Weniger im Zentrum der Kritik steht meist die Presse. Dabei sind es nicht selten Journalisten, die ihre Leser zum Hass gegen Russen aufstacheln. Und das nicht nur in den gro\u00dfen Medienh\u00e4usern, sondern auch in kleineren, lokalen oder regionalen Publikationen. Nur wenigen d\u00fcrfte zum Beispiel das regionale Anzeigenblatt <em>Kreiszeitung<\/em>\u00a0<em>Wochenblatt<\/em> ein Begriff sein, das unter anderem im nieders\u00e4chsischen Landkreis Stade erscheint. Dessen Stader Redaktionsleiter J\u00f6rg Dammann glaubte in einem Artikel vom 24. M\u00e4rz den Umstand skandalisieren zu m\u00fcssen, dass das Stader Stadt-Marketing auf seinen Social-Media-Kan\u00e4len auch einen Stadtrundgang auf Russisch anbietet. An sich nichts Au\u00dfergew\u00f6hnliches. Auch die benachbarte Gro\u00dfstadt Hamburg offeriert Stadtf\u00fchrungen in verschiedenen Fremdsprachen, darunter auch Russisch.<\/p>\n<p>Am 18. April um 12 Uhr l\u00e4dt also Stadtf\u00fchrerin Tetyana russischsprachige G\u00e4ste und auch einheimische Stadtbewohner dazu ein, die Hansestadt an der Unterelbe neu zu entdecken. Die Reaktionen in den sozialen Medien sind durchweg positiv. Auf Instagram fanden sich schon drei russischsprachige Interessierte und auf Facebook freute sich ein Nutzer dar\u00fcber, dass &#8220;die Geschichte unserer sch\u00f6nen Stadt nun unseren russischen beziehungsweise deutsch-russischen Mitb\u00fcrgern erz\u00e4hlt wird&#8221;.<\/p>\n<p>Also alles so weit in Butter. Es w\u00e4re eigentlich nur noch \u00fcbrig geblieben, beim Wetterheiligen Petrus sch\u00f6nes Wetter f\u00fcr Stadtf\u00fchrerin Tetyana und ihre G\u00e4ste zu bestellen. Wenn, ja wenn sich der Lokaljournalismus in Person von J\u00f6rg Dammann nicht eingeschaltet h\u00e4tte. Leser h\u00e4tten sich irritiert an die Redaktion der <em>Kreiszeitung Wochenblatt<\/em>\u00a0gewandt, so Dammann, nachdem das Russisch-Angebot der Stader Marketing- und Tourismusgesellschaft (SMTG) bekannt geworden sei. &#8220;Vor dem Hintergrund des anhaltenden russischen Angriffskriegs&#8221; sei ihnen unverst\u00e4ndlich, wie die SMTG so verfahren k\u00f6nne.<\/p>\n<p>Journalist Dammann war der Wunsch seiner Leser Befehl und ging der Sache nach. Stadtrat Carsten Brokelmann, seines Zeichens Aufsichtsratsvorsitzender der SMTG, verteidigte die Aktion: Die G\u00e4stef\u00fchrerin sei Ukrainerin und biete F\u00fchrungen sowohl auf Russisch als auch auf Ukrainisch an. Die Nachfrage sei gut. In Stade lebten zahlreiche Russlanddeutsche, deren deutsche Sprachkenntnisse &#8220;manchmal recht bescheiden&#8221; seien. Das Thema sei politisch v\u00f6llig unverd\u00e4chtig.<\/p>\n<p>Bereits diese Rechtfertigung hinterl\u00e4sst einen unangenehmen Nachgeschmack. Da ist zum einen der betonte Verweis auf die ukrainische Nationalit\u00e4t der G\u00e4stef\u00fchrerin. Dieser erweckt den Anschein, als solle dadurch die Stadtf\u00fchrung auf Russisch akzeptabel gemacht werden. W\u00e4re sie in den Augen des Stadtrats weniger akzeptabel, wenn eine Russin statt einer Ukrainerin die F\u00fchrung gestalten w\u00fcrde? Zum anderen die bewusste Nennung der Russlanddeutschen als Zielgruppe. Offenbar erscheinen auch sie akzeptabler als etwa Touristen aus Russland. Es hat den Anschein, als habe sich der SMTG-Vertreter von Dammann in die Enge treiben lassen. Ein selbstbewusstes Bekenntnis zu einem weltoffenen Touristik-Angebot, das auch die russischen G\u00e4ste Stades einschlie\u00dft, sieht jedenfalls anders aus.<\/p>\n<p>Die Lokalzeitung befragte auch die B\u00fcrgermeisterkandidaten von CDU und SPD zu ihrer Haltung bez\u00fcglich der russischsprachigen Stadtf\u00fchrung. Immerhin:\u00a0Der CDU-Kandidat Arne Kramer betonte Stades Anspruch, &#8220;eine weltoffene Stadt&#8221; zu sein. Dazu geh\u00f6re auch, &#8220;Menschen einzubinden statt sie auszuschlie\u00dfen&#8221;. Er halte &#8220;Angebote wie die Stadtf\u00fchrung auf Russisch gerade in Zeiten politischer Spannungen&#8221; f\u00fcr &#8220;sinnvoll, um Verst\u00e4ndnis zu f\u00f6rdern und Distanz abzubauen&#8221;. Kramer bekannte sich also recht offen zum Sprachangebot der Hansestadt f\u00fcr russische Touristen, auch wenn es bei ihm ebenfalls nicht ohne Verurteilung &#8220;des russischen Angriffskriegs gegen die Ukraine&#8221; ging. Auch der Hinweis, das Stadtf\u00fchrungsangebot richte sich nicht an den russischen Staat, durfte nicht fehlen.<\/p>\n<p>Den SPD-Kandidaten Kai Koeser zitierte das <em>Wochenblatt<\/em> ebenfalls. Demzufolge zeigte Koeser Verst\u00e4ndnis f\u00fcr die Kritik an dem Russisch-Angebot, rechtfertigte es jedoch mit der hohen Anzahl Stader B\u00fcrger, deren Muttersprache Russisch ist. Man d\u00fcrfe sie nicht &#8220;mit der Politik des Kremls&#8221; gleichsetzen. Das russischsprachige Stadtf\u00fchrungsangebot diene somit der Integration und der besseren Kenntnis der Stadt.<\/p>\n<p>Wer sich von den Lokalpolitikern eine Abfuhr der engstirnigen russophoben Sichtweise des <em>Wochenblatts<\/em> und eines Teils seiner Leserschaft erhofft hatte, ging also fehl. Dementsprechend f\u00fchlte sich J\u00f6rg Dammann dazu ermutigt, das Russisch-Angebot bei den st\u00e4dtischen G\u00e4stef\u00fchrungen harsch zu kritisieren.<\/p>\n<p>Gegen\u00fcber &#8220;dem russischen Aggressor&#8221; m\u00fcsse man &#8220;eine klare und widerspruchsfreie Haltung&#8221; zeigen. Es gehe nicht an, dass der Landkreis Stade Hilfskonvois in die Ukraine schicke und gleichzeitig die Stadt touristisch auf Russisch aktiv werde. Wolle man damit am Ende russische Urlauber erreichen, &#8220;die wegen des Iran-Krieges Dubai den R\u00fccken kehren und nun neue Destinationen suchen?&#8221; Offenbar eine Horrorvorstellung f\u00fcr Dammann.<\/p>\n<p>Der Redaktionsleiter des Anzeigenblatts st\u00fcrzt sich auch auf die recht ungeschickte Argumentation der Stadtvertreter, die auf die mangelnden Deutschkenntnisse der \u00f6rtlichen Russlanddeutschen verwiesen hatten. Offenbar hat Dammann hier eine Schwachstelle erkannt, die er ausnutzen kann: Sprachkurse und gezielte Integrationsangebote w\u00e4ren das Mittel der Wahl zur Verbesserung der Deutschkenntnisse, keineswegs &#8220;zus\u00e4tzliche Angebote in der Herkunftssprache&#8221;. Was Dammann verschweigt: Auch etliche Ukraine-Fl\u00fcchtlinge bevorzugen meist die Kommunikation auf Russisch, nicht auf Ukrainisch \u2013 ein Faktum, das nicht in sein Narrativ passt.<\/p>\n<p>J\u00f6rg Dammann beteuert, es gehe ihm nicht darum, &#8220;Menschen aufgrund ihrer Sprache auszuschlie\u00dfen oder pauschal zu bewerten&#8221;. Es gehe vielmehr darum, ein Zeichen zu setzen. Diese Beteuerung ist scheinheilig. Denn selbstverst\u00e4ndlich geht es Dammann und seinen Mitstreitern darum, Russen auszugrenzen. Und nat\u00fcrlich \u00e4hnelt ihre Haltung einem geistigen Stoppschild mit der Botschaft: Russen sind in Stade unerw\u00fcnscht. Wenn man es doch nicht vermeiden kann, dass sie nach Stade gelangen, sollten sie sich m\u00f6glichst unauff\u00e4llig und geduckt verhalten m\u00fcssen. Keineswegs sollten sie selbstbewusst von ihrer Sprache Gebrauch machen d\u00fcrfen, so die unterschwellige Botschaft.<\/p>\n<p>Dreierlei bleibt zu hoffen: Erstens, dass m\u00f6glichst viele Stader B\u00fcrger die Haltung ihres lokalen <em>Wochenblatt-<\/em>Redakteurs ablehnen. Zweitens, dass sie J\u00f6rg Dammann das auch signalisieren (er selbst hatte am Schluss des Artikels die &#8220;lieben Leserinnen und Leser&#8221; dazu aufgefordert, ihm ihre Meinung dar\u00fcber mitzuteilen). Und drittens, dass am 18. April m\u00f6glichst viele Russisch-Sprechende an der Stadtf\u00fchrung teilnehmen werden, seien es Russlanddeutsche, Russen\u00a0oder russischsprachige Ukrainer. Auch die, die eine russischsprachige F\u00fchrung eigentlich nicht ben\u00f6tigen, weil sie gut Deutsch verstehen. Auch das hie\u00dfe, ein Zeichen zu setzen. Ein Zeichen, dass sich Sprecher des Russischen nicht unsichtbar machen lassen. Und sich von hasssch\u00fcrenden Artikeln nicht abschrecken lassen.<\/p>\n<p><strong>Mehr zum Thema\u00a0<\/strong>\u2013 <a rel=\"nofollow\" target=\"_blank\" href=\"https:\/\/freedert.online\/international\/274070-russlands-sondergesandter-dmitrijew-europa-muss\/\" target=\"_blank\" rel=\"noopener noreferrer\">Sondergesandter Dmitrijew: Europa muss Russophobie aufgeben und EU-Spitze austauschen<\/a><\/p>\n<div class=\"EmbedBlock-root EmbedBlock-externalVideo EmbedBlock-rumble\">\n<div class=\"VkEmbed\"><iframe class=\"lazyload\" data-src=\"https:\/\/rumble.com\/embed\/v75dz94\" frameborder=\"0\" width=\"853\" height=\"480\" allowfullscreen><\/iframe><\/div>\n<\/div>\n<\/div>\n<p><br \/>\n<br \/><a href=\"https:\/\/de.rt.com\/meinung\/274695-russophobie-stader-journalist-fordert-ausgrenzung-russischsprachiger\/\">Source link <\/a><\/p>\n","protected":false},"excerpt":{"rendered":"<p>Antirussischer Rassismus hat viele Gesichter. Besonders sch\u00e4big ist es, wenn die Presse ihre Reichweite benutzt, um Russen auszugrenzen. In der Hansestadt Stade meint die Lokalpresse, gegen eine auf Russisch gef\u00fchrte Stadtf\u00fchrung anzuschreiben zu m\u00fcssen. Von Astrid Sigena Wenn es um die Verbreitung von Russophobie geht, fallen einem meist Politiker ein. Wer erinnert sich nicht an [&hellip;]<\/p>\n","protected":false},"author":3,"featured_media":100794,"comment_status":"open","ping_status":"open","sticky":false,"template":"","format":"standard","meta":{"_yoast_indexnow_last_ping":["1774442532"],"wp_automatic_camp":["217"],"db9005bcf8d31f079098c04c2abd9869":["Russophobie: Stader Journalist fordert Ausgrenzung Russischsprachiger bei Stadtf\u00fchrung"],"original_link":["https:\/\/de.rt.com\/meinung\/274695-russophobie-stader-journalist-fordert-ausgrenzung-russischsprachiger\/"],"_thumbnail_id":["100794"],"jnews_social_counter_last_update":["1777566742"],"_wptgpro_p2tg_sent2tg":["a:1:{i:23737;s:19:\"2026-03-25 14:43:06\";}"]},"categories":[19,23],"tags":[54850,363,355,6710,25934,1542,71995,71996],"yoast_head":"<!-- This site is optimized with the Yoast SEO Premium plugin v22.7 (Yoast SEO v22.7) - https:\/\/yoast.com\/wordpress\/plugins\/seo\/ -->\n<title>Russophobie: Stader Journalist fordert Ausgrenzung Russischsprachiger bei Stadtf\u00fchrung - just-now.NEWS Deutschland<\/title>\n<meta name=\"robots\" content=\"index, follow, max-snippet:-1, max-image-preview:large, max-video-preview:-1\" \/>\n<link rel=\"canonical\" href=\"https:\/\/now-news.de\/de\/deutschland\/russophobie-stader-journalist-fordert-ausgrenzung-russischsprachiger-bei-stadtfuehrung\/\" \/>\n<meta property=\"og:locale\" content=\"de_DE\" \/>\n<meta property=\"og:type\" content=\"article\" \/>\n<meta property=\"og:title\" content=\"Russophobie: Stader Journalist fordert Ausgrenzung Russischsprachiger bei Stadtf\u00fchrung\" \/>\n<meta property=\"og:description\" content=\"Antirussischer Rassismus hat viele Gesichter. Besonders sch\u00e4big ist es, wenn die Presse ihre Reichweite benutzt, um Russen auszugrenzen. In der Hansestadt Stade meint die Lokalpresse, gegen eine auf Russisch gef\u00fchrte Stadtf\u00fchrung anzuschreiben zu m\u00fcssen. Von Astrid Sigena Wenn es um die Verbreitung von Russophobie geht, fallen einem meist Politiker ein. Wer erinnert sich nicht an [&hellip;]\" \/>\n<meta property=\"og:url\" content=\"https:\/\/now-news.de\/de\/deutschland\/russophobie-stader-journalist-fordert-ausgrenzung-russischsprachiger-bei-stadtfuehrung\/\" \/>\n<meta property=\"og:site_name\" content=\"just-now.NEWS Deutschland\" \/>\n<meta property=\"article:publisher\" content=\"https:\/\/www.facebook.com\/wirmachenauf\" \/>\n<meta property=\"article:published_time\" content=\"2026-03-25T12:31:26+00:00\" \/>\n<meta property=\"og:image\" content=\"https:\/\/now-news.de\/de\/wp-content\/uploads\/sites\/3\/2026\/03\/69c3c33e48fbef06f0505941.jpg\" \/>\n<meta name=\"author\" content=\"rtnews\" \/>\n<meta name=\"twitter:card\" content=\"summary_large_image\" \/>\n<meta name=\"twitter:creator\" content=\"@WirMachenAuf_de\" \/>\n<meta name=\"twitter:site\" content=\"@WirMachenAuf_de\" \/>\n<meta name=\"twitter:label1\" content=\"Verfasst von\" \/>\n\t<meta name=\"twitter:data1\" content=\"rtnews\" \/>\n\t<meta name=\"twitter:label2\" content=\"Gesch\u00e4tzte Lesezeit\" \/>\n\t<meta name=\"twitter:data2\" content=\"6\u00a0Minuten\" \/>\n<script type=\"application\/ld+json\" class=\"yoast-schema-graph\">{\"@context\":\"https:\/\/schema.org\",\"@graph\":[{\"@type\":\"Article\",\"@id\":\"https:\/\/now-news.de\/de\/deutschland\/russophobie-stader-journalist-fordert-ausgrenzung-russischsprachiger-bei-stadtfuehrung\/#article\",\"isPartOf\":{\"@id\":\"https:\/\/now-news.de\/de\/deutschland\/russophobie-stader-journalist-fordert-ausgrenzung-russischsprachiger-bei-stadtfuehrung\/\"},\"author\":{\"name\":\"rtnews\",\"@id\":\"https:\/\/now-news.de\/de\/#\/schema\/person\/fb534a4e865501d8b3285208df34a9b5\"},\"headline\":\"Russophobie: Stader Journalist fordert Ausgrenzung Russischsprachiger bei Stadtf\u00fchrung\",\"datePublished\":\"2026-03-25T12:31:26+00:00\",\"dateModified\":\"2026-03-25T12:31:26+00:00\",\"mainEntityOfPage\":{\"@id\":\"https:\/\/now-news.de\/de\/deutschland\/russophobie-stader-journalist-fordert-ausgrenzung-russischsprachiger-bei-stadtfuehrung\/\"},\"wordCount\":1204,\"commentCount\":0,\"publisher\":{\"@id\":\"https:\/\/now-news.de\/de\/#organization\"},\"image\":{\"@id\":\"https:\/\/now-news.de\/de\/deutschland\/russophobie-stader-journalist-fordert-ausgrenzung-russischsprachiger-bei-stadtfuehrung\/#primaryimage\"},\"thumbnailUrl\":\"https:\/\/now-news.de\/de\/wp-content\/uploads\/sites\/3\/2026\/03\/Russophobie-Stader-Journalist-fordert-Ausgrenzung-Russischsprachiger-bei-Stadtfuehrung.jpg\",\"keywords\":[\"Ausgrenzung\",\"bei\",\"fordert\",\"Journalist\",\"russischsprachiger\",\"Russophobie\",\"Stader\",\"Stadtf\u00fchrung\"],\"articleSection\":[\"Deutschland\",\"Russland\"],\"inLanguage\":\"de\",\"potentialAction\":[{\"@type\":\"CommentAction\",\"name\":\"Comment\",\"target\":[\"https:\/\/now-news.de\/de\/deutschland\/russophobie-stader-journalist-fordert-ausgrenzung-russischsprachiger-bei-stadtfuehrung\/#respond\"]}]},{\"@type\":\"WebPage\",\"@id\":\"https:\/\/now-news.de\/de\/deutschland\/russophobie-stader-journalist-fordert-ausgrenzung-russischsprachiger-bei-stadtfuehrung\/\",\"url\":\"https:\/\/now-news.de\/de\/deutschland\/russophobie-stader-journalist-fordert-ausgrenzung-russischsprachiger-bei-stadtfuehrung\/\",\"name\":\"Russophobie: Stader Journalist fordert Ausgrenzung Russischsprachiger bei Stadtf\u00fchrung - just-now.NEWS Deutschland\",\"isPartOf\":{\"@id\":\"https:\/\/now-news.de\/de\/#website\"},\"primaryImageOfPage\":{\"@id\":\"https:\/\/now-news.de\/de\/deutschland\/russophobie-stader-journalist-fordert-ausgrenzung-russischsprachiger-bei-stadtfuehrung\/#primaryimage\"},\"image\":{\"@id\":\"https:\/\/now-news.de\/de\/deutschland\/russophobie-stader-journalist-fordert-ausgrenzung-russischsprachiger-bei-stadtfuehrung\/#primaryimage\"},\"thumbnailUrl\":\"https:\/\/now-news.de\/de\/wp-content\/uploads\/sites\/3\/2026\/03\/Russophobie-Stader-Journalist-fordert-Ausgrenzung-Russischsprachiger-bei-Stadtfuehrung.jpg\",\"datePublished\":\"2026-03-25T12:31:26+00:00\",\"dateModified\":\"2026-03-25T12:31:26+00:00\",\"breadcrumb\":{\"@id\":\"https:\/\/now-news.de\/de\/deutschland\/russophobie-stader-journalist-fordert-ausgrenzung-russischsprachiger-bei-stadtfuehrung\/#breadcrumb\"},\"inLanguage\":\"de\",\"potentialAction\":[{\"@type\":\"ReadAction\",\"target\":[\"https:\/\/now-news.de\/de\/deutschland\/russophobie-stader-journalist-fordert-ausgrenzung-russischsprachiger-bei-stadtfuehrung\/\"]}]},{\"@type\":\"ImageObject\",\"inLanguage\":\"de\",\"@id\":\"https:\/\/now-news.de\/de\/deutschland\/russophobie-stader-journalist-fordert-ausgrenzung-russischsprachiger-bei-stadtfuehrung\/#primaryimage\",\"url\":\"https:\/\/now-news.de\/de\/wp-content\/uploads\/sites\/3\/2026\/03\/Russophobie-Stader-Journalist-fordert-Ausgrenzung-Russischsprachiger-bei-Stadtfuehrung.jpg\",\"contentUrl\":\"https:\/\/now-news.de\/de\/wp-content\/uploads\/sites\/3\/2026\/03\/Russophobie-Stader-Journalist-fordert-Ausgrenzung-Russischsprachiger-bei-Stadtfuehrung.jpg\",\"width\":460,\"height\":259,\"caption\":\"Russophobie: Stader Journalist fordert Ausgrenzung Russischsprachiger bei Stadtf\u00fchrung\"},{\"@type\":\"BreadcrumbList\",\"@id\":\"https:\/\/now-news.de\/de\/deutschland\/russophobie-stader-journalist-fordert-ausgrenzung-russischsprachiger-bei-stadtfuehrung\/#breadcrumb\",\"itemListElement\":[{\"@type\":\"ListItem\",\"position\":1,\"name\":\"Home\",\"item\":\"https:\/\/now-news.de\/de\/\"},{\"@type\":\"ListItem\",\"position\":2,\"name\":\"Russophobie: Stader Journalist fordert Ausgrenzung Russischsprachiger bei Stadtf\u00fchrung\"}]},{\"@type\":\"WebSite\",\"@id\":\"https:\/\/now-news.de\/de\/#website\",\"url\":\"https:\/\/now-news.de\/de\/\",\"name\":\"just-now.NEWS Deutschland\",\"description\":\"Das Portal f\u00fcr unzensierte Nachrichten aus der Welt\",\"publisher\":{\"@id\":\"https:\/\/now-news.de\/de\/#organization\"},\"potentialAction\":[{\"@type\":\"SearchAction\",\"target\":{\"@type\":\"EntryPoint\",\"urlTemplate\":\"https:\/\/now-news.de\/de\/?s={search_term_string}\"},\"query-input\":\"required name=search_term_string\"}],\"inLanguage\":\"de\"},{\"@type\":\"Organization\",\"@id\":\"https:\/\/now-news.de\/de\/#organization\",\"name\":\"Just Now News\",\"url\":\"https:\/\/now-news.de\/de\/\",\"logo\":{\"@type\":\"ImageObject\",\"inLanguage\":\"de\",\"@id\":\"https:\/\/now-news.de\/de\/#\/schema\/logo\/image\/\",\"url\":\"http:\/\/just-now.news\/de\/wp-content\/uploads\/sites\/3\/2022\/04\/logo500x500.jpg\",\"contentUrl\":\"http:\/\/just-now.news\/de\/wp-content\/uploads\/sites\/3\/2022\/04\/logo500x500.jpg\",\"width\":500,\"height\":500,\"caption\":\"Just Now News\"},\"image\":{\"@id\":\"https:\/\/now-news.de\/de\/#\/schema\/logo\/image\/\"},\"sameAs\":[\"https:\/\/www.facebook.com\/wirmachenauf\",\"https:\/\/x.com\/WirMachenAuf_de\"]},{\"@type\":\"Person\",\"@id\":\"https:\/\/now-news.de\/de\/#\/schema\/person\/fb534a4e865501d8b3285208df34a9b5\",\"name\":\"rtnews\",\"image\":{\"@type\":\"ImageObject\",\"inLanguage\":\"de\",\"@id\":\"https:\/\/now-news.de\/de\/#\/schema\/person\/image\/\",\"url\":\"https:\/\/secure.gravatar.com\/avatar\/82aafea7d8127119dd649515f56e2117?s=96&d=mm&r=g\",\"contentUrl\":\"https:\/\/secure.gravatar.com\/avatar\/82aafea7d8127119dd649515f56e2117?s=96&d=mm&r=g\",\"caption\":\"rtnews\"},\"url\":\"https:\/\/now-news.de\/de\/author\/rnews\/\"}]}<\/script>\n<!-- \/ Yoast SEO Premium plugin. -->","yoast_head_json":{"title":"Russophobie: Stader Journalist fordert Ausgrenzung Russischsprachiger bei Stadtf\u00fchrung - just-now.NEWS Deutschland","robots":{"index":"index","follow":"follow","max-snippet":"max-snippet:-1","max-image-preview":"max-image-preview:large","max-video-preview":"max-video-preview:-1"},"canonical":"https:\/\/now-news.de\/de\/deutschland\/russophobie-stader-journalist-fordert-ausgrenzung-russischsprachiger-bei-stadtfuehrung\/","og_locale":"de_DE","og_type":"article","og_title":"Russophobie: Stader Journalist fordert Ausgrenzung Russischsprachiger bei Stadtf\u00fchrung","og_description":"Antirussischer Rassismus hat viele Gesichter. Besonders sch\u00e4big ist es, wenn die Presse ihre Reichweite benutzt, um Russen auszugrenzen. In der Hansestadt Stade meint die Lokalpresse, gegen eine auf Russisch gef\u00fchrte Stadtf\u00fchrung anzuschreiben zu m\u00fcssen. Von Astrid Sigena Wenn es um die Verbreitung von Russophobie geht, fallen einem meist Politiker ein. Wer erinnert sich nicht an [&hellip;]","og_url":"https:\/\/now-news.de\/de\/deutschland\/russophobie-stader-journalist-fordert-ausgrenzung-russischsprachiger-bei-stadtfuehrung\/","og_site_name":"just-now.NEWS Deutschland","article_publisher":"https:\/\/www.facebook.com\/wirmachenauf","article_published_time":"2026-03-25T12:31:26+00:00","og_image":[{"url":"https:\/\/now-news.de\/de\/wp-content\/uploads\/sites\/3\/2026\/03\/69c3c33e48fbef06f0505941.jpg"}],"author":"rtnews","twitter_card":"summary_large_image","twitter_creator":"@WirMachenAuf_de","twitter_site":"@WirMachenAuf_de","twitter_misc":{"Verfasst von":"rtnews","Gesch\u00e4tzte Lesezeit":"6\u00a0Minuten"},"schema":{"@context":"https:\/\/schema.org","@graph":[{"@type":"Article","@id":"https:\/\/now-news.de\/de\/deutschland\/russophobie-stader-journalist-fordert-ausgrenzung-russischsprachiger-bei-stadtfuehrung\/#article","isPartOf":{"@id":"https:\/\/now-news.de\/de\/deutschland\/russophobie-stader-journalist-fordert-ausgrenzung-russischsprachiger-bei-stadtfuehrung\/"},"author":{"name":"rtnews","@id":"https:\/\/now-news.de\/de\/#\/schema\/person\/fb534a4e865501d8b3285208df34a9b5"},"headline":"Russophobie: Stader Journalist fordert Ausgrenzung Russischsprachiger bei Stadtf\u00fchrung","datePublished":"2026-03-25T12:31:26+00:00","dateModified":"2026-03-25T12:31:26+00:00","mainEntityOfPage":{"@id":"https:\/\/now-news.de\/de\/deutschland\/russophobie-stader-journalist-fordert-ausgrenzung-russischsprachiger-bei-stadtfuehrung\/"},"wordCount":1204,"commentCount":0,"publisher":{"@id":"https:\/\/now-news.de\/de\/#organization"},"image":{"@id":"https:\/\/now-news.de\/de\/deutschland\/russophobie-stader-journalist-fordert-ausgrenzung-russischsprachiger-bei-stadtfuehrung\/#primaryimage"},"thumbnailUrl":"https:\/\/now-news.de\/de\/wp-content\/uploads\/sites\/3\/2026\/03\/Russophobie-Stader-Journalist-fordert-Ausgrenzung-Russischsprachiger-bei-Stadtfuehrung.jpg","keywords":["Ausgrenzung","bei","fordert","Journalist","russischsprachiger","Russophobie","Stader","Stadtf\u00fchrung"],"articleSection":["Deutschland","Russland"],"inLanguage":"de","potentialAction":[{"@type":"CommentAction","name":"Comment","target":["https:\/\/now-news.de\/de\/deutschland\/russophobie-stader-journalist-fordert-ausgrenzung-russischsprachiger-bei-stadtfuehrung\/#respond"]}]},{"@type":"WebPage","@id":"https:\/\/now-news.de\/de\/deutschland\/russophobie-stader-journalist-fordert-ausgrenzung-russischsprachiger-bei-stadtfuehrung\/","url":"https:\/\/now-news.de\/de\/deutschland\/russophobie-stader-journalist-fordert-ausgrenzung-russischsprachiger-bei-stadtfuehrung\/","name":"Russophobie: Stader Journalist fordert Ausgrenzung Russischsprachiger bei Stadtf\u00fchrung - just-now.NEWS Deutschland","isPartOf":{"@id":"https:\/\/now-news.de\/de\/#website"},"primaryImageOfPage":{"@id":"https:\/\/now-news.de\/de\/deutschland\/russophobie-stader-journalist-fordert-ausgrenzung-russischsprachiger-bei-stadtfuehrung\/#primaryimage"},"image":{"@id":"https:\/\/now-news.de\/de\/deutschland\/russophobie-stader-journalist-fordert-ausgrenzung-russischsprachiger-bei-stadtfuehrung\/#primaryimage"},"thumbnailUrl":"https:\/\/now-news.de\/de\/wp-content\/uploads\/sites\/3\/2026\/03\/Russophobie-Stader-Journalist-fordert-Ausgrenzung-Russischsprachiger-bei-Stadtfuehrung.jpg","datePublished":"2026-03-25T12:31:26+00:00","dateModified":"2026-03-25T12:31:26+00:00","breadcrumb":{"@id":"https:\/\/now-news.de\/de\/deutschland\/russophobie-stader-journalist-fordert-ausgrenzung-russischsprachiger-bei-stadtfuehrung\/#breadcrumb"},"inLanguage":"de","potentialAction":[{"@type":"ReadAction","target":["https:\/\/now-news.de\/de\/deutschland\/russophobie-stader-journalist-fordert-ausgrenzung-russischsprachiger-bei-stadtfuehrung\/"]}]},{"@type":"ImageObject","inLanguage":"de","@id":"https:\/\/now-news.de\/de\/deutschland\/russophobie-stader-journalist-fordert-ausgrenzung-russischsprachiger-bei-stadtfuehrung\/#primaryimage","url":"https:\/\/now-news.de\/de\/wp-content\/uploads\/sites\/3\/2026\/03\/Russophobie-Stader-Journalist-fordert-Ausgrenzung-Russischsprachiger-bei-Stadtfuehrung.jpg","contentUrl":"https:\/\/now-news.de\/de\/wp-content\/uploads\/sites\/3\/2026\/03\/Russophobie-Stader-Journalist-fordert-Ausgrenzung-Russischsprachiger-bei-Stadtfuehrung.jpg","width":460,"height":259,"caption":"Russophobie: Stader Journalist fordert Ausgrenzung Russischsprachiger bei Stadtf\u00fchrung"},{"@type":"BreadcrumbList","@id":"https:\/\/now-news.de\/de\/deutschland\/russophobie-stader-journalist-fordert-ausgrenzung-russischsprachiger-bei-stadtfuehrung\/#breadcrumb","itemListElement":[{"@type":"ListItem","position":1,"name":"Home","item":"https:\/\/now-news.de\/de\/"},{"@type":"ListItem","position":2,"name":"Russophobie: Stader Journalist fordert Ausgrenzung Russischsprachiger bei Stadtf\u00fchrung"}]},{"@type":"WebSite","@id":"https:\/\/now-news.de\/de\/#website","url":"https:\/\/now-news.de\/de\/","name":"just-now.NEWS Deutschland","description":"Das Portal f\u00fcr unzensierte Nachrichten aus der Welt","publisher":{"@id":"https:\/\/now-news.de\/de\/#organization"},"potentialAction":[{"@type":"SearchAction","target":{"@type":"EntryPoint","urlTemplate":"https:\/\/now-news.de\/de\/?s={search_term_string}"},"query-input":"required name=search_term_string"}],"inLanguage":"de"},{"@type":"Organization","@id":"https:\/\/now-news.de\/de\/#organization","name":"Just Now News","url":"https:\/\/now-news.de\/de\/","logo":{"@type":"ImageObject","inLanguage":"de","@id":"https:\/\/now-news.de\/de\/#\/schema\/logo\/image\/","url":"http:\/\/just-now.news\/de\/wp-content\/uploads\/sites\/3\/2022\/04\/logo500x500.jpg","contentUrl":"http:\/\/just-now.news\/de\/wp-content\/uploads\/sites\/3\/2022\/04\/logo500x500.jpg","width":500,"height":500,"caption":"Just Now News"},"image":{"@id":"https:\/\/now-news.de\/de\/#\/schema\/logo\/image\/"},"sameAs":["https:\/\/www.facebook.com\/wirmachenauf","https:\/\/x.com\/WirMachenAuf_de"]},{"@type":"Person","@id":"https:\/\/now-news.de\/de\/#\/schema\/person\/fb534a4e865501d8b3285208df34a9b5","name":"rtnews","image":{"@type":"ImageObject","inLanguage":"de","@id":"https:\/\/now-news.de\/de\/#\/schema\/person\/image\/","url":"https:\/\/secure.gravatar.com\/avatar\/82aafea7d8127119dd649515f56e2117?s=96&d=mm&r=g","contentUrl":"https:\/\/secure.gravatar.com\/avatar\/82aafea7d8127119dd649515f56e2117?s=96&d=mm&r=g","caption":"rtnews"},"url":"https:\/\/now-news.de\/de\/author\/rnews\/"}]}},"_links":{"self":[{"href":"https:\/\/now-news.de\/de\/wp-json\/wp\/v2\/posts\/100793"}],"collection":[{"href":"https:\/\/now-news.de\/de\/wp-json\/wp\/v2\/posts"}],"about":[{"href":"https:\/\/now-news.de\/de\/wp-json\/wp\/v2\/types\/post"}],"author":[{"embeddable":true,"href":"https:\/\/now-news.de\/de\/wp-json\/wp\/v2\/users\/3"}],"replies":[{"embeddable":true,"href":"https:\/\/now-news.de\/de\/wp-json\/wp\/v2\/comments?post=100793"}],"version-history":[{"count":0,"href":"https:\/\/now-news.de\/de\/wp-json\/wp\/v2\/posts\/100793\/revisions"}],"wp:featuredmedia":[{"embeddable":true,"href":"https:\/\/now-news.de\/de\/wp-json\/wp\/v2\/media\/100794"}],"wp:attachment":[{"href":"https:\/\/now-news.de\/de\/wp-json\/wp\/v2\/media?parent=100793"}],"wp:term":[{"taxonomy":"category","embeddable":true,"href":"https:\/\/now-news.de\/de\/wp-json\/wp\/v2\/categories?post=100793"},{"taxonomy":"post_tag","embeddable":true,"href":"https:\/\/now-news.de\/de\/wp-json\/wp\/v2\/tags?post=100793"}],"curies":[{"name":"wp","href":"https:\/\/api.w.org\/{rel}","templated":true}]}}