{"id":100782,"date":"2026-03-25T10:53:59","date_gmt":"2026-03-25T08:53:59","guid":{"rendered":"https:\/\/now-news.de\/de\/deutschland\/lukaschenko-in-pjoengjang-dvrk-und-weissrussland-werden-freundschaftsvertrag-unterzeichnen\/"},"modified":"2026-03-25T10:53:59","modified_gmt":"2026-03-25T08:53:59","slug":"lukaschenko-in-pjoengjang-dvrk-und-weissrussland-werden-freundschaftsvertrag-unterzeichnen","status":"publish","type":"post","link":"https:\/\/now-news.de\/de\/deutschland\/lukaschenko-in-pjoengjang-dvrk-und-weissrussland-werden-freundschaftsvertrag-unterzeichnen\/","title":{"rendered":"Lukaschenko in Pj\u00f6ngjang \u2013 DVRK und Wei\u00dfrussland werden Freundschaftsvertrag unterzeichnen\u00a0"},"content":{"rendered":"<p><img decoding=\"async\" src=\"https:\/\/now-news.de\/de\/wp-content\/uploads\/sites\/3\/2026\/03\/69c39905b480cc281f332dab.jpg\" \/><\/p>\n<div class=\"Text-root Text-type_1 \">\n                Der wei\u00dfrussische Pr\u00e4sident Alexander Lukaschenko ist zu einem offiziellen Besuch in der DVRK eingetroffen. Er findet am 25. und 26. M\u00e4rz auf Einladung des nordkoreanischen Staatschefs Kim Jong-un statt. Minsk und Pj\u00f6ngjang planen, die bilateralen Beziehungen zu vertiefen.\u00a0\n            <\/div>\n<p><\/p>\n<div class=\"Text-root Text-type_5 ArticleView-text ViewText-root \">\n<p>Der wei\u00dfrussische Staatschef Alexander Lukaschenko ist am Mittwoch zu einem zweit\u00e4gigen Besuch in der Hauptstadt der DVRK eingetroffen. Das\u00a0wei\u00dfrussische Pr\u00e4sidialamt <a rel=\"nofollow\" target=\"_blank\" href=\"https:\/\/president.gov.by\/ru\/events\/aleksandr-lukasenko-25-26-marta-soversit-oficial-nyj-vizit-v-kndr\" target=\"_blank\" rel=\"noopener noreferrer\">teilte<\/a>\u00a0mit: &#8220;Der Pr\u00e4sident der Republik Wei\u00dfrussland, Alexander Lukaschenko, ist zu dem offiziellen Besuch in der Demokratischen Volksrepublik Korea eingetroffen&#8221;. Im Mittelpunkt des Besuchs stehen die Gespr\u00e4che zwischen den Staatschefs beider L\u00e4nder, so das B\u00fcro.\u00a0<\/p>\n<p>Minsk und Pj\u00f6ngjang beabsichtigen, w\u00e4hrend der Verhandlungen ein Freundschafts- und Zusammenarbeitsabkommen zu unterzeichnen. Dies\u00a0<a rel=\"nofollow\" target=\"_blank\" href=\"https:\/\/belta.by\/politics\/view\/belarus-i-kndr-v-hode-vizita-lukashenko-v-phenjjan-namereny-podpisat-dogovor-o-druzhbe-771641-2026\/\" target=\"_blank\" rel=\"noopener noreferrer\">erkl\u00e4rte<\/a>\u00a0der wei\u00dfrussische Au\u00dfenminister Maxim Ryschenkow gegen\u00fcber Reportern. Ryschenkow w\u00f6rtlich:<\/p>\n<blockquote>\n<p><em>&#8220;Unser gr\u00f6\u00dftes Interesse an der DVRK besteht darin, wahrhaft freundschaftliche und partnerschaftliche Beziehungen zu st\u00e4rken. [\u2026] Es gibt eine ganze Reihe von Bereichen, die sowohl f\u00fcr die wei\u00dfrussische als auch f\u00fcr die koreanische Seite von Interesse sind. All diese Bereiche spiegeln sich in dem entsprechenden Freundschaftsvertrag wider, den die Staatschefs unserer L\u00e4nder unterzeichnen werden.&#8221;<\/em><\/p>\n<\/blockquote>\n<p>Ryschenkow zufolge werden die Seiten neben dem Freundschaftsabkommen noch neun weitere unterschiedliche Vereinbarungen unterschreiben, die die Zusammenarbeit in Bereichen wie Landwirtschaft, Bildung, Gesundheitswesen, Handel, Industrie sowie Wissenschaft vorsehen.\u00a0<\/p>\n<p>Die wei\u00dfrussische Nachrichtenagentur\u00a0<em>BelTA<\/em>\u00a0<a rel=\"nofollow\" target=\"_blank\" href=\"https:\/\/belta.by\/president\/view\/nachalsja-ofitsialnyj-vizit-lukashenko-v-kndr-771639-2026\/\" target=\"_blank\" rel=\"noopener noreferrer\">merkte<\/a>\u00a0an, dass sich Lukaschenko und Kim im September 2025 in Peking getroffen haben. Mit anderen eingeladenen ausl\u00e4ndischen Staats- und Regierungschefs haben sie an der Parade teilgenommen. Kim hat den wei\u00dfrussischen Pr\u00e4sidenten eingeladen, der DVRK einen Besuch abzustatten.<\/p>\n<p><strong>Mehr zum Thema <\/strong>\u2013\u00a0<a rel=\"nofollow\" target=\"_blank\" href=\"https:\/\/freedert.online\/international\/274454-usa-erwaegen-einladung-fuer-lukaschenko\/\" target=\"_blank\" rel=\"noopener noreferrer\">USA erw\u00e4gen Einladung f\u00fcr Lukaschenko zum Treffen mit Trump<\/a><\/p>\n<div class=\"EmbedBlock-root EmbedBlock-externalVideo EmbedBlock-rumble\">\n<div class=\"VkEmbed\"><iframe class=\"lazyload\" data-src=\"https:\/\/rumble.com\/embed\/v74ogpa\" frameborder=\"0\" width=\"853\" height=\"480\" allowfullscreen><\/iframe><\/div>\n<\/div>\n<\/div>\n<p><br \/>\n<br \/><a href=\"https:\/\/de.rt.com\/international\/274681-lukaschenko-in-pjoengjang-dvrk-und\/\">Source link <\/a><\/p>\n","protected":false},"excerpt":{"rendered":"<p>Der wei\u00dfrussische Pr\u00e4sident Alexander Lukaschenko ist zu einem offiziellen Besuch in der DVRK eingetroffen. Er findet am 25. und 26. M\u00e4rz auf Einladung des nordkoreanischen Staatschefs Kim Jong-un statt. Minsk und Pj\u00f6ngjang planen, die bilateralen Beziehungen zu vertiefen.\u00a0 Der wei\u00dfrussische Staatschef Alexander Lukaschenko ist am Mittwoch zu einem zweit\u00e4gigen Besuch in der Hauptstadt der DVRK [&hellip;]<\/p>\n","protected":false},"author":3,"featured_media":100783,"comment_status":"open","ping_status":"open","sticky":false,"template":"","format":"standard","meta":{"_yoast_indexnow_last_ping":["1774429086"],"wp_automatic_camp":["217"],"4b75d9d70ddf1315441ebbcc96cfb409":["Lukaschenko in Pj\u00f6ngjang \u2013 DVRK und Wei\u00dfrussland werden Freundschaftsvertrag unterzeichnen\u00a0"],"original_link":["https:\/\/de.rt.com\/international\/274681-lukaschenko-in-pjoengjang-dvrk-und\/"],"_thumbnail_id":["100783"],"jnews_social_counter_last_update":["1777625525"],"_wptgpro_p2tg_sent2tg":["a:1:{i:23737;s:19:\"2026-03-25 10:59:07\";}"]},"categories":[19,23],"tags":[59742,71992,21453,34850,140,21264,18575,1040],"yoast_head":"<!-- This site is optimized with the Yoast SEO Premium plugin v22.7 (Yoast SEO v22.7) - https:\/\/yoast.com\/wordpress\/plugins\/seo\/ -->\n<title>Lukaschenko in Pj\u00f6ngjang \u2013 DVRK und Wei\u00dfrussland werden Freundschaftsvertrag unterzeichnen\u00a0 - just-now.NEWS Deutschland<\/title>\n<meta name=\"robots\" content=\"index, follow, max-snippet:-1, max-image-preview:large, max-video-preview:-1\" \/>\n<link rel=\"canonical\" href=\"https:\/\/now-news.de\/de\/deutschland\/lukaschenko-in-pjoengjang-dvrk-und-weissrussland-werden-freundschaftsvertrag-unterzeichnen\/\" \/>\n<meta property=\"og:locale\" content=\"de_DE\" \/>\n<meta property=\"og:type\" content=\"article\" \/>\n<meta property=\"og:title\" content=\"Lukaschenko in Pj\u00f6ngjang \u2013 DVRK und Wei\u00dfrussland werden Freundschaftsvertrag unterzeichnen\u00a0\" \/>\n<meta property=\"og:description\" content=\"Der wei\u00dfrussische Pr\u00e4sident Alexander Lukaschenko ist zu einem offiziellen Besuch in der DVRK eingetroffen. Er findet am 25. und 26. M\u00e4rz auf Einladung des nordkoreanischen Staatschefs Kim Jong-un statt. Minsk und Pj\u00f6ngjang planen, die bilateralen Beziehungen zu vertiefen.\u00a0 Der wei\u00dfrussische Staatschef Alexander Lukaschenko ist am Mittwoch zu einem zweit\u00e4gigen Besuch in der Hauptstadt der DVRK [&hellip;]\" \/>\n<meta property=\"og:url\" content=\"https:\/\/now-news.de\/de\/deutschland\/lukaschenko-in-pjoengjang-dvrk-und-weissrussland-werden-freundschaftsvertrag-unterzeichnen\/\" \/>\n<meta property=\"og:site_name\" content=\"just-now.NEWS Deutschland\" \/>\n<meta property=\"article:publisher\" content=\"https:\/\/www.facebook.com\/wirmachenauf\" \/>\n<meta property=\"article:published_time\" content=\"2026-03-25T08:53:59+00:00\" \/>\n<meta property=\"og:image\" content=\"https:\/\/now-news.de\/de\/wp-content\/uploads\/sites\/3\/2026\/03\/69c39905b480cc281f332dab.jpg\" \/>\n<meta name=\"author\" content=\"rtnews\" \/>\n<meta name=\"twitter:card\" content=\"summary_large_image\" \/>\n<meta name=\"twitter:creator\" content=\"@WirMachenAuf_de\" \/>\n<meta name=\"twitter:site\" content=\"@WirMachenAuf_de\" \/>\n<meta name=\"twitter:label1\" content=\"Verfasst von\" \/>\n\t<meta name=\"twitter:data1\" content=\"rtnews\" \/>\n\t<meta name=\"twitter:label2\" content=\"Gesch\u00e4tzte Lesezeit\" \/>\n\t<meta name=\"twitter:data2\" content=\"1\u00a0Minute\" \/>\n<script type=\"application\/ld+json\" class=\"yoast-schema-graph\">{\"@context\":\"https:\/\/schema.org\",\"@graph\":[{\"@type\":\"Article\",\"@id\":\"https:\/\/now-news.de\/de\/deutschland\/lukaschenko-in-pjoengjang-dvrk-und-weissrussland-werden-freundschaftsvertrag-unterzeichnen\/#article\",\"isPartOf\":{\"@id\":\"https:\/\/now-news.de\/de\/deutschland\/lukaschenko-in-pjoengjang-dvrk-und-weissrussland-werden-freundschaftsvertrag-unterzeichnen\/\"},\"author\":{\"name\":\"rtnews\",\"@id\":\"https:\/\/now-news.de\/de\/#\/schema\/person\/fb534a4e865501d8b3285208df34a9b5\"},\"headline\":\"Lukaschenko in Pj\u00f6ngjang \u2013 DVRK und Wei\u00dfrussland werden Freundschaftsvertrag unterzeichnen\u00a0\",\"datePublished\":\"2026-03-25T08:53:59+00:00\",\"dateModified\":\"2026-03-25T08:53:59+00:00\",\"mainEntityOfPage\":{\"@id\":\"https:\/\/now-news.de\/de\/deutschland\/lukaschenko-in-pjoengjang-dvrk-und-weissrussland-werden-freundschaftsvertrag-unterzeichnen\/\"},\"wordCount\":296,\"commentCount\":0,\"publisher\":{\"@id\":\"https:\/\/now-news.de\/de\/#organization\"},\"image\":{\"@id\":\"https:\/\/now-news.de\/de\/deutschland\/lukaschenko-in-pjoengjang-dvrk-und-weissrussland-werden-freundschaftsvertrag-unterzeichnen\/#primaryimage\"},\"thumbnailUrl\":\"https:\/\/now-news.de\/de\/wp-content\/uploads\/sites\/3\/2026\/03\/Lukaschenko-in-Pjoengjang-\u2013-DVRK-und-Weissrussland-werden-Freundschaftsvertrag-unterzeichnen.jpg\",\"keywords\":[\"DVRK\",\"Freundschaftsvertrag\",\"Lukaschenko\",\"Pj\u00f6ngjang\",\"und\",\"unterzeichnen\",\"Wei\u00dfrussland\",\"Werden\"],\"articleSection\":[\"Deutschland\",\"Russland\"],\"inLanguage\":\"de\",\"potentialAction\":[{\"@type\":\"CommentAction\",\"name\":\"Comment\",\"target\":[\"https:\/\/now-news.de\/de\/deutschland\/lukaschenko-in-pjoengjang-dvrk-und-weissrussland-werden-freundschaftsvertrag-unterzeichnen\/#respond\"]}]},{\"@type\":\"WebPage\",\"@id\":\"https:\/\/now-news.de\/de\/deutschland\/lukaschenko-in-pjoengjang-dvrk-und-weissrussland-werden-freundschaftsvertrag-unterzeichnen\/\",\"url\":\"https:\/\/now-news.de\/de\/deutschland\/lukaschenko-in-pjoengjang-dvrk-und-weissrussland-werden-freundschaftsvertrag-unterzeichnen\/\",\"name\":\"Lukaschenko in Pj\u00f6ngjang \u2013 DVRK und Wei\u00dfrussland werden Freundschaftsvertrag unterzeichnen\u00a0 - just-now.NEWS Deutschland\",\"isPartOf\":{\"@id\":\"https:\/\/now-news.de\/de\/#website\"},\"primaryImageOfPage\":{\"@id\":\"https:\/\/now-news.de\/de\/deutschland\/lukaschenko-in-pjoengjang-dvrk-und-weissrussland-werden-freundschaftsvertrag-unterzeichnen\/#primaryimage\"},\"image\":{\"@id\":\"https:\/\/now-news.de\/de\/deutschland\/lukaschenko-in-pjoengjang-dvrk-und-weissrussland-werden-freundschaftsvertrag-unterzeichnen\/#primaryimage\"},\"thumbnailUrl\":\"https:\/\/now-news.de\/de\/wp-content\/uploads\/sites\/3\/2026\/03\/Lukaschenko-in-Pjoengjang-\u2013-DVRK-und-Weissrussland-werden-Freundschaftsvertrag-unterzeichnen.jpg\",\"datePublished\":\"2026-03-25T08:53:59+00:00\",\"dateModified\":\"2026-03-25T08:53:59+00:00\",\"breadcrumb\":{\"@id\":\"https:\/\/now-news.de\/de\/deutschland\/lukaschenko-in-pjoengjang-dvrk-und-weissrussland-werden-freundschaftsvertrag-unterzeichnen\/#breadcrumb\"},\"inLanguage\":\"de\",\"potentialAction\":[{\"@type\":\"ReadAction\",\"target\":[\"https:\/\/now-news.de\/de\/deutschland\/lukaschenko-in-pjoengjang-dvrk-und-weissrussland-werden-freundschaftsvertrag-unterzeichnen\/\"]}]},{\"@type\":\"ImageObject\",\"inLanguage\":\"de\",\"@id\":\"https:\/\/now-news.de\/de\/deutschland\/lukaschenko-in-pjoengjang-dvrk-und-weissrussland-werden-freundschaftsvertrag-unterzeichnen\/#primaryimage\",\"url\":\"https:\/\/now-news.de\/de\/wp-content\/uploads\/sites\/3\/2026\/03\/Lukaschenko-in-Pjoengjang-\u2013-DVRK-und-Weissrussland-werden-Freundschaftsvertrag-unterzeichnen.jpg\",\"contentUrl\":\"https:\/\/now-news.de\/de\/wp-content\/uploads\/sites\/3\/2026\/03\/Lukaschenko-in-Pjoengjang-\u2013-DVRK-und-Weissrussland-werden-Freundschaftsvertrag-unterzeichnen.jpg\",\"width\":460,\"height\":259,\"caption\":\"Lukaschenko in Pj\u00f6ngjang \u2013 DVRK und Wei\u00dfrussland werden Freundschaftsvertrag unterzeichnen\u00a0\"},{\"@type\":\"BreadcrumbList\",\"@id\":\"https:\/\/now-news.de\/de\/deutschland\/lukaschenko-in-pjoengjang-dvrk-und-weissrussland-werden-freundschaftsvertrag-unterzeichnen\/#breadcrumb\",\"itemListElement\":[{\"@type\":\"ListItem\",\"position\":1,\"name\":\"Home\",\"item\":\"https:\/\/now-news.de\/de\/\"},{\"@type\":\"ListItem\",\"position\":2,\"name\":\"Lukaschenko in Pj\u00f6ngjang \u2013 DVRK und Wei\u00dfrussland werden Freundschaftsvertrag unterzeichnen\u00a0\"}]},{\"@type\":\"WebSite\",\"@id\":\"https:\/\/now-news.de\/de\/#website\",\"url\":\"https:\/\/now-news.de\/de\/\",\"name\":\"just-now.NEWS Deutschland\",\"description\":\"Das Portal f\u00fcr unzensierte Nachrichten aus der Welt\",\"publisher\":{\"@id\":\"https:\/\/now-news.de\/de\/#organization\"},\"potentialAction\":[{\"@type\":\"SearchAction\",\"target\":{\"@type\":\"EntryPoint\",\"urlTemplate\":\"https:\/\/now-news.de\/de\/?s={search_term_string}\"},\"query-input\":\"required name=search_term_string\"}],\"inLanguage\":\"de\"},{\"@type\":\"Organization\",\"@id\":\"https:\/\/now-news.de\/de\/#organization\",\"name\":\"Just Now News\",\"url\":\"https:\/\/now-news.de\/de\/\",\"logo\":{\"@type\":\"ImageObject\",\"inLanguage\":\"de\",\"@id\":\"https:\/\/now-news.de\/de\/#\/schema\/logo\/image\/\",\"url\":\"http:\/\/just-now.news\/de\/wp-content\/uploads\/sites\/3\/2022\/04\/logo500x500.jpg\",\"contentUrl\":\"http:\/\/just-now.news\/de\/wp-content\/uploads\/sites\/3\/2022\/04\/logo500x500.jpg\",\"width\":500,\"height\":500,\"caption\":\"Just Now News\"},\"image\":{\"@id\":\"https:\/\/now-news.de\/de\/#\/schema\/logo\/image\/\"},\"sameAs\":[\"https:\/\/www.facebook.com\/wirmachenauf\",\"https:\/\/x.com\/WirMachenAuf_de\"]},{\"@type\":\"Person\",\"@id\":\"https:\/\/now-news.de\/de\/#\/schema\/person\/fb534a4e865501d8b3285208df34a9b5\",\"name\":\"rtnews\",\"image\":{\"@type\":\"ImageObject\",\"inLanguage\":\"de\",\"@id\":\"https:\/\/now-news.de\/de\/#\/schema\/person\/image\/\",\"url\":\"https:\/\/secure.gravatar.com\/avatar\/82aafea7d8127119dd649515f56e2117?s=96&d=mm&r=g\",\"contentUrl\":\"https:\/\/secure.gravatar.com\/avatar\/82aafea7d8127119dd649515f56e2117?s=96&d=mm&r=g\",\"caption\":\"rtnews\"},\"url\":\"https:\/\/now-news.de\/de\/author\/rnews\/\"}]}<\/script>\n<!-- \/ Yoast SEO Premium plugin. -->","yoast_head_json":{"title":"Lukaschenko in Pj\u00f6ngjang \u2013 DVRK und Wei\u00dfrussland werden Freundschaftsvertrag unterzeichnen\u00a0 - just-now.NEWS Deutschland","robots":{"index":"index","follow":"follow","max-snippet":"max-snippet:-1","max-image-preview":"max-image-preview:large","max-video-preview":"max-video-preview:-1"},"canonical":"https:\/\/now-news.de\/de\/deutschland\/lukaschenko-in-pjoengjang-dvrk-und-weissrussland-werden-freundschaftsvertrag-unterzeichnen\/","og_locale":"de_DE","og_type":"article","og_title":"Lukaschenko in Pj\u00f6ngjang \u2013 DVRK und Wei\u00dfrussland werden Freundschaftsvertrag unterzeichnen\u00a0","og_description":"Der wei\u00dfrussische Pr\u00e4sident Alexander Lukaschenko ist zu einem offiziellen Besuch in der DVRK eingetroffen. Er findet am 25. und 26. M\u00e4rz auf Einladung des nordkoreanischen Staatschefs Kim Jong-un statt. Minsk und Pj\u00f6ngjang planen, die bilateralen Beziehungen zu vertiefen.\u00a0 Der wei\u00dfrussische Staatschef Alexander Lukaschenko ist am Mittwoch zu einem zweit\u00e4gigen Besuch in der Hauptstadt der DVRK [&hellip;]","og_url":"https:\/\/now-news.de\/de\/deutschland\/lukaschenko-in-pjoengjang-dvrk-und-weissrussland-werden-freundschaftsvertrag-unterzeichnen\/","og_site_name":"just-now.NEWS Deutschland","article_publisher":"https:\/\/www.facebook.com\/wirmachenauf","article_published_time":"2026-03-25T08:53:59+00:00","og_image":[{"url":"https:\/\/now-news.de\/de\/wp-content\/uploads\/sites\/3\/2026\/03\/69c39905b480cc281f332dab.jpg"}],"author":"rtnews","twitter_card":"summary_large_image","twitter_creator":"@WirMachenAuf_de","twitter_site":"@WirMachenAuf_de","twitter_misc":{"Verfasst von":"rtnews","Gesch\u00e4tzte Lesezeit":"1\u00a0Minute"},"schema":{"@context":"https:\/\/schema.org","@graph":[{"@type":"Article","@id":"https:\/\/now-news.de\/de\/deutschland\/lukaschenko-in-pjoengjang-dvrk-und-weissrussland-werden-freundschaftsvertrag-unterzeichnen\/#article","isPartOf":{"@id":"https:\/\/now-news.de\/de\/deutschland\/lukaschenko-in-pjoengjang-dvrk-und-weissrussland-werden-freundschaftsvertrag-unterzeichnen\/"},"author":{"name":"rtnews","@id":"https:\/\/now-news.de\/de\/#\/schema\/person\/fb534a4e865501d8b3285208df34a9b5"},"headline":"Lukaschenko in Pj\u00f6ngjang \u2013 DVRK und Wei\u00dfrussland werden Freundschaftsvertrag unterzeichnen\u00a0","datePublished":"2026-03-25T08:53:59+00:00","dateModified":"2026-03-25T08:53:59+00:00","mainEntityOfPage":{"@id":"https:\/\/now-news.de\/de\/deutschland\/lukaschenko-in-pjoengjang-dvrk-und-weissrussland-werden-freundschaftsvertrag-unterzeichnen\/"},"wordCount":296,"commentCount":0,"publisher":{"@id":"https:\/\/now-news.de\/de\/#organization"},"image":{"@id":"https:\/\/now-news.de\/de\/deutschland\/lukaschenko-in-pjoengjang-dvrk-und-weissrussland-werden-freundschaftsvertrag-unterzeichnen\/#primaryimage"},"thumbnailUrl":"https:\/\/now-news.de\/de\/wp-content\/uploads\/sites\/3\/2026\/03\/Lukaschenko-in-Pjoengjang-\u2013-DVRK-und-Weissrussland-werden-Freundschaftsvertrag-unterzeichnen.jpg","keywords":["DVRK","Freundschaftsvertrag","Lukaschenko","Pj\u00f6ngjang","und","unterzeichnen","Wei\u00dfrussland","Werden"],"articleSection":["Deutschland","Russland"],"inLanguage":"de","potentialAction":[{"@type":"CommentAction","name":"Comment","target":["https:\/\/now-news.de\/de\/deutschland\/lukaschenko-in-pjoengjang-dvrk-und-weissrussland-werden-freundschaftsvertrag-unterzeichnen\/#respond"]}]},{"@type":"WebPage","@id":"https:\/\/now-news.de\/de\/deutschland\/lukaschenko-in-pjoengjang-dvrk-und-weissrussland-werden-freundschaftsvertrag-unterzeichnen\/","url":"https:\/\/now-news.de\/de\/deutschland\/lukaschenko-in-pjoengjang-dvrk-und-weissrussland-werden-freundschaftsvertrag-unterzeichnen\/","name":"Lukaschenko in Pj\u00f6ngjang \u2013 DVRK und Wei\u00dfrussland werden Freundschaftsvertrag unterzeichnen\u00a0 - just-now.NEWS Deutschland","isPartOf":{"@id":"https:\/\/now-news.de\/de\/#website"},"primaryImageOfPage":{"@id":"https:\/\/now-news.de\/de\/deutschland\/lukaschenko-in-pjoengjang-dvrk-und-weissrussland-werden-freundschaftsvertrag-unterzeichnen\/#primaryimage"},"image":{"@id":"https:\/\/now-news.de\/de\/deutschland\/lukaschenko-in-pjoengjang-dvrk-und-weissrussland-werden-freundschaftsvertrag-unterzeichnen\/#primaryimage"},"thumbnailUrl":"https:\/\/now-news.de\/de\/wp-content\/uploads\/sites\/3\/2026\/03\/Lukaschenko-in-Pjoengjang-\u2013-DVRK-und-Weissrussland-werden-Freundschaftsvertrag-unterzeichnen.jpg","datePublished":"2026-03-25T08:53:59+00:00","dateModified":"2026-03-25T08:53:59+00:00","breadcrumb":{"@id":"https:\/\/now-news.de\/de\/deutschland\/lukaschenko-in-pjoengjang-dvrk-und-weissrussland-werden-freundschaftsvertrag-unterzeichnen\/#breadcrumb"},"inLanguage":"de","potentialAction":[{"@type":"ReadAction","target":["https:\/\/now-news.de\/de\/deutschland\/lukaschenko-in-pjoengjang-dvrk-und-weissrussland-werden-freundschaftsvertrag-unterzeichnen\/"]}]},{"@type":"ImageObject","inLanguage":"de","@id":"https:\/\/now-news.de\/de\/deutschland\/lukaschenko-in-pjoengjang-dvrk-und-weissrussland-werden-freundschaftsvertrag-unterzeichnen\/#primaryimage","url":"https:\/\/now-news.de\/de\/wp-content\/uploads\/sites\/3\/2026\/03\/Lukaschenko-in-Pjoengjang-\u2013-DVRK-und-Weissrussland-werden-Freundschaftsvertrag-unterzeichnen.jpg","contentUrl":"https:\/\/now-news.de\/de\/wp-content\/uploads\/sites\/3\/2026\/03\/Lukaschenko-in-Pjoengjang-\u2013-DVRK-und-Weissrussland-werden-Freundschaftsvertrag-unterzeichnen.jpg","width":460,"height":259,"caption":"Lukaschenko in Pj\u00f6ngjang \u2013 DVRK und Wei\u00dfrussland werden Freundschaftsvertrag unterzeichnen\u00a0"},{"@type":"BreadcrumbList","@id":"https:\/\/now-news.de\/de\/deutschland\/lukaschenko-in-pjoengjang-dvrk-und-weissrussland-werden-freundschaftsvertrag-unterzeichnen\/#breadcrumb","itemListElement":[{"@type":"ListItem","position":1,"name":"Home","item":"https:\/\/now-news.de\/de\/"},{"@type":"ListItem","position":2,"name":"Lukaschenko in Pj\u00f6ngjang \u2013 DVRK und Wei\u00dfrussland werden Freundschaftsvertrag unterzeichnen\u00a0"}]},{"@type":"WebSite","@id":"https:\/\/now-news.de\/de\/#website","url":"https:\/\/now-news.de\/de\/","name":"just-now.NEWS Deutschland","description":"Das Portal f\u00fcr unzensierte Nachrichten aus der Welt","publisher":{"@id":"https:\/\/now-news.de\/de\/#organization"},"potentialAction":[{"@type":"SearchAction","target":{"@type":"EntryPoint","urlTemplate":"https:\/\/now-news.de\/de\/?s={search_term_string}"},"query-input":"required name=search_term_string"}],"inLanguage":"de"},{"@type":"Organization","@id":"https:\/\/now-news.de\/de\/#organization","name":"Just Now News","url":"https:\/\/now-news.de\/de\/","logo":{"@type":"ImageObject","inLanguage":"de","@id":"https:\/\/now-news.de\/de\/#\/schema\/logo\/image\/","url":"http:\/\/just-now.news\/de\/wp-content\/uploads\/sites\/3\/2022\/04\/logo500x500.jpg","contentUrl":"http:\/\/just-now.news\/de\/wp-content\/uploads\/sites\/3\/2022\/04\/logo500x500.jpg","width":500,"height":500,"caption":"Just Now News"},"image":{"@id":"https:\/\/now-news.de\/de\/#\/schema\/logo\/image\/"},"sameAs":["https:\/\/www.facebook.com\/wirmachenauf","https:\/\/x.com\/WirMachenAuf_de"]},{"@type":"Person","@id":"https:\/\/now-news.de\/de\/#\/schema\/person\/fb534a4e865501d8b3285208df34a9b5","name":"rtnews","image":{"@type":"ImageObject","inLanguage":"de","@id":"https:\/\/now-news.de\/de\/#\/schema\/person\/image\/","url":"https:\/\/secure.gravatar.com\/avatar\/82aafea7d8127119dd649515f56e2117?s=96&d=mm&r=g","contentUrl":"https:\/\/secure.gravatar.com\/avatar\/82aafea7d8127119dd649515f56e2117?s=96&d=mm&r=g","caption":"rtnews"},"url":"https:\/\/now-news.de\/de\/author\/rnews\/"}]}},"_links":{"self":[{"href":"https:\/\/now-news.de\/de\/wp-json\/wp\/v2\/posts\/100782"}],"collection":[{"href":"https:\/\/now-news.de\/de\/wp-json\/wp\/v2\/posts"}],"about":[{"href":"https:\/\/now-news.de\/de\/wp-json\/wp\/v2\/types\/post"}],"author":[{"embeddable":true,"href":"https:\/\/now-news.de\/de\/wp-json\/wp\/v2\/users\/3"}],"replies":[{"embeddable":true,"href":"https:\/\/now-news.de\/de\/wp-json\/wp\/v2\/comments?post=100782"}],"version-history":[{"count":0,"href":"https:\/\/now-news.de\/de\/wp-json\/wp\/v2\/posts\/100782\/revisions"}],"wp:featuredmedia":[{"embeddable":true,"href":"https:\/\/now-news.de\/de\/wp-json\/wp\/v2\/media\/100783"}],"wp:attachment":[{"href":"https:\/\/now-news.de\/de\/wp-json\/wp\/v2\/media?parent=100782"}],"wp:term":[{"taxonomy":"category","embeddable":true,"href":"https:\/\/now-news.de\/de\/wp-json\/wp\/v2\/categories?post=100782"},{"taxonomy":"post_tag","embeddable":true,"href":"https:\/\/now-news.de\/de\/wp-json\/wp\/v2\/tags?post=100782"}],"curies":[{"name":"wp","href":"https:\/\/api.w.org\/{rel}","templated":true}]}}