{"id":100778,"date":"2026-03-25T07:30:00","date_gmt":"2026-03-25T05:30:00","guid":{"rendered":"https:\/\/now-news.de\/de\/deutschland\/staatsraesonkonform-linke-spitze-kuscht-vor-hetzkampagne-der-hasbara-front\/"},"modified":"2026-03-25T07:30:00","modified_gmt":"2026-03-25T05:30:00","slug":"staatsraesonkonform-linke-spitze-kuscht-vor-hetzkampagne-der-hasbara-front","status":"publish","type":"post","link":"https:\/\/now-news.de\/de\/deutschland\/staatsraesonkonform-linke-spitze-kuscht-vor-hetzkampagne-der-hasbara-front\/","title":{"rendered":"Staatsr\u00e4sonkonform: Linke-Spitze kuscht vor Hetzkampagne der Hasbara-Front"},"content":{"rendered":"<p><img decoding=\"async\" src=\"https:\/\/now-news.de\/de\/wp-content\/uploads\/sites\/3\/2026\/03\/69c2712a48fbef29c87f3d12.jpg\" \/><\/p>\n<div class=\"Text-root Text-type_1 \">\n                Ein Landesverband der Linken spricht sich gegen Zionismus aus. Wie erwartet schreit die Presse: &#8220;Antisemitismus!&#8221; Ein Hasbara-Preistr\u00e4ger wittert in der &#8220;taz&#8221; sogar die gro\u00dfe links-islamistische Weltverschw\u00f6rung von &#8220;Mullah-Genossen&#8221;. Und die Parteichefs? Die knicken gehorsam ein.\n            <\/div>\n<p><\/p>\n<div class=\"Text-root Text-type_5 ArticleView-text ViewText-root \">\n<p><em>Von Alexandra Nollok<\/em><\/p>\n<p>Puh, der nieders\u00e4chsische Landesverband der Linken hat das Wort &#8220;Zionismus&#8221; gesagt! &#8220;Antisemitismus!&#8221;, kreischt der Mainstream wie auf Knopfdruck. Die b\u00fcrgerliche Presse tobt, der Inlandsgeheimdienst &#8220;untersucht&#8221; und die Hasbara-Front verbreitet mal wieder wirre Theorien einer angeblichen links-islamistischen Weltverschw\u00f6rung. Ihr Ziel haben sie ganz leicht erreicht: Die Linke-Spitze distanzierte sich ganz aufgeregt, ma\u00dfregelte die &#8220;Misset\u00e4ter&#8221; und gelobte unterw\u00fcrfig Besserung. Klar, sie will ja einmal mitregieren d\u00fcrfen. Hoch dotierte Schw\u00e4tzerposten sind verlockend.<\/p>\n<p><strong>Harmloser Beschluss<\/strong><\/p>\n<p>Was ist passiert? Vorletztes Wochenende hatte der Landesparteitag der Linken in Niedersachsen einen Antrag abgesegnet. Sein Titel: <a rel=\"nofollow\" target=\"_blank\" href=\"https:\/\/www.dielinke-nds.de\/fileadmin\/user_upload\/A01_geaendert.pdf\" target=\"_blank\" rel=\"noopener noreferrer\">&#8220;Die Linke Niedersachsen lehnt den heute real existierenden Zionismus ab&#8221;<\/a>. Gemeint sei nur der aktuell von Israels Regierung praktizierte &#8220;politische Zionismus, der sich durch Rassismus, Besatzungspolitik und milit\u00e4rische Gewalt auszeichnet&#8221;, erl\u00e4utern die Antragsteller seicht. Abgesehen davon, dass Zionismus schon immer eine politische Bewegung dieser Art war, sind die Attribute wahr, wie jeder live verfolgen kann.<\/p>\n<p>Dann kritisieren die Antragsteller vorschriftsm\u00e4\u00dfig erst einmal die Hamas, bevor sie konstatieren: Die jahrzehntelange Apartheid raube den Pal\u00e4stinensern Perspektiven und f\u00fchre deshalb auch zu Terror. Man h\u00e4tte es auch einfach bewaffneten Widerstand gegen bewaffnete Unterdr\u00fccker nennen k\u00f6nnen. Immerhin erw\u00e4hnen sie den Genozid in Gaza, allerdings ein bisschen so, als w\u00e4re das eher eine Nebensache. Linke in Spanien oder Irland h\u00e4tten die Antragsteller wohl eher proisraelischer Unterw\u00fcrfigkeit bezichtigt. Dem folgt ein linker Allgemeinplatz:<\/p>\n<p><em>&#8220;Die Linke Niedersachsen tritt ein f\u00fcr das Recht eines jeden Menschen auf ein selbstbestimmtes Leben in Frieden, Freiheit, Sicherheit und W\u00fcrde.&#8221;<\/em><\/p>\n<p>Klar, es ist der ma\u00dfgebliche Kerninhalt linker Positionen, gleiche Rechte f\u00fcr alle Menschen zu fordern. Das n\u00e4mlich unterscheidet sie grunds\u00e4tzlich von einer rechten Haltung, die Hierarchien bef\u00fcrwortet. Man fragt sich, was an diesem seichten Antrag radikal sein soll, oder gar, wie vorgeworfen: antisemitisch.<\/p>\n<p><strong>Staatsr\u00e4sonw\u00e4chter in Aktion<\/strong><\/p>\n<p>Es ist das deutsche Tabuwort &#8220;Zionismus&#8221;, das die Staatsr\u00e4sonw\u00e4chter auf die Barrikaden treibt. Dabei ist das der g\u00e4ngige Begriff f\u00fcr die politischen Doktrinen Israels und dessen Lobby in aller Welt: ein m\u00f6glichst ethnisch reiner j\u00fcdischer Nationalstaat im ehemaligen Pal\u00e4stina \u2013 auf dem Land Hunderttausender zuvor vertriebener, enteigneter, letztendlich vielfach ermordeter Menschen.<\/p>\n<p>Die Kolonialherrenseele der Staatsr\u00e4sonisten st\u00f6rt sich wenig an der wachsenden sechsstelligen Zahl der Opfer durch Israels brachiale Gewalt: Ermordete, Verst\u00fcmmelte, Vertriebene, Verhungerte, an heilbaren Krankheiten Gestorbene \u2013 darunter Zehntausende Kinder \u2013 nicht nur in Gaza, sondern zunehmend im Westjordanland, im Libanon, Syrien, nun auch in Iran. Sie st\u00f6\u00dft nicht an dem grassierenden antiarabischen Rassismus in Deutschland, der Polizisten pr\u00fcgeln, Medien verleumden und Politiker hetzen l\u00e4sst.<\/p>\n<p>Doch so ein Schlagwort, das die so gern verdr\u00e4ngte, unsch\u00f6ne Realit\u00e4t bezeichnet, triggert ihre Leugner und l\u00e4sst die Mainstream-Medien schwere Gesch\u00fctze auffahren. Antisemiten h\u00e4tten wohl das Sagen in der Linken \u00fcbernommen, <a rel=\"nofollow\" target=\"_blank\" href=\"https:\/\/www.zeit.de\/politik\/deutschland\/2026-03\/antisemitismus-linke-zionismus-niedersachsen-nahostbeschluss\" target=\"_blank\" rel=\"noopener noreferrer\">fabulierte ein Autor in der <em>ZEIT<\/em><\/a>. Der Zentralrat der Juden, der nicht einmal die H\u00e4lfte der in Deutschland lebenden Juden vertritt und mittlerweile zum Sprachrohr der israelischen Regierung geworden ist, durfte sich prominent in der <em>Tagesschau<\/em> emp\u00f6ren. Der Beschluss sei <a rel=\"nofollow\" target=\"_blank\" href=\"https:\/\/www.tagesschau.de\/inland\/innenpolitik\/linke-vorwuefer-zentralrat-der-juden-100.html\" target=\"_blank\" rel=\"noopener noreferrer\">&#8220;ein Angriff auf das Selbstbestimmungsrecht des j\u00fcdischen Volkes&#8221;<\/a>, tobte dessen Pr\u00e4sident Josef Schuster.<\/p>\n<p><strong>Geheimdienst pr\u00fcft Gesinnung<\/strong><\/p>\n<p>Zu Schusters \u00c4u\u00dferungen l\u00e4sst sich zun\u00e4chst einmal feststellen: Erstens setzt er Israel und Zionismus mit allen Juden gleich, was tats\u00e4chlich antisemitisch ist. Zweitens kreiert er &#8220;ein Volk&#8221; aus allen Juden, was bei Deutschen ungute historische Erinnerungen wecken sollte. Drittens bastelt er aus alledem zum Schluss den neuen Lieblingsvorwurf: &#8220;Jeder kann sehen: Der linke Antizionismus ist schlecht kaschierter Antisemitismus.&#8221;<\/p>\n<p>Nat\u00fcrlich wei\u00df Herr Schuster gut, dass ein nicht kleiner Teil der Juden selber Antizionisten sind, manche von ihnen sogar den Staat Israel ablehnen. F\u00fcr Linke haben ohnehin nicht Staaten, sondern Menschen ein Existenzrecht. Auch antizionistische Juden leiden unter Antisemitismus. Doch dieser rechte antij\u00fcdische Rassismus wird in Deutschland gern versteckt: Man erfindet einfach einen neuen, wahlweise kaschierten oder importierten Antisemitismus und schiebt ihn seinen &#8220;Feinden&#8221; in die Schuhe: Linken und Migranten.<\/p>\n<p>Derartige Medienkampagnen sind keine Kleinigkeit. Wen eine solche trifft, muss nicht nur mit einem Shitstorm in sozialen Medien rechnen, sondern auch mit Drohungen, Entlassung, Berufsverbot, juristischer Verfolgung und sogar geheimdienstlicher \u00dcberwachung. So hat sich der Verfassungsschutz nun den Linke-Verband in Niedersachsen vorgekn\u00f6pft. Er pr\u00fcfe dessen Aussagen und was wohl dahinterstecke, <a rel=\"nofollow\" target=\"_blank\" href=\"https:\/\/www.ndr.de\/nachrichten\/niedersachsen\/verfassungsschutz-prueft-israelaussagen-der-partei-die-linke,linkspartei-258.html\" target=\"_blank\" rel=\"noopener noreferrer\">berichtete der <em>NDR<\/em><\/a>.<\/p>\n<p><strong>Hasbara-Aktivist im Verschw\u00f6rungswahn<\/strong><\/p>\n<p>Den sprichw\u00f6rtlichen Vogel abgeschossen hat wieder mal der <em>taz<\/em>-Autor Nicholas Potter. Sein Propagandawerk tr\u00e4gt den Titel: <a rel=\"nofollow\" target=\"_blank\" href=\"https:\/\/taz.de\/Genossen-von-Mullahs-und-Moerdern\/!6163550\/\" target=\"_blank\" rel=\"noopener noreferrer\">&#8220;Genossen von Mullahs und M\u00f6rdern \u2013 Die neue autorit\u00e4re Linke&#8221;<\/a>. Es folgt so bekanntes wie unbelegtes Hasbara-Geschwurbel: Diese Linken seien in Sekten organisierte gef\u00e4hrliche Antiimperialisten, die mit israelfeindlichen Netzwerken kooperieren, die Unis und Kulturszene unterwandern und so weiter.<\/p>\n<p>Dahinter stecken zwei Verschw\u00f6rungstheorien: Die erste grassiert seit Jahrzehnten, stammt aus rechtslibert\u00e4ren US-Thinktanks, nennt sich &#8220;Kulturmarxismus&#8221; und spinnt die Geschichte von geheimen marxistischen B\u00fcnden, die staatliche Institutionen unterwandern w\u00fcrden. Des Bundeskanzlers Kulturstaatsminister Wolfram Weimer l\u00e4sst gr\u00fc\u00dfen.<\/p>\n<p>Die zweite These fabuliert eine links-islamistische Gro\u00dfverschw\u00f6rung herbei, also angebliche Zirkel aus Kommunisten (vom Mainstream bis hin zum Verfassungsschutz als &#8220;autorit\u00e4re Linke&#8221; betitelt) und radikalen Muslimen, die im Untergrund gegen &#8220;den Westen&#8221; arbeiten w\u00fcrden. Stark verbreitet wurde diese M\u00e4r Anfang der 2000er-Jahre vor allem von der franz\u00f6sischen Rechten, der nicht gefiel, dass einheimische und algerische Arbeiter gemeinsam auf die Stra\u00dfe gingen. Algerien war bis zum Jahr 1962 eine franz\u00f6sische Kolonie.<\/p>\n<p><strong>ELNET-Preis f\u00fcr Israel-Lobbyismus<\/strong><\/p>\n<p>Der 35-j\u00e4hrige Potter ist bekannt f\u00fcr Kampagnen dieser Art. Wahrscheinlich trug er mit einer solchen sogar dazu bei, dass die EU den in Berlin lebenden deutschen Journalisten H\u00fcseyin Do\u011fru im Mai 2025 sanktionierte \u2013 ihn also finanziell und materiell kaltstellte. Unter dem Titel &#8220;Hybrider Krieg in Berlin&#8221; suggerierte er, dass Do\u011frus Firma Red &#8220;vermutlich aus Russland finanziert&#8221; werde und wohl <a rel=\"nofollow\" target=\"_blank\" href=\"https:\/\/taz.de\/RT-nahes-Medium-Red\/!6039623\/\" target=\"_blank\" rel=\"noopener noreferrer\">&#8220;<em>RT<\/em>-nah&#8221;<\/a> sei.<\/p>\n<p>Do\u011fru und sein Anwalt bestreiten das. Potter selbst lieferte keinen einzigen Beleg, stattdessen nur Vermutungen, Hirngespinste und krude Zirkelschl\u00fcsse. Trotzdem liest sich die karge EU-Begr\u00fcndung wie abgeschrieben aus Potters <a rel=\"nofollow\" target=\"_blank\" href=\"https:\/\/eur-lex.europa.eu\/legal-content\/EN\/TXT\/?uri=OJ:L_202500965\" target=\"_blank\" rel=\"noopener noreferrer\">fantasievollem <em>taz<\/em>-Beitrag<\/a>.<\/p>\n<p>Verwunderlich sind Potters Schriften aber nicht, denn er ist Hasbara-Aktivist. Letzten November belohnte ihn die proisraelische Denkfabrik ELNET f\u00fcr seine <a rel=\"nofollow\" target=\"_blank\" href=\"https:\/\/elnet-deutschland.de\/themen\/antisemitismus\/elnet-verleiht-auszeichnung-fuer-engagement-gegen-antisemitismus\/\" target=\"_blank\" rel=\"noopener noreferrer\">Kampagnen mit einem lukrativen Preis<\/a>. ELNET ist ein europ\u00e4ischer Ableger des US-amerikanischen Thinktanks AIPAC, die politisch einflussreichste zionistische Lobbyorganisation in den USA. In Deutschland finanziert ELNET zum Beispiel Werbereisen nach Israel f\u00fcr Politiker und Nachwuchspropagandisten.<\/p>\n<p><strong>Linke-Spitze ignoriert Mitglieder<\/strong><\/p>\n<p>All das h\u00e4tten die Linksparteichefs selber recherchieren k\u00f6nnen. Zumindest h\u00e4tte man von ihnen erwarten m\u00fcssen, dass sie die linke Grundpr\u00e4misse kennen: Sich stets auf die Seite der Schwachen und Unterdr\u00fcckten stellen. Da gibt es beim verharmlosend bezeichneten &#8220;Nahostkonflikt&#8221; nun wirklich nichts zu deuteln: Eine vom Westen hochger\u00fcstete Milit\u00e4rmacht unterdr\u00fcckt mit Hightech-Waffen ein materiell vollst\u00e4ndig unterlegenes Volk seit Jahrzehnten sehr brutal.<\/p>\n<p>Doch die Linke-Spitze tat, was sie in solchen F\u00e4llen bisher immer tat: Sie ging vor den b\u00fcrgerlichen Hetzern in die Knie, \u00fcbernahm die Antisemitismus-Keule und schlug auf ihre eigenen Mitglieder ein. Sie will nun gar beantragen, eine Bekenntnispflicht zu &#8220;Israels Existenzrecht&#8221; <a rel=\"nofollow\" target=\"_blank\" href=\"https:\/\/www.tagesschau.de\/inland\/antisemitismus-linke-parteichefs-antrag-100.html\" target=\"_blank\" rel=\"noopener noreferrer\">ins Parteiprogramm aufzunehmen<\/a>. Kurzum: Sie taktiert, intrigiert, schmei\u00dft linke Grundsatzpositionen \u00fcbern Haufen f\u00fcr eine scheinheilige Staatsr\u00e4son \u2013 um sich anzupassen. Was tut man nicht alles, um regierungsf\u00e4hig zu werden. Nur n\u00fctzen wird es ihr nichts.<\/p>\n<p>So ein Verhalten der Linke-F\u00fchrung ist nicht neu. Sie mimt schon lange die neue SPD, die alte ist bekanntlich vom neoliberalen Mainstream nicht mehr zu unterscheiden. Doch selbst wenn es ihr nur ums Mitregieren geht, dann m\u00fcsste ihr doch auffallen, dass schn\u00f6de Anpassung an den kapitalistischen Einheitsparteienbrei das Gegenteil bewirkt. Mehr noch: Dann verliert sie nicht nur W\u00e4hler, sondern auch ganz viele Neumitglieder, die sich das sicher nicht dauerhaft gefallen lassen. Immerhin verdoppelte sie ihre Mitgliederzahl im vergangenen Jahr auf \u00fcber 120.000.<\/p>\n<p>Keiner braucht in Deutschland eine windelweiche zweite SPD, die wie die alte an den Rockzipfeln der Herrschenden h\u00e4ngt, Rassisten und mutma\u00dfliche V\u00f6lkerm\u00f6rder hofiert, vielleicht bald R\u00fcstungsexporten zustimmt und vor jeder Medienkampagne einknickt. Und Parteimitglieder brauchen keine F\u00fchrungsspitze, die nur ihr eigenes Ding macht und sie v\u00f6llig ignoriert. In der Basis brodelt es, so viel steht fest.<\/p>\n<p><strong>Mehr zum Thema<\/strong> \u2013 <a rel=\"nofollow\" target=\"_blank\" href=\"https:\/\/freedert.online\/international\/274145-israels-appetit-koennte-groesser-werden\/\" target=\"_blank\" rel=\"noopener noreferrer\">Israels &#8220;Appetit&#8221; k\u00f6nnte gr\u00f6\u00dfer werden<\/a><\/p>\n<div class=\"EmbedBlock-root EmbedBlock-externalVideo EmbedBlock-rumble\">\n<div class=\"VkEmbed\"><iframe class=\"lazyload\" data-src=\"https:\/\/rumble.com\/embed\/v74tync\" frameborder=\"0\" width=\"853\" height=\"480\" allowfullscreen><\/iframe><\/div>\n<\/div>\n<\/div>\n<p><br \/>\n<br \/><a href=\"https:\/\/de.rt.com\/meinung\/274522-staatsraesonkonform-linke-spitze-kuscht\/\">Source link <\/a><\/p>\n","protected":false},"excerpt":{"rendered":"<p>Ein Landesverband der Linken spricht sich gegen Zionismus aus. Wie erwartet schreit die Presse: &#8220;Antisemitismus!&#8221; Ein Hasbara-Preistr\u00e4ger wittert in der &#8220;taz&#8221; sogar die gro\u00dfe links-islamistische Weltverschw\u00f6rung von &#8220;Mullah-Genossen&#8221;. Und die Parteichefs? Die knicken gehorsam ein. Von Alexandra Nollok Puh, der nieders\u00e4chsische Landesverband der Linken hat das Wort &#8220;Zionismus&#8221; gesagt! &#8220;Antisemitismus!&#8221;, kreischt der Mainstream wie auf [&hellip;]<\/p>\n","protected":false},"author":3,"featured_media":100779,"comment_status":"open","ping_status":"open","sticky":false,"template":"","format":"standard","meta":{"_yoast_indexnow_last_ping":["1774417505"],"wp_automatic_camp":["217"],"021ddc052a7a8d916e8fd404e235441f":["Staatsr\u00e4sonkonform: Linke-Spitze kuscht vor Hetzkampagne der Hasbara-Front"],"original_link":["https:\/\/de.rt.com\/meinung\/274522-staatsraesonkonform-linke-spitze-kuscht\/"],"_thumbnail_id":["100779"],"jnews_social_counter_last_update":["1777523438"],"_wptgpro_p2tg_sent2tg":["a:1:{i:23737;s:19:\"2026-03-25 07:46:10\";}"]},"categories":[19,23],"tags":[82,71991,55518,71990,71989,71988,320],"yoast_head":"<!-- This site is optimized with the Yoast SEO Premium plugin v22.7 (Yoast SEO v22.7) - https:\/\/yoast.com\/wordpress\/plugins\/seo\/ -->\n<title>Staatsr\u00e4sonkonform: Linke-Spitze kuscht vor Hetzkampagne der Hasbara-Front - just-now.NEWS Deutschland<\/title>\n<meta name=\"robots\" content=\"index, follow, max-snippet:-1, max-image-preview:large, max-video-preview:-1\" \/>\n<link rel=\"canonical\" href=\"https:\/\/now-news.de\/de\/deutschland\/staatsraesonkonform-linke-spitze-kuscht-vor-hetzkampagne-der-hasbara-front\/\" \/>\n<meta property=\"og:locale\" content=\"de_DE\" \/>\n<meta property=\"og:type\" content=\"article\" \/>\n<meta property=\"og:title\" content=\"Staatsr\u00e4sonkonform: Linke-Spitze kuscht vor Hetzkampagne der Hasbara-Front\" \/>\n<meta property=\"og:description\" content=\"Ein Landesverband der Linken spricht sich gegen Zionismus aus. Wie erwartet schreit die Presse: &#8220;Antisemitismus!&#8221; Ein Hasbara-Preistr\u00e4ger wittert in der &#8220;taz&#8221; sogar die gro\u00dfe links-islamistische Weltverschw\u00f6rung von &#8220;Mullah-Genossen&#8221;. Und die Parteichefs? Die knicken gehorsam ein. Von Alexandra Nollok Puh, der nieders\u00e4chsische Landesverband der Linken hat das Wort &#8220;Zionismus&#8221; gesagt! &#8220;Antisemitismus!&#8221;, kreischt der Mainstream wie auf [&hellip;]\" \/>\n<meta property=\"og:url\" content=\"https:\/\/now-news.de\/de\/deutschland\/staatsraesonkonform-linke-spitze-kuscht-vor-hetzkampagne-der-hasbara-front\/\" \/>\n<meta property=\"og:site_name\" content=\"just-now.NEWS Deutschland\" \/>\n<meta property=\"article:publisher\" content=\"https:\/\/www.facebook.com\/wirmachenauf\" \/>\n<meta property=\"article:published_time\" content=\"2026-03-25T05:30:00+00:00\" \/>\n<meta property=\"og:image\" content=\"https:\/\/now-news.de\/de\/wp-content\/uploads\/sites\/3\/2026\/03\/69c2712a48fbef29c87f3d12.jpg\" \/>\n<meta name=\"author\" content=\"rtnews\" \/>\n<meta name=\"twitter:card\" content=\"summary_large_image\" \/>\n<meta name=\"twitter:creator\" content=\"@WirMachenAuf_de\" \/>\n<meta name=\"twitter:site\" content=\"@WirMachenAuf_de\" \/>\n<meta name=\"twitter:label1\" content=\"Verfasst von\" \/>\n\t<meta name=\"twitter:data1\" content=\"rtnews\" \/>\n\t<meta name=\"twitter:label2\" content=\"Gesch\u00e4tzte Lesezeit\" \/>\n\t<meta name=\"twitter:data2\" content=\"7\u00a0Minuten\" \/>\n<script type=\"application\/ld+json\" class=\"yoast-schema-graph\">{\"@context\":\"https:\/\/schema.org\",\"@graph\":[{\"@type\":\"Article\",\"@id\":\"https:\/\/now-news.de\/de\/deutschland\/staatsraesonkonform-linke-spitze-kuscht-vor-hetzkampagne-der-hasbara-front\/#article\",\"isPartOf\":{\"@id\":\"https:\/\/now-news.de\/de\/deutschland\/staatsraesonkonform-linke-spitze-kuscht-vor-hetzkampagne-der-hasbara-front\/\"},\"author\":{\"name\":\"rtnews\",\"@id\":\"https:\/\/now-news.de\/de\/#\/schema\/person\/fb534a4e865501d8b3285208df34a9b5\"},\"headline\":\"Staatsr\u00e4sonkonform: Linke-Spitze kuscht vor Hetzkampagne der Hasbara-Front\",\"datePublished\":\"2026-03-25T05:30:00+00:00\",\"dateModified\":\"2026-03-25T05:30:00+00:00\",\"mainEntityOfPage\":{\"@id\":\"https:\/\/now-news.de\/de\/deutschland\/staatsraesonkonform-linke-spitze-kuscht-vor-hetzkampagne-der-hasbara-front\/\"},\"wordCount\":1432,\"commentCount\":0,\"publisher\":{\"@id\":\"https:\/\/now-news.de\/de\/#organization\"},\"image\":{\"@id\":\"https:\/\/now-news.de\/de\/deutschland\/staatsraesonkonform-linke-spitze-kuscht-vor-hetzkampagne-der-hasbara-front\/#primaryimage\"},\"thumbnailUrl\":\"https:\/\/now-news.de\/de\/wp-content\/uploads\/sites\/3\/2026\/03\/Staatsraesonkonform-Linke-Spitze-kuscht-vor-Hetzkampagne-der-Hasbara-Front.jpg\",\"keywords\":[\"der\",\"HasbaraFront\",\"HetzKampagne\",\"kuscht\",\"LinkeSpitze\",\"Staatsr\u00e4sonkonform\",\"vor\"],\"articleSection\":[\"Deutschland\",\"Russland\"],\"inLanguage\":\"de\",\"potentialAction\":[{\"@type\":\"CommentAction\",\"name\":\"Comment\",\"target\":[\"https:\/\/now-news.de\/de\/deutschland\/staatsraesonkonform-linke-spitze-kuscht-vor-hetzkampagne-der-hasbara-front\/#respond\"]}]},{\"@type\":\"WebPage\",\"@id\":\"https:\/\/now-news.de\/de\/deutschland\/staatsraesonkonform-linke-spitze-kuscht-vor-hetzkampagne-der-hasbara-front\/\",\"url\":\"https:\/\/now-news.de\/de\/deutschland\/staatsraesonkonform-linke-spitze-kuscht-vor-hetzkampagne-der-hasbara-front\/\",\"name\":\"Staatsr\u00e4sonkonform: Linke-Spitze kuscht vor Hetzkampagne der Hasbara-Front - just-now.NEWS Deutschland\",\"isPartOf\":{\"@id\":\"https:\/\/now-news.de\/de\/#website\"},\"primaryImageOfPage\":{\"@id\":\"https:\/\/now-news.de\/de\/deutschland\/staatsraesonkonform-linke-spitze-kuscht-vor-hetzkampagne-der-hasbara-front\/#primaryimage\"},\"image\":{\"@id\":\"https:\/\/now-news.de\/de\/deutschland\/staatsraesonkonform-linke-spitze-kuscht-vor-hetzkampagne-der-hasbara-front\/#primaryimage\"},\"thumbnailUrl\":\"https:\/\/now-news.de\/de\/wp-content\/uploads\/sites\/3\/2026\/03\/Staatsraesonkonform-Linke-Spitze-kuscht-vor-Hetzkampagne-der-Hasbara-Front.jpg\",\"datePublished\":\"2026-03-25T05:30:00+00:00\",\"dateModified\":\"2026-03-25T05:30:00+00:00\",\"breadcrumb\":{\"@id\":\"https:\/\/now-news.de\/de\/deutschland\/staatsraesonkonform-linke-spitze-kuscht-vor-hetzkampagne-der-hasbara-front\/#breadcrumb\"},\"inLanguage\":\"de\",\"potentialAction\":[{\"@type\":\"ReadAction\",\"target\":[\"https:\/\/now-news.de\/de\/deutschland\/staatsraesonkonform-linke-spitze-kuscht-vor-hetzkampagne-der-hasbara-front\/\"]}]},{\"@type\":\"ImageObject\",\"inLanguage\":\"de\",\"@id\":\"https:\/\/now-news.de\/de\/deutschland\/staatsraesonkonform-linke-spitze-kuscht-vor-hetzkampagne-der-hasbara-front\/#primaryimage\",\"url\":\"https:\/\/now-news.de\/de\/wp-content\/uploads\/sites\/3\/2026\/03\/Staatsraesonkonform-Linke-Spitze-kuscht-vor-Hetzkampagne-der-Hasbara-Front.jpg\",\"contentUrl\":\"https:\/\/now-news.de\/de\/wp-content\/uploads\/sites\/3\/2026\/03\/Staatsraesonkonform-Linke-Spitze-kuscht-vor-Hetzkampagne-der-Hasbara-Front.jpg\",\"width\":460,\"height\":259,\"caption\":\"Staatsr\u00e4sonkonform: Linke-Spitze kuscht vor Hetzkampagne der Hasbara-Front\"},{\"@type\":\"BreadcrumbList\",\"@id\":\"https:\/\/now-news.de\/de\/deutschland\/staatsraesonkonform-linke-spitze-kuscht-vor-hetzkampagne-der-hasbara-front\/#breadcrumb\",\"itemListElement\":[{\"@type\":\"ListItem\",\"position\":1,\"name\":\"Home\",\"item\":\"https:\/\/now-news.de\/de\/\"},{\"@type\":\"ListItem\",\"position\":2,\"name\":\"Staatsr\u00e4sonkonform: Linke-Spitze kuscht vor Hetzkampagne der Hasbara-Front\"}]},{\"@type\":\"WebSite\",\"@id\":\"https:\/\/now-news.de\/de\/#website\",\"url\":\"https:\/\/now-news.de\/de\/\",\"name\":\"just-now.NEWS Deutschland\",\"description\":\"Das Portal f\u00fcr unzensierte Nachrichten aus der Welt\",\"publisher\":{\"@id\":\"https:\/\/now-news.de\/de\/#organization\"},\"potentialAction\":[{\"@type\":\"SearchAction\",\"target\":{\"@type\":\"EntryPoint\",\"urlTemplate\":\"https:\/\/now-news.de\/de\/?s={search_term_string}\"},\"query-input\":\"required name=search_term_string\"}],\"inLanguage\":\"de\"},{\"@type\":\"Organization\",\"@id\":\"https:\/\/now-news.de\/de\/#organization\",\"name\":\"Just Now News\",\"url\":\"https:\/\/now-news.de\/de\/\",\"logo\":{\"@type\":\"ImageObject\",\"inLanguage\":\"de\",\"@id\":\"https:\/\/now-news.de\/de\/#\/schema\/logo\/image\/\",\"url\":\"http:\/\/just-now.news\/de\/wp-content\/uploads\/sites\/3\/2022\/04\/logo500x500.jpg\",\"contentUrl\":\"http:\/\/just-now.news\/de\/wp-content\/uploads\/sites\/3\/2022\/04\/logo500x500.jpg\",\"width\":500,\"height\":500,\"caption\":\"Just Now News\"},\"image\":{\"@id\":\"https:\/\/now-news.de\/de\/#\/schema\/logo\/image\/\"},\"sameAs\":[\"https:\/\/www.facebook.com\/wirmachenauf\",\"https:\/\/x.com\/WirMachenAuf_de\"]},{\"@type\":\"Person\",\"@id\":\"https:\/\/now-news.de\/de\/#\/schema\/person\/fb534a4e865501d8b3285208df34a9b5\",\"name\":\"rtnews\",\"image\":{\"@type\":\"ImageObject\",\"inLanguage\":\"de\",\"@id\":\"https:\/\/now-news.de\/de\/#\/schema\/person\/image\/\",\"url\":\"https:\/\/secure.gravatar.com\/avatar\/82aafea7d8127119dd649515f56e2117?s=96&d=mm&r=g\",\"contentUrl\":\"https:\/\/secure.gravatar.com\/avatar\/82aafea7d8127119dd649515f56e2117?s=96&d=mm&r=g\",\"caption\":\"rtnews\"},\"url\":\"https:\/\/now-news.de\/de\/author\/rnews\/\"}]}<\/script>\n<!-- \/ Yoast SEO Premium plugin. -->","yoast_head_json":{"title":"Staatsr\u00e4sonkonform: Linke-Spitze kuscht vor Hetzkampagne der Hasbara-Front - just-now.NEWS Deutschland","robots":{"index":"index","follow":"follow","max-snippet":"max-snippet:-1","max-image-preview":"max-image-preview:large","max-video-preview":"max-video-preview:-1"},"canonical":"https:\/\/now-news.de\/de\/deutschland\/staatsraesonkonform-linke-spitze-kuscht-vor-hetzkampagne-der-hasbara-front\/","og_locale":"de_DE","og_type":"article","og_title":"Staatsr\u00e4sonkonform: Linke-Spitze kuscht vor Hetzkampagne der Hasbara-Front","og_description":"Ein Landesverband der Linken spricht sich gegen Zionismus aus. Wie erwartet schreit die Presse: &#8220;Antisemitismus!&#8221; Ein Hasbara-Preistr\u00e4ger wittert in der &#8220;taz&#8221; sogar die gro\u00dfe links-islamistische Weltverschw\u00f6rung von &#8220;Mullah-Genossen&#8221;. Und die Parteichefs? Die knicken gehorsam ein. Von Alexandra Nollok Puh, der nieders\u00e4chsische Landesverband der Linken hat das Wort &#8220;Zionismus&#8221; gesagt! &#8220;Antisemitismus!&#8221;, kreischt der Mainstream wie auf [&hellip;]","og_url":"https:\/\/now-news.de\/de\/deutschland\/staatsraesonkonform-linke-spitze-kuscht-vor-hetzkampagne-der-hasbara-front\/","og_site_name":"just-now.NEWS Deutschland","article_publisher":"https:\/\/www.facebook.com\/wirmachenauf","article_published_time":"2026-03-25T05:30:00+00:00","og_image":[{"url":"https:\/\/now-news.de\/de\/wp-content\/uploads\/sites\/3\/2026\/03\/69c2712a48fbef29c87f3d12.jpg"}],"author":"rtnews","twitter_card":"summary_large_image","twitter_creator":"@WirMachenAuf_de","twitter_site":"@WirMachenAuf_de","twitter_misc":{"Verfasst von":"rtnews","Gesch\u00e4tzte Lesezeit":"7\u00a0Minuten"},"schema":{"@context":"https:\/\/schema.org","@graph":[{"@type":"Article","@id":"https:\/\/now-news.de\/de\/deutschland\/staatsraesonkonform-linke-spitze-kuscht-vor-hetzkampagne-der-hasbara-front\/#article","isPartOf":{"@id":"https:\/\/now-news.de\/de\/deutschland\/staatsraesonkonform-linke-spitze-kuscht-vor-hetzkampagne-der-hasbara-front\/"},"author":{"name":"rtnews","@id":"https:\/\/now-news.de\/de\/#\/schema\/person\/fb534a4e865501d8b3285208df34a9b5"},"headline":"Staatsr\u00e4sonkonform: Linke-Spitze kuscht vor Hetzkampagne der Hasbara-Front","datePublished":"2026-03-25T05:30:00+00:00","dateModified":"2026-03-25T05:30:00+00:00","mainEntityOfPage":{"@id":"https:\/\/now-news.de\/de\/deutschland\/staatsraesonkonform-linke-spitze-kuscht-vor-hetzkampagne-der-hasbara-front\/"},"wordCount":1432,"commentCount":0,"publisher":{"@id":"https:\/\/now-news.de\/de\/#organization"},"image":{"@id":"https:\/\/now-news.de\/de\/deutschland\/staatsraesonkonform-linke-spitze-kuscht-vor-hetzkampagne-der-hasbara-front\/#primaryimage"},"thumbnailUrl":"https:\/\/now-news.de\/de\/wp-content\/uploads\/sites\/3\/2026\/03\/Staatsraesonkonform-Linke-Spitze-kuscht-vor-Hetzkampagne-der-Hasbara-Front.jpg","keywords":["der","HasbaraFront","HetzKampagne","kuscht","LinkeSpitze","Staatsr\u00e4sonkonform","vor"],"articleSection":["Deutschland","Russland"],"inLanguage":"de","potentialAction":[{"@type":"CommentAction","name":"Comment","target":["https:\/\/now-news.de\/de\/deutschland\/staatsraesonkonform-linke-spitze-kuscht-vor-hetzkampagne-der-hasbara-front\/#respond"]}]},{"@type":"WebPage","@id":"https:\/\/now-news.de\/de\/deutschland\/staatsraesonkonform-linke-spitze-kuscht-vor-hetzkampagne-der-hasbara-front\/","url":"https:\/\/now-news.de\/de\/deutschland\/staatsraesonkonform-linke-spitze-kuscht-vor-hetzkampagne-der-hasbara-front\/","name":"Staatsr\u00e4sonkonform: Linke-Spitze kuscht vor Hetzkampagne der Hasbara-Front - just-now.NEWS Deutschland","isPartOf":{"@id":"https:\/\/now-news.de\/de\/#website"},"primaryImageOfPage":{"@id":"https:\/\/now-news.de\/de\/deutschland\/staatsraesonkonform-linke-spitze-kuscht-vor-hetzkampagne-der-hasbara-front\/#primaryimage"},"image":{"@id":"https:\/\/now-news.de\/de\/deutschland\/staatsraesonkonform-linke-spitze-kuscht-vor-hetzkampagne-der-hasbara-front\/#primaryimage"},"thumbnailUrl":"https:\/\/now-news.de\/de\/wp-content\/uploads\/sites\/3\/2026\/03\/Staatsraesonkonform-Linke-Spitze-kuscht-vor-Hetzkampagne-der-Hasbara-Front.jpg","datePublished":"2026-03-25T05:30:00+00:00","dateModified":"2026-03-25T05:30:00+00:00","breadcrumb":{"@id":"https:\/\/now-news.de\/de\/deutschland\/staatsraesonkonform-linke-spitze-kuscht-vor-hetzkampagne-der-hasbara-front\/#breadcrumb"},"inLanguage":"de","potentialAction":[{"@type":"ReadAction","target":["https:\/\/now-news.de\/de\/deutschland\/staatsraesonkonform-linke-spitze-kuscht-vor-hetzkampagne-der-hasbara-front\/"]}]},{"@type":"ImageObject","inLanguage":"de","@id":"https:\/\/now-news.de\/de\/deutschland\/staatsraesonkonform-linke-spitze-kuscht-vor-hetzkampagne-der-hasbara-front\/#primaryimage","url":"https:\/\/now-news.de\/de\/wp-content\/uploads\/sites\/3\/2026\/03\/Staatsraesonkonform-Linke-Spitze-kuscht-vor-Hetzkampagne-der-Hasbara-Front.jpg","contentUrl":"https:\/\/now-news.de\/de\/wp-content\/uploads\/sites\/3\/2026\/03\/Staatsraesonkonform-Linke-Spitze-kuscht-vor-Hetzkampagne-der-Hasbara-Front.jpg","width":460,"height":259,"caption":"Staatsr\u00e4sonkonform: Linke-Spitze kuscht vor Hetzkampagne der Hasbara-Front"},{"@type":"BreadcrumbList","@id":"https:\/\/now-news.de\/de\/deutschland\/staatsraesonkonform-linke-spitze-kuscht-vor-hetzkampagne-der-hasbara-front\/#breadcrumb","itemListElement":[{"@type":"ListItem","position":1,"name":"Home","item":"https:\/\/now-news.de\/de\/"},{"@type":"ListItem","position":2,"name":"Staatsr\u00e4sonkonform: Linke-Spitze kuscht vor Hetzkampagne der Hasbara-Front"}]},{"@type":"WebSite","@id":"https:\/\/now-news.de\/de\/#website","url":"https:\/\/now-news.de\/de\/","name":"just-now.NEWS Deutschland","description":"Das Portal f\u00fcr unzensierte Nachrichten aus der Welt","publisher":{"@id":"https:\/\/now-news.de\/de\/#organization"},"potentialAction":[{"@type":"SearchAction","target":{"@type":"EntryPoint","urlTemplate":"https:\/\/now-news.de\/de\/?s={search_term_string}"},"query-input":"required name=search_term_string"}],"inLanguage":"de"},{"@type":"Organization","@id":"https:\/\/now-news.de\/de\/#organization","name":"Just Now News","url":"https:\/\/now-news.de\/de\/","logo":{"@type":"ImageObject","inLanguage":"de","@id":"https:\/\/now-news.de\/de\/#\/schema\/logo\/image\/","url":"http:\/\/just-now.news\/de\/wp-content\/uploads\/sites\/3\/2022\/04\/logo500x500.jpg","contentUrl":"http:\/\/just-now.news\/de\/wp-content\/uploads\/sites\/3\/2022\/04\/logo500x500.jpg","width":500,"height":500,"caption":"Just Now News"},"image":{"@id":"https:\/\/now-news.de\/de\/#\/schema\/logo\/image\/"},"sameAs":["https:\/\/www.facebook.com\/wirmachenauf","https:\/\/x.com\/WirMachenAuf_de"]},{"@type":"Person","@id":"https:\/\/now-news.de\/de\/#\/schema\/person\/fb534a4e865501d8b3285208df34a9b5","name":"rtnews","image":{"@type":"ImageObject","inLanguage":"de","@id":"https:\/\/now-news.de\/de\/#\/schema\/person\/image\/","url":"https:\/\/secure.gravatar.com\/avatar\/82aafea7d8127119dd649515f56e2117?s=96&d=mm&r=g","contentUrl":"https:\/\/secure.gravatar.com\/avatar\/82aafea7d8127119dd649515f56e2117?s=96&d=mm&r=g","caption":"rtnews"},"url":"https:\/\/now-news.de\/de\/author\/rnews\/"}]}},"_links":{"self":[{"href":"https:\/\/now-news.de\/de\/wp-json\/wp\/v2\/posts\/100778"}],"collection":[{"href":"https:\/\/now-news.de\/de\/wp-json\/wp\/v2\/posts"}],"about":[{"href":"https:\/\/now-news.de\/de\/wp-json\/wp\/v2\/types\/post"}],"author":[{"embeddable":true,"href":"https:\/\/now-news.de\/de\/wp-json\/wp\/v2\/users\/3"}],"replies":[{"embeddable":true,"href":"https:\/\/now-news.de\/de\/wp-json\/wp\/v2\/comments?post=100778"}],"version-history":[{"count":0,"href":"https:\/\/now-news.de\/de\/wp-json\/wp\/v2\/posts\/100778\/revisions"}],"wp:featuredmedia":[{"embeddable":true,"href":"https:\/\/now-news.de\/de\/wp-json\/wp\/v2\/media\/100779"}],"wp:attachment":[{"href":"https:\/\/now-news.de\/de\/wp-json\/wp\/v2\/media?parent=100778"}],"wp:term":[{"taxonomy":"category","embeddable":true,"href":"https:\/\/now-news.de\/de\/wp-json\/wp\/v2\/categories?post=100778"},{"taxonomy":"post_tag","embeddable":true,"href":"https:\/\/now-news.de\/de\/wp-json\/wp\/v2\/tags?post=100778"}],"curies":[{"name":"wp","href":"https:\/\/api.w.org\/{rel}","templated":true}]}}