{"id":100776,"date":"2026-03-25T07:00:00","date_gmt":"2026-03-25T05:00:00","guid":{"rendered":"https:\/\/now-news.de\/de\/deutschland\/der-zerfall-der-mitte-eine-analyse-der-franzoesischen-kommunalwahlen\/"},"modified":"2026-03-25T07:00:00","modified_gmt":"2026-03-25T05:00:00","slug":"der-zerfall-der-mitte-eine-analyse-der-franzoesischen-kommunalwahlen","status":"publish","type":"post","link":"https:\/\/now-news.de\/de\/deutschland\/der-zerfall-der-mitte-eine-analyse-der-franzoesischen-kommunalwahlen\/","title":{"rendered":"Der Zerfall der Mitte: Eine Analyse der franz\u00f6sischen Kommunalwahlen"},"content":{"rendered":"<p><img decoding=\"async\" src=\"https:\/\/now-news.de\/de\/wp-content\/uploads\/sites\/3\/2026\/03\/69c280e3b480cc40e96fe9e8.jpg\" \/><\/p>\n<div class=\"Text-root Text-type_1 \">\n                Der Text analysiert die franz\u00f6sischen Kommunalwahlen im Kontext internationaler Konflikte und zeigt, dass lokale Wahlentscheidungen von verschiedenen Faktoren beeinflusst werden, darunter Wahlenthaltung, die Ergebnisse radikaler Parteien wie RN und LFI, sowie die Schw\u00e4che des Macron-Lagers.\n            <\/div>\n<p><\/p>\n<div class=\"Text-root Text-type_5 ArticleView-text ViewText-root \">\n<p><em>Von Pierre Levy<\/em><\/p>\n<p>Ein Zufall des Zeitplans:\u00a0Die franz\u00f6sischen Kommunalwahlen am 15. und 22. M\u00e4rz fanden in einer Zeit statt, in der der von den Vereinigten Staaten und Israel ausgel\u00f6ste Krieg weiterhin Tod und Zerst\u00f6rung \u00fcber den Iran (und den Libanon) bringt und dabei ist, den Nahen Osten in Brand zu setzen.<\/p>\n<p>Nat\u00fcrlich sind die tragischen internationalen Ereignisse kein entscheidender Faktor bei der Wahl der franz\u00f6sischen W\u00e4hler f\u00fcr ihre Gemeinder\u00e4te und B\u00fcrgermeister. Aber kann dieser Kontext eine Rolle spielen, wenn auch nur eine minimale und indirekte? Um diese Frage zu beantworten, muss man die wichtigsten Erkenntnisse aus der Wahl anf\u00fchren.<\/p>\n<p>Zun\u00e4chst ist daran zu erinnern, dass in Gemeinden mit einigen Tausend Einwohnern oder weniger \u2013 das hei\u00dft der gro\u00dfen Mehrheit \u2013 die Listen, die sich im Wesentlichen auf lokale Themen beziehen, keine politische Zugeh\u00f6rigkeit aufweisen. Analysen lassen sich daher vor allem anhand der Ergebnisse in gro\u00dfen oder mittelgro\u00dfen St\u00e4dten ableiten.<\/p>\n<p>Das erste Merkmal ist die Wahlenthaltung. Mit fast 44 Prozent der B\u00fcrger, die auf nationaler Ebene nicht an der ersten Wahlrunde teilgenommen haben (und mehr als 42 Prozent in der zweiten Runde), erreicht diese einen historischen Rekord f\u00fcr diese Art von Wahl (mit Ausnahme der Wahl von 2020, die aufgrund des Covid-bedingten Lockdowns atypisch war).<\/p>\n<p>Zweitens haben politische Analysten nach dem ersten Wahlgang \u2013 in dem die W\u00e4hler ihre Pr\u00e4ferenzen zum Ausdruck bringen \u2013 auf die guten Ergebnisse zweier Parteien hingewiesen, die allgemein als \u201eradikale Rechte\u201c bzw. &#8220;radikale Linke&#8221; eingestuft werden.<\/p>\n<p>Der Rassemblement National (RN) unter der F\u00fchrung von Marine Le Pen und Jordan Bardella festigt seine Positionen dort, wo er bereits das B\u00fcrgermeisteramt innehatte, und baut seinen Einfluss aus, auch wenn es sich nicht um eine regelrechte Welle handelt. Im zweiten Wahlgang gewinnt er mehrere mittelgro\u00dfe St\u00e4dte, insbesondere im S\u00fcden des Landes, verpasst jedoch andere.<\/p>\n<p>La France insoumise (LFI) sorgte ihrerseits am 15. M\u00e4rz f\u00fcr eine \u00dcberraschung in den Medien und bei ihren Gegnern. Diese hatten einen R\u00fcckgang der von Jean-Luc M\u00e9lenchon gegr\u00fcndeten Partei erwartet. Das Gegenteil war der Fall: oft ein Anstieg ihres Stimmenanteils und der Gewinn einiger sehr symboltr\u00e4chtiger St\u00e4dte, darunter zwei mit mehr als 100.000 Einwohnern.<\/p>\n<p>Schlie\u00dflich haben die W\u00e4hler, von wenigen Ausnahmen abgesehen, dem Lager des Pr\u00e4sidenten eine schwere Niederlage zugef\u00fcgt. Die Bewegung, die 2017 im Zuge der ersten Wahl von Emmanuel Macron entstanden war und B\u00fcrger sowie Politiker &#8220;aus dem rechten und dem linken Lager&#8221; zusammengebracht hatte, best\u00e4tigt ihren Zerfall, der bereits seit einigen Jahren, insbesondere seit den vorgezogenen Parlamentswahlen von 2024, eingesetzt hatte.<\/p>\n<p>Nach Abschluss der Wahl hat die Macronie also allen Grund, lange Gesichter zu machen. Eines der spektakul\u00e4rsten Beispiele ist nichts Geringeres als die Niederlage des ehemaligen Premierministers Fran\u00e7ois Bayrou in seiner eigenen Stadt Pau.<\/p>\n<p>Aufseiten des RN und der LFI wurde hingegen eher gefeiert, auch wenn die lokalen Gegebenheiten und Einflussfaktoren von Stadt zu Stadt variieren. Diese beiden Parteien stehen an den beiden entgegengesetzten Enden des politischen Spektrums. Sie haben jedoch eines gemeinsam: Sie werden oder wurden von der politisch-medialen Kaste verteufelt.<\/p>\n<p>Dies war lange Zeit beim RN der Fall, um den herum man, so hie\u00df es, einen &#8220;Cordon sanitaire&#8221; bilden m\u00fcsse, um ihn daran zu hindern, Machtpositionen zu erobern. Die Mitglieder und F\u00fchrungskr\u00e4fte wurden als &#8220;rechtsextrem&#8221; oder gar &#8220;faschistisch&#8221; stigmatisiert.<\/p>\n<p>Prosaischer ausgedr\u00fcckt: Der Konsens der gro\u00dfen Medien warf ihnen insbesondere vor, &#8220;gegen Europa&#8221; zu sein. Ein Vorwurf, der in Wirklichkeit stark \u00fcbertrieben und in den letzten Jahren sogar v\u00f6llig \u00fcberholt ist, da sich die Anh\u00e4nger von Frau Le Pen der Konsensideologie angeschlossen haben, die einfach &#8220;ein anderes Europa&#8221; verteidigt. Doch viele euroskeptische W\u00e4hler halten weiterhin an ihren alten Illusionen fest.<\/p>\n<p>Die \u00c4chtung von LFI ist j\u00fcngeren Datums. Doch sie ist mittlerweile umso heftiger. Dies war insbesondere in den letzten Monaten der Fall. Der Bewegung wurde Nachsicht, ja sogar Mitverantwortung f\u00fcr die Ermordung eines rechtsextremen Aktivisten vorgeworfen. Vor allem war Herr M\u00e9lenchon Ziel unaufh\u00f6rlicher Kampagnen, die ihn des Antisemitismus bezichtigten.<\/p>\n<p>Man darf den Vorsitzenden von LFI in vielen Bereichen kritisieren \u2013 er war beispielsweise 1992 ein vehementer Bef\u00fcrworter des Vertrags von Maastricht, dann ein erkl\u00e4rter Gegner des Entwurfs f\u00fcr eine europ\u00e4ische Verfassung, bevor er nun in seiner Kritik an der EU deutlich nachgegeben hat \u2013, doch der Vorwurf des Antisemitismus ist angesichts seines jahrzehntelangen politischen Engagements unbegr\u00fcndet.<\/p>\n<p>Tats\u00e4chlich geht das politisch-mediale Establishment davon aus, dass jeder, der sich f\u00fcr die pal\u00e4stinensische Sache einsetzt und die zionistische Ideologie anprangert, des Antisemitismus verd\u00e4chtig ist. Denn LFI hat die Tods\u00fcnde begangen, bei den Europawahlen eine franz\u00f6sisch-pal\u00e4stinensische Anw\u00e4ltin aufzustellen, die sich sehr engagiert gegen Israels V\u00f6lkermord in Gaza einsetzt.<\/p>\n<p>Schlie\u00dflich wurde dieser Partei lange Zeit &#8220;Nachsicht&#8221; gegen\u00fcber Russland vorgeworfen \u2013 ein ziemlich ungerechtfertigter Vorwurf, aber auch hier z\u00e4hlt f\u00fcr die W\u00e4hler das Image und nicht die Realit\u00e4t. Muss man daraus schlie\u00dfen, dass die B\u00fcrger, die f\u00fcr die LFI-Listen gestimmt haben, ihre Entscheidung aus internationalen Beweggr\u00fcnden getroffen haben? Sicherlich nicht als Hauptmotivation. Aber zumindest haben diese &#8220;abweichenden&#8221; Positionen sie nicht davon abgehalten. Und vielleicht haben sie manchmal sogar dazu beigetragen.<\/p>\n<p>So gewann eine LFI-Liste im ersten Wahlgang die Stadt Saint-Denis und schlug den amtierenden sozialistischen B\u00fcrgermeister. Ein spektakul\u00e4rer Erfolg in einer der gr\u00f6\u00dften Gemeinden des Gro\u00dfraums Paris (150.000 Einwohner), wo B\u00fcrger mit Migrationshintergrund einen bedeutenden Teil der Bev\u00f6lkerung ausmachen. Vor diesem Kontext kam es am Wahlabend dort zu Szenen der Begeisterung, bei denen einer der ersten Slogans spontan lautete: &#8220;<em>Wir sind alle Kinder von Gaza&#8221;<\/em>. Nat\u00fcrlich ist diese Konstellation nicht repr\u00e4sentativ f\u00fcr ganz Frankreich. Doch das Ereignis ist nicht unbedeutend, was die Rolle internationaler Fragen angeht.<\/p>\n<p>Sicher ist, dass vor und nach der zweiten Wahlrunde eine gro\u00df angelegte Medienkampagne in Gang gesetzt wurde, die darauf abzielte, die Vorstellung zu verbreiten, dass ein B\u00fcndnis mit LFI die Linke verlieren lassen w\u00fcrde.<\/p>\n<p>Ein letzter Punkt ist wichtig zu ber\u00fccksichtigen. Seit den von Emmanuel Macron 2024 ausgel\u00f6sten Wahlen, die ihm zum Verh\u00e4ngnis wurden, indem sie ihm die Mehrheit in der Nationalversammlung nahmen, ist das Handeln des Pr\u00e4sidenten in innenpolitischen Angelegenheiten quasi gel\u00e4hmt. Unter diesen Umst\u00e4nden versucht der Pr\u00e4sident, sein Ansehen in einem Bereich wiederherzustellen, in dem er alles entscheidet, ohne sich an die Abgeordneten wenden zu m\u00fcssen: der Au\u00dfenpolitik. Und er tr\u00e4umte zweifellos davon, vom Effekt des &#8220;Oberbefehlshabers der Streitkr\u00e4fte&#8221; (und der Diplomatie) zu profitieren.<\/p>\n<p>So scheute er keine M\u00fchen, indem er beispielsweise auf dem Flugzeugtr\u00e4ger Charles de Gaulle auftrat oder vorschlug, den Geltungsbereich der nuklearen Abschreckung auf die europ\u00e4ischen Nachbarn auszuweiten. Und als Donald Trump und Benjamin Netanjahu einen brutalen und illegalen Angriff auf den Iran starteten, war die erste Reaktion des Pr\u00e4sidenten im \u00c9lys\u00e9e-Palast, Teheran zu verurteilen.<\/p>\n<p>Dies war nat\u00fcrlich nicht die Hauptmotivation derjenigen, die ihr Team f\u00fcr die Kommunalwahlen ausgew\u00e4hlt haben. H\u00e4tte aber ein solches Engagement des Pr\u00e4sidenten Zustimmung oder gar Begeisterung in der Bev\u00f6lkerung gefunden, h\u00e4tte das Macron-Lager wahrscheinlich keine solche Wahlniederlage erlitten.<\/p>\n<p><strong>Mehr zum Thema <\/strong>&#8211; <a rel=\"nofollow\" target=\"_blank\" href=\"https:\/\/freedert.online\/international\/274111-frankreich-behauptet-aufbringen-weiteren-tankschiffs-russlands-angeblicher-schattenflotte\/\">Frankreich behauptet, ein weiteres Tankschiff der &#8220;russischen Schattenflotte&#8221; gekapert zu haben<\/a><\/p>\n<div class=\"EmbedBlock-root EmbedBlock-externalVideo EmbedBlock-rumble\">\n<div class=\"VkEmbed\"><iframe class=\"lazyload\" data-src=\"https:\/\/rumble.com\/embed\/v75c0wa\" frameborder=\"0\" width=\"853\" height=\"480\" allowfullscreen><\/iframe><\/div>\n<\/div>\n<\/div>\n<p><br \/>\n<br \/><a href=\"https:\/\/de.rt.com\/europa\/274538-zerfall-mitte-analyse-franzoesischen-kommunalwahlen\/\">Source link <\/a><\/p>\n","protected":false},"excerpt":{"rendered":"<p>Der Text analysiert die franz\u00f6sischen Kommunalwahlen im Kontext internationaler Konflikte und zeigt, dass lokale Wahlentscheidungen von verschiedenen Faktoren beeinflusst werden, darunter Wahlenthaltung, die Ergebnisse radikaler Parteien wie RN und LFI, sowie die Schw\u00e4che des Macron-Lagers. Von Pierre Levy Ein Zufall des Zeitplans:\u00a0Die franz\u00f6sischen Kommunalwahlen am 15. und 22. M\u00e4rz fanden in einer Zeit statt, in [&hellip;]<\/p>\n","protected":false},"author":3,"featured_media":100777,"comment_status":"open","ping_status":"open","sticky":false,"template":"","format":"standard","meta":{"_yoast_indexnow_last_ping":["1774415594"],"wp_automatic_camp":["217"],"b1d9ee95a7eaa6e90530515d5edbe122":["Der Zerfall der Mitte: Eine Analyse der franz\u00f6sischen Kommunalwahlen"],"original_link":["https:\/\/de.rt.com\/europa\/274538-zerfall-mitte-analyse-franzoesischen-kommunalwahlen\/"],"_thumbnail_id":["100777"],"_wptgpro_p2tg_sent2tg":["a:1:{i:23737;s:19:\"2026-03-25 07:14:13\";}"],"jnews_social_counter_last_update":["1777317303"]},"categories":[19,23],"tags":[595,82,275,18875,24198,22670,20748],"yoast_head":"<!-- This site is optimized with the Yoast SEO Premium plugin v22.7 (Yoast SEO v22.7) - https:\/\/yoast.com\/wordpress\/plugins\/seo\/ -->\n<title>Der Zerfall der Mitte: Eine Analyse der franz\u00f6sischen Kommunalwahlen - just-now.NEWS Deutschland<\/title>\n<meta name=\"robots\" content=\"index, follow, max-snippet:-1, max-image-preview:large, max-video-preview:-1\" \/>\n<link rel=\"canonical\" href=\"https:\/\/now-news.de\/de\/deutschland\/der-zerfall-der-mitte-eine-analyse-der-franzoesischen-kommunalwahlen\/\" \/>\n<meta property=\"og:locale\" content=\"de_DE\" \/>\n<meta property=\"og:type\" content=\"article\" \/>\n<meta property=\"og:title\" content=\"Der Zerfall der Mitte: Eine Analyse der franz\u00f6sischen Kommunalwahlen\" \/>\n<meta property=\"og:description\" content=\"Der Text analysiert die franz\u00f6sischen Kommunalwahlen im Kontext internationaler Konflikte und zeigt, dass lokale Wahlentscheidungen von verschiedenen Faktoren beeinflusst werden, darunter Wahlenthaltung, die Ergebnisse radikaler Parteien wie RN und LFI, sowie die Schw\u00e4che des Macron-Lagers. Von Pierre Levy Ein Zufall des Zeitplans:\u00a0Die franz\u00f6sischen Kommunalwahlen am 15. und 22. M\u00e4rz fanden in einer Zeit statt, in [&hellip;]\" \/>\n<meta property=\"og:url\" content=\"https:\/\/now-news.de\/de\/deutschland\/der-zerfall-der-mitte-eine-analyse-der-franzoesischen-kommunalwahlen\/\" \/>\n<meta property=\"og:site_name\" content=\"just-now.NEWS Deutschland\" \/>\n<meta property=\"article:publisher\" content=\"https:\/\/www.facebook.com\/wirmachenauf\" \/>\n<meta property=\"article:published_time\" content=\"2026-03-25T05:00:00+00:00\" \/>\n<meta property=\"og:image\" content=\"https:\/\/now-news.de\/de\/wp-content\/uploads\/sites\/3\/2026\/03\/69c280e3b480cc40e96fe9e8.jpg\" \/>\n<meta name=\"author\" content=\"rtnews\" \/>\n<meta name=\"twitter:card\" content=\"summary_large_image\" \/>\n<meta name=\"twitter:creator\" content=\"@WirMachenAuf_de\" \/>\n<meta name=\"twitter:site\" content=\"@WirMachenAuf_de\" \/>\n<meta name=\"twitter:label1\" content=\"Verfasst von\" \/>\n\t<meta name=\"twitter:data1\" content=\"rtnews\" \/>\n\t<meta name=\"twitter:label2\" content=\"Gesch\u00e4tzte Lesezeit\" \/>\n\t<meta name=\"twitter:data2\" content=\"6\u00a0Minuten\" \/>\n<script type=\"application\/ld+json\" class=\"yoast-schema-graph\">{\"@context\":\"https:\/\/schema.org\",\"@graph\":[{\"@type\":\"Article\",\"@id\":\"https:\/\/now-news.de\/de\/deutschland\/der-zerfall-der-mitte-eine-analyse-der-franzoesischen-kommunalwahlen\/#article\",\"isPartOf\":{\"@id\":\"https:\/\/now-news.de\/de\/deutschland\/der-zerfall-der-mitte-eine-analyse-der-franzoesischen-kommunalwahlen\/\"},\"author\":{\"name\":\"rtnews\",\"@id\":\"https:\/\/now-news.de\/de\/#\/schema\/person\/fb534a4e865501d8b3285208df34a9b5\"},\"headline\":\"Der Zerfall der Mitte: Eine Analyse der franz\u00f6sischen Kommunalwahlen\",\"datePublished\":\"2026-03-25T05:00:00+00:00\",\"dateModified\":\"2026-03-25T05:00:00+00:00\",\"mainEntityOfPage\":{\"@id\":\"https:\/\/now-news.de\/de\/deutschland\/der-zerfall-der-mitte-eine-analyse-der-franzoesischen-kommunalwahlen\/\"},\"wordCount\":1267,\"commentCount\":0,\"publisher\":{\"@id\":\"https:\/\/now-news.de\/de\/#organization\"},\"image\":{\"@id\":\"https:\/\/now-news.de\/de\/deutschland\/der-zerfall-der-mitte-eine-analyse-der-franzoesischen-kommunalwahlen\/#primaryimage\"},\"thumbnailUrl\":\"https:\/\/now-news.de\/de\/wp-content\/uploads\/sites\/3\/2026\/03\/Der-Zerfall-der-Mitte-Eine-Analyse-der-franzoesischen-Kommunalwahlen.jpg\",\"keywords\":[\"Analyse\",\"der\",\"eine\",\"franz\u00f6sischen\",\"Kommunalwahlen\",\"Mitte\",\"Zerfall\"],\"articleSection\":[\"Deutschland\",\"Russland\"],\"inLanguage\":\"de\",\"potentialAction\":[{\"@type\":\"CommentAction\",\"name\":\"Comment\",\"target\":[\"https:\/\/now-news.de\/de\/deutschland\/der-zerfall-der-mitte-eine-analyse-der-franzoesischen-kommunalwahlen\/#respond\"]}]},{\"@type\":\"WebPage\",\"@id\":\"https:\/\/now-news.de\/de\/deutschland\/der-zerfall-der-mitte-eine-analyse-der-franzoesischen-kommunalwahlen\/\",\"url\":\"https:\/\/now-news.de\/de\/deutschland\/der-zerfall-der-mitte-eine-analyse-der-franzoesischen-kommunalwahlen\/\",\"name\":\"Der Zerfall der Mitte: Eine Analyse der franz\u00f6sischen Kommunalwahlen - just-now.NEWS Deutschland\",\"isPartOf\":{\"@id\":\"https:\/\/now-news.de\/de\/#website\"},\"primaryImageOfPage\":{\"@id\":\"https:\/\/now-news.de\/de\/deutschland\/der-zerfall-der-mitte-eine-analyse-der-franzoesischen-kommunalwahlen\/#primaryimage\"},\"image\":{\"@id\":\"https:\/\/now-news.de\/de\/deutschland\/der-zerfall-der-mitte-eine-analyse-der-franzoesischen-kommunalwahlen\/#primaryimage\"},\"thumbnailUrl\":\"https:\/\/now-news.de\/de\/wp-content\/uploads\/sites\/3\/2026\/03\/Der-Zerfall-der-Mitte-Eine-Analyse-der-franzoesischen-Kommunalwahlen.jpg\",\"datePublished\":\"2026-03-25T05:00:00+00:00\",\"dateModified\":\"2026-03-25T05:00:00+00:00\",\"breadcrumb\":{\"@id\":\"https:\/\/now-news.de\/de\/deutschland\/der-zerfall-der-mitte-eine-analyse-der-franzoesischen-kommunalwahlen\/#breadcrumb\"},\"inLanguage\":\"de\",\"potentialAction\":[{\"@type\":\"ReadAction\",\"target\":[\"https:\/\/now-news.de\/de\/deutschland\/der-zerfall-der-mitte-eine-analyse-der-franzoesischen-kommunalwahlen\/\"]}]},{\"@type\":\"ImageObject\",\"inLanguage\":\"de\",\"@id\":\"https:\/\/now-news.de\/de\/deutschland\/der-zerfall-der-mitte-eine-analyse-der-franzoesischen-kommunalwahlen\/#primaryimage\",\"url\":\"https:\/\/now-news.de\/de\/wp-content\/uploads\/sites\/3\/2026\/03\/Der-Zerfall-der-Mitte-Eine-Analyse-der-franzoesischen-Kommunalwahlen.jpg\",\"contentUrl\":\"https:\/\/now-news.de\/de\/wp-content\/uploads\/sites\/3\/2026\/03\/Der-Zerfall-der-Mitte-Eine-Analyse-der-franzoesischen-Kommunalwahlen.jpg\",\"width\":460,\"height\":259,\"caption\":\"Der Zerfall der Mitte: Eine Analyse der franz\u00f6sischen Kommunalwahlen\"},{\"@type\":\"BreadcrumbList\",\"@id\":\"https:\/\/now-news.de\/de\/deutschland\/der-zerfall-der-mitte-eine-analyse-der-franzoesischen-kommunalwahlen\/#breadcrumb\",\"itemListElement\":[{\"@type\":\"ListItem\",\"position\":1,\"name\":\"Home\",\"item\":\"https:\/\/now-news.de\/de\/\"},{\"@type\":\"ListItem\",\"position\":2,\"name\":\"Der Zerfall der Mitte: Eine Analyse der franz\u00f6sischen Kommunalwahlen\"}]},{\"@type\":\"WebSite\",\"@id\":\"https:\/\/now-news.de\/de\/#website\",\"url\":\"https:\/\/now-news.de\/de\/\",\"name\":\"just-now.NEWS Deutschland\",\"description\":\"Das Portal f\u00fcr unzensierte Nachrichten aus der Welt\",\"publisher\":{\"@id\":\"https:\/\/now-news.de\/de\/#organization\"},\"potentialAction\":[{\"@type\":\"SearchAction\",\"target\":{\"@type\":\"EntryPoint\",\"urlTemplate\":\"https:\/\/now-news.de\/de\/?s={search_term_string}\"},\"query-input\":\"required name=search_term_string\"}],\"inLanguage\":\"de\"},{\"@type\":\"Organization\",\"@id\":\"https:\/\/now-news.de\/de\/#organization\",\"name\":\"Just Now News\",\"url\":\"https:\/\/now-news.de\/de\/\",\"logo\":{\"@type\":\"ImageObject\",\"inLanguage\":\"de\",\"@id\":\"https:\/\/now-news.de\/de\/#\/schema\/logo\/image\/\",\"url\":\"http:\/\/just-now.news\/de\/wp-content\/uploads\/sites\/3\/2022\/04\/logo500x500.jpg\",\"contentUrl\":\"http:\/\/just-now.news\/de\/wp-content\/uploads\/sites\/3\/2022\/04\/logo500x500.jpg\",\"width\":500,\"height\":500,\"caption\":\"Just Now News\"},\"image\":{\"@id\":\"https:\/\/now-news.de\/de\/#\/schema\/logo\/image\/\"},\"sameAs\":[\"https:\/\/www.facebook.com\/wirmachenauf\",\"https:\/\/x.com\/WirMachenAuf_de\"]},{\"@type\":\"Person\",\"@id\":\"https:\/\/now-news.de\/de\/#\/schema\/person\/fb534a4e865501d8b3285208df34a9b5\",\"name\":\"rtnews\",\"image\":{\"@type\":\"ImageObject\",\"inLanguage\":\"de\",\"@id\":\"https:\/\/now-news.de\/de\/#\/schema\/person\/image\/\",\"url\":\"https:\/\/secure.gravatar.com\/avatar\/82aafea7d8127119dd649515f56e2117?s=96&d=mm&r=g\",\"contentUrl\":\"https:\/\/secure.gravatar.com\/avatar\/82aafea7d8127119dd649515f56e2117?s=96&d=mm&r=g\",\"caption\":\"rtnews\"},\"url\":\"https:\/\/now-news.de\/de\/author\/rnews\/\"}]}<\/script>\n<!-- \/ Yoast SEO Premium plugin. -->","yoast_head_json":{"title":"Der Zerfall der Mitte: Eine Analyse der franz\u00f6sischen Kommunalwahlen - just-now.NEWS Deutschland","robots":{"index":"index","follow":"follow","max-snippet":"max-snippet:-1","max-image-preview":"max-image-preview:large","max-video-preview":"max-video-preview:-1"},"canonical":"https:\/\/now-news.de\/de\/deutschland\/der-zerfall-der-mitte-eine-analyse-der-franzoesischen-kommunalwahlen\/","og_locale":"de_DE","og_type":"article","og_title":"Der Zerfall der Mitte: Eine Analyse der franz\u00f6sischen Kommunalwahlen","og_description":"Der Text analysiert die franz\u00f6sischen Kommunalwahlen im Kontext internationaler Konflikte und zeigt, dass lokale Wahlentscheidungen von verschiedenen Faktoren beeinflusst werden, darunter Wahlenthaltung, die Ergebnisse radikaler Parteien wie RN und LFI, sowie die Schw\u00e4che des Macron-Lagers. Von Pierre Levy Ein Zufall des Zeitplans:\u00a0Die franz\u00f6sischen Kommunalwahlen am 15. und 22. M\u00e4rz fanden in einer Zeit statt, in [&hellip;]","og_url":"https:\/\/now-news.de\/de\/deutschland\/der-zerfall-der-mitte-eine-analyse-der-franzoesischen-kommunalwahlen\/","og_site_name":"just-now.NEWS Deutschland","article_publisher":"https:\/\/www.facebook.com\/wirmachenauf","article_published_time":"2026-03-25T05:00:00+00:00","og_image":[{"url":"https:\/\/now-news.de\/de\/wp-content\/uploads\/sites\/3\/2026\/03\/69c280e3b480cc40e96fe9e8.jpg"}],"author":"rtnews","twitter_card":"summary_large_image","twitter_creator":"@WirMachenAuf_de","twitter_site":"@WirMachenAuf_de","twitter_misc":{"Verfasst von":"rtnews","Gesch\u00e4tzte Lesezeit":"6\u00a0Minuten"},"schema":{"@context":"https:\/\/schema.org","@graph":[{"@type":"Article","@id":"https:\/\/now-news.de\/de\/deutschland\/der-zerfall-der-mitte-eine-analyse-der-franzoesischen-kommunalwahlen\/#article","isPartOf":{"@id":"https:\/\/now-news.de\/de\/deutschland\/der-zerfall-der-mitte-eine-analyse-der-franzoesischen-kommunalwahlen\/"},"author":{"name":"rtnews","@id":"https:\/\/now-news.de\/de\/#\/schema\/person\/fb534a4e865501d8b3285208df34a9b5"},"headline":"Der Zerfall der Mitte: Eine Analyse der franz\u00f6sischen Kommunalwahlen","datePublished":"2026-03-25T05:00:00+00:00","dateModified":"2026-03-25T05:00:00+00:00","mainEntityOfPage":{"@id":"https:\/\/now-news.de\/de\/deutschland\/der-zerfall-der-mitte-eine-analyse-der-franzoesischen-kommunalwahlen\/"},"wordCount":1267,"commentCount":0,"publisher":{"@id":"https:\/\/now-news.de\/de\/#organization"},"image":{"@id":"https:\/\/now-news.de\/de\/deutschland\/der-zerfall-der-mitte-eine-analyse-der-franzoesischen-kommunalwahlen\/#primaryimage"},"thumbnailUrl":"https:\/\/now-news.de\/de\/wp-content\/uploads\/sites\/3\/2026\/03\/Der-Zerfall-der-Mitte-Eine-Analyse-der-franzoesischen-Kommunalwahlen.jpg","keywords":["Analyse","der","eine","franz\u00f6sischen","Kommunalwahlen","Mitte","Zerfall"],"articleSection":["Deutschland","Russland"],"inLanguage":"de","potentialAction":[{"@type":"CommentAction","name":"Comment","target":["https:\/\/now-news.de\/de\/deutschland\/der-zerfall-der-mitte-eine-analyse-der-franzoesischen-kommunalwahlen\/#respond"]}]},{"@type":"WebPage","@id":"https:\/\/now-news.de\/de\/deutschland\/der-zerfall-der-mitte-eine-analyse-der-franzoesischen-kommunalwahlen\/","url":"https:\/\/now-news.de\/de\/deutschland\/der-zerfall-der-mitte-eine-analyse-der-franzoesischen-kommunalwahlen\/","name":"Der Zerfall der Mitte: Eine Analyse der franz\u00f6sischen Kommunalwahlen - just-now.NEWS Deutschland","isPartOf":{"@id":"https:\/\/now-news.de\/de\/#website"},"primaryImageOfPage":{"@id":"https:\/\/now-news.de\/de\/deutschland\/der-zerfall-der-mitte-eine-analyse-der-franzoesischen-kommunalwahlen\/#primaryimage"},"image":{"@id":"https:\/\/now-news.de\/de\/deutschland\/der-zerfall-der-mitte-eine-analyse-der-franzoesischen-kommunalwahlen\/#primaryimage"},"thumbnailUrl":"https:\/\/now-news.de\/de\/wp-content\/uploads\/sites\/3\/2026\/03\/Der-Zerfall-der-Mitte-Eine-Analyse-der-franzoesischen-Kommunalwahlen.jpg","datePublished":"2026-03-25T05:00:00+00:00","dateModified":"2026-03-25T05:00:00+00:00","breadcrumb":{"@id":"https:\/\/now-news.de\/de\/deutschland\/der-zerfall-der-mitte-eine-analyse-der-franzoesischen-kommunalwahlen\/#breadcrumb"},"inLanguage":"de","potentialAction":[{"@type":"ReadAction","target":["https:\/\/now-news.de\/de\/deutschland\/der-zerfall-der-mitte-eine-analyse-der-franzoesischen-kommunalwahlen\/"]}]},{"@type":"ImageObject","inLanguage":"de","@id":"https:\/\/now-news.de\/de\/deutschland\/der-zerfall-der-mitte-eine-analyse-der-franzoesischen-kommunalwahlen\/#primaryimage","url":"https:\/\/now-news.de\/de\/wp-content\/uploads\/sites\/3\/2026\/03\/Der-Zerfall-der-Mitte-Eine-Analyse-der-franzoesischen-Kommunalwahlen.jpg","contentUrl":"https:\/\/now-news.de\/de\/wp-content\/uploads\/sites\/3\/2026\/03\/Der-Zerfall-der-Mitte-Eine-Analyse-der-franzoesischen-Kommunalwahlen.jpg","width":460,"height":259,"caption":"Der Zerfall der Mitte: Eine Analyse der franz\u00f6sischen Kommunalwahlen"},{"@type":"BreadcrumbList","@id":"https:\/\/now-news.de\/de\/deutschland\/der-zerfall-der-mitte-eine-analyse-der-franzoesischen-kommunalwahlen\/#breadcrumb","itemListElement":[{"@type":"ListItem","position":1,"name":"Home","item":"https:\/\/now-news.de\/de\/"},{"@type":"ListItem","position":2,"name":"Der Zerfall der Mitte: Eine Analyse der franz\u00f6sischen Kommunalwahlen"}]},{"@type":"WebSite","@id":"https:\/\/now-news.de\/de\/#website","url":"https:\/\/now-news.de\/de\/","name":"just-now.NEWS Deutschland","description":"Das Portal f\u00fcr unzensierte Nachrichten aus der Welt","publisher":{"@id":"https:\/\/now-news.de\/de\/#organization"},"potentialAction":[{"@type":"SearchAction","target":{"@type":"EntryPoint","urlTemplate":"https:\/\/now-news.de\/de\/?s={search_term_string}"},"query-input":"required name=search_term_string"}],"inLanguage":"de"},{"@type":"Organization","@id":"https:\/\/now-news.de\/de\/#organization","name":"Just Now News","url":"https:\/\/now-news.de\/de\/","logo":{"@type":"ImageObject","inLanguage":"de","@id":"https:\/\/now-news.de\/de\/#\/schema\/logo\/image\/","url":"http:\/\/just-now.news\/de\/wp-content\/uploads\/sites\/3\/2022\/04\/logo500x500.jpg","contentUrl":"http:\/\/just-now.news\/de\/wp-content\/uploads\/sites\/3\/2022\/04\/logo500x500.jpg","width":500,"height":500,"caption":"Just Now News"},"image":{"@id":"https:\/\/now-news.de\/de\/#\/schema\/logo\/image\/"},"sameAs":["https:\/\/www.facebook.com\/wirmachenauf","https:\/\/x.com\/WirMachenAuf_de"]},{"@type":"Person","@id":"https:\/\/now-news.de\/de\/#\/schema\/person\/fb534a4e865501d8b3285208df34a9b5","name":"rtnews","image":{"@type":"ImageObject","inLanguage":"de","@id":"https:\/\/now-news.de\/de\/#\/schema\/person\/image\/","url":"https:\/\/secure.gravatar.com\/avatar\/82aafea7d8127119dd649515f56e2117?s=96&d=mm&r=g","contentUrl":"https:\/\/secure.gravatar.com\/avatar\/82aafea7d8127119dd649515f56e2117?s=96&d=mm&r=g","caption":"rtnews"},"url":"https:\/\/now-news.de\/de\/author\/rnews\/"}]}},"_links":{"self":[{"href":"https:\/\/now-news.de\/de\/wp-json\/wp\/v2\/posts\/100776"}],"collection":[{"href":"https:\/\/now-news.de\/de\/wp-json\/wp\/v2\/posts"}],"about":[{"href":"https:\/\/now-news.de\/de\/wp-json\/wp\/v2\/types\/post"}],"author":[{"embeddable":true,"href":"https:\/\/now-news.de\/de\/wp-json\/wp\/v2\/users\/3"}],"replies":[{"embeddable":true,"href":"https:\/\/now-news.de\/de\/wp-json\/wp\/v2\/comments?post=100776"}],"version-history":[{"count":0,"href":"https:\/\/now-news.de\/de\/wp-json\/wp\/v2\/posts\/100776\/revisions"}],"wp:featuredmedia":[{"embeddable":true,"href":"https:\/\/now-news.de\/de\/wp-json\/wp\/v2\/media\/100777"}],"wp:attachment":[{"href":"https:\/\/now-news.de\/de\/wp-json\/wp\/v2\/media?parent=100776"}],"wp:term":[{"taxonomy":"category","embeddable":true,"href":"https:\/\/now-news.de\/de\/wp-json\/wp\/v2\/categories?post=100776"},{"taxonomy":"post_tag","embeddable":true,"href":"https:\/\/now-news.de\/de\/wp-json\/wp\/v2\/tags?post=100776"}],"curies":[{"name":"wp","href":"https:\/\/api.w.org\/{rel}","templated":true}]}}