{"id":100772,"date":"2026-03-24T23:08:58","date_gmt":"2026-03-24T21:08:58","guid":{"rendered":"https:\/\/now-news.de\/de\/deutschland\/reuters-deutscher-satellitenplan-alarmiert-die-eu\/"},"modified":"2026-03-24T23:08:58","modified_gmt":"2026-03-24T21:08:58","slug":"reuters-deutscher-satellitenplan-alarmiert-die-eu","status":"publish","type":"post","link":"https:\/\/now-news.de\/de\/deutschland\/reuters-deutscher-satellitenplan-alarmiert-die-eu\/","title":{"rendered":"Reuters: Deutscher Satellitenplan alarmiert die EU"},"content":{"rendered":"<p><img decoding=\"async\" src=\"https:\/\/now-news.de\/de\/wp-content\/uploads\/sites\/3\/2026\/03\/69c2e775b480cc7872372767.jpg\" \/><\/p>\n<div class=\"Text-root Text-type_1 \">\n                Das von Berlin getrennt geplante System SatcomBW-4 wird als Teil einer gr\u00f6\u00dferen Aufr\u00fcstung geplant, trifft aber auf sich verst\u00e4rkende Teilungen innerhalb der EU. Berlin besteht darauf, dass es sich grunds\u00e4tzlich von dem in der EU geplanten unterscheide.\n            <\/div>\n<p><\/p>\n<div class=\"Text-root Text-type_5 ArticleView-text ViewText-root \">\n<p>Der deutsche Anlauf f\u00fcr ein eigenst\u00e4ndiges milit\u00e4risches Satellitennetzwerk, unabh\u00e4ngig vom Programm der EU, alarmierte einige Abgeordnete in Br\u00fcssel, die warnen, dieser Schritt k\u00f6nne die EU insgesamt eher schw\u00e4chen, so die britische Nachrichtenagentur <em>Reuters<\/em>.<\/p>\n<p>Die Satellitenkonstellation SatcomBW-4 ist Teil des Aufr\u00fcstungsprogramms, das in Deutschland wie auch in der EU stattfindet und als Antwort auf eine vermeintliche Bedrohung aus Russland beworben wird; eine Behauptung, die Moskau nach wie vor &#8220;Unsinn&#8221; nennt.<\/p>\n<p>Der deutsche Verteidigungsminister Boris Pistorius sagte im September, Berlin werde in den kommenden f\u00fcnf Jahren 35 Milliarden Euro in milit\u00e4rische Weltraumtechnologien investieren. Er berief sich dabei auf verschiedene Bedrohungen, auch im All.<\/p>\n<p>Nach dem Entwurf, \u00fcber den im Januar erstmals berichtet wurde, arbeiten der Waffenhersteller Rheinmetall, der Satellitenbauer OHB und Airbus zusammen an einer Konstellation von etwa hundert Satelliten in einer erdnahen Umlaufbahn, die nur der milit\u00e4rischen Kommunikation dienen soll. Das System w\u00e4re technologisch dem Starshield von SpaceX \u00e4hnlich, einem Regierungsnetzwerk, das in Starlink integriert ist.<\/p>\n<p>Die EU entwickelt zeitgleich IRIS2, eine EU-weite Konstellation von ungef\u00e4hr 290 Satelliten, die daf\u00fcr entwickelt wurden, f\u00fcr Regierungen, Milit\u00e4r und kommerzielle Nutzer Kommunikationsverbindungen zu bieten. Diese Initiative wurde als europ\u00e4ische Alternative zu Starlink und Starshield vorgestellt und soll den Einsatz nicht-europ\u00e4ischer Provider verringern.<\/p>\n<p>&#8220;Wenn Deutschland jetzt eine rein nationale Architektur errichtet, die nicht in IRIS2 integriert ist, besteht die Gefahr, europ\u00e4ische Strukturen zu schw\u00e4chen&#8221;, zitierte<em> Reuters<\/em> Marie-Agnes Strack-Zimmermann, die Vorsitzende des Sicherheits- und Verteidigungsausschusses des europ\u00e4ischen Parlaments. Ein paralleles System k\u00f6nne zu &#8220;doppelten Strukturen, fragmentierten Standards und letztlich weniger strategischer Wirkung f\u00fcr mehr Geld&#8221; f\u00fchren.<\/p>\n<p>Ein deutscher Regierungssprecher sagte zu <em>Reuters<\/em> jedoch, Berlin sehe IRIS2 als m\u00f6gliche &#8220;Erg\u00e4nzung&#8221; nationaler Initiativen und f\u00fcgte hinzu, das vorgeschlagene System sei f\u00fcr die spezifischen Bed\u00fcrfnisse der Bundeswehr ma\u00dfgeschneidert.<\/p>\n<p>Auch Italien untersucht die M\u00f6glichkeiten f\u00fcr ein eigenes Netzwerk von Satelliten in niedrigem Orbit, aber das Projekt ist noch in einem sehr fr\u00fchen Stadium.<\/p>\n<p>IRIS2 wird von dem Konsortium SpaceRISE umgesetzt. Daran beteiligt sind SES, Eutelsat, Hispasat und als Partner Thales Alenia Space, OHB, Airbus Defence, die Deutsche Telekom und noch weitere Telekommunikationsunternehmen. Das bedeutet, dass bis auf Rheinmetall die \u00fcbrigen Beteiligten des deutschen Netzwerks ebenfalls an IRIS2 beteiligt sind.<\/p>\n<p>Anfang 2024, als die ersten Ausschreibungen zum Projekt IRIS stattgefunden hatten, hatte es aus Deutschland Protest gegeben, weil zwar mit der Deutschen Telekom, OHB und Airbus auch (zumindest teilweise) deutsche Unternehmen an dem Konsortium beteiligt seien, aber die sonst bei EU-Projekten \u00fcbliche deutsche Quote nicht erreicht wurde.<\/p>\n<p>Im Dezember 2023 soll das Wirtschaftsministerium sogar einen Brandbrief an die ausf\u00fchrenden Unternehmen geschickt haben, in dem es hie\u00df: &#8220;Die Beteiligung der deutschen Industrie und deren Anteil an der Wertsch\u00f6pfung m\u00fcssen dringend gekl\u00e4rt werden&#8221;.<\/p>\n<p>Das Projekt IRIS2 sollte urspr\u00fcnglich bereits bis 2027 die volle Leistungsf\u00e4higkeit erreichen; bisher ist aber noch kein einziger Satellit im All, und der erste Start wird mittlerweile erst im Jahr 2029 erwartet.<\/p>\n<p><strong>Mehr zum Thema<\/strong>\u00a0\u2013 <a rel=\"nofollow\" target=\"_blank\" href=\"https:\/\/freedert.online\/inland\/210841-weltraumschrott-spionagesatelliten-bundeswehr-funktionieren-nicht\/\">&#8220;Weltraumschrott&#8221;: Spionagesatelliten der Bundeswehr funktionieren nicht <\/a><\/p>\n<div class=\"EmbedBlock-root EmbedBlock-externalVideo EmbedBlock-rumble\">\n<div class=\"VkEmbed\"><iframe class=\"lazyload\" data-src=\"https:\/\/rumble.com\/embed\/v73cdma\" frameborder=\"0\" width=\"853\" height=\"480\" allowfullscreen><\/iframe><\/div>\n<\/div>\n<\/div>\n<p><br \/>\n<br \/><a href=\"https:\/\/de.rt.com\/europa\/274656-reuters-deutscher-satellitenplan-alarmiert-eu\/\">Source link <\/a><\/p>\n","protected":false},"excerpt":{"rendered":"<p>Das von Berlin getrennt geplante System SatcomBW-4 wird als Teil einer gr\u00f6\u00dferen Aufr\u00fcstung geplant, trifft aber auf sich verst\u00e4rkende Teilungen innerhalb der EU. Berlin besteht darauf, dass es sich grunds\u00e4tzlich von dem in der EU geplanten unterscheide. Der deutsche Anlauf f\u00fcr ein eigenst\u00e4ndiges milit\u00e4risches Satellitennetzwerk, unabh\u00e4ngig vom Programm der EU, alarmierte einige Abgeordnete in Br\u00fcssel, [&hellip;]<\/p>\n","protected":false},"author":3,"featured_media":100773,"comment_status":"open","ping_status":"open","sticky":false,"template":"","format":"standard","meta":{"_yoast_indexnow_last_ping":["1774386664"],"wp_automatic_camp":["217"],"5d5e21b6e3cfde3286f9b04732ad1b8d":["Reuters: Deutscher Satellitenplan alarmiert die EU"],"original_link":["https:\/\/de.rt.com\/europa\/274656-reuters-deutscher-satellitenplan-alarmiert-eu\/"],"_thumbnail_id":["100773"],"_wptgpro_p2tg_sent2tg":["a:1:{i:23737;s:19:\"2026-03-24 23:12:06\";}"],"jnews_social_counter_last_update":["1777198918"]},"categories":[19,23],"tags":[21940,8305,45,40,71987],"yoast_head":"<!-- This site is optimized with the Yoast SEO Premium plugin v22.7 (Yoast SEO v22.7) - https:\/\/yoast.com\/wordpress\/plugins\/seo\/ -->\n<title>Reuters: Deutscher Satellitenplan alarmiert die EU - just-now.NEWS Deutschland<\/title>\n<meta name=\"robots\" content=\"index, follow, max-snippet:-1, max-image-preview:large, max-video-preview:-1\" \/>\n<link rel=\"canonical\" href=\"https:\/\/now-news.de\/de\/deutschland\/reuters-deutscher-satellitenplan-alarmiert-die-eu\/\" \/>\n<meta property=\"og:locale\" content=\"de_DE\" \/>\n<meta property=\"og:type\" content=\"article\" \/>\n<meta property=\"og:title\" content=\"Reuters: Deutscher Satellitenplan alarmiert die EU\" \/>\n<meta property=\"og:description\" content=\"Das von Berlin getrennt geplante System SatcomBW-4 wird als Teil einer gr\u00f6\u00dferen Aufr\u00fcstung geplant, trifft aber auf sich verst\u00e4rkende Teilungen innerhalb der EU. Berlin besteht darauf, dass es sich grunds\u00e4tzlich von dem in der EU geplanten unterscheide. Der deutsche Anlauf f\u00fcr ein eigenst\u00e4ndiges milit\u00e4risches Satellitennetzwerk, unabh\u00e4ngig vom Programm der EU, alarmierte einige Abgeordnete in Br\u00fcssel, [&hellip;]\" \/>\n<meta property=\"og:url\" content=\"https:\/\/now-news.de\/de\/deutschland\/reuters-deutscher-satellitenplan-alarmiert-die-eu\/\" \/>\n<meta property=\"og:site_name\" content=\"just-now.NEWS Deutschland\" \/>\n<meta property=\"article:publisher\" content=\"https:\/\/www.facebook.com\/wirmachenauf\" \/>\n<meta property=\"article:published_time\" content=\"2026-03-24T21:08:58+00:00\" \/>\n<meta property=\"og:image\" content=\"https:\/\/now-news.de\/de\/wp-content\/uploads\/sites\/3\/2026\/03\/69c2e775b480cc7872372767.jpg\" \/>\n<meta name=\"author\" content=\"rtnews\" \/>\n<meta name=\"twitter:card\" content=\"summary_large_image\" \/>\n<meta name=\"twitter:creator\" content=\"@WirMachenAuf_de\" \/>\n<meta name=\"twitter:site\" content=\"@WirMachenAuf_de\" \/>\n<meta name=\"twitter:label1\" content=\"Verfasst von\" \/>\n\t<meta name=\"twitter:data1\" content=\"rtnews\" \/>\n\t<meta name=\"twitter:label2\" content=\"Gesch\u00e4tzte Lesezeit\" \/>\n\t<meta name=\"twitter:data2\" content=\"3\u00a0Minuten\" \/>\n<script type=\"application\/ld+json\" class=\"yoast-schema-graph\">{\"@context\":\"https:\/\/schema.org\",\"@graph\":[{\"@type\":\"Article\",\"@id\":\"https:\/\/now-news.de\/de\/deutschland\/reuters-deutscher-satellitenplan-alarmiert-die-eu\/#article\",\"isPartOf\":{\"@id\":\"https:\/\/now-news.de\/de\/deutschland\/reuters-deutscher-satellitenplan-alarmiert-die-eu\/\"},\"author\":{\"name\":\"rtnews\",\"@id\":\"https:\/\/now-news.de\/de\/#\/schema\/person\/fb534a4e865501d8b3285208df34a9b5\"},\"headline\":\"Reuters: Deutscher Satellitenplan alarmiert die EU\",\"datePublished\":\"2026-03-24T21:08:58+00:00\",\"dateModified\":\"2026-03-24T21:08:58+00:00\",\"mainEntityOfPage\":{\"@id\":\"https:\/\/now-news.de\/de\/deutschland\/reuters-deutscher-satellitenplan-alarmiert-die-eu\/\"},\"wordCount\":554,\"commentCount\":0,\"publisher\":{\"@id\":\"https:\/\/now-news.de\/de\/#organization\"},\"image\":{\"@id\":\"https:\/\/now-news.de\/de\/deutschland\/reuters-deutscher-satellitenplan-alarmiert-die-eu\/#primaryimage\"},\"thumbnailUrl\":\"https:\/\/now-news.de\/de\/wp-content\/uploads\/sites\/3\/2026\/03\/Reuters-Deutscher-Satellitenplan-alarmiert-die-EU.jpg\",\"keywords\":[\"alarmiert\",\"deutscher\",\"die\",\"Reuters\",\"Satellitenplan\"],\"articleSection\":[\"Deutschland\",\"Russland\"],\"inLanguage\":\"de\",\"potentialAction\":[{\"@type\":\"CommentAction\",\"name\":\"Comment\",\"target\":[\"https:\/\/now-news.de\/de\/deutschland\/reuters-deutscher-satellitenplan-alarmiert-die-eu\/#respond\"]}]},{\"@type\":\"WebPage\",\"@id\":\"https:\/\/now-news.de\/de\/deutschland\/reuters-deutscher-satellitenplan-alarmiert-die-eu\/\",\"url\":\"https:\/\/now-news.de\/de\/deutschland\/reuters-deutscher-satellitenplan-alarmiert-die-eu\/\",\"name\":\"Reuters: Deutscher Satellitenplan alarmiert die EU - just-now.NEWS Deutschland\",\"isPartOf\":{\"@id\":\"https:\/\/now-news.de\/de\/#website\"},\"primaryImageOfPage\":{\"@id\":\"https:\/\/now-news.de\/de\/deutschland\/reuters-deutscher-satellitenplan-alarmiert-die-eu\/#primaryimage\"},\"image\":{\"@id\":\"https:\/\/now-news.de\/de\/deutschland\/reuters-deutscher-satellitenplan-alarmiert-die-eu\/#primaryimage\"},\"thumbnailUrl\":\"https:\/\/now-news.de\/de\/wp-content\/uploads\/sites\/3\/2026\/03\/Reuters-Deutscher-Satellitenplan-alarmiert-die-EU.jpg\",\"datePublished\":\"2026-03-24T21:08:58+00:00\",\"dateModified\":\"2026-03-24T21:08:58+00:00\",\"breadcrumb\":{\"@id\":\"https:\/\/now-news.de\/de\/deutschland\/reuters-deutscher-satellitenplan-alarmiert-die-eu\/#breadcrumb\"},\"inLanguage\":\"de\",\"potentialAction\":[{\"@type\":\"ReadAction\",\"target\":[\"https:\/\/now-news.de\/de\/deutschland\/reuters-deutscher-satellitenplan-alarmiert-die-eu\/\"]}]},{\"@type\":\"ImageObject\",\"inLanguage\":\"de\",\"@id\":\"https:\/\/now-news.de\/de\/deutschland\/reuters-deutscher-satellitenplan-alarmiert-die-eu\/#primaryimage\",\"url\":\"https:\/\/now-news.de\/de\/wp-content\/uploads\/sites\/3\/2026\/03\/Reuters-Deutscher-Satellitenplan-alarmiert-die-EU.jpg\",\"contentUrl\":\"https:\/\/now-news.de\/de\/wp-content\/uploads\/sites\/3\/2026\/03\/Reuters-Deutscher-Satellitenplan-alarmiert-die-EU.jpg\",\"width\":460,\"height\":259,\"caption\":\"Reuters: Deutscher Satellitenplan alarmiert die EU\"},{\"@type\":\"BreadcrumbList\",\"@id\":\"https:\/\/now-news.de\/de\/deutschland\/reuters-deutscher-satellitenplan-alarmiert-die-eu\/#breadcrumb\",\"itemListElement\":[{\"@type\":\"ListItem\",\"position\":1,\"name\":\"Home\",\"item\":\"https:\/\/now-news.de\/de\/\"},{\"@type\":\"ListItem\",\"position\":2,\"name\":\"Reuters: Deutscher Satellitenplan alarmiert die EU\"}]},{\"@type\":\"WebSite\",\"@id\":\"https:\/\/now-news.de\/de\/#website\",\"url\":\"https:\/\/now-news.de\/de\/\",\"name\":\"just-now.NEWS Deutschland\",\"description\":\"Das Portal f\u00fcr unzensierte Nachrichten aus der Welt\",\"publisher\":{\"@id\":\"https:\/\/now-news.de\/de\/#organization\"},\"potentialAction\":[{\"@type\":\"SearchAction\",\"target\":{\"@type\":\"EntryPoint\",\"urlTemplate\":\"https:\/\/now-news.de\/de\/?s={search_term_string}\"},\"query-input\":\"required name=search_term_string\"}],\"inLanguage\":\"de\"},{\"@type\":\"Organization\",\"@id\":\"https:\/\/now-news.de\/de\/#organization\",\"name\":\"Just Now News\",\"url\":\"https:\/\/now-news.de\/de\/\",\"logo\":{\"@type\":\"ImageObject\",\"inLanguage\":\"de\",\"@id\":\"https:\/\/now-news.de\/de\/#\/schema\/logo\/image\/\",\"url\":\"http:\/\/just-now.news\/de\/wp-content\/uploads\/sites\/3\/2022\/04\/logo500x500.jpg\",\"contentUrl\":\"http:\/\/just-now.news\/de\/wp-content\/uploads\/sites\/3\/2022\/04\/logo500x500.jpg\",\"width\":500,\"height\":500,\"caption\":\"Just Now News\"},\"image\":{\"@id\":\"https:\/\/now-news.de\/de\/#\/schema\/logo\/image\/\"},\"sameAs\":[\"https:\/\/www.facebook.com\/wirmachenauf\",\"https:\/\/x.com\/WirMachenAuf_de\"]},{\"@type\":\"Person\",\"@id\":\"https:\/\/now-news.de\/de\/#\/schema\/person\/fb534a4e865501d8b3285208df34a9b5\",\"name\":\"rtnews\",\"image\":{\"@type\":\"ImageObject\",\"inLanguage\":\"de\",\"@id\":\"https:\/\/now-news.de\/de\/#\/schema\/person\/image\/\",\"url\":\"https:\/\/secure.gravatar.com\/avatar\/82aafea7d8127119dd649515f56e2117?s=96&d=mm&r=g\",\"contentUrl\":\"https:\/\/secure.gravatar.com\/avatar\/82aafea7d8127119dd649515f56e2117?s=96&d=mm&r=g\",\"caption\":\"rtnews\"},\"url\":\"https:\/\/now-news.de\/de\/author\/rnews\/\"}]}<\/script>\n<!-- \/ Yoast SEO Premium plugin. -->","yoast_head_json":{"title":"Reuters: Deutscher Satellitenplan alarmiert die EU - just-now.NEWS Deutschland","robots":{"index":"index","follow":"follow","max-snippet":"max-snippet:-1","max-image-preview":"max-image-preview:large","max-video-preview":"max-video-preview:-1"},"canonical":"https:\/\/now-news.de\/de\/deutschland\/reuters-deutscher-satellitenplan-alarmiert-die-eu\/","og_locale":"de_DE","og_type":"article","og_title":"Reuters: Deutscher Satellitenplan alarmiert die EU","og_description":"Das von Berlin getrennt geplante System SatcomBW-4 wird als Teil einer gr\u00f6\u00dferen Aufr\u00fcstung geplant, trifft aber auf sich verst\u00e4rkende Teilungen innerhalb der EU. Berlin besteht darauf, dass es sich grunds\u00e4tzlich von dem in der EU geplanten unterscheide. Der deutsche Anlauf f\u00fcr ein eigenst\u00e4ndiges milit\u00e4risches Satellitennetzwerk, unabh\u00e4ngig vom Programm der EU, alarmierte einige Abgeordnete in Br\u00fcssel, [&hellip;]","og_url":"https:\/\/now-news.de\/de\/deutschland\/reuters-deutscher-satellitenplan-alarmiert-die-eu\/","og_site_name":"just-now.NEWS Deutschland","article_publisher":"https:\/\/www.facebook.com\/wirmachenauf","article_published_time":"2026-03-24T21:08:58+00:00","og_image":[{"url":"https:\/\/now-news.de\/de\/wp-content\/uploads\/sites\/3\/2026\/03\/69c2e775b480cc7872372767.jpg"}],"author":"rtnews","twitter_card":"summary_large_image","twitter_creator":"@WirMachenAuf_de","twitter_site":"@WirMachenAuf_de","twitter_misc":{"Verfasst von":"rtnews","Gesch\u00e4tzte Lesezeit":"3\u00a0Minuten"},"schema":{"@context":"https:\/\/schema.org","@graph":[{"@type":"Article","@id":"https:\/\/now-news.de\/de\/deutschland\/reuters-deutscher-satellitenplan-alarmiert-die-eu\/#article","isPartOf":{"@id":"https:\/\/now-news.de\/de\/deutschland\/reuters-deutscher-satellitenplan-alarmiert-die-eu\/"},"author":{"name":"rtnews","@id":"https:\/\/now-news.de\/de\/#\/schema\/person\/fb534a4e865501d8b3285208df34a9b5"},"headline":"Reuters: Deutscher Satellitenplan alarmiert die EU","datePublished":"2026-03-24T21:08:58+00:00","dateModified":"2026-03-24T21:08:58+00:00","mainEntityOfPage":{"@id":"https:\/\/now-news.de\/de\/deutschland\/reuters-deutscher-satellitenplan-alarmiert-die-eu\/"},"wordCount":554,"commentCount":0,"publisher":{"@id":"https:\/\/now-news.de\/de\/#organization"},"image":{"@id":"https:\/\/now-news.de\/de\/deutschland\/reuters-deutscher-satellitenplan-alarmiert-die-eu\/#primaryimage"},"thumbnailUrl":"https:\/\/now-news.de\/de\/wp-content\/uploads\/sites\/3\/2026\/03\/Reuters-Deutscher-Satellitenplan-alarmiert-die-EU.jpg","keywords":["alarmiert","deutscher","die","Reuters","Satellitenplan"],"articleSection":["Deutschland","Russland"],"inLanguage":"de","potentialAction":[{"@type":"CommentAction","name":"Comment","target":["https:\/\/now-news.de\/de\/deutschland\/reuters-deutscher-satellitenplan-alarmiert-die-eu\/#respond"]}]},{"@type":"WebPage","@id":"https:\/\/now-news.de\/de\/deutschland\/reuters-deutscher-satellitenplan-alarmiert-die-eu\/","url":"https:\/\/now-news.de\/de\/deutschland\/reuters-deutscher-satellitenplan-alarmiert-die-eu\/","name":"Reuters: Deutscher Satellitenplan alarmiert die EU - just-now.NEWS Deutschland","isPartOf":{"@id":"https:\/\/now-news.de\/de\/#website"},"primaryImageOfPage":{"@id":"https:\/\/now-news.de\/de\/deutschland\/reuters-deutscher-satellitenplan-alarmiert-die-eu\/#primaryimage"},"image":{"@id":"https:\/\/now-news.de\/de\/deutschland\/reuters-deutscher-satellitenplan-alarmiert-die-eu\/#primaryimage"},"thumbnailUrl":"https:\/\/now-news.de\/de\/wp-content\/uploads\/sites\/3\/2026\/03\/Reuters-Deutscher-Satellitenplan-alarmiert-die-EU.jpg","datePublished":"2026-03-24T21:08:58+00:00","dateModified":"2026-03-24T21:08:58+00:00","breadcrumb":{"@id":"https:\/\/now-news.de\/de\/deutschland\/reuters-deutscher-satellitenplan-alarmiert-die-eu\/#breadcrumb"},"inLanguage":"de","potentialAction":[{"@type":"ReadAction","target":["https:\/\/now-news.de\/de\/deutschland\/reuters-deutscher-satellitenplan-alarmiert-die-eu\/"]}]},{"@type":"ImageObject","inLanguage":"de","@id":"https:\/\/now-news.de\/de\/deutschland\/reuters-deutscher-satellitenplan-alarmiert-die-eu\/#primaryimage","url":"https:\/\/now-news.de\/de\/wp-content\/uploads\/sites\/3\/2026\/03\/Reuters-Deutscher-Satellitenplan-alarmiert-die-EU.jpg","contentUrl":"https:\/\/now-news.de\/de\/wp-content\/uploads\/sites\/3\/2026\/03\/Reuters-Deutscher-Satellitenplan-alarmiert-die-EU.jpg","width":460,"height":259,"caption":"Reuters: Deutscher Satellitenplan alarmiert die EU"},{"@type":"BreadcrumbList","@id":"https:\/\/now-news.de\/de\/deutschland\/reuters-deutscher-satellitenplan-alarmiert-die-eu\/#breadcrumb","itemListElement":[{"@type":"ListItem","position":1,"name":"Home","item":"https:\/\/now-news.de\/de\/"},{"@type":"ListItem","position":2,"name":"Reuters: Deutscher Satellitenplan alarmiert die EU"}]},{"@type":"WebSite","@id":"https:\/\/now-news.de\/de\/#website","url":"https:\/\/now-news.de\/de\/","name":"just-now.NEWS Deutschland","description":"Das Portal f\u00fcr unzensierte Nachrichten aus der Welt","publisher":{"@id":"https:\/\/now-news.de\/de\/#organization"},"potentialAction":[{"@type":"SearchAction","target":{"@type":"EntryPoint","urlTemplate":"https:\/\/now-news.de\/de\/?s={search_term_string}"},"query-input":"required name=search_term_string"}],"inLanguage":"de"},{"@type":"Organization","@id":"https:\/\/now-news.de\/de\/#organization","name":"Just Now News","url":"https:\/\/now-news.de\/de\/","logo":{"@type":"ImageObject","inLanguage":"de","@id":"https:\/\/now-news.de\/de\/#\/schema\/logo\/image\/","url":"http:\/\/just-now.news\/de\/wp-content\/uploads\/sites\/3\/2022\/04\/logo500x500.jpg","contentUrl":"http:\/\/just-now.news\/de\/wp-content\/uploads\/sites\/3\/2022\/04\/logo500x500.jpg","width":500,"height":500,"caption":"Just Now News"},"image":{"@id":"https:\/\/now-news.de\/de\/#\/schema\/logo\/image\/"},"sameAs":["https:\/\/www.facebook.com\/wirmachenauf","https:\/\/x.com\/WirMachenAuf_de"]},{"@type":"Person","@id":"https:\/\/now-news.de\/de\/#\/schema\/person\/fb534a4e865501d8b3285208df34a9b5","name":"rtnews","image":{"@type":"ImageObject","inLanguage":"de","@id":"https:\/\/now-news.de\/de\/#\/schema\/person\/image\/","url":"https:\/\/secure.gravatar.com\/avatar\/82aafea7d8127119dd649515f56e2117?s=96&d=mm&r=g","contentUrl":"https:\/\/secure.gravatar.com\/avatar\/82aafea7d8127119dd649515f56e2117?s=96&d=mm&r=g","caption":"rtnews"},"url":"https:\/\/now-news.de\/de\/author\/rnews\/"}]}},"_links":{"self":[{"href":"https:\/\/now-news.de\/de\/wp-json\/wp\/v2\/posts\/100772"}],"collection":[{"href":"https:\/\/now-news.de\/de\/wp-json\/wp\/v2\/posts"}],"about":[{"href":"https:\/\/now-news.de\/de\/wp-json\/wp\/v2\/types\/post"}],"author":[{"embeddable":true,"href":"https:\/\/now-news.de\/de\/wp-json\/wp\/v2\/users\/3"}],"replies":[{"embeddable":true,"href":"https:\/\/now-news.de\/de\/wp-json\/wp\/v2\/comments?post=100772"}],"version-history":[{"count":0,"href":"https:\/\/now-news.de\/de\/wp-json\/wp\/v2\/posts\/100772\/revisions"}],"wp:featuredmedia":[{"embeddable":true,"href":"https:\/\/now-news.de\/de\/wp-json\/wp\/v2\/media\/100773"}],"wp:attachment":[{"href":"https:\/\/now-news.de\/de\/wp-json\/wp\/v2\/media?parent=100772"}],"wp:term":[{"taxonomy":"category","embeddable":true,"href":"https:\/\/now-news.de\/de\/wp-json\/wp\/v2\/categories?post=100772"},{"taxonomy":"post_tag","embeddable":true,"href":"https:\/\/now-news.de\/de\/wp-json\/wp\/v2\/tags?post=100772"}],"curies":[{"name":"wp","href":"https:\/\/api.w.org\/{rel}","templated":true}]}}