{"id":100744,"date":"2026-03-24T18:25:50","date_gmt":"2026-03-24T16:25:50","guid":{"rendered":"https:\/\/now-news.de\/de\/deutschland\/lawrow-ueber-dritten-weltkrieg-eliten-des-westen-investieren-in-konfrontation\/"},"modified":"2026-03-24T18:25:50","modified_gmt":"2026-03-24T16:25:50","slug":"lawrow-ueber-dritten-weltkrieg-eliten-des-westen-investieren-in-konfrontation","status":"publish","type":"post","link":"https:\/\/now-news.de\/de\/deutschland\/lawrow-ueber-dritten-weltkrieg-eliten-des-westen-investieren-in-konfrontation\/","title":{"rendered":"Lawrow \u00fcber Dritten Weltkrieg: Eliten des Westen investieren in Konfrontation"},"content":{"rendered":"<p><img decoding=\"async\" src=\"https:\/\/now-news.de\/de\/wp-content\/uploads\/sites\/3\/2026\/03\/69c2b04cb480cc72d169038e.jpg\" \/><\/p>\n<div class=\"Text-root Text-type_1 \">\n                Viele Experten haben die aktuelle weltpolitische Lage bereits als &#8220;Dritten Weltkrieg&#8221; eingesch\u00e4tzt, sagte Russlands Au\u00dfenminister Sergei Lawrow bei einer Sitzung der Gortschakow-Stiftung am Dienstag, ohne sich dazu zu \u00e4u\u00dfern, ob er diese Einsch\u00e4tzung teilt. Lawrow ging auf die laufenden Konflikte und die Rolle der Diplomatie ein.\n            <\/div>\n<p><\/p>\n<div class=\"Text-root Text-type_5 ArticleView-text ViewText-root \">\n<p>Russlands Au\u00dfenminister Sergei Lawrow hat sich am Dienstag im Rahmen eines Auftritts\u00a0bei einer Sitzung des Kuratoriums der Gortschakow-Stiftung zu aktuellen Fragen der Au\u00dfen- und Geopolitik ge\u00e4u\u00dfert. Das Augenmerk lag dabei besonders auf der globalen Sicherheitslage, der Gefahr des Ausbruchs eines &#8220;hei\u00dfen&#8221; Dritten Weltkriegs sowie dem Iran-Krieg.\u00a0\u00a0<\/p>\n<p>Lawrow wies in seiner Er\u00f6ffnungsrede darauf hin, dass das Jahr &#8220;dramatisch&#8221;\u00a0angefangen habe und eine Reihe von Experten auf dem Gebiet der internationalen Beziehungen bereits begonnen h\u00e4tten, die aktuellen Konflikte in der Welt als einen &#8220;Dritten Weltkrieg&#8221; zu bezeichnen:<\/p>\n<p><em>&#8220;Einige Experten, darunter auch in Russland, die sich auf die Geschichte der internationalen Beziehungen spezialisiert haben, haben bereits begonnen, die aktuellen Ereignisse als Dritten Weltkrieg zu charakterisieren und zu bezeichnen.&#8221;<\/em><\/p>\n<p>Die Eliten des Westens w\u00fcrden weiterhin in die Konfrontation mit Russland &#8220;investieren&#8221;, sagte der Au\u00dfenminister:<\/p>\n<p><em>&#8220;Eine westliche Minderheit \u2013 genauer gesagt die Eliten der westlichen L\u00e4nder \u2013 investieren weiterhin das politische und wirtschaftliche Kapital, das ihnen noch bleibt, in die Konfrontation mit unserem Land.&#8221;<\/em><\/p>\n<p>Die Ereignisse in Lateinamerika und im Nahen Osten seien eine direkte Folge der Versuche des Westens, die \u00dcberreste seiner Vorherrschaft zu bewahren:<\/p>\n<p><em>&#8220;Ereignisse, die sich unmittelbar aus den Versuchen der Staaten der westlichen Minderheit ergeben, die \u00dcberreste ihrer Vorherrschaft auf der internationalen B\u00fchne unter Anwendung brutaler Gewaltmethoden zu bewahren, ungeachtet aller zuvor unterzeichneten und ratifizierten Verpflichtungen nach dem V\u00f6lkerrecht.&#8221;<\/em><\/p>\n<p>Russland seien die Entwicklungen in den Beziehungen zwischen Iran und seinen Nachbarn nicht gleichg\u00fcltig. Die &#8220;harte milit\u00e4rische Aggression der USA und Israels&#8221; gegen\u00fcber Iran berge die Gefahr einer Destabilisierung des Welthandels und der globalen Energiesicherheit:<\/p>\n<p><em>&#8220;Die Situation birgt die Gefahr einer Destabilisierung nicht nur der Golfregion, was bereits geschehen ist, und nicht nur des gesamten Nahen Ostens, was bereits geschieht, sondern auch des Welthandels, der globalen Energiesicherheit sowie der internationalen Verkehrs- und Gesch\u00e4ftskommunikation.&#8221;<\/em><\/p>\n<p>Russland teile seine Einsch\u00e4tzungen zur aktuellen Lage sowohl dem Iran als auch den L\u00e4ndern des Kooperationsrates der Arabischen Golfstaaten mit:<\/p>\n<p><em>&#8220;Wir diskutieren derzeit all diese Fragen und teilen nat\u00fcrlich unsere Einsch\u00e4tzungen und die Entwicklung unserer Standpunkte sowohl den Iranern als auch den Mitgliedstaaten des Kooperationsrats der Arabischen Golfstaaten mit.&#8221;<\/em><\/p>\n<p>Russland\u00a0sei \u00fcberzeugt, dass &#8220;gerade dieser Weg \u2013 der Weg der Verhandlungen, der Weg der Einigung und der Abstimmung der Interessen \u2013 den Interessen&#8221; des Nahen Ostens entspreche, so Lawrow.<\/p>\n<p>Die Reaktion der IAEA auf die Bedrohungen f\u00fcr die nukleare Sicherheit im Nahen Osten kritisierte er als unzureichend:<\/p>\n<p><em>&#8220;Die F\u00fchrung der IAEA reagiert, wie ich sagen w\u00fcrde, sehr unzureichend auf die direkten Bedrohungen, die sich aus der entfesselten Aggression f\u00fcr die nukleare Sicherheit ergeben.&#8221;<\/em><\/p>\n<p>Russland halte in der aktuellen instabilen Lage an den Grundlinien seiner Au\u00dfenpolitik fest, erkl\u00e4rte der Au\u00dfenminister:<\/p>\n<p><em>&#8220;In einer derart turbulenten Lage bleiben die Priorit\u00e4ten unserer Au\u00dfenpolitik unver\u00e4ndert. Ich glaube nicht, dass sie irgendwelchen konjunkturellen Einfl\u00fcssen unterliegen k\u00f6nnten. Sie zielen darauf ab, die nationale Sicherheit zu gew\u00e4hrleisten, g\u00fcnstige \u00e4u\u00dfere Rahmenbedingungen f\u00fcr die innere Entwicklung des Landes zu schaffen und die Lebensqualit\u00e4t unserer B\u00fcrger zu verbessern. Dies ist im au\u00dfenpolitischen Konzept festgeschrieben, das der russische Pr\u00e4sident W. W. Putin im M\u00e4rz 2023 unterzeichnet hat. Diese Ziele bleiben zweifellos unver\u00e4ndert.&#8221;<\/em><\/p>\n<p>In der Praxis bedeute dies vor allem eine weitere St\u00e4rkung der Souver\u00e4nit\u00e4t Russlands in allen Bereichen. Auf internationaler Ebene f\u00f6rdere Russlands Diplomatie eine &#8220;ehrliche, gleichberechtigte und f\u00fcr beide Seiten vorteilhafte Partnerschaft mit allen, die zu Kontakten auf der Grundlage dieser Prinzipien bereit sind.&#8221;<\/p>\n<p>Die Gortschakow-Stiftung ist ein 2010 auf Initiative des damaligen Pr\u00e4sidenten Dmitri Medwedew gegr\u00fcndeter au\u00dfenpolitischer Think-Tank mit engen Verbindungen zum Au\u00dfenministerium.<\/p>\n<p><strong>Mehr zum Thema &#8211;<\/strong>\u00a0<a rel=\"nofollow\" target=\"_blank\" href=\"https:\/\/freedert.online\/international\/270134-geist-von-anchorage-bald-gespenst\/\" target=\"_blank\" rel=\"noopener noreferrer\">Geist von Anchorage bald ein Gespenst: Der Westen will einen Deal \u2013 Russland braucht ein System<\/a><\/p>\n<div class=\"EmbedBlock-root EmbedBlock-externalVideo EmbedBlock-rumble\">\n<div class=\"VkEmbed\"><iframe class=\"lazyload\" data-src=\"https:\/\/rumble.com\/embed\/v75d2me\" frameborder=\"0\" width=\"853\" height=\"480\" allowfullscreen><\/iframe><\/div>\n<\/div>\n<\/div>\n<p><br \/>\n<br \/><a href=\"https:\/\/de.rt.com\/russland\/274583-lawrow-ueber-dritten-weltkrieg-eliten-investieren-konfrontation\/\">Source link <\/a><\/p>\n","protected":false},"excerpt":{"rendered":"<p>Viele Experten haben die aktuelle weltpolitische Lage bereits als &#8220;Dritten Weltkrieg&#8221; eingesch\u00e4tzt, sagte Russlands Au\u00dfenminister Sergei Lawrow bei einer Sitzung der Gortschakow-Stiftung am Dienstag, ohne sich dazu zu \u00e4u\u00dfern, ob er diese Einsch\u00e4tzung teilt. Lawrow ging auf die laufenden Konflikte und die Rolle der Diplomatie ein. Russlands Au\u00dfenminister Sergei Lawrow hat sich am Dienstag im [&hellip;]<\/p>\n","protected":false},"author":3,"featured_media":100745,"comment_status":"open","ping_status":"open","sticky":false,"template":"","format":"standard","meta":{"_yoast_indexnow_last_ping":["1774370286"],"wp_automatic_camp":["217"],"2c02c5eba412aa3336adfabcaf10a29b":["Lawrow \u00fcber Dritten Weltkrieg: Eliten des Westen investieren in Konfrontation"],"original_link":["https:\/\/de.rt.com\/russland\/274583-lawrow-ueber-dritten-weltkrieg-eliten-investieren-konfrontation\/"],"_thumbnail_id":["100745"],"jnews_social_counter_last_update":["1777400224"],"_wptgpro_p2tg_sent2tg":["a:1:{i:23737;s:19:\"2026-03-24 18:39:09\";}"]},"categories":[19,23],"tags":[583,1726,4435,290,4487,1018,139,3226,378],"yoast_head":"<!-- This site is optimized with the Yoast SEO Premium plugin v22.7 (Yoast SEO v22.7) - https:\/\/yoast.com\/wordpress\/plugins\/seo\/ -->\n<title>Lawrow \u00fcber Dritten Weltkrieg: Eliten des Westen investieren in Konfrontation - just-now.NEWS Deutschland<\/title>\n<meta name=\"robots\" content=\"index, follow, max-snippet:-1, max-image-preview:large, max-video-preview:-1\" \/>\n<link rel=\"canonical\" href=\"https:\/\/now-news.de\/de\/deutschland\/lawrow-ueber-dritten-weltkrieg-eliten-des-westen-investieren-in-konfrontation\/\" \/>\n<meta property=\"og:locale\" content=\"de_DE\" \/>\n<meta property=\"og:type\" content=\"article\" \/>\n<meta property=\"og:title\" content=\"Lawrow \u00fcber Dritten Weltkrieg: Eliten des Westen investieren in Konfrontation\" \/>\n<meta property=\"og:description\" content=\"Viele Experten haben die aktuelle weltpolitische Lage bereits als &#8220;Dritten Weltkrieg&#8221; eingesch\u00e4tzt, sagte Russlands Au\u00dfenminister Sergei Lawrow bei einer Sitzung der Gortschakow-Stiftung am Dienstag, ohne sich dazu zu \u00e4u\u00dfern, ob er diese Einsch\u00e4tzung teilt. Lawrow ging auf die laufenden Konflikte und die Rolle der Diplomatie ein. Russlands Au\u00dfenminister Sergei Lawrow hat sich am Dienstag im [&hellip;]\" \/>\n<meta property=\"og:url\" content=\"https:\/\/now-news.de\/de\/deutschland\/lawrow-ueber-dritten-weltkrieg-eliten-des-westen-investieren-in-konfrontation\/\" \/>\n<meta property=\"og:site_name\" content=\"just-now.NEWS Deutschland\" \/>\n<meta property=\"article:publisher\" content=\"https:\/\/www.facebook.com\/wirmachenauf\" \/>\n<meta property=\"article:published_time\" content=\"2026-03-24T16:25:50+00:00\" \/>\n<meta property=\"og:image\" content=\"https:\/\/now-news.de\/de\/wp-content\/uploads\/sites\/3\/2026\/03\/69c2b04cb480cc72d169038e.jpg\" \/>\n<meta name=\"author\" content=\"rtnews\" \/>\n<meta name=\"twitter:card\" content=\"summary_large_image\" \/>\n<meta name=\"twitter:creator\" content=\"@WirMachenAuf_de\" \/>\n<meta name=\"twitter:site\" content=\"@WirMachenAuf_de\" \/>\n<meta name=\"twitter:label1\" content=\"Verfasst von\" \/>\n\t<meta name=\"twitter:data1\" content=\"rtnews\" \/>\n\t<meta name=\"twitter:label2\" content=\"Gesch\u00e4tzte Lesezeit\" \/>\n\t<meta name=\"twitter:data2\" content=\"3\u00a0Minuten\" \/>\n<script type=\"application\/ld+json\" class=\"yoast-schema-graph\">{\"@context\":\"https:\/\/schema.org\",\"@graph\":[{\"@type\":\"Article\",\"@id\":\"https:\/\/now-news.de\/de\/deutschland\/lawrow-ueber-dritten-weltkrieg-eliten-des-westen-investieren-in-konfrontation\/#article\",\"isPartOf\":{\"@id\":\"https:\/\/now-news.de\/de\/deutschland\/lawrow-ueber-dritten-weltkrieg-eliten-des-westen-investieren-in-konfrontation\/\"},\"author\":{\"name\":\"rtnews\",\"@id\":\"https:\/\/now-news.de\/de\/#\/schema\/person\/fb534a4e865501d8b3285208df34a9b5\"},\"headline\":\"Lawrow \u00fcber Dritten Weltkrieg: Eliten des Westen investieren in Konfrontation\",\"datePublished\":\"2026-03-24T16:25:50+00:00\",\"dateModified\":\"2026-03-24T16:25:50+00:00\",\"mainEntityOfPage\":{\"@id\":\"https:\/\/now-news.de\/de\/deutschland\/lawrow-ueber-dritten-weltkrieg-eliten-des-westen-investieren-in-konfrontation\/\"},\"wordCount\":692,\"commentCount\":0,\"publisher\":{\"@id\":\"https:\/\/now-news.de\/de\/#organization\"},\"image\":{\"@id\":\"https:\/\/now-news.de\/de\/deutschland\/lawrow-ueber-dritten-weltkrieg-eliten-des-westen-investieren-in-konfrontation\/#primaryimage\"},\"thumbnailUrl\":\"https:\/\/now-news.de\/de\/wp-content\/uploads\/sites\/3\/2026\/03\/Lawrow-ueber-Dritten-Weltkrieg-Eliten-des-Westen-investieren-in-Konfrontation.jpg\",\"keywords\":[\"des\",\"dritten\",\"Eliten\",\"investieren\",\"Konfrontation\",\"Lawrow\",\"\u00fcber\",\"Weltkrieg\",\"Westen\"],\"articleSection\":[\"Deutschland\",\"Russland\"],\"inLanguage\":\"de\",\"potentialAction\":[{\"@type\":\"CommentAction\",\"name\":\"Comment\",\"target\":[\"https:\/\/now-news.de\/de\/deutschland\/lawrow-ueber-dritten-weltkrieg-eliten-des-westen-investieren-in-konfrontation\/#respond\"]}]},{\"@type\":\"WebPage\",\"@id\":\"https:\/\/now-news.de\/de\/deutschland\/lawrow-ueber-dritten-weltkrieg-eliten-des-westen-investieren-in-konfrontation\/\",\"url\":\"https:\/\/now-news.de\/de\/deutschland\/lawrow-ueber-dritten-weltkrieg-eliten-des-westen-investieren-in-konfrontation\/\",\"name\":\"Lawrow \u00fcber Dritten Weltkrieg: Eliten des Westen investieren in Konfrontation - just-now.NEWS Deutschland\",\"isPartOf\":{\"@id\":\"https:\/\/now-news.de\/de\/#website\"},\"primaryImageOfPage\":{\"@id\":\"https:\/\/now-news.de\/de\/deutschland\/lawrow-ueber-dritten-weltkrieg-eliten-des-westen-investieren-in-konfrontation\/#primaryimage\"},\"image\":{\"@id\":\"https:\/\/now-news.de\/de\/deutschland\/lawrow-ueber-dritten-weltkrieg-eliten-des-westen-investieren-in-konfrontation\/#primaryimage\"},\"thumbnailUrl\":\"https:\/\/now-news.de\/de\/wp-content\/uploads\/sites\/3\/2026\/03\/Lawrow-ueber-Dritten-Weltkrieg-Eliten-des-Westen-investieren-in-Konfrontation.jpg\",\"datePublished\":\"2026-03-24T16:25:50+00:00\",\"dateModified\":\"2026-03-24T16:25:50+00:00\",\"breadcrumb\":{\"@id\":\"https:\/\/now-news.de\/de\/deutschland\/lawrow-ueber-dritten-weltkrieg-eliten-des-westen-investieren-in-konfrontation\/#breadcrumb\"},\"inLanguage\":\"de\",\"potentialAction\":[{\"@type\":\"ReadAction\",\"target\":[\"https:\/\/now-news.de\/de\/deutschland\/lawrow-ueber-dritten-weltkrieg-eliten-des-westen-investieren-in-konfrontation\/\"]}]},{\"@type\":\"ImageObject\",\"inLanguage\":\"de\",\"@id\":\"https:\/\/now-news.de\/de\/deutschland\/lawrow-ueber-dritten-weltkrieg-eliten-des-westen-investieren-in-konfrontation\/#primaryimage\",\"url\":\"https:\/\/now-news.de\/de\/wp-content\/uploads\/sites\/3\/2026\/03\/Lawrow-ueber-Dritten-Weltkrieg-Eliten-des-Westen-investieren-in-Konfrontation.jpg\",\"contentUrl\":\"https:\/\/now-news.de\/de\/wp-content\/uploads\/sites\/3\/2026\/03\/Lawrow-ueber-Dritten-Weltkrieg-Eliten-des-Westen-investieren-in-Konfrontation.jpg\",\"width\":460,\"height\":259,\"caption\":\"Lawrow \u00fcber Dritten Weltkrieg: Eliten des Westen investieren in Konfrontation\"},{\"@type\":\"BreadcrumbList\",\"@id\":\"https:\/\/now-news.de\/de\/deutschland\/lawrow-ueber-dritten-weltkrieg-eliten-des-westen-investieren-in-konfrontation\/#breadcrumb\",\"itemListElement\":[{\"@type\":\"ListItem\",\"position\":1,\"name\":\"Home\",\"item\":\"https:\/\/now-news.de\/de\/\"},{\"@type\":\"ListItem\",\"position\":2,\"name\":\"Lawrow \u00fcber Dritten Weltkrieg: Eliten des Westen investieren in Konfrontation\"}]},{\"@type\":\"WebSite\",\"@id\":\"https:\/\/now-news.de\/de\/#website\",\"url\":\"https:\/\/now-news.de\/de\/\",\"name\":\"just-now.NEWS Deutschland\",\"description\":\"Das Portal f\u00fcr unzensierte Nachrichten aus der Welt\",\"publisher\":{\"@id\":\"https:\/\/now-news.de\/de\/#organization\"},\"potentialAction\":[{\"@type\":\"SearchAction\",\"target\":{\"@type\":\"EntryPoint\",\"urlTemplate\":\"https:\/\/now-news.de\/de\/?s={search_term_string}\"},\"query-input\":\"required name=search_term_string\"}],\"inLanguage\":\"de\"},{\"@type\":\"Organization\",\"@id\":\"https:\/\/now-news.de\/de\/#organization\",\"name\":\"Just Now News\",\"url\":\"https:\/\/now-news.de\/de\/\",\"logo\":{\"@type\":\"ImageObject\",\"inLanguage\":\"de\",\"@id\":\"https:\/\/now-news.de\/de\/#\/schema\/logo\/image\/\",\"url\":\"http:\/\/just-now.news\/de\/wp-content\/uploads\/sites\/3\/2022\/04\/logo500x500.jpg\",\"contentUrl\":\"http:\/\/just-now.news\/de\/wp-content\/uploads\/sites\/3\/2022\/04\/logo500x500.jpg\",\"width\":500,\"height\":500,\"caption\":\"Just Now News\"},\"image\":{\"@id\":\"https:\/\/now-news.de\/de\/#\/schema\/logo\/image\/\"},\"sameAs\":[\"https:\/\/www.facebook.com\/wirmachenauf\",\"https:\/\/x.com\/WirMachenAuf_de\"]},{\"@type\":\"Person\",\"@id\":\"https:\/\/now-news.de\/de\/#\/schema\/person\/fb534a4e865501d8b3285208df34a9b5\",\"name\":\"rtnews\",\"image\":{\"@type\":\"ImageObject\",\"inLanguage\":\"de\",\"@id\":\"https:\/\/now-news.de\/de\/#\/schema\/person\/image\/\",\"url\":\"https:\/\/secure.gravatar.com\/avatar\/82aafea7d8127119dd649515f56e2117?s=96&d=mm&r=g\",\"contentUrl\":\"https:\/\/secure.gravatar.com\/avatar\/82aafea7d8127119dd649515f56e2117?s=96&d=mm&r=g\",\"caption\":\"rtnews\"},\"url\":\"https:\/\/now-news.de\/de\/author\/rnews\/\"}]}<\/script>\n<!-- \/ Yoast SEO Premium plugin. -->","yoast_head_json":{"title":"Lawrow \u00fcber Dritten Weltkrieg: Eliten des Westen investieren in Konfrontation - just-now.NEWS Deutschland","robots":{"index":"index","follow":"follow","max-snippet":"max-snippet:-1","max-image-preview":"max-image-preview:large","max-video-preview":"max-video-preview:-1"},"canonical":"https:\/\/now-news.de\/de\/deutschland\/lawrow-ueber-dritten-weltkrieg-eliten-des-westen-investieren-in-konfrontation\/","og_locale":"de_DE","og_type":"article","og_title":"Lawrow \u00fcber Dritten Weltkrieg: Eliten des Westen investieren in Konfrontation","og_description":"Viele Experten haben die aktuelle weltpolitische Lage bereits als &#8220;Dritten Weltkrieg&#8221; eingesch\u00e4tzt, sagte Russlands Au\u00dfenminister Sergei Lawrow bei einer Sitzung der Gortschakow-Stiftung am Dienstag, ohne sich dazu zu \u00e4u\u00dfern, ob er diese Einsch\u00e4tzung teilt. Lawrow ging auf die laufenden Konflikte und die Rolle der Diplomatie ein. Russlands Au\u00dfenminister Sergei Lawrow hat sich am Dienstag im [&hellip;]","og_url":"https:\/\/now-news.de\/de\/deutschland\/lawrow-ueber-dritten-weltkrieg-eliten-des-westen-investieren-in-konfrontation\/","og_site_name":"just-now.NEWS Deutschland","article_publisher":"https:\/\/www.facebook.com\/wirmachenauf","article_published_time":"2026-03-24T16:25:50+00:00","og_image":[{"url":"https:\/\/now-news.de\/de\/wp-content\/uploads\/sites\/3\/2026\/03\/69c2b04cb480cc72d169038e.jpg"}],"author":"rtnews","twitter_card":"summary_large_image","twitter_creator":"@WirMachenAuf_de","twitter_site":"@WirMachenAuf_de","twitter_misc":{"Verfasst von":"rtnews","Gesch\u00e4tzte Lesezeit":"3\u00a0Minuten"},"schema":{"@context":"https:\/\/schema.org","@graph":[{"@type":"Article","@id":"https:\/\/now-news.de\/de\/deutschland\/lawrow-ueber-dritten-weltkrieg-eliten-des-westen-investieren-in-konfrontation\/#article","isPartOf":{"@id":"https:\/\/now-news.de\/de\/deutschland\/lawrow-ueber-dritten-weltkrieg-eliten-des-westen-investieren-in-konfrontation\/"},"author":{"name":"rtnews","@id":"https:\/\/now-news.de\/de\/#\/schema\/person\/fb534a4e865501d8b3285208df34a9b5"},"headline":"Lawrow \u00fcber Dritten Weltkrieg: Eliten des Westen investieren in Konfrontation","datePublished":"2026-03-24T16:25:50+00:00","dateModified":"2026-03-24T16:25:50+00:00","mainEntityOfPage":{"@id":"https:\/\/now-news.de\/de\/deutschland\/lawrow-ueber-dritten-weltkrieg-eliten-des-westen-investieren-in-konfrontation\/"},"wordCount":692,"commentCount":0,"publisher":{"@id":"https:\/\/now-news.de\/de\/#organization"},"image":{"@id":"https:\/\/now-news.de\/de\/deutschland\/lawrow-ueber-dritten-weltkrieg-eliten-des-westen-investieren-in-konfrontation\/#primaryimage"},"thumbnailUrl":"https:\/\/now-news.de\/de\/wp-content\/uploads\/sites\/3\/2026\/03\/Lawrow-ueber-Dritten-Weltkrieg-Eliten-des-Westen-investieren-in-Konfrontation.jpg","keywords":["des","dritten","Eliten","investieren","Konfrontation","Lawrow","\u00fcber","Weltkrieg","Westen"],"articleSection":["Deutschland","Russland"],"inLanguage":"de","potentialAction":[{"@type":"CommentAction","name":"Comment","target":["https:\/\/now-news.de\/de\/deutschland\/lawrow-ueber-dritten-weltkrieg-eliten-des-westen-investieren-in-konfrontation\/#respond"]}]},{"@type":"WebPage","@id":"https:\/\/now-news.de\/de\/deutschland\/lawrow-ueber-dritten-weltkrieg-eliten-des-westen-investieren-in-konfrontation\/","url":"https:\/\/now-news.de\/de\/deutschland\/lawrow-ueber-dritten-weltkrieg-eliten-des-westen-investieren-in-konfrontation\/","name":"Lawrow \u00fcber Dritten Weltkrieg: Eliten des Westen investieren in Konfrontation - just-now.NEWS Deutschland","isPartOf":{"@id":"https:\/\/now-news.de\/de\/#website"},"primaryImageOfPage":{"@id":"https:\/\/now-news.de\/de\/deutschland\/lawrow-ueber-dritten-weltkrieg-eliten-des-westen-investieren-in-konfrontation\/#primaryimage"},"image":{"@id":"https:\/\/now-news.de\/de\/deutschland\/lawrow-ueber-dritten-weltkrieg-eliten-des-westen-investieren-in-konfrontation\/#primaryimage"},"thumbnailUrl":"https:\/\/now-news.de\/de\/wp-content\/uploads\/sites\/3\/2026\/03\/Lawrow-ueber-Dritten-Weltkrieg-Eliten-des-Westen-investieren-in-Konfrontation.jpg","datePublished":"2026-03-24T16:25:50+00:00","dateModified":"2026-03-24T16:25:50+00:00","breadcrumb":{"@id":"https:\/\/now-news.de\/de\/deutschland\/lawrow-ueber-dritten-weltkrieg-eliten-des-westen-investieren-in-konfrontation\/#breadcrumb"},"inLanguage":"de","potentialAction":[{"@type":"ReadAction","target":["https:\/\/now-news.de\/de\/deutschland\/lawrow-ueber-dritten-weltkrieg-eliten-des-westen-investieren-in-konfrontation\/"]}]},{"@type":"ImageObject","inLanguage":"de","@id":"https:\/\/now-news.de\/de\/deutschland\/lawrow-ueber-dritten-weltkrieg-eliten-des-westen-investieren-in-konfrontation\/#primaryimage","url":"https:\/\/now-news.de\/de\/wp-content\/uploads\/sites\/3\/2026\/03\/Lawrow-ueber-Dritten-Weltkrieg-Eliten-des-Westen-investieren-in-Konfrontation.jpg","contentUrl":"https:\/\/now-news.de\/de\/wp-content\/uploads\/sites\/3\/2026\/03\/Lawrow-ueber-Dritten-Weltkrieg-Eliten-des-Westen-investieren-in-Konfrontation.jpg","width":460,"height":259,"caption":"Lawrow \u00fcber Dritten Weltkrieg: Eliten des Westen investieren in Konfrontation"},{"@type":"BreadcrumbList","@id":"https:\/\/now-news.de\/de\/deutschland\/lawrow-ueber-dritten-weltkrieg-eliten-des-westen-investieren-in-konfrontation\/#breadcrumb","itemListElement":[{"@type":"ListItem","position":1,"name":"Home","item":"https:\/\/now-news.de\/de\/"},{"@type":"ListItem","position":2,"name":"Lawrow \u00fcber Dritten Weltkrieg: Eliten des Westen investieren in Konfrontation"}]},{"@type":"WebSite","@id":"https:\/\/now-news.de\/de\/#website","url":"https:\/\/now-news.de\/de\/","name":"just-now.NEWS Deutschland","description":"Das Portal f\u00fcr unzensierte Nachrichten aus der Welt","publisher":{"@id":"https:\/\/now-news.de\/de\/#organization"},"potentialAction":[{"@type":"SearchAction","target":{"@type":"EntryPoint","urlTemplate":"https:\/\/now-news.de\/de\/?s={search_term_string}"},"query-input":"required name=search_term_string"}],"inLanguage":"de"},{"@type":"Organization","@id":"https:\/\/now-news.de\/de\/#organization","name":"Just Now News","url":"https:\/\/now-news.de\/de\/","logo":{"@type":"ImageObject","inLanguage":"de","@id":"https:\/\/now-news.de\/de\/#\/schema\/logo\/image\/","url":"http:\/\/just-now.news\/de\/wp-content\/uploads\/sites\/3\/2022\/04\/logo500x500.jpg","contentUrl":"http:\/\/just-now.news\/de\/wp-content\/uploads\/sites\/3\/2022\/04\/logo500x500.jpg","width":500,"height":500,"caption":"Just Now News"},"image":{"@id":"https:\/\/now-news.de\/de\/#\/schema\/logo\/image\/"},"sameAs":["https:\/\/www.facebook.com\/wirmachenauf","https:\/\/x.com\/WirMachenAuf_de"]},{"@type":"Person","@id":"https:\/\/now-news.de\/de\/#\/schema\/person\/fb534a4e865501d8b3285208df34a9b5","name":"rtnews","image":{"@type":"ImageObject","inLanguage":"de","@id":"https:\/\/now-news.de\/de\/#\/schema\/person\/image\/","url":"https:\/\/secure.gravatar.com\/avatar\/82aafea7d8127119dd649515f56e2117?s=96&d=mm&r=g","contentUrl":"https:\/\/secure.gravatar.com\/avatar\/82aafea7d8127119dd649515f56e2117?s=96&d=mm&r=g","caption":"rtnews"},"url":"https:\/\/now-news.de\/de\/author\/rnews\/"}]}},"_links":{"self":[{"href":"https:\/\/now-news.de\/de\/wp-json\/wp\/v2\/posts\/100744"}],"collection":[{"href":"https:\/\/now-news.de\/de\/wp-json\/wp\/v2\/posts"}],"about":[{"href":"https:\/\/now-news.de\/de\/wp-json\/wp\/v2\/types\/post"}],"author":[{"embeddable":true,"href":"https:\/\/now-news.de\/de\/wp-json\/wp\/v2\/users\/3"}],"replies":[{"embeddable":true,"href":"https:\/\/now-news.de\/de\/wp-json\/wp\/v2\/comments?post=100744"}],"version-history":[{"count":0,"href":"https:\/\/now-news.de\/de\/wp-json\/wp\/v2\/posts\/100744\/revisions"}],"wp:featuredmedia":[{"embeddable":true,"href":"https:\/\/now-news.de\/de\/wp-json\/wp\/v2\/media\/100745"}],"wp:attachment":[{"href":"https:\/\/now-news.de\/de\/wp-json\/wp\/v2\/media?parent=100744"}],"wp:term":[{"taxonomy":"category","embeddable":true,"href":"https:\/\/now-news.de\/de\/wp-json\/wp\/v2\/categories?post=100744"},{"taxonomy":"post_tag","embeddable":true,"href":"https:\/\/now-news.de\/de\/wp-json\/wp\/v2\/tags?post=100744"}],"curies":[{"name":"wp","href":"https:\/\/api.w.org\/{rel}","templated":true}]}}