{"id":100673,"date":"2026-03-23T13:03:10","date_gmt":"2026-03-23T11:03:10","guid":{"rendered":"https:\/\/now-news.de\/de\/deutschland\/havanna-zu-trump-kuba-auf-moegliche-us-invasion-vorbereitet\/"},"modified":"2026-03-23T13:03:10","modified_gmt":"2026-03-23T11:03:10","slug":"havanna-zu-trump-kuba-auf-moegliche-us-invasion-vorbereitet","status":"publish","type":"post","link":"https:\/\/now-news.de\/de\/deutschland\/havanna-zu-trump-kuba-auf-moegliche-us-invasion-vorbereitet\/","title":{"rendered":"Havanna zu Trump: Kuba auf m\u00f6gliche US-Invasion vorbereitet"},"content":{"rendered":"<p><img decoding=\"async\" src=\"https:\/\/now-news.de\/de\/wp-content\/uploads\/sites\/3\/2026\/03\/69c11236b480cc5c7c292e61.jpg\" \/><\/p>\n<div class=\"Text-root Text-type_1 \">\n                Kuba leidet unter massiven Stromausf\u00e4llen infolge der von Donald Trump verh\u00e4ngten \u00d6lblockade gegen den Karibikstaat. Der US-Pr\u00e4sident drohte zudem, er k\u00f6nne Kuba &#8220;\u00fcbernehmen&#8221;. Auf eine m\u00f6gliche US-Invasion sei man vorbereitet, hei\u00dft es jetzt aus Havanna.\n            <\/div>\n<p><\/p>\n<div class=\"Text-root Text-type_5 ArticleView-text ViewText-root \">\n<p>Kuba sei bereit, sich gegen eine m\u00f6gliche US-Invasion zu verteidigen, erkl\u00e4rte der stellvertretende kubanische Au\u00dfenminister Carlos Fernandez de Cossio nach \u00c4u\u00dferungen von US-Pr\u00e4sident Donald Trump \u00fcber eine Eroberung der Insel.<\/p>\n<p>Diese \u00c4u\u00dferungen kommen zu einem Zeitpunkt, an dem Kuba mit einer sich versch\u00e4rfenden Wirtschaftskrise konfrontiert ist, die durch eine von Trump im Januar verh\u00e4ngte \u00d6lblockade ausgel\u00f6st wurde.<\/p>\n<p>In diesem Monat nahm Havanna Gespr\u00e4che mit Washington auf, um die Spannungen abzubauen. Der US-Pr\u00e4sident sprach jedoch letzte Woche erneut davon, &#8220;Kuba in irgendeiner Form zu \u00fcbernehmen&#8221;, und argumentierte, er k\u00f6nne mit dem karibischen Staat &#8220;tun, was ich will&#8221;.<\/p>\n<p>In der <em>NBC<\/em>-Sendung &#8220;Meet the Press&#8221; betonte Carlos Fern\u00e1ndez de Cossio am Sonntag, dass Kuba &#8220;historisch gesehen bereit war, sich als ganze Nation gegen milit\u00e4rische Aggressionen zu mobilisieren&#8221;.<\/p>\n<p>&#8220;Wir halten das nicht f\u00fcr wahrscheinlich, aber wir w\u00e4ren naiv, wenn wir uns nicht darauf vorbereiten w\u00fcrden&#8221;, sagte der Diplomat und f\u00fcgte hinzu, dass eine Invasion &#8220;keinerlei Rechtfertigung&#8221; h\u00e4tte.<\/p>\n<p>De Cossio wies die M\u00f6glichkeit eines Regimewechsels zur\u00fcck, nachdem Berichte darauf hindeuteten, dass Washington ein Abkommen in Erw\u00e4gung ziehe, das Handelsbeschr\u00e4nkungen lockern w\u00fcrde, im Gegenzug f\u00fcr einen &#8220;Ausstieg&#8221; f\u00fcr den kubanischen Pr\u00e4sidenten Miguel D\u00edaz-Canel. Diese Option stehe in den Gespr\u00e4chen mit den USA &#8220;absolut&#8221; nicht zur Debatte, sagte de Cossio.<\/p>\n<p>Vergangene Woche war Kuba von einem <a rel=\"nofollow\" target=\"_blank\" href=\"https:\/\/freedert.online\/international\/274343-energiekrise-spitzt-sich-zu-erneut\/\" target=\"_blank\" rel=\"noopener noreferrer\">landesweiten Stromausfall<\/a>\u00a0betroffen, durch den fast elf Millionen Menschen ohne Strom waren. Die kubanische Bev\u00f6lkerung hat wochenlange Stromausf\u00e4lle und Treibstoffengp\u00e4sse erlebt, nachdem die venezolanischen \u00d6llieferungen infolge der US-Kampagne gegen Pr\u00e4sident Nicol\u00e1s Maduro und der Bem\u00fchungen Washingtons, andere Lieferanten zu blockieren, eingestellt worden waren.<\/p>\n<p>Trump hat Kubas Beziehungen zu Russland, China, Iran und pro-pal\u00e4stinensischen bewaffneten Gruppen als Gr\u00fcnde f\u00fcr die Blockade angef\u00fchrt. Havanna hat diese Ma\u00dfnahme als v\u00f6lkerrechtswidrig angeprangert.<\/p>\n<p><strong>Mehr zum Thema <\/strong>\u2013<strong>\u00a0<\/strong><a rel=\"nofollow\" target=\"_blank\" href=\"https:\/\/freedert.online\/international\/274094-zwei-russische-oeltanker-sind-unterwegs-nach-kuba-um-energie-blockade-durchbrechen\/\" target=\"_blank\" rel=\"noopener noreferrer\">Zwei russische \u00d6ltanker sind unterwegs nach Kuba, um Energieblockade zu durchbrechen<\/a><\/p>\n<div class=\"EmbedBlock-root EmbedBlock-externalVideo EmbedBlock-rumble\">\n<div class=\"VkEmbed\"><iframe class=\"lazyload\" data-src=\"https:\/\/rumble.com\/embed\/v75acka\" frameborder=\"0\" width=\"853\" height=\"480\" allowfullscreen><\/iframe><\/div>\n<\/div>\n<\/div>\n<p><br \/>\n<br \/><a href=\"https:\/\/de.rt.com\/amerika\/274406-havanna-reagiert-auf-trump-kuba\/\">Source link <\/a><\/p>\n","protected":false},"excerpt":{"rendered":"<p>Kuba leidet unter massiven Stromausf\u00e4llen infolge der von Donald Trump verh\u00e4ngten \u00d6lblockade gegen den Karibikstaat. Der US-Pr\u00e4sident drohte zudem, er k\u00f6nne Kuba &#8220;\u00fcbernehmen&#8221;. Auf eine m\u00f6gliche US-Invasion sei man vorbereitet, hei\u00dft es jetzt aus Havanna. Kuba sei bereit, sich gegen eine m\u00f6gliche US-Invasion zu verteidigen, erkl\u00e4rte der stellvertretende kubanische Au\u00dfenminister Carlos Fernandez de Cossio nach [&hellip;]<\/p>\n","protected":false},"author":3,"featured_media":100674,"comment_status":"open","ping_status":"open","sticky":false,"template":"","format":"standard","meta":{"_yoast_indexnow_last_ping":["1774264325"],"wp_automatic_camp":["217"],"78522c0413bc40eda70a6431669dc78c":["Havanna zu Trump: Kuba auf m\u00f6gliche US-Invasion vorbereitet"],"original_link":["https:\/\/de.rt.com\/amerika\/274406-havanna-reagiert-auf-trump-kuba\/"],"_thumbnail_id":["100674"],"jnews_social_counter_last_update":["1788347188"],"_wptgpro_p2tg_sent2tg":["a:1:{i:23737;s:19:\"2026-03-23 13:13:09\";}"]},"categories":[19,23],"tags":[133,19021,6958,26307,1639,40225,19333],"class_list":["post-100673","post","type-post","status-publish","format-standard","has-post-thumbnail","hentry","category-deutschland","category-russland","tag-auf","tag-havanna","tag-kuba","tag-moegliche","tag-trump","tag-usinvasion","tag-vorbereitet"],"yoast_head":"<!-- This site is optimized with the Yoast SEO Premium plugin v22.7 (Yoast SEO v28.2) - https:\/\/yoast.com\/product\/yoast-seo-premium-wordpress\/ -->\n<title>Havanna zu Trump: Kuba auf m\u00f6gliche US-Invasion vorbereitet - just-now.NEWS Deutschland<\/title>\n<meta name=\"robots\" content=\"index, follow, max-snippet:-1, max-image-preview:large, max-video-preview:-1\" \/>\n<link rel=\"canonical\" href=\"https:\/\/now-news.de\/de\/deutschland\/havanna-zu-trump-kuba-auf-moegliche-us-invasion-vorbereitet\/\" \/>\n<meta property=\"og:locale\" content=\"de_DE\" \/>\n<meta property=\"og:type\" content=\"article\" \/>\n<meta property=\"og:title\" content=\"Havanna zu Trump: Kuba auf m\u00f6gliche US-Invasion vorbereitet\" \/>\n<meta property=\"og:description\" content=\"Kuba leidet unter massiven Stromausf\u00e4llen infolge der von Donald Trump verh\u00e4ngten \u00d6lblockade gegen den Karibikstaat. Der US-Pr\u00e4sident drohte zudem, er k\u00f6nne Kuba &#8220;\u00fcbernehmen&#8221;. Auf eine m\u00f6gliche US-Invasion sei man vorbereitet, hei\u00dft es jetzt aus Havanna. Kuba sei bereit, sich gegen eine m\u00f6gliche US-Invasion zu verteidigen, erkl\u00e4rte der stellvertretende kubanische Au\u00dfenminister Carlos Fernandez de Cossio nach [&hellip;]\" \/>\n<meta property=\"og:url\" content=\"https:\/\/now-news.de\/de\/deutschland\/havanna-zu-trump-kuba-auf-moegliche-us-invasion-vorbereitet\/\" \/>\n<meta property=\"og:site_name\" content=\"just-now.NEWS Deutschland\" \/>\n<meta property=\"article:publisher\" content=\"https:\/\/www.facebook.com\/wirmachenauf\" \/>\n<meta property=\"article:published_time\" content=\"2026-03-23T11:03:10+00:00\" \/>\n<meta property=\"og:image\" content=\"https:\/\/now-news.de\/de\/wp-content\/uploads\/sites\/3\/2026\/03\/69c11236b480cc5c7c292e61.jpg\" \/>\n<meta name=\"author\" content=\"rtnews\" \/>\n<meta name=\"twitter:card\" content=\"summary_large_image\" \/>\n<meta name=\"twitter:creator\" content=\"@WirMachenAuf_de\" \/>\n<meta name=\"twitter:site\" content=\"@WirMachenAuf_de\" \/>\n<meta name=\"twitter:label1\" content=\"Verfasst von\" \/>\n\t<meta name=\"twitter:data1\" content=\"rtnews\" \/>\n\t<meta name=\"twitter:label2\" content=\"Gesch\u00e4tzte Lesezeit\" \/>\n\t<meta name=\"twitter:data2\" content=\"2\u00a0Minuten\" \/>\n<script type=\"application\/ld+json\" class=\"yoast-schema-graph\">{\"@context\":\"https:\\\/\\\/schema.org\",\"@graph\":[{\"@type\":\"Article\",\"@id\":\"https:\\\/\\\/now-news.de\\\/de\\\/deutschland\\\/havanna-zu-trump-kuba-auf-moegliche-us-invasion-vorbereitet\\\/#article\",\"isPartOf\":{\"@id\":\"https:\\\/\\\/now-news.de\\\/de\\\/deutschland\\\/havanna-zu-trump-kuba-auf-moegliche-us-invasion-vorbereitet\\\/\"},\"author\":{\"name\":\"rtnews\",\"@id\":\"https:\\\/\\\/now-news.de\\\/de\\\/#\\\/schema\\\/person\\\/fb534a4e865501d8b3285208df34a9b5\"},\"headline\":\"Havanna zu Trump: Kuba auf m\u00f6gliche US-Invasion vorbereitet\",\"datePublished\":\"2026-03-23T11:03:10+00:00\",\"mainEntityOfPage\":{\"@id\":\"https:\\\/\\\/now-news.de\\\/de\\\/deutschland\\\/havanna-zu-trump-kuba-auf-moegliche-us-invasion-vorbereitet\\\/\"},\"wordCount\":385,\"commentCount\":0,\"publisher\":{\"@id\":\"https:\\\/\\\/now-news.de\\\/de\\\/#organization\"},\"image\":{\"@id\":\"https:\\\/\\\/now-news.de\\\/de\\\/deutschland\\\/havanna-zu-trump-kuba-auf-moegliche-us-invasion-vorbereitet\\\/#primaryimage\"},\"thumbnailUrl\":\"https:\\\/\\\/now-news.de\\\/de\\\/wp-content\\\/uploads\\\/sites\\\/3\\\/2026\\\/03\\\/Havanna-zu-Trump-Kuba-auf-moegliche-US-Invasion-vorbereitet.jpg\",\"keywords\":[\"AUF\",\"Havanna\",\"Kuba\",\"m\u00f6gliche\",\"trump\",\"USInvasion\",\"vorbereitet\"],\"articleSection\":[\"Deutschland\",\"Russland\"],\"inLanguage\":\"de\",\"potentialAction\":[{\"@type\":\"CommentAction\",\"name\":\"Comment\",\"target\":[\"https:\\\/\\\/now-news.de\\\/de\\\/deutschland\\\/havanna-zu-trump-kuba-auf-moegliche-us-invasion-vorbereitet\\\/#respond\"]}]},{\"@type\":\"WebPage\",\"@id\":\"https:\\\/\\\/now-news.de\\\/de\\\/deutschland\\\/havanna-zu-trump-kuba-auf-moegliche-us-invasion-vorbereitet\\\/\",\"url\":\"https:\\\/\\\/now-news.de\\\/de\\\/deutschland\\\/havanna-zu-trump-kuba-auf-moegliche-us-invasion-vorbereitet\\\/\",\"name\":\"Havanna zu Trump: Kuba auf m\u00f6gliche US-Invasion vorbereitet - just-now.NEWS Deutschland\",\"isPartOf\":{\"@id\":\"https:\\\/\\\/now-news.de\\\/de\\\/#website\"},\"primaryImageOfPage\":{\"@id\":\"https:\\\/\\\/now-news.de\\\/de\\\/deutschland\\\/havanna-zu-trump-kuba-auf-moegliche-us-invasion-vorbereitet\\\/#primaryimage\"},\"image\":{\"@id\":\"https:\\\/\\\/now-news.de\\\/de\\\/deutschland\\\/havanna-zu-trump-kuba-auf-moegliche-us-invasion-vorbereitet\\\/#primaryimage\"},\"thumbnailUrl\":\"https:\\\/\\\/now-news.de\\\/de\\\/wp-content\\\/uploads\\\/sites\\\/3\\\/2026\\\/03\\\/Havanna-zu-Trump-Kuba-auf-moegliche-US-Invasion-vorbereitet.jpg\",\"datePublished\":\"2026-03-23T11:03:10+00:00\",\"breadcrumb\":{\"@id\":\"https:\\\/\\\/now-news.de\\\/de\\\/deutschland\\\/havanna-zu-trump-kuba-auf-moegliche-us-invasion-vorbereitet\\\/#breadcrumb\"},\"inLanguage\":\"de\",\"potentialAction\":[{\"@type\":\"ReadAction\",\"target\":[\"https:\\\/\\\/now-news.de\\\/de\\\/deutschland\\\/havanna-zu-trump-kuba-auf-moegliche-us-invasion-vorbereitet\\\/\"]}]},{\"@type\":\"ImageObject\",\"inLanguage\":\"de\",\"@id\":\"https:\\\/\\\/now-news.de\\\/de\\\/deutschland\\\/havanna-zu-trump-kuba-auf-moegliche-us-invasion-vorbereitet\\\/#primaryimage\",\"url\":\"https:\\\/\\\/now-news.de\\\/de\\\/wp-content\\\/uploads\\\/sites\\\/3\\\/2026\\\/03\\\/Havanna-zu-Trump-Kuba-auf-moegliche-US-Invasion-vorbereitet.jpg\",\"contentUrl\":\"https:\\\/\\\/now-news.de\\\/de\\\/wp-content\\\/uploads\\\/sites\\\/3\\\/2026\\\/03\\\/Havanna-zu-Trump-Kuba-auf-moegliche-US-Invasion-vorbereitet.jpg\",\"width\":460,\"height\":259,\"caption\":\"Havanna zu Trump: Kuba auf m\u00f6gliche US-Invasion vorbereitet\"},{\"@type\":\"BreadcrumbList\",\"@id\":\"https:\\\/\\\/now-news.de\\\/de\\\/deutschland\\\/havanna-zu-trump-kuba-auf-moegliche-us-invasion-vorbereitet\\\/#breadcrumb\",\"itemListElement\":[{\"@type\":\"ListItem\",\"position\":1,\"name\":\"Home\",\"item\":\"https:\\\/\\\/now-news.de\\\/de\\\/\"},{\"@type\":\"ListItem\",\"position\":2,\"name\":\"Havanna zu Trump: Kuba auf m\u00f6gliche US-Invasion vorbereitet\"}]},{\"@type\":\"WebSite\",\"@id\":\"https:\\\/\\\/now-news.de\\\/de\\\/#website\",\"url\":\"https:\\\/\\\/now-news.de\\\/de\\\/\",\"name\":\"just-now.NEWS Deutschland\",\"description\":\"Das Portal f\u00fcr unzensierte Nachrichten aus der Welt\",\"publisher\":{\"@id\":\"https:\\\/\\\/now-news.de\\\/de\\\/#organization\"},\"potentialAction\":[{\"@type\":\"SearchAction\",\"target\":{\"@type\":\"EntryPoint\",\"urlTemplate\":\"https:\\\/\\\/now-news.de\\\/de\\\/?s={search_term_string}\"},\"query-input\":{\"@type\":\"PropertyValueSpecification\",\"valueRequired\":true,\"valueName\":\"search_term_string\"}}],\"inLanguage\":\"de\"},{\"@type\":\"Organization\",\"@id\":\"https:\\\/\\\/now-news.de\\\/de\\\/#organization\",\"name\":\"Just Now News\",\"url\":\"https:\\\/\\\/now-news.de\\\/de\\\/\",\"logo\":{\"@type\":\"ImageObject\",\"inLanguage\":\"de\",\"@id\":\"https:\\\/\\\/now-news.de\\\/de\\\/#\\\/schema\\\/logo\\\/image\\\/\",\"url\":\"http:\\\/\\\/just-now.news\\\/de\\\/wp-content\\\/uploads\\\/sites\\\/3\\\/2022\\\/04\\\/logo500x500.jpg\",\"contentUrl\":\"http:\\\/\\\/just-now.news\\\/de\\\/wp-content\\\/uploads\\\/sites\\\/3\\\/2022\\\/04\\\/logo500x500.jpg\",\"width\":500,\"height\":500,\"caption\":\"Just Now News\"},\"image\":{\"@id\":\"https:\\\/\\\/now-news.de\\\/de\\\/#\\\/schema\\\/logo\\\/image\\\/\"},\"sameAs\":[\"https:\\\/\\\/www.facebook.com\\\/wirmachenauf\",\"https:\\\/\\\/x.com\\\/WirMachenAuf_de\"]},{\"@type\":\"Person\",\"@id\":\"https:\\\/\\\/now-news.de\\\/de\\\/#\\\/schema\\\/person\\\/fb534a4e865501d8b3285208df34a9b5\",\"name\":\"rtnews\",\"image\":{\"@type\":\"ImageObject\",\"inLanguage\":\"de\",\"@id\":\"https:\\\/\\\/secure.gravatar.com\\\/avatar\\\/358fe31b3ab5769fea05376e1953329834cd9912cf9daf607e2af3076a1b982b?s=96&d=mm&r=g\",\"url\":\"https:\\\/\\\/secure.gravatar.com\\\/avatar\\\/358fe31b3ab5769fea05376e1953329834cd9912cf9daf607e2af3076a1b982b?s=96&d=mm&r=g\",\"contentUrl\":\"https:\\\/\\\/secure.gravatar.com\\\/avatar\\\/358fe31b3ab5769fea05376e1953329834cd9912cf9daf607e2af3076a1b982b?s=96&d=mm&r=g\",\"caption\":\"rtnews\"},\"url\":\"https:\\\/\\\/now-news.de\\\/de\\\/author\\\/rnews\\\/\"}]}<\/script>\n<!-- \/ Yoast SEO Premium plugin. -->","yoast_head_json":{"title":"Havanna zu Trump: Kuba auf m\u00f6gliche US-Invasion vorbereitet - just-now.NEWS Deutschland","robots":{"index":"index","follow":"follow","max-snippet":"max-snippet:-1","max-image-preview":"max-image-preview:large","max-video-preview":"max-video-preview:-1"},"canonical":"https:\/\/now-news.de\/de\/deutschland\/havanna-zu-trump-kuba-auf-moegliche-us-invasion-vorbereitet\/","og_locale":"de_DE","og_type":"article","og_title":"Havanna zu Trump: Kuba auf m\u00f6gliche US-Invasion vorbereitet","og_description":"Kuba leidet unter massiven Stromausf\u00e4llen infolge der von Donald Trump verh\u00e4ngten \u00d6lblockade gegen den Karibikstaat. Der US-Pr\u00e4sident drohte zudem, er k\u00f6nne Kuba &#8220;\u00fcbernehmen&#8221;. Auf eine m\u00f6gliche US-Invasion sei man vorbereitet, hei\u00dft es jetzt aus Havanna. Kuba sei bereit, sich gegen eine m\u00f6gliche US-Invasion zu verteidigen, erkl\u00e4rte der stellvertretende kubanische Au\u00dfenminister Carlos Fernandez de Cossio nach [&hellip;]","og_url":"https:\/\/now-news.de\/de\/deutschland\/havanna-zu-trump-kuba-auf-moegliche-us-invasion-vorbereitet\/","og_site_name":"just-now.NEWS Deutschland","article_publisher":"https:\/\/www.facebook.com\/wirmachenauf","article_published_time":"2026-03-23T11:03:10+00:00","og_image":[{"url":"https:\/\/now-news.de\/de\/wp-content\/uploads\/sites\/3\/2026\/03\/69c11236b480cc5c7c292e61.jpg","type":"","width":"","height":""}],"author":"rtnews","twitter_card":"summary_large_image","twitter_creator":"@WirMachenAuf_de","twitter_site":"@WirMachenAuf_de","twitter_misc":{"Verfasst von":"rtnews","Gesch\u00e4tzte Lesezeit":"2\u00a0Minuten"},"schema":{"@context":"https:\/\/schema.org","@graph":[{"@type":"Article","@id":"https:\/\/now-news.de\/de\/deutschland\/havanna-zu-trump-kuba-auf-moegliche-us-invasion-vorbereitet\/#article","isPartOf":{"@id":"https:\/\/now-news.de\/de\/deutschland\/havanna-zu-trump-kuba-auf-moegliche-us-invasion-vorbereitet\/"},"author":{"name":"rtnews","@id":"https:\/\/now-news.de\/de\/#\/schema\/person\/fb534a4e865501d8b3285208df34a9b5"},"headline":"Havanna zu Trump: Kuba auf m\u00f6gliche US-Invasion vorbereitet","datePublished":"2026-03-23T11:03:10+00:00","mainEntityOfPage":{"@id":"https:\/\/now-news.de\/de\/deutschland\/havanna-zu-trump-kuba-auf-moegliche-us-invasion-vorbereitet\/"},"wordCount":385,"commentCount":0,"publisher":{"@id":"https:\/\/now-news.de\/de\/#organization"},"image":{"@id":"https:\/\/now-news.de\/de\/deutschland\/havanna-zu-trump-kuba-auf-moegliche-us-invasion-vorbereitet\/#primaryimage"},"thumbnailUrl":"https:\/\/now-news.de\/de\/wp-content\/uploads\/sites\/3\/2026\/03\/Havanna-zu-Trump-Kuba-auf-moegliche-US-Invasion-vorbereitet.jpg","keywords":["AUF","Havanna","Kuba","m\u00f6gliche","trump","USInvasion","vorbereitet"],"articleSection":["Deutschland","Russland"],"inLanguage":"de","potentialAction":[{"@type":"CommentAction","name":"Comment","target":["https:\/\/now-news.de\/de\/deutschland\/havanna-zu-trump-kuba-auf-moegliche-us-invasion-vorbereitet\/#respond"]}]},{"@type":"WebPage","@id":"https:\/\/now-news.de\/de\/deutschland\/havanna-zu-trump-kuba-auf-moegliche-us-invasion-vorbereitet\/","url":"https:\/\/now-news.de\/de\/deutschland\/havanna-zu-trump-kuba-auf-moegliche-us-invasion-vorbereitet\/","name":"Havanna zu Trump: Kuba auf m\u00f6gliche US-Invasion vorbereitet - just-now.NEWS Deutschland","isPartOf":{"@id":"https:\/\/now-news.de\/de\/#website"},"primaryImageOfPage":{"@id":"https:\/\/now-news.de\/de\/deutschland\/havanna-zu-trump-kuba-auf-moegliche-us-invasion-vorbereitet\/#primaryimage"},"image":{"@id":"https:\/\/now-news.de\/de\/deutschland\/havanna-zu-trump-kuba-auf-moegliche-us-invasion-vorbereitet\/#primaryimage"},"thumbnailUrl":"https:\/\/now-news.de\/de\/wp-content\/uploads\/sites\/3\/2026\/03\/Havanna-zu-Trump-Kuba-auf-moegliche-US-Invasion-vorbereitet.jpg","datePublished":"2026-03-23T11:03:10+00:00","breadcrumb":{"@id":"https:\/\/now-news.de\/de\/deutschland\/havanna-zu-trump-kuba-auf-moegliche-us-invasion-vorbereitet\/#breadcrumb"},"inLanguage":"de","potentialAction":[{"@type":"ReadAction","target":["https:\/\/now-news.de\/de\/deutschland\/havanna-zu-trump-kuba-auf-moegliche-us-invasion-vorbereitet\/"]}]},{"@type":"ImageObject","inLanguage":"de","@id":"https:\/\/now-news.de\/de\/deutschland\/havanna-zu-trump-kuba-auf-moegliche-us-invasion-vorbereitet\/#primaryimage","url":"https:\/\/now-news.de\/de\/wp-content\/uploads\/sites\/3\/2026\/03\/Havanna-zu-Trump-Kuba-auf-moegliche-US-Invasion-vorbereitet.jpg","contentUrl":"https:\/\/now-news.de\/de\/wp-content\/uploads\/sites\/3\/2026\/03\/Havanna-zu-Trump-Kuba-auf-moegliche-US-Invasion-vorbereitet.jpg","width":460,"height":259,"caption":"Havanna zu Trump: Kuba auf m\u00f6gliche US-Invasion vorbereitet"},{"@type":"BreadcrumbList","@id":"https:\/\/now-news.de\/de\/deutschland\/havanna-zu-trump-kuba-auf-moegliche-us-invasion-vorbereitet\/#breadcrumb","itemListElement":[{"@type":"ListItem","position":1,"name":"Home","item":"https:\/\/now-news.de\/de\/"},{"@type":"ListItem","position":2,"name":"Havanna zu Trump: Kuba auf m\u00f6gliche US-Invasion vorbereitet"}]},{"@type":"WebSite","@id":"https:\/\/now-news.de\/de\/#website","url":"https:\/\/now-news.de\/de\/","name":"just-now.NEWS Deutschland","description":"Das Portal f\u00fcr unzensierte Nachrichten aus der Welt","publisher":{"@id":"https:\/\/now-news.de\/de\/#organization"},"potentialAction":[{"@type":"SearchAction","target":{"@type":"EntryPoint","urlTemplate":"https:\/\/now-news.de\/de\/?s={search_term_string}"},"query-input":{"@type":"PropertyValueSpecification","valueRequired":true,"valueName":"search_term_string"}}],"inLanguage":"de"},{"@type":"Organization","@id":"https:\/\/now-news.de\/de\/#organization","name":"Just Now News","url":"https:\/\/now-news.de\/de\/","logo":{"@type":"ImageObject","inLanguage":"de","@id":"https:\/\/now-news.de\/de\/#\/schema\/logo\/image\/","url":"http:\/\/just-now.news\/de\/wp-content\/uploads\/sites\/3\/2022\/04\/logo500x500.jpg","contentUrl":"http:\/\/just-now.news\/de\/wp-content\/uploads\/sites\/3\/2022\/04\/logo500x500.jpg","width":500,"height":500,"caption":"Just Now News"},"image":{"@id":"https:\/\/now-news.de\/de\/#\/schema\/logo\/image\/"},"sameAs":["https:\/\/www.facebook.com\/wirmachenauf","https:\/\/x.com\/WirMachenAuf_de"]},{"@type":"Person","@id":"https:\/\/now-news.de\/de\/#\/schema\/person\/fb534a4e865501d8b3285208df34a9b5","name":"rtnews","image":{"@type":"ImageObject","inLanguage":"de","@id":"https:\/\/secure.gravatar.com\/avatar\/358fe31b3ab5769fea05376e1953329834cd9912cf9daf607e2af3076a1b982b?s=96&d=mm&r=g","url":"https:\/\/secure.gravatar.com\/avatar\/358fe31b3ab5769fea05376e1953329834cd9912cf9daf607e2af3076a1b982b?s=96&d=mm&r=g","contentUrl":"https:\/\/secure.gravatar.com\/avatar\/358fe31b3ab5769fea05376e1953329834cd9912cf9daf607e2af3076a1b982b?s=96&d=mm&r=g","caption":"rtnews"},"url":"https:\/\/now-news.de\/de\/author\/rnews\/"}]}},"_links":{"self":[{"href":"https:\/\/now-news.de\/de\/wp-json\/wp\/v2\/posts\/100673","targetHints":{"allow":["GET"]}}],"collection":[{"href":"https:\/\/now-news.de\/de\/wp-json\/wp\/v2\/posts"}],"about":[{"href":"https:\/\/now-news.de\/de\/wp-json\/wp\/v2\/types\/post"}],"author":[{"embeddable":true,"href":"https:\/\/now-news.de\/de\/wp-json\/wp\/v2\/users\/3"}],"replies":[{"embeddable":true,"href":"https:\/\/now-news.de\/de\/wp-json\/wp\/v2\/comments?post=100673"}],"version-history":[{"count":0,"href":"https:\/\/now-news.de\/de\/wp-json\/wp\/v2\/posts\/100673\/revisions"}],"wp:featuredmedia":[{"embeddable":true,"href":"https:\/\/now-news.de\/de\/wp-json\/wp\/v2\/media\/100674"}],"wp:attachment":[{"href":"https:\/\/now-news.de\/de\/wp-json\/wp\/v2\/media?parent=100673"}],"wp:term":[{"taxonomy":"category","embeddable":true,"href":"https:\/\/now-news.de\/de\/wp-json\/wp\/v2\/categories?post=100673"},{"taxonomy":"post_tag","embeddable":true,"href":"https:\/\/now-news.de\/de\/wp-json\/wp\/v2\/tags?post=100673"}],"curies":[{"name":"wp","href":"https:\/\/api.w.org\/{rel}","templated":true}]}}