{"id":100659,"date":"2026-03-22T23:51:49","date_gmt":"2026-03-22T21:51:49","guid":{"rendered":"https:\/\/now-news.de\/de\/deutschland\/einzelhandel-ladensterben-ohne-ende\/"},"modified":"2026-03-22T23:51:49","modified_gmt":"2026-03-22T21:51:49","slug":"einzelhandel-ladensterben-ohne-ende","status":"publish","type":"post","link":"https:\/\/now-news.de\/de\/deutschland\/einzelhandel-ladensterben-ohne-ende\/","title":{"rendered":"Einzelhandel: Ladensterben ohne Ende"},"content":{"rendered":"<p><img decoding=\"async\" src=\"https:\/\/now-news.de\/de\/wp-content\/uploads\/sites\/3\/2026\/03\/69bffa52b480cc748816d8da.jpg\" \/><\/p>\n<div class=\"Text-root Text-type_1 \">\n                In den letzten Jahren kam der klassische Einkaufsbummel immer weiter aus der Mode. Vielfach allerdings auch dadurch, dass die Gesch\u00e4fte, durch die man bummeln konnte, zunehmend verschwanden. Diese Tendenz setzt sich weiter fort.\n            <\/div>\n<p><\/p>\n<div class=\"Text-root Text-type_5 ArticleView-text ViewText-root \">\n<p>Im Vorfeld des n\u00e4chste Woche in Berlin anstehenden Handelsimmobilienkongresses, auf dem sich Immobilieninvestoren und (gro\u00dfe) Einzelh\u00e4ndler treffen, hat der Handelsverband Deutschland (HDE), der Verband der deutschen Einzelh\u00e4ndler, Zahlen f\u00fcr das vergangene Jahr ver\u00f6ffentlicht. Das Fazit: Nach wie vor ist keine Besserung in Sicht.<\/p>\n<p>Im laufenden Jahr, so die Prognose, wird die Zahl der Einzelhandelsgesch\u00e4fte in Deutschland erstmals seit 1990 unter 300.000 sinken. Im Jahr 2015 waren es noch 372.000. Auch wenn zuletzt der R\u00fcckgang nicht mehr ganz so schnell erfolgte wie in den Corona-Jahren, ist die Einsch\u00e4tzung auch seitens der Inhaber negativ. Nur 14 Prozent der befragten Unternehmen bewerteten ihre Gesch\u00e4ftslage als positiv.<\/p>\n<p>Zuletzt war wieder eine Reihe gr\u00f6\u00dferer Ketten geschlossen worden, darunter die Schuhkette G\u00f6rtz. Die Folge: &#8220;Viele Innenst\u00e4dte leiden heute schon sichtlich unter Leerst\u00e4nden&#8221;, so HDE-Pr\u00e4sident Alexander von Preen. Ein Problem, auf das auch die kommunale Politik noch keine Antwort hat.<\/p>\n<p>Die Preise von Einzelhandelsimmobilien hatten sich zuletzt zumindest in den besten Lagen nach jahrelangem Absturz stabilisiert. Und auch wenn die Konkurrenz durch den Online-Handel weiter Probleme bereitet \u2013 inzwischen treffen Konsumr\u00fcckg\u00e4nge nicht mehr nur den station\u00e4ren Handel, sondern auch die Online-H\u00e4ndler.<\/p>\n<p>Allerdings k\u00f6nnten sich schon binnen kurzem selbst die aktuellen Erwartungen als zu optimistisch erweisen. Schlie\u00dflich sind die Einzelhandelsums\u00e4tze vor allem von einem abh\u00e4ngig: von der Entwicklung der verf\u00fcgbaren Einkommen der Bev\u00f6lkerungsmehrheit. Der derzeitige Anstieg bei Erd\u00f6l, Erdgas sowie Kunstd\u00fcngern l\u00e4sst erwarten, dass sowohl die allgemeine Inflation wieder steigen als auch das frei verf\u00fcgbare Einkommen wieder schrumpfen wird.<\/p>\n<p>Die letzte Konsumumfrage des HDE, die Anfang M\u00e4rz ver\u00f6ffentlicht wurde, hatte berichtet, dass sich &#8220;die Verbraucherstimmung in Deutschland wieder eingetr\u00fcbt&#8221; habe und &#8220;eine gewisse Konsumzur\u00fcckhaltung&#8221; weiter anhalte. Die Einkommenserwartungen waren in dieser noch im Januar durchgef\u00fchrten Umfrage bereits negativ. Die aktuellen Ereignisse allerdings d\u00fcrften daf\u00fcr sorgen, dass im Jahr 2026 mehr als die prognostizierten 4.900 Einzelhandelsgesch\u00e4fte schlie\u00dfen.<\/p>\n<p><strong>Mehr zum Thema<\/strong> &#8211;\u00a0<a rel=\"nofollow\" target=\"_blank\" href=\"https:\/\/freedert.online\/inland\/273145-ifo-chef-fuest-warnt-strategische\/\">Ifo-Chef Fuest warnt: Strategische \u00d6lreserven reichen nur f\u00fcr drei Monate <\/a><\/p>\n<div class=\"EmbedBlock-root EmbedBlock-externalVideo EmbedBlock-rumble\">\n<div class=\"VkEmbed\"><iframe class=\"lazyload\" data-src=\"https:\/\/rumble.com\/embed\/v757jm8\" frameborder=\"0\" width=\"853\" height=\"480\" allowfullscreen><\/iframe><\/div>\n<\/div>\n<\/div>\n<p><br \/>\n<br \/><a href=\"https:\/\/de.rt.com\/inland\/274347-einzelhandel-ladensterben-ohne-ende\/\">Source link <\/a><\/p>\n","protected":false},"excerpt":{"rendered":"<p>In den letzten Jahren kam der klassische Einkaufsbummel immer weiter aus der Mode. Vielfach allerdings auch dadurch, dass die Gesch\u00e4fte, durch die man bummeln konnte, zunehmend verschwanden. Diese Tendenz setzt sich weiter fort. Im Vorfeld des n\u00e4chste Woche in Berlin anstehenden Handelsimmobilienkongresses, auf dem sich Immobilieninvestoren und (gro\u00dfe) Einzelh\u00e4ndler treffen, hat der Handelsverband Deutschland (HDE), [&hellip;]<\/p>\n","protected":false},"author":3,"featured_media":100660,"comment_status":"open","ping_status":"open","sticky":false,"template":"","format":"standard","meta":{"_yoast_indexnow_last_ping":["1774217105"],"wp_automatic_camp":["217"],"e3a5514387503725654d815b4c5f5303":["Einzelhandel: Ladensterben ohne Ende"],"original_link":["https:\/\/de.rt.com\/inland\/274347-einzelhandel-ladensterben-ohne-ende\/"],"_thumbnail_id":["100660"],"jnews_social_counter_last_update":["1777167716"],"_wptgpro_p2tg_sent2tg":["a:1:{i:23737;s:19:\"2026-03-23 00:06:05\";}"]},"categories":[19,23],"tags":[30014,5375,43438,779],"yoast_head":"<!-- This site is optimized with the Yoast SEO Premium plugin v22.7 (Yoast SEO v22.7) - https:\/\/yoast.com\/wordpress\/plugins\/seo\/ -->\n<title>Einzelhandel: Ladensterben ohne Ende - just-now.NEWS Deutschland<\/title>\n<meta name=\"robots\" content=\"index, follow, max-snippet:-1, max-image-preview:large, max-video-preview:-1\" \/>\n<link rel=\"canonical\" href=\"https:\/\/now-news.de\/de\/deutschland\/einzelhandel-ladensterben-ohne-ende\/\" \/>\n<meta property=\"og:locale\" content=\"de_DE\" \/>\n<meta property=\"og:type\" content=\"article\" \/>\n<meta property=\"og:title\" content=\"Einzelhandel: Ladensterben ohne Ende\" \/>\n<meta property=\"og:description\" content=\"In den letzten Jahren kam der klassische Einkaufsbummel immer weiter aus der Mode. Vielfach allerdings auch dadurch, dass die Gesch\u00e4fte, durch die man bummeln konnte, zunehmend verschwanden. Diese Tendenz setzt sich weiter fort. Im Vorfeld des n\u00e4chste Woche in Berlin anstehenden Handelsimmobilienkongresses, auf dem sich Immobilieninvestoren und (gro\u00dfe) Einzelh\u00e4ndler treffen, hat der Handelsverband Deutschland (HDE), [&hellip;]\" \/>\n<meta property=\"og:url\" content=\"https:\/\/now-news.de\/de\/deutschland\/einzelhandel-ladensterben-ohne-ende\/\" \/>\n<meta property=\"og:site_name\" content=\"just-now.NEWS Deutschland\" \/>\n<meta property=\"article:publisher\" content=\"https:\/\/www.facebook.com\/wirmachenauf\" \/>\n<meta property=\"article:published_time\" content=\"2026-03-22T21:51:49+00:00\" \/>\n<meta property=\"og:image\" content=\"https:\/\/now-news.de\/de\/wp-content\/uploads\/sites\/3\/2026\/03\/69bffa52b480cc748816d8da.jpg\" \/>\n<meta name=\"author\" content=\"rtnews\" \/>\n<meta name=\"twitter:card\" content=\"summary_large_image\" \/>\n<meta name=\"twitter:creator\" content=\"@WirMachenAuf_de\" \/>\n<meta name=\"twitter:site\" content=\"@WirMachenAuf_de\" \/>\n<meta name=\"twitter:label1\" content=\"Verfasst von\" \/>\n\t<meta name=\"twitter:data1\" content=\"rtnews\" \/>\n\t<meta name=\"twitter:label2\" content=\"Gesch\u00e4tzte Lesezeit\" \/>\n\t<meta name=\"twitter:data2\" content=\"2\u00a0Minuten\" \/>\n<script type=\"application\/ld+json\" class=\"yoast-schema-graph\">{\"@context\":\"https:\/\/schema.org\",\"@graph\":[{\"@type\":\"Article\",\"@id\":\"https:\/\/now-news.de\/de\/deutschland\/einzelhandel-ladensterben-ohne-ende\/#article\",\"isPartOf\":{\"@id\":\"https:\/\/now-news.de\/de\/deutschland\/einzelhandel-ladensterben-ohne-ende\/\"},\"author\":{\"name\":\"rtnews\",\"@id\":\"https:\/\/now-news.de\/de\/#\/schema\/person\/fb534a4e865501d8b3285208df34a9b5\"},\"headline\":\"Einzelhandel: Ladensterben ohne Ende\",\"datePublished\":\"2026-03-22T21:51:49+00:00\",\"dateModified\":\"2026-03-22T21:51:49+00:00\",\"mainEntityOfPage\":{\"@id\":\"https:\/\/now-news.de\/de\/deutschland\/einzelhandel-ladensterben-ohne-ende\/\"},\"wordCount\":384,\"commentCount\":0,\"publisher\":{\"@id\":\"https:\/\/now-news.de\/de\/#organization\"},\"image\":{\"@id\":\"https:\/\/now-news.de\/de\/deutschland\/einzelhandel-ladensterben-ohne-ende\/#primaryimage\"},\"thumbnailUrl\":\"https:\/\/now-news.de\/de\/wp-content\/uploads\/sites\/3\/2026\/03\/Einzelhandel-Ladensterben-ohne-Ende.jpg\",\"keywords\":[\"Einzelhandel\",\"Ende\",\"Ladensterben\",\"ohne\"],\"articleSection\":[\"Deutschland\",\"Russland\"],\"inLanguage\":\"de\",\"potentialAction\":[{\"@type\":\"CommentAction\",\"name\":\"Comment\",\"target\":[\"https:\/\/now-news.de\/de\/deutschland\/einzelhandel-ladensterben-ohne-ende\/#respond\"]}]},{\"@type\":\"WebPage\",\"@id\":\"https:\/\/now-news.de\/de\/deutschland\/einzelhandel-ladensterben-ohne-ende\/\",\"url\":\"https:\/\/now-news.de\/de\/deutschland\/einzelhandel-ladensterben-ohne-ende\/\",\"name\":\"Einzelhandel: Ladensterben ohne Ende - just-now.NEWS Deutschland\",\"isPartOf\":{\"@id\":\"https:\/\/now-news.de\/de\/#website\"},\"primaryImageOfPage\":{\"@id\":\"https:\/\/now-news.de\/de\/deutschland\/einzelhandel-ladensterben-ohne-ende\/#primaryimage\"},\"image\":{\"@id\":\"https:\/\/now-news.de\/de\/deutschland\/einzelhandel-ladensterben-ohne-ende\/#primaryimage\"},\"thumbnailUrl\":\"https:\/\/now-news.de\/de\/wp-content\/uploads\/sites\/3\/2026\/03\/Einzelhandel-Ladensterben-ohne-Ende.jpg\",\"datePublished\":\"2026-03-22T21:51:49+00:00\",\"dateModified\":\"2026-03-22T21:51:49+00:00\",\"breadcrumb\":{\"@id\":\"https:\/\/now-news.de\/de\/deutschland\/einzelhandel-ladensterben-ohne-ende\/#breadcrumb\"},\"inLanguage\":\"de\",\"potentialAction\":[{\"@type\":\"ReadAction\",\"target\":[\"https:\/\/now-news.de\/de\/deutschland\/einzelhandel-ladensterben-ohne-ende\/\"]}]},{\"@type\":\"ImageObject\",\"inLanguage\":\"de\",\"@id\":\"https:\/\/now-news.de\/de\/deutschland\/einzelhandel-ladensterben-ohne-ende\/#primaryimage\",\"url\":\"https:\/\/now-news.de\/de\/wp-content\/uploads\/sites\/3\/2026\/03\/Einzelhandel-Ladensterben-ohne-Ende.jpg\",\"contentUrl\":\"https:\/\/now-news.de\/de\/wp-content\/uploads\/sites\/3\/2026\/03\/Einzelhandel-Ladensterben-ohne-Ende.jpg\",\"width\":460,\"height\":259,\"caption\":\"Einzelhandel: Ladensterben ohne Ende\"},{\"@type\":\"BreadcrumbList\",\"@id\":\"https:\/\/now-news.de\/de\/deutschland\/einzelhandel-ladensterben-ohne-ende\/#breadcrumb\",\"itemListElement\":[{\"@type\":\"ListItem\",\"position\":1,\"name\":\"Home\",\"item\":\"https:\/\/now-news.de\/de\/\"},{\"@type\":\"ListItem\",\"position\":2,\"name\":\"Einzelhandel: Ladensterben ohne Ende\"}]},{\"@type\":\"WebSite\",\"@id\":\"https:\/\/now-news.de\/de\/#website\",\"url\":\"https:\/\/now-news.de\/de\/\",\"name\":\"just-now.NEWS Deutschland\",\"description\":\"Das Portal f\u00fcr unzensierte Nachrichten aus der Welt\",\"publisher\":{\"@id\":\"https:\/\/now-news.de\/de\/#organization\"},\"potentialAction\":[{\"@type\":\"SearchAction\",\"target\":{\"@type\":\"EntryPoint\",\"urlTemplate\":\"https:\/\/now-news.de\/de\/?s={search_term_string}\"},\"query-input\":\"required name=search_term_string\"}],\"inLanguage\":\"de\"},{\"@type\":\"Organization\",\"@id\":\"https:\/\/now-news.de\/de\/#organization\",\"name\":\"Just Now News\",\"url\":\"https:\/\/now-news.de\/de\/\",\"logo\":{\"@type\":\"ImageObject\",\"inLanguage\":\"de\",\"@id\":\"https:\/\/now-news.de\/de\/#\/schema\/logo\/image\/\",\"url\":\"http:\/\/just-now.news\/de\/wp-content\/uploads\/sites\/3\/2022\/04\/logo500x500.jpg\",\"contentUrl\":\"http:\/\/just-now.news\/de\/wp-content\/uploads\/sites\/3\/2022\/04\/logo500x500.jpg\",\"width\":500,\"height\":500,\"caption\":\"Just Now News\"},\"image\":{\"@id\":\"https:\/\/now-news.de\/de\/#\/schema\/logo\/image\/\"},\"sameAs\":[\"https:\/\/www.facebook.com\/wirmachenauf\",\"https:\/\/x.com\/WirMachenAuf_de\"]},{\"@type\":\"Person\",\"@id\":\"https:\/\/now-news.de\/de\/#\/schema\/person\/fb534a4e865501d8b3285208df34a9b5\",\"name\":\"rtnews\",\"image\":{\"@type\":\"ImageObject\",\"inLanguage\":\"de\",\"@id\":\"https:\/\/now-news.de\/de\/#\/schema\/person\/image\/\",\"url\":\"https:\/\/secure.gravatar.com\/avatar\/82aafea7d8127119dd649515f56e2117?s=96&d=mm&r=g\",\"contentUrl\":\"https:\/\/secure.gravatar.com\/avatar\/82aafea7d8127119dd649515f56e2117?s=96&d=mm&r=g\",\"caption\":\"rtnews\"},\"url\":\"https:\/\/now-news.de\/de\/author\/rnews\/\"}]}<\/script>\n<!-- \/ Yoast SEO Premium plugin. -->","yoast_head_json":{"title":"Einzelhandel: Ladensterben ohne Ende - just-now.NEWS Deutschland","robots":{"index":"index","follow":"follow","max-snippet":"max-snippet:-1","max-image-preview":"max-image-preview:large","max-video-preview":"max-video-preview:-1"},"canonical":"https:\/\/now-news.de\/de\/deutschland\/einzelhandel-ladensterben-ohne-ende\/","og_locale":"de_DE","og_type":"article","og_title":"Einzelhandel: Ladensterben ohne Ende","og_description":"In den letzten Jahren kam der klassische Einkaufsbummel immer weiter aus der Mode. Vielfach allerdings auch dadurch, dass die Gesch\u00e4fte, durch die man bummeln konnte, zunehmend verschwanden. Diese Tendenz setzt sich weiter fort. Im Vorfeld des n\u00e4chste Woche in Berlin anstehenden Handelsimmobilienkongresses, auf dem sich Immobilieninvestoren und (gro\u00dfe) Einzelh\u00e4ndler treffen, hat der Handelsverband Deutschland (HDE), [&hellip;]","og_url":"https:\/\/now-news.de\/de\/deutschland\/einzelhandel-ladensterben-ohne-ende\/","og_site_name":"just-now.NEWS Deutschland","article_publisher":"https:\/\/www.facebook.com\/wirmachenauf","article_published_time":"2026-03-22T21:51:49+00:00","og_image":[{"url":"https:\/\/now-news.de\/de\/wp-content\/uploads\/sites\/3\/2026\/03\/69bffa52b480cc748816d8da.jpg"}],"author":"rtnews","twitter_card":"summary_large_image","twitter_creator":"@WirMachenAuf_de","twitter_site":"@WirMachenAuf_de","twitter_misc":{"Verfasst von":"rtnews","Gesch\u00e4tzte Lesezeit":"2\u00a0Minuten"},"schema":{"@context":"https:\/\/schema.org","@graph":[{"@type":"Article","@id":"https:\/\/now-news.de\/de\/deutschland\/einzelhandel-ladensterben-ohne-ende\/#article","isPartOf":{"@id":"https:\/\/now-news.de\/de\/deutschland\/einzelhandel-ladensterben-ohne-ende\/"},"author":{"name":"rtnews","@id":"https:\/\/now-news.de\/de\/#\/schema\/person\/fb534a4e865501d8b3285208df34a9b5"},"headline":"Einzelhandel: Ladensterben ohne Ende","datePublished":"2026-03-22T21:51:49+00:00","dateModified":"2026-03-22T21:51:49+00:00","mainEntityOfPage":{"@id":"https:\/\/now-news.de\/de\/deutschland\/einzelhandel-ladensterben-ohne-ende\/"},"wordCount":384,"commentCount":0,"publisher":{"@id":"https:\/\/now-news.de\/de\/#organization"},"image":{"@id":"https:\/\/now-news.de\/de\/deutschland\/einzelhandel-ladensterben-ohne-ende\/#primaryimage"},"thumbnailUrl":"https:\/\/now-news.de\/de\/wp-content\/uploads\/sites\/3\/2026\/03\/Einzelhandel-Ladensterben-ohne-Ende.jpg","keywords":["Einzelhandel","Ende","Ladensterben","ohne"],"articleSection":["Deutschland","Russland"],"inLanguage":"de","potentialAction":[{"@type":"CommentAction","name":"Comment","target":["https:\/\/now-news.de\/de\/deutschland\/einzelhandel-ladensterben-ohne-ende\/#respond"]}]},{"@type":"WebPage","@id":"https:\/\/now-news.de\/de\/deutschland\/einzelhandel-ladensterben-ohne-ende\/","url":"https:\/\/now-news.de\/de\/deutschland\/einzelhandel-ladensterben-ohne-ende\/","name":"Einzelhandel: Ladensterben ohne Ende - just-now.NEWS Deutschland","isPartOf":{"@id":"https:\/\/now-news.de\/de\/#website"},"primaryImageOfPage":{"@id":"https:\/\/now-news.de\/de\/deutschland\/einzelhandel-ladensterben-ohne-ende\/#primaryimage"},"image":{"@id":"https:\/\/now-news.de\/de\/deutschland\/einzelhandel-ladensterben-ohne-ende\/#primaryimage"},"thumbnailUrl":"https:\/\/now-news.de\/de\/wp-content\/uploads\/sites\/3\/2026\/03\/Einzelhandel-Ladensterben-ohne-Ende.jpg","datePublished":"2026-03-22T21:51:49+00:00","dateModified":"2026-03-22T21:51:49+00:00","breadcrumb":{"@id":"https:\/\/now-news.de\/de\/deutschland\/einzelhandel-ladensterben-ohne-ende\/#breadcrumb"},"inLanguage":"de","potentialAction":[{"@type":"ReadAction","target":["https:\/\/now-news.de\/de\/deutschland\/einzelhandel-ladensterben-ohne-ende\/"]}]},{"@type":"ImageObject","inLanguage":"de","@id":"https:\/\/now-news.de\/de\/deutschland\/einzelhandel-ladensterben-ohne-ende\/#primaryimage","url":"https:\/\/now-news.de\/de\/wp-content\/uploads\/sites\/3\/2026\/03\/Einzelhandel-Ladensterben-ohne-Ende.jpg","contentUrl":"https:\/\/now-news.de\/de\/wp-content\/uploads\/sites\/3\/2026\/03\/Einzelhandel-Ladensterben-ohne-Ende.jpg","width":460,"height":259,"caption":"Einzelhandel: Ladensterben ohne Ende"},{"@type":"BreadcrumbList","@id":"https:\/\/now-news.de\/de\/deutschland\/einzelhandel-ladensterben-ohne-ende\/#breadcrumb","itemListElement":[{"@type":"ListItem","position":1,"name":"Home","item":"https:\/\/now-news.de\/de\/"},{"@type":"ListItem","position":2,"name":"Einzelhandel: Ladensterben ohne Ende"}]},{"@type":"WebSite","@id":"https:\/\/now-news.de\/de\/#website","url":"https:\/\/now-news.de\/de\/","name":"just-now.NEWS Deutschland","description":"Das Portal f\u00fcr unzensierte Nachrichten aus der Welt","publisher":{"@id":"https:\/\/now-news.de\/de\/#organization"},"potentialAction":[{"@type":"SearchAction","target":{"@type":"EntryPoint","urlTemplate":"https:\/\/now-news.de\/de\/?s={search_term_string}"},"query-input":"required name=search_term_string"}],"inLanguage":"de"},{"@type":"Organization","@id":"https:\/\/now-news.de\/de\/#organization","name":"Just Now News","url":"https:\/\/now-news.de\/de\/","logo":{"@type":"ImageObject","inLanguage":"de","@id":"https:\/\/now-news.de\/de\/#\/schema\/logo\/image\/","url":"http:\/\/just-now.news\/de\/wp-content\/uploads\/sites\/3\/2022\/04\/logo500x500.jpg","contentUrl":"http:\/\/just-now.news\/de\/wp-content\/uploads\/sites\/3\/2022\/04\/logo500x500.jpg","width":500,"height":500,"caption":"Just Now News"},"image":{"@id":"https:\/\/now-news.de\/de\/#\/schema\/logo\/image\/"},"sameAs":["https:\/\/www.facebook.com\/wirmachenauf","https:\/\/x.com\/WirMachenAuf_de"]},{"@type":"Person","@id":"https:\/\/now-news.de\/de\/#\/schema\/person\/fb534a4e865501d8b3285208df34a9b5","name":"rtnews","image":{"@type":"ImageObject","inLanguage":"de","@id":"https:\/\/now-news.de\/de\/#\/schema\/person\/image\/","url":"https:\/\/secure.gravatar.com\/avatar\/82aafea7d8127119dd649515f56e2117?s=96&d=mm&r=g","contentUrl":"https:\/\/secure.gravatar.com\/avatar\/82aafea7d8127119dd649515f56e2117?s=96&d=mm&r=g","caption":"rtnews"},"url":"https:\/\/now-news.de\/de\/author\/rnews\/"}]}},"_links":{"self":[{"href":"https:\/\/now-news.de\/de\/wp-json\/wp\/v2\/posts\/100659"}],"collection":[{"href":"https:\/\/now-news.de\/de\/wp-json\/wp\/v2\/posts"}],"about":[{"href":"https:\/\/now-news.de\/de\/wp-json\/wp\/v2\/types\/post"}],"author":[{"embeddable":true,"href":"https:\/\/now-news.de\/de\/wp-json\/wp\/v2\/users\/3"}],"replies":[{"embeddable":true,"href":"https:\/\/now-news.de\/de\/wp-json\/wp\/v2\/comments?post=100659"}],"version-history":[{"count":0,"href":"https:\/\/now-news.de\/de\/wp-json\/wp\/v2\/posts\/100659\/revisions"}],"wp:featuredmedia":[{"embeddable":true,"href":"https:\/\/now-news.de\/de\/wp-json\/wp\/v2\/media\/100660"}],"wp:attachment":[{"href":"https:\/\/now-news.de\/de\/wp-json\/wp\/v2\/media?parent=100659"}],"wp:term":[{"taxonomy":"category","embeddable":true,"href":"https:\/\/now-news.de\/de\/wp-json\/wp\/v2\/categories?post=100659"},{"taxonomy":"post_tag","embeddable":true,"href":"https:\/\/now-news.de\/de\/wp-json\/wp\/v2\/tags?post=100659"}],"curies":[{"name":"wp","href":"https:\/\/api.w.org\/{rel}","templated":true}]}}