{"id":100641,"date":"2026-03-22T19:21:56","date_gmt":"2026-03-22T17:21:56","guid":{"rendered":"https:\/\/now-news.de\/de\/deutschland\/parlamentswahlen-und-tankrationierung-in-slowenien-rechtskonservativer-janez-jansa-auf-vormarsch\/"},"modified":"2026-03-22T19:21:56","modified_gmt":"2026-03-22T17:21:56","slug":"parlamentswahlen-und-tankrationierung-in-slowenien-rechtskonservativer-janez-jansa-auf-vormarsch","status":"publish","type":"post","link":"https:\/\/now-news.de\/de\/deutschland\/parlamentswahlen-und-tankrationierung-in-slowenien-rechtskonservativer-janez-jansa-auf-vormarsch\/","title":{"rendered":"Parlamentswahlen und Tankrationierung in Slowenien: Rechtskonservativer Janez Jan\u0161a auf Vormarsch?"},"content":{"rendered":"<p><img decoding=\"async\" src=\"https:\/\/now-news.de\/de\/wp-content\/uploads\/sites\/3\/2026\/03\/69c0200648fbef0f48034f54.jpg\" \/><\/p>\n<div class=\"Text-root Text-type_1 \">\n                Enges Rennen am Sonntag: Slowenien w\u00e4hlt ein neues Parlament. Dabei zeichnet sich ein spannendes Rennen zwischen dem &#8220;liberalen&#8221; Ministerpr\u00e4sidenten Robert Golob und dem rechtskonservativen Oppositionsf\u00fchrer Janez Jan\u0161a ab. Seit Sonntag gelten parallel Tankrationierungen, um Italiener und \u00d6sterreicher von den g\u00fcnstigen Tanks\u00e4ulen abzuhalten.\n            <\/div>\n<p><\/p>\n<div class=\"Text-root Text-type_5 ArticleView-text ViewText-root \">\n<p>In Slowenien haben am Sonntag die Wahllokale f\u00fcr die hart umk\u00e4mpften Parlamentswahlen ge\u00f6ffnet. Der amtierende liberale Ministerpr\u00e4sident Robert Golob tritt gegen den rechtskonservativen Janez Jan\u0161a an.<\/p>\n<p><strong>Kopf an Kopf rennen zwischen &#8220;links&#8221; und &#8220;rechts&#8221;<\/strong><\/p>\n<p>Im Zentrum der Wahl stehen zwei Lager: die sogenannte &#8220;Freiheitsbewegung&#8221; von Ministerpr\u00e4sident Golob und die rechtsgerichtete Slowenische Demokratische Partei (SDS) des dreimaligen Ministerpr\u00e4sidenten Jan\u0161a. Jan\u0161a gilt als Verb\u00fcndeter des ungarischen Ministerpr\u00e4sidenten Viktor Orb\u00e1n und als Anh\u00e4nger von US-Pr\u00e4sident Donald Trump.<\/p>\n<p>Beobachter erwarten ein Kopf-an-Kopf-Rennen. Das Ergebnis wird dar\u00fcber entscheiden, ob das Land seinen Mitte-links-EU-Kurs fortsetzt oder eher \u00a0nach rechts r\u00fcckt. Zun\u00e4chst lag Jan\u0161a in Umfragen vor Golob, zuletzt ist der Abstand jedoch geschrumpft, wie die\u00a0<em>FAZ<\/em>\u00a0berichtet. Analysten gehen davon aus, dass keine der beiden Parteien eine klare Mehrheit im 90 Sitze umfassenden Parlament erreichen wird. Kleinere Parteien k\u00f6nnten somit zum Z\u00fcnglein an der Waage werden.<\/p>\n<p>Der Ausgang sei v\u00f6llig offen, sagte der slowenische Soziologe Samo Uhan. Das sei f\u00fcr Slowenien nichts Ungew\u00f6hnliches, die W\u00e4hlerschaft sei seit jeher stark polarisiert. Erste Ergebnisse werden am sp\u00e4ten Abend erwartet.<\/p>\n<p><strong>Benzinrationierung am Tag der Wahl<\/strong><\/p>\n<p>Am Tag der Parlamentswahl rationiert die slowenische Regierung Benzin und Diesel. Der Eingriff soll Tanktouristen aus \u00d6sterreich und Italien abschrecken, wie der\u00a0<em>Spiegel<\/em>\u00a0berichtet. So d\u00fcrfen Autofahrer angesichts der angespannten Versorgungslage infolge des Irankriegs nur noch h\u00f6chstens 50 Liter Benzin oder Diesel pro Tag in ihre Fahrzeuge f\u00fcllen. F\u00fcr Unternehmen gilt ein Limit von 200 Litern pro Tag. Dies k\u00fcndigte Ministerpr\u00e4sident Robert Golob auf einer Pressekonferenz in Ljubljana an. Die Regelung sollte am Sonntag in Kraft treten. Wie ihre Einhaltung kontrolliert werden soll, wurde zun\u00e4chst nicht mitgeteilt.<\/p>\n<p>Wegen der weit h\u00f6heren Benzinpreise in den meisten Nachbarl\u00e4ndern hat sich seit Beginn des Irankriegs ein bedeutender Tanktourismus vor allem aus \u00d6sterreich und Italien entwickelt. Die nun eingef\u00fchrte Rationierung begr\u00fcndet die slowenische Regierung in erster Linie damit. Ansonsten seien die Treibstofflager des Landes gef\u00fcllt, Probleme gebe es lediglich bei der z\u00fcgigen Auslieferung zu den Tankstellen, sagte Golob.<\/p>\n<p><strong>Mehr zum Thema<\/strong>\u00a0\u2013\u00a0<a rel=\"nofollow\" target=\"_blank\" href=\"https:\/\/freedert.online\/oesterreich\/245704-israel-ausschluss-gefordert-esc-sieger\/\">Israel-Ausschluss gefordert<\/a><\/p>\n<\/p>\n<\/div>\n<p><br \/>\n<br \/><a href=\"https:\/\/de.rt.com\/international\/274364-parlamentswahlen-und-tankrationierung-in-slowenien\/\">Source link <\/a><\/p>\n","protected":false},"excerpt":{"rendered":"<p>Enges Rennen am Sonntag: Slowenien w\u00e4hlt ein neues Parlament. Dabei zeichnet sich ein spannendes Rennen zwischen dem &#8220;liberalen&#8221; Ministerpr\u00e4sidenten Robert Golob und dem rechtskonservativen Oppositionsf\u00fchrer Janez Jan\u0161a ab. Seit Sonntag gelten parallel Tankrationierungen, um Italiener und \u00d6sterreicher von den g\u00fcnstigen Tanks\u00e4ulen abzuhalten. In Slowenien haben am Sonntag die Wahllokale f\u00fcr die hart umk\u00e4mpften Parlamentswahlen ge\u00f6ffnet. [&hellip;]<\/p>\n","protected":false},"author":3,"featured_media":100642,"comment_status":"open","ping_status":"open","sticky":false,"template":"","format":"standard","meta":{"_yoast_indexnow_last_ping":["1774200726"],"wp_automatic_camp":["217"],"b061fc5a41dc99b132491855a4947032":["Parlamentswahlen und Tankrationierung in Slowenien: Rechtskonservativer Janez Jan\u0161a auf Vormarsch?"],"original_link":["https:\/\/de.rt.com\/international\/274364-parlamentswahlen-und-tankrationierung-in-slowenien\/"],"_thumbnail_id":["100642"],"jnews_social_counter_last_update":["1777396811"],"_wptgpro_p2tg_sent2tg":["a:1:{i:23737;s:19:\"2026-03-22 19:33:05\";}"]},"categories":[19,23],"tags":[133,71932,71933,18876,69931,49140,71931,140,23230],"yoast_head":"<!-- This site is optimized with the Yoast SEO Premium plugin v22.7 (Yoast SEO v22.7) - https:\/\/yoast.com\/wordpress\/plugins\/seo\/ -->\n<title>Parlamentswahlen und Tankrationierung in Slowenien: Rechtskonservativer Janez Jan\u0161a auf Vormarsch? - just-now.NEWS Deutschland<\/title>\n<meta name=\"robots\" content=\"index, follow, max-snippet:-1, max-image-preview:large, max-video-preview:-1\" \/>\n<link rel=\"canonical\" href=\"https:\/\/now-news.de\/de\/deutschland\/parlamentswahlen-und-tankrationierung-in-slowenien-rechtskonservativer-janez-jansa-auf-vormarsch\/\" \/>\n<meta property=\"og:locale\" content=\"de_DE\" \/>\n<meta property=\"og:type\" content=\"article\" \/>\n<meta property=\"og:title\" content=\"Parlamentswahlen und Tankrationierung in Slowenien: Rechtskonservativer Janez Jan\u0161a auf Vormarsch?\" \/>\n<meta property=\"og:description\" content=\"Enges Rennen am Sonntag: Slowenien w\u00e4hlt ein neues Parlament. Dabei zeichnet sich ein spannendes Rennen zwischen dem &#8220;liberalen&#8221; Ministerpr\u00e4sidenten Robert Golob und dem rechtskonservativen Oppositionsf\u00fchrer Janez Jan\u0161a ab. Seit Sonntag gelten parallel Tankrationierungen, um Italiener und \u00d6sterreicher von den g\u00fcnstigen Tanks\u00e4ulen abzuhalten. In Slowenien haben am Sonntag die Wahllokale f\u00fcr die hart umk\u00e4mpften Parlamentswahlen ge\u00f6ffnet. [&hellip;]\" \/>\n<meta property=\"og:url\" content=\"https:\/\/now-news.de\/de\/deutschland\/parlamentswahlen-und-tankrationierung-in-slowenien-rechtskonservativer-janez-jansa-auf-vormarsch\/\" \/>\n<meta property=\"og:site_name\" content=\"just-now.NEWS Deutschland\" \/>\n<meta property=\"article:publisher\" content=\"https:\/\/www.facebook.com\/wirmachenauf\" \/>\n<meta property=\"article:published_time\" content=\"2026-03-22T17:21:56+00:00\" \/>\n<meta property=\"og:image\" content=\"https:\/\/now-news.de\/de\/wp-content\/uploads\/sites\/3\/2026\/03\/69c0200648fbef0f48034f54.jpg\" \/>\n<meta name=\"author\" content=\"rtnews\" \/>\n<meta name=\"twitter:card\" content=\"summary_large_image\" \/>\n<meta name=\"twitter:creator\" content=\"@WirMachenAuf_de\" \/>\n<meta name=\"twitter:site\" content=\"@WirMachenAuf_de\" \/>\n<meta name=\"twitter:label1\" content=\"Verfasst von\" \/>\n\t<meta name=\"twitter:data1\" content=\"rtnews\" \/>\n\t<meta name=\"twitter:label2\" content=\"Gesch\u00e4tzte Lesezeit\" \/>\n\t<meta name=\"twitter:data2\" content=\"2\u00a0Minuten\" \/>\n<script type=\"application\/ld+json\" class=\"yoast-schema-graph\">{\"@context\":\"https:\/\/schema.org\",\"@graph\":[{\"@type\":\"Article\",\"@id\":\"https:\/\/now-news.de\/de\/deutschland\/parlamentswahlen-und-tankrationierung-in-slowenien-rechtskonservativer-janez-jansa-auf-vormarsch\/#article\",\"isPartOf\":{\"@id\":\"https:\/\/now-news.de\/de\/deutschland\/parlamentswahlen-und-tankrationierung-in-slowenien-rechtskonservativer-janez-jansa-auf-vormarsch\/\"},\"author\":{\"name\":\"rtnews\",\"@id\":\"https:\/\/now-news.de\/de\/#\/schema\/person\/fb534a4e865501d8b3285208df34a9b5\"},\"headline\":\"Parlamentswahlen und Tankrationierung in Slowenien: Rechtskonservativer Janez Jan\u0161a auf Vormarsch?\",\"datePublished\":\"2026-03-22T17:21:56+00:00\",\"dateModified\":\"2026-03-22T17:21:56+00:00\",\"mainEntityOfPage\":{\"@id\":\"https:\/\/now-news.de\/de\/deutschland\/parlamentswahlen-und-tankrationierung-in-slowenien-rechtskonservativer-janez-jansa-auf-vormarsch\/\"},\"wordCount\":422,\"commentCount\":0,\"publisher\":{\"@id\":\"https:\/\/now-news.de\/de\/#organization\"},\"image\":{\"@id\":\"https:\/\/now-news.de\/de\/deutschland\/parlamentswahlen-und-tankrationierung-in-slowenien-rechtskonservativer-janez-jansa-auf-vormarsch\/#primaryimage\"},\"thumbnailUrl\":\"https:\/\/now-news.de\/de\/wp-content\/uploads\/sites\/3\/2026\/03\/Parlamentswahlen-und-Tankrationierung-in-Slowenien-Rechtskonservativer-Janez-Jansa-auf-Vormarsch.jpg\",\"keywords\":[\"AUF\",\"Janez\",\"Jan\u0161a\",\"Parlamentswahlen\",\"Rechtskonservativer\",\"Slowenien\",\"Tankrationierung\",\"und\",\"Vormarsch\"],\"articleSection\":[\"Deutschland\",\"Russland\"],\"inLanguage\":\"de\",\"potentialAction\":[{\"@type\":\"CommentAction\",\"name\":\"Comment\",\"target\":[\"https:\/\/now-news.de\/de\/deutschland\/parlamentswahlen-und-tankrationierung-in-slowenien-rechtskonservativer-janez-jansa-auf-vormarsch\/#respond\"]}]},{\"@type\":\"WebPage\",\"@id\":\"https:\/\/now-news.de\/de\/deutschland\/parlamentswahlen-und-tankrationierung-in-slowenien-rechtskonservativer-janez-jansa-auf-vormarsch\/\",\"url\":\"https:\/\/now-news.de\/de\/deutschland\/parlamentswahlen-und-tankrationierung-in-slowenien-rechtskonservativer-janez-jansa-auf-vormarsch\/\",\"name\":\"Parlamentswahlen und Tankrationierung in Slowenien: Rechtskonservativer Janez Jan\u0161a auf Vormarsch? - just-now.NEWS Deutschland\",\"isPartOf\":{\"@id\":\"https:\/\/now-news.de\/de\/#website\"},\"primaryImageOfPage\":{\"@id\":\"https:\/\/now-news.de\/de\/deutschland\/parlamentswahlen-und-tankrationierung-in-slowenien-rechtskonservativer-janez-jansa-auf-vormarsch\/#primaryimage\"},\"image\":{\"@id\":\"https:\/\/now-news.de\/de\/deutschland\/parlamentswahlen-und-tankrationierung-in-slowenien-rechtskonservativer-janez-jansa-auf-vormarsch\/#primaryimage\"},\"thumbnailUrl\":\"https:\/\/now-news.de\/de\/wp-content\/uploads\/sites\/3\/2026\/03\/Parlamentswahlen-und-Tankrationierung-in-Slowenien-Rechtskonservativer-Janez-Jansa-auf-Vormarsch.jpg\",\"datePublished\":\"2026-03-22T17:21:56+00:00\",\"dateModified\":\"2026-03-22T17:21:56+00:00\",\"breadcrumb\":{\"@id\":\"https:\/\/now-news.de\/de\/deutschland\/parlamentswahlen-und-tankrationierung-in-slowenien-rechtskonservativer-janez-jansa-auf-vormarsch\/#breadcrumb\"},\"inLanguage\":\"de\",\"potentialAction\":[{\"@type\":\"ReadAction\",\"target\":[\"https:\/\/now-news.de\/de\/deutschland\/parlamentswahlen-und-tankrationierung-in-slowenien-rechtskonservativer-janez-jansa-auf-vormarsch\/\"]}]},{\"@type\":\"ImageObject\",\"inLanguage\":\"de\",\"@id\":\"https:\/\/now-news.de\/de\/deutschland\/parlamentswahlen-und-tankrationierung-in-slowenien-rechtskonservativer-janez-jansa-auf-vormarsch\/#primaryimage\",\"url\":\"https:\/\/now-news.de\/de\/wp-content\/uploads\/sites\/3\/2026\/03\/Parlamentswahlen-und-Tankrationierung-in-Slowenien-Rechtskonservativer-Janez-Jansa-auf-Vormarsch.jpg\",\"contentUrl\":\"https:\/\/now-news.de\/de\/wp-content\/uploads\/sites\/3\/2026\/03\/Parlamentswahlen-und-Tankrationierung-in-Slowenien-Rechtskonservativer-Janez-Jansa-auf-Vormarsch.jpg\",\"width\":460,\"height\":259,\"caption\":\"Parlamentswahlen und Tankrationierung in Slowenien: Rechtskonservativer Janez Jan\u0161a auf Vormarsch?\"},{\"@type\":\"BreadcrumbList\",\"@id\":\"https:\/\/now-news.de\/de\/deutschland\/parlamentswahlen-und-tankrationierung-in-slowenien-rechtskonservativer-janez-jansa-auf-vormarsch\/#breadcrumb\",\"itemListElement\":[{\"@type\":\"ListItem\",\"position\":1,\"name\":\"Home\",\"item\":\"https:\/\/now-news.de\/de\/\"},{\"@type\":\"ListItem\",\"position\":2,\"name\":\"Parlamentswahlen und Tankrationierung in Slowenien: Rechtskonservativer Janez Jan\u0161a auf Vormarsch?\"}]},{\"@type\":\"WebSite\",\"@id\":\"https:\/\/now-news.de\/de\/#website\",\"url\":\"https:\/\/now-news.de\/de\/\",\"name\":\"just-now.NEWS Deutschland\",\"description\":\"Das Portal f\u00fcr unzensierte Nachrichten aus der Welt\",\"publisher\":{\"@id\":\"https:\/\/now-news.de\/de\/#organization\"},\"potentialAction\":[{\"@type\":\"SearchAction\",\"target\":{\"@type\":\"EntryPoint\",\"urlTemplate\":\"https:\/\/now-news.de\/de\/?s={search_term_string}\"},\"query-input\":\"required name=search_term_string\"}],\"inLanguage\":\"de\"},{\"@type\":\"Organization\",\"@id\":\"https:\/\/now-news.de\/de\/#organization\",\"name\":\"Just Now News\",\"url\":\"https:\/\/now-news.de\/de\/\",\"logo\":{\"@type\":\"ImageObject\",\"inLanguage\":\"de\",\"@id\":\"https:\/\/now-news.de\/de\/#\/schema\/logo\/image\/\",\"url\":\"http:\/\/just-now.news\/de\/wp-content\/uploads\/sites\/3\/2022\/04\/logo500x500.jpg\",\"contentUrl\":\"http:\/\/just-now.news\/de\/wp-content\/uploads\/sites\/3\/2022\/04\/logo500x500.jpg\",\"width\":500,\"height\":500,\"caption\":\"Just Now News\"},\"image\":{\"@id\":\"https:\/\/now-news.de\/de\/#\/schema\/logo\/image\/\"},\"sameAs\":[\"https:\/\/www.facebook.com\/wirmachenauf\",\"https:\/\/x.com\/WirMachenAuf_de\"]},{\"@type\":\"Person\",\"@id\":\"https:\/\/now-news.de\/de\/#\/schema\/person\/fb534a4e865501d8b3285208df34a9b5\",\"name\":\"rtnews\",\"image\":{\"@type\":\"ImageObject\",\"inLanguage\":\"de\",\"@id\":\"https:\/\/now-news.de\/de\/#\/schema\/person\/image\/\",\"url\":\"https:\/\/secure.gravatar.com\/avatar\/82aafea7d8127119dd649515f56e2117?s=96&d=mm&r=g\",\"contentUrl\":\"https:\/\/secure.gravatar.com\/avatar\/82aafea7d8127119dd649515f56e2117?s=96&d=mm&r=g\",\"caption\":\"rtnews\"},\"url\":\"https:\/\/now-news.de\/de\/author\/rnews\/\"}]}<\/script>\n<!-- \/ Yoast SEO Premium plugin. -->","yoast_head_json":{"title":"Parlamentswahlen und Tankrationierung in Slowenien: Rechtskonservativer Janez Jan\u0161a auf Vormarsch? - just-now.NEWS Deutschland","robots":{"index":"index","follow":"follow","max-snippet":"max-snippet:-1","max-image-preview":"max-image-preview:large","max-video-preview":"max-video-preview:-1"},"canonical":"https:\/\/now-news.de\/de\/deutschland\/parlamentswahlen-und-tankrationierung-in-slowenien-rechtskonservativer-janez-jansa-auf-vormarsch\/","og_locale":"de_DE","og_type":"article","og_title":"Parlamentswahlen und Tankrationierung in Slowenien: Rechtskonservativer Janez Jan\u0161a auf Vormarsch?","og_description":"Enges Rennen am Sonntag: Slowenien w\u00e4hlt ein neues Parlament. Dabei zeichnet sich ein spannendes Rennen zwischen dem &#8220;liberalen&#8221; Ministerpr\u00e4sidenten Robert Golob und dem rechtskonservativen Oppositionsf\u00fchrer Janez Jan\u0161a ab. Seit Sonntag gelten parallel Tankrationierungen, um Italiener und \u00d6sterreicher von den g\u00fcnstigen Tanks\u00e4ulen abzuhalten. In Slowenien haben am Sonntag die Wahllokale f\u00fcr die hart umk\u00e4mpften Parlamentswahlen ge\u00f6ffnet. [&hellip;]","og_url":"https:\/\/now-news.de\/de\/deutschland\/parlamentswahlen-und-tankrationierung-in-slowenien-rechtskonservativer-janez-jansa-auf-vormarsch\/","og_site_name":"just-now.NEWS Deutschland","article_publisher":"https:\/\/www.facebook.com\/wirmachenauf","article_published_time":"2026-03-22T17:21:56+00:00","og_image":[{"url":"https:\/\/now-news.de\/de\/wp-content\/uploads\/sites\/3\/2026\/03\/69c0200648fbef0f48034f54.jpg"}],"author":"rtnews","twitter_card":"summary_large_image","twitter_creator":"@WirMachenAuf_de","twitter_site":"@WirMachenAuf_de","twitter_misc":{"Verfasst von":"rtnews","Gesch\u00e4tzte Lesezeit":"2\u00a0Minuten"},"schema":{"@context":"https:\/\/schema.org","@graph":[{"@type":"Article","@id":"https:\/\/now-news.de\/de\/deutschland\/parlamentswahlen-und-tankrationierung-in-slowenien-rechtskonservativer-janez-jansa-auf-vormarsch\/#article","isPartOf":{"@id":"https:\/\/now-news.de\/de\/deutschland\/parlamentswahlen-und-tankrationierung-in-slowenien-rechtskonservativer-janez-jansa-auf-vormarsch\/"},"author":{"name":"rtnews","@id":"https:\/\/now-news.de\/de\/#\/schema\/person\/fb534a4e865501d8b3285208df34a9b5"},"headline":"Parlamentswahlen und Tankrationierung in Slowenien: Rechtskonservativer Janez Jan\u0161a auf Vormarsch?","datePublished":"2026-03-22T17:21:56+00:00","dateModified":"2026-03-22T17:21:56+00:00","mainEntityOfPage":{"@id":"https:\/\/now-news.de\/de\/deutschland\/parlamentswahlen-und-tankrationierung-in-slowenien-rechtskonservativer-janez-jansa-auf-vormarsch\/"},"wordCount":422,"commentCount":0,"publisher":{"@id":"https:\/\/now-news.de\/de\/#organization"},"image":{"@id":"https:\/\/now-news.de\/de\/deutschland\/parlamentswahlen-und-tankrationierung-in-slowenien-rechtskonservativer-janez-jansa-auf-vormarsch\/#primaryimage"},"thumbnailUrl":"https:\/\/now-news.de\/de\/wp-content\/uploads\/sites\/3\/2026\/03\/Parlamentswahlen-und-Tankrationierung-in-Slowenien-Rechtskonservativer-Janez-Jansa-auf-Vormarsch.jpg","keywords":["AUF","Janez","Jan\u0161a","Parlamentswahlen","Rechtskonservativer","Slowenien","Tankrationierung","und","Vormarsch"],"articleSection":["Deutschland","Russland"],"inLanguage":"de","potentialAction":[{"@type":"CommentAction","name":"Comment","target":["https:\/\/now-news.de\/de\/deutschland\/parlamentswahlen-und-tankrationierung-in-slowenien-rechtskonservativer-janez-jansa-auf-vormarsch\/#respond"]}]},{"@type":"WebPage","@id":"https:\/\/now-news.de\/de\/deutschland\/parlamentswahlen-und-tankrationierung-in-slowenien-rechtskonservativer-janez-jansa-auf-vormarsch\/","url":"https:\/\/now-news.de\/de\/deutschland\/parlamentswahlen-und-tankrationierung-in-slowenien-rechtskonservativer-janez-jansa-auf-vormarsch\/","name":"Parlamentswahlen und Tankrationierung in Slowenien: Rechtskonservativer Janez Jan\u0161a auf Vormarsch? - just-now.NEWS Deutschland","isPartOf":{"@id":"https:\/\/now-news.de\/de\/#website"},"primaryImageOfPage":{"@id":"https:\/\/now-news.de\/de\/deutschland\/parlamentswahlen-und-tankrationierung-in-slowenien-rechtskonservativer-janez-jansa-auf-vormarsch\/#primaryimage"},"image":{"@id":"https:\/\/now-news.de\/de\/deutschland\/parlamentswahlen-und-tankrationierung-in-slowenien-rechtskonservativer-janez-jansa-auf-vormarsch\/#primaryimage"},"thumbnailUrl":"https:\/\/now-news.de\/de\/wp-content\/uploads\/sites\/3\/2026\/03\/Parlamentswahlen-und-Tankrationierung-in-Slowenien-Rechtskonservativer-Janez-Jansa-auf-Vormarsch.jpg","datePublished":"2026-03-22T17:21:56+00:00","dateModified":"2026-03-22T17:21:56+00:00","breadcrumb":{"@id":"https:\/\/now-news.de\/de\/deutschland\/parlamentswahlen-und-tankrationierung-in-slowenien-rechtskonservativer-janez-jansa-auf-vormarsch\/#breadcrumb"},"inLanguage":"de","potentialAction":[{"@type":"ReadAction","target":["https:\/\/now-news.de\/de\/deutschland\/parlamentswahlen-und-tankrationierung-in-slowenien-rechtskonservativer-janez-jansa-auf-vormarsch\/"]}]},{"@type":"ImageObject","inLanguage":"de","@id":"https:\/\/now-news.de\/de\/deutschland\/parlamentswahlen-und-tankrationierung-in-slowenien-rechtskonservativer-janez-jansa-auf-vormarsch\/#primaryimage","url":"https:\/\/now-news.de\/de\/wp-content\/uploads\/sites\/3\/2026\/03\/Parlamentswahlen-und-Tankrationierung-in-Slowenien-Rechtskonservativer-Janez-Jansa-auf-Vormarsch.jpg","contentUrl":"https:\/\/now-news.de\/de\/wp-content\/uploads\/sites\/3\/2026\/03\/Parlamentswahlen-und-Tankrationierung-in-Slowenien-Rechtskonservativer-Janez-Jansa-auf-Vormarsch.jpg","width":460,"height":259,"caption":"Parlamentswahlen und Tankrationierung in Slowenien: Rechtskonservativer Janez Jan\u0161a auf Vormarsch?"},{"@type":"BreadcrumbList","@id":"https:\/\/now-news.de\/de\/deutschland\/parlamentswahlen-und-tankrationierung-in-slowenien-rechtskonservativer-janez-jansa-auf-vormarsch\/#breadcrumb","itemListElement":[{"@type":"ListItem","position":1,"name":"Home","item":"https:\/\/now-news.de\/de\/"},{"@type":"ListItem","position":2,"name":"Parlamentswahlen und Tankrationierung in Slowenien: Rechtskonservativer Janez Jan\u0161a auf Vormarsch?"}]},{"@type":"WebSite","@id":"https:\/\/now-news.de\/de\/#website","url":"https:\/\/now-news.de\/de\/","name":"just-now.NEWS Deutschland","description":"Das Portal f\u00fcr unzensierte Nachrichten aus der Welt","publisher":{"@id":"https:\/\/now-news.de\/de\/#organization"},"potentialAction":[{"@type":"SearchAction","target":{"@type":"EntryPoint","urlTemplate":"https:\/\/now-news.de\/de\/?s={search_term_string}"},"query-input":"required name=search_term_string"}],"inLanguage":"de"},{"@type":"Organization","@id":"https:\/\/now-news.de\/de\/#organization","name":"Just Now News","url":"https:\/\/now-news.de\/de\/","logo":{"@type":"ImageObject","inLanguage":"de","@id":"https:\/\/now-news.de\/de\/#\/schema\/logo\/image\/","url":"http:\/\/just-now.news\/de\/wp-content\/uploads\/sites\/3\/2022\/04\/logo500x500.jpg","contentUrl":"http:\/\/just-now.news\/de\/wp-content\/uploads\/sites\/3\/2022\/04\/logo500x500.jpg","width":500,"height":500,"caption":"Just Now News"},"image":{"@id":"https:\/\/now-news.de\/de\/#\/schema\/logo\/image\/"},"sameAs":["https:\/\/www.facebook.com\/wirmachenauf","https:\/\/x.com\/WirMachenAuf_de"]},{"@type":"Person","@id":"https:\/\/now-news.de\/de\/#\/schema\/person\/fb534a4e865501d8b3285208df34a9b5","name":"rtnews","image":{"@type":"ImageObject","inLanguage":"de","@id":"https:\/\/now-news.de\/de\/#\/schema\/person\/image\/","url":"https:\/\/secure.gravatar.com\/avatar\/82aafea7d8127119dd649515f56e2117?s=96&d=mm&r=g","contentUrl":"https:\/\/secure.gravatar.com\/avatar\/82aafea7d8127119dd649515f56e2117?s=96&d=mm&r=g","caption":"rtnews"},"url":"https:\/\/now-news.de\/de\/author\/rnews\/"}]}},"_links":{"self":[{"href":"https:\/\/now-news.de\/de\/wp-json\/wp\/v2\/posts\/100641"}],"collection":[{"href":"https:\/\/now-news.de\/de\/wp-json\/wp\/v2\/posts"}],"about":[{"href":"https:\/\/now-news.de\/de\/wp-json\/wp\/v2\/types\/post"}],"author":[{"embeddable":true,"href":"https:\/\/now-news.de\/de\/wp-json\/wp\/v2\/users\/3"}],"replies":[{"embeddable":true,"href":"https:\/\/now-news.de\/de\/wp-json\/wp\/v2\/comments?post=100641"}],"version-history":[{"count":0,"href":"https:\/\/now-news.de\/de\/wp-json\/wp\/v2\/posts\/100641\/revisions"}],"wp:featuredmedia":[{"embeddable":true,"href":"https:\/\/now-news.de\/de\/wp-json\/wp\/v2\/media\/100642"}],"wp:attachment":[{"href":"https:\/\/now-news.de\/de\/wp-json\/wp\/v2\/media?parent=100641"}],"wp:term":[{"taxonomy":"category","embeddable":true,"href":"https:\/\/now-news.de\/de\/wp-json\/wp\/v2\/categories?post=100641"},{"taxonomy":"post_tag","embeddable":true,"href":"https:\/\/now-news.de\/de\/wp-json\/wp\/v2\/tags?post=100641"}],"curies":[{"name":"wp","href":"https:\/\/api.w.org\/{rel}","templated":true}]}}