{"id":10059,"date":"2022-06-07T11:20:44","date_gmt":"2022-06-07T09:20:44","guid":{"rendered":"http:\/\/just-now.news\/de\/deutschland\/innenministerium-plant-dauerhaftes-bleiberecht-fuer-gut-integrierte-fluechtlinge\/"},"modified":"2022-06-07T11:20:44","modified_gmt":"2022-06-07T09:20:44","slug":"innenministerium-plant-dauerhaftes-bleiberecht-fuer-gut-integrierte-fluechtlinge","status":"publish","type":"post","link":"https:\/\/now-news.de\/de\/deutschland\/innenministerium-plant-dauerhaftes-bleiberecht-fuer-gut-integrierte-fluechtlinge\/","title":{"rendered":"Innenministerium plant dauerhaftes Bleiberecht f\u00fcr gut integrierte Fl\u00fcchtlinge"},"content":{"rendered":"<p><img decoding=\"async\" src=\"http:\/\/just-now.news\/de\/wp-content\/uploads\/sites\/3\/2022\/06\/629f0102b480cc09e62c37f3.jpg\" \/><\/p>\n<div class=\"Text-root Text-type_1 \">\n                Bislang nur geduldete, aber gut integrierte Asylbewerber sollen nach Pl\u00e4nen des Bundesinnenministeriums k\u00fcnftig dauerhaft in Deutschland bleiben k\u00f6nnen. Daf\u00fcr m\u00fcssen sie unter anderem die Sprache beherrschen und einer beruflichen T\u00e4tigkeit nachgehen. Straft\u00e4ter sollen hingegen schneller abgeschoben werden. Den Gesetzentwurf will Nancy Faeser (SPD) in K\u00fcrze vorlegen.\n            <\/div>\n<p><\/p>\n<div class=\"Text-root Text-type_5 ArticleView-text ViewText-root \">\n<p>Migranten, die sich bereits l\u00e4ngere Zeit in Deutschland aufhalten aber lediglich geduldet sind, sollen nach den Pl\u00e4nen von Bundesinnenministerin Nancy Faeser (SPD) die Chance auf ein festes Bleiberecht erhalten. Das berichtet der <em>Spiegel<\/em> unter Berufung auf einen ihm vorliegenden Gesetzentwurf. Gleichzeitig soll der Kurs bei Abschiebungen von abgelehnten Asylbewerbern versch\u00e4rft werden.\u00a0<\/p>\n<p>Das &#8220;Chancen-Aufenthaltsrecht&#8221; richte sich demnach an Asylbewerber, die seit f\u00fcnf Jahren oder mehr lediglich mit einer Duldung in Deutschland leben. Rund 100.000 Menschen k\u00f6nnten somit die M\u00f6glichkeit erhalten, dauerhaft legal in Deutschland zu bleiben.\u00a0Damit solle die Lebensplanung f\u00fcr Menschen, die &#8220;bestimmte Integrationsvoraussetzungen erf\u00fcllen&#8221;, verl\u00e4sslicher werden,\u00a0hei\u00dft es in dem Entwurf.\u00a0<\/p>\n<p>Die neue Regelung sieht eine Probefrist vor. Diejenigen, die die Voraussetzungen erf\u00fcllen, sollen nach den Pl\u00e4nen des Bundesinnenministeriums f\u00fcr ein Jahr eine befristete\u00a0Aufenthaltserlaubnis erhalten. K\u00f6nnen sie in dieser Zeit nachweisen, dass sie die deutsche Sprache beherrschen und zugleich ihren Unterhalt sichern k\u00f6nnen, wird die Erlaubnis entfristet. Straft\u00e4ter seien von dieser M\u00f6glichkeit allerdings ausgeschlossen. Auch Asylbewerber, die ihre Abschiebung lediglich durch falsche Angaben \u00fcber ihre Identit\u00e4t verhinderten, w\u00fcrden nicht unter die berechtigte Personengruppe fallen.<\/p>\n<p>Im Koalitionsvertrag hatten sich SPD, Gr\u00fcne und FDP verpflichtet, die bisherige Praxis so genannter Kettenduldungen zu beenden. &#8220;Der bisherigen Praxis der Kettenduldungen setzen wir ein Chancen-Aufenthaltsrecht entgegen&#8221;, hie\u00df es in der gemeinsamen Vereinbarung. Bei der Opposition stie\u00dfen die Ampel-Pl\u00e4ne allerdings auf Kritik. Es sei falsch, Menschen ein Bleiberecht zu erteilen, die ohne gesetzliche Grundlage nach Deutschland gekommen seien, erkl\u00e4rte der damalige Unionsfraktionschef im Bundestag,\u00a0Ralph Brinkhaus.<\/p>\n<p>Parallel zum &#8220;Chancen-Aufenthaltsrecht&#8221; soll das Verfahren zur Abschiebung abgelehnter Asylbewerber versch\u00e4rft werden. &#8220;Insbesondere die Ausreise von Straft\u00e4tern und Gef\u00e4hrdern muss konsequenter vollzogen werden&#8221;, zitiert der <em>Spiegel<\/em>\u00a0aus dem Gesetzentwurf.\u00a0Im Koalitionsvertrag war das Vorhaben als &#8220;R\u00fcckf\u00fchrungsoffensive&#8221; fixiert worden.<\/p>\n<p>2021 registrierten die deutschen Beh\u00f6rden mehr als 190.000 Asylantr\u00e4ge. Die meisten Fl\u00fcchtlinge kamen demnach aus Syrien. Etwa 30.000 Menschen flohen aus Afghanistan nach Deutschland. Damit war die Zahl der gestellten Asylantr\u00e4ge so hoch wie seit 2017 nicht mehr. Eine Zahl, die angesichts des Ukraine-Kriegs in diesem Jahr bereits \u00fcbertroffen wurde. 830.000 Ukraine-Fl\u00fcchtlinge registrierte die Bundespolizei allein bis Ende Mai.\u00a0<\/p>\n<p><strong>Mehr zum Thema &#8211;<\/strong>\u00a0<a rel=\"nofollow noopener\" target=\"_blank\" href=\"https:\/\/test.rtde.tech\/inland\/129818-asylantrage-erreichen-neuen-hochststand-190000\/\">Asylantr\u00e4ge erreichen neuen H\u00f6chststand: 190.000 Antr\u00e4ge im letzten Jahr<\/a><\/p>\n<\/div>\n<p><br \/>\n<br \/><a href=\"https:\/\/de.rt.com\/inland\/140394-geduldete-asylanten-faeser-will-gut\/\">Source link <\/a><\/p>\n","protected":false},"excerpt":{"rendered":"<p>Bislang nur geduldete, aber gut integrierte Asylbewerber sollen nach Pl\u00e4nen des Bundesinnenministeriums k\u00fcnftig dauerhaft in Deutschland bleiben k\u00f6nnen. Daf\u00fcr m\u00fcssen sie unter anderem die Sprache beherrschen und einer beruflichen T\u00e4tigkeit nachgehen. Straft\u00e4ter sollen hingegen schneller abgeschoben werden. Den Gesetzentwurf will Nancy Faeser (SPD) in K\u00fcrze vorlegen. Migranten, die sich bereits l\u00e4ngere Zeit in Deutschland aufhalten [&hellip;]<\/p>\n","protected":false},"author":3,"featured_media":10060,"comment_status":"open","ping_status":"open","sticky":false,"template":"","format":"standard","meta":{"wp_automatic_camp":["217"],"c77b63c2aa31e8f9a847847f9a3c9c09":["Innenministerium plant dauerhaftes Bleiberecht f\u00fcr gut integrierte Fl\u00fcchtlinge"],"original_link":["https:\/\/de.rt.com\/inland\/140394-geduldete-asylanten-faeser-will-gut\/"],"_thumbnail_id":["10060"],"_wptg_p2tg_sent2tg":["2022-06-07 11:30:10"],"jnews_social_counter_last_update":["1777282672"]},"categories":[19,23],"tags":[23429,23428,7572,221,15536,19506,23430,2559],"yoast_head":"<!-- This site is optimized with the Yoast SEO Premium plugin v22.7 (Yoast SEO v22.7) - https:\/\/yoast.com\/wordpress\/plugins\/seo\/ -->\n<title>Innenministerium plant dauerhaftes Bleiberecht f\u00fcr gut integrierte Fl\u00fcchtlinge - just-now.NEWS Deutschland<\/title>\n<meta name=\"robots\" content=\"index, follow, max-snippet:-1, max-image-preview:large, max-video-preview:-1\" \/>\n<link rel=\"canonical\" href=\"https:\/\/now-news.de\/de\/deutschland\/innenministerium-plant-dauerhaftes-bleiberecht-fuer-gut-integrierte-fluechtlinge\/\" \/>\n<meta property=\"og:locale\" content=\"de_DE\" \/>\n<meta property=\"og:type\" content=\"article\" \/>\n<meta property=\"og:title\" content=\"Innenministerium plant dauerhaftes Bleiberecht f\u00fcr gut integrierte Fl\u00fcchtlinge\" \/>\n<meta property=\"og:description\" content=\"Bislang nur geduldete, aber gut integrierte Asylbewerber sollen nach Pl\u00e4nen des Bundesinnenministeriums k\u00fcnftig dauerhaft in Deutschland bleiben k\u00f6nnen. Daf\u00fcr m\u00fcssen sie unter anderem die Sprache beherrschen und einer beruflichen T\u00e4tigkeit nachgehen. Straft\u00e4ter sollen hingegen schneller abgeschoben werden. Den Gesetzentwurf will Nancy Faeser (SPD) in K\u00fcrze vorlegen. Migranten, die sich bereits l\u00e4ngere Zeit in Deutschland aufhalten [&hellip;]\" \/>\n<meta property=\"og:url\" content=\"https:\/\/now-news.de\/de\/deutschland\/innenministerium-plant-dauerhaftes-bleiberecht-fuer-gut-integrierte-fluechtlinge\/\" \/>\n<meta property=\"og:site_name\" content=\"just-now.NEWS Deutschland\" \/>\n<meta property=\"article:publisher\" content=\"https:\/\/www.facebook.com\/wirmachenauf\" \/>\n<meta property=\"article:published_time\" content=\"2022-06-07T09:20:44+00:00\" \/>\n<meta property=\"og:image\" content=\"https:\/\/now-news.de\/de\/wp-content\/uploads\/sites\/3\/2022\/06\/Innenministerium-plant-dauerhaftes-Bleiberecht-fuer-gut-integrierte-Fluechtlinge.jpg\" \/>\n\t<meta property=\"og:image:width\" content=\"460\" \/>\n\t<meta property=\"og:image:height\" content=\"259\" \/>\n\t<meta property=\"og:image:type\" content=\"image\/jpeg\" \/>\n<meta name=\"author\" content=\"rtnews\" \/>\n<meta name=\"twitter:card\" content=\"summary_large_image\" \/>\n<meta name=\"twitter:creator\" content=\"@WirMachenAuf_de\" \/>\n<meta name=\"twitter:site\" content=\"@WirMachenAuf_de\" \/>\n<meta name=\"twitter:label1\" content=\"Verfasst von\" \/>\n\t<meta name=\"twitter:data1\" content=\"rtnews\" \/>\n\t<meta name=\"twitter:label2\" content=\"Gesch\u00e4tzte Lesezeit\" \/>\n\t<meta name=\"twitter:data2\" content=\"2\u00a0Minuten\" \/>\n<script type=\"application\/ld+json\" class=\"yoast-schema-graph\">{\"@context\":\"https:\/\/schema.org\",\"@graph\":[{\"@type\":\"Article\",\"@id\":\"https:\/\/now-news.de\/de\/deutschland\/innenministerium-plant-dauerhaftes-bleiberecht-fuer-gut-integrierte-fluechtlinge\/#article\",\"isPartOf\":{\"@id\":\"https:\/\/now-news.de\/de\/deutschland\/innenministerium-plant-dauerhaftes-bleiberecht-fuer-gut-integrierte-fluechtlinge\/\"},\"author\":{\"name\":\"rtnews\",\"@id\":\"https:\/\/now-news.de\/de\/#\/schema\/person\/fb534a4e865501d8b3285208df34a9b5\"},\"headline\":\"Innenministerium plant dauerhaftes Bleiberecht f\u00fcr gut integrierte Fl\u00fcchtlinge\",\"datePublished\":\"2022-06-07T09:20:44+00:00\",\"dateModified\":\"2022-06-07T09:20:44+00:00\",\"mainEntityOfPage\":{\"@id\":\"https:\/\/now-news.de\/de\/deutschland\/innenministerium-plant-dauerhaftes-bleiberecht-fuer-gut-integrierte-fluechtlinge\/\"},\"wordCount\":448,\"commentCount\":0,\"publisher\":{\"@id\":\"https:\/\/now-news.de\/de\/#organization\"},\"image\":{\"@id\":\"https:\/\/now-news.de\/de\/deutschland\/innenministerium-plant-dauerhaftes-bleiberecht-fuer-gut-integrierte-fluechtlinge\/#primaryimage\"},\"thumbnailUrl\":\"https:\/\/now-news.de\/de\/wp-content\/uploads\/sites\/3\/2022\/06\/Innenministerium-plant-dauerhaftes-Bleiberecht-fuer-gut-integrierte-Fluechtlinge.jpg\",\"keywords\":[\"Bleiberecht\",\"dauerhaftes\",\"Fl\u00fcchtlinge\",\"f\u00fcr\",\"gut\",\"Innenministerium\",\"integrierte\",\"plant\"],\"articleSection\":[\"Deutschland\",\"Russland\"],\"inLanguage\":\"de\",\"potentialAction\":[{\"@type\":\"CommentAction\",\"name\":\"Comment\",\"target\":[\"https:\/\/now-news.de\/de\/deutschland\/innenministerium-plant-dauerhaftes-bleiberecht-fuer-gut-integrierte-fluechtlinge\/#respond\"]}]},{\"@type\":\"WebPage\",\"@id\":\"https:\/\/now-news.de\/de\/deutschland\/innenministerium-plant-dauerhaftes-bleiberecht-fuer-gut-integrierte-fluechtlinge\/\",\"url\":\"https:\/\/now-news.de\/de\/deutschland\/innenministerium-plant-dauerhaftes-bleiberecht-fuer-gut-integrierte-fluechtlinge\/\",\"name\":\"Innenministerium plant dauerhaftes Bleiberecht f\u00fcr gut integrierte Fl\u00fcchtlinge - just-now.NEWS Deutschland\",\"isPartOf\":{\"@id\":\"https:\/\/now-news.de\/de\/#website\"},\"primaryImageOfPage\":{\"@id\":\"https:\/\/now-news.de\/de\/deutschland\/innenministerium-plant-dauerhaftes-bleiberecht-fuer-gut-integrierte-fluechtlinge\/#primaryimage\"},\"image\":{\"@id\":\"https:\/\/now-news.de\/de\/deutschland\/innenministerium-plant-dauerhaftes-bleiberecht-fuer-gut-integrierte-fluechtlinge\/#primaryimage\"},\"thumbnailUrl\":\"https:\/\/now-news.de\/de\/wp-content\/uploads\/sites\/3\/2022\/06\/Innenministerium-plant-dauerhaftes-Bleiberecht-fuer-gut-integrierte-Fluechtlinge.jpg\",\"datePublished\":\"2022-06-07T09:20:44+00:00\",\"dateModified\":\"2022-06-07T09:20:44+00:00\",\"breadcrumb\":{\"@id\":\"https:\/\/now-news.de\/de\/deutschland\/innenministerium-plant-dauerhaftes-bleiberecht-fuer-gut-integrierte-fluechtlinge\/#breadcrumb\"},\"inLanguage\":\"de\",\"potentialAction\":[{\"@type\":\"ReadAction\",\"target\":[\"https:\/\/now-news.de\/de\/deutschland\/innenministerium-plant-dauerhaftes-bleiberecht-fuer-gut-integrierte-fluechtlinge\/\"]}]},{\"@type\":\"ImageObject\",\"inLanguage\":\"de\",\"@id\":\"https:\/\/now-news.de\/de\/deutschland\/innenministerium-plant-dauerhaftes-bleiberecht-fuer-gut-integrierte-fluechtlinge\/#primaryimage\",\"url\":\"https:\/\/now-news.de\/de\/wp-content\/uploads\/sites\/3\/2022\/06\/Innenministerium-plant-dauerhaftes-Bleiberecht-fuer-gut-integrierte-Fluechtlinge.jpg\",\"contentUrl\":\"https:\/\/now-news.de\/de\/wp-content\/uploads\/sites\/3\/2022\/06\/Innenministerium-plant-dauerhaftes-Bleiberecht-fuer-gut-integrierte-Fluechtlinge.jpg\",\"width\":460,\"height\":259,\"caption\":\"Innenministerium plant dauerhaftes Bleiberecht f\u00fcr gut integrierte Fl\u00fcchtlinge\"},{\"@type\":\"BreadcrumbList\",\"@id\":\"https:\/\/now-news.de\/de\/deutschland\/innenministerium-plant-dauerhaftes-bleiberecht-fuer-gut-integrierte-fluechtlinge\/#breadcrumb\",\"itemListElement\":[{\"@type\":\"ListItem\",\"position\":1,\"name\":\"Home\",\"item\":\"https:\/\/now-news.de\/de\/\"},{\"@type\":\"ListItem\",\"position\":2,\"name\":\"Innenministerium plant dauerhaftes Bleiberecht f\u00fcr gut integrierte Fl\u00fcchtlinge\"}]},{\"@type\":\"WebSite\",\"@id\":\"https:\/\/now-news.de\/de\/#website\",\"url\":\"https:\/\/now-news.de\/de\/\",\"name\":\"just-now.NEWS Deutschland\",\"description\":\"Das Portal f\u00fcr unzensierte Nachrichten aus der Welt\",\"publisher\":{\"@id\":\"https:\/\/now-news.de\/de\/#organization\"},\"potentialAction\":[{\"@type\":\"SearchAction\",\"target\":{\"@type\":\"EntryPoint\",\"urlTemplate\":\"https:\/\/now-news.de\/de\/?s={search_term_string}\"},\"query-input\":\"required name=search_term_string\"}],\"inLanguage\":\"de\"},{\"@type\":\"Organization\",\"@id\":\"https:\/\/now-news.de\/de\/#organization\",\"name\":\"Just Now News\",\"url\":\"https:\/\/now-news.de\/de\/\",\"logo\":{\"@type\":\"ImageObject\",\"inLanguage\":\"de\",\"@id\":\"https:\/\/now-news.de\/de\/#\/schema\/logo\/image\/\",\"url\":\"http:\/\/just-now.news\/de\/wp-content\/uploads\/sites\/3\/2022\/04\/logo500x500.jpg\",\"contentUrl\":\"http:\/\/just-now.news\/de\/wp-content\/uploads\/sites\/3\/2022\/04\/logo500x500.jpg\",\"width\":500,\"height\":500,\"caption\":\"Just Now News\"},\"image\":{\"@id\":\"https:\/\/now-news.de\/de\/#\/schema\/logo\/image\/\"},\"sameAs\":[\"https:\/\/www.facebook.com\/wirmachenauf\",\"https:\/\/x.com\/WirMachenAuf_de\"]},{\"@type\":\"Person\",\"@id\":\"https:\/\/now-news.de\/de\/#\/schema\/person\/fb534a4e865501d8b3285208df34a9b5\",\"name\":\"rtnews\",\"image\":{\"@type\":\"ImageObject\",\"inLanguage\":\"de\",\"@id\":\"https:\/\/now-news.de\/de\/#\/schema\/person\/image\/\",\"url\":\"https:\/\/secure.gravatar.com\/avatar\/82aafea7d8127119dd649515f56e2117?s=96&d=mm&r=g\",\"contentUrl\":\"https:\/\/secure.gravatar.com\/avatar\/82aafea7d8127119dd649515f56e2117?s=96&d=mm&r=g\",\"caption\":\"rtnews\"},\"url\":\"https:\/\/now-news.de\/de\/author\/rnews\/\"}]}<\/script>\n<!-- \/ Yoast SEO Premium plugin. -->","yoast_head_json":{"title":"Innenministerium plant dauerhaftes Bleiberecht f\u00fcr gut integrierte Fl\u00fcchtlinge - just-now.NEWS Deutschland","robots":{"index":"index","follow":"follow","max-snippet":"max-snippet:-1","max-image-preview":"max-image-preview:large","max-video-preview":"max-video-preview:-1"},"canonical":"https:\/\/now-news.de\/de\/deutschland\/innenministerium-plant-dauerhaftes-bleiberecht-fuer-gut-integrierte-fluechtlinge\/","og_locale":"de_DE","og_type":"article","og_title":"Innenministerium plant dauerhaftes Bleiberecht f\u00fcr gut integrierte Fl\u00fcchtlinge","og_description":"Bislang nur geduldete, aber gut integrierte Asylbewerber sollen nach Pl\u00e4nen des Bundesinnenministeriums k\u00fcnftig dauerhaft in Deutschland bleiben k\u00f6nnen. Daf\u00fcr m\u00fcssen sie unter anderem die Sprache beherrschen und einer beruflichen T\u00e4tigkeit nachgehen. Straft\u00e4ter sollen hingegen schneller abgeschoben werden. Den Gesetzentwurf will Nancy Faeser (SPD) in K\u00fcrze vorlegen. Migranten, die sich bereits l\u00e4ngere Zeit in Deutschland aufhalten [&hellip;]","og_url":"https:\/\/now-news.de\/de\/deutschland\/innenministerium-plant-dauerhaftes-bleiberecht-fuer-gut-integrierte-fluechtlinge\/","og_site_name":"just-now.NEWS Deutschland","article_publisher":"https:\/\/www.facebook.com\/wirmachenauf","article_published_time":"2022-06-07T09:20:44+00:00","og_image":[{"width":460,"height":259,"url":"https:\/\/now-news.de\/de\/wp-content\/uploads\/sites\/3\/2022\/06\/Innenministerium-plant-dauerhaftes-Bleiberecht-fuer-gut-integrierte-Fluechtlinge.jpg","type":"image\/jpeg"}],"author":"rtnews","twitter_card":"summary_large_image","twitter_creator":"@WirMachenAuf_de","twitter_site":"@WirMachenAuf_de","twitter_misc":{"Verfasst von":"rtnews","Gesch\u00e4tzte Lesezeit":"2\u00a0Minuten"},"schema":{"@context":"https:\/\/schema.org","@graph":[{"@type":"Article","@id":"https:\/\/now-news.de\/de\/deutschland\/innenministerium-plant-dauerhaftes-bleiberecht-fuer-gut-integrierte-fluechtlinge\/#article","isPartOf":{"@id":"https:\/\/now-news.de\/de\/deutschland\/innenministerium-plant-dauerhaftes-bleiberecht-fuer-gut-integrierte-fluechtlinge\/"},"author":{"name":"rtnews","@id":"https:\/\/now-news.de\/de\/#\/schema\/person\/fb534a4e865501d8b3285208df34a9b5"},"headline":"Innenministerium plant dauerhaftes Bleiberecht f\u00fcr gut integrierte Fl\u00fcchtlinge","datePublished":"2022-06-07T09:20:44+00:00","dateModified":"2022-06-07T09:20:44+00:00","mainEntityOfPage":{"@id":"https:\/\/now-news.de\/de\/deutschland\/innenministerium-plant-dauerhaftes-bleiberecht-fuer-gut-integrierte-fluechtlinge\/"},"wordCount":448,"commentCount":0,"publisher":{"@id":"https:\/\/now-news.de\/de\/#organization"},"image":{"@id":"https:\/\/now-news.de\/de\/deutschland\/innenministerium-plant-dauerhaftes-bleiberecht-fuer-gut-integrierte-fluechtlinge\/#primaryimage"},"thumbnailUrl":"https:\/\/now-news.de\/de\/wp-content\/uploads\/sites\/3\/2022\/06\/Innenministerium-plant-dauerhaftes-Bleiberecht-fuer-gut-integrierte-Fluechtlinge.jpg","keywords":["Bleiberecht","dauerhaftes","Fl\u00fcchtlinge","f\u00fcr","gut","Innenministerium","integrierte","plant"],"articleSection":["Deutschland","Russland"],"inLanguage":"de","potentialAction":[{"@type":"CommentAction","name":"Comment","target":["https:\/\/now-news.de\/de\/deutschland\/innenministerium-plant-dauerhaftes-bleiberecht-fuer-gut-integrierte-fluechtlinge\/#respond"]}]},{"@type":"WebPage","@id":"https:\/\/now-news.de\/de\/deutschland\/innenministerium-plant-dauerhaftes-bleiberecht-fuer-gut-integrierte-fluechtlinge\/","url":"https:\/\/now-news.de\/de\/deutschland\/innenministerium-plant-dauerhaftes-bleiberecht-fuer-gut-integrierte-fluechtlinge\/","name":"Innenministerium plant dauerhaftes Bleiberecht f\u00fcr gut integrierte Fl\u00fcchtlinge - just-now.NEWS Deutschland","isPartOf":{"@id":"https:\/\/now-news.de\/de\/#website"},"primaryImageOfPage":{"@id":"https:\/\/now-news.de\/de\/deutschland\/innenministerium-plant-dauerhaftes-bleiberecht-fuer-gut-integrierte-fluechtlinge\/#primaryimage"},"image":{"@id":"https:\/\/now-news.de\/de\/deutschland\/innenministerium-plant-dauerhaftes-bleiberecht-fuer-gut-integrierte-fluechtlinge\/#primaryimage"},"thumbnailUrl":"https:\/\/now-news.de\/de\/wp-content\/uploads\/sites\/3\/2022\/06\/Innenministerium-plant-dauerhaftes-Bleiberecht-fuer-gut-integrierte-Fluechtlinge.jpg","datePublished":"2022-06-07T09:20:44+00:00","dateModified":"2022-06-07T09:20:44+00:00","breadcrumb":{"@id":"https:\/\/now-news.de\/de\/deutschland\/innenministerium-plant-dauerhaftes-bleiberecht-fuer-gut-integrierte-fluechtlinge\/#breadcrumb"},"inLanguage":"de","potentialAction":[{"@type":"ReadAction","target":["https:\/\/now-news.de\/de\/deutschland\/innenministerium-plant-dauerhaftes-bleiberecht-fuer-gut-integrierte-fluechtlinge\/"]}]},{"@type":"ImageObject","inLanguage":"de","@id":"https:\/\/now-news.de\/de\/deutschland\/innenministerium-plant-dauerhaftes-bleiberecht-fuer-gut-integrierte-fluechtlinge\/#primaryimage","url":"https:\/\/now-news.de\/de\/wp-content\/uploads\/sites\/3\/2022\/06\/Innenministerium-plant-dauerhaftes-Bleiberecht-fuer-gut-integrierte-Fluechtlinge.jpg","contentUrl":"https:\/\/now-news.de\/de\/wp-content\/uploads\/sites\/3\/2022\/06\/Innenministerium-plant-dauerhaftes-Bleiberecht-fuer-gut-integrierte-Fluechtlinge.jpg","width":460,"height":259,"caption":"Innenministerium plant dauerhaftes Bleiberecht f\u00fcr gut integrierte Fl\u00fcchtlinge"},{"@type":"BreadcrumbList","@id":"https:\/\/now-news.de\/de\/deutschland\/innenministerium-plant-dauerhaftes-bleiberecht-fuer-gut-integrierte-fluechtlinge\/#breadcrumb","itemListElement":[{"@type":"ListItem","position":1,"name":"Home","item":"https:\/\/now-news.de\/de\/"},{"@type":"ListItem","position":2,"name":"Innenministerium plant dauerhaftes Bleiberecht f\u00fcr gut integrierte Fl\u00fcchtlinge"}]},{"@type":"WebSite","@id":"https:\/\/now-news.de\/de\/#website","url":"https:\/\/now-news.de\/de\/","name":"just-now.NEWS Deutschland","description":"Das Portal f\u00fcr unzensierte Nachrichten aus der Welt","publisher":{"@id":"https:\/\/now-news.de\/de\/#organization"},"potentialAction":[{"@type":"SearchAction","target":{"@type":"EntryPoint","urlTemplate":"https:\/\/now-news.de\/de\/?s={search_term_string}"},"query-input":"required name=search_term_string"}],"inLanguage":"de"},{"@type":"Organization","@id":"https:\/\/now-news.de\/de\/#organization","name":"Just Now News","url":"https:\/\/now-news.de\/de\/","logo":{"@type":"ImageObject","inLanguage":"de","@id":"https:\/\/now-news.de\/de\/#\/schema\/logo\/image\/","url":"http:\/\/just-now.news\/de\/wp-content\/uploads\/sites\/3\/2022\/04\/logo500x500.jpg","contentUrl":"http:\/\/just-now.news\/de\/wp-content\/uploads\/sites\/3\/2022\/04\/logo500x500.jpg","width":500,"height":500,"caption":"Just Now News"},"image":{"@id":"https:\/\/now-news.de\/de\/#\/schema\/logo\/image\/"},"sameAs":["https:\/\/www.facebook.com\/wirmachenauf","https:\/\/x.com\/WirMachenAuf_de"]},{"@type":"Person","@id":"https:\/\/now-news.de\/de\/#\/schema\/person\/fb534a4e865501d8b3285208df34a9b5","name":"rtnews","image":{"@type":"ImageObject","inLanguage":"de","@id":"https:\/\/now-news.de\/de\/#\/schema\/person\/image\/","url":"https:\/\/secure.gravatar.com\/avatar\/82aafea7d8127119dd649515f56e2117?s=96&d=mm&r=g","contentUrl":"https:\/\/secure.gravatar.com\/avatar\/82aafea7d8127119dd649515f56e2117?s=96&d=mm&r=g","caption":"rtnews"},"url":"https:\/\/now-news.de\/de\/author\/rnews\/"}]}},"_links":{"self":[{"href":"https:\/\/now-news.de\/de\/wp-json\/wp\/v2\/posts\/10059"}],"collection":[{"href":"https:\/\/now-news.de\/de\/wp-json\/wp\/v2\/posts"}],"about":[{"href":"https:\/\/now-news.de\/de\/wp-json\/wp\/v2\/types\/post"}],"author":[{"embeddable":true,"href":"https:\/\/now-news.de\/de\/wp-json\/wp\/v2\/users\/3"}],"replies":[{"embeddable":true,"href":"https:\/\/now-news.de\/de\/wp-json\/wp\/v2\/comments?post=10059"}],"version-history":[{"count":0,"href":"https:\/\/now-news.de\/de\/wp-json\/wp\/v2\/posts\/10059\/revisions"}],"wp:featuredmedia":[{"embeddable":true,"href":"https:\/\/now-news.de\/de\/wp-json\/wp\/v2\/media\/10060"}],"wp:attachment":[{"href":"https:\/\/now-news.de\/de\/wp-json\/wp\/v2\/media?parent=10059"}],"wp:term":[{"taxonomy":"category","embeddable":true,"href":"https:\/\/now-news.de\/de\/wp-json\/wp\/v2\/categories?post=10059"},{"taxonomy":"post_tag","embeddable":true,"href":"https:\/\/now-news.de\/de\/wp-json\/wp\/v2\/tags?post=10059"}],"curies":[{"name":"wp","href":"https:\/\/api.w.org\/{rel}","templated":true}]}}