{"id":100576,"date":"2026-03-20T22:24:11","date_gmt":"2026-03-20T20:24:11","guid":{"rendered":"https:\/\/now-news.de\/de\/deutschland\/schweiz-ruestet-gegen-drohnenkrieg-und-cyberattacken-auf\/"},"modified":"2026-03-20T22:24:11","modified_gmt":"2026-03-20T20:24:11","slug":"schweiz-ruestet-gegen-drohnenkrieg-und-cyberattacken-auf","status":"publish","type":"post","link":"https:\/\/now-news.de\/de\/deutschland\/schweiz-ruestet-gegen-drohnenkrieg-und-cyberattacken-auf\/","title":{"rendered":"Schweiz r\u00fcstet gegen Drohnenkrieg und Cyberattacken auf"},"content":{"rendered":"<p><img decoding=\"async\" src=\"https:\/\/now-news.de\/de\/wp-content\/uploads\/sites\/3\/2026\/03\/69bd995548fbef557237d08b.jpg\" \/><\/p>\n<div class=\"Text-root Text-type_1 \">\n                Die Schweiz reagiert auf den Ukraine-Krieg mit einer strategischen Neuausrichtung. Klassische Verteidigung tritt in den Hintergrund, digitale und distanzbasierte Bedrohungen r\u00fccken in den Fokus.\n            <\/div>\n<p><\/p>\n<div class=\"Text-root Text-type_5 ArticleView-text ViewText-root \">\n<p data-start=\"76\" data-end=\"473\">Der Bundesrat hat am 20.\u00a0M\u00e4rz 2026 die neue Armeebotschaft verabschiedet und an das Parlament \u00fcberwiesen. Mit Verpflichtungskrediten von insgesamt rund 3,4\u00a0Milliarden Franken markiert sie eine sicherheitspolitische Z\u00e4sur.<\/p>\n<p data-start=\"76\" data-end=\"473\">Im Zentrum steht nicht mehr die klassische Landesverteidigung, sondern die Abwehr jener Bedrohungen, die moderne Konflikte pr\u00e4gen: Drohnen, Marschflugk\u00f6rper und Cyberangriffe.<\/p>\n<p data-start=\"475\" data-end=\"963\">Verteidigungsminister Martin Pfister formulierte die Ausgangslage unmissverst\u00e4ndlich: Die Schweiz sei gegen die wahrscheinlichsten Angriffsformen ungen\u00fcgend gesch\u00fctzt.<\/p>\n<p data-start=\"475\" data-end=\"963\">Der Konflikt in der Ukraine dient als strategische Blaupause, ebenso der Krieg in Iran. Die Botschaft richtet sich weniger auf den Ausbau bestehender Strukturen als auf die Anpassung an eine neue Realit\u00e4t, in der Distanzwaffen und digitale Angriffe das Gefechtsfeld bestimmen.<\/p>\n<p data-start=\"965\" data-end=\"1296\">Die Vorlage gliedert sich in drei Teile: das R\u00fcstungsprogramm 2026, einen Zusatzkredit f\u00fcr das Kampfflugzeug F-35A Lightning\u00a0II sowie das Immobilienprogramm des Verteidigungsdepartements. Den gr\u00f6ssten Anteil beansprucht das R\u00fcstungsprogramm mit rund 2,4\u00a0Milliarden Franken. Hier setzt der Bund klare Priorit\u00e4ten.<\/p>\n<p data-start=\"1298\" data-end=\"1812\">Im Fokus steht die bodengest\u00fctzte Luftverteidigung. Eine Milliarde Franken fliesst in zus\u00e4tzliche Einheiten des Systems IRIS-T SLM, das bereits in fr\u00fcheren Beschaffungen ber\u00fccksichtigt wurde. Damit soll ein dichteres Schutznetz f\u00fcr kritische Infrastrukturen entstehen.<\/p>\n<p data-start=\"1298\" data-end=\"1812\">Weitere 800\u00a0Millionen Franken sind f\u00fcr den Ersatz veralteter Kurzstreckensysteme vorgesehen. Die bisherigen Mittel, darunter Stinger-Raketen und Fliegerabwehrkanonen, gelten angesichts moderner Drohnentechnologie als unzureichend.<\/p>\n<p data-start=\"1814\" data-end=\"2204\">Erg\u00e4nzt wird dies durch ein neues Radarsystem mittlerer Reichweite sowie spezialisierte Abwehrl\u00f6sungen gegen Kleinstdrohnen. Letztere haben sich in aktuellen Konflikten als kosteng\u00fcnstige und zugleich wirkungsvolle Angriffswaffe etabliert. Die Schweiz reagiert darauf mit Investitionen in Sensorik und elektronische Gegenmassnahmen, teilweise in Zusammenarbeit mit der heimischen Industrie.<\/p>\n<p data-start=\"2206\" data-end=\"2683\">Die Aktivit\u00e4ten verlagern sich in den digitalen Raum. Rund 240\u00a0Millionen Franken sind f\u00fcr F\u00e4higkeiten in der elektronischen Kriegf\u00fchrung vorgesehen, erg\u00e4nzt durch Investitionen in robuste IT-Infrastrukturen, um auch unter Bedingungen von Cyberangriffen oder Stromausf\u00e4llen handlungsf\u00e4hig zu bleiben. Erste Schritte unternimmt die Schweiz zudem im Bereich weltraumgest\u00fctzter Systeme, unter anderem in Kooperation mit der European Space Agency.<\/p>\n<p data-start=\"2685\" data-end=\"3119\">Ein weiterer Bestandteil der Botschaft betrifft die Beschaffung der F-35A-Kampfflugzeuge. Aufgrund gestiegener Kosten beantragt der Bundesrat einen Zusatzkredit von 394\u00a0Millionen Franken.<\/p>\n<p data-start=\"2685\" data-end=\"3119\">Gleichzeitig wird die geplante St\u00fcckzahl reduziert: Statt 36 sollen voraussichtlich nur noch 30 Maschinen beschafft werden. Damit bleibt das Projekt innerhalb des vom Volk bewilligten Finanzrahmens, allerdings um den Preis geringerer St\u00fcckzahlen.<\/p>\n<p data-start=\"3121\" data-end=\"3488\">Das Immobilienprogramm des VBS umfasst Investitionen in bestehende und neue Infrastruktur. Dazu z\u00e4hlen die Sanierung unterirdischer Anlagen, zus\u00e4tzlicher L\u00e4rmschutz an Milit\u00e4rflugpl\u00e4tzen sowie bauliche Anpassungen f\u00fcr den Betrieb der F-35A. Auch die Modernisierung von Schiesspl\u00e4tzen und die Sicherstellung krisenresistenter Telekommunikation sind Teil des Programms.<\/p>\n<p data-start=\"3490\" data-end=\"3807\">\u00d6konomisch verfolgt die Vorlage einen klaren Nebeneffekt: Ein erheblicher Teil der Mittel soll im Inland wirksam werden. Rund eine Milliarde Franken fliesst direkt an Schweizer Unternehmen, erg\u00e4nzt durch Kompensationsgesch\u00e4fte in \u00e4hnlicher H\u00f6he. Die sicherheits- und baunahe Industrie d\u00fcrfte entsprechend profitieren.<\/p>\n<p data-start=\"3809\" data-end=\"4204\">Die politische Behandlung beginnt voraussichtlich in der Sommersession 2026. Ein Referendum ist nicht vorgesehen. Die Botschaft wird im ordentlichen Verfahren beraten und d\u00fcrfte die sicherheitspolitische Diskussion pr\u00e4gen. Sie wirft eine grundlegende Frage auf, n\u00e4mlich wie sich ein neutrales Land in einer Zeit verteidigt, in der Angriffe nicht mehr zwangsl\u00e4ufig an seinen Grenzen beginnen.<\/p>\n<p data-start=\"3809\" data-end=\"4204\"><strong>Mehr zum Thema \u2013<\/strong>\u00a0<a rel=\"nofollow\" target=\"_blank\" href=\"https:\/\/freedert.online\/schweiz\/267282-schweiz-ukrainer-mit-porsche-verliert\/\" target=\"_blank\" rel=\"noopener noreferrer\">Schweiz: Ukrainer mit Porsche verliert Anspruch auf Sozialhilfe\u00a0\u2013 67.000 Franken zur\u00fcckgefordert<\/a><\/p>\n<div class=\"EmbedBlock-root EmbedBlock-externalVideo EmbedBlock-rumble\">\n<div class=\"VkEmbed\"><iframe class=\"lazyload\" data-src=\"https:\/\/rumble.com\/embed\/v7575li\" frameborder=\"0\" width=\"853\" height=\"480\" allowfullscreen><\/iframe><\/div>\n<\/div>\n<\/div>\n<p><br \/>\n<br \/><a href=\"https:\/\/de.rt.com\/schweiz\/274172-schweiz-ruestet-gegen-drohnenkrieg-und-cyberattacken-auf\/\">Source link <\/a><\/p>\n","protected":false},"excerpt":{"rendered":"<p>Die Schweiz reagiert auf den Ukraine-Krieg mit einer strategischen Neuausrichtung. Klassische Verteidigung tritt in den Hintergrund, digitale und distanzbasierte Bedrohungen r\u00fccken in den Fokus. Der Bundesrat hat am 20.\u00a0M\u00e4rz 2026 die neue Armeebotschaft verabschiedet und an das Parlament \u00fcberwiesen. Mit Verpflichtungskrediten von insgesamt rund 3,4\u00a0Milliarden Franken markiert sie eine sicherheitspolitische Z\u00e4sur. Im Zentrum steht nicht [&hellip;]<\/p>\n","protected":false},"author":3,"featured_media":100577,"comment_status":"open","ping_status":"open","sticky":false,"template":"","format":"standard","meta":{"_yoast_indexnow_last_ping":["1774038785"],"wp_automatic_camp":["217"],"2ca042d5d20d6be7ba977ab0c1427572":["Schweiz r\u00fcstet gegen Drohnenkrieg und Cyberattacken auf"],"original_link":["https:\/\/de.rt.com\/schweiz\/274172-schweiz-ruestet-gegen-drohnenkrieg-und-cyberattacken-auf\/"],"_thumbnail_id":["100577"],"jnews_social_counter_last_update":["1777469620"],"_wptgpro_p2tg_sent2tg":["a:1:{i:23737;s:19:\"2026-03-20 22:34:06\";}"]},"categories":[19,23],"tags":[133,45197,52220,278,11460,4207,140],"yoast_head":"<!-- This site is optimized with the Yoast SEO Premium plugin v22.7 (Yoast SEO v22.7) - https:\/\/yoast.com\/wordpress\/plugins\/seo\/ -->\n<title>Schweiz r\u00fcstet gegen Drohnenkrieg und Cyberattacken auf - just-now.NEWS Deutschland<\/title>\n<meta name=\"robots\" content=\"index, follow, max-snippet:-1, max-image-preview:large, max-video-preview:-1\" \/>\n<link rel=\"canonical\" href=\"https:\/\/now-news.de\/de\/deutschland\/schweiz-ruestet-gegen-drohnenkrieg-und-cyberattacken-auf\/\" \/>\n<meta property=\"og:locale\" content=\"de_DE\" \/>\n<meta property=\"og:type\" content=\"article\" \/>\n<meta property=\"og:title\" content=\"Schweiz r\u00fcstet gegen Drohnenkrieg und Cyberattacken auf\" \/>\n<meta property=\"og:description\" content=\"Die Schweiz reagiert auf den Ukraine-Krieg mit einer strategischen Neuausrichtung. Klassische Verteidigung tritt in den Hintergrund, digitale und distanzbasierte Bedrohungen r\u00fccken in den Fokus. Der Bundesrat hat am 20.\u00a0M\u00e4rz 2026 die neue Armeebotschaft verabschiedet und an das Parlament \u00fcberwiesen. Mit Verpflichtungskrediten von insgesamt rund 3,4\u00a0Milliarden Franken markiert sie eine sicherheitspolitische Z\u00e4sur. Im Zentrum steht nicht [&hellip;]\" \/>\n<meta property=\"og:url\" content=\"https:\/\/now-news.de\/de\/deutschland\/schweiz-ruestet-gegen-drohnenkrieg-und-cyberattacken-auf\/\" \/>\n<meta property=\"og:site_name\" content=\"just-now.NEWS Deutschland\" \/>\n<meta property=\"article:publisher\" content=\"https:\/\/www.facebook.com\/wirmachenauf\" \/>\n<meta property=\"article:published_time\" content=\"2026-03-20T20:24:11+00:00\" \/>\n<meta property=\"og:image\" content=\"https:\/\/now-news.de\/de\/wp-content\/uploads\/sites\/3\/2026\/03\/69bd995548fbef557237d08b.jpg\" \/>\n<meta name=\"author\" content=\"rtnews\" \/>\n<meta name=\"twitter:card\" content=\"summary_large_image\" \/>\n<meta name=\"twitter:creator\" content=\"@WirMachenAuf_de\" \/>\n<meta name=\"twitter:site\" content=\"@WirMachenAuf_de\" \/>\n<meta name=\"twitter:label1\" content=\"Verfasst von\" \/>\n\t<meta name=\"twitter:data1\" content=\"rtnews\" \/>\n\t<meta name=\"twitter:label2\" content=\"Gesch\u00e4tzte Lesezeit\" \/>\n\t<meta name=\"twitter:data2\" content=\"3\u00a0Minuten\" \/>\n<script type=\"application\/ld+json\" class=\"yoast-schema-graph\">{\"@context\":\"https:\/\/schema.org\",\"@graph\":[{\"@type\":\"Article\",\"@id\":\"https:\/\/now-news.de\/de\/deutschland\/schweiz-ruestet-gegen-drohnenkrieg-und-cyberattacken-auf\/#article\",\"isPartOf\":{\"@id\":\"https:\/\/now-news.de\/de\/deutschland\/schweiz-ruestet-gegen-drohnenkrieg-und-cyberattacken-auf\/\"},\"author\":{\"name\":\"rtnews\",\"@id\":\"https:\/\/now-news.de\/de\/#\/schema\/person\/fb534a4e865501d8b3285208df34a9b5\"},\"headline\":\"Schweiz r\u00fcstet gegen Drohnenkrieg und Cyberattacken auf\",\"datePublished\":\"2026-03-20T20:24:11+00:00\",\"dateModified\":\"2026-03-20T20:24:11+00:00\",\"mainEntityOfPage\":{\"@id\":\"https:\/\/now-news.de\/de\/deutschland\/schweiz-ruestet-gegen-drohnenkrieg-und-cyberattacken-auf\/\"},\"wordCount\":584,\"commentCount\":0,\"publisher\":{\"@id\":\"https:\/\/now-news.de\/de\/#organization\"},\"image\":{\"@id\":\"https:\/\/now-news.de\/de\/deutschland\/schweiz-ruestet-gegen-drohnenkrieg-und-cyberattacken-auf\/#primaryimage\"},\"thumbnailUrl\":\"https:\/\/now-news.de\/de\/wp-content\/uploads\/sites\/3\/2026\/03\/Schweiz-ruestet-gegen-Drohnenkrieg-und-Cyberattacken-auf.jpg\",\"keywords\":[\"AUF\",\"Cyberattacken\",\"DrohnenKrieg\",\"gegen\",\"r\u00fcstet\",\"schweiz\",\"und\"],\"articleSection\":[\"Deutschland\",\"Russland\"],\"inLanguage\":\"de\",\"potentialAction\":[{\"@type\":\"CommentAction\",\"name\":\"Comment\",\"target\":[\"https:\/\/now-news.de\/de\/deutschland\/schweiz-ruestet-gegen-drohnenkrieg-und-cyberattacken-auf\/#respond\"]}]},{\"@type\":\"WebPage\",\"@id\":\"https:\/\/now-news.de\/de\/deutschland\/schweiz-ruestet-gegen-drohnenkrieg-und-cyberattacken-auf\/\",\"url\":\"https:\/\/now-news.de\/de\/deutschland\/schweiz-ruestet-gegen-drohnenkrieg-und-cyberattacken-auf\/\",\"name\":\"Schweiz r\u00fcstet gegen Drohnenkrieg und Cyberattacken auf - just-now.NEWS Deutschland\",\"isPartOf\":{\"@id\":\"https:\/\/now-news.de\/de\/#website\"},\"primaryImageOfPage\":{\"@id\":\"https:\/\/now-news.de\/de\/deutschland\/schweiz-ruestet-gegen-drohnenkrieg-und-cyberattacken-auf\/#primaryimage\"},\"image\":{\"@id\":\"https:\/\/now-news.de\/de\/deutschland\/schweiz-ruestet-gegen-drohnenkrieg-und-cyberattacken-auf\/#primaryimage\"},\"thumbnailUrl\":\"https:\/\/now-news.de\/de\/wp-content\/uploads\/sites\/3\/2026\/03\/Schweiz-ruestet-gegen-Drohnenkrieg-und-Cyberattacken-auf.jpg\",\"datePublished\":\"2026-03-20T20:24:11+00:00\",\"dateModified\":\"2026-03-20T20:24:11+00:00\",\"breadcrumb\":{\"@id\":\"https:\/\/now-news.de\/de\/deutschland\/schweiz-ruestet-gegen-drohnenkrieg-und-cyberattacken-auf\/#breadcrumb\"},\"inLanguage\":\"de\",\"potentialAction\":[{\"@type\":\"ReadAction\",\"target\":[\"https:\/\/now-news.de\/de\/deutschland\/schweiz-ruestet-gegen-drohnenkrieg-und-cyberattacken-auf\/\"]}]},{\"@type\":\"ImageObject\",\"inLanguage\":\"de\",\"@id\":\"https:\/\/now-news.de\/de\/deutschland\/schweiz-ruestet-gegen-drohnenkrieg-und-cyberattacken-auf\/#primaryimage\",\"url\":\"https:\/\/now-news.de\/de\/wp-content\/uploads\/sites\/3\/2026\/03\/Schweiz-ruestet-gegen-Drohnenkrieg-und-Cyberattacken-auf.jpg\",\"contentUrl\":\"https:\/\/now-news.de\/de\/wp-content\/uploads\/sites\/3\/2026\/03\/Schweiz-ruestet-gegen-Drohnenkrieg-und-Cyberattacken-auf.jpg\",\"width\":460,\"height\":259,\"caption\":\"Schweiz r\u00fcstet gegen Drohnenkrieg und Cyberattacken auf\"},{\"@type\":\"BreadcrumbList\",\"@id\":\"https:\/\/now-news.de\/de\/deutschland\/schweiz-ruestet-gegen-drohnenkrieg-und-cyberattacken-auf\/#breadcrumb\",\"itemListElement\":[{\"@type\":\"ListItem\",\"position\":1,\"name\":\"Home\",\"item\":\"https:\/\/now-news.de\/de\/\"},{\"@type\":\"ListItem\",\"position\":2,\"name\":\"Schweiz r\u00fcstet gegen Drohnenkrieg und Cyberattacken auf\"}]},{\"@type\":\"WebSite\",\"@id\":\"https:\/\/now-news.de\/de\/#website\",\"url\":\"https:\/\/now-news.de\/de\/\",\"name\":\"just-now.NEWS Deutschland\",\"description\":\"Das Portal f\u00fcr unzensierte Nachrichten aus der Welt\",\"publisher\":{\"@id\":\"https:\/\/now-news.de\/de\/#organization\"},\"potentialAction\":[{\"@type\":\"SearchAction\",\"target\":{\"@type\":\"EntryPoint\",\"urlTemplate\":\"https:\/\/now-news.de\/de\/?s={search_term_string}\"},\"query-input\":\"required name=search_term_string\"}],\"inLanguage\":\"de\"},{\"@type\":\"Organization\",\"@id\":\"https:\/\/now-news.de\/de\/#organization\",\"name\":\"Just Now News\",\"url\":\"https:\/\/now-news.de\/de\/\",\"logo\":{\"@type\":\"ImageObject\",\"inLanguage\":\"de\",\"@id\":\"https:\/\/now-news.de\/de\/#\/schema\/logo\/image\/\",\"url\":\"http:\/\/just-now.news\/de\/wp-content\/uploads\/sites\/3\/2022\/04\/logo500x500.jpg\",\"contentUrl\":\"http:\/\/just-now.news\/de\/wp-content\/uploads\/sites\/3\/2022\/04\/logo500x500.jpg\",\"width\":500,\"height\":500,\"caption\":\"Just Now News\"},\"image\":{\"@id\":\"https:\/\/now-news.de\/de\/#\/schema\/logo\/image\/\"},\"sameAs\":[\"https:\/\/www.facebook.com\/wirmachenauf\",\"https:\/\/x.com\/WirMachenAuf_de\"]},{\"@type\":\"Person\",\"@id\":\"https:\/\/now-news.de\/de\/#\/schema\/person\/fb534a4e865501d8b3285208df34a9b5\",\"name\":\"rtnews\",\"image\":{\"@type\":\"ImageObject\",\"inLanguage\":\"de\",\"@id\":\"https:\/\/now-news.de\/de\/#\/schema\/person\/image\/\",\"url\":\"https:\/\/secure.gravatar.com\/avatar\/82aafea7d8127119dd649515f56e2117?s=96&d=mm&r=g\",\"contentUrl\":\"https:\/\/secure.gravatar.com\/avatar\/82aafea7d8127119dd649515f56e2117?s=96&d=mm&r=g\",\"caption\":\"rtnews\"},\"url\":\"https:\/\/now-news.de\/de\/author\/rnews\/\"}]}<\/script>\n<!-- \/ Yoast SEO Premium plugin. -->","yoast_head_json":{"title":"Schweiz r\u00fcstet gegen Drohnenkrieg und Cyberattacken auf - just-now.NEWS Deutschland","robots":{"index":"index","follow":"follow","max-snippet":"max-snippet:-1","max-image-preview":"max-image-preview:large","max-video-preview":"max-video-preview:-1"},"canonical":"https:\/\/now-news.de\/de\/deutschland\/schweiz-ruestet-gegen-drohnenkrieg-und-cyberattacken-auf\/","og_locale":"de_DE","og_type":"article","og_title":"Schweiz r\u00fcstet gegen Drohnenkrieg und Cyberattacken auf","og_description":"Die Schweiz reagiert auf den Ukraine-Krieg mit einer strategischen Neuausrichtung. Klassische Verteidigung tritt in den Hintergrund, digitale und distanzbasierte Bedrohungen r\u00fccken in den Fokus. Der Bundesrat hat am 20.\u00a0M\u00e4rz 2026 die neue Armeebotschaft verabschiedet und an das Parlament \u00fcberwiesen. Mit Verpflichtungskrediten von insgesamt rund 3,4\u00a0Milliarden Franken markiert sie eine sicherheitspolitische Z\u00e4sur. Im Zentrum steht nicht [&hellip;]","og_url":"https:\/\/now-news.de\/de\/deutschland\/schweiz-ruestet-gegen-drohnenkrieg-und-cyberattacken-auf\/","og_site_name":"just-now.NEWS Deutschland","article_publisher":"https:\/\/www.facebook.com\/wirmachenauf","article_published_time":"2026-03-20T20:24:11+00:00","og_image":[{"url":"https:\/\/now-news.de\/de\/wp-content\/uploads\/sites\/3\/2026\/03\/69bd995548fbef557237d08b.jpg"}],"author":"rtnews","twitter_card":"summary_large_image","twitter_creator":"@WirMachenAuf_de","twitter_site":"@WirMachenAuf_de","twitter_misc":{"Verfasst von":"rtnews","Gesch\u00e4tzte Lesezeit":"3\u00a0Minuten"},"schema":{"@context":"https:\/\/schema.org","@graph":[{"@type":"Article","@id":"https:\/\/now-news.de\/de\/deutschland\/schweiz-ruestet-gegen-drohnenkrieg-und-cyberattacken-auf\/#article","isPartOf":{"@id":"https:\/\/now-news.de\/de\/deutschland\/schweiz-ruestet-gegen-drohnenkrieg-und-cyberattacken-auf\/"},"author":{"name":"rtnews","@id":"https:\/\/now-news.de\/de\/#\/schema\/person\/fb534a4e865501d8b3285208df34a9b5"},"headline":"Schweiz r\u00fcstet gegen Drohnenkrieg und Cyberattacken auf","datePublished":"2026-03-20T20:24:11+00:00","dateModified":"2026-03-20T20:24:11+00:00","mainEntityOfPage":{"@id":"https:\/\/now-news.de\/de\/deutschland\/schweiz-ruestet-gegen-drohnenkrieg-und-cyberattacken-auf\/"},"wordCount":584,"commentCount":0,"publisher":{"@id":"https:\/\/now-news.de\/de\/#organization"},"image":{"@id":"https:\/\/now-news.de\/de\/deutschland\/schweiz-ruestet-gegen-drohnenkrieg-und-cyberattacken-auf\/#primaryimage"},"thumbnailUrl":"https:\/\/now-news.de\/de\/wp-content\/uploads\/sites\/3\/2026\/03\/Schweiz-ruestet-gegen-Drohnenkrieg-und-Cyberattacken-auf.jpg","keywords":["AUF","Cyberattacken","DrohnenKrieg","gegen","r\u00fcstet","schweiz","und"],"articleSection":["Deutschland","Russland"],"inLanguage":"de","potentialAction":[{"@type":"CommentAction","name":"Comment","target":["https:\/\/now-news.de\/de\/deutschland\/schweiz-ruestet-gegen-drohnenkrieg-und-cyberattacken-auf\/#respond"]}]},{"@type":"WebPage","@id":"https:\/\/now-news.de\/de\/deutschland\/schweiz-ruestet-gegen-drohnenkrieg-und-cyberattacken-auf\/","url":"https:\/\/now-news.de\/de\/deutschland\/schweiz-ruestet-gegen-drohnenkrieg-und-cyberattacken-auf\/","name":"Schweiz r\u00fcstet gegen Drohnenkrieg und Cyberattacken auf - just-now.NEWS Deutschland","isPartOf":{"@id":"https:\/\/now-news.de\/de\/#website"},"primaryImageOfPage":{"@id":"https:\/\/now-news.de\/de\/deutschland\/schweiz-ruestet-gegen-drohnenkrieg-und-cyberattacken-auf\/#primaryimage"},"image":{"@id":"https:\/\/now-news.de\/de\/deutschland\/schweiz-ruestet-gegen-drohnenkrieg-und-cyberattacken-auf\/#primaryimage"},"thumbnailUrl":"https:\/\/now-news.de\/de\/wp-content\/uploads\/sites\/3\/2026\/03\/Schweiz-ruestet-gegen-Drohnenkrieg-und-Cyberattacken-auf.jpg","datePublished":"2026-03-20T20:24:11+00:00","dateModified":"2026-03-20T20:24:11+00:00","breadcrumb":{"@id":"https:\/\/now-news.de\/de\/deutschland\/schweiz-ruestet-gegen-drohnenkrieg-und-cyberattacken-auf\/#breadcrumb"},"inLanguage":"de","potentialAction":[{"@type":"ReadAction","target":["https:\/\/now-news.de\/de\/deutschland\/schweiz-ruestet-gegen-drohnenkrieg-und-cyberattacken-auf\/"]}]},{"@type":"ImageObject","inLanguage":"de","@id":"https:\/\/now-news.de\/de\/deutschland\/schweiz-ruestet-gegen-drohnenkrieg-und-cyberattacken-auf\/#primaryimage","url":"https:\/\/now-news.de\/de\/wp-content\/uploads\/sites\/3\/2026\/03\/Schweiz-ruestet-gegen-Drohnenkrieg-und-Cyberattacken-auf.jpg","contentUrl":"https:\/\/now-news.de\/de\/wp-content\/uploads\/sites\/3\/2026\/03\/Schweiz-ruestet-gegen-Drohnenkrieg-und-Cyberattacken-auf.jpg","width":460,"height":259,"caption":"Schweiz r\u00fcstet gegen Drohnenkrieg und Cyberattacken auf"},{"@type":"BreadcrumbList","@id":"https:\/\/now-news.de\/de\/deutschland\/schweiz-ruestet-gegen-drohnenkrieg-und-cyberattacken-auf\/#breadcrumb","itemListElement":[{"@type":"ListItem","position":1,"name":"Home","item":"https:\/\/now-news.de\/de\/"},{"@type":"ListItem","position":2,"name":"Schweiz r\u00fcstet gegen Drohnenkrieg und Cyberattacken auf"}]},{"@type":"WebSite","@id":"https:\/\/now-news.de\/de\/#website","url":"https:\/\/now-news.de\/de\/","name":"just-now.NEWS Deutschland","description":"Das Portal f\u00fcr unzensierte Nachrichten aus der Welt","publisher":{"@id":"https:\/\/now-news.de\/de\/#organization"},"potentialAction":[{"@type":"SearchAction","target":{"@type":"EntryPoint","urlTemplate":"https:\/\/now-news.de\/de\/?s={search_term_string}"},"query-input":"required name=search_term_string"}],"inLanguage":"de"},{"@type":"Organization","@id":"https:\/\/now-news.de\/de\/#organization","name":"Just Now News","url":"https:\/\/now-news.de\/de\/","logo":{"@type":"ImageObject","inLanguage":"de","@id":"https:\/\/now-news.de\/de\/#\/schema\/logo\/image\/","url":"http:\/\/just-now.news\/de\/wp-content\/uploads\/sites\/3\/2022\/04\/logo500x500.jpg","contentUrl":"http:\/\/just-now.news\/de\/wp-content\/uploads\/sites\/3\/2022\/04\/logo500x500.jpg","width":500,"height":500,"caption":"Just Now News"},"image":{"@id":"https:\/\/now-news.de\/de\/#\/schema\/logo\/image\/"},"sameAs":["https:\/\/www.facebook.com\/wirmachenauf","https:\/\/x.com\/WirMachenAuf_de"]},{"@type":"Person","@id":"https:\/\/now-news.de\/de\/#\/schema\/person\/fb534a4e865501d8b3285208df34a9b5","name":"rtnews","image":{"@type":"ImageObject","inLanguage":"de","@id":"https:\/\/now-news.de\/de\/#\/schema\/person\/image\/","url":"https:\/\/secure.gravatar.com\/avatar\/82aafea7d8127119dd649515f56e2117?s=96&d=mm&r=g","contentUrl":"https:\/\/secure.gravatar.com\/avatar\/82aafea7d8127119dd649515f56e2117?s=96&d=mm&r=g","caption":"rtnews"},"url":"https:\/\/now-news.de\/de\/author\/rnews\/"}]}},"_links":{"self":[{"href":"https:\/\/now-news.de\/de\/wp-json\/wp\/v2\/posts\/100576"}],"collection":[{"href":"https:\/\/now-news.de\/de\/wp-json\/wp\/v2\/posts"}],"about":[{"href":"https:\/\/now-news.de\/de\/wp-json\/wp\/v2\/types\/post"}],"author":[{"embeddable":true,"href":"https:\/\/now-news.de\/de\/wp-json\/wp\/v2\/users\/3"}],"replies":[{"embeddable":true,"href":"https:\/\/now-news.de\/de\/wp-json\/wp\/v2\/comments?post=100576"}],"version-history":[{"count":0,"href":"https:\/\/now-news.de\/de\/wp-json\/wp\/v2\/posts\/100576\/revisions"}],"wp:featuredmedia":[{"embeddable":true,"href":"https:\/\/now-news.de\/de\/wp-json\/wp\/v2\/media\/100577"}],"wp:attachment":[{"href":"https:\/\/now-news.de\/de\/wp-json\/wp\/v2\/media?parent=100576"}],"wp:term":[{"taxonomy":"category","embeddable":true,"href":"https:\/\/now-news.de\/de\/wp-json\/wp\/v2\/categories?post=100576"},{"taxonomy":"post_tag","embeddable":true,"href":"https:\/\/now-news.de\/de\/wp-json\/wp\/v2\/tags?post=100576"}],"curies":[{"name":"wp","href":"https:\/\/api.w.org\/{rel}","templated":true}]}}