{"id":100546,"date":"2026-03-20T15:53:32","date_gmt":"2026-03-20T13:53:32","guid":{"rendered":"https:\/\/now-news.de\/de\/deutschland\/italienischer-vizepremierminister-verurteilt-ausschluss-russischer-ballerina\/"},"modified":"2026-03-20T15:53:32","modified_gmt":"2026-03-20T13:53:32","slug":"italienischer-vizepremierminister-verurteilt-ausschluss-russischer-ballerina","status":"publish","type":"post","link":"https:\/\/now-news.de\/de\/deutschland\/italienischer-vizepremierminister-verurteilt-ausschluss-russischer-ballerina\/","title":{"rendered":"Italienischer Vizepremierminister verurteilt Ausschluss russischer Ballerina"},"content":{"rendered":"<p><img decoding=\"async\" src=\"https:\/\/now-news.de\/de\/wp-content\/uploads\/sites\/3\/2026\/03\/69bd445948fbef137871f1e2.jpg\" \/><\/p>\n<div class=\"Text-root Text-type_1 \">\n                Der Star des Bolschoi-Theaters, Swetlana Sacharowa, wurde nach politischem Widerstand kurzfristig von einer Galavorstellung in Rom ausgeschlossen.\n            <\/div>\n<p><\/p>\n<div class=\"Text-root Text-type_5 ArticleView-text ViewText-root \">\n<p>Der italienische Vizepremier Matteo Salvini hat den Ausschluss der gefeierten russischen Ballerina Swetlana Sacharowa von einem bevorstehenden Tanzfestival in Rom verurteilt.<\/p>\n<p>Die Absage erfolgte nur wenige Tage vor dem Auftritt des Stars des Bolschoi-Theaters bei der &#8220;Les Etoiles&#8221;-Gala, bei der f\u00fchrende T\u00e4nzer der weltweit gr\u00f6\u00dften Ballettensembles zusammenkommen.<\/p>\n<\/p>\n<p>Die Biennale von Venedig, der Veranstalter der Galavorstellung, erkl\u00e4rte in einer von den Medien zitierten Stellungnahme, die Einladung sei rechtm\u00e4\u00dfig gewesen, da Sacharowa nicht unter die EU-Sanktionen falle, die nach der Eskalation des Ukraine-Konflikts im Jahr 2022 gegen eine Reihe russischer Personen und Unternehmen verh\u00e4ngt worden waren. Die Organisatoren erkl\u00e4rten indes, dass sie &#8220;institutionelle Mitteilungen&#8221; erhalten h\u00e4tten und sich daraufhin entschlossen, ihre Teilnahme abzusagen, da sie bef\u00fcrchteten, die Veranstaltung k\u00f6nne &#8220;fehlinterpretiert oder instrumentalisiert werden&#8221;.<\/p>\n<p>Tage zuvor hatten Kultur- und Au\u00dfenminister mehrerer europ\u00e4ischer L\u00e4nder, darunter der Ukraine, eine gemeinsame Erkl\u00e4rung abgegeben, in der sie sich gegen eine russische Teilnahme an der Veranstaltung aussprachen.<\/p>\n<p>Salvini bestand jedoch darauf, dass Italiens Unterst\u00fctzung f\u00fcr Kiew im Konflikt gegen Russland nicht so weit gehen sollte, K\u00fcnstler auszuschlie\u00dfen.<\/p>\n<p><em>&#8220;Kunst, Kultur, Musik und Sport haben die Aufgabe, V\u00f6lker und Kulturen zusammenzubringen, und nicht, bestehende Konflikte zu versch\u00e4rfen&#8221;<\/em>, sagte er am Dienstag gegen\u00fcber dem Radiosender\u00a0<em>RTL<\/em>. Er sagte weiter:<\/p>\n<blockquote>\n<p><em>&#8220;Indem wir russische Ballerinas oder Maler ausweisen, l\u00f6sen wir den Konflikt nicht. Wir verkomplizieren ihn lediglich.&#8221;<\/em><\/p>\n<\/blockquote>\n<p>Russlands Botschafter in Italien, Aleksej Paramonow, verurteilte diesen Schritt und warf italienischen Amtstr\u00e4gern vor, sich der ukrainischen Regierung\u00a0<em>&#8220;anzupassen&#8221;<\/em>.<\/p>\n<p><em>&#8220;Italien ist nicht der einzige Ort auf der Welt&#8221;<\/em>, sagte er am Dienstag gegen\u00fcber\u00a0<em>La Repubblica<\/em>.\u00a0<em>&#8220;Prominente Pers\u00f6nlichkeiten der russischen Kultur sind [\u2026] in vielen anderen L\u00e4ndern willkommen \u2013 souver\u00e4n und frei von den Diktaten der Europ\u00e4ischen Union und der herrschenden Clique in der Ukraine.&#8221;<\/em><\/p>\n<p>Der Ausschluss setzt eine kontinuierliche Entwicklung fort, in deren Rahmen namhafte russische Kunstschaffende kurzfristige Absagen f\u00fcr Veranstaltungen in Europa hinnehmen m\u00fcssen.<\/p>\n<p>Anfang dieses Jahres sagte das italienische Teatro del Maggio Musicale Fiorentino eine Auff\u00fchrung von Sacharowa und ihrem Ehemann, dem weltber\u00fchmten Geiger Wadim Repin, unter Verweis auf\u00a0<em>&#8220;anhaltende internationale Spannungen&#8221;<\/em>\u00a0ab.<\/p>\n<p>Der russische Au\u00dfenminister Sergei Lawrow verurteilte diese Absage als\u00a0<em>&#8220;v\u00f6llig untypisch f\u00fcr den italienischen Geist&#8221;<\/em>\u00a0und verglich sie mit der langj\u00e4hrigen Kampagne der Ukraine, die russische Kultur und Sprache aus dem Bildungswesen und dem \u00f6ffentlichen Leben zu verbannen.<\/p>\n<p><strong>Mehr zum Thema<\/strong> &#8211;\u00a0<a rel=\"nofollow\" target=\"_blank\" href=\"https:\/\/freedert.online\/kurzclips\/video\/273007-russland-kehrt-zur-biennale-zurueck\/\">Russland kehrt zur Biennale in Venedig zur\u00fcck \u2013 EU droht mit F\u00f6rderentzug<\/a><\/p>\n<\/div>\n<p><br \/>\n<br \/><a href=\"https:\/\/de.rt.com\/international\/274074-italienischer-vizepremierminister-verurteilt-ausschluss-russischer\/\">Source link <\/a><\/p>\n","protected":false},"excerpt":{"rendered":"<p>Der Star des Bolschoi-Theaters, Swetlana Sacharowa, wurde nach politischem Widerstand kurzfristig von einer Galavorstellung in Rom ausgeschlossen. Der italienische Vizepremier Matteo Salvini hat den Ausschluss der gefeierten russischen Ballerina Swetlana Sacharowa von einem bevorstehenden Tanzfestival in Rom verurteilt. Die Absage erfolgte nur wenige Tage vor dem Auftritt des Stars des Bolschoi-Theaters bei der &#8220;Les Etoiles&#8221;-Gala, [&hellip;]<\/p>\n","protected":false},"author":3,"featured_media":100547,"comment_status":"open","ping_status":"open","sticky":false,"template":"","format":"standard","meta":{"_yoast_indexnow_last_ping":["1774016647"],"wp_automatic_camp":["217"],"2a6f93c01907fd472e0189d71503d5da":["Italienischer Vizepremierminister verurteilt Ausschluss russischer Ballerina"],"original_link":["https:\/\/de.rt.com\/international\/274074-italienischer-vizepremierminister-verurteilt-ausschluss-russischer\/"],"_thumbnail_id":["100547"],"_wptgpro_p2tg_sent2tg":["a:1:{i:23737;s:19:\"2026-03-20 16:25:06\";}"],"jnews_social_counter_last_update":["1777255754"]},"categories":[19,23],"tags":[5913,54209,31606,793,2006,37686],"yoast_head":"<!-- This site is optimized with the Yoast SEO Premium plugin v22.7 (Yoast SEO v22.7) - https:\/\/yoast.com\/wordpress\/plugins\/seo\/ -->\n<title>Italienischer Vizepremierminister verurteilt Ausschluss russischer Ballerina - just-now.NEWS Deutschland<\/title>\n<meta name=\"robots\" content=\"index, follow, max-snippet:-1, max-image-preview:large, max-video-preview:-1\" \/>\n<link rel=\"canonical\" href=\"https:\/\/now-news.de\/de\/deutschland\/italienischer-vizepremierminister-verurteilt-ausschluss-russischer-ballerina\/\" \/>\n<meta property=\"og:locale\" content=\"de_DE\" \/>\n<meta property=\"og:type\" content=\"article\" \/>\n<meta property=\"og:title\" content=\"Italienischer Vizepremierminister verurteilt Ausschluss russischer Ballerina\" \/>\n<meta property=\"og:description\" content=\"Der Star des Bolschoi-Theaters, Swetlana Sacharowa, wurde nach politischem Widerstand kurzfristig von einer Galavorstellung in Rom ausgeschlossen. Der italienische Vizepremier Matteo Salvini hat den Ausschluss der gefeierten russischen Ballerina Swetlana Sacharowa von einem bevorstehenden Tanzfestival in Rom verurteilt. Die Absage erfolgte nur wenige Tage vor dem Auftritt des Stars des Bolschoi-Theaters bei der &#8220;Les Etoiles&#8221;-Gala, [&hellip;]\" \/>\n<meta property=\"og:url\" content=\"https:\/\/now-news.de\/de\/deutschland\/italienischer-vizepremierminister-verurteilt-ausschluss-russischer-ballerina\/\" \/>\n<meta property=\"og:site_name\" content=\"just-now.NEWS Deutschland\" \/>\n<meta property=\"article:publisher\" content=\"https:\/\/www.facebook.com\/wirmachenauf\" \/>\n<meta property=\"article:published_time\" content=\"2026-03-20T13:53:32+00:00\" \/>\n<meta property=\"og:image\" content=\"https:\/\/now-news.de\/de\/wp-content\/uploads\/sites\/3\/2026\/03\/69bd445948fbef137871f1e2.jpg\" \/>\n<meta name=\"author\" content=\"rtnews\" \/>\n<meta name=\"twitter:card\" content=\"summary_large_image\" \/>\n<meta name=\"twitter:creator\" content=\"@WirMachenAuf_de\" \/>\n<meta name=\"twitter:site\" content=\"@WirMachenAuf_de\" \/>\n<meta name=\"twitter:label1\" content=\"Verfasst von\" \/>\n\t<meta name=\"twitter:data1\" content=\"rtnews\" \/>\n\t<meta name=\"twitter:label2\" content=\"Gesch\u00e4tzte Lesezeit\" \/>\n\t<meta name=\"twitter:data2\" content=\"2\u00a0Minuten\" \/>\n<script type=\"application\/ld+json\" class=\"yoast-schema-graph\">{\"@context\":\"https:\/\/schema.org\",\"@graph\":[{\"@type\":\"Article\",\"@id\":\"https:\/\/now-news.de\/de\/deutschland\/italienischer-vizepremierminister-verurteilt-ausschluss-russischer-ballerina\/#article\",\"isPartOf\":{\"@id\":\"https:\/\/now-news.de\/de\/deutschland\/italienischer-vizepremierminister-verurteilt-ausschluss-russischer-ballerina\/\"},\"author\":{\"name\":\"rtnews\",\"@id\":\"https:\/\/now-news.de\/de\/#\/schema\/person\/fb534a4e865501d8b3285208df34a9b5\"},\"headline\":\"Italienischer Vizepremierminister verurteilt Ausschluss russischer Ballerina\",\"datePublished\":\"2026-03-20T13:53:32+00:00\",\"dateModified\":\"2026-03-20T13:53:32+00:00\",\"mainEntityOfPage\":{\"@id\":\"https:\/\/now-news.de\/de\/deutschland\/italienischer-vizepremierminister-verurteilt-ausschluss-russischer-ballerina\/\"},\"wordCount\":444,\"commentCount\":0,\"publisher\":{\"@id\":\"https:\/\/now-news.de\/de\/#organization\"},\"image\":{\"@id\":\"https:\/\/now-news.de\/de\/deutschland\/italienischer-vizepremierminister-verurteilt-ausschluss-russischer-ballerina\/#primaryimage\"},\"thumbnailUrl\":\"https:\/\/now-news.de\/de\/wp-content\/uploads\/sites\/3\/2026\/03\/Italienischer-Vizepremierminister-verurteilt-Ausschluss-russischer-Ballerina.jpg\",\"keywords\":[\"Ausschluss\",\"Ballerina\",\"italienischer\",\"Russischer\",\"verurteilt\",\"Vizepremierminister\"],\"articleSection\":[\"Deutschland\",\"Russland\"],\"inLanguage\":\"de\",\"potentialAction\":[{\"@type\":\"CommentAction\",\"name\":\"Comment\",\"target\":[\"https:\/\/now-news.de\/de\/deutschland\/italienischer-vizepremierminister-verurteilt-ausschluss-russischer-ballerina\/#respond\"]}]},{\"@type\":\"WebPage\",\"@id\":\"https:\/\/now-news.de\/de\/deutschland\/italienischer-vizepremierminister-verurteilt-ausschluss-russischer-ballerina\/\",\"url\":\"https:\/\/now-news.de\/de\/deutschland\/italienischer-vizepremierminister-verurteilt-ausschluss-russischer-ballerina\/\",\"name\":\"Italienischer Vizepremierminister verurteilt Ausschluss russischer Ballerina - just-now.NEWS Deutschland\",\"isPartOf\":{\"@id\":\"https:\/\/now-news.de\/de\/#website\"},\"primaryImageOfPage\":{\"@id\":\"https:\/\/now-news.de\/de\/deutschland\/italienischer-vizepremierminister-verurteilt-ausschluss-russischer-ballerina\/#primaryimage\"},\"image\":{\"@id\":\"https:\/\/now-news.de\/de\/deutschland\/italienischer-vizepremierminister-verurteilt-ausschluss-russischer-ballerina\/#primaryimage\"},\"thumbnailUrl\":\"https:\/\/now-news.de\/de\/wp-content\/uploads\/sites\/3\/2026\/03\/Italienischer-Vizepremierminister-verurteilt-Ausschluss-russischer-Ballerina.jpg\",\"datePublished\":\"2026-03-20T13:53:32+00:00\",\"dateModified\":\"2026-03-20T13:53:32+00:00\",\"breadcrumb\":{\"@id\":\"https:\/\/now-news.de\/de\/deutschland\/italienischer-vizepremierminister-verurteilt-ausschluss-russischer-ballerina\/#breadcrumb\"},\"inLanguage\":\"de\",\"potentialAction\":[{\"@type\":\"ReadAction\",\"target\":[\"https:\/\/now-news.de\/de\/deutschland\/italienischer-vizepremierminister-verurteilt-ausschluss-russischer-ballerina\/\"]}]},{\"@type\":\"ImageObject\",\"inLanguage\":\"de\",\"@id\":\"https:\/\/now-news.de\/de\/deutschland\/italienischer-vizepremierminister-verurteilt-ausschluss-russischer-ballerina\/#primaryimage\",\"url\":\"https:\/\/now-news.de\/de\/wp-content\/uploads\/sites\/3\/2026\/03\/Italienischer-Vizepremierminister-verurteilt-Ausschluss-russischer-Ballerina.jpg\",\"contentUrl\":\"https:\/\/now-news.de\/de\/wp-content\/uploads\/sites\/3\/2026\/03\/Italienischer-Vizepremierminister-verurteilt-Ausschluss-russischer-Ballerina.jpg\",\"width\":460,\"height\":259,\"caption\":\"Italienischer Vizepremierminister verurteilt Ausschluss russischer Ballerina\"},{\"@type\":\"BreadcrumbList\",\"@id\":\"https:\/\/now-news.de\/de\/deutschland\/italienischer-vizepremierminister-verurteilt-ausschluss-russischer-ballerina\/#breadcrumb\",\"itemListElement\":[{\"@type\":\"ListItem\",\"position\":1,\"name\":\"Home\",\"item\":\"https:\/\/now-news.de\/de\/\"},{\"@type\":\"ListItem\",\"position\":2,\"name\":\"Italienischer Vizepremierminister verurteilt Ausschluss russischer Ballerina\"}]},{\"@type\":\"WebSite\",\"@id\":\"https:\/\/now-news.de\/de\/#website\",\"url\":\"https:\/\/now-news.de\/de\/\",\"name\":\"just-now.NEWS Deutschland\",\"description\":\"Das Portal f\u00fcr unzensierte Nachrichten aus der Welt\",\"publisher\":{\"@id\":\"https:\/\/now-news.de\/de\/#organization\"},\"potentialAction\":[{\"@type\":\"SearchAction\",\"target\":{\"@type\":\"EntryPoint\",\"urlTemplate\":\"https:\/\/now-news.de\/de\/?s={search_term_string}\"},\"query-input\":\"required name=search_term_string\"}],\"inLanguage\":\"de\"},{\"@type\":\"Organization\",\"@id\":\"https:\/\/now-news.de\/de\/#organization\",\"name\":\"Just Now News\",\"url\":\"https:\/\/now-news.de\/de\/\",\"logo\":{\"@type\":\"ImageObject\",\"inLanguage\":\"de\",\"@id\":\"https:\/\/now-news.de\/de\/#\/schema\/logo\/image\/\",\"url\":\"http:\/\/just-now.news\/de\/wp-content\/uploads\/sites\/3\/2022\/04\/logo500x500.jpg\",\"contentUrl\":\"http:\/\/just-now.news\/de\/wp-content\/uploads\/sites\/3\/2022\/04\/logo500x500.jpg\",\"width\":500,\"height\":500,\"caption\":\"Just Now News\"},\"image\":{\"@id\":\"https:\/\/now-news.de\/de\/#\/schema\/logo\/image\/\"},\"sameAs\":[\"https:\/\/www.facebook.com\/wirmachenauf\",\"https:\/\/x.com\/WirMachenAuf_de\"]},{\"@type\":\"Person\",\"@id\":\"https:\/\/now-news.de\/de\/#\/schema\/person\/fb534a4e865501d8b3285208df34a9b5\",\"name\":\"rtnews\",\"image\":{\"@type\":\"ImageObject\",\"inLanguage\":\"de\",\"@id\":\"https:\/\/now-news.de\/de\/#\/schema\/person\/image\/\",\"url\":\"https:\/\/secure.gravatar.com\/avatar\/82aafea7d8127119dd649515f56e2117?s=96&d=mm&r=g\",\"contentUrl\":\"https:\/\/secure.gravatar.com\/avatar\/82aafea7d8127119dd649515f56e2117?s=96&d=mm&r=g\",\"caption\":\"rtnews\"},\"url\":\"https:\/\/now-news.de\/de\/author\/rnews\/\"}]}<\/script>\n<!-- \/ Yoast SEO Premium plugin. -->","yoast_head_json":{"title":"Italienischer Vizepremierminister verurteilt Ausschluss russischer Ballerina - just-now.NEWS Deutschland","robots":{"index":"index","follow":"follow","max-snippet":"max-snippet:-1","max-image-preview":"max-image-preview:large","max-video-preview":"max-video-preview:-1"},"canonical":"https:\/\/now-news.de\/de\/deutschland\/italienischer-vizepremierminister-verurteilt-ausschluss-russischer-ballerina\/","og_locale":"de_DE","og_type":"article","og_title":"Italienischer Vizepremierminister verurteilt Ausschluss russischer Ballerina","og_description":"Der Star des Bolschoi-Theaters, Swetlana Sacharowa, wurde nach politischem Widerstand kurzfristig von einer Galavorstellung in Rom ausgeschlossen. Der italienische Vizepremier Matteo Salvini hat den Ausschluss der gefeierten russischen Ballerina Swetlana Sacharowa von einem bevorstehenden Tanzfestival in Rom verurteilt. Die Absage erfolgte nur wenige Tage vor dem Auftritt des Stars des Bolschoi-Theaters bei der &#8220;Les Etoiles&#8221;-Gala, [&hellip;]","og_url":"https:\/\/now-news.de\/de\/deutschland\/italienischer-vizepremierminister-verurteilt-ausschluss-russischer-ballerina\/","og_site_name":"just-now.NEWS Deutschland","article_publisher":"https:\/\/www.facebook.com\/wirmachenauf","article_published_time":"2026-03-20T13:53:32+00:00","og_image":[{"url":"https:\/\/now-news.de\/de\/wp-content\/uploads\/sites\/3\/2026\/03\/69bd445948fbef137871f1e2.jpg"}],"author":"rtnews","twitter_card":"summary_large_image","twitter_creator":"@WirMachenAuf_de","twitter_site":"@WirMachenAuf_de","twitter_misc":{"Verfasst von":"rtnews","Gesch\u00e4tzte Lesezeit":"2\u00a0Minuten"},"schema":{"@context":"https:\/\/schema.org","@graph":[{"@type":"Article","@id":"https:\/\/now-news.de\/de\/deutschland\/italienischer-vizepremierminister-verurteilt-ausschluss-russischer-ballerina\/#article","isPartOf":{"@id":"https:\/\/now-news.de\/de\/deutschland\/italienischer-vizepremierminister-verurteilt-ausschluss-russischer-ballerina\/"},"author":{"name":"rtnews","@id":"https:\/\/now-news.de\/de\/#\/schema\/person\/fb534a4e865501d8b3285208df34a9b5"},"headline":"Italienischer Vizepremierminister verurteilt Ausschluss russischer Ballerina","datePublished":"2026-03-20T13:53:32+00:00","dateModified":"2026-03-20T13:53:32+00:00","mainEntityOfPage":{"@id":"https:\/\/now-news.de\/de\/deutschland\/italienischer-vizepremierminister-verurteilt-ausschluss-russischer-ballerina\/"},"wordCount":444,"commentCount":0,"publisher":{"@id":"https:\/\/now-news.de\/de\/#organization"},"image":{"@id":"https:\/\/now-news.de\/de\/deutschland\/italienischer-vizepremierminister-verurteilt-ausschluss-russischer-ballerina\/#primaryimage"},"thumbnailUrl":"https:\/\/now-news.de\/de\/wp-content\/uploads\/sites\/3\/2026\/03\/Italienischer-Vizepremierminister-verurteilt-Ausschluss-russischer-Ballerina.jpg","keywords":["Ausschluss","Ballerina","italienischer","Russischer","verurteilt","Vizepremierminister"],"articleSection":["Deutschland","Russland"],"inLanguage":"de","potentialAction":[{"@type":"CommentAction","name":"Comment","target":["https:\/\/now-news.de\/de\/deutschland\/italienischer-vizepremierminister-verurteilt-ausschluss-russischer-ballerina\/#respond"]}]},{"@type":"WebPage","@id":"https:\/\/now-news.de\/de\/deutschland\/italienischer-vizepremierminister-verurteilt-ausschluss-russischer-ballerina\/","url":"https:\/\/now-news.de\/de\/deutschland\/italienischer-vizepremierminister-verurteilt-ausschluss-russischer-ballerina\/","name":"Italienischer Vizepremierminister verurteilt Ausschluss russischer Ballerina - just-now.NEWS Deutschland","isPartOf":{"@id":"https:\/\/now-news.de\/de\/#website"},"primaryImageOfPage":{"@id":"https:\/\/now-news.de\/de\/deutschland\/italienischer-vizepremierminister-verurteilt-ausschluss-russischer-ballerina\/#primaryimage"},"image":{"@id":"https:\/\/now-news.de\/de\/deutschland\/italienischer-vizepremierminister-verurteilt-ausschluss-russischer-ballerina\/#primaryimage"},"thumbnailUrl":"https:\/\/now-news.de\/de\/wp-content\/uploads\/sites\/3\/2026\/03\/Italienischer-Vizepremierminister-verurteilt-Ausschluss-russischer-Ballerina.jpg","datePublished":"2026-03-20T13:53:32+00:00","dateModified":"2026-03-20T13:53:32+00:00","breadcrumb":{"@id":"https:\/\/now-news.de\/de\/deutschland\/italienischer-vizepremierminister-verurteilt-ausschluss-russischer-ballerina\/#breadcrumb"},"inLanguage":"de","potentialAction":[{"@type":"ReadAction","target":["https:\/\/now-news.de\/de\/deutschland\/italienischer-vizepremierminister-verurteilt-ausschluss-russischer-ballerina\/"]}]},{"@type":"ImageObject","inLanguage":"de","@id":"https:\/\/now-news.de\/de\/deutschland\/italienischer-vizepremierminister-verurteilt-ausschluss-russischer-ballerina\/#primaryimage","url":"https:\/\/now-news.de\/de\/wp-content\/uploads\/sites\/3\/2026\/03\/Italienischer-Vizepremierminister-verurteilt-Ausschluss-russischer-Ballerina.jpg","contentUrl":"https:\/\/now-news.de\/de\/wp-content\/uploads\/sites\/3\/2026\/03\/Italienischer-Vizepremierminister-verurteilt-Ausschluss-russischer-Ballerina.jpg","width":460,"height":259,"caption":"Italienischer Vizepremierminister verurteilt Ausschluss russischer Ballerina"},{"@type":"BreadcrumbList","@id":"https:\/\/now-news.de\/de\/deutschland\/italienischer-vizepremierminister-verurteilt-ausschluss-russischer-ballerina\/#breadcrumb","itemListElement":[{"@type":"ListItem","position":1,"name":"Home","item":"https:\/\/now-news.de\/de\/"},{"@type":"ListItem","position":2,"name":"Italienischer Vizepremierminister verurteilt Ausschluss russischer Ballerina"}]},{"@type":"WebSite","@id":"https:\/\/now-news.de\/de\/#website","url":"https:\/\/now-news.de\/de\/","name":"just-now.NEWS Deutschland","description":"Das Portal f\u00fcr unzensierte Nachrichten aus der Welt","publisher":{"@id":"https:\/\/now-news.de\/de\/#organization"},"potentialAction":[{"@type":"SearchAction","target":{"@type":"EntryPoint","urlTemplate":"https:\/\/now-news.de\/de\/?s={search_term_string}"},"query-input":"required name=search_term_string"}],"inLanguage":"de"},{"@type":"Organization","@id":"https:\/\/now-news.de\/de\/#organization","name":"Just Now News","url":"https:\/\/now-news.de\/de\/","logo":{"@type":"ImageObject","inLanguage":"de","@id":"https:\/\/now-news.de\/de\/#\/schema\/logo\/image\/","url":"http:\/\/just-now.news\/de\/wp-content\/uploads\/sites\/3\/2022\/04\/logo500x500.jpg","contentUrl":"http:\/\/just-now.news\/de\/wp-content\/uploads\/sites\/3\/2022\/04\/logo500x500.jpg","width":500,"height":500,"caption":"Just Now News"},"image":{"@id":"https:\/\/now-news.de\/de\/#\/schema\/logo\/image\/"},"sameAs":["https:\/\/www.facebook.com\/wirmachenauf","https:\/\/x.com\/WirMachenAuf_de"]},{"@type":"Person","@id":"https:\/\/now-news.de\/de\/#\/schema\/person\/fb534a4e865501d8b3285208df34a9b5","name":"rtnews","image":{"@type":"ImageObject","inLanguage":"de","@id":"https:\/\/now-news.de\/de\/#\/schema\/person\/image\/","url":"https:\/\/secure.gravatar.com\/avatar\/82aafea7d8127119dd649515f56e2117?s=96&d=mm&r=g","contentUrl":"https:\/\/secure.gravatar.com\/avatar\/82aafea7d8127119dd649515f56e2117?s=96&d=mm&r=g","caption":"rtnews"},"url":"https:\/\/now-news.de\/de\/author\/rnews\/"}]}},"_links":{"self":[{"href":"https:\/\/now-news.de\/de\/wp-json\/wp\/v2\/posts\/100546"}],"collection":[{"href":"https:\/\/now-news.de\/de\/wp-json\/wp\/v2\/posts"}],"about":[{"href":"https:\/\/now-news.de\/de\/wp-json\/wp\/v2\/types\/post"}],"author":[{"embeddable":true,"href":"https:\/\/now-news.de\/de\/wp-json\/wp\/v2\/users\/3"}],"replies":[{"embeddable":true,"href":"https:\/\/now-news.de\/de\/wp-json\/wp\/v2\/comments?post=100546"}],"version-history":[{"count":0,"href":"https:\/\/now-news.de\/de\/wp-json\/wp\/v2\/posts\/100546\/revisions"}],"wp:featuredmedia":[{"embeddable":true,"href":"https:\/\/now-news.de\/de\/wp-json\/wp\/v2\/media\/100547"}],"wp:attachment":[{"href":"https:\/\/now-news.de\/de\/wp-json\/wp\/v2\/media?parent=100546"}],"wp:term":[{"taxonomy":"category","embeddable":true,"href":"https:\/\/now-news.de\/de\/wp-json\/wp\/v2\/categories?post=100546"},{"taxonomy":"post_tag","embeddable":true,"href":"https:\/\/now-news.de\/de\/wp-json\/wp\/v2\/tags?post=100546"}],"curies":[{"name":"wp","href":"https:\/\/api.w.org\/{rel}","templated":true}]}}