{"id":100502,"date":"2026-03-19T19:20:18","date_gmt":"2026-03-19T17:20:18","guid":{"rendered":"https:\/\/now-news.de\/de\/deutschland\/bundesbeauftragte-fuer-diskriminierung-rassismus-ist-in-der-gesellschaft-verankert\/"},"modified":"2026-03-19T19:20:18","modified_gmt":"2026-03-19T17:20:18","slug":"bundesbeauftragte-fuer-diskriminierung-rassismus-ist-in-der-gesellschaft-verankert","status":"publish","type":"post","link":"https:\/\/now-news.de\/de\/deutschland\/bundesbeauftragte-fuer-diskriminierung-rassismus-ist-in-der-gesellschaft-verankert\/","title":{"rendered":"Bundesbeauftragte f\u00fcr Diskriminierung:  Rassismus ist in der Gesellschaft verankert"},"content":{"rendered":"<p><img decoding=\"async\" src=\"https:\/\/now-news.de\/de\/wp-content\/uploads\/sites\/3\/2026\/03\/69bbeea248fbef266a699d07.jpg\" \/><\/p>\n<div class=\"Text-root Text-type_1 \">\n                Die &#8220;unabh\u00e4ngige Antidiskriminierungsbeauftragte&#8221; der Bundesregierung, Ferda Ataman, stellte in Berlin die Studie des &#8220;Nationalen Diskriminierungs- und Rassismusmonitors&#8221; vor. Laut den Auswertungen existiere in Deutschland eine &#8220;sehr hartn\u00e4ckige Verfestigung&#8221; rassistischer Einstellungen.\n            <\/div>\n<p><\/p>\n<div class=\"Text-root Text-type_5 ArticleView-text ViewText-root \">\n<p>Der j\u00fcngste &#8220;Monitoringbericht 2026&#8221; des &#8220;Nationalen Diskriminierungs- und Rassismusmonitors (NaDiRa)&#8221; wurde in Berlin vor Journalisten vorgestellt. Der <a rel=\"nofollow\" target=\"_blank\" href=\"https:\/\/www.dezim-institut.de\/presse\/von-natur-aus-fleissiger-knapp-die-haelfte-der-bevoelkerung-glaubt-an-unterschiede-zwischen-ethnischen-gruppen\/\" target=\"_blank\" rel=\"noopener noreferrer\">Studientitel<\/a> lautet &#8220;Verfestigte Abwertungen, fragiles Vertrauen \u2013 Rassismus und Diskriminierung in Deutschland&#8221;. Laut den Auswertungen nach Befragung von\u00a08.171 in Deutschland lebenden Menschen zwischen 20 und 74 Jahren gaben demnach\u00a025 Prozent der &#8220;schwarzen Personen&#8221;, so die Formulierung laut NaDiRa, sowie 17 Prozent der muslimischen Menschen zu Protokoll, mindestens einmal pro Monat &#8220;beleidigt, bel\u00e4stigt, bedroht oder angegriffen&#8221; zu werden.<\/p>\n<p>Die Journalistin\u00a0Ferda\u00a0Ataman, seit Mai 2022 die erste seitens einer Bundesregierung ernannte &#8220;Unabh\u00e4ngige Bundesbeauftragte f\u00fcr Antidiskriminierung&#8221;, erkl\u00e4rte einleitend der Hauptstadtpresse bei Vorstellung der NaDiRa-Studie, dass das Ergebnis des Berichts &#8220;einen Weckruf&#8221; darstellen w\u00fcrde, dass &#8220;wir entschiedener gegen Rassismus vorgehen m\u00fcssen&#8221;. Weitere Ausf\u00fchrungen lauteten:<\/p>\n<p><em>&#8220;Freundliche Bekenntnisse zur Vielfalt in der Gesellschaft reichen nicht, die Bundesregierung muss Menschen endlich besser vor Diskriminierung sch\u00fctzen. Dazu brauchen wir eine umfassende Reform des Allgemeinen Gleichbehandlungsgesetzes.&#8221;<\/em><\/p>\n<p>Die\u00a0Erhebung der Daten erfolgte durch das &#8220;Deutsche Zentrum f\u00fcr Integrations- und Migrationsforschung&#8221; (DeZIM) durch\u00a0Befragung im Zeitraum zwischen Oktober 2025 und Januar 2026. Dies im Rahmen &#8220;eines Online-Tools&#8221;. Zu den Ergebnissen nach Auswertung hei\u00dft es weiter auf der Webseite:<\/p>\n<p><em>&#8220;Zum Vergleich wurden die Panelerhebungen von 2022 mit 21.394 Teilnehmenden und von 2024\/2025 mit 9.509 Befragten herangezogen. Somit sind Vergleiche \u00fcber mehrere Jahre m\u00f6glich.&#8221;<\/em><\/p>\n<p>Die \u00dcberschrift lautet auf der DeZim-Webseite:<\/p>\n<p><em>&#8220;&#8216;Von Natur aus flei\u00dfiger?&#8217; \u2013 Knapp die H\u00e4lfte der Bev\u00f6lkerung glaubt an Unterschiede zwischen ethnischen Gruppen&#8221;<\/em><\/p>\n<p>&#8220;Zentrale Ergebnisse&#8221; und Erkenntnisse der Studie, <a rel=\"nofollow\" target=\"_blank\" href=\"https:\/\/www.rassismusmonitor.de\/fileadmin\/user_upload\/NaDiRa\/Publikationen\/Verfestigte_Abwertung\/Verfestigte_Abwertungen.pdf\" target=\"_blank\" rel=\"noopener noreferrer\">insgesamt 100 Seiten<\/a>, lauten demnach:<\/p>\n<ul>\n<li>Mehr als jede dritte Person teilt offen rassistische Einstellungen.<\/li>\n<li>Wer rassistische Diskriminierung verharmlost, weist auch h\u00e4ufiger offen rassistische Einstellungen auf.<\/li>\n<li>Ein Viertel der schwarzen Personen in Deutschland wird mindestens einmal pro Monat beleidigt, bel\u00e4stigt, bedroht oder angegriffen.\u00a0<\/li>\n<li>Mehr als ein Viertel der\u00a0Bev\u00f6lkerung\u00a0hat\u00a0in den vergangenen zw\u00f6lf Monaten rassistische Vorf\u00e4lle beobachtet.<\/li>\n<li>Eigene Diskriminierungserfahrungen gehen systematisch mit geringerem Vertrauen in staatliche Institutionen einher.<\/li>\n<\/ul>\n<p>So hei\u00dft es auf Seite 22 der Studie:<\/p>\n<p><em>&#8220;Zu den \u00e4ltesten und bis heute sehr wirkm\u00e4chtigen Begr\u00fcndungen rassistischer Ungleichheit z\u00e4hlt die Vorstellung, der Mensch lasse sich in vermeintlich unterschiedliche &#8216;Rassen&#8217; unterteilen. Diese Annahme ist paradoxerweise historisch eng mit der europ\u00e4ischen Aufkl\u00e4rung verbunden \u2013 als Gleichheit, Freiheit und universelle Menschenrechte zu zentralen politischen Leitideen wurden.&#8221;<\/em><\/p>\n<p>Prof. Dr. Frank Kalter, Direktor des DeZIM-Instituts, erkl\u00e4rte bei der Vorstellung in Berlin zur Methodik:<\/p>\n<p>&#8220;<em>Rassistische\u00a0Einstellungen und Diskriminierungserfahrungen sind wichtige Bausteine, um Ungleichheiten,\u00a0ihre Entwicklungen und\u00a0ihre\u00a0Folgen\u00a0in\u00a0der Gesellschaft\u00a0zu verstehen.<\/em>\u00a0<em>Das Zusammenspiel offenkundiger und subtiler Formen rassistischer Einstellungen sowie direkter und indirekter Rassismuserfahrungen ergibt ein differenziertes Gesamtbild.&#8221;<\/em><\/p>\n<p>Ein expliziter Hinweis auf der Webseite informiert \u00fcber die beabsichtigte Fokussierung auf eine &#8220;gezielte \u00dcberrepr\u00e4sentation&#8221; gewisser Bev\u00f6lkerungsgruppen. Dazu hei\u00dft es w\u00f6rtlich:<\/p>\n<p><em>&#8220;Eine Besonderheit des Panels ist die gezielte \u00dcberrepr\u00e4sentation von Personen mit Bez\u00fcgen zu Afrika (ohne Nordafrika), S\u00fcd-, Ost- und S\u00fcdostasien, zur T\u00fcrkei sowie zu mehrheitlich muslimisch gepr\u00e4gten L\u00e4ndern. Dadurch wird eine differenzierte Analyse von Gruppen erm\u00f6glicht, die besonders h\u00e4ufig von Diskriminierung betroffen sind.&#8221;<\/em>\u00a0\u00a0<\/p>\n<p>Das Fazit (Seite 78) der Studienmacher lautet in der Einleitung:<\/p>\n<p><em>&#8220;Die Ergebnisse des NaDiRa-Monitoringberichts 2026 zeigen, dass Rassismus in Deutschland kein Randph\u00e4nomen ist. Rassistische Einstellungen, Diskriminierungserfahrungen und das Vertrauen in gesellschaftliche Institutionen sind eng miteinander verwoben und pr\u00e4gen zentrale Bereiche des sozialen Zusammenlebens.&#8221;<\/em><\/p>\n<p>Seit 2022 sei das Vertrauen unter den Befragten von &#8220;rassistisch markierten Gruppen&#8221; wie etwa Muslimen deutlich gesunken. &#8220;Diskriminierung ist somit kein blo\u00dfes Befindlichkeitsproblem, sondern eine reale Gefahr f\u00fcr die Legitimit\u00e4t staatlicher Institutionen und den gesellschaftlichen Zusammenhalt&#8221;, so Mit-Studienautor Tae Jun Kim am Donnerstag in Berlin.<em><\/em><\/p>\n<p><strong>Mehr zum Thema<\/strong>\u00a0<em>\u2013 <\/em>\u00a0<a rel=\"nofollow\" target=\"_blank\" href=\"https:\/\/freedert.online\/inland\/272436-schule-ohne-rassismus-bedraengt-nichtmoslems\/\" target=\"_blank\" rel=\"noopener noreferrer\">&#8220;Schule ohne Rassismus&#8221; bedr\u00e4ngt Nichtmoslems <\/a><\/p>\n<div class=\"EmbedBlock-root EmbedBlock-externalVideo EmbedBlock-rumble\">\n<div class=\"VkEmbed\"><iframe class=\"lazyload\" data-src=\"https:\/\/rumble.com\/embed\/v753k2s\" frameborder=\"0\" width=\"853\" height=\"480\" allowfullscreen><\/iframe><\/div>\n<\/div>\n<\/div>\n<p><br \/>\n<br \/><a href=\"https:\/\/de.rt.com\/inland\/273965-bundesbeauftragte-fuer-diskriminierung-rassismus-ist\/\">Source link <\/a><\/p>\n","protected":false},"excerpt":{"rendered":"<p>Die &#8220;unabh\u00e4ngige Antidiskriminierungsbeauftragte&#8221; der Bundesregierung, Ferda Ataman, stellte in Berlin die Studie des &#8220;Nationalen Diskriminierungs- und Rassismusmonitors&#8221; vor. Laut den Auswertungen existiere in Deutschland eine &#8220;sehr hartn\u00e4ckige Verfestigung&#8221; rassistischer Einstellungen. Der j\u00fcngste &#8220;Monitoringbericht 2026&#8221; des &#8220;Nationalen Diskriminierungs- und Rassismusmonitors (NaDiRa)&#8221; wurde in Berlin vor Journalisten vorgestellt. Der Studientitel lautet &#8220;Verfestigte Abwertungen, fragiles Vertrauen \u2013 Rassismus [&hellip;]<\/p>\n","protected":false},"author":3,"featured_media":100503,"comment_status":"open","ping_status":"open","sticky":false,"template":"","format":"standard","meta":{"_yoast_indexnow_last_ping":["1773941406"],"wp_automatic_camp":["217"],"43e79c2dce52067aa19f3fb5c6a2aa7a":["Bundesbeauftragte f\u00fcr Diskriminierung:  Rassismus ist in der Gesellschaft verankert"],"original_link":["https:\/\/de.rt.com\/inland\/273965-bundesbeauftragte-fuer-diskriminierung-rassismus-ist\/"],"_thumbnail_id":["100503"],"jnews_social_counter_last_update":["1777285593"],"_wptgpro_p2tg_sent2tg":["a:1:{i:23737;s:19:\"2026-03-19 19:31:09\";}"]},"categories":[19,23],"tags":[71868,82,22188,221,5420,414,22844,34048],"yoast_head":"<!-- This site is optimized with the Yoast SEO Premium plugin v22.7 (Yoast SEO v22.7) - https:\/\/yoast.com\/wordpress\/plugins\/seo\/ -->\n<title>Bundesbeauftragte f\u00fcr Diskriminierung: Rassismus ist in der Gesellschaft verankert - just-now.NEWS Deutschland<\/title>\n<meta name=\"robots\" content=\"index, follow, max-snippet:-1, max-image-preview:large, max-video-preview:-1\" \/>\n<link rel=\"canonical\" href=\"https:\/\/now-news.de\/de\/deutschland\/bundesbeauftragte-fuer-diskriminierung-rassismus-ist-in-der-gesellschaft-verankert\/\" \/>\n<meta property=\"og:locale\" content=\"de_DE\" \/>\n<meta property=\"og:type\" content=\"article\" \/>\n<meta property=\"og:title\" content=\"Bundesbeauftragte f\u00fcr Diskriminierung: Rassismus ist in der Gesellschaft verankert\" \/>\n<meta property=\"og:description\" content=\"Die &#8220;unabh\u00e4ngige Antidiskriminierungsbeauftragte&#8221; der Bundesregierung, Ferda Ataman, stellte in Berlin die Studie des &#8220;Nationalen Diskriminierungs- und Rassismusmonitors&#8221; vor. Laut den Auswertungen existiere in Deutschland eine &#8220;sehr hartn\u00e4ckige Verfestigung&#8221; rassistischer Einstellungen. Der j\u00fcngste &#8220;Monitoringbericht 2026&#8221; des &#8220;Nationalen Diskriminierungs- und Rassismusmonitors (NaDiRa)&#8221; wurde in Berlin vor Journalisten vorgestellt. Der Studientitel lautet &#8220;Verfestigte Abwertungen, fragiles Vertrauen \u2013 Rassismus [&hellip;]\" \/>\n<meta property=\"og:url\" content=\"https:\/\/now-news.de\/de\/deutschland\/bundesbeauftragte-fuer-diskriminierung-rassismus-ist-in-der-gesellschaft-verankert\/\" \/>\n<meta property=\"og:site_name\" content=\"just-now.NEWS Deutschland\" \/>\n<meta property=\"article:publisher\" content=\"https:\/\/www.facebook.com\/wirmachenauf\" \/>\n<meta property=\"article:published_time\" content=\"2026-03-19T17:20:18+00:00\" \/>\n<meta property=\"og:image\" content=\"https:\/\/now-news.de\/de\/wp-content\/uploads\/sites\/3\/2026\/03\/69bbeea248fbef266a699d07.jpg\" \/>\n<meta name=\"author\" content=\"rtnews\" \/>\n<meta name=\"twitter:card\" content=\"summary_large_image\" \/>\n<meta name=\"twitter:creator\" content=\"@WirMachenAuf_de\" \/>\n<meta name=\"twitter:site\" content=\"@WirMachenAuf_de\" \/>\n<meta name=\"twitter:label1\" content=\"Verfasst von\" \/>\n\t<meta name=\"twitter:data1\" content=\"rtnews\" \/>\n\t<meta name=\"twitter:label2\" content=\"Gesch\u00e4tzte Lesezeit\" \/>\n\t<meta name=\"twitter:data2\" content=\"3\u00a0Minuten\" \/>\n<script type=\"application\/ld+json\" class=\"yoast-schema-graph\">{\"@context\":\"https:\/\/schema.org\",\"@graph\":[{\"@type\":\"Article\",\"@id\":\"https:\/\/now-news.de\/de\/deutschland\/bundesbeauftragte-fuer-diskriminierung-rassismus-ist-in-der-gesellschaft-verankert\/#article\",\"isPartOf\":{\"@id\":\"https:\/\/now-news.de\/de\/deutschland\/bundesbeauftragte-fuer-diskriminierung-rassismus-ist-in-der-gesellschaft-verankert\/\"},\"author\":{\"name\":\"rtnews\",\"@id\":\"https:\/\/now-news.de\/de\/#\/schema\/person\/fb534a4e865501d8b3285208df34a9b5\"},\"headline\":\"Bundesbeauftragte f\u00fcr Diskriminierung: Rassismus ist in der Gesellschaft verankert\",\"datePublished\":\"2026-03-19T17:20:18+00:00\",\"dateModified\":\"2026-03-19T17:20:18+00:00\",\"mainEntityOfPage\":{\"@id\":\"https:\/\/now-news.de\/de\/deutschland\/bundesbeauftragte-fuer-diskriminierung-rassismus-ist-in-der-gesellschaft-verankert\/\"},\"wordCount\":642,\"commentCount\":0,\"publisher\":{\"@id\":\"https:\/\/now-news.de\/de\/#organization\"},\"image\":{\"@id\":\"https:\/\/now-news.de\/de\/deutschland\/bundesbeauftragte-fuer-diskriminierung-rassismus-ist-in-der-gesellschaft-verankert\/#primaryimage\"},\"thumbnailUrl\":\"https:\/\/now-news.de\/de\/wp-content\/uploads\/sites\/3\/2026\/03\/Bundesbeauftragte-fuer-Diskriminierung-Rassismus-ist-in-der-Gesellschaft-verankert.jpg\",\"keywords\":[\"Bundesbeauftragte\",\"der\",\"Diskriminierung\",\"f\u00fcr\",\"Gesellschaft\",\"ist\",\"Rassismus\",\"verankert\"],\"articleSection\":[\"Deutschland\",\"Russland\"],\"inLanguage\":\"de\",\"potentialAction\":[{\"@type\":\"CommentAction\",\"name\":\"Comment\",\"target\":[\"https:\/\/now-news.de\/de\/deutschland\/bundesbeauftragte-fuer-diskriminierung-rassismus-ist-in-der-gesellschaft-verankert\/#respond\"]}]},{\"@type\":\"WebPage\",\"@id\":\"https:\/\/now-news.de\/de\/deutschland\/bundesbeauftragte-fuer-diskriminierung-rassismus-ist-in-der-gesellschaft-verankert\/\",\"url\":\"https:\/\/now-news.de\/de\/deutschland\/bundesbeauftragte-fuer-diskriminierung-rassismus-ist-in-der-gesellschaft-verankert\/\",\"name\":\"Bundesbeauftragte f\u00fcr Diskriminierung: Rassismus ist in der Gesellschaft verankert - just-now.NEWS Deutschland\",\"isPartOf\":{\"@id\":\"https:\/\/now-news.de\/de\/#website\"},\"primaryImageOfPage\":{\"@id\":\"https:\/\/now-news.de\/de\/deutschland\/bundesbeauftragte-fuer-diskriminierung-rassismus-ist-in-der-gesellschaft-verankert\/#primaryimage\"},\"image\":{\"@id\":\"https:\/\/now-news.de\/de\/deutschland\/bundesbeauftragte-fuer-diskriminierung-rassismus-ist-in-der-gesellschaft-verankert\/#primaryimage\"},\"thumbnailUrl\":\"https:\/\/now-news.de\/de\/wp-content\/uploads\/sites\/3\/2026\/03\/Bundesbeauftragte-fuer-Diskriminierung-Rassismus-ist-in-der-Gesellschaft-verankert.jpg\",\"datePublished\":\"2026-03-19T17:20:18+00:00\",\"dateModified\":\"2026-03-19T17:20:18+00:00\",\"breadcrumb\":{\"@id\":\"https:\/\/now-news.de\/de\/deutschland\/bundesbeauftragte-fuer-diskriminierung-rassismus-ist-in-der-gesellschaft-verankert\/#breadcrumb\"},\"inLanguage\":\"de\",\"potentialAction\":[{\"@type\":\"ReadAction\",\"target\":[\"https:\/\/now-news.de\/de\/deutschland\/bundesbeauftragte-fuer-diskriminierung-rassismus-ist-in-der-gesellschaft-verankert\/\"]}]},{\"@type\":\"ImageObject\",\"inLanguage\":\"de\",\"@id\":\"https:\/\/now-news.de\/de\/deutschland\/bundesbeauftragte-fuer-diskriminierung-rassismus-ist-in-der-gesellschaft-verankert\/#primaryimage\",\"url\":\"https:\/\/now-news.de\/de\/wp-content\/uploads\/sites\/3\/2026\/03\/Bundesbeauftragte-fuer-Diskriminierung-Rassismus-ist-in-der-Gesellschaft-verankert.jpg\",\"contentUrl\":\"https:\/\/now-news.de\/de\/wp-content\/uploads\/sites\/3\/2026\/03\/Bundesbeauftragte-fuer-Diskriminierung-Rassismus-ist-in-der-Gesellschaft-verankert.jpg\",\"width\":460,\"height\":259,\"caption\":\"Bundesbeauftragte f\u00fcr Diskriminierung: Rassismus ist in der Gesellschaft verankert\"},{\"@type\":\"BreadcrumbList\",\"@id\":\"https:\/\/now-news.de\/de\/deutschland\/bundesbeauftragte-fuer-diskriminierung-rassismus-ist-in-der-gesellschaft-verankert\/#breadcrumb\",\"itemListElement\":[{\"@type\":\"ListItem\",\"position\":1,\"name\":\"Home\",\"item\":\"https:\/\/now-news.de\/de\/\"},{\"@type\":\"ListItem\",\"position\":2,\"name\":\"Bundesbeauftragte f\u00fcr Diskriminierung: Rassismus ist in der Gesellschaft verankert\"}]},{\"@type\":\"WebSite\",\"@id\":\"https:\/\/now-news.de\/de\/#website\",\"url\":\"https:\/\/now-news.de\/de\/\",\"name\":\"just-now.NEWS Deutschland\",\"description\":\"Das Portal f\u00fcr unzensierte Nachrichten aus der Welt\",\"publisher\":{\"@id\":\"https:\/\/now-news.de\/de\/#organization\"},\"potentialAction\":[{\"@type\":\"SearchAction\",\"target\":{\"@type\":\"EntryPoint\",\"urlTemplate\":\"https:\/\/now-news.de\/de\/?s={search_term_string}\"},\"query-input\":\"required name=search_term_string\"}],\"inLanguage\":\"de\"},{\"@type\":\"Organization\",\"@id\":\"https:\/\/now-news.de\/de\/#organization\",\"name\":\"Just Now News\",\"url\":\"https:\/\/now-news.de\/de\/\",\"logo\":{\"@type\":\"ImageObject\",\"inLanguage\":\"de\",\"@id\":\"https:\/\/now-news.de\/de\/#\/schema\/logo\/image\/\",\"url\":\"http:\/\/just-now.news\/de\/wp-content\/uploads\/sites\/3\/2022\/04\/logo500x500.jpg\",\"contentUrl\":\"http:\/\/just-now.news\/de\/wp-content\/uploads\/sites\/3\/2022\/04\/logo500x500.jpg\",\"width\":500,\"height\":500,\"caption\":\"Just Now News\"},\"image\":{\"@id\":\"https:\/\/now-news.de\/de\/#\/schema\/logo\/image\/\"},\"sameAs\":[\"https:\/\/www.facebook.com\/wirmachenauf\",\"https:\/\/x.com\/WirMachenAuf_de\"]},{\"@type\":\"Person\",\"@id\":\"https:\/\/now-news.de\/de\/#\/schema\/person\/fb534a4e865501d8b3285208df34a9b5\",\"name\":\"rtnews\",\"image\":{\"@type\":\"ImageObject\",\"inLanguage\":\"de\",\"@id\":\"https:\/\/now-news.de\/de\/#\/schema\/person\/image\/\",\"url\":\"https:\/\/secure.gravatar.com\/avatar\/82aafea7d8127119dd649515f56e2117?s=96&d=mm&r=g\",\"contentUrl\":\"https:\/\/secure.gravatar.com\/avatar\/82aafea7d8127119dd649515f56e2117?s=96&d=mm&r=g\",\"caption\":\"rtnews\"},\"url\":\"https:\/\/now-news.de\/de\/author\/rnews\/\"}]}<\/script>\n<!-- \/ Yoast SEO Premium plugin. -->","yoast_head_json":{"title":"Bundesbeauftragte f\u00fcr Diskriminierung: Rassismus ist in der Gesellschaft verankert - just-now.NEWS Deutschland","robots":{"index":"index","follow":"follow","max-snippet":"max-snippet:-1","max-image-preview":"max-image-preview:large","max-video-preview":"max-video-preview:-1"},"canonical":"https:\/\/now-news.de\/de\/deutschland\/bundesbeauftragte-fuer-diskriminierung-rassismus-ist-in-der-gesellschaft-verankert\/","og_locale":"de_DE","og_type":"article","og_title":"Bundesbeauftragte f\u00fcr Diskriminierung: Rassismus ist in der Gesellschaft verankert","og_description":"Die &#8220;unabh\u00e4ngige Antidiskriminierungsbeauftragte&#8221; der Bundesregierung, Ferda Ataman, stellte in Berlin die Studie des &#8220;Nationalen Diskriminierungs- und Rassismusmonitors&#8221; vor. Laut den Auswertungen existiere in Deutschland eine &#8220;sehr hartn\u00e4ckige Verfestigung&#8221; rassistischer Einstellungen. Der j\u00fcngste &#8220;Monitoringbericht 2026&#8221; des &#8220;Nationalen Diskriminierungs- und Rassismusmonitors (NaDiRa)&#8221; wurde in Berlin vor Journalisten vorgestellt. Der Studientitel lautet &#8220;Verfestigte Abwertungen, fragiles Vertrauen \u2013 Rassismus [&hellip;]","og_url":"https:\/\/now-news.de\/de\/deutschland\/bundesbeauftragte-fuer-diskriminierung-rassismus-ist-in-der-gesellschaft-verankert\/","og_site_name":"just-now.NEWS Deutschland","article_publisher":"https:\/\/www.facebook.com\/wirmachenauf","article_published_time":"2026-03-19T17:20:18+00:00","og_image":[{"url":"https:\/\/now-news.de\/de\/wp-content\/uploads\/sites\/3\/2026\/03\/69bbeea248fbef266a699d07.jpg"}],"author":"rtnews","twitter_card":"summary_large_image","twitter_creator":"@WirMachenAuf_de","twitter_site":"@WirMachenAuf_de","twitter_misc":{"Verfasst von":"rtnews","Gesch\u00e4tzte Lesezeit":"3\u00a0Minuten"},"schema":{"@context":"https:\/\/schema.org","@graph":[{"@type":"Article","@id":"https:\/\/now-news.de\/de\/deutschland\/bundesbeauftragte-fuer-diskriminierung-rassismus-ist-in-der-gesellschaft-verankert\/#article","isPartOf":{"@id":"https:\/\/now-news.de\/de\/deutschland\/bundesbeauftragte-fuer-diskriminierung-rassismus-ist-in-der-gesellschaft-verankert\/"},"author":{"name":"rtnews","@id":"https:\/\/now-news.de\/de\/#\/schema\/person\/fb534a4e865501d8b3285208df34a9b5"},"headline":"Bundesbeauftragte f\u00fcr Diskriminierung: Rassismus ist in der Gesellschaft verankert","datePublished":"2026-03-19T17:20:18+00:00","dateModified":"2026-03-19T17:20:18+00:00","mainEntityOfPage":{"@id":"https:\/\/now-news.de\/de\/deutschland\/bundesbeauftragte-fuer-diskriminierung-rassismus-ist-in-der-gesellschaft-verankert\/"},"wordCount":642,"commentCount":0,"publisher":{"@id":"https:\/\/now-news.de\/de\/#organization"},"image":{"@id":"https:\/\/now-news.de\/de\/deutschland\/bundesbeauftragte-fuer-diskriminierung-rassismus-ist-in-der-gesellschaft-verankert\/#primaryimage"},"thumbnailUrl":"https:\/\/now-news.de\/de\/wp-content\/uploads\/sites\/3\/2026\/03\/Bundesbeauftragte-fuer-Diskriminierung-Rassismus-ist-in-der-Gesellschaft-verankert.jpg","keywords":["Bundesbeauftragte","der","Diskriminierung","f\u00fcr","Gesellschaft","ist","Rassismus","verankert"],"articleSection":["Deutschland","Russland"],"inLanguage":"de","potentialAction":[{"@type":"CommentAction","name":"Comment","target":["https:\/\/now-news.de\/de\/deutschland\/bundesbeauftragte-fuer-diskriminierung-rassismus-ist-in-der-gesellschaft-verankert\/#respond"]}]},{"@type":"WebPage","@id":"https:\/\/now-news.de\/de\/deutschland\/bundesbeauftragte-fuer-diskriminierung-rassismus-ist-in-der-gesellschaft-verankert\/","url":"https:\/\/now-news.de\/de\/deutschland\/bundesbeauftragte-fuer-diskriminierung-rassismus-ist-in-der-gesellschaft-verankert\/","name":"Bundesbeauftragte f\u00fcr Diskriminierung: Rassismus ist in der Gesellschaft verankert - just-now.NEWS Deutschland","isPartOf":{"@id":"https:\/\/now-news.de\/de\/#website"},"primaryImageOfPage":{"@id":"https:\/\/now-news.de\/de\/deutschland\/bundesbeauftragte-fuer-diskriminierung-rassismus-ist-in-der-gesellschaft-verankert\/#primaryimage"},"image":{"@id":"https:\/\/now-news.de\/de\/deutschland\/bundesbeauftragte-fuer-diskriminierung-rassismus-ist-in-der-gesellschaft-verankert\/#primaryimage"},"thumbnailUrl":"https:\/\/now-news.de\/de\/wp-content\/uploads\/sites\/3\/2026\/03\/Bundesbeauftragte-fuer-Diskriminierung-Rassismus-ist-in-der-Gesellschaft-verankert.jpg","datePublished":"2026-03-19T17:20:18+00:00","dateModified":"2026-03-19T17:20:18+00:00","breadcrumb":{"@id":"https:\/\/now-news.de\/de\/deutschland\/bundesbeauftragte-fuer-diskriminierung-rassismus-ist-in-der-gesellschaft-verankert\/#breadcrumb"},"inLanguage":"de","potentialAction":[{"@type":"ReadAction","target":["https:\/\/now-news.de\/de\/deutschland\/bundesbeauftragte-fuer-diskriminierung-rassismus-ist-in-der-gesellschaft-verankert\/"]}]},{"@type":"ImageObject","inLanguage":"de","@id":"https:\/\/now-news.de\/de\/deutschland\/bundesbeauftragte-fuer-diskriminierung-rassismus-ist-in-der-gesellschaft-verankert\/#primaryimage","url":"https:\/\/now-news.de\/de\/wp-content\/uploads\/sites\/3\/2026\/03\/Bundesbeauftragte-fuer-Diskriminierung-Rassismus-ist-in-der-Gesellschaft-verankert.jpg","contentUrl":"https:\/\/now-news.de\/de\/wp-content\/uploads\/sites\/3\/2026\/03\/Bundesbeauftragte-fuer-Diskriminierung-Rassismus-ist-in-der-Gesellschaft-verankert.jpg","width":460,"height":259,"caption":"Bundesbeauftragte f\u00fcr Diskriminierung: Rassismus ist in der Gesellschaft verankert"},{"@type":"BreadcrumbList","@id":"https:\/\/now-news.de\/de\/deutschland\/bundesbeauftragte-fuer-diskriminierung-rassismus-ist-in-der-gesellschaft-verankert\/#breadcrumb","itemListElement":[{"@type":"ListItem","position":1,"name":"Home","item":"https:\/\/now-news.de\/de\/"},{"@type":"ListItem","position":2,"name":"Bundesbeauftragte f\u00fcr Diskriminierung: Rassismus ist in der Gesellschaft verankert"}]},{"@type":"WebSite","@id":"https:\/\/now-news.de\/de\/#website","url":"https:\/\/now-news.de\/de\/","name":"just-now.NEWS Deutschland","description":"Das Portal f\u00fcr unzensierte Nachrichten aus der Welt","publisher":{"@id":"https:\/\/now-news.de\/de\/#organization"},"potentialAction":[{"@type":"SearchAction","target":{"@type":"EntryPoint","urlTemplate":"https:\/\/now-news.de\/de\/?s={search_term_string}"},"query-input":"required name=search_term_string"}],"inLanguage":"de"},{"@type":"Organization","@id":"https:\/\/now-news.de\/de\/#organization","name":"Just Now News","url":"https:\/\/now-news.de\/de\/","logo":{"@type":"ImageObject","inLanguage":"de","@id":"https:\/\/now-news.de\/de\/#\/schema\/logo\/image\/","url":"http:\/\/just-now.news\/de\/wp-content\/uploads\/sites\/3\/2022\/04\/logo500x500.jpg","contentUrl":"http:\/\/just-now.news\/de\/wp-content\/uploads\/sites\/3\/2022\/04\/logo500x500.jpg","width":500,"height":500,"caption":"Just Now News"},"image":{"@id":"https:\/\/now-news.de\/de\/#\/schema\/logo\/image\/"},"sameAs":["https:\/\/www.facebook.com\/wirmachenauf","https:\/\/x.com\/WirMachenAuf_de"]},{"@type":"Person","@id":"https:\/\/now-news.de\/de\/#\/schema\/person\/fb534a4e865501d8b3285208df34a9b5","name":"rtnews","image":{"@type":"ImageObject","inLanguage":"de","@id":"https:\/\/now-news.de\/de\/#\/schema\/person\/image\/","url":"https:\/\/secure.gravatar.com\/avatar\/82aafea7d8127119dd649515f56e2117?s=96&d=mm&r=g","contentUrl":"https:\/\/secure.gravatar.com\/avatar\/82aafea7d8127119dd649515f56e2117?s=96&d=mm&r=g","caption":"rtnews"},"url":"https:\/\/now-news.de\/de\/author\/rnews\/"}]}},"_links":{"self":[{"href":"https:\/\/now-news.de\/de\/wp-json\/wp\/v2\/posts\/100502"}],"collection":[{"href":"https:\/\/now-news.de\/de\/wp-json\/wp\/v2\/posts"}],"about":[{"href":"https:\/\/now-news.de\/de\/wp-json\/wp\/v2\/types\/post"}],"author":[{"embeddable":true,"href":"https:\/\/now-news.de\/de\/wp-json\/wp\/v2\/users\/3"}],"replies":[{"embeddable":true,"href":"https:\/\/now-news.de\/de\/wp-json\/wp\/v2\/comments?post=100502"}],"version-history":[{"count":0,"href":"https:\/\/now-news.de\/de\/wp-json\/wp\/v2\/posts\/100502\/revisions"}],"wp:featuredmedia":[{"embeddable":true,"href":"https:\/\/now-news.de\/de\/wp-json\/wp\/v2\/media\/100503"}],"wp:attachment":[{"href":"https:\/\/now-news.de\/de\/wp-json\/wp\/v2\/media?parent=100502"}],"wp:term":[{"taxonomy":"category","embeddable":true,"href":"https:\/\/now-news.de\/de\/wp-json\/wp\/v2\/categories?post=100502"},{"taxonomy":"post_tag","embeddable":true,"href":"https:\/\/now-news.de\/de\/wp-json\/wp\/v2\/tags?post=100502"}],"curies":[{"name":"wp","href":"https:\/\/api.w.org\/{rel}","templated":true}]}}