{"id":100391,"date":"2026-03-17T16:17:03","date_gmt":"2026-03-17T14:17:03","guid":{"rendered":"https:\/\/now-news.de\/de\/deutschland\/wirtschaftsforscher-sondervermoegen-wird-zu-95-prozent-zweckentfremdet\/"},"modified":"2026-03-17T16:17:03","modified_gmt":"2026-03-17T14:17:03","slug":"wirtschaftsforscher-sondervermoegen-wird-zu-95-prozent-zweckentfremdet","status":"publish","type":"post","link":"https:\/\/now-news.de\/de\/deutschland\/wirtschaftsforscher-sondervermoegen-wird-zu-95-prozent-zweckentfremdet\/","title":{"rendered":"Wirtschaftsforscher: Sonderverm\u00f6gen wird zu 95 Prozent zweckentfremdet"},"content":{"rendered":"<p><img decoding=\"async\" src=\"https:\/\/now-news.de\/de\/wp-content\/uploads\/sites\/3\/2026\/03\/69b9551648fbef090c70118a.jpg\" \/><\/p>\n<div class=\"Text-root Text-type_1 \">\n                Was Kritiker bereits vor einem Jahr und im Zuge der Diskussionen um das &#8220;Sonderverm\u00f6gen&#8221; bef\u00fcrchtet hatten, scheint eingetreten zu sein. Laut einer Studie des Ifo-Instituts hat der Bund die 2025 neu aufgenommenen Schulden nicht f\u00fcr Investitionen genutzt, sondern zu 95 Prozent zweckentfremdet.\n            <\/div>\n<p><\/p>\n<div class=\"Text-root Text-type_5 ArticleView-text ViewText-root \">\n<p>Vor einem Jahr hat der Bundestag das &#8220;Sonderverm\u00f6gens f\u00fcr Infrastruktur und Klimaneutralit\u00e4t&#8221; (SVIK) verabschiedet. Die zus\u00e4tzlichen Schulden in einer Gesamth\u00f6he von 500 Milliarden Euro sollen \u00fcber zw\u00f6lf Jahre Investitionen in die Infrastruktur des Landes erm\u00f6glichen. Nun haben gleich zwei Wirtschaftsforschungsinstitute der Bundesregierung eine negative Zwischenbilanz ausgestellt:\u00a0Von den\u00a02025 neu aufgenommenen Schulden seien zwischen 86 Prozent, so das K\u00f6lner Institut der deutschen Wirtschaft (IW), und 95 Prozent, wie das M\u00fcnchner Ifo-Institut meint,\u00a0zweckentfremdet worden.<\/p>\n<p><strong><\/strong><\/p>\n<p><strong>Schlechtes Zeugnis<\/strong><\/p>\n<p>Zun\u00e4chst hatte die <em>Zeit<\/em> vom Verplempern der Milliarden geschrieben, die <em>Welt<\/em> spricht vom &#8220;Versickern&#8221;, die <em>Deutschen Wirtschaftsnachrichten<\/em> (<em>DWN<\/em>) von &#8220;Missbrauch&#8221;. Das Ifo-Institut hatte in seinem &#8220;Monitoring der Investitionen des Bundes&#8221; danach gefragt, ob die zus\u00e4tzlichen Schulden auch f\u00fcr zus\u00e4tzliche Investitionen verwendet wurden. In der Zusammenfassung ihrer 14 Seiten langen Studie <a rel=\"nofollow\" target=\"_blank\" href=\"https:\/\/www.ifo.de\/DocDL\/sd-digital-2026-04-hoeslinger-lay-investitionsmonitoring-bund.pdf\" target=\"_blank\" rel=\"noopener noreferrer\">schreiben<\/a> die M\u00fcnchner Wirtschaftswissenschafter:<\/p>\n<blockquote>\n<p><em>&#8220;Im Jahr 2025 wurden nach unseren Berechnungen mindestens drei Viertel der aufgenommenen Kredite zweckentfremdet. In den kommenden Jahren k\u00f6nnte die Zweckentfremdung geringer ausfallen, wenn die Bundesregierung ihrer mittelfristigen Finanzplanung folgt.&#8221;<\/em><\/p>\n<\/blockquote>\n<p><strong><\/strong><\/p>\n<p><strong>Verschiebebahnhof<\/strong><\/p>\n<p>Doch dem erkl\u00e4rten Ziel, mithilfe der zus\u00e4tzlichen Investitionen in die \u00f6ffentliche Infrastruktur, &#8220;die Wachstumsaussichten und die Standortattraktivit\u00e4t Deutschlands wieder zu verbessern&#8221;, sei man 2025 nicht n\u00e4her gekommen. Die <em>Zeit<\/em> zitiert zur Zweckentfremdung des &#8220;Sonderverm\u00f6gens&#8221; die Ifo-Forscherin Emilie H\u00f6slinger mit folgener Aussage:<\/p>\n<blockquote>\n<p><em>&#8220;Es wurde \u00fcber Umwege zweckentfremdet.&#8221;<\/em><\/p>\n<\/blockquote>\n<p>Der\u00a0Veschiebebahnhof f\u00fcr die neuen Schulden lie\u00dfe sich beispielsweise am Thema Breitbandausbau und leistungsf\u00e4hige digitale Netze demonstrieren.<\/p>\n<p>Zwar w\u00fcrde Berlin diese Verschiebungen damit rechtfertigen, dass &#8220;Investitionen f\u00fcr bestimmte Zwecke an einer Stelle&#8221; geb\u00fcndelt werden m\u00fcssten, und insgesamt seien die Mittel f\u00fcr die Bereich Verkehr und Breitbandausbau gestiegen. Doch unterm Strich seien die neuen Schulden &#8220;kaum f\u00fcr neue Investitionen&#8221; verwendet worden.<\/p>\n<p>Die <em>Berliner Zeitung<\/em>\u00a0(<em>BLZ<\/em>) zitiert Ifo-Chef Clemens Fuest mit einem vernichtenden Urteil:<\/p>\n<blockquote>\n<p><em>&#8220;Wir haben festgestellt, dass die Politik die schuldenfinanzierten Mittel nahezu vollst\u00e4ndig f\u00fcr andere Zwecke, also zum Stopfen von Haushaltsl\u00f6chern, genutzt hat.&#8221;<\/em><\/p>\n<\/blockquote>\n<p><strong><\/strong><\/p>\n<p><strong>Steigende Schulden<\/strong><\/p>\n<p>Wie die Untersuchung der M\u00fcnchner zeigt, sei im vergangenen Jahr zwar die Schuldenaufnahme im Rahmen den SVIK um 24,3 Milliarden Euro erh\u00f6ht worden. Doch die tats\u00e4chlich get\u00e4tigten Investitionen des Bundes h\u00e4tten nur um 1,3 Milliarden Euro \u00fcber denen des Vergleichsjahres 2024 gelegen. 23 Milliarden Euro der zus\u00e4tzlichen Schulden seien mithin nicht in zus\u00e4tzliche Investitionen geflossen.<\/p>\n<p>Wie es genau zu den Verschiebungen im Bundeshaushalt kam, erl\u00e4uterte H\u00f6slinger laut <em>BLZ<\/em> folgenderma\u00dfen:<\/p>\n<blockquote>\n<p><em>&#8220;Es kam zu Verschiebungen einzelner Posten vom Kernhaushalt in das kreditfinanzierte SVIK. Dazu geh\u00f6ren insbesondere Zusch\u00fcsse im Verkehrsbereich, weshalb im Kernhaushalt weniger investiert wurde als in den Vorjahren. Ein gro\u00dfer Teil der Investitionen im Sonderverm\u00f6gen ist deshalb nicht zus\u00e4tzlich.&#8221;<\/em><\/p>\n<\/blockquote>\n<p>Damit haben sich Bef\u00fcrchtungen bewahrheitet, die, wie die <em>Zeit<\/em> schreibt, bereits im letzten Jahr mit Blick auf die Haushaltspl\u00e4ne vom Sachverst\u00e4ndigenrat zur Begutachtung der gesamtwirtschaftlichen Lage und vom Bundesrechnungshof erhoben worden waren. Der Sachverst\u00e4dnigenrat hatte im November 2025 gewarnt, die mit dem &#8220;Sonderverm\u00f6gen&#8221; geplanten Ausgaben w\u00fcrden nicht einmal zur H\u00e4lfte als Investitionen gelten k\u00f6nnen. Daher sei allenfalls mit einer schwachen positiven Wirkung auf das Bruttoinlandsprodukt zu rechnen. Auch die Bundesbank habe gewarnt, ein gro\u00dfer Teil des &#8220;Sonderverm\u00f6gens&#8221; werde f\u00fcr andere Zwecke verwendet. Die Fachkeute der Bundebank gehen davon aus, dass Investitionen des Bundes in die Infrastruktur 2025 sogar gesunken sind.<\/p>\n<p><strong><\/strong><\/p>\n<p><strong>Vergleichbar schlechtes Zeugnis aus K\u00f6ln<\/strong><\/p>\n<p>Nach Berechnungen des K\u00f6lner IW beliefen sich die tats\u00e4chlichen Investitionen des Bundes 2025 auf 71 Milliarden Euro, wie das <em>Handelsblatt<\/em> berichtet. Darin sind die Betr\u00e4ge aus dem SVIK bereits eingerechnet. Tobias Hentze, Forscher am Institut der deutschen Wirtschaft, spricht denn auch von &#8220;Ern\u00fcchterung&#8221;. Die Gesamtsumme entspreche, um finanzielle Transaktinen bereinigt, nur einem Anstieg um zwei Milliarden Euro im Vergleich zu 2024: &#8220;Gerade genug, um die Inflation auszugleichen&#8221;, so das IW.<\/p>\n<p>Hinzu komme, dass weitere zw\u00f6lf Milliarden Euro aus dem &#8220;Sonderverm\u00f6gen&#8221; Ausgaben ersetzt h\u00e4tten, die bislang aus dem Kernhaushalt finanziert worden seien, moniert Hentze trocken: &#8220;Stichwort Verschiebebahnhof&#8221;.<\/p>\n<p>Der Bund habe beispielsweise sogenannte &#8220;Sofort-Transformationskosten&#8221; f\u00fcr Krankenh\u00e4user zu den Investitionen aus dem SVIK gerechnet. Tats\u00e4chlich seien diese Gelder daf\u00fcr bestimmt gewesen, laufende Betriebskosten zu decken. Zudem habe der Bund geplant, 19 Milliarden Euro aus dem &#8220;Sonderverm\u00f6gen&#8221; f\u00fcr 2025 auszugeben. Tats\u00e4chlich seien aber &#8220;nur drei von vier geplanten Euro&#8221; abgeflossen.<\/p>\n<p><strong><\/strong><\/p>\n<p><strong>Selbstverschuldete b\u00fcrokratische Hindernisse<\/strong><\/p>\n<p>Selbst beim Thema Klimaschutz, das auch von der schwarz-roten Bundesregierung allenthalben bem\u00fcht wird, l\u00e4gen die tats\u00e4chlichen Investitionen laut IW hinter den Planungen zur\u00fcck. Vorgesehen waren zehn Milliarden Euro f\u00fcr den Klima- und Transformationsfonds (KTF), au\u00dferdem 8,3 Milliarden Euro in diesem Bereich f\u00fcr die Bundesl\u00e4nder. Tats\u00e4chlich h\u00e4tten die Investitionen im Bereich des KTF 2025 um 83, Milliarden Euro unter den Planungen gelegen \u2013 und damit sogar noch unter der Marke von 2024. Der Grund: Die KTF-Mittel k\u00f6nnten aus b\u00fcrokratischen Gr\u00fcnden erst 2026 flie\u00dfen. Insgesamt, so das <em>Handelsblatt<\/em> unter Berufung auf das IW, habe die Bundesregierung im letzten Jahr lediglich 42 Prozent der SVIK-Mittel abgerufen.<\/p>\n<p>Und so h\u00e4tten die K\u00f6lner Wirtschaftsexperten kritisiert, dass Berlin &#8220;auch im Kernhaushalt&#8221; im letzten Jahr &#8220;ihre eigenen Vorgaben&#8221; verfehlt habe. Eigentlich m\u00fcsse der Bund zehn Prozent seiner regul\u00e4ren Ausgaben in Investitionen stecken, um auf das SVIK zugreifen zu k\u00f6nnen. Zwar h\u00e4tten die Planzahlen diese Marke gerade noch erreicht, doch die tats\u00e4chliche Quote habe nur bei 8,7 Prozent gelegen. Mit Konsequenzen m\u00fcsse Berlin dennoch nicht rechnen, da es allein auf diue Haushaltsplanung, aber nicht auf die tats\u00e4chlichen Ausgaben ankomme. Dazu das IW:<\/p>\n<blockquote>\n<p><em>&#8220;Damit fehlt ein wirksamer Kontrollmechanismus \u2013 ein struktureller Geburtsfehler.&#8221;<\/em><\/p>\n<\/blockquote>\n<p>Zudem ermahnen die K\u00f6lner Wirtschaftsforscher die Bundesregierung, im laufenden Jahr das gegebene Versprechen der &#8220;Zus\u00e4tzlichkeit&#8221; zu erf\u00fcllen, sowohl hinsichtlich Infrastruktur als auch &#8220;Klimaneutralit\u00e4t&#8221;, doch daf\u00fcr m\u00fcssten die Verfahren in der \u00f6ffentlichen Verwaltung beschleunigt werden.<\/p>\n<p>Und Max Lay, Co-Autor des Ifo-Papiers, gibt Berlin folgenden Rat mit auf den Weg:<\/p>\n<blockquote>\n<p><em>&#8220;Die Bundesregierung hat in Zukunft die M\u00f6glichkeit, die Quote der Zweckentfremdung zu senken.&#8221;<\/em><\/p>\n<\/blockquote>\n<p>Allerdings m\u00fcssten zu diesem Zweck die Investitionen im Kernhaushalt erh\u00f6ht werden.<\/p>\n<p><strong>Mehr zum Thema &#8211;<\/strong>\u00a0<a rel=\"nofollow\" target=\"_blank\" href=\"https:\/\/freedert.online\/meinung\/270945-wofuer-arbeiten-deutschen-wie-bevoelkerung-belogen-betrogen-wird\/\" target=\"_blank\" rel=\"noopener noreferrer\">Wof\u00fcr arbeiten die Deutschen? Wie die Bev\u00f6lkerung belogen und betrogen wird<\/a><\/p>\n<div class=\"EmbedBlock-root EmbedBlock-externalVideo EmbedBlock-rumble\">\n<div class=\"VkEmbed\"><iframe class=\"lazyload\" data-src=\"https:\/\/rumble.com\/embed\/v71fhm6\" frameborder=\"0\" width=\"853\" height=\"480\" allowfullscreen><\/iframe><\/div>\n<\/div>\n<\/div>\n<p><br \/>\n<br \/><a href=\"https:\/\/de.rt.com\/wirtschaft\/273676-wirtschaftsforscher-sondervermoegen-von-2025-wird\/\">Source link <\/a><\/p>\n","protected":false},"excerpt":{"rendered":"<p>Was Kritiker bereits vor einem Jahr und im Zuge der Diskussionen um das &#8220;Sonderverm\u00f6gen&#8221; bef\u00fcrchtet hatten, scheint eingetreten zu sein. Laut einer Studie des Ifo-Instituts hat der Bund die 2025 neu aufgenommenen Schulden nicht f\u00fcr Investitionen genutzt, sondern zu 95 Prozent zweckentfremdet. Vor einem Jahr hat der Bundestag das &#8220;Sonderverm\u00f6gens f\u00fcr Infrastruktur und Klimaneutralit\u00e4t&#8221; (SVIK) [&hellip;]<\/p>\n","protected":false},"author":3,"featured_media":100392,"comment_status":"open","ping_status":"open","sticky":false,"template":"","format":"standard","meta":{"_yoast_indexnow_last_ping":["1773759175"],"wp_automatic_camp":["217"],"d36fa7f39b0f6b2b98309e9ab8200ab1":["Wirtschaftsforscher: Sonderverm\u00f6gen wird zu 95 Prozent zweckentfremdet"],"original_link":["https:\/\/de.rt.com\/wirtschaft\/273676-wirtschaftsforscher-sondervermoegen-von-2025-wird\/"],"_thumbnail_id":["100392"],"jnews_social_counter_last_update":["1777173033"],"_wptgpro_p2tg_sent2tg":["a:1:{i:23737;s:19:\"2026-03-17 16:54:17\";}"]},"categories":[19,23],"tags":[1429,12291,374,66905,71816],"yoast_head":"<!-- This site is optimized with the Yoast SEO Premium plugin v22.7 (Yoast SEO v22.7) - https:\/\/yoast.com\/wordpress\/plugins\/seo\/ -->\n<title>Wirtschaftsforscher: Sonderverm\u00f6gen wird zu 95 Prozent zweckentfremdet - just-now.NEWS Deutschland<\/title>\n<meta name=\"robots\" content=\"index, follow, max-snippet:-1, max-image-preview:large, max-video-preview:-1\" \/>\n<link rel=\"canonical\" href=\"https:\/\/now-news.de\/de\/deutschland\/wirtschaftsforscher-sondervermoegen-wird-zu-95-prozent-zweckentfremdet\/\" \/>\n<meta property=\"og:locale\" content=\"de_DE\" \/>\n<meta property=\"og:type\" content=\"article\" \/>\n<meta property=\"og:title\" content=\"Wirtschaftsforscher: Sonderverm\u00f6gen wird zu 95 Prozent zweckentfremdet\" \/>\n<meta property=\"og:description\" content=\"Was Kritiker bereits vor einem Jahr und im Zuge der Diskussionen um das &#8220;Sonderverm\u00f6gen&#8221; bef\u00fcrchtet hatten, scheint eingetreten zu sein. Laut einer Studie des Ifo-Instituts hat der Bund die 2025 neu aufgenommenen Schulden nicht f\u00fcr Investitionen genutzt, sondern zu 95 Prozent zweckentfremdet. Vor einem Jahr hat der Bundestag das &#8220;Sonderverm\u00f6gens f\u00fcr Infrastruktur und Klimaneutralit\u00e4t&#8221; (SVIK) [&hellip;]\" \/>\n<meta property=\"og:url\" content=\"https:\/\/now-news.de\/de\/deutschland\/wirtschaftsforscher-sondervermoegen-wird-zu-95-prozent-zweckentfremdet\/\" \/>\n<meta property=\"og:site_name\" content=\"just-now.NEWS Deutschland\" \/>\n<meta property=\"article:publisher\" content=\"https:\/\/www.facebook.com\/wirmachenauf\" \/>\n<meta property=\"article:published_time\" content=\"2026-03-17T14:17:03+00:00\" \/>\n<meta property=\"og:image\" content=\"https:\/\/now-news.de\/de\/wp-content\/uploads\/sites\/3\/2026\/03\/69b9551648fbef090c70118a.jpg\" \/>\n<meta name=\"author\" content=\"rtnews\" \/>\n<meta name=\"twitter:card\" content=\"summary_large_image\" \/>\n<meta name=\"twitter:creator\" content=\"@WirMachenAuf_de\" \/>\n<meta name=\"twitter:site\" content=\"@WirMachenAuf_de\" \/>\n<meta name=\"twitter:label1\" content=\"Verfasst von\" \/>\n\t<meta name=\"twitter:data1\" content=\"rtnews\" \/>\n\t<meta name=\"twitter:label2\" content=\"Gesch\u00e4tzte Lesezeit\" \/>\n\t<meta name=\"twitter:data2\" content=\"5\u00a0Minuten\" \/>\n<script type=\"application\/ld+json\" class=\"yoast-schema-graph\">{\"@context\":\"https:\/\/schema.org\",\"@graph\":[{\"@type\":\"Article\",\"@id\":\"https:\/\/now-news.de\/de\/deutschland\/wirtschaftsforscher-sondervermoegen-wird-zu-95-prozent-zweckentfremdet\/#article\",\"isPartOf\":{\"@id\":\"https:\/\/now-news.de\/de\/deutschland\/wirtschaftsforscher-sondervermoegen-wird-zu-95-prozent-zweckentfremdet\/\"},\"author\":{\"name\":\"rtnews\",\"@id\":\"https:\/\/now-news.de\/de\/#\/schema\/person\/fb534a4e865501d8b3285208df34a9b5\"},\"headline\":\"Wirtschaftsforscher: Sonderverm\u00f6gen wird zu 95 Prozent zweckentfremdet\",\"datePublished\":\"2026-03-17T14:17:03+00:00\",\"dateModified\":\"2026-03-17T14:17:03+00:00\",\"mainEntityOfPage\":{\"@id\":\"https:\/\/now-news.de\/de\/deutschland\/wirtschaftsforscher-sondervermoegen-wird-zu-95-prozent-zweckentfremdet\/\"},\"wordCount\":1079,\"commentCount\":0,\"publisher\":{\"@id\":\"https:\/\/now-news.de\/de\/#organization\"},\"image\":{\"@id\":\"https:\/\/now-news.de\/de\/deutschland\/wirtschaftsforscher-sondervermoegen-wird-zu-95-prozent-zweckentfremdet\/#primaryimage\"},\"thumbnailUrl\":\"https:\/\/now-news.de\/de\/wp-content\/uploads\/sites\/3\/2026\/03\/Wirtschaftsforscher-Sondervermoegen-wird-zu-95-Prozent-zweckentfremdet.jpg\",\"keywords\":[\"Prozent\",\"Sonderverm\u00f6gen\",\"wird\",\"Wirtschaftsforscher\",\"zweckentfremdet\"],\"articleSection\":[\"Deutschland\",\"Russland\"],\"inLanguage\":\"de\",\"potentialAction\":[{\"@type\":\"CommentAction\",\"name\":\"Comment\",\"target\":[\"https:\/\/now-news.de\/de\/deutschland\/wirtschaftsforscher-sondervermoegen-wird-zu-95-prozent-zweckentfremdet\/#respond\"]}]},{\"@type\":\"WebPage\",\"@id\":\"https:\/\/now-news.de\/de\/deutschland\/wirtschaftsforscher-sondervermoegen-wird-zu-95-prozent-zweckentfremdet\/\",\"url\":\"https:\/\/now-news.de\/de\/deutschland\/wirtschaftsforscher-sondervermoegen-wird-zu-95-prozent-zweckentfremdet\/\",\"name\":\"Wirtschaftsforscher: Sonderverm\u00f6gen wird zu 95 Prozent zweckentfremdet - just-now.NEWS Deutschland\",\"isPartOf\":{\"@id\":\"https:\/\/now-news.de\/de\/#website\"},\"primaryImageOfPage\":{\"@id\":\"https:\/\/now-news.de\/de\/deutschland\/wirtschaftsforscher-sondervermoegen-wird-zu-95-prozent-zweckentfremdet\/#primaryimage\"},\"image\":{\"@id\":\"https:\/\/now-news.de\/de\/deutschland\/wirtschaftsforscher-sondervermoegen-wird-zu-95-prozent-zweckentfremdet\/#primaryimage\"},\"thumbnailUrl\":\"https:\/\/now-news.de\/de\/wp-content\/uploads\/sites\/3\/2026\/03\/Wirtschaftsforscher-Sondervermoegen-wird-zu-95-Prozent-zweckentfremdet.jpg\",\"datePublished\":\"2026-03-17T14:17:03+00:00\",\"dateModified\":\"2026-03-17T14:17:03+00:00\",\"breadcrumb\":{\"@id\":\"https:\/\/now-news.de\/de\/deutschland\/wirtschaftsforscher-sondervermoegen-wird-zu-95-prozent-zweckentfremdet\/#breadcrumb\"},\"inLanguage\":\"de\",\"potentialAction\":[{\"@type\":\"ReadAction\",\"target\":[\"https:\/\/now-news.de\/de\/deutschland\/wirtschaftsforscher-sondervermoegen-wird-zu-95-prozent-zweckentfremdet\/\"]}]},{\"@type\":\"ImageObject\",\"inLanguage\":\"de\",\"@id\":\"https:\/\/now-news.de\/de\/deutschland\/wirtschaftsforscher-sondervermoegen-wird-zu-95-prozent-zweckentfremdet\/#primaryimage\",\"url\":\"https:\/\/now-news.de\/de\/wp-content\/uploads\/sites\/3\/2026\/03\/Wirtschaftsforscher-Sondervermoegen-wird-zu-95-Prozent-zweckentfremdet.jpg\",\"contentUrl\":\"https:\/\/now-news.de\/de\/wp-content\/uploads\/sites\/3\/2026\/03\/Wirtschaftsforscher-Sondervermoegen-wird-zu-95-Prozent-zweckentfremdet.jpg\",\"width\":460,\"height\":259,\"caption\":\"Wirtschaftsforscher: Sonderverm\u00f6gen wird zu 95 Prozent zweckentfremdet\"},{\"@type\":\"BreadcrumbList\",\"@id\":\"https:\/\/now-news.de\/de\/deutschland\/wirtschaftsforscher-sondervermoegen-wird-zu-95-prozent-zweckentfremdet\/#breadcrumb\",\"itemListElement\":[{\"@type\":\"ListItem\",\"position\":1,\"name\":\"Home\",\"item\":\"https:\/\/now-news.de\/de\/\"},{\"@type\":\"ListItem\",\"position\":2,\"name\":\"Wirtschaftsforscher: Sonderverm\u00f6gen wird zu 95 Prozent zweckentfremdet\"}]},{\"@type\":\"WebSite\",\"@id\":\"https:\/\/now-news.de\/de\/#website\",\"url\":\"https:\/\/now-news.de\/de\/\",\"name\":\"just-now.NEWS Deutschland\",\"description\":\"Das Portal f\u00fcr unzensierte Nachrichten aus der Welt\",\"publisher\":{\"@id\":\"https:\/\/now-news.de\/de\/#organization\"},\"potentialAction\":[{\"@type\":\"SearchAction\",\"target\":{\"@type\":\"EntryPoint\",\"urlTemplate\":\"https:\/\/now-news.de\/de\/?s={search_term_string}\"},\"query-input\":\"required name=search_term_string\"}],\"inLanguage\":\"de\"},{\"@type\":\"Organization\",\"@id\":\"https:\/\/now-news.de\/de\/#organization\",\"name\":\"Just Now News\",\"url\":\"https:\/\/now-news.de\/de\/\",\"logo\":{\"@type\":\"ImageObject\",\"inLanguage\":\"de\",\"@id\":\"https:\/\/now-news.de\/de\/#\/schema\/logo\/image\/\",\"url\":\"http:\/\/just-now.news\/de\/wp-content\/uploads\/sites\/3\/2022\/04\/logo500x500.jpg\",\"contentUrl\":\"http:\/\/just-now.news\/de\/wp-content\/uploads\/sites\/3\/2022\/04\/logo500x500.jpg\",\"width\":500,\"height\":500,\"caption\":\"Just Now News\"},\"image\":{\"@id\":\"https:\/\/now-news.de\/de\/#\/schema\/logo\/image\/\"},\"sameAs\":[\"https:\/\/www.facebook.com\/wirmachenauf\",\"https:\/\/x.com\/WirMachenAuf_de\"]},{\"@type\":\"Person\",\"@id\":\"https:\/\/now-news.de\/de\/#\/schema\/person\/fb534a4e865501d8b3285208df34a9b5\",\"name\":\"rtnews\",\"image\":{\"@type\":\"ImageObject\",\"inLanguage\":\"de\",\"@id\":\"https:\/\/now-news.de\/de\/#\/schema\/person\/image\/\",\"url\":\"https:\/\/secure.gravatar.com\/avatar\/82aafea7d8127119dd649515f56e2117?s=96&d=mm&r=g\",\"contentUrl\":\"https:\/\/secure.gravatar.com\/avatar\/82aafea7d8127119dd649515f56e2117?s=96&d=mm&r=g\",\"caption\":\"rtnews\"},\"url\":\"https:\/\/now-news.de\/de\/author\/rnews\/\"}]}<\/script>\n<!-- \/ Yoast SEO Premium plugin. -->","yoast_head_json":{"title":"Wirtschaftsforscher: Sonderverm\u00f6gen wird zu 95 Prozent zweckentfremdet - just-now.NEWS Deutschland","robots":{"index":"index","follow":"follow","max-snippet":"max-snippet:-1","max-image-preview":"max-image-preview:large","max-video-preview":"max-video-preview:-1"},"canonical":"https:\/\/now-news.de\/de\/deutschland\/wirtschaftsforscher-sondervermoegen-wird-zu-95-prozent-zweckentfremdet\/","og_locale":"de_DE","og_type":"article","og_title":"Wirtschaftsforscher: Sonderverm\u00f6gen wird zu 95 Prozent zweckentfremdet","og_description":"Was Kritiker bereits vor einem Jahr und im Zuge der Diskussionen um das &#8220;Sonderverm\u00f6gen&#8221; bef\u00fcrchtet hatten, scheint eingetreten zu sein. Laut einer Studie des Ifo-Instituts hat der Bund die 2025 neu aufgenommenen Schulden nicht f\u00fcr Investitionen genutzt, sondern zu 95 Prozent zweckentfremdet. Vor einem Jahr hat der Bundestag das &#8220;Sonderverm\u00f6gens f\u00fcr Infrastruktur und Klimaneutralit\u00e4t&#8221; (SVIK) [&hellip;]","og_url":"https:\/\/now-news.de\/de\/deutschland\/wirtschaftsforscher-sondervermoegen-wird-zu-95-prozent-zweckentfremdet\/","og_site_name":"just-now.NEWS Deutschland","article_publisher":"https:\/\/www.facebook.com\/wirmachenauf","article_published_time":"2026-03-17T14:17:03+00:00","og_image":[{"url":"https:\/\/now-news.de\/de\/wp-content\/uploads\/sites\/3\/2026\/03\/69b9551648fbef090c70118a.jpg"}],"author":"rtnews","twitter_card":"summary_large_image","twitter_creator":"@WirMachenAuf_de","twitter_site":"@WirMachenAuf_de","twitter_misc":{"Verfasst von":"rtnews","Gesch\u00e4tzte Lesezeit":"5\u00a0Minuten"},"schema":{"@context":"https:\/\/schema.org","@graph":[{"@type":"Article","@id":"https:\/\/now-news.de\/de\/deutschland\/wirtschaftsforscher-sondervermoegen-wird-zu-95-prozent-zweckentfremdet\/#article","isPartOf":{"@id":"https:\/\/now-news.de\/de\/deutschland\/wirtschaftsforscher-sondervermoegen-wird-zu-95-prozent-zweckentfremdet\/"},"author":{"name":"rtnews","@id":"https:\/\/now-news.de\/de\/#\/schema\/person\/fb534a4e865501d8b3285208df34a9b5"},"headline":"Wirtschaftsforscher: Sonderverm\u00f6gen wird zu 95 Prozent zweckentfremdet","datePublished":"2026-03-17T14:17:03+00:00","dateModified":"2026-03-17T14:17:03+00:00","mainEntityOfPage":{"@id":"https:\/\/now-news.de\/de\/deutschland\/wirtschaftsforscher-sondervermoegen-wird-zu-95-prozent-zweckentfremdet\/"},"wordCount":1079,"commentCount":0,"publisher":{"@id":"https:\/\/now-news.de\/de\/#organization"},"image":{"@id":"https:\/\/now-news.de\/de\/deutschland\/wirtschaftsforscher-sondervermoegen-wird-zu-95-prozent-zweckentfremdet\/#primaryimage"},"thumbnailUrl":"https:\/\/now-news.de\/de\/wp-content\/uploads\/sites\/3\/2026\/03\/Wirtschaftsforscher-Sondervermoegen-wird-zu-95-Prozent-zweckentfremdet.jpg","keywords":["Prozent","Sonderverm\u00f6gen","wird","Wirtschaftsforscher","zweckentfremdet"],"articleSection":["Deutschland","Russland"],"inLanguage":"de","potentialAction":[{"@type":"CommentAction","name":"Comment","target":["https:\/\/now-news.de\/de\/deutschland\/wirtschaftsforscher-sondervermoegen-wird-zu-95-prozent-zweckentfremdet\/#respond"]}]},{"@type":"WebPage","@id":"https:\/\/now-news.de\/de\/deutschland\/wirtschaftsforscher-sondervermoegen-wird-zu-95-prozent-zweckentfremdet\/","url":"https:\/\/now-news.de\/de\/deutschland\/wirtschaftsforscher-sondervermoegen-wird-zu-95-prozent-zweckentfremdet\/","name":"Wirtschaftsforscher: Sonderverm\u00f6gen wird zu 95 Prozent zweckentfremdet - just-now.NEWS Deutschland","isPartOf":{"@id":"https:\/\/now-news.de\/de\/#website"},"primaryImageOfPage":{"@id":"https:\/\/now-news.de\/de\/deutschland\/wirtschaftsforscher-sondervermoegen-wird-zu-95-prozent-zweckentfremdet\/#primaryimage"},"image":{"@id":"https:\/\/now-news.de\/de\/deutschland\/wirtschaftsforscher-sondervermoegen-wird-zu-95-prozent-zweckentfremdet\/#primaryimage"},"thumbnailUrl":"https:\/\/now-news.de\/de\/wp-content\/uploads\/sites\/3\/2026\/03\/Wirtschaftsforscher-Sondervermoegen-wird-zu-95-Prozent-zweckentfremdet.jpg","datePublished":"2026-03-17T14:17:03+00:00","dateModified":"2026-03-17T14:17:03+00:00","breadcrumb":{"@id":"https:\/\/now-news.de\/de\/deutschland\/wirtschaftsforscher-sondervermoegen-wird-zu-95-prozent-zweckentfremdet\/#breadcrumb"},"inLanguage":"de","potentialAction":[{"@type":"ReadAction","target":["https:\/\/now-news.de\/de\/deutschland\/wirtschaftsforscher-sondervermoegen-wird-zu-95-prozent-zweckentfremdet\/"]}]},{"@type":"ImageObject","inLanguage":"de","@id":"https:\/\/now-news.de\/de\/deutschland\/wirtschaftsforscher-sondervermoegen-wird-zu-95-prozent-zweckentfremdet\/#primaryimage","url":"https:\/\/now-news.de\/de\/wp-content\/uploads\/sites\/3\/2026\/03\/Wirtschaftsforscher-Sondervermoegen-wird-zu-95-Prozent-zweckentfremdet.jpg","contentUrl":"https:\/\/now-news.de\/de\/wp-content\/uploads\/sites\/3\/2026\/03\/Wirtschaftsforscher-Sondervermoegen-wird-zu-95-Prozent-zweckentfremdet.jpg","width":460,"height":259,"caption":"Wirtschaftsforscher: Sonderverm\u00f6gen wird zu 95 Prozent zweckentfremdet"},{"@type":"BreadcrumbList","@id":"https:\/\/now-news.de\/de\/deutschland\/wirtschaftsforscher-sondervermoegen-wird-zu-95-prozent-zweckentfremdet\/#breadcrumb","itemListElement":[{"@type":"ListItem","position":1,"name":"Home","item":"https:\/\/now-news.de\/de\/"},{"@type":"ListItem","position":2,"name":"Wirtschaftsforscher: Sonderverm\u00f6gen wird zu 95 Prozent zweckentfremdet"}]},{"@type":"WebSite","@id":"https:\/\/now-news.de\/de\/#website","url":"https:\/\/now-news.de\/de\/","name":"just-now.NEWS Deutschland","description":"Das Portal f\u00fcr unzensierte Nachrichten aus der Welt","publisher":{"@id":"https:\/\/now-news.de\/de\/#organization"},"potentialAction":[{"@type":"SearchAction","target":{"@type":"EntryPoint","urlTemplate":"https:\/\/now-news.de\/de\/?s={search_term_string}"},"query-input":"required name=search_term_string"}],"inLanguage":"de"},{"@type":"Organization","@id":"https:\/\/now-news.de\/de\/#organization","name":"Just Now News","url":"https:\/\/now-news.de\/de\/","logo":{"@type":"ImageObject","inLanguage":"de","@id":"https:\/\/now-news.de\/de\/#\/schema\/logo\/image\/","url":"http:\/\/just-now.news\/de\/wp-content\/uploads\/sites\/3\/2022\/04\/logo500x500.jpg","contentUrl":"http:\/\/just-now.news\/de\/wp-content\/uploads\/sites\/3\/2022\/04\/logo500x500.jpg","width":500,"height":500,"caption":"Just Now News"},"image":{"@id":"https:\/\/now-news.de\/de\/#\/schema\/logo\/image\/"},"sameAs":["https:\/\/www.facebook.com\/wirmachenauf","https:\/\/x.com\/WirMachenAuf_de"]},{"@type":"Person","@id":"https:\/\/now-news.de\/de\/#\/schema\/person\/fb534a4e865501d8b3285208df34a9b5","name":"rtnews","image":{"@type":"ImageObject","inLanguage":"de","@id":"https:\/\/now-news.de\/de\/#\/schema\/person\/image\/","url":"https:\/\/secure.gravatar.com\/avatar\/82aafea7d8127119dd649515f56e2117?s=96&d=mm&r=g","contentUrl":"https:\/\/secure.gravatar.com\/avatar\/82aafea7d8127119dd649515f56e2117?s=96&d=mm&r=g","caption":"rtnews"},"url":"https:\/\/now-news.de\/de\/author\/rnews\/"}]}},"_links":{"self":[{"href":"https:\/\/now-news.de\/de\/wp-json\/wp\/v2\/posts\/100391"}],"collection":[{"href":"https:\/\/now-news.de\/de\/wp-json\/wp\/v2\/posts"}],"about":[{"href":"https:\/\/now-news.de\/de\/wp-json\/wp\/v2\/types\/post"}],"author":[{"embeddable":true,"href":"https:\/\/now-news.de\/de\/wp-json\/wp\/v2\/users\/3"}],"replies":[{"embeddable":true,"href":"https:\/\/now-news.de\/de\/wp-json\/wp\/v2\/comments?post=100391"}],"version-history":[{"count":0,"href":"https:\/\/now-news.de\/de\/wp-json\/wp\/v2\/posts\/100391\/revisions"}],"wp:featuredmedia":[{"embeddable":true,"href":"https:\/\/now-news.de\/de\/wp-json\/wp\/v2\/media\/100392"}],"wp:attachment":[{"href":"https:\/\/now-news.de\/de\/wp-json\/wp\/v2\/media?parent=100391"}],"wp:term":[{"taxonomy":"category","embeddable":true,"href":"https:\/\/now-news.de\/de\/wp-json\/wp\/v2\/categories?post=100391"},{"taxonomy":"post_tag","embeddable":true,"href":"https:\/\/now-news.de\/de\/wp-json\/wp\/v2\/tags?post=100391"}],"curies":[{"name":"wp","href":"https:\/\/api.w.org\/{rel}","templated":true}]}}